{"id":72650,"date":"2023-12-19T05:50:00","date_gmt":"2023-12-19T03:50:00","guid":{"rendered":"https:\/\/buletin.de\/bucuresti\/?p=72650"},"modified":"2023-12-18T18:51:07","modified_gmt":"2023-12-18T16:51:07","slug":"toti-elevii-majori-din-capitala-au-completat-chestionarele-antidrog-rezultatele-intarzie-sa-apara","status":"publish","type":"post","link":"https:\/\/buletin.de\/bucuresti\/toti-elevii-majori-din-capitala-au-completat-chestionarele-antidrog-rezultatele-intarzie-sa-apara\/","title":{"rendered":"To\u0163i elevii majori din Capital\u0103 au completat chestionarele antidrog. Rezultatele \u00eent\u00e2rzie s\u0103 apar\u0103"},"content":{"rendered":"\n<p><strong>To\u0163i elevii majori din Bucure\u015fti &#8211; aproximativ 21.000 de liceeni de peste 18 ani &#8211; au completat deja notoriile chestionare antidrog. \u00cens\u0103, deocamdat\u0103, r\u0103spunsurile nu au fost centralizate. Datele urmeaz\u0103 a fi str\u00e2nse \u015fi puse \u00een context la Prefectur\u0103, dar dureaz\u0103, pentru c\u0103 este o \u201eactivitate laborioas\u0103<strong>\u201d<\/strong>. \u00cen paralel, anun\u0163\u0103 prefectul Rare\u015f Hopinc\u0103, a fost semnat un acord-cadru cu institu\u0163iile abilitate pentru a preveni consumul de droguri \u00een r\u00e2ndul tinerilor. <\/strong><\/p>\n\n\n\n<p>Consultarea public\u0103 privind consumul de droguri continu\u0103 \u00een r\u00e2ndul p\u0103rin\u021bilor bucure\u0219teni, \u00eens\u0103 nu exist\u0103 informa\u021bii concrete despre modalit\u0103\u021bile de implementare a m\u0103surilor vizate. Acestea ar putea fi testarea de droguri \u00een anumite condi\u021bii, efectuarea unor analize periodice de s\u00e2nge, respectiv introducerea unei ore de educa\u021bie antidrog \u00een programa \u0219colar\u0103. Organizarea unor proiecte-pilot \u00een institu\u021biile\u00a0de \u00eenv\u0103\u021b\u0103m\u00e2nt \u00een care m\u0103surile sunt su\u021binute de p\u0103rin\u021bi \u0219i elevi ar fi posibil\u0103 de la \u00eenceputul viitorului an \u0219colar, conform prefectului. <\/p>\n\n\n\n<p>\u00centruc\u00e2t au existat nel\u0103muriri din partea p\u0103rin\u021bilor, perioada de consultare r\u0103m\u00e2ne \u00eenc\u0103 deschis\u0103 pentru ace\u0219tia. \u00cen luna ianuarie vor fi organizate \u0219edin\u021be cu reprezentan\u021bii p\u0103rin\u021bilor \u00een cadrul c\u0103rora vor fi dezb\u0103tute diferite teme referitoare la \u00eentreb\u0103rile incluse \u00een chestionar, a declarat prefectul Capitalei, Rare\u0219 Hopinc\u0103, pentru Buletin de Bucure\u0219ti.&nbsp;<\/p>\n\n\n\n<blockquote class=\"wp-block-quote is-layout-flow wp-block-quote-is-layout-flow\">\n<p><strong><em>Primul pas pentru ca p\u0103rin\u021bii s\u0103 se implice este ca p\u0103rin\u021bii s\u0103 cunoasc\u0103 faptul c\u0103 exist\u0103 o problem\u0103. Ori, mai ales \u00een mediile vulnerabile ast\u0103zi, nu se cunoa\u0219te faptul c\u0103 un copil poate avea o problem\u0103 cu consumul de droguri <\/em><\/strong><\/p>\n<cite>Rare\u0219 Hopinc\u0103, Prefectul Capitalei<\/cite><\/blockquote>\n\n\n\n<p>La momentul actual, singura certitudine privind posibilitatea introducerii test\u0103rii de droguri \u00een \u0219colile bucure\u0219tene se refer\u0103 la caracterul confiden\u021bial al rezultatelor. Acestea vor fi disponibile doar membrilor familiei, pentru a evita stigmatizarea elevilor \u00een cadrul institu\u021biilor de \u00eenv\u0103\u021b\u0103m\u00e2nt. Totodat\u0103, p\u0103rin\u021bii vor avea posibilitatea s\u0103 refuze testarea elevilor minori, iar \u00een cazul celor majori, ace\u0219tia vor avea op\u021biunea de a decide pentru ei.<\/p>\n\n\n\n<p>Prefectul Capitalei consider\u0103 c\u0103 majoritatea cazurilor referitoare la consumul de droguri \u00een r\u00e2ndul tinerilor pot fi rezolvate \u00een familie, prin implicarea p\u0103rin\u021bilor, iar datoria autorit\u0103\u021bilor este de a se asigura c\u0103 p\u0103rin\u021bii sunt con\u0219tien\u021bi de aceast\u0103 problem\u0103.<\/p>\n\n\n\n<p>Nu vor exista repercusiuni din partea autorit\u0103\u021bilor. Rare\u0219 Hopinc\u0103 declar\u0103 c\u0103 <strong><em>\u201e\u00een niciun caz nu vorbim de sanc\u021biuni\u201d <\/em><\/strong>pentru copiii care au intrat \u00een contact cu drogurile, consumatorii fiind victime \u0219i, \u00een niciun caz, infractori.<\/p>\n\n\n\n<p>\u00centrebat de reporterii Buletin de Bucure\u0219ti, cum ar putea s\u0103 se asigure c\u0103 p\u0103rin\u021bii nu vor lua m\u0103suri care s\u0103 agraveze situa\u021bia, cum ar fi pedepsirea copilului, Rare\u0219 Hopinc\u0103 declar\u0103 c\u0103 <strong><em>\u201enu putem intra peste rolul p\u0103rintelui \u00eentr-o familie\u201d<\/em><\/strong>, \u00eens\u0103 <strong><em>\u201epornim de la prezum\u021bia c\u0103 orice p\u0103rinte dore\u0219te binele copilului s\u0103u\u201d<\/em><\/strong>.<\/p>\n\n\n\n<p>Nu se cunosc detalii despre cine va realiza testarea, ce modalit\u0103\u021bi vor fi utilizate sau mediile \u00een care se va desf\u0103\u0219ura. Dac\u0103 m\u0103sura este sus\u021binut\u0103 de c\u0103tre mediul educa\u021bional, vor exista discu\u021bii cu Ministerul S\u0103n\u0103t\u0103\u021bii \u00een vederea stabilirii acestor aspecte, \u00eens\u0103 \u00een acest moment, <strong><em>\u201eaceast\u0103 discu\u021bie face obiectul unei etape ulterioare, este prematur s\u0103 vorbim despre aceste lucruri\u201d<\/em><\/strong>.<\/p>\n\n\n\n<p>Nu exist\u0103 informa\u021bii concrete nici despre introducerea unei materii antidrog, speciali\u0219tii din cadrul Ministerului Educa\u021biei fiind responsabili de stabilirea aspectelor referitoare la curriculum \u0219i frecven\u021ba unei astfel de ore, \u00een baza unei solicit\u0103ri din partea Prefecturii.&nbsp;<\/p>\n\n\n\n<h2 class=\"wp-block-heading\">Acordul antidrog de la nivelul Capitalei<\/h2>\n\n\n\n<p>Prefectul a anun\u0163at semnarea unui acord-cadru de colaborare a mai multor institu\u0163ii implicate, \u00een problema drogurilor, pe perioada 2024-2026. Acordul are la baz\u0103 Planul de Ac\u021biune \u00een domeniul Drogurilor al Municipiului Bucure\u0219ti.<\/p>\n\n\n\n<p>M\u0103surile anun\u0163ate sunt:<\/p>\n\n\n\n<ul class=\"wp-block-list\">\n<li>activit\u0103\u021bi de prevenire \u00een domeniul drogurilor, \u00een r\u00e2ndul \u0219colarilor, liceenilor \u0219i \u00een cadrul evenimentelor cu public numeros;<\/li>\n\n\n\n<li>sesiuni de informare \/ formare destinate cadrelor didactice;<\/li>\n\n\n\n<li>sesiuni de formare de baz\u0103 \u00een domeniul drogurilor pentru speciali\u0219ti \u0219i func\u021bionari publici, inclusiv cu statut special, \u0219i reprezentan\u021bi ai poli\u021biilor locale;<\/li>\n\n\n\n<li>servicii de asisten\u021b\u0103 a consumatorilor de droguri, at\u00e2t minori, c\u00e2t \u0219i adul\u021bi, la nivelul fiec\u0103rui sector al municipiului Bucure\u0219ti;<\/li>\n\n\n\n<li>ac\u021biuni comune, la nivelul municipiului Bucure\u0219ti, pentru prevenirea \u0219i combaterea traficului de droguri \u0219i precursori \u0219i pre-precursori de droguri;<\/li>\n\n\n\n<li>mai multe for\u021be de ordine public\u0103, prin alocarea unor efective de jandarmi, poli\u021bi\u0219ti \u0219i poli\u021bi\u0219ti locali \u00een zonele cu poten\u021bial criminogen ridicat, pentru prevenirea \u0219i combaterea traficului ilicit de droguri.<\/li>\n<\/ul>\n\n\n\n<h2 class=\"wp-block-heading\">\u201e<strong>Chestiunea<\/strong>\u201d chestionarului<\/h2>\n\n\n\n<p>Consumul de droguri \u00een r\u00e2ndul tinerilor a revenit \u00een sfera dezbaterii publice odat\u0103 cu accidentul de la 2 Mai, care a avut loc \u00een luna august a acestui an.&nbsp;<\/p>\n\n\n\n<p>\u00cenc\u0103 de atunci, <a href=\"https:\/\/buletin.de\/bucuresti\/chestionare-privind-consumul-de-droguri-in-scoli-distribuite-pe-grupurile-de-whatsapp-ale-parintilor\/\" data-type=\"link\" data-id=\"https:\/\/buletin.de\/bucuresti\/chestionare-privind-consumul-de-droguri-in-scoli-distribuite-pe-grupurile-de-whatsapp-ale-parintilor\/\">institu\u021biile anun\u021bau implementarea m\u0103surilor antidrog<\/a>. De\u0219i menit\u0103 s\u0103 combat\u0103 consumul de droguri al elevilor, testarea \u00een \u0219coli ar putea fi ineficient\u0103, conform opiniilor \u00eenaintate de Comitetul Problemelor de Etic\u0103 \u0219i Standarde Profesionale.&nbsp;<\/p>\n\n\n\n<p>Lipsa unor dovezi \u0219tiin\u021bifice care s\u0103 ateste eficacitatea acestei m\u0103suri este eviden\u021biat\u0103 \u0219i \u00eentr-un studiu al Observatorului European pentru Droguri \u0219i Toxicomanie, publicat \u00een anul 2017. Concluzia studiului a fost c\u0103 <a href=\"https:\/\/buletin.de\/bucuresti\/analiza-drogurile-din-scolile-si-liceele-capitalei-problema-care-nu-exista-si-populismul-ciclic-al-politicienilor\/\">testarea de consum de droguri nu are un efect cert<\/a>, \u00een unele cazuri av\u00e2nd chiar un rezultat contrar: cre\u0219terea consumului propriu-zis \u0219i a riscurilor asociate.&nbsp;<\/p>\n\n\n\n<h2 class=\"wp-block-heading\"><strong>Problema drogurilor \u00een r\u00e2ndul tinerilor ia amploare \u00een Rom\u00e2nia<\/strong><\/h2>\n\n\n\n<p>Tot anul acesta, cu c\u00e2teva luni \u00eenaintea tragediei de la 2 Mai, elevi \u0219i studen\u021bi din Capital\u0103 au fost cerceta\u021bi \u00een cadrul unui dosar de comercializare a drogurilor \u00een institu\u021biile de \u00eenv\u0103\u021b\u0103m\u00e2nt, cunoscut sub numele de \u201eOpera\u021biunea Medusa\u201d.&nbsp;<\/p>\n\n\n\n<p>\u00cenainte de acest incident, problema consumului de droguri \u00een r\u00e2ndul elevilor pare s\u0103 nu fi existat pentru autorit\u0103\u021bi, Inspectoratul \u0218colar din Bucure\u0219ti declar\u00e2nd, la acel moment, c\u0103 a aflat de destructurarea re\u021belei din pres\u0103, deoarece nu au existat sesiz\u0103ri privind traficul de droguri \u00een liceele din Capital\u0103.<\/p>\n\n\n\n<p>CITE\u0218TE \u0218I: <\/p>\n\n\n\n<figure class=\"wp-block-embed is-type-wp-embed is-provider-buletin-de-bucure-ti wp-block-embed-buletin-de-bucure-ti\"><div class=\"wp-block-embed__wrapper\">\n<blockquote class=\"wp-embedded-content\" data-secret=\"OBouxHwZjp\"><a href=\"https:\/\/buletin.de\/bucuresti\/analiza-drogurile-din-scolile-si-liceele-capitalei-problema-care-nu-exista-si-populismul-ciclic-al-politicienilor\/\">ANALIZ\u0102 | Drogurile din \u0219colile \u0219i liceele Capitalei: problema \u201ecare nu exist\u0103\u201d \u0219i populismul ciclic al politicienilor<\/a><\/blockquote><iframe class=\"wp-embedded-content\" sandbox=\"allow-scripts\" security=\"restricted\" style=\"position: absolute; clip: rect(1px, 1px, 1px, 1px);\" title=\"&#8220;ANALIZ\u0102 | Drogurile din \u0219colile \u0219i liceele Capitalei: problema \u201ecare nu exist\u0103\u201d \u0219i populismul ciclic al politicienilor&#8221; &#8212; Buletin de Bucure\u0219ti\" src=\"https:\/\/buletin.de\/bucuresti\/analiza-drogurile-din-scolile-si-liceele-capitalei-problema-care-nu-exista-si-populismul-ciclic-al-politicienilor\/embed\/#?secret=DXBFCLscnh#?secret=OBouxHwZjp\" data-secret=\"OBouxHwZjp\" width=\"600\" height=\"338\" frameborder=\"0\" marginwidth=\"0\" marginheight=\"0\" scrolling=\"no\"><\/iframe>\n<\/div><\/figure>\n\n\n\n<figure class=\"wp-block-embed is-type-wp-embed is-provider-buletin-de-bucure-ti wp-block-embed-buletin-de-bucure-ti\"><div class=\"wp-block-embed__wrapper\">\n<blockquote class=\"wp-embedded-content\" data-secret=\"cKGQiLWmmA\"><a href=\"https:\/\/buletin.de\/bucuresti\/infractor-sau-bolnav-cum-arata-chestionarele-privind-masurile-antidrog-care-vizeaza-introducerea-testarilor-in-scolile-din-capitala\/\">\u201eInfractor sau bolnav?\u201d | Cum arat\u0103 chestionarele privind m\u0103surile \u201eantidrog\u201d care vizeaz\u0103 introducerea test\u0103rilor \u00een \u0219colile din Capital\u0103<\/a><\/blockquote><iframe class=\"wp-embedded-content\" sandbox=\"allow-scripts\" security=\"restricted\" style=\"position: absolute; clip: rect(1px, 1px, 1px, 1px);\" title=\"&#8220;\u201eInfractor sau bolnav?\u201d | Cum arat\u0103 chestionarele privind m\u0103surile \u201eantidrog\u201d care vizeaz\u0103 introducerea test\u0103rilor \u00een \u0219colile din Capital\u0103&#8221; &#8212; Buletin de Bucure\u0219ti\" src=\"https:\/\/buletin.de\/bucuresti\/infractor-sau-bolnav-cum-arata-chestionarele-privind-masurile-antidrog-care-vizeaza-introducerea-testarilor-in-scolile-din-capitala\/embed\/#?secret=6IrN3tdWKY#?secret=cKGQiLWmmA\" data-secret=\"cKGQiLWmmA\" width=\"600\" height=\"338\" frameborder=\"0\" marginwidth=\"0\" marginheight=\"0\" scrolling=\"no\"><\/iframe>\n<\/div><\/figure>\n\n\n\n<figure class=\"wp-block-embed is-type-wp-embed is-provider-buletin-de-bucure-ti wp-block-embed-buletin-de-bucure-ti\"><div class=\"wp-block-embed__wrapper\">\n<blockquote class=\"wp-embedded-content\" data-secret=\"kGOIEQbikU\"><a href=\"https:\/\/buletin.de\/bucuresti\/interviu-valeriu-versus-ana-cine-are-rezultate-mai-bune-antidrog-consumatorii-asociaza-autoritatile-cu-cineva-care-vine-sa-pedepseasca-nu-sa-ajute\/\">INTERVIU | Valeriu versus ANA. Cine are rezultate mai bune antidrog. \u201eConsumatorii asociaz\u0103 autorit\u0103\u021bile cu cineva care vine s\u0103 pedepseasc\u0103, nu s\u0103 ajute!\u201d<\/a><\/blockquote><iframe class=\"wp-embedded-content\" sandbox=\"allow-scripts\" security=\"restricted\" style=\"position: absolute; clip: rect(1px, 1px, 1px, 1px);\" title=\"&#8220;INTERVIU | Valeriu versus ANA. Cine are rezultate mai bune antidrog. \u201eConsumatorii asociaz\u0103 autorit\u0103\u021bile cu cineva care vine s\u0103 pedepseasc\u0103, nu s\u0103 ajute!\u201d&#8221; &#8212; Buletin de Bucure\u0219ti\" src=\"https:\/\/buletin.de\/bucuresti\/interviu-valeriu-versus-ana-cine-are-rezultate-mai-bune-antidrog-consumatorii-asociaza-autoritatile-cu-cineva-care-vine-sa-pedepseasca-nu-sa-ajute\/embed\/#?secret=4qF8ndno3f#?secret=kGOIEQbikU\" data-secret=\"kGOIEQbikU\" width=\"600\" height=\"338\" frameborder=\"0\" marginwidth=\"0\" marginheight=\"0\" scrolling=\"no\"><\/iframe>\n<\/div><\/figure>\n","protected":false},"excerpt":{"rendered":"<p>To\u0163i elevii majori din Bucure\u015fti &#8211; aproximativ 21.000 de liceeni de peste 18 ani &#8211; au completat deja notoriile chestionare antidrog. \u00cens\u0103, deocamdat\u0103, r\u0103spunsurile nu au fost centralizate. Datele urmeaz\u0103 a fi str\u00e2nse \u015fi puse \u00een context la Prefectur\u0103, dar dureaz\u0103, pentru c\u0103 este o \u201eactivitate laborioas\u0103\u201d. \u00cen paralel, anun\u0163\u0103 prefectul Rare\u015f Hopinc\u0103, a fost [&hellip;]<\/p>\n","protected":false},"author":55,"featured_media":72651,"comment_status":"closed","ping_status":"open","sticky":false,"template":"","format":"standard","meta":{"_acf_changed":false,"inline_featured_image":false,"ngg_post_thumbnail":0,"footnotes":""},"categories":[6994,3421,5762],"tags":[8612,8614,3569,8615,6316,8613],"ppma_author":[22573],"class_list":["post-72650","post","type-post","status-publish","format-standard","has-post-thumbnail","hentry","category-stiri-2","category-educatie","category-main","tag-consumul-de-droguri","tag-educatie-antidrog","tag-ministerul-educatiei-2","tag-ministerul-sanatatii-4","tag-prefectura-capitalei","tag-testarea-de-droguri-in-scoli"],"acf":[],"yoast_head":"<!-- This site is optimized with the Yoast SEO Premium plugin v25.3 (Yoast SEO v27.5) - https:\/\/yoast.com\/product\/yoast-seo-premium-wordpress\/ -->\n<title>To\u0163i elevii majori din Capital\u0103 au completat chestionarele antidrog. Rezultatele \u00eent\u00e2rzie s\u0103 apar\u0103 - Buletin de Bucure\u0219ti<\/title>\n<meta name=\"robots\" content=\"index, follow, max-snippet:-1, max-image-preview:large, max-video-preview:-1\" \/>\n<link rel=\"canonical\" href=\"https:\/\/buletin.de\/bucuresti\/toti-elevii-majori-din-capitala-au-completat-chestionarele-antidrog-rezultatele-intarzie-sa-apara\/\" \/>\n<meta property=\"og:locale\" content=\"en_GB\" \/>\n<meta property=\"og:type\" content=\"article\" \/>\n<meta property=\"og:title\" content=\"To\u0163i elevii majori din Capital\u0103 au completat chestionarele antidrog. Rezultatele \u00eent\u00e2rzie s\u0103 apar\u0103\" \/>\n<meta property=\"og:description\" content=\"To\u0163i elevii majori din Bucure\u015fti &#8211; aproximativ 21.000 de liceeni de peste 18 ani &#8211; au completat deja notoriile chestionare antidrog. \u00cens\u0103, deocamdat\u0103, r\u0103spunsurile nu au fost centralizate. Datele urmeaz\u0103 a fi str\u00e2nse \u015fi puse \u00een context la Prefectur\u0103, dar dureaz\u0103, pentru c\u0103 este o \u201eactivitate laborioas\u0103\u201d. \u00cen paralel, anun\u0163\u0103 prefectul Rare\u015f Hopinc\u0103, a fost [&hellip;]\" \/>\n<meta property=\"og:url\" content=\"https:\/\/buletin.de\/bucuresti\/toti-elevii-majori-din-capitala-au-completat-chestionarele-antidrog-rezultatele-intarzie-sa-apara\/\" \/>\n<meta property=\"og:site_name\" content=\"Buletin de Bucure\u0219ti\" \/>\n<meta property=\"article:publisher\" content=\"https:\/\/www.facebook.com\/buletin.de.buc\" \/>\n<meta property=\"article:published_time\" content=\"2023-12-19T03:50:00+00:00\" \/>\n<meta property=\"og:image\" content=\"https:\/\/buletin.de\/bucuresti\/wp-content\/uploads\/nxrx7_mpdek.jpg\" \/>\n\t<meta property=\"og:image:width\" content=\"1600\" \/>\n\t<meta property=\"og:image:height\" content=\"1067\" \/>\n\t<meta property=\"og:image:type\" content=\"image\/jpeg\" \/>\n<meta name=\"author\" content=\"Andreea Tudor\" \/>\n<meta name=\"twitter:card\" content=\"summary_large_image\" \/>\n<meta name=\"twitter:label1\" content=\"Written by\" \/>\n\t<meta name=\"twitter:data1\" content=\"Andreea Tudor\" \/>\n\t<meta name=\"twitter:label2\" content=\"Estimated reading time\" \/>\n\t<meta name=\"twitter:data2\" content=\"5 minutes\" \/>\n<script type=\"application\/ld+json\" class=\"yoast-schema-graph\">{\"@context\":\"https:\\\/\\\/schema.org\",\"@graph\":[{\"@type\":\"Article\",\"@id\":\"https:\\\/\\\/buletin.de\\\/bucuresti\\\/toti-elevii-majori-din-capitala-au-completat-chestionarele-antidrog-rezultatele-intarzie-sa-apara\\\/#article\",\"isPartOf\":{\"@id\":\"https:\\\/\\\/buletin.de\\\/bucuresti\\\/toti-elevii-majori-din-capitala-au-completat-chestionarele-antidrog-rezultatele-intarzie-sa-apara\\\/\"},\"author\":{\"name\":\"Andreea Tudor\",\"@id\":\"https:\\\/\\\/buletin.de\\\/bucuresti\\\/#\\\/schema\\\/person\\\/150590659efde715459d159da012f501\"},\"headline\":\"To\u0163i elevii majori din Capital\u0103 au completat chestionarele antidrog. Rezultatele \u00eent\u00e2rzie s\u0103 apar\u0103\",\"datePublished\":\"2023-12-19T03:50:00+00:00\",\"mainEntityOfPage\":{\"@id\":\"https:\\\/\\\/buletin.de\\\/bucuresti\\\/toti-elevii-majori-din-capitala-au-completat-chestionarele-antidrog-rezultatele-intarzie-sa-apara\\\/\"},\"wordCount\":1063,\"publisher\":{\"@id\":\"https:\\\/\\\/buletin.de\\\/bucuresti\\\/#organization\"},\"image\":{\"@id\":\"https:\\\/\\\/buletin.de\\\/bucuresti\\\/toti-elevii-majori-din-capitala-au-completat-chestionarele-antidrog-rezultatele-intarzie-sa-apara\\\/#primaryimage\"},\"thumbnailUrl\":\"https:\\\/\\\/buletin.de\\\/bucuresti\\\/wp-content\\\/uploads\\\/nxrx7_mpdek.jpg\",\"keywords\":[\"consumul de droguri\",\"educa\u021bie antidrog\",\"Ministerul Educa\u021biei\",\"Ministerul S\u0103n\u0103t\u0103\u021bii\",\"prefectura capitalei\",\"testarea de droguri \u00een \u0219coli\"],\"articleSection\":[\"Articole\",\"Educa\u021bie\",\"Main\"],\"inLanguage\":\"en-GB\",\"copyrightYear\":\"2023\",\"copyrightHolder\":{\"@id\":\"https:\\\/\\\/buletin.de\\\/bucuresti\\\/#organization\"}},{\"@type\":\"WebPage\",\"@id\":\"https:\\\/\\\/buletin.de\\\/bucuresti\\\/toti-elevii-majori-din-capitala-au-completat-chestionarele-antidrog-rezultatele-intarzie-sa-apara\\\/\",\"url\":\"https:\\\/\\\/buletin.de\\\/bucuresti\\\/toti-elevii-majori-din-capitala-au-completat-chestionarele-antidrog-rezultatele-intarzie-sa-apara\\\/\",\"name\":\"To\u0163i elevii majori din Capital\u0103 au completat chestionarele antidrog. Rezultatele \u00eent\u00e2rzie s\u0103 apar\u0103 - Buletin de Bucure\u0219ti\",\"isPartOf\":{\"@id\":\"https:\\\/\\\/buletin.de\\\/bucuresti\\\/#website\"},\"primaryImageOfPage\":{\"@id\":\"https:\\\/\\\/buletin.de\\\/bucuresti\\\/toti-elevii-majori-din-capitala-au-completat-chestionarele-antidrog-rezultatele-intarzie-sa-apara\\\/#primaryimage\"},\"image\":{\"@id\":\"https:\\\/\\\/buletin.de\\\/bucuresti\\\/toti-elevii-majori-din-capitala-au-completat-chestionarele-antidrog-rezultatele-intarzie-sa-apara\\\/#primaryimage\"},\"thumbnailUrl\":\"https:\\\/\\\/buletin.de\\\/bucuresti\\\/wp-content\\\/uploads\\\/nxrx7_mpdek.jpg\",\"datePublished\":\"2023-12-19T03:50:00+00:00\",\"breadcrumb\":{\"@id\":\"https:\\\/\\\/buletin.de\\\/bucuresti\\\/toti-elevii-majori-din-capitala-au-completat-chestionarele-antidrog-rezultatele-intarzie-sa-apara\\\/#breadcrumb\"},\"inLanguage\":\"en-GB\",\"potentialAction\":[{\"@type\":\"ReadAction\",\"target\":[\"https:\\\/\\\/buletin.de\\\/bucuresti\\\/toti-elevii-majori-din-capitala-au-completat-chestionarele-antidrog-rezultatele-intarzie-sa-apara\\\/\"]}]},{\"@type\":\"ImageObject\",\"inLanguage\":\"en-GB\",\"@id\":\"https:\\\/\\\/buletin.de\\\/bucuresti\\\/toti-elevii-majori-din-capitala-au-completat-chestionarele-antidrog-rezultatele-intarzie-sa-apara\\\/#primaryimage\",\"url\":\"https:\\\/\\\/buletin.de\\\/bucuresti\\\/wp-content\\\/uploads\\\/nxrx7_mpdek.jpg\",\"contentUrl\":\"https:\\\/\\\/buletin.de\\\/bucuresti\\\/wp-content\\\/uploads\\\/nxrx7_mpdek.jpg\",\"width\":1600,\"height\":1067,\"caption\":\"person holding paper on kush\"},{\"@type\":\"BreadcrumbList\",\"@id\":\"https:\\\/\\\/buletin.de\\\/bucuresti\\\/toti-elevii-majori-din-capitala-au-completat-chestionarele-antidrog-rezultatele-intarzie-sa-apara\\\/#breadcrumb\",\"itemListElement\":[{\"@type\":\"ListItem\",\"position\":1,\"name\":\"Acas\u0103\",\"item\":\"https:\\\/\\\/buletin.de\\\/bucuresti\\\/\"},{\"@type\":\"ListItem\",\"position\":2,\"name\":\"To\u0163i elevii majori din Capital\u0103 au completat chestionarele antidrog. Rezultatele \u00eent\u00e2rzie s\u0103 apar\u0103\"}]},{\"@type\":\"WebSite\",\"@id\":\"https:\\\/\\\/buletin.de\\\/bucuresti\\\/#website\",\"url\":\"https:\\\/\\\/buletin.de\\\/bucuresti\\\/\",\"name\":\"Buletin de Bucure\u0219ti\",\"description\":\"\u0218tiri \u0219i investiga\u021bii esen\u021biale din capital\u0103\",\"publisher\":{\"@id\":\"https:\\\/\\\/buletin.de\\\/bucuresti\\\/#organization\"},\"potentialAction\":[{\"@type\":\"SearchAction\",\"target\":{\"@type\":\"EntryPoint\",\"urlTemplate\":\"https:\\\/\\\/buletin.de\\\/bucuresti\\\/?s={search_term_string}\"},\"query-input\":{\"@type\":\"PropertyValueSpecification\",\"valueRequired\":true,\"valueName\":\"search_term_string\"}}],\"inLanguage\":\"en-GB\"},{\"@type\":\"Organization\",\"@id\":\"https:\\\/\\\/buletin.de\\\/bucuresti\\\/#organization\",\"name\":\"Buletin de Bucure\u0219ti\",\"url\":\"https:\\\/\\\/buletin.de\\\/bucuresti\\\/\",\"logo\":{\"@type\":\"ImageObject\",\"inLanguage\":\"en-GB\",\"@id\":\"https:\\\/\\\/buletin.de\\\/bucuresti\\\/#\\\/schema\\\/logo\\\/image\\\/\",\"url\":\"https:\\\/\\\/buletin.de\\\/bucuresti\\\/wp-content\\\/uploads\\\/logo-bdb-full-wide-vernil-transparent.png\",\"contentUrl\":\"https:\\\/\\\/buletin.de\\\/bucuresti\\\/wp-content\\\/uploads\\\/logo-bdb-full-wide-vernil-transparent.png\",\"width\":1782,\"height\":626,\"caption\":\"Buletin de Bucure\u0219ti\"},\"image\":{\"@id\":\"https:\\\/\\\/buletin.de\\\/bucuresti\\\/#\\\/schema\\\/logo\\\/image\\\/\"},\"sameAs\":[\"https:\\\/\\\/www.facebook.com\\\/buletin.de.buc\",\"https:\\\/\\\/www.instagram.com\\\/buletinde.bucuresti\\\/\"]},{\"@type\":\"Person\",\"@id\":\"https:\\\/\\\/buletin.de\\\/bucuresti\\\/#\\\/schema\\\/person\\\/150590659efde715459d159da012f501\",\"name\":\"Andreea Tudor\",\"image\":{\"@type\":\"ImageObject\",\"inLanguage\":\"en-GB\",\"@id\":\"https:\\\/\\\/secure.gravatar.com\\\/avatar\\\/a88705a186ab0b67f3349bcbced506c09e37256fbaad0e7f3bd1a79b4599f589?s=96&d=monsterid&r=g79290610aa1a65c2b86eebc2ca5aee8f\",\"url\":\"https:\\\/\\\/secure.gravatar.com\\\/avatar\\\/a88705a186ab0b67f3349bcbced506c09e37256fbaad0e7f3bd1a79b4599f589?s=96&d=monsterid&r=g\",\"contentUrl\":\"https:\\\/\\\/secure.gravatar.com\\\/avatar\\\/a88705a186ab0b67f3349bcbced506c09e37256fbaad0e7f3bd1a79b4599f589?s=96&d=monsterid&r=g\",\"caption\":\"Andreea Tudor\"},\"description\":\"N\u0103scut\u0103 \u0219i crescut\u0103 \u00een Bucure\u0219ti, sus\u021bin\u0103toare a presei independente. A\u0219a am ajuns redactor la Buletin de Bucure\u0219ti. Fiind eu, \u00eens\u0103mi, parte a sistemului de \u00eenv\u0103\u021b\u0103m\u00e2nt rom\u00e2nesc \u0219i pasionat\u0103 de domeniul social, pun sub lup\u0103 tot ceea ce se \u00eent\u00e2mpl\u0103 \u00een sfera educa\u021biei. Cred cu t\u0103rie c\u0103 presa \u201epentru cet\u0103\u021beni\u201d este presa independent\u0103. Oamenii au nevoie de o informare corect\u0103 pentru a \u00een\u021belege pe deplin ce se \u00eent\u00e2mpl\u0103 \u00een jurul lor \u0219i pentru a lua ac\u021biune \u00eempotriva nedrept\u0103\u021bilor.\",\"url\":\"https:\\\/\\\/buletin.de\\\/bucuresti\\\/author\\\/andreeatudor\\\/\"}]}<\/script>\n<!-- \/ Yoast SEO Premium plugin. -->","yoast_head_json":{"title":"To\u0163i elevii majori din Capital\u0103 au completat chestionarele antidrog. Rezultatele \u00eent\u00e2rzie s\u0103 apar\u0103 - Buletin de Bucure\u0219ti","robots":{"index":"index","follow":"follow","max-snippet":"max-snippet:-1","max-image-preview":"max-image-preview:large","max-video-preview":"max-video-preview:-1"},"canonical":"https:\/\/buletin.de\/bucuresti\/toti-elevii-majori-din-capitala-au-completat-chestionarele-antidrog-rezultatele-intarzie-sa-apara\/","og_locale":"en_GB","og_type":"article","og_title":"To\u0163i elevii majori din Capital\u0103 au completat chestionarele antidrog. Rezultatele \u00eent\u00e2rzie s\u0103 apar\u0103","og_description":"To\u0163i elevii majori din Bucure\u015fti &#8211; aproximativ 21.000 de liceeni de peste 18 ani &#8211; au completat deja notoriile chestionare antidrog. \u00cens\u0103, deocamdat\u0103, r\u0103spunsurile nu au fost centralizate. Datele urmeaz\u0103 a fi str\u00e2nse \u015fi puse \u00een context la Prefectur\u0103, dar dureaz\u0103, pentru c\u0103 este o \u201eactivitate laborioas\u0103\u201d. \u00cen paralel, anun\u0163\u0103 prefectul Rare\u015f Hopinc\u0103, a fost [&hellip;]","og_url":"https:\/\/buletin.de\/bucuresti\/toti-elevii-majori-din-capitala-au-completat-chestionarele-antidrog-rezultatele-intarzie-sa-apara\/","og_site_name":"Buletin de Bucure\u0219ti","article_publisher":"https:\/\/www.facebook.com\/buletin.de.buc","article_published_time":"2023-12-19T03:50:00+00:00","og_image":[{"width":1600,"height":1067,"url":"https:\/\/buletin.de\/bucuresti\/wp-content\/uploads\/nxrx7_mpdek.jpg","type":"image\/jpeg"}],"author":"Andreea Tudor","twitter_card":"summary_large_image","twitter_misc":{"Written by":"Andreea Tudor","Estimated reading time":"5 minutes"},"schema":{"@context":"https:\/\/schema.org","@graph":[{"@type":"Article","@id":"https:\/\/buletin.de\/bucuresti\/toti-elevii-majori-din-capitala-au-completat-chestionarele-antidrog-rezultatele-intarzie-sa-apara\/#article","isPartOf":{"@id":"https:\/\/buletin.de\/bucuresti\/toti-elevii-majori-din-capitala-au-completat-chestionarele-antidrog-rezultatele-intarzie-sa-apara\/"},"author":{"name":"Andreea Tudor","@id":"https:\/\/buletin.de\/bucuresti\/#\/schema\/person\/150590659efde715459d159da012f501"},"headline":"To\u0163i elevii majori din Capital\u0103 au completat chestionarele antidrog. Rezultatele \u00eent\u00e2rzie s\u0103 apar\u0103","datePublished":"2023-12-19T03:50:00+00:00","mainEntityOfPage":{"@id":"https:\/\/buletin.de\/bucuresti\/toti-elevii-majori-din-capitala-au-completat-chestionarele-antidrog-rezultatele-intarzie-sa-apara\/"},"wordCount":1063,"publisher":{"@id":"https:\/\/buletin.de\/bucuresti\/#organization"},"image":{"@id":"https:\/\/buletin.de\/bucuresti\/toti-elevii-majori-din-capitala-au-completat-chestionarele-antidrog-rezultatele-intarzie-sa-apara\/#primaryimage"},"thumbnailUrl":"https:\/\/buletin.de\/bucuresti\/wp-content\/uploads\/nxrx7_mpdek.jpg","keywords":["consumul de droguri","educa\u021bie antidrog","Ministerul Educa\u021biei","Ministerul S\u0103n\u0103t\u0103\u021bii","prefectura capitalei","testarea de droguri \u00een \u0219coli"],"articleSection":["Articole","Educa\u021bie","Main"],"inLanguage":"en-GB","copyrightYear":"2023","copyrightHolder":{"@id":"https:\/\/buletin.de\/bucuresti\/#organization"}},{"@type":"WebPage","@id":"https:\/\/buletin.de\/bucuresti\/toti-elevii-majori-din-capitala-au-completat-chestionarele-antidrog-rezultatele-intarzie-sa-apara\/","url":"https:\/\/buletin.de\/bucuresti\/toti-elevii-majori-din-capitala-au-completat-chestionarele-antidrog-rezultatele-intarzie-sa-apara\/","name":"To\u0163i elevii majori din Capital\u0103 au completat chestionarele antidrog. Rezultatele \u00eent\u00e2rzie s\u0103 apar\u0103 - Buletin de Bucure\u0219ti","isPartOf":{"@id":"https:\/\/buletin.de\/bucuresti\/#website"},"primaryImageOfPage":{"@id":"https:\/\/buletin.de\/bucuresti\/toti-elevii-majori-din-capitala-au-completat-chestionarele-antidrog-rezultatele-intarzie-sa-apara\/#primaryimage"},"image":{"@id":"https:\/\/buletin.de\/bucuresti\/toti-elevii-majori-din-capitala-au-completat-chestionarele-antidrog-rezultatele-intarzie-sa-apara\/#primaryimage"},"thumbnailUrl":"https:\/\/buletin.de\/bucuresti\/wp-content\/uploads\/nxrx7_mpdek.jpg","datePublished":"2023-12-19T03:50:00+00:00","breadcrumb":{"@id":"https:\/\/buletin.de\/bucuresti\/toti-elevii-majori-din-capitala-au-completat-chestionarele-antidrog-rezultatele-intarzie-sa-apara\/#breadcrumb"},"inLanguage":"en-GB","potentialAction":[{"@type":"ReadAction","target":["https:\/\/buletin.de\/bucuresti\/toti-elevii-majori-din-capitala-au-completat-chestionarele-antidrog-rezultatele-intarzie-sa-apara\/"]}]},{"@type":"ImageObject","inLanguage":"en-GB","@id":"https:\/\/buletin.de\/bucuresti\/toti-elevii-majori-din-capitala-au-completat-chestionarele-antidrog-rezultatele-intarzie-sa-apara\/#primaryimage","url":"https:\/\/buletin.de\/bucuresti\/wp-content\/uploads\/nxrx7_mpdek.jpg","contentUrl":"https:\/\/buletin.de\/bucuresti\/wp-content\/uploads\/nxrx7_mpdek.jpg","width":1600,"height":1067,"caption":"person holding paper on kush"},{"@type":"BreadcrumbList","@id":"https:\/\/buletin.de\/bucuresti\/toti-elevii-majori-din-capitala-au-completat-chestionarele-antidrog-rezultatele-intarzie-sa-apara\/#breadcrumb","itemListElement":[{"@type":"ListItem","position":1,"name":"Acas\u0103","item":"https:\/\/buletin.de\/bucuresti\/"},{"@type":"ListItem","position":2,"name":"To\u0163i elevii majori din Capital\u0103 au completat chestionarele antidrog. Rezultatele \u00eent\u00e2rzie s\u0103 apar\u0103"}]},{"@type":"WebSite","@id":"https:\/\/buletin.de\/bucuresti\/#website","url":"https:\/\/buletin.de\/bucuresti\/","name":"Buletin de Bucure\u0219ti","description":"\u0218tiri \u0219i investiga\u021bii esen\u021biale din capital\u0103","publisher":{"@id":"https:\/\/buletin.de\/bucuresti\/#organization"},"potentialAction":[{"@type":"SearchAction","target":{"@type":"EntryPoint","urlTemplate":"https:\/\/buletin.de\/bucuresti\/?s={search_term_string}"},"query-input":{"@type":"PropertyValueSpecification","valueRequired":true,"valueName":"search_term_string"}}],"inLanguage":"en-GB"},{"@type":"Organization","@id":"https:\/\/buletin.de\/bucuresti\/#organization","name":"Buletin de Bucure\u0219ti","url":"https:\/\/buletin.de\/bucuresti\/","logo":{"@type":"ImageObject","inLanguage":"en-GB","@id":"https:\/\/buletin.de\/bucuresti\/#\/schema\/logo\/image\/","url":"https:\/\/buletin.de\/bucuresti\/wp-content\/uploads\/logo-bdb-full-wide-vernil-transparent.png","contentUrl":"https:\/\/buletin.de\/bucuresti\/wp-content\/uploads\/logo-bdb-full-wide-vernil-transparent.png","width":1782,"height":626,"caption":"Buletin de Bucure\u0219ti"},"image":{"@id":"https:\/\/buletin.de\/bucuresti\/#\/schema\/logo\/image\/"},"sameAs":["https:\/\/www.facebook.com\/buletin.de.buc","https:\/\/www.instagram.com\/buletinde.bucuresti\/"]},{"@type":"Person","@id":"https:\/\/buletin.de\/bucuresti\/#\/schema\/person\/150590659efde715459d159da012f501","name":"Andreea Tudor","image":{"@type":"ImageObject","inLanguage":"en-GB","@id":"https:\/\/secure.gravatar.com\/avatar\/a88705a186ab0b67f3349bcbced506c09e37256fbaad0e7f3bd1a79b4599f589?s=96&d=monsterid&r=g79290610aa1a65c2b86eebc2ca5aee8f","url":"https:\/\/secure.gravatar.com\/avatar\/a88705a186ab0b67f3349bcbced506c09e37256fbaad0e7f3bd1a79b4599f589?s=96&d=monsterid&r=g","contentUrl":"https:\/\/secure.gravatar.com\/avatar\/a88705a186ab0b67f3349bcbced506c09e37256fbaad0e7f3bd1a79b4599f589?s=96&d=monsterid&r=g","caption":"Andreea Tudor"},"description":"N\u0103scut\u0103 \u0219i crescut\u0103 \u00een Bucure\u0219ti, sus\u021bin\u0103toare a presei independente. A\u0219a am ajuns redactor la Buletin de Bucure\u0219ti. Fiind eu, \u00eens\u0103mi, parte a sistemului de \u00eenv\u0103\u021b\u0103m\u00e2nt rom\u00e2nesc \u0219i pasionat\u0103 de domeniul social, pun sub lup\u0103 tot ceea ce se \u00eent\u00e2mpl\u0103 \u00een sfera educa\u021biei. Cred cu t\u0103rie c\u0103 presa \u201epentru cet\u0103\u021beni\u201d este presa independent\u0103. Oamenii au nevoie de o informare corect\u0103 pentru a \u00een\u021belege pe deplin ce se \u00eent\u00e2mpl\u0103 \u00een jurul lor \u0219i pentru a lua ac\u021biune \u00eempotriva nedrept\u0103\u021bilor.","url":"https:\/\/buletin.de\/bucuresti\/author\/andreeatudor\/"}]}},"authors":[{"term_id":22573,"user_id":55,"is_guest":0,"slug":"andreeatudor","display_name":"Andreea Tudor","avatar_url":"https:\/\/secure.gravatar.com\/avatar\/a88705a186ab0b67f3349bcbced506c09e37256fbaad0e7f3bd1a79b4599f589?s=96&d=monsterid&r=g","0":null,"1":"","2":"","3":"","4":"","5":"","6":"","7":"","8":""}],"_links":{"self":[{"href":"https:\/\/buletin.de\/bucuresti\/wp-json\/wp\/v2\/posts\/72650","targetHints":{"allow":["GET"]}}],"collection":[{"href":"https:\/\/buletin.de\/bucuresti\/wp-json\/wp\/v2\/posts"}],"about":[{"href":"https:\/\/buletin.de\/bucuresti\/wp-json\/wp\/v2\/types\/post"}],"author":[{"embeddable":true,"href":"https:\/\/buletin.de\/bucuresti\/wp-json\/wp\/v2\/users\/55"}],"replies":[{"embeddable":true,"href":"https:\/\/buletin.de\/bucuresti\/wp-json\/wp\/v2\/comments?post=72650"}],"version-history":[{"count":4,"href":"https:\/\/buletin.de\/bucuresti\/wp-json\/wp\/v2\/posts\/72650\/revisions"}],"predecessor-version":[{"id":72657,"href":"https:\/\/buletin.de\/bucuresti\/wp-json\/wp\/v2\/posts\/72650\/revisions\/72657"}],"wp:featuredmedia":[{"embeddable":true,"href":"https:\/\/buletin.de\/bucuresti\/wp-json\/wp\/v2\/media\/72651"}],"wp:attachment":[{"href":"https:\/\/buletin.de\/bucuresti\/wp-json\/wp\/v2\/media?parent=72650"}],"wp:term":[{"taxonomy":"category","embeddable":true,"href":"https:\/\/buletin.de\/bucuresti\/wp-json\/wp\/v2\/categories?post=72650"},{"taxonomy":"post_tag","embeddable":true,"href":"https:\/\/buletin.de\/bucuresti\/wp-json\/wp\/v2\/tags?post=72650"},{"taxonomy":"author","embeddable":true,"href":"https:\/\/buletin.de\/bucuresti\/wp-json\/wp\/v2\/ppma_author?post=72650"}],"curies":[{"name":"wp","href":"https:\/\/api.w.org\/{rel}","templated":true}]}}