{"id":72621,"date":"2023-12-18T11:44:01","date_gmt":"2023-12-18T09:44:01","guid":{"rendered":"https:\/\/buletin.de\/bucuresti\/?p=72621"},"modified":"2023-12-18T11:44:02","modified_gmt":"2023-12-18T09:44:02","slug":"marian-artimon-e-de-azi-consilier-general-urmasul-lui-ion-radoi-de-la-sindicatul-metrorex-si-a-depus-juramantul-in-cgmb","status":"publish","type":"post","link":"https:\/\/buletin.de\/bucuresti\/marian-artimon-e-de-azi-consilier-general-urmasul-lui-ion-radoi-de-la-sindicatul-metrorex-si-a-depus-juramantul-in-cgmb\/","title":{"rendered":"Marian Artimon e, de azi, consilier general. Urma\u0219ul lui Ion R\u0103doi de la sindicatul Metrorex \u0219i-a depus jur\u0103m\u00e2ntul \u00een CGMB"},"content":{"rendered":"\n<p><strong>\u00cen urma retragerii din func\u021bia de consilier general a social-democratului Aurelian B\u0103dulescu a r\u0103mas un loc liber, care a fost ocupat rapid de un alt membru PSD. Marian Artimon<\/strong> <strong>\u0219i-a depus <strong>jur\u0103m\u00e2ntul <\/strong>\u00een cadrul \u0219edin\u021bei de luni \u0219i a devenit oficial consilier general al Municipiului Bucure\u0219ti pentru restul mandatului.<\/strong><\/p>\n\n\n\n<p>Marian Artimon nu este pentru prima dat\u0103 \u00een pozi\u021bia de a reprezenta interesele bucure\u0219tenilor \u00een forul legislativ de la nivelul Capitalei, Consiliul General. Conform\u00a0<a href=\"https:\/\/www.libertatea.ro\/stiri\/exclusiv-face-legea-n-doua-locuri-numarul-doi-din-sindicatul-metrorex-e-reprezentantul-psd-companiile-municipale-infiintate-de-gabriela-firea-2458661\">Libertatea<\/a>, pe timpul administra\u021biei Gabriela Firea, nu doar c\u0103 a fost consilier general, dar a fost \u0219i reprezentantul Adun\u0103rii Generale a Ac\u021bionarilor la STB (fosta RATB) \u0219i \u00een alte cinci companii municipale controlate de PMB.<\/p>\n\n\n\n<p>Reporterii Libertatea au descoperit \u0219i c\u0103 Marian Artimon, ca secretar general, era unul dintre cei cinci membri ai nucleului dur al Uniunii Sindicatelor Libere de la Metrou, f\u0103c\u00e2nd parte din Biroul Permanent. Numele s\u0103u ap\u0103rea pe toate documentele oficiale ale sindicatului, imediat dup\u0103 numele liderului Ion R\u0103doi. Este un membru cu greutate, mai ales se num\u0103r\u0103 \u0219i printre cei trei administratori care au grij\u0103 de finan\u021bele firmei de\u021binute de sindicat \u2013 Sindomet Servcom SRL, companie care a \u00eencasat bani direct de la Metrorex \u00een 2018.<\/p>\n\n\n\n<p>Surse din interiorul USLM au confirmat c\u0103 Marian Artimon este \u00een c\u0103r\u021bi pentru a prelua conducerea sindicatului, dup\u0103 mazilirea lui Ion R\u0103doi. Acesta din urm\u0103 este suspendat din func\u021bia de pre\u0219edinte al sindicatului.<\/p>\n\n\n\n<p>De asemenea, Marian Artimon a depus ultima declara\u021bie de interese \u00een 2020, c\u00e2nd \u00eenc\u0103 avea toate func\u021biile descoperite de reporterii Libertatea \u00een 2018.<\/p>\n\n\n\n<p>Acesta era \u00een continuare \u0219i administrator cu atribu\u021bii de director \u00een compania Sindomet Servcom SRL, de unde a \u00eencasat 73 de mii de lei.<\/p>\n\n\n\n<p>Ultima declara\u021bie de avere a viitorului consilier local a fost publicat\u0103 \u00een acela\u0219i an, 2020, iar, conform acesteia, avea un cot cu 10.000 de lei, iar pe l\u00e2ng\u0103 banii primi\u021bi de la compania pe care o conduce, primea 75 de mii de lei de la Metrorex, pentru postul de \u201einstructor instala\u021bii\u201d. \u00cen declara\u021bia din 2020 apar \u0219i 14 mii de lei primi\u021bi ca indemniza\u0163ie de consilier general.<\/p>\n\n\n\n<p><strong>CITE\u0218TE \u0218I: <\/strong><\/p>\n\n\n\n<figure class=\"wp-block-embed is-type-wp-embed is-provider-buletin-de-bucure-ti wp-block-embed-buletin-de-bucure-ti\"><div class=\"wp-block-embed__wrapper\">\n<blockquote class=\"wp-embedded-content\" data-secret=\"xtEvMpbPdd\"><a href=\"https:\/\/buletin.de\/bucuresti\/aurelian-badulescu-pleaca-din-cgmb-in-locul-lui-vine-marian-artimon-urmasul-lui-ion-radoi-de-la-sindicatul-metrorex\/\">Aurelian B\u0103dulescu pleac\u0103 din CGMB. \u00cen locul lui vine Marian Artimon, urma\u0219ul lui Ion R\u0103doi de la sindicatul Metrorex<\/a><\/blockquote><iframe class=\"wp-embedded-content\" sandbox=\"allow-scripts\" security=\"restricted\" style=\"position: absolute; clip: rect(1px, 1px, 1px, 1px);\" title=\"&#8220;Aurelian B\u0103dulescu pleac\u0103 din CGMB. \u00cen locul lui vine Marian Artimon, urma\u0219ul lui Ion R\u0103doi de la sindicatul Metrorex&#8221; &#8212; Buletin de Bucure\u0219ti\" src=\"https:\/\/buletin.de\/bucuresti\/aurelian-badulescu-pleaca-din-cgmb-in-locul-lui-vine-marian-artimon-urmasul-lui-ion-radoi-de-la-sindicatul-metrorex\/embed\/#?secret=3MbNoeKGBq#?secret=xtEvMpbPdd\" data-secret=\"xtEvMpbPdd\" width=\"600\" height=\"338\" frameborder=\"0\" marginwidth=\"0\" marginheight=\"0\" scrolling=\"no\"><\/iframe>\n<\/div><\/figure>\n","protected":false},"excerpt":{"rendered":"<p>\u00cen urma retragerii din func\u021bia de consilier general a social-democratului Aurelian B\u0103dulescu a r\u0103mas un loc liber, care a fost ocupat rapid de un alt membru PSD. Marian Artimon \u0219i-a depus jur\u0103m\u00e2ntul \u00een cadrul \u0219edin\u021bei de luni \u0219i a devenit oficial consilier general al Municipiului Bucure\u0219ti pentru restul mandatului. Marian Artimon nu este pentru prima [&hellip;]<\/p>\n","protected":false},"author":17,"featured_media":72630,"comment_status":"closed","ping_status":"open","sticky":false,"template":"","format":"standard","meta":{"_acf_changed":false,"inline_featured_image":false,"ngg_post_thumbnail":0,"footnotes":""},"categories":[6994,5762,24],"tags":[7532,148,8609,65],"ppma_author":[22576],"class_list":["post-72621","post","type-post","status-publish","format-standard","has-post-thumbnail","hentry","category-stiri-2","category-main","category-primarie","tag-aurelian-badulescu-2","tag-cgmb","tag-marian-artimon","tag-psd"],"acf":[],"yoast_head":"<!-- This site is optimized with the Yoast SEO Premium plugin v25.3 (Yoast SEO v27.4) - https:\/\/yoast.com\/product\/yoast-seo-premium-wordpress\/ -->\n<title>Marian Artimon e, de azi, consilier general. Urma\u0219ul lui Ion R\u0103doi de la sindicatul Metrorex \u0219i-a depus jur\u0103m\u00e2ntul \u00een CGMB - Buletin de Bucure\u0219ti<\/title>\n<meta name=\"robots\" content=\"index, follow, max-snippet:-1, max-image-preview:large, max-video-preview:-1\" \/>\n<link rel=\"canonical\" href=\"https:\/\/buletin.de\/bucuresti\/marian-artimon-e-de-azi-consilier-general-urmasul-lui-ion-radoi-de-la-sindicatul-metrorex-si-a-depus-juramantul-in-cgmb\/\" \/>\n<meta property=\"og:locale\" content=\"en_GB\" \/>\n<meta property=\"og:type\" content=\"article\" \/>\n<meta property=\"og:title\" content=\"Marian Artimon e, de azi, consilier general. Urma\u0219ul lui Ion R\u0103doi de la sindicatul Metrorex \u0219i-a depus jur\u0103m\u00e2ntul \u00een CGMB\" \/>\n<meta property=\"og:description\" content=\"\u00cen urma retragerii din func\u021bia de consilier general a social-democratului Aurelian B\u0103dulescu a r\u0103mas un loc liber, care a fost ocupat rapid de un alt membru PSD. Marian Artimon \u0219i-a depus jur\u0103m\u00e2ntul \u00een cadrul \u0219edin\u021bei de luni \u0219i a devenit oficial consilier general al Municipiului Bucure\u0219ti pentru restul mandatului. Marian Artimon nu este pentru prima [&hellip;]\" \/>\n<meta property=\"og:url\" content=\"https:\/\/buletin.de\/bucuresti\/marian-artimon-e-de-azi-consilier-general-urmasul-lui-ion-radoi-de-la-sindicatul-metrorex-si-a-depus-juramantul-in-cgmb\/\" \/>\n<meta property=\"og:site_name\" content=\"Buletin de Bucure\u0219ti\" \/>\n<meta property=\"article:publisher\" content=\"https:\/\/www.facebook.com\/buletin.de.buc\" \/>\n<meta property=\"article:published_time\" content=\"2023-12-18T09:44:01+00:00\" \/>\n<meta property=\"article:modified_time\" content=\"2023-12-18T09:44:02+00:00\" \/>\n<meta property=\"og:image\" content=\"https:\/\/buletin.de\/bucuresti\/wp-content\/uploads\/ID220673_INQUAM_Photos_George_Calin-1.jpg\" \/>\n\t<meta property=\"og:image:width\" content=\"2000\" \/>\n\t<meta property=\"og:image:height\" content=\"1333\" \/>\n\t<meta property=\"og:image:type\" content=\"image\/jpeg\" \/>\n<meta name=\"author\" content=\"Florin R\u00e2\u0219teiu\" \/>\n<meta name=\"twitter:card\" content=\"summary_large_image\" \/>\n<meta name=\"twitter:label1\" content=\"Written by\" \/>\n\t<meta name=\"twitter:data1\" content=\"Florin R\u00e2\u0219teiu\" \/>\n\t<meta name=\"twitter:label2\" content=\"Estimated reading time\" \/>\n\t<meta name=\"twitter:data2\" content=\"2 minutes\" \/>\n<script type=\"application\/ld+json\" class=\"yoast-schema-graph\">{\"@context\":\"https:\\\/\\\/schema.org\",\"@graph\":[{\"@type\":\"Article\",\"@id\":\"https:\\\/\\\/buletin.de\\\/bucuresti\\\/marian-artimon-e-de-azi-consilier-general-urmasul-lui-ion-radoi-de-la-sindicatul-metrorex-si-a-depus-juramantul-in-cgmb\\\/#article\",\"isPartOf\":{\"@id\":\"https:\\\/\\\/buletin.de\\\/bucuresti\\\/marian-artimon-e-de-azi-consilier-general-urmasul-lui-ion-radoi-de-la-sindicatul-metrorex-si-a-depus-juramantul-in-cgmb\\\/\"},\"author\":{\"name\":\"Florin R\u00e2\u0219teiu\",\"@id\":\"https:\\\/\\\/buletin.de\\\/bucuresti\\\/#\\\/schema\\\/person\\\/b0686d7a8b666c6afc78239777fd8a89\"},\"headline\":\"Marian Artimon e, de azi, consilier general. Urma\u0219ul lui Ion R\u0103doi de la sindicatul Metrorex \u0219i-a depus jur\u0103m\u00e2ntul \u00een CGMB\",\"datePublished\":\"2023-12-18T09:44:01+00:00\",\"dateModified\":\"2023-12-18T09:44:02+00:00\",\"mainEntityOfPage\":{\"@id\":\"https:\\\/\\\/buletin.de\\\/bucuresti\\\/marian-artimon-e-de-azi-consilier-general-urmasul-lui-ion-radoi-de-la-sindicatul-metrorex-si-a-depus-juramantul-in-cgmb\\\/\"},\"wordCount\":399,\"publisher\":{\"@id\":\"https:\\\/\\\/buletin.de\\\/bucuresti\\\/#organization\"},\"image\":{\"@id\":\"https:\\\/\\\/buletin.de\\\/bucuresti\\\/marian-artimon-e-de-azi-consilier-general-urmasul-lui-ion-radoi-de-la-sindicatul-metrorex-si-a-depus-juramantul-in-cgmb\\\/#primaryimage\"},\"thumbnailUrl\":\"https:\\\/\\\/buletin.de\\\/bucuresti\\\/wp-content\\\/uploads\\\/ID220673_INQUAM_Photos_George_Calin-1.jpg\",\"keywords\":[\"Aurelian B\u0103dulescu\",\"cgmb\",\"Marian Artimon\",\"psd\"],\"articleSection\":[\"Articole\",\"Main\",\"Prim\u0103rie\"],\"inLanguage\":\"en-GB\",\"copyrightYear\":\"2023\",\"copyrightHolder\":{\"@id\":\"https:\\\/\\\/buletin.de\\\/bucuresti\\\/#organization\"}},{\"@type\":\"WebPage\",\"@id\":\"https:\\\/\\\/buletin.de\\\/bucuresti\\\/marian-artimon-e-de-azi-consilier-general-urmasul-lui-ion-radoi-de-la-sindicatul-metrorex-si-a-depus-juramantul-in-cgmb\\\/\",\"url\":\"https:\\\/\\\/buletin.de\\\/bucuresti\\\/marian-artimon-e-de-azi-consilier-general-urmasul-lui-ion-radoi-de-la-sindicatul-metrorex-si-a-depus-juramantul-in-cgmb\\\/\",\"name\":\"Marian Artimon e, de azi, consilier general. Urma\u0219ul lui Ion R\u0103doi de la sindicatul Metrorex \u0219i-a depus jur\u0103m\u00e2ntul \u00een CGMB - Buletin de Bucure\u0219ti\",\"isPartOf\":{\"@id\":\"https:\\\/\\\/buletin.de\\\/bucuresti\\\/#website\"},\"primaryImageOfPage\":{\"@id\":\"https:\\\/\\\/buletin.de\\\/bucuresti\\\/marian-artimon-e-de-azi-consilier-general-urmasul-lui-ion-radoi-de-la-sindicatul-metrorex-si-a-depus-juramantul-in-cgmb\\\/#primaryimage\"},\"image\":{\"@id\":\"https:\\\/\\\/buletin.de\\\/bucuresti\\\/marian-artimon-e-de-azi-consilier-general-urmasul-lui-ion-radoi-de-la-sindicatul-metrorex-si-a-depus-juramantul-in-cgmb\\\/#primaryimage\"},\"thumbnailUrl\":\"https:\\\/\\\/buletin.de\\\/bucuresti\\\/wp-content\\\/uploads\\\/ID220673_INQUAM_Photos_George_Calin-1.jpg\",\"datePublished\":\"2023-12-18T09:44:01+00:00\",\"dateModified\":\"2023-12-18T09:44:02+00:00\",\"breadcrumb\":{\"@id\":\"https:\\\/\\\/buletin.de\\\/bucuresti\\\/marian-artimon-e-de-azi-consilier-general-urmasul-lui-ion-radoi-de-la-sindicatul-metrorex-si-a-depus-juramantul-in-cgmb\\\/#breadcrumb\"},\"inLanguage\":\"en-GB\",\"potentialAction\":[{\"@type\":\"ReadAction\",\"target\":[\"https:\\\/\\\/buletin.de\\\/bucuresti\\\/marian-artimon-e-de-azi-consilier-general-urmasul-lui-ion-radoi-de-la-sindicatul-metrorex-si-a-depus-juramantul-in-cgmb\\\/\"]}]},{\"@type\":\"ImageObject\",\"inLanguage\":\"en-GB\",\"@id\":\"https:\\\/\\\/buletin.de\\\/bucuresti\\\/marian-artimon-e-de-azi-consilier-general-urmasul-lui-ion-radoi-de-la-sindicatul-metrorex-si-a-depus-juramantul-in-cgmb\\\/#primaryimage\",\"url\":\"https:\\\/\\\/buletin.de\\\/bucuresti\\\/wp-content\\\/uploads\\\/ID220673_INQUAM_Photos_George_Calin-1.jpg\",\"contentUrl\":\"https:\\\/\\\/buletin.de\\\/bucuresti\\\/wp-content\\\/uploads\\\/ID220673_INQUAM_Photos_George_Calin-1.jpg\",\"width\":2000,\"height\":1333,\"caption\":\"Foto: Inquam Photos \\\/ George C\u0103lin\"},{\"@type\":\"BreadcrumbList\",\"@id\":\"https:\\\/\\\/buletin.de\\\/bucuresti\\\/marian-artimon-e-de-azi-consilier-general-urmasul-lui-ion-radoi-de-la-sindicatul-metrorex-si-a-depus-juramantul-in-cgmb\\\/#breadcrumb\",\"itemListElement\":[{\"@type\":\"ListItem\",\"position\":1,\"name\":\"Acas\u0103\",\"item\":\"https:\\\/\\\/buletin.de\\\/bucuresti\\\/\"},{\"@type\":\"ListItem\",\"position\":2,\"name\":\"Marian Artimon e, de azi, consilier general. Urma\u0219ul lui Ion R\u0103doi de la sindicatul Metrorex \u0219i-a depus jur\u0103m\u00e2ntul \u00een CGMB\"}]},{\"@type\":\"WebSite\",\"@id\":\"https:\\\/\\\/buletin.de\\\/bucuresti\\\/#website\",\"url\":\"https:\\\/\\\/buletin.de\\\/bucuresti\\\/\",\"name\":\"Buletin de Bucure\u0219ti\",\"description\":\"\u0218tiri \u0219i investiga\u021bii esen\u021biale din capital\u0103\",\"publisher\":{\"@id\":\"https:\\\/\\\/buletin.de\\\/bucuresti\\\/#organization\"},\"potentialAction\":[{\"@type\":\"SearchAction\",\"target\":{\"@type\":\"EntryPoint\",\"urlTemplate\":\"https:\\\/\\\/buletin.de\\\/bucuresti\\\/?s={search_term_string}\"},\"query-input\":{\"@type\":\"PropertyValueSpecification\",\"valueRequired\":true,\"valueName\":\"search_term_string\"}}],\"inLanguage\":\"en-GB\"},{\"@type\":\"Organization\",\"@id\":\"https:\\\/\\\/buletin.de\\\/bucuresti\\\/#organization\",\"name\":\"Buletin de Bucure\u0219ti\",\"url\":\"https:\\\/\\\/buletin.de\\\/bucuresti\\\/\",\"logo\":{\"@type\":\"ImageObject\",\"inLanguage\":\"en-GB\",\"@id\":\"https:\\\/\\\/buletin.de\\\/bucuresti\\\/#\\\/schema\\\/logo\\\/image\\\/\",\"url\":\"https:\\\/\\\/buletin.de\\\/bucuresti\\\/wp-content\\\/uploads\\\/logo-bdb-full-wide-vernil-transparent.png\",\"contentUrl\":\"https:\\\/\\\/buletin.de\\\/bucuresti\\\/wp-content\\\/uploads\\\/logo-bdb-full-wide-vernil-transparent.png\",\"width\":1782,\"height\":626,\"caption\":\"Buletin de Bucure\u0219ti\"},\"image\":{\"@id\":\"https:\\\/\\\/buletin.de\\\/bucuresti\\\/#\\\/schema\\\/logo\\\/image\\\/\"},\"sameAs\":[\"https:\\\/\\\/www.facebook.com\\\/buletin.de.buc\",\"https:\\\/\\\/www.instagram.com\\\/buletinde.bucuresti\\\/\"]},{\"@type\":\"Person\",\"@id\":\"https:\\\/\\\/buletin.de\\\/bucuresti\\\/#\\\/schema\\\/person\\\/b0686d7a8b666c6afc78239777fd8a89\",\"name\":\"Florin R\u00e2\u0219teiu\",\"image\":{\"@type\":\"ImageObject\",\"inLanguage\":\"en-GB\",\"@id\":\"https:\\\/\\\/buletin.de\\\/bucuresti\\\/wp-content\\\/uploads\\\/Florin-Rasteiu-96x96.jpgf0a6fe28453aa12f0a60e4d0a2e3a78c\",\"url\":\"https:\\\/\\\/buletin.de\\\/bucuresti\\\/wp-content\\\/uploads\\\/Florin-Rasteiu-96x96.jpg\",\"contentUrl\":\"https:\\\/\\\/buletin.de\\\/bucuresti\\\/wp-content\\\/uploads\\\/Florin-Rasteiu-96x96.jpg\",\"caption\":\"Florin R\u00e2\u0219teiu\"},\"description\":\"Jurnalist de investiga\u021bie. Lucreaz\u0103 de aproape 6 ani la Buletin de Bucure\u0219ti, unde a publicat articole care scot la suprafa\u021b\u0103 corup\u021bia din Capital\u0103. Analizeaz\u0103 baze de date zilnic \u0219i scoate pove\u0219ti din exceluri pline de cifre. Pune reflectorul pe adev\u0103r cu fiecare ocazie. A c\u00e2\u0219tigat premiul I la categoria Pres\u0103 Local\u0103 \u00een 2025 \u0219i locul al II-lea la aceea\u0219i categorie \u00een 2024 \u00een cadrul Premiilor Superscrieri pentru jurnalism independent.\",\"url\":\"https:\\\/\\\/buletin.de\\\/bucuresti\\\/author\\\/florinrasteiu\\\/\"}]}<\/script>\n<!-- \/ Yoast SEO Premium plugin. -->","yoast_head_json":{"title":"Marian Artimon e, de azi, consilier general. Urma\u0219ul lui Ion R\u0103doi de la sindicatul Metrorex \u0219i-a depus jur\u0103m\u00e2ntul \u00een CGMB - Buletin de Bucure\u0219ti","robots":{"index":"index","follow":"follow","max-snippet":"max-snippet:-1","max-image-preview":"max-image-preview:large","max-video-preview":"max-video-preview:-1"},"canonical":"https:\/\/buletin.de\/bucuresti\/marian-artimon-e-de-azi-consilier-general-urmasul-lui-ion-radoi-de-la-sindicatul-metrorex-si-a-depus-juramantul-in-cgmb\/","og_locale":"en_GB","og_type":"article","og_title":"Marian Artimon e, de azi, consilier general. Urma\u0219ul lui Ion R\u0103doi de la sindicatul Metrorex \u0219i-a depus jur\u0103m\u00e2ntul \u00een CGMB","og_description":"\u00cen urma retragerii din func\u021bia de consilier general a social-democratului Aurelian B\u0103dulescu a r\u0103mas un loc liber, care a fost ocupat rapid de un alt membru PSD. Marian Artimon \u0219i-a depus jur\u0103m\u00e2ntul \u00een cadrul \u0219edin\u021bei de luni \u0219i a devenit oficial consilier general al Municipiului Bucure\u0219ti pentru restul mandatului. Marian Artimon nu este pentru prima [&hellip;]","og_url":"https:\/\/buletin.de\/bucuresti\/marian-artimon-e-de-azi-consilier-general-urmasul-lui-ion-radoi-de-la-sindicatul-metrorex-si-a-depus-juramantul-in-cgmb\/","og_site_name":"Buletin de Bucure\u0219ti","article_publisher":"https:\/\/www.facebook.com\/buletin.de.buc","article_published_time":"2023-12-18T09:44:01+00:00","article_modified_time":"2023-12-18T09:44:02+00:00","og_image":[{"width":2000,"height":1333,"url":"https:\/\/buletin.de\/bucuresti\/wp-content\/uploads\/ID220673_INQUAM_Photos_George_Calin-1.jpg","type":"image\/jpeg"}],"author":"Florin R\u00e2\u0219teiu","twitter_card":"summary_large_image","twitter_misc":{"Written by":"Florin R\u00e2\u0219teiu","Estimated reading time":"2 minutes"},"schema":{"@context":"https:\/\/schema.org","@graph":[{"@type":"Article","@id":"https:\/\/buletin.de\/bucuresti\/marian-artimon-e-de-azi-consilier-general-urmasul-lui-ion-radoi-de-la-sindicatul-metrorex-si-a-depus-juramantul-in-cgmb\/#article","isPartOf":{"@id":"https:\/\/buletin.de\/bucuresti\/marian-artimon-e-de-azi-consilier-general-urmasul-lui-ion-radoi-de-la-sindicatul-metrorex-si-a-depus-juramantul-in-cgmb\/"},"author":{"name":"Florin R\u00e2\u0219teiu","@id":"https:\/\/buletin.de\/bucuresti\/#\/schema\/person\/b0686d7a8b666c6afc78239777fd8a89"},"headline":"Marian Artimon e, de azi, consilier general. Urma\u0219ul lui Ion R\u0103doi de la sindicatul Metrorex \u0219i-a depus jur\u0103m\u00e2ntul \u00een CGMB","datePublished":"2023-12-18T09:44:01+00:00","dateModified":"2023-12-18T09:44:02+00:00","mainEntityOfPage":{"@id":"https:\/\/buletin.de\/bucuresti\/marian-artimon-e-de-azi-consilier-general-urmasul-lui-ion-radoi-de-la-sindicatul-metrorex-si-a-depus-juramantul-in-cgmb\/"},"wordCount":399,"publisher":{"@id":"https:\/\/buletin.de\/bucuresti\/#organization"},"image":{"@id":"https:\/\/buletin.de\/bucuresti\/marian-artimon-e-de-azi-consilier-general-urmasul-lui-ion-radoi-de-la-sindicatul-metrorex-si-a-depus-juramantul-in-cgmb\/#primaryimage"},"thumbnailUrl":"https:\/\/buletin.de\/bucuresti\/wp-content\/uploads\/ID220673_INQUAM_Photos_George_Calin-1.jpg","keywords":["Aurelian B\u0103dulescu","cgmb","Marian Artimon","psd"],"articleSection":["Articole","Main","Prim\u0103rie"],"inLanguage":"en-GB","copyrightYear":"2023","copyrightHolder":{"@id":"https:\/\/buletin.de\/bucuresti\/#organization"}},{"@type":"WebPage","@id":"https:\/\/buletin.de\/bucuresti\/marian-artimon-e-de-azi-consilier-general-urmasul-lui-ion-radoi-de-la-sindicatul-metrorex-si-a-depus-juramantul-in-cgmb\/","url":"https:\/\/buletin.de\/bucuresti\/marian-artimon-e-de-azi-consilier-general-urmasul-lui-ion-radoi-de-la-sindicatul-metrorex-si-a-depus-juramantul-in-cgmb\/","name":"Marian Artimon e, de azi, consilier general. Urma\u0219ul lui Ion R\u0103doi de la sindicatul Metrorex \u0219i-a depus jur\u0103m\u00e2ntul \u00een CGMB - Buletin de Bucure\u0219ti","isPartOf":{"@id":"https:\/\/buletin.de\/bucuresti\/#website"},"primaryImageOfPage":{"@id":"https:\/\/buletin.de\/bucuresti\/marian-artimon-e-de-azi-consilier-general-urmasul-lui-ion-radoi-de-la-sindicatul-metrorex-si-a-depus-juramantul-in-cgmb\/#primaryimage"},"image":{"@id":"https:\/\/buletin.de\/bucuresti\/marian-artimon-e-de-azi-consilier-general-urmasul-lui-ion-radoi-de-la-sindicatul-metrorex-si-a-depus-juramantul-in-cgmb\/#primaryimage"},"thumbnailUrl":"https:\/\/buletin.de\/bucuresti\/wp-content\/uploads\/ID220673_INQUAM_Photos_George_Calin-1.jpg","datePublished":"2023-12-18T09:44:01+00:00","dateModified":"2023-12-18T09:44:02+00:00","breadcrumb":{"@id":"https:\/\/buletin.de\/bucuresti\/marian-artimon-e-de-azi-consilier-general-urmasul-lui-ion-radoi-de-la-sindicatul-metrorex-si-a-depus-juramantul-in-cgmb\/#breadcrumb"},"inLanguage":"en-GB","potentialAction":[{"@type":"ReadAction","target":["https:\/\/buletin.de\/bucuresti\/marian-artimon-e-de-azi-consilier-general-urmasul-lui-ion-radoi-de-la-sindicatul-metrorex-si-a-depus-juramantul-in-cgmb\/"]}]},{"@type":"ImageObject","inLanguage":"en-GB","@id":"https:\/\/buletin.de\/bucuresti\/marian-artimon-e-de-azi-consilier-general-urmasul-lui-ion-radoi-de-la-sindicatul-metrorex-si-a-depus-juramantul-in-cgmb\/#primaryimage","url":"https:\/\/buletin.de\/bucuresti\/wp-content\/uploads\/ID220673_INQUAM_Photos_George_Calin-1.jpg","contentUrl":"https:\/\/buletin.de\/bucuresti\/wp-content\/uploads\/ID220673_INQUAM_Photos_George_Calin-1.jpg","width":2000,"height":1333,"caption":"Foto: Inquam Photos \/ George C\u0103lin"},{"@type":"BreadcrumbList","@id":"https:\/\/buletin.de\/bucuresti\/marian-artimon-e-de-azi-consilier-general-urmasul-lui-ion-radoi-de-la-sindicatul-metrorex-si-a-depus-juramantul-in-cgmb\/#breadcrumb","itemListElement":[{"@type":"ListItem","position":1,"name":"Acas\u0103","item":"https:\/\/buletin.de\/bucuresti\/"},{"@type":"ListItem","position":2,"name":"Marian Artimon e, de azi, consilier general. Urma\u0219ul lui Ion R\u0103doi de la sindicatul Metrorex \u0219i-a depus jur\u0103m\u00e2ntul \u00een CGMB"}]},{"@type":"WebSite","@id":"https:\/\/buletin.de\/bucuresti\/#website","url":"https:\/\/buletin.de\/bucuresti\/","name":"Buletin de Bucure\u0219ti","description":"\u0218tiri \u0219i investiga\u021bii esen\u021biale din capital\u0103","publisher":{"@id":"https:\/\/buletin.de\/bucuresti\/#organization"},"potentialAction":[{"@type":"SearchAction","target":{"@type":"EntryPoint","urlTemplate":"https:\/\/buletin.de\/bucuresti\/?s={search_term_string}"},"query-input":{"@type":"PropertyValueSpecification","valueRequired":true,"valueName":"search_term_string"}}],"inLanguage":"en-GB"},{"@type":"Organization","@id":"https:\/\/buletin.de\/bucuresti\/#organization","name":"Buletin de Bucure\u0219ti","url":"https:\/\/buletin.de\/bucuresti\/","logo":{"@type":"ImageObject","inLanguage":"en-GB","@id":"https:\/\/buletin.de\/bucuresti\/#\/schema\/logo\/image\/","url":"https:\/\/buletin.de\/bucuresti\/wp-content\/uploads\/logo-bdb-full-wide-vernil-transparent.png","contentUrl":"https:\/\/buletin.de\/bucuresti\/wp-content\/uploads\/logo-bdb-full-wide-vernil-transparent.png","width":1782,"height":626,"caption":"Buletin de Bucure\u0219ti"},"image":{"@id":"https:\/\/buletin.de\/bucuresti\/#\/schema\/logo\/image\/"},"sameAs":["https:\/\/www.facebook.com\/buletin.de.buc","https:\/\/www.instagram.com\/buletinde.bucuresti\/"]},{"@type":"Person","@id":"https:\/\/buletin.de\/bucuresti\/#\/schema\/person\/b0686d7a8b666c6afc78239777fd8a89","name":"Florin R\u00e2\u0219teiu","image":{"@type":"ImageObject","inLanguage":"en-GB","@id":"https:\/\/buletin.de\/bucuresti\/wp-content\/uploads\/Florin-Rasteiu-96x96.jpgf0a6fe28453aa12f0a60e4d0a2e3a78c","url":"https:\/\/buletin.de\/bucuresti\/wp-content\/uploads\/Florin-Rasteiu-96x96.jpg","contentUrl":"https:\/\/buletin.de\/bucuresti\/wp-content\/uploads\/Florin-Rasteiu-96x96.jpg","caption":"Florin R\u00e2\u0219teiu"},"description":"Jurnalist de investiga\u021bie. Lucreaz\u0103 de aproape 6 ani la Buletin de Bucure\u0219ti, unde a publicat articole care scot la suprafa\u021b\u0103 corup\u021bia din Capital\u0103. Analizeaz\u0103 baze de date zilnic \u0219i scoate pove\u0219ti din exceluri pline de cifre. Pune reflectorul pe adev\u0103r cu fiecare ocazie. A c\u00e2\u0219tigat premiul I la categoria Pres\u0103 Local\u0103 \u00een 2025 \u0219i locul al II-lea la aceea\u0219i categorie \u00een 2024 \u00een cadrul Premiilor Superscrieri pentru jurnalism independent.","url":"https:\/\/buletin.de\/bucuresti\/author\/florinrasteiu\/"}]}},"authors":[{"term_id":22576,"user_id":17,"is_guest":0,"slug":"florinrasteiu","display_name":"Florin R\u00e2\u0219teiu","avatar_url":"https:\/\/buletin.de\/bucuresti\/wp-content\/uploads\/Florin-Rasteiu-96x96.jpg","0":null,"1":"","2":"","3":"","4":"","5":"","6":"","7":"","8":""}],"_links":{"self":[{"href":"https:\/\/buletin.de\/bucuresti\/wp-json\/wp\/v2\/posts\/72621","targetHints":{"allow":["GET"]}}],"collection":[{"href":"https:\/\/buletin.de\/bucuresti\/wp-json\/wp\/v2\/posts"}],"about":[{"href":"https:\/\/buletin.de\/bucuresti\/wp-json\/wp\/v2\/types\/post"}],"author":[{"embeddable":true,"href":"https:\/\/buletin.de\/bucuresti\/wp-json\/wp\/v2\/users\/17"}],"replies":[{"embeddable":true,"href":"https:\/\/buletin.de\/bucuresti\/wp-json\/wp\/v2\/comments?post=72621"}],"version-history":[{"count":2,"href":"https:\/\/buletin.de\/bucuresti\/wp-json\/wp\/v2\/posts\/72621\/revisions"}],"predecessor-version":[{"id":72638,"href":"https:\/\/buletin.de\/bucuresti\/wp-json\/wp\/v2\/posts\/72621\/revisions\/72638"}],"wp:featuredmedia":[{"embeddable":true,"href":"https:\/\/buletin.de\/bucuresti\/wp-json\/wp\/v2\/media\/72630"}],"wp:attachment":[{"href":"https:\/\/buletin.de\/bucuresti\/wp-json\/wp\/v2\/media?parent=72621"}],"wp:term":[{"taxonomy":"category","embeddable":true,"href":"https:\/\/buletin.de\/bucuresti\/wp-json\/wp\/v2\/categories?post=72621"},{"taxonomy":"post_tag","embeddable":true,"href":"https:\/\/buletin.de\/bucuresti\/wp-json\/wp\/v2\/tags?post=72621"},{"taxonomy":"author","embeddable":true,"href":"https:\/\/buletin.de\/bucuresti\/wp-json\/wp\/v2\/ppma_author?post=72621"}],"curies":[{"name":"wp","href":"https:\/\/api.w.org\/{rel}","templated":true}]}}