{"id":7257,"date":"2020-05-18T12:16:46","date_gmt":"2020-05-18T09:16:46","guid":{"rendered":"https:\/\/buletin.de\/bucuresti\/?p=7257"},"modified":"2020-05-18T12:16:46","modified_gmt":"2020-05-18T09:16:46","slug":"ghid-informativ-calendarul-si-programa-examenelor-nationale-masuri-de-preventie-covid-19-in-scoli-pe-perioada-acestora","status":"publish","type":"post","link":"https:\/\/buletin.de\/bucuresti\/ghid-informativ-calendarul-si-programa-examenelor-nationale-masuri-de-preventie-covid-19-in-scoli-pe-perioada-acestora\/","title":{"rendered":"Ghid informativ. Calendarul \u0219i programa examenelor na\u021bionale. M\u0103suri de preven\u021bie Covid-19 \u00een \u0219coli, pe perioada acestora"},"content":{"rendered":"\n<p>Pe 15 mai Rom\u00e2nia a trecut din stare de urgen\u021b\u0103 \u00een stare de alert\u0103, moment \u00een care m\u0103surile pentru preven\u021bia \u0219i combaterea Covid-19 s-au schimbat. Printre acestea se afl\u0103 \u0219i cele care reglementeaz\u0103 domeniul educa\u021biei. C\u00e2nd \u0219i \u00een ce fel vor fi desf\u0103\u0219urate examenele na\u021bionale? Dar Bacalaureatul? Ce m\u0103suri de prevenire vor fi instituite \u00een unit\u0103\u021bile de \u00eenv\u0103\u021b\u0103m\u00e2nt? <strong>Buletin de Bucure\u0219ti a f\u0103cut un scurt ghid informativ care vine cu r\u0103spunsurile la toate aceste \u00eentreb\u0103ri \u0219i mai mult. <\/strong><\/p>\n\n\n\n<h2 class=\"wp-block-heading\"><strong>C\u00e2nd au loc \u00eenscrierile \u0219i re\u00eenscrierile la gr\u0103dini\u021b\u0103? <\/strong><\/h2>\n\n\n\n<p>Re\u00eenscrierea\ncopiilor care frecventeaz\u0103 gr\u0103dini\u021ba \u00een acest an \u0219colar \u0219i doresc s\u0103 o frecventeze\n\u0219i \u00een 2020-2021 va avea loc \u00eentre 25 mai \u0219i 5 iunie. <a href=\"https:\/\/www.edu.ro\/au-fost-aprobate-procedura-%C8%99i-calendarul-privind-%C3%AEnscriereare%C3%AEnscrierea-%C3%AEn-%C3%AEnv%C4%83%C8%9B%C4%83m%C3%A2ntul-pre%C8%99colar\">\u00censcrierea\ncopiilor la gr\u0103dini\u021b\u0103<\/a> se va desf\u0103\u0219ura \u00een dou\u0103 etape: 8 iunie- 3 iulie \u0219i 20\niulie &#8211; 10 august. Cazurile care nu au fost clarificate \u00een cele dou\u0103 etape de\n\u00eenscrieri se pot rezolva \u00een perioada 11 &#8211; 31 august. Re\u00eenscrierile se pot\nefectua \u0219i prin po\u0219t\u0103 electronic\u0103, telefonic sau fax.<\/p>\n\n\n\n<h2 class=\"wp-block-heading\"><strong>C\u00e2nd are loc \u00eenscrierea \u00een \u00eenv\u0103\u021b\u0103m\u00e2ntul primar?<\/strong><\/h2>\n\n\n\n<p>Dup\u0103 \u00eencheierea\nperioadei de completare \u0219i validare a cererilor-tip de \u00eenscriere (4 martie \u2013 7 iulie),\n<a href=\"https:\/\/www.edu.ro\/ordinul-de-ministru-privind-%C3%AEnscrierea-%C3%AEn-%C3%AEnv%C4%83%C8%9B%C4%83m%C3%A2ntul-primar-fost-publicat-%C3%AEn-monitorul-oficial\">cuprinderea\ncopiilor \u00een clasa preg\u0103titoare<\/a> se face \u00een dou\u0103 etape succesive: 8-20 iulie\n\u0219i 21-31 iulie. Pe 31 iulie vor fi afi\u0219ate la fiecare unitate de \u00eenv\u0103\u021b\u0103m\u00e2nt\nlistele finale ale copiilor \u00eenscri\u0219i \u00een clasa preg\u0103titoare.<\/p>\n\n\n\n<h2 class=\"wp-block-heading\"><strong>C\u00e2nd au loc probele de Evaluare Na\u021bional\u0103 a elevilor clasei a VIII-a?<\/strong><\/h2>\n\n\n\n<p>\u00censcrierea elevilor\nse va face \u00eentre 2 \u0219i 5 iunie. Examenele se vor sus\u021bine astfel: Limba \u0219i\nLiteratura Rom\u00e2n\u0103 pe 15 iunie, Matematic\u0103 pe 17 iunie \u0219i Limba \u0219i Liteartura\nmatern\u0103 pe 18 iunie. Rezultatele vor fi afi\u0219ate pe 22 iunie p\u00e2n\u0103 \u00een ora 14:00,\niar p\u00e2n\u0103 urm\u0103toare zi, 23 iunie, vor putea fi depuse \u0219i prin mijloace\nelectronice contesta\u021biile. Pe 27 se vor afla rezultatele finale. <\/p>\n\n\n\n<h2 class=\"wp-block-heading\"><strong>Care este calendarul pentru examenul de Bacalaureat? <\/strong><\/h2>\n\n\n\n<p>Conform <a href=\"https:\/\/stiriedu.ro\/2020\/05\/18\/calendar-bacalaureat-2020-care-sunt-datele-de-examene-propuse-de-ministerul-educatiei\/\">stiriedu.ro<\/a>,\n\u00eenscrierea candida\u021bilor va avea loc \u00eenre 9 \u0219i 12 iunie. Pe 22 iunie se va\nsus\u021bine prima prob\u0103 scris\u0103, cea la Limba \u0219i Literatura Rom\u00e2n\u0103, pe 23 iunie la Limba\n\u0219i Literatura Matern\u0103, pe 24 iunie proba obligatorie a profilului, iar pe 25\niunie proba la alegere a profilului. <\/p>\n\n\n\n<p>Comisia de Dialog\nSocial va stabili ast\u0103zi datele exacte pe care le vom actualiza aici. <\/p>\n\n\n\n<h2 class=\"wp-block-heading\"><strong>Care sunt programele pentru disciplinele de examen din anul acesta?<\/strong><\/h2>\n\n\n\n<p>Elevii care vor\nsus\u021bine anul aceste Examene Na\u021bionale sau Bacalareatul nu vor trebui s\u0103 \u00eenve\u021be\ncon\u021binuturile ce urmau a fi parcurse \u00een semestrul al II-lea. Programele pentru\nEvaluarea Na\u021bional\u0103 pentru absolven\u021bii clasei a VIII-a se g\u0103sesc \u0219i pentru\nprobele scrise de la Bacalaureat se g\u0103sesc \u00een documentele integrale de mai jos.\n<\/p>\n\n\n\n<p style=\"   margin: 12px auto 6px auto;   font-family: Helvetica,Arial,Sans-serif;   font-style: normal;   font-variant: normal;   font-weight: normal;   font-size: 14px;   line-height: normal;   font-size-adjust: none;   font-stretch: normal;   -x-system-font: none;   display: block;\"><a title=\"View PROGRAME pentru Evaluarea Na\u021bional\u0103 pentru absolven\u021bii clasei a VIII-a on Scribd\" href=\"https:\/\/www.scribd.com\/document\/458766501\/Programe-en-VIII-Dupa-Declararea-Starii-de-Urgenta#from_embed\" style=\"text-decoration: underline;\">PROGRAME pentru Evaluarea N&#8230;<\/a> by <a title=\"View Bianca's profile on Scribd\" href=\"https:\/\/www.scribd.com\/user\/310806142\/Bianca#from_embed\" style=\"text-decoration: underline;\">Bianca<\/a> on Scribd<\/p><iframe class=\"scribd_iframe_embed\" title=\"PROGRAME pentru Evaluarea Na\u021bional\u0103 pentru absolven\u021bii clasei a VIII-a\" src=\"https:\/\/www.scribd.com\/embeds\/461950150\/content?start_page=1&amp;view_mode=scroll&amp;access_key=key-jBEVZVI9kYMLNY8tyN6p\" data-auto-height=\"true\" data-aspect-ratio=\"0.7068965517241379\" scrolling=\"no\" width=\"100%\" height=\"600\" frameborder=\"0\"><\/iframe>\n\n\n\n<p style=\"   margin: 12px auto 6px auto;   font-family: Helvetica,Arial,Sans-serif;   font-style: normal;   font-variant: normal;   font-weight: normal;   font-size: 14px;   line-height: normal;   font-size-adjust: none;   font-stretch: normal;   -x-system-font: none;   display: block;\"><a title=\"View EXAMENUL DE BACALAUREAT NA\u021aIONAL 2020 on Scribd\" href=\"https:\/\/www.scribd.com\/document\/457498125\/Programa-modificata-Bacalaureat-2020-toate-disciplinele#from_embed\" style=\"text-decoration: underline;\">EXAMENUL DE BACALAUREAT NA\u021a&#8230;<\/a> by <a title=\"View Bianca's profile on Scribd\" href=\"https:\/\/www.scribd.com\/user\/310806142\/Bianca#from_embed\" style=\"text-decoration: underline;\">Bianca<\/a> on Scribd<\/p><iframe class=\"scribd_iframe_embed\" title=\"EXAMENUL DE BACALAUREAT NA\u021aIONAL 2020\" src=\"https:\/\/www.scribd.com\/embeds\/461950444\/content?start_page=1&amp;view_mode=scroll&amp;access_key=key-Stmr4mUhK3IJsTEFXfrG\" data-auto-height=\"true\" data-aspect-ratio=\"0.7068965517241379\" scrolling=\"no\" width=\"100%\" height=\"600\" frameborder=\"0\"><\/iframe>\n\n\n\n<h2 class=\"wp-block-heading\"><strong>Se vor sus\u021bine probe orale la Bacalaureat anul acesta?<\/strong><\/h2>\n\n\n\n<p>Nu, probele de\nevaluare a competen\u021belor lingvistice de comunicare oral\u0103 nu se vor sus\u021bine \u0219i\nvor fi echivalate cu mediile din liceu sau cu certificate ob\u021binute la\nrespectivele discipline. <\/p>\n\n\n\n<h2 class=\"wp-block-heading\"><strong>Ce se \u00eent\u00e2mpl\u0103 dac\u0103 un elev este \u00een izolare sau e confirmat pozitiv cu noul coronavirus? <\/strong><\/h2>\n\n\n\n<p>Elevii afla\u021bi \u00een\nizolare sau confirma\u021bi pozitiv cu noul coronavirus vor sus\u021bine probele conform unei\nproceduri speciale. Pentru elevii care solicit\u0103 \u0219i primesc, \u00een cazuri\njustificate, aprobarea Comisiei Na\u021bionale de Organizare a Evalu\u0103rii Na\u021bionale\n\u00een vederea sus\u021binerii probelor cu subiectul de rezerv\u0103, se organizeaz\u0103 proba\nscris\u0103\/probele scrise dup\u0103 finalizarea ultimei probe prev\u0103zute \u00een calendarul de\ndesf\u0103\u0219urare a Evalu\u0103rii Na\u021bionale VIII.<\/p>\n\n\n\n<h2 class=\"wp-block-heading\"><strong>Ce alte m\u0103suri au mai fost adoptate?<\/strong><\/h2>\n\n\n\n<p>To\u021bi elevii din Rom\u00e2nia vor beneficia de transport public gratuit. <\/p>\n\n\n\n<p><\/p>\n\n\n\n<p><\/p>\n\n\n\n<p><\/p>\n\n\n\n<p><\/p>\n\n\n\n<div class=\"wp-block-group has-background\" style=\"background-color:#e3f3fe\"><div class=\"wp-block-group__inner-container is-layout-flow wp-block-group-is-layout-flow\">\n<p class=\"has-large-font-size\"><strong>M\u0103suri de prevenire \u0219i combatere a Covid-19 \u00een unit\u0103\u021bile de \u00eenv\u0103\u021b\u0103m\u00e2nt<\/strong><\/p>\n\n\n\n<p class=\"has-normal-font-size\"><strong>M\u0103suri pentru organizarea activit\u0103\u021bii \u00een actualul context epidemiologic:<\/strong><\/p>\n\n\n\n<p class=\"has-small-font-size\">\u25cf accesul \u00een institu\u021bii trebuie organizat astfel \u00eenc\u00e2t s\u0103 existe o suprafa\u021b\u0103 minim\u0103 de 4 mp pentru fiecare persoan\u0103 \u0219i o distan\u021b\u0103 minim\u0103 de 2 metri \u00eentre oricare dou\u0103 persoane apropiate;<\/p>\n\n\n\n<p class=\"has-small-font-size\">\u25cf accesul este interzis pentru persoanele care au o temperatur\u0103 corporal\u0103 ce dep\u0103\u0219e\u0219te 37,3 grade Celsius &#8211; temperatura va fi m\u0103surat\u0103 la intrarea \u00een incinta institu\u021biei;<\/p>\n\n\n\n<p class=\"has-small-font-size\">\u25cf suprafe\u021bele expuse vor fi dezinfectate \u0219i, de asemenea, se vor evita aglomer\u0103rile de persoane.<\/p>\n\n\n\n<p><strong>M\u0103suri de prevenire \u0219i protec\u021bie \u00een perioada desf\u0103\u0219ur\u0103rii activit\u0103\u021bilor de preg\u0103tire pentru elevii din clasele terminale \u0219i \u00een perioada organiz\u0103rii examenelor na\u021bionale \u0219i de certificare \u0219i calificare <\/strong><\/p>\n\n\n\n<p class=\"has-small-font-size\">\u25cf activitatea de preg\u0103tire se va organiza pe grupe formate\ndin cel mult 10 elevi; <\/p>\n\n\n\n<p class=\"has-small-font-size\">\u25cf pauzele vor fi de 10 minute la fiecare or\u0103, timp \u00een care\n\u00eenc\u0103perile vor fi aerisite, iar programul organizat astfel \u00eenc\u00e2t, simultan, s\u0103\nnu se \u00eent\u00e2lneasc\u0103 mai mult de dou\u0103 grupe de elevi; <\/p>\n\n\n\n<p class=\"has-small-font-size\">\u25cf \u00eenainte de \u00eenceperea activit\u0103\u021bii, spa\u021biile vor fi dezinfectate cu substan\u021be biocide, pe baz\u0103 de clor sau alcool, activitate urmat\u0103 de aerisirea \u00eenc\u0103perii pentru o perioad\u0103 de cel pu\u021bin 30 de minute; <\/p>\n\n\n\n<p class=\"has-small-font-size\">\u25cf accesul \u00een interiorul unit\u0103\u021bii de \u00eenv\u0103\u021b\u0103m\u00e2nt preuniversitar se va realiza doar dup\u0103 dezinfec\u021bia m\u00e2inilor, verificarea temperaturii &#8211; temperatur\u0103 care nu trebuie s\u0103 dep\u0103\u0219easc\u0103 37,3 grade Celsius &#8211; \u0219i sub rezerva absen\u021bei simptomelor virozelor respiratorii; <\/p>\n\n\n\n<p class=\"has-small-font-size\">\u25cf elevii \u0219i profesorii vor purta masc\u0103 medical\u0103 simpl\u0103 sau masc\u0103 nemedical\u0103, iar elevii vor fi a\u0219eza\u021bi \u00een b\u0103nci astfel \u00eenc\u00e2t s\u0103 aib\u0103 cel pu\u021bin un loc liber \u00een st\u00e2nga \u0219i \u00een dreapta \u0219i un r\u00e2nd liber \u00een fa\u021b\u0103 \u0219i \u00een spate; <\/p>\n\n\n\n<p class=\"has-small-font-size\">\u25cf m\u0103\u0219tile purtate vor fi colectate \u00een locuri special amenajate.<\/p>\n\n\n\n<p><strong>M\u0103suri la intrarea \u00een institu\u021bie a elevilor\/studen\u021bilor \u0219i a cadrelor didactice:<\/strong><\/p>\n\n\n\n<p class=\"has-small-font-size\">\u25cf prestabilirea\ncircuitului c\u0103tre\/\u0219i din sala de examen;<\/p>\n\n\n\n<p class=\"has-small-font-size\">\u25cf candida\u021bii \u0219i\nsupraveghetorii vor fi proteja\u021bi prin masca facial\u0103;<\/p>\n\n\n\n<p class=\"has-small-font-size\">\u25cf intrarea \u00een sala de examen se va face \u00een mod organizat, pe r\u00e2nd, p\u0103str\u00e2nd distan\u021ba de 2 metri, iar \u00een fa\u021ba u\u0219ii vor exista marcaje cu band\u0103 colorat\u0103;<\/p>\n\n\n\n<p class=\"has-small-font-size\">\u25cf pupitrele vor fi individualizate\/prestabilite \u0219i, de asemenea, se va asigura reprezentarea grafic\u0103 a situ\u0103rii acestora la intrarea \u00een sal\u0103;<\/p>\n\n\n\n<p class=\"has-small-font-size\">\u25cf personalul ce asigur\u0103\nsupravegherea va dirija candidatul c\u0103tre locul destinat.<\/p>\n\n\n\n<p><strong>Asigurarea condi\u021biilor igienice \u00een sala de curs\/examen:<\/strong><\/p>\n\n\n\n<p class=\"has-small-font-size\">\u25cf asigurarea cur\u0103\u021beniei \u0219i dezinfect\u0103rii pardoselilor, a locurilor de activitate (pupitre, scaune), a clan\u021belor, a m\u00e2nerelor de la ferestre, a pervazurilor &#8211; prin \u0219tergere cu ap\u0103 \u0219i detergent, apoi cu substan\u021be biocide pe baz\u0103 de clor sau alcool, \u00eenainte \u0219i dup\u0103 fiecare serie de candida\u021bi;<\/p>\n\n\n\n<p class=\"has-small-font-size\">\u25cf aerisirea\ns\u0103lii, \u00eenainte de examen, pentru o perioad\u0103 de cel pu\u021bin 30 de minute;<\/p>\n\n\n\n<p class=\"has-small-font-size\">\u25cf la intrarea \u00een sal\u0103, se vor amplasa dispozitive medicale cu substan\u021b\u0103 dezinfectant\u0103 pentru m\u00e2ini;<\/p>\n\n\n\n<p class=\"has-small-font-size\">\u25cf stabilirea locurilor se va face p\u0103str\u00e2nd o distan\u021b\u0103 \u00eentre candida\u021bi, pe r\u00e2nduri \u0219i \u00eentre r\u00e2nduri, de 2 metri;<\/p>\n\n\n\n<p class=\"has-small-font-size\">\u25cf pe toat\u0103 durata cursurilor\/examin\u0103rii se vor respecta regulile generale ale unei conduite s\u0103n\u0103toase (distan\u021barea social\u0103, evitarea atingerii nasului cu m\u00e2na, a ochilor \u0219i a gurii, str\u0103nutul \u00een pliul cotului\/batista de unic\u0103 folosin\u021b\u0103, evitarea contactelor directe cu cei din jur).<\/p>\n\n\n\n<p><strong>Asigurarea condi\u021biilor igienice pentru grupul sanitar care deserve\u0219te sala de curs\/examen<\/strong><\/p>\n\n\n\n<p class=\"has-small-font-size\">\u25cf asigurarea de dispozitive medicale cu substan\u021b\u0103 dezinfectant\u0103 pentru m\u00e2ini la intrarea \u00een toalet\u0103;<\/p>\n\n\n\n<p class=\"has-small-font-size\">\u25cf asigurarea de\nh\u00e2rtie igienic\u0103 \u00een fiecare cabin\u0103 a toaletei;<\/p>\n\n\n\n<p class=\"has-small-font-size\">\u25cf asigurarea de\ndispensere cu s\u0103pun, situate l\u00e2ng\u0103 lavoare;<\/p>\n\n\n\n<p class=\"has-small-font-size\">\u25cf asigurarea de\ndispozitive cu prosoape de h\u00e2rtie sau usc\u0103toare pentru m\u00e2ini;<\/p>\n\n\n\n<p class=\"has-small-font-size\">\u25cf asigurarea cur\u0103\u021beniei \u0219i dezinfect\u0103rii \u00eentregului grup sanitar (vas WC, lavoare, clan\u021be, pardoseala).<\/p>\n<\/div><\/div>\n\n\n\n<p>Surs\u0103 cover foto: Ministerul Educa\u021biei \u0219i Cercet\u0103rii<\/p>\n","protected":false},"excerpt":{"rendered":"<p>Pe 15 mai Rom\u00e2nia a trecut din stare de urgen\u021b\u0103 \u00een stare de alert\u0103, moment \u00een care m\u0103surile pentru preven\u021bia \u0219i combaterea Covid-19 s-au schimbat. Printre acestea se afl\u0103 \u0219i cele care reglementeaz\u0103 domeniul educa\u021biei. C\u00e2nd \u0219i \u00een ce fel vor fi desf\u0103\u0219urate examenele na\u021bionale? Dar Bacalaureatul? Ce m\u0103suri de prevenire vor fi instituite \u00een [&hellip;]<\/p>\n","protected":false},"author":6,"featured_media":7262,"comment_status":"closed","ping_status":"open","sticky":false,"template":"","format":"standard","meta":{"_acf_changed":false,"inline_featured_image":false,"ngg_post_thumbnail":0,"footnotes":""},"categories":[996,62],"tags":[],"ppma_author":[22588],"class_list":["post-7257","post","type-post","status-publish","format-standard","has-post-thumbnail","hentry","category-covid-19","category-stiri"],"acf":[],"yoast_head":"<!-- This site is optimized with the Yoast SEO Premium plugin v25.3 (Yoast SEO v27.4) - https:\/\/yoast.com\/product\/yoast-seo-premium-wordpress\/ -->\n<title>Ghid informativ. Calendarul \u0219i programa examenelor na\u021bionale. M\u0103suri de preven\u021bie Covid-19 \u00een \u0219coli, pe perioada acestora - Buletin de Bucure\u0219ti<\/title>\n<meta name=\"robots\" content=\"index, follow, max-snippet:-1, max-image-preview:large, max-video-preview:-1\" \/>\n<link rel=\"canonical\" href=\"https:\/\/buletin.de\/bucuresti\/ghid-informativ-calendarul-si-programa-examenelor-nationale-masuri-de-preventie-covid-19-in-scoli-pe-perioada-acestora\/\" \/>\n<meta property=\"og:locale\" content=\"en_GB\" \/>\n<meta property=\"og:type\" content=\"article\" \/>\n<meta property=\"og:title\" content=\"Ghid informativ. Calendarul \u0219i programa examenelor na\u021bionale. M\u0103suri de preven\u021bie Covid-19 \u00een \u0219coli, pe perioada acestora\" \/>\n<meta property=\"og:description\" content=\"Pe 15 mai Rom\u00e2nia a trecut din stare de urgen\u021b\u0103 \u00een stare de alert\u0103, moment \u00een care m\u0103surile pentru preven\u021bia \u0219i combaterea Covid-19 s-au schimbat. Printre acestea se afl\u0103 \u0219i cele care reglementeaz\u0103 domeniul educa\u021biei. C\u00e2nd \u0219i \u00een ce fel vor fi desf\u0103\u0219urate examenele na\u021bionale? Dar Bacalaureatul? Ce m\u0103suri de prevenire vor fi instituite \u00een [&hellip;]\" \/>\n<meta property=\"og:url\" content=\"https:\/\/buletin.de\/bucuresti\/ghid-informativ-calendarul-si-programa-examenelor-nationale-masuri-de-preventie-covid-19-in-scoli-pe-perioada-acestora\/\" \/>\n<meta property=\"og:site_name\" content=\"Buletin de Bucure\u0219ti\" \/>\n<meta property=\"article:publisher\" content=\"https:\/\/www.facebook.com\/buletin.de.buc\" \/>\n<meta property=\"article:published_time\" content=\"2020-05-18T09:16:46+00:00\" \/>\n<meta property=\"og:image\" content=\"https:\/\/buletin.de\/bucuresti\/wp-content\/uploads\/97342745_2939271296187151_3462071230616567808_o.jpg\" \/>\n\t<meta property=\"og:image:width\" content=\"960\" \/>\n\t<meta property=\"og:image:height\" content=\"960\" \/>\n\t<meta property=\"og:image:type\" content=\"image\/jpeg\" \/>\n<meta name=\"author\" content=\"Bianca Albu\" \/>\n<meta name=\"twitter:card\" content=\"summary_large_image\" \/>\n<meta name=\"twitter:label1\" content=\"Written by\" \/>\n\t<meta name=\"twitter:data1\" content=\"Bianca Albu\" \/>\n\t<meta name=\"twitter:label2\" content=\"Estimated reading time\" \/>\n\t<meta name=\"twitter:data2\" content=\"6 minutes\" \/>\n<script type=\"application\/ld+json\" class=\"yoast-schema-graph\">{\"@context\":\"https:\\\/\\\/schema.org\",\"@graph\":[{\"@type\":\"Article\",\"@id\":\"https:\\\/\\\/buletin.de\\\/bucuresti\\\/ghid-informativ-calendarul-si-programa-examenelor-nationale-masuri-de-preventie-covid-19-in-scoli-pe-perioada-acestora\\\/#article\",\"isPartOf\":{\"@id\":\"https:\\\/\\\/buletin.de\\\/bucuresti\\\/ghid-informativ-calendarul-si-programa-examenelor-nationale-masuri-de-preventie-covid-19-in-scoli-pe-perioada-acestora\\\/\"},\"author\":{\"name\":\"Bianca Albu\",\"@id\":\"https:\\\/\\\/buletin.de\\\/bucuresti\\\/#\\\/schema\\\/person\\\/295dc2228d2dc79294d636619468dc7f\"},\"headline\":\"Ghid informativ. Calendarul \u0219i programa examenelor na\u021bionale. M\u0103suri de preven\u021bie Covid-19 \u00een \u0219coli, pe perioada acestora\",\"datePublished\":\"2020-05-18T09:16:46+00:00\",\"mainEntityOfPage\":{\"@id\":\"https:\\\/\\\/buletin.de\\\/bucuresti\\\/ghid-informativ-calendarul-si-programa-examenelor-nationale-masuri-de-preventie-covid-19-in-scoli-pe-perioada-acestora\\\/\"},\"wordCount\":1309,\"publisher\":{\"@id\":\"https:\\\/\\\/buletin.de\\\/bucuresti\\\/#organization\"},\"image\":{\"@id\":\"https:\\\/\\\/buletin.de\\\/bucuresti\\\/ghid-informativ-calendarul-si-programa-examenelor-nationale-masuri-de-preventie-covid-19-in-scoli-pe-perioada-acestora\\\/#primaryimage\"},\"thumbnailUrl\":\"https:\\\/\\\/buletin.de\\\/bucuresti\\\/wp-content\\\/uploads\\\/97342745_2939271296187151_3462071230616567808_o.jpg\",\"articleSection\":[\"Covid-19\",\"\u0218tiri\"],\"inLanguage\":\"en-GB\",\"copyrightYear\":\"2020\",\"copyrightHolder\":{\"@id\":\"https:\\\/\\\/buletin.de\\\/bucuresti\\\/#organization\"}},{\"@type\":\"WebPage\",\"@id\":\"https:\\\/\\\/buletin.de\\\/bucuresti\\\/ghid-informativ-calendarul-si-programa-examenelor-nationale-masuri-de-preventie-covid-19-in-scoli-pe-perioada-acestora\\\/\",\"url\":\"https:\\\/\\\/buletin.de\\\/bucuresti\\\/ghid-informativ-calendarul-si-programa-examenelor-nationale-masuri-de-preventie-covid-19-in-scoli-pe-perioada-acestora\\\/\",\"name\":\"Ghid informativ. Calendarul \u0219i programa examenelor na\u021bionale. M\u0103suri de preven\u021bie Covid-19 \u00een \u0219coli, pe perioada acestora - Buletin de Bucure\u0219ti\",\"isPartOf\":{\"@id\":\"https:\\\/\\\/buletin.de\\\/bucuresti\\\/#website\"},\"primaryImageOfPage\":{\"@id\":\"https:\\\/\\\/buletin.de\\\/bucuresti\\\/ghid-informativ-calendarul-si-programa-examenelor-nationale-masuri-de-preventie-covid-19-in-scoli-pe-perioada-acestora\\\/#primaryimage\"},\"image\":{\"@id\":\"https:\\\/\\\/buletin.de\\\/bucuresti\\\/ghid-informativ-calendarul-si-programa-examenelor-nationale-masuri-de-preventie-covid-19-in-scoli-pe-perioada-acestora\\\/#primaryimage\"},\"thumbnailUrl\":\"https:\\\/\\\/buletin.de\\\/bucuresti\\\/wp-content\\\/uploads\\\/97342745_2939271296187151_3462071230616567808_o.jpg\",\"datePublished\":\"2020-05-18T09:16:46+00:00\",\"breadcrumb\":{\"@id\":\"https:\\\/\\\/buletin.de\\\/bucuresti\\\/ghid-informativ-calendarul-si-programa-examenelor-nationale-masuri-de-preventie-covid-19-in-scoli-pe-perioada-acestora\\\/#breadcrumb\"},\"inLanguage\":\"en-GB\",\"potentialAction\":[{\"@type\":\"ReadAction\",\"target\":[\"https:\\\/\\\/buletin.de\\\/bucuresti\\\/ghid-informativ-calendarul-si-programa-examenelor-nationale-masuri-de-preventie-covid-19-in-scoli-pe-perioada-acestora\\\/\"]}]},{\"@type\":\"ImageObject\",\"inLanguage\":\"en-GB\",\"@id\":\"https:\\\/\\\/buletin.de\\\/bucuresti\\\/ghid-informativ-calendarul-si-programa-examenelor-nationale-masuri-de-preventie-covid-19-in-scoli-pe-perioada-acestora\\\/#primaryimage\",\"url\":\"https:\\\/\\\/buletin.de\\\/bucuresti\\\/wp-content\\\/uploads\\\/97342745_2939271296187151_3462071230616567808_o.jpg\",\"contentUrl\":\"https:\\\/\\\/buletin.de\\\/bucuresti\\\/wp-content\\\/uploads\\\/97342745_2939271296187151_3462071230616567808_o.jpg\",\"width\":960,\"height\":960},{\"@type\":\"BreadcrumbList\",\"@id\":\"https:\\\/\\\/buletin.de\\\/bucuresti\\\/ghid-informativ-calendarul-si-programa-examenelor-nationale-masuri-de-preventie-covid-19-in-scoli-pe-perioada-acestora\\\/#breadcrumb\",\"itemListElement\":[{\"@type\":\"ListItem\",\"position\":1,\"name\":\"Acas\u0103\",\"item\":\"https:\\\/\\\/buletin.de\\\/bucuresti\\\/\"},{\"@type\":\"ListItem\",\"position\":2,\"name\":\"Ghid informativ. Calendarul \u0219i programa examenelor na\u021bionale. M\u0103suri de preven\u021bie Covid-19 \u00een \u0219coli, pe perioada acestora\"}]},{\"@type\":\"WebSite\",\"@id\":\"https:\\\/\\\/buletin.de\\\/bucuresti\\\/#website\",\"url\":\"https:\\\/\\\/buletin.de\\\/bucuresti\\\/\",\"name\":\"Buletin de Bucure\u0219ti\",\"description\":\"\u0218tiri \u0219i investiga\u021bii esen\u021biale din capital\u0103\",\"publisher\":{\"@id\":\"https:\\\/\\\/buletin.de\\\/bucuresti\\\/#organization\"},\"potentialAction\":[{\"@type\":\"SearchAction\",\"target\":{\"@type\":\"EntryPoint\",\"urlTemplate\":\"https:\\\/\\\/buletin.de\\\/bucuresti\\\/?s={search_term_string}\"},\"query-input\":{\"@type\":\"PropertyValueSpecification\",\"valueRequired\":true,\"valueName\":\"search_term_string\"}}],\"inLanguage\":\"en-GB\"},{\"@type\":\"Organization\",\"@id\":\"https:\\\/\\\/buletin.de\\\/bucuresti\\\/#organization\",\"name\":\"Buletin de Bucure\u0219ti\",\"url\":\"https:\\\/\\\/buletin.de\\\/bucuresti\\\/\",\"logo\":{\"@type\":\"ImageObject\",\"inLanguage\":\"en-GB\",\"@id\":\"https:\\\/\\\/buletin.de\\\/bucuresti\\\/#\\\/schema\\\/logo\\\/image\\\/\",\"url\":\"https:\\\/\\\/buletin.de\\\/bucuresti\\\/wp-content\\\/uploads\\\/logo-bdb-full-wide-vernil-transparent.png\",\"contentUrl\":\"https:\\\/\\\/buletin.de\\\/bucuresti\\\/wp-content\\\/uploads\\\/logo-bdb-full-wide-vernil-transparent.png\",\"width\":1782,\"height\":626,\"caption\":\"Buletin de Bucure\u0219ti\"},\"image\":{\"@id\":\"https:\\\/\\\/buletin.de\\\/bucuresti\\\/#\\\/schema\\\/logo\\\/image\\\/\"},\"sameAs\":[\"https:\\\/\\\/www.facebook.com\\\/buletin.de.buc\",\"https:\\\/\\\/www.instagram.com\\\/buletinde.bucuresti\\\/\"]},{\"@type\":\"Person\",\"@id\":\"https:\\\/\\\/buletin.de\\\/bucuresti\\\/#\\\/schema\\\/person\\\/295dc2228d2dc79294d636619468dc7f\",\"name\":\"Bianca Albu\",\"image\":{\"@type\":\"ImageObject\",\"inLanguage\":\"en-GB\",\"@id\":\"https:\\\/\\\/secure.gravatar.com\\\/avatar\\\/3df2e34e20f529e6fd7be4311ee1f7c4ec4aa886971590baf6fa214b15743516?s=96&d=monsterid&r=gf541c715eeec409ce8101252a3c0d8a7\",\"url\":\"https:\\\/\\\/secure.gravatar.com\\\/avatar\\\/3df2e34e20f529e6fd7be4311ee1f7c4ec4aa886971590baf6fa214b15743516?s=96&d=monsterid&r=g\",\"contentUrl\":\"https:\\\/\\\/secure.gravatar.com\\\/avatar\\\/3df2e34e20f529e6fd7be4311ee1f7c4ec4aa886971590baf6fa214b15743516?s=96&d=monsterid&r=g\",\"caption\":\"Bianca Albu\"},\"description\":\"Reporter\",\"url\":\"https:\\\/\\\/buletin.de\\\/bucuresti\\\/author\\\/biancaalbu\\\/\"}]}<\/script>\n<!-- \/ Yoast SEO Premium plugin. -->","yoast_head_json":{"title":"Ghid informativ. Calendarul \u0219i programa examenelor na\u021bionale. M\u0103suri de preven\u021bie Covid-19 \u00een \u0219coli, pe perioada acestora - Buletin de Bucure\u0219ti","robots":{"index":"index","follow":"follow","max-snippet":"max-snippet:-1","max-image-preview":"max-image-preview:large","max-video-preview":"max-video-preview:-1"},"canonical":"https:\/\/buletin.de\/bucuresti\/ghid-informativ-calendarul-si-programa-examenelor-nationale-masuri-de-preventie-covid-19-in-scoli-pe-perioada-acestora\/","og_locale":"en_GB","og_type":"article","og_title":"Ghid informativ. Calendarul \u0219i programa examenelor na\u021bionale. M\u0103suri de preven\u021bie Covid-19 \u00een \u0219coli, pe perioada acestora","og_description":"Pe 15 mai Rom\u00e2nia a trecut din stare de urgen\u021b\u0103 \u00een stare de alert\u0103, moment \u00een care m\u0103surile pentru preven\u021bia \u0219i combaterea Covid-19 s-au schimbat. Printre acestea se afl\u0103 \u0219i cele care reglementeaz\u0103 domeniul educa\u021biei. C\u00e2nd \u0219i \u00een ce fel vor fi desf\u0103\u0219urate examenele na\u021bionale? Dar Bacalaureatul? Ce m\u0103suri de prevenire vor fi instituite \u00een [&hellip;]","og_url":"https:\/\/buletin.de\/bucuresti\/ghid-informativ-calendarul-si-programa-examenelor-nationale-masuri-de-preventie-covid-19-in-scoli-pe-perioada-acestora\/","og_site_name":"Buletin de Bucure\u0219ti","article_publisher":"https:\/\/www.facebook.com\/buletin.de.buc","article_published_time":"2020-05-18T09:16:46+00:00","og_image":[{"width":960,"height":960,"url":"https:\/\/buletin.de\/bucuresti\/wp-content\/uploads\/97342745_2939271296187151_3462071230616567808_o.jpg","type":"image\/jpeg"}],"author":"Bianca Albu","twitter_card":"summary_large_image","twitter_misc":{"Written by":"Bianca Albu","Estimated reading time":"6 minutes"},"schema":{"@context":"https:\/\/schema.org","@graph":[{"@type":"Article","@id":"https:\/\/buletin.de\/bucuresti\/ghid-informativ-calendarul-si-programa-examenelor-nationale-masuri-de-preventie-covid-19-in-scoli-pe-perioada-acestora\/#article","isPartOf":{"@id":"https:\/\/buletin.de\/bucuresti\/ghid-informativ-calendarul-si-programa-examenelor-nationale-masuri-de-preventie-covid-19-in-scoli-pe-perioada-acestora\/"},"author":{"name":"Bianca Albu","@id":"https:\/\/buletin.de\/bucuresti\/#\/schema\/person\/295dc2228d2dc79294d636619468dc7f"},"headline":"Ghid informativ. Calendarul \u0219i programa examenelor na\u021bionale. M\u0103suri de preven\u021bie Covid-19 \u00een \u0219coli, pe perioada acestora","datePublished":"2020-05-18T09:16:46+00:00","mainEntityOfPage":{"@id":"https:\/\/buletin.de\/bucuresti\/ghid-informativ-calendarul-si-programa-examenelor-nationale-masuri-de-preventie-covid-19-in-scoli-pe-perioada-acestora\/"},"wordCount":1309,"publisher":{"@id":"https:\/\/buletin.de\/bucuresti\/#organization"},"image":{"@id":"https:\/\/buletin.de\/bucuresti\/ghid-informativ-calendarul-si-programa-examenelor-nationale-masuri-de-preventie-covid-19-in-scoli-pe-perioada-acestora\/#primaryimage"},"thumbnailUrl":"https:\/\/buletin.de\/bucuresti\/wp-content\/uploads\/97342745_2939271296187151_3462071230616567808_o.jpg","articleSection":["Covid-19","\u0218tiri"],"inLanguage":"en-GB","copyrightYear":"2020","copyrightHolder":{"@id":"https:\/\/buletin.de\/bucuresti\/#organization"}},{"@type":"WebPage","@id":"https:\/\/buletin.de\/bucuresti\/ghid-informativ-calendarul-si-programa-examenelor-nationale-masuri-de-preventie-covid-19-in-scoli-pe-perioada-acestora\/","url":"https:\/\/buletin.de\/bucuresti\/ghid-informativ-calendarul-si-programa-examenelor-nationale-masuri-de-preventie-covid-19-in-scoli-pe-perioada-acestora\/","name":"Ghid informativ. Calendarul \u0219i programa examenelor na\u021bionale. M\u0103suri de preven\u021bie Covid-19 \u00een \u0219coli, pe perioada acestora - Buletin de Bucure\u0219ti","isPartOf":{"@id":"https:\/\/buletin.de\/bucuresti\/#website"},"primaryImageOfPage":{"@id":"https:\/\/buletin.de\/bucuresti\/ghid-informativ-calendarul-si-programa-examenelor-nationale-masuri-de-preventie-covid-19-in-scoli-pe-perioada-acestora\/#primaryimage"},"image":{"@id":"https:\/\/buletin.de\/bucuresti\/ghid-informativ-calendarul-si-programa-examenelor-nationale-masuri-de-preventie-covid-19-in-scoli-pe-perioada-acestora\/#primaryimage"},"thumbnailUrl":"https:\/\/buletin.de\/bucuresti\/wp-content\/uploads\/97342745_2939271296187151_3462071230616567808_o.jpg","datePublished":"2020-05-18T09:16:46+00:00","breadcrumb":{"@id":"https:\/\/buletin.de\/bucuresti\/ghid-informativ-calendarul-si-programa-examenelor-nationale-masuri-de-preventie-covid-19-in-scoli-pe-perioada-acestora\/#breadcrumb"},"inLanguage":"en-GB","potentialAction":[{"@type":"ReadAction","target":["https:\/\/buletin.de\/bucuresti\/ghid-informativ-calendarul-si-programa-examenelor-nationale-masuri-de-preventie-covid-19-in-scoli-pe-perioada-acestora\/"]}]},{"@type":"ImageObject","inLanguage":"en-GB","@id":"https:\/\/buletin.de\/bucuresti\/ghid-informativ-calendarul-si-programa-examenelor-nationale-masuri-de-preventie-covid-19-in-scoli-pe-perioada-acestora\/#primaryimage","url":"https:\/\/buletin.de\/bucuresti\/wp-content\/uploads\/97342745_2939271296187151_3462071230616567808_o.jpg","contentUrl":"https:\/\/buletin.de\/bucuresti\/wp-content\/uploads\/97342745_2939271296187151_3462071230616567808_o.jpg","width":960,"height":960},{"@type":"BreadcrumbList","@id":"https:\/\/buletin.de\/bucuresti\/ghid-informativ-calendarul-si-programa-examenelor-nationale-masuri-de-preventie-covid-19-in-scoli-pe-perioada-acestora\/#breadcrumb","itemListElement":[{"@type":"ListItem","position":1,"name":"Acas\u0103","item":"https:\/\/buletin.de\/bucuresti\/"},{"@type":"ListItem","position":2,"name":"Ghid informativ. Calendarul \u0219i programa examenelor na\u021bionale. M\u0103suri de preven\u021bie Covid-19 \u00een \u0219coli, pe perioada acestora"}]},{"@type":"WebSite","@id":"https:\/\/buletin.de\/bucuresti\/#website","url":"https:\/\/buletin.de\/bucuresti\/","name":"Buletin de Bucure\u0219ti","description":"\u0218tiri \u0219i investiga\u021bii esen\u021biale din capital\u0103","publisher":{"@id":"https:\/\/buletin.de\/bucuresti\/#organization"},"potentialAction":[{"@type":"SearchAction","target":{"@type":"EntryPoint","urlTemplate":"https:\/\/buletin.de\/bucuresti\/?s={search_term_string}"},"query-input":{"@type":"PropertyValueSpecification","valueRequired":true,"valueName":"search_term_string"}}],"inLanguage":"en-GB"},{"@type":"Organization","@id":"https:\/\/buletin.de\/bucuresti\/#organization","name":"Buletin de Bucure\u0219ti","url":"https:\/\/buletin.de\/bucuresti\/","logo":{"@type":"ImageObject","inLanguage":"en-GB","@id":"https:\/\/buletin.de\/bucuresti\/#\/schema\/logo\/image\/","url":"https:\/\/buletin.de\/bucuresti\/wp-content\/uploads\/logo-bdb-full-wide-vernil-transparent.png","contentUrl":"https:\/\/buletin.de\/bucuresti\/wp-content\/uploads\/logo-bdb-full-wide-vernil-transparent.png","width":1782,"height":626,"caption":"Buletin de Bucure\u0219ti"},"image":{"@id":"https:\/\/buletin.de\/bucuresti\/#\/schema\/logo\/image\/"},"sameAs":["https:\/\/www.facebook.com\/buletin.de.buc","https:\/\/www.instagram.com\/buletinde.bucuresti\/"]},{"@type":"Person","@id":"https:\/\/buletin.de\/bucuresti\/#\/schema\/person\/295dc2228d2dc79294d636619468dc7f","name":"Bianca Albu","image":{"@type":"ImageObject","inLanguage":"en-GB","@id":"https:\/\/secure.gravatar.com\/avatar\/3df2e34e20f529e6fd7be4311ee1f7c4ec4aa886971590baf6fa214b15743516?s=96&d=monsterid&r=gf541c715eeec409ce8101252a3c0d8a7","url":"https:\/\/secure.gravatar.com\/avatar\/3df2e34e20f529e6fd7be4311ee1f7c4ec4aa886971590baf6fa214b15743516?s=96&d=monsterid&r=g","contentUrl":"https:\/\/secure.gravatar.com\/avatar\/3df2e34e20f529e6fd7be4311ee1f7c4ec4aa886971590baf6fa214b15743516?s=96&d=monsterid&r=g","caption":"Bianca Albu"},"description":"Reporter","url":"https:\/\/buletin.de\/bucuresti\/author\/biancaalbu\/"}]}},"authors":[{"term_id":22588,"user_id":6,"is_guest":0,"slug":"biancaalbu","display_name":"Bianca Albu","avatar_url":"https:\/\/secure.gravatar.com\/avatar\/3df2e34e20f529e6fd7be4311ee1f7c4ec4aa886971590baf6fa214b15743516?s=96&d=monsterid&r=g","0":null,"1":"","2":"","3":"","4":"","5":"","6":"","7":"","8":""}],"_links":{"self":[{"href":"https:\/\/buletin.de\/bucuresti\/wp-json\/wp\/v2\/posts\/7257","targetHints":{"allow":["GET"]}}],"collection":[{"href":"https:\/\/buletin.de\/bucuresti\/wp-json\/wp\/v2\/posts"}],"about":[{"href":"https:\/\/buletin.de\/bucuresti\/wp-json\/wp\/v2\/types\/post"}],"author":[{"embeddable":true,"href":"https:\/\/buletin.de\/bucuresti\/wp-json\/wp\/v2\/users\/6"}],"replies":[{"embeddable":true,"href":"https:\/\/buletin.de\/bucuresti\/wp-json\/wp\/v2\/comments?post=7257"}],"version-history":[{"count":11,"href":"https:\/\/buletin.de\/bucuresti\/wp-json\/wp\/v2\/posts\/7257\/revisions"}],"predecessor-version":[{"id":7269,"href":"https:\/\/buletin.de\/bucuresti\/wp-json\/wp\/v2\/posts\/7257\/revisions\/7269"}],"wp:featuredmedia":[{"embeddable":true,"href":"https:\/\/buletin.de\/bucuresti\/wp-json\/wp\/v2\/media\/7262"}],"wp:attachment":[{"href":"https:\/\/buletin.de\/bucuresti\/wp-json\/wp\/v2\/media?parent=7257"}],"wp:term":[{"taxonomy":"category","embeddable":true,"href":"https:\/\/buletin.de\/bucuresti\/wp-json\/wp\/v2\/categories?post=7257"},{"taxonomy":"post_tag","embeddable":true,"href":"https:\/\/buletin.de\/bucuresti\/wp-json\/wp\/v2\/tags?post=7257"},{"taxonomy":"author","embeddable":true,"href":"https:\/\/buletin.de\/bucuresti\/wp-json\/wp\/v2\/ppma_author?post=7257"}],"curies":[{"name":"wp","href":"https:\/\/api.w.org\/{rel}","templated":true}]}}