{"id":7253,"date":"2020-05-18T10:02:29","date_gmt":"2020-05-18T07:02:29","guid":{"rendered":"https:\/\/buletin.de\/bucuresti\/?p=7253"},"modified":"2020-05-18T10:02:29","modified_gmt":"2020-05-18T07:02:29","slug":"orban-trecem-de-la-stare-de-alerta-la-stare-de-alerta-maxima","status":"publish","type":"post","link":"https:\/\/buletin.de\/bucuresti\/orban-trecem-de-la-stare-de-alerta-la-stare-de-alerta-maxima\/","title":{"rendered":"Orban: \u201eTrecem de la stare de alert\u0103 la stare de alert\u0103 maxim\u0103!\u201d"},"content":{"rendered":"\n<p>La \u00eenceputul \u0219edin\u021bei de Guvern de ast\u0103zi, premierul Ludovic Orban a declarat c\u0103 Rom\u00e2nia a trecut \u201e<em>de la stare de alert\u0103 la stare de alert\u0103 maxim\u0103 pentru c\u0103 legea ne confer\u0103 toate p\u00e2rghiile \u0219i instrumentele pentru a putea asigura respectarea m\u0103surilor, a regulilor<\/em>\u201d.<\/p>\n\n\n\n<p>Ludovic Orban a convocat ast\u0103zi la ora 19:00 toate institu\u021biile statului cu drept de control pentru a elabora un plan de asigurare a respect\u0103rii m\u0103surilor cuprinse \u00een starea de alert\u0103. <\/p>\n\n\n\n<blockquote class=\"wp-block-quote is-layout-flow wp-block-quote-is-layout-flow\"><p>\u201eToate ministerele care au atribu\u021bii trebuie s\u0103 emit\u0103 documentele administrative pentru a stabili regulile de desf\u0103\u0219urare a transportului public, a activit\u0103\u021bii \u00een spa\u021bii comerciale, \u00een centre de \u00eengrijire personal\u0103, \u00een centrele de \u00eengrijire a persoanelor vulnerabile [&#8230;] pentru a avea garan\u021bia c\u0103 \u00een fiecare loc lucrurile se petrec astfel \u00eenc\u00e2t s\u0103 \u00eempiedic\u0103m r\u0103sp\u00e2ndirea virusului.\u201d<\/p><cite>Ludovic Orban<\/cite><\/blockquote>\n\n\n\n<p><\/p>\n\n\n\n<p>\u00cen \u0219edin\u021ba de Guvern de ast\u0103zi urmeaz\u0103 s\u0103 fie adoptat\u0103 o hot\u0103r\u00e2re prin care s\u0103 se pun\u0103 \u00een vigoare prevederile legii privind<a href=\"https:\/\/buletin.de\/bucuresti\/infografic-legea-starii-de-alerta-a-fost-adoptata-ce-putem-si-ce-nu-putem-face-de-pe-18-mai\/\"> starea de alert\u0103. <\/a><\/p>\n\n\n\n<p>Surs\u0103 cover foto: Facebook Guvernul Rom\u00e2niei<\/p>\n","protected":false},"excerpt":{"rendered":"<p>La \u00eenceputul \u0219edin\u021bei de Guvern de ast\u0103zi, premierul Ludovic Orban a declarat c\u0103 Rom\u00e2nia a trecut \u201ede la stare de alert\u0103 la stare de alert\u0103 maxim\u0103 pentru c\u0103 legea ne confer\u0103 toate p\u00e2rghiile \u0219i instrumentele pentru a putea asigura respectarea m\u0103surilor, a regulilor\u201d. Ludovic Orban a convocat ast\u0103zi la ora 19:00 toate institu\u021biile statului cu [&hellip;]<\/p>\n","protected":false},"author":6,"featured_media":7254,"comment_status":"closed","ping_status":"open","sticky":false,"template":"","format":"standard","meta":{"_acf_changed":false,"inline_featured_image":false,"ngg_post_thumbnail":0,"footnotes":""},"categories":[996,4,62],"tags":[529,682],"ppma_author":[22588],"class_list":["post-7253","post","type-post","status-publish","format-standard","has-post-thumbnail","hentry","category-covid-19","category-sanatate","category-stiri","tag-coronavirus","tag-ludovic-orban"],"acf":[],"yoast_head":"<!-- This site is optimized with the Yoast SEO Premium plugin v25.3 (Yoast SEO v27.4) - https:\/\/yoast.com\/product\/yoast-seo-premium-wordpress\/ -->\n<title>Orban: \u201eTrecem de la stare de alert\u0103 la stare de alert\u0103 maxim\u0103!\u201d - Buletin de Bucure\u0219ti<\/title>\n<meta name=\"robots\" content=\"index, follow, max-snippet:-1, max-image-preview:large, max-video-preview:-1\" \/>\n<link rel=\"canonical\" href=\"https:\/\/buletin.de\/bucuresti\/orban-trecem-de-la-stare-de-alerta-la-stare-de-alerta-maxima\/\" \/>\n<meta property=\"og:locale\" content=\"en_GB\" \/>\n<meta property=\"og:type\" content=\"article\" \/>\n<meta property=\"og:title\" content=\"Orban: \u201eTrecem de la stare de alert\u0103 la stare de alert\u0103 maxim\u0103!\u201d\" \/>\n<meta property=\"og:description\" content=\"La \u00eenceputul \u0219edin\u021bei de Guvern de ast\u0103zi, premierul Ludovic Orban a declarat c\u0103 Rom\u00e2nia a trecut \u201ede la stare de alert\u0103 la stare de alert\u0103 maxim\u0103 pentru c\u0103 legea ne confer\u0103 toate p\u00e2rghiile \u0219i instrumentele pentru a putea asigura respectarea m\u0103surilor, a regulilor\u201d. Ludovic Orban a convocat ast\u0103zi la ora 19:00 toate institu\u021biile statului cu [&hellip;]\" \/>\n<meta property=\"og:url\" content=\"https:\/\/buletin.de\/bucuresti\/orban-trecem-de-la-stare-de-alerta-la-stare-de-alerta-maxima\/\" \/>\n<meta property=\"og:site_name\" content=\"Buletin de Bucure\u0219ti\" \/>\n<meta property=\"article:publisher\" content=\"https:\/\/www.facebook.com\/buletin.de.buc\" \/>\n<meta property=\"article:published_time\" content=\"2020-05-18T07:02:29+00:00\" \/>\n<meta property=\"og:image\" content=\"https:\/\/buletin.de\/bucuresti\/wp-content\/uploads\/98205075_2835983036523600_2133052437626355712_o.jpg\" \/>\n\t<meta property=\"og:image:width\" content=\"1200\" \/>\n\t<meta property=\"og:image:height\" content=\"800\" \/>\n\t<meta property=\"og:image:type\" content=\"image\/jpeg\" \/>\n<meta name=\"author\" content=\"Bianca Albu\" \/>\n<meta name=\"twitter:card\" content=\"summary_large_image\" \/>\n<meta name=\"twitter:label1\" content=\"Written by\" \/>\n\t<meta name=\"twitter:data1\" content=\"Bianca Albu\" \/>\n\t<meta name=\"twitter:label2\" content=\"Estimated reading time\" \/>\n\t<meta name=\"twitter:data2\" content=\"1 minute\" \/>\n<script type=\"application\/ld+json\" class=\"yoast-schema-graph\">{\"@context\":\"https:\\\/\\\/schema.org\",\"@graph\":[{\"@type\":\"Article\",\"@id\":\"https:\\\/\\\/buletin.de\\\/bucuresti\\\/orban-trecem-de-la-stare-de-alerta-la-stare-de-alerta-maxima\\\/#article\",\"isPartOf\":{\"@id\":\"https:\\\/\\\/buletin.de\\\/bucuresti\\\/orban-trecem-de-la-stare-de-alerta-la-stare-de-alerta-maxima\\\/\"},\"author\":{\"name\":\"Bianca Albu\",\"@id\":\"https:\\\/\\\/buletin.de\\\/bucuresti\\\/#\\\/schema\\\/person\\\/295dc2228d2dc79294d636619468dc7f\"},\"headline\":\"Orban: \u201eTrecem de la stare de alert\u0103 la stare de alert\u0103 maxim\u0103!\u201d\",\"datePublished\":\"2020-05-18T07:02:29+00:00\",\"mainEntityOfPage\":{\"@id\":\"https:\\\/\\\/buletin.de\\\/bucuresti\\\/orban-trecem-de-la-stare-de-alerta-la-stare-de-alerta-maxima\\\/\"},\"wordCount\":193,\"publisher\":{\"@id\":\"https:\\\/\\\/buletin.de\\\/bucuresti\\\/#organization\"},\"image\":{\"@id\":\"https:\\\/\\\/buletin.de\\\/bucuresti\\\/orban-trecem-de-la-stare-de-alerta-la-stare-de-alerta-maxima\\\/#primaryimage\"},\"thumbnailUrl\":\"https:\\\/\\\/buletin.de\\\/bucuresti\\\/wp-content\\\/uploads\\\/98205075_2835983036523600_2133052437626355712_o.jpg\",\"keywords\":[\"coronavirus\",\"ludovic orban\"],\"articleSection\":[\"Covid-19\",\"S\u0103n\u0103tate\",\"\u0218tiri\"],\"inLanguage\":\"en-GB\",\"copyrightYear\":\"2020\",\"copyrightHolder\":{\"@id\":\"https:\\\/\\\/buletin.de\\\/bucuresti\\\/#organization\"}},{\"@type\":\"WebPage\",\"@id\":\"https:\\\/\\\/buletin.de\\\/bucuresti\\\/orban-trecem-de-la-stare-de-alerta-la-stare-de-alerta-maxima\\\/\",\"url\":\"https:\\\/\\\/buletin.de\\\/bucuresti\\\/orban-trecem-de-la-stare-de-alerta-la-stare-de-alerta-maxima\\\/\",\"name\":\"Orban: \u201eTrecem de la stare de alert\u0103 la stare de alert\u0103 maxim\u0103!\u201d - Buletin de Bucure\u0219ti\",\"isPartOf\":{\"@id\":\"https:\\\/\\\/buletin.de\\\/bucuresti\\\/#website\"},\"primaryImageOfPage\":{\"@id\":\"https:\\\/\\\/buletin.de\\\/bucuresti\\\/orban-trecem-de-la-stare-de-alerta-la-stare-de-alerta-maxima\\\/#primaryimage\"},\"image\":{\"@id\":\"https:\\\/\\\/buletin.de\\\/bucuresti\\\/orban-trecem-de-la-stare-de-alerta-la-stare-de-alerta-maxima\\\/#primaryimage\"},\"thumbnailUrl\":\"https:\\\/\\\/buletin.de\\\/bucuresti\\\/wp-content\\\/uploads\\\/98205075_2835983036523600_2133052437626355712_o.jpg\",\"datePublished\":\"2020-05-18T07:02:29+00:00\",\"breadcrumb\":{\"@id\":\"https:\\\/\\\/buletin.de\\\/bucuresti\\\/orban-trecem-de-la-stare-de-alerta-la-stare-de-alerta-maxima\\\/#breadcrumb\"},\"inLanguage\":\"en-GB\",\"potentialAction\":[{\"@type\":\"ReadAction\",\"target\":[\"https:\\\/\\\/buletin.de\\\/bucuresti\\\/orban-trecem-de-la-stare-de-alerta-la-stare-de-alerta-maxima\\\/\"]}]},{\"@type\":\"ImageObject\",\"inLanguage\":\"en-GB\",\"@id\":\"https:\\\/\\\/buletin.de\\\/bucuresti\\\/orban-trecem-de-la-stare-de-alerta-la-stare-de-alerta-maxima\\\/#primaryimage\",\"url\":\"https:\\\/\\\/buletin.de\\\/bucuresti\\\/wp-content\\\/uploads\\\/98205075_2835983036523600_2133052437626355712_o.jpg\",\"contentUrl\":\"https:\\\/\\\/buletin.de\\\/bucuresti\\\/wp-content\\\/uploads\\\/98205075_2835983036523600_2133052437626355712_o.jpg\",\"width\":1200,\"height\":800},{\"@type\":\"BreadcrumbList\",\"@id\":\"https:\\\/\\\/buletin.de\\\/bucuresti\\\/orban-trecem-de-la-stare-de-alerta-la-stare-de-alerta-maxima\\\/#breadcrumb\",\"itemListElement\":[{\"@type\":\"ListItem\",\"position\":1,\"name\":\"Acas\u0103\",\"item\":\"https:\\\/\\\/buletin.de\\\/bucuresti\\\/\"},{\"@type\":\"ListItem\",\"position\":2,\"name\":\"Orban: \u201eTrecem de la stare de alert\u0103 la stare de alert\u0103 maxim\u0103!\u201d\"}]},{\"@type\":\"WebSite\",\"@id\":\"https:\\\/\\\/buletin.de\\\/bucuresti\\\/#website\",\"url\":\"https:\\\/\\\/buletin.de\\\/bucuresti\\\/\",\"name\":\"Buletin de Bucure\u0219ti\",\"description\":\"\u0218tiri \u0219i investiga\u021bii esen\u021biale din capital\u0103\",\"publisher\":{\"@id\":\"https:\\\/\\\/buletin.de\\\/bucuresti\\\/#organization\"},\"potentialAction\":[{\"@type\":\"SearchAction\",\"target\":{\"@type\":\"EntryPoint\",\"urlTemplate\":\"https:\\\/\\\/buletin.de\\\/bucuresti\\\/?s={search_term_string}\"},\"query-input\":{\"@type\":\"PropertyValueSpecification\",\"valueRequired\":true,\"valueName\":\"search_term_string\"}}],\"inLanguage\":\"en-GB\"},{\"@type\":\"Organization\",\"@id\":\"https:\\\/\\\/buletin.de\\\/bucuresti\\\/#organization\",\"name\":\"Buletin de Bucure\u0219ti\",\"url\":\"https:\\\/\\\/buletin.de\\\/bucuresti\\\/\",\"logo\":{\"@type\":\"ImageObject\",\"inLanguage\":\"en-GB\",\"@id\":\"https:\\\/\\\/buletin.de\\\/bucuresti\\\/#\\\/schema\\\/logo\\\/image\\\/\",\"url\":\"https:\\\/\\\/buletin.de\\\/bucuresti\\\/wp-content\\\/uploads\\\/logo-bdb-full-wide-vernil-transparent.png\",\"contentUrl\":\"https:\\\/\\\/buletin.de\\\/bucuresti\\\/wp-content\\\/uploads\\\/logo-bdb-full-wide-vernil-transparent.png\",\"width\":1782,\"height\":626,\"caption\":\"Buletin de Bucure\u0219ti\"},\"image\":{\"@id\":\"https:\\\/\\\/buletin.de\\\/bucuresti\\\/#\\\/schema\\\/logo\\\/image\\\/\"},\"sameAs\":[\"https:\\\/\\\/www.facebook.com\\\/buletin.de.buc\",\"https:\\\/\\\/www.instagram.com\\\/buletinde.bucuresti\\\/\"]},{\"@type\":\"Person\",\"@id\":\"https:\\\/\\\/buletin.de\\\/bucuresti\\\/#\\\/schema\\\/person\\\/295dc2228d2dc79294d636619468dc7f\",\"name\":\"Bianca Albu\",\"image\":{\"@type\":\"ImageObject\",\"inLanguage\":\"en-GB\",\"@id\":\"https:\\\/\\\/secure.gravatar.com\\\/avatar\\\/3df2e34e20f529e6fd7be4311ee1f7c4ec4aa886971590baf6fa214b15743516?s=96&d=monsterid&r=gf541c715eeec409ce8101252a3c0d8a7\",\"url\":\"https:\\\/\\\/secure.gravatar.com\\\/avatar\\\/3df2e34e20f529e6fd7be4311ee1f7c4ec4aa886971590baf6fa214b15743516?s=96&d=monsterid&r=g\",\"contentUrl\":\"https:\\\/\\\/secure.gravatar.com\\\/avatar\\\/3df2e34e20f529e6fd7be4311ee1f7c4ec4aa886971590baf6fa214b15743516?s=96&d=monsterid&r=g\",\"caption\":\"Bianca Albu\"},\"description\":\"Reporter\",\"url\":\"https:\\\/\\\/buletin.de\\\/bucuresti\\\/author\\\/biancaalbu\\\/\"}]}<\/script>\n<!-- \/ Yoast SEO Premium plugin. -->","yoast_head_json":{"title":"Orban: \u201eTrecem de la stare de alert\u0103 la stare de alert\u0103 maxim\u0103!\u201d - Buletin de Bucure\u0219ti","robots":{"index":"index","follow":"follow","max-snippet":"max-snippet:-1","max-image-preview":"max-image-preview:large","max-video-preview":"max-video-preview:-1"},"canonical":"https:\/\/buletin.de\/bucuresti\/orban-trecem-de-la-stare-de-alerta-la-stare-de-alerta-maxima\/","og_locale":"en_GB","og_type":"article","og_title":"Orban: \u201eTrecem de la stare de alert\u0103 la stare de alert\u0103 maxim\u0103!\u201d","og_description":"La \u00eenceputul \u0219edin\u021bei de Guvern de ast\u0103zi, premierul Ludovic Orban a declarat c\u0103 Rom\u00e2nia a trecut \u201ede la stare de alert\u0103 la stare de alert\u0103 maxim\u0103 pentru c\u0103 legea ne confer\u0103 toate p\u00e2rghiile \u0219i instrumentele pentru a putea asigura respectarea m\u0103surilor, a regulilor\u201d. Ludovic Orban a convocat ast\u0103zi la ora 19:00 toate institu\u021biile statului cu [&hellip;]","og_url":"https:\/\/buletin.de\/bucuresti\/orban-trecem-de-la-stare-de-alerta-la-stare-de-alerta-maxima\/","og_site_name":"Buletin de Bucure\u0219ti","article_publisher":"https:\/\/www.facebook.com\/buletin.de.buc","article_published_time":"2020-05-18T07:02:29+00:00","og_image":[{"width":1200,"height":800,"url":"https:\/\/buletin.de\/bucuresti\/wp-content\/uploads\/98205075_2835983036523600_2133052437626355712_o.jpg","type":"image\/jpeg"}],"author":"Bianca Albu","twitter_card":"summary_large_image","twitter_misc":{"Written by":"Bianca Albu","Estimated reading time":"1 minute"},"schema":{"@context":"https:\/\/schema.org","@graph":[{"@type":"Article","@id":"https:\/\/buletin.de\/bucuresti\/orban-trecem-de-la-stare-de-alerta-la-stare-de-alerta-maxima\/#article","isPartOf":{"@id":"https:\/\/buletin.de\/bucuresti\/orban-trecem-de-la-stare-de-alerta-la-stare-de-alerta-maxima\/"},"author":{"name":"Bianca Albu","@id":"https:\/\/buletin.de\/bucuresti\/#\/schema\/person\/295dc2228d2dc79294d636619468dc7f"},"headline":"Orban: \u201eTrecem de la stare de alert\u0103 la stare de alert\u0103 maxim\u0103!\u201d","datePublished":"2020-05-18T07:02:29+00:00","mainEntityOfPage":{"@id":"https:\/\/buletin.de\/bucuresti\/orban-trecem-de-la-stare-de-alerta-la-stare-de-alerta-maxima\/"},"wordCount":193,"publisher":{"@id":"https:\/\/buletin.de\/bucuresti\/#organization"},"image":{"@id":"https:\/\/buletin.de\/bucuresti\/orban-trecem-de-la-stare-de-alerta-la-stare-de-alerta-maxima\/#primaryimage"},"thumbnailUrl":"https:\/\/buletin.de\/bucuresti\/wp-content\/uploads\/98205075_2835983036523600_2133052437626355712_o.jpg","keywords":["coronavirus","ludovic orban"],"articleSection":["Covid-19","S\u0103n\u0103tate","\u0218tiri"],"inLanguage":"en-GB","copyrightYear":"2020","copyrightHolder":{"@id":"https:\/\/buletin.de\/bucuresti\/#organization"}},{"@type":"WebPage","@id":"https:\/\/buletin.de\/bucuresti\/orban-trecem-de-la-stare-de-alerta-la-stare-de-alerta-maxima\/","url":"https:\/\/buletin.de\/bucuresti\/orban-trecem-de-la-stare-de-alerta-la-stare-de-alerta-maxima\/","name":"Orban: \u201eTrecem de la stare de alert\u0103 la stare de alert\u0103 maxim\u0103!\u201d - Buletin de Bucure\u0219ti","isPartOf":{"@id":"https:\/\/buletin.de\/bucuresti\/#website"},"primaryImageOfPage":{"@id":"https:\/\/buletin.de\/bucuresti\/orban-trecem-de-la-stare-de-alerta-la-stare-de-alerta-maxima\/#primaryimage"},"image":{"@id":"https:\/\/buletin.de\/bucuresti\/orban-trecem-de-la-stare-de-alerta-la-stare-de-alerta-maxima\/#primaryimage"},"thumbnailUrl":"https:\/\/buletin.de\/bucuresti\/wp-content\/uploads\/98205075_2835983036523600_2133052437626355712_o.jpg","datePublished":"2020-05-18T07:02:29+00:00","breadcrumb":{"@id":"https:\/\/buletin.de\/bucuresti\/orban-trecem-de-la-stare-de-alerta-la-stare-de-alerta-maxima\/#breadcrumb"},"inLanguage":"en-GB","potentialAction":[{"@type":"ReadAction","target":["https:\/\/buletin.de\/bucuresti\/orban-trecem-de-la-stare-de-alerta-la-stare-de-alerta-maxima\/"]}]},{"@type":"ImageObject","inLanguage":"en-GB","@id":"https:\/\/buletin.de\/bucuresti\/orban-trecem-de-la-stare-de-alerta-la-stare-de-alerta-maxima\/#primaryimage","url":"https:\/\/buletin.de\/bucuresti\/wp-content\/uploads\/98205075_2835983036523600_2133052437626355712_o.jpg","contentUrl":"https:\/\/buletin.de\/bucuresti\/wp-content\/uploads\/98205075_2835983036523600_2133052437626355712_o.jpg","width":1200,"height":800},{"@type":"BreadcrumbList","@id":"https:\/\/buletin.de\/bucuresti\/orban-trecem-de-la-stare-de-alerta-la-stare-de-alerta-maxima\/#breadcrumb","itemListElement":[{"@type":"ListItem","position":1,"name":"Acas\u0103","item":"https:\/\/buletin.de\/bucuresti\/"},{"@type":"ListItem","position":2,"name":"Orban: \u201eTrecem de la stare de alert\u0103 la stare de alert\u0103 maxim\u0103!\u201d"}]},{"@type":"WebSite","@id":"https:\/\/buletin.de\/bucuresti\/#website","url":"https:\/\/buletin.de\/bucuresti\/","name":"Buletin de Bucure\u0219ti","description":"\u0218tiri \u0219i investiga\u021bii esen\u021biale din capital\u0103","publisher":{"@id":"https:\/\/buletin.de\/bucuresti\/#organization"},"potentialAction":[{"@type":"SearchAction","target":{"@type":"EntryPoint","urlTemplate":"https:\/\/buletin.de\/bucuresti\/?s={search_term_string}"},"query-input":{"@type":"PropertyValueSpecification","valueRequired":true,"valueName":"search_term_string"}}],"inLanguage":"en-GB"},{"@type":"Organization","@id":"https:\/\/buletin.de\/bucuresti\/#organization","name":"Buletin de Bucure\u0219ti","url":"https:\/\/buletin.de\/bucuresti\/","logo":{"@type":"ImageObject","inLanguage":"en-GB","@id":"https:\/\/buletin.de\/bucuresti\/#\/schema\/logo\/image\/","url":"https:\/\/buletin.de\/bucuresti\/wp-content\/uploads\/logo-bdb-full-wide-vernil-transparent.png","contentUrl":"https:\/\/buletin.de\/bucuresti\/wp-content\/uploads\/logo-bdb-full-wide-vernil-transparent.png","width":1782,"height":626,"caption":"Buletin de Bucure\u0219ti"},"image":{"@id":"https:\/\/buletin.de\/bucuresti\/#\/schema\/logo\/image\/"},"sameAs":["https:\/\/www.facebook.com\/buletin.de.buc","https:\/\/www.instagram.com\/buletinde.bucuresti\/"]},{"@type":"Person","@id":"https:\/\/buletin.de\/bucuresti\/#\/schema\/person\/295dc2228d2dc79294d636619468dc7f","name":"Bianca Albu","image":{"@type":"ImageObject","inLanguage":"en-GB","@id":"https:\/\/secure.gravatar.com\/avatar\/3df2e34e20f529e6fd7be4311ee1f7c4ec4aa886971590baf6fa214b15743516?s=96&d=monsterid&r=gf541c715eeec409ce8101252a3c0d8a7","url":"https:\/\/secure.gravatar.com\/avatar\/3df2e34e20f529e6fd7be4311ee1f7c4ec4aa886971590baf6fa214b15743516?s=96&d=monsterid&r=g","contentUrl":"https:\/\/secure.gravatar.com\/avatar\/3df2e34e20f529e6fd7be4311ee1f7c4ec4aa886971590baf6fa214b15743516?s=96&d=monsterid&r=g","caption":"Bianca Albu"},"description":"Reporter","url":"https:\/\/buletin.de\/bucuresti\/author\/biancaalbu\/"}]}},"authors":[{"term_id":22588,"user_id":6,"is_guest":0,"slug":"biancaalbu","display_name":"Bianca Albu","avatar_url":"https:\/\/secure.gravatar.com\/avatar\/3df2e34e20f529e6fd7be4311ee1f7c4ec4aa886971590baf6fa214b15743516?s=96&d=monsterid&r=g","0":null,"1":"","2":"","3":"","4":"","5":"","6":"","7":"","8":""}],"_links":{"self":[{"href":"https:\/\/buletin.de\/bucuresti\/wp-json\/wp\/v2\/posts\/7253","targetHints":{"allow":["GET"]}}],"collection":[{"href":"https:\/\/buletin.de\/bucuresti\/wp-json\/wp\/v2\/posts"}],"about":[{"href":"https:\/\/buletin.de\/bucuresti\/wp-json\/wp\/v2\/types\/post"}],"author":[{"embeddable":true,"href":"https:\/\/buletin.de\/bucuresti\/wp-json\/wp\/v2\/users\/6"}],"replies":[{"embeddable":true,"href":"https:\/\/buletin.de\/bucuresti\/wp-json\/wp\/v2\/comments?post=7253"}],"version-history":[{"count":2,"href":"https:\/\/buletin.de\/bucuresti\/wp-json\/wp\/v2\/posts\/7253\/revisions"}],"predecessor-version":[{"id":7256,"href":"https:\/\/buletin.de\/bucuresti\/wp-json\/wp\/v2\/posts\/7253\/revisions\/7256"}],"wp:featuredmedia":[{"embeddable":true,"href":"https:\/\/buletin.de\/bucuresti\/wp-json\/wp\/v2\/media\/7254"}],"wp:attachment":[{"href":"https:\/\/buletin.de\/bucuresti\/wp-json\/wp\/v2\/media?parent=7253"}],"wp:term":[{"taxonomy":"category","embeddable":true,"href":"https:\/\/buletin.de\/bucuresti\/wp-json\/wp\/v2\/categories?post=7253"},{"taxonomy":"post_tag","embeddable":true,"href":"https:\/\/buletin.de\/bucuresti\/wp-json\/wp\/v2\/tags?post=7253"},{"taxonomy":"author","embeddable":true,"href":"https:\/\/buletin.de\/bucuresti\/wp-json\/wp\/v2\/ppma_author?post=7253"}],"curies":[{"name":"wp","href":"https:\/\/api.w.org\/{rel}","templated":true}]}}