{"id":7251,"date":"2020-05-18T09:37:31","date_gmt":"2020-05-18T06:37:31","guid":{"rendered":"https:\/\/buletin.de\/bucuresti\/?p=7251"},"modified":"2020-05-18T20:43:15","modified_gmt":"2020-05-18T17:43:15","slug":"live-text-coronavirus-bucuresti-18-mai-2020-ziua-83","status":"publish","type":"post","link":"https:\/\/buletin.de\/bucuresti\/live-text-coronavirus-bucuresti-18-mai-2020-ziua-83\/","title":{"rendered":"LIVE TEXT. Coronavirus &#8211; Bucure\u0219ti, 18 mai 2020, ziua 83"},"content":{"rendered":"\n<p>    <em>Num\u0103rul de pacien\u021bi confirma\u021bi cu Covid-19 pe teritoriul Rom\u00e2niei a trecut de 17.000. Totodat\u0103 am dep\u0103\u0219it 1.000 de decese. Rom\u00e2nia a ie\u0219it din starea de urgen\u021b\u0103 \u0219i se afl\u0103 acum \u00een<a href=\"https:\/\/buletin.de\/bucuresti\/infografic-ce-putem-si-ce-nu-putem-face-de-pe-15-mai-masurile-finale-care-intra-in-aplicare-azi\/\"> stare de alert\u0103<\/a> pentru o perioad\u0103 de 30 de zile.<br><br>Vezi mai jos cele mai recente informa\u021bii oficiale de ast\u0103zi. Toate nout\u0103\u021bile din zilele trecute le g\u0103se\u0219ti <a href=\"https:\/\/buletin.de\/bucuresti\/cv\/\">aici.<\/a><\/em>          <\/p>\n\n\n\n<h3 class=\"has-vivid-cyan-blue-color has-text-color has-text-align-center wp-block-heading\"><strong>Iat\u0103 cifrele din spatele epidemiei de Coronavirus \u0219i actualiz\u0103ri zilnice \u2b07\ufe0f<\/strong>            <\/h3>\n\n\n\n<style>\n\n.full-width {\n  width: 100vw;\n  position: relative;\n  left: 50%;\n  right: 50%;\n  margin-left: -50vw;\n  margin-right: -50vw;\n}\n\n<\/style>\n\n\n\n<p><\/p>\n\n\n\n<div class=\"full-width\">\n<div class=\"infogram-embed\" data-id=\"27f09ce8-c508-413b-ac49-b60b01815be0\" data-type=\"interactive\" data-title=\"Livetext coronavirus\"><\/div><script>!function(e,i,n,s){var t=\"InfogramEmbeds\",d=e.getElementsByTagName(\"script\")[0];if(window[t]&&window[t].initialized)window[t].process&&window[t].process();else if(!e.getElementById(n)){var o=e.createElement(\"script\");o.async=1,o.id=n,o.src=\"https:\/\/e.infogram.com\/js\/dist\/embed-loader-min.js\",d.parentNode.insertBefore(o,d)}}(document,0,\"infogram-async\");<\/script>\n<\/div>\n<style>\nh2 {\nmargin-top: 150px;\nfont-size: 3em;\ntext-align: center;\n}\n<\/style>\n\n\n\n<h3 class=\"wp-block-heading\">Ora 20:30<\/h3>\n\n\n\n<p>Deces 1108<\/p>\n\n\n\n<p>B\u0103rbat, 71 ani, jude\u021b Gorj<\/p>\n\n\n\n<p>Dat\u0103 confirmare: 16.05.2020. <br>\nDat\u0103 deces: 17.05.2020. <br>\nComorbidit\u0103\u021bi: HTA. Diabet zaharat. Insuficienta renala cronica.<\/p>\n\n\n\n<p>Deces 1109<\/p>\n\n\n\n<p>Femeie, 82 ani, jude\u021b Suceava. <\/p>\n\n\n\n<p>Dat\u0103 confirmare: 15.05.2020. <br>\nDat\u0103 deces: 17.05.2020. <br>\nComorbidit\u0103\u021bi: Neoplasm gastric operat.<\/p>\n\n\n\n<p>Deces 1110<\/p>\n\n\n\n<p>Femeie, 87 ani, jude\u021b Suceava. <\/p>\n\n\n\n<p>Dat\u0103 confirmare: 15.05.2020. <br>\nDat\u0103 deces: 17.05.2020. <br>\nComorbidit\u0103\u021bi: Patologie cardio-vasculara. Accident vascular cerebral.<\/p>\n\n\n\n<p>Deces 1111<\/p>\n\n\n\n<p>Femeie, 56 ani, jude\u021b Arge\u0219. <\/p>\n\n\n\n<p>Dat\u0103 confirmare: 01.05.2020. <br>\nDat\u0103 deces: 18.05.2020. <br>\nComorbidit\u0103\u021bi: HTA. Diabet zaharat. Obezitate. Neoplasm mamar.<\/p>\n\n\n\n<p>Deces 1112 <\/p>\n\n\n\n<p>Femeie, 83 ani, judet Bistri\u021ba-N\u0103s\u0103ud. <\/p>\n\n\n\n<p>Dat\u0103 confirmare: 07.05.2020. <br>\nDat\u0103 deces: 18.05.2020. <br>\nComorbidit\u0103\u021bi: HTA. Fibrilatie atriala.<\/p>\n\n\n\n<p>Deces 1113<\/p>\n\n\n\n<p>Femeie, 72 ani, jude\u021b Bistri\u021ba-N\u0103s\u0103ud. <\/p>\n\n\n\n<p>Dat\u0103 confirmare: 04.05.2020. <br>\nDat\u0103 deces: 18.05.2020<br>\nComorbidit\u0103\u021bi: HTA. Accident vascular cerebral. Insuficienta ventriculara stanga.<\/p>\n\n\n\n<p>Deces 1114<\/p>\n\n\n\n<p>B\u0103rbat, 81 ani, jude\u021b Gala\u021bi. <\/p>\n\n\n\n<p>Dat\u0103 confirmare: 14.05.2020. <br>\nDat\u0103 deces: 18.05.2020. <br>\nComorbidit\u0103\u021bi: HTA. Insuficienta cardiaca.<\/p>\n\n\n\n<p>Deces 1115<\/p>\n\n\n\n<p>B\u0103rbat, 90 ani, Municipiul Bucure\u0219ti. <\/p>\n\n\n\n<p>Dat\u0103 confirmare: 15.05.2020. <br>\nDat\u0103 deces: 17.05.2020. <br>\nComorbidit\u0103\u021bi: Diabet zaharat. Boala renala cronica. Hemodializa. <\/p>\n\n\n\n<p>Deces 1116<\/p>\n\n\n\n<p>B\u0103rbat, 87 ani, Municipiul Bucure\u0219ti. <\/p>\n\n\n\n<p>Dat\u0103 confirmare: 28.04.2020. <br>\nDat\u0103 deces: 16.05.2020<br>\nComorbidit\u0103\u021bi: HTA. Accident vascular cerebral. Dementa mixta.<\/p>\n\n\n\n<p>Deces 1117<\/p>\n\n\n\n<p>Femeie, 88 ani, jude\u021b Vaslui. <\/p>\n\n\n\n<p>Dat\u0103 confirmare: 09.05.2020. <br>\nDat\u0103 deces: 18.05.2020. <br>\nComorbidit\u0103\u021bi: HTA. Insuficienta cardiaca. Accident vascular cerebral.<\/p>\n\n\n\n<p>Deces 1118<\/p>\n\n\n\n<p>B\u0103rbat, 85 ani, jude\u021b Sibiu. <\/p>\n\n\n\n<p>Dat\u0103 confirmare: 13.05.2020. <br>\nDat\u0103 deces: 17.05.2020. <br>\nComorbidit\u0103\u021bi: Boala cardiovasculara. Diabet zaharat. <\/p>\n\n\n\n<p>Deces 1119<\/p>\n\n\n\n<p>B\u0103rbat, 89 ani, Municipiul Bucure\u0219ti. <\/p>\n\n\n\n<p>Dat\u0103 confirmare: 09.05.2020. <br>\nDat\u0103 deces: 17.05.2020. <br>\nComorbidit\u0103\u021bi: Infarct miocardic in antecedente. Tromboza venoasa periferica.<\/p>\n\n\n\n<p>Deces 1120<\/p>\n\n\n\n<p>Femeie, 72 ani, Municipiul Bucure\u0219ti. <\/p>\n\n\n\n<p>Dat\u0103 confirmare: 12.05.2020. <br>\nDat\u0103 deces: 17.05.2020. <br>\nComorbidit\u0103\u021bi: HTA. Insuficienta cardiaca. Dializa.<\/p>\n\n\n\n<h3 class=\"wp-block-heading\">Ora 13:00<\/h3>\n\n\n\n<p>\n\nAlte 165 de noi cazuri de \u00eemboln\u0103vire. Au fost confirmate 17.036 de cazuri de persoane infectate cu noul coronavirus. Dintre persoanele confirmate pozitiv, 9.930 au fost declarate vindecate \u0219i externate. \u00cen Bucure\u0219ti exist\u0103 1.644 cazuri.<br>Totodat\u0103, p\u00e2n\u0103 acum, 1107 persoane diagnosticate cu infec\u021bie cu COVID-19 au decedat. La ATI, \u00een acest moment, sunt interna\u021bi 193 de pacien\u021bi. <br>P\u00e2n\u0103 la aceast\u0103 dat\u0103, la nivel na\u021bional, au fost prelucrate 313.621 teste.\n\n<\/p>\n","protected":false},"excerpt":{"rendered":"<p>Num\u0103rul de pacien\u021bi confirma\u021bi cu Covid-19 pe teritoriul Rom\u00e2niei a trecut de 17.000. Totodat\u0103 am dep\u0103\u0219it 1.000 de decese. Rom\u00e2nia a ie\u0219it din starea de urgen\u021b\u0103 \u0219i se afl\u0103 acum \u00een stare de alert\u0103 pentru o perioad\u0103 de 30 de zile. Vezi mai jos cele mai recente informa\u021bii oficiale de ast\u0103zi. Toate nout\u0103\u021bile din zilele [&hellip;]<\/p>\n","protected":false},"author":6,"featured_media":7248,"comment_status":"closed","ping_status":"open","sticky":false,"template":"","format":"standard","meta":{"_acf_changed":false,"inline_featured_image":false,"ngg_post_thumbnail":0,"footnotes":""},"categories":[996,4,62],"tags":[529,657,677],"ppma_author":[22588],"class_list":["post-7251","post","type-post","status-publish","format-standard","has-post-thumbnail","hentry","category-covid-19","category-sanatate","category-stiri","tag-coronavirus","tag-coronavirus-bucuresti","tag-livetext"],"acf":[],"yoast_head":"<!-- This site is optimized with the Yoast SEO Premium plugin v25.3 (Yoast SEO v27.4) - https:\/\/yoast.com\/product\/yoast-seo-premium-wordpress\/ -->\n<title>LIVE TEXT. Coronavirus - Bucure\u0219ti, 18 mai 2020, ziua 83 - Buletin de Bucure\u0219ti<\/title>\n<meta name=\"robots\" content=\"index, follow, max-snippet:-1, max-image-preview:large, max-video-preview:-1\" \/>\n<link rel=\"canonical\" href=\"https:\/\/buletin.de\/bucuresti\/live-text-coronavirus-bucuresti-18-mai-2020-ziua-83\/\" \/>\n<meta property=\"og:locale\" content=\"en_GB\" \/>\n<meta property=\"og:type\" content=\"article\" \/>\n<meta property=\"og:title\" content=\"LIVE TEXT. Coronavirus - Bucure\u0219ti, 18 mai 2020, ziua 83\" \/>\n<meta property=\"og:description\" content=\"Num\u0103rul de pacien\u021bi confirma\u021bi cu Covid-19 pe teritoriul Rom\u00e2niei a trecut de 17.000. Totodat\u0103 am dep\u0103\u0219it 1.000 de decese. Rom\u00e2nia a ie\u0219it din starea de urgen\u021b\u0103 \u0219i se afl\u0103 acum \u00een stare de alert\u0103 pentru o perioad\u0103 de 30 de zile. Vezi mai jos cele mai recente informa\u021bii oficiale de ast\u0103zi. Toate nout\u0103\u021bile din zilele [&hellip;]\" \/>\n<meta property=\"og:url\" content=\"https:\/\/buletin.de\/bucuresti\/live-text-coronavirus-bucuresti-18-mai-2020-ziua-83\/\" \/>\n<meta property=\"og:site_name\" content=\"Buletin de Bucure\u0219ti\" \/>\n<meta property=\"article:publisher\" content=\"https:\/\/www.facebook.com\/buletin.de.buc\" \/>\n<meta property=\"article:published_time\" content=\"2020-05-18T06:37:31+00:00\" \/>\n<meta property=\"article:modified_time\" content=\"2020-05-18T17:43:15+00:00\" \/>\n<meta property=\"og:image\" content=\"https:\/\/buletin.de\/bucuresti\/wp-content\/uploads\/2-3.png\" \/>\n\t<meta property=\"og:image:width\" content=\"1919\" \/>\n\t<meta property=\"og:image:height\" content=\"969\" \/>\n\t<meta property=\"og:image:type\" content=\"image\/png\" \/>\n<meta name=\"author\" content=\"Bianca Albu\" \/>\n<meta name=\"twitter:card\" content=\"summary_large_image\" \/>\n<meta name=\"twitter:label1\" content=\"Written by\" \/>\n\t<meta name=\"twitter:data1\" content=\"Bianca Albu\" \/>\n\t<meta name=\"twitter:label2\" content=\"Estimated reading time\" \/>\n\t<meta name=\"twitter:data2\" content=\"2 minutes\" \/>\n<script type=\"application\/ld+json\" class=\"yoast-schema-graph\">{\"@context\":\"https:\\\/\\\/schema.org\",\"@graph\":[{\"@type\":\"Article\",\"@id\":\"https:\\\/\\\/buletin.de\\\/bucuresti\\\/live-text-coronavirus-bucuresti-18-mai-2020-ziua-83\\\/#article\",\"isPartOf\":{\"@id\":\"https:\\\/\\\/buletin.de\\\/bucuresti\\\/live-text-coronavirus-bucuresti-18-mai-2020-ziua-83\\\/\"},\"author\":{\"name\":\"Bianca Albu\",\"@id\":\"https:\\\/\\\/buletin.de\\\/bucuresti\\\/#\\\/schema\\\/person\\\/295dc2228d2dc79294d636619468dc7f\"},\"headline\":\"LIVE TEXT. Coronavirus &#8211; Bucure\u0219ti, 18 mai 2020, ziua 83\",\"datePublished\":\"2020-05-18T06:37:31+00:00\",\"dateModified\":\"2020-05-18T17:43:15+00:00\",\"mainEntityOfPage\":{\"@id\":\"https:\\\/\\\/buletin.de\\\/bucuresti\\\/live-text-coronavirus-bucuresti-18-mai-2020-ziua-83\\\/\"},\"wordCount\":385,\"publisher\":{\"@id\":\"https:\\\/\\\/buletin.de\\\/bucuresti\\\/#organization\"},\"image\":{\"@id\":\"https:\\\/\\\/buletin.de\\\/bucuresti\\\/live-text-coronavirus-bucuresti-18-mai-2020-ziua-83\\\/#primaryimage\"},\"thumbnailUrl\":\"https:\\\/\\\/buletin.de\\\/bucuresti\\\/wp-content\\\/uploads\\\/2-3.png\",\"keywords\":[\"coronavirus\",\"coronavirus bucuresti\",\"livetext\"],\"articleSection\":[\"Covid-19\",\"S\u0103n\u0103tate\",\"\u0218tiri\"],\"inLanguage\":\"en-GB\",\"copyrightYear\":\"2020\",\"copyrightHolder\":{\"@id\":\"https:\\\/\\\/buletin.de\\\/bucuresti\\\/#organization\"}},{\"@type\":\"WebPage\",\"@id\":\"https:\\\/\\\/buletin.de\\\/bucuresti\\\/live-text-coronavirus-bucuresti-18-mai-2020-ziua-83\\\/\",\"url\":\"https:\\\/\\\/buletin.de\\\/bucuresti\\\/live-text-coronavirus-bucuresti-18-mai-2020-ziua-83\\\/\",\"name\":\"LIVE TEXT. Coronavirus - Bucure\u0219ti, 18 mai 2020, ziua 83 - Buletin de Bucure\u0219ti\",\"isPartOf\":{\"@id\":\"https:\\\/\\\/buletin.de\\\/bucuresti\\\/#website\"},\"primaryImageOfPage\":{\"@id\":\"https:\\\/\\\/buletin.de\\\/bucuresti\\\/live-text-coronavirus-bucuresti-18-mai-2020-ziua-83\\\/#primaryimage\"},\"image\":{\"@id\":\"https:\\\/\\\/buletin.de\\\/bucuresti\\\/live-text-coronavirus-bucuresti-18-mai-2020-ziua-83\\\/#primaryimage\"},\"thumbnailUrl\":\"https:\\\/\\\/buletin.de\\\/bucuresti\\\/wp-content\\\/uploads\\\/2-3.png\",\"datePublished\":\"2020-05-18T06:37:31+00:00\",\"dateModified\":\"2020-05-18T17:43:15+00:00\",\"breadcrumb\":{\"@id\":\"https:\\\/\\\/buletin.de\\\/bucuresti\\\/live-text-coronavirus-bucuresti-18-mai-2020-ziua-83\\\/#breadcrumb\"},\"inLanguage\":\"en-GB\",\"potentialAction\":[{\"@type\":\"ReadAction\",\"target\":[\"https:\\\/\\\/buletin.de\\\/bucuresti\\\/live-text-coronavirus-bucuresti-18-mai-2020-ziua-83\\\/\"]}]},{\"@type\":\"ImageObject\",\"inLanguage\":\"en-GB\",\"@id\":\"https:\\\/\\\/buletin.de\\\/bucuresti\\\/live-text-coronavirus-bucuresti-18-mai-2020-ziua-83\\\/#primaryimage\",\"url\":\"https:\\\/\\\/buletin.de\\\/bucuresti\\\/wp-content\\\/uploads\\\/2-3.png\",\"contentUrl\":\"https:\\\/\\\/buletin.de\\\/bucuresti\\\/wp-content\\\/uploads\\\/2-3.png\",\"width\":1919,\"height\":969},{\"@type\":\"BreadcrumbList\",\"@id\":\"https:\\\/\\\/buletin.de\\\/bucuresti\\\/live-text-coronavirus-bucuresti-18-mai-2020-ziua-83\\\/#breadcrumb\",\"itemListElement\":[{\"@type\":\"ListItem\",\"position\":1,\"name\":\"Acas\u0103\",\"item\":\"https:\\\/\\\/buletin.de\\\/bucuresti\\\/\"},{\"@type\":\"ListItem\",\"position\":2,\"name\":\"LIVE TEXT. Coronavirus &#8211; Bucure\u0219ti, 18 mai 2020, ziua 83\"}]},{\"@type\":\"WebSite\",\"@id\":\"https:\\\/\\\/buletin.de\\\/bucuresti\\\/#website\",\"url\":\"https:\\\/\\\/buletin.de\\\/bucuresti\\\/\",\"name\":\"Buletin de Bucure\u0219ti\",\"description\":\"\u0218tiri \u0219i investiga\u021bii esen\u021biale din capital\u0103\",\"publisher\":{\"@id\":\"https:\\\/\\\/buletin.de\\\/bucuresti\\\/#organization\"},\"potentialAction\":[{\"@type\":\"SearchAction\",\"target\":{\"@type\":\"EntryPoint\",\"urlTemplate\":\"https:\\\/\\\/buletin.de\\\/bucuresti\\\/?s={search_term_string}\"},\"query-input\":{\"@type\":\"PropertyValueSpecification\",\"valueRequired\":true,\"valueName\":\"search_term_string\"}}],\"inLanguage\":\"en-GB\"},{\"@type\":\"Organization\",\"@id\":\"https:\\\/\\\/buletin.de\\\/bucuresti\\\/#organization\",\"name\":\"Buletin de Bucure\u0219ti\",\"url\":\"https:\\\/\\\/buletin.de\\\/bucuresti\\\/\",\"logo\":{\"@type\":\"ImageObject\",\"inLanguage\":\"en-GB\",\"@id\":\"https:\\\/\\\/buletin.de\\\/bucuresti\\\/#\\\/schema\\\/logo\\\/image\\\/\",\"url\":\"https:\\\/\\\/buletin.de\\\/bucuresti\\\/wp-content\\\/uploads\\\/logo-bdb-full-wide-vernil-transparent.png\",\"contentUrl\":\"https:\\\/\\\/buletin.de\\\/bucuresti\\\/wp-content\\\/uploads\\\/logo-bdb-full-wide-vernil-transparent.png\",\"width\":1782,\"height\":626,\"caption\":\"Buletin de Bucure\u0219ti\"},\"image\":{\"@id\":\"https:\\\/\\\/buletin.de\\\/bucuresti\\\/#\\\/schema\\\/logo\\\/image\\\/\"},\"sameAs\":[\"https:\\\/\\\/www.facebook.com\\\/buletin.de.buc\",\"https:\\\/\\\/www.instagram.com\\\/buletinde.bucuresti\\\/\"]},{\"@type\":\"Person\",\"@id\":\"https:\\\/\\\/buletin.de\\\/bucuresti\\\/#\\\/schema\\\/person\\\/295dc2228d2dc79294d636619468dc7f\",\"name\":\"Bianca Albu\",\"image\":{\"@type\":\"ImageObject\",\"inLanguage\":\"en-GB\",\"@id\":\"https:\\\/\\\/secure.gravatar.com\\\/avatar\\\/3df2e34e20f529e6fd7be4311ee1f7c4ec4aa886971590baf6fa214b15743516?s=96&d=monsterid&r=gf541c715eeec409ce8101252a3c0d8a7\",\"url\":\"https:\\\/\\\/secure.gravatar.com\\\/avatar\\\/3df2e34e20f529e6fd7be4311ee1f7c4ec4aa886971590baf6fa214b15743516?s=96&d=monsterid&r=g\",\"contentUrl\":\"https:\\\/\\\/secure.gravatar.com\\\/avatar\\\/3df2e34e20f529e6fd7be4311ee1f7c4ec4aa886971590baf6fa214b15743516?s=96&d=monsterid&r=g\",\"caption\":\"Bianca Albu\"},\"description\":\"Reporter\",\"url\":\"https:\\\/\\\/buletin.de\\\/bucuresti\\\/author\\\/biancaalbu\\\/\"}]}<\/script>\n<!-- \/ Yoast SEO Premium plugin. -->","yoast_head_json":{"title":"LIVE TEXT. Coronavirus - Bucure\u0219ti, 18 mai 2020, ziua 83 - Buletin de Bucure\u0219ti","robots":{"index":"index","follow":"follow","max-snippet":"max-snippet:-1","max-image-preview":"max-image-preview:large","max-video-preview":"max-video-preview:-1"},"canonical":"https:\/\/buletin.de\/bucuresti\/live-text-coronavirus-bucuresti-18-mai-2020-ziua-83\/","og_locale":"en_GB","og_type":"article","og_title":"LIVE TEXT. Coronavirus - Bucure\u0219ti, 18 mai 2020, ziua 83","og_description":"Num\u0103rul de pacien\u021bi confirma\u021bi cu Covid-19 pe teritoriul Rom\u00e2niei a trecut de 17.000. Totodat\u0103 am dep\u0103\u0219it 1.000 de decese. Rom\u00e2nia a ie\u0219it din starea de urgen\u021b\u0103 \u0219i se afl\u0103 acum \u00een stare de alert\u0103 pentru o perioad\u0103 de 30 de zile. Vezi mai jos cele mai recente informa\u021bii oficiale de ast\u0103zi. Toate nout\u0103\u021bile din zilele [&hellip;]","og_url":"https:\/\/buletin.de\/bucuresti\/live-text-coronavirus-bucuresti-18-mai-2020-ziua-83\/","og_site_name":"Buletin de Bucure\u0219ti","article_publisher":"https:\/\/www.facebook.com\/buletin.de.buc","article_published_time":"2020-05-18T06:37:31+00:00","article_modified_time":"2020-05-18T17:43:15+00:00","og_image":[{"width":1919,"height":969,"url":"https:\/\/buletin.de\/bucuresti\/wp-content\/uploads\/2-3.png","type":"image\/png"}],"author":"Bianca Albu","twitter_card":"summary_large_image","twitter_misc":{"Written by":"Bianca Albu","Estimated reading time":"2 minutes"},"schema":{"@context":"https:\/\/schema.org","@graph":[{"@type":"Article","@id":"https:\/\/buletin.de\/bucuresti\/live-text-coronavirus-bucuresti-18-mai-2020-ziua-83\/#article","isPartOf":{"@id":"https:\/\/buletin.de\/bucuresti\/live-text-coronavirus-bucuresti-18-mai-2020-ziua-83\/"},"author":{"name":"Bianca Albu","@id":"https:\/\/buletin.de\/bucuresti\/#\/schema\/person\/295dc2228d2dc79294d636619468dc7f"},"headline":"LIVE TEXT. Coronavirus &#8211; Bucure\u0219ti, 18 mai 2020, ziua 83","datePublished":"2020-05-18T06:37:31+00:00","dateModified":"2020-05-18T17:43:15+00:00","mainEntityOfPage":{"@id":"https:\/\/buletin.de\/bucuresti\/live-text-coronavirus-bucuresti-18-mai-2020-ziua-83\/"},"wordCount":385,"publisher":{"@id":"https:\/\/buletin.de\/bucuresti\/#organization"},"image":{"@id":"https:\/\/buletin.de\/bucuresti\/live-text-coronavirus-bucuresti-18-mai-2020-ziua-83\/#primaryimage"},"thumbnailUrl":"https:\/\/buletin.de\/bucuresti\/wp-content\/uploads\/2-3.png","keywords":["coronavirus","coronavirus bucuresti","livetext"],"articleSection":["Covid-19","S\u0103n\u0103tate","\u0218tiri"],"inLanguage":"en-GB","copyrightYear":"2020","copyrightHolder":{"@id":"https:\/\/buletin.de\/bucuresti\/#organization"}},{"@type":"WebPage","@id":"https:\/\/buletin.de\/bucuresti\/live-text-coronavirus-bucuresti-18-mai-2020-ziua-83\/","url":"https:\/\/buletin.de\/bucuresti\/live-text-coronavirus-bucuresti-18-mai-2020-ziua-83\/","name":"LIVE TEXT. Coronavirus - Bucure\u0219ti, 18 mai 2020, ziua 83 - Buletin de Bucure\u0219ti","isPartOf":{"@id":"https:\/\/buletin.de\/bucuresti\/#website"},"primaryImageOfPage":{"@id":"https:\/\/buletin.de\/bucuresti\/live-text-coronavirus-bucuresti-18-mai-2020-ziua-83\/#primaryimage"},"image":{"@id":"https:\/\/buletin.de\/bucuresti\/live-text-coronavirus-bucuresti-18-mai-2020-ziua-83\/#primaryimage"},"thumbnailUrl":"https:\/\/buletin.de\/bucuresti\/wp-content\/uploads\/2-3.png","datePublished":"2020-05-18T06:37:31+00:00","dateModified":"2020-05-18T17:43:15+00:00","breadcrumb":{"@id":"https:\/\/buletin.de\/bucuresti\/live-text-coronavirus-bucuresti-18-mai-2020-ziua-83\/#breadcrumb"},"inLanguage":"en-GB","potentialAction":[{"@type":"ReadAction","target":["https:\/\/buletin.de\/bucuresti\/live-text-coronavirus-bucuresti-18-mai-2020-ziua-83\/"]}]},{"@type":"ImageObject","inLanguage":"en-GB","@id":"https:\/\/buletin.de\/bucuresti\/live-text-coronavirus-bucuresti-18-mai-2020-ziua-83\/#primaryimage","url":"https:\/\/buletin.de\/bucuresti\/wp-content\/uploads\/2-3.png","contentUrl":"https:\/\/buletin.de\/bucuresti\/wp-content\/uploads\/2-3.png","width":1919,"height":969},{"@type":"BreadcrumbList","@id":"https:\/\/buletin.de\/bucuresti\/live-text-coronavirus-bucuresti-18-mai-2020-ziua-83\/#breadcrumb","itemListElement":[{"@type":"ListItem","position":1,"name":"Acas\u0103","item":"https:\/\/buletin.de\/bucuresti\/"},{"@type":"ListItem","position":2,"name":"LIVE TEXT. Coronavirus &#8211; Bucure\u0219ti, 18 mai 2020, ziua 83"}]},{"@type":"WebSite","@id":"https:\/\/buletin.de\/bucuresti\/#website","url":"https:\/\/buletin.de\/bucuresti\/","name":"Buletin de Bucure\u0219ti","description":"\u0218tiri \u0219i investiga\u021bii esen\u021biale din capital\u0103","publisher":{"@id":"https:\/\/buletin.de\/bucuresti\/#organization"},"potentialAction":[{"@type":"SearchAction","target":{"@type":"EntryPoint","urlTemplate":"https:\/\/buletin.de\/bucuresti\/?s={search_term_string}"},"query-input":{"@type":"PropertyValueSpecification","valueRequired":true,"valueName":"search_term_string"}}],"inLanguage":"en-GB"},{"@type":"Organization","@id":"https:\/\/buletin.de\/bucuresti\/#organization","name":"Buletin de Bucure\u0219ti","url":"https:\/\/buletin.de\/bucuresti\/","logo":{"@type":"ImageObject","inLanguage":"en-GB","@id":"https:\/\/buletin.de\/bucuresti\/#\/schema\/logo\/image\/","url":"https:\/\/buletin.de\/bucuresti\/wp-content\/uploads\/logo-bdb-full-wide-vernil-transparent.png","contentUrl":"https:\/\/buletin.de\/bucuresti\/wp-content\/uploads\/logo-bdb-full-wide-vernil-transparent.png","width":1782,"height":626,"caption":"Buletin de Bucure\u0219ti"},"image":{"@id":"https:\/\/buletin.de\/bucuresti\/#\/schema\/logo\/image\/"},"sameAs":["https:\/\/www.facebook.com\/buletin.de.buc","https:\/\/www.instagram.com\/buletinde.bucuresti\/"]},{"@type":"Person","@id":"https:\/\/buletin.de\/bucuresti\/#\/schema\/person\/295dc2228d2dc79294d636619468dc7f","name":"Bianca Albu","image":{"@type":"ImageObject","inLanguage":"en-GB","@id":"https:\/\/secure.gravatar.com\/avatar\/3df2e34e20f529e6fd7be4311ee1f7c4ec4aa886971590baf6fa214b15743516?s=96&d=monsterid&r=gf541c715eeec409ce8101252a3c0d8a7","url":"https:\/\/secure.gravatar.com\/avatar\/3df2e34e20f529e6fd7be4311ee1f7c4ec4aa886971590baf6fa214b15743516?s=96&d=monsterid&r=g","contentUrl":"https:\/\/secure.gravatar.com\/avatar\/3df2e34e20f529e6fd7be4311ee1f7c4ec4aa886971590baf6fa214b15743516?s=96&d=monsterid&r=g","caption":"Bianca Albu"},"description":"Reporter","url":"https:\/\/buletin.de\/bucuresti\/author\/biancaalbu\/"}]}},"authors":[{"term_id":22588,"user_id":6,"is_guest":0,"slug":"biancaalbu","display_name":"Bianca Albu","avatar_url":"https:\/\/secure.gravatar.com\/avatar\/3df2e34e20f529e6fd7be4311ee1f7c4ec4aa886971590baf6fa214b15743516?s=96&d=monsterid&r=g","0":null,"1":"","2":"","3":"","4":"","5":"","6":"","7":"","8":""}],"_links":{"self":[{"href":"https:\/\/buletin.de\/bucuresti\/wp-json\/wp\/v2\/posts\/7251","targetHints":{"allow":["GET"]}}],"collection":[{"href":"https:\/\/buletin.de\/bucuresti\/wp-json\/wp\/v2\/posts"}],"about":[{"href":"https:\/\/buletin.de\/bucuresti\/wp-json\/wp\/v2\/types\/post"}],"author":[{"embeddable":true,"href":"https:\/\/buletin.de\/bucuresti\/wp-json\/wp\/v2\/users\/6"}],"replies":[{"embeddable":true,"href":"https:\/\/buletin.de\/bucuresti\/wp-json\/wp\/v2\/comments?post=7251"}],"version-history":[{"count":4,"href":"https:\/\/buletin.de\/bucuresti\/wp-json\/wp\/v2\/posts\/7251\/revisions"}],"predecessor-version":[{"id":7302,"href":"https:\/\/buletin.de\/bucuresti\/wp-json\/wp\/v2\/posts\/7251\/revisions\/7302"}],"wp:featuredmedia":[{"embeddable":true,"href":"https:\/\/buletin.de\/bucuresti\/wp-json\/wp\/v2\/media\/7248"}],"wp:attachment":[{"href":"https:\/\/buletin.de\/bucuresti\/wp-json\/wp\/v2\/media?parent=7251"}],"wp:term":[{"taxonomy":"category","embeddable":true,"href":"https:\/\/buletin.de\/bucuresti\/wp-json\/wp\/v2\/categories?post=7251"},{"taxonomy":"post_tag","embeddable":true,"href":"https:\/\/buletin.de\/bucuresti\/wp-json\/wp\/v2\/tags?post=7251"},{"taxonomy":"author","embeddable":true,"href":"https:\/\/buletin.de\/bucuresti\/wp-json\/wp\/v2\/ppma_author?post=7251"}],"curies":[{"name":"wp","href":"https:\/\/api.w.org\/{rel}","templated":true}]}}