{"id":72481,"date":"2023-12-15T16:21:13","date_gmt":"2023-12-15T14:21:13","guid":{"rendered":"https:\/\/buletin.de\/bucuresti\/?p=72481"},"modified":"2023-12-15T16:21:13","modified_gmt":"2023-12-15T14:21:13","slug":"sector-2-seif-cu-zeci-de-mii-de-lei-furat-din-casa-unui-cetatean-strain","status":"publish","type":"post","link":"https:\/\/buletin.de\/bucuresti\/sector-2-seif-cu-zeci-de-mii-de-lei-furat-din-casa-unui-cetatean-strain\/","title":{"rendered":"Sector 2 | Seif cu zeci de mii de lei, furat din casa unui cet\u0103\u0163ean str\u0103in"},"content":{"rendered":"\n<p><strong>Un cet\u0103\u0163ean str\u0103in cu domiciliul \u00een sectorul 2 a ajuns acas\u0103 \u015fi \u015fi-a g\u0103sit casa pr\u0103dat\u0103 de ho\u0163i. Conform Poli\u0163iei, trei b\u0103rba\u0163i, care au primit un pont de la un al patrulea, au fugit din casa omului cu un seif, o pung\u0103 plin\u0103 cu bani \u015fi aparatur\u0103 video. <\/strong><\/p>\n\n\n\n<p>To\u0163i cei patru implica\u0163i sunt cunoscu\u0163i cu antedecente penale. <\/p>\n\n\n\n<p>Conform comunicatului Poli\u0163iei: <em>Probatoriul administrat a relevat faptul c\u0103, la data de 10 iulie 2023, b\u0103rbatul \u00een v\u00e2rst\u0103 de 32 de ani, i-ar fi furnizat unuia dintre b\u0103nui\u021bi date cu privire la adresa persoanei v\u0103t\u0103mate, bunurile pe care le de\u021bine, precum \u0219i programul zilnic, astfel c\u0103, \u00een aceea\u0219i zi, ceilal\u021bi trei b\u0103nui\u021bi ar fi sustras din locuin\u021ba victimei un seif metalic, o pung\u0103 \u00een care se afla o sum\u0103 de bani, precum \u0219i un sistem tip DVR, fiind cauzat un prejudiciu de aproximativ 45.000 de lei.<\/em><\/p>\n\n\n\n<p>Unul dintre ei a fost deja prins \u015fi arestat preventiv, dup\u0103 ce au fost puse \u00een aplicare patru mandate de perchezi\u0163ie domiciliar\u0103. \u00cen acest caz, una dintre adresele furnizate de anchetatori pentru poli\u0163i\u015ftii care au mers pe teren a fost gre\u015fit\u0103. Este vorba de un imobil din jude\u0163ul Ilfov. \u00cent\u00e2mplarea face c\u0103, dup\u0103 ce s-au \u00een\u0163eles cu proprietarul a c\u0103rui adres\u0103 o aveau, dar era nevinovat, poli\u0163i\u015ftii l-au g\u0103sit pe adev\u0103ratul f\u0103pta\u015f&#8230; pe casa sc\u0103rii.<\/p>\n\n\n\n<p>La nivelul Poli\u021biei Capitalei au fost demarate verific\u0103ri cu privire la modul de desf\u0103\u0219urare a tuturor activit\u0103\u021bilor poli\u021biene\u0219ti efectuate \u00een acest dosar penal.<\/p>\n","protected":false},"excerpt":{"rendered":"<p>Un cet\u0103\u0163ean str\u0103in cu domiciliul \u00een sectorul 2 a ajuns acas\u0103 \u015fi \u015fi-a g\u0103sit casa pr\u0103dat\u0103 de ho\u0163i. Conform Poli\u0163iei, trei b\u0103rba\u0163i, care au primit un pont de la un al patrulea, au fugit din casa omului cu un seif, o pung\u0103 plin\u0103 cu bani \u015fi aparatur\u0103 video. To\u0163i cei patru implica\u0163i sunt cunoscu\u0163i cu [&hellip;]<\/p>\n","protected":false},"author":8,"featured_media":72483,"comment_status":"closed","ping_status":"open","sticky":false,"template":"","format":"standard","meta":{"_acf_changed":false,"inline_featured_image":false,"ngg_post_thumbnail":0,"footnotes":""},"categories":[6994,62],"tags":[8581,8582,8579,8580],"ppma_author":[22586],"class_list":["post-72481","post","type-post","status-publish","format-standard","has-post-thumbnail","hentry","category-stiri-2","category-stiri","tag-banda-de-hoti-sector-2","tag-cetatean-strain-jefuit","tag-seif-furat","tag-spargere-sector-2"],"acf":[],"yoast_head":"<!-- This site is optimized with the Yoast SEO Premium plugin v25.3 (Yoast SEO v27.4) - https:\/\/yoast.com\/product\/yoast-seo-premium-wordpress\/ -->\n<title>Sector 2 | Seif cu zeci de mii de lei, furat din casa unui cet\u0103\u0163ean str\u0103in - Buletin de Bucure\u0219ti<\/title>\n<meta name=\"robots\" content=\"index, follow, max-snippet:-1, max-image-preview:large, max-video-preview:-1\" \/>\n<link rel=\"canonical\" href=\"https:\/\/buletin.de\/bucuresti\/sector-2-seif-cu-zeci-de-mii-de-lei-furat-din-casa-unui-cetatean-strain\/\" \/>\n<meta property=\"og:locale\" content=\"en_GB\" \/>\n<meta property=\"og:type\" content=\"article\" \/>\n<meta property=\"og:title\" content=\"Sector 2 | Seif cu zeci de mii de lei, furat din casa unui cet\u0103\u0163ean str\u0103in\" \/>\n<meta property=\"og:description\" content=\"Un cet\u0103\u0163ean str\u0103in cu domiciliul \u00een sectorul 2 a ajuns acas\u0103 \u015fi \u015fi-a g\u0103sit casa pr\u0103dat\u0103 de ho\u0163i. Conform Poli\u0163iei, trei b\u0103rba\u0163i, care au primit un pont de la un al patrulea, au fugit din casa omului cu un seif, o pung\u0103 plin\u0103 cu bani \u015fi aparatur\u0103 video. To\u0163i cei patru implica\u0163i sunt cunoscu\u0163i cu [&hellip;]\" \/>\n<meta property=\"og:url\" content=\"https:\/\/buletin.de\/bucuresti\/sector-2-seif-cu-zeci-de-mii-de-lei-furat-din-casa-unui-cetatean-strain\/\" \/>\n<meta property=\"og:site_name\" content=\"Buletin de Bucure\u0219ti\" \/>\n<meta property=\"article:publisher\" content=\"https:\/\/www.facebook.com\/buletin.de.buc\" \/>\n<meta property=\"article:published_time\" content=\"2023-12-15T14:21:13+00:00\" \/>\n<meta property=\"og:image\" content=\"https:\/\/buletin.de\/bucuresti\/wp-content\/uploads\/yriurfyup0i.jpg\" \/>\n\t<meta property=\"og:image:width\" content=\"1600\" \/>\n\t<meta property=\"og:image:height\" content=\"1053\" \/>\n\t<meta property=\"og:image:type\" content=\"image\/jpeg\" \/>\n<meta name=\"author\" content=\"Ionu\u021b Lepa\" \/>\n<meta name=\"twitter:card\" content=\"summary_large_image\" \/>\n<meta name=\"twitter:label1\" content=\"Written by\" \/>\n\t<meta name=\"twitter:data1\" content=\"Ionu\u021b Lepa\" \/>\n\t<meta name=\"twitter:label2\" content=\"Estimated reading time\" \/>\n\t<meta name=\"twitter:data2\" content=\"1 minute\" \/>\n<script type=\"application\/ld+json\" class=\"yoast-schema-graph\">{\"@context\":\"https:\\\/\\\/schema.org\",\"@graph\":[{\"@type\":\"Article\",\"@id\":\"https:\\\/\\\/buletin.de\\\/bucuresti\\\/sector-2-seif-cu-zeci-de-mii-de-lei-furat-din-casa-unui-cetatean-strain\\\/#article\",\"isPartOf\":{\"@id\":\"https:\\\/\\\/buletin.de\\\/bucuresti\\\/sector-2-seif-cu-zeci-de-mii-de-lei-furat-din-casa-unui-cetatean-strain\\\/\"},\"author\":{\"name\":\"Ionu\u021b Lepa\",\"@id\":\"https:\\\/\\\/buletin.de\\\/bucuresti\\\/#\\\/schema\\\/person\\\/5272b8a057b33890940b57b837fc4ce6\"},\"headline\":\"Sector 2 | Seif cu zeci de mii de lei, furat din casa unui cet\u0103\u0163ean str\u0103in\",\"datePublished\":\"2023-12-15T14:21:13+00:00\",\"mainEntityOfPage\":{\"@id\":\"https:\\\/\\\/buletin.de\\\/bucuresti\\\/sector-2-seif-cu-zeci-de-mii-de-lei-furat-din-casa-unui-cetatean-strain\\\/\"},\"wordCount\":296,\"publisher\":{\"@id\":\"https:\\\/\\\/buletin.de\\\/bucuresti\\\/#organization\"},\"image\":{\"@id\":\"https:\\\/\\\/buletin.de\\\/bucuresti\\\/sector-2-seif-cu-zeci-de-mii-de-lei-furat-din-casa-unui-cetatean-strain\\\/#primaryimage\"},\"thumbnailUrl\":\"https:\\\/\\\/buletin.de\\\/bucuresti\\\/wp-content\\\/uploads\\\/yriurfyup0i.jpg\",\"keywords\":[\"banda de hoti sector 2\",\"cetatean strain jefuit\",\"seif furat\",\"spargere sector 2\"],\"articleSection\":[\"Articole\",\"\u0218tiri\"],\"inLanguage\":\"en-GB\",\"copyrightYear\":\"2023\",\"copyrightHolder\":{\"@id\":\"https:\\\/\\\/buletin.de\\\/bucuresti\\\/#organization\"}},{\"@type\":\"WebPage\",\"@id\":\"https:\\\/\\\/buletin.de\\\/bucuresti\\\/sector-2-seif-cu-zeci-de-mii-de-lei-furat-din-casa-unui-cetatean-strain\\\/\",\"url\":\"https:\\\/\\\/buletin.de\\\/bucuresti\\\/sector-2-seif-cu-zeci-de-mii-de-lei-furat-din-casa-unui-cetatean-strain\\\/\",\"name\":\"Sector 2 | Seif cu zeci de mii de lei, furat din casa unui cet\u0103\u0163ean str\u0103in - Buletin de Bucure\u0219ti\",\"isPartOf\":{\"@id\":\"https:\\\/\\\/buletin.de\\\/bucuresti\\\/#website\"},\"primaryImageOfPage\":{\"@id\":\"https:\\\/\\\/buletin.de\\\/bucuresti\\\/sector-2-seif-cu-zeci-de-mii-de-lei-furat-din-casa-unui-cetatean-strain\\\/#primaryimage\"},\"image\":{\"@id\":\"https:\\\/\\\/buletin.de\\\/bucuresti\\\/sector-2-seif-cu-zeci-de-mii-de-lei-furat-din-casa-unui-cetatean-strain\\\/#primaryimage\"},\"thumbnailUrl\":\"https:\\\/\\\/buletin.de\\\/bucuresti\\\/wp-content\\\/uploads\\\/yriurfyup0i.jpg\",\"datePublished\":\"2023-12-15T14:21:13+00:00\",\"breadcrumb\":{\"@id\":\"https:\\\/\\\/buletin.de\\\/bucuresti\\\/sector-2-seif-cu-zeci-de-mii-de-lei-furat-din-casa-unui-cetatean-strain\\\/#breadcrumb\"},\"inLanguage\":\"en-GB\",\"potentialAction\":[{\"@type\":\"ReadAction\",\"target\":[\"https:\\\/\\\/buletin.de\\\/bucuresti\\\/sector-2-seif-cu-zeci-de-mii-de-lei-furat-din-casa-unui-cetatean-strain\\\/\"]}]},{\"@type\":\"ImageObject\",\"inLanguage\":\"en-GB\",\"@id\":\"https:\\\/\\\/buletin.de\\\/bucuresti\\\/sector-2-seif-cu-zeci-de-mii-de-lei-furat-din-casa-unui-cetatean-strain\\\/#primaryimage\",\"url\":\"https:\\\/\\\/buletin.de\\\/bucuresti\\\/wp-content\\\/uploads\\\/yriurfyup0i.jpg\",\"contentUrl\":\"https:\\\/\\\/buletin.de\\\/bucuresti\\\/wp-content\\\/uploads\\\/yriurfyup0i.jpg\",\"width\":1600,\"height\":1053,\"caption\":\"FOTO: unsplash.com\"},{\"@type\":\"BreadcrumbList\",\"@id\":\"https:\\\/\\\/buletin.de\\\/bucuresti\\\/sector-2-seif-cu-zeci-de-mii-de-lei-furat-din-casa-unui-cetatean-strain\\\/#breadcrumb\",\"itemListElement\":[{\"@type\":\"ListItem\",\"position\":1,\"name\":\"Acas\u0103\",\"item\":\"https:\\\/\\\/buletin.de\\\/bucuresti\\\/\"},{\"@type\":\"ListItem\",\"position\":2,\"name\":\"Sector 2 | Seif cu zeci de mii de lei, furat din casa unui cet\u0103\u0163ean str\u0103in\"}]},{\"@type\":\"WebSite\",\"@id\":\"https:\\\/\\\/buletin.de\\\/bucuresti\\\/#website\",\"url\":\"https:\\\/\\\/buletin.de\\\/bucuresti\\\/\",\"name\":\"Buletin de Bucure\u0219ti\",\"description\":\"\u0218tiri \u0219i investiga\u021bii esen\u021biale din capital\u0103\",\"publisher\":{\"@id\":\"https:\\\/\\\/buletin.de\\\/bucuresti\\\/#organization\"},\"potentialAction\":[{\"@type\":\"SearchAction\",\"target\":{\"@type\":\"EntryPoint\",\"urlTemplate\":\"https:\\\/\\\/buletin.de\\\/bucuresti\\\/?s={search_term_string}\"},\"query-input\":{\"@type\":\"PropertyValueSpecification\",\"valueRequired\":true,\"valueName\":\"search_term_string\"}}],\"inLanguage\":\"en-GB\"},{\"@type\":\"Organization\",\"@id\":\"https:\\\/\\\/buletin.de\\\/bucuresti\\\/#organization\",\"name\":\"Buletin de Bucure\u0219ti\",\"url\":\"https:\\\/\\\/buletin.de\\\/bucuresti\\\/\",\"logo\":{\"@type\":\"ImageObject\",\"inLanguage\":\"en-GB\",\"@id\":\"https:\\\/\\\/buletin.de\\\/bucuresti\\\/#\\\/schema\\\/logo\\\/image\\\/\",\"url\":\"https:\\\/\\\/buletin.de\\\/bucuresti\\\/wp-content\\\/uploads\\\/logo-bdb-full-wide-vernil-transparent.png\",\"contentUrl\":\"https:\\\/\\\/buletin.de\\\/bucuresti\\\/wp-content\\\/uploads\\\/logo-bdb-full-wide-vernil-transparent.png\",\"width\":1782,\"height\":626,\"caption\":\"Buletin de Bucure\u0219ti\"},\"image\":{\"@id\":\"https:\\\/\\\/buletin.de\\\/bucuresti\\\/#\\\/schema\\\/logo\\\/image\\\/\"},\"sameAs\":[\"https:\\\/\\\/www.facebook.com\\\/buletin.de.buc\",\"https:\\\/\\\/www.instagram.com\\\/buletinde.bucuresti\\\/\"]},{\"@type\":\"Person\",\"@id\":\"https:\\\/\\\/buletin.de\\\/bucuresti\\\/#\\\/schema\\\/person\\\/5272b8a057b33890940b57b837fc4ce6\",\"name\":\"Ionu\u021b Lepa\",\"image\":{\"@type\":\"ImageObject\",\"inLanguage\":\"en-GB\",\"@id\":\"https:\\\/\\\/buletin.de\\\/bucuresti\\\/wp-content\\\/uploads\\\/Ionut-Lepa-96x96.jpg5c4e4d9e049808799a8821652d2410a4\",\"url\":\"https:\\\/\\\/buletin.de\\\/bucuresti\\\/wp-content\\\/uploads\\\/Ionut-Lepa-96x96.jpg\",\"contentUrl\":\"https:\\\/\\\/buletin.de\\\/bucuresti\\\/wp-content\\\/uploads\\\/Ionut-Lepa-96x96.jpg\",\"caption\":\"Ionu\u021b Lepa\"},\"url\":\"https:\\\/\\\/buletin.de\\\/bucuresti\\\/author\\\/ionutlepa\\\/\"}]}<\/script>\n<!-- \/ Yoast SEO Premium plugin. -->","yoast_head_json":{"title":"Sector 2 | Seif cu zeci de mii de lei, furat din casa unui cet\u0103\u0163ean str\u0103in - Buletin de Bucure\u0219ti","robots":{"index":"index","follow":"follow","max-snippet":"max-snippet:-1","max-image-preview":"max-image-preview:large","max-video-preview":"max-video-preview:-1"},"canonical":"https:\/\/buletin.de\/bucuresti\/sector-2-seif-cu-zeci-de-mii-de-lei-furat-din-casa-unui-cetatean-strain\/","og_locale":"en_GB","og_type":"article","og_title":"Sector 2 | Seif cu zeci de mii de lei, furat din casa unui cet\u0103\u0163ean str\u0103in","og_description":"Un cet\u0103\u0163ean str\u0103in cu domiciliul \u00een sectorul 2 a ajuns acas\u0103 \u015fi \u015fi-a g\u0103sit casa pr\u0103dat\u0103 de ho\u0163i. Conform Poli\u0163iei, trei b\u0103rba\u0163i, care au primit un pont de la un al patrulea, au fugit din casa omului cu un seif, o pung\u0103 plin\u0103 cu bani \u015fi aparatur\u0103 video. To\u0163i cei patru implica\u0163i sunt cunoscu\u0163i cu [&hellip;]","og_url":"https:\/\/buletin.de\/bucuresti\/sector-2-seif-cu-zeci-de-mii-de-lei-furat-din-casa-unui-cetatean-strain\/","og_site_name":"Buletin de Bucure\u0219ti","article_publisher":"https:\/\/www.facebook.com\/buletin.de.buc","article_published_time":"2023-12-15T14:21:13+00:00","og_image":[{"width":1600,"height":1053,"url":"https:\/\/buletin.de\/bucuresti\/wp-content\/uploads\/yriurfyup0i.jpg","type":"image\/jpeg"}],"author":"Ionu\u021b Lepa","twitter_card":"summary_large_image","twitter_misc":{"Written by":"Ionu\u021b Lepa","Estimated reading time":"1 minute"},"schema":{"@context":"https:\/\/schema.org","@graph":[{"@type":"Article","@id":"https:\/\/buletin.de\/bucuresti\/sector-2-seif-cu-zeci-de-mii-de-lei-furat-din-casa-unui-cetatean-strain\/#article","isPartOf":{"@id":"https:\/\/buletin.de\/bucuresti\/sector-2-seif-cu-zeci-de-mii-de-lei-furat-din-casa-unui-cetatean-strain\/"},"author":{"name":"Ionu\u021b Lepa","@id":"https:\/\/buletin.de\/bucuresti\/#\/schema\/person\/5272b8a057b33890940b57b837fc4ce6"},"headline":"Sector 2 | Seif cu zeci de mii de lei, furat din casa unui cet\u0103\u0163ean str\u0103in","datePublished":"2023-12-15T14:21:13+00:00","mainEntityOfPage":{"@id":"https:\/\/buletin.de\/bucuresti\/sector-2-seif-cu-zeci-de-mii-de-lei-furat-din-casa-unui-cetatean-strain\/"},"wordCount":296,"publisher":{"@id":"https:\/\/buletin.de\/bucuresti\/#organization"},"image":{"@id":"https:\/\/buletin.de\/bucuresti\/sector-2-seif-cu-zeci-de-mii-de-lei-furat-din-casa-unui-cetatean-strain\/#primaryimage"},"thumbnailUrl":"https:\/\/buletin.de\/bucuresti\/wp-content\/uploads\/yriurfyup0i.jpg","keywords":["banda de hoti sector 2","cetatean strain jefuit","seif furat","spargere sector 2"],"articleSection":["Articole","\u0218tiri"],"inLanguage":"en-GB","copyrightYear":"2023","copyrightHolder":{"@id":"https:\/\/buletin.de\/bucuresti\/#organization"}},{"@type":"WebPage","@id":"https:\/\/buletin.de\/bucuresti\/sector-2-seif-cu-zeci-de-mii-de-lei-furat-din-casa-unui-cetatean-strain\/","url":"https:\/\/buletin.de\/bucuresti\/sector-2-seif-cu-zeci-de-mii-de-lei-furat-din-casa-unui-cetatean-strain\/","name":"Sector 2 | Seif cu zeci de mii de lei, furat din casa unui cet\u0103\u0163ean str\u0103in - Buletin de Bucure\u0219ti","isPartOf":{"@id":"https:\/\/buletin.de\/bucuresti\/#website"},"primaryImageOfPage":{"@id":"https:\/\/buletin.de\/bucuresti\/sector-2-seif-cu-zeci-de-mii-de-lei-furat-din-casa-unui-cetatean-strain\/#primaryimage"},"image":{"@id":"https:\/\/buletin.de\/bucuresti\/sector-2-seif-cu-zeci-de-mii-de-lei-furat-din-casa-unui-cetatean-strain\/#primaryimage"},"thumbnailUrl":"https:\/\/buletin.de\/bucuresti\/wp-content\/uploads\/yriurfyup0i.jpg","datePublished":"2023-12-15T14:21:13+00:00","breadcrumb":{"@id":"https:\/\/buletin.de\/bucuresti\/sector-2-seif-cu-zeci-de-mii-de-lei-furat-din-casa-unui-cetatean-strain\/#breadcrumb"},"inLanguage":"en-GB","potentialAction":[{"@type":"ReadAction","target":["https:\/\/buletin.de\/bucuresti\/sector-2-seif-cu-zeci-de-mii-de-lei-furat-din-casa-unui-cetatean-strain\/"]}]},{"@type":"ImageObject","inLanguage":"en-GB","@id":"https:\/\/buletin.de\/bucuresti\/sector-2-seif-cu-zeci-de-mii-de-lei-furat-din-casa-unui-cetatean-strain\/#primaryimage","url":"https:\/\/buletin.de\/bucuresti\/wp-content\/uploads\/yriurfyup0i.jpg","contentUrl":"https:\/\/buletin.de\/bucuresti\/wp-content\/uploads\/yriurfyup0i.jpg","width":1600,"height":1053,"caption":"FOTO: unsplash.com"},{"@type":"BreadcrumbList","@id":"https:\/\/buletin.de\/bucuresti\/sector-2-seif-cu-zeci-de-mii-de-lei-furat-din-casa-unui-cetatean-strain\/#breadcrumb","itemListElement":[{"@type":"ListItem","position":1,"name":"Acas\u0103","item":"https:\/\/buletin.de\/bucuresti\/"},{"@type":"ListItem","position":2,"name":"Sector 2 | Seif cu zeci de mii de lei, furat din casa unui cet\u0103\u0163ean str\u0103in"}]},{"@type":"WebSite","@id":"https:\/\/buletin.de\/bucuresti\/#website","url":"https:\/\/buletin.de\/bucuresti\/","name":"Buletin de Bucure\u0219ti","description":"\u0218tiri \u0219i investiga\u021bii esen\u021biale din capital\u0103","publisher":{"@id":"https:\/\/buletin.de\/bucuresti\/#organization"},"potentialAction":[{"@type":"SearchAction","target":{"@type":"EntryPoint","urlTemplate":"https:\/\/buletin.de\/bucuresti\/?s={search_term_string}"},"query-input":{"@type":"PropertyValueSpecification","valueRequired":true,"valueName":"search_term_string"}}],"inLanguage":"en-GB"},{"@type":"Organization","@id":"https:\/\/buletin.de\/bucuresti\/#organization","name":"Buletin de Bucure\u0219ti","url":"https:\/\/buletin.de\/bucuresti\/","logo":{"@type":"ImageObject","inLanguage":"en-GB","@id":"https:\/\/buletin.de\/bucuresti\/#\/schema\/logo\/image\/","url":"https:\/\/buletin.de\/bucuresti\/wp-content\/uploads\/logo-bdb-full-wide-vernil-transparent.png","contentUrl":"https:\/\/buletin.de\/bucuresti\/wp-content\/uploads\/logo-bdb-full-wide-vernil-transparent.png","width":1782,"height":626,"caption":"Buletin de Bucure\u0219ti"},"image":{"@id":"https:\/\/buletin.de\/bucuresti\/#\/schema\/logo\/image\/"},"sameAs":["https:\/\/www.facebook.com\/buletin.de.buc","https:\/\/www.instagram.com\/buletinde.bucuresti\/"]},{"@type":"Person","@id":"https:\/\/buletin.de\/bucuresti\/#\/schema\/person\/5272b8a057b33890940b57b837fc4ce6","name":"Ionu\u021b Lepa","image":{"@type":"ImageObject","inLanguage":"en-GB","@id":"https:\/\/buletin.de\/bucuresti\/wp-content\/uploads\/Ionut-Lepa-96x96.jpg5c4e4d9e049808799a8821652d2410a4","url":"https:\/\/buletin.de\/bucuresti\/wp-content\/uploads\/Ionut-Lepa-96x96.jpg","contentUrl":"https:\/\/buletin.de\/bucuresti\/wp-content\/uploads\/Ionut-Lepa-96x96.jpg","caption":"Ionu\u021b Lepa"},"url":"https:\/\/buletin.de\/bucuresti\/author\/ionutlepa\/"}]}},"authors":[{"term_id":22586,"user_id":8,"is_guest":0,"slug":"ionutlepa","display_name":"Ionu\u021b Lepa","avatar_url":"https:\/\/buletin.de\/bucuresti\/wp-content\/uploads\/Ionut-Lepa-96x96.jpg","0":null,"1":"","2":"","3":"","4":"","5":"","6":"","7":"","8":""}],"_links":{"self":[{"href":"https:\/\/buletin.de\/bucuresti\/wp-json\/wp\/v2\/posts\/72481","targetHints":{"allow":["GET"]}}],"collection":[{"href":"https:\/\/buletin.de\/bucuresti\/wp-json\/wp\/v2\/posts"}],"about":[{"href":"https:\/\/buletin.de\/bucuresti\/wp-json\/wp\/v2\/types\/post"}],"author":[{"embeddable":true,"href":"https:\/\/buletin.de\/bucuresti\/wp-json\/wp\/v2\/users\/8"}],"replies":[{"embeddable":true,"href":"https:\/\/buletin.de\/bucuresti\/wp-json\/wp\/v2\/comments?post=72481"}],"version-history":[{"count":1,"href":"https:\/\/buletin.de\/bucuresti\/wp-json\/wp\/v2\/posts\/72481\/revisions"}],"predecessor-version":[{"id":72485,"href":"https:\/\/buletin.de\/bucuresti\/wp-json\/wp\/v2\/posts\/72481\/revisions\/72485"}],"wp:featuredmedia":[{"embeddable":true,"href":"https:\/\/buletin.de\/bucuresti\/wp-json\/wp\/v2\/media\/72483"}],"wp:attachment":[{"href":"https:\/\/buletin.de\/bucuresti\/wp-json\/wp\/v2\/media?parent=72481"}],"wp:term":[{"taxonomy":"category","embeddable":true,"href":"https:\/\/buletin.de\/bucuresti\/wp-json\/wp\/v2\/categories?post=72481"},{"taxonomy":"post_tag","embeddable":true,"href":"https:\/\/buletin.de\/bucuresti\/wp-json\/wp\/v2\/tags?post=72481"},{"taxonomy":"author","embeddable":true,"href":"https:\/\/buletin.de\/bucuresti\/wp-json\/wp\/v2\/ppma_author?post=72481"}],"curies":[{"name":"wp","href":"https:\/\/api.w.org\/{rel}","templated":true}]}}