{"id":72465,"date":"2023-12-15T15:15:53","date_gmt":"2023-12-15T13:15:53","guid":{"rendered":"https:\/\/buletin.de\/bucuresti\/?p=72465"},"modified":"2023-12-15T15:15:53","modified_gmt":"2023-12-15T13:15:53","slug":"dinastia-rectorilor-dupa-preda-si-jinga-ub-si-umf-mihnea-costoiu-isi-pastreaza-si-el-fotoliul-de-la-politehnica","status":"publish","type":"post","link":"https:\/\/buletin.de\/bucuresti\/dinastia-rectorilor-dupa-preda-si-jinga-ub-si-umf-mihnea-costoiu-isi-pastreaza-si-el-fotoliul-de-la-politehnica\/","title":{"rendered":"Dinastia rectorilor: Dup\u0103 Preda \u015fi Jinga (UB \u015fi UMF), Mihnea Costoiu \u00ee\u015fi p\u0103streaz\u0103 \u015fi el fotoliul de la Politehnic\u0103"},"content":{"rendered":"\n<p><strong>Mihnea Costoiu a c\u00e2\u015ftigat al patrulea mandat de rector al Universit\u0103\u021bii Politehnica Bucure\u0219ti (UPB), potrivit unor <a href=\"https:\/\/www.edupedu.ro\/surse-mihnea-costoiu-castiga-al-patrulea-mandat-de-rector-la-politehnica-bucuresti\/\">surse Edupedu<\/a>. Ar fi fost ales cu aproape 80% din voturi, trebuind ca Senatul s\u0103 valideze voturile. Costoiu este la c\u00e2rma UPB din 2012. <\/strong><\/p>\n\n\n\n<p>A fost prima alegere organizat\u0103 de c\u00e2nd Politehnica Bucure\u0219ti a fuzionat cu Universitatea din Pite\u0219ti, rezultatul fiind Universitatea Na\u021bional\u0103 de \u0218tiin\u021be \u0219i Tehnologie Politehnica Bucure\u0219ti (UNSTPB).<\/p>\n\n\n\n<p>Potrivit vechii Legi a Educa\u021biei, mandatele rectorilor erau limitate la un num\u0103r de dou\u0103, \u00eens\u0103, \u00een timpul guvernului Ponta, a fost modificat\u0103 legea 1\/2011, pentru a le da posibilitatea rectorilor care se suspend\u0103 din mandatul de rector s\u0103 candideze \u0219i pentru un al treilea mandat \u0219i, de asemenea, noua lege nu lua \u00een considerare mandatele exercitate p\u00e2n\u0103 \u00een momentul aprob\u0103rii ei, potrivit <a href=\"https:\/\/www.edupedu.ro\/rectoriada-iii-cine-sunt-rectorii-care-vizeaza-al-treilea-mandat-politicienii-care-conduc-universitati-si-cazul-aparte-al-politehnicii-unde-alegerile-au-loc-cu-6-luni-inainte-de-expirarea-mandatulu\/\">Edupedu.<\/a> Legea a fost modificat\u0103 \u00een timp ce Mihnea Costoiu ocupa \u0219i postul de ministru delegat pentru \u00cenv\u0103\u021b\u0103m\u00e2nt Superior, iar Remus Pricopie, un alt rector care a beneficiat la vremea respectiv\u0103 de un al treilea mandat, era ministru pentru \u00cenv\u0103\u021b\u0103m\u00e2ntul Preuniversitar.<\/p>\n\n\n\n<p><a href=\"https:\/\/upb.ro\/wp-content\/uploads\/2023\/11\/Program-Managerial-Mihnea-Cosmin-Costoiu.pdf\">Programul managerial propus de Mihnea Costoiu <\/a>include, printre altele, programe de licen\u021b\u0103 \u00een forma \u00eenv\u0103\u021b\u0103m\u00e2ntului dual, programe de studii universitare cu dubl\u0103 specializare, programe de studii didactice \u0219i interdisciplinare, la toate nivelurile de studii.\u00a0<\/p>\n\n\n\n<h2 class=\"wp-block-heading\">Costoiu, obligat s\u0103 achite un prejudiciu de 267.000 euro, \u00eentr-un dosar de abuz \u00een serviciu<\/h2>\n\n\n\n<p>\u00cen aprilie 2023, faptele pentru care Costoiu era acuzat<a href=\"https:\/\/www.g4media.ro\/surse-mihnea-costoiu-castiga-al-patrulea-mandat-de-rector-la-politehnica-bucuresti.html\"> s-au prescris<\/a>, iar procesul penal a \u00eencetat, \u00eens\u0103 instan\u021ba men\u021bine sechestrul pus pe o parte din bunurile lui Mihnea Costoiu, p\u00e2n\u0103 la achitarea sumei de 267.577 de euro.<\/p>\n\n\n\n<p>Mihnea Costoiu a fost condamnat, \u00een 2022, <a href=\"https:\/\/www.libertatea.ro\/stiri\/mihnea-costoiu-dosar-inscris-prescriere-4501472\">la 3 ani de \u00eenchisoare cu suspendare pentru abuz \u00een serviciu<\/a> \u00een dosarul bazei \u201eCutez\u0103torii\u201d de \u00cenalta Curte de Casa\u0163ie \u015fi Justi\u0163ie, pentru fapte comise \u00een 2009, pe c\u00e2nd ocupa func\u021bia de secretar de stat. \u00cen 2018, Costoiu a fost trimis \u00een judecat\u0103 de procurorii DNA, deoarece a \u00eencheiat cu funda\u021bia <em>Dinu Pescariu <\/em>un act adi\u021bional f\u0103r\u0103 aprobare, f\u0103r\u0103 organizarea unei licita\u021bii publice \u0219i f\u0103r\u0103 avizele de specialitate necesare. Prejudiciul adus Ministerului Educa\u021biei Na\u021bionale se ridica la aproape 11.000.000 euro, potrivit comunicatului DNA, citat de <a href=\"https:\/\/www.libertatea.ro\/stiri\/mihnea-costoiu-a-fost-trimis-in-judecata-de-procurorii-anticoruptie-pentru-abuz-in-serviciu-2195807\">Libertatea.<\/a><\/p>\n\n\n\n<h2 class=\"wp-block-heading\">Exmatriculat de la dou\u0103 programe doctorale<\/h2>\n\n\n\n<p>\u00cen 2018, acesta a fost exmatriculat de Academia Na\u021bional\u0103 de Informa\u021bii \u201eMihai Viteazul\u201d, subordonat\u0103 Serviciului Rom\u00e2n de Informa\u021bii, deoarece \u201enu a \u00eendeplinit obliga\u0163iile asumate prin contractul de studii universitare de doctorat, nesolicit\u00e2nd prelungirea perioadei de gra\u021bie pentru redactarea tezei\u201d, potrivit unui r\u0103spuns primit de <a href=\"https:\/\/www.g4media.ro\/exclusiv-mihnea-costoiu-rector-de-trei-mandate-la-politehnica-din-bucuresti-a-fost-exmatriculat-de-la-doua-doctorate-unul-de-la-universitatea-sa-celalalt-de-la-academia-sri-ninel-peia-si-nicolae.html\">G4Media.<\/a> Se \u00eenmatriculase \u00een 2013 cu o tez\u0103 despre \u201dManagementul institu\u0163iilor de \u00eenv\u0103\u0163\u0103m\u00e2nt superior din Rom\u00e2nia \u00een condi\u0163iile integr\u0103rii depline \u00een NATO \u015fi UE.\u201d<\/p>\n\n\n\n<p>\u00cen 2012, acesta nota \u00eentr-un CV faptul c\u0103 este doctorand la Universitatea Politehnica, cu o tez\u0103 despre \u201dCercet\u0103ri privind Managementul Sistemului de \u00cenv\u0103\u021b\u0103m\u00e2nt \u00een spiritul reglement\u0103rilor UE\u201d. Ar fi abandonat \u0219i acest demers.\u00a0<\/p>\n\n\n\n<p>\u00centrebat de<a href=\"https:\/\/www.g4media.ro\/exclusiv-mihnea-costoiu-rector-de-trei-mandate-la-politehnica-din-bucuresti-a-fost-exmatriculat-de-la-doua-doctorate-unul-de-la-universitatea-sa-celalalt-de-la-academia-sri-ninel-peia-si-nicolae.html\"> G4media<\/a> despre aceste dou\u0103 evenimente academice, Mihnea Costoiu a spus c\u0103 studiile doctorale nu au constituit o prioritate pentru el, \u0219i a ales s\u0103 se concentreze pe management. La Academia SRI s-ar fi \u00eenscris numai pentru a \u201espiona\u201d realit\u0103\u021bile \u00eent\u00e2lnite acolo, pentru colegii s\u0103i de la Politehnic\u0103, iar la UPB ar fi renun\u021bat deoarece a vrut s\u0103 evite o situa\u021bie \u201eanormal\u0103\u201d, av\u00e2nd deja o func\u021bie de conducere \u00een institu\u021bie.<\/p>\n\n\n\n<h2 class=\"wp-block-heading\">CV-ul lui Mihnea Costoiu<\/h2>\n\n\n\n<p><strong>Studiile<\/strong><\/p>\n\n\n\n<p>Potrivit CV-ului, acesta \u0219i-a luat licen\u021ba \u00een Inginerie Economic\u0103, la Facultatea de Ingineria \u0219i Managementul Sistemelor Tehnologice a UPB, \u00een 1996. Pe urm\u0103, a ob\u021binut <strong>diploma de \u201estudii aprofundate\u201d \u00eentr-un an<\/strong>, \u00eentre 1996 \u0219i 1997. \u00ce<strong>n 2002-2003 acesta a ob\u021binut \u201estudii postuniversitare\u201d \u00een Securitate Na\u021bional\u0103<\/strong>, la Ministerul Ap\u0103r\u0103rii Na\u021bionale, Colegiul Na\u021bional de Ap\u0103rare. \u00centre 2010 \u0219i 2011 a absolvit un curs de Management universitar la Academia de Studii Economice.<\/p>\n\n\n\n<p><strong>Parcursul carierei, de la marketing \u00een domeniul ingineriei la politic\u0103 \u0219i educa\u021bie. Numai func\u021bii de conducere<\/strong><\/p>\n\n\n\n<p>Primele sale locuri de munc\u0103 au fost \u00een management \u0219i marketing. Acesta a ocupat patru ani func\u021bia de \u201eInginer \/ \u0218ef Serviciu Marketing\u201d la SC Mecanic\u0103 Fin\u0103 SA, \u00eenc\u0103 de dinainte s\u0103-\u0219i termine studiile aprofundate, p\u00e2n\u0103 \u00een 1999, c\u00e2nd a ajuns pre\u0219edinte SC CITEX SA.<\/p>\n\n\n\n<p>\u00cen 2001, din func\u021bia de pre\u0219edinte a ajuns Secretar General \u00een Ministerul Educa\u021biei \u0219i Cercet\u0103rii, p\u00e2n\u0103 \u00een 2004 c\u00e2nd a fost manager de proiect \u00een cadrul Ministerului Educa\u021biei \u0219i Cercet\u0103rii. \u00cen 2009 a fost, din nou, secretar de stat, la Ministerul Educa\u021biei, Cercet\u0103rii \u0219i Inov\u0103rii, urm\u00e2nd ca din 2012 p\u00e2n\u0103 \u00een 2014 s\u0103 fie ministrul delegat pentru Cercetare.<\/p>\n\n\n\n<p>De-a lungul \u00eentregii cariere, din 1997 p\u00e2n\u0103 \u00een prezent, acesta a fost cadru didactic asociat \u00een cadrul ASE, ocup\u00e2ndu-se tot de zona de management de proiecte. De asemenea, din 2005 p\u00e2n\u0103 \u00een 2012 a fost director general administrativ al UPB.<\/p>\n\n\n\n<p>\u00cen prezent, potrivit CV-ului, acesta este:<\/p>\n\n\n\n<ul class=\"wp-block-list\">\n<li>Secretar General al Consiliului Na\u021bional al Rectorilor, din 2012;<\/li>\n\n\n\n<li>Membru \u00een Consiliul de Administra\u021bie al Agence Universitaire de la Francophonie (AUF), din 2017;<\/li>\n\n\n\n<li>Director \u00een Consiliul Director al Conferin\u021bei Universit\u0103\u021bilor Tehnice Europene de Educa\u021bie \u0219i Cercetare (CESAER), din 2018 ocup\u00e2nd diverse roluri de conducere<\/li>\n\n\n\n<li>Rector al UPB, din 2012.&nbsp;<\/li>\n<\/ul>\n","protected":false},"excerpt":{"rendered":"<p>Mihnea Costoiu a c\u00e2\u015ftigat al patrulea mandat de rector al Universit\u0103\u021bii Politehnica Bucure\u0219ti (UPB), potrivit unor surse Edupedu. Ar fi fost ales cu aproape 80% din voturi, trebuind ca Senatul s\u0103 valideze voturile. Costoiu este la c\u00e2rma UPB din 2012. A fost prima alegere organizat\u0103 de c\u00e2nd Politehnica Bucure\u0219ti a fuzionat cu Universitatea din Pite\u0219ti, [&hellip;]<\/p>\n","protected":false},"author":47,"featured_media":72472,"comment_status":"closed","ping_status":"open","sticky":false,"template":"","format":"standard","meta":{"_acf_changed":false,"inline_featured_image":false,"ngg_post_thumbnail":0,"footnotes":""},"categories":[6994,3421,62],"tags":[875,8570,1406,8568,5764,1570,8569,8567,5521],"ppma_author":[22580],"class_list":["post-72465","post","type-post","status-publish","format-standard","has-post-thumbnail","hentry","category-stiri-2","category-educatie","category-stiri","tag-dna","tag-doctorat","tag-mandat","tag-mihnea-costoiu","tag-politehnica","tag-prejudiciu","tag-prescris","tag-rector","tag-upb"],"acf":[],"yoast_head":"<!-- This site is optimized with the Yoast SEO Premium plugin v25.3 (Yoast SEO v27.4) - https:\/\/yoast.com\/product\/yoast-seo-premium-wordpress\/ -->\n<title>Dinastia rectorilor: Dup\u0103 Preda \u015fi Jinga (UB \u015fi UMF), Mihnea Costoiu \u00ee\u015fi p\u0103streaz\u0103 \u015fi el fotoliul de la Politehnic\u0103 - Buletin de Bucure\u0219ti<\/title>\n<meta name=\"robots\" content=\"index, follow, max-snippet:-1, max-image-preview:large, max-video-preview:-1\" \/>\n<link rel=\"canonical\" href=\"https:\/\/buletin.de\/bucuresti\/dinastia-rectorilor-dupa-preda-si-jinga-ub-si-umf-mihnea-costoiu-isi-pastreaza-si-el-fotoliul-de-la-politehnica\/\" \/>\n<meta property=\"og:locale\" content=\"en_GB\" \/>\n<meta property=\"og:type\" content=\"article\" \/>\n<meta property=\"og:title\" content=\"Dinastia rectorilor: Dup\u0103 Preda \u015fi Jinga (UB \u015fi UMF), Mihnea Costoiu \u00ee\u015fi p\u0103streaz\u0103 \u015fi el fotoliul de la Politehnic\u0103\" \/>\n<meta property=\"og:description\" content=\"Mihnea Costoiu a c\u00e2\u015ftigat al patrulea mandat de rector al Universit\u0103\u021bii Politehnica Bucure\u0219ti (UPB), potrivit unor surse Edupedu. Ar fi fost ales cu aproape 80% din voturi, trebuind ca Senatul s\u0103 valideze voturile. Costoiu este la c\u00e2rma UPB din 2012. A fost prima alegere organizat\u0103 de c\u00e2nd Politehnica Bucure\u0219ti a fuzionat cu Universitatea din Pite\u0219ti, [&hellip;]\" \/>\n<meta property=\"og:url\" content=\"https:\/\/buletin.de\/bucuresti\/dinastia-rectorilor-dupa-preda-si-jinga-ub-si-umf-mihnea-costoiu-isi-pastreaza-si-el-fotoliul-de-la-politehnica\/\" \/>\n<meta property=\"og:site_name\" content=\"Buletin de Bucure\u0219ti\" \/>\n<meta property=\"article:publisher\" content=\"https:\/\/www.facebook.com\/buletin.de.buc\" \/>\n<meta property=\"article:published_time\" content=\"2023-12-15T13:15:53+00:00\" \/>\n<meta property=\"og:image\" content=\"https:\/\/buletin.de\/bucuresti\/wp-content\/uploads\/mihnea-costoiu.jpg\" \/>\n\t<meta property=\"og:image:width\" content=\"2048\" \/>\n\t<meta property=\"og:image:height\" content=\"1365\" \/>\n\t<meta property=\"og:image:type\" content=\"image\/jpeg\" \/>\n<meta name=\"author\" content=\"Adina C\u0103p\u00eelnean\" \/>\n<meta name=\"twitter:card\" content=\"summary_large_image\" \/>\n<meta name=\"twitter:label1\" content=\"Written by\" \/>\n\t<meta name=\"twitter:data1\" content=\"Adina C\u0103p\u00eelnean\" \/>\n\t<meta name=\"twitter:label2\" content=\"Estimated reading time\" \/>\n\t<meta name=\"twitter:data2\" content=\"4 minutes\" \/>\n<script type=\"application\/ld+json\" class=\"yoast-schema-graph\">{\"@context\":\"https:\\\/\\\/schema.org\",\"@graph\":[{\"@type\":\"Article\",\"@id\":\"https:\\\/\\\/buletin.de\\\/bucuresti\\\/dinastia-rectorilor-dupa-preda-si-jinga-ub-si-umf-mihnea-costoiu-isi-pastreaza-si-el-fotoliul-de-la-politehnica\\\/#article\",\"isPartOf\":{\"@id\":\"https:\\\/\\\/buletin.de\\\/bucuresti\\\/dinastia-rectorilor-dupa-preda-si-jinga-ub-si-umf-mihnea-costoiu-isi-pastreaza-si-el-fotoliul-de-la-politehnica\\\/\"},\"author\":{\"name\":\"Adina C\u0103p\u00eelnean\",\"@id\":\"https:\\\/\\\/buletin.de\\\/bucuresti\\\/#\\\/schema\\\/person\\\/ab174cf6711728e4ee83d672acf9a912\"},\"headline\":\"Dinastia rectorilor: Dup\u0103 Preda \u015fi Jinga (UB \u015fi UMF), Mihnea Costoiu \u00ee\u015fi p\u0103streaz\u0103 \u015fi el fotoliul de la Politehnic\u0103\",\"datePublished\":\"2023-12-15T13:15:53+00:00\",\"mainEntityOfPage\":{\"@id\":\"https:\\\/\\\/buletin.de\\\/bucuresti\\\/dinastia-rectorilor-dupa-preda-si-jinga-ub-si-umf-mihnea-costoiu-isi-pastreaza-si-el-fotoliul-de-la-politehnica\\\/\"},\"wordCount\":905,\"publisher\":{\"@id\":\"https:\\\/\\\/buletin.de\\\/bucuresti\\\/#organization\"},\"image\":{\"@id\":\"https:\\\/\\\/buletin.de\\\/bucuresti\\\/dinastia-rectorilor-dupa-preda-si-jinga-ub-si-umf-mihnea-costoiu-isi-pastreaza-si-el-fotoliul-de-la-politehnica\\\/#primaryimage\"},\"thumbnailUrl\":\"https:\\\/\\\/buletin.de\\\/bucuresti\\\/wp-content\\\/uploads\\\/mihnea-costoiu.jpg\",\"keywords\":[\"dna\",\"doctorat\",\"mandat\",\"mihnea costoiu\",\"politehnica\",\"prejudiciu\",\"prescris\",\"rector\",\"upb\"],\"articleSection\":[\"Articole\",\"Educa\u021bie\",\"\u0218tiri\"],\"inLanguage\":\"en-GB\",\"copyrightYear\":\"2023\",\"copyrightHolder\":{\"@id\":\"https:\\\/\\\/buletin.de\\\/bucuresti\\\/#organization\"}},{\"@type\":\"WebPage\",\"@id\":\"https:\\\/\\\/buletin.de\\\/bucuresti\\\/dinastia-rectorilor-dupa-preda-si-jinga-ub-si-umf-mihnea-costoiu-isi-pastreaza-si-el-fotoliul-de-la-politehnica\\\/\",\"url\":\"https:\\\/\\\/buletin.de\\\/bucuresti\\\/dinastia-rectorilor-dupa-preda-si-jinga-ub-si-umf-mihnea-costoiu-isi-pastreaza-si-el-fotoliul-de-la-politehnica\\\/\",\"name\":\"Dinastia rectorilor: Dup\u0103 Preda \u015fi Jinga (UB \u015fi UMF), Mihnea Costoiu \u00ee\u015fi p\u0103streaz\u0103 \u015fi el fotoliul de la Politehnic\u0103 - Buletin de Bucure\u0219ti\",\"isPartOf\":{\"@id\":\"https:\\\/\\\/buletin.de\\\/bucuresti\\\/#website\"},\"primaryImageOfPage\":{\"@id\":\"https:\\\/\\\/buletin.de\\\/bucuresti\\\/dinastia-rectorilor-dupa-preda-si-jinga-ub-si-umf-mihnea-costoiu-isi-pastreaza-si-el-fotoliul-de-la-politehnica\\\/#primaryimage\"},\"image\":{\"@id\":\"https:\\\/\\\/buletin.de\\\/bucuresti\\\/dinastia-rectorilor-dupa-preda-si-jinga-ub-si-umf-mihnea-costoiu-isi-pastreaza-si-el-fotoliul-de-la-politehnica\\\/#primaryimage\"},\"thumbnailUrl\":\"https:\\\/\\\/buletin.de\\\/bucuresti\\\/wp-content\\\/uploads\\\/mihnea-costoiu.jpg\",\"datePublished\":\"2023-12-15T13:15:53+00:00\",\"breadcrumb\":{\"@id\":\"https:\\\/\\\/buletin.de\\\/bucuresti\\\/dinastia-rectorilor-dupa-preda-si-jinga-ub-si-umf-mihnea-costoiu-isi-pastreaza-si-el-fotoliul-de-la-politehnica\\\/#breadcrumb\"},\"inLanguage\":\"en-GB\",\"potentialAction\":[{\"@type\":\"ReadAction\",\"target\":[\"https:\\\/\\\/buletin.de\\\/bucuresti\\\/dinastia-rectorilor-dupa-preda-si-jinga-ub-si-umf-mihnea-costoiu-isi-pastreaza-si-el-fotoliul-de-la-politehnica\\\/\"]}]},{\"@type\":\"ImageObject\",\"inLanguage\":\"en-GB\",\"@id\":\"https:\\\/\\\/buletin.de\\\/bucuresti\\\/dinastia-rectorilor-dupa-preda-si-jinga-ub-si-umf-mihnea-costoiu-isi-pastreaza-si-el-fotoliul-de-la-politehnica\\\/#primaryimage\",\"url\":\"https:\\\/\\\/buletin.de\\\/bucuresti\\\/wp-content\\\/uploads\\\/mihnea-costoiu.jpg\",\"contentUrl\":\"https:\\\/\\\/buletin.de\\\/bucuresti\\\/wp-content\\\/uploads\\\/mihnea-costoiu.jpg\",\"width\":2048,\"height\":1365,\"caption\":\"FOTO: UPB Alumni Community\"},{\"@type\":\"BreadcrumbList\",\"@id\":\"https:\\\/\\\/buletin.de\\\/bucuresti\\\/dinastia-rectorilor-dupa-preda-si-jinga-ub-si-umf-mihnea-costoiu-isi-pastreaza-si-el-fotoliul-de-la-politehnica\\\/#breadcrumb\",\"itemListElement\":[{\"@type\":\"ListItem\",\"position\":1,\"name\":\"Acas\u0103\",\"item\":\"https:\\\/\\\/buletin.de\\\/bucuresti\\\/\"},{\"@type\":\"ListItem\",\"position\":2,\"name\":\"Dinastia rectorilor: Dup\u0103 Preda \u015fi Jinga (UB \u015fi UMF), Mihnea Costoiu \u00ee\u015fi p\u0103streaz\u0103 \u015fi el fotoliul de la Politehnic\u0103\"}]},{\"@type\":\"WebSite\",\"@id\":\"https:\\\/\\\/buletin.de\\\/bucuresti\\\/#website\",\"url\":\"https:\\\/\\\/buletin.de\\\/bucuresti\\\/\",\"name\":\"Buletin de Bucure\u0219ti\",\"description\":\"\u0218tiri \u0219i investiga\u021bii esen\u021biale din capital\u0103\",\"publisher\":{\"@id\":\"https:\\\/\\\/buletin.de\\\/bucuresti\\\/#organization\"},\"potentialAction\":[{\"@type\":\"SearchAction\",\"target\":{\"@type\":\"EntryPoint\",\"urlTemplate\":\"https:\\\/\\\/buletin.de\\\/bucuresti\\\/?s={search_term_string}\"},\"query-input\":{\"@type\":\"PropertyValueSpecification\",\"valueRequired\":true,\"valueName\":\"search_term_string\"}}],\"inLanguage\":\"en-GB\"},{\"@type\":\"Organization\",\"@id\":\"https:\\\/\\\/buletin.de\\\/bucuresti\\\/#organization\",\"name\":\"Buletin de Bucure\u0219ti\",\"url\":\"https:\\\/\\\/buletin.de\\\/bucuresti\\\/\",\"logo\":{\"@type\":\"ImageObject\",\"inLanguage\":\"en-GB\",\"@id\":\"https:\\\/\\\/buletin.de\\\/bucuresti\\\/#\\\/schema\\\/logo\\\/image\\\/\",\"url\":\"https:\\\/\\\/buletin.de\\\/bucuresti\\\/wp-content\\\/uploads\\\/logo-bdb-full-wide-vernil-transparent.png\",\"contentUrl\":\"https:\\\/\\\/buletin.de\\\/bucuresti\\\/wp-content\\\/uploads\\\/logo-bdb-full-wide-vernil-transparent.png\",\"width\":1782,\"height\":626,\"caption\":\"Buletin de Bucure\u0219ti\"},\"image\":{\"@id\":\"https:\\\/\\\/buletin.de\\\/bucuresti\\\/#\\\/schema\\\/logo\\\/image\\\/\"},\"sameAs\":[\"https:\\\/\\\/www.facebook.com\\\/buletin.de.buc\",\"https:\\\/\\\/www.instagram.com\\\/buletinde.bucuresti\\\/\"]},{\"@type\":\"Person\",\"@id\":\"https:\\\/\\\/buletin.de\\\/bucuresti\\\/#\\\/schema\\\/person\\\/ab174cf6711728e4ee83d672acf9a912\",\"name\":\"Adina C\u0103p\u00eelnean\",\"image\":{\"@type\":\"ImageObject\",\"inLanguage\":\"en-GB\",\"@id\":\"https:\\\/\\\/secure.gravatar.com\\\/avatar\\\/4fe9675d6282fd7c1aa4e486a037d532d5728fc16a30360f293eb6126b2e73ad?s=96&d=monsterid&r=ge2b23868508aec3460d3c6a11d3b599a\",\"url\":\"https:\\\/\\\/secure.gravatar.com\\\/avatar\\\/4fe9675d6282fd7c1aa4e486a037d532d5728fc16a30360f293eb6126b2e73ad?s=96&d=monsterid&r=g\",\"contentUrl\":\"https:\\\/\\\/secure.gravatar.com\\\/avatar\\\/4fe9675d6282fd7c1aa4e486a037d532d5728fc16a30360f293eb6126b2e73ad?s=96&d=monsterid&r=g\",\"caption\":\"Adina C\u0103p\u00eelnean\"},\"url\":\"https:\\\/\\\/buletin.de\\\/bucuresti\\\/author\\\/adinacapilnean\\\/\"}]}<\/script>\n<!-- \/ Yoast SEO Premium plugin. -->","yoast_head_json":{"title":"Dinastia rectorilor: Dup\u0103 Preda \u015fi Jinga (UB \u015fi UMF), Mihnea Costoiu \u00ee\u015fi p\u0103streaz\u0103 \u015fi el fotoliul de la Politehnic\u0103 - Buletin de Bucure\u0219ti","robots":{"index":"index","follow":"follow","max-snippet":"max-snippet:-1","max-image-preview":"max-image-preview:large","max-video-preview":"max-video-preview:-1"},"canonical":"https:\/\/buletin.de\/bucuresti\/dinastia-rectorilor-dupa-preda-si-jinga-ub-si-umf-mihnea-costoiu-isi-pastreaza-si-el-fotoliul-de-la-politehnica\/","og_locale":"en_GB","og_type":"article","og_title":"Dinastia rectorilor: Dup\u0103 Preda \u015fi Jinga (UB \u015fi UMF), Mihnea Costoiu \u00ee\u015fi p\u0103streaz\u0103 \u015fi el fotoliul de la Politehnic\u0103","og_description":"Mihnea Costoiu a c\u00e2\u015ftigat al patrulea mandat de rector al Universit\u0103\u021bii Politehnica Bucure\u0219ti (UPB), potrivit unor surse Edupedu. Ar fi fost ales cu aproape 80% din voturi, trebuind ca Senatul s\u0103 valideze voturile. Costoiu este la c\u00e2rma UPB din 2012. A fost prima alegere organizat\u0103 de c\u00e2nd Politehnica Bucure\u0219ti a fuzionat cu Universitatea din Pite\u0219ti, [&hellip;]","og_url":"https:\/\/buletin.de\/bucuresti\/dinastia-rectorilor-dupa-preda-si-jinga-ub-si-umf-mihnea-costoiu-isi-pastreaza-si-el-fotoliul-de-la-politehnica\/","og_site_name":"Buletin de Bucure\u0219ti","article_publisher":"https:\/\/www.facebook.com\/buletin.de.buc","article_published_time":"2023-12-15T13:15:53+00:00","og_image":[{"width":2048,"height":1365,"url":"https:\/\/buletin.de\/bucuresti\/wp-content\/uploads\/mihnea-costoiu.jpg","type":"image\/jpeg"}],"author":"Adina C\u0103p\u00eelnean","twitter_card":"summary_large_image","twitter_misc":{"Written by":"Adina C\u0103p\u00eelnean","Estimated reading time":"4 minutes"},"schema":{"@context":"https:\/\/schema.org","@graph":[{"@type":"Article","@id":"https:\/\/buletin.de\/bucuresti\/dinastia-rectorilor-dupa-preda-si-jinga-ub-si-umf-mihnea-costoiu-isi-pastreaza-si-el-fotoliul-de-la-politehnica\/#article","isPartOf":{"@id":"https:\/\/buletin.de\/bucuresti\/dinastia-rectorilor-dupa-preda-si-jinga-ub-si-umf-mihnea-costoiu-isi-pastreaza-si-el-fotoliul-de-la-politehnica\/"},"author":{"name":"Adina C\u0103p\u00eelnean","@id":"https:\/\/buletin.de\/bucuresti\/#\/schema\/person\/ab174cf6711728e4ee83d672acf9a912"},"headline":"Dinastia rectorilor: Dup\u0103 Preda \u015fi Jinga (UB \u015fi UMF), Mihnea Costoiu \u00ee\u015fi p\u0103streaz\u0103 \u015fi el fotoliul de la Politehnic\u0103","datePublished":"2023-12-15T13:15:53+00:00","mainEntityOfPage":{"@id":"https:\/\/buletin.de\/bucuresti\/dinastia-rectorilor-dupa-preda-si-jinga-ub-si-umf-mihnea-costoiu-isi-pastreaza-si-el-fotoliul-de-la-politehnica\/"},"wordCount":905,"publisher":{"@id":"https:\/\/buletin.de\/bucuresti\/#organization"},"image":{"@id":"https:\/\/buletin.de\/bucuresti\/dinastia-rectorilor-dupa-preda-si-jinga-ub-si-umf-mihnea-costoiu-isi-pastreaza-si-el-fotoliul-de-la-politehnica\/#primaryimage"},"thumbnailUrl":"https:\/\/buletin.de\/bucuresti\/wp-content\/uploads\/mihnea-costoiu.jpg","keywords":["dna","doctorat","mandat","mihnea costoiu","politehnica","prejudiciu","prescris","rector","upb"],"articleSection":["Articole","Educa\u021bie","\u0218tiri"],"inLanguage":"en-GB","copyrightYear":"2023","copyrightHolder":{"@id":"https:\/\/buletin.de\/bucuresti\/#organization"}},{"@type":"WebPage","@id":"https:\/\/buletin.de\/bucuresti\/dinastia-rectorilor-dupa-preda-si-jinga-ub-si-umf-mihnea-costoiu-isi-pastreaza-si-el-fotoliul-de-la-politehnica\/","url":"https:\/\/buletin.de\/bucuresti\/dinastia-rectorilor-dupa-preda-si-jinga-ub-si-umf-mihnea-costoiu-isi-pastreaza-si-el-fotoliul-de-la-politehnica\/","name":"Dinastia rectorilor: Dup\u0103 Preda \u015fi Jinga (UB \u015fi UMF), Mihnea Costoiu \u00ee\u015fi p\u0103streaz\u0103 \u015fi el fotoliul de la Politehnic\u0103 - Buletin de Bucure\u0219ti","isPartOf":{"@id":"https:\/\/buletin.de\/bucuresti\/#website"},"primaryImageOfPage":{"@id":"https:\/\/buletin.de\/bucuresti\/dinastia-rectorilor-dupa-preda-si-jinga-ub-si-umf-mihnea-costoiu-isi-pastreaza-si-el-fotoliul-de-la-politehnica\/#primaryimage"},"image":{"@id":"https:\/\/buletin.de\/bucuresti\/dinastia-rectorilor-dupa-preda-si-jinga-ub-si-umf-mihnea-costoiu-isi-pastreaza-si-el-fotoliul-de-la-politehnica\/#primaryimage"},"thumbnailUrl":"https:\/\/buletin.de\/bucuresti\/wp-content\/uploads\/mihnea-costoiu.jpg","datePublished":"2023-12-15T13:15:53+00:00","breadcrumb":{"@id":"https:\/\/buletin.de\/bucuresti\/dinastia-rectorilor-dupa-preda-si-jinga-ub-si-umf-mihnea-costoiu-isi-pastreaza-si-el-fotoliul-de-la-politehnica\/#breadcrumb"},"inLanguage":"en-GB","potentialAction":[{"@type":"ReadAction","target":["https:\/\/buletin.de\/bucuresti\/dinastia-rectorilor-dupa-preda-si-jinga-ub-si-umf-mihnea-costoiu-isi-pastreaza-si-el-fotoliul-de-la-politehnica\/"]}]},{"@type":"ImageObject","inLanguage":"en-GB","@id":"https:\/\/buletin.de\/bucuresti\/dinastia-rectorilor-dupa-preda-si-jinga-ub-si-umf-mihnea-costoiu-isi-pastreaza-si-el-fotoliul-de-la-politehnica\/#primaryimage","url":"https:\/\/buletin.de\/bucuresti\/wp-content\/uploads\/mihnea-costoiu.jpg","contentUrl":"https:\/\/buletin.de\/bucuresti\/wp-content\/uploads\/mihnea-costoiu.jpg","width":2048,"height":1365,"caption":"FOTO: UPB Alumni Community"},{"@type":"BreadcrumbList","@id":"https:\/\/buletin.de\/bucuresti\/dinastia-rectorilor-dupa-preda-si-jinga-ub-si-umf-mihnea-costoiu-isi-pastreaza-si-el-fotoliul-de-la-politehnica\/#breadcrumb","itemListElement":[{"@type":"ListItem","position":1,"name":"Acas\u0103","item":"https:\/\/buletin.de\/bucuresti\/"},{"@type":"ListItem","position":2,"name":"Dinastia rectorilor: Dup\u0103 Preda \u015fi Jinga (UB \u015fi UMF), Mihnea Costoiu \u00ee\u015fi p\u0103streaz\u0103 \u015fi el fotoliul de la Politehnic\u0103"}]},{"@type":"WebSite","@id":"https:\/\/buletin.de\/bucuresti\/#website","url":"https:\/\/buletin.de\/bucuresti\/","name":"Buletin de Bucure\u0219ti","description":"\u0218tiri \u0219i investiga\u021bii esen\u021biale din capital\u0103","publisher":{"@id":"https:\/\/buletin.de\/bucuresti\/#organization"},"potentialAction":[{"@type":"SearchAction","target":{"@type":"EntryPoint","urlTemplate":"https:\/\/buletin.de\/bucuresti\/?s={search_term_string}"},"query-input":{"@type":"PropertyValueSpecification","valueRequired":true,"valueName":"search_term_string"}}],"inLanguage":"en-GB"},{"@type":"Organization","@id":"https:\/\/buletin.de\/bucuresti\/#organization","name":"Buletin de Bucure\u0219ti","url":"https:\/\/buletin.de\/bucuresti\/","logo":{"@type":"ImageObject","inLanguage":"en-GB","@id":"https:\/\/buletin.de\/bucuresti\/#\/schema\/logo\/image\/","url":"https:\/\/buletin.de\/bucuresti\/wp-content\/uploads\/logo-bdb-full-wide-vernil-transparent.png","contentUrl":"https:\/\/buletin.de\/bucuresti\/wp-content\/uploads\/logo-bdb-full-wide-vernil-transparent.png","width":1782,"height":626,"caption":"Buletin de Bucure\u0219ti"},"image":{"@id":"https:\/\/buletin.de\/bucuresti\/#\/schema\/logo\/image\/"},"sameAs":["https:\/\/www.facebook.com\/buletin.de.buc","https:\/\/www.instagram.com\/buletinde.bucuresti\/"]},{"@type":"Person","@id":"https:\/\/buletin.de\/bucuresti\/#\/schema\/person\/ab174cf6711728e4ee83d672acf9a912","name":"Adina C\u0103p\u00eelnean","image":{"@type":"ImageObject","inLanguage":"en-GB","@id":"https:\/\/secure.gravatar.com\/avatar\/4fe9675d6282fd7c1aa4e486a037d532d5728fc16a30360f293eb6126b2e73ad?s=96&d=monsterid&r=ge2b23868508aec3460d3c6a11d3b599a","url":"https:\/\/secure.gravatar.com\/avatar\/4fe9675d6282fd7c1aa4e486a037d532d5728fc16a30360f293eb6126b2e73ad?s=96&d=monsterid&r=g","contentUrl":"https:\/\/secure.gravatar.com\/avatar\/4fe9675d6282fd7c1aa4e486a037d532d5728fc16a30360f293eb6126b2e73ad?s=96&d=monsterid&r=g","caption":"Adina C\u0103p\u00eelnean"},"url":"https:\/\/buletin.de\/bucuresti\/author\/adinacapilnean\/"}]}},"authors":[{"term_id":22580,"user_id":47,"is_guest":0,"slug":"adinacapilnean","display_name":"Adina C\u0103p\u00eelnean","avatar_url":"https:\/\/secure.gravatar.com\/avatar\/4fe9675d6282fd7c1aa4e486a037d532d5728fc16a30360f293eb6126b2e73ad?s=96&d=monsterid&r=g","0":null,"1":"","2":"","3":"","4":"","5":"","6":"","7":"","8":""}],"_links":{"self":[{"href":"https:\/\/buletin.de\/bucuresti\/wp-json\/wp\/v2\/posts\/72465","targetHints":{"allow":["GET"]}}],"collection":[{"href":"https:\/\/buletin.de\/bucuresti\/wp-json\/wp\/v2\/posts"}],"about":[{"href":"https:\/\/buletin.de\/bucuresti\/wp-json\/wp\/v2\/types\/post"}],"author":[{"embeddable":true,"href":"https:\/\/buletin.de\/bucuresti\/wp-json\/wp\/v2\/users\/47"}],"replies":[{"embeddable":true,"href":"https:\/\/buletin.de\/bucuresti\/wp-json\/wp\/v2\/comments?post=72465"}],"version-history":[{"count":4,"href":"https:\/\/buletin.de\/bucuresti\/wp-json\/wp\/v2\/posts\/72465\/revisions"}],"predecessor-version":[{"id":72474,"href":"https:\/\/buletin.de\/bucuresti\/wp-json\/wp\/v2\/posts\/72465\/revisions\/72474"}],"wp:featuredmedia":[{"embeddable":true,"href":"https:\/\/buletin.de\/bucuresti\/wp-json\/wp\/v2\/media\/72472"}],"wp:attachment":[{"href":"https:\/\/buletin.de\/bucuresti\/wp-json\/wp\/v2\/media?parent=72465"}],"wp:term":[{"taxonomy":"category","embeddable":true,"href":"https:\/\/buletin.de\/bucuresti\/wp-json\/wp\/v2\/categories?post=72465"},{"taxonomy":"post_tag","embeddable":true,"href":"https:\/\/buletin.de\/bucuresti\/wp-json\/wp\/v2\/tags?post=72465"},{"taxonomy":"author","embeddable":true,"href":"https:\/\/buletin.de\/bucuresti\/wp-json\/wp\/v2\/ppma_author?post=72465"}],"curies":[{"name":"wp","href":"https:\/\/api.w.org\/{rel}","templated":true}]}}