{"id":72410,"date":"2023-12-15T12:38:27","date_gmt":"2023-12-15T10:38:27","guid":{"rendered":"https:\/\/buletin.de\/bucuresti\/?p=72410"},"modified":"2023-12-15T12:38:27","modified_gmt":"2023-12-15T10:38:27","slug":"sector-3-i-pod-peste-raul-dambovita-o-investitie-de-peste-15-milioane-de-lei","status":"publish","type":"post","link":"https:\/\/buletin.de\/bucuresti\/sector-3-i-pod-peste-raul-dambovita-o-investitie-de-peste-15-milioane-de-lei\/","title":{"rendered":"Sector 3 I Pod peste r\u00e2ul D\u00e2mbovi\u021ba, o investi\u021bie de peste 15 milioane de lei"},"content":{"rendered":"\n<p><strong>Prim\u0103ria Sectorului 3 vrea s\u0103 construiasc\u0103 un pod peste r\u00e2ul D\u00e2mbovi\u021ba. Proiectul trebuie votat \u00een \u0219edin\u021ba de Consiliu Local din 19 decembrie.<\/strong><\/p>\n\n\n\n<p>Dac\u0103 va primi avizul consilierilor locali, construc\u021bia se va realiza \u00een dreptul str\u0103zii Lunca Priporului. Acesta va avea o parte carosabil\u0103 cu c\u00e2te 3 benzi pe sens \u0219i un singur trotuar de 4.30m l\u0103\u021bime. Doi metri, din acest trotuar, vor fi rezerva\u021bi pistelor de bicicli\u0219ti. <\/p>\n\n\n\n<figure class=\"wp-block-image size-large is-resized\"><img fetchpriority=\"high\" decoding=\"async\" width=\"900\" height=\"382\" src=\"data:image\/gif;base64,R0lGODlhAQABAAAAACH5BAEKAAEALAAAAAABAAEAAAICTAEAOw==\" data-src=\"https:\/\/buletin.de\/bucuresti\/wp-content\/uploads\/pod-dambovita-s3-lunca-priporului-900x382.png\" alt=\"\" class=\"wp-image-72439 lazyload\" style=\"width:840px;height:auto\" data-sizes=\"auto\" data-srcset=\"https:\/\/buletin.de\/bucuresti\/wp-content\/uploads\/pod-dambovita-s3-lunca-priporului-900x382.png 900w, https:\/\/buletin.de\/bucuresti\/wp-content\/uploads\/pod-dambovita-s3-lunca-priporului-300x127.png 300w, https:\/\/buletin.de\/bucuresti\/wp-content\/uploads\/pod-dambovita-s3-lunca-priporului-768x326.png 768w, https:\/\/buletin.de\/bucuresti\/wp-content\/uploads\/pod-dambovita-s3-lunca-priporului-1536x651.png 1536w, https:\/\/buletin.de\/bucuresti\/wp-content\/uploads\/pod-dambovita-s3-lunca-priporului-1100x466.png 1100w, https:\/\/buletin.de\/bucuresti\/wp-content\/uploads\/pod-dambovita-s3-lunca-priporului-600x254.png 600w, https:\/\/buletin.de\/bucuresti\/wp-content\/uploads\/pod-dambovita-s3-lunca-priporului-20x8.png 20w, https:\/\/buletin.de\/bucuresti\/wp-content\/uploads\/pod-dambovita-s3-lunca-priporului.png 1564w\" sizes=\"(max-width: 900px) 100vw, 900px\" \/><figcaption class=\"wp-element-caption\">Google Maps<\/figcaption><\/figure>\n\n\n\n<p>Desp\u0103r\u021birea \u00eentre sensuri, respectiv trotuar \u0219i carosabil se va realiza prin intermediul unor jardiniere din beton prefabricat, rezult\u00e2nd astfel o l\u0103\u021bime total\u0103 a suprastructurii de 34.40m. <\/p>\n\n\n\n<p>Proiectul mai prevede c\u0103, pentru apele din precipita\u021bii, pe pod nu vor fi amplasate guri de scurgere. Apele vor fi evacuate la capetele podului iar pentru siguran\u021ba circula\u021biei, la limita p\u0103r\u021bii carosabile, au fost prev\u0103zute borduri \u00eenalte din beton armat. De asemenea, se vor amenaja sc\u0103ri pentru accesul sub pod iar construc\u021bia va fi dotat\u0103 cu iluminat public. <\/p>\n\n\n\n<p>Valoarea total\u0103 a proiectului se ridic\u0103 la peste 15 milioane de lei, cu TVA, iar termenul de realizare a investi\u021biei este de \u015fase luni.<\/p>\n","protected":false},"excerpt":{"rendered":"<p>Prim\u0103ria Sectorului 3 vrea s\u0103 construiasc\u0103 un pod peste r\u00e2ul D\u00e2mbovi\u021ba. Proiectul trebuie votat \u00een \u0219edin\u021ba de Consiliu Local din 19 decembrie. Dac\u0103 va primi avizul consilierilor locali, construc\u021bia se va realiza \u00een dreptul str\u0103zii Lunca Priporului. Acesta va avea o parte carosabil\u0103 cu c\u00e2te 3 benzi pe sens \u0219i un singur trotuar de 4.30m [&hellip;]<\/p>\n","protected":false},"author":49,"featured_media":59214,"comment_status":"closed","ping_status":"open","sticky":false,"template":"","format":"standard","meta":{"_acf_changed":false,"inline_featured_image":false,"ngg_post_thumbnail":0,"footnotes":""},"categories":[6994,24,62],"tags":[8552,440,8553],"ppma_author":[22574],"class_list":["post-72410","post","type-post","status-publish","format-standard","has-post-thumbnail","hentry","category-stiri-2","category-primarie","category-stiri","tag-raul-dambovita","tag-sector-3","tag-str-lunca-priporolui"],"acf":[],"yoast_head":"<!-- This site is optimized with the Yoast SEO Premium plugin v25.3 (Yoast SEO v27.5) - https:\/\/yoast.com\/product\/yoast-seo-premium-wordpress\/ -->\n<title>Sector 3 I Pod peste r\u00e2ul D\u00e2mbovi\u021ba, o investi\u021bie de peste 15 milioane de lei - Buletin de Bucure\u0219ti<\/title>\n<meta name=\"robots\" content=\"index, follow, max-snippet:-1, max-image-preview:large, max-video-preview:-1\" \/>\n<link rel=\"canonical\" href=\"https:\/\/buletin.de\/bucuresti\/sector-3-i-pod-peste-raul-dambovita-o-investitie-de-peste-15-milioane-de-lei\/\" \/>\n<meta property=\"og:locale\" content=\"en_GB\" \/>\n<meta property=\"og:type\" content=\"article\" \/>\n<meta property=\"og:title\" content=\"Sector 3 I Pod peste r\u00e2ul D\u00e2mbovi\u021ba, o investi\u021bie de peste 15 milioane de lei\" \/>\n<meta property=\"og:description\" content=\"Prim\u0103ria Sectorului 3 vrea s\u0103 construiasc\u0103 un pod peste r\u00e2ul D\u00e2mbovi\u021ba. Proiectul trebuie votat \u00een \u0219edin\u021ba de Consiliu Local din 19 decembrie. Dac\u0103 va primi avizul consilierilor locali, construc\u021bia se va realiza \u00een dreptul str\u0103zii Lunca Priporului. Acesta va avea o parte carosabil\u0103 cu c\u00e2te 3 benzi pe sens \u0219i un singur trotuar de 4.30m [&hellip;]\" \/>\n<meta property=\"og:url\" content=\"https:\/\/buletin.de\/bucuresti\/sector-3-i-pod-peste-raul-dambovita-o-investitie-de-peste-15-milioane-de-lei\/\" \/>\n<meta property=\"og:site_name\" content=\"Buletin de Bucure\u0219ti\" \/>\n<meta property=\"article:publisher\" content=\"https:\/\/www.facebook.com\/buletin.de.buc\" \/>\n<meta property=\"article:published_time\" content=\"2023-12-15T10:38:27+00:00\" \/>\n<meta property=\"og:image\" content=\"https:\/\/buletin.de\/bucuresti\/wp-content\/uploads\/unirii-dambovita.jpg\" \/>\n\t<meta property=\"og:image:width\" content=\"2000\" \/>\n\t<meta property=\"og:image:height\" content=\"1125\" \/>\n\t<meta property=\"og:image:type\" content=\"image\/jpeg\" \/>\n<meta name=\"author\" content=\"Diana Matei\" \/>\n<meta name=\"twitter:card\" content=\"summary_large_image\" \/>\n<meta name=\"twitter:label1\" content=\"Written by\" \/>\n\t<meta name=\"twitter:data1\" content=\"Diana Matei\" \/>\n\t<meta name=\"twitter:label2\" content=\"Estimated reading time\" \/>\n\t<meta name=\"twitter:data2\" content=\"1 minute\" \/>\n<script type=\"application\/ld+json\" class=\"yoast-schema-graph\">{\"@context\":\"https:\\\/\\\/schema.org\",\"@graph\":[{\"@type\":\"Article\",\"@id\":\"https:\\\/\\\/buletin.de\\\/bucuresti\\\/sector-3-i-pod-peste-raul-dambovita-o-investitie-de-peste-15-milioane-de-lei\\\/#article\",\"isPartOf\":{\"@id\":\"https:\\\/\\\/buletin.de\\\/bucuresti\\\/sector-3-i-pod-peste-raul-dambovita-o-investitie-de-peste-15-milioane-de-lei\\\/\"},\"author\":{\"name\":\"Diana Matei\",\"@id\":\"https:\\\/\\\/buletin.de\\\/bucuresti\\\/#\\\/schema\\\/person\\\/7e46040573290777280a0835d81ea4ea\"},\"headline\":\"Sector 3 I Pod peste r\u00e2ul D\u00e2mbovi\u021ba, o investi\u021bie de peste 15 milioane de lei\",\"datePublished\":\"2023-12-15T10:38:27+00:00\",\"mainEntityOfPage\":{\"@id\":\"https:\\\/\\\/buletin.de\\\/bucuresti\\\/sector-3-i-pod-peste-raul-dambovita-o-investitie-de-peste-15-milioane-de-lei\\\/\"},\"wordCount\":214,\"publisher\":{\"@id\":\"https:\\\/\\\/buletin.de\\\/bucuresti\\\/#organization\"},\"image\":{\"@id\":\"https:\\\/\\\/buletin.de\\\/bucuresti\\\/sector-3-i-pod-peste-raul-dambovita-o-investitie-de-peste-15-milioane-de-lei\\\/#primaryimage\"},\"thumbnailUrl\":\"https:\\\/\\\/buletin.de\\\/bucuresti\\\/wp-content\\\/uploads\\\/unirii-dambovita.jpg\",\"keywords\":[\"raul Dambovita\",\"Sector 3\",\"str. Lunca Priporolui\"],\"articleSection\":[\"Articole\",\"Prim\u0103rie\",\"\u0218tiri\"],\"inLanguage\":\"en-GB\",\"copyrightYear\":\"2023\",\"copyrightHolder\":{\"@id\":\"https:\\\/\\\/buletin.de\\\/bucuresti\\\/#organization\"}},{\"@type\":\"WebPage\",\"@id\":\"https:\\\/\\\/buletin.de\\\/bucuresti\\\/sector-3-i-pod-peste-raul-dambovita-o-investitie-de-peste-15-milioane-de-lei\\\/\",\"url\":\"https:\\\/\\\/buletin.de\\\/bucuresti\\\/sector-3-i-pod-peste-raul-dambovita-o-investitie-de-peste-15-milioane-de-lei\\\/\",\"name\":\"Sector 3 I Pod peste r\u00e2ul D\u00e2mbovi\u021ba, o investi\u021bie de peste 15 milioane de lei - Buletin de Bucure\u0219ti\",\"isPartOf\":{\"@id\":\"https:\\\/\\\/buletin.de\\\/bucuresti\\\/#website\"},\"primaryImageOfPage\":{\"@id\":\"https:\\\/\\\/buletin.de\\\/bucuresti\\\/sector-3-i-pod-peste-raul-dambovita-o-investitie-de-peste-15-milioane-de-lei\\\/#primaryimage\"},\"image\":{\"@id\":\"https:\\\/\\\/buletin.de\\\/bucuresti\\\/sector-3-i-pod-peste-raul-dambovita-o-investitie-de-peste-15-milioane-de-lei\\\/#primaryimage\"},\"thumbnailUrl\":\"https:\\\/\\\/buletin.de\\\/bucuresti\\\/wp-content\\\/uploads\\\/unirii-dambovita.jpg\",\"datePublished\":\"2023-12-15T10:38:27+00:00\",\"breadcrumb\":{\"@id\":\"https:\\\/\\\/buletin.de\\\/bucuresti\\\/sector-3-i-pod-peste-raul-dambovita-o-investitie-de-peste-15-milioane-de-lei\\\/#breadcrumb\"},\"inLanguage\":\"en-GB\",\"potentialAction\":[{\"@type\":\"ReadAction\",\"target\":[\"https:\\\/\\\/buletin.de\\\/bucuresti\\\/sector-3-i-pod-peste-raul-dambovita-o-investitie-de-peste-15-milioane-de-lei\\\/\"]}]},{\"@type\":\"ImageObject\",\"inLanguage\":\"en-GB\",\"@id\":\"https:\\\/\\\/buletin.de\\\/bucuresti\\\/sector-3-i-pod-peste-raul-dambovita-o-investitie-de-peste-15-milioane-de-lei\\\/#primaryimage\",\"url\":\"https:\\\/\\\/buletin.de\\\/bucuresti\\\/wp-content\\\/uploads\\\/unirii-dambovita.jpg\",\"contentUrl\":\"https:\\\/\\\/buletin.de\\\/bucuresti\\\/wp-content\\\/uploads\\\/unirii-dambovita.jpg\",\"width\":2000,\"height\":1125,\"caption\":\"Foto: Arhiva\"},{\"@type\":\"BreadcrumbList\",\"@id\":\"https:\\\/\\\/buletin.de\\\/bucuresti\\\/sector-3-i-pod-peste-raul-dambovita-o-investitie-de-peste-15-milioane-de-lei\\\/#breadcrumb\",\"itemListElement\":[{\"@type\":\"ListItem\",\"position\":1,\"name\":\"Acas\u0103\",\"item\":\"https:\\\/\\\/buletin.de\\\/bucuresti\\\/\"},{\"@type\":\"ListItem\",\"position\":2,\"name\":\"Sector 3 I Pod peste r\u00e2ul D\u00e2mbovi\u021ba, o investi\u021bie de peste 15 milioane de lei\"}]},{\"@type\":\"WebSite\",\"@id\":\"https:\\\/\\\/buletin.de\\\/bucuresti\\\/#website\",\"url\":\"https:\\\/\\\/buletin.de\\\/bucuresti\\\/\",\"name\":\"Buletin de Bucure\u0219ti\",\"description\":\"\u0218tiri \u0219i investiga\u021bii esen\u021biale din capital\u0103\",\"publisher\":{\"@id\":\"https:\\\/\\\/buletin.de\\\/bucuresti\\\/#organization\"},\"potentialAction\":[{\"@type\":\"SearchAction\",\"target\":{\"@type\":\"EntryPoint\",\"urlTemplate\":\"https:\\\/\\\/buletin.de\\\/bucuresti\\\/?s={search_term_string}\"},\"query-input\":{\"@type\":\"PropertyValueSpecification\",\"valueRequired\":true,\"valueName\":\"search_term_string\"}}],\"inLanguage\":\"en-GB\"},{\"@type\":\"Organization\",\"@id\":\"https:\\\/\\\/buletin.de\\\/bucuresti\\\/#organization\",\"name\":\"Buletin de Bucure\u0219ti\",\"url\":\"https:\\\/\\\/buletin.de\\\/bucuresti\\\/\",\"logo\":{\"@type\":\"ImageObject\",\"inLanguage\":\"en-GB\",\"@id\":\"https:\\\/\\\/buletin.de\\\/bucuresti\\\/#\\\/schema\\\/logo\\\/image\\\/\",\"url\":\"https:\\\/\\\/buletin.de\\\/bucuresti\\\/wp-content\\\/uploads\\\/logo-bdb-full-wide-vernil-transparent.png\",\"contentUrl\":\"https:\\\/\\\/buletin.de\\\/bucuresti\\\/wp-content\\\/uploads\\\/logo-bdb-full-wide-vernil-transparent.png\",\"width\":1782,\"height\":626,\"caption\":\"Buletin de Bucure\u0219ti\"},\"image\":{\"@id\":\"https:\\\/\\\/buletin.de\\\/bucuresti\\\/#\\\/schema\\\/logo\\\/image\\\/\"},\"sameAs\":[\"https:\\\/\\\/www.facebook.com\\\/buletin.de.buc\",\"https:\\\/\\\/www.instagram.com\\\/buletinde.bucuresti\\\/\"]},{\"@type\":\"Person\",\"@id\":\"https:\\\/\\\/buletin.de\\\/bucuresti\\\/#\\\/schema\\\/person\\\/7e46040573290777280a0835d81ea4ea\",\"name\":\"Diana Matei\",\"image\":{\"@type\":\"ImageObject\",\"inLanguage\":\"en-GB\",\"@id\":\"https:\\\/\\\/buletin.de\\\/bucuresti\\\/wp-content\\\/uploads\\\/9-2-96x96.jpg1e8590b30871d70e62ebcdaf2eff570c\",\"url\":\"https:\\\/\\\/buletin.de\\\/bucuresti\\\/wp-content\\\/uploads\\\/9-2-96x96.jpg\",\"contentUrl\":\"https:\\\/\\\/buletin.de\\\/bucuresti\\\/wp-content\\\/uploads\\\/9-2-96x96.jpg\",\"caption\":\"Diana Matei\"},\"url\":\"https:\\\/\\\/buletin.de\\\/bucuresti\\\/author\\\/dianamatei\\\/\"}]}<\/script>\n<!-- \/ Yoast SEO Premium plugin. -->","yoast_head_json":{"title":"Sector 3 I Pod peste r\u00e2ul D\u00e2mbovi\u021ba, o investi\u021bie de peste 15 milioane de lei - Buletin de Bucure\u0219ti","robots":{"index":"index","follow":"follow","max-snippet":"max-snippet:-1","max-image-preview":"max-image-preview:large","max-video-preview":"max-video-preview:-1"},"canonical":"https:\/\/buletin.de\/bucuresti\/sector-3-i-pod-peste-raul-dambovita-o-investitie-de-peste-15-milioane-de-lei\/","og_locale":"en_GB","og_type":"article","og_title":"Sector 3 I Pod peste r\u00e2ul D\u00e2mbovi\u021ba, o investi\u021bie de peste 15 milioane de lei","og_description":"Prim\u0103ria Sectorului 3 vrea s\u0103 construiasc\u0103 un pod peste r\u00e2ul D\u00e2mbovi\u021ba. Proiectul trebuie votat \u00een \u0219edin\u021ba de Consiliu Local din 19 decembrie. Dac\u0103 va primi avizul consilierilor locali, construc\u021bia se va realiza \u00een dreptul str\u0103zii Lunca Priporului. Acesta va avea o parte carosabil\u0103 cu c\u00e2te 3 benzi pe sens \u0219i un singur trotuar de 4.30m [&hellip;]","og_url":"https:\/\/buletin.de\/bucuresti\/sector-3-i-pod-peste-raul-dambovita-o-investitie-de-peste-15-milioane-de-lei\/","og_site_name":"Buletin de Bucure\u0219ti","article_publisher":"https:\/\/www.facebook.com\/buletin.de.buc","article_published_time":"2023-12-15T10:38:27+00:00","og_image":[{"width":2000,"height":1125,"url":"https:\/\/buletin.de\/bucuresti\/wp-content\/uploads\/unirii-dambovita.jpg","type":"image\/jpeg"}],"author":"Diana Matei","twitter_card":"summary_large_image","twitter_misc":{"Written by":"Diana Matei","Estimated reading time":"1 minute"},"schema":{"@context":"https:\/\/schema.org","@graph":[{"@type":"Article","@id":"https:\/\/buletin.de\/bucuresti\/sector-3-i-pod-peste-raul-dambovita-o-investitie-de-peste-15-milioane-de-lei\/#article","isPartOf":{"@id":"https:\/\/buletin.de\/bucuresti\/sector-3-i-pod-peste-raul-dambovita-o-investitie-de-peste-15-milioane-de-lei\/"},"author":{"name":"Diana Matei","@id":"https:\/\/buletin.de\/bucuresti\/#\/schema\/person\/7e46040573290777280a0835d81ea4ea"},"headline":"Sector 3 I Pod peste r\u00e2ul D\u00e2mbovi\u021ba, o investi\u021bie de peste 15 milioane de lei","datePublished":"2023-12-15T10:38:27+00:00","mainEntityOfPage":{"@id":"https:\/\/buletin.de\/bucuresti\/sector-3-i-pod-peste-raul-dambovita-o-investitie-de-peste-15-milioane-de-lei\/"},"wordCount":214,"publisher":{"@id":"https:\/\/buletin.de\/bucuresti\/#organization"},"image":{"@id":"https:\/\/buletin.de\/bucuresti\/sector-3-i-pod-peste-raul-dambovita-o-investitie-de-peste-15-milioane-de-lei\/#primaryimage"},"thumbnailUrl":"https:\/\/buletin.de\/bucuresti\/wp-content\/uploads\/unirii-dambovita.jpg","keywords":["raul Dambovita","Sector 3","str. Lunca Priporolui"],"articleSection":["Articole","Prim\u0103rie","\u0218tiri"],"inLanguage":"en-GB","copyrightYear":"2023","copyrightHolder":{"@id":"https:\/\/buletin.de\/bucuresti\/#organization"}},{"@type":"WebPage","@id":"https:\/\/buletin.de\/bucuresti\/sector-3-i-pod-peste-raul-dambovita-o-investitie-de-peste-15-milioane-de-lei\/","url":"https:\/\/buletin.de\/bucuresti\/sector-3-i-pod-peste-raul-dambovita-o-investitie-de-peste-15-milioane-de-lei\/","name":"Sector 3 I Pod peste r\u00e2ul D\u00e2mbovi\u021ba, o investi\u021bie de peste 15 milioane de lei - Buletin de Bucure\u0219ti","isPartOf":{"@id":"https:\/\/buletin.de\/bucuresti\/#website"},"primaryImageOfPage":{"@id":"https:\/\/buletin.de\/bucuresti\/sector-3-i-pod-peste-raul-dambovita-o-investitie-de-peste-15-milioane-de-lei\/#primaryimage"},"image":{"@id":"https:\/\/buletin.de\/bucuresti\/sector-3-i-pod-peste-raul-dambovita-o-investitie-de-peste-15-milioane-de-lei\/#primaryimage"},"thumbnailUrl":"https:\/\/buletin.de\/bucuresti\/wp-content\/uploads\/unirii-dambovita.jpg","datePublished":"2023-12-15T10:38:27+00:00","breadcrumb":{"@id":"https:\/\/buletin.de\/bucuresti\/sector-3-i-pod-peste-raul-dambovita-o-investitie-de-peste-15-milioane-de-lei\/#breadcrumb"},"inLanguage":"en-GB","potentialAction":[{"@type":"ReadAction","target":["https:\/\/buletin.de\/bucuresti\/sector-3-i-pod-peste-raul-dambovita-o-investitie-de-peste-15-milioane-de-lei\/"]}]},{"@type":"ImageObject","inLanguage":"en-GB","@id":"https:\/\/buletin.de\/bucuresti\/sector-3-i-pod-peste-raul-dambovita-o-investitie-de-peste-15-milioane-de-lei\/#primaryimage","url":"https:\/\/buletin.de\/bucuresti\/wp-content\/uploads\/unirii-dambovita.jpg","contentUrl":"https:\/\/buletin.de\/bucuresti\/wp-content\/uploads\/unirii-dambovita.jpg","width":2000,"height":1125,"caption":"Foto: Arhiva"},{"@type":"BreadcrumbList","@id":"https:\/\/buletin.de\/bucuresti\/sector-3-i-pod-peste-raul-dambovita-o-investitie-de-peste-15-milioane-de-lei\/#breadcrumb","itemListElement":[{"@type":"ListItem","position":1,"name":"Acas\u0103","item":"https:\/\/buletin.de\/bucuresti\/"},{"@type":"ListItem","position":2,"name":"Sector 3 I Pod peste r\u00e2ul D\u00e2mbovi\u021ba, o investi\u021bie de peste 15 milioane de lei"}]},{"@type":"WebSite","@id":"https:\/\/buletin.de\/bucuresti\/#website","url":"https:\/\/buletin.de\/bucuresti\/","name":"Buletin de Bucure\u0219ti","description":"\u0218tiri \u0219i investiga\u021bii esen\u021biale din capital\u0103","publisher":{"@id":"https:\/\/buletin.de\/bucuresti\/#organization"},"potentialAction":[{"@type":"SearchAction","target":{"@type":"EntryPoint","urlTemplate":"https:\/\/buletin.de\/bucuresti\/?s={search_term_string}"},"query-input":{"@type":"PropertyValueSpecification","valueRequired":true,"valueName":"search_term_string"}}],"inLanguage":"en-GB"},{"@type":"Organization","@id":"https:\/\/buletin.de\/bucuresti\/#organization","name":"Buletin de Bucure\u0219ti","url":"https:\/\/buletin.de\/bucuresti\/","logo":{"@type":"ImageObject","inLanguage":"en-GB","@id":"https:\/\/buletin.de\/bucuresti\/#\/schema\/logo\/image\/","url":"https:\/\/buletin.de\/bucuresti\/wp-content\/uploads\/logo-bdb-full-wide-vernil-transparent.png","contentUrl":"https:\/\/buletin.de\/bucuresti\/wp-content\/uploads\/logo-bdb-full-wide-vernil-transparent.png","width":1782,"height":626,"caption":"Buletin de Bucure\u0219ti"},"image":{"@id":"https:\/\/buletin.de\/bucuresti\/#\/schema\/logo\/image\/"},"sameAs":["https:\/\/www.facebook.com\/buletin.de.buc","https:\/\/www.instagram.com\/buletinde.bucuresti\/"]},{"@type":"Person","@id":"https:\/\/buletin.de\/bucuresti\/#\/schema\/person\/7e46040573290777280a0835d81ea4ea","name":"Diana Matei","image":{"@type":"ImageObject","inLanguage":"en-GB","@id":"https:\/\/buletin.de\/bucuresti\/wp-content\/uploads\/9-2-96x96.jpg1e8590b30871d70e62ebcdaf2eff570c","url":"https:\/\/buletin.de\/bucuresti\/wp-content\/uploads\/9-2-96x96.jpg","contentUrl":"https:\/\/buletin.de\/bucuresti\/wp-content\/uploads\/9-2-96x96.jpg","caption":"Diana Matei"},"url":"https:\/\/buletin.de\/bucuresti\/author\/dianamatei\/"}]}},"authors":[{"term_id":22574,"user_id":49,"is_guest":0,"slug":"dianamatei","display_name":"Diana Matei","avatar_url":"https:\/\/buletin.de\/bucuresti\/wp-content\/uploads\/9-2-96x96.jpg","0":null,"1":"","2":"","3":"","4":"","5":"","6":"","7":"","8":""}],"_links":{"self":[{"href":"https:\/\/buletin.de\/bucuresti\/wp-json\/wp\/v2\/posts\/72410","targetHints":{"allow":["GET"]}}],"collection":[{"href":"https:\/\/buletin.de\/bucuresti\/wp-json\/wp\/v2\/posts"}],"about":[{"href":"https:\/\/buletin.de\/bucuresti\/wp-json\/wp\/v2\/types\/post"}],"author":[{"embeddable":true,"href":"https:\/\/buletin.de\/bucuresti\/wp-json\/wp\/v2\/users\/49"}],"replies":[{"embeddable":true,"href":"https:\/\/buletin.de\/bucuresti\/wp-json\/wp\/v2\/comments?post=72410"}],"version-history":[{"count":3,"href":"https:\/\/buletin.de\/bucuresti\/wp-json\/wp\/v2\/posts\/72410\/revisions"}],"predecessor-version":[{"id":72441,"href":"https:\/\/buletin.de\/bucuresti\/wp-json\/wp\/v2\/posts\/72410\/revisions\/72441"}],"wp:featuredmedia":[{"embeddable":true,"href":"https:\/\/buletin.de\/bucuresti\/wp-json\/wp\/v2\/media\/59214"}],"wp:attachment":[{"href":"https:\/\/buletin.de\/bucuresti\/wp-json\/wp\/v2\/media?parent=72410"}],"wp:term":[{"taxonomy":"category","embeddable":true,"href":"https:\/\/buletin.de\/bucuresti\/wp-json\/wp\/v2\/categories?post=72410"},{"taxonomy":"post_tag","embeddable":true,"href":"https:\/\/buletin.de\/bucuresti\/wp-json\/wp\/v2\/tags?post=72410"},{"taxonomy":"author","embeddable":true,"href":"https:\/\/buletin.de\/bucuresti\/wp-json\/wp\/v2\/ppma_author?post=72410"}],"curies":[{"name":"wp","href":"https:\/\/api.w.org\/{rel}","templated":true}]}}