{"id":72288,"date":"2023-12-14T19:30:00","date_gmt":"2023-12-14T17:30:00","guid":{"rendered":"https:\/\/buletin.de\/bucuresti\/?p=72288"},"modified":"2023-12-14T16:52:04","modified_gmt":"2023-12-14T14:52:04","slug":"meteo-i-precipitatiile-revin-iar-temperaturile-mai-scad-in-capitala-in-weekend","status":"publish","type":"post","link":"https:\/\/buletin.de\/bucuresti\/meteo-i-precipitatiile-revin-iar-temperaturile-mai-scad-in-capitala-in-weekend\/","title":{"rendered":"METEO I Precipita\u021biile revin, iar temperaturile mai scad, \u00een Capital\u0103, \u00een weekend"},"content":{"rendered":"\n<p><strong>Meteorologii anun\u021b\u0103 c\u0103 temperaturile mai scad la sf\u00e2r\u0219it de s\u0103pt\u0103m\u00e2n\u0103. Potrivit ANM, sunt \u0219i precipita\u021bii, \u00eens\u0103 numai s\u00e2mb\u0103t\u0103, 16 decembrie.<\/strong><\/p>\n\n\n\n<p><strong>Vineri, 15 decembrie<\/strong>, revin precipita\u021biile mixte, iar v\u00e2ntul bate mai tare, cu o vitez\u0103 de 20 km\/h. Temperatura minim\u0103 va fi de 0 grade, iar cea maxim\u0103 se opre\u0219te \u00een jurul valorii de 5 grade Celsius.<\/p>\n\n\n\n<p><strong>S\u00e2mb\u0103t\u0103, 16 decembrie,\u00a0<\/strong>cerul r\u0103m\u00e2ne noros, iar v\u00e2ntul mai pierde din intensitate \u0219i bate cu 15 km\/h. Minima termic\u0103 scade sub 0 grade, p\u00e2n\u0103 la -2 grade. Temperatura maxim\u0103 mai scade \u0219i ajunge la doar 2 grade.<\/p>\n\n\n\n<p><strong>Duminic\u0103, 17 decembrie<\/strong>, sunt nori \u00een prima parte a zilei, dar apare soarele \u00een partea a doua. Minima termic\u0103 r\u0103m\u00e2ne la -2 grade, iar temperatura maxim\u0103 urc\u0103 p\u00e2n\u0103 la 5 grade. V\u00e2ntul bate cu 15 km\/h.<\/p>\n\n\n\n<p>Meteorologii anun\u021b\u0103 c\u0103, \u00een s\u0103pt\u0103m\u00e2na 18-24 decembrie, temperaturile maxime ajung la 9 grade Celsius.<\/p>\n","protected":false},"excerpt":{"rendered":"<p>Meteorologii anun\u021b\u0103 c\u0103 temperaturile mai scad la sf\u00e2r\u0219it de s\u0103pt\u0103m\u00e2n\u0103. Potrivit ANM, sunt \u0219i precipita\u021bii, \u00eens\u0103 numai s\u00e2mb\u0103t\u0103, 16 decembrie. Vineri, 15 decembrie, revin precipita\u021biile mixte, iar v\u00e2ntul bate mai tare, cu o vitez\u0103 de 20 km\/h. Temperatura minim\u0103 va fi de 0 grade, iar cea maxim\u0103 se opre\u0219te \u00een jurul valorii de 5 grade [&hellip;]<\/p>\n","protected":false},"author":49,"featured_media":72313,"comment_status":"closed","ping_status":"open","sticky":false,"template":"","format":"standard","meta":{"_acf_changed":false,"inline_featured_image":false,"ngg_post_thumbnail":0,"footnotes":""},"categories":[6994,62],"tags":[4314,5928,8169],"ppma_author":[22574],"class_list":["post-72288","post","type-post","status-publish","format-standard","has-post-thumbnail","hentry","category-stiri-2","category-stiri","tag-anm","tag-anm-prognoza-meteo","tag-temperaturi-decembrie"],"acf":[],"yoast_head":"<!-- This site is optimized with the Yoast SEO Premium plugin v25.3 (Yoast SEO v27.4) - https:\/\/yoast.com\/product\/yoast-seo-premium-wordpress\/ -->\n<title>METEO I Precipita\u021biile revin, iar temperaturile mai scad, \u00een Capital\u0103, \u00een weekend - Buletin de Bucure\u0219ti<\/title>\n<meta name=\"robots\" content=\"index, follow, max-snippet:-1, max-image-preview:large, max-video-preview:-1\" \/>\n<link rel=\"canonical\" href=\"https:\/\/buletin.de\/bucuresti\/meteo-i-precipitatiile-revin-iar-temperaturile-mai-scad-in-capitala-in-weekend\/\" \/>\n<meta property=\"og:locale\" content=\"en_GB\" \/>\n<meta property=\"og:type\" content=\"article\" \/>\n<meta property=\"og:title\" content=\"METEO I Precipita\u021biile revin, iar temperaturile mai scad, \u00een Capital\u0103, \u00een weekend\" \/>\n<meta property=\"og:description\" content=\"Meteorologii anun\u021b\u0103 c\u0103 temperaturile mai scad la sf\u00e2r\u0219it de s\u0103pt\u0103m\u00e2n\u0103. Potrivit ANM, sunt \u0219i precipita\u021bii, \u00eens\u0103 numai s\u00e2mb\u0103t\u0103, 16 decembrie. Vineri, 15 decembrie, revin precipita\u021biile mixte, iar v\u00e2ntul bate mai tare, cu o vitez\u0103 de 20 km\/h. Temperatura minim\u0103 va fi de 0 grade, iar cea maxim\u0103 se opre\u0219te \u00een jurul valorii de 5 grade [&hellip;]\" \/>\n<meta property=\"og:url\" content=\"https:\/\/buletin.de\/bucuresti\/meteo-i-precipitatiile-revin-iar-temperaturile-mai-scad-in-capitala-in-weekend\/\" \/>\n<meta property=\"og:site_name\" content=\"Buletin de Bucure\u0219ti\" \/>\n<meta property=\"article:publisher\" content=\"https:\/\/www.facebook.com\/buletin.de.buc\" \/>\n<meta property=\"article:published_time\" content=\"2023-12-14T17:30:00+00:00\" \/>\n<meta property=\"og:image\" content=\"https:\/\/buletin.de\/bucuresti\/wp-content\/uploads\/2hqpqsqy0zg.jpg\" \/>\n\t<meta property=\"og:image:width\" content=\"1600\" \/>\n\t<meta property=\"og:image:height\" content=\"1200\" \/>\n\t<meta property=\"og:image:type\" content=\"image\/jpeg\" \/>\n<meta name=\"author\" content=\"Diana Matei\" \/>\n<meta name=\"twitter:card\" content=\"summary_large_image\" \/>\n<meta name=\"twitter:label1\" content=\"Written by\" \/>\n\t<meta name=\"twitter:data1\" content=\"Diana Matei\" \/>\n\t<meta name=\"twitter:label2\" content=\"Estimated reading time\" \/>\n\t<meta name=\"twitter:data2\" content=\"1 minute\" \/>\n<script type=\"application\/ld+json\" class=\"yoast-schema-graph\">{\"@context\":\"https:\\\/\\\/schema.org\",\"@graph\":[{\"@type\":\"Article\",\"@id\":\"https:\\\/\\\/buletin.de\\\/bucuresti\\\/meteo-i-precipitatiile-revin-iar-temperaturile-mai-scad-in-capitala-in-weekend\\\/#article\",\"isPartOf\":{\"@id\":\"https:\\\/\\\/buletin.de\\\/bucuresti\\\/meteo-i-precipitatiile-revin-iar-temperaturile-mai-scad-in-capitala-in-weekend\\\/\"},\"author\":{\"name\":\"Diana Matei\",\"@id\":\"https:\\\/\\\/buletin.de\\\/bucuresti\\\/#\\\/schema\\\/person\\\/7e46040573290777280a0835d81ea4ea\"},\"headline\":\"METEO I Precipita\u021biile revin, iar temperaturile mai scad, \u00een Capital\u0103, \u00een weekend\",\"datePublished\":\"2023-12-14T17:30:00+00:00\",\"mainEntityOfPage\":{\"@id\":\"https:\\\/\\\/buletin.de\\\/bucuresti\\\/meteo-i-precipitatiile-revin-iar-temperaturile-mai-scad-in-capitala-in-weekend\\\/\"},\"wordCount\":170,\"publisher\":{\"@id\":\"https:\\\/\\\/buletin.de\\\/bucuresti\\\/#organization\"},\"image\":{\"@id\":\"https:\\\/\\\/buletin.de\\\/bucuresti\\\/meteo-i-precipitatiile-revin-iar-temperaturile-mai-scad-in-capitala-in-weekend\\\/#primaryimage\"},\"thumbnailUrl\":\"https:\\\/\\\/buletin.de\\\/bucuresti\\\/wp-content\\\/uploads\\\/2hqpqsqy0zg.jpg\",\"keywords\":[\"anm\",\"anm prognoza meteo\",\"Temperaturi Decembrie\"],\"articleSection\":[\"Articole\",\"\u0218tiri\"],\"inLanguage\":\"en-GB\",\"copyrightYear\":\"2023\",\"copyrightHolder\":{\"@id\":\"https:\\\/\\\/buletin.de\\\/bucuresti\\\/#organization\"}},{\"@type\":\"WebPage\",\"@id\":\"https:\\\/\\\/buletin.de\\\/bucuresti\\\/meteo-i-precipitatiile-revin-iar-temperaturile-mai-scad-in-capitala-in-weekend\\\/\",\"url\":\"https:\\\/\\\/buletin.de\\\/bucuresti\\\/meteo-i-precipitatiile-revin-iar-temperaturile-mai-scad-in-capitala-in-weekend\\\/\",\"name\":\"METEO I Precipita\u021biile revin, iar temperaturile mai scad, \u00een Capital\u0103, \u00een weekend - Buletin de Bucure\u0219ti\",\"isPartOf\":{\"@id\":\"https:\\\/\\\/buletin.de\\\/bucuresti\\\/#website\"},\"primaryImageOfPage\":{\"@id\":\"https:\\\/\\\/buletin.de\\\/bucuresti\\\/meteo-i-precipitatiile-revin-iar-temperaturile-mai-scad-in-capitala-in-weekend\\\/#primaryimage\"},\"image\":{\"@id\":\"https:\\\/\\\/buletin.de\\\/bucuresti\\\/meteo-i-precipitatiile-revin-iar-temperaturile-mai-scad-in-capitala-in-weekend\\\/#primaryimage\"},\"thumbnailUrl\":\"https:\\\/\\\/buletin.de\\\/bucuresti\\\/wp-content\\\/uploads\\\/2hqpqsqy0zg.jpg\",\"datePublished\":\"2023-12-14T17:30:00+00:00\",\"breadcrumb\":{\"@id\":\"https:\\\/\\\/buletin.de\\\/bucuresti\\\/meteo-i-precipitatiile-revin-iar-temperaturile-mai-scad-in-capitala-in-weekend\\\/#breadcrumb\"},\"inLanguage\":\"en-GB\",\"potentialAction\":[{\"@type\":\"ReadAction\",\"target\":[\"https:\\\/\\\/buletin.de\\\/bucuresti\\\/meteo-i-precipitatiile-revin-iar-temperaturile-mai-scad-in-capitala-in-weekend\\\/\"]}]},{\"@type\":\"ImageObject\",\"inLanguage\":\"en-GB\",\"@id\":\"https:\\\/\\\/buletin.de\\\/bucuresti\\\/meteo-i-precipitatiile-revin-iar-temperaturile-mai-scad-in-capitala-in-weekend\\\/#primaryimage\",\"url\":\"https:\\\/\\\/buletin.de\\\/bucuresti\\\/wp-content\\\/uploads\\\/2hqpqsqy0zg.jpg\",\"contentUrl\":\"https:\\\/\\\/buletin.de\\\/bucuresti\\\/wp-content\\\/uploads\\\/2hqpqsqy0zg.jpg\",\"width\":1600,\"height\":1200,\"caption\":\"Foto: Unsplash\"},{\"@type\":\"BreadcrumbList\",\"@id\":\"https:\\\/\\\/buletin.de\\\/bucuresti\\\/meteo-i-precipitatiile-revin-iar-temperaturile-mai-scad-in-capitala-in-weekend\\\/#breadcrumb\",\"itemListElement\":[{\"@type\":\"ListItem\",\"position\":1,\"name\":\"Acas\u0103\",\"item\":\"https:\\\/\\\/buletin.de\\\/bucuresti\\\/\"},{\"@type\":\"ListItem\",\"position\":2,\"name\":\"METEO I Precipita\u021biile revin, iar temperaturile mai scad, \u00een Capital\u0103, \u00een weekend\"}]},{\"@type\":\"WebSite\",\"@id\":\"https:\\\/\\\/buletin.de\\\/bucuresti\\\/#website\",\"url\":\"https:\\\/\\\/buletin.de\\\/bucuresti\\\/\",\"name\":\"Buletin de Bucure\u0219ti\",\"description\":\"\u0218tiri \u0219i investiga\u021bii esen\u021biale din capital\u0103\",\"publisher\":{\"@id\":\"https:\\\/\\\/buletin.de\\\/bucuresti\\\/#organization\"},\"potentialAction\":[{\"@type\":\"SearchAction\",\"target\":{\"@type\":\"EntryPoint\",\"urlTemplate\":\"https:\\\/\\\/buletin.de\\\/bucuresti\\\/?s={search_term_string}\"},\"query-input\":{\"@type\":\"PropertyValueSpecification\",\"valueRequired\":true,\"valueName\":\"search_term_string\"}}],\"inLanguage\":\"en-GB\"},{\"@type\":\"Organization\",\"@id\":\"https:\\\/\\\/buletin.de\\\/bucuresti\\\/#organization\",\"name\":\"Buletin de Bucure\u0219ti\",\"url\":\"https:\\\/\\\/buletin.de\\\/bucuresti\\\/\",\"logo\":{\"@type\":\"ImageObject\",\"inLanguage\":\"en-GB\",\"@id\":\"https:\\\/\\\/buletin.de\\\/bucuresti\\\/#\\\/schema\\\/logo\\\/image\\\/\",\"url\":\"https:\\\/\\\/buletin.de\\\/bucuresti\\\/wp-content\\\/uploads\\\/logo-bdb-full-wide-vernil-transparent.png\",\"contentUrl\":\"https:\\\/\\\/buletin.de\\\/bucuresti\\\/wp-content\\\/uploads\\\/logo-bdb-full-wide-vernil-transparent.png\",\"width\":1782,\"height\":626,\"caption\":\"Buletin de Bucure\u0219ti\"},\"image\":{\"@id\":\"https:\\\/\\\/buletin.de\\\/bucuresti\\\/#\\\/schema\\\/logo\\\/image\\\/\"},\"sameAs\":[\"https:\\\/\\\/www.facebook.com\\\/buletin.de.buc\",\"https:\\\/\\\/www.instagram.com\\\/buletinde.bucuresti\\\/\"]},{\"@type\":\"Person\",\"@id\":\"https:\\\/\\\/buletin.de\\\/bucuresti\\\/#\\\/schema\\\/person\\\/7e46040573290777280a0835d81ea4ea\",\"name\":\"Diana Matei\",\"image\":{\"@type\":\"ImageObject\",\"inLanguage\":\"en-GB\",\"@id\":\"https:\\\/\\\/buletin.de\\\/bucuresti\\\/wp-content\\\/uploads\\\/9-2-96x96.jpg1e8590b30871d70e62ebcdaf2eff570c\",\"url\":\"https:\\\/\\\/buletin.de\\\/bucuresti\\\/wp-content\\\/uploads\\\/9-2-96x96.jpg\",\"contentUrl\":\"https:\\\/\\\/buletin.de\\\/bucuresti\\\/wp-content\\\/uploads\\\/9-2-96x96.jpg\",\"caption\":\"Diana Matei\"},\"url\":\"https:\\\/\\\/buletin.de\\\/bucuresti\\\/author\\\/dianamatei\\\/\"}]}<\/script>\n<!-- \/ Yoast SEO Premium plugin. -->","yoast_head_json":{"title":"METEO I Precipita\u021biile revin, iar temperaturile mai scad, \u00een Capital\u0103, \u00een weekend - Buletin de Bucure\u0219ti","robots":{"index":"index","follow":"follow","max-snippet":"max-snippet:-1","max-image-preview":"max-image-preview:large","max-video-preview":"max-video-preview:-1"},"canonical":"https:\/\/buletin.de\/bucuresti\/meteo-i-precipitatiile-revin-iar-temperaturile-mai-scad-in-capitala-in-weekend\/","og_locale":"en_GB","og_type":"article","og_title":"METEO I Precipita\u021biile revin, iar temperaturile mai scad, \u00een Capital\u0103, \u00een weekend","og_description":"Meteorologii anun\u021b\u0103 c\u0103 temperaturile mai scad la sf\u00e2r\u0219it de s\u0103pt\u0103m\u00e2n\u0103. Potrivit ANM, sunt \u0219i precipita\u021bii, \u00eens\u0103 numai s\u00e2mb\u0103t\u0103, 16 decembrie. Vineri, 15 decembrie, revin precipita\u021biile mixte, iar v\u00e2ntul bate mai tare, cu o vitez\u0103 de 20 km\/h. Temperatura minim\u0103 va fi de 0 grade, iar cea maxim\u0103 se opre\u0219te \u00een jurul valorii de 5 grade [&hellip;]","og_url":"https:\/\/buletin.de\/bucuresti\/meteo-i-precipitatiile-revin-iar-temperaturile-mai-scad-in-capitala-in-weekend\/","og_site_name":"Buletin de Bucure\u0219ti","article_publisher":"https:\/\/www.facebook.com\/buletin.de.buc","article_published_time":"2023-12-14T17:30:00+00:00","og_image":[{"width":1600,"height":1200,"url":"https:\/\/buletin.de\/bucuresti\/wp-content\/uploads\/2hqpqsqy0zg.jpg","type":"image\/jpeg"}],"author":"Diana Matei","twitter_card":"summary_large_image","twitter_misc":{"Written by":"Diana Matei","Estimated reading time":"1 minute"},"schema":{"@context":"https:\/\/schema.org","@graph":[{"@type":"Article","@id":"https:\/\/buletin.de\/bucuresti\/meteo-i-precipitatiile-revin-iar-temperaturile-mai-scad-in-capitala-in-weekend\/#article","isPartOf":{"@id":"https:\/\/buletin.de\/bucuresti\/meteo-i-precipitatiile-revin-iar-temperaturile-mai-scad-in-capitala-in-weekend\/"},"author":{"name":"Diana Matei","@id":"https:\/\/buletin.de\/bucuresti\/#\/schema\/person\/7e46040573290777280a0835d81ea4ea"},"headline":"METEO I Precipita\u021biile revin, iar temperaturile mai scad, \u00een Capital\u0103, \u00een weekend","datePublished":"2023-12-14T17:30:00+00:00","mainEntityOfPage":{"@id":"https:\/\/buletin.de\/bucuresti\/meteo-i-precipitatiile-revin-iar-temperaturile-mai-scad-in-capitala-in-weekend\/"},"wordCount":170,"publisher":{"@id":"https:\/\/buletin.de\/bucuresti\/#organization"},"image":{"@id":"https:\/\/buletin.de\/bucuresti\/meteo-i-precipitatiile-revin-iar-temperaturile-mai-scad-in-capitala-in-weekend\/#primaryimage"},"thumbnailUrl":"https:\/\/buletin.de\/bucuresti\/wp-content\/uploads\/2hqpqsqy0zg.jpg","keywords":["anm","anm prognoza meteo","Temperaturi Decembrie"],"articleSection":["Articole","\u0218tiri"],"inLanguage":"en-GB","copyrightYear":"2023","copyrightHolder":{"@id":"https:\/\/buletin.de\/bucuresti\/#organization"}},{"@type":"WebPage","@id":"https:\/\/buletin.de\/bucuresti\/meteo-i-precipitatiile-revin-iar-temperaturile-mai-scad-in-capitala-in-weekend\/","url":"https:\/\/buletin.de\/bucuresti\/meteo-i-precipitatiile-revin-iar-temperaturile-mai-scad-in-capitala-in-weekend\/","name":"METEO I Precipita\u021biile revin, iar temperaturile mai scad, \u00een Capital\u0103, \u00een weekend - Buletin de Bucure\u0219ti","isPartOf":{"@id":"https:\/\/buletin.de\/bucuresti\/#website"},"primaryImageOfPage":{"@id":"https:\/\/buletin.de\/bucuresti\/meteo-i-precipitatiile-revin-iar-temperaturile-mai-scad-in-capitala-in-weekend\/#primaryimage"},"image":{"@id":"https:\/\/buletin.de\/bucuresti\/meteo-i-precipitatiile-revin-iar-temperaturile-mai-scad-in-capitala-in-weekend\/#primaryimage"},"thumbnailUrl":"https:\/\/buletin.de\/bucuresti\/wp-content\/uploads\/2hqpqsqy0zg.jpg","datePublished":"2023-12-14T17:30:00+00:00","breadcrumb":{"@id":"https:\/\/buletin.de\/bucuresti\/meteo-i-precipitatiile-revin-iar-temperaturile-mai-scad-in-capitala-in-weekend\/#breadcrumb"},"inLanguage":"en-GB","potentialAction":[{"@type":"ReadAction","target":["https:\/\/buletin.de\/bucuresti\/meteo-i-precipitatiile-revin-iar-temperaturile-mai-scad-in-capitala-in-weekend\/"]}]},{"@type":"ImageObject","inLanguage":"en-GB","@id":"https:\/\/buletin.de\/bucuresti\/meteo-i-precipitatiile-revin-iar-temperaturile-mai-scad-in-capitala-in-weekend\/#primaryimage","url":"https:\/\/buletin.de\/bucuresti\/wp-content\/uploads\/2hqpqsqy0zg.jpg","contentUrl":"https:\/\/buletin.de\/bucuresti\/wp-content\/uploads\/2hqpqsqy0zg.jpg","width":1600,"height":1200,"caption":"Foto: Unsplash"},{"@type":"BreadcrumbList","@id":"https:\/\/buletin.de\/bucuresti\/meteo-i-precipitatiile-revin-iar-temperaturile-mai-scad-in-capitala-in-weekend\/#breadcrumb","itemListElement":[{"@type":"ListItem","position":1,"name":"Acas\u0103","item":"https:\/\/buletin.de\/bucuresti\/"},{"@type":"ListItem","position":2,"name":"METEO I Precipita\u021biile revin, iar temperaturile mai scad, \u00een Capital\u0103, \u00een weekend"}]},{"@type":"WebSite","@id":"https:\/\/buletin.de\/bucuresti\/#website","url":"https:\/\/buletin.de\/bucuresti\/","name":"Buletin de Bucure\u0219ti","description":"\u0218tiri \u0219i investiga\u021bii esen\u021biale din capital\u0103","publisher":{"@id":"https:\/\/buletin.de\/bucuresti\/#organization"},"potentialAction":[{"@type":"SearchAction","target":{"@type":"EntryPoint","urlTemplate":"https:\/\/buletin.de\/bucuresti\/?s={search_term_string}"},"query-input":{"@type":"PropertyValueSpecification","valueRequired":true,"valueName":"search_term_string"}}],"inLanguage":"en-GB"},{"@type":"Organization","@id":"https:\/\/buletin.de\/bucuresti\/#organization","name":"Buletin de Bucure\u0219ti","url":"https:\/\/buletin.de\/bucuresti\/","logo":{"@type":"ImageObject","inLanguage":"en-GB","@id":"https:\/\/buletin.de\/bucuresti\/#\/schema\/logo\/image\/","url":"https:\/\/buletin.de\/bucuresti\/wp-content\/uploads\/logo-bdb-full-wide-vernil-transparent.png","contentUrl":"https:\/\/buletin.de\/bucuresti\/wp-content\/uploads\/logo-bdb-full-wide-vernil-transparent.png","width":1782,"height":626,"caption":"Buletin de Bucure\u0219ti"},"image":{"@id":"https:\/\/buletin.de\/bucuresti\/#\/schema\/logo\/image\/"},"sameAs":["https:\/\/www.facebook.com\/buletin.de.buc","https:\/\/www.instagram.com\/buletinde.bucuresti\/"]},{"@type":"Person","@id":"https:\/\/buletin.de\/bucuresti\/#\/schema\/person\/7e46040573290777280a0835d81ea4ea","name":"Diana Matei","image":{"@type":"ImageObject","inLanguage":"en-GB","@id":"https:\/\/buletin.de\/bucuresti\/wp-content\/uploads\/9-2-96x96.jpg1e8590b30871d70e62ebcdaf2eff570c","url":"https:\/\/buletin.de\/bucuresti\/wp-content\/uploads\/9-2-96x96.jpg","contentUrl":"https:\/\/buletin.de\/bucuresti\/wp-content\/uploads\/9-2-96x96.jpg","caption":"Diana Matei"},"url":"https:\/\/buletin.de\/bucuresti\/author\/dianamatei\/"}]}},"authors":[{"term_id":22574,"user_id":49,"is_guest":0,"slug":"dianamatei","display_name":"Diana Matei","avatar_url":"https:\/\/buletin.de\/bucuresti\/wp-content\/uploads\/9-2-96x96.jpg","0":null,"1":"","2":"","3":"","4":"","5":"","6":"","7":"","8":""}],"_links":{"self":[{"href":"https:\/\/buletin.de\/bucuresti\/wp-json\/wp\/v2\/posts\/72288","targetHints":{"allow":["GET"]}}],"collection":[{"href":"https:\/\/buletin.de\/bucuresti\/wp-json\/wp\/v2\/posts"}],"about":[{"href":"https:\/\/buletin.de\/bucuresti\/wp-json\/wp\/v2\/types\/post"}],"author":[{"embeddable":true,"href":"https:\/\/buletin.de\/bucuresti\/wp-json\/wp\/v2\/users\/49"}],"replies":[{"embeddable":true,"href":"https:\/\/buletin.de\/bucuresti\/wp-json\/wp\/v2\/comments?post=72288"}],"version-history":[{"count":5,"href":"https:\/\/buletin.de\/bucuresti\/wp-json\/wp\/v2\/posts\/72288\/revisions"}],"predecessor-version":[{"id":72346,"href":"https:\/\/buletin.de\/bucuresti\/wp-json\/wp\/v2\/posts\/72288\/revisions\/72346"}],"wp:featuredmedia":[{"embeddable":true,"href":"https:\/\/buletin.de\/bucuresti\/wp-json\/wp\/v2\/media\/72313"}],"wp:attachment":[{"href":"https:\/\/buletin.de\/bucuresti\/wp-json\/wp\/v2\/media?parent=72288"}],"wp:term":[{"taxonomy":"category","embeddable":true,"href":"https:\/\/buletin.de\/bucuresti\/wp-json\/wp\/v2\/categories?post=72288"},{"taxonomy":"post_tag","embeddable":true,"href":"https:\/\/buletin.de\/bucuresti\/wp-json\/wp\/v2\/tags?post=72288"},{"taxonomy":"author","embeddable":true,"href":"https:\/\/buletin.de\/bucuresti\/wp-json\/wp\/v2\/ppma_author?post=72288"}],"curies":[{"name":"wp","href":"https:\/\/api.w.org\/{rel}","templated":true}]}}