{"id":72073,"date":"2023-12-12T15:46:00","date_gmt":"2023-12-12T13:46:00","guid":{"rendered":"https:\/\/buletin.de\/bucuresti\/?p=72073"},"modified":"2023-12-12T15:46:00","modified_gmt":"2023-12-12T13:46:00","slug":"sector-3-traficanti-din-clanul-cocalarii-dati-in-urmarire-generala-prinsi-de-politia-capitalei","status":"publish","type":"post","link":"https:\/\/buletin.de\/bucuresti\/sector-3-traficanti-din-clanul-cocalarii-dati-in-urmarire-generala-prinsi-de-politia-capitalei\/","title":{"rendered":"Sector 3 | Trafican\u021bi din clanul \u201eCocalarii\u201d, da\u021bi \u00een urm\u0103rire general\u0103, prin\u0219i de Poli\u021bia Capitalei"},"content":{"rendered":"\n<p><strong>Un b\u0103rbat \u00een v\u00e2rst\u0103 de 46 de ani \u0219i o femeie \u00een v\u00e2rst\u0103 de 33 de ani, ambii condamna\u021bi la \u00eenchisoare pentru <em>s\u0103v\u00e2r\u0219irea infrac\u021biunii de trafic de droguri de mare risc \u00een form\u0103 continuat\u0103<\/em>, au fost prin\u0219i luni, 11 decembrie, dup\u0103 ce \u201es-au sustras\u201d arestului. B\u0103rbatul era dat \u00een c\u0103utare na\u021bional\u0103 \u0219i interna\u021bional\u0103 \u00eenc\u0103 din 2022.<\/strong><\/p>\n\n\n\n<p>Cei doi aveau de executat o pedeaps\u0103 de 6 ani \u0219i 3 luni, respectiv 5 ani, cu mandate eliberate de Tribunalul Bucure\u0219ti. B\u0103rbatul fusese condamnat pe 15 iulie 2022, iar femeia pe 8 februarie 2023, iar am\u00e2ndoi au \u00eencercat s\u0103 fenteze condamn\u0103rile.<\/p>\n\n\n\n<p>\u00cen momentul de fa\u021b\u0103, dup\u0103 ce au fost prin\u0219i, b\u0103rbatul a fost \u00eencarcerat \u00eentr-un penitenciar, iar femeia se afl\u0103 \u00een arestul Poli\u021biei Capitalei.<\/p>\n\n\n\n<figure class=\"wp-block-gallery has-nested-images columns-default is-cropped wp-block-gallery-1 is-layout-flex wp-block-gallery-is-layout-flex\">\n<figure class=\"wp-block-image size-large\"><img fetchpriority=\"high\" decoding=\"async\" width=\"685\" height=\"900\" data-id=\"72076\" src=\"data:image\/gif;base64,R0lGODlhAQABAAAAACH5BAEKAAEALAAAAAABAAEAAAICTAEAOw==\" data-src=\"https:\/\/buletin.de\/bucuresti\/wp-content\/uploads\/image-2023-12-12-26749509-0-radu-remus-1-685x900.webp\" alt=\"\" class=\"wp-image-72076 lazyload\" data-sizes=\"auto\" data-srcset=\"https:\/\/buletin.de\/bucuresti\/wp-content\/uploads\/image-2023-12-12-26749509-0-radu-remus-1-685x900.webp 685w, https:\/\/buletin.de\/bucuresti\/wp-content\/uploads\/image-2023-12-12-26749509-0-radu-remus-1-228x300.webp 228w, https:\/\/buletin.de\/bucuresti\/wp-content\/uploads\/image-2023-12-12-26749509-0-radu-remus-1-768x1009.webp 768w, https:\/\/buletin.de\/bucuresti\/wp-content\/uploads\/image-2023-12-12-26749509-0-radu-remus-1-600x788.webp 600w, https:\/\/buletin.de\/bucuresti\/wp-content\/uploads\/image-2023-12-12-26749509-0-radu-remus-1-20x26.webp 20w, https:\/\/buletin.de\/bucuresti\/wp-content\/uploads\/image-2023-12-12-26749509-0-radu-remus-1.webp 860w\" sizes=\"(max-width: 685px) 100vw, 685px\" \/><\/figure>\n\n\n\n<figure class=\"wp-block-image size-large\"><img decoding=\"async\" width=\"540\" height=\"778\" data-id=\"72077\" src=\"data:image\/gif;base64,R0lGODlhAQABAAAAACH5BAEKAAEALAAAAAABAAEAAAICTAEAOw==\" data-src=\"https:\/\/buletin.de\/bucuresti\/wp-content\/uploads\/image-2023-12-12-26749472-0-ghiocel-alexandra-1.webp\" alt=\"\" class=\"wp-image-72077 lazyload\" data-sizes=\"auto\" data-srcset=\"https:\/\/buletin.de\/bucuresti\/wp-content\/uploads\/image-2023-12-12-26749472-0-ghiocel-alexandra-1.webp 540w, https:\/\/buletin.de\/bucuresti\/wp-content\/uploads\/image-2023-12-12-26749472-0-ghiocel-alexandra-1-208x300.webp 208w, https:\/\/buletin.de\/bucuresti\/wp-content\/uploads\/image-2023-12-12-26749472-0-ghiocel-alexandra-1-20x29.webp 20w\" sizes=\"(max-width: 540px) 100vw, 540px\" \/><\/figure>\n<figcaption class=\"blocks-gallery-caption wp-element-caption\">Surs\u0103: Captur\u0103 de ecran Tribunalul Bucure\u0219ti, preluat\u0103 de la News.ro<\/figcaption><\/figure>\n\n\n\n<p>Potrivit unor surse judiciare citate de News.ro, cei doi ar face parte din clanul \u201eCocalarii\u201d, unul dintre clanurile implicate \u00een traficul de droguri din Bucure\u0219ti. <\/p>\n\n\n\n<figure class=\"wp-block-video\"><video height=\"480\" style=\"aspect-ratio: 848 \/ 480;\" width=\"848\" controls src=\"https:\/\/buletin.de\/bucuresti\/wp-content\/uploads\/WhatsApp-Video-2023-12-12-at-04.06.06_8eb8ae5c.mp4\"><\/video><\/figure>\n\n\n\n<figure class=\"wp-block-embed is-type-wp-embed is-provider-buletin-de-bucure\u0219ti wp-block-embed-buletin-de-bucure\u0219ti\"><div class=\"wp-block-embed__wrapper\">\n<blockquote class=\"wp-embedded-content\" data-secret=\"WRo97ALUsW\"><a href=\"https:\/\/buletin.de\/bucuresti\/droguri-de-aproape-900-000-de-euro-ascunse-in-bordul-masinii-trei-suspecti-arestati\/\">Droguri de aproape 900.000 de euro, ascunse \u00een bordul ma\u015finii. Trei suspec\u0163i aresta\u0163i<\/a><\/blockquote><iframe class=\"wp-embedded-content\" sandbox=\"allow-scripts\" security=\"restricted\" style=\"position: absolute; clip: rect(1px, 1px, 1px, 1px);\" title=\"&#8220;Droguri de aproape 900.000 de euro, ascunse \u00een bordul ma\u015finii. Trei suspec\u0163i aresta\u0163i&#8221; &#8212; Buletin de Bucure\u0219ti\" src=\"https:\/\/buletin.de\/bucuresti\/droguri-de-aproape-900-000-de-euro-ascunse-in-bordul-masinii-trei-suspecti-arestati\/embed\/#?secret=FdzDATep7G#?secret=WRo97ALUsW\" data-secret=\"WRo97ALUsW\" width=\"600\" height=\"338\" frameborder=\"0\" marginwidth=\"0\" marginheight=\"0\" scrolling=\"no\"><\/iframe>\n<\/div><\/figure>\n","protected":false},"excerpt":{"rendered":"<p>Un b\u0103rbat \u00een v\u00e2rst\u0103 de 46 de ani \u0219i o femeie \u00een v\u00e2rst\u0103 de 33 de ani, ambii condamna\u021bi la \u00eenchisoare pentru s\u0103v\u00e2r\u0219irea infrac\u021biunii de trafic de droguri de mare risc \u00een form\u0103 continuat\u0103, au fost prin\u0219i luni, 11 decembrie, dup\u0103 ce \u201es-au sustras\u201d arestului. B\u0103rbatul era dat \u00een c\u0103utare na\u021bional\u0103 \u0219i interna\u021bional\u0103 \u00eenc\u0103 din [&hellip;]<\/p>\n","protected":false},"author":47,"featured_media":54868,"comment_status":"closed","ping_status":"open","sticky":false,"template":"","format":"standard","meta":{"_acf_changed":false,"inline_featured_image":false,"ngg_post_thumbnail":0,"footnotes":""},"categories":[6994,62],"tags":[1591,8476,8477,6941,405,8478],"ppma_author":[22580],"class_list":["post-72073","post","type-post","status-publish","format-standard","has-post-thumbnail","hentry","category-stiri-2","category-stiri","tag-clan","tag-clanul-cocalarii","tag-cocalarilor","tag-trafic-de-droguri","tag-tribunalul-bucuresti","tag-urmarire"],"acf":[],"yoast_head":"<!-- This site is optimized with the Yoast SEO Premium plugin v25.3 (Yoast SEO v27.4) - https:\/\/yoast.com\/product\/yoast-seo-premium-wordpress\/ -->\n<title>Sector 3 | Trafican\u021bi din clanul \u201eCocalarii\u201d, da\u021bi \u00een urm\u0103rire general\u0103, prin\u0219i de Poli\u021bia Capitalei - Buletin de Bucure\u0219ti<\/title>\n<meta name=\"robots\" content=\"index, follow, max-snippet:-1, max-image-preview:large, max-video-preview:-1\" \/>\n<link rel=\"canonical\" href=\"https:\/\/buletin.de\/bucuresti\/sector-3-traficanti-din-clanul-cocalarii-dati-in-urmarire-generala-prinsi-de-politia-capitalei\/\" \/>\n<meta property=\"og:locale\" content=\"en_GB\" \/>\n<meta property=\"og:type\" content=\"article\" \/>\n<meta property=\"og:title\" content=\"Sector 3 | Trafican\u021bi din clanul \u201eCocalarii\u201d, da\u021bi \u00een urm\u0103rire general\u0103, prin\u0219i de Poli\u021bia Capitalei\" \/>\n<meta property=\"og:description\" content=\"Un b\u0103rbat \u00een v\u00e2rst\u0103 de 46 de ani \u0219i o femeie \u00een v\u00e2rst\u0103 de 33 de ani, ambii condamna\u021bi la \u00eenchisoare pentru s\u0103v\u00e2r\u0219irea infrac\u021biunii de trafic de droguri de mare risc \u00een form\u0103 continuat\u0103, au fost prin\u0219i luni, 11 decembrie, dup\u0103 ce \u201es-au sustras\u201d arestului. B\u0103rbatul era dat \u00een c\u0103utare na\u021bional\u0103 \u0219i interna\u021bional\u0103 \u00eenc\u0103 din [&hellip;]\" \/>\n<meta property=\"og:url\" content=\"https:\/\/buletin.de\/bucuresti\/sector-3-traficanti-din-clanul-cocalarii-dati-in-urmarire-generala-prinsi-de-politia-capitalei\/\" \/>\n<meta property=\"og:site_name\" content=\"Buletin de Bucure\u0219ti\" \/>\n<meta property=\"article:publisher\" content=\"https:\/\/www.facebook.com\/buletin.de.buc\" \/>\n<meta property=\"article:published_time\" content=\"2023-12-12T13:46:00+00:00\" \/>\n<meta property=\"og:image\" content=\"https:\/\/buletin.de\/bucuresti\/wp-content\/uploads\/dima-mukhin-DFhSL1pM90k-unsplash-2.jpg\" \/>\n\t<meta property=\"og:image:width\" content=\"960\" \/>\n\t<meta property=\"og:image:height\" content=\"640\" \/>\n\t<meta property=\"og:image:type\" content=\"image\/jpeg\" \/>\n<meta name=\"author\" content=\"Adina C\u0103p\u00eelnean\" \/>\n<meta name=\"twitter:card\" content=\"summary_large_image\" \/>\n<meta name=\"twitter:label1\" content=\"Written by\" \/>\n\t<meta name=\"twitter:data1\" content=\"Adina C\u0103p\u00eelnean\" \/>\n\t<meta name=\"twitter:label2\" content=\"Estimated reading time\" \/>\n\t<meta name=\"twitter:data2\" content=\"1 minute\" \/>\n<script type=\"application\/ld+json\" class=\"yoast-schema-graph\">{\"@context\":\"https:\\\/\\\/schema.org\",\"@graph\":[{\"@type\":\"Article\",\"@id\":\"https:\\\/\\\/buletin.de\\\/bucuresti\\\/sector-3-traficanti-din-clanul-cocalarii-dati-in-urmarire-generala-prinsi-de-politia-capitalei\\\/#article\",\"isPartOf\":{\"@id\":\"https:\\\/\\\/buletin.de\\\/bucuresti\\\/sector-3-traficanti-din-clanul-cocalarii-dati-in-urmarire-generala-prinsi-de-politia-capitalei\\\/\"},\"author\":{\"name\":\"Adina C\u0103p\u00eelnean\",\"@id\":\"https:\\\/\\\/buletin.de\\\/bucuresti\\\/#\\\/schema\\\/person\\\/ab174cf6711728e4ee83d672acf9a912\"},\"headline\":\"Sector 3 | Trafican\u021bi din clanul \u201eCocalarii\u201d, da\u021bi \u00een urm\u0103rire general\u0103, prin\u0219i de Poli\u021bia Capitalei\",\"datePublished\":\"2023-12-12T13:46:00+00:00\",\"mainEntityOfPage\":{\"@id\":\"https:\\\/\\\/buletin.de\\\/bucuresti\\\/sector-3-traficanti-din-clanul-cocalarii-dati-in-urmarire-generala-prinsi-de-politia-capitalei\\\/\"},\"wordCount\":194,\"publisher\":{\"@id\":\"https:\\\/\\\/buletin.de\\\/bucuresti\\\/#organization\"},\"image\":{\"@id\":\"https:\\\/\\\/buletin.de\\\/bucuresti\\\/sector-3-traficanti-din-clanul-cocalarii-dati-in-urmarire-generala-prinsi-de-politia-capitalei\\\/#primaryimage\"},\"thumbnailUrl\":\"https:\\\/\\\/buletin.de\\\/bucuresti\\\/wp-content\\\/uploads\\\/dima-mukhin-DFhSL1pM90k-unsplash-2.jpg\",\"keywords\":[\"clan\",\"clanul cocalarii\",\"cocalarilor\",\"trafic de droguri\",\"tribunalul Bucuresti\",\"urmarire\"],\"articleSection\":[\"Articole\",\"\u0218tiri\"],\"inLanguage\":\"en-GB\",\"copyrightYear\":\"2023\",\"copyrightHolder\":{\"@id\":\"https:\\\/\\\/buletin.de\\\/bucuresti\\\/#organization\"}},{\"@type\":\"WebPage\",\"@id\":\"https:\\\/\\\/buletin.de\\\/bucuresti\\\/sector-3-traficanti-din-clanul-cocalarii-dati-in-urmarire-generala-prinsi-de-politia-capitalei\\\/\",\"url\":\"https:\\\/\\\/buletin.de\\\/bucuresti\\\/sector-3-traficanti-din-clanul-cocalarii-dati-in-urmarire-generala-prinsi-de-politia-capitalei\\\/\",\"name\":\"Sector 3 | Trafican\u021bi din clanul \u201eCocalarii\u201d, da\u021bi \u00een urm\u0103rire general\u0103, prin\u0219i de Poli\u021bia Capitalei - Buletin de Bucure\u0219ti\",\"isPartOf\":{\"@id\":\"https:\\\/\\\/buletin.de\\\/bucuresti\\\/#website\"},\"primaryImageOfPage\":{\"@id\":\"https:\\\/\\\/buletin.de\\\/bucuresti\\\/sector-3-traficanti-din-clanul-cocalarii-dati-in-urmarire-generala-prinsi-de-politia-capitalei\\\/#primaryimage\"},\"image\":{\"@id\":\"https:\\\/\\\/buletin.de\\\/bucuresti\\\/sector-3-traficanti-din-clanul-cocalarii-dati-in-urmarire-generala-prinsi-de-politia-capitalei\\\/#primaryimage\"},\"thumbnailUrl\":\"https:\\\/\\\/buletin.de\\\/bucuresti\\\/wp-content\\\/uploads\\\/dima-mukhin-DFhSL1pM90k-unsplash-2.jpg\",\"datePublished\":\"2023-12-12T13:46:00+00:00\",\"breadcrumb\":{\"@id\":\"https:\\\/\\\/buletin.de\\\/bucuresti\\\/sector-3-traficanti-din-clanul-cocalarii-dati-in-urmarire-generala-prinsi-de-politia-capitalei\\\/#breadcrumb\"},\"inLanguage\":\"en-GB\",\"potentialAction\":[{\"@type\":\"ReadAction\",\"target\":[\"https:\\\/\\\/buletin.de\\\/bucuresti\\\/sector-3-traficanti-din-clanul-cocalarii-dati-in-urmarire-generala-prinsi-de-politia-capitalei\\\/\"]}]},{\"@type\":\"ImageObject\",\"inLanguage\":\"en-GB\",\"@id\":\"https:\\\/\\\/buletin.de\\\/bucuresti\\\/sector-3-traficanti-din-clanul-cocalarii-dati-in-urmarire-generala-prinsi-de-politia-capitalei\\\/#primaryimage\",\"url\":\"https:\\\/\\\/buletin.de\\\/bucuresti\\\/wp-content\\\/uploads\\\/dima-mukhin-DFhSL1pM90k-unsplash-2.jpg\",\"contentUrl\":\"https:\\\/\\\/buletin.de\\\/bucuresti\\\/wp-content\\\/uploads\\\/dima-mukhin-DFhSL1pM90k-unsplash-2.jpg\",\"width\":960,\"height\":640,\"caption\":\"FOTO: Poliltia Capitalei\"},{\"@type\":\"BreadcrumbList\",\"@id\":\"https:\\\/\\\/buletin.de\\\/bucuresti\\\/sector-3-traficanti-din-clanul-cocalarii-dati-in-urmarire-generala-prinsi-de-politia-capitalei\\\/#breadcrumb\",\"itemListElement\":[{\"@type\":\"ListItem\",\"position\":1,\"name\":\"Acas\u0103\",\"item\":\"https:\\\/\\\/buletin.de\\\/bucuresti\\\/\"},{\"@type\":\"ListItem\",\"position\":2,\"name\":\"Sector 3 | Trafican\u021bi din clanul \u201eCocalarii\u201d, da\u021bi \u00een urm\u0103rire general\u0103, prin\u0219i de Poli\u021bia Capitalei\"}]},{\"@type\":\"WebSite\",\"@id\":\"https:\\\/\\\/buletin.de\\\/bucuresti\\\/#website\",\"url\":\"https:\\\/\\\/buletin.de\\\/bucuresti\\\/\",\"name\":\"Buletin de Bucure\u0219ti\",\"description\":\"\u0218tiri \u0219i investiga\u021bii esen\u021biale din capital\u0103\",\"publisher\":{\"@id\":\"https:\\\/\\\/buletin.de\\\/bucuresti\\\/#organization\"},\"potentialAction\":[{\"@type\":\"SearchAction\",\"target\":{\"@type\":\"EntryPoint\",\"urlTemplate\":\"https:\\\/\\\/buletin.de\\\/bucuresti\\\/?s={search_term_string}\"},\"query-input\":{\"@type\":\"PropertyValueSpecification\",\"valueRequired\":true,\"valueName\":\"search_term_string\"}}],\"inLanguage\":\"en-GB\"},{\"@type\":\"Organization\",\"@id\":\"https:\\\/\\\/buletin.de\\\/bucuresti\\\/#organization\",\"name\":\"Buletin de Bucure\u0219ti\",\"url\":\"https:\\\/\\\/buletin.de\\\/bucuresti\\\/\",\"logo\":{\"@type\":\"ImageObject\",\"inLanguage\":\"en-GB\",\"@id\":\"https:\\\/\\\/buletin.de\\\/bucuresti\\\/#\\\/schema\\\/logo\\\/image\\\/\",\"url\":\"https:\\\/\\\/buletin.de\\\/bucuresti\\\/wp-content\\\/uploads\\\/logo-bdb-full-wide-vernil-transparent.png\",\"contentUrl\":\"https:\\\/\\\/buletin.de\\\/bucuresti\\\/wp-content\\\/uploads\\\/logo-bdb-full-wide-vernil-transparent.png\",\"width\":1782,\"height\":626,\"caption\":\"Buletin de Bucure\u0219ti\"},\"image\":{\"@id\":\"https:\\\/\\\/buletin.de\\\/bucuresti\\\/#\\\/schema\\\/logo\\\/image\\\/\"},\"sameAs\":[\"https:\\\/\\\/www.facebook.com\\\/buletin.de.buc\",\"https:\\\/\\\/www.instagram.com\\\/buletinde.bucuresti\\\/\"]},{\"@type\":\"Person\",\"@id\":\"https:\\\/\\\/buletin.de\\\/bucuresti\\\/#\\\/schema\\\/person\\\/ab174cf6711728e4ee83d672acf9a912\",\"name\":\"Adina C\u0103p\u00eelnean\",\"image\":{\"@type\":\"ImageObject\",\"inLanguage\":\"en-GB\",\"@id\":\"https:\\\/\\\/secure.gravatar.com\\\/avatar\\\/4fe9675d6282fd7c1aa4e486a037d532d5728fc16a30360f293eb6126b2e73ad?s=96&d=monsterid&r=ge2b23868508aec3460d3c6a11d3b599a\",\"url\":\"https:\\\/\\\/secure.gravatar.com\\\/avatar\\\/4fe9675d6282fd7c1aa4e486a037d532d5728fc16a30360f293eb6126b2e73ad?s=96&d=monsterid&r=g\",\"contentUrl\":\"https:\\\/\\\/secure.gravatar.com\\\/avatar\\\/4fe9675d6282fd7c1aa4e486a037d532d5728fc16a30360f293eb6126b2e73ad?s=96&d=monsterid&r=g\",\"caption\":\"Adina C\u0103p\u00eelnean\"},\"url\":\"https:\\\/\\\/buletin.de\\\/bucuresti\\\/author\\\/adinacapilnean\\\/\"}]}<\/script>\n<!-- \/ Yoast SEO Premium plugin. -->","yoast_head_json":{"title":"Sector 3 | Trafican\u021bi din clanul \u201eCocalarii\u201d, da\u021bi \u00een urm\u0103rire general\u0103, prin\u0219i de Poli\u021bia Capitalei - Buletin de Bucure\u0219ti","robots":{"index":"index","follow":"follow","max-snippet":"max-snippet:-1","max-image-preview":"max-image-preview:large","max-video-preview":"max-video-preview:-1"},"canonical":"https:\/\/buletin.de\/bucuresti\/sector-3-traficanti-din-clanul-cocalarii-dati-in-urmarire-generala-prinsi-de-politia-capitalei\/","og_locale":"en_GB","og_type":"article","og_title":"Sector 3 | Trafican\u021bi din clanul \u201eCocalarii\u201d, da\u021bi \u00een urm\u0103rire general\u0103, prin\u0219i de Poli\u021bia Capitalei","og_description":"Un b\u0103rbat \u00een v\u00e2rst\u0103 de 46 de ani \u0219i o femeie \u00een v\u00e2rst\u0103 de 33 de ani, ambii condamna\u021bi la \u00eenchisoare pentru s\u0103v\u00e2r\u0219irea infrac\u021biunii de trafic de droguri de mare risc \u00een form\u0103 continuat\u0103, au fost prin\u0219i luni, 11 decembrie, dup\u0103 ce \u201es-au sustras\u201d arestului. B\u0103rbatul era dat \u00een c\u0103utare na\u021bional\u0103 \u0219i interna\u021bional\u0103 \u00eenc\u0103 din [&hellip;]","og_url":"https:\/\/buletin.de\/bucuresti\/sector-3-traficanti-din-clanul-cocalarii-dati-in-urmarire-generala-prinsi-de-politia-capitalei\/","og_site_name":"Buletin de Bucure\u0219ti","article_publisher":"https:\/\/www.facebook.com\/buletin.de.buc","article_published_time":"2023-12-12T13:46:00+00:00","og_image":[{"width":960,"height":640,"url":"https:\/\/buletin.de\/bucuresti\/wp-content\/uploads\/dima-mukhin-DFhSL1pM90k-unsplash-2.jpg","type":"image\/jpeg"}],"author":"Adina C\u0103p\u00eelnean","twitter_card":"summary_large_image","twitter_misc":{"Written by":"Adina C\u0103p\u00eelnean","Estimated reading time":"1 minute"},"schema":{"@context":"https:\/\/schema.org","@graph":[{"@type":"Article","@id":"https:\/\/buletin.de\/bucuresti\/sector-3-traficanti-din-clanul-cocalarii-dati-in-urmarire-generala-prinsi-de-politia-capitalei\/#article","isPartOf":{"@id":"https:\/\/buletin.de\/bucuresti\/sector-3-traficanti-din-clanul-cocalarii-dati-in-urmarire-generala-prinsi-de-politia-capitalei\/"},"author":{"name":"Adina C\u0103p\u00eelnean","@id":"https:\/\/buletin.de\/bucuresti\/#\/schema\/person\/ab174cf6711728e4ee83d672acf9a912"},"headline":"Sector 3 | Trafican\u021bi din clanul \u201eCocalarii\u201d, da\u021bi \u00een urm\u0103rire general\u0103, prin\u0219i de Poli\u021bia Capitalei","datePublished":"2023-12-12T13:46:00+00:00","mainEntityOfPage":{"@id":"https:\/\/buletin.de\/bucuresti\/sector-3-traficanti-din-clanul-cocalarii-dati-in-urmarire-generala-prinsi-de-politia-capitalei\/"},"wordCount":194,"publisher":{"@id":"https:\/\/buletin.de\/bucuresti\/#organization"},"image":{"@id":"https:\/\/buletin.de\/bucuresti\/sector-3-traficanti-din-clanul-cocalarii-dati-in-urmarire-generala-prinsi-de-politia-capitalei\/#primaryimage"},"thumbnailUrl":"https:\/\/buletin.de\/bucuresti\/wp-content\/uploads\/dima-mukhin-DFhSL1pM90k-unsplash-2.jpg","keywords":["clan","clanul cocalarii","cocalarilor","trafic de droguri","tribunalul Bucuresti","urmarire"],"articleSection":["Articole","\u0218tiri"],"inLanguage":"en-GB","copyrightYear":"2023","copyrightHolder":{"@id":"https:\/\/buletin.de\/bucuresti\/#organization"}},{"@type":"WebPage","@id":"https:\/\/buletin.de\/bucuresti\/sector-3-traficanti-din-clanul-cocalarii-dati-in-urmarire-generala-prinsi-de-politia-capitalei\/","url":"https:\/\/buletin.de\/bucuresti\/sector-3-traficanti-din-clanul-cocalarii-dati-in-urmarire-generala-prinsi-de-politia-capitalei\/","name":"Sector 3 | Trafican\u021bi din clanul \u201eCocalarii\u201d, da\u021bi \u00een urm\u0103rire general\u0103, prin\u0219i de Poli\u021bia Capitalei - Buletin de Bucure\u0219ti","isPartOf":{"@id":"https:\/\/buletin.de\/bucuresti\/#website"},"primaryImageOfPage":{"@id":"https:\/\/buletin.de\/bucuresti\/sector-3-traficanti-din-clanul-cocalarii-dati-in-urmarire-generala-prinsi-de-politia-capitalei\/#primaryimage"},"image":{"@id":"https:\/\/buletin.de\/bucuresti\/sector-3-traficanti-din-clanul-cocalarii-dati-in-urmarire-generala-prinsi-de-politia-capitalei\/#primaryimage"},"thumbnailUrl":"https:\/\/buletin.de\/bucuresti\/wp-content\/uploads\/dima-mukhin-DFhSL1pM90k-unsplash-2.jpg","datePublished":"2023-12-12T13:46:00+00:00","breadcrumb":{"@id":"https:\/\/buletin.de\/bucuresti\/sector-3-traficanti-din-clanul-cocalarii-dati-in-urmarire-generala-prinsi-de-politia-capitalei\/#breadcrumb"},"inLanguage":"en-GB","potentialAction":[{"@type":"ReadAction","target":["https:\/\/buletin.de\/bucuresti\/sector-3-traficanti-din-clanul-cocalarii-dati-in-urmarire-generala-prinsi-de-politia-capitalei\/"]}]},{"@type":"ImageObject","inLanguage":"en-GB","@id":"https:\/\/buletin.de\/bucuresti\/sector-3-traficanti-din-clanul-cocalarii-dati-in-urmarire-generala-prinsi-de-politia-capitalei\/#primaryimage","url":"https:\/\/buletin.de\/bucuresti\/wp-content\/uploads\/dima-mukhin-DFhSL1pM90k-unsplash-2.jpg","contentUrl":"https:\/\/buletin.de\/bucuresti\/wp-content\/uploads\/dima-mukhin-DFhSL1pM90k-unsplash-2.jpg","width":960,"height":640,"caption":"FOTO: Poliltia Capitalei"},{"@type":"BreadcrumbList","@id":"https:\/\/buletin.de\/bucuresti\/sector-3-traficanti-din-clanul-cocalarii-dati-in-urmarire-generala-prinsi-de-politia-capitalei\/#breadcrumb","itemListElement":[{"@type":"ListItem","position":1,"name":"Acas\u0103","item":"https:\/\/buletin.de\/bucuresti\/"},{"@type":"ListItem","position":2,"name":"Sector 3 | Trafican\u021bi din clanul \u201eCocalarii\u201d, da\u021bi \u00een urm\u0103rire general\u0103, prin\u0219i de Poli\u021bia Capitalei"}]},{"@type":"WebSite","@id":"https:\/\/buletin.de\/bucuresti\/#website","url":"https:\/\/buletin.de\/bucuresti\/","name":"Buletin de Bucure\u0219ti","description":"\u0218tiri \u0219i investiga\u021bii esen\u021biale din capital\u0103","publisher":{"@id":"https:\/\/buletin.de\/bucuresti\/#organization"},"potentialAction":[{"@type":"SearchAction","target":{"@type":"EntryPoint","urlTemplate":"https:\/\/buletin.de\/bucuresti\/?s={search_term_string}"},"query-input":{"@type":"PropertyValueSpecification","valueRequired":true,"valueName":"search_term_string"}}],"inLanguage":"en-GB"},{"@type":"Organization","@id":"https:\/\/buletin.de\/bucuresti\/#organization","name":"Buletin de Bucure\u0219ti","url":"https:\/\/buletin.de\/bucuresti\/","logo":{"@type":"ImageObject","inLanguage":"en-GB","@id":"https:\/\/buletin.de\/bucuresti\/#\/schema\/logo\/image\/","url":"https:\/\/buletin.de\/bucuresti\/wp-content\/uploads\/logo-bdb-full-wide-vernil-transparent.png","contentUrl":"https:\/\/buletin.de\/bucuresti\/wp-content\/uploads\/logo-bdb-full-wide-vernil-transparent.png","width":1782,"height":626,"caption":"Buletin de Bucure\u0219ti"},"image":{"@id":"https:\/\/buletin.de\/bucuresti\/#\/schema\/logo\/image\/"},"sameAs":["https:\/\/www.facebook.com\/buletin.de.buc","https:\/\/www.instagram.com\/buletinde.bucuresti\/"]},{"@type":"Person","@id":"https:\/\/buletin.de\/bucuresti\/#\/schema\/person\/ab174cf6711728e4ee83d672acf9a912","name":"Adina C\u0103p\u00eelnean","image":{"@type":"ImageObject","inLanguage":"en-GB","@id":"https:\/\/secure.gravatar.com\/avatar\/4fe9675d6282fd7c1aa4e486a037d532d5728fc16a30360f293eb6126b2e73ad?s=96&d=monsterid&r=ge2b23868508aec3460d3c6a11d3b599a","url":"https:\/\/secure.gravatar.com\/avatar\/4fe9675d6282fd7c1aa4e486a037d532d5728fc16a30360f293eb6126b2e73ad?s=96&d=monsterid&r=g","contentUrl":"https:\/\/secure.gravatar.com\/avatar\/4fe9675d6282fd7c1aa4e486a037d532d5728fc16a30360f293eb6126b2e73ad?s=96&d=monsterid&r=g","caption":"Adina C\u0103p\u00eelnean"},"url":"https:\/\/buletin.de\/bucuresti\/author\/adinacapilnean\/"}]}},"authors":[{"term_id":22580,"user_id":47,"is_guest":0,"slug":"adinacapilnean","display_name":"Adina C\u0103p\u00eelnean","avatar_url":"https:\/\/secure.gravatar.com\/avatar\/4fe9675d6282fd7c1aa4e486a037d532d5728fc16a30360f293eb6126b2e73ad?s=96&d=monsterid&r=g","0":null,"1":"","2":"","3":"","4":"","5":"","6":"","7":"","8":""}],"_links":{"self":[{"href":"https:\/\/buletin.de\/bucuresti\/wp-json\/wp\/v2\/posts\/72073","targetHints":{"allow":["GET"]}}],"collection":[{"href":"https:\/\/buletin.de\/bucuresti\/wp-json\/wp\/v2\/posts"}],"about":[{"href":"https:\/\/buletin.de\/bucuresti\/wp-json\/wp\/v2\/types\/post"}],"author":[{"embeddable":true,"href":"https:\/\/buletin.de\/bucuresti\/wp-json\/wp\/v2\/users\/47"}],"replies":[{"embeddable":true,"href":"https:\/\/buletin.de\/bucuresti\/wp-json\/wp\/v2\/comments?post=72073"}],"version-history":[{"count":2,"href":"https:\/\/buletin.de\/bucuresti\/wp-json\/wp\/v2\/posts\/72073\/revisions"}],"predecessor-version":[{"id":72083,"href":"https:\/\/buletin.de\/bucuresti\/wp-json\/wp\/v2\/posts\/72073\/revisions\/72083"}],"wp:featuredmedia":[{"embeddable":true,"href":"https:\/\/buletin.de\/bucuresti\/wp-json\/wp\/v2\/media\/54868"}],"wp:attachment":[{"href":"https:\/\/buletin.de\/bucuresti\/wp-json\/wp\/v2\/media?parent=72073"}],"wp:term":[{"taxonomy":"category","embeddable":true,"href":"https:\/\/buletin.de\/bucuresti\/wp-json\/wp\/v2\/categories?post=72073"},{"taxonomy":"post_tag","embeddable":true,"href":"https:\/\/buletin.de\/bucuresti\/wp-json\/wp\/v2\/tags?post=72073"},{"taxonomy":"author","embeddable":true,"href":"https:\/\/buletin.de\/bucuresti\/wp-json\/wp\/v2\/ppma_author?post=72073"}],"curies":[{"name":"wp","href":"https:\/\/api.w.org\/{rel}","templated":true}]}}