{"id":72021,"date":"2023-12-12T15:40:19","date_gmt":"2023-12-12T13:40:19","guid":{"rendered":"https:\/\/buletin.de\/bucuresti\/?p=72021"},"modified":"2023-12-12T15:40:20","modified_gmt":"2023-12-12T13:40:20","slug":"protest-solitar-al-jurnalistei-emilia-sercan-in-fata-parchetului-general","status":"publish","type":"post","link":"https:\/\/buletin.de\/bucuresti\/protest-solitar-al-jurnalistei-emilia-sercan-in-fata-parchetului-general\/","title":{"rendered":"Protest solitar al jurnalistei Emilia \u0218ercan, \u00een fa\u021ba Parchetului General"},"content":{"rendered":"\n<p>J<strong>urnalista Emilia \u0218ercan protesteaz\u0103 solitar de 11 zile \u00een fa\u021ba Parchetului General \u0219i a Parchetului Cur\u021bii de Apel Bucure\u0219ti (PCAB) \u00eempotriva deciziei de clasare a dosarului ce vizeaz\u0103 opera\u021biunea de kompromat care ar fi fost \u00eentreprins\u0103 \u00eempotriva sa. Acesta viza scurgerea unei probe din Poli\u021bia Rom\u00e2n\u0103, mai exact pozele private ale jurnalistei, publicarea acestora \u00een mod repetat, respectiv mu\u0219amalizarea scurgerii, potrivit informa\u021biilor postate de Emilia \u0218ercan pe <a href=\"https:\/\/www.facebook.com\/emilia.sercan\/posts\/pfbid02RPt7Ae7djbNofVaJL95nRJ4fBLtCuxDoorTFkV3rqs4fzbrfu12e1nex1DjTqrEl\">re\u021belele de socializare<\/a>, dar \u0219i pe site-ul <a href=\"https:\/\/pressone.ro\/parchetul-claseaza-abrupt-dosarul-de-kompromat-fapta-de-scurgere-a-unei-probe-din-politia-romana-nu-este-prevazuta-de-legea-penala\/\">pressone.ro<\/a>.<\/strong><\/p>\n\n\n\n<p>Jurnalista a decis s\u0103 protesteze \u021bin\u00e2nd \u00een m\u00e2ini chiar una dintre fotografiile sale personale, fotografie ce a fost publicat\u0103 \u00een mod repetat \u00eencep\u00e2nd cu data de 18 februarie 2022. Cu o lun\u0103 \u00eenainte, Emilia \u0218ercan demasca plagiatul tezei de doctorat lui Nicolae Ciuc\u0103, actualul Pre\u0219edinte al Senatului. <\/p>\n\n\n\n<p>Contactat\u0103 \u00een leg\u0103tur\u0103 cu protestul din fa\u021ba Parchetului General, Emilia \u0218ercan a spus c\u0103 <strong><em>\u201ese va duce \u00een audien\u021b\u0103 doar dac\u0103 m\u0103 va chema cineva de acolo\u201d<\/em><\/strong> (n.r. din cadrul PCAB).  \u00cen fiecare zi a protestului, jandarmii au \u00eentrebat-o dac\u0103 dore\u0219te s\u0103 solicite audien\u021ba, \u00eens\u0103 Emilia \u0218ercan le-a transmis de fiecare dat\u0103 c\u0103, av\u00e2nd \u00een vedere c\u00e2t de cunoscut este motivul protestului, consider\u0103 normal s\u0103 se \u00eent\u00e2lneasc\u0103 cu autorit\u0103\u021bile doar dac\u0103 va fi invitat\u0103, a explicat jurnalista pentru Buletin de Bucure\u0219ti.<\/p>\n\n\n\n<p>Conducerea Parchetului trebuie s\u0103 analizeze pl\u00e2ngerea jurnalistei \u0219i s\u0103 se pronun\u021be asupra ei. Dac\u0103 solu\u021bia va fi de men\u021binere a clas\u0103rii, jurnalista va contesta decizia \u00een fa\u021ba instan\u021belor judec\u0103tore\u0219ti, urm\u00e2nd s\u0103 se adreseze Cur\u021bii Europene pentru Drepturile Omului (CEDO) ca ultim\u0103 solu\u021bie.<\/p>\n\n\n\n<p>\u00centrebat\u0103 de Buletin de Bucure\u0219ti de a ales varianta de protest solitar, jurnalista sus\u021bine c\u0103 nu a vrut s\u0103 existe specula\u021bii potrivit c\u0103rora ar \u00eencerca s\u0103 transforme aceast\u0103 form\u0103 de a-\u0219i ar\u0103ta nemul\u021bumirea \u00eentr-o modalitate de ob\u021binere a aten\u021biei publice sau a capitalului politic: <em style=\"font-weight: bold;\">\u201eVreau s\u0103 r\u0103m\u00e2n\u0103, a\u0219a cum a fost \u0219i p\u00e2n\u0103 acuma, un protest solitar prin care eu s\u0103 \u00eemi ar\u0103t nemul\u021bumirea fa\u021b\u0103 de o decizie pe care o consider incorect\u0103, nu numai din punct de vedere legal, dar \u0219i total injust\u0103 fa\u021b\u0103 de mine ca jurnalist, ca cet\u0103\u021bean \u0219i ca femeie\u201d, <\/em>a explicat Emilia \u0218ercan.<\/p>\n\n\n\n<p><\/p>\n","protected":false},"excerpt":{"rendered":"<p>Jurnalista Emilia \u0218ercan protesteaz\u0103 solitar de 11 zile \u00een fa\u021ba Parchetului General \u0219i a Parchetului Cur\u021bii de Apel Bucure\u0219ti (PCAB) \u00eempotriva deciziei de clasare a dosarului ce vizeaz\u0103 opera\u021biunea de kompromat care ar fi fost \u00eentreprins\u0103 \u00eempotriva sa. Acesta viza scurgerea unei probe din Poli\u021bia Rom\u00e2n\u0103, mai exact pozele private ale jurnalistei, publicarea acestora \u00een [&hellip;]<\/p>\n","protected":false},"author":55,"featured_media":72078,"comment_status":"closed","ping_status":"open","sticky":false,"template":"","format":"standard","meta":{"_acf_changed":false,"inline_featured_image":false,"ngg_post_thumbnail":0,"footnotes":""},"categories":[6994,62],"tags":[8475,3071,114,8474],"ppma_author":[22573],"class_list":["post-72021","post","type-post","status-publish","format-standard","has-post-thumbnail","hentry","category-stiri-2","category-stiri","tag-kompromat","tag-parchet","tag-protest","tag-sercan"],"acf":[],"yoast_head":"<!-- This site is optimized with the Yoast SEO Premium plugin v25.3 (Yoast SEO v27.4) - https:\/\/yoast.com\/product\/yoast-seo-premium-wordpress\/ -->\n<title>Protest solitar al jurnalistei Emilia \u0218ercan, \u00een fa\u021ba Parchetului General - Buletin de Bucure\u0219ti<\/title>\n<meta name=\"robots\" content=\"index, follow, max-snippet:-1, max-image-preview:large, max-video-preview:-1\" \/>\n<link rel=\"canonical\" href=\"https:\/\/buletin.de\/bucuresti\/protest-solitar-al-jurnalistei-emilia-sercan-in-fata-parchetului-general\/\" \/>\n<meta property=\"og:locale\" content=\"en_GB\" \/>\n<meta property=\"og:type\" content=\"article\" \/>\n<meta property=\"og:title\" content=\"Protest solitar al jurnalistei Emilia \u0218ercan, \u00een fa\u021ba Parchetului General\" \/>\n<meta property=\"og:description\" content=\"Jurnalista Emilia \u0218ercan protesteaz\u0103 solitar de 11 zile \u00een fa\u021ba Parchetului General \u0219i a Parchetului Cur\u021bii de Apel Bucure\u0219ti (PCAB) \u00eempotriva deciziei de clasare a dosarului ce vizeaz\u0103 opera\u021biunea de kompromat care ar fi fost \u00eentreprins\u0103 \u00eempotriva sa. Acesta viza scurgerea unei probe din Poli\u021bia Rom\u00e2n\u0103, mai exact pozele private ale jurnalistei, publicarea acestora \u00een [&hellip;]\" \/>\n<meta property=\"og:url\" content=\"https:\/\/buletin.de\/bucuresti\/protest-solitar-al-jurnalistei-emilia-sercan-in-fata-parchetului-general\/\" \/>\n<meta property=\"og:site_name\" content=\"Buletin de Bucure\u0219ti\" \/>\n<meta property=\"article:publisher\" content=\"https:\/\/www.facebook.com\/buletin.de.buc\" \/>\n<meta property=\"article:published_time\" content=\"2023-12-12T13:40:19+00:00\" \/>\n<meta property=\"article:modified_time\" content=\"2023-12-12T13:40:20+00:00\" \/>\n<meta property=\"og:image\" content=\"https:\/\/buletin.de\/bucuresti\/wp-content\/uploads\/sercan.jpg\" \/>\n\t<meta property=\"og:image:width\" content=\"662\" \/>\n\t<meta property=\"og:image:height\" content=\"352\" \/>\n\t<meta property=\"og:image:type\" content=\"image\/jpeg\" \/>\n<meta name=\"author\" content=\"Andreea Tudor\" \/>\n<meta name=\"twitter:card\" content=\"summary_large_image\" \/>\n<meta name=\"twitter:label1\" content=\"Written by\" \/>\n\t<meta name=\"twitter:data1\" content=\"Andreea Tudor\" \/>\n\t<meta name=\"twitter:label2\" content=\"Estimated reading time\" \/>\n\t<meta name=\"twitter:data2\" content=\"2 minutes\" \/>\n<script type=\"application\/ld+json\" class=\"yoast-schema-graph\">{\"@context\":\"https:\\\/\\\/schema.org\",\"@graph\":[{\"@type\":\"Article\",\"@id\":\"https:\\\/\\\/buletin.de\\\/bucuresti\\\/protest-solitar-al-jurnalistei-emilia-sercan-in-fata-parchetului-general\\\/#article\",\"isPartOf\":{\"@id\":\"https:\\\/\\\/buletin.de\\\/bucuresti\\\/protest-solitar-al-jurnalistei-emilia-sercan-in-fata-parchetului-general\\\/\"},\"author\":{\"name\":\"Andreea Tudor\",\"@id\":\"https:\\\/\\\/buletin.de\\\/bucuresti\\\/#\\\/schema\\\/person\\\/150590659efde715459d159da012f501\"},\"headline\":\"Protest solitar al jurnalistei Emilia \u0218ercan, \u00een fa\u021ba Parchetului General\",\"datePublished\":\"2023-12-12T13:40:19+00:00\",\"dateModified\":\"2023-12-12T13:40:20+00:00\",\"mainEntityOfPage\":{\"@id\":\"https:\\\/\\\/buletin.de\\\/bucuresti\\\/protest-solitar-al-jurnalistei-emilia-sercan-in-fata-parchetului-general\\\/\"},\"wordCount\":403,\"publisher\":{\"@id\":\"https:\\\/\\\/buletin.de\\\/bucuresti\\\/#organization\"},\"image\":{\"@id\":\"https:\\\/\\\/buletin.de\\\/bucuresti\\\/protest-solitar-al-jurnalistei-emilia-sercan-in-fata-parchetului-general\\\/#primaryimage\"},\"thumbnailUrl\":\"https:\\\/\\\/buletin.de\\\/bucuresti\\\/wp-content\\\/uploads\\\/sercan.jpg\",\"keywords\":[\"kompromat\",\"parchet\",\"protest\",\"sercan\"],\"articleSection\":[\"Articole\",\"\u0218tiri\"],\"inLanguage\":\"en-GB\",\"copyrightYear\":\"2023\",\"copyrightHolder\":{\"@id\":\"https:\\\/\\\/buletin.de\\\/bucuresti\\\/#organization\"}},{\"@type\":\"WebPage\",\"@id\":\"https:\\\/\\\/buletin.de\\\/bucuresti\\\/protest-solitar-al-jurnalistei-emilia-sercan-in-fata-parchetului-general\\\/\",\"url\":\"https:\\\/\\\/buletin.de\\\/bucuresti\\\/protest-solitar-al-jurnalistei-emilia-sercan-in-fata-parchetului-general\\\/\",\"name\":\"Protest solitar al jurnalistei Emilia \u0218ercan, \u00een fa\u021ba Parchetului General - Buletin de Bucure\u0219ti\",\"isPartOf\":{\"@id\":\"https:\\\/\\\/buletin.de\\\/bucuresti\\\/#website\"},\"primaryImageOfPage\":{\"@id\":\"https:\\\/\\\/buletin.de\\\/bucuresti\\\/protest-solitar-al-jurnalistei-emilia-sercan-in-fata-parchetului-general\\\/#primaryimage\"},\"image\":{\"@id\":\"https:\\\/\\\/buletin.de\\\/bucuresti\\\/protest-solitar-al-jurnalistei-emilia-sercan-in-fata-parchetului-general\\\/#primaryimage\"},\"thumbnailUrl\":\"https:\\\/\\\/buletin.de\\\/bucuresti\\\/wp-content\\\/uploads\\\/sercan.jpg\",\"datePublished\":\"2023-12-12T13:40:19+00:00\",\"dateModified\":\"2023-12-12T13:40:20+00:00\",\"breadcrumb\":{\"@id\":\"https:\\\/\\\/buletin.de\\\/bucuresti\\\/protest-solitar-al-jurnalistei-emilia-sercan-in-fata-parchetului-general\\\/#breadcrumb\"},\"inLanguage\":\"en-GB\",\"potentialAction\":[{\"@type\":\"ReadAction\",\"target\":[\"https:\\\/\\\/buletin.de\\\/bucuresti\\\/protest-solitar-al-jurnalistei-emilia-sercan-in-fata-parchetului-general\\\/\"]}]},{\"@type\":\"ImageObject\",\"inLanguage\":\"en-GB\",\"@id\":\"https:\\\/\\\/buletin.de\\\/bucuresti\\\/protest-solitar-al-jurnalistei-emilia-sercan-in-fata-parchetului-general\\\/#primaryimage\",\"url\":\"https:\\\/\\\/buletin.de\\\/bucuresti\\\/wp-content\\\/uploads\\\/sercan.jpg\",\"contentUrl\":\"https:\\\/\\\/buletin.de\\\/bucuresti\\\/wp-content\\\/uploads\\\/sercan.jpg\",\"width\":662,\"height\":352},{\"@type\":\"BreadcrumbList\",\"@id\":\"https:\\\/\\\/buletin.de\\\/bucuresti\\\/protest-solitar-al-jurnalistei-emilia-sercan-in-fata-parchetului-general\\\/#breadcrumb\",\"itemListElement\":[{\"@type\":\"ListItem\",\"position\":1,\"name\":\"Acas\u0103\",\"item\":\"https:\\\/\\\/buletin.de\\\/bucuresti\\\/\"},{\"@type\":\"ListItem\",\"position\":2,\"name\":\"Protest solitar al jurnalistei Emilia \u0218ercan, \u00een fa\u021ba Parchetului General\"}]},{\"@type\":\"WebSite\",\"@id\":\"https:\\\/\\\/buletin.de\\\/bucuresti\\\/#website\",\"url\":\"https:\\\/\\\/buletin.de\\\/bucuresti\\\/\",\"name\":\"Buletin de Bucure\u0219ti\",\"description\":\"\u0218tiri \u0219i investiga\u021bii esen\u021biale din capital\u0103\",\"publisher\":{\"@id\":\"https:\\\/\\\/buletin.de\\\/bucuresti\\\/#organization\"},\"potentialAction\":[{\"@type\":\"SearchAction\",\"target\":{\"@type\":\"EntryPoint\",\"urlTemplate\":\"https:\\\/\\\/buletin.de\\\/bucuresti\\\/?s={search_term_string}\"},\"query-input\":{\"@type\":\"PropertyValueSpecification\",\"valueRequired\":true,\"valueName\":\"search_term_string\"}}],\"inLanguage\":\"en-GB\"},{\"@type\":\"Organization\",\"@id\":\"https:\\\/\\\/buletin.de\\\/bucuresti\\\/#organization\",\"name\":\"Buletin de Bucure\u0219ti\",\"url\":\"https:\\\/\\\/buletin.de\\\/bucuresti\\\/\",\"logo\":{\"@type\":\"ImageObject\",\"inLanguage\":\"en-GB\",\"@id\":\"https:\\\/\\\/buletin.de\\\/bucuresti\\\/#\\\/schema\\\/logo\\\/image\\\/\",\"url\":\"https:\\\/\\\/buletin.de\\\/bucuresti\\\/wp-content\\\/uploads\\\/logo-bdb-full-wide-vernil-transparent.png\",\"contentUrl\":\"https:\\\/\\\/buletin.de\\\/bucuresti\\\/wp-content\\\/uploads\\\/logo-bdb-full-wide-vernil-transparent.png\",\"width\":1782,\"height\":626,\"caption\":\"Buletin de Bucure\u0219ti\"},\"image\":{\"@id\":\"https:\\\/\\\/buletin.de\\\/bucuresti\\\/#\\\/schema\\\/logo\\\/image\\\/\"},\"sameAs\":[\"https:\\\/\\\/www.facebook.com\\\/buletin.de.buc\",\"https:\\\/\\\/www.instagram.com\\\/buletinde.bucuresti\\\/\"]},{\"@type\":\"Person\",\"@id\":\"https:\\\/\\\/buletin.de\\\/bucuresti\\\/#\\\/schema\\\/person\\\/150590659efde715459d159da012f501\",\"name\":\"Andreea Tudor\",\"image\":{\"@type\":\"ImageObject\",\"inLanguage\":\"en-GB\",\"@id\":\"https:\\\/\\\/secure.gravatar.com\\\/avatar\\\/a88705a186ab0b67f3349bcbced506c09e37256fbaad0e7f3bd1a79b4599f589?s=96&d=monsterid&r=g79290610aa1a65c2b86eebc2ca5aee8f\",\"url\":\"https:\\\/\\\/secure.gravatar.com\\\/avatar\\\/a88705a186ab0b67f3349bcbced506c09e37256fbaad0e7f3bd1a79b4599f589?s=96&d=monsterid&r=g\",\"contentUrl\":\"https:\\\/\\\/secure.gravatar.com\\\/avatar\\\/a88705a186ab0b67f3349bcbced506c09e37256fbaad0e7f3bd1a79b4599f589?s=96&d=monsterid&r=g\",\"caption\":\"Andreea Tudor\"},\"description\":\"N\u0103scut\u0103 \u0219i crescut\u0103 \u00een Bucure\u0219ti, sus\u021bin\u0103toare a presei independente. A\u0219a am ajuns redactor la Buletin de Bucure\u0219ti. Fiind eu, \u00eens\u0103mi, parte a sistemului de \u00eenv\u0103\u021b\u0103m\u00e2nt rom\u00e2nesc \u0219i pasionat\u0103 de domeniul social, pun sub lup\u0103 tot ceea ce se \u00eent\u00e2mpl\u0103 \u00een sfera educa\u021biei. Cred cu t\u0103rie c\u0103 presa \u201epentru cet\u0103\u021beni\u201d este presa independent\u0103. Oamenii au nevoie de o informare corect\u0103 pentru a \u00een\u021belege pe deplin ce se \u00eent\u00e2mpl\u0103 \u00een jurul lor \u0219i pentru a lua ac\u021biune \u00eempotriva nedrept\u0103\u021bilor.\",\"url\":\"https:\\\/\\\/buletin.de\\\/bucuresti\\\/author\\\/andreeatudor\\\/\"}]}<\/script>\n<!-- \/ Yoast SEO Premium plugin. -->","yoast_head_json":{"title":"Protest solitar al jurnalistei Emilia \u0218ercan, \u00een fa\u021ba Parchetului General - Buletin de Bucure\u0219ti","robots":{"index":"index","follow":"follow","max-snippet":"max-snippet:-1","max-image-preview":"max-image-preview:large","max-video-preview":"max-video-preview:-1"},"canonical":"https:\/\/buletin.de\/bucuresti\/protest-solitar-al-jurnalistei-emilia-sercan-in-fata-parchetului-general\/","og_locale":"en_GB","og_type":"article","og_title":"Protest solitar al jurnalistei Emilia \u0218ercan, \u00een fa\u021ba Parchetului General","og_description":"Jurnalista Emilia \u0218ercan protesteaz\u0103 solitar de 11 zile \u00een fa\u021ba Parchetului General \u0219i a Parchetului Cur\u021bii de Apel Bucure\u0219ti (PCAB) \u00eempotriva deciziei de clasare a dosarului ce vizeaz\u0103 opera\u021biunea de kompromat care ar fi fost \u00eentreprins\u0103 \u00eempotriva sa. Acesta viza scurgerea unei probe din Poli\u021bia Rom\u00e2n\u0103, mai exact pozele private ale jurnalistei, publicarea acestora \u00een [&hellip;]","og_url":"https:\/\/buletin.de\/bucuresti\/protest-solitar-al-jurnalistei-emilia-sercan-in-fata-parchetului-general\/","og_site_name":"Buletin de Bucure\u0219ti","article_publisher":"https:\/\/www.facebook.com\/buletin.de.buc","article_published_time":"2023-12-12T13:40:19+00:00","article_modified_time":"2023-12-12T13:40:20+00:00","og_image":[{"width":662,"height":352,"url":"https:\/\/buletin.de\/bucuresti\/wp-content\/uploads\/sercan.jpg","type":"image\/jpeg"}],"author":"Andreea Tudor","twitter_card":"summary_large_image","twitter_misc":{"Written by":"Andreea Tudor","Estimated reading time":"2 minutes"},"schema":{"@context":"https:\/\/schema.org","@graph":[{"@type":"Article","@id":"https:\/\/buletin.de\/bucuresti\/protest-solitar-al-jurnalistei-emilia-sercan-in-fata-parchetului-general\/#article","isPartOf":{"@id":"https:\/\/buletin.de\/bucuresti\/protest-solitar-al-jurnalistei-emilia-sercan-in-fata-parchetului-general\/"},"author":{"name":"Andreea Tudor","@id":"https:\/\/buletin.de\/bucuresti\/#\/schema\/person\/150590659efde715459d159da012f501"},"headline":"Protest solitar al jurnalistei Emilia \u0218ercan, \u00een fa\u021ba Parchetului General","datePublished":"2023-12-12T13:40:19+00:00","dateModified":"2023-12-12T13:40:20+00:00","mainEntityOfPage":{"@id":"https:\/\/buletin.de\/bucuresti\/protest-solitar-al-jurnalistei-emilia-sercan-in-fata-parchetului-general\/"},"wordCount":403,"publisher":{"@id":"https:\/\/buletin.de\/bucuresti\/#organization"},"image":{"@id":"https:\/\/buletin.de\/bucuresti\/protest-solitar-al-jurnalistei-emilia-sercan-in-fata-parchetului-general\/#primaryimage"},"thumbnailUrl":"https:\/\/buletin.de\/bucuresti\/wp-content\/uploads\/sercan.jpg","keywords":["kompromat","parchet","protest","sercan"],"articleSection":["Articole","\u0218tiri"],"inLanguage":"en-GB","copyrightYear":"2023","copyrightHolder":{"@id":"https:\/\/buletin.de\/bucuresti\/#organization"}},{"@type":"WebPage","@id":"https:\/\/buletin.de\/bucuresti\/protest-solitar-al-jurnalistei-emilia-sercan-in-fata-parchetului-general\/","url":"https:\/\/buletin.de\/bucuresti\/protest-solitar-al-jurnalistei-emilia-sercan-in-fata-parchetului-general\/","name":"Protest solitar al jurnalistei Emilia \u0218ercan, \u00een fa\u021ba Parchetului General - Buletin de Bucure\u0219ti","isPartOf":{"@id":"https:\/\/buletin.de\/bucuresti\/#website"},"primaryImageOfPage":{"@id":"https:\/\/buletin.de\/bucuresti\/protest-solitar-al-jurnalistei-emilia-sercan-in-fata-parchetului-general\/#primaryimage"},"image":{"@id":"https:\/\/buletin.de\/bucuresti\/protest-solitar-al-jurnalistei-emilia-sercan-in-fata-parchetului-general\/#primaryimage"},"thumbnailUrl":"https:\/\/buletin.de\/bucuresti\/wp-content\/uploads\/sercan.jpg","datePublished":"2023-12-12T13:40:19+00:00","dateModified":"2023-12-12T13:40:20+00:00","breadcrumb":{"@id":"https:\/\/buletin.de\/bucuresti\/protest-solitar-al-jurnalistei-emilia-sercan-in-fata-parchetului-general\/#breadcrumb"},"inLanguage":"en-GB","potentialAction":[{"@type":"ReadAction","target":["https:\/\/buletin.de\/bucuresti\/protest-solitar-al-jurnalistei-emilia-sercan-in-fata-parchetului-general\/"]}]},{"@type":"ImageObject","inLanguage":"en-GB","@id":"https:\/\/buletin.de\/bucuresti\/protest-solitar-al-jurnalistei-emilia-sercan-in-fata-parchetului-general\/#primaryimage","url":"https:\/\/buletin.de\/bucuresti\/wp-content\/uploads\/sercan.jpg","contentUrl":"https:\/\/buletin.de\/bucuresti\/wp-content\/uploads\/sercan.jpg","width":662,"height":352},{"@type":"BreadcrumbList","@id":"https:\/\/buletin.de\/bucuresti\/protest-solitar-al-jurnalistei-emilia-sercan-in-fata-parchetului-general\/#breadcrumb","itemListElement":[{"@type":"ListItem","position":1,"name":"Acas\u0103","item":"https:\/\/buletin.de\/bucuresti\/"},{"@type":"ListItem","position":2,"name":"Protest solitar al jurnalistei Emilia \u0218ercan, \u00een fa\u021ba Parchetului General"}]},{"@type":"WebSite","@id":"https:\/\/buletin.de\/bucuresti\/#website","url":"https:\/\/buletin.de\/bucuresti\/","name":"Buletin de Bucure\u0219ti","description":"\u0218tiri \u0219i investiga\u021bii esen\u021biale din capital\u0103","publisher":{"@id":"https:\/\/buletin.de\/bucuresti\/#organization"},"potentialAction":[{"@type":"SearchAction","target":{"@type":"EntryPoint","urlTemplate":"https:\/\/buletin.de\/bucuresti\/?s={search_term_string}"},"query-input":{"@type":"PropertyValueSpecification","valueRequired":true,"valueName":"search_term_string"}}],"inLanguage":"en-GB"},{"@type":"Organization","@id":"https:\/\/buletin.de\/bucuresti\/#organization","name":"Buletin de Bucure\u0219ti","url":"https:\/\/buletin.de\/bucuresti\/","logo":{"@type":"ImageObject","inLanguage":"en-GB","@id":"https:\/\/buletin.de\/bucuresti\/#\/schema\/logo\/image\/","url":"https:\/\/buletin.de\/bucuresti\/wp-content\/uploads\/logo-bdb-full-wide-vernil-transparent.png","contentUrl":"https:\/\/buletin.de\/bucuresti\/wp-content\/uploads\/logo-bdb-full-wide-vernil-transparent.png","width":1782,"height":626,"caption":"Buletin de Bucure\u0219ti"},"image":{"@id":"https:\/\/buletin.de\/bucuresti\/#\/schema\/logo\/image\/"},"sameAs":["https:\/\/www.facebook.com\/buletin.de.buc","https:\/\/www.instagram.com\/buletinde.bucuresti\/"]},{"@type":"Person","@id":"https:\/\/buletin.de\/bucuresti\/#\/schema\/person\/150590659efde715459d159da012f501","name":"Andreea Tudor","image":{"@type":"ImageObject","inLanguage":"en-GB","@id":"https:\/\/secure.gravatar.com\/avatar\/a88705a186ab0b67f3349bcbced506c09e37256fbaad0e7f3bd1a79b4599f589?s=96&d=monsterid&r=g79290610aa1a65c2b86eebc2ca5aee8f","url":"https:\/\/secure.gravatar.com\/avatar\/a88705a186ab0b67f3349bcbced506c09e37256fbaad0e7f3bd1a79b4599f589?s=96&d=monsterid&r=g","contentUrl":"https:\/\/secure.gravatar.com\/avatar\/a88705a186ab0b67f3349bcbced506c09e37256fbaad0e7f3bd1a79b4599f589?s=96&d=monsterid&r=g","caption":"Andreea Tudor"},"description":"N\u0103scut\u0103 \u0219i crescut\u0103 \u00een Bucure\u0219ti, sus\u021bin\u0103toare a presei independente. A\u0219a am ajuns redactor la Buletin de Bucure\u0219ti. Fiind eu, \u00eens\u0103mi, parte a sistemului de \u00eenv\u0103\u021b\u0103m\u00e2nt rom\u00e2nesc \u0219i pasionat\u0103 de domeniul social, pun sub lup\u0103 tot ceea ce se \u00eent\u00e2mpl\u0103 \u00een sfera educa\u021biei. Cred cu t\u0103rie c\u0103 presa \u201epentru cet\u0103\u021beni\u201d este presa independent\u0103. Oamenii au nevoie de o informare corect\u0103 pentru a \u00een\u021belege pe deplin ce se \u00eent\u00e2mpl\u0103 \u00een jurul lor \u0219i pentru a lua ac\u021biune \u00eempotriva nedrept\u0103\u021bilor.","url":"https:\/\/buletin.de\/bucuresti\/author\/andreeatudor\/"}]}},"authors":[{"term_id":22573,"user_id":55,"is_guest":0,"slug":"andreeatudor","display_name":"Andreea Tudor","avatar_url":"https:\/\/secure.gravatar.com\/avatar\/a88705a186ab0b67f3349bcbced506c09e37256fbaad0e7f3bd1a79b4599f589?s=96&d=monsterid&r=g","0":null,"1":"","2":"","3":"","4":"","5":"","6":"","7":"","8":""}],"_links":{"self":[{"href":"https:\/\/buletin.de\/bucuresti\/wp-json\/wp\/v2\/posts\/72021","targetHints":{"allow":["GET"]}}],"collection":[{"href":"https:\/\/buletin.de\/bucuresti\/wp-json\/wp\/v2\/posts"}],"about":[{"href":"https:\/\/buletin.de\/bucuresti\/wp-json\/wp\/v2\/types\/post"}],"author":[{"embeddable":true,"href":"https:\/\/buletin.de\/bucuresti\/wp-json\/wp\/v2\/users\/55"}],"replies":[{"embeddable":true,"href":"https:\/\/buletin.de\/bucuresti\/wp-json\/wp\/v2\/comments?post=72021"}],"version-history":[{"count":3,"href":"https:\/\/buletin.de\/bucuresti\/wp-json\/wp\/v2\/posts\/72021\/revisions"}],"predecessor-version":[{"id":72079,"href":"https:\/\/buletin.de\/bucuresti\/wp-json\/wp\/v2\/posts\/72021\/revisions\/72079"}],"wp:featuredmedia":[{"embeddable":true,"href":"https:\/\/buletin.de\/bucuresti\/wp-json\/wp\/v2\/media\/72078"}],"wp:attachment":[{"href":"https:\/\/buletin.de\/bucuresti\/wp-json\/wp\/v2\/media?parent=72021"}],"wp:term":[{"taxonomy":"category","embeddable":true,"href":"https:\/\/buletin.de\/bucuresti\/wp-json\/wp\/v2\/categories?post=72021"},{"taxonomy":"post_tag","embeddable":true,"href":"https:\/\/buletin.de\/bucuresti\/wp-json\/wp\/v2\/tags?post=72021"},{"taxonomy":"author","embeddable":true,"href":"https:\/\/buletin.de\/bucuresti\/wp-json\/wp\/v2\/ppma_author?post=72021"}],"curies":[{"name":"wp","href":"https:\/\/api.w.org\/{rel}","templated":true}]}}