{"id":71655,"date":"2023-12-08T14:05:06","date_gmt":"2023-12-08T12:05:06","guid":{"rendered":"https:\/\/buletin.de\/bucuresti\/?p=71655"},"modified":"2023-12-10T09:45:07","modified_gmt":"2023-12-10T07:45:07","slug":"nicusor-dan-despre-proiectul-de-modernizare-al-celor-210-km-din-reteaua-de-termoficare-e-de-asteptat-sa-terminam-in-4-ani","status":"publish","type":"post","link":"https:\/\/buletin.de\/bucuresti\/nicusor-dan-despre-proiectul-de-modernizare-al-celor-210-km-din-reteaua-de-termoficare-e-de-asteptat-sa-terminam-in-4-ani\/","title":{"rendered":"Nicu\u0219or Dan, despre proiectul de modernizare a celor 210 km din re\u021beaua de termoficare:  \u201eE de a\u0219teptat s\u0103 termin\u0103m \u00een 4 ani\u201d"},"content":{"rendered":"\n<p><strong>Prim\u0103ria Capitalei a \u00eenlocuit 100 de km din re\u021beaua de termoficare a Bucure\u0219tiului, \u00een ultimii 3 ani, potrivit primarului general Nicu\u0219or Dan, \u00eentr-un interviu acordat TVR Info. Lucr\u0103rile pentru reabilitarea celor 210 km de re\u021bea, pentru care Bucure\u0219tiul a primit 260 de milioane de euro din fonduri europene, sunt \u00een grafic, \u0219i ar putea fi terminate \u00een urm\u0103torii 4 ani.&nbsp;<\/strong><\/p>\n\n\n\n<figure class=\"wp-block-embed is-type-video is-provider-youtube wp-block-embed-youtube wp-embed-aspect-16-9 wp-has-aspect-ratio\"><div class=\"wp-block-embed__wrapper\">\n<div class=\"jlvid_container\"><iframe title=\"Primarul Nicu\u0219or Dan, la TVR Info, despre ninsoare \u0219i termoficare\" width=\"1200\" height=\"675\" src=\"https:\/\/www.youtube.com\/embed\/48z7krDcRi0?feature=oembed\" frameborder=\"0\" allow=\"accelerometer; autoplay; clipboard-write; encrypted-media; gyroscope; picture-in-picture; web-share\" allowfullscreen><\/iframe><\/div>\n<\/div><\/figure>\n\n\n\n<h2 class=\"wp-block-heading\">100 de km reabilita\u021bi<\/h2>\n\n\n\n<p>\u00cen ultimii 3 ani au fost reabilita\u021bi, p\u00e2n\u0103 \u00een momentul de fa\u021b\u0103, 100 de km din re\u021beaua de termoficare. \u00cencep\u00e2nd cu 2023, Nicu\u0219or Dan sus\u021bine c\u0103 Prim\u0103ria Municipiului Bucure\u0219tiului poate s\u0103 ajung\u0103 s\u0103 reabiliteze 50 de km pe an, \u021binta pe care a promis-o acesta \u00een campania electoral\u0103:<\/p>\n\n\n\n<p><em>\u201eFa\u021b\u0103 de o medie de 16-17 km de re\u021bea principal\u0103 care s-au f\u0103cut <\/em>(reabilitat)<em> \u00een mandatul anterior\u2026 \u00een mandatele anterioare, nu \u0219tiu dac\u0103 se f\u0103ceau 5-6-7 km pe an; noi am avut \u00een 2021 28 de km, \u00een 2022 am avut 32 de km iar \u00een 2023 am dep\u0103\u0219it 40 de km. Nu \u0219tiu dac\u0103 o sa ajungem s\u0103 facem 50, probabil c\u0103 o s\u0103 facem undeva \u00eentre&nbsp; 45-50 km. Ce am promis eu \u00een campanie au fost 50 km pe an, deci ne apropiem de acea \u021bint\u0103 de 50 de km re\u021bea principal\u0103 pe an\u201d<\/em><\/p>\n\n\n\n<p>A durat trei ani s\u0103 se ajung\u0103 la \u021binta de 50 de km pe an, deoarece contractele nu erau atribuite, iar procedurile de achizi\u021bie dureaz\u0103 cel pu\u021bin un an, potrivit primarului. De asemenea, acesta invoc\u0103 lipsa de \u00eencredere pe care firmele de pe pia\u021ba liber\u0103 o aveau \u00een Prim\u0103ria Capitalei:<\/p>\n\n\n\n<p><em>\u201eAm avut mai multe discu\u021bii, consult\u0103ri, cu firmele care s\u0103 vin\u0103 s\u0103 participe la consulta\u021bie, deoarece ei nu aveau niciun pic de \u00eencredere \u00een prim\u0103rie, s\u0103 vin\u0103 s\u0103 lucreze pentru prim\u0103rie. Pentru tablierul metalic de la doamna ghica, au fost trei tran\u0219e de licita\u021bie la care nu a participat nimeni. Acum suntem foarte bine, pl\u0103tim totul la timp, nu mai avem datorii curente,\u201d<\/em> a spus primarul general.<\/p>\n\n\n\n<h2 class=\"wp-block-heading\">260 de milioane de euro pentru 210 km de re\u021bea<\/h2>\n\n\n\n<p>La sf\u00e2r\u0219itul anului 2022, Nicu\u0219or Dan semna contractele pentru modernizarea a 210 km de re\u021bea de termoficare pe bani europeni, valoarea investi\u021biei fiind de circa 260 milioane de euro, din care 200 milioane de euro fonduri nerambursabile, potrivit <a href=\"https:\/\/www.hotnews.ro\/stiri-administratie_locala-25878517-nicusor-dan-semnat-contractele-pentru-reabilitarea-210-retea-termoficare-bani-europeni.htm\">Hotnews.<\/a><\/p>\n\n\n\n<p>Nicu\u0219or Dan sus\u021bine c\u0103 to\u021bi cei 210 km ar putea fi gata \u00een urm\u0103torii 4 ani. Potrivit primarului general, condi\u021bia pentru a putea folosi banii \u0219i a reabilita to\u021bi cei 210 de km \u00een urm\u0103torii 6 ani era s\u0103 termine p\u00e2n\u0103 la finalul anului curent unul din cele 25 de tronsoane planificate:<\/p>\n\n\n\n<p><em>\u201e\u00cen primul r\u00e2nd, nu am pierdut bani. Avem o sum\u0103 consistent\u0103, 200 milioane de euro, bani europeni, pentru 200 de km, la care se adaug\u0103 ni\u0219te bani na\u021bionali \u0219i locali. Condi\u021bia s\u0103 putem trece din exerci\u021biul acesta financiar european, \u00een exerci\u021biul viitor, 2021-2027, dar pentru care ghidurile se scriu acum, era ca p\u00e2n\u0103 la finalul lui 2023 s\u0103 termin\u0103m unul dintre aceste 25 de tronsoane, \u0219i am reu\u0219it asta. Deci, to\u021bi banii pe care i-am avut, ace\u0219ti 200 de milioane, putem s\u0103-i folosim \u00een continuare, \u00een urm\u0103torii ani. E de a\u0219teptat s\u0103 termin\u0103m to\u021bi ace\u0219ti 200 de km \u00een 4 ani.\u201d<\/em><\/p>\n\n\n\n<h2 class=\"wp-block-heading\">Situa\u021bia actual\u0103 a re\u021belei de termoficare<\/h2>\n\n\n\n<p>Potrivit primarului Nicu\u0219or Dan, re\u021beaua are 1.000 de km, din care:<\/p>\n\n\n\n<ul class=\"wp-block-list\">\n<li>150 km sunt mai noi de 10 ani;<\/li>\n\n\n\n<li>50 km sunt mai noi de 20 de ani;<\/li>\n\n\n\n<li>50 km sunt mai noi de 30 de ani;<\/li>\n\n\n\n<li><em>\u201e\u0219i restul\u2026jale\u201d<\/em><\/li>\n<\/ul>\n\n\n\n<p>Primarul general spune c\u0103 <em>\u201eavariile sunt inevitabile\u201d<\/em>, mai ales c\u00e2nd exist\u0103 schimb\u0103ri mari de temperatur\u0103, cum au fost \u00een ultima s\u0103pt\u0103m\u00e2n\u0103:<\/p>\n\n\n\n<p>\u201e<em>Este normal, p\u00e2n\u0103 c\u00e2nd sistemul se calibreaz\u0103, s\u0103 apar\u0103 genul acesta de avarii (&#8230;) Avariile sunt inevitabile, totul este ca ele s\u0103 fie mai reduse ca num\u0103r \u0219i s\u0103 putem interveni \u00een timp util.\u201d<\/em><\/p>\n\n\n\n<p>Vechimea conductelor \u0219i, implicit, lipsa investi\u021biilor de-a lungul anilor \u00een modernizarea lor influen\u021beaz\u0103 major pierderile \u00eenregistrate \u00een re\u021bea. \u00cen 2018, principala cauz\u0103 a pierderilor de energie termic\u0103 din circuitul primar o reprezenta vechimea conductelor ce alc\u0103tuiesc re\u021beaua <a href=\"https:\/\/buletin.de\/bucuresti\/incalzire-extrema-urgenta-istoria-unui-dezastru-programat-radet\/\">(65% dintre ele au peste 25 de ani vechime)<\/a>.<\/p>\n\n\n\n<h2 class=\"wp-block-heading\">Avariile de la \u00eenceputul s\u0103pt\u0103m\u00e2nii<\/h2>\n\n\n\n<p>Luni, 4 decembrie,<a href=\"https:\/\/buletin.de\/bucuresti\/termoficare-unul-din-cinci-blocuri-din-capitala-are-probleme-cu-furnizarea-agentului-termic\/\"> unul din cinci blocuri din Capital\u0103<\/a> avea probleme cu furnizarea agentului termic, adic\u0103 aproape 20% dintre blocuri, \u00een num\u0103r de 2.143, din cauza unei avarii a re\u021belei primare Magistrala 1 Sud. <a href=\"\/bucuresti\/termoficare-12-zone-din-sectoarele-2-si-3-fara-caldura-cet-grozavesti-preia-avariasi-va-livra-agent-termic-la-peste-cinci-kilometri-in-piata-obor\/\">O alt\u0103 avarie major\u0103 a avut loc mar\u021bi sear\u0103<\/a>, pe Magistrala III Sud, care afecta peste 400 de blocuri. <\/p>\n\n\n\n<p>Avariile de la \u00eenceputul s\u0103pt\u0103m\u00e2nii au fost remediate, iar, \u00een momentul acesta, potrivit informa\u021biilor furnizate de aplica\u021bia Termoalert, aproape 11% (970 de imobile) dintre blocuri au o furnizare deficitar\u0103 a agentului termic, iar aproape 3% (258 de imobile) au furnizarea oprit\u0103 total. <\/p>\n","protected":false},"excerpt":{"rendered":"<p>Prim\u0103ria Capitalei a \u00eenlocuit 100 de km din re\u021beaua de termoficare a Bucure\u0219tiului, \u00een ultimii 3 ani, potrivit primarului general Nicu\u0219or Dan, \u00eentr-un interviu acordat TVR Info. Lucr\u0103rile pentru reabilitarea celor 210 km de re\u021bea, pentru care Bucure\u0219tiul a primit 260 de milioane de euro din fonduri europene, sunt \u00een grafic, \u0219i ar putea fi [&hellip;]<\/p>\n","protected":false},"author":47,"featured_media":33812,"comment_status":"closed","ping_status":"open","sticky":false,"template":"","format":"standard","meta":{"_acf_changed":false,"inline_featured_image":false,"ngg_post_thumbnail":0,"footnotes":""},"categories":[6994,5762,6214],"tags":[1982,5221,8373,499,8372,223,514,288,8371],"ppma_author":[22580],"class_list":["post-71655","post","type-post","status-publish","format-standard","has-post-thumbnail","hentry","category-stiri-2","category-main","category-termo","tag-avarie","tag-conducte","tag-inlocuiti","tag-interviu","tag-km","tag-nicusor-dan","tag-retea","tag-termoficare","tag-tvr"],"acf":[],"yoast_head":"<!-- This site is optimized with the Yoast SEO Premium plugin v25.3 (Yoast SEO v27.4) - https:\/\/yoast.com\/product\/yoast-seo-premium-wordpress\/ -->\n<title>Nicu\u0219or Dan, despre proiectul de modernizare a celor 210 km din re\u021beaua de termoficare: \u201eE de a\u0219teptat s\u0103 termin\u0103m \u00een 4 ani\u201d - Buletin de Bucure\u0219ti<\/title>\n<meta name=\"robots\" content=\"index, follow, max-snippet:-1, max-image-preview:large, max-video-preview:-1\" \/>\n<link rel=\"canonical\" href=\"https:\/\/buletin.de\/bucuresti\/nicusor-dan-despre-proiectul-de-modernizare-al-celor-210-km-din-reteaua-de-termoficare-e-de-asteptat-sa-terminam-in-4-ani\/\" \/>\n<meta property=\"og:locale\" content=\"en_GB\" \/>\n<meta property=\"og:type\" content=\"article\" \/>\n<meta property=\"og:title\" content=\"Nicu\u0219or Dan, despre proiectul de modernizare a celor 210 km din re\u021beaua de termoficare: \u201eE de a\u0219teptat s\u0103 termin\u0103m \u00een 4 ani\u201d\" \/>\n<meta property=\"og:description\" content=\"Prim\u0103ria Capitalei a \u00eenlocuit 100 de km din re\u021beaua de termoficare a Bucure\u0219tiului, \u00een ultimii 3 ani, potrivit primarului general Nicu\u0219or Dan, \u00eentr-un interviu acordat TVR Info. Lucr\u0103rile pentru reabilitarea celor 210 km de re\u021bea, pentru care Bucure\u0219tiul a primit 260 de milioane de euro din fonduri europene, sunt \u00een grafic, \u0219i ar putea fi [&hellip;]\" \/>\n<meta property=\"og:url\" content=\"https:\/\/buletin.de\/bucuresti\/nicusor-dan-despre-proiectul-de-modernizare-al-celor-210-km-din-reteaua-de-termoficare-e-de-asteptat-sa-terminam-in-4-ani\/\" \/>\n<meta property=\"og:site_name\" content=\"Buletin de Bucure\u0219ti\" \/>\n<meta property=\"article:publisher\" content=\"https:\/\/www.facebook.com\/buletin.de.buc\" \/>\n<meta property=\"article:published_time\" content=\"2023-12-08T12:05:06+00:00\" \/>\n<meta property=\"article:modified_time\" content=\"2023-12-10T07:45:07+00:00\" \/>\n<meta property=\"og:image\" content=\"https:\/\/buletin.de\/bucuresti\/wp-content\/uploads\/termoenergetica-prefectura-solutii.jpg\" \/>\n\t<meta property=\"og:image:width\" content=\"2016\" \/>\n\t<meta property=\"og:image:height\" content=\"1512\" \/>\n\t<meta property=\"og:image:type\" content=\"image\/jpeg\" \/>\n<meta name=\"author\" content=\"Adina C\u0103p\u00eelnean\" \/>\n<meta name=\"twitter:card\" content=\"summary_large_image\" \/>\n<meta name=\"twitter:label1\" content=\"Written by\" \/>\n\t<meta name=\"twitter:data1\" content=\"Adina C\u0103p\u00eelnean\" \/>\n\t<meta name=\"twitter:label2\" content=\"Estimated reading time\" \/>\n\t<meta name=\"twitter:data2\" content=\"4 minutes\" \/>\n<script type=\"application\/ld+json\" class=\"yoast-schema-graph\">{\"@context\":\"https:\\\/\\\/schema.org\",\"@graph\":[{\"@type\":\"Article\",\"@id\":\"https:\\\/\\\/buletin.de\\\/bucuresti\\\/nicusor-dan-despre-proiectul-de-modernizare-al-celor-210-km-din-reteaua-de-termoficare-e-de-asteptat-sa-terminam-in-4-ani\\\/#article\",\"isPartOf\":{\"@id\":\"https:\\\/\\\/buletin.de\\\/bucuresti\\\/nicusor-dan-despre-proiectul-de-modernizare-al-celor-210-km-din-reteaua-de-termoficare-e-de-asteptat-sa-terminam-in-4-ani\\\/\"},\"author\":{\"name\":\"Adina C\u0103p\u00eelnean\",\"@id\":\"https:\\\/\\\/buletin.de\\\/bucuresti\\\/#\\\/schema\\\/person\\\/ab174cf6711728e4ee83d672acf9a912\"},\"headline\":\"Nicu\u0219or Dan, despre proiectul de modernizare a celor 210 km din re\u021beaua de termoficare: \u201eE de a\u0219teptat s\u0103 termin\u0103m \u00een 4 ani\u201d\",\"datePublished\":\"2023-12-08T12:05:06+00:00\",\"dateModified\":\"2023-12-10T07:45:07+00:00\",\"mainEntityOfPage\":{\"@id\":\"https:\\\/\\\/buletin.de\\\/bucuresti\\\/nicusor-dan-despre-proiectul-de-modernizare-al-celor-210-km-din-reteaua-de-termoficare-e-de-asteptat-sa-terminam-in-4-ani\\\/\"},\"wordCount\":844,\"publisher\":{\"@id\":\"https:\\\/\\\/buletin.de\\\/bucuresti\\\/#organization\"},\"image\":{\"@id\":\"https:\\\/\\\/buletin.de\\\/bucuresti\\\/nicusor-dan-despre-proiectul-de-modernizare-al-celor-210-km-din-reteaua-de-termoficare-e-de-asteptat-sa-terminam-in-4-ani\\\/#primaryimage\"},\"thumbnailUrl\":\"https:\\\/\\\/buletin.de\\\/bucuresti\\\/wp-content\\\/uploads\\\/termoenergetica-prefectura-solutii.jpg\",\"keywords\":[\"avarie\",\"Conducte\",\"inlocuiti\",\"interviu\",\"km\",\"nicusor dan\",\"retea\",\"termoficare\",\"tvr\"],\"articleSection\":[\"Articole\",\"Main\",\"Termoficare\"],\"inLanguage\":\"en-GB\",\"copyrightYear\":\"2023\",\"copyrightHolder\":{\"@id\":\"https:\\\/\\\/buletin.de\\\/bucuresti\\\/#organization\"}},{\"@type\":\"WebPage\",\"@id\":\"https:\\\/\\\/buletin.de\\\/bucuresti\\\/nicusor-dan-despre-proiectul-de-modernizare-al-celor-210-km-din-reteaua-de-termoficare-e-de-asteptat-sa-terminam-in-4-ani\\\/\",\"url\":\"https:\\\/\\\/buletin.de\\\/bucuresti\\\/nicusor-dan-despre-proiectul-de-modernizare-al-celor-210-km-din-reteaua-de-termoficare-e-de-asteptat-sa-terminam-in-4-ani\\\/\",\"name\":\"Nicu\u0219or Dan, despre proiectul de modernizare a celor 210 km din re\u021beaua de termoficare: \u201eE de a\u0219teptat s\u0103 termin\u0103m \u00een 4 ani\u201d - Buletin de Bucure\u0219ti\",\"isPartOf\":{\"@id\":\"https:\\\/\\\/buletin.de\\\/bucuresti\\\/#website\"},\"primaryImageOfPage\":{\"@id\":\"https:\\\/\\\/buletin.de\\\/bucuresti\\\/nicusor-dan-despre-proiectul-de-modernizare-al-celor-210-km-din-reteaua-de-termoficare-e-de-asteptat-sa-terminam-in-4-ani\\\/#primaryimage\"},\"image\":{\"@id\":\"https:\\\/\\\/buletin.de\\\/bucuresti\\\/nicusor-dan-despre-proiectul-de-modernizare-al-celor-210-km-din-reteaua-de-termoficare-e-de-asteptat-sa-terminam-in-4-ani\\\/#primaryimage\"},\"thumbnailUrl\":\"https:\\\/\\\/buletin.de\\\/bucuresti\\\/wp-content\\\/uploads\\\/termoenergetica-prefectura-solutii.jpg\",\"datePublished\":\"2023-12-08T12:05:06+00:00\",\"dateModified\":\"2023-12-10T07:45:07+00:00\",\"breadcrumb\":{\"@id\":\"https:\\\/\\\/buletin.de\\\/bucuresti\\\/nicusor-dan-despre-proiectul-de-modernizare-al-celor-210-km-din-reteaua-de-termoficare-e-de-asteptat-sa-terminam-in-4-ani\\\/#breadcrumb\"},\"inLanguage\":\"en-GB\",\"potentialAction\":[{\"@type\":\"ReadAction\",\"target\":[\"https:\\\/\\\/buletin.de\\\/bucuresti\\\/nicusor-dan-despre-proiectul-de-modernizare-al-celor-210-km-din-reteaua-de-termoficare-e-de-asteptat-sa-terminam-in-4-ani\\\/\"]}]},{\"@type\":\"ImageObject\",\"inLanguage\":\"en-GB\",\"@id\":\"https:\\\/\\\/buletin.de\\\/bucuresti\\\/nicusor-dan-despre-proiectul-de-modernizare-al-celor-210-km-din-reteaua-de-termoficare-e-de-asteptat-sa-terminam-in-4-ani\\\/#primaryimage\",\"url\":\"https:\\\/\\\/buletin.de\\\/bucuresti\\\/wp-content\\\/uploads\\\/termoenergetica-prefectura-solutii.jpg\",\"contentUrl\":\"https:\\\/\\\/buletin.de\\\/bucuresti\\\/wp-content\\\/uploads\\\/termoenergetica-prefectura-solutii.jpg\",\"width\":2016,\"height\":1512},{\"@type\":\"BreadcrumbList\",\"@id\":\"https:\\\/\\\/buletin.de\\\/bucuresti\\\/nicusor-dan-despre-proiectul-de-modernizare-al-celor-210-km-din-reteaua-de-termoficare-e-de-asteptat-sa-terminam-in-4-ani\\\/#breadcrumb\",\"itemListElement\":[{\"@type\":\"ListItem\",\"position\":1,\"name\":\"Acas\u0103\",\"item\":\"https:\\\/\\\/buletin.de\\\/bucuresti\\\/\"},{\"@type\":\"ListItem\",\"position\":2,\"name\":\"Nicu\u0219or Dan, despre proiectul de modernizare a celor 210 km din re\u021beaua de termoficare: \u201eE de a\u0219teptat s\u0103 termin\u0103m \u00een 4 ani\u201d\"}]},{\"@type\":\"WebSite\",\"@id\":\"https:\\\/\\\/buletin.de\\\/bucuresti\\\/#website\",\"url\":\"https:\\\/\\\/buletin.de\\\/bucuresti\\\/\",\"name\":\"Buletin de Bucure\u0219ti\",\"description\":\"\u0218tiri \u0219i investiga\u021bii esen\u021biale din capital\u0103\",\"publisher\":{\"@id\":\"https:\\\/\\\/buletin.de\\\/bucuresti\\\/#organization\"},\"potentialAction\":[{\"@type\":\"SearchAction\",\"target\":{\"@type\":\"EntryPoint\",\"urlTemplate\":\"https:\\\/\\\/buletin.de\\\/bucuresti\\\/?s={search_term_string}\"},\"query-input\":{\"@type\":\"PropertyValueSpecification\",\"valueRequired\":true,\"valueName\":\"search_term_string\"}}],\"inLanguage\":\"en-GB\"},{\"@type\":\"Organization\",\"@id\":\"https:\\\/\\\/buletin.de\\\/bucuresti\\\/#organization\",\"name\":\"Buletin de Bucure\u0219ti\",\"url\":\"https:\\\/\\\/buletin.de\\\/bucuresti\\\/\",\"logo\":{\"@type\":\"ImageObject\",\"inLanguage\":\"en-GB\",\"@id\":\"https:\\\/\\\/buletin.de\\\/bucuresti\\\/#\\\/schema\\\/logo\\\/image\\\/\",\"url\":\"https:\\\/\\\/buletin.de\\\/bucuresti\\\/wp-content\\\/uploads\\\/logo-bdb-full-wide-vernil-transparent.png\",\"contentUrl\":\"https:\\\/\\\/buletin.de\\\/bucuresti\\\/wp-content\\\/uploads\\\/logo-bdb-full-wide-vernil-transparent.png\",\"width\":1782,\"height\":626,\"caption\":\"Buletin de Bucure\u0219ti\"},\"image\":{\"@id\":\"https:\\\/\\\/buletin.de\\\/bucuresti\\\/#\\\/schema\\\/logo\\\/image\\\/\"},\"sameAs\":[\"https:\\\/\\\/www.facebook.com\\\/buletin.de.buc\",\"https:\\\/\\\/www.instagram.com\\\/buletinde.bucuresti\\\/\"]},{\"@type\":\"Person\",\"@id\":\"https:\\\/\\\/buletin.de\\\/bucuresti\\\/#\\\/schema\\\/person\\\/ab174cf6711728e4ee83d672acf9a912\",\"name\":\"Adina C\u0103p\u00eelnean\",\"image\":{\"@type\":\"ImageObject\",\"inLanguage\":\"en-GB\",\"@id\":\"https:\\\/\\\/secure.gravatar.com\\\/avatar\\\/4fe9675d6282fd7c1aa4e486a037d532d5728fc16a30360f293eb6126b2e73ad?s=96&d=monsterid&r=ge2b23868508aec3460d3c6a11d3b599a\",\"url\":\"https:\\\/\\\/secure.gravatar.com\\\/avatar\\\/4fe9675d6282fd7c1aa4e486a037d532d5728fc16a30360f293eb6126b2e73ad?s=96&d=monsterid&r=g\",\"contentUrl\":\"https:\\\/\\\/secure.gravatar.com\\\/avatar\\\/4fe9675d6282fd7c1aa4e486a037d532d5728fc16a30360f293eb6126b2e73ad?s=96&d=monsterid&r=g\",\"caption\":\"Adina C\u0103p\u00eelnean\"},\"url\":\"https:\\\/\\\/buletin.de\\\/bucuresti\\\/author\\\/adinacapilnean\\\/\"}]}<\/script>\n<!-- \/ Yoast SEO Premium plugin. -->","yoast_head_json":{"title":"Nicu\u0219or Dan, despre proiectul de modernizare a celor 210 km din re\u021beaua de termoficare: \u201eE de a\u0219teptat s\u0103 termin\u0103m \u00een 4 ani\u201d - Buletin de Bucure\u0219ti","robots":{"index":"index","follow":"follow","max-snippet":"max-snippet:-1","max-image-preview":"max-image-preview:large","max-video-preview":"max-video-preview:-1"},"canonical":"https:\/\/buletin.de\/bucuresti\/nicusor-dan-despre-proiectul-de-modernizare-al-celor-210-km-din-reteaua-de-termoficare-e-de-asteptat-sa-terminam-in-4-ani\/","og_locale":"en_GB","og_type":"article","og_title":"Nicu\u0219or Dan, despre proiectul de modernizare a celor 210 km din re\u021beaua de termoficare: \u201eE de a\u0219teptat s\u0103 termin\u0103m \u00een 4 ani\u201d","og_description":"Prim\u0103ria Capitalei a \u00eenlocuit 100 de km din re\u021beaua de termoficare a Bucure\u0219tiului, \u00een ultimii 3 ani, potrivit primarului general Nicu\u0219or Dan, \u00eentr-un interviu acordat TVR Info. Lucr\u0103rile pentru reabilitarea celor 210 km de re\u021bea, pentru care Bucure\u0219tiul a primit 260 de milioane de euro din fonduri europene, sunt \u00een grafic, \u0219i ar putea fi [&hellip;]","og_url":"https:\/\/buletin.de\/bucuresti\/nicusor-dan-despre-proiectul-de-modernizare-al-celor-210-km-din-reteaua-de-termoficare-e-de-asteptat-sa-terminam-in-4-ani\/","og_site_name":"Buletin de Bucure\u0219ti","article_publisher":"https:\/\/www.facebook.com\/buletin.de.buc","article_published_time":"2023-12-08T12:05:06+00:00","article_modified_time":"2023-12-10T07:45:07+00:00","og_image":[{"width":2016,"height":1512,"url":"https:\/\/buletin.de\/bucuresti\/wp-content\/uploads\/termoenergetica-prefectura-solutii.jpg","type":"image\/jpeg"}],"author":"Adina C\u0103p\u00eelnean","twitter_card":"summary_large_image","twitter_misc":{"Written by":"Adina C\u0103p\u00eelnean","Estimated reading time":"4 minutes"},"schema":{"@context":"https:\/\/schema.org","@graph":[{"@type":"Article","@id":"https:\/\/buletin.de\/bucuresti\/nicusor-dan-despre-proiectul-de-modernizare-al-celor-210-km-din-reteaua-de-termoficare-e-de-asteptat-sa-terminam-in-4-ani\/#article","isPartOf":{"@id":"https:\/\/buletin.de\/bucuresti\/nicusor-dan-despre-proiectul-de-modernizare-al-celor-210-km-din-reteaua-de-termoficare-e-de-asteptat-sa-terminam-in-4-ani\/"},"author":{"name":"Adina C\u0103p\u00eelnean","@id":"https:\/\/buletin.de\/bucuresti\/#\/schema\/person\/ab174cf6711728e4ee83d672acf9a912"},"headline":"Nicu\u0219or Dan, despre proiectul de modernizare a celor 210 km din re\u021beaua de termoficare: \u201eE de a\u0219teptat s\u0103 termin\u0103m \u00een 4 ani\u201d","datePublished":"2023-12-08T12:05:06+00:00","dateModified":"2023-12-10T07:45:07+00:00","mainEntityOfPage":{"@id":"https:\/\/buletin.de\/bucuresti\/nicusor-dan-despre-proiectul-de-modernizare-al-celor-210-km-din-reteaua-de-termoficare-e-de-asteptat-sa-terminam-in-4-ani\/"},"wordCount":844,"publisher":{"@id":"https:\/\/buletin.de\/bucuresti\/#organization"},"image":{"@id":"https:\/\/buletin.de\/bucuresti\/nicusor-dan-despre-proiectul-de-modernizare-al-celor-210-km-din-reteaua-de-termoficare-e-de-asteptat-sa-terminam-in-4-ani\/#primaryimage"},"thumbnailUrl":"https:\/\/buletin.de\/bucuresti\/wp-content\/uploads\/termoenergetica-prefectura-solutii.jpg","keywords":["avarie","Conducte","inlocuiti","interviu","km","nicusor dan","retea","termoficare","tvr"],"articleSection":["Articole","Main","Termoficare"],"inLanguage":"en-GB","copyrightYear":"2023","copyrightHolder":{"@id":"https:\/\/buletin.de\/bucuresti\/#organization"}},{"@type":"WebPage","@id":"https:\/\/buletin.de\/bucuresti\/nicusor-dan-despre-proiectul-de-modernizare-al-celor-210-km-din-reteaua-de-termoficare-e-de-asteptat-sa-terminam-in-4-ani\/","url":"https:\/\/buletin.de\/bucuresti\/nicusor-dan-despre-proiectul-de-modernizare-al-celor-210-km-din-reteaua-de-termoficare-e-de-asteptat-sa-terminam-in-4-ani\/","name":"Nicu\u0219or Dan, despre proiectul de modernizare a celor 210 km din re\u021beaua de termoficare: \u201eE de a\u0219teptat s\u0103 termin\u0103m \u00een 4 ani\u201d - Buletin de Bucure\u0219ti","isPartOf":{"@id":"https:\/\/buletin.de\/bucuresti\/#website"},"primaryImageOfPage":{"@id":"https:\/\/buletin.de\/bucuresti\/nicusor-dan-despre-proiectul-de-modernizare-al-celor-210-km-din-reteaua-de-termoficare-e-de-asteptat-sa-terminam-in-4-ani\/#primaryimage"},"image":{"@id":"https:\/\/buletin.de\/bucuresti\/nicusor-dan-despre-proiectul-de-modernizare-al-celor-210-km-din-reteaua-de-termoficare-e-de-asteptat-sa-terminam-in-4-ani\/#primaryimage"},"thumbnailUrl":"https:\/\/buletin.de\/bucuresti\/wp-content\/uploads\/termoenergetica-prefectura-solutii.jpg","datePublished":"2023-12-08T12:05:06+00:00","dateModified":"2023-12-10T07:45:07+00:00","breadcrumb":{"@id":"https:\/\/buletin.de\/bucuresti\/nicusor-dan-despre-proiectul-de-modernizare-al-celor-210-km-din-reteaua-de-termoficare-e-de-asteptat-sa-terminam-in-4-ani\/#breadcrumb"},"inLanguage":"en-GB","potentialAction":[{"@type":"ReadAction","target":["https:\/\/buletin.de\/bucuresti\/nicusor-dan-despre-proiectul-de-modernizare-al-celor-210-km-din-reteaua-de-termoficare-e-de-asteptat-sa-terminam-in-4-ani\/"]}]},{"@type":"ImageObject","inLanguage":"en-GB","@id":"https:\/\/buletin.de\/bucuresti\/nicusor-dan-despre-proiectul-de-modernizare-al-celor-210-km-din-reteaua-de-termoficare-e-de-asteptat-sa-terminam-in-4-ani\/#primaryimage","url":"https:\/\/buletin.de\/bucuresti\/wp-content\/uploads\/termoenergetica-prefectura-solutii.jpg","contentUrl":"https:\/\/buletin.de\/bucuresti\/wp-content\/uploads\/termoenergetica-prefectura-solutii.jpg","width":2016,"height":1512},{"@type":"BreadcrumbList","@id":"https:\/\/buletin.de\/bucuresti\/nicusor-dan-despre-proiectul-de-modernizare-al-celor-210-km-din-reteaua-de-termoficare-e-de-asteptat-sa-terminam-in-4-ani\/#breadcrumb","itemListElement":[{"@type":"ListItem","position":1,"name":"Acas\u0103","item":"https:\/\/buletin.de\/bucuresti\/"},{"@type":"ListItem","position":2,"name":"Nicu\u0219or Dan, despre proiectul de modernizare a celor 210 km din re\u021beaua de termoficare: \u201eE de a\u0219teptat s\u0103 termin\u0103m \u00een 4 ani\u201d"}]},{"@type":"WebSite","@id":"https:\/\/buletin.de\/bucuresti\/#website","url":"https:\/\/buletin.de\/bucuresti\/","name":"Buletin de Bucure\u0219ti","description":"\u0218tiri \u0219i investiga\u021bii esen\u021biale din capital\u0103","publisher":{"@id":"https:\/\/buletin.de\/bucuresti\/#organization"},"potentialAction":[{"@type":"SearchAction","target":{"@type":"EntryPoint","urlTemplate":"https:\/\/buletin.de\/bucuresti\/?s={search_term_string}"},"query-input":{"@type":"PropertyValueSpecification","valueRequired":true,"valueName":"search_term_string"}}],"inLanguage":"en-GB"},{"@type":"Organization","@id":"https:\/\/buletin.de\/bucuresti\/#organization","name":"Buletin de Bucure\u0219ti","url":"https:\/\/buletin.de\/bucuresti\/","logo":{"@type":"ImageObject","inLanguage":"en-GB","@id":"https:\/\/buletin.de\/bucuresti\/#\/schema\/logo\/image\/","url":"https:\/\/buletin.de\/bucuresti\/wp-content\/uploads\/logo-bdb-full-wide-vernil-transparent.png","contentUrl":"https:\/\/buletin.de\/bucuresti\/wp-content\/uploads\/logo-bdb-full-wide-vernil-transparent.png","width":1782,"height":626,"caption":"Buletin de Bucure\u0219ti"},"image":{"@id":"https:\/\/buletin.de\/bucuresti\/#\/schema\/logo\/image\/"},"sameAs":["https:\/\/www.facebook.com\/buletin.de.buc","https:\/\/www.instagram.com\/buletinde.bucuresti\/"]},{"@type":"Person","@id":"https:\/\/buletin.de\/bucuresti\/#\/schema\/person\/ab174cf6711728e4ee83d672acf9a912","name":"Adina C\u0103p\u00eelnean","image":{"@type":"ImageObject","inLanguage":"en-GB","@id":"https:\/\/secure.gravatar.com\/avatar\/4fe9675d6282fd7c1aa4e486a037d532d5728fc16a30360f293eb6126b2e73ad?s=96&d=monsterid&r=ge2b23868508aec3460d3c6a11d3b599a","url":"https:\/\/secure.gravatar.com\/avatar\/4fe9675d6282fd7c1aa4e486a037d532d5728fc16a30360f293eb6126b2e73ad?s=96&d=monsterid&r=g","contentUrl":"https:\/\/secure.gravatar.com\/avatar\/4fe9675d6282fd7c1aa4e486a037d532d5728fc16a30360f293eb6126b2e73ad?s=96&d=monsterid&r=g","caption":"Adina C\u0103p\u00eelnean"},"url":"https:\/\/buletin.de\/bucuresti\/author\/adinacapilnean\/"}]}},"authors":[{"term_id":22580,"user_id":47,"is_guest":0,"slug":"adinacapilnean","display_name":"Adina C\u0103p\u00eelnean","avatar_url":"https:\/\/secure.gravatar.com\/avatar\/4fe9675d6282fd7c1aa4e486a037d532d5728fc16a30360f293eb6126b2e73ad?s=96&d=monsterid&r=g","0":null,"1":"","2":"","3":"","4":"","5":"","6":"","7":"","8":""}],"_links":{"self":[{"href":"https:\/\/buletin.de\/bucuresti\/wp-json\/wp\/v2\/posts\/71655","targetHints":{"allow":["GET"]}}],"collection":[{"href":"https:\/\/buletin.de\/bucuresti\/wp-json\/wp\/v2\/posts"}],"about":[{"href":"https:\/\/buletin.de\/bucuresti\/wp-json\/wp\/v2\/types\/post"}],"author":[{"embeddable":true,"href":"https:\/\/buletin.de\/bucuresti\/wp-json\/wp\/v2\/users\/47"}],"replies":[{"embeddable":true,"href":"https:\/\/buletin.de\/bucuresti\/wp-json\/wp\/v2\/comments?post=71655"}],"version-history":[{"count":5,"href":"https:\/\/buletin.de\/bucuresti\/wp-json\/wp\/v2\/posts\/71655\/revisions"}],"predecessor-version":[{"id":71795,"href":"https:\/\/buletin.de\/bucuresti\/wp-json\/wp\/v2\/posts\/71655\/revisions\/71795"}],"wp:featuredmedia":[{"embeddable":true,"href":"https:\/\/buletin.de\/bucuresti\/wp-json\/wp\/v2\/media\/33812"}],"wp:attachment":[{"href":"https:\/\/buletin.de\/bucuresti\/wp-json\/wp\/v2\/media?parent=71655"}],"wp:term":[{"taxonomy":"category","embeddable":true,"href":"https:\/\/buletin.de\/bucuresti\/wp-json\/wp\/v2\/categories?post=71655"},{"taxonomy":"post_tag","embeddable":true,"href":"https:\/\/buletin.de\/bucuresti\/wp-json\/wp\/v2\/tags?post=71655"},{"taxonomy":"author","embeddable":true,"href":"https:\/\/buletin.de\/bucuresti\/wp-json\/wp\/v2\/ppma_author?post=71655"}],"curies":[{"name":"wp","href":"https:\/\/api.w.org\/{rel}","templated":true}]}}