{"id":71591,"date":"2023-12-08T10:58:59","date_gmt":"2023-12-08T08:58:59","guid":{"rendered":"https:\/\/buletin.de\/bucuresti\/?p=71591"},"modified":"2023-12-08T10:58:59","modified_gmt":"2023-12-08T08:58:59","slug":"weekend-cu-alerta-in-laponia-si-concert-fuego-la-targul-de-craciun-din-piata-constitutiei-programul-integral","status":"publish","type":"post","link":"https:\/\/buletin.de\/bucuresti\/weekend-cu-alerta-in-laponia-si-concert-fuego-la-targul-de-craciun-din-piata-constitutiei-programul-integral\/","title":{"rendered":"Weekend cu \u201eAlert\u0103 \u00een Laponia\u201d \u015fi concert Fuego, la T\u00e2rgul de Cr\u0103ciun din Pia\u0163a Constitu\u0163iei. Programul integral"},"content":{"rendered":"\n<p><strong>Weekendul care tocmai \u00eencepe are program cu piese de teatru, concerte, mascote \u015fi animatori, la T\u00e2rgul de Cr\u0103ciun din Pia\u021ba Constitu\u021biei. De asemenea, sunt func\u0163ionale toate instala\u0163iile de distrac\u0163ii din parcul ad-hoc ridicat \u00een fa\u0163a Parlamentului. <\/strong><\/p>\n\n\n\n<p><strong>Programul T\u00e2rgului de Cr\u0103ciun \u00eentre 8 \u015fi 10 decembrie<\/strong>:<\/p>\n\n\n\n<ul class=\"wp-block-list\">\n<li><strong>12:00 \u2013 22:00<\/strong>\u2013 program carusel, roata panoramic\u0103 \u0219i trenule\u021b;<\/li>\n\n\n\n<li><strong>17:00 \u2013 19:00-<\/strong>&nbsp;program DJ;<\/li>\n\n\n\n<li><strong>18:00 \u2013 20:00&nbsp;<\/strong>mascote \u0219i arti\u0219ti animatori pe picioroange.<\/li>\n<\/ul>\n\n\n\n<p><strong>Program artistic:<\/strong><\/p>\n\n\n\n<p><strong>Vineri, 8 decembrie<\/strong><\/p>\n\n\n\n<ul class=\"wp-block-list\">\n<li><strong>19:00 \u2013 19:30&nbsp;<\/strong>Recital nai \u2013&nbsp;M\u0103d\u0103lina Lupu;<\/li>\n\n\n\n<li><strong>19:30 \u2013 20:00<\/strong>&nbsp;Corul de copii \u0219i tineret&nbsp;<strong>\u201eSymbol \u2013 Jean Lupu\u201d&nbsp;<\/strong>al Patriarhiei Rom\u00e2ne;<\/li>\n\n\n\n<li><strong>20:00 \u2013 20:30&nbsp;<\/strong>Marian Alexandru \u0219i Mezzoforte Soul Orchestra;<\/li>\n\n\n\n<li><strong>20:30 \u2013 21:30&nbsp;<\/strong>Irina S\u00e2rbu Band.<\/li>\n<\/ul>\n\n\n\n<p><strong>S\u00e2mb\u0103t\u0103, 9 decembrie<\/strong><\/p>\n\n\n\n<ul class=\"wp-block-list\">\n<li><strong>12:00 \u2013 13:00<\/strong>&nbsp;Specatacol de teatru&nbsp;<strong>\u201eAlert\u0103 \u00een Laponia\u201d<\/strong>;<\/li>\n\n\n\n<li><strong>19:00 \u2013 19:30 \u201eBravissimo Voices\u201d<\/strong>;<\/li>\n\n\n\n<li><strong>19:30 \u2013 19:45&nbsp;<\/strong>Recital trompet\u0103 \u2013&nbsp;<strong>Florin Simion<\/strong>;<\/li>\n\n\n\n<li><strong>19:45 \u2013 20:05&nbsp;<\/strong>Corul&nbsp;<strong>\u201eSound\u201d<\/strong>&nbsp;al Casei de Cultur\u0103 a Studen\u0163ilor Bucure\u015fti;<\/li>\n\n\n\n<li><strong>20:05 \u2013 20:35 \u201eChristmas Songs\u201d<\/strong>&nbsp;by Mady Omania \u015fi Virgil Prispian;<\/li>\n\n\n\n<li><strong>20:35 \u2013 21:30 Bere Gratis<\/strong>.<\/li>\n<\/ul>\n\n\n\n<p><strong>Duminic\u0103, 10 decembrie<\/strong><\/p>\n\n\n\n<ul class=\"wp-block-list\">\n<li><strong>12:00 \u2013 13:00<\/strong>&nbsp;Spectacol de teatru&nbsp;<strong>\u201ePoveste de Iarn\u0103\u201d<\/strong>;<\/li>\n\n\n\n<li><strong>19:00 \u2013 19:30\u00a0<\/strong>Grupul de colindatori\u00a0<strong>\u201cRoua\u201d<\/strong>\u00a0\u015fi Carmen Sarcin\u0103 din Gorj;<\/li>\n\n\n\n<li><strong>19:30 \u2013 20:00&nbsp;<\/strong>Grupul vocal&nbsp;<strong>\u201cZestrea Fetei\u201d<\/strong>;<\/li>\n\n\n\n<li><strong>20:00 \u2013 20:30&nbsp;<\/strong>Ansamblul&nbsp;<strong>\u201ePoieni\u0163a\u201d<\/strong>&nbsp;din Poiana Stampei, jud. Suceava;<\/li>\n\n\n\n<li><strong>20:30 \u2013 21:30 Fuego<\/strong>.<\/li>\n<\/ul>\n\n\n\n<p><strong>9 \u0219i 10 decembrie<\/strong><\/p>\n\n\n\n<p><strong>17:00 \u2013 19:30<\/strong> Dj CS84<\/p>\n\n\n\n<p><strong>Program Casa lui Mo\u015f Cr\u0103ciun<\/strong>:<\/p>\n\n\n\n<p><strong>Vineri,<\/strong> <strong>8 decembrie<\/strong><\/p>\n\n\n\n<p><strong>12:00 \u2013 14:00\/ 16:00 \u2013 22:00&nbsp;<\/strong>Realizarea scrisorilor cu dorin\u021be de Cr\u0103ciun, cu ajutorul spiridu\u0219ilor<\/p>\n\n\n\n<p><strong>Program ateliere pentru copii<\/strong>:<\/p>\n\n\n\n<p><strong>Vineri, 8 decembrie<\/strong><\/p>\n\n\n\n<ul class=\"wp-block-list\">\n<li><strong>16:00 \u2013 16:50\u00a0<\/strong>Atelier de confec\u021bionat <strong>Coroni\u0163e de Cr\u0103ciun<\/strong>;<\/li>\n\n\n\n<li><strong>17:00 \u2013 17:50<\/strong>\u00a0Atelier de realizat\u00a0<strong>Felicit\u0103ri de iarn\u0103<\/strong>;<\/li>\n\n\n\n<li><strong>18:00 \u2013 18:50<\/strong>\u00a0Atelier de realizat\u00a0<strong>M\u0103rgele \u0219i bijuterii de iarn\u0103<\/strong>;<\/li>\n\n\n\n<li><strong>19:00 \u2013 19:50<\/strong>\u00a0Atelier de realizat\u00a0<strong>Podoabe pentru bradul de Cr\u0103ciun<\/strong>;<\/li>\n<\/ul>\n\n\n\n<p><strong>S\u00e2mb\u0103t\u0103, 9 decembrie<\/strong><\/p>\n\n\n\n<ul class=\"wp-block-list\">\n<li><strong>16:00 \u2013 16:50<\/strong>&nbsp;Atelier de confec\u021bionat figurine&nbsp;<strong>\u201eFrosty the sockman\u201d<\/strong>;<\/li>\n\n\n\n<li><strong>17:00 \u2013 17:50<\/strong>&nbsp;Atelier de realizat&nbsp;<strong>Tablouri cu fulgi de z\u0103pad\u0103<\/strong>;<\/li>\n\n\n\n<li><strong>18:00 \u2013 18:50<\/strong>&nbsp;Atelier de realizat&nbsp;<strong>Podoabe pentru bradul de Cr\u0103ciun<\/strong>;<\/li>\n\n\n\n<li><strong>19:00 \u2013 19:50<\/strong>&nbsp;Atelier de realizat&nbsp;<strong>Felicit\u0103ri de iarn\u0103<\/strong>.<\/li>\n<\/ul>\n\n\n\n<p><strong>Duminic\u0103, 10 decembrie<\/strong><\/p>\n\n\n\n<ul class=\"wp-block-list\">\n<li><strong>16:00 \u2013 16:50<\/strong>&nbsp;Atelier de decorat&nbsp;<strong>S\u0103cule\u021bi pentru darurile de Cr\u0103ciun<\/strong>;<\/li>\n\n\n\n<li><strong>17:00 \u2013 17:50<\/strong>&nbsp;Atelier de realizat&nbsp;<strong>\u0218ervete<\/strong>&nbsp;<strong>magice pentru masa de s\u0103rb\u0103tori<\/strong>;<\/li>\n\n\n\n<li><strong>18:00 \u2013 18:50<\/strong>&nbsp;Atelier de confec\u021bionat&nbsp;<strong>Coroni\u021be de Cr\u0103ciun<\/strong>;<\/li>\n\n\n\n<li><strong>19:00 \u2013 19:50<\/strong>&nbsp;Atelier de realizat&nbsp;<strong>Ornamente din h\u00e2rtie pentru bradul de Cr\u0103ciun<\/strong>.<\/li>\n<\/ul>\n\n\n\n<p><strong>Program t\u00e2rg si zona gastronomic<strong>\u0103<\/strong>:<\/strong><\/p>\n\n\n\n<ul class=\"wp-block-list\">\n<li><strong>8 decembrie<\/strong>&#8211;<strong>12:00 \u2013 22:00<\/strong>;<\/li>\n\n\n\n<li><strong>9 \u0219i 10 decembrie<\/strong> <strong>10:00 \u2013 22:00<\/strong>.<\/li>\n<\/ul>\n\n\n\n<p>Intrarea este liber\u0103, pe tot parcursul evenimentului, dar atelierele sunt pl\u0103tite.<\/p>\n","protected":false},"excerpt":{"rendered":"<p>Weekendul care tocmai \u00eencepe are program cu piese de teatru, concerte, mascote \u015fi animatori, la T\u00e2rgul de Cr\u0103ciun din Pia\u021ba Constitu\u021biei. De asemenea, sunt func\u0163ionale toate instala\u0163iile de distrac\u0163ii din parcul ad-hoc ridicat \u00een fa\u0163a Parlamentului. Programul T\u00e2rgului de Cr\u0103ciun \u00eentre 8 \u015fi 10 decembrie: Program artistic: Vineri, 8 decembrie S\u00e2mb\u0103t\u0103, 9 decembrie Duminic\u0103, 10 [&hellip;]<\/p>\n","protected":false},"author":49,"featured_media":35596,"comment_status":"closed","ping_status":"open","sticky":false,"template":"","format":"standard","meta":{"_acf_changed":false,"inline_featured_image":false,"ngg_post_thumbnail":0,"footnotes":""},"categories":[6994,62],"tags":[6155,2663,3472],"ppma_author":[22574],"class_list":["post-71591","post","type-post","status-publish","format-standard","has-post-thumbnail","hentry","category-stiri-2","category-stiri","tag-ateliere-copii","tag-piata-constitutiei","tag-targ-de-craciun"],"acf":[],"yoast_head":"<!-- This site is optimized with the Yoast SEO Premium plugin v25.3 (Yoast SEO v27.4) - https:\/\/yoast.com\/product\/yoast-seo-premium-wordpress\/ -->\n<title>Weekend cu \u201eAlert\u0103 \u00een Laponia\u201d \u015fi concert Fuego, la T\u00e2rgul de Cr\u0103ciun din Pia\u0163a Constitu\u0163iei. Programul integral - Buletin de Bucure\u0219ti<\/title>\n<meta name=\"robots\" content=\"index, follow, max-snippet:-1, max-image-preview:large, max-video-preview:-1\" \/>\n<link rel=\"canonical\" href=\"https:\/\/buletin.de\/bucuresti\/weekend-cu-alerta-in-laponia-si-concert-fuego-la-targul-de-craciun-din-piata-constitutiei-programul-integral\/\" \/>\n<meta property=\"og:locale\" content=\"en_GB\" \/>\n<meta property=\"og:type\" content=\"article\" \/>\n<meta property=\"og:title\" content=\"Weekend cu \u201eAlert\u0103 \u00een Laponia\u201d \u015fi concert Fuego, la T\u00e2rgul de Cr\u0103ciun din Pia\u0163a Constitu\u0163iei. Programul integral\" \/>\n<meta property=\"og:description\" content=\"Weekendul care tocmai \u00eencepe are program cu piese de teatru, concerte, mascote \u015fi animatori, la T\u00e2rgul de Cr\u0103ciun din Pia\u021ba Constitu\u021biei. De asemenea, sunt func\u0163ionale toate instala\u0163iile de distrac\u0163ii din parcul ad-hoc ridicat \u00een fa\u0163a Parlamentului. Programul T\u00e2rgului de Cr\u0103ciun \u00eentre 8 \u015fi 10 decembrie: Program artistic: Vineri, 8 decembrie S\u00e2mb\u0103t\u0103, 9 decembrie Duminic\u0103, 10 [&hellip;]\" \/>\n<meta property=\"og:url\" content=\"https:\/\/buletin.de\/bucuresti\/weekend-cu-alerta-in-laponia-si-concert-fuego-la-targul-de-craciun-din-piata-constitutiei-programul-integral\/\" \/>\n<meta property=\"og:site_name\" content=\"Buletin de Bucure\u0219ti\" \/>\n<meta property=\"article:publisher\" content=\"https:\/\/www.facebook.com\/buletin.de.buc\" \/>\n<meta property=\"article:published_time\" content=\"2023-12-08T08:58:59+00:00\" \/>\n<meta property=\"og:image\" content=\"https:\/\/buletin.de\/bucuresti\/wp-content\/uploads\/targul-de-craciun-bucuresti.jpg\" \/>\n\t<meta property=\"og:image:width\" content=\"900\" \/>\n\t<meta property=\"og:image:height\" content=\"1351\" \/>\n\t<meta property=\"og:image:type\" content=\"image\/jpeg\" \/>\n<meta name=\"author\" content=\"Diana Matei\" \/>\n<meta name=\"twitter:card\" content=\"summary_large_image\" \/>\n<meta name=\"twitter:label1\" content=\"Written by\" \/>\n\t<meta name=\"twitter:data1\" content=\"Diana Matei\" \/>\n\t<meta name=\"twitter:label2\" content=\"Estimated reading time\" \/>\n\t<meta name=\"twitter:data2\" content=\"2 minutes\" \/>\n<script type=\"application\/ld+json\" class=\"yoast-schema-graph\">{\"@context\":\"https:\\\/\\\/schema.org\",\"@graph\":[{\"@type\":\"Article\",\"@id\":\"https:\\\/\\\/buletin.de\\\/bucuresti\\\/weekend-cu-alerta-in-laponia-si-concert-fuego-la-targul-de-craciun-din-piata-constitutiei-programul-integral\\\/#article\",\"isPartOf\":{\"@id\":\"https:\\\/\\\/buletin.de\\\/bucuresti\\\/weekend-cu-alerta-in-laponia-si-concert-fuego-la-targul-de-craciun-din-piata-constitutiei-programul-integral\\\/\"},\"author\":{\"name\":\"Diana Matei\",\"@id\":\"https:\\\/\\\/buletin.de\\\/bucuresti\\\/#\\\/schema\\\/person\\\/7e46040573290777280a0835d81ea4ea\"},\"headline\":\"Weekend cu \u201eAlert\u0103 \u00een Laponia\u201d \u015fi concert Fuego, la T\u00e2rgul de Cr\u0103ciun din Pia\u0163a Constitu\u0163iei. Programul integral\",\"datePublished\":\"2023-12-08T08:58:59+00:00\",\"mainEntityOfPage\":{\"@id\":\"https:\\\/\\\/buletin.de\\\/bucuresti\\\/weekend-cu-alerta-in-laponia-si-concert-fuego-la-targul-de-craciun-din-piata-constitutiei-programul-integral\\\/\"},\"wordCount\":398,\"publisher\":{\"@id\":\"https:\\\/\\\/buletin.de\\\/bucuresti\\\/#organization\"},\"image\":{\"@id\":\"https:\\\/\\\/buletin.de\\\/bucuresti\\\/weekend-cu-alerta-in-laponia-si-concert-fuego-la-targul-de-craciun-din-piata-constitutiei-programul-integral\\\/#primaryimage\"},\"thumbnailUrl\":\"https:\\\/\\\/buletin.de\\\/bucuresti\\\/wp-content\\\/uploads\\\/targul-de-craciun-bucuresti.jpg\",\"keywords\":[\"ateliere copii\",\"piata constitutiei\",\"targ de craciun\"],\"articleSection\":[\"Articole\",\"\u0218tiri\"],\"inLanguage\":\"en-GB\",\"copyrightYear\":\"2023\",\"copyrightHolder\":{\"@id\":\"https:\\\/\\\/buletin.de\\\/bucuresti\\\/#organization\"}},{\"@type\":\"WebPage\",\"@id\":\"https:\\\/\\\/buletin.de\\\/bucuresti\\\/weekend-cu-alerta-in-laponia-si-concert-fuego-la-targul-de-craciun-din-piata-constitutiei-programul-integral\\\/\",\"url\":\"https:\\\/\\\/buletin.de\\\/bucuresti\\\/weekend-cu-alerta-in-laponia-si-concert-fuego-la-targul-de-craciun-din-piata-constitutiei-programul-integral\\\/\",\"name\":\"Weekend cu \u201eAlert\u0103 \u00een Laponia\u201d \u015fi concert Fuego, la T\u00e2rgul de Cr\u0103ciun din Pia\u0163a Constitu\u0163iei. Programul integral - Buletin de Bucure\u0219ti\",\"isPartOf\":{\"@id\":\"https:\\\/\\\/buletin.de\\\/bucuresti\\\/#website\"},\"primaryImageOfPage\":{\"@id\":\"https:\\\/\\\/buletin.de\\\/bucuresti\\\/weekend-cu-alerta-in-laponia-si-concert-fuego-la-targul-de-craciun-din-piata-constitutiei-programul-integral\\\/#primaryimage\"},\"image\":{\"@id\":\"https:\\\/\\\/buletin.de\\\/bucuresti\\\/weekend-cu-alerta-in-laponia-si-concert-fuego-la-targul-de-craciun-din-piata-constitutiei-programul-integral\\\/#primaryimage\"},\"thumbnailUrl\":\"https:\\\/\\\/buletin.de\\\/bucuresti\\\/wp-content\\\/uploads\\\/targul-de-craciun-bucuresti.jpg\",\"datePublished\":\"2023-12-08T08:58:59+00:00\",\"breadcrumb\":{\"@id\":\"https:\\\/\\\/buletin.de\\\/bucuresti\\\/weekend-cu-alerta-in-laponia-si-concert-fuego-la-targul-de-craciun-din-piata-constitutiei-programul-integral\\\/#breadcrumb\"},\"inLanguage\":\"en-GB\",\"potentialAction\":[{\"@type\":\"ReadAction\",\"target\":[\"https:\\\/\\\/buletin.de\\\/bucuresti\\\/weekend-cu-alerta-in-laponia-si-concert-fuego-la-targul-de-craciun-din-piata-constitutiei-programul-integral\\\/\"]}]},{\"@type\":\"ImageObject\",\"inLanguage\":\"en-GB\",\"@id\":\"https:\\\/\\\/buletin.de\\\/bucuresti\\\/weekend-cu-alerta-in-laponia-si-concert-fuego-la-targul-de-craciun-din-piata-constitutiei-programul-integral\\\/#primaryimage\",\"url\":\"https:\\\/\\\/buletin.de\\\/bucuresti\\\/wp-content\\\/uploads\\\/targul-de-craciun-bucuresti.jpg\",\"contentUrl\":\"https:\\\/\\\/buletin.de\\\/bucuresti\\\/wp-content\\\/uploads\\\/targul-de-craciun-bucuresti.jpg\",\"width\":900,\"height\":1351,\"caption\":\"Foto: Arhiva\"},{\"@type\":\"BreadcrumbList\",\"@id\":\"https:\\\/\\\/buletin.de\\\/bucuresti\\\/weekend-cu-alerta-in-laponia-si-concert-fuego-la-targul-de-craciun-din-piata-constitutiei-programul-integral\\\/#breadcrumb\",\"itemListElement\":[{\"@type\":\"ListItem\",\"position\":1,\"name\":\"Acas\u0103\",\"item\":\"https:\\\/\\\/buletin.de\\\/bucuresti\\\/\"},{\"@type\":\"ListItem\",\"position\":2,\"name\":\"Weekend cu \u201eAlert\u0103 \u00een Laponia\u201d \u015fi concert Fuego, la T\u00e2rgul de Cr\u0103ciun din Pia\u0163a Constitu\u0163iei. Programul integral\"}]},{\"@type\":\"WebSite\",\"@id\":\"https:\\\/\\\/buletin.de\\\/bucuresti\\\/#website\",\"url\":\"https:\\\/\\\/buletin.de\\\/bucuresti\\\/\",\"name\":\"Buletin de Bucure\u0219ti\",\"description\":\"\u0218tiri \u0219i investiga\u021bii esen\u021biale din capital\u0103\",\"publisher\":{\"@id\":\"https:\\\/\\\/buletin.de\\\/bucuresti\\\/#organization\"},\"potentialAction\":[{\"@type\":\"SearchAction\",\"target\":{\"@type\":\"EntryPoint\",\"urlTemplate\":\"https:\\\/\\\/buletin.de\\\/bucuresti\\\/?s={search_term_string}\"},\"query-input\":{\"@type\":\"PropertyValueSpecification\",\"valueRequired\":true,\"valueName\":\"search_term_string\"}}],\"inLanguage\":\"en-GB\"},{\"@type\":\"Organization\",\"@id\":\"https:\\\/\\\/buletin.de\\\/bucuresti\\\/#organization\",\"name\":\"Buletin de Bucure\u0219ti\",\"url\":\"https:\\\/\\\/buletin.de\\\/bucuresti\\\/\",\"logo\":{\"@type\":\"ImageObject\",\"inLanguage\":\"en-GB\",\"@id\":\"https:\\\/\\\/buletin.de\\\/bucuresti\\\/#\\\/schema\\\/logo\\\/image\\\/\",\"url\":\"https:\\\/\\\/buletin.de\\\/bucuresti\\\/wp-content\\\/uploads\\\/logo-bdb-full-wide-vernil-transparent.png\",\"contentUrl\":\"https:\\\/\\\/buletin.de\\\/bucuresti\\\/wp-content\\\/uploads\\\/logo-bdb-full-wide-vernil-transparent.png\",\"width\":1782,\"height\":626,\"caption\":\"Buletin de Bucure\u0219ti\"},\"image\":{\"@id\":\"https:\\\/\\\/buletin.de\\\/bucuresti\\\/#\\\/schema\\\/logo\\\/image\\\/\"},\"sameAs\":[\"https:\\\/\\\/www.facebook.com\\\/buletin.de.buc\",\"https:\\\/\\\/www.instagram.com\\\/buletinde.bucuresti\\\/\"]},{\"@type\":\"Person\",\"@id\":\"https:\\\/\\\/buletin.de\\\/bucuresti\\\/#\\\/schema\\\/person\\\/7e46040573290777280a0835d81ea4ea\",\"name\":\"Diana Matei\",\"image\":{\"@type\":\"ImageObject\",\"inLanguage\":\"en-GB\",\"@id\":\"https:\\\/\\\/buletin.de\\\/bucuresti\\\/wp-content\\\/uploads\\\/9-2-96x96.jpg1e8590b30871d70e62ebcdaf2eff570c\",\"url\":\"https:\\\/\\\/buletin.de\\\/bucuresti\\\/wp-content\\\/uploads\\\/9-2-96x96.jpg\",\"contentUrl\":\"https:\\\/\\\/buletin.de\\\/bucuresti\\\/wp-content\\\/uploads\\\/9-2-96x96.jpg\",\"caption\":\"Diana Matei\"},\"url\":\"https:\\\/\\\/buletin.de\\\/bucuresti\\\/author\\\/dianamatei\\\/\"}]}<\/script>\n<!-- \/ Yoast SEO Premium plugin. -->","yoast_head_json":{"title":"Weekend cu \u201eAlert\u0103 \u00een Laponia\u201d \u015fi concert Fuego, la T\u00e2rgul de Cr\u0103ciun din Pia\u0163a Constitu\u0163iei. Programul integral - Buletin de Bucure\u0219ti","robots":{"index":"index","follow":"follow","max-snippet":"max-snippet:-1","max-image-preview":"max-image-preview:large","max-video-preview":"max-video-preview:-1"},"canonical":"https:\/\/buletin.de\/bucuresti\/weekend-cu-alerta-in-laponia-si-concert-fuego-la-targul-de-craciun-din-piata-constitutiei-programul-integral\/","og_locale":"en_GB","og_type":"article","og_title":"Weekend cu \u201eAlert\u0103 \u00een Laponia\u201d \u015fi concert Fuego, la T\u00e2rgul de Cr\u0103ciun din Pia\u0163a Constitu\u0163iei. Programul integral","og_description":"Weekendul care tocmai \u00eencepe are program cu piese de teatru, concerte, mascote \u015fi animatori, la T\u00e2rgul de Cr\u0103ciun din Pia\u021ba Constitu\u021biei. De asemenea, sunt func\u0163ionale toate instala\u0163iile de distrac\u0163ii din parcul ad-hoc ridicat \u00een fa\u0163a Parlamentului. Programul T\u00e2rgului de Cr\u0103ciun \u00eentre 8 \u015fi 10 decembrie: Program artistic: Vineri, 8 decembrie S\u00e2mb\u0103t\u0103, 9 decembrie Duminic\u0103, 10 [&hellip;]","og_url":"https:\/\/buletin.de\/bucuresti\/weekend-cu-alerta-in-laponia-si-concert-fuego-la-targul-de-craciun-din-piata-constitutiei-programul-integral\/","og_site_name":"Buletin de Bucure\u0219ti","article_publisher":"https:\/\/www.facebook.com\/buletin.de.buc","article_published_time":"2023-12-08T08:58:59+00:00","og_image":[{"width":900,"height":1351,"url":"https:\/\/buletin.de\/bucuresti\/wp-content\/uploads\/targul-de-craciun-bucuresti.jpg","type":"image\/jpeg"}],"author":"Diana Matei","twitter_card":"summary_large_image","twitter_misc":{"Written by":"Diana Matei","Estimated reading time":"2 minutes"},"schema":{"@context":"https:\/\/schema.org","@graph":[{"@type":"Article","@id":"https:\/\/buletin.de\/bucuresti\/weekend-cu-alerta-in-laponia-si-concert-fuego-la-targul-de-craciun-din-piata-constitutiei-programul-integral\/#article","isPartOf":{"@id":"https:\/\/buletin.de\/bucuresti\/weekend-cu-alerta-in-laponia-si-concert-fuego-la-targul-de-craciun-din-piata-constitutiei-programul-integral\/"},"author":{"name":"Diana Matei","@id":"https:\/\/buletin.de\/bucuresti\/#\/schema\/person\/7e46040573290777280a0835d81ea4ea"},"headline":"Weekend cu \u201eAlert\u0103 \u00een Laponia\u201d \u015fi concert Fuego, la T\u00e2rgul de Cr\u0103ciun din Pia\u0163a Constitu\u0163iei. Programul integral","datePublished":"2023-12-08T08:58:59+00:00","mainEntityOfPage":{"@id":"https:\/\/buletin.de\/bucuresti\/weekend-cu-alerta-in-laponia-si-concert-fuego-la-targul-de-craciun-din-piata-constitutiei-programul-integral\/"},"wordCount":398,"publisher":{"@id":"https:\/\/buletin.de\/bucuresti\/#organization"},"image":{"@id":"https:\/\/buletin.de\/bucuresti\/weekend-cu-alerta-in-laponia-si-concert-fuego-la-targul-de-craciun-din-piata-constitutiei-programul-integral\/#primaryimage"},"thumbnailUrl":"https:\/\/buletin.de\/bucuresti\/wp-content\/uploads\/targul-de-craciun-bucuresti.jpg","keywords":["ateliere copii","piata constitutiei","targ de craciun"],"articleSection":["Articole","\u0218tiri"],"inLanguage":"en-GB","copyrightYear":"2023","copyrightHolder":{"@id":"https:\/\/buletin.de\/bucuresti\/#organization"}},{"@type":"WebPage","@id":"https:\/\/buletin.de\/bucuresti\/weekend-cu-alerta-in-laponia-si-concert-fuego-la-targul-de-craciun-din-piata-constitutiei-programul-integral\/","url":"https:\/\/buletin.de\/bucuresti\/weekend-cu-alerta-in-laponia-si-concert-fuego-la-targul-de-craciun-din-piata-constitutiei-programul-integral\/","name":"Weekend cu \u201eAlert\u0103 \u00een Laponia\u201d \u015fi concert Fuego, la T\u00e2rgul de Cr\u0103ciun din Pia\u0163a Constitu\u0163iei. Programul integral - Buletin de Bucure\u0219ti","isPartOf":{"@id":"https:\/\/buletin.de\/bucuresti\/#website"},"primaryImageOfPage":{"@id":"https:\/\/buletin.de\/bucuresti\/weekend-cu-alerta-in-laponia-si-concert-fuego-la-targul-de-craciun-din-piata-constitutiei-programul-integral\/#primaryimage"},"image":{"@id":"https:\/\/buletin.de\/bucuresti\/weekend-cu-alerta-in-laponia-si-concert-fuego-la-targul-de-craciun-din-piata-constitutiei-programul-integral\/#primaryimage"},"thumbnailUrl":"https:\/\/buletin.de\/bucuresti\/wp-content\/uploads\/targul-de-craciun-bucuresti.jpg","datePublished":"2023-12-08T08:58:59+00:00","breadcrumb":{"@id":"https:\/\/buletin.de\/bucuresti\/weekend-cu-alerta-in-laponia-si-concert-fuego-la-targul-de-craciun-din-piata-constitutiei-programul-integral\/#breadcrumb"},"inLanguage":"en-GB","potentialAction":[{"@type":"ReadAction","target":["https:\/\/buletin.de\/bucuresti\/weekend-cu-alerta-in-laponia-si-concert-fuego-la-targul-de-craciun-din-piata-constitutiei-programul-integral\/"]}]},{"@type":"ImageObject","inLanguage":"en-GB","@id":"https:\/\/buletin.de\/bucuresti\/weekend-cu-alerta-in-laponia-si-concert-fuego-la-targul-de-craciun-din-piata-constitutiei-programul-integral\/#primaryimage","url":"https:\/\/buletin.de\/bucuresti\/wp-content\/uploads\/targul-de-craciun-bucuresti.jpg","contentUrl":"https:\/\/buletin.de\/bucuresti\/wp-content\/uploads\/targul-de-craciun-bucuresti.jpg","width":900,"height":1351,"caption":"Foto: Arhiva"},{"@type":"BreadcrumbList","@id":"https:\/\/buletin.de\/bucuresti\/weekend-cu-alerta-in-laponia-si-concert-fuego-la-targul-de-craciun-din-piata-constitutiei-programul-integral\/#breadcrumb","itemListElement":[{"@type":"ListItem","position":1,"name":"Acas\u0103","item":"https:\/\/buletin.de\/bucuresti\/"},{"@type":"ListItem","position":2,"name":"Weekend cu \u201eAlert\u0103 \u00een Laponia\u201d \u015fi concert Fuego, la T\u00e2rgul de Cr\u0103ciun din Pia\u0163a Constitu\u0163iei. Programul integral"}]},{"@type":"WebSite","@id":"https:\/\/buletin.de\/bucuresti\/#website","url":"https:\/\/buletin.de\/bucuresti\/","name":"Buletin de Bucure\u0219ti","description":"\u0218tiri \u0219i investiga\u021bii esen\u021biale din capital\u0103","publisher":{"@id":"https:\/\/buletin.de\/bucuresti\/#organization"},"potentialAction":[{"@type":"SearchAction","target":{"@type":"EntryPoint","urlTemplate":"https:\/\/buletin.de\/bucuresti\/?s={search_term_string}"},"query-input":{"@type":"PropertyValueSpecification","valueRequired":true,"valueName":"search_term_string"}}],"inLanguage":"en-GB"},{"@type":"Organization","@id":"https:\/\/buletin.de\/bucuresti\/#organization","name":"Buletin de Bucure\u0219ti","url":"https:\/\/buletin.de\/bucuresti\/","logo":{"@type":"ImageObject","inLanguage":"en-GB","@id":"https:\/\/buletin.de\/bucuresti\/#\/schema\/logo\/image\/","url":"https:\/\/buletin.de\/bucuresti\/wp-content\/uploads\/logo-bdb-full-wide-vernil-transparent.png","contentUrl":"https:\/\/buletin.de\/bucuresti\/wp-content\/uploads\/logo-bdb-full-wide-vernil-transparent.png","width":1782,"height":626,"caption":"Buletin de Bucure\u0219ti"},"image":{"@id":"https:\/\/buletin.de\/bucuresti\/#\/schema\/logo\/image\/"},"sameAs":["https:\/\/www.facebook.com\/buletin.de.buc","https:\/\/www.instagram.com\/buletinde.bucuresti\/"]},{"@type":"Person","@id":"https:\/\/buletin.de\/bucuresti\/#\/schema\/person\/7e46040573290777280a0835d81ea4ea","name":"Diana Matei","image":{"@type":"ImageObject","inLanguage":"en-GB","@id":"https:\/\/buletin.de\/bucuresti\/wp-content\/uploads\/9-2-96x96.jpg1e8590b30871d70e62ebcdaf2eff570c","url":"https:\/\/buletin.de\/bucuresti\/wp-content\/uploads\/9-2-96x96.jpg","contentUrl":"https:\/\/buletin.de\/bucuresti\/wp-content\/uploads\/9-2-96x96.jpg","caption":"Diana Matei"},"url":"https:\/\/buletin.de\/bucuresti\/author\/dianamatei\/"}]}},"authors":[{"term_id":22574,"user_id":49,"is_guest":0,"slug":"dianamatei","display_name":"Diana Matei","avatar_url":"https:\/\/buletin.de\/bucuresti\/wp-content\/uploads\/9-2-96x96.jpg","0":null,"1":"","2":"","3":"","4":"","5":"","6":"","7":"","8":""}],"_links":{"self":[{"href":"https:\/\/buletin.de\/bucuresti\/wp-json\/wp\/v2\/posts\/71591","targetHints":{"allow":["GET"]}}],"collection":[{"href":"https:\/\/buletin.de\/bucuresti\/wp-json\/wp\/v2\/posts"}],"about":[{"href":"https:\/\/buletin.de\/bucuresti\/wp-json\/wp\/v2\/types\/post"}],"author":[{"embeddable":true,"href":"https:\/\/buletin.de\/bucuresti\/wp-json\/wp\/v2\/users\/49"}],"replies":[{"embeddable":true,"href":"https:\/\/buletin.de\/bucuresti\/wp-json\/wp\/v2\/comments?post=71591"}],"version-history":[{"count":4,"href":"https:\/\/buletin.de\/bucuresti\/wp-json\/wp\/v2\/posts\/71591\/revisions"}],"predecessor-version":[{"id":71608,"href":"https:\/\/buletin.de\/bucuresti\/wp-json\/wp\/v2\/posts\/71591\/revisions\/71608"}],"wp:featuredmedia":[{"embeddable":true,"href":"https:\/\/buletin.de\/bucuresti\/wp-json\/wp\/v2\/media\/35596"}],"wp:attachment":[{"href":"https:\/\/buletin.de\/bucuresti\/wp-json\/wp\/v2\/media?parent=71591"}],"wp:term":[{"taxonomy":"category","embeddable":true,"href":"https:\/\/buletin.de\/bucuresti\/wp-json\/wp\/v2\/categories?post=71591"},{"taxonomy":"post_tag","embeddable":true,"href":"https:\/\/buletin.de\/bucuresti\/wp-json\/wp\/v2\/tags?post=71591"},{"taxonomy":"author","embeddable":true,"href":"https:\/\/buletin.de\/bucuresti\/wp-json\/wp\/v2\/ppma_author?post=71591"}],"curies":[{"name":"wp","href":"https:\/\/api.w.org\/{rel}","templated":true}]}}