{"id":71535,"date":"2023-12-09T06:00:00","date_gmt":"2023-12-09T04:00:00","guid":{"rendered":"https:\/\/buletin.de\/bucuresti\/?p=71535"},"modified":"2023-12-08T17:14:04","modified_gmt":"2023-12-08T15:14:04","slug":"linia-282-va-functiona-temporar-pe-un-traseu-modificat","status":"publish","type":"post","link":"https:\/\/buletin.de\/bucuresti\/linia-282-va-functiona-temporar-pe-un-traseu-modificat\/","title":{"rendered":"Linia 282 va func\u021biona, temporar, pe un traseu modificat"},"content":{"rendered":"\n<p><strong>Linia 282 va func\u021biona temporar pe un traseu modificat, duminic\u0103, pe 10 decembrie, anun\u021b\u0103 STB.<\/strong><\/p>\n\n\n\n<p>M\u0103sura a fost luat\u0103 cu ocazia organiz\u0103rii evenimentului dedicat Zilei Interna\u021bionale a Drepturilor Omului. Manifestarea are loc duminic\u0103, \u00eentre orele 11:30 \u2013 14:00, iar circula\u021bia rutier\u0103 va fi restric\u021bionat\u0103 pe Str. Mr. Vasile B\u0103cil\u0103, pe tronsonul cuprins \u00eentre Str. R\u0103scoala 1907 \u015fi Str. Radovanu.<\/p>\n\n\n\n<p>\u00cen acest context, autobuzele liniei 282 vor circula temporar pe traseu modificat, de la intersec\u0163ia \u015eos. Colentina\/Str. Mr. Vasile B\u0103cil\u0103, pe \u015eos. Colentina, \u015eos. Fundeni, p\u00e2n\u0103 la \u201eInstitutul Oncologic\u201d.<\/p>\n\n\n\n<p>Ziua Drepturilor Omului, este s\u0103rb\u0103torit\u0103 pe 10 decembrie si marcheaz\u0103 aniversarea adopt\u0103rii Declara\u021biei Universale a Drepturilor Omului, \u00een 1948. Instituirea oficial\u0103 a Zilei Drepturilor Omului a avut loc \u00een Adunarea General\u0103 a ONU, din 4 decembrie 1950.<\/p>\n","protected":false},"excerpt":{"rendered":"<p>Linia 282 va func\u021biona temporar pe un traseu modificat, duminic\u0103, pe 10 decembrie, anun\u021b\u0103 STB. M\u0103sura a fost luat\u0103 cu ocazia organiz\u0103rii evenimentului dedicat Zilei Interna\u021bionale a Drepturilor Omului. Manifestarea are loc duminic\u0103, \u00eentre orele 11:30 \u2013 14:00, iar circula\u021bia rutier\u0103 va fi restric\u021bionat\u0103 pe Str. Mr. Vasile B\u0103cil\u0103, pe tronsonul cuprins \u00eentre Str. R\u0103scoala [&hellip;]<\/p>\n","protected":false},"author":49,"featured_media":71543,"comment_status":"closed","ping_status":"open","sticky":false,"template":"","format":"standard","meta":{"_acf_changed":false,"inline_featured_image":false,"ngg_post_thumbnail":0,"footnotes":""},"categories":[6994,62,650],"tags":[8330,8333,8332,402,8331],"ppma_author":[22574],"class_list":["post-71535","post","type-post","status-publish","format-standard","has-post-thumbnail","hentry","category-stiri-2","category-stiri","category-transport","tag-linia-282","tag-sos-colentina","tag-sos-fundeni","tag-stb","tag-ziua-internationala-a-drepturilor-omunlui"],"acf":[],"yoast_head":"<!-- This site is optimized with the Yoast SEO Premium plugin v25.3 (Yoast SEO v27.4) - https:\/\/yoast.com\/product\/yoast-seo-premium-wordpress\/ -->\n<title>Linia 282 va func\u021biona, temporar, pe un traseu modificat - Buletin de Bucure\u0219ti<\/title>\n<meta name=\"robots\" content=\"index, follow, max-snippet:-1, max-image-preview:large, max-video-preview:-1\" \/>\n<link rel=\"canonical\" href=\"https:\/\/buletin.de\/bucuresti\/linia-282-va-functiona-temporar-pe-un-traseu-modificat\/\" \/>\n<meta property=\"og:locale\" content=\"en_GB\" \/>\n<meta property=\"og:type\" content=\"article\" \/>\n<meta property=\"og:title\" content=\"Linia 282 va func\u021biona, temporar, pe un traseu modificat\" \/>\n<meta property=\"og:description\" content=\"Linia 282 va func\u021biona temporar pe un traseu modificat, duminic\u0103, pe 10 decembrie, anun\u021b\u0103 STB. M\u0103sura a fost luat\u0103 cu ocazia organiz\u0103rii evenimentului dedicat Zilei Interna\u021bionale a Drepturilor Omului. Manifestarea are loc duminic\u0103, \u00eentre orele 11:30 \u2013 14:00, iar circula\u021bia rutier\u0103 va fi restric\u021bionat\u0103 pe Str. Mr. Vasile B\u0103cil\u0103, pe tronsonul cuprins \u00eentre Str. R\u0103scoala [&hellip;]\" \/>\n<meta property=\"og:url\" content=\"https:\/\/buletin.de\/bucuresti\/linia-282-va-functiona-temporar-pe-un-traseu-modificat\/\" \/>\n<meta property=\"og:site_name\" content=\"Buletin de Bucure\u0219ti\" \/>\n<meta property=\"article:publisher\" content=\"https:\/\/www.facebook.com\/buletin.de.buc\" \/>\n<meta property=\"article:published_time\" content=\"2023-12-09T04:00:00+00:00\" \/>\n<meta property=\"og:image\" content=\"https:\/\/buletin.de\/bucuresti\/wp-content\/uploads\/linia-282.jpeg\" \/>\n\t<meta property=\"og:image:width\" content=\"2048\" \/>\n\t<meta property=\"og:image:height\" content=\"1166\" \/>\n\t<meta property=\"og:image:type\" content=\"image\/jpeg\" \/>\n<meta name=\"author\" content=\"Diana Matei\" \/>\n<meta name=\"twitter:card\" content=\"summary_large_image\" \/>\n<meta name=\"twitter:label1\" content=\"Written by\" \/>\n\t<meta name=\"twitter:data1\" content=\"Diana Matei\" \/>\n\t<meta name=\"twitter:label2\" content=\"Estimated reading time\" \/>\n\t<meta name=\"twitter:data2\" content=\"1 minute\" \/>\n<script type=\"application\/ld+json\" class=\"yoast-schema-graph\">{\"@context\":\"https:\\\/\\\/schema.org\",\"@graph\":[{\"@type\":\"Article\",\"@id\":\"https:\\\/\\\/buletin.de\\\/bucuresti\\\/linia-282-va-functiona-temporar-pe-un-traseu-modificat\\\/#article\",\"isPartOf\":{\"@id\":\"https:\\\/\\\/buletin.de\\\/bucuresti\\\/linia-282-va-functiona-temporar-pe-un-traseu-modificat\\\/\"},\"author\":{\"name\":\"Diana Matei\",\"@id\":\"https:\\\/\\\/buletin.de\\\/bucuresti\\\/#\\\/schema\\\/person\\\/7e46040573290777280a0835d81ea4ea\"},\"headline\":\"Linia 282 va func\u021biona, temporar, pe un traseu modificat\",\"datePublished\":\"2023-12-09T04:00:00+00:00\",\"mainEntityOfPage\":{\"@id\":\"https:\\\/\\\/buletin.de\\\/bucuresti\\\/linia-282-va-functiona-temporar-pe-un-traseu-modificat\\\/\"},\"wordCount\":139,\"publisher\":{\"@id\":\"https:\\\/\\\/buletin.de\\\/bucuresti\\\/#organization\"},\"image\":{\"@id\":\"https:\\\/\\\/buletin.de\\\/bucuresti\\\/linia-282-va-functiona-temporar-pe-un-traseu-modificat\\\/#primaryimage\"},\"thumbnailUrl\":\"https:\\\/\\\/buletin.de\\\/bucuresti\\\/wp-content\\\/uploads\\\/linia-282.jpeg\",\"keywords\":[\"Linia 282\",\"Sos. Colentina\",\"Sos. Fundeni\",\"stb\",\"Ziua Internationala a Drepturilor Omunlui\"],\"articleSection\":[\"Articole\",\"\u0218tiri\",\"Transport\"],\"inLanguage\":\"en-GB\",\"copyrightYear\":\"2023\",\"copyrightHolder\":{\"@id\":\"https:\\\/\\\/buletin.de\\\/bucuresti\\\/#organization\"}},{\"@type\":\"WebPage\",\"@id\":\"https:\\\/\\\/buletin.de\\\/bucuresti\\\/linia-282-va-functiona-temporar-pe-un-traseu-modificat\\\/\",\"url\":\"https:\\\/\\\/buletin.de\\\/bucuresti\\\/linia-282-va-functiona-temporar-pe-un-traseu-modificat\\\/\",\"name\":\"Linia 282 va func\u021biona, temporar, pe un traseu modificat - Buletin de Bucure\u0219ti\",\"isPartOf\":{\"@id\":\"https:\\\/\\\/buletin.de\\\/bucuresti\\\/#website\"},\"primaryImageOfPage\":{\"@id\":\"https:\\\/\\\/buletin.de\\\/bucuresti\\\/linia-282-va-functiona-temporar-pe-un-traseu-modificat\\\/#primaryimage\"},\"image\":{\"@id\":\"https:\\\/\\\/buletin.de\\\/bucuresti\\\/linia-282-va-functiona-temporar-pe-un-traseu-modificat\\\/#primaryimage\"},\"thumbnailUrl\":\"https:\\\/\\\/buletin.de\\\/bucuresti\\\/wp-content\\\/uploads\\\/linia-282.jpeg\",\"datePublished\":\"2023-12-09T04:00:00+00:00\",\"breadcrumb\":{\"@id\":\"https:\\\/\\\/buletin.de\\\/bucuresti\\\/linia-282-va-functiona-temporar-pe-un-traseu-modificat\\\/#breadcrumb\"},\"inLanguage\":\"en-GB\",\"potentialAction\":[{\"@type\":\"ReadAction\",\"target\":[\"https:\\\/\\\/buletin.de\\\/bucuresti\\\/linia-282-va-functiona-temporar-pe-un-traseu-modificat\\\/\"]}]},{\"@type\":\"ImageObject\",\"inLanguage\":\"en-GB\",\"@id\":\"https:\\\/\\\/buletin.de\\\/bucuresti\\\/linia-282-va-functiona-temporar-pe-un-traseu-modificat\\\/#primaryimage\",\"url\":\"https:\\\/\\\/buletin.de\\\/bucuresti\\\/wp-content\\\/uploads\\\/linia-282.jpeg\",\"contentUrl\":\"https:\\\/\\\/buletin.de\\\/bucuresti\\\/wp-content\\\/uploads\\\/linia-282.jpeg\",\"width\":2048,\"height\":1166,\"caption\":\"Linia 282 va fi deviat\u0103 mar\u021bi, 10 decembrie. Foto: STB\"},{\"@type\":\"BreadcrumbList\",\"@id\":\"https:\\\/\\\/buletin.de\\\/bucuresti\\\/linia-282-va-functiona-temporar-pe-un-traseu-modificat\\\/#breadcrumb\",\"itemListElement\":[{\"@type\":\"ListItem\",\"position\":1,\"name\":\"Acas\u0103\",\"item\":\"https:\\\/\\\/buletin.de\\\/bucuresti\\\/\"},{\"@type\":\"ListItem\",\"position\":2,\"name\":\"Linia 282 va func\u021biona, temporar, pe un traseu modificat\"}]},{\"@type\":\"WebSite\",\"@id\":\"https:\\\/\\\/buletin.de\\\/bucuresti\\\/#website\",\"url\":\"https:\\\/\\\/buletin.de\\\/bucuresti\\\/\",\"name\":\"Buletin de Bucure\u0219ti\",\"description\":\"\u0218tiri \u0219i investiga\u021bii esen\u021biale din capital\u0103\",\"publisher\":{\"@id\":\"https:\\\/\\\/buletin.de\\\/bucuresti\\\/#organization\"},\"potentialAction\":[{\"@type\":\"SearchAction\",\"target\":{\"@type\":\"EntryPoint\",\"urlTemplate\":\"https:\\\/\\\/buletin.de\\\/bucuresti\\\/?s={search_term_string}\"},\"query-input\":{\"@type\":\"PropertyValueSpecification\",\"valueRequired\":true,\"valueName\":\"search_term_string\"}}],\"inLanguage\":\"en-GB\"},{\"@type\":\"Organization\",\"@id\":\"https:\\\/\\\/buletin.de\\\/bucuresti\\\/#organization\",\"name\":\"Buletin de Bucure\u0219ti\",\"url\":\"https:\\\/\\\/buletin.de\\\/bucuresti\\\/\",\"logo\":{\"@type\":\"ImageObject\",\"inLanguage\":\"en-GB\",\"@id\":\"https:\\\/\\\/buletin.de\\\/bucuresti\\\/#\\\/schema\\\/logo\\\/image\\\/\",\"url\":\"https:\\\/\\\/buletin.de\\\/bucuresti\\\/wp-content\\\/uploads\\\/logo-bdb-full-wide-vernil-transparent.png\",\"contentUrl\":\"https:\\\/\\\/buletin.de\\\/bucuresti\\\/wp-content\\\/uploads\\\/logo-bdb-full-wide-vernil-transparent.png\",\"width\":1782,\"height\":626,\"caption\":\"Buletin de Bucure\u0219ti\"},\"image\":{\"@id\":\"https:\\\/\\\/buletin.de\\\/bucuresti\\\/#\\\/schema\\\/logo\\\/image\\\/\"},\"sameAs\":[\"https:\\\/\\\/www.facebook.com\\\/buletin.de.buc\",\"https:\\\/\\\/www.instagram.com\\\/buletinde.bucuresti\\\/\"]},{\"@type\":\"Person\",\"@id\":\"https:\\\/\\\/buletin.de\\\/bucuresti\\\/#\\\/schema\\\/person\\\/7e46040573290777280a0835d81ea4ea\",\"name\":\"Diana Matei\",\"image\":{\"@type\":\"ImageObject\",\"inLanguage\":\"en-GB\",\"@id\":\"https:\\\/\\\/buletin.de\\\/bucuresti\\\/wp-content\\\/uploads\\\/9-2-96x96.jpg1e8590b30871d70e62ebcdaf2eff570c\",\"url\":\"https:\\\/\\\/buletin.de\\\/bucuresti\\\/wp-content\\\/uploads\\\/9-2-96x96.jpg\",\"contentUrl\":\"https:\\\/\\\/buletin.de\\\/bucuresti\\\/wp-content\\\/uploads\\\/9-2-96x96.jpg\",\"caption\":\"Diana Matei\"},\"url\":\"https:\\\/\\\/buletin.de\\\/bucuresti\\\/author\\\/dianamatei\\\/\"}]}<\/script>\n<!-- \/ Yoast SEO Premium plugin. -->","yoast_head_json":{"title":"Linia 282 va func\u021biona, temporar, pe un traseu modificat - Buletin de Bucure\u0219ti","robots":{"index":"index","follow":"follow","max-snippet":"max-snippet:-1","max-image-preview":"max-image-preview:large","max-video-preview":"max-video-preview:-1"},"canonical":"https:\/\/buletin.de\/bucuresti\/linia-282-va-functiona-temporar-pe-un-traseu-modificat\/","og_locale":"en_GB","og_type":"article","og_title":"Linia 282 va func\u021biona, temporar, pe un traseu modificat","og_description":"Linia 282 va func\u021biona temporar pe un traseu modificat, duminic\u0103, pe 10 decembrie, anun\u021b\u0103 STB. M\u0103sura a fost luat\u0103 cu ocazia organiz\u0103rii evenimentului dedicat Zilei Interna\u021bionale a Drepturilor Omului. Manifestarea are loc duminic\u0103, \u00eentre orele 11:30 \u2013 14:00, iar circula\u021bia rutier\u0103 va fi restric\u021bionat\u0103 pe Str. Mr. Vasile B\u0103cil\u0103, pe tronsonul cuprins \u00eentre Str. R\u0103scoala [&hellip;]","og_url":"https:\/\/buletin.de\/bucuresti\/linia-282-va-functiona-temporar-pe-un-traseu-modificat\/","og_site_name":"Buletin de Bucure\u0219ti","article_publisher":"https:\/\/www.facebook.com\/buletin.de.buc","article_published_time":"2023-12-09T04:00:00+00:00","og_image":[{"width":2048,"height":1166,"url":"https:\/\/buletin.de\/bucuresti\/wp-content\/uploads\/linia-282.jpeg","type":"image\/jpeg"}],"author":"Diana Matei","twitter_card":"summary_large_image","twitter_misc":{"Written by":"Diana Matei","Estimated reading time":"1 minute"},"schema":{"@context":"https:\/\/schema.org","@graph":[{"@type":"Article","@id":"https:\/\/buletin.de\/bucuresti\/linia-282-va-functiona-temporar-pe-un-traseu-modificat\/#article","isPartOf":{"@id":"https:\/\/buletin.de\/bucuresti\/linia-282-va-functiona-temporar-pe-un-traseu-modificat\/"},"author":{"name":"Diana Matei","@id":"https:\/\/buletin.de\/bucuresti\/#\/schema\/person\/7e46040573290777280a0835d81ea4ea"},"headline":"Linia 282 va func\u021biona, temporar, pe un traseu modificat","datePublished":"2023-12-09T04:00:00+00:00","mainEntityOfPage":{"@id":"https:\/\/buletin.de\/bucuresti\/linia-282-va-functiona-temporar-pe-un-traseu-modificat\/"},"wordCount":139,"publisher":{"@id":"https:\/\/buletin.de\/bucuresti\/#organization"},"image":{"@id":"https:\/\/buletin.de\/bucuresti\/linia-282-va-functiona-temporar-pe-un-traseu-modificat\/#primaryimage"},"thumbnailUrl":"https:\/\/buletin.de\/bucuresti\/wp-content\/uploads\/linia-282.jpeg","keywords":["Linia 282","Sos. Colentina","Sos. Fundeni","stb","Ziua Internationala a Drepturilor Omunlui"],"articleSection":["Articole","\u0218tiri","Transport"],"inLanguage":"en-GB","copyrightYear":"2023","copyrightHolder":{"@id":"https:\/\/buletin.de\/bucuresti\/#organization"}},{"@type":"WebPage","@id":"https:\/\/buletin.de\/bucuresti\/linia-282-va-functiona-temporar-pe-un-traseu-modificat\/","url":"https:\/\/buletin.de\/bucuresti\/linia-282-va-functiona-temporar-pe-un-traseu-modificat\/","name":"Linia 282 va func\u021biona, temporar, pe un traseu modificat - Buletin de Bucure\u0219ti","isPartOf":{"@id":"https:\/\/buletin.de\/bucuresti\/#website"},"primaryImageOfPage":{"@id":"https:\/\/buletin.de\/bucuresti\/linia-282-va-functiona-temporar-pe-un-traseu-modificat\/#primaryimage"},"image":{"@id":"https:\/\/buletin.de\/bucuresti\/linia-282-va-functiona-temporar-pe-un-traseu-modificat\/#primaryimage"},"thumbnailUrl":"https:\/\/buletin.de\/bucuresti\/wp-content\/uploads\/linia-282.jpeg","datePublished":"2023-12-09T04:00:00+00:00","breadcrumb":{"@id":"https:\/\/buletin.de\/bucuresti\/linia-282-va-functiona-temporar-pe-un-traseu-modificat\/#breadcrumb"},"inLanguage":"en-GB","potentialAction":[{"@type":"ReadAction","target":["https:\/\/buletin.de\/bucuresti\/linia-282-va-functiona-temporar-pe-un-traseu-modificat\/"]}]},{"@type":"ImageObject","inLanguage":"en-GB","@id":"https:\/\/buletin.de\/bucuresti\/linia-282-va-functiona-temporar-pe-un-traseu-modificat\/#primaryimage","url":"https:\/\/buletin.de\/bucuresti\/wp-content\/uploads\/linia-282.jpeg","contentUrl":"https:\/\/buletin.de\/bucuresti\/wp-content\/uploads\/linia-282.jpeg","width":2048,"height":1166,"caption":"Linia 282 va fi deviat\u0103 mar\u021bi, 10 decembrie. Foto: STB"},{"@type":"BreadcrumbList","@id":"https:\/\/buletin.de\/bucuresti\/linia-282-va-functiona-temporar-pe-un-traseu-modificat\/#breadcrumb","itemListElement":[{"@type":"ListItem","position":1,"name":"Acas\u0103","item":"https:\/\/buletin.de\/bucuresti\/"},{"@type":"ListItem","position":2,"name":"Linia 282 va func\u021biona, temporar, pe un traseu modificat"}]},{"@type":"WebSite","@id":"https:\/\/buletin.de\/bucuresti\/#website","url":"https:\/\/buletin.de\/bucuresti\/","name":"Buletin de Bucure\u0219ti","description":"\u0218tiri \u0219i investiga\u021bii esen\u021biale din capital\u0103","publisher":{"@id":"https:\/\/buletin.de\/bucuresti\/#organization"},"potentialAction":[{"@type":"SearchAction","target":{"@type":"EntryPoint","urlTemplate":"https:\/\/buletin.de\/bucuresti\/?s={search_term_string}"},"query-input":{"@type":"PropertyValueSpecification","valueRequired":true,"valueName":"search_term_string"}}],"inLanguage":"en-GB"},{"@type":"Organization","@id":"https:\/\/buletin.de\/bucuresti\/#organization","name":"Buletin de Bucure\u0219ti","url":"https:\/\/buletin.de\/bucuresti\/","logo":{"@type":"ImageObject","inLanguage":"en-GB","@id":"https:\/\/buletin.de\/bucuresti\/#\/schema\/logo\/image\/","url":"https:\/\/buletin.de\/bucuresti\/wp-content\/uploads\/logo-bdb-full-wide-vernil-transparent.png","contentUrl":"https:\/\/buletin.de\/bucuresti\/wp-content\/uploads\/logo-bdb-full-wide-vernil-transparent.png","width":1782,"height":626,"caption":"Buletin de Bucure\u0219ti"},"image":{"@id":"https:\/\/buletin.de\/bucuresti\/#\/schema\/logo\/image\/"},"sameAs":["https:\/\/www.facebook.com\/buletin.de.buc","https:\/\/www.instagram.com\/buletinde.bucuresti\/"]},{"@type":"Person","@id":"https:\/\/buletin.de\/bucuresti\/#\/schema\/person\/7e46040573290777280a0835d81ea4ea","name":"Diana Matei","image":{"@type":"ImageObject","inLanguage":"en-GB","@id":"https:\/\/buletin.de\/bucuresti\/wp-content\/uploads\/9-2-96x96.jpg1e8590b30871d70e62ebcdaf2eff570c","url":"https:\/\/buletin.de\/bucuresti\/wp-content\/uploads\/9-2-96x96.jpg","contentUrl":"https:\/\/buletin.de\/bucuresti\/wp-content\/uploads\/9-2-96x96.jpg","caption":"Diana Matei"},"url":"https:\/\/buletin.de\/bucuresti\/author\/dianamatei\/"}]}},"authors":[{"term_id":22574,"user_id":49,"is_guest":0,"slug":"dianamatei","display_name":"Diana Matei","avatar_url":"https:\/\/buletin.de\/bucuresti\/wp-content\/uploads\/9-2-96x96.jpg","0":null,"1":"","2":"","3":"","4":"","5":"","6":"","7":"","8":""}],"_links":{"self":[{"href":"https:\/\/buletin.de\/bucuresti\/wp-json\/wp\/v2\/posts\/71535","targetHints":{"allow":["GET"]}}],"collection":[{"href":"https:\/\/buletin.de\/bucuresti\/wp-json\/wp\/v2\/posts"}],"about":[{"href":"https:\/\/buletin.de\/bucuresti\/wp-json\/wp\/v2\/types\/post"}],"author":[{"embeddable":true,"href":"https:\/\/buletin.de\/bucuresti\/wp-json\/wp\/v2\/users\/49"}],"replies":[{"embeddable":true,"href":"https:\/\/buletin.de\/bucuresti\/wp-json\/wp\/v2\/comments?post=71535"}],"version-history":[{"count":4,"href":"https:\/\/buletin.de\/bucuresti\/wp-json\/wp\/v2\/posts\/71535\/revisions"}],"predecessor-version":[{"id":71718,"href":"https:\/\/buletin.de\/bucuresti\/wp-json\/wp\/v2\/posts\/71535\/revisions\/71718"}],"wp:featuredmedia":[{"embeddable":true,"href":"https:\/\/buletin.de\/bucuresti\/wp-json\/wp\/v2\/media\/71543"}],"wp:attachment":[{"href":"https:\/\/buletin.de\/bucuresti\/wp-json\/wp\/v2\/media?parent=71535"}],"wp:term":[{"taxonomy":"category","embeddable":true,"href":"https:\/\/buletin.de\/bucuresti\/wp-json\/wp\/v2\/categories?post=71535"},{"taxonomy":"post_tag","embeddable":true,"href":"https:\/\/buletin.de\/bucuresti\/wp-json\/wp\/v2\/tags?post=71535"},{"taxonomy":"author","embeddable":true,"href":"https:\/\/buletin.de\/bucuresti\/wp-json\/wp\/v2\/ppma_author?post=71535"}],"curies":[{"name":"wp","href":"https:\/\/api.w.org\/{rel}","templated":true}]}}