{"id":71448,"date":"2023-12-06T20:10:37","date_gmt":"2023-12-06T18:10:37","guid":{"rendered":"https:\/\/buletin.de\/bucuresti\/?p=71448"},"modified":"2023-12-06T20:10:37","modified_gmt":"2023-12-06T18:10:37","slug":"fostul-director-al-assmb-a-fost-trimis-in-judecata-de-dna","status":"publish","type":"post","link":"https:\/\/buletin.de\/bucuresti\/fostul-director-al-assmb-a-fost-trimis-in-judecata-de-dna\/","title":{"rendered":"Fostul director al ASSMB a fost trimis \u00een judecat\u0103 de DNA"},"content":{"rendered":"\n<p><strong>\u00cen acela\u0219i dosar, merg \u00een instan\u021ba \u0219i alte persoane acuzate de fapte de corup\u021bie.<\/strong><\/p>\n\n\n\n<p>Procurorii DNA \u00eel acuz\u0103 pe Cristian Plut\u0103 de luare de mit\u0103, trei fapte \u0219i permiterea accesului unor persoane neautorizate la informa\u021bii nedestinate publicit\u0103\u021bii, \u00een scopul ob\u021binerii pentru sine sau pentru altul de bani, bunuri ori alte foloase necuvenite.<\/p>\n\n\n\n<p>\u00cen acela\u0219i dosar este inculpat\u0103 \u0219i o alt\u0103 persoan\u0103, pentru instigare la luare de mit\u0103, dare de mit\u0103, complicitate la luare de mit\u0103, complicitate la permiterea accesului la informa\u021bii nedestinate publicit\u0103\u021bii, \u00een scopul ob\u021binerii, pentru sine sau pentru altul, de bani, bunuri ori alte foloase necuvenite.<\/p>\n\n\n\n<p>Tot \u00een acest dosar \u0219i Cristian Ion, consilier al fostului director a fost trimis \u00een judecat\u0103, sub control judiciar, pentru complicitate la luare de mit\u0103 \u0219i pentru s\u0103v\u00e2r\u0219irea infrac\u021biunii de complicitate la permiterea accesului la informa\u021bii nedestinate publicit\u0103\u021bii.<\/p>\n\n\n\n<p>George Mirel Cristescu, fost manager al Spitalului Clinic Colentina din Bucure\u0219ti, acuzat de dare de mit\u0103, \u0219i-a recunoscut vina \u0219i a \u00eencheiat un acord cu procurorii DNA. Pedeapsa a fost 3 ani \u00eenchisoare, cu suspendarea execut\u0103rii pedepsei pe durata unui termen de supraveghere de 3 ani \u0219i 6 luni.<\/p>\n\n\n\n<p>Ancheta procurorilor arat\u0103 c\u0103, pe 19 iunie 2023, Cristian Plut\u0103 ar fi primit de la Cristescu George Mirel suma de 20.000 euro pentru sprijinul acordat acestuia din urm\u0103 s\u0103 ocupe func\u021bia de manager al Spitalului Clinic Colentina din Bucure\u0219ti. Anterior, Cristian Plut\u0103 ar fi formulat c\u0103tre Prim\u0103ria Municipiului Bucure\u0219ti o propunere care a stat la baza numirii inculpatului Cristescu George Mirel \u00een func\u021bia respectiv\u0103. <\/p>\n\n\n\n<p>\u00cen perioada 28 august \u2013 03 septembrie 2023, inculpatul Plut\u0103 Cristian ar fi primit, prin intermediul aceleia\u0219i persoane fizice, de la omul de afaceri, cercetat \u00een prezenta cauz\u0103, suma de 306.439 lei, care nu i s-ar fi cuvenit, ce reprezenta un procent de 5% din valoarea facturilor pl\u0103tite de A.S.S.M.B. <\/p>\n\n\n\n<p>Asta, \u00een contextul derul\u0103rii unui acord cadru ce viza execu\u021bia unor lucr\u0103ri de repara\u021bii, reabilit\u0103\u021bi \u0219i moderniz\u0103ri la unit\u0103\u021bile sanitare \u0219i imobilele aflate \u00een administrarea Administra\u021biei Spitalelor si Serviciilor Medicale Bucure\u0219ti. acuza\u021biile, \u00een conformitate cu prevederile art. 309 Cod de procedur\u0103 penal\u0103.<\/p>\n\n\n\n<p>\u00cen septembrie 2023, cei patru inculpa\u021bi au fost arestati preventiv, pentru 30 de zile.<\/p>\n","protected":false},"excerpt":{"rendered":"<p>\u00cen acela\u0219i dosar, merg \u00een instan\u021ba \u0219i alte persoane acuzate de fapte de corup\u021bie. Procurorii DNA \u00eel acuz\u0103 pe Cristian Plut\u0103 de luare de mit\u0103, trei fapte \u0219i permiterea accesului unor persoane neautorizate la informa\u021bii nedestinate publicit\u0103\u021bii, \u00een scopul ob\u021binerii pentru sine sau pentru altul de bani, bunuri ori alte foloase necuvenite. \u00cen acela\u0219i dosar [&hellip;]<\/p>\n","protected":false},"author":49,"featured_media":71452,"comment_status":"closed","ping_status":"open","sticky":false,"template":"","format":"standard","meta":{"_acf_changed":false,"inline_featured_image":false,"ngg_post_thumbnail":0,"footnotes":""},"categories":[6994,62],"tags":[474,7981,875],"ppma_author":[22574],"class_list":["post-71448","post","type-post","status-publish","format-standard","has-post-thumbnail","hentry","category-stiri-2","category-stiri","tag-assmb","tag-cristian-pluta","tag-dna"],"acf":[],"yoast_head":"<!-- This site is optimized with the Yoast SEO Premium plugin v25.3 (Yoast SEO v27.4) - https:\/\/yoast.com\/product\/yoast-seo-premium-wordpress\/ -->\n<title>Fostul director al ASSMB a fost trimis \u00een judecat\u0103 de DNA - Buletin de Bucure\u0219ti<\/title>\n<meta name=\"robots\" content=\"index, follow, max-snippet:-1, max-image-preview:large, max-video-preview:-1\" \/>\n<link rel=\"canonical\" href=\"https:\/\/buletin.de\/bucuresti\/fostul-director-al-assmb-a-fost-trimis-in-judecata-de-dna\/\" \/>\n<meta property=\"og:locale\" content=\"en_GB\" \/>\n<meta property=\"og:type\" content=\"article\" \/>\n<meta property=\"og:title\" content=\"Fostul director al ASSMB a fost trimis \u00een judecat\u0103 de DNA\" \/>\n<meta property=\"og:description\" content=\"\u00cen acela\u0219i dosar, merg \u00een instan\u021ba \u0219i alte persoane acuzate de fapte de corup\u021bie. Procurorii DNA \u00eel acuz\u0103 pe Cristian Plut\u0103 de luare de mit\u0103, trei fapte \u0219i permiterea accesului unor persoane neautorizate la informa\u021bii nedestinate publicit\u0103\u021bii, \u00een scopul ob\u021binerii pentru sine sau pentru altul de bani, bunuri ori alte foloase necuvenite. \u00cen acela\u0219i dosar [&hellip;]\" \/>\n<meta property=\"og:url\" content=\"https:\/\/buletin.de\/bucuresti\/fostul-director-al-assmb-a-fost-trimis-in-judecata-de-dna\/\" \/>\n<meta property=\"og:site_name\" content=\"Buletin de Bucure\u0219ti\" \/>\n<meta property=\"article:publisher\" content=\"https:\/\/www.facebook.com\/buletin.de.buc\" \/>\n<meta property=\"article:published_time\" content=\"2023-12-06T18:10:37+00:00\" \/>\n<meta property=\"og:image\" content=\"https:\/\/buletin.de\/bucuresti\/wp-content\/uploads\/Mita.jpeg\" \/>\n\t<meta property=\"og:image:width\" content=\"1600\" \/>\n\t<meta property=\"og:image:height\" content=\"1066\" \/>\n\t<meta property=\"og:image:type\" content=\"image\/jpeg\" \/>\n<meta name=\"author\" content=\"Diana Matei\" \/>\n<meta name=\"twitter:card\" content=\"summary_large_image\" \/>\n<meta name=\"twitter:label1\" content=\"Written by\" \/>\n\t<meta name=\"twitter:data1\" content=\"Diana Matei\" \/>\n\t<meta name=\"twitter:label2\" content=\"Estimated reading time\" \/>\n\t<meta name=\"twitter:data2\" content=\"2 minutes\" \/>\n<script type=\"application\/ld+json\" class=\"yoast-schema-graph\">{\"@context\":\"https:\\\/\\\/schema.org\",\"@graph\":[{\"@type\":\"Article\",\"@id\":\"https:\\\/\\\/buletin.de\\\/bucuresti\\\/fostul-director-al-assmb-a-fost-trimis-in-judecata-de-dna\\\/#article\",\"isPartOf\":{\"@id\":\"https:\\\/\\\/buletin.de\\\/bucuresti\\\/fostul-director-al-assmb-a-fost-trimis-in-judecata-de-dna\\\/\"},\"author\":{\"name\":\"Diana Matei\",\"@id\":\"https:\\\/\\\/buletin.de\\\/bucuresti\\\/#\\\/schema\\\/person\\\/7e46040573290777280a0835d81ea4ea\"},\"headline\":\"Fostul director al ASSMB a fost trimis \u00een judecat\u0103 de DNA\",\"datePublished\":\"2023-12-06T18:10:37+00:00\",\"mainEntityOfPage\":{\"@id\":\"https:\\\/\\\/buletin.de\\\/bucuresti\\\/fostul-director-al-assmb-a-fost-trimis-in-judecata-de-dna\\\/\"},\"wordCount\":392,\"publisher\":{\"@id\":\"https:\\\/\\\/buletin.de\\\/bucuresti\\\/#organization\"},\"image\":{\"@id\":\"https:\\\/\\\/buletin.de\\\/bucuresti\\\/fostul-director-al-assmb-a-fost-trimis-in-judecata-de-dna\\\/#primaryimage\"},\"thumbnailUrl\":\"https:\\\/\\\/buletin.de\\\/bucuresti\\\/wp-content\\\/uploads\\\/Mita.jpeg\",\"keywords\":[\"assmb\",\"cristian pluta\",\"dna\"],\"articleSection\":[\"Articole\",\"\u0218tiri\"],\"inLanguage\":\"en-GB\",\"copyrightYear\":\"2023\",\"copyrightHolder\":{\"@id\":\"https:\\\/\\\/buletin.de\\\/bucuresti\\\/#organization\"}},{\"@type\":\"WebPage\",\"@id\":\"https:\\\/\\\/buletin.de\\\/bucuresti\\\/fostul-director-al-assmb-a-fost-trimis-in-judecata-de-dna\\\/\",\"url\":\"https:\\\/\\\/buletin.de\\\/bucuresti\\\/fostul-director-al-assmb-a-fost-trimis-in-judecata-de-dna\\\/\",\"name\":\"Fostul director al ASSMB a fost trimis \u00een judecat\u0103 de DNA - Buletin de Bucure\u0219ti\",\"isPartOf\":{\"@id\":\"https:\\\/\\\/buletin.de\\\/bucuresti\\\/#website\"},\"primaryImageOfPage\":{\"@id\":\"https:\\\/\\\/buletin.de\\\/bucuresti\\\/fostul-director-al-assmb-a-fost-trimis-in-judecata-de-dna\\\/#primaryimage\"},\"image\":{\"@id\":\"https:\\\/\\\/buletin.de\\\/bucuresti\\\/fostul-director-al-assmb-a-fost-trimis-in-judecata-de-dna\\\/#primaryimage\"},\"thumbnailUrl\":\"https:\\\/\\\/buletin.de\\\/bucuresti\\\/wp-content\\\/uploads\\\/Mita.jpeg\",\"datePublished\":\"2023-12-06T18:10:37+00:00\",\"breadcrumb\":{\"@id\":\"https:\\\/\\\/buletin.de\\\/bucuresti\\\/fostul-director-al-assmb-a-fost-trimis-in-judecata-de-dna\\\/#breadcrumb\"},\"inLanguage\":\"en-GB\",\"potentialAction\":[{\"@type\":\"ReadAction\",\"target\":[\"https:\\\/\\\/buletin.de\\\/bucuresti\\\/fostul-director-al-assmb-a-fost-trimis-in-judecata-de-dna\\\/\"]}]},{\"@type\":\"ImageObject\",\"inLanguage\":\"en-GB\",\"@id\":\"https:\\\/\\\/buletin.de\\\/bucuresti\\\/fostul-director-al-assmb-a-fost-trimis-in-judecata-de-dna\\\/#primaryimage\",\"url\":\"https:\\\/\\\/buletin.de\\\/bucuresti\\\/wp-content\\\/uploads\\\/Mita.jpeg\",\"contentUrl\":\"https:\\\/\\\/buletin.de\\\/bucuresti\\\/wp-content\\\/uploads\\\/Mita.jpeg\",\"width\":1600,\"height\":1066,\"caption\":\"Poli\u0163i\u015fti re\u0163inu\u0163i pentru mit\u0103. FOTO: arhiv\u0103\"},{\"@type\":\"BreadcrumbList\",\"@id\":\"https:\\\/\\\/buletin.de\\\/bucuresti\\\/fostul-director-al-assmb-a-fost-trimis-in-judecata-de-dna\\\/#breadcrumb\",\"itemListElement\":[{\"@type\":\"ListItem\",\"position\":1,\"name\":\"Acas\u0103\",\"item\":\"https:\\\/\\\/buletin.de\\\/bucuresti\\\/\"},{\"@type\":\"ListItem\",\"position\":2,\"name\":\"Fostul director al ASSMB a fost trimis \u00een judecat\u0103 de DNA\"}]},{\"@type\":\"WebSite\",\"@id\":\"https:\\\/\\\/buletin.de\\\/bucuresti\\\/#website\",\"url\":\"https:\\\/\\\/buletin.de\\\/bucuresti\\\/\",\"name\":\"Buletin de Bucure\u0219ti\",\"description\":\"\u0218tiri \u0219i investiga\u021bii esen\u021biale din capital\u0103\",\"publisher\":{\"@id\":\"https:\\\/\\\/buletin.de\\\/bucuresti\\\/#organization\"},\"potentialAction\":[{\"@type\":\"SearchAction\",\"target\":{\"@type\":\"EntryPoint\",\"urlTemplate\":\"https:\\\/\\\/buletin.de\\\/bucuresti\\\/?s={search_term_string}\"},\"query-input\":{\"@type\":\"PropertyValueSpecification\",\"valueRequired\":true,\"valueName\":\"search_term_string\"}}],\"inLanguage\":\"en-GB\"},{\"@type\":\"Organization\",\"@id\":\"https:\\\/\\\/buletin.de\\\/bucuresti\\\/#organization\",\"name\":\"Buletin de Bucure\u0219ti\",\"url\":\"https:\\\/\\\/buletin.de\\\/bucuresti\\\/\",\"logo\":{\"@type\":\"ImageObject\",\"inLanguage\":\"en-GB\",\"@id\":\"https:\\\/\\\/buletin.de\\\/bucuresti\\\/#\\\/schema\\\/logo\\\/image\\\/\",\"url\":\"https:\\\/\\\/buletin.de\\\/bucuresti\\\/wp-content\\\/uploads\\\/logo-bdb-full-wide-vernil-transparent.png\",\"contentUrl\":\"https:\\\/\\\/buletin.de\\\/bucuresti\\\/wp-content\\\/uploads\\\/logo-bdb-full-wide-vernil-transparent.png\",\"width\":1782,\"height\":626,\"caption\":\"Buletin de Bucure\u0219ti\"},\"image\":{\"@id\":\"https:\\\/\\\/buletin.de\\\/bucuresti\\\/#\\\/schema\\\/logo\\\/image\\\/\"},\"sameAs\":[\"https:\\\/\\\/www.facebook.com\\\/buletin.de.buc\",\"https:\\\/\\\/www.instagram.com\\\/buletinde.bucuresti\\\/\"]},{\"@type\":\"Person\",\"@id\":\"https:\\\/\\\/buletin.de\\\/bucuresti\\\/#\\\/schema\\\/person\\\/7e46040573290777280a0835d81ea4ea\",\"name\":\"Diana Matei\",\"image\":{\"@type\":\"ImageObject\",\"inLanguage\":\"en-GB\",\"@id\":\"https:\\\/\\\/buletin.de\\\/bucuresti\\\/wp-content\\\/uploads\\\/9-2-96x96.jpg1e8590b30871d70e62ebcdaf2eff570c\",\"url\":\"https:\\\/\\\/buletin.de\\\/bucuresti\\\/wp-content\\\/uploads\\\/9-2-96x96.jpg\",\"contentUrl\":\"https:\\\/\\\/buletin.de\\\/bucuresti\\\/wp-content\\\/uploads\\\/9-2-96x96.jpg\",\"caption\":\"Diana Matei\"},\"url\":\"https:\\\/\\\/buletin.de\\\/bucuresti\\\/author\\\/dianamatei\\\/\"}]}<\/script>\n<!-- \/ Yoast SEO Premium plugin. -->","yoast_head_json":{"title":"Fostul director al ASSMB a fost trimis \u00een judecat\u0103 de DNA - Buletin de Bucure\u0219ti","robots":{"index":"index","follow":"follow","max-snippet":"max-snippet:-1","max-image-preview":"max-image-preview:large","max-video-preview":"max-video-preview:-1"},"canonical":"https:\/\/buletin.de\/bucuresti\/fostul-director-al-assmb-a-fost-trimis-in-judecata-de-dna\/","og_locale":"en_GB","og_type":"article","og_title":"Fostul director al ASSMB a fost trimis \u00een judecat\u0103 de DNA","og_description":"\u00cen acela\u0219i dosar, merg \u00een instan\u021ba \u0219i alte persoane acuzate de fapte de corup\u021bie. Procurorii DNA \u00eel acuz\u0103 pe Cristian Plut\u0103 de luare de mit\u0103, trei fapte \u0219i permiterea accesului unor persoane neautorizate la informa\u021bii nedestinate publicit\u0103\u021bii, \u00een scopul ob\u021binerii pentru sine sau pentru altul de bani, bunuri ori alte foloase necuvenite. \u00cen acela\u0219i dosar [&hellip;]","og_url":"https:\/\/buletin.de\/bucuresti\/fostul-director-al-assmb-a-fost-trimis-in-judecata-de-dna\/","og_site_name":"Buletin de Bucure\u0219ti","article_publisher":"https:\/\/www.facebook.com\/buletin.de.buc","article_published_time":"2023-12-06T18:10:37+00:00","og_image":[{"width":1600,"height":1066,"url":"https:\/\/buletin.de\/bucuresti\/wp-content\/uploads\/Mita.jpeg","type":"image\/jpeg"}],"author":"Diana Matei","twitter_card":"summary_large_image","twitter_misc":{"Written by":"Diana Matei","Estimated reading time":"2 minutes"},"schema":{"@context":"https:\/\/schema.org","@graph":[{"@type":"Article","@id":"https:\/\/buletin.de\/bucuresti\/fostul-director-al-assmb-a-fost-trimis-in-judecata-de-dna\/#article","isPartOf":{"@id":"https:\/\/buletin.de\/bucuresti\/fostul-director-al-assmb-a-fost-trimis-in-judecata-de-dna\/"},"author":{"name":"Diana Matei","@id":"https:\/\/buletin.de\/bucuresti\/#\/schema\/person\/7e46040573290777280a0835d81ea4ea"},"headline":"Fostul director al ASSMB a fost trimis \u00een judecat\u0103 de DNA","datePublished":"2023-12-06T18:10:37+00:00","mainEntityOfPage":{"@id":"https:\/\/buletin.de\/bucuresti\/fostul-director-al-assmb-a-fost-trimis-in-judecata-de-dna\/"},"wordCount":392,"publisher":{"@id":"https:\/\/buletin.de\/bucuresti\/#organization"},"image":{"@id":"https:\/\/buletin.de\/bucuresti\/fostul-director-al-assmb-a-fost-trimis-in-judecata-de-dna\/#primaryimage"},"thumbnailUrl":"https:\/\/buletin.de\/bucuresti\/wp-content\/uploads\/Mita.jpeg","keywords":["assmb","cristian pluta","dna"],"articleSection":["Articole","\u0218tiri"],"inLanguage":"en-GB","copyrightYear":"2023","copyrightHolder":{"@id":"https:\/\/buletin.de\/bucuresti\/#organization"}},{"@type":"WebPage","@id":"https:\/\/buletin.de\/bucuresti\/fostul-director-al-assmb-a-fost-trimis-in-judecata-de-dna\/","url":"https:\/\/buletin.de\/bucuresti\/fostul-director-al-assmb-a-fost-trimis-in-judecata-de-dna\/","name":"Fostul director al ASSMB a fost trimis \u00een judecat\u0103 de DNA - Buletin de Bucure\u0219ti","isPartOf":{"@id":"https:\/\/buletin.de\/bucuresti\/#website"},"primaryImageOfPage":{"@id":"https:\/\/buletin.de\/bucuresti\/fostul-director-al-assmb-a-fost-trimis-in-judecata-de-dna\/#primaryimage"},"image":{"@id":"https:\/\/buletin.de\/bucuresti\/fostul-director-al-assmb-a-fost-trimis-in-judecata-de-dna\/#primaryimage"},"thumbnailUrl":"https:\/\/buletin.de\/bucuresti\/wp-content\/uploads\/Mita.jpeg","datePublished":"2023-12-06T18:10:37+00:00","breadcrumb":{"@id":"https:\/\/buletin.de\/bucuresti\/fostul-director-al-assmb-a-fost-trimis-in-judecata-de-dna\/#breadcrumb"},"inLanguage":"en-GB","potentialAction":[{"@type":"ReadAction","target":["https:\/\/buletin.de\/bucuresti\/fostul-director-al-assmb-a-fost-trimis-in-judecata-de-dna\/"]}]},{"@type":"ImageObject","inLanguage":"en-GB","@id":"https:\/\/buletin.de\/bucuresti\/fostul-director-al-assmb-a-fost-trimis-in-judecata-de-dna\/#primaryimage","url":"https:\/\/buletin.de\/bucuresti\/wp-content\/uploads\/Mita.jpeg","contentUrl":"https:\/\/buletin.de\/bucuresti\/wp-content\/uploads\/Mita.jpeg","width":1600,"height":1066,"caption":"Poli\u0163i\u015fti re\u0163inu\u0163i pentru mit\u0103. FOTO: arhiv\u0103"},{"@type":"BreadcrumbList","@id":"https:\/\/buletin.de\/bucuresti\/fostul-director-al-assmb-a-fost-trimis-in-judecata-de-dna\/#breadcrumb","itemListElement":[{"@type":"ListItem","position":1,"name":"Acas\u0103","item":"https:\/\/buletin.de\/bucuresti\/"},{"@type":"ListItem","position":2,"name":"Fostul director al ASSMB a fost trimis \u00een judecat\u0103 de DNA"}]},{"@type":"WebSite","@id":"https:\/\/buletin.de\/bucuresti\/#website","url":"https:\/\/buletin.de\/bucuresti\/","name":"Buletin de Bucure\u0219ti","description":"\u0218tiri \u0219i investiga\u021bii esen\u021biale din capital\u0103","publisher":{"@id":"https:\/\/buletin.de\/bucuresti\/#organization"},"potentialAction":[{"@type":"SearchAction","target":{"@type":"EntryPoint","urlTemplate":"https:\/\/buletin.de\/bucuresti\/?s={search_term_string}"},"query-input":{"@type":"PropertyValueSpecification","valueRequired":true,"valueName":"search_term_string"}}],"inLanguage":"en-GB"},{"@type":"Organization","@id":"https:\/\/buletin.de\/bucuresti\/#organization","name":"Buletin de Bucure\u0219ti","url":"https:\/\/buletin.de\/bucuresti\/","logo":{"@type":"ImageObject","inLanguage":"en-GB","@id":"https:\/\/buletin.de\/bucuresti\/#\/schema\/logo\/image\/","url":"https:\/\/buletin.de\/bucuresti\/wp-content\/uploads\/logo-bdb-full-wide-vernil-transparent.png","contentUrl":"https:\/\/buletin.de\/bucuresti\/wp-content\/uploads\/logo-bdb-full-wide-vernil-transparent.png","width":1782,"height":626,"caption":"Buletin de Bucure\u0219ti"},"image":{"@id":"https:\/\/buletin.de\/bucuresti\/#\/schema\/logo\/image\/"},"sameAs":["https:\/\/www.facebook.com\/buletin.de.buc","https:\/\/www.instagram.com\/buletinde.bucuresti\/"]},{"@type":"Person","@id":"https:\/\/buletin.de\/bucuresti\/#\/schema\/person\/7e46040573290777280a0835d81ea4ea","name":"Diana Matei","image":{"@type":"ImageObject","inLanguage":"en-GB","@id":"https:\/\/buletin.de\/bucuresti\/wp-content\/uploads\/9-2-96x96.jpg1e8590b30871d70e62ebcdaf2eff570c","url":"https:\/\/buletin.de\/bucuresti\/wp-content\/uploads\/9-2-96x96.jpg","contentUrl":"https:\/\/buletin.de\/bucuresti\/wp-content\/uploads\/9-2-96x96.jpg","caption":"Diana Matei"},"url":"https:\/\/buletin.de\/bucuresti\/author\/dianamatei\/"}]}},"authors":[{"term_id":22574,"user_id":49,"is_guest":0,"slug":"dianamatei","display_name":"Diana Matei","avatar_url":"https:\/\/buletin.de\/bucuresti\/wp-content\/uploads\/9-2-96x96.jpg","0":null,"1":"","2":"","3":"","4":"","5":"","6":"","7":"","8":""}],"_links":{"self":[{"href":"https:\/\/buletin.de\/bucuresti\/wp-json\/wp\/v2\/posts\/71448","targetHints":{"allow":["GET"]}}],"collection":[{"href":"https:\/\/buletin.de\/bucuresti\/wp-json\/wp\/v2\/posts"}],"about":[{"href":"https:\/\/buletin.de\/bucuresti\/wp-json\/wp\/v2\/types\/post"}],"author":[{"embeddable":true,"href":"https:\/\/buletin.de\/bucuresti\/wp-json\/wp\/v2\/users\/49"}],"replies":[{"embeddable":true,"href":"https:\/\/buletin.de\/bucuresti\/wp-json\/wp\/v2\/comments?post=71448"}],"version-history":[{"count":3,"href":"https:\/\/buletin.de\/bucuresti\/wp-json\/wp\/v2\/posts\/71448\/revisions"}],"predecessor-version":[{"id":71460,"href":"https:\/\/buletin.de\/bucuresti\/wp-json\/wp\/v2\/posts\/71448\/revisions\/71460"}],"wp:featuredmedia":[{"embeddable":true,"href":"https:\/\/buletin.de\/bucuresti\/wp-json\/wp\/v2\/media\/71452"}],"wp:attachment":[{"href":"https:\/\/buletin.de\/bucuresti\/wp-json\/wp\/v2\/media?parent=71448"}],"wp:term":[{"taxonomy":"category","embeddable":true,"href":"https:\/\/buletin.de\/bucuresti\/wp-json\/wp\/v2\/categories?post=71448"},{"taxonomy":"post_tag","embeddable":true,"href":"https:\/\/buletin.de\/bucuresti\/wp-json\/wp\/v2\/tags?post=71448"},{"taxonomy":"author","embeddable":true,"href":"https:\/\/buletin.de\/bucuresti\/wp-json\/wp\/v2\/ppma_author?post=71448"}],"curies":[{"name":"wp","href":"https:\/\/api.w.org\/{rel}","templated":true}]}}