{"id":71376,"date":"2023-12-06T16:28:31","date_gmt":"2023-12-06T14:28:31","guid":{"rendered":"https:\/\/buletin.de\/bucuresti\/?p=71376"},"modified":"2023-12-07T07:12:43","modified_gmt":"2023-12-07T05:12:43","slug":"editorial-romsilva-apara-drujbele-din-padurile-ilfovului-si-ataca-public-activistii-de-mediu-care-grabesc-proiectul-centura-verde-viitoarea-leg","status":"publish","type":"post","link":"https:\/\/buletin.de\/bucuresti\/editorial-romsilva-apara-drujbele-din-padurile-ilfovului-si-ataca-public-activistii-de-mediu-care-grabesc-proiectul-centura-verde-viitoarea-leg\/","title":{"rendered":"EDITORIAL | Romsilva \u201eap\u0103r\u0103\u201d drujbele din p\u0103durile Ilfovului \u0219i atac\u0103 public activi\u0219tii de mediu care \u201egr\u0103besc\u201d proiectul \u201eCentura Verde\u201d. Viitoarea lege va proteja p\u0103durile de l\u00e2ng\u0103 Bucure\u0219ti \u0219i va limita exploatarea comercial\u0103"},"content":{"rendered":"\n<p><strong>Biroul de pres\u0103 al Romsilva a transmis un \u201edrept la replic\u0103\u201d dup\u0103 ce Buletin de Bucure\u0219ti a prezentat o serie de imagini surprinse de fondatorul grupului de ini\u021biativ\u0103 \u201eSalva\u021bi Codrii Vl\u0103siei\u201d. Acesta a ar\u0103tat cum sute de arbori s\u0103n\u0103to\u0219i au fost t\u0103ia\u021bi \u015fi depozita\u021bi la marginea potecilor din zona Rezerva\u0163iei P\u0103durii Snagov. Imaginile au fost surprinse \u0219i publicate \u00een minivacan\u021ba de 1 Decembrie.<\/strong><\/p>\n\n\n\n<p>\u201e<em>Romsilva respinge cu fermitate acuza\u021biile false, repetate, ale unui \u201dactivist\u201d privind \u201ddezastrul\u201d din p\u0103durile administrate de c\u0103tre Direc\u021bia Silvic\u0103 Ilfov<\/em>\u201d, a\u0219a \u00eencepe \u201edreptul la replic\u0103\u201d remis redac\u021biei de c\u0103tre angaja\u021bii biroului de pres\u0103 al Romsilva.<\/p>\n\n\n\n<p>\u00cen fapt, este vorba despre un punct de vedere prin care se dore\u0219te ap\u0103rarea imaginii unei institu\u021bii ce ar fi trebuit s\u0103 fie, prin \u201especiali\u0219tii\u201d s\u0103i (nu \u00een comunicare, ci \u00een silvicultur\u0103), \u00een prima linie a luptei pentru conservarea ultimelor cioturi de p\u0103duri seculare din jurul Capitalei. <\/p>\n\n\n\n<p>Adic\u0103 s\u0103 dispun\u0103 verific\u0103ri \u0219i s\u0103 denun\u021be eventualele abuzuri ale angaja\u021bilor s\u0103i \u00een privin\u021ba exploat\u0103rii comerciale a p\u0103durilor retrocedate discutabil \u00een anii \u201990. Despre asta, pu\u021bin mai jos.<\/p>\n\n\n\n<p>Dar s\u0103 revenim la sup\u0103rarea oamenilor angaja\u021bi peste noapte la Romsilva care se fac c\u0103 muncesc \u0219i care \u00eencearc\u0103 s\u0103-\u0219i justifice lefurile \u0219i s\u0103-\u0219i mul\u021bumeasc\u0103 \u0219efii un\u0219i politic, pu\u0219i acolo la r\u00e2ndul lor s\u0103 asigure, \u0219i din aceast\u0103 zon\u0103 critic\u0103 pentru s\u0103n\u0103tatea cet\u0103\u021benilor, o surs\u0103 de bani pentru nenum\u0103ratele guri \u00eenregimentate \u00een aparatul de partid.&nbsp;&nbsp;<\/p>\n\n\n\n<p>\u201e<em>Av\u00e2nd \u00een vedere numeroasele acuza\u021bii lansate de respectivul \u201dactivist\u201d privind administrarea p\u0103durilor de c\u0103tre Direc\u021bia Silvic\u0103 Ilfov, facem urm\u0103toarele preciz\u0103ri, pentru corecta informare a opiniei publice: Arborii prezenta\u021bi \u00een postarea din 2 decembrie, <\/em><strong><em>au fost exploata\u021bi legal,<\/em><\/strong><em> conform amenajamentului silvic al Ocolului Silvic Snagov, iar lucr\u0103rile de\u021bin toate autoriza\u021biile legale. \u00cen UP IV Barbo\u0219i, u.a. 106B, au fost exploata\u021bi 447,12 metri cubi de lemn, av\u00e2nd actul de punere \u00een valoare 2200119201550\/23, iar \u00een UP IV Barbo\u0219i, u.a. 91A fiind exploata\u021bi 561,6 metri cubi de lemn, av\u00e2nd actul de punere \u00een valoare 2100119202210\/319. Aceste suprafe\u021be nu se afl\u0103 \u00een arii naturale protejate, a\u0219a cum, \u00een mod fals, afirm\u0103 respectivul \u201eactivist\u201d<\/em>, se arat\u0103 \u00een comunicarea Romsilva.<\/p>\n\n\n\n<p>Activistul \u00een cauz\u0103, de data asta f\u0103r\u0103 ghilimele, se nume\u0219te Daniel S\u0103rdan \u0219i este n\u0103scut \u0219i crescut \u00een comuna ilfovean\u0103 Balote\u0219ti. E de la sine \u00een\u021beles c\u0103 a copil\u0103rit \u0219i hoin\u0103rit de mic prin p\u0103durile aferente.&nbsp;&nbsp;<\/p>\n\n\n\n<p>Tot el este \u0219i fondatorul grupului de ini\u021biativ\u0103 \u201eSalva\u021bi Codrii Vl\u0103siei\u201d \u0219i cel care <em>\u201e<\/em>a aprins lumina\u201d \u00een p\u0103durile din Ilfov \u0219i ne-a ar\u0103tat de-a lungul timpului, tuturor, dezastrul produs de drujbe. <a href=\"https:\/\/www.facebook.com\/daniel.sardan\">Toata activitatea sa poata fi urmarit\u0103 aici, pe contul s\u0103u de facebook.<\/a><\/p>\n\n\n\n<p>Poate cel mai elocvent exemplu este cel al stejarilor seculari, despre care <a href=\"https:\/\/buletin.de\/bucuresti\/foto-arbori-seculari-taiati-in-padurea-snagov-au-gasit-o-forma-legala-sa-ne-lase-fara-stejarii-mari\/\">Buletin de Bucure\u0219ti a scris aici.<\/a> Dezv\u0103luirile sale<a href=\"https:\/\/recorder.ro\/ancheta-demarata-de-ministerul-mediului-confirma-investigatia-recorder-si-cere-desfiintarea-ocolului-silvic-muntenia\/\"> au fost preluate \u0219i de colegii de la Recorder<\/a> \u0219i astfel a fost declan\u0219at\u0103 o ancheta la Ministerul Mediului care a confirmat semnalul de alarm\u0103 tras de Daniel S\u0103rdan.&nbsp;&nbsp;&nbsp;<\/p>\n\n\n\n<p>Tot el este cel care a \u00eempins la vale bolovanul pentru declararea p\u0103durilor din Ilfov drept arii protejate, demers care a ajuns \u00een Parlament dar care s-a blocat recent la votul senatorilor,<a href=\"https:\/\/buletin.de\/bucuresti\/mars-spre-sediul-psd-din-kiseleff-din-cauza-noului-cod-urbanistic-fundatia-eco-civica-se-va-putea-construi-pe-spatiile-verzi-retrocedate\/\"> receptivi de-a lungul timpului la amendamente toxice pe zona de mediu<\/a>, \u00eenainte s\u0103 plece spre promulgare.<\/p>\n\n\n\n<p>\u201e<em>De asemenea, respectivul \u201dactivist\u201d sugereaz\u0103, \u00een mod fals, c\u0103 aceste lucr\u0103ri silvice s-ar face accelerat, \u00eenaintea unui proiect de lege aflat \u00een dezbatere parlamentar\u0103[\u2026] Preciz\u0103m c\u0103 acest volum reprezint\u0103 circa 0,01% din volumul total de mas\u0103 lemnoas\u0103 din p\u0103durile administrate de c\u0103tre Direc\u021bia Silvic\u0103 Ilfov<\/em>\u201d, subliniaz\u0103 angaja\u021bii Romsilva.<\/p>\n\n\n\n<p>Ce omit cu inten\u021bie domnii \u00een cauza sunt detaliile pecuniare ale afacerilor cu lemn scos din loturile private \u0219i asupra c\u0103ror\u0103 Direc\u021bia Silvic\u0103 Ilfov exercit\u0103 un control minimal. Adic\u0103 p\u0103duri \u00een toat\u0103 regula aflate la doi pa\u0219i de una dintre cele mai poluate capitale europene \u0219i care se afl\u0103 \u00een circuit economic \u00eentocmai ca cele din creierii mun\u021bilor. Cu alte cuvinte, pentru \u0219i mai mult\u0103 claritate, proprietarii lor, care au primit acte pe ele \u00een anii tulburi ai tranzi\u021biei, scot bani cu drujba \u0219i camioanele de aici.<\/p>\n\n\n\n<figure class=\"wp-block-embed is-type-wp-embed is-provider-buletin-de-bucure\u0219ti wp-block-embed-buletin-de-bucure\u0219ti\"><div class=\"wp-block-embed__wrapper\">\n<blockquote class=\"wp-embedded-content\" data-secret=\"VJilcniIbv\"><a href=\"https:\/\/buletin.de\/bucuresti\/directorul-adjunct-al-romsilva-cercetat-de-dna-pentru-angajarea-ilegala-a-unui-paznic-ar-fi-primit-mita-un-teren-in-corbeanca\/\">Directorul adjunct al Romsilva, cercetat de DNA pentru angajarea ilegal\u0103 a unui paznic. Ar fi primit mit\u0103 un teren \u00een Corbeanca<\/a><\/blockquote><iframe class=\"wp-embedded-content\" sandbox=\"allow-scripts\" security=\"restricted\" style=\"position: absolute; clip: rect(1px, 1px, 1px, 1px);\" title=\"&#8220;Directorul adjunct al Romsilva, cercetat de DNA pentru angajarea ilegal\u0103 a unui paznic. Ar fi primit mit\u0103 un teren \u00een Corbeanca&#8221; &#8212; Buletin de Bucure\u0219ti\" src=\"https:\/\/buletin.de\/bucuresti\/directorul-adjunct-al-romsilva-cercetat-de-dna-pentru-angajarea-ilegala-a-unui-paznic-ar-fi-primit-mita-un-teren-in-corbeanca\/embed\/#?secret=FImxxV168B#?secret=VJilcniIbv\" data-secret=\"VJilcniIbv\" width=\"600\" height=\"338\" frameborder=\"0\" marginwidth=\"0\" marginheight=\"0\" scrolling=\"no\"><\/iframe>\n<\/div><\/figure>\n\n\n\n<p><a href=\"https:\/\/buletin.de\/bucuresti\/ministerul-mediului-despre-defrisarile-din-jurul-capitalei-amenajarile-silvice-nu-sunt-informatii-de-interes-public\/\">Iar despre aceast\u0103 activitate de pe propriet\u0103\u021bile private, aflam tot gra\u021bie comunic\u0103rii anterioare a reprezentan\u021bilor statului, c\u0103 \u201enu reprezint\u0103 informa\u021bii de interes public\u201d.<\/a>&nbsp;<\/p>\n\n\n\n<p>Traducem: pe raza Ilfovului, nu exist\u0103 nicio diferen\u021b\u0103 \u00eentre un \u0219tiulete de porumb plantat de un fermier \u00een mijlocul c\u00e2mpului \u00eentru profit \u0219i, finalmente, pentru alimentarea rafturilor supermarketurilor cu m\u00e2ncare \u0219i un stejar secular care a crescut pre\u021b c\u00e2teva genera\u021bii \u00eenainte s\u0103 se nasc\u0103 actual st\u0103p\u00e2n al s\u0103u din acte \u0219i care asigur\u0103 oxigen poate pentru sute de mii de oameni.\u00a0\u00a0<\/p>\n\n\n\n<p><a href=\"https:\/\/adevarul.ro\/stiri-interne\/societate\/goana-dupa-palate-rade-mii-de-metri-patrati-din-713639.html\">Iar problema este fundamental\u0103 daca ne raport\u0103m la exemplu P\u0103durii B\u0103neasa.<\/a> Partea de Nord, dinspre Tunari, produce bani pentru o prin\u021bes\u0103 care locuie\u0219te la Paris. Justificat, ne putem g\u00e2ndi ca are nevoie s\u0103 v\u00e2nd\u0103 copacii de l\u00e2ng\u0103 Bucure\u0219ti pentru a-\u0219i achita, probabil, factura pentru ap\u0103 cald\u0103 \u0219i c\u0103ldur\u0103 de peste iarn\u0103, pe malul Senei.<\/p>\n\n\n\n<p>L\u0103s\u00e2nd gluma la o parte, iat\u0103 mai jos o hart\u0103 de la fa\u021ba locului care arat\u0103 paritatea stat vs. privat aici, \u00een buza t\u00e2rgului.<\/p>\n\n\n\n<figure class=\"wp-block-image size-large\"><img fetchpriority=\"high\" decoding=\"async\" width=\"900\" height=\"511\" src=\"data:image\/gif;base64,R0lGODlhAQABAAAAACH5BAEKAAEALAAAAAABAAEAAAICTAEAOw==\" data-src=\"https:\/\/buletin.de\/bucuresti\/wp-content\/uploads\/proprietate-publica-vs-proprietate-privata-in-Padurea-Baneasa-900x511.jpg\" alt=\"\" class=\"wp-image-71377 lazyload\" data-sizes=\"auto\" data-srcset=\"https:\/\/buletin.de\/bucuresti\/wp-content\/uploads\/proprietate-publica-vs-proprietate-privata-in-Padurea-Baneasa-900x511.jpg 900w, https:\/\/buletin.de\/bucuresti\/wp-content\/uploads\/proprietate-publica-vs-proprietate-privata-in-Padurea-Baneasa-300x170.jpg 300w, https:\/\/buletin.de\/bucuresti\/wp-content\/uploads\/proprietate-publica-vs-proprietate-privata-in-Padurea-Baneasa-768x436.jpg 768w, https:\/\/buletin.de\/bucuresti\/wp-content\/uploads\/proprietate-publica-vs-proprietate-privata-in-Padurea-Baneasa-1536x872.jpg 1536w, https:\/\/buletin.de\/bucuresti\/wp-content\/uploads\/proprietate-publica-vs-proprietate-privata-in-Padurea-Baneasa-1600x909.jpg 1600w, https:\/\/buletin.de\/bucuresti\/wp-content\/uploads\/proprietate-publica-vs-proprietate-privata-in-Padurea-Baneasa-1100x625.jpg 1100w, https:\/\/buletin.de\/bucuresti\/wp-content\/uploads\/proprietate-publica-vs-proprietate-privata-in-Padurea-Baneasa-600x341.jpg 600w, https:\/\/buletin.de\/bucuresti\/wp-content\/uploads\/proprietate-publica-vs-proprietate-privata-in-Padurea-Baneasa-20x11.jpg 20w, https:\/\/buletin.de\/bucuresti\/wp-content\/uploads\/proprietate-publica-vs-proprietate-privata-in-Padurea-Baneasa.jpg 2000w\" sizes=\"(max-width: 900px) 100vw, 900px\" \/><figcaption class=\"wp-element-caption\">Imagine din documetarul BdB <a href=\"https:\/\/www.youtube.com\/watch?v=z4IEewMjb60\">\u201eParadox Bucure\u0219ti: Cum va ar\u0103ta Capitala \u00een anul 2050?&#8221;<\/a><\/figcaption><\/figure>\n\n\n\n<p>Tot din comunicatul Romsilva aflam c\u0103 lemnul scos la marginea potecilor din zona Rezerva\u021biei Snagov \u0219i descoperit de Daniel S\u0103rdan \u00een minivacan\u021ba de 1 Decembrie nu doar c\u0103 reprezint\u0103 \u201elucr\u0103ri care de\u021bin toate autoriza\u021biile legale\u201d, ci este \u0219i moralmente justificat.&nbsp;&nbsp;&nbsp;<\/p>\n\n\n\n<p>\u201e<em>Men\u021bion\u0103m c\u0103 la nivelul jude\u021bului Ilfov exist\u0103 o cerere din partea popula\u021biei de circa 60 de mii de metri cubi lemne pentru foc<\/em>\u201d, transmit din topor comunicatorii Romsilva.<\/p>\n\n\n\n<p>Pe aceea\u0219i logic\u0103 f\u0103cut\u0103 a\u0219chii putem justifica \u0219i exploatarea economic\u0103 a Parcului Her\u0103strau pentru c\u0103 \u0219i aici, probabil, exist\u0103 cerere de lemn pentru \u0219emineele vilelor \u00eenvecinate, nu?<\/p>\n\n\n\n<p>\u00cen fine, suprapunem toate cele de mai sus peste o serie de imagini publicate chiar ieri de activistul de mediu Alex G\u0103van \u0219i care arat\u0103, de sus, o parte din fenomenul surprins de Daniel S\u0103rdan, la firul topora\u0219ilor, de-a lungul anilor.<\/p>\n\n\n\n<iframe src=\"https:\/\/www.facebook.com\/plugins\/video.php?height=314&#038;href=https%3A%2F%2Fwww.facebook.com%2Falexgavan%2Fvideos%2F800701342102000%2F&#038;show_text=false&#038;width=560&#038;t=0\" width=\"560\" height=\"314\" style=\"border:none;overflow:hidden\" scrolling=\"no\" frameborder=\"0\" allowfullscreen=\"true\" allow=\"autoplay; clipboard-write; encrypted-media; picture-in-picture; web-share\" allowFullScreen=\"true\"><\/iframe>\n\n\n\n<p>Aten\u021bie la ce concluzie ajunge\u021bi \u00een urma vizion\u0103rii pentru c\u0103 e foarte probabil ca aceste imagini s\u0103 nu le putem \u00een\u021belege dec\u00e2t cu \u201etraducere\u201d de la Romsilva. <\/p>\n\n\n\n<p>Buletin de Bucure\u0219ti r\u0103m\u00e2ne pe recep\u021bie \u0219i va publica \u0219i cel de-al doilea drept la replic\u0103 al comunicatorilor, \u00een cazul \u00een care acesta va fi transmis.<\/p>\n\n\n\n<p>P\u00e2n\u0103 atunci, red\u0103m mai jos \u00een integralitatea sa, pentru \u201c<strong>corecta informare a opiniei publice\u201d<\/strong>, comunicatul de pres\u0103\/dreptul la replic\u0103 remis redac\u021biei \u00een urma imaginilor preluate de la Daniel S\u0103rdan \u0219i difuzate de Buletin de Bucure\u0219ti f\u0103r\u0103 nicio referin\u021b\u0103 textual\u0103 la Romsilva \u0219i a sa Direc\u021bie Silvic\u0103 Ilfov.<\/p>\n\n\n\n<p>\u201cRomsilva respinge cu fermitate acuza\u021biile false lansate de un \u201dactivist\u201d privind \u201ddezastrul\u201d din p\u0103durile administrate de c\u0103tre Direc\u021bia Silvic\u0103 Ilfov<\/p>\n\n\n\n<p>Regia Na\u021bional\u0103 a P\u0103durilor \u2013 Romsilva respinge cu fermitate acuza\u021biile false, repetate, ale unui \u201dactivist\u201d privind \u201ddezastrul\u201d din p\u0103durile administrate de c\u0103tre Direc\u021bia Silvic\u0103 Ilfov. \u00centr-o postare pe o re\u021bea de socializare, publicat\u0103 s\u00e2mb\u0103t\u0103, 2 decembrie, acesta lanseaz\u0103 o serie de informa\u021bii false, precum \u201dt\u0103iere \u00een disperare\u201d, \u201dm\u0103cel\u201d, \u201ddistrugerea p\u0103durilor\u201d \u0219i reclam\u0103 lipsa accesului publicului \u00een p\u0103dure, postarea fiind \u00eenso\u021bit\u0103 de imagini cu arbori recolta\u021bi \u0219i afla\u021bi \u00een platforme primare. De asemenea, respectivul \u201dactivist\u201d sugereaz\u0103, \u00een mod fals, c\u0103 aceste lucr\u0103ri silvice s-ar face accelerat, \u00eenaintea unui proiect de lege aflat \u00een dezbatere parlamentar\u0103. Av\u00e2nd \u00een vedere numeroasele acuza\u021bii lansate de respectivul \u201dactivist\u201d privind administrarea p\u0103durilor de c\u0103tre Direc\u021bia Silvic\u0103 Ilfov, facem urm\u0103toarele preciz\u0103ri, pentru corecta informare a opiniei publice: Arborii prezenta\u021bi \u00een postarea din 2 decembrie, au fost exploata\u021bi legal, conform amenajamentului silvic al Ocolului Silvic Snagov, iar lucr\u0103rile de\u021bin toate autoriza\u021biile legale. \u00cen UP IV Barbo\u0219i, u.a. 106B, au fost exploata\u021bi 447,12 metri cubi de lemn, av\u00e2nd actul de punere \u00een valoare 2200119201550\/23, iar \u00een UP IV Barbo\u0219i, u.a. 91A fiind exploata\u021bi 561,6 metri cubi de lemn, av\u00e2nd actul de punere \u00een valoare 2100119202210\/319. Aceste suprafe\u021be nu se afl\u0103 \u00een arii naturale protejate, a\u0219a cum, \u00een mod fals, afirm\u0103 respectivul \u201dactivist\u201d. Preciz\u0103m c\u0103 acest volum reprezint\u0103 circa 0,01% din volumul total de mas\u0103 lemnoas\u0103 din p\u0103durile administrate de c\u0103tre Direc\u021bia Silvic\u0103 Ilfov. \u00cen total, \u00een acest an, Direc\u021bia Silvic\u0103 Ilfov va exploata, din cele aproximativ 23 mii hectare fond forestier administrat, p\u0103duri proprietatea public\u0103 a statului \u0219i p\u0103duri private, circa 65.000 de metri cubi de lemn, adic\u0103 o medie de 2,8 metri cubi la hectar \u0219i circa 1% din volumul total de lemn din p\u0103durile adminstrate de c\u0103tre Direc\u021bia Silvic\u0103 Ilfov. Men\u021bion\u0103m c\u0103 la nivelul jude\u021bului Ilfov exist\u0103 o cerere din partea popula\u021biei de circa 60 de mii de metri cubi lemne pentru foc. De asemenea, preciz\u0103m c\u0103 \u00een acest an, Direc\u021bia Silvic\u0103 Ilfov va regenera 122 hectare fond forestier, prin lucr\u0103ri de regenerare natural\u0103 \u0219i lucr\u0103ri de \u00eemp\u0103duriri. \u00cen perioada 2018 \u2013 2022, Direc\u021bia Silvic\u0103 Ilfov a regenerat 655 hectare fond forestier, plant\u00e2nd 643.200 de puie\u021bi forestieri. Toate suprafe\u021bele de fond forestier \u00een care au fost efectuate lucr\u0103ri silvice au fost regenerate natural sau artificial, fiind asigurat\u0103, astfel, continuitatea p\u0103durilor. \u00cen privin\u021ba acuza\u021biei, la fel de fals\u0103, c\u0103 \u201ds-a pierdut foarte mult din p\u0103dure\u201d, preciz\u0103m c\u0103 Direc\u021bia Silvic\u0103 Ilfov administra 23.111 hectare de p\u0103dure \u00een 1990, suprafa\u021ba fiind diminuat\u0103 \u00een ultimele trei decenii cu 97 de hectare pentru realizarea unor obiective de infrastructur\u0103 \u0219i de siguran\u021b\u0103 na\u021bional\u0103. De asemenea, acuza\u021bia privind o presupus\u0103 interzicere a publicului \u00een p\u0103durile administrate de c\u0103tre Direc\u021bia Silvic\u0103 Ilfov este \u0219i aceasta la fel de fals\u0103. Direc\u021bia Silvic\u0103 Ilfov a amenajat mai multe trasee cu o lungime total\u0103 de 62,3 kilometri \u00een p\u0103durile administrate, acestea fiind marcate \u0219i deschise permanent publicului. Singurele \u201dmarcaje\u201d \u0219terse sunt cele amplasate ilegal pe trasee stabilite la fel de ilegal, f\u0103r\u0103 acordul Direc\u021biei Silvice Ilfov, de c\u0103tre \u201dactivistul\u201d care lanseaz\u0103 \u00een mod repetat acuza\u021bii false privind modul \u00een care sunt administrate p\u0103durile jude\u021bului Ilfov.<\/p>\n\n\n\n<p>BIROUL DE PRES\u0102 AL REGIEI NA\u021aIONALE A P\u0102DURILOR \u2013 ROMSILVA\u201d.<\/p>\n\n\n\n<p>PS. Daniel S\u0103rdan a reac\u021bionat la r\u00e2ndul s\u0103u privire la punctul de vedere al Romsilva. <a href=\"https:\/\/www.facebook.com\/daniel.sardan\">Detalii, aici.<\/a><\/p>\n\n\n\n<figure class=\"wp-block-embed is-type-wp-embed is-provider-buletin-de-bucure\u0219ti wp-block-embed-buletin-de-bucure\u0219ti\"><div class=\"wp-block-embed__wrapper\">\n<blockquote class=\"wp-embedded-content\" data-secret=\"Ol7RwZ6yCc\"><a href=\"https:\/\/buletin.de\/bucuresti\/dezastru-in-padurile-din-ilfov-sute-de-arbori-taiati-descoperiti-in-minivacanta-de-1-decembrie\/\">Dezastru \u00een p\u0103durile din Ilfov: sute de arbori t\u0103ia\u021bi, descoperi\u021bi \u00een minivacan\u021ba de 1 Decembrie<\/a><\/blockquote><iframe class=\"wp-embedded-content\" sandbox=\"allow-scripts\" security=\"restricted\" style=\"position: absolute; clip: rect(1px, 1px, 1px, 1px);\" title=\"&#8220;Dezastru \u00een p\u0103durile din Ilfov: sute de arbori t\u0103ia\u021bi, descoperi\u021bi \u00een minivacan\u021ba de 1 Decembrie&#8221; &#8212; Buletin de Bucure\u0219ti\" src=\"https:\/\/buletin.de\/bucuresti\/dezastru-in-padurile-din-ilfov-sute-de-arbori-taiati-descoperiti-in-minivacanta-de-1-decembrie\/embed\/#?secret=xVbSAXH92o#?secret=Ol7RwZ6yCc\" data-secret=\"Ol7RwZ6yCc\" width=\"600\" height=\"338\" frameborder=\"0\" marginwidth=\"0\" marginheight=\"0\" scrolling=\"no\"><\/iframe>\n<\/div><\/figure>\n","protected":false},"excerpt":{"rendered":"<p>Biroul de pres\u0103 al Romsilva a transmis un \u201edrept la replic\u0103\u201d dup\u0103 ce Buletin de Bucure\u0219ti a prezentat o serie de imagini surprinse de fondatorul grupului de ini\u021biativ\u0103 \u201eSalva\u021bi Codrii Vl\u0103siei\u201d. Acesta a ar\u0103tat cum sute de arbori s\u0103n\u0103to\u0219i au fost t\u0103ia\u021bi \u015fi depozita\u021bi la marginea potecilor din zona Rezerva\u0163iei P\u0103durii Snagov. Imaginile au fost [&hellip;]<\/p>\n","protected":false},"author":10,"featured_media":71381,"comment_status":"closed","ping_status":"open","sticky":false,"template":"","format":"standard","meta":{"_acf_changed":false,"inline_featured_image":false,"ngg_post_thumbnail":0,"footnotes":""},"categories":[6994,41,3419,109],"tags":[1563,513,820,2654,512],"ppma_author":[22575],"class_list":["post-71376","post","type-post","status-publish","format-standard","has-post-thumbnail","hentry","category-stiri-2","category-editorial","category-featured","category-mediu","tag-activism","tag-defrisari","tag-ilfov","tag-paduri","tag-romsilva"],"acf":[],"yoast_head":"<!-- This site is optimized with the Yoast SEO Premium plugin v25.3 (Yoast SEO v27.4) - https:\/\/yoast.com\/product\/yoast-seo-premium-wordpress\/ -->\n<title>EDITORIAL | Romsilva \u201eap\u0103r\u0103\u201d drujbele din p\u0103durile Ilfovului \u0219i atac\u0103 public activi\u0219tii de mediu care \u201egr\u0103besc\u201d proiectul \u201eCentura Verde\u201d. Viitoarea lege va proteja p\u0103durile de l\u00e2ng\u0103 Bucure\u0219ti \u0219i va limita exploatarea comercial\u0103 - Buletin de Bucure\u0219ti<\/title>\n<meta name=\"robots\" content=\"index, follow, max-snippet:-1, max-image-preview:large, max-video-preview:-1\" \/>\n<link rel=\"canonical\" href=\"https:\/\/buletin.de\/bucuresti\/editorial-romsilva-apara-drujbele-din-padurile-ilfovului-si-ataca-public-activistii-de-mediu-care-grabesc-proiectul-centura-verde-viitoarea-leg\/\" \/>\n<meta property=\"og:locale\" content=\"en_GB\" \/>\n<meta property=\"og:type\" content=\"article\" \/>\n<meta property=\"og:title\" content=\"EDITORIAL | Romsilva \u201eap\u0103r\u0103\u201d drujbele din p\u0103durile Ilfovului \u0219i atac\u0103 public activi\u0219tii de mediu care \u201egr\u0103besc\u201d proiectul \u201eCentura Verde\u201d. Viitoarea lege va proteja p\u0103durile de l\u00e2ng\u0103 Bucure\u0219ti \u0219i va limita exploatarea comercial\u0103\" \/>\n<meta property=\"og:description\" content=\"Biroul de pres\u0103 al Romsilva a transmis un \u201edrept la replic\u0103\u201d dup\u0103 ce Buletin de Bucure\u0219ti a prezentat o serie de imagini surprinse de fondatorul grupului de ini\u021biativ\u0103 \u201eSalva\u021bi Codrii Vl\u0103siei\u201d. Acesta a ar\u0103tat cum sute de arbori s\u0103n\u0103to\u0219i au fost t\u0103ia\u021bi \u015fi depozita\u021bi la marginea potecilor din zona Rezerva\u0163iei P\u0103durii Snagov. Imaginile au fost [&hellip;]\" \/>\n<meta property=\"og:url\" content=\"https:\/\/buletin.de\/bucuresti\/editorial-romsilva-apara-drujbele-din-padurile-ilfovului-si-ataca-public-activistii-de-mediu-care-grabesc-proiectul-centura-verde-viitoarea-leg\/\" \/>\n<meta property=\"og:site_name\" content=\"Buletin de Bucure\u0219ti\" \/>\n<meta property=\"article:publisher\" content=\"https:\/\/www.facebook.com\/buletin.de.buc\" \/>\n<meta property=\"article:published_time\" content=\"2023-12-06T14:28:31+00:00\" \/>\n<meta property=\"article:modified_time\" content=\"2023-12-07T05:12:43+00:00\" \/>\n<meta property=\"og:image\" content=\"https:\/\/buletin.de\/bucuresti\/wp-content\/uploads\/DALL\u00b7E-2023-12-06-12.13.57-A-detailed-landscape-scene-showing-severe-environmental-damage-near-Bucharest.-The-scene-includes-a-devastated-plain-forest-area-in-the-foreground-wit-900x514.png\" \/>\n\t<meta property=\"og:image:width\" content=\"900\" \/>\n\t<meta property=\"og:image:height\" content=\"514\" \/>\n\t<meta property=\"og:image:type\" content=\"image\/png\" \/>\n<meta name=\"author\" content=\"C\u0103t\u0103lin Dosca\u0219\" \/>\n<meta name=\"twitter:card\" content=\"summary_large_image\" \/>\n<meta name=\"twitter:label1\" content=\"Written by\" \/>\n\t<meta name=\"twitter:data1\" content=\"C\u0103t\u0103lin Dosca\u0219\" \/>\n\t<meta name=\"twitter:label2\" content=\"Estimated reading time\" \/>\n\t<meta name=\"twitter:data2\" content=\"9 minutes\" \/>\n<script type=\"application\/ld+json\" class=\"yoast-schema-graph\">{\"@context\":\"https:\\\/\\\/schema.org\",\"@graph\":[{\"@type\":\"Article\",\"@id\":\"https:\\\/\\\/buletin.de\\\/bucuresti\\\/editorial-romsilva-apara-drujbele-din-padurile-ilfovului-si-ataca-public-activistii-de-mediu-care-grabesc-proiectul-centura-verde-viitoarea-leg\\\/#article\",\"isPartOf\":{\"@id\":\"https:\\\/\\\/buletin.de\\\/bucuresti\\\/editorial-romsilva-apara-drujbele-din-padurile-ilfovului-si-ataca-public-activistii-de-mediu-care-grabesc-proiectul-centura-verde-viitoarea-leg\\\/\"},\"author\":{\"name\":\"C\u0103t\u0103lin Dosca\u0219\",\"@id\":\"https:\\\/\\\/buletin.de\\\/bucuresti\\\/#\\\/schema\\\/person\\\/31117187ed4d0bdb0a4c7d6acc79d0f8\"},\"headline\":\"EDITORIAL | Romsilva \u201eap\u0103r\u0103\u201d drujbele din p\u0103durile Ilfovului \u0219i atac\u0103 public activi\u0219tii de mediu care \u201egr\u0103besc\u201d proiectul \u201eCentura Verde\u201d. Viitoarea lege va proteja p\u0103durile de l\u00e2ng\u0103 Bucure\u0219ti \u0219i va limita exploatarea comercial\u0103\",\"datePublished\":\"2023-12-06T14:28:31+00:00\",\"dateModified\":\"2023-12-07T05:12:43+00:00\",\"mainEntityOfPage\":{\"@id\":\"https:\\\/\\\/buletin.de\\\/bucuresti\\\/editorial-romsilva-apara-drujbele-din-padurile-ilfovului-si-ataca-public-activistii-de-mediu-care-grabesc-proiectul-centura-verde-viitoarea-leg\\\/\"},\"wordCount\":1907,\"publisher\":{\"@id\":\"https:\\\/\\\/buletin.de\\\/bucuresti\\\/#organization\"},\"image\":{\"@id\":\"https:\\\/\\\/buletin.de\\\/bucuresti\\\/editorial-romsilva-apara-drujbele-din-padurile-ilfovului-si-ataca-public-activistii-de-mediu-care-grabesc-proiectul-centura-verde-viitoarea-leg\\\/#primaryimage\"},\"thumbnailUrl\":\"https:\\\/\\\/buletin.de\\\/bucuresti\\\/wp-content\\\/uploads\\\/DALL\u00b7E-2023-12-06-12.13.57-A-detailed-landscape-scene-showing-severe-environmental-damage-near-Bucharest.-The-scene-includes-a-devastated-plain-forest-area-in-the-foreground-wit.png\",\"keywords\":[\"activism\",\"defrisari\",\"Ilfov\",\"paduri\",\"romsilva\"],\"articleSection\":[\"Articole\",\"Editorial\",\"Featured\",\"Mediu\"],\"inLanguage\":\"en-GB\",\"copyrightYear\":\"2023\",\"copyrightHolder\":{\"@id\":\"https:\\\/\\\/buletin.de\\\/bucuresti\\\/#organization\"}},{\"@type\":\"WebPage\",\"@id\":\"https:\\\/\\\/buletin.de\\\/bucuresti\\\/editorial-romsilva-apara-drujbele-din-padurile-ilfovului-si-ataca-public-activistii-de-mediu-care-grabesc-proiectul-centura-verde-viitoarea-leg\\\/\",\"url\":\"https:\\\/\\\/buletin.de\\\/bucuresti\\\/editorial-romsilva-apara-drujbele-din-padurile-ilfovului-si-ataca-public-activistii-de-mediu-care-grabesc-proiectul-centura-verde-viitoarea-leg\\\/\",\"name\":\"EDITORIAL | Romsilva \u201eap\u0103r\u0103\u201d drujbele din p\u0103durile Ilfovului \u0219i atac\u0103 public activi\u0219tii de mediu care \u201egr\u0103besc\u201d proiectul \u201eCentura Verde\u201d. Viitoarea lege va proteja p\u0103durile de l\u00e2ng\u0103 Bucure\u0219ti \u0219i va limita exploatarea comercial\u0103 - Buletin de Bucure\u0219ti\",\"isPartOf\":{\"@id\":\"https:\\\/\\\/buletin.de\\\/bucuresti\\\/#website\"},\"primaryImageOfPage\":{\"@id\":\"https:\\\/\\\/buletin.de\\\/bucuresti\\\/editorial-romsilva-apara-drujbele-din-padurile-ilfovului-si-ataca-public-activistii-de-mediu-care-grabesc-proiectul-centura-verde-viitoarea-leg\\\/#primaryimage\"},\"image\":{\"@id\":\"https:\\\/\\\/buletin.de\\\/bucuresti\\\/editorial-romsilva-apara-drujbele-din-padurile-ilfovului-si-ataca-public-activistii-de-mediu-care-grabesc-proiectul-centura-verde-viitoarea-leg\\\/#primaryimage\"},\"thumbnailUrl\":\"https:\\\/\\\/buletin.de\\\/bucuresti\\\/wp-content\\\/uploads\\\/DALL\u00b7E-2023-12-06-12.13.57-A-detailed-landscape-scene-showing-severe-environmental-damage-near-Bucharest.-The-scene-includes-a-devastated-plain-forest-area-in-the-foreground-wit.png\",\"datePublished\":\"2023-12-06T14:28:31+00:00\",\"dateModified\":\"2023-12-07T05:12:43+00:00\",\"breadcrumb\":{\"@id\":\"https:\\\/\\\/buletin.de\\\/bucuresti\\\/editorial-romsilva-apara-drujbele-din-padurile-ilfovului-si-ataca-public-activistii-de-mediu-care-grabesc-proiectul-centura-verde-viitoarea-leg\\\/#breadcrumb\"},\"inLanguage\":\"en-GB\",\"potentialAction\":[{\"@type\":\"ReadAction\",\"target\":[\"https:\\\/\\\/buletin.de\\\/bucuresti\\\/editorial-romsilva-apara-drujbele-din-padurile-ilfovului-si-ataca-public-activistii-de-mediu-care-grabesc-proiectul-centura-verde-viitoarea-leg\\\/\"]}]},{\"@type\":\"ImageObject\",\"inLanguage\":\"en-GB\",\"@id\":\"https:\\\/\\\/buletin.de\\\/bucuresti\\\/editorial-romsilva-apara-drujbele-din-padurile-ilfovului-si-ataca-public-activistii-de-mediu-care-grabesc-proiectul-centura-verde-viitoarea-leg\\\/#primaryimage\",\"url\":\"https:\\\/\\\/buletin.de\\\/bucuresti\\\/wp-content\\\/uploads\\\/DALL\u00b7E-2023-12-06-12.13.57-A-detailed-landscape-scene-showing-severe-environmental-damage-near-Bucharest.-The-scene-includes-a-devastated-plain-forest-area-in-the-foreground-wit.png\",\"contentUrl\":\"https:\\\/\\\/buletin.de\\\/bucuresti\\\/wp-content\\\/uploads\\\/DALL\u00b7E-2023-12-06-12.13.57-A-detailed-landscape-scene-showing-severe-environmental-damage-near-Bucharest.-The-scene-includes-a-devastated-plain-forest-area-in-the-foreground-wit.png\",\"width\":1792,\"height\":1024,\"caption\":\"FOTO: DALL-E\"},{\"@type\":\"BreadcrumbList\",\"@id\":\"https:\\\/\\\/buletin.de\\\/bucuresti\\\/editorial-romsilva-apara-drujbele-din-padurile-ilfovului-si-ataca-public-activistii-de-mediu-care-grabesc-proiectul-centura-verde-viitoarea-leg\\\/#breadcrumb\",\"itemListElement\":[{\"@type\":\"ListItem\",\"position\":1,\"name\":\"Acas\u0103\",\"item\":\"https:\\\/\\\/buletin.de\\\/bucuresti\\\/\"},{\"@type\":\"ListItem\",\"position\":2,\"name\":\"EDITORIAL | Romsilva \u201eap\u0103r\u0103\u201d drujbele din p\u0103durile Ilfovului \u0219i atac\u0103 public activi\u0219tii de mediu care \u201egr\u0103besc\u201d proiectul \u201eCentura Verde\u201d. Viitoarea lege va proteja p\u0103durile de l\u00e2ng\u0103 Bucure\u0219ti \u0219i va limita exploatarea comercial\u0103\"}]},{\"@type\":\"WebSite\",\"@id\":\"https:\\\/\\\/buletin.de\\\/bucuresti\\\/#website\",\"url\":\"https:\\\/\\\/buletin.de\\\/bucuresti\\\/\",\"name\":\"Buletin de Bucure\u0219ti\",\"description\":\"\u0218tiri \u0219i investiga\u021bii esen\u021biale din capital\u0103\",\"publisher\":{\"@id\":\"https:\\\/\\\/buletin.de\\\/bucuresti\\\/#organization\"},\"potentialAction\":[{\"@type\":\"SearchAction\",\"target\":{\"@type\":\"EntryPoint\",\"urlTemplate\":\"https:\\\/\\\/buletin.de\\\/bucuresti\\\/?s={search_term_string}\"},\"query-input\":{\"@type\":\"PropertyValueSpecification\",\"valueRequired\":true,\"valueName\":\"search_term_string\"}}],\"inLanguage\":\"en-GB\"},{\"@type\":\"Organization\",\"@id\":\"https:\\\/\\\/buletin.de\\\/bucuresti\\\/#organization\",\"name\":\"Buletin de Bucure\u0219ti\",\"url\":\"https:\\\/\\\/buletin.de\\\/bucuresti\\\/\",\"logo\":{\"@type\":\"ImageObject\",\"inLanguage\":\"en-GB\",\"@id\":\"https:\\\/\\\/buletin.de\\\/bucuresti\\\/#\\\/schema\\\/logo\\\/image\\\/\",\"url\":\"https:\\\/\\\/buletin.de\\\/bucuresti\\\/wp-content\\\/uploads\\\/logo-bdb-full-wide-vernil-transparent.png\",\"contentUrl\":\"https:\\\/\\\/buletin.de\\\/bucuresti\\\/wp-content\\\/uploads\\\/logo-bdb-full-wide-vernil-transparent.png\",\"width\":1782,\"height\":626,\"caption\":\"Buletin de Bucure\u0219ti\"},\"image\":{\"@id\":\"https:\\\/\\\/buletin.de\\\/bucuresti\\\/#\\\/schema\\\/logo\\\/image\\\/\"},\"sameAs\":[\"https:\\\/\\\/www.facebook.com\\\/buletin.de.buc\",\"https:\\\/\\\/www.instagram.com\\\/buletinde.bucuresti\\\/\"]},{\"@type\":\"Person\",\"@id\":\"https:\\\/\\\/buletin.de\\\/bucuresti\\\/#\\\/schema\\\/person\\\/31117187ed4d0bdb0a4c7d6acc79d0f8\",\"name\":\"C\u0103t\u0103lin Dosca\u0219\",\"image\":{\"@type\":\"ImageObject\",\"inLanguage\":\"en-GB\",\"@id\":\"https:\\\/\\\/buletin.de\\\/bucuresti\\\/wp-content\\\/uploads\\\/Catalin-Doscas-e1732731064764-96x96.jpga93e2943bb3b1c1f9ead823df6e6317a\",\"url\":\"https:\\\/\\\/buletin.de\\\/bucuresti\\\/wp-content\\\/uploads\\\/Catalin-Doscas-e1732731064764-96x96.jpg\",\"contentUrl\":\"https:\\\/\\\/buletin.de\\\/bucuresti\\\/wp-content\\\/uploads\\\/Catalin-Doscas-e1732731064764-96x96.jpg\",\"caption\":\"C\u0103t\u0103lin Dosca\u0219\"},\"description\":\"Reporter \u0219i redactor-\u0219ef Buletin de Bucure\u0219ti. Lucreaz\u0103 \u00een mass-media de la v\u00e2rsta de 15 ani, c\u00e2nd a publicat primele articole \u00een presa local\u0103 din Tecuci. \u00cen Bucure\u0219ti a lucrat \u00een redac\u021bii radio ca reporter, redactor \u0219i prezentator (StudentFM, Na\u021bionalFM, Radio Total, Smart FM), unde a acoperit domeniile politic, economic, social \u0219i externe. Ulterior, a fost editor-coordonator al postului Realitatea FM. Experien\u021ba \u00een jurnalismul online a dob\u00e2ndit-o la portalul B365.ro, unde a fost editor. \u00cen 2012 s-a angajat \u00een televiziune. La Realitatea TV a fost, pe r\u00e2nd, reporter la sec\u021bia Social, reporter special la emisiunea de reportaje \u0219i anchete \u201eReporterii Realit\u0103\u021bii\u201d, dar \u0219i editor al jurnalelor de \u0219tiri. Ulterior, a f\u0103cut parte din sec\u021bia de Investiga\u021bii de la Digi24 \u0219i a lucrat la campania \u201eRom\u00e2nia furat\u0103\u201d. A revenit \u00een presa scris\u0103 \u00een 2017, ca reporter special, \u00een cadrul unui proiect de repozi\u021bionare a tabloidului Libertatea \u00een cotidian generalist. Este jurnalist Buletin de Bucure\u0219ti din 2019.\",\"url\":\"https:\\\/\\\/buletin.de\\\/bucuresti\\\/author\\\/catalin\\\/\"}]}<\/script>\n<!-- \/ Yoast SEO Premium plugin. -->","yoast_head_json":{"title":"EDITORIAL | Romsilva \u201eap\u0103r\u0103\u201d drujbele din p\u0103durile Ilfovului \u0219i atac\u0103 public activi\u0219tii de mediu care \u201egr\u0103besc\u201d proiectul \u201eCentura Verde\u201d. Viitoarea lege va proteja p\u0103durile de l\u00e2ng\u0103 Bucure\u0219ti \u0219i va limita exploatarea comercial\u0103 - Buletin de Bucure\u0219ti","robots":{"index":"index","follow":"follow","max-snippet":"max-snippet:-1","max-image-preview":"max-image-preview:large","max-video-preview":"max-video-preview:-1"},"canonical":"https:\/\/buletin.de\/bucuresti\/editorial-romsilva-apara-drujbele-din-padurile-ilfovului-si-ataca-public-activistii-de-mediu-care-grabesc-proiectul-centura-verde-viitoarea-leg\/","og_locale":"en_GB","og_type":"article","og_title":"EDITORIAL | Romsilva \u201eap\u0103r\u0103\u201d drujbele din p\u0103durile Ilfovului \u0219i atac\u0103 public activi\u0219tii de mediu care \u201egr\u0103besc\u201d proiectul \u201eCentura Verde\u201d. Viitoarea lege va proteja p\u0103durile de l\u00e2ng\u0103 Bucure\u0219ti \u0219i va limita exploatarea comercial\u0103","og_description":"Biroul de pres\u0103 al Romsilva a transmis un \u201edrept la replic\u0103\u201d dup\u0103 ce Buletin de Bucure\u0219ti a prezentat o serie de imagini surprinse de fondatorul grupului de ini\u021biativ\u0103 \u201eSalva\u021bi Codrii Vl\u0103siei\u201d. Acesta a ar\u0103tat cum sute de arbori s\u0103n\u0103to\u0219i au fost t\u0103ia\u021bi \u015fi depozita\u021bi la marginea potecilor din zona Rezerva\u0163iei P\u0103durii Snagov. Imaginile au fost [&hellip;]","og_url":"https:\/\/buletin.de\/bucuresti\/editorial-romsilva-apara-drujbele-din-padurile-ilfovului-si-ataca-public-activistii-de-mediu-care-grabesc-proiectul-centura-verde-viitoarea-leg\/","og_site_name":"Buletin de Bucure\u0219ti","article_publisher":"https:\/\/www.facebook.com\/buletin.de.buc","article_published_time":"2023-12-06T14:28:31+00:00","article_modified_time":"2023-12-07T05:12:43+00:00","og_image":[{"width":900,"height":514,"url":"https:\/\/buletin.de\/bucuresti\/wp-content\/uploads\/DALL\u00b7E-2023-12-06-12.13.57-A-detailed-landscape-scene-showing-severe-environmental-damage-near-Bucharest.-The-scene-includes-a-devastated-plain-forest-area-in-the-foreground-wit-900x514.png","type":"image\/png"}],"author":"C\u0103t\u0103lin Dosca\u0219","twitter_card":"summary_large_image","twitter_misc":{"Written by":"C\u0103t\u0103lin Dosca\u0219","Estimated reading time":"9 minutes"},"schema":{"@context":"https:\/\/schema.org","@graph":[{"@type":"Article","@id":"https:\/\/buletin.de\/bucuresti\/editorial-romsilva-apara-drujbele-din-padurile-ilfovului-si-ataca-public-activistii-de-mediu-care-grabesc-proiectul-centura-verde-viitoarea-leg\/#article","isPartOf":{"@id":"https:\/\/buletin.de\/bucuresti\/editorial-romsilva-apara-drujbele-din-padurile-ilfovului-si-ataca-public-activistii-de-mediu-care-grabesc-proiectul-centura-verde-viitoarea-leg\/"},"author":{"name":"C\u0103t\u0103lin Dosca\u0219","@id":"https:\/\/buletin.de\/bucuresti\/#\/schema\/person\/31117187ed4d0bdb0a4c7d6acc79d0f8"},"headline":"EDITORIAL | Romsilva \u201eap\u0103r\u0103\u201d drujbele din p\u0103durile Ilfovului \u0219i atac\u0103 public activi\u0219tii de mediu care \u201egr\u0103besc\u201d proiectul \u201eCentura Verde\u201d. Viitoarea lege va proteja p\u0103durile de l\u00e2ng\u0103 Bucure\u0219ti \u0219i va limita exploatarea comercial\u0103","datePublished":"2023-12-06T14:28:31+00:00","dateModified":"2023-12-07T05:12:43+00:00","mainEntityOfPage":{"@id":"https:\/\/buletin.de\/bucuresti\/editorial-romsilva-apara-drujbele-din-padurile-ilfovului-si-ataca-public-activistii-de-mediu-care-grabesc-proiectul-centura-verde-viitoarea-leg\/"},"wordCount":1907,"publisher":{"@id":"https:\/\/buletin.de\/bucuresti\/#organization"},"image":{"@id":"https:\/\/buletin.de\/bucuresti\/editorial-romsilva-apara-drujbele-din-padurile-ilfovului-si-ataca-public-activistii-de-mediu-care-grabesc-proiectul-centura-verde-viitoarea-leg\/#primaryimage"},"thumbnailUrl":"https:\/\/buletin.de\/bucuresti\/wp-content\/uploads\/DALL\u00b7E-2023-12-06-12.13.57-A-detailed-landscape-scene-showing-severe-environmental-damage-near-Bucharest.-The-scene-includes-a-devastated-plain-forest-area-in-the-foreground-wit.png","keywords":["activism","defrisari","Ilfov","paduri","romsilva"],"articleSection":["Articole","Editorial","Featured","Mediu"],"inLanguage":"en-GB","copyrightYear":"2023","copyrightHolder":{"@id":"https:\/\/buletin.de\/bucuresti\/#organization"}},{"@type":"WebPage","@id":"https:\/\/buletin.de\/bucuresti\/editorial-romsilva-apara-drujbele-din-padurile-ilfovului-si-ataca-public-activistii-de-mediu-care-grabesc-proiectul-centura-verde-viitoarea-leg\/","url":"https:\/\/buletin.de\/bucuresti\/editorial-romsilva-apara-drujbele-din-padurile-ilfovului-si-ataca-public-activistii-de-mediu-care-grabesc-proiectul-centura-verde-viitoarea-leg\/","name":"EDITORIAL | Romsilva \u201eap\u0103r\u0103\u201d drujbele din p\u0103durile Ilfovului \u0219i atac\u0103 public activi\u0219tii de mediu care \u201egr\u0103besc\u201d proiectul \u201eCentura Verde\u201d. Viitoarea lege va proteja p\u0103durile de l\u00e2ng\u0103 Bucure\u0219ti \u0219i va limita exploatarea comercial\u0103 - Buletin de Bucure\u0219ti","isPartOf":{"@id":"https:\/\/buletin.de\/bucuresti\/#website"},"primaryImageOfPage":{"@id":"https:\/\/buletin.de\/bucuresti\/editorial-romsilva-apara-drujbele-din-padurile-ilfovului-si-ataca-public-activistii-de-mediu-care-grabesc-proiectul-centura-verde-viitoarea-leg\/#primaryimage"},"image":{"@id":"https:\/\/buletin.de\/bucuresti\/editorial-romsilva-apara-drujbele-din-padurile-ilfovului-si-ataca-public-activistii-de-mediu-care-grabesc-proiectul-centura-verde-viitoarea-leg\/#primaryimage"},"thumbnailUrl":"https:\/\/buletin.de\/bucuresti\/wp-content\/uploads\/DALL\u00b7E-2023-12-06-12.13.57-A-detailed-landscape-scene-showing-severe-environmental-damage-near-Bucharest.-The-scene-includes-a-devastated-plain-forest-area-in-the-foreground-wit.png","datePublished":"2023-12-06T14:28:31+00:00","dateModified":"2023-12-07T05:12:43+00:00","breadcrumb":{"@id":"https:\/\/buletin.de\/bucuresti\/editorial-romsilva-apara-drujbele-din-padurile-ilfovului-si-ataca-public-activistii-de-mediu-care-grabesc-proiectul-centura-verde-viitoarea-leg\/#breadcrumb"},"inLanguage":"en-GB","potentialAction":[{"@type":"ReadAction","target":["https:\/\/buletin.de\/bucuresti\/editorial-romsilva-apara-drujbele-din-padurile-ilfovului-si-ataca-public-activistii-de-mediu-care-grabesc-proiectul-centura-verde-viitoarea-leg\/"]}]},{"@type":"ImageObject","inLanguage":"en-GB","@id":"https:\/\/buletin.de\/bucuresti\/editorial-romsilva-apara-drujbele-din-padurile-ilfovului-si-ataca-public-activistii-de-mediu-care-grabesc-proiectul-centura-verde-viitoarea-leg\/#primaryimage","url":"https:\/\/buletin.de\/bucuresti\/wp-content\/uploads\/DALL\u00b7E-2023-12-06-12.13.57-A-detailed-landscape-scene-showing-severe-environmental-damage-near-Bucharest.-The-scene-includes-a-devastated-plain-forest-area-in-the-foreground-wit.png","contentUrl":"https:\/\/buletin.de\/bucuresti\/wp-content\/uploads\/DALL\u00b7E-2023-12-06-12.13.57-A-detailed-landscape-scene-showing-severe-environmental-damage-near-Bucharest.-The-scene-includes-a-devastated-plain-forest-area-in-the-foreground-wit.png","width":1792,"height":1024,"caption":"FOTO: DALL-E"},{"@type":"BreadcrumbList","@id":"https:\/\/buletin.de\/bucuresti\/editorial-romsilva-apara-drujbele-din-padurile-ilfovului-si-ataca-public-activistii-de-mediu-care-grabesc-proiectul-centura-verde-viitoarea-leg\/#breadcrumb","itemListElement":[{"@type":"ListItem","position":1,"name":"Acas\u0103","item":"https:\/\/buletin.de\/bucuresti\/"},{"@type":"ListItem","position":2,"name":"EDITORIAL | Romsilva \u201eap\u0103r\u0103\u201d drujbele din p\u0103durile Ilfovului \u0219i atac\u0103 public activi\u0219tii de mediu care \u201egr\u0103besc\u201d proiectul \u201eCentura Verde\u201d. Viitoarea lege va proteja p\u0103durile de l\u00e2ng\u0103 Bucure\u0219ti \u0219i va limita exploatarea comercial\u0103"}]},{"@type":"WebSite","@id":"https:\/\/buletin.de\/bucuresti\/#website","url":"https:\/\/buletin.de\/bucuresti\/","name":"Buletin de Bucure\u0219ti","description":"\u0218tiri \u0219i investiga\u021bii esen\u021biale din capital\u0103","publisher":{"@id":"https:\/\/buletin.de\/bucuresti\/#organization"},"potentialAction":[{"@type":"SearchAction","target":{"@type":"EntryPoint","urlTemplate":"https:\/\/buletin.de\/bucuresti\/?s={search_term_string}"},"query-input":{"@type":"PropertyValueSpecification","valueRequired":true,"valueName":"search_term_string"}}],"inLanguage":"en-GB"},{"@type":"Organization","@id":"https:\/\/buletin.de\/bucuresti\/#organization","name":"Buletin de Bucure\u0219ti","url":"https:\/\/buletin.de\/bucuresti\/","logo":{"@type":"ImageObject","inLanguage":"en-GB","@id":"https:\/\/buletin.de\/bucuresti\/#\/schema\/logo\/image\/","url":"https:\/\/buletin.de\/bucuresti\/wp-content\/uploads\/logo-bdb-full-wide-vernil-transparent.png","contentUrl":"https:\/\/buletin.de\/bucuresti\/wp-content\/uploads\/logo-bdb-full-wide-vernil-transparent.png","width":1782,"height":626,"caption":"Buletin de Bucure\u0219ti"},"image":{"@id":"https:\/\/buletin.de\/bucuresti\/#\/schema\/logo\/image\/"},"sameAs":["https:\/\/www.facebook.com\/buletin.de.buc","https:\/\/www.instagram.com\/buletinde.bucuresti\/"]},{"@type":"Person","@id":"https:\/\/buletin.de\/bucuresti\/#\/schema\/person\/31117187ed4d0bdb0a4c7d6acc79d0f8","name":"C\u0103t\u0103lin Dosca\u0219","image":{"@type":"ImageObject","inLanguage":"en-GB","@id":"https:\/\/buletin.de\/bucuresti\/wp-content\/uploads\/Catalin-Doscas-e1732731064764-96x96.jpga93e2943bb3b1c1f9ead823df6e6317a","url":"https:\/\/buletin.de\/bucuresti\/wp-content\/uploads\/Catalin-Doscas-e1732731064764-96x96.jpg","contentUrl":"https:\/\/buletin.de\/bucuresti\/wp-content\/uploads\/Catalin-Doscas-e1732731064764-96x96.jpg","caption":"C\u0103t\u0103lin Dosca\u0219"},"description":"Reporter \u0219i redactor-\u0219ef Buletin de Bucure\u0219ti. Lucreaz\u0103 \u00een mass-media de la v\u00e2rsta de 15 ani, c\u00e2nd a publicat primele articole \u00een presa local\u0103 din Tecuci. \u00cen Bucure\u0219ti a lucrat \u00een redac\u021bii radio ca reporter, redactor \u0219i prezentator (StudentFM, Na\u021bionalFM, Radio Total, Smart FM), unde a acoperit domeniile politic, economic, social \u0219i externe. Ulterior, a fost editor-coordonator al postului Realitatea FM. Experien\u021ba \u00een jurnalismul online a dob\u00e2ndit-o la portalul B365.ro, unde a fost editor. \u00cen 2012 s-a angajat \u00een televiziune. La Realitatea TV a fost, pe r\u00e2nd, reporter la sec\u021bia Social, reporter special la emisiunea de reportaje \u0219i anchete \u201eReporterii Realit\u0103\u021bii\u201d, dar \u0219i editor al jurnalelor de \u0219tiri. Ulterior, a f\u0103cut parte din sec\u021bia de Investiga\u021bii de la Digi24 \u0219i a lucrat la campania \u201eRom\u00e2nia furat\u0103\u201d. A revenit \u00een presa scris\u0103 \u00een 2017, ca reporter special, \u00een cadrul unui proiect de repozi\u021bionare a tabloidului Libertatea \u00een cotidian generalist. Este jurnalist Buletin de Bucure\u0219ti din 2019.","url":"https:\/\/buletin.de\/bucuresti\/author\/catalin\/"}]}},"authors":[{"term_id":22575,"user_id":10,"is_guest":0,"slug":"catalin","display_name":"C\u0103t\u0103lin Dosca\u0219","avatar_url":"https:\/\/buletin.de\/bucuresti\/wp-content\/uploads\/Catalin-Doscas-e1732731064764-96x96.jpg","0":null,"1":"","2":"","3":"","4":"","5":"","6":"","7":"","8":""}],"_links":{"self":[{"href":"https:\/\/buletin.de\/bucuresti\/wp-json\/wp\/v2\/posts\/71376","targetHints":{"allow":["GET"]}}],"collection":[{"href":"https:\/\/buletin.de\/bucuresti\/wp-json\/wp\/v2\/posts"}],"about":[{"href":"https:\/\/buletin.de\/bucuresti\/wp-json\/wp\/v2\/types\/post"}],"author":[{"embeddable":true,"href":"https:\/\/buletin.de\/bucuresti\/wp-json\/wp\/v2\/users\/10"}],"replies":[{"embeddable":true,"href":"https:\/\/buletin.de\/bucuresti\/wp-json\/wp\/v2\/comments?post=71376"}],"version-history":[{"count":19,"href":"https:\/\/buletin.de\/bucuresti\/wp-json\/wp\/v2\/posts\/71376\/revisions"}],"predecessor-version":[{"id":71474,"href":"https:\/\/buletin.de\/bucuresti\/wp-json\/wp\/v2\/posts\/71376\/revisions\/71474"}],"wp:featuredmedia":[{"embeddable":true,"href":"https:\/\/buletin.de\/bucuresti\/wp-json\/wp\/v2\/media\/71381"}],"wp:attachment":[{"href":"https:\/\/buletin.de\/bucuresti\/wp-json\/wp\/v2\/media?parent=71376"}],"wp:term":[{"taxonomy":"category","embeddable":true,"href":"https:\/\/buletin.de\/bucuresti\/wp-json\/wp\/v2\/categories?post=71376"},{"taxonomy":"post_tag","embeddable":true,"href":"https:\/\/buletin.de\/bucuresti\/wp-json\/wp\/v2\/tags?post=71376"},{"taxonomy":"author","embeddable":true,"href":"https:\/\/buletin.de\/bucuresti\/wp-json\/wp\/v2\/ppma_author?post=71376"}],"curies":[{"name":"wp","href":"https:\/\/api.w.org\/{rel}","templated":true}]}}