{"id":71286,"date":"2023-12-06T12:36:19","date_gmt":"2023-12-06T10:36:19","guid":{"rendered":"https:\/\/buletin.de\/bucuresti\/?p=71286"},"modified":"2023-12-06T12:36:19","modified_gmt":"2023-12-06T10:36:19","slug":"teatre-bucurestene-de-prestigiu-risca-sa-fie-inchise-din-cauza-riscului-seismic","status":"publish","type":"post","link":"https:\/\/buletin.de\/bucuresti\/teatre-bucurestene-de-prestigiu-risca-sa-fie-inchise-din-cauza-riscului-seismic\/","title":{"rendered":"Teatre bucure\u0219tene de prestigiu risc\u0103 s\u0103 fie \u00eenchise din cauza riscului seismic"},"content":{"rendered":"\n<p><strong>Mai multe teatre din Capital\u0103 sunt nevoite s\u0103 \u00ee\u0219i relocheze activitatea din cauza riscului seismic. \u00cen caz contrar, acestea risc\u0103 s\u0103 se \u00eenchid\u0103. Printre institu\u021biile afectate se num\u0103r\u0103 teatre renumite, cu o istorie bogat\u0103, precum Teatrul Bulandra, Teatrul Nottara \u0219i Teatrul Mic, anun\u021b\u0103 primarul general Nicu\u0219or Dan.<\/strong><\/p>\n\n\n\n<p>Primarul General al Capitalei, Nicu\u0219or Dan a\u0219teapt\u0103 solu\u021bii privind relocarea institu\u021biilor \u00een alte s\u0103li de spectacol de la directorii teatrelor, inclusiv propuneri legate de bugetul necesar \u00eenchirierii spa\u021biilor, potrivit unor declara\u021bii ale edilului din cadrul unei conferin\u021be de pres\u0103.&nbsp;<\/p>\n\n\n\n<p><strong><em>\u201ePutem pl\u0103ti chirie pentru oric\u00e2te (n.r. s\u0103li de teatru) este nevoie s\u0103 nu punem oamenii \u00een pericol\u201d.<\/em><\/strong><\/p>\n\n\n\n<p>Desf\u0103\u0219urarea activit\u0103\u021bilor comerciale de orice natur\u0103 (inclusiv cultural\u0103) \u00een cl\u0103dirile cu risc seismic I sau II este strict interzis\u0103, potrivit Legii 243\/2023, adoptat\u0103 \u00een luna iulie a acestui an.<\/p>\n\n\n\n<p>Actorii sunt \u00eengrijora\u021bi de viitorul teatrelor, par s\u0103 continue s\u0103 pun\u0103 \u00een scen\u0103 spectacole f\u0103r\u0103 certitudinea c\u0103 vor mai avea un spa\u021biu \u00een care s\u0103 \u00ee\u0219i desf\u0103\u0219oare manifesta\u021biile.<\/p>\n\n\n\n<p><strong><em>\u201eAst\u0103zi este o zi trist\u0103 pentru mine, Simona Mih\u0103escu, actri\u021b\u0103 a Teatrului Mic \u00eenc\u0103 din studen\u021bie. Am fost informa\u021bi c\u0103 sala teatrului este posibil s\u0103 se \u00eenchid\u0103. Mai mult dec\u00e2t at\u00e2t, direc\u021biunea Teatrului Mic \u0219i \u00een special, arti\u0219tii nu au primit nicio alternativa. Ce se va \u00eent\u00e2mpla cu produc\u021biile teatrului, cu arti\u0219tii dintre care cei mai mul\u021bi sunt tineri, se pare c\u0103 nimeni nu-\u0219i pune problema. Oare ce putem fi far\u00e3 educa\u021bie \u0219i f\u0103r\u0103 cultur\u0103?\u201d<\/em><\/strong><\/p>\n\n\n\n<p>Teatrul Notarra,  institu\u021bie aflat\u0103 \u00een subordinea Prim\u0103riei Capitalei \u0219i \u00eencadrat\u0103 la gradul II de risc seismic, a fost scos de pe lista de priorit\u0103\u021bi privind consolidarea cl\u0103dirilor cu bulin\u0103, la \u00eenceputul anului 2022, declar\u0103 Marinela \u021aepu\u0219, critic teatral \u0219i fost director al teatrului Notarra, \u00een cadrul unei emisiuni difuzate pe Canal 33. <\/p>\n\n\n\n<p>O situa\u021bie similar\u0103 a avut loc \u00een anul 2015 c\u00e2nd teatrul a fost \u00eenchis dup\u0103 ce ini\u021bial a fost \u00eencadrat gre\u0219it la gradul I de risc seismic, el fiind de fapt \u00een clasa a doua. Decizia a fost luat\u0103 \u00een baza legii 282\/2015 care interzice desf\u0103\u0219urarea activit\u0103\u021bilor ce presupun \u201eaglomer\u0103ri de persoane\u201d \u00een imobile \u00eencadrate \u00een gradul I de risc seismic. \u00cen acea perioad\u0103, \u0219i Teatrul Foarte Mic \u0219i-a suspendat activitatea.<\/p>\n\n\n\n<p>Noua lege nu mai face nicio diferen\u021biere privind clasa de risc seismic, activit\u0103\u021bile comerciale fiind strict interzise \u00een cl\u0103dirile \u00eencadrate \u00een risc seismic I \u0219i II, deopotriv\u0103.<\/p>\n","protected":false},"excerpt":{"rendered":"<p>Mai multe teatre din Capital\u0103 sunt nevoite s\u0103 \u00ee\u0219i relocheze activitatea din cauza riscului seismic. \u00cen caz contrar, acestea risc\u0103 s\u0103 se \u00eenchid\u0103. Printre institu\u021biile afectate se num\u0103r\u0103 teatre renumite, cu o istorie bogat\u0103, precum Teatrul Bulandra, Teatrul Nottara \u0219i Teatrul Mic, anun\u021b\u0103 primarul general Nicu\u0219or Dan. Primarul General al Capitalei, Nicu\u0219or Dan a\u0219teapt\u0103 solu\u021bii [&hellip;]<\/p>\n","protected":false},"author":55,"featured_media":71394,"comment_status":"closed","ping_status":"open","sticky":false,"template":"","format":"standard","meta":{"_acf_changed":false,"inline_featured_image":false,"ngg_post_thumbnail":0,"footnotes":""},"categories":[6994,81,5762],"tags":[8273,4279,8277,4115,8274,8275,8276],"ppma_author":[22573],"class_list":["post-71286","post","type-post","status-publish","format-standard","has-post-thumbnail","hentry","category-stiri-2","category-cultura","category-main","tag-consolidare-cladiri-cu-risc-seismic","tag-primarul-capitalei","tag-risc-seismic-ridicat","tag-teatre-bucuresti","tag-teatre-inchise","tag-teatrul-bulandra","tag-teatrul-notarra"],"acf":[],"yoast_head":"<!-- This site is optimized with the Yoast SEO Premium plugin v25.3 (Yoast SEO v27.5) - https:\/\/yoast.com\/product\/yoast-seo-premium-wordpress\/ -->\n<title>Teatre bucure\u0219tene de prestigiu risc\u0103 s\u0103 fie \u00eenchise din cauza riscului seismic - Buletin de Bucure\u0219ti<\/title>\n<meta name=\"robots\" content=\"index, follow, max-snippet:-1, max-image-preview:large, max-video-preview:-1\" \/>\n<link rel=\"canonical\" href=\"https:\/\/buletin.de\/bucuresti\/teatre-bucurestene-de-prestigiu-risca-sa-fie-inchise-din-cauza-riscului-seismic\/\" \/>\n<meta property=\"og:locale\" content=\"en_GB\" \/>\n<meta property=\"og:type\" content=\"article\" \/>\n<meta property=\"og:title\" content=\"Teatre bucure\u0219tene de prestigiu risc\u0103 s\u0103 fie \u00eenchise din cauza riscului seismic\" \/>\n<meta property=\"og:description\" content=\"Mai multe teatre din Capital\u0103 sunt nevoite s\u0103 \u00ee\u0219i relocheze activitatea din cauza riscului seismic. \u00cen caz contrar, acestea risc\u0103 s\u0103 se \u00eenchid\u0103. Printre institu\u021biile afectate se num\u0103r\u0103 teatre renumite, cu o istorie bogat\u0103, precum Teatrul Bulandra, Teatrul Nottara \u0219i Teatrul Mic, anun\u021b\u0103 primarul general Nicu\u0219or Dan. Primarul General al Capitalei, Nicu\u0219or Dan a\u0219teapt\u0103 solu\u021bii [&hellip;]\" \/>\n<meta property=\"og:url\" content=\"https:\/\/buletin.de\/bucuresti\/teatre-bucurestene-de-prestigiu-risca-sa-fie-inchise-din-cauza-riscului-seismic\/\" \/>\n<meta property=\"og:site_name\" content=\"Buletin de Bucure\u0219ti\" \/>\n<meta property=\"article:publisher\" content=\"https:\/\/www.facebook.com\/buletin.de.buc\" \/>\n<meta property=\"article:published_time\" content=\"2023-12-06T10:36:19+00:00\" \/>\n<meta property=\"og:image\" content=\"https:\/\/buletin.de\/bucuresti\/wp-content\/uploads\/358423235_670504901772511_8523552366891115324_n.jpg\" \/>\n\t<meta property=\"og:image:width\" content=\"2000\" \/>\n\t<meta property=\"og:image:height\" content=\"1995\" \/>\n\t<meta property=\"og:image:type\" content=\"image\/jpeg\" \/>\n<meta name=\"author\" content=\"Andreea Tudor\" \/>\n<meta name=\"twitter:card\" content=\"summary_large_image\" \/>\n<meta name=\"twitter:label1\" content=\"Written by\" \/>\n\t<meta name=\"twitter:data1\" content=\"Andreea Tudor\" \/>\n\t<meta name=\"twitter:label2\" content=\"Estimated reading time\" \/>\n\t<meta name=\"twitter:data2\" content=\"2 minutes\" \/>\n<script type=\"application\/ld+json\" class=\"yoast-schema-graph\">{\"@context\":\"https:\\\/\\\/schema.org\",\"@graph\":[{\"@type\":\"Article\",\"@id\":\"https:\\\/\\\/buletin.de\\\/bucuresti\\\/teatre-bucurestene-de-prestigiu-risca-sa-fie-inchise-din-cauza-riscului-seismic\\\/#article\",\"isPartOf\":{\"@id\":\"https:\\\/\\\/buletin.de\\\/bucuresti\\\/teatre-bucurestene-de-prestigiu-risca-sa-fie-inchise-din-cauza-riscului-seismic\\\/\"},\"author\":{\"name\":\"Andreea Tudor\",\"@id\":\"https:\\\/\\\/buletin.de\\\/bucuresti\\\/#\\\/schema\\\/person\\\/150590659efde715459d159da012f501\"},\"headline\":\"Teatre bucure\u0219tene de prestigiu risc\u0103 s\u0103 fie \u00eenchise din cauza riscului seismic\",\"datePublished\":\"2023-12-06T10:36:19+00:00\",\"mainEntityOfPage\":{\"@id\":\"https:\\\/\\\/buletin.de\\\/bucuresti\\\/teatre-bucurestene-de-prestigiu-risca-sa-fie-inchise-din-cauza-riscului-seismic\\\/\"},\"wordCount\":446,\"publisher\":{\"@id\":\"https:\\\/\\\/buletin.de\\\/bucuresti\\\/#organization\"},\"image\":{\"@id\":\"https:\\\/\\\/buletin.de\\\/bucuresti\\\/teatre-bucurestene-de-prestigiu-risca-sa-fie-inchise-din-cauza-riscului-seismic\\\/#primaryimage\"},\"thumbnailUrl\":\"https:\\\/\\\/buletin.de\\\/bucuresti\\\/wp-content\\\/uploads\\\/358423235_670504901772511_8523552366891115324_n.jpg\",\"keywords\":[\"consolidare cladiri cu risc seismic\",\"Primarul Capitalei\",\"risc seismic ridicat\",\"Teatre bucuresti\",\"teatre inchise\",\"Teatrul Bulandra\",\"TeatruL Notarra\"],\"articleSection\":[\"Articole\",\"Cultur\u0103\",\"Main\"],\"inLanguage\":\"en-GB\",\"copyrightYear\":\"2023\",\"copyrightHolder\":{\"@id\":\"https:\\\/\\\/buletin.de\\\/bucuresti\\\/#organization\"}},{\"@type\":\"WebPage\",\"@id\":\"https:\\\/\\\/buletin.de\\\/bucuresti\\\/teatre-bucurestene-de-prestigiu-risca-sa-fie-inchise-din-cauza-riscului-seismic\\\/\",\"url\":\"https:\\\/\\\/buletin.de\\\/bucuresti\\\/teatre-bucurestene-de-prestigiu-risca-sa-fie-inchise-din-cauza-riscului-seismic\\\/\",\"name\":\"Teatre bucure\u0219tene de prestigiu risc\u0103 s\u0103 fie \u00eenchise din cauza riscului seismic - Buletin de Bucure\u0219ti\",\"isPartOf\":{\"@id\":\"https:\\\/\\\/buletin.de\\\/bucuresti\\\/#website\"},\"primaryImageOfPage\":{\"@id\":\"https:\\\/\\\/buletin.de\\\/bucuresti\\\/teatre-bucurestene-de-prestigiu-risca-sa-fie-inchise-din-cauza-riscului-seismic\\\/#primaryimage\"},\"image\":{\"@id\":\"https:\\\/\\\/buletin.de\\\/bucuresti\\\/teatre-bucurestene-de-prestigiu-risca-sa-fie-inchise-din-cauza-riscului-seismic\\\/#primaryimage\"},\"thumbnailUrl\":\"https:\\\/\\\/buletin.de\\\/bucuresti\\\/wp-content\\\/uploads\\\/358423235_670504901772511_8523552366891115324_n.jpg\",\"datePublished\":\"2023-12-06T10:36:19+00:00\",\"breadcrumb\":{\"@id\":\"https:\\\/\\\/buletin.de\\\/bucuresti\\\/teatre-bucurestene-de-prestigiu-risca-sa-fie-inchise-din-cauza-riscului-seismic\\\/#breadcrumb\"},\"inLanguage\":\"en-GB\",\"potentialAction\":[{\"@type\":\"ReadAction\",\"target\":[\"https:\\\/\\\/buletin.de\\\/bucuresti\\\/teatre-bucurestene-de-prestigiu-risca-sa-fie-inchise-din-cauza-riscului-seismic\\\/\"]}]},{\"@type\":\"ImageObject\",\"inLanguage\":\"en-GB\",\"@id\":\"https:\\\/\\\/buletin.de\\\/bucuresti\\\/teatre-bucurestene-de-prestigiu-risca-sa-fie-inchise-din-cauza-riscului-seismic\\\/#primaryimage\",\"url\":\"https:\\\/\\\/buletin.de\\\/bucuresti\\\/wp-content\\\/uploads\\\/358423235_670504901772511_8523552366891115324_n.jpg\",\"contentUrl\":\"https:\\\/\\\/buletin.de\\\/bucuresti\\\/wp-content\\\/uploads\\\/358423235_670504901772511_8523552366891115324_n.jpg\",\"width\":2000,\"height\":1995,\"caption\":\"FOTO: Teatrul Nottara\"},{\"@type\":\"BreadcrumbList\",\"@id\":\"https:\\\/\\\/buletin.de\\\/bucuresti\\\/teatre-bucurestene-de-prestigiu-risca-sa-fie-inchise-din-cauza-riscului-seismic\\\/#breadcrumb\",\"itemListElement\":[{\"@type\":\"ListItem\",\"position\":1,\"name\":\"Acas\u0103\",\"item\":\"https:\\\/\\\/buletin.de\\\/bucuresti\\\/\"},{\"@type\":\"ListItem\",\"position\":2,\"name\":\"Teatre bucure\u0219tene de prestigiu risc\u0103 s\u0103 fie \u00eenchise din cauza riscului seismic\"}]},{\"@type\":\"WebSite\",\"@id\":\"https:\\\/\\\/buletin.de\\\/bucuresti\\\/#website\",\"url\":\"https:\\\/\\\/buletin.de\\\/bucuresti\\\/\",\"name\":\"Buletin de Bucure\u0219ti\",\"description\":\"\u0218tiri \u0219i investiga\u021bii esen\u021biale din capital\u0103\",\"publisher\":{\"@id\":\"https:\\\/\\\/buletin.de\\\/bucuresti\\\/#organization\"},\"potentialAction\":[{\"@type\":\"SearchAction\",\"target\":{\"@type\":\"EntryPoint\",\"urlTemplate\":\"https:\\\/\\\/buletin.de\\\/bucuresti\\\/?s={search_term_string}\"},\"query-input\":{\"@type\":\"PropertyValueSpecification\",\"valueRequired\":true,\"valueName\":\"search_term_string\"}}],\"inLanguage\":\"en-GB\"},{\"@type\":\"Organization\",\"@id\":\"https:\\\/\\\/buletin.de\\\/bucuresti\\\/#organization\",\"name\":\"Buletin de Bucure\u0219ti\",\"url\":\"https:\\\/\\\/buletin.de\\\/bucuresti\\\/\",\"logo\":{\"@type\":\"ImageObject\",\"inLanguage\":\"en-GB\",\"@id\":\"https:\\\/\\\/buletin.de\\\/bucuresti\\\/#\\\/schema\\\/logo\\\/image\\\/\",\"url\":\"https:\\\/\\\/buletin.de\\\/bucuresti\\\/wp-content\\\/uploads\\\/logo-bdb-full-wide-vernil-transparent.png\",\"contentUrl\":\"https:\\\/\\\/buletin.de\\\/bucuresti\\\/wp-content\\\/uploads\\\/logo-bdb-full-wide-vernil-transparent.png\",\"width\":1782,\"height\":626,\"caption\":\"Buletin de Bucure\u0219ti\"},\"image\":{\"@id\":\"https:\\\/\\\/buletin.de\\\/bucuresti\\\/#\\\/schema\\\/logo\\\/image\\\/\"},\"sameAs\":[\"https:\\\/\\\/www.facebook.com\\\/buletin.de.buc\",\"https:\\\/\\\/www.instagram.com\\\/buletinde.bucuresti\\\/\"]},{\"@type\":\"Person\",\"@id\":\"https:\\\/\\\/buletin.de\\\/bucuresti\\\/#\\\/schema\\\/person\\\/150590659efde715459d159da012f501\",\"name\":\"Andreea Tudor\",\"image\":{\"@type\":\"ImageObject\",\"inLanguage\":\"en-GB\",\"@id\":\"https:\\\/\\\/secure.gravatar.com\\\/avatar\\\/a88705a186ab0b67f3349bcbced506c09e37256fbaad0e7f3bd1a79b4599f589?s=96&d=monsterid&r=g79290610aa1a65c2b86eebc2ca5aee8f\",\"url\":\"https:\\\/\\\/secure.gravatar.com\\\/avatar\\\/a88705a186ab0b67f3349bcbced506c09e37256fbaad0e7f3bd1a79b4599f589?s=96&d=monsterid&r=g\",\"contentUrl\":\"https:\\\/\\\/secure.gravatar.com\\\/avatar\\\/a88705a186ab0b67f3349bcbced506c09e37256fbaad0e7f3bd1a79b4599f589?s=96&d=monsterid&r=g\",\"caption\":\"Andreea Tudor\"},\"description\":\"N\u0103scut\u0103 \u0219i crescut\u0103 \u00een Bucure\u0219ti, sus\u021bin\u0103toare a presei independente. A\u0219a am ajuns redactor la Buletin de Bucure\u0219ti. Fiind eu, \u00eens\u0103mi, parte a sistemului de \u00eenv\u0103\u021b\u0103m\u00e2nt rom\u00e2nesc \u0219i pasionat\u0103 de domeniul social, pun sub lup\u0103 tot ceea ce se \u00eent\u00e2mpl\u0103 \u00een sfera educa\u021biei. Cred cu t\u0103rie c\u0103 presa \u201epentru cet\u0103\u021beni\u201d este presa independent\u0103. Oamenii au nevoie de o informare corect\u0103 pentru a \u00een\u021belege pe deplin ce se \u00eent\u00e2mpl\u0103 \u00een jurul lor \u0219i pentru a lua ac\u021biune \u00eempotriva nedrept\u0103\u021bilor.\",\"url\":\"https:\\\/\\\/buletin.de\\\/bucuresti\\\/author\\\/andreeatudor\\\/\"}]}<\/script>\n<!-- \/ Yoast SEO Premium plugin. -->","yoast_head_json":{"title":"Teatre bucure\u0219tene de prestigiu risc\u0103 s\u0103 fie \u00eenchise din cauza riscului seismic - Buletin de Bucure\u0219ti","robots":{"index":"index","follow":"follow","max-snippet":"max-snippet:-1","max-image-preview":"max-image-preview:large","max-video-preview":"max-video-preview:-1"},"canonical":"https:\/\/buletin.de\/bucuresti\/teatre-bucurestene-de-prestigiu-risca-sa-fie-inchise-din-cauza-riscului-seismic\/","og_locale":"en_GB","og_type":"article","og_title":"Teatre bucure\u0219tene de prestigiu risc\u0103 s\u0103 fie \u00eenchise din cauza riscului seismic","og_description":"Mai multe teatre din Capital\u0103 sunt nevoite s\u0103 \u00ee\u0219i relocheze activitatea din cauza riscului seismic. \u00cen caz contrar, acestea risc\u0103 s\u0103 se \u00eenchid\u0103. Printre institu\u021biile afectate se num\u0103r\u0103 teatre renumite, cu o istorie bogat\u0103, precum Teatrul Bulandra, Teatrul Nottara \u0219i Teatrul Mic, anun\u021b\u0103 primarul general Nicu\u0219or Dan. Primarul General al Capitalei, Nicu\u0219or Dan a\u0219teapt\u0103 solu\u021bii [&hellip;]","og_url":"https:\/\/buletin.de\/bucuresti\/teatre-bucurestene-de-prestigiu-risca-sa-fie-inchise-din-cauza-riscului-seismic\/","og_site_name":"Buletin de Bucure\u0219ti","article_publisher":"https:\/\/www.facebook.com\/buletin.de.buc","article_published_time":"2023-12-06T10:36:19+00:00","og_image":[{"width":2000,"height":1995,"url":"https:\/\/buletin.de\/bucuresti\/wp-content\/uploads\/358423235_670504901772511_8523552366891115324_n.jpg","type":"image\/jpeg"}],"author":"Andreea Tudor","twitter_card":"summary_large_image","twitter_misc":{"Written by":"Andreea Tudor","Estimated reading time":"2 minutes"},"schema":{"@context":"https:\/\/schema.org","@graph":[{"@type":"Article","@id":"https:\/\/buletin.de\/bucuresti\/teatre-bucurestene-de-prestigiu-risca-sa-fie-inchise-din-cauza-riscului-seismic\/#article","isPartOf":{"@id":"https:\/\/buletin.de\/bucuresti\/teatre-bucurestene-de-prestigiu-risca-sa-fie-inchise-din-cauza-riscului-seismic\/"},"author":{"name":"Andreea Tudor","@id":"https:\/\/buletin.de\/bucuresti\/#\/schema\/person\/150590659efde715459d159da012f501"},"headline":"Teatre bucure\u0219tene de prestigiu risc\u0103 s\u0103 fie \u00eenchise din cauza riscului seismic","datePublished":"2023-12-06T10:36:19+00:00","mainEntityOfPage":{"@id":"https:\/\/buletin.de\/bucuresti\/teatre-bucurestene-de-prestigiu-risca-sa-fie-inchise-din-cauza-riscului-seismic\/"},"wordCount":446,"publisher":{"@id":"https:\/\/buletin.de\/bucuresti\/#organization"},"image":{"@id":"https:\/\/buletin.de\/bucuresti\/teatre-bucurestene-de-prestigiu-risca-sa-fie-inchise-din-cauza-riscului-seismic\/#primaryimage"},"thumbnailUrl":"https:\/\/buletin.de\/bucuresti\/wp-content\/uploads\/358423235_670504901772511_8523552366891115324_n.jpg","keywords":["consolidare cladiri cu risc seismic","Primarul Capitalei","risc seismic ridicat","Teatre bucuresti","teatre inchise","Teatrul Bulandra","TeatruL Notarra"],"articleSection":["Articole","Cultur\u0103","Main"],"inLanguage":"en-GB","copyrightYear":"2023","copyrightHolder":{"@id":"https:\/\/buletin.de\/bucuresti\/#organization"}},{"@type":"WebPage","@id":"https:\/\/buletin.de\/bucuresti\/teatre-bucurestene-de-prestigiu-risca-sa-fie-inchise-din-cauza-riscului-seismic\/","url":"https:\/\/buletin.de\/bucuresti\/teatre-bucurestene-de-prestigiu-risca-sa-fie-inchise-din-cauza-riscului-seismic\/","name":"Teatre bucure\u0219tene de prestigiu risc\u0103 s\u0103 fie \u00eenchise din cauza riscului seismic - Buletin de Bucure\u0219ti","isPartOf":{"@id":"https:\/\/buletin.de\/bucuresti\/#website"},"primaryImageOfPage":{"@id":"https:\/\/buletin.de\/bucuresti\/teatre-bucurestene-de-prestigiu-risca-sa-fie-inchise-din-cauza-riscului-seismic\/#primaryimage"},"image":{"@id":"https:\/\/buletin.de\/bucuresti\/teatre-bucurestene-de-prestigiu-risca-sa-fie-inchise-din-cauza-riscului-seismic\/#primaryimage"},"thumbnailUrl":"https:\/\/buletin.de\/bucuresti\/wp-content\/uploads\/358423235_670504901772511_8523552366891115324_n.jpg","datePublished":"2023-12-06T10:36:19+00:00","breadcrumb":{"@id":"https:\/\/buletin.de\/bucuresti\/teatre-bucurestene-de-prestigiu-risca-sa-fie-inchise-din-cauza-riscului-seismic\/#breadcrumb"},"inLanguage":"en-GB","potentialAction":[{"@type":"ReadAction","target":["https:\/\/buletin.de\/bucuresti\/teatre-bucurestene-de-prestigiu-risca-sa-fie-inchise-din-cauza-riscului-seismic\/"]}]},{"@type":"ImageObject","inLanguage":"en-GB","@id":"https:\/\/buletin.de\/bucuresti\/teatre-bucurestene-de-prestigiu-risca-sa-fie-inchise-din-cauza-riscului-seismic\/#primaryimage","url":"https:\/\/buletin.de\/bucuresti\/wp-content\/uploads\/358423235_670504901772511_8523552366891115324_n.jpg","contentUrl":"https:\/\/buletin.de\/bucuresti\/wp-content\/uploads\/358423235_670504901772511_8523552366891115324_n.jpg","width":2000,"height":1995,"caption":"FOTO: Teatrul Nottara"},{"@type":"BreadcrumbList","@id":"https:\/\/buletin.de\/bucuresti\/teatre-bucurestene-de-prestigiu-risca-sa-fie-inchise-din-cauza-riscului-seismic\/#breadcrumb","itemListElement":[{"@type":"ListItem","position":1,"name":"Acas\u0103","item":"https:\/\/buletin.de\/bucuresti\/"},{"@type":"ListItem","position":2,"name":"Teatre bucure\u0219tene de prestigiu risc\u0103 s\u0103 fie \u00eenchise din cauza riscului seismic"}]},{"@type":"WebSite","@id":"https:\/\/buletin.de\/bucuresti\/#website","url":"https:\/\/buletin.de\/bucuresti\/","name":"Buletin de Bucure\u0219ti","description":"\u0218tiri \u0219i investiga\u021bii esen\u021biale din capital\u0103","publisher":{"@id":"https:\/\/buletin.de\/bucuresti\/#organization"},"potentialAction":[{"@type":"SearchAction","target":{"@type":"EntryPoint","urlTemplate":"https:\/\/buletin.de\/bucuresti\/?s={search_term_string}"},"query-input":{"@type":"PropertyValueSpecification","valueRequired":true,"valueName":"search_term_string"}}],"inLanguage":"en-GB"},{"@type":"Organization","@id":"https:\/\/buletin.de\/bucuresti\/#organization","name":"Buletin de Bucure\u0219ti","url":"https:\/\/buletin.de\/bucuresti\/","logo":{"@type":"ImageObject","inLanguage":"en-GB","@id":"https:\/\/buletin.de\/bucuresti\/#\/schema\/logo\/image\/","url":"https:\/\/buletin.de\/bucuresti\/wp-content\/uploads\/logo-bdb-full-wide-vernil-transparent.png","contentUrl":"https:\/\/buletin.de\/bucuresti\/wp-content\/uploads\/logo-bdb-full-wide-vernil-transparent.png","width":1782,"height":626,"caption":"Buletin de Bucure\u0219ti"},"image":{"@id":"https:\/\/buletin.de\/bucuresti\/#\/schema\/logo\/image\/"},"sameAs":["https:\/\/www.facebook.com\/buletin.de.buc","https:\/\/www.instagram.com\/buletinde.bucuresti\/"]},{"@type":"Person","@id":"https:\/\/buletin.de\/bucuresti\/#\/schema\/person\/150590659efde715459d159da012f501","name":"Andreea Tudor","image":{"@type":"ImageObject","inLanguage":"en-GB","@id":"https:\/\/secure.gravatar.com\/avatar\/a88705a186ab0b67f3349bcbced506c09e37256fbaad0e7f3bd1a79b4599f589?s=96&d=monsterid&r=g79290610aa1a65c2b86eebc2ca5aee8f","url":"https:\/\/secure.gravatar.com\/avatar\/a88705a186ab0b67f3349bcbced506c09e37256fbaad0e7f3bd1a79b4599f589?s=96&d=monsterid&r=g","contentUrl":"https:\/\/secure.gravatar.com\/avatar\/a88705a186ab0b67f3349bcbced506c09e37256fbaad0e7f3bd1a79b4599f589?s=96&d=monsterid&r=g","caption":"Andreea Tudor"},"description":"N\u0103scut\u0103 \u0219i crescut\u0103 \u00een Bucure\u0219ti, sus\u021bin\u0103toare a presei independente. A\u0219a am ajuns redactor la Buletin de Bucure\u0219ti. Fiind eu, \u00eens\u0103mi, parte a sistemului de \u00eenv\u0103\u021b\u0103m\u00e2nt rom\u00e2nesc \u0219i pasionat\u0103 de domeniul social, pun sub lup\u0103 tot ceea ce se \u00eent\u00e2mpl\u0103 \u00een sfera educa\u021biei. Cred cu t\u0103rie c\u0103 presa \u201epentru cet\u0103\u021beni\u201d este presa independent\u0103. Oamenii au nevoie de o informare corect\u0103 pentru a \u00een\u021belege pe deplin ce se \u00eent\u00e2mpl\u0103 \u00een jurul lor \u0219i pentru a lua ac\u021biune \u00eempotriva nedrept\u0103\u021bilor.","url":"https:\/\/buletin.de\/bucuresti\/author\/andreeatudor\/"}]}},"authors":[{"term_id":22573,"user_id":55,"is_guest":0,"slug":"andreeatudor","display_name":"Andreea Tudor","avatar_url":"https:\/\/secure.gravatar.com\/avatar\/a88705a186ab0b67f3349bcbced506c09e37256fbaad0e7f3bd1a79b4599f589?s=96&d=monsterid&r=g","0":null,"1":"","2":"","3":"","4":"","5":"","6":"","7":"","8":""}],"_links":{"self":[{"href":"https:\/\/buletin.de\/bucuresti\/wp-json\/wp\/v2\/posts\/71286","targetHints":{"allow":["GET"]}}],"collection":[{"href":"https:\/\/buletin.de\/bucuresti\/wp-json\/wp\/v2\/posts"}],"about":[{"href":"https:\/\/buletin.de\/bucuresti\/wp-json\/wp\/v2\/types\/post"}],"author":[{"embeddable":true,"href":"https:\/\/buletin.de\/bucuresti\/wp-json\/wp\/v2\/users\/55"}],"replies":[{"embeddable":true,"href":"https:\/\/buletin.de\/bucuresti\/wp-json\/wp\/v2\/comments?post=71286"}],"version-history":[{"count":5,"href":"https:\/\/buletin.de\/bucuresti\/wp-json\/wp\/v2\/posts\/71286\/revisions"}],"predecessor-version":[{"id":71395,"href":"https:\/\/buletin.de\/bucuresti\/wp-json\/wp\/v2\/posts\/71286\/revisions\/71395"}],"wp:featuredmedia":[{"embeddable":true,"href":"https:\/\/buletin.de\/bucuresti\/wp-json\/wp\/v2\/media\/71394"}],"wp:attachment":[{"href":"https:\/\/buletin.de\/bucuresti\/wp-json\/wp\/v2\/media?parent=71286"}],"wp:term":[{"taxonomy":"category","embeddable":true,"href":"https:\/\/buletin.de\/bucuresti\/wp-json\/wp\/v2\/categories?post=71286"},{"taxonomy":"post_tag","embeddable":true,"href":"https:\/\/buletin.de\/bucuresti\/wp-json\/wp\/v2\/tags?post=71286"},{"taxonomy":"author","embeddable":true,"href":"https:\/\/buletin.de\/bucuresti\/wp-json\/wp\/v2\/ppma_author?post=71286"}],"curies":[{"name":"wp","href":"https:\/\/api.w.org\/{rel}","templated":true}]}}