{"id":71244,"date":"2023-12-05T13:25:44","date_gmt":"2023-12-05T11:25:44","guid":{"rendered":"https:\/\/buletin.de\/bucuresti\/?p=71244"},"modified":"2023-12-05T14:10:02","modified_gmt":"2023-12-05T12:10:02","slug":"de-la-stiloul-de-primar-la-lopata-nicusor-dan-a-plantat-un-copac-pe-magheru-dintr-un-lot-de-280-de-arbori-rezistenti-la-poluare","status":"publish","type":"post","link":"https:\/\/buletin.de\/bucuresti\/de-la-stiloul-de-primar-la-lopata-nicusor-dan-a-plantat-un-copac-pe-magheru-dintr-un-lot-de-280-de-arbori-rezistenti-la-poluare\/","title":{"rendered":"De la stiloul de primar, la lopat\u0103. Nicu\u015for Dan a plantat un copac pe Magheru, dintr-un lot de 280 de arbori \u201erezisten\u0163i la poluare\u201d"},"content":{"rendered":"\n<p><strong>Dou\u0103 sute optzeci de copaci vor fi planta\u0163i \u00een aceast\u0103 perioad\u0103 \u00een Bucure\u015fti, pe bulevardul Magheru \u015fi pe Splaiul D\u00e2mbovi\u0163ei. Sunt copaci care sunt planta\u0163i \u201e\u00een compensare\u201d pentru unii care au fost t\u0103ia\u021bi. La ac\u0163iunea de plantare a participat \u015fi primarul Nicu\u015for Dan, care l-a s\u0103dit pe primul.<\/strong><\/p>\n\n\n\n<p>Oamenii din staff-ul lui Nicu\u015for Dan au transmis pe Facebook ac\u0163iunea de plantare, iar edilul a fost primul care a folosit lopata, sub privirile angaja\u0163ilor de la Spa\u0163ii Verzi \u015fi ale jurnali\u015ftilor. Vreme de dou\u0103 minute, primarul a luat p\u0103m\u00e2nt \u015fi l-a pus \u00een groapa f\u0103cut\u0103 pentru arbore.<\/p>\n\n\n\n<figure class=\"wp-block-gallery has-nested-images columns-default is-cropped wp-block-gallery-1 is-layout-flex wp-block-gallery-is-layout-flex\">\n<figure class=\"wp-block-image size-large\"><img fetchpriority=\"high\" decoding=\"async\" width=\"600\" height=\"900\" data-id=\"71274\" src=\"data:image\/gif;base64,R0lGODlhAQABAAAAACH5BAEKAAEALAAAAAABAAEAAAICTAEAOw==\" data-src=\"https:\/\/buletin.de\/bucuresti\/wp-content\/uploads\/nicusor-lopata2-600x900.jpg\" alt=\"\" class=\"wp-image-71274 lazyload\" data-sizes=\"auto\" data-srcset=\"https:\/\/buletin.de\/bucuresti\/wp-content\/uploads\/nicusor-lopata2-600x901.jpg 600w, https:\/\/buletin.de\/bucuresti\/wp-content\/uploads\/nicusor-lopata2-200x300.jpg 200w, https:\/\/buletin.de\/bucuresti\/wp-content\/uploads\/nicusor-lopata2-768x1153.jpg 768w, https:\/\/buletin.de\/bucuresti\/wp-content\/uploads\/nicusor-lopata2-1023x1536.jpg 1023w, https:\/\/buletin.de\/bucuresti\/wp-content\/uploads\/nicusor-lopata2-20x30.jpg 20w, https:\/\/buletin.de\/bucuresti\/wp-content\/uploads\/nicusor-lopata2.jpg 1066w\" sizes=\"(max-width: 600px) 100vw, 600px\" \/><figcaption class=\"wp-element-caption\">sursa: FB \/ Nicusor Dan<\/figcaption><\/figure>\n\n\n\n<figure class=\"wp-block-image size-large\"><img decoding=\"async\" width=\"600\" height=\"900\" data-id=\"71273\" src=\"data:image\/gif;base64,R0lGODlhAQABAAAAACH5BAEKAAEALAAAAAABAAEAAAICTAEAOw==\" data-src=\"https:\/\/buletin.de\/bucuresti\/wp-content\/uploads\/nicusor-lopata3-600x900.jpg\" alt=\"\" class=\"wp-image-71273 lazyload\" data-sizes=\"auto\" data-srcset=\"https:\/\/buletin.de\/bucuresti\/wp-content\/uploads\/nicusor-lopata3-600x901.jpg 600w, https:\/\/buletin.de\/bucuresti\/wp-content\/uploads\/nicusor-lopata3-200x300.jpg 200w, https:\/\/buletin.de\/bucuresti\/wp-content\/uploads\/nicusor-lopata3-768x1153.jpg 768w, https:\/\/buletin.de\/bucuresti\/wp-content\/uploads\/nicusor-lopata3-1023x1536.jpg 1023w, https:\/\/buletin.de\/bucuresti\/wp-content\/uploads\/nicusor-lopata3-20x30.jpg 20w, https:\/\/buletin.de\/bucuresti\/wp-content\/uploads\/nicusor-lopata3.jpg 1066w\" sizes=\"(max-width: 600px) 100vw, 600px\" \/><\/figure>\n<\/figure>\n\n\n\n<blockquote class=\"wp-block-quote is-layout-flow wp-block-quote-is-layout-flow\">\n<p class=\"has-medium-font-size\">Cine defri\u015feaz\u0103 trebuie s\u0103 planteze \u00een compensare. De data asta, e vorba de ni\u015fte copaci care au fost t\u0103ia\u0163i de Administra\u0163ia Spitalelor, din cur\u0163ile spitalelor. Erau copaci usca\u0163i. Administra\u0163ia Spitalelor, conform Hot\u0103r\u00e2rii de Consiliu, a pl\u0103tit cei 280 de copaci, pe care noi \u00eei plant\u0103m acum pe loca\u0163iile din Magheru \u015fi ulterior, pe loca\u0163iile libere de pe Splaiul D\u00e2mbovi\u0163ei.<\/p>\n<cite>nicu\u015for Dan<\/cite><\/blockquote>\n\n\n<p><iframe src=\"https:\/\/www.facebook.com\/plugins\/video.php?height=314&#038;href=https%3A%2F%2Fwww.facebook.com%2FNicusorDan.ro%2Fvideos%2F880456183773362%2F&#038;show_text=false&#038;width=560&#038;t=0\" width=\"560\" height=\"314\" style=\"border:none;overflow:hidden\" scrolling=\"no\" frameborder=\"0\" allowfullscreen=\"true\" allow=\"autoplay; clipboard-write; encrypted-media; picture-in-picture; web-share\" allowFullScreen=\"true\"><\/iframe><\/p>\n\n\n\n<p>\u201e<em>Speciali\u015ftii spun s\u0103 nu existe o specie predominant\u0103 \u00een ora\u015f, adic\u0103 s\u0103 nu aib\u0103 mai mult de 15%. Sunt arbori rezisten\u0163i la poluarea din Bucure\u015fti, adapta\u0163i pentru planta\u0163iile de aliniament<\/em>\u201c, a mai transmis primarul.<\/p>\n\n\n\n<p>Conform <a href=\"https:\/\/www.digi24.ro\/stiri\/actualitate\/bucuresti-in-primele-5-capitale-poluate-din-ue-specialist-cele-mai-mari-probleme-traficul-si-importurile-de-masini-din-vest-1991095\">celui mai recent raport IPCC<\/a>, Bucure\u015ftiul este \u00een topul celor mai poluate capitale europene. Ocup\u0103 al cincilea loc, dup\u0103 Var\u015fovia, Zagreb, Atena \u015fi Sofia. <\/p>\n\n\n\n<p>De altfel, <a href=\"https:\/\/buletin.de\/bucuresti\/studiu-spitalele-din-capitala-pline-cu-bolnavi-in-perioadele-cand-senzorii-de-aer-bat-in-rosu-938-de-internari-in-plus-doar-pentru-afectiuni-ale-aparatului-respirator\/\">un studiu realizat recent de o echip\u0103 interdisciplinar\u0103 de la Institutul de Pneumoftiziologie \u201eMarius Nasta\u201d \u0219i Academia de Studii Economice a scos la iveal\u0103 date \u00eengrijor\u0103toare cu privire la perioadele c\u00e2nd senzorii de monitorizare a calit\u0103\u021bii aerului \u00eenregistreaz\u0103 dep\u0103\u0219iri. Astfel, numai \u00een cazul intern\u0103rilor pentru afec\u021biuni ale aparatului respirator num\u0103rul cre\u0219te cu p\u00e2n\u0103 la 938. La acestea se adaug\u0103 intern\u0103rile pentru afec\u021biunile cardio-vasculare \u0219i accidentele vasculare cerebrale.<\/a><\/p>\n\n\n\n<figure class=\"wp-block-embed is-type-wp-embed is-provider-buletin-de-bucure\u0219ti wp-block-embed-buletin-de-bucure\u0219ti\"><div class=\"wp-block-embed__wrapper\">\n<blockquote class=\"wp-embedded-content\" data-secret=\"nDXdJyQrtj\"><a href=\"https:\/\/buletin.de\/bucuresti\/video-robert-negoita-in-hala-laminor-reclama-pentru-lamai-in-ghivece-de-sarbatori-ce-credeti-ca-este-aceasta-planta\/\">VIDEO | Robert Negoi\u021b\u0103, \u00een Hala Laminor, reclam\u0103 pentru l\u00e2m\u00e2i \u00een ghivece de S\u0103rb\u0103tori: \u201eCe crede\u021bi c\u0103 este aceast\u0103 plant\u0103?\u201d<\/a><\/blockquote><iframe class=\"wp-embedded-content\" sandbox=\"allow-scripts\" security=\"restricted\" style=\"position: absolute; clip: rect(1px, 1px, 1px, 1px);\" title=\"&#8220;VIDEO | Robert Negoi\u021b\u0103, \u00een Hala Laminor, reclam\u0103 pentru l\u00e2m\u00e2i \u00een ghivece de S\u0103rb\u0103tori: \u201eCe crede\u021bi c\u0103 este aceast\u0103 plant\u0103?\u201d&#8221; &#8212; Buletin de Bucure\u0219ti\" src=\"https:\/\/buletin.de\/bucuresti\/video-robert-negoita-in-hala-laminor-reclama-pentru-lamai-in-ghivece-de-sarbatori-ce-credeti-ca-este-aceasta-planta\/embed\/#?secret=EQKXgQzIS2#?secret=nDXdJyQrtj\" data-secret=\"nDXdJyQrtj\" width=\"600\" height=\"338\" frameborder=\"0\" marginwidth=\"0\" marginheight=\"0\" scrolling=\"no\"><\/iframe>\n<\/div><\/figure>\n\n\n\n<figure class=\"wp-block-embed is-type-wp-embed is-provider-buletin-de-bucure\u0219ti wp-block-embed-buletin-de-bucure\u0219ti\"><div class=\"wp-block-embed__wrapper\">\n<blockquote class=\"wp-embedded-content\" data-secret=\"oyhnuUOENy\"><a href=\"https:\/\/buletin.de\/bucuresti\/parcul-ior-transformat-in-jordie-politica-contre-intre-robert-negoita-si-nicusor-dan-pe-retrocedari\/\">Parcul IOR, transformat \u00een \u201ejordie\u201c politic\u0103:  contre \u00eentre Robert Negoi\u0163\u0103 \u015fi Nicu\u015for Dan pe retrocedare<\/a><\/blockquote><iframe class=\"wp-embedded-content\" sandbox=\"allow-scripts\" security=\"restricted\" style=\"position: absolute; clip: rect(1px, 1px, 1px, 1px);\" title=\"&#8220;Parcul IOR, transformat \u00een \u201ejordie\u201c politic\u0103:  contre \u00eentre Robert Negoi\u0163\u0103 \u015fi Nicu\u015for Dan pe retrocedare&#8221; &#8212; Buletin de Bucure\u0219ti\" src=\"https:\/\/buletin.de\/bucuresti\/parcul-ior-transformat-in-jordie-politica-contre-intre-robert-negoita-si-nicusor-dan-pe-retrocedari\/embed\/#?secret=ZEOpoH6XD9#?secret=oyhnuUOENy\" data-secret=\"oyhnuUOENy\" width=\"600\" height=\"338\" frameborder=\"0\" marginwidth=\"0\" marginheight=\"0\" scrolling=\"no\"><\/iframe>\n<\/div><\/figure>\n","protected":false},"excerpt":{"rendered":"<p>Dou\u0103 sute optzeci de copaci vor fi planta\u0163i \u00een aceast\u0103 perioad\u0103 \u00een Bucure\u015fti, pe bulevardul Magheru \u015fi pe Splaiul D\u00e2mbovi\u0163ei. Sunt copaci care sunt planta\u0163i \u201e\u00een compensare\u201d pentru unii care au fost t\u0103ia\u021bi. La ac\u0163iunea de plantare a participat \u015fi primarul Nicu\u015for Dan, care l-a s\u0103dit pe primul. Oamenii din staff-ul lui Nicu\u015for Dan au [&hellip;]<\/p>\n","protected":false},"author":8,"featured_media":71245,"comment_status":"closed","ping_status":"open","sticky":false,"template":"","format":"standard","meta":{"_acf_changed":false,"inline_featured_image":false,"ngg_post_thumbnail":0,"footnotes":""},"categories":[6994,5762,109,24],"tags":[8262,8263,8264,223],"ppma_author":[22586],"class_list":["post-71244","post","type-post","status-publish","format-standard","has-post-thumbnail","hentry","category-stiri-2","category-main","category-mediu","category-primarie","tag-copaci-plantati-magheru","tag-copaci-plantati-splai","tag-copaci-rezistenti-la-poluare","tag-nicusor-dan"],"acf":[],"yoast_head":"<!-- This site is optimized with the Yoast SEO Premium plugin v25.3 (Yoast SEO v27.4) - https:\/\/yoast.com\/product\/yoast-seo-premium-wordpress\/ -->\n<title>De la stiloul de primar, la lopat\u0103. Nicu\u015for Dan a plantat un copac pe Magheru, dintr-un lot de 280 de arbori \u201erezisten\u0163i la poluare\u201d - Buletin de Bucure\u0219ti<\/title>\n<meta name=\"robots\" content=\"index, follow, max-snippet:-1, max-image-preview:large, max-video-preview:-1\" \/>\n<link rel=\"canonical\" href=\"https:\/\/buletin.de\/bucuresti\/de-la-stiloul-de-primar-la-lopata-nicusor-dan-a-plantat-un-copac-pe-magheru-dintr-un-lot-de-280-de-arbori-rezistenti-la-poluare\/\" \/>\n<meta property=\"og:locale\" content=\"en_GB\" \/>\n<meta property=\"og:type\" content=\"article\" \/>\n<meta property=\"og:title\" content=\"De la stiloul de primar, la lopat\u0103. Nicu\u015for Dan a plantat un copac pe Magheru, dintr-un lot de 280 de arbori \u201erezisten\u0163i la poluare\u201d\" \/>\n<meta property=\"og:description\" content=\"Dou\u0103 sute optzeci de copaci vor fi planta\u0163i \u00een aceast\u0103 perioad\u0103 \u00een Bucure\u015fti, pe bulevardul Magheru \u015fi pe Splaiul D\u00e2mbovi\u0163ei. Sunt copaci care sunt planta\u0163i \u201e\u00een compensare\u201d pentru unii care au fost t\u0103ia\u021bi. La ac\u0163iunea de plantare a participat \u015fi primarul Nicu\u015for Dan, care l-a s\u0103dit pe primul. Oamenii din staff-ul lui Nicu\u015for Dan au [&hellip;]\" \/>\n<meta property=\"og:url\" content=\"https:\/\/buletin.de\/bucuresti\/de-la-stiloul-de-primar-la-lopata-nicusor-dan-a-plantat-un-copac-pe-magheru-dintr-un-lot-de-280-de-arbori-rezistenti-la-poluare\/\" \/>\n<meta property=\"og:site_name\" content=\"Buletin de Bucure\u0219ti\" \/>\n<meta property=\"article:publisher\" content=\"https:\/\/www.facebook.com\/buletin.de.buc\" \/>\n<meta property=\"article:published_time\" content=\"2023-12-05T11:25:44+00:00\" \/>\n<meta property=\"article:modified_time\" content=\"2023-12-05T12:10:02+00:00\" \/>\n<meta property=\"og:image\" content=\"https:\/\/buletin.de\/bucuresti\/wp-content\/uploads\/nicusor-lopata-900x410.png\" \/>\n\t<meta property=\"og:image:width\" content=\"900\" \/>\n\t<meta property=\"og:image:height\" content=\"410\" \/>\n\t<meta property=\"og:image:type\" content=\"image\/png\" \/>\n<meta name=\"author\" content=\"Ionu\u021b Lepa\" \/>\n<meta name=\"twitter:card\" content=\"summary_large_image\" \/>\n<meta name=\"twitter:label1\" content=\"Written by\" \/>\n\t<meta name=\"twitter:data1\" content=\"Ionu\u021b Lepa\" \/>\n\t<meta name=\"twitter:label2\" content=\"Estimated reading time\" \/>\n\t<meta name=\"twitter:data2\" content=\"2 minutes\" \/>\n<script type=\"application\/ld+json\" class=\"yoast-schema-graph\">{\"@context\":\"https:\\\/\\\/schema.org\",\"@graph\":[{\"@type\":\"Article\",\"@id\":\"https:\\\/\\\/buletin.de\\\/bucuresti\\\/de-la-stiloul-de-primar-la-lopata-nicusor-dan-a-plantat-un-copac-pe-magheru-dintr-un-lot-de-280-de-arbori-rezistenti-la-poluare\\\/#article\",\"isPartOf\":{\"@id\":\"https:\\\/\\\/buletin.de\\\/bucuresti\\\/de-la-stiloul-de-primar-la-lopata-nicusor-dan-a-plantat-un-copac-pe-magheru-dintr-un-lot-de-280-de-arbori-rezistenti-la-poluare\\\/\"},\"author\":{\"name\":\"Ionu\u021b Lepa\",\"@id\":\"https:\\\/\\\/buletin.de\\\/bucuresti\\\/#\\\/schema\\\/person\\\/5272b8a057b33890940b57b837fc4ce6\"},\"headline\":\"De la stiloul de primar, la lopat\u0103. Nicu\u015for Dan a plantat un copac pe Magheru, dintr-un lot de 280 de arbori \u201erezisten\u0163i la poluare\u201d\",\"datePublished\":\"2023-12-05T11:25:44+00:00\",\"dateModified\":\"2023-12-05T12:10:02+00:00\",\"mainEntityOfPage\":{\"@id\":\"https:\\\/\\\/buletin.de\\\/bucuresti\\\/de-la-stiloul-de-primar-la-lopata-nicusor-dan-a-plantat-un-copac-pe-magheru-dintr-un-lot-de-280-de-arbori-rezistenti-la-poluare\\\/\"},\"wordCount\":374,\"publisher\":{\"@id\":\"https:\\\/\\\/buletin.de\\\/bucuresti\\\/#organization\"},\"image\":{\"@id\":\"https:\\\/\\\/buletin.de\\\/bucuresti\\\/de-la-stiloul-de-primar-la-lopata-nicusor-dan-a-plantat-un-copac-pe-magheru-dintr-un-lot-de-280-de-arbori-rezistenti-la-poluare\\\/#primaryimage\"},\"thumbnailUrl\":\"https:\\\/\\\/buletin.de\\\/bucuresti\\\/wp-content\\\/uploads\\\/nicusor-lopata.png\",\"keywords\":[\"copaci plantati magheru\",\"copaci plantati splai\",\"copaci rezistenti la poluare\",\"nicusor dan\"],\"articleSection\":[\"Articole\",\"Main\",\"Mediu\",\"Prim\u0103rie\"],\"inLanguage\":\"en-GB\",\"copyrightYear\":\"2023\",\"copyrightHolder\":{\"@id\":\"https:\\\/\\\/buletin.de\\\/bucuresti\\\/#organization\"}},{\"@type\":\"WebPage\",\"@id\":\"https:\\\/\\\/buletin.de\\\/bucuresti\\\/de-la-stiloul-de-primar-la-lopata-nicusor-dan-a-plantat-un-copac-pe-magheru-dintr-un-lot-de-280-de-arbori-rezistenti-la-poluare\\\/\",\"url\":\"https:\\\/\\\/buletin.de\\\/bucuresti\\\/de-la-stiloul-de-primar-la-lopata-nicusor-dan-a-plantat-un-copac-pe-magheru-dintr-un-lot-de-280-de-arbori-rezistenti-la-poluare\\\/\",\"name\":\"De la stiloul de primar, la lopat\u0103. Nicu\u015for Dan a plantat un copac pe Magheru, dintr-un lot de 280 de arbori \u201erezisten\u0163i la poluare\u201d - Buletin de Bucure\u0219ti\",\"isPartOf\":{\"@id\":\"https:\\\/\\\/buletin.de\\\/bucuresti\\\/#website\"},\"primaryImageOfPage\":{\"@id\":\"https:\\\/\\\/buletin.de\\\/bucuresti\\\/de-la-stiloul-de-primar-la-lopata-nicusor-dan-a-plantat-un-copac-pe-magheru-dintr-un-lot-de-280-de-arbori-rezistenti-la-poluare\\\/#primaryimage\"},\"image\":{\"@id\":\"https:\\\/\\\/buletin.de\\\/bucuresti\\\/de-la-stiloul-de-primar-la-lopata-nicusor-dan-a-plantat-un-copac-pe-magheru-dintr-un-lot-de-280-de-arbori-rezistenti-la-poluare\\\/#primaryimage\"},\"thumbnailUrl\":\"https:\\\/\\\/buletin.de\\\/bucuresti\\\/wp-content\\\/uploads\\\/nicusor-lopata.png\",\"datePublished\":\"2023-12-05T11:25:44+00:00\",\"dateModified\":\"2023-12-05T12:10:02+00:00\",\"breadcrumb\":{\"@id\":\"https:\\\/\\\/buletin.de\\\/bucuresti\\\/de-la-stiloul-de-primar-la-lopata-nicusor-dan-a-plantat-un-copac-pe-magheru-dintr-un-lot-de-280-de-arbori-rezistenti-la-poluare\\\/#breadcrumb\"},\"inLanguage\":\"en-GB\",\"potentialAction\":[{\"@type\":\"ReadAction\",\"target\":[\"https:\\\/\\\/buletin.de\\\/bucuresti\\\/de-la-stiloul-de-primar-la-lopata-nicusor-dan-a-plantat-un-copac-pe-magheru-dintr-un-lot-de-280-de-arbori-rezistenti-la-poluare\\\/\"]}]},{\"@type\":\"ImageObject\",\"inLanguage\":\"en-GB\",\"@id\":\"https:\\\/\\\/buletin.de\\\/bucuresti\\\/de-la-stiloul-de-primar-la-lopata-nicusor-dan-a-plantat-un-copac-pe-magheru-dintr-un-lot-de-280-de-arbori-rezistenti-la-poluare\\\/#primaryimage\",\"url\":\"https:\\\/\\\/buletin.de\\\/bucuresti\\\/wp-content\\\/uploads\\\/nicusor-lopata.png\",\"contentUrl\":\"https:\\\/\\\/buletin.de\\\/bucuresti\\\/wp-content\\\/uploads\\\/nicusor-lopata.png\",\"width\":1900,\"height\":865,\"caption\":\"FOTO: Captur\u0103 din live-ul lui Nicu\u015for Dan, pe FB\"},{\"@type\":\"BreadcrumbList\",\"@id\":\"https:\\\/\\\/buletin.de\\\/bucuresti\\\/de-la-stiloul-de-primar-la-lopata-nicusor-dan-a-plantat-un-copac-pe-magheru-dintr-un-lot-de-280-de-arbori-rezistenti-la-poluare\\\/#breadcrumb\",\"itemListElement\":[{\"@type\":\"ListItem\",\"position\":1,\"name\":\"Acas\u0103\",\"item\":\"https:\\\/\\\/buletin.de\\\/bucuresti\\\/\"},{\"@type\":\"ListItem\",\"position\":2,\"name\":\"De la stiloul de primar, la lopat\u0103. Nicu\u015for Dan a plantat un copac pe Magheru, dintr-un lot de 280 de arbori \u201erezisten\u0163i la poluare\u201d\"}]},{\"@type\":\"WebSite\",\"@id\":\"https:\\\/\\\/buletin.de\\\/bucuresti\\\/#website\",\"url\":\"https:\\\/\\\/buletin.de\\\/bucuresti\\\/\",\"name\":\"Buletin de Bucure\u0219ti\",\"description\":\"\u0218tiri \u0219i investiga\u021bii esen\u021biale din capital\u0103\",\"publisher\":{\"@id\":\"https:\\\/\\\/buletin.de\\\/bucuresti\\\/#organization\"},\"potentialAction\":[{\"@type\":\"SearchAction\",\"target\":{\"@type\":\"EntryPoint\",\"urlTemplate\":\"https:\\\/\\\/buletin.de\\\/bucuresti\\\/?s={search_term_string}\"},\"query-input\":{\"@type\":\"PropertyValueSpecification\",\"valueRequired\":true,\"valueName\":\"search_term_string\"}}],\"inLanguage\":\"en-GB\"},{\"@type\":\"Organization\",\"@id\":\"https:\\\/\\\/buletin.de\\\/bucuresti\\\/#organization\",\"name\":\"Buletin de Bucure\u0219ti\",\"url\":\"https:\\\/\\\/buletin.de\\\/bucuresti\\\/\",\"logo\":{\"@type\":\"ImageObject\",\"inLanguage\":\"en-GB\",\"@id\":\"https:\\\/\\\/buletin.de\\\/bucuresti\\\/#\\\/schema\\\/logo\\\/image\\\/\",\"url\":\"https:\\\/\\\/buletin.de\\\/bucuresti\\\/wp-content\\\/uploads\\\/logo-bdb-full-wide-vernil-transparent.png\",\"contentUrl\":\"https:\\\/\\\/buletin.de\\\/bucuresti\\\/wp-content\\\/uploads\\\/logo-bdb-full-wide-vernil-transparent.png\",\"width\":1782,\"height\":626,\"caption\":\"Buletin de Bucure\u0219ti\"},\"image\":{\"@id\":\"https:\\\/\\\/buletin.de\\\/bucuresti\\\/#\\\/schema\\\/logo\\\/image\\\/\"},\"sameAs\":[\"https:\\\/\\\/www.facebook.com\\\/buletin.de.buc\",\"https:\\\/\\\/www.instagram.com\\\/buletinde.bucuresti\\\/\"]},{\"@type\":\"Person\",\"@id\":\"https:\\\/\\\/buletin.de\\\/bucuresti\\\/#\\\/schema\\\/person\\\/5272b8a057b33890940b57b837fc4ce6\",\"name\":\"Ionu\u021b Lepa\",\"image\":{\"@type\":\"ImageObject\",\"inLanguage\":\"en-GB\",\"@id\":\"https:\\\/\\\/buletin.de\\\/bucuresti\\\/wp-content\\\/uploads\\\/Ionut-Lepa-96x96.jpg5c4e4d9e049808799a8821652d2410a4\",\"url\":\"https:\\\/\\\/buletin.de\\\/bucuresti\\\/wp-content\\\/uploads\\\/Ionut-Lepa-96x96.jpg\",\"contentUrl\":\"https:\\\/\\\/buletin.de\\\/bucuresti\\\/wp-content\\\/uploads\\\/Ionut-Lepa-96x96.jpg\",\"caption\":\"Ionu\u021b Lepa\"},\"url\":\"https:\\\/\\\/buletin.de\\\/bucuresti\\\/author\\\/ionutlepa\\\/\"}]}<\/script>\n<!-- \/ Yoast SEO Premium plugin. -->","yoast_head_json":{"title":"De la stiloul de primar, la lopat\u0103. Nicu\u015for Dan a plantat un copac pe Magheru, dintr-un lot de 280 de arbori \u201erezisten\u0163i la poluare\u201d - Buletin de Bucure\u0219ti","robots":{"index":"index","follow":"follow","max-snippet":"max-snippet:-1","max-image-preview":"max-image-preview:large","max-video-preview":"max-video-preview:-1"},"canonical":"https:\/\/buletin.de\/bucuresti\/de-la-stiloul-de-primar-la-lopata-nicusor-dan-a-plantat-un-copac-pe-magheru-dintr-un-lot-de-280-de-arbori-rezistenti-la-poluare\/","og_locale":"en_GB","og_type":"article","og_title":"De la stiloul de primar, la lopat\u0103. Nicu\u015for Dan a plantat un copac pe Magheru, dintr-un lot de 280 de arbori \u201erezisten\u0163i la poluare\u201d","og_description":"Dou\u0103 sute optzeci de copaci vor fi planta\u0163i \u00een aceast\u0103 perioad\u0103 \u00een Bucure\u015fti, pe bulevardul Magheru \u015fi pe Splaiul D\u00e2mbovi\u0163ei. Sunt copaci care sunt planta\u0163i \u201e\u00een compensare\u201d pentru unii care au fost t\u0103ia\u021bi. La ac\u0163iunea de plantare a participat \u015fi primarul Nicu\u015for Dan, care l-a s\u0103dit pe primul. Oamenii din staff-ul lui Nicu\u015for Dan au [&hellip;]","og_url":"https:\/\/buletin.de\/bucuresti\/de-la-stiloul-de-primar-la-lopata-nicusor-dan-a-plantat-un-copac-pe-magheru-dintr-un-lot-de-280-de-arbori-rezistenti-la-poluare\/","og_site_name":"Buletin de Bucure\u0219ti","article_publisher":"https:\/\/www.facebook.com\/buletin.de.buc","article_published_time":"2023-12-05T11:25:44+00:00","article_modified_time":"2023-12-05T12:10:02+00:00","og_image":[{"width":900,"height":410,"url":"https:\/\/buletin.de\/bucuresti\/wp-content\/uploads\/nicusor-lopata-900x410.png","type":"image\/png"}],"author":"Ionu\u021b Lepa","twitter_card":"summary_large_image","twitter_misc":{"Written by":"Ionu\u021b Lepa","Estimated reading time":"2 minutes"},"schema":{"@context":"https:\/\/schema.org","@graph":[{"@type":"Article","@id":"https:\/\/buletin.de\/bucuresti\/de-la-stiloul-de-primar-la-lopata-nicusor-dan-a-plantat-un-copac-pe-magheru-dintr-un-lot-de-280-de-arbori-rezistenti-la-poluare\/#article","isPartOf":{"@id":"https:\/\/buletin.de\/bucuresti\/de-la-stiloul-de-primar-la-lopata-nicusor-dan-a-plantat-un-copac-pe-magheru-dintr-un-lot-de-280-de-arbori-rezistenti-la-poluare\/"},"author":{"name":"Ionu\u021b Lepa","@id":"https:\/\/buletin.de\/bucuresti\/#\/schema\/person\/5272b8a057b33890940b57b837fc4ce6"},"headline":"De la stiloul de primar, la lopat\u0103. Nicu\u015for Dan a plantat un copac pe Magheru, dintr-un lot de 280 de arbori \u201erezisten\u0163i la poluare\u201d","datePublished":"2023-12-05T11:25:44+00:00","dateModified":"2023-12-05T12:10:02+00:00","mainEntityOfPage":{"@id":"https:\/\/buletin.de\/bucuresti\/de-la-stiloul-de-primar-la-lopata-nicusor-dan-a-plantat-un-copac-pe-magheru-dintr-un-lot-de-280-de-arbori-rezistenti-la-poluare\/"},"wordCount":374,"publisher":{"@id":"https:\/\/buletin.de\/bucuresti\/#organization"},"image":{"@id":"https:\/\/buletin.de\/bucuresti\/de-la-stiloul-de-primar-la-lopata-nicusor-dan-a-plantat-un-copac-pe-magheru-dintr-un-lot-de-280-de-arbori-rezistenti-la-poluare\/#primaryimage"},"thumbnailUrl":"https:\/\/buletin.de\/bucuresti\/wp-content\/uploads\/nicusor-lopata.png","keywords":["copaci plantati magheru","copaci plantati splai","copaci rezistenti la poluare","nicusor dan"],"articleSection":["Articole","Main","Mediu","Prim\u0103rie"],"inLanguage":"en-GB","copyrightYear":"2023","copyrightHolder":{"@id":"https:\/\/buletin.de\/bucuresti\/#organization"}},{"@type":"WebPage","@id":"https:\/\/buletin.de\/bucuresti\/de-la-stiloul-de-primar-la-lopata-nicusor-dan-a-plantat-un-copac-pe-magheru-dintr-un-lot-de-280-de-arbori-rezistenti-la-poluare\/","url":"https:\/\/buletin.de\/bucuresti\/de-la-stiloul-de-primar-la-lopata-nicusor-dan-a-plantat-un-copac-pe-magheru-dintr-un-lot-de-280-de-arbori-rezistenti-la-poluare\/","name":"De la stiloul de primar, la lopat\u0103. Nicu\u015for Dan a plantat un copac pe Magheru, dintr-un lot de 280 de arbori \u201erezisten\u0163i la poluare\u201d - Buletin de Bucure\u0219ti","isPartOf":{"@id":"https:\/\/buletin.de\/bucuresti\/#website"},"primaryImageOfPage":{"@id":"https:\/\/buletin.de\/bucuresti\/de-la-stiloul-de-primar-la-lopata-nicusor-dan-a-plantat-un-copac-pe-magheru-dintr-un-lot-de-280-de-arbori-rezistenti-la-poluare\/#primaryimage"},"image":{"@id":"https:\/\/buletin.de\/bucuresti\/de-la-stiloul-de-primar-la-lopata-nicusor-dan-a-plantat-un-copac-pe-magheru-dintr-un-lot-de-280-de-arbori-rezistenti-la-poluare\/#primaryimage"},"thumbnailUrl":"https:\/\/buletin.de\/bucuresti\/wp-content\/uploads\/nicusor-lopata.png","datePublished":"2023-12-05T11:25:44+00:00","dateModified":"2023-12-05T12:10:02+00:00","breadcrumb":{"@id":"https:\/\/buletin.de\/bucuresti\/de-la-stiloul-de-primar-la-lopata-nicusor-dan-a-plantat-un-copac-pe-magheru-dintr-un-lot-de-280-de-arbori-rezistenti-la-poluare\/#breadcrumb"},"inLanguage":"en-GB","potentialAction":[{"@type":"ReadAction","target":["https:\/\/buletin.de\/bucuresti\/de-la-stiloul-de-primar-la-lopata-nicusor-dan-a-plantat-un-copac-pe-magheru-dintr-un-lot-de-280-de-arbori-rezistenti-la-poluare\/"]}]},{"@type":"ImageObject","inLanguage":"en-GB","@id":"https:\/\/buletin.de\/bucuresti\/de-la-stiloul-de-primar-la-lopata-nicusor-dan-a-plantat-un-copac-pe-magheru-dintr-un-lot-de-280-de-arbori-rezistenti-la-poluare\/#primaryimage","url":"https:\/\/buletin.de\/bucuresti\/wp-content\/uploads\/nicusor-lopata.png","contentUrl":"https:\/\/buletin.de\/bucuresti\/wp-content\/uploads\/nicusor-lopata.png","width":1900,"height":865,"caption":"FOTO: Captur\u0103 din live-ul lui Nicu\u015for Dan, pe FB"},{"@type":"BreadcrumbList","@id":"https:\/\/buletin.de\/bucuresti\/de-la-stiloul-de-primar-la-lopata-nicusor-dan-a-plantat-un-copac-pe-magheru-dintr-un-lot-de-280-de-arbori-rezistenti-la-poluare\/#breadcrumb","itemListElement":[{"@type":"ListItem","position":1,"name":"Acas\u0103","item":"https:\/\/buletin.de\/bucuresti\/"},{"@type":"ListItem","position":2,"name":"De la stiloul de primar, la lopat\u0103. Nicu\u015for Dan a plantat un copac pe Magheru, dintr-un lot de 280 de arbori \u201erezisten\u0163i la poluare\u201d"}]},{"@type":"WebSite","@id":"https:\/\/buletin.de\/bucuresti\/#website","url":"https:\/\/buletin.de\/bucuresti\/","name":"Buletin de Bucure\u0219ti","description":"\u0218tiri \u0219i investiga\u021bii esen\u021biale din capital\u0103","publisher":{"@id":"https:\/\/buletin.de\/bucuresti\/#organization"},"potentialAction":[{"@type":"SearchAction","target":{"@type":"EntryPoint","urlTemplate":"https:\/\/buletin.de\/bucuresti\/?s={search_term_string}"},"query-input":{"@type":"PropertyValueSpecification","valueRequired":true,"valueName":"search_term_string"}}],"inLanguage":"en-GB"},{"@type":"Organization","@id":"https:\/\/buletin.de\/bucuresti\/#organization","name":"Buletin de Bucure\u0219ti","url":"https:\/\/buletin.de\/bucuresti\/","logo":{"@type":"ImageObject","inLanguage":"en-GB","@id":"https:\/\/buletin.de\/bucuresti\/#\/schema\/logo\/image\/","url":"https:\/\/buletin.de\/bucuresti\/wp-content\/uploads\/logo-bdb-full-wide-vernil-transparent.png","contentUrl":"https:\/\/buletin.de\/bucuresti\/wp-content\/uploads\/logo-bdb-full-wide-vernil-transparent.png","width":1782,"height":626,"caption":"Buletin de Bucure\u0219ti"},"image":{"@id":"https:\/\/buletin.de\/bucuresti\/#\/schema\/logo\/image\/"},"sameAs":["https:\/\/www.facebook.com\/buletin.de.buc","https:\/\/www.instagram.com\/buletinde.bucuresti\/"]},{"@type":"Person","@id":"https:\/\/buletin.de\/bucuresti\/#\/schema\/person\/5272b8a057b33890940b57b837fc4ce6","name":"Ionu\u021b Lepa","image":{"@type":"ImageObject","inLanguage":"en-GB","@id":"https:\/\/buletin.de\/bucuresti\/wp-content\/uploads\/Ionut-Lepa-96x96.jpg5c4e4d9e049808799a8821652d2410a4","url":"https:\/\/buletin.de\/bucuresti\/wp-content\/uploads\/Ionut-Lepa-96x96.jpg","contentUrl":"https:\/\/buletin.de\/bucuresti\/wp-content\/uploads\/Ionut-Lepa-96x96.jpg","caption":"Ionu\u021b Lepa"},"url":"https:\/\/buletin.de\/bucuresti\/author\/ionutlepa\/"}]}},"authors":[{"term_id":22586,"user_id":8,"is_guest":0,"slug":"ionutlepa","display_name":"Ionu\u021b Lepa","avatar_url":"https:\/\/buletin.de\/bucuresti\/wp-content\/uploads\/Ionut-Lepa-96x96.jpg","0":null,"1":"","2":"","3":"","4":"","5":"","6":"","7":"","8":""}],"_links":{"self":[{"href":"https:\/\/buletin.de\/bucuresti\/wp-json\/wp\/v2\/posts\/71244","targetHints":{"allow":["GET"]}}],"collection":[{"href":"https:\/\/buletin.de\/bucuresti\/wp-json\/wp\/v2\/posts"}],"about":[{"href":"https:\/\/buletin.de\/bucuresti\/wp-json\/wp\/v2\/types\/post"}],"author":[{"embeddable":true,"href":"https:\/\/buletin.de\/bucuresti\/wp-json\/wp\/v2\/users\/8"}],"replies":[{"embeddable":true,"href":"https:\/\/buletin.de\/bucuresti\/wp-json\/wp\/v2\/comments?post=71244"}],"version-history":[{"count":7,"href":"https:\/\/buletin.de\/bucuresti\/wp-json\/wp\/v2\/posts\/71244\/revisions"}],"predecessor-version":[{"id":71276,"href":"https:\/\/buletin.de\/bucuresti\/wp-json\/wp\/v2\/posts\/71244\/revisions\/71276"}],"wp:featuredmedia":[{"embeddable":true,"href":"https:\/\/buletin.de\/bucuresti\/wp-json\/wp\/v2\/media\/71245"}],"wp:attachment":[{"href":"https:\/\/buletin.de\/bucuresti\/wp-json\/wp\/v2\/media?parent=71244"}],"wp:term":[{"taxonomy":"category","embeddable":true,"href":"https:\/\/buletin.de\/bucuresti\/wp-json\/wp\/v2\/categories?post=71244"},{"taxonomy":"post_tag","embeddable":true,"href":"https:\/\/buletin.de\/bucuresti\/wp-json\/wp\/v2\/tags?post=71244"},{"taxonomy":"author","embeddable":true,"href":"https:\/\/buletin.de\/bucuresti\/wp-json\/wp\/v2\/ppma_author?post=71244"}],"curies":[{"name":"wp","href":"https:\/\/api.w.org\/{rel}","templated":true}]}}