{"id":71225,"date":"2023-12-05T11:47:46","date_gmt":"2023-12-05T09:47:46","guid":{"rendered":"https:\/\/buletin.de\/bucuresti\/?p=71225"},"modified":"2023-12-05T11:47:46","modified_gmt":"2023-12-05T09:47:46","slug":"cum-se-face-curatenie-la-academie-saltele-batute-ca-n-fata-blocului-de-viitorii-politisti","status":"publish","type":"post","link":"https:\/\/buletin.de\/bucuresti\/cum-se-face-curatenie-la-academie-saltele-batute-ca-n-fata-blocului-de-viitorii-politisti\/","title":{"rendered":"Cum se face cur\u0103\u0163enie la Academie: saltele \u201eb\u0103tute ca-n fa\u0163a blocului\u201d de viitorii poli\u0163i\u015fti"},"content":{"rendered":"\n<p><strong>Imagini f\u0103cute publice de sindicatul Europol arat\u0103 situa\u0163ia igienei de la Academia de Poli\u0163ie. Studen\u0163ii au fost pu\u015fi s\u0103 \u00ee\u015fi scoat\u0103 saltelele \u00een curtea institu\u0163iei \u015fi s\u0103 le scuture cu un b\u0103\u0163, pe post de b\u0103t\u0103tor. <\/strong><\/p>\n\n\n\n<blockquote class=\"wp-block-quote is-layout-flow wp-block-quote-is-layout-flow\">\n<p class=\"has-medium-font-size\">Dup\u0103 ce s-au pl\u00e2ns studen\u021bii de saltelele infecte pe care erau nevoi\u021bi s\u0103 doarm\u0103, conducerea Academiei i-a pus s\u0103-\u0219i ia saltelele \u00een spate, la propriu \u0219i s\u0103 le \u201cigienizeze\u201d prin lovirea cu be\u021be de lemn.<\/p>\n\n\n\n<p class=\"has-medium-font-size\">Se poate observa u\u0219or praful dens provenit din&nbsp;\u0219antier, care iese din aceste saltele, petele \u0219i murd\u0103ria \u00eemb\u00e2csit\u0103, f\u0103r\u0103 s\u0103 mai vorbim despre bacteriile care nu se v\u0103d.<\/p>\n\n\n\n<p class=\"has-medium-font-size\">Academia de Poli\u021bie nu \u0219i-a suspendat activitatea pentru c\u0103 le pas\u0103 de studen\u021bi, ci au trecut \u00een online \u0219i i-au trimis acas\u0103 pentru a nu mai avea scurgeri de informa\u021bii din tot ceea ce se \u00eent\u00e2mpl\u0103 \u00een institu\u021bia de \u00eenv\u0103\u021b\u0103m\u00e2nt.<\/p>\n<cite>europol, via facebook<\/cite><\/blockquote>\n\n\n<p><iframe src=\"https:\/\/www.facebook.com\/plugins\/video.php?height=476&#038;href=https%3A%2F%2Fwww.facebook.com%2Feuropolromania%2Fvideos%2F1090601012395360%2F&#038;show_text=false&#038;width=267&#038;t=0\" width=\"267\" height=\"476\" style=\"border:none;overflow:hidden\" scrolling=\"no\" frameborder=\"0\" allowfullscreen=\"true\" allow=\"autoplay; clipboard-write; encrypted-media; picture-in-picture; web-share\" allowFullScreen=\"true\"><\/iframe><\/p>\n\n\n\n<p>Filmarea f\u0103cut\u0103 acum public\u0103 este de la \u00eenceputul lunii noiembrie, c\u00e2nd cade\u0163ii \u00eenc\u0103 erau \u00een campus.<\/p>\n\n\n\n<p>V\u0103 reamintim, dup\u0103 scandalul toxiinfec\u0163iilor alimentare, studen\u0163ii de la Academia de Poli\u0163ie au fost trimi\u015fi acas\u0103, iar cursurile r\u0103m\u00e2n online p\u00e2n\u0103 pe data de 22 decembrie. Conducerea sus\u0163ine c\u0103 decizia a fost luat\u0103 pe durata<strong><strong> <\/strong><\/strong>lucr\u0103rilor de modernizare a infrastructurii.<\/p>\n\n\n\n<p>\u00cen paralel, 687 de studen\u021bi ai Academiei de Poli\u021bie Alexandru Ioan Cuza au semnat o peti\u021bie adresat\u0103 conducerii Academiei. Cer, printre altele, m\u00e2ncare mai bun\u0103 \u015fi igien\u0103 \u00een blocul alimentar. Vin cu propuneri de organizare ca \u00een \u0163\u0103ri precum Estonia, Ungaria \u015fi Cehia.<\/p>\n\n\n\n<figure class=\"wp-block-embed is-type-wp-embed is-provider-buletin-de-bucure\u0219ti wp-block-embed-buletin-de-bucure\u0219ti\"><div class=\"wp-block-embed__wrapper\">\n<blockquote class=\"wp-embedded-content\" data-secret=\"lDxIyMYiCy\"><a href=\"https:\/\/buletin.de\/bucuresti\/700-de-studenti-ai-academiei-de-politie-cer-masuri-dupa-toxiinfectiile-alimentare-europol-acuza-o-musamalizare-de-proportii\/\">700 de studen\u021bi ai Academiei de Poli\u021bie cer m\u0103suri dup\u0103 toxiinfec\u021biile alimentare. Europol acuz\u0103 \u201eo mu\u015famalizare de propor\u0163ii\u201d<\/a><\/blockquote><iframe class=\"wp-embedded-content\" sandbox=\"allow-scripts\" security=\"restricted\" style=\"position: absolute; clip: rect(1px, 1px, 1px, 1px);\" title=\"&#8220;700 de studen\u021bi ai Academiei de Poli\u021bie cer m\u0103suri dup\u0103 toxiinfec\u021biile alimentare. Europol acuz\u0103 \u201eo mu\u015famalizare de propor\u0163ii\u201d&#8221; &#8212; Buletin de Bucure\u0219ti\" src=\"https:\/\/buletin.de\/bucuresti\/700-de-studenti-ai-academiei-de-politie-cer-masuri-dupa-toxiinfectiile-alimentare-europol-acuza-o-musamalizare-de-proportii\/embed\/#?secret=nSOwSdQGMe#?secret=lDxIyMYiCy\" data-secret=\"lDxIyMYiCy\" width=\"600\" height=\"338\" frameborder=\"0\" marginwidth=\"0\" marginheight=\"0\" scrolling=\"no\"><\/iframe>\n<\/div><\/figure>\n\n\n\n<figure class=\"wp-block-embed is-type-wp-embed is-provider-buletin-de-bucure\u0219ti wp-block-embed-buletin-de-bucure\u0219ti\"><div class=\"wp-block-embed__wrapper\">\n<blockquote class=\"wp-embedded-content\" data-secret=\"5TOSRYmcow\"><a href=\"https:\/\/buletin.de\/bucuresti\/europol-academia-de-politie-a-i-cuza-inchisa-pana-la-finalul-anului-recent-100-de-studenti-au-facut-toxiinfectie-alimentara\/\">Europol: Academia de Poli\u021bie \u201eA.I. Cuza\u201c, \u00eenchis\u0103 p\u00e2n\u0103 la finalul anului. Recent, 100 de studen\u021bi au f\u0103cut toxiinfec\u021bie alimentar\u0103\u00a0<\/a><\/blockquote><iframe class=\"wp-embedded-content\" sandbox=\"allow-scripts\" security=\"restricted\" style=\"position: absolute; clip: rect(1px, 1px, 1px, 1px);\" title=\"&#8220;Europol: Academia de Poli\u021bie \u201eA.I. Cuza\u201c, \u00eenchis\u0103 p\u00e2n\u0103 la finalul anului. Recent, 100 de studen\u021bi au f\u0103cut toxiinfec\u021bie alimentar\u0103\u00a0&#8221; &#8212; Buletin de Bucure\u0219ti\" src=\"https:\/\/buletin.de\/bucuresti\/europol-academia-de-politie-a-i-cuza-inchisa-pana-la-finalul-anului-recent-100-de-studenti-au-facut-toxiinfectie-alimentara\/embed\/#?secret=9BTy98w6hZ#?secret=5TOSRYmcow\" data-secret=\"5TOSRYmcow\" width=\"600\" height=\"338\" frameborder=\"0\" marginwidth=\"0\" marginheight=\"0\" scrolling=\"no\"><\/iframe>\n<\/div><\/figure>\n","protected":false},"excerpt":{"rendered":"<p>Imagini f\u0103cute publice de sindicatul Europol arat\u0103 situa\u0163ia igienei de la Academia de Poli\u0163ie. Studen\u0163ii au fost pu\u015fi s\u0103 \u00ee\u015fi scoat\u0103 saltelele \u00een curtea institu\u0163iei \u015fi s\u0103 le scuture cu un b\u0103\u0163, pe post de b\u0103t\u0103tor. Dup\u0103 ce s-au pl\u00e2ns studen\u021bii de saltelele infecte pe care erau nevoi\u021bi s\u0103 doarm\u0103, conducerea Academiei i-a pus s\u0103-\u0219i [&hellip;]<\/p>\n","protected":false},"author":8,"featured_media":71227,"comment_status":"closed","ping_status":"open","sticky":false,"template":"","format":"standard","meta":{"_acf_changed":false,"inline_featured_image":false,"ngg_post_thumbnail":0,"footnotes":""},"categories":[6994,3421,5762],"tags":[7843,8251,8252],"ppma_author":[22586],"class_list":["post-71225","post","type-post","status-publish","format-standard","has-post-thumbnail","hentry","category-stiri-2","category-educatie","category-main","tag-academia-de-politie","tag-curatenie-cadeti","tag-saltele-curte-academia-de-politie"],"acf":[],"yoast_head":"<!-- This site is optimized with the Yoast SEO Premium plugin v25.3 (Yoast SEO v27.4) - https:\/\/yoast.com\/product\/yoast-seo-premium-wordpress\/ -->\n<title>Cum se face cur\u0103\u0163enie la Academie: saltele \u201eb\u0103tute ca-n fa\u0163a blocului\u201d de viitorii poli\u0163i\u015fti - Buletin de Bucure\u0219ti<\/title>\n<meta name=\"robots\" content=\"index, follow, max-snippet:-1, max-image-preview:large, max-video-preview:-1\" \/>\n<link rel=\"canonical\" href=\"https:\/\/buletin.de\/bucuresti\/cum-se-face-curatenie-la-academie-saltele-batute-ca-n-fata-blocului-de-viitorii-politisti\/\" \/>\n<meta property=\"og:locale\" content=\"en_GB\" \/>\n<meta property=\"og:type\" content=\"article\" \/>\n<meta property=\"og:title\" content=\"Cum se face cur\u0103\u0163enie la Academie: saltele \u201eb\u0103tute ca-n fa\u0163a blocului\u201d de viitorii poli\u0163i\u015fti\" \/>\n<meta property=\"og:description\" content=\"Imagini f\u0103cute publice de sindicatul Europol arat\u0103 situa\u0163ia igienei de la Academia de Poli\u0163ie. Studen\u0163ii au fost pu\u015fi s\u0103 \u00ee\u015fi scoat\u0103 saltelele \u00een curtea institu\u0163iei \u015fi s\u0103 le scuture cu un b\u0103\u0163, pe post de b\u0103t\u0103tor. Dup\u0103 ce s-au pl\u00e2ns studen\u021bii de saltelele infecte pe care erau nevoi\u021bi s\u0103 doarm\u0103, conducerea Academiei i-a pus s\u0103-\u0219i [&hellip;]\" \/>\n<meta property=\"og:url\" content=\"https:\/\/buletin.de\/bucuresti\/cum-se-face-curatenie-la-academie-saltele-batute-ca-n-fata-blocului-de-viitorii-politisti\/\" \/>\n<meta property=\"og:site_name\" content=\"Buletin de Bucure\u0219ti\" \/>\n<meta property=\"article:publisher\" content=\"https:\/\/www.facebook.com\/buletin.de.buc\" \/>\n<meta property=\"article:published_time\" content=\"2023-12-05T09:47:46+00:00\" \/>\n<meta property=\"og:image\" content=\"https:\/\/buletin.de\/bucuresti\/wp-content\/uploads\/saltea-jegoasa.png\" \/>\n\t<meta property=\"og:image:width\" content=\"603\" \/>\n\t<meta property=\"og:image:height\" content=\"1052\" \/>\n\t<meta property=\"og:image:type\" content=\"image\/png\" \/>\n<meta name=\"author\" content=\"Ionu\u021b Lepa\" \/>\n<meta name=\"twitter:card\" content=\"summary_large_image\" \/>\n<meta name=\"twitter:label1\" content=\"Written by\" \/>\n\t<meta name=\"twitter:data1\" content=\"Ionu\u021b Lepa\" \/>\n\t<meta name=\"twitter:label2\" content=\"Estimated reading time\" \/>\n\t<meta name=\"twitter:data2\" content=\"1 minute\" \/>\n<script type=\"application\/ld+json\" class=\"yoast-schema-graph\">{\"@context\":\"https:\\\/\\\/schema.org\",\"@graph\":[{\"@type\":\"Article\",\"@id\":\"https:\\\/\\\/buletin.de\\\/bucuresti\\\/cum-se-face-curatenie-la-academie-saltele-batute-ca-n-fata-blocului-de-viitorii-politisti\\\/#article\",\"isPartOf\":{\"@id\":\"https:\\\/\\\/buletin.de\\\/bucuresti\\\/cum-se-face-curatenie-la-academie-saltele-batute-ca-n-fata-blocului-de-viitorii-politisti\\\/\"},\"author\":{\"name\":\"Ionu\u021b Lepa\",\"@id\":\"https:\\\/\\\/buletin.de\\\/bucuresti\\\/#\\\/schema\\\/person\\\/5272b8a057b33890940b57b837fc4ce6\"},\"headline\":\"Cum se face cur\u0103\u0163enie la Academie: saltele \u201eb\u0103tute ca-n fa\u0163a blocului\u201d de viitorii poli\u0163i\u015fti\",\"datePublished\":\"2023-12-05T09:47:46+00:00\",\"mainEntityOfPage\":{\"@id\":\"https:\\\/\\\/buletin.de\\\/bucuresti\\\/cum-se-face-curatenie-la-academie-saltele-batute-ca-n-fata-blocului-de-viitorii-politisti\\\/\"},\"wordCount\":312,\"publisher\":{\"@id\":\"https:\\\/\\\/buletin.de\\\/bucuresti\\\/#organization\"},\"image\":{\"@id\":\"https:\\\/\\\/buletin.de\\\/bucuresti\\\/cum-se-face-curatenie-la-academie-saltele-batute-ca-n-fata-blocului-de-viitorii-politisti\\\/#primaryimage\"},\"thumbnailUrl\":\"https:\\\/\\\/buletin.de\\\/bucuresti\\\/wp-content\\\/uploads\\\/saltea-jegoasa.png\",\"keywords\":[\"academia de politie\",\"curatenie cadeti\",\"saltele curte academia de politie\"],\"articleSection\":[\"Articole\",\"Educa\u021bie\",\"Main\"],\"inLanguage\":\"en-GB\",\"copyrightYear\":\"2023\",\"copyrightHolder\":{\"@id\":\"https:\\\/\\\/buletin.de\\\/bucuresti\\\/#organization\"}},{\"@type\":\"WebPage\",\"@id\":\"https:\\\/\\\/buletin.de\\\/bucuresti\\\/cum-se-face-curatenie-la-academie-saltele-batute-ca-n-fata-blocului-de-viitorii-politisti\\\/\",\"url\":\"https:\\\/\\\/buletin.de\\\/bucuresti\\\/cum-se-face-curatenie-la-academie-saltele-batute-ca-n-fata-blocului-de-viitorii-politisti\\\/\",\"name\":\"Cum se face cur\u0103\u0163enie la Academie: saltele \u201eb\u0103tute ca-n fa\u0163a blocului\u201d de viitorii poli\u0163i\u015fti - Buletin de Bucure\u0219ti\",\"isPartOf\":{\"@id\":\"https:\\\/\\\/buletin.de\\\/bucuresti\\\/#website\"},\"primaryImageOfPage\":{\"@id\":\"https:\\\/\\\/buletin.de\\\/bucuresti\\\/cum-se-face-curatenie-la-academie-saltele-batute-ca-n-fata-blocului-de-viitorii-politisti\\\/#primaryimage\"},\"image\":{\"@id\":\"https:\\\/\\\/buletin.de\\\/bucuresti\\\/cum-se-face-curatenie-la-academie-saltele-batute-ca-n-fata-blocului-de-viitorii-politisti\\\/#primaryimage\"},\"thumbnailUrl\":\"https:\\\/\\\/buletin.de\\\/bucuresti\\\/wp-content\\\/uploads\\\/saltea-jegoasa.png\",\"datePublished\":\"2023-12-05T09:47:46+00:00\",\"breadcrumb\":{\"@id\":\"https:\\\/\\\/buletin.de\\\/bucuresti\\\/cum-se-face-curatenie-la-academie-saltele-batute-ca-n-fata-blocului-de-viitorii-politisti\\\/#breadcrumb\"},\"inLanguage\":\"en-GB\",\"potentialAction\":[{\"@type\":\"ReadAction\",\"target\":[\"https:\\\/\\\/buletin.de\\\/bucuresti\\\/cum-se-face-curatenie-la-academie-saltele-batute-ca-n-fata-blocului-de-viitorii-politisti\\\/\"]}]},{\"@type\":\"ImageObject\",\"inLanguage\":\"en-GB\",\"@id\":\"https:\\\/\\\/buletin.de\\\/bucuresti\\\/cum-se-face-curatenie-la-academie-saltele-batute-ca-n-fata-blocului-de-viitorii-politisti\\\/#primaryimage\",\"url\":\"https:\\\/\\\/buletin.de\\\/bucuresti\\\/wp-content\\\/uploads\\\/saltea-jegoasa.png\",\"contentUrl\":\"https:\\\/\\\/buletin.de\\\/bucuresti\\\/wp-content\\\/uploads\\\/saltea-jegoasa.png\",\"width\":603,\"height\":1052,\"caption\":\"FOTO: Captur\u0103 din clipul publicat de Europol\"},{\"@type\":\"BreadcrumbList\",\"@id\":\"https:\\\/\\\/buletin.de\\\/bucuresti\\\/cum-se-face-curatenie-la-academie-saltele-batute-ca-n-fata-blocului-de-viitorii-politisti\\\/#breadcrumb\",\"itemListElement\":[{\"@type\":\"ListItem\",\"position\":1,\"name\":\"Acas\u0103\",\"item\":\"https:\\\/\\\/buletin.de\\\/bucuresti\\\/\"},{\"@type\":\"ListItem\",\"position\":2,\"name\":\"Cum se face cur\u0103\u0163enie la Academie: saltele \u201eb\u0103tute ca-n fa\u0163a blocului\u201d de viitorii poli\u0163i\u015fti\"}]},{\"@type\":\"WebSite\",\"@id\":\"https:\\\/\\\/buletin.de\\\/bucuresti\\\/#website\",\"url\":\"https:\\\/\\\/buletin.de\\\/bucuresti\\\/\",\"name\":\"Buletin de Bucure\u0219ti\",\"description\":\"\u0218tiri \u0219i investiga\u021bii esen\u021biale din capital\u0103\",\"publisher\":{\"@id\":\"https:\\\/\\\/buletin.de\\\/bucuresti\\\/#organization\"},\"potentialAction\":[{\"@type\":\"SearchAction\",\"target\":{\"@type\":\"EntryPoint\",\"urlTemplate\":\"https:\\\/\\\/buletin.de\\\/bucuresti\\\/?s={search_term_string}\"},\"query-input\":{\"@type\":\"PropertyValueSpecification\",\"valueRequired\":true,\"valueName\":\"search_term_string\"}}],\"inLanguage\":\"en-GB\"},{\"@type\":\"Organization\",\"@id\":\"https:\\\/\\\/buletin.de\\\/bucuresti\\\/#organization\",\"name\":\"Buletin de Bucure\u0219ti\",\"url\":\"https:\\\/\\\/buletin.de\\\/bucuresti\\\/\",\"logo\":{\"@type\":\"ImageObject\",\"inLanguage\":\"en-GB\",\"@id\":\"https:\\\/\\\/buletin.de\\\/bucuresti\\\/#\\\/schema\\\/logo\\\/image\\\/\",\"url\":\"https:\\\/\\\/buletin.de\\\/bucuresti\\\/wp-content\\\/uploads\\\/logo-bdb-full-wide-vernil-transparent.png\",\"contentUrl\":\"https:\\\/\\\/buletin.de\\\/bucuresti\\\/wp-content\\\/uploads\\\/logo-bdb-full-wide-vernil-transparent.png\",\"width\":1782,\"height\":626,\"caption\":\"Buletin de Bucure\u0219ti\"},\"image\":{\"@id\":\"https:\\\/\\\/buletin.de\\\/bucuresti\\\/#\\\/schema\\\/logo\\\/image\\\/\"},\"sameAs\":[\"https:\\\/\\\/www.facebook.com\\\/buletin.de.buc\",\"https:\\\/\\\/www.instagram.com\\\/buletinde.bucuresti\\\/\"]},{\"@type\":\"Person\",\"@id\":\"https:\\\/\\\/buletin.de\\\/bucuresti\\\/#\\\/schema\\\/person\\\/5272b8a057b33890940b57b837fc4ce6\",\"name\":\"Ionu\u021b Lepa\",\"image\":{\"@type\":\"ImageObject\",\"inLanguage\":\"en-GB\",\"@id\":\"https:\\\/\\\/buletin.de\\\/bucuresti\\\/wp-content\\\/uploads\\\/Ionut-Lepa-96x96.jpg5c4e4d9e049808799a8821652d2410a4\",\"url\":\"https:\\\/\\\/buletin.de\\\/bucuresti\\\/wp-content\\\/uploads\\\/Ionut-Lepa-96x96.jpg\",\"contentUrl\":\"https:\\\/\\\/buletin.de\\\/bucuresti\\\/wp-content\\\/uploads\\\/Ionut-Lepa-96x96.jpg\",\"caption\":\"Ionu\u021b Lepa\"},\"url\":\"https:\\\/\\\/buletin.de\\\/bucuresti\\\/author\\\/ionutlepa\\\/\"}]}<\/script>\n<!-- \/ Yoast SEO Premium plugin. -->","yoast_head_json":{"title":"Cum se face cur\u0103\u0163enie la Academie: saltele \u201eb\u0103tute ca-n fa\u0163a blocului\u201d de viitorii poli\u0163i\u015fti - Buletin de Bucure\u0219ti","robots":{"index":"index","follow":"follow","max-snippet":"max-snippet:-1","max-image-preview":"max-image-preview:large","max-video-preview":"max-video-preview:-1"},"canonical":"https:\/\/buletin.de\/bucuresti\/cum-se-face-curatenie-la-academie-saltele-batute-ca-n-fata-blocului-de-viitorii-politisti\/","og_locale":"en_GB","og_type":"article","og_title":"Cum se face cur\u0103\u0163enie la Academie: saltele \u201eb\u0103tute ca-n fa\u0163a blocului\u201d de viitorii poli\u0163i\u015fti","og_description":"Imagini f\u0103cute publice de sindicatul Europol arat\u0103 situa\u0163ia igienei de la Academia de Poli\u0163ie. Studen\u0163ii au fost pu\u015fi s\u0103 \u00ee\u015fi scoat\u0103 saltelele \u00een curtea institu\u0163iei \u015fi s\u0103 le scuture cu un b\u0103\u0163, pe post de b\u0103t\u0103tor. Dup\u0103 ce s-au pl\u00e2ns studen\u021bii de saltelele infecte pe care erau nevoi\u021bi s\u0103 doarm\u0103, conducerea Academiei i-a pus s\u0103-\u0219i [&hellip;]","og_url":"https:\/\/buletin.de\/bucuresti\/cum-se-face-curatenie-la-academie-saltele-batute-ca-n-fata-blocului-de-viitorii-politisti\/","og_site_name":"Buletin de Bucure\u0219ti","article_publisher":"https:\/\/www.facebook.com\/buletin.de.buc","article_published_time":"2023-12-05T09:47:46+00:00","og_image":[{"width":603,"height":1052,"url":"https:\/\/buletin.de\/bucuresti\/wp-content\/uploads\/saltea-jegoasa.png","type":"image\/png"}],"author":"Ionu\u021b Lepa","twitter_card":"summary_large_image","twitter_misc":{"Written by":"Ionu\u021b Lepa","Estimated reading time":"1 minute"},"schema":{"@context":"https:\/\/schema.org","@graph":[{"@type":"Article","@id":"https:\/\/buletin.de\/bucuresti\/cum-se-face-curatenie-la-academie-saltele-batute-ca-n-fata-blocului-de-viitorii-politisti\/#article","isPartOf":{"@id":"https:\/\/buletin.de\/bucuresti\/cum-se-face-curatenie-la-academie-saltele-batute-ca-n-fata-blocului-de-viitorii-politisti\/"},"author":{"name":"Ionu\u021b Lepa","@id":"https:\/\/buletin.de\/bucuresti\/#\/schema\/person\/5272b8a057b33890940b57b837fc4ce6"},"headline":"Cum se face cur\u0103\u0163enie la Academie: saltele \u201eb\u0103tute ca-n fa\u0163a blocului\u201d de viitorii poli\u0163i\u015fti","datePublished":"2023-12-05T09:47:46+00:00","mainEntityOfPage":{"@id":"https:\/\/buletin.de\/bucuresti\/cum-se-face-curatenie-la-academie-saltele-batute-ca-n-fata-blocului-de-viitorii-politisti\/"},"wordCount":312,"publisher":{"@id":"https:\/\/buletin.de\/bucuresti\/#organization"},"image":{"@id":"https:\/\/buletin.de\/bucuresti\/cum-se-face-curatenie-la-academie-saltele-batute-ca-n-fata-blocului-de-viitorii-politisti\/#primaryimage"},"thumbnailUrl":"https:\/\/buletin.de\/bucuresti\/wp-content\/uploads\/saltea-jegoasa.png","keywords":["academia de politie","curatenie cadeti","saltele curte academia de politie"],"articleSection":["Articole","Educa\u021bie","Main"],"inLanguage":"en-GB","copyrightYear":"2023","copyrightHolder":{"@id":"https:\/\/buletin.de\/bucuresti\/#organization"}},{"@type":"WebPage","@id":"https:\/\/buletin.de\/bucuresti\/cum-se-face-curatenie-la-academie-saltele-batute-ca-n-fata-blocului-de-viitorii-politisti\/","url":"https:\/\/buletin.de\/bucuresti\/cum-se-face-curatenie-la-academie-saltele-batute-ca-n-fata-blocului-de-viitorii-politisti\/","name":"Cum se face cur\u0103\u0163enie la Academie: saltele \u201eb\u0103tute ca-n fa\u0163a blocului\u201d de viitorii poli\u0163i\u015fti - Buletin de Bucure\u0219ti","isPartOf":{"@id":"https:\/\/buletin.de\/bucuresti\/#website"},"primaryImageOfPage":{"@id":"https:\/\/buletin.de\/bucuresti\/cum-se-face-curatenie-la-academie-saltele-batute-ca-n-fata-blocului-de-viitorii-politisti\/#primaryimage"},"image":{"@id":"https:\/\/buletin.de\/bucuresti\/cum-se-face-curatenie-la-academie-saltele-batute-ca-n-fata-blocului-de-viitorii-politisti\/#primaryimage"},"thumbnailUrl":"https:\/\/buletin.de\/bucuresti\/wp-content\/uploads\/saltea-jegoasa.png","datePublished":"2023-12-05T09:47:46+00:00","breadcrumb":{"@id":"https:\/\/buletin.de\/bucuresti\/cum-se-face-curatenie-la-academie-saltele-batute-ca-n-fata-blocului-de-viitorii-politisti\/#breadcrumb"},"inLanguage":"en-GB","potentialAction":[{"@type":"ReadAction","target":["https:\/\/buletin.de\/bucuresti\/cum-se-face-curatenie-la-academie-saltele-batute-ca-n-fata-blocului-de-viitorii-politisti\/"]}]},{"@type":"ImageObject","inLanguage":"en-GB","@id":"https:\/\/buletin.de\/bucuresti\/cum-se-face-curatenie-la-academie-saltele-batute-ca-n-fata-blocului-de-viitorii-politisti\/#primaryimage","url":"https:\/\/buletin.de\/bucuresti\/wp-content\/uploads\/saltea-jegoasa.png","contentUrl":"https:\/\/buletin.de\/bucuresti\/wp-content\/uploads\/saltea-jegoasa.png","width":603,"height":1052,"caption":"FOTO: Captur\u0103 din clipul publicat de Europol"},{"@type":"BreadcrumbList","@id":"https:\/\/buletin.de\/bucuresti\/cum-se-face-curatenie-la-academie-saltele-batute-ca-n-fata-blocului-de-viitorii-politisti\/#breadcrumb","itemListElement":[{"@type":"ListItem","position":1,"name":"Acas\u0103","item":"https:\/\/buletin.de\/bucuresti\/"},{"@type":"ListItem","position":2,"name":"Cum se face cur\u0103\u0163enie la Academie: saltele \u201eb\u0103tute ca-n fa\u0163a blocului\u201d de viitorii poli\u0163i\u015fti"}]},{"@type":"WebSite","@id":"https:\/\/buletin.de\/bucuresti\/#website","url":"https:\/\/buletin.de\/bucuresti\/","name":"Buletin de Bucure\u0219ti","description":"\u0218tiri \u0219i investiga\u021bii esen\u021biale din capital\u0103","publisher":{"@id":"https:\/\/buletin.de\/bucuresti\/#organization"},"potentialAction":[{"@type":"SearchAction","target":{"@type":"EntryPoint","urlTemplate":"https:\/\/buletin.de\/bucuresti\/?s={search_term_string}"},"query-input":{"@type":"PropertyValueSpecification","valueRequired":true,"valueName":"search_term_string"}}],"inLanguage":"en-GB"},{"@type":"Organization","@id":"https:\/\/buletin.de\/bucuresti\/#organization","name":"Buletin de Bucure\u0219ti","url":"https:\/\/buletin.de\/bucuresti\/","logo":{"@type":"ImageObject","inLanguage":"en-GB","@id":"https:\/\/buletin.de\/bucuresti\/#\/schema\/logo\/image\/","url":"https:\/\/buletin.de\/bucuresti\/wp-content\/uploads\/logo-bdb-full-wide-vernil-transparent.png","contentUrl":"https:\/\/buletin.de\/bucuresti\/wp-content\/uploads\/logo-bdb-full-wide-vernil-transparent.png","width":1782,"height":626,"caption":"Buletin de Bucure\u0219ti"},"image":{"@id":"https:\/\/buletin.de\/bucuresti\/#\/schema\/logo\/image\/"},"sameAs":["https:\/\/www.facebook.com\/buletin.de.buc","https:\/\/www.instagram.com\/buletinde.bucuresti\/"]},{"@type":"Person","@id":"https:\/\/buletin.de\/bucuresti\/#\/schema\/person\/5272b8a057b33890940b57b837fc4ce6","name":"Ionu\u021b Lepa","image":{"@type":"ImageObject","inLanguage":"en-GB","@id":"https:\/\/buletin.de\/bucuresti\/wp-content\/uploads\/Ionut-Lepa-96x96.jpg5c4e4d9e049808799a8821652d2410a4","url":"https:\/\/buletin.de\/bucuresti\/wp-content\/uploads\/Ionut-Lepa-96x96.jpg","contentUrl":"https:\/\/buletin.de\/bucuresti\/wp-content\/uploads\/Ionut-Lepa-96x96.jpg","caption":"Ionu\u021b Lepa"},"url":"https:\/\/buletin.de\/bucuresti\/author\/ionutlepa\/"}]}},"authors":[{"term_id":22586,"user_id":8,"is_guest":0,"slug":"ionutlepa","display_name":"Ionu\u021b Lepa","avatar_url":"https:\/\/buletin.de\/bucuresti\/wp-content\/uploads\/Ionut-Lepa-96x96.jpg","0":null,"1":"","2":"","3":"","4":"","5":"","6":"","7":"","8":""}],"_links":{"self":[{"href":"https:\/\/buletin.de\/bucuresti\/wp-json\/wp\/v2\/posts\/71225","targetHints":{"allow":["GET"]}}],"collection":[{"href":"https:\/\/buletin.de\/bucuresti\/wp-json\/wp\/v2\/posts"}],"about":[{"href":"https:\/\/buletin.de\/bucuresti\/wp-json\/wp\/v2\/types\/post"}],"author":[{"embeddable":true,"href":"https:\/\/buletin.de\/bucuresti\/wp-json\/wp\/v2\/users\/8"}],"replies":[{"embeddable":true,"href":"https:\/\/buletin.de\/bucuresti\/wp-json\/wp\/v2\/comments?post=71225"}],"version-history":[{"count":2,"href":"https:\/\/buletin.de\/bucuresti\/wp-json\/wp\/v2\/posts\/71225\/revisions"}],"predecessor-version":[{"id":71231,"href":"https:\/\/buletin.de\/bucuresti\/wp-json\/wp\/v2\/posts\/71225\/revisions\/71231"}],"wp:featuredmedia":[{"embeddable":true,"href":"https:\/\/buletin.de\/bucuresti\/wp-json\/wp\/v2\/media\/71227"}],"wp:attachment":[{"href":"https:\/\/buletin.de\/bucuresti\/wp-json\/wp\/v2\/media?parent=71225"}],"wp:term":[{"taxonomy":"category","embeddable":true,"href":"https:\/\/buletin.de\/bucuresti\/wp-json\/wp\/v2\/categories?post=71225"},{"taxonomy":"post_tag","embeddable":true,"href":"https:\/\/buletin.de\/bucuresti\/wp-json\/wp\/v2\/tags?post=71225"},{"taxonomy":"author","embeddable":true,"href":"https:\/\/buletin.de\/bucuresti\/wp-json\/wp\/v2\/ppma_author?post=71225"}],"curies":[{"name":"wp","href":"https:\/\/api.w.org\/{rel}","templated":true}]}}