{"id":71183,"date":"2023-12-05T08:00:00","date_gmt":"2023-12-05T06:00:00","guid":{"rendered":"https:\/\/buletin.de\/bucuresti\/?p=71183"},"modified":"2023-12-04T19:02:34","modified_gmt":"2023-12-04T17:02:34","slug":"aspa-continua-sterilizarile-gratuite-in-weekend","status":"publish","type":"post","link":"https:\/\/buletin.de\/bucuresti\/aspa-continua-sterilizarile-gratuite-in-weekend\/","title":{"rendered":"ASPA continu\u0103 steriliz\u0103rile gratuite \u00een weekend"},"content":{"rendered":"\n<p><strong>Autoritatea pentru Supravegherea \u0219i Protec\u021bia Animalelor continu\u0103 steriliz\u0103rile \u0219i microcip\u0103rile gratuite, pentru c\u00e2inii de ras\u0103 comun\u0103 cu proprietar.<\/strong><\/p>\n\n\n\n<p>Programul, derulat de Prim\u0103ria Municipiului Bucure\u0219ti prin  ASPA, continu\u0103 cu ultimele loca\u021bii programate pentru acest an:<\/p>\n\n\n\n<ul class=\"wp-block-list\">\n<li>09-10 decembrie &#8211; clinica mobil\u0103 Sache Vet Clinic &#8211; Str. Pajurei nr. 13, din sectorul 1;<\/li>\n\n\n\n<li>09-10 decembrie &#8211; clinica veterinar\u0103 mobil\u0103 Hands &amp; Paws Vet va steriliza la depoul STB Colentina din \u0218oseaua Colentina 278, sectorul 2;<\/li>\n\n\n\n<li>16-17 decembrie &#8211; clinica veterinar\u0103 mobil\u0103 Green Vet va sta\u021biona la Park&amp;Ride Pantelimon, \u00een sectorul 2;<\/li>\n<\/ul>\n\n\n\n<p>Program\u0103rile \u00een cadrul campaniei se realizeaz\u0103 de luni p\u00e2n\u0103 vineri, \u00een intervalul orar 09:00-16:00, la num\u0103rul de telefon 0743.204.942.<\/p>\n\n\n\n<p>Autoritatea pentru Supravegherea \u0219i Protec\u021bia Animalelor anun\u021b\u0103 un t\u00e2rg de adop\u021bii de c\u0103\u021bei, ultimul din anul 2023. Animalele vor putea fi adoptate, pe 9 decembrie, la Centrul de Informare Turistic\u0103 din Pasajul Universitate. T\u00e2rgul se va desf\u0103\u0219ura \u00eentre orele 10:00 \u2013 15:00.<\/p>\n","protected":false},"excerpt":{"rendered":"<p>Autoritatea pentru Supravegherea \u0219i Protec\u021bia Animalelor continu\u0103 steriliz\u0103rile \u0219i microcip\u0103rile gratuite, pentru c\u00e2inii de ras\u0103 comun\u0103 cu proprietar. Programul, derulat de Prim\u0103ria Municipiului Bucure\u0219ti prin ASPA, continu\u0103 cu ultimele loca\u021bii programate pentru acest an: Program\u0103rile \u00een cadrul campaniei se realizeaz\u0103 de luni p\u00e2n\u0103 vineri, \u00een intervalul orar 09:00-16:00, la num\u0103rul de telefon 0743.204.942. Autoritatea pentru [&hellip;]<\/p>\n","protected":false},"author":49,"featured_media":61621,"comment_status":"closed","ping_status":"open","sticky":false,"template":"","format":"standard","meta":{"_acf_changed":false,"inline_featured_image":false,"ngg_post_thumbnail":0,"footnotes":""},"categories":[6994,62],"tags":[7753,3229,6587,8188],"ppma_author":[22574],"class_list":["post-71183","post","type-post","status-publish","format-standard","has-post-thumbnail","hentry","category-stiri-2","category-stiri","tag-adoptii-catei","tag-aspa","tag-aspa-sterilizare-gratuita","tag-pasaj-universitate"],"acf":[],"yoast_head":"<!-- This site is optimized with the Yoast SEO Premium plugin v25.3 (Yoast SEO v27.4) - https:\/\/yoast.com\/product\/yoast-seo-premium-wordpress\/ -->\n<title>ASPA continu\u0103 steriliz\u0103rile gratuite \u00een weekend - Buletin de Bucure\u0219ti<\/title>\n<meta name=\"robots\" content=\"index, follow, max-snippet:-1, max-image-preview:large, max-video-preview:-1\" \/>\n<link rel=\"canonical\" href=\"https:\/\/buletin.de\/bucuresti\/aspa-continua-sterilizarile-gratuite-in-weekend\/\" \/>\n<meta property=\"og:locale\" content=\"en_GB\" \/>\n<meta property=\"og:type\" content=\"article\" \/>\n<meta property=\"og:title\" content=\"ASPA continu\u0103 steriliz\u0103rile gratuite \u00een weekend\" \/>\n<meta property=\"og:description\" content=\"Autoritatea pentru Supravegherea \u0219i Protec\u021bia Animalelor continu\u0103 steriliz\u0103rile \u0219i microcip\u0103rile gratuite, pentru c\u00e2inii de ras\u0103 comun\u0103 cu proprietar. Programul, derulat de Prim\u0103ria Municipiului Bucure\u0219ti prin ASPA, continu\u0103 cu ultimele loca\u021bii programate pentru acest an: Program\u0103rile \u00een cadrul campaniei se realizeaz\u0103 de luni p\u00e2n\u0103 vineri, \u00een intervalul orar 09:00-16:00, la num\u0103rul de telefon 0743.204.942. Autoritatea pentru [&hellip;]\" \/>\n<meta property=\"og:url\" content=\"https:\/\/buletin.de\/bucuresti\/aspa-continua-sterilizarile-gratuite-in-weekend\/\" \/>\n<meta property=\"og:site_name\" content=\"Buletin de Bucure\u0219ti\" \/>\n<meta property=\"article:publisher\" content=\"https:\/\/www.facebook.com\/buletin.de.buc\" \/>\n<meta property=\"article:published_time\" content=\"2023-12-05T06:00:00+00:00\" \/>\n<meta property=\"og:image\" content=\"https:\/\/buletin.de\/bucuresti\/wp-content\/uploads\/catei.jpeg\" \/>\n\t<meta property=\"og:image:width\" content=\"1500\" \/>\n\t<meta property=\"og:image:height\" content=\"2000\" \/>\n\t<meta property=\"og:image:type\" content=\"image\/jpeg\" \/>\n<meta name=\"author\" content=\"Diana Matei\" \/>\n<meta name=\"twitter:card\" content=\"summary_large_image\" \/>\n<meta name=\"twitter:label1\" content=\"Written by\" \/>\n\t<meta name=\"twitter:data1\" content=\"Diana Matei\" \/>\n\t<meta name=\"twitter:label2\" content=\"Estimated reading time\" \/>\n\t<meta name=\"twitter:data2\" content=\"1 minute\" \/>\n<script type=\"application\/ld+json\" class=\"yoast-schema-graph\">{\"@context\":\"https:\\\/\\\/schema.org\",\"@graph\":[{\"@type\":\"Article\",\"@id\":\"https:\\\/\\\/buletin.de\\\/bucuresti\\\/aspa-continua-sterilizarile-gratuite-in-weekend\\\/#article\",\"isPartOf\":{\"@id\":\"https:\\\/\\\/buletin.de\\\/bucuresti\\\/aspa-continua-sterilizarile-gratuite-in-weekend\\\/\"},\"author\":{\"name\":\"Diana Matei\",\"@id\":\"https:\\\/\\\/buletin.de\\\/bucuresti\\\/#\\\/schema\\\/person\\\/7e46040573290777280a0835d81ea4ea\"},\"headline\":\"ASPA continu\u0103 steriliz\u0103rile gratuite \u00een weekend\",\"datePublished\":\"2023-12-05T06:00:00+00:00\",\"mainEntityOfPage\":{\"@id\":\"https:\\\/\\\/buletin.de\\\/bucuresti\\\/aspa-continua-sterilizarile-gratuite-in-weekend\\\/\"},\"wordCount\":164,\"publisher\":{\"@id\":\"https:\\\/\\\/buletin.de\\\/bucuresti\\\/#organization\"},\"image\":{\"@id\":\"https:\\\/\\\/buletin.de\\\/bucuresti\\\/aspa-continua-sterilizarile-gratuite-in-weekend\\\/#primaryimage\"},\"thumbnailUrl\":\"https:\\\/\\\/buletin.de\\\/bucuresti\\\/wp-content\\\/uploads\\\/catei.jpeg\",\"keywords\":[\"adoptii catei\",\"aspa\",\"aspa sterilizare gratuita\",\"Pasaj Universitate\"],\"articleSection\":[\"Articole\",\"\u0218tiri\"],\"inLanguage\":\"en-GB\",\"copyrightYear\":\"2023\",\"copyrightHolder\":{\"@id\":\"https:\\\/\\\/buletin.de\\\/bucuresti\\\/#organization\"}},{\"@type\":\"WebPage\",\"@id\":\"https:\\\/\\\/buletin.de\\\/bucuresti\\\/aspa-continua-sterilizarile-gratuite-in-weekend\\\/\",\"url\":\"https:\\\/\\\/buletin.de\\\/bucuresti\\\/aspa-continua-sterilizarile-gratuite-in-weekend\\\/\",\"name\":\"ASPA continu\u0103 steriliz\u0103rile gratuite \u00een weekend - Buletin de Bucure\u0219ti\",\"isPartOf\":{\"@id\":\"https:\\\/\\\/buletin.de\\\/bucuresti\\\/#website\"},\"primaryImageOfPage\":{\"@id\":\"https:\\\/\\\/buletin.de\\\/bucuresti\\\/aspa-continua-sterilizarile-gratuite-in-weekend\\\/#primaryimage\"},\"image\":{\"@id\":\"https:\\\/\\\/buletin.de\\\/bucuresti\\\/aspa-continua-sterilizarile-gratuite-in-weekend\\\/#primaryimage\"},\"thumbnailUrl\":\"https:\\\/\\\/buletin.de\\\/bucuresti\\\/wp-content\\\/uploads\\\/catei.jpeg\",\"datePublished\":\"2023-12-05T06:00:00+00:00\",\"breadcrumb\":{\"@id\":\"https:\\\/\\\/buletin.de\\\/bucuresti\\\/aspa-continua-sterilizarile-gratuite-in-weekend\\\/#breadcrumb\"},\"inLanguage\":\"en-GB\",\"potentialAction\":[{\"@type\":\"ReadAction\",\"target\":[\"https:\\\/\\\/buletin.de\\\/bucuresti\\\/aspa-continua-sterilizarile-gratuite-in-weekend\\\/\"]}]},{\"@type\":\"ImageObject\",\"inLanguage\":\"en-GB\",\"@id\":\"https:\\\/\\\/buletin.de\\\/bucuresti\\\/aspa-continua-sterilizarile-gratuite-in-weekend\\\/#primaryimage\",\"url\":\"https:\\\/\\\/buletin.de\\\/bucuresti\\\/wp-content\\\/uploads\\\/catei.jpeg\",\"contentUrl\":\"https:\\\/\\\/buletin.de\\\/bucuresti\\\/wp-content\\\/uploads\\\/catei.jpeg\",\"width\":1500,\"height\":2000,\"caption\":\"Foto:ASPA\"},{\"@type\":\"BreadcrumbList\",\"@id\":\"https:\\\/\\\/buletin.de\\\/bucuresti\\\/aspa-continua-sterilizarile-gratuite-in-weekend\\\/#breadcrumb\",\"itemListElement\":[{\"@type\":\"ListItem\",\"position\":1,\"name\":\"Acas\u0103\",\"item\":\"https:\\\/\\\/buletin.de\\\/bucuresti\\\/\"},{\"@type\":\"ListItem\",\"position\":2,\"name\":\"ASPA continu\u0103 steriliz\u0103rile gratuite \u00een weekend\"}]},{\"@type\":\"WebSite\",\"@id\":\"https:\\\/\\\/buletin.de\\\/bucuresti\\\/#website\",\"url\":\"https:\\\/\\\/buletin.de\\\/bucuresti\\\/\",\"name\":\"Buletin de Bucure\u0219ti\",\"description\":\"\u0218tiri \u0219i investiga\u021bii esen\u021biale din capital\u0103\",\"publisher\":{\"@id\":\"https:\\\/\\\/buletin.de\\\/bucuresti\\\/#organization\"},\"potentialAction\":[{\"@type\":\"SearchAction\",\"target\":{\"@type\":\"EntryPoint\",\"urlTemplate\":\"https:\\\/\\\/buletin.de\\\/bucuresti\\\/?s={search_term_string}\"},\"query-input\":{\"@type\":\"PropertyValueSpecification\",\"valueRequired\":true,\"valueName\":\"search_term_string\"}}],\"inLanguage\":\"en-GB\"},{\"@type\":\"Organization\",\"@id\":\"https:\\\/\\\/buletin.de\\\/bucuresti\\\/#organization\",\"name\":\"Buletin de Bucure\u0219ti\",\"url\":\"https:\\\/\\\/buletin.de\\\/bucuresti\\\/\",\"logo\":{\"@type\":\"ImageObject\",\"inLanguage\":\"en-GB\",\"@id\":\"https:\\\/\\\/buletin.de\\\/bucuresti\\\/#\\\/schema\\\/logo\\\/image\\\/\",\"url\":\"https:\\\/\\\/buletin.de\\\/bucuresti\\\/wp-content\\\/uploads\\\/logo-bdb-full-wide-vernil-transparent.png\",\"contentUrl\":\"https:\\\/\\\/buletin.de\\\/bucuresti\\\/wp-content\\\/uploads\\\/logo-bdb-full-wide-vernil-transparent.png\",\"width\":1782,\"height\":626,\"caption\":\"Buletin de Bucure\u0219ti\"},\"image\":{\"@id\":\"https:\\\/\\\/buletin.de\\\/bucuresti\\\/#\\\/schema\\\/logo\\\/image\\\/\"},\"sameAs\":[\"https:\\\/\\\/www.facebook.com\\\/buletin.de.buc\",\"https:\\\/\\\/www.instagram.com\\\/buletinde.bucuresti\\\/\"]},{\"@type\":\"Person\",\"@id\":\"https:\\\/\\\/buletin.de\\\/bucuresti\\\/#\\\/schema\\\/person\\\/7e46040573290777280a0835d81ea4ea\",\"name\":\"Diana Matei\",\"image\":{\"@type\":\"ImageObject\",\"inLanguage\":\"en-GB\",\"@id\":\"https:\\\/\\\/buletin.de\\\/bucuresti\\\/wp-content\\\/uploads\\\/9-2-96x96.jpg1e8590b30871d70e62ebcdaf2eff570c\",\"url\":\"https:\\\/\\\/buletin.de\\\/bucuresti\\\/wp-content\\\/uploads\\\/9-2-96x96.jpg\",\"contentUrl\":\"https:\\\/\\\/buletin.de\\\/bucuresti\\\/wp-content\\\/uploads\\\/9-2-96x96.jpg\",\"caption\":\"Diana Matei\"},\"url\":\"https:\\\/\\\/buletin.de\\\/bucuresti\\\/author\\\/dianamatei\\\/\"}]}<\/script>\n<!-- \/ Yoast SEO Premium plugin. -->","yoast_head_json":{"title":"ASPA continu\u0103 steriliz\u0103rile gratuite \u00een weekend - Buletin de Bucure\u0219ti","robots":{"index":"index","follow":"follow","max-snippet":"max-snippet:-1","max-image-preview":"max-image-preview:large","max-video-preview":"max-video-preview:-1"},"canonical":"https:\/\/buletin.de\/bucuresti\/aspa-continua-sterilizarile-gratuite-in-weekend\/","og_locale":"en_GB","og_type":"article","og_title":"ASPA continu\u0103 steriliz\u0103rile gratuite \u00een weekend","og_description":"Autoritatea pentru Supravegherea \u0219i Protec\u021bia Animalelor continu\u0103 steriliz\u0103rile \u0219i microcip\u0103rile gratuite, pentru c\u00e2inii de ras\u0103 comun\u0103 cu proprietar. Programul, derulat de Prim\u0103ria Municipiului Bucure\u0219ti prin ASPA, continu\u0103 cu ultimele loca\u021bii programate pentru acest an: Program\u0103rile \u00een cadrul campaniei se realizeaz\u0103 de luni p\u00e2n\u0103 vineri, \u00een intervalul orar 09:00-16:00, la num\u0103rul de telefon 0743.204.942. Autoritatea pentru [&hellip;]","og_url":"https:\/\/buletin.de\/bucuresti\/aspa-continua-sterilizarile-gratuite-in-weekend\/","og_site_name":"Buletin de Bucure\u0219ti","article_publisher":"https:\/\/www.facebook.com\/buletin.de.buc","article_published_time":"2023-12-05T06:00:00+00:00","og_image":[{"width":1500,"height":2000,"url":"https:\/\/buletin.de\/bucuresti\/wp-content\/uploads\/catei.jpeg","type":"image\/jpeg"}],"author":"Diana Matei","twitter_card":"summary_large_image","twitter_misc":{"Written by":"Diana Matei","Estimated reading time":"1 minute"},"schema":{"@context":"https:\/\/schema.org","@graph":[{"@type":"Article","@id":"https:\/\/buletin.de\/bucuresti\/aspa-continua-sterilizarile-gratuite-in-weekend\/#article","isPartOf":{"@id":"https:\/\/buletin.de\/bucuresti\/aspa-continua-sterilizarile-gratuite-in-weekend\/"},"author":{"name":"Diana Matei","@id":"https:\/\/buletin.de\/bucuresti\/#\/schema\/person\/7e46040573290777280a0835d81ea4ea"},"headline":"ASPA continu\u0103 steriliz\u0103rile gratuite \u00een weekend","datePublished":"2023-12-05T06:00:00+00:00","mainEntityOfPage":{"@id":"https:\/\/buletin.de\/bucuresti\/aspa-continua-sterilizarile-gratuite-in-weekend\/"},"wordCount":164,"publisher":{"@id":"https:\/\/buletin.de\/bucuresti\/#organization"},"image":{"@id":"https:\/\/buletin.de\/bucuresti\/aspa-continua-sterilizarile-gratuite-in-weekend\/#primaryimage"},"thumbnailUrl":"https:\/\/buletin.de\/bucuresti\/wp-content\/uploads\/catei.jpeg","keywords":["adoptii catei","aspa","aspa sterilizare gratuita","Pasaj Universitate"],"articleSection":["Articole","\u0218tiri"],"inLanguage":"en-GB","copyrightYear":"2023","copyrightHolder":{"@id":"https:\/\/buletin.de\/bucuresti\/#organization"}},{"@type":"WebPage","@id":"https:\/\/buletin.de\/bucuresti\/aspa-continua-sterilizarile-gratuite-in-weekend\/","url":"https:\/\/buletin.de\/bucuresti\/aspa-continua-sterilizarile-gratuite-in-weekend\/","name":"ASPA continu\u0103 steriliz\u0103rile gratuite \u00een weekend - Buletin de Bucure\u0219ti","isPartOf":{"@id":"https:\/\/buletin.de\/bucuresti\/#website"},"primaryImageOfPage":{"@id":"https:\/\/buletin.de\/bucuresti\/aspa-continua-sterilizarile-gratuite-in-weekend\/#primaryimage"},"image":{"@id":"https:\/\/buletin.de\/bucuresti\/aspa-continua-sterilizarile-gratuite-in-weekend\/#primaryimage"},"thumbnailUrl":"https:\/\/buletin.de\/bucuresti\/wp-content\/uploads\/catei.jpeg","datePublished":"2023-12-05T06:00:00+00:00","breadcrumb":{"@id":"https:\/\/buletin.de\/bucuresti\/aspa-continua-sterilizarile-gratuite-in-weekend\/#breadcrumb"},"inLanguage":"en-GB","potentialAction":[{"@type":"ReadAction","target":["https:\/\/buletin.de\/bucuresti\/aspa-continua-sterilizarile-gratuite-in-weekend\/"]}]},{"@type":"ImageObject","inLanguage":"en-GB","@id":"https:\/\/buletin.de\/bucuresti\/aspa-continua-sterilizarile-gratuite-in-weekend\/#primaryimage","url":"https:\/\/buletin.de\/bucuresti\/wp-content\/uploads\/catei.jpeg","contentUrl":"https:\/\/buletin.de\/bucuresti\/wp-content\/uploads\/catei.jpeg","width":1500,"height":2000,"caption":"Foto:ASPA"},{"@type":"BreadcrumbList","@id":"https:\/\/buletin.de\/bucuresti\/aspa-continua-sterilizarile-gratuite-in-weekend\/#breadcrumb","itemListElement":[{"@type":"ListItem","position":1,"name":"Acas\u0103","item":"https:\/\/buletin.de\/bucuresti\/"},{"@type":"ListItem","position":2,"name":"ASPA continu\u0103 steriliz\u0103rile gratuite \u00een weekend"}]},{"@type":"WebSite","@id":"https:\/\/buletin.de\/bucuresti\/#website","url":"https:\/\/buletin.de\/bucuresti\/","name":"Buletin de Bucure\u0219ti","description":"\u0218tiri \u0219i investiga\u021bii esen\u021biale din capital\u0103","publisher":{"@id":"https:\/\/buletin.de\/bucuresti\/#organization"},"potentialAction":[{"@type":"SearchAction","target":{"@type":"EntryPoint","urlTemplate":"https:\/\/buletin.de\/bucuresti\/?s={search_term_string}"},"query-input":{"@type":"PropertyValueSpecification","valueRequired":true,"valueName":"search_term_string"}}],"inLanguage":"en-GB"},{"@type":"Organization","@id":"https:\/\/buletin.de\/bucuresti\/#organization","name":"Buletin de Bucure\u0219ti","url":"https:\/\/buletin.de\/bucuresti\/","logo":{"@type":"ImageObject","inLanguage":"en-GB","@id":"https:\/\/buletin.de\/bucuresti\/#\/schema\/logo\/image\/","url":"https:\/\/buletin.de\/bucuresti\/wp-content\/uploads\/logo-bdb-full-wide-vernil-transparent.png","contentUrl":"https:\/\/buletin.de\/bucuresti\/wp-content\/uploads\/logo-bdb-full-wide-vernil-transparent.png","width":1782,"height":626,"caption":"Buletin de Bucure\u0219ti"},"image":{"@id":"https:\/\/buletin.de\/bucuresti\/#\/schema\/logo\/image\/"},"sameAs":["https:\/\/www.facebook.com\/buletin.de.buc","https:\/\/www.instagram.com\/buletinde.bucuresti\/"]},{"@type":"Person","@id":"https:\/\/buletin.de\/bucuresti\/#\/schema\/person\/7e46040573290777280a0835d81ea4ea","name":"Diana Matei","image":{"@type":"ImageObject","inLanguage":"en-GB","@id":"https:\/\/buletin.de\/bucuresti\/wp-content\/uploads\/9-2-96x96.jpg1e8590b30871d70e62ebcdaf2eff570c","url":"https:\/\/buletin.de\/bucuresti\/wp-content\/uploads\/9-2-96x96.jpg","contentUrl":"https:\/\/buletin.de\/bucuresti\/wp-content\/uploads\/9-2-96x96.jpg","caption":"Diana Matei"},"url":"https:\/\/buletin.de\/bucuresti\/author\/dianamatei\/"}]}},"authors":[{"term_id":22574,"user_id":49,"is_guest":0,"slug":"dianamatei","display_name":"Diana Matei","avatar_url":"https:\/\/buletin.de\/bucuresti\/wp-content\/uploads\/9-2-96x96.jpg","0":null,"1":"","2":"","3":"","4":"","5":"","6":"","7":"","8":""}],"_links":{"self":[{"href":"https:\/\/buletin.de\/bucuresti\/wp-json\/wp\/v2\/posts\/71183","targetHints":{"allow":["GET"]}}],"collection":[{"href":"https:\/\/buletin.de\/bucuresti\/wp-json\/wp\/v2\/posts"}],"about":[{"href":"https:\/\/buletin.de\/bucuresti\/wp-json\/wp\/v2\/types\/post"}],"author":[{"embeddable":true,"href":"https:\/\/buletin.de\/bucuresti\/wp-json\/wp\/v2\/users\/49"}],"replies":[{"embeddable":true,"href":"https:\/\/buletin.de\/bucuresti\/wp-json\/wp\/v2\/comments?post=71183"}],"version-history":[{"count":2,"href":"https:\/\/buletin.de\/bucuresti\/wp-json\/wp\/v2\/posts\/71183\/revisions"}],"predecessor-version":[{"id":71194,"href":"https:\/\/buletin.de\/bucuresti\/wp-json\/wp\/v2\/posts\/71183\/revisions\/71194"}],"wp:featuredmedia":[{"embeddable":true,"href":"https:\/\/buletin.de\/bucuresti\/wp-json\/wp\/v2\/media\/61621"}],"wp:attachment":[{"href":"https:\/\/buletin.de\/bucuresti\/wp-json\/wp\/v2\/media?parent=71183"}],"wp:term":[{"taxonomy":"category","embeddable":true,"href":"https:\/\/buletin.de\/bucuresti\/wp-json\/wp\/v2\/categories?post=71183"},{"taxonomy":"post_tag","embeddable":true,"href":"https:\/\/buletin.de\/bucuresti\/wp-json\/wp\/v2\/tags?post=71183"},{"taxonomy":"author","embeddable":true,"href":"https:\/\/buletin.de\/bucuresti\/wp-json\/wp\/v2\/ppma_author?post=71183"}],"curies":[{"name":"wp","href":"https:\/\/api.w.org\/{rel}","templated":true}]}}