{"id":71173,"date":"2023-12-05T11:00:00","date_gmt":"2023-12-05T09:00:00","guid":{"rendered":"https:\/\/buletin.de\/bucuresti\/?p=71173"},"modified":"2023-12-04T19:01:28","modified_gmt":"2023-12-04T17:01:28","slug":"art-safari-christmas-edition-incepe-pe-6-decembrie","status":"publish","type":"post","link":"https:\/\/buletin.de\/bucuresti\/art-safari-christmas-edition-incepe-pe-6-decembrie\/","title":{"rendered":"Art Safari Christmas Edition \u00eencepe pe 6 decembrie"},"content":{"rendered":"\n<p><strong>Pe 6 decembrie, se deschide&nbsp;Art Safari Christmas Edition. Palatul Dacia-Rom\u00e2nia&nbsp;de pe Lipscani g\u0103zduie\u0219te evenimentul \u00een perioada&nbsp;6-22 decembrie.<\/strong><\/p>\n\n\n\n<p><strong>Teatrul \u021a\u0103nd\u0103ric\u0103<\/strong>&nbsp;va prezenta un <strong>teatru de anima\u021bie<em>&nbsp;\u201eFreestyle Puppetry\u201d<\/em><\/strong>, \u00een intervalele orare 18:00-18:30 \u0219i 19:00-19:30 (6-10 decembrie, 16-17 decembrie), iar pe 22-23 decembrie (18:00-19:00) va avea loc o<strong>&nbsp;\u201e\u00cent\u00e2lnire cu Mo\u0219 Cr\u0103ciun\u201d.&nbsp;<\/strong><\/p>\n\n\n\n<p><strong>Teatrul&nbsp;<em>\u201eIon Creang\u0103\u201d<\/em><\/strong>&nbsp;prezint\u0103&nbsp;<strong>Tablouri de iarn\u0103<\/strong>&nbsp;\u2013 o expozi\u021bie de costume \u0219i obiecte din spectacolele dedicate Cr\u0103ciunului. <\/p>\n\n\n\n<p>\u0218i&nbsp;<strong>Opera Comic\u0103 pentru Copii<\/strong>&nbsp;revine la Art Safari cu o serie de spectacole, iar programul de colinde va fi asigurat de corurile de copii&nbsp;Cantus Mundi.<\/p>\n\n\n\n<p><strong>Program Art Safari Christmas Edition:<\/strong><\/p>\n\n\n\n<ul class=\"wp-block-list\">\n<li><strong>6 decembrie<\/strong>&nbsp;(miercuri) \u2013 12:00-21:00 (ultima intrare: 20:30);<\/li>\n\n\n\n<li><strong>7-22 decembrie<\/strong>&nbsp;(joi-duminic\u0103) \u2013 12:00-21:00.<\/li>\n<\/ul>\n\n\n\n<p>Atelierele de sezon Art Safarai Kinder au un discount de 50%.<\/p>\n\n\n\n<ul class=\"wp-block-list\">\n<li><strong>Crea\u0163ie de felicit\u0103ri<\/strong>;<\/li>\n\n\n\n<li><strong>Pictur\u0103 figurine pentru brad<\/strong>;<\/li>\n\n\n\n<li><strong>Atelier de confec\u0163ionat sorcov\u0103<\/strong>.<\/li>\n<\/ul>\n\n\n\n<p>Durata unui atelier este de 1 or\u0103. Biletul la un atelier include \u0219i un tur ghidat \u00een Art Safari (minimum 8 participan\u021bi) \u0219i un set de desen cadou de la Kinder (hart\u0103, coroni\u021b\u0103, masc\u0103 \u0219i \u0219ablon Natoons).&nbsp;<\/p>\n\n\n\n<p><strong>Program ateliere:<\/strong><\/p>\n\n\n\n<ul class=\"wp-block-list\">\n<li><strong>6-8 decembrie:&nbsp;<\/strong>17:00-18:00;<\/li>\n\n\n\n<li><strong>9-10 decembrie<\/strong>: 12:30-13:30; 14:00-15:00;<\/li>\n\n\n\n<li><strong>14-15 decembrie:&nbsp;<\/strong>18:30-19:30;<\/li>\n\n\n\n<li><strong>16-17 decembrie:&nbsp;<\/strong>12:30-13:30; 14:00-15:00<strong>;&nbsp;<\/strong>15.30-16:30<strong>;&nbsp;<\/strong>17:00-18:00;<\/li>\n\n\n\n<li><strong>21 decembrie:&nbsp;<\/strong>18:30-19:30;<\/li>\n\n\n\n<li><strong>22 decembrie:&nbsp;<\/strong>17:00-18:00;&nbsp;<\/li>\n\n\n\n<li><strong>23 decembrie:&nbsp;<\/strong>12:30-13:30; 14:00-15:00<strong>;&nbsp;<\/strong>15.30-16:30<strong>;<\/strong>17:00-18:00.<\/li>\n<\/ul>\n","protected":false},"excerpt":{"rendered":"<p>Pe 6 decembrie, se deschide&nbsp;Art Safari Christmas Edition. Palatul Dacia-Rom\u00e2nia&nbsp;de pe Lipscani g\u0103zduie\u0219te evenimentul \u00een perioada&nbsp;6-22 decembrie. Teatrul \u021a\u0103nd\u0103ric\u0103&nbsp;va prezenta un teatru de anima\u021bie&nbsp;\u201eFreestyle Puppetry\u201d, \u00een intervalele orare 18:00-18:30 \u0219i 19:00-19:30 (6-10 decembrie, 16-17 decembrie), iar pe 22-23 decembrie (18:00-19:00) va avea loc o&nbsp;\u201e\u00cent\u00e2lnire cu Mo\u0219 Cr\u0103ciun\u201d.&nbsp; Teatrul&nbsp;\u201eIon Creang\u0103\u201d&nbsp;prezint\u0103&nbsp;Tablouri de iarn\u0103&nbsp;\u2013 o expozi\u021bie de costume [&hellip;]<\/p>\n","protected":false},"author":49,"featured_media":71179,"comment_status":"closed","ping_status":"open","sticky":false,"template":"","format":"standard","meta":{"_acf_changed":false,"inline_featured_image":false,"ngg_post_thumbnail":0,"footnotes":""},"categories":[6994,62],"tags":[2864,8238,8150],"ppma_author":[22574],"class_list":["post-71173","post","type-post","status-publish","format-standard","has-post-thumbnail","hentry","category-stiri-2","category-stiri","tag-art-safari","tag-art-safari-christmas-edition","tag-trag-de-craciun"],"acf":[],"yoast_head":"<!-- This site is optimized with the Yoast SEO Premium plugin v25.3 (Yoast SEO v27.4) - https:\/\/yoast.com\/product\/yoast-seo-premium-wordpress\/ -->\n<title>Art Safari Christmas Edition \u00eencepe pe 6 decembrie - Buletin de Bucure\u0219ti<\/title>\n<meta name=\"robots\" content=\"index, follow, max-snippet:-1, max-image-preview:large, max-video-preview:-1\" \/>\n<link rel=\"canonical\" href=\"https:\/\/buletin.de\/bucuresti\/art-safari-christmas-edition-incepe-pe-6-decembrie\/\" \/>\n<meta property=\"og:locale\" content=\"en_GB\" \/>\n<meta property=\"og:type\" content=\"article\" \/>\n<meta property=\"og:title\" content=\"Art Safari Christmas Edition \u00eencepe pe 6 decembrie\" \/>\n<meta property=\"og:description\" content=\"Pe 6 decembrie, se deschide&nbsp;Art Safari Christmas Edition. Palatul Dacia-Rom\u00e2nia&nbsp;de pe Lipscani g\u0103zduie\u0219te evenimentul \u00een perioada&nbsp;6-22 decembrie. Teatrul \u021a\u0103nd\u0103ric\u0103&nbsp;va prezenta un teatru de anima\u021bie&nbsp;\u201eFreestyle Puppetry\u201d, \u00een intervalele orare 18:00-18:30 \u0219i 19:00-19:30 (6-10 decembrie, 16-17 decembrie), iar pe 22-23 decembrie (18:00-19:00) va avea loc o&nbsp;\u201e\u00cent\u00e2lnire cu Mo\u0219 Cr\u0103ciun\u201d.&nbsp; Teatrul&nbsp;\u201eIon Creang\u0103\u201d&nbsp;prezint\u0103&nbsp;Tablouri de iarn\u0103&nbsp;\u2013 o expozi\u021bie de costume [&hellip;]\" \/>\n<meta property=\"og:url\" content=\"https:\/\/buletin.de\/bucuresti\/art-safari-christmas-edition-incepe-pe-6-decembrie\/\" \/>\n<meta property=\"og:site_name\" content=\"Buletin de Bucure\u0219ti\" \/>\n<meta property=\"article:publisher\" content=\"https:\/\/www.facebook.com\/buletin.de.buc\" \/>\n<meta property=\"article:published_time\" content=\"2023-12-05T09:00:00+00:00\" \/>\n<meta property=\"og:image\" content=\"https:\/\/buletin.de\/bucuresti\/wp-content\/uploads\/Screenshot-2023-12-04-at-15.59.51.png\" \/>\n\t<meta property=\"og:image:width\" content=\"685\" \/>\n\t<meta property=\"og:image:height\" content=\"529\" \/>\n\t<meta property=\"og:image:type\" content=\"image\/png\" \/>\n<meta name=\"author\" content=\"Diana Matei\" \/>\n<meta name=\"twitter:card\" content=\"summary_large_image\" \/>\n<meta name=\"twitter:label1\" content=\"Written by\" \/>\n\t<meta name=\"twitter:data1\" content=\"Diana Matei\" \/>\n\t<meta name=\"twitter:label2\" content=\"Estimated reading time\" \/>\n\t<meta name=\"twitter:data2\" content=\"1 minute\" \/>\n<script type=\"application\/ld+json\" class=\"yoast-schema-graph\">{\"@context\":\"https:\\\/\\\/schema.org\",\"@graph\":[{\"@type\":\"Article\",\"@id\":\"https:\\\/\\\/buletin.de\\\/bucuresti\\\/art-safari-christmas-edition-incepe-pe-6-decembrie\\\/#article\",\"isPartOf\":{\"@id\":\"https:\\\/\\\/buletin.de\\\/bucuresti\\\/art-safari-christmas-edition-incepe-pe-6-decembrie\\\/\"},\"author\":{\"name\":\"Diana Matei\",\"@id\":\"https:\\\/\\\/buletin.de\\\/bucuresti\\\/#\\\/schema\\\/person\\\/7e46040573290777280a0835d81ea4ea\"},\"headline\":\"Art Safari Christmas Edition \u00eencepe pe 6 decembrie\",\"datePublished\":\"2023-12-05T09:00:00+00:00\",\"mainEntityOfPage\":{\"@id\":\"https:\\\/\\\/buletin.de\\\/bucuresti\\\/art-safari-christmas-edition-incepe-pe-6-decembrie\\\/\"},\"wordCount\":240,\"publisher\":{\"@id\":\"https:\\\/\\\/buletin.de\\\/bucuresti\\\/#organization\"},\"image\":{\"@id\":\"https:\\\/\\\/buletin.de\\\/bucuresti\\\/art-safari-christmas-edition-incepe-pe-6-decembrie\\\/#primaryimage\"},\"thumbnailUrl\":\"https:\\\/\\\/buletin.de\\\/bucuresti\\\/wp-content\\\/uploads\\\/Screenshot-2023-12-04-at-15.59.51.png\",\"keywords\":[\"art safari\",\"Art Safari Christmas Edition\",\"Trag de Craciun\"],\"articleSection\":[\"Articole\",\"\u0218tiri\"],\"inLanguage\":\"en-GB\",\"copyrightYear\":\"2023\",\"copyrightHolder\":{\"@id\":\"https:\\\/\\\/buletin.de\\\/bucuresti\\\/#organization\"}},{\"@type\":\"WebPage\",\"@id\":\"https:\\\/\\\/buletin.de\\\/bucuresti\\\/art-safari-christmas-edition-incepe-pe-6-decembrie\\\/\",\"url\":\"https:\\\/\\\/buletin.de\\\/bucuresti\\\/art-safari-christmas-edition-incepe-pe-6-decembrie\\\/\",\"name\":\"Art Safari Christmas Edition \u00eencepe pe 6 decembrie - Buletin de Bucure\u0219ti\",\"isPartOf\":{\"@id\":\"https:\\\/\\\/buletin.de\\\/bucuresti\\\/#website\"},\"primaryImageOfPage\":{\"@id\":\"https:\\\/\\\/buletin.de\\\/bucuresti\\\/art-safari-christmas-edition-incepe-pe-6-decembrie\\\/#primaryimage\"},\"image\":{\"@id\":\"https:\\\/\\\/buletin.de\\\/bucuresti\\\/art-safari-christmas-edition-incepe-pe-6-decembrie\\\/#primaryimage\"},\"thumbnailUrl\":\"https:\\\/\\\/buletin.de\\\/bucuresti\\\/wp-content\\\/uploads\\\/Screenshot-2023-12-04-at-15.59.51.png\",\"datePublished\":\"2023-12-05T09:00:00+00:00\",\"breadcrumb\":{\"@id\":\"https:\\\/\\\/buletin.de\\\/bucuresti\\\/art-safari-christmas-edition-incepe-pe-6-decembrie\\\/#breadcrumb\"},\"inLanguage\":\"en-GB\",\"potentialAction\":[{\"@type\":\"ReadAction\",\"target\":[\"https:\\\/\\\/buletin.de\\\/bucuresti\\\/art-safari-christmas-edition-incepe-pe-6-decembrie\\\/\"]}]},{\"@type\":\"ImageObject\",\"inLanguage\":\"en-GB\",\"@id\":\"https:\\\/\\\/buletin.de\\\/bucuresti\\\/art-safari-christmas-edition-incepe-pe-6-decembrie\\\/#primaryimage\",\"url\":\"https:\\\/\\\/buletin.de\\\/bucuresti\\\/wp-content\\\/uploads\\\/Screenshot-2023-12-04-at-15.59.51.png\",\"contentUrl\":\"https:\\\/\\\/buletin.de\\\/bucuresti\\\/wp-content\\\/uploads\\\/Screenshot-2023-12-04-at-15.59.51.png\",\"width\":685,\"height\":529,\"caption\":\"Foto: Art Safari\"},{\"@type\":\"BreadcrumbList\",\"@id\":\"https:\\\/\\\/buletin.de\\\/bucuresti\\\/art-safari-christmas-edition-incepe-pe-6-decembrie\\\/#breadcrumb\",\"itemListElement\":[{\"@type\":\"ListItem\",\"position\":1,\"name\":\"Acas\u0103\",\"item\":\"https:\\\/\\\/buletin.de\\\/bucuresti\\\/\"},{\"@type\":\"ListItem\",\"position\":2,\"name\":\"Art Safari Christmas Edition \u00eencepe pe 6 decembrie\"}]},{\"@type\":\"WebSite\",\"@id\":\"https:\\\/\\\/buletin.de\\\/bucuresti\\\/#website\",\"url\":\"https:\\\/\\\/buletin.de\\\/bucuresti\\\/\",\"name\":\"Buletin de Bucure\u0219ti\",\"description\":\"\u0218tiri \u0219i investiga\u021bii esen\u021biale din capital\u0103\",\"publisher\":{\"@id\":\"https:\\\/\\\/buletin.de\\\/bucuresti\\\/#organization\"},\"potentialAction\":[{\"@type\":\"SearchAction\",\"target\":{\"@type\":\"EntryPoint\",\"urlTemplate\":\"https:\\\/\\\/buletin.de\\\/bucuresti\\\/?s={search_term_string}\"},\"query-input\":{\"@type\":\"PropertyValueSpecification\",\"valueRequired\":true,\"valueName\":\"search_term_string\"}}],\"inLanguage\":\"en-GB\"},{\"@type\":\"Organization\",\"@id\":\"https:\\\/\\\/buletin.de\\\/bucuresti\\\/#organization\",\"name\":\"Buletin de Bucure\u0219ti\",\"url\":\"https:\\\/\\\/buletin.de\\\/bucuresti\\\/\",\"logo\":{\"@type\":\"ImageObject\",\"inLanguage\":\"en-GB\",\"@id\":\"https:\\\/\\\/buletin.de\\\/bucuresti\\\/#\\\/schema\\\/logo\\\/image\\\/\",\"url\":\"https:\\\/\\\/buletin.de\\\/bucuresti\\\/wp-content\\\/uploads\\\/logo-bdb-full-wide-vernil-transparent.png\",\"contentUrl\":\"https:\\\/\\\/buletin.de\\\/bucuresti\\\/wp-content\\\/uploads\\\/logo-bdb-full-wide-vernil-transparent.png\",\"width\":1782,\"height\":626,\"caption\":\"Buletin de Bucure\u0219ti\"},\"image\":{\"@id\":\"https:\\\/\\\/buletin.de\\\/bucuresti\\\/#\\\/schema\\\/logo\\\/image\\\/\"},\"sameAs\":[\"https:\\\/\\\/www.facebook.com\\\/buletin.de.buc\",\"https:\\\/\\\/www.instagram.com\\\/buletinde.bucuresti\\\/\"]},{\"@type\":\"Person\",\"@id\":\"https:\\\/\\\/buletin.de\\\/bucuresti\\\/#\\\/schema\\\/person\\\/7e46040573290777280a0835d81ea4ea\",\"name\":\"Diana Matei\",\"image\":{\"@type\":\"ImageObject\",\"inLanguage\":\"en-GB\",\"@id\":\"https:\\\/\\\/buletin.de\\\/bucuresti\\\/wp-content\\\/uploads\\\/9-2-96x96.jpg1e8590b30871d70e62ebcdaf2eff570c\",\"url\":\"https:\\\/\\\/buletin.de\\\/bucuresti\\\/wp-content\\\/uploads\\\/9-2-96x96.jpg\",\"contentUrl\":\"https:\\\/\\\/buletin.de\\\/bucuresti\\\/wp-content\\\/uploads\\\/9-2-96x96.jpg\",\"caption\":\"Diana Matei\"},\"url\":\"https:\\\/\\\/buletin.de\\\/bucuresti\\\/author\\\/dianamatei\\\/\"}]}<\/script>\n<!-- \/ Yoast SEO Premium plugin. -->","yoast_head_json":{"title":"Art Safari Christmas Edition \u00eencepe pe 6 decembrie - Buletin de Bucure\u0219ti","robots":{"index":"index","follow":"follow","max-snippet":"max-snippet:-1","max-image-preview":"max-image-preview:large","max-video-preview":"max-video-preview:-1"},"canonical":"https:\/\/buletin.de\/bucuresti\/art-safari-christmas-edition-incepe-pe-6-decembrie\/","og_locale":"en_GB","og_type":"article","og_title":"Art Safari Christmas Edition \u00eencepe pe 6 decembrie","og_description":"Pe 6 decembrie, se deschide&nbsp;Art Safari Christmas Edition. Palatul Dacia-Rom\u00e2nia&nbsp;de pe Lipscani g\u0103zduie\u0219te evenimentul \u00een perioada&nbsp;6-22 decembrie. Teatrul \u021a\u0103nd\u0103ric\u0103&nbsp;va prezenta un teatru de anima\u021bie&nbsp;\u201eFreestyle Puppetry\u201d, \u00een intervalele orare 18:00-18:30 \u0219i 19:00-19:30 (6-10 decembrie, 16-17 decembrie), iar pe 22-23 decembrie (18:00-19:00) va avea loc o&nbsp;\u201e\u00cent\u00e2lnire cu Mo\u0219 Cr\u0103ciun\u201d.&nbsp; Teatrul&nbsp;\u201eIon Creang\u0103\u201d&nbsp;prezint\u0103&nbsp;Tablouri de iarn\u0103&nbsp;\u2013 o expozi\u021bie de costume [&hellip;]","og_url":"https:\/\/buletin.de\/bucuresti\/art-safari-christmas-edition-incepe-pe-6-decembrie\/","og_site_name":"Buletin de Bucure\u0219ti","article_publisher":"https:\/\/www.facebook.com\/buletin.de.buc","article_published_time":"2023-12-05T09:00:00+00:00","og_image":[{"width":685,"height":529,"url":"https:\/\/buletin.de\/bucuresti\/wp-content\/uploads\/Screenshot-2023-12-04-at-15.59.51.png","type":"image\/png"}],"author":"Diana Matei","twitter_card":"summary_large_image","twitter_misc":{"Written by":"Diana Matei","Estimated reading time":"1 minute"},"schema":{"@context":"https:\/\/schema.org","@graph":[{"@type":"Article","@id":"https:\/\/buletin.de\/bucuresti\/art-safari-christmas-edition-incepe-pe-6-decembrie\/#article","isPartOf":{"@id":"https:\/\/buletin.de\/bucuresti\/art-safari-christmas-edition-incepe-pe-6-decembrie\/"},"author":{"name":"Diana Matei","@id":"https:\/\/buletin.de\/bucuresti\/#\/schema\/person\/7e46040573290777280a0835d81ea4ea"},"headline":"Art Safari Christmas Edition \u00eencepe pe 6 decembrie","datePublished":"2023-12-05T09:00:00+00:00","mainEntityOfPage":{"@id":"https:\/\/buletin.de\/bucuresti\/art-safari-christmas-edition-incepe-pe-6-decembrie\/"},"wordCount":240,"publisher":{"@id":"https:\/\/buletin.de\/bucuresti\/#organization"},"image":{"@id":"https:\/\/buletin.de\/bucuresti\/art-safari-christmas-edition-incepe-pe-6-decembrie\/#primaryimage"},"thumbnailUrl":"https:\/\/buletin.de\/bucuresti\/wp-content\/uploads\/Screenshot-2023-12-04-at-15.59.51.png","keywords":["art safari","Art Safari Christmas Edition","Trag de Craciun"],"articleSection":["Articole","\u0218tiri"],"inLanguage":"en-GB","copyrightYear":"2023","copyrightHolder":{"@id":"https:\/\/buletin.de\/bucuresti\/#organization"}},{"@type":"WebPage","@id":"https:\/\/buletin.de\/bucuresti\/art-safari-christmas-edition-incepe-pe-6-decembrie\/","url":"https:\/\/buletin.de\/bucuresti\/art-safari-christmas-edition-incepe-pe-6-decembrie\/","name":"Art Safari Christmas Edition \u00eencepe pe 6 decembrie - Buletin de Bucure\u0219ti","isPartOf":{"@id":"https:\/\/buletin.de\/bucuresti\/#website"},"primaryImageOfPage":{"@id":"https:\/\/buletin.de\/bucuresti\/art-safari-christmas-edition-incepe-pe-6-decembrie\/#primaryimage"},"image":{"@id":"https:\/\/buletin.de\/bucuresti\/art-safari-christmas-edition-incepe-pe-6-decembrie\/#primaryimage"},"thumbnailUrl":"https:\/\/buletin.de\/bucuresti\/wp-content\/uploads\/Screenshot-2023-12-04-at-15.59.51.png","datePublished":"2023-12-05T09:00:00+00:00","breadcrumb":{"@id":"https:\/\/buletin.de\/bucuresti\/art-safari-christmas-edition-incepe-pe-6-decembrie\/#breadcrumb"},"inLanguage":"en-GB","potentialAction":[{"@type":"ReadAction","target":["https:\/\/buletin.de\/bucuresti\/art-safari-christmas-edition-incepe-pe-6-decembrie\/"]}]},{"@type":"ImageObject","inLanguage":"en-GB","@id":"https:\/\/buletin.de\/bucuresti\/art-safari-christmas-edition-incepe-pe-6-decembrie\/#primaryimage","url":"https:\/\/buletin.de\/bucuresti\/wp-content\/uploads\/Screenshot-2023-12-04-at-15.59.51.png","contentUrl":"https:\/\/buletin.de\/bucuresti\/wp-content\/uploads\/Screenshot-2023-12-04-at-15.59.51.png","width":685,"height":529,"caption":"Foto: Art Safari"},{"@type":"BreadcrumbList","@id":"https:\/\/buletin.de\/bucuresti\/art-safari-christmas-edition-incepe-pe-6-decembrie\/#breadcrumb","itemListElement":[{"@type":"ListItem","position":1,"name":"Acas\u0103","item":"https:\/\/buletin.de\/bucuresti\/"},{"@type":"ListItem","position":2,"name":"Art Safari Christmas Edition \u00eencepe pe 6 decembrie"}]},{"@type":"WebSite","@id":"https:\/\/buletin.de\/bucuresti\/#website","url":"https:\/\/buletin.de\/bucuresti\/","name":"Buletin de Bucure\u0219ti","description":"\u0218tiri \u0219i investiga\u021bii esen\u021biale din capital\u0103","publisher":{"@id":"https:\/\/buletin.de\/bucuresti\/#organization"},"potentialAction":[{"@type":"SearchAction","target":{"@type":"EntryPoint","urlTemplate":"https:\/\/buletin.de\/bucuresti\/?s={search_term_string}"},"query-input":{"@type":"PropertyValueSpecification","valueRequired":true,"valueName":"search_term_string"}}],"inLanguage":"en-GB"},{"@type":"Organization","@id":"https:\/\/buletin.de\/bucuresti\/#organization","name":"Buletin de Bucure\u0219ti","url":"https:\/\/buletin.de\/bucuresti\/","logo":{"@type":"ImageObject","inLanguage":"en-GB","@id":"https:\/\/buletin.de\/bucuresti\/#\/schema\/logo\/image\/","url":"https:\/\/buletin.de\/bucuresti\/wp-content\/uploads\/logo-bdb-full-wide-vernil-transparent.png","contentUrl":"https:\/\/buletin.de\/bucuresti\/wp-content\/uploads\/logo-bdb-full-wide-vernil-transparent.png","width":1782,"height":626,"caption":"Buletin de Bucure\u0219ti"},"image":{"@id":"https:\/\/buletin.de\/bucuresti\/#\/schema\/logo\/image\/"},"sameAs":["https:\/\/www.facebook.com\/buletin.de.buc","https:\/\/www.instagram.com\/buletinde.bucuresti\/"]},{"@type":"Person","@id":"https:\/\/buletin.de\/bucuresti\/#\/schema\/person\/7e46040573290777280a0835d81ea4ea","name":"Diana Matei","image":{"@type":"ImageObject","inLanguage":"en-GB","@id":"https:\/\/buletin.de\/bucuresti\/wp-content\/uploads\/9-2-96x96.jpg1e8590b30871d70e62ebcdaf2eff570c","url":"https:\/\/buletin.de\/bucuresti\/wp-content\/uploads\/9-2-96x96.jpg","contentUrl":"https:\/\/buletin.de\/bucuresti\/wp-content\/uploads\/9-2-96x96.jpg","caption":"Diana Matei"},"url":"https:\/\/buletin.de\/bucuresti\/author\/dianamatei\/"}]}},"authors":[{"term_id":22574,"user_id":49,"is_guest":0,"slug":"dianamatei","display_name":"Diana Matei","avatar_url":"https:\/\/buletin.de\/bucuresti\/wp-content\/uploads\/9-2-96x96.jpg","0":null,"1":"","2":"","3":"","4":"","5":"","6":"","7":"","8":""}],"_links":{"self":[{"href":"https:\/\/buletin.de\/bucuresti\/wp-json\/wp\/v2\/posts\/71173","targetHints":{"allow":["GET"]}}],"collection":[{"href":"https:\/\/buletin.de\/bucuresti\/wp-json\/wp\/v2\/posts"}],"about":[{"href":"https:\/\/buletin.de\/bucuresti\/wp-json\/wp\/v2\/types\/post"}],"author":[{"embeddable":true,"href":"https:\/\/buletin.de\/bucuresti\/wp-json\/wp\/v2\/users\/49"}],"replies":[{"embeddable":true,"href":"https:\/\/buletin.de\/bucuresti\/wp-json\/wp\/v2\/comments?post=71173"}],"version-history":[{"count":2,"href":"https:\/\/buletin.de\/bucuresti\/wp-json\/wp\/v2\/posts\/71173\/revisions"}],"predecessor-version":[{"id":71193,"href":"https:\/\/buletin.de\/bucuresti\/wp-json\/wp\/v2\/posts\/71173\/revisions\/71193"}],"wp:featuredmedia":[{"embeddable":true,"href":"https:\/\/buletin.de\/bucuresti\/wp-json\/wp\/v2\/media\/71179"}],"wp:attachment":[{"href":"https:\/\/buletin.de\/bucuresti\/wp-json\/wp\/v2\/media?parent=71173"}],"wp:term":[{"taxonomy":"category","embeddable":true,"href":"https:\/\/buletin.de\/bucuresti\/wp-json\/wp\/v2\/categories?post=71173"},{"taxonomy":"post_tag","embeddable":true,"href":"https:\/\/buletin.de\/bucuresti\/wp-json\/wp\/v2\/tags?post=71173"},{"taxonomy":"author","embeddable":true,"href":"https:\/\/buletin.de\/bucuresti\/wp-json\/wp\/v2\/ppma_author?post=71173"}],"curies":[{"name":"wp","href":"https:\/\/api.w.org\/{rel}","templated":true}]}}