{"id":71159,"date":"2023-12-04T14:58:34","date_gmt":"2023-12-04T12:58:34","guid":{"rendered":"https:\/\/buletin.de\/bucuresti\/?p=71159"},"modified":"2023-12-05T09:43:26","modified_gmt":"2023-12-05T07:43:26","slug":"sector-2-i-targ-de-joburi-pentru-persoanele-cu-dizabilitati","status":"publish","type":"post","link":"https:\/\/buletin.de\/bucuresti\/sector-2-i-targ-de-joburi-pentru-persoanele-cu-dizabilitati\/","title":{"rendered":"Sector 2 I T\u00e2rg de joburi pentru persoanele cu dizabilit\u0103\u021bi"},"content":{"rendered":"\n<p><strong>Prim\u0103ria Sectorului 2 organizeaz\u0103 \u201eZilele Re-Abiliteaz\u0103\u201d, eveniment dedicat persoanelor cu dizabilit\u0103\u021bi \u00een vederea facilit\u0103rii accesului la servicii \u0219i oportunit\u0103\u021bi de angajare. T\u00e2rgul de joburi se va desf\u0103\u0219ura timp de dou\u0103 zile, 4-5 decembrie, la parterul prim\u0103riei, iar intrarea este liber\u0103.\u00a0<\/strong><\/p>\n\n\n\n<p>Reprezentan\u021bi ai marilor angajatori din sectorul 2 vor fi prezen\u021bi pentru a distribui materiale informative legate de activitatea companiilor \u0219i locurile de munc\u0103 oferite. Spa\u021biul expozi\u021bional este dedicat \u0219i organiza\u021biilor neguvernamentale care \u00eentreprind activit\u0103\u021bi pentru incluziunea persoanelor cu dizabilit\u0103\u021bi, unit\u0103\u021bilor protejate respectiv \u0219colilor speciale.<\/p>\n\n\n\n<p>14.798 de persoane cu dizabilit\u0103\u021bi (dintre care 1100 minore) fac parte din comunitatea Sectorului 2, potrivit purt\u0103torului de cuv\u00e2nt, Ioan Jarea.<\/p>\n\n\n\n<p>Programul primei zile cuprinde dou\u0103 etape:<\/p>\n\n\n\n<ul class=\"wp-block-list\">\n<li>14:00 &#8211; 15:30 &#8211; discursuri ale autorit\u0103\u021bilor competente (Primarul Sectorului 2, Radu Mihaiu \u0219i Directorul general al DGASPC Sector 2, Sanda Ru\u0219anu), respectiv ale reprezentan\u021bilor din Comitetul Consultativ al Persoanelor cu Dizabilit\u0103\u0163i organizat la nivelul sectorului<\/li>\n\n\n\n<li>15:30 &#8211; 18:00 &#8211; spa\u021biu de prezentare dedicat angajatorilor, ONG-urilor, \u0219colilor speciale, unit\u0103\u021bilor protejate \u00een vederea distribuirii de materiale informative privind serviciile \u0219i locurile de munc\u0103 destinate persoanelor cu dizabilit\u0103\u021bi<\/li>\n<\/ul>\n\n\n\n<p>A doua zi&nbsp; va fi dedicat\u0103 exclusiv spa\u021biului expozi\u021bional, \u00een intervalul 10:00 &#8211; 16:00.&nbsp;<\/p>\n\n\n\n<p>Persoanele cu dizabilit\u0103\u021bi beneficiaz\u0103 de ajutoare sociale care variaz\u0103 \u00een func\u021bie de gradul de handicap, respectiv de v\u00e2rsta beneficiarului (copil\/adult), conform site-ului DGASPC Sector 2.&nbsp; Astfel, cel mai sc\u0103zut ajutor financiar este destinat\u0103 adul\u021bilor \u0219i copiilor cu handicap mediu, care primesc doar 64 lei pe lun\u0103 sub form\u0103 de buget personal complementar, iar adul\u021bii cu handicap grav primesc indemniza\u021bie lunar\u0103 de 368 lei \u0219i buget personal complementar de 158 lei (cel mai mare ajutor financiar oferit de Prim\u0103ria Sectorului 2 persoanelor cu dizabilit\u0103\u021bi).<\/p>\n\n\n\n<p>Referitor la bugetul lunii noiembrie, au fost alocate aproximativ 15 milioane de lei pentru plata beneficiilor, jum\u0103tate din sum\u0103 fiind asigurat\u0103 din bugetul local al Sectorului 2, iar cealalt\u0103 din bugetul de stat, a transmis Ioan Jarea pentru Buletin de Bucure\u0219ti.<\/p>\n","protected":false},"excerpt":{"rendered":"<p>Prim\u0103ria Sectorului 2 organizeaz\u0103 \u201eZilele Re-Abiliteaz\u0103\u201d, eveniment dedicat persoanelor cu dizabilit\u0103\u021bi \u00een vederea facilit\u0103rii accesului la servicii \u0219i oportunit\u0103\u021bi de angajare. T\u00e2rgul de joburi se va desf\u0103\u0219ura timp de dou\u0103 zile, 4-5 decembrie, la parterul prim\u0103riei, iar intrarea este liber\u0103.\u00a0 Reprezentan\u021bi ai marilor angajatori din sectorul 2 vor fi prezen\u021bi pentru a distribui materiale informative [&hellip;]<\/p>\n","protected":false},"author":55,"featured_media":71164,"comment_status":"closed","ping_status":"open","sticky":false,"template":"","format":"standard","meta":{"_acf_changed":false,"inline_featured_image":false,"ngg_post_thumbnail":0,"footnotes":""},"categories":[6994,24,62],"tags":[8235,8234,5412,228,8236,8233,8237],"ppma_author":[22573],"class_list":["post-71159","post","type-post","status-publish","format-standard","has-post-thumbnail","hentry","category-stiri-2","category-primarie","category-stiri","tag-ong-uri","tag-oportunitati-de-angajare","tag-persoane-cu-dizabilitati","tag-primaria-sectorului-2","tag-scoli-speciale","tag-targ-de-joburi","tag-unitati-protejate"],"acf":[],"yoast_head":"<!-- This site is optimized with the Yoast SEO Premium plugin v25.3 (Yoast SEO v27.4) - https:\/\/yoast.com\/product\/yoast-seo-premium-wordpress\/ -->\n<title>Sector 2 I T\u00e2rg de joburi pentru persoanele cu dizabilit\u0103\u021bi - Buletin de Bucure\u0219ti<\/title>\n<meta name=\"robots\" content=\"index, follow, max-snippet:-1, max-image-preview:large, max-video-preview:-1\" \/>\n<link rel=\"canonical\" href=\"https:\/\/buletin.de\/bucuresti\/sector-2-i-targ-de-joburi-pentru-persoanele-cu-dizabilitati\/\" \/>\n<meta property=\"og:locale\" content=\"en_GB\" \/>\n<meta property=\"og:type\" content=\"article\" \/>\n<meta property=\"og:title\" content=\"Sector 2 I T\u00e2rg de joburi pentru persoanele cu dizabilit\u0103\u021bi\" \/>\n<meta property=\"og:description\" content=\"Prim\u0103ria Sectorului 2 organizeaz\u0103 \u201eZilele Re-Abiliteaz\u0103\u201d, eveniment dedicat persoanelor cu dizabilit\u0103\u021bi \u00een vederea facilit\u0103rii accesului la servicii \u0219i oportunit\u0103\u021bi de angajare. T\u00e2rgul de joburi se va desf\u0103\u0219ura timp de dou\u0103 zile, 4-5 decembrie, la parterul prim\u0103riei, iar intrarea este liber\u0103.\u00a0 Reprezentan\u021bi ai marilor angajatori din sectorul 2 vor fi prezen\u021bi pentru a distribui materiale informative [&hellip;]\" \/>\n<meta property=\"og:url\" content=\"https:\/\/buletin.de\/bucuresti\/sector-2-i-targ-de-joburi-pentru-persoanele-cu-dizabilitati\/\" \/>\n<meta property=\"og:site_name\" content=\"Buletin de Bucure\u0219ti\" \/>\n<meta property=\"article:publisher\" content=\"https:\/\/www.facebook.com\/buletin.de.buc\" \/>\n<meta property=\"article:published_time\" content=\"2023-12-04T12:58:34+00:00\" \/>\n<meta property=\"article:modified_time\" content=\"2023-12-05T07:43:26+00:00\" \/>\n<meta property=\"og:image\" content=\"https:\/\/buletin.de\/bucuresti\/wp-content\/uploads\/ps2.png\" \/>\n\t<meta property=\"og:image:width\" content=\"1257\" \/>\n\t<meta property=\"og:image:height\" content=\"646\" \/>\n\t<meta property=\"og:image:type\" content=\"image\/png\" \/>\n<meta name=\"author\" content=\"Andreea Tudor\" \/>\n<meta name=\"twitter:card\" content=\"summary_large_image\" \/>\n<meta name=\"twitter:label1\" content=\"Written by\" \/>\n\t<meta name=\"twitter:data1\" content=\"Andreea Tudor\" \/>\n\t<meta name=\"twitter:label2\" content=\"Estimated reading time\" \/>\n\t<meta name=\"twitter:data2\" content=\"2 minutes\" \/>\n<script type=\"application\/ld+json\" class=\"yoast-schema-graph\">{\"@context\":\"https:\\\/\\\/schema.org\",\"@graph\":[{\"@type\":\"Article\",\"@id\":\"https:\\\/\\\/buletin.de\\\/bucuresti\\\/sector-2-i-targ-de-joburi-pentru-persoanele-cu-dizabilitati\\\/#article\",\"isPartOf\":{\"@id\":\"https:\\\/\\\/buletin.de\\\/bucuresti\\\/sector-2-i-targ-de-joburi-pentru-persoanele-cu-dizabilitati\\\/\"},\"author\":{\"name\":\"Andreea Tudor\",\"@id\":\"https:\\\/\\\/buletin.de\\\/bucuresti\\\/#\\\/schema\\\/person\\\/150590659efde715459d159da012f501\"},\"headline\":\"Sector 2 I T\u00e2rg de joburi pentru persoanele cu dizabilit\u0103\u021bi\",\"datePublished\":\"2023-12-04T12:58:34+00:00\",\"dateModified\":\"2023-12-05T07:43:26+00:00\",\"mainEntityOfPage\":{\"@id\":\"https:\\\/\\\/buletin.de\\\/bucuresti\\\/sector-2-i-targ-de-joburi-pentru-persoanele-cu-dizabilitati\\\/\"},\"wordCount\":348,\"publisher\":{\"@id\":\"https:\\\/\\\/buletin.de\\\/bucuresti\\\/#organization\"},\"image\":{\"@id\":\"https:\\\/\\\/buletin.de\\\/bucuresti\\\/sector-2-i-targ-de-joburi-pentru-persoanele-cu-dizabilitati\\\/#primaryimage\"},\"thumbnailUrl\":\"https:\\\/\\\/buletin.de\\\/bucuresti\\\/wp-content\\\/uploads\\\/ps2.png\",\"keywords\":[\"ONG-uri\",\"Oportunit\u0103\u021bi de angajare\",\"persoane cu dizabilitati\",\"primaria sectorului 2\",\"\u0219coli speciale\",\"T\u00e2rg de joburi\",\"unit\u0103\u021bi protejate\"],\"articleSection\":[\"Articole\",\"Prim\u0103rie\",\"\u0218tiri\"],\"inLanguage\":\"en-GB\",\"copyrightYear\":\"2023\",\"copyrightHolder\":{\"@id\":\"https:\\\/\\\/buletin.de\\\/bucuresti\\\/#organization\"}},{\"@type\":\"WebPage\",\"@id\":\"https:\\\/\\\/buletin.de\\\/bucuresti\\\/sector-2-i-targ-de-joburi-pentru-persoanele-cu-dizabilitati\\\/\",\"url\":\"https:\\\/\\\/buletin.de\\\/bucuresti\\\/sector-2-i-targ-de-joburi-pentru-persoanele-cu-dizabilitati\\\/\",\"name\":\"Sector 2 I T\u00e2rg de joburi pentru persoanele cu dizabilit\u0103\u021bi - Buletin de Bucure\u0219ti\",\"isPartOf\":{\"@id\":\"https:\\\/\\\/buletin.de\\\/bucuresti\\\/#website\"},\"primaryImageOfPage\":{\"@id\":\"https:\\\/\\\/buletin.de\\\/bucuresti\\\/sector-2-i-targ-de-joburi-pentru-persoanele-cu-dizabilitati\\\/#primaryimage\"},\"image\":{\"@id\":\"https:\\\/\\\/buletin.de\\\/bucuresti\\\/sector-2-i-targ-de-joburi-pentru-persoanele-cu-dizabilitati\\\/#primaryimage\"},\"thumbnailUrl\":\"https:\\\/\\\/buletin.de\\\/bucuresti\\\/wp-content\\\/uploads\\\/ps2.png\",\"datePublished\":\"2023-12-04T12:58:34+00:00\",\"dateModified\":\"2023-12-05T07:43:26+00:00\",\"breadcrumb\":{\"@id\":\"https:\\\/\\\/buletin.de\\\/bucuresti\\\/sector-2-i-targ-de-joburi-pentru-persoanele-cu-dizabilitati\\\/#breadcrumb\"},\"inLanguage\":\"en-GB\",\"potentialAction\":[{\"@type\":\"ReadAction\",\"target\":[\"https:\\\/\\\/buletin.de\\\/bucuresti\\\/sector-2-i-targ-de-joburi-pentru-persoanele-cu-dizabilitati\\\/\"]}]},{\"@type\":\"ImageObject\",\"inLanguage\":\"en-GB\",\"@id\":\"https:\\\/\\\/buletin.de\\\/bucuresti\\\/sector-2-i-targ-de-joburi-pentru-persoanele-cu-dizabilitati\\\/#primaryimage\",\"url\":\"https:\\\/\\\/buletin.de\\\/bucuresti\\\/wp-content\\\/uploads\\\/ps2.png\",\"contentUrl\":\"https:\\\/\\\/buletin.de\\\/bucuresti\\\/wp-content\\\/uploads\\\/ps2.png\",\"width\":1257,\"height\":646},{\"@type\":\"BreadcrumbList\",\"@id\":\"https:\\\/\\\/buletin.de\\\/bucuresti\\\/sector-2-i-targ-de-joburi-pentru-persoanele-cu-dizabilitati\\\/#breadcrumb\",\"itemListElement\":[{\"@type\":\"ListItem\",\"position\":1,\"name\":\"Acas\u0103\",\"item\":\"https:\\\/\\\/buletin.de\\\/bucuresti\\\/\"},{\"@type\":\"ListItem\",\"position\":2,\"name\":\"Sector 2 I T\u00e2rg de joburi pentru persoanele cu dizabilit\u0103\u021bi\"}]},{\"@type\":\"WebSite\",\"@id\":\"https:\\\/\\\/buletin.de\\\/bucuresti\\\/#website\",\"url\":\"https:\\\/\\\/buletin.de\\\/bucuresti\\\/\",\"name\":\"Buletin de Bucure\u0219ti\",\"description\":\"\u0218tiri \u0219i investiga\u021bii esen\u021biale din capital\u0103\",\"publisher\":{\"@id\":\"https:\\\/\\\/buletin.de\\\/bucuresti\\\/#organization\"},\"potentialAction\":[{\"@type\":\"SearchAction\",\"target\":{\"@type\":\"EntryPoint\",\"urlTemplate\":\"https:\\\/\\\/buletin.de\\\/bucuresti\\\/?s={search_term_string}\"},\"query-input\":{\"@type\":\"PropertyValueSpecification\",\"valueRequired\":true,\"valueName\":\"search_term_string\"}}],\"inLanguage\":\"en-GB\"},{\"@type\":\"Organization\",\"@id\":\"https:\\\/\\\/buletin.de\\\/bucuresti\\\/#organization\",\"name\":\"Buletin de Bucure\u0219ti\",\"url\":\"https:\\\/\\\/buletin.de\\\/bucuresti\\\/\",\"logo\":{\"@type\":\"ImageObject\",\"inLanguage\":\"en-GB\",\"@id\":\"https:\\\/\\\/buletin.de\\\/bucuresti\\\/#\\\/schema\\\/logo\\\/image\\\/\",\"url\":\"https:\\\/\\\/buletin.de\\\/bucuresti\\\/wp-content\\\/uploads\\\/logo-bdb-full-wide-vernil-transparent.png\",\"contentUrl\":\"https:\\\/\\\/buletin.de\\\/bucuresti\\\/wp-content\\\/uploads\\\/logo-bdb-full-wide-vernil-transparent.png\",\"width\":1782,\"height\":626,\"caption\":\"Buletin de Bucure\u0219ti\"},\"image\":{\"@id\":\"https:\\\/\\\/buletin.de\\\/bucuresti\\\/#\\\/schema\\\/logo\\\/image\\\/\"},\"sameAs\":[\"https:\\\/\\\/www.facebook.com\\\/buletin.de.buc\",\"https:\\\/\\\/www.instagram.com\\\/buletinde.bucuresti\\\/\"]},{\"@type\":\"Person\",\"@id\":\"https:\\\/\\\/buletin.de\\\/bucuresti\\\/#\\\/schema\\\/person\\\/150590659efde715459d159da012f501\",\"name\":\"Andreea Tudor\",\"image\":{\"@type\":\"ImageObject\",\"inLanguage\":\"en-GB\",\"@id\":\"https:\\\/\\\/secure.gravatar.com\\\/avatar\\\/a88705a186ab0b67f3349bcbced506c09e37256fbaad0e7f3bd1a79b4599f589?s=96&d=monsterid&r=g79290610aa1a65c2b86eebc2ca5aee8f\",\"url\":\"https:\\\/\\\/secure.gravatar.com\\\/avatar\\\/a88705a186ab0b67f3349bcbced506c09e37256fbaad0e7f3bd1a79b4599f589?s=96&d=monsterid&r=g\",\"contentUrl\":\"https:\\\/\\\/secure.gravatar.com\\\/avatar\\\/a88705a186ab0b67f3349bcbced506c09e37256fbaad0e7f3bd1a79b4599f589?s=96&d=monsterid&r=g\",\"caption\":\"Andreea Tudor\"},\"description\":\"N\u0103scut\u0103 \u0219i crescut\u0103 \u00een Bucure\u0219ti, sus\u021bin\u0103toare a presei independente. A\u0219a am ajuns redactor la Buletin de Bucure\u0219ti. Fiind eu, \u00eens\u0103mi, parte a sistemului de \u00eenv\u0103\u021b\u0103m\u00e2nt rom\u00e2nesc \u0219i pasionat\u0103 de domeniul social, pun sub lup\u0103 tot ceea ce se \u00eent\u00e2mpl\u0103 \u00een sfera educa\u021biei. Cred cu t\u0103rie c\u0103 presa \u201epentru cet\u0103\u021beni\u201d este presa independent\u0103. Oamenii au nevoie de o informare corect\u0103 pentru a \u00een\u021belege pe deplin ce se \u00eent\u00e2mpl\u0103 \u00een jurul lor \u0219i pentru a lua ac\u021biune \u00eempotriva nedrept\u0103\u021bilor.\",\"url\":\"https:\\\/\\\/buletin.de\\\/bucuresti\\\/author\\\/andreeatudor\\\/\"}]}<\/script>\n<!-- \/ Yoast SEO Premium plugin. -->","yoast_head_json":{"title":"Sector 2 I T\u00e2rg de joburi pentru persoanele cu dizabilit\u0103\u021bi - Buletin de Bucure\u0219ti","robots":{"index":"index","follow":"follow","max-snippet":"max-snippet:-1","max-image-preview":"max-image-preview:large","max-video-preview":"max-video-preview:-1"},"canonical":"https:\/\/buletin.de\/bucuresti\/sector-2-i-targ-de-joburi-pentru-persoanele-cu-dizabilitati\/","og_locale":"en_GB","og_type":"article","og_title":"Sector 2 I T\u00e2rg de joburi pentru persoanele cu dizabilit\u0103\u021bi","og_description":"Prim\u0103ria Sectorului 2 organizeaz\u0103 \u201eZilele Re-Abiliteaz\u0103\u201d, eveniment dedicat persoanelor cu dizabilit\u0103\u021bi \u00een vederea facilit\u0103rii accesului la servicii \u0219i oportunit\u0103\u021bi de angajare. T\u00e2rgul de joburi se va desf\u0103\u0219ura timp de dou\u0103 zile, 4-5 decembrie, la parterul prim\u0103riei, iar intrarea este liber\u0103.\u00a0 Reprezentan\u021bi ai marilor angajatori din sectorul 2 vor fi prezen\u021bi pentru a distribui materiale informative [&hellip;]","og_url":"https:\/\/buletin.de\/bucuresti\/sector-2-i-targ-de-joburi-pentru-persoanele-cu-dizabilitati\/","og_site_name":"Buletin de Bucure\u0219ti","article_publisher":"https:\/\/www.facebook.com\/buletin.de.buc","article_published_time":"2023-12-04T12:58:34+00:00","article_modified_time":"2023-12-05T07:43:26+00:00","og_image":[{"width":1257,"height":646,"url":"https:\/\/buletin.de\/bucuresti\/wp-content\/uploads\/ps2.png","type":"image\/png"}],"author":"Andreea Tudor","twitter_card":"summary_large_image","twitter_misc":{"Written by":"Andreea Tudor","Estimated reading time":"2 minutes"},"schema":{"@context":"https:\/\/schema.org","@graph":[{"@type":"Article","@id":"https:\/\/buletin.de\/bucuresti\/sector-2-i-targ-de-joburi-pentru-persoanele-cu-dizabilitati\/#article","isPartOf":{"@id":"https:\/\/buletin.de\/bucuresti\/sector-2-i-targ-de-joburi-pentru-persoanele-cu-dizabilitati\/"},"author":{"name":"Andreea Tudor","@id":"https:\/\/buletin.de\/bucuresti\/#\/schema\/person\/150590659efde715459d159da012f501"},"headline":"Sector 2 I T\u00e2rg de joburi pentru persoanele cu dizabilit\u0103\u021bi","datePublished":"2023-12-04T12:58:34+00:00","dateModified":"2023-12-05T07:43:26+00:00","mainEntityOfPage":{"@id":"https:\/\/buletin.de\/bucuresti\/sector-2-i-targ-de-joburi-pentru-persoanele-cu-dizabilitati\/"},"wordCount":348,"publisher":{"@id":"https:\/\/buletin.de\/bucuresti\/#organization"},"image":{"@id":"https:\/\/buletin.de\/bucuresti\/sector-2-i-targ-de-joburi-pentru-persoanele-cu-dizabilitati\/#primaryimage"},"thumbnailUrl":"https:\/\/buletin.de\/bucuresti\/wp-content\/uploads\/ps2.png","keywords":["ONG-uri","Oportunit\u0103\u021bi de angajare","persoane cu dizabilitati","primaria sectorului 2","\u0219coli speciale","T\u00e2rg de joburi","unit\u0103\u021bi protejate"],"articleSection":["Articole","Prim\u0103rie","\u0218tiri"],"inLanguage":"en-GB","copyrightYear":"2023","copyrightHolder":{"@id":"https:\/\/buletin.de\/bucuresti\/#organization"}},{"@type":"WebPage","@id":"https:\/\/buletin.de\/bucuresti\/sector-2-i-targ-de-joburi-pentru-persoanele-cu-dizabilitati\/","url":"https:\/\/buletin.de\/bucuresti\/sector-2-i-targ-de-joburi-pentru-persoanele-cu-dizabilitati\/","name":"Sector 2 I T\u00e2rg de joburi pentru persoanele cu dizabilit\u0103\u021bi - Buletin de Bucure\u0219ti","isPartOf":{"@id":"https:\/\/buletin.de\/bucuresti\/#website"},"primaryImageOfPage":{"@id":"https:\/\/buletin.de\/bucuresti\/sector-2-i-targ-de-joburi-pentru-persoanele-cu-dizabilitati\/#primaryimage"},"image":{"@id":"https:\/\/buletin.de\/bucuresti\/sector-2-i-targ-de-joburi-pentru-persoanele-cu-dizabilitati\/#primaryimage"},"thumbnailUrl":"https:\/\/buletin.de\/bucuresti\/wp-content\/uploads\/ps2.png","datePublished":"2023-12-04T12:58:34+00:00","dateModified":"2023-12-05T07:43:26+00:00","breadcrumb":{"@id":"https:\/\/buletin.de\/bucuresti\/sector-2-i-targ-de-joburi-pentru-persoanele-cu-dizabilitati\/#breadcrumb"},"inLanguage":"en-GB","potentialAction":[{"@type":"ReadAction","target":["https:\/\/buletin.de\/bucuresti\/sector-2-i-targ-de-joburi-pentru-persoanele-cu-dizabilitati\/"]}]},{"@type":"ImageObject","inLanguage":"en-GB","@id":"https:\/\/buletin.de\/bucuresti\/sector-2-i-targ-de-joburi-pentru-persoanele-cu-dizabilitati\/#primaryimage","url":"https:\/\/buletin.de\/bucuresti\/wp-content\/uploads\/ps2.png","contentUrl":"https:\/\/buletin.de\/bucuresti\/wp-content\/uploads\/ps2.png","width":1257,"height":646},{"@type":"BreadcrumbList","@id":"https:\/\/buletin.de\/bucuresti\/sector-2-i-targ-de-joburi-pentru-persoanele-cu-dizabilitati\/#breadcrumb","itemListElement":[{"@type":"ListItem","position":1,"name":"Acas\u0103","item":"https:\/\/buletin.de\/bucuresti\/"},{"@type":"ListItem","position":2,"name":"Sector 2 I T\u00e2rg de joburi pentru persoanele cu dizabilit\u0103\u021bi"}]},{"@type":"WebSite","@id":"https:\/\/buletin.de\/bucuresti\/#website","url":"https:\/\/buletin.de\/bucuresti\/","name":"Buletin de Bucure\u0219ti","description":"\u0218tiri \u0219i investiga\u021bii esen\u021biale din capital\u0103","publisher":{"@id":"https:\/\/buletin.de\/bucuresti\/#organization"},"potentialAction":[{"@type":"SearchAction","target":{"@type":"EntryPoint","urlTemplate":"https:\/\/buletin.de\/bucuresti\/?s={search_term_string}"},"query-input":{"@type":"PropertyValueSpecification","valueRequired":true,"valueName":"search_term_string"}}],"inLanguage":"en-GB"},{"@type":"Organization","@id":"https:\/\/buletin.de\/bucuresti\/#organization","name":"Buletin de Bucure\u0219ti","url":"https:\/\/buletin.de\/bucuresti\/","logo":{"@type":"ImageObject","inLanguage":"en-GB","@id":"https:\/\/buletin.de\/bucuresti\/#\/schema\/logo\/image\/","url":"https:\/\/buletin.de\/bucuresti\/wp-content\/uploads\/logo-bdb-full-wide-vernil-transparent.png","contentUrl":"https:\/\/buletin.de\/bucuresti\/wp-content\/uploads\/logo-bdb-full-wide-vernil-transparent.png","width":1782,"height":626,"caption":"Buletin de Bucure\u0219ti"},"image":{"@id":"https:\/\/buletin.de\/bucuresti\/#\/schema\/logo\/image\/"},"sameAs":["https:\/\/www.facebook.com\/buletin.de.buc","https:\/\/www.instagram.com\/buletinde.bucuresti\/"]},{"@type":"Person","@id":"https:\/\/buletin.de\/bucuresti\/#\/schema\/person\/150590659efde715459d159da012f501","name":"Andreea Tudor","image":{"@type":"ImageObject","inLanguage":"en-GB","@id":"https:\/\/secure.gravatar.com\/avatar\/a88705a186ab0b67f3349bcbced506c09e37256fbaad0e7f3bd1a79b4599f589?s=96&d=monsterid&r=g79290610aa1a65c2b86eebc2ca5aee8f","url":"https:\/\/secure.gravatar.com\/avatar\/a88705a186ab0b67f3349bcbced506c09e37256fbaad0e7f3bd1a79b4599f589?s=96&d=monsterid&r=g","contentUrl":"https:\/\/secure.gravatar.com\/avatar\/a88705a186ab0b67f3349bcbced506c09e37256fbaad0e7f3bd1a79b4599f589?s=96&d=monsterid&r=g","caption":"Andreea Tudor"},"description":"N\u0103scut\u0103 \u0219i crescut\u0103 \u00een Bucure\u0219ti, sus\u021bin\u0103toare a presei independente. A\u0219a am ajuns redactor la Buletin de Bucure\u0219ti. Fiind eu, \u00eens\u0103mi, parte a sistemului de \u00eenv\u0103\u021b\u0103m\u00e2nt rom\u00e2nesc \u0219i pasionat\u0103 de domeniul social, pun sub lup\u0103 tot ceea ce se \u00eent\u00e2mpl\u0103 \u00een sfera educa\u021biei. Cred cu t\u0103rie c\u0103 presa \u201epentru cet\u0103\u021beni\u201d este presa independent\u0103. Oamenii au nevoie de o informare corect\u0103 pentru a \u00een\u021belege pe deplin ce se \u00eent\u00e2mpl\u0103 \u00een jurul lor \u0219i pentru a lua ac\u021biune \u00eempotriva nedrept\u0103\u021bilor.","url":"https:\/\/buletin.de\/bucuresti\/author\/andreeatudor\/"}]}},"authors":[{"term_id":22573,"user_id":55,"is_guest":0,"slug":"andreeatudor","display_name":"Andreea Tudor","avatar_url":"https:\/\/secure.gravatar.com\/avatar\/a88705a186ab0b67f3349bcbced506c09e37256fbaad0e7f3bd1a79b4599f589?s=96&d=monsterid&r=g","0":null,"1":"","2":"","3":"","4":"","5":"","6":"","7":"","8":""}],"_links":{"self":[{"href":"https:\/\/buletin.de\/bucuresti\/wp-json\/wp\/v2\/posts\/71159","targetHints":{"allow":["GET"]}}],"collection":[{"href":"https:\/\/buletin.de\/bucuresti\/wp-json\/wp\/v2\/posts"}],"about":[{"href":"https:\/\/buletin.de\/bucuresti\/wp-json\/wp\/v2\/types\/post"}],"author":[{"embeddable":true,"href":"https:\/\/buletin.de\/bucuresti\/wp-json\/wp\/v2\/users\/55"}],"replies":[{"embeddable":true,"href":"https:\/\/buletin.de\/bucuresti\/wp-json\/wp\/v2\/comments?post=71159"}],"version-history":[{"count":3,"href":"https:\/\/buletin.de\/bucuresti\/wp-json\/wp\/v2\/posts\/71159\/revisions"}],"predecessor-version":[{"id":71208,"href":"https:\/\/buletin.de\/bucuresti\/wp-json\/wp\/v2\/posts\/71159\/revisions\/71208"}],"wp:featuredmedia":[{"embeddable":true,"href":"https:\/\/buletin.de\/bucuresti\/wp-json\/wp\/v2\/media\/71164"}],"wp:attachment":[{"href":"https:\/\/buletin.de\/bucuresti\/wp-json\/wp\/v2\/media?parent=71159"}],"wp:term":[{"taxonomy":"category","embeddable":true,"href":"https:\/\/buletin.de\/bucuresti\/wp-json\/wp\/v2\/categories?post=71159"},{"taxonomy":"post_tag","embeddable":true,"href":"https:\/\/buletin.de\/bucuresti\/wp-json\/wp\/v2\/tags?post=71159"},{"taxonomy":"author","embeddable":true,"href":"https:\/\/buletin.de\/bucuresti\/wp-json\/wp\/v2\/ppma_author?post=71159"}],"curies":[{"name":"wp","href":"https:\/\/api.w.org\/{rel}","templated":true}]}}