{"id":71154,"date":"2023-12-04T14:45:53","date_gmt":"2023-12-04T12:45:53","guid":{"rendered":"https:\/\/buletin.de\/bucuresti\/?p=71154"},"modified":"2023-12-04T14:45:54","modified_gmt":"2023-12-04T12:45:54","slug":"pasajul-europa-unita-va-fi-inaugurat-marti-5-decembrie-cateva-ore-acesta-va-fi-strict-pietonal","status":"publish","type":"post","link":"https:\/\/buletin.de\/bucuresti\/pasajul-europa-unita-va-fi-inaugurat-marti-5-decembrie-cateva-ore-acesta-va-fi-strict-pietonal\/","title":{"rendered":"Pasajul Europa Unit\u0103 va fi inaugurat mar\u021bi, 5 decembrie. C\u00e2teva ore, acesta va fi strict pietonal"},"content":{"rendered":"\n<p>Pasajul Europa Unit\u0103 va fi deschis, pe r\u00e2nd, at\u00e2t traficului pietonal c\u00e2t \u0219i rutier, mar\u021bi,\u00a0 5 decembrie, pentru a permite \u0219i cet\u0103\u021benilor curio\u0219i s\u0103 vad\u0103, \u201e\u00eendeaproape, cum arat\u0103 noul pod\u201d, potrivit unui comunicat al Prim\u0103riei Sectorului 4.<\/p>\n\n\n\n<p>Inaugurarea pasajului va avea loc cu o conferin\u021b\u0103 de pres\u0103, la ora 17:00, la care vor participa primarul Sectorului 4, Daniel B\u0103lu\u021b\u0103, \u0219i ministrul Fondurilor \u0219i Proiectelor Europene, Adrian\u00a0C\u00e2ciu.<\/p>\n\n\n\n<p>La finalul evenimentului inaugural, care va dura aproximativ 50 de minute, pasajul va fi deschis circula\u021biei libere a pietonilor, p\u00e2n\u0103 \u00een jurul orelor 21:00-22:00, dup\u0103 care pasajul va fi deschis \u0219i circula\u021biei ma\u0219inilor.&nbsp;<\/p>\n\n\n\n<p>Pasajul Europa Unit\u0103 este construit la intersec\u021bia dintre bulevardele Alexandru Obregia \u0219i Metalurgiei cu strada Turnu M\u0103gurele \u0219i are o lungime de peste 650 de metri \u0219i dou\u0103 benzi de circula\u021bie pe fiecare sens. Valoarea estimat\u0103 a investi\u021biei este de 73 de milioane de lei.<\/p>\n\n\n\n<p>\u00cen urm\u0103 cu o lun\u0103, pasajul a trecut printr-o serie de<a href=\"https:\/\/buletin.de\/bucuresti\/pasajul-europa-unita-testat-cu-camioane-incarcate-cu-320-de-tone-primar-estimam-ca-il-deschidem-pana-la-1-decembrie\/\"> teste de rezisten\u0163\u0103<\/a>, cu camioane umplute cu 320 de tone de materiale. Camioanele au trecut peste un prag amplasat de ingineri, sub atenta supervizare a celor de la Universitatea Tehnic\u0103 de Construc\u0163ii. Acel prag este menit s\u0103 simuleze trecerea autovehiculelor \u00een anumite condi\u0163ii de trafic.\u00a0<\/p>\n\n\n\n<figure class=\"wp-block-image size-large\"><img fetchpriority=\"high\" decoding=\"async\" width=\"900\" height=\"463\" src=\"data:image\/gif;base64,R0lGODlhAQABAAAAACH5BAEKAAEALAAAAAABAAEAAAICTAEAOw==\" data-src=\"https:\/\/buletin.de\/bucuresti\/wp-content\/uploads\/Teste-greutate-pasaj-Europa-Unita-900x463.jpg\" alt=\"\" class=\"wp-image-68133 lazyload\" data-sizes=\"auto\" data-srcset=\"https:\/\/buletin.de\/bucuresti\/wp-content\/uploads\/Teste-greutate-pasaj-Europa-Unita-900x463.jpg 900w, https:\/\/buletin.de\/bucuresti\/wp-content\/uploads\/Teste-greutate-pasaj-Europa-Unita-300x154.jpg 300w, https:\/\/buletin.de\/bucuresti\/wp-content\/uploads\/Teste-greutate-pasaj-Europa-Unita-768x395.jpg 768w, https:\/\/buletin.de\/bucuresti\/wp-content\/uploads\/Teste-greutate-pasaj-Europa-Unita-600x309.jpg 600w, https:\/\/buletin.de\/bucuresti\/wp-content\/uploads\/Teste-greutate-pasaj-Europa-Unita-20x10.jpg 20w, https:\/\/buletin.de\/bucuresti\/wp-content\/uploads\/Teste-greutate-pasaj-Europa-Unita.jpg 1004w\" sizes=\"(max-width: 900px) 100vw, 900px\" \/><figcaption class=\"wp-element-caption\">sursa: FB \/ Daniel B\u0103lu\u0163\u0103<\/figcaption><\/figure>\n","protected":false},"excerpt":{"rendered":"<p>Pasajul Europa Unit\u0103 va fi deschis, pe r\u00e2nd, at\u00e2t traficului pietonal c\u00e2t \u0219i rutier, mar\u021bi,\u00a0 5 decembrie, pentru a permite \u0219i cet\u0103\u021benilor curio\u0219i s\u0103 vad\u0103, \u201e\u00eendeaproape, cum arat\u0103 noul pod\u201d, potrivit unui comunicat al Prim\u0103riei Sectorului 4. Inaugurarea pasajului va avea loc cu o conferin\u021b\u0103 de pres\u0103, la ora 17:00, la care vor participa primarul [&hellip;]<\/p>\n","protected":false},"author":47,"featured_media":71155,"comment_status":"closed","ping_status":"open","sticky":false,"template":"","format":"standard","meta":{"_acf_changed":false,"inline_featured_image":false,"ngg_post_thumbnail":0,"footnotes":""},"categories":[6994,5762,24],"tags":[8232,1493,8231,4370,1034,765],"ppma_author":[22580],"class_list":["post-71154","post","type-post","status-publish","format-standard","has-post-thumbnail","hentry","category-stiri-2","category-main","category-primarie","tag-europa-unita","tag-pasaj","tag-pasajul","tag-pasajul-europa-unita","tag-pietonal","tag-sector-4"],"acf":[],"yoast_head":"<!-- This site is optimized with the Yoast SEO Premium plugin v25.3 (Yoast SEO v27.4) - https:\/\/yoast.com\/product\/yoast-seo-premium-wordpress\/ -->\n<title>Pasajul Europa Unit\u0103 va fi inaugurat mar\u021bi, 5 decembrie. C\u00e2teva ore, acesta va fi strict pietonal - Buletin de Bucure\u0219ti<\/title>\n<meta name=\"robots\" content=\"index, follow, max-snippet:-1, max-image-preview:large, max-video-preview:-1\" \/>\n<link rel=\"canonical\" href=\"https:\/\/buletin.de\/bucuresti\/pasajul-europa-unita-va-fi-inaugurat-marti-5-decembrie-cateva-ore-acesta-va-fi-strict-pietonal\/\" \/>\n<meta property=\"og:locale\" content=\"en_GB\" \/>\n<meta property=\"og:type\" content=\"article\" \/>\n<meta property=\"og:title\" content=\"Pasajul Europa Unit\u0103 va fi inaugurat mar\u021bi, 5 decembrie. C\u00e2teva ore, acesta va fi strict pietonal\" \/>\n<meta property=\"og:description\" content=\"Pasajul Europa Unit\u0103 va fi deschis, pe r\u00e2nd, at\u00e2t traficului pietonal c\u00e2t \u0219i rutier, mar\u021bi,\u00a0 5 decembrie, pentru a permite \u0219i cet\u0103\u021benilor curio\u0219i s\u0103 vad\u0103, \u201e\u00eendeaproape, cum arat\u0103 noul pod\u201d, potrivit unui comunicat al Prim\u0103riei Sectorului 4. Inaugurarea pasajului va avea loc cu o conferin\u021b\u0103 de pres\u0103, la ora 17:00, la care vor participa primarul [&hellip;]\" \/>\n<meta property=\"og:url\" content=\"https:\/\/buletin.de\/bucuresti\/pasajul-europa-unita-va-fi-inaugurat-marti-5-decembrie-cateva-ore-acesta-va-fi-strict-pietonal\/\" \/>\n<meta property=\"og:site_name\" content=\"Buletin de Bucure\u0219ti\" \/>\n<meta property=\"article:publisher\" content=\"https:\/\/www.facebook.com\/buletin.de.buc\" \/>\n<meta property=\"article:published_time\" content=\"2023-12-04T12:45:53+00:00\" \/>\n<meta property=\"article:modified_time\" content=\"2023-12-04T12:45:54+00:00\" \/>\n<meta property=\"og:image\" content=\"https:\/\/buletin.de\/bucuresti\/wp-content\/uploads\/Pasajul-Europa-Unita.jpeg\" \/>\n\t<meta property=\"og:image:width\" content=\"1024\" \/>\n\t<meta property=\"og:image:height\" content=\"576\" \/>\n\t<meta property=\"og:image:type\" content=\"image\/jpeg\" \/>\n<meta name=\"author\" content=\"Adina C\u0103p\u00eelnean\" \/>\n<meta name=\"twitter:card\" content=\"summary_large_image\" \/>\n<meta name=\"twitter:label1\" content=\"Written by\" \/>\n\t<meta name=\"twitter:data1\" content=\"Adina C\u0103p\u00eelnean\" \/>\n\t<meta name=\"twitter:label2\" content=\"Estimated reading time\" \/>\n\t<meta name=\"twitter:data2\" content=\"1 minute\" \/>\n<script type=\"application\/ld+json\" class=\"yoast-schema-graph\">{\"@context\":\"https:\\\/\\\/schema.org\",\"@graph\":[{\"@type\":\"Article\",\"@id\":\"https:\\\/\\\/buletin.de\\\/bucuresti\\\/pasajul-europa-unita-va-fi-inaugurat-marti-5-decembrie-cateva-ore-acesta-va-fi-strict-pietonal\\\/#article\",\"isPartOf\":{\"@id\":\"https:\\\/\\\/buletin.de\\\/bucuresti\\\/pasajul-europa-unita-va-fi-inaugurat-marti-5-decembrie-cateva-ore-acesta-va-fi-strict-pietonal\\\/\"},\"author\":{\"name\":\"Adina C\u0103p\u00eelnean\",\"@id\":\"https:\\\/\\\/buletin.de\\\/bucuresti\\\/#\\\/schema\\\/person\\\/ab174cf6711728e4ee83d672acf9a912\"},\"headline\":\"Pasajul Europa Unit\u0103 va fi inaugurat mar\u021bi, 5 decembrie. C\u00e2teva ore, acesta va fi strict pietonal\",\"datePublished\":\"2023-12-04T12:45:53+00:00\",\"dateModified\":\"2023-12-04T12:45:54+00:00\",\"mainEntityOfPage\":{\"@id\":\"https:\\\/\\\/buletin.de\\\/bucuresti\\\/pasajul-europa-unita-va-fi-inaugurat-marti-5-decembrie-cateva-ore-acesta-va-fi-strict-pietonal\\\/\"},\"wordCount\":235,\"publisher\":{\"@id\":\"https:\\\/\\\/buletin.de\\\/bucuresti\\\/#organization\"},\"image\":{\"@id\":\"https:\\\/\\\/buletin.de\\\/bucuresti\\\/pasajul-europa-unita-va-fi-inaugurat-marti-5-decembrie-cateva-ore-acesta-va-fi-strict-pietonal\\\/#primaryimage\"},\"thumbnailUrl\":\"https:\\\/\\\/buletin.de\\\/bucuresti\\\/wp-content\\\/uploads\\\/Pasajul-Europa-Unita.jpeg\",\"keywords\":[\"europa unita\",\"pasaj\",\"pasajul\",\"pasajul europa unita\",\"pietonal\",\"Sector 4\"],\"articleSection\":[\"Articole\",\"Main\",\"Prim\u0103rie\"],\"inLanguage\":\"en-GB\",\"copyrightYear\":\"2023\",\"copyrightHolder\":{\"@id\":\"https:\\\/\\\/buletin.de\\\/bucuresti\\\/#organization\"}},{\"@type\":\"WebPage\",\"@id\":\"https:\\\/\\\/buletin.de\\\/bucuresti\\\/pasajul-europa-unita-va-fi-inaugurat-marti-5-decembrie-cateva-ore-acesta-va-fi-strict-pietonal\\\/\",\"url\":\"https:\\\/\\\/buletin.de\\\/bucuresti\\\/pasajul-europa-unita-va-fi-inaugurat-marti-5-decembrie-cateva-ore-acesta-va-fi-strict-pietonal\\\/\",\"name\":\"Pasajul Europa Unit\u0103 va fi inaugurat mar\u021bi, 5 decembrie. C\u00e2teva ore, acesta va fi strict pietonal - Buletin de Bucure\u0219ti\",\"isPartOf\":{\"@id\":\"https:\\\/\\\/buletin.de\\\/bucuresti\\\/#website\"},\"primaryImageOfPage\":{\"@id\":\"https:\\\/\\\/buletin.de\\\/bucuresti\\\/pasajul-europa-unita-va-fi-inaugurat-marti-5-decembrie-cateva-ore-acesta-va-fi-strict-pietonal\\\/#primaryimage\"},\"image\":{\"@id\":\"https:\\\/\\\/buletin.de\\\/bucuresti\\\/pasajul-europa-unita-va-fi-inaugurat-marti-5-decembrie-cateva-ore-acesta-va-fi-strict-pietonal\\\/#primaryimage\"},\"thumbnailUrl\":\"https:\\\/\\\/buletin.de\\\/bucuresti\\\/wp-content\\\/uploads\\\/Pasajul-Europa-Unita.jpeg\",\"datePublished\":\"2023-12-04T12:45:53+00:00\",\"dateModified\":\"2023-12-04T12:45:54+00:00\",\"breadcrumb\":{\"@id\":\"https:\\\/\\\/buletin.de\\\/bucuresti\\\/pasajul-europa-unita-va-fi-inaugurat-marti-5-decembrie-cateva-ore-acesta-va-fi-strict-pietonal\\\/#breadcrumb\"},\"inLanguage\":\"en-GB\",\"potentialAction\":[{\"@type\":\"ReadAction\",\"target\":[\"https:\\\/\\\/buletin.de\\\/bucuresti\\\/pasajul-europa-unita-va-fi-inaugurat-marti-5-decembrie-cateva-ore-acesta-va-fi-strict-pietonal\\\/\"]}]},{\"@type\":\"ImageObject\",\"inLanguage\":\"en-GB\",\"@id\":\"https:\\\/\\\/buletin.de\\\/bucuresti\\\/pasajul-europa-unita-va-fi-inaugurat-marti-5-decembrie-cateva-ore-acesta-va-fi-strict-pietonal\\\/#primaryimage\",\"url\":\"https:\\\/\\\/buletin.de\\\/bucuresti\\\/wp-content\\\/uploads\\\/Pasajul-Europa-Unita.jpeg\",\"contentUrl\":\"https:\\\/\\\/buletin.de\\\/bucuresti\\\/wp-content\\\/uploads\\\/Pasajul-Europa-Unita.jpeg\",\"width\":1024,\"height\":576,\"caption\":\"Surs\u0103: captur\u0103 ecran video Premier Imobiliare Oficial, Youtube\"},{\"@type\":\"BreadcrumbList\",\"@id\":\"https:\\\/\\\/buletin.de\\\/bucuresti\\\/pasajul-europa-unita-va-fi-inaugurat-marti-5-decembrie-cateva-ore-acesta-va-fi-strict-pietonal\\\/#breadcrumb\",\"itemListElement\":[{\"@type\":\"ListItem\",\"position\":1,\"name\":\"Acas\u0103\",\"item\":\"https:\\\/\\\/buletin.de\\\/bucuresti\\\/\"},{\"@type\":\"ListItem\",\"position\":2,\"name\":\"Pasajul Europa Unit\u0103 va fi inaugurat mar\u021bi, 5 decembrie. C\u00e2teva ore, acesta va fi strict pietonal\"}]},{\"@type\":\"WebSite\",\"@id\":\"https:\\\/\\\/buletin.de\\\/bucuresti\\\/#website\",\"url\":\"https:\\\/\\\/buletin.de\\\/bucuresti\\\/\",\"name\":\"Buletin de Bucure\u0219ti\",\"description\":\"\u0218tiri \u0219i investiga\u021bii esen\u021biale din capital\u0103\",\"publisher\":{\"@id\":\"https:\\\/\\\/buletin.de\\\/bucuresti\\\/#organization\"},\"potentialAction\":[{\"@type\":\"SearchAction\",\"target\":{\"@type\":\"EntryPoint\",\"urlTemplate\":\"https:\\\/\\\/buletin.de\\\/bucuresti\\\/?s={search_term_string}\"},\"query-input\":{\"@type\":\"PropertyValueSpecification\",\"valueRequired\":true,\"valueName\":\"search_term_string\"}}],\"inLanguage\":\"en-GB\"},{\"@type\":\"Organization\",\"@id\":\"https:\\\/\\\/buletin.de\\\/bucuresti\\\/#organization\",\"name\":\"Buletin de Bucure\u0219ti\",\"url\":\"https:\\\/\\\/buletin.de\\\/bucuresti\\\/\",\"logo\":{\"@type\":\"ImageObject\",\"inLanguage\":\"en-GB\",\"@id\":\"https:\\\/\\\/buletin.de\\\/bucuresti\\\/#\\\/schema\\\/logo\\\/image\\\/\",\"url\":\"https:\\\/\\\/buletin.de\\\/bucuresti\\\/wp-content\\\/uploads\\\/logo-bdb-full-wide-vernil-transparent.png\",\"contentUrl\":\"https:\\\/\\\/buletin.de\\\/bucuresti\\\/wp-content\\\/uploads\\\/logo-bdb-full-wide-vernil-transparent.png\",\"width\":1782,\"height\":626,\"caption\":\"Buletin de Bucure\u0219ti\"},\"image\":{\"@id\":\"https:\\\/\\\/buletin.de\\\/bucuresti\\\/#\\\/schema\\\/logo\\\/image\\\/\"},\"sameAs\":[\"https:\\\/\\\/www.facebook.com\\\/buletin.de.buc\",\"https:\\\/\\\/www.instagram.com\\\/buletinde.bucuresti\\\/\"]},{\"@type\":\"Person\",\"@id\":\"https:\\\/\\\/buletin.de\\\/bucuresti\\\/#\\\/schema\\\/person\\\/ab174cf6711728e4ee83d672acf9a912\",\"name\":\"Adina C\u0103p\u00eelnean\",\"image\":{\"@type\":\"ImageObject\",\"inLanguage\":\"en-GB\",\"@id\":\"https:\\\/\\\/secure.gravatar.com\\\/avatar\\\/4fe9675d6282fd7c1aa4e486a037d532d5728fc16a30360f293eb6126b2e73ad?s=96&d=monsterid&r=ge2b23868508aec3460d3c6a11d3b599a\",\"url\":\"https:\\\/\\\/secure.gravatar.com\\\/avatar\\\/4fe9675d6282fd7c1aa4e486a037d532d5728fc16a30360f293eb6126b2e73ad?s=96&d=monsterid&r=g\",\"contentUrl\":\"https:\\\/\\\/secure.gravatar.com\\\/avatar\\\/4fe9675d6282fd7c1aa4e486a037d532d5728fc16a30360f293eb6126b2e73ad?s=96&d=monsterid&r=g\",\"caption\":\"Adina C\u0103p\u00eelnean\"},\"url\":\"https:\\\/\\\/buletin.de\\\/bucuresti\\\/author\\\/adinacapilnean\\\/\"}]}<\/script>\n<!-- \/ Yoast SEO Premium plugin. -->","yoast_head_json":{"title":"Pasajul Europa Unit\u0103 va fi inaugurat mar\u021bi, 5 decembrie. C\u00e2teva ore, acesta va fi strict pietonal - Buletin de Bucure\u0219ti","robots":{"index":"index","follow":"follow","max-snippet":"max-snippet:-1","max-image-preview":"max-image-preview:large","max-video-preview":"max-video-preview:-1"},"canonical":"https:\/\/buletin.de\/bucuresti\/pasajul-europa-unita-va-fi-inaugurat-marti-5-decembrie-cateva-ore-acesta-va-fi-strict-pietonal\/","og_locale":"en_GB","og_type":"article","og_title":"Pasajul Europa Unit\u0103 va fi inaugurat mar\u021bi, 5 decembrie. C\u00e2teva ore, acesta va fi strict pietonal","og_description":"Pasajul Europa Unit\u0103 va fi deschis, pe r\u00e2nd, at\u00e2t traficului pietonal c\u00e2t \u0219i rutier, mar\u021bi,\u00a0 5 decembrie, pentru a permite \u0219i cet\u0103\u021benilor curio\u0219i s\u0103 vad\u0103, \u201e\u00eendeaproape, cum arat\u0103 noul pod\u201d, potrivit unui comunicat al Prim\u0103riei Sectorului 4. Inaugurarea pasajului va avea loc cu o conferin\u021b\u0103 de pres\u0103, la ora 17:00, la care vor participa primarul [&hellip;]","og_url":"https:\/\/buletin.de\/bucuresti\/pasajul-europa-unita-va-fi-inaugurat-marti-5-decembrie-cateva-ore-acesta-va-fi-strict-pietonal\/","og_site_name":"Buletin de Bucure\u0219ti","article_publisher":"https:\/\/www.facebook.com\/buletin.de.buc","article_published_time":"2023-12-04T12:45:53+00:00","article_modified_time":"2023-12-04T12:45:54+00:00","og_image":[{"width":1024,"height":576,"url":"https:\/\/buletin.de\/bucuresti\/wp-content\/uploads\/Pasajul-Europa-Unita.jpeg","type":"image\/jpeg"}],"author":"Adina C\u0103p\u00eelnean","twitter_card":"summary_large_image","twitter_misc":{"Written by":"Adina C\u0103p\u00eelnean","Estimated reading time":"1 minute"},"schema":{"@context":"https:\/\/schema.org","@graph":[{"@type":"Article","@id":"https:\/\/buletin.de\/bucuresti\/pasajul-europa-unita-va-fi-inaugurat-marti-5-decembrie-cateva-ore-acesta-va-fi-strict-pietonal\/#article","isPartOf":{"@id":"https:\/\/buletin.de\/bucuresti\/pasajul-europa-unita-va-fi-inaugurat-marti-5-decembrie-cateva-ore-acesta-va-fi-strict-pietonal\/"},"author":{"name":"Adina C\u0103p\u00eelnean","@id":"https:\/\/buletin.de\/bucuresti\/#\/schema\/person\/ab174cf6711728e4ee83d672acf9a912"},"headline":"Pasajul Europa Unit\u0103 va fi inaugurat mar\u021bi, 5 decembrie. C\u00e2teva ore, acesta va fi strict pietonal","datePublished":"2023-12-04T12:45:53+00:00","dateModified":"2023-12-04T12:45:54+00:00","mainEntityOfPage":{"@id":"https:\/\/buletin.de\/bucuresti\/pasajul-europa-unita-va-fi-inaugurat-marti-5-decembrie-cateva-ore-acesta-va-fi-strict-pietonal\/"},"wordCount":235,"publisher":{"@id":"https:\/\/buletin.de\/bucuresti\/#organization"},"image":{"@id":"https:\/\/buletin.de\/bucuresti\/pasajul-europa-unita-va-fi-inaugurat-marti-5-decembrie-cateva-ore-acesta-va-fi-strict-pietonal\/#primaryimage"},"thumbnailUrl":"https:\/\/buletin.de\/bucuresti\/wp-content\/uploads\/Pasajul-Europa-Unita.jpeg","keywords":["europa unita","pasaj","pasajul","pasajul europa unita","pietonal","Sector 4"],"articleSection":["Articole","Main","Prim\u0103rie"],"inLanguage":"en-GB","copyrightYear":"2023","copyrightHolder":{"@id":"https:\/\/buletin.de\/bucuresti\/#organization"}},{"@type":"WebPage","@id":"https:\/\/buletin.de\/bucuresti\/pasajul-europa-unita-va-fi-inaugurat-marti-5-decembrie-cateva-ore-acesta-va-fi-strict-pietonal\/","url":"https:\/\/buletin.de\/bucuresti\/pasajul-europa-unita-va-fi-inaugurat-marti-5-decembrie-cateva-ore-acesta-va-fi-strict-pietonal\/","name":"Pasajul Europa Unit\u0103 va fi inaugurat mar\u021bi, 5 decembrie. C\u00e2teva ore, acesta va fi strict pietonal - Buletin de Bucure\u0219ti","isPartOf":{"@id":"https:\/\/buletin.de\/bucuresti\/#website"},"primaryImageOfPage":{"@id":"https:\/\/buletin.de\/bucuresti\/pasajul-europa-unita-va-fi-inaugurat-marti-5-decembrie-cateva-ore-acesta-va-fi-strict-pietonal\/#primaryimage"},"image":{"@id":"https:\/\/buletin.de\/bucuresti\/pasajul-europa-unita-va-fi-inaugurat-marti-5-decembrie-cateva-ore-acesta-va-fi-strict-pietonal\/#primaryimage"},"thumbnailUrl":"https:\/\/buletin.de\/bucuresti\/wp-content\/uploads\/Pasajul-Europa-Unita.jpeg","datePublished":"2023-12-04T12:45:53+00:00","dateModified":"2023-12-04T12:45:54+00:00","breadcrumb":{"@id":"https:\/\/buletin.de\/bucuresti\/pasajul-europa-unita-va-fi-inaugurat-marti-5-decembrie-cateva-ore-acesta-va-fi-strict-pietonal\/#breadcrumb"},"inLanguage":"en-GB","potentialAction":[{"@type":"ReadAction","target":["https:\/\/buletin.de\/bucuresti\/pasajul-europa-unita-va-fi-inaugurat-marti-5-decembrie-cateva-ore-acesta-va-fi-strict-pietonal\/"]}]},{"@type":"ImageObject","inLanguage":"en-GB","@id":"https:\/\/buletin.de\/bucuresti\/pasajul-europa-unita-va-fi-inaugurat-marti-5-decembrie-cateva-ore-acesta-va-fi-strict-pietonal\/#primaryimage","url":"https:\/\/buletin.de\/bucuresti\/wp-content\/uploads\/Pasajul-Europa-Unita.jpeg","contentUrl":"https:\/\/buletin.de\/bucuresti\/wp-content\/uploads\/Pasajul-Europa-Unita.jpeg","width":1024,"height":576,"caption":"Surs\u0103: captur\u0103 ecran video Premier Imobiliare Oficial, Youtube"},{"@type":"BreadcrumbList","@id":"https:\/\/buletin.de\/bucuresti\/pasajul-europa-unita-va-fi-inaugurat-marti-5-decembrie-cateva-ore-acesta-va-fi-strict-pietonal\/#breadcrumb","itemListElement":[{"@type":"ListItem","position":1,"name":"Acas\u0103","item":"https:\/\/buletin.de\/bucuresti\/"},{"@type":"ListItem","position":2,"name":"Pasajul Europa Unit\u0103 va fi inaugurat mar\u021bi, 5 decembrie. C\u00e2teva ore, acesta va fi strict pietonal"}]},{"@type":"WebSite","@id":"https:\/\/buletin.de\/bucuresti\/#website","url":"https:\/\/buletin.de\/bucuresti\/","name":"Buletin de Bucure\u0219ti","description":"\u0218tiri \u0219i investiga\u021bii esen\u021biale din capital\u0103","publisher":{"@id":"https:\/\/buletin.de\/bucuresti\/#organization"},"potentialAction":[{"@type":"SearchAction","target":{"@type":"EntryPoint","urlTemplate":"https:\/\/buletin.de\/bucuresti\/?s={search_term_string}"},"query-input":{"@type":"PropertyValueSpecification","valueRequired":true,"valueName":"search_term_string"}}],"inLanguage":"en-GB"},{"@type":"Organization","@id":"https:\/\/buletin.de\/bucuresti\/#organization","name":"Buletin de Bucure\u0219ti","url":"https:\/\/buletin.de\/bucuresti\/","logo":{"@type":"ImageObject","inLanguage":"en-GB","@id":"https:\/\/buletin.de\/bucuresti\/#\/schema\/logo\/image\/","url":"https:\/\/buletin.de\/bucuresti\/wp-content\/uploads\/logo-bdb-full-wide-vernil-transparent.png","contentUrl":"https:\/\/buletin.de\/bucuresti\/wp-content\/uploads\/logo-bdb-full-wide-vernil-transparent.png","width":1782,"height":626,"caption":"Buletin de Bucure\u0219ti"},"image":{"@id":"https:\/\/buletin.de\/bucuresti\/#\/schema\/logo\/image\/"},"sameAs":["https:\/\/www.facebook.com\/buletin.de.buc","https:\/\/www.instagram.com\/buletinde.bucuresti\/"]},{"@type":"Person","@id":"https:\/\/buletin.de\/bucuresti\/#\/schema\/person\/ab174cf6711728e4ee83d672acf9a912","name":"Adina C\u0103p\u00eelnean","image":{"@type":"ImageObject","inLanguage":"en-GB","@id":"https:\/\/secure.gravatar.com\/avatar\/4fe9675d6282fd7c1aa4e486a037d532d5728fc16a30360f293eb6126b2e73ad?s=96&d=monsterid&r=ge2b23868508aec3460d3c6a11d3b599a","url":"https:\/\/secure.gravatar.com\/avatar\/4fe9675d6282fd7c1aa4e486a037d532d5728fc16a30360f293eb6126b2e73ad?s=96&d=monsterid&r=g","contentUrl":"https:\/\/secure.gravatar.com\/avatar\/4fe9675d6282fd7c1aa4e486a037d532d5728fc16a30360f293eb6126b2e73ad?s=96&d=monsterid&r=g","caption":"Adina C\u0103p\u00eelnean"},"url":"https:\/\/buletin.de\/bucuresti\/author\/adinacapilnean\/"}]}},"authors":[{"term_id":22580,"user_id":47,"is_guest":0,"slug":"adinacapilnean","display_name":"Adina C\u0103p\u00eelnean","avatar_url":"https:\/\/secure.gravatar.com\/avatar\/4fe9675d6282fd7c1aa4e486a037d532d5728fc16a30360f293eb6126b2e73ad?s=96&d=monsterid&r=g","0":null,"1":"","2":"","3":"","4":"","5":"","6":"","7":"","8":""}],"_links":{"self":[{"href":"https:\/\/buletin.de\/bucuresti\/wp-json\/wp\/v2\/posts\/71154","targetHints":{"allow":["GET"]}}],"collection":[{"href":"https:\/\/buletin.de\/bucuresti\/wp-json\/wp\/v2\/posts"}],"about":[{"href":"https:\/\/buletin.de\/bucuresti\/wp-json\/wp\/v2\/types\/post"}],"author":[{"embeddable":true,"href":"https:\/\/buletin.de\/bucuresti\/wp-json\/wp\/v2\/users\/47"}],"replies":[{"embeddable":true,"href":"https:\/\/buletin.de\/bucuresti\/wp-json\/wp\/v2\/comments?post=71154"}],"version-history":[{"count":2,"href":"https:\/\/buletin.de\/bucuresti\/wp-json\/wp\/v2\/posts\/71154\/revisions"}],"predecessor-version":[{"id":71158,"href":"https:\/\/buletin.de\/bucuresti\/wp-json\/wp\/v2\/posts\/71154\/revisions\/71158"}],"wp:featuredmedia":[{"embeddable":true,"href":"https:\/\/buletin.de\/bucuresti\/wp-json\/wp\/v2\/media\/71155"}],"wp:attachment":[{"href":"https:\/\/buletin.de\/bucuresti\/wp-json\/wp\/v2\/media?parent=71154"}],"wp:term":[{"taxonomy":"category","embeddable":true,"href":"https:\/\/buletin.de\/bucuresti\/wp-json\/wp\/v2\/categories?post=71154"},{"taxonomy":"post_tag","embeddable":true,"href":"https:\/\/buletin.de\/bucuresti\/wp-json\/wp\/v2\/tags?post=71154"},{"taxonomy":"author","embeddable":true,"href":"https:\/\/buletin.de\/bucuresti\/wp-json\/wp\/v2\/ppma_author?post=71154"}],"curies":[{"name":"wp","href":"https:\/\/api.w.org\/{rel}","templated":true}]}}