{"id":71139,"date":"2023-12-04T15:00:00","date_gmt":"2023-12-04T13:00:00","guid":{"rendered":"https:\/\/buletin.de\/bucuresti\/?p=71139"},"modified":"2023-12-04T13:38:29","modified_gmt":"2023-12-04T11:38:29","slug":"n-dan-despre-relatia-cu-primarii-de-sector-le-raspund-la-telefon-dar-daca-am-ceva-urgent-ii-sun-eu-peste-1-2-zile","status":"publish","type":"post","link":"https:\/\/buletin.de\/bucuresti\/n-dan-despre-relatia-cu-primarii-de-sector-le-raspund-la-telefon-dar-daca-am-ceva-urgent-ii-sun-eu-peste-1-2-zile\/","title":{"rendered":"N. Dan, despre rela\u0163ia cu primarii de sector: Le r\u0103spund la telefon, dar, dac\u0103 am ceva urgent, \u00eei sun eu peste 1-2 zile"},"content":{"rendered":"\n<p><strong>Primarul Nicu\u015for Dan, acuzat \u00een dese r\u00e2nduri c\u0103 nu are o comunicare institu\u0163ional\u0103 cu ceilal\u0163i primari, a spus c\u0103 le r\u0103spunde la telefon, c\u00e2t de repede posibil \u015fi c\u0103 are o rela\u0163ie bun\u0103 cu \u201ecei mai mul\u0163i dintre ei\u201d. A spus c\u0103 nu poate s\u0103 fac\u0103 un clasament al primarilor de sector, pentru c\u0103 trebuie s\u0103 lucreze cu ei \u015fi c\u0103 evit\u0103 s\u0103 le aduc\u0103 critici. Declara\u0163iile au fost f\u0103cute la <a href=\"https:\/\/www.youtube.com\/watch?v=6dw8augw23A\">podcast-ul \u201eA doua opinie<strong>\u201d<\/strong><\/a><\/strong>.<\/p>\n\n\n\n<p>Acuzat \u00een repetate r\u00e2nduri, \u00een special de primarul sectorului 6, Ciprian Ciucu, c\u0103 este inabordabil, Nicu\u0219or Dan sus\u021bine c\u0103 nu evit\u0103 conversa\u0163iile cu el, cum de altfel nu evit\u0103 cu niciunul dintre primarii de sector. <\/p>\n\n\n\n<blockquote class=\"wp-block-quote is-layout-flow wp-block-quote-is-layout-flow\">\n<p class=\"has-medium-font-size\">Le r\u0103spunde\u021bi?<\/p>\n\n\n\n<p class=\"has-medium-font-size\">N. Dan: Da, desigur. Adic\u0103 \u00een 70% din cazuri le r\u0103spund, dac\u0103 nu am ceva urgent \u0219i sun eu, peste una, dou\u0103 zile.<\/p>\n<cite>podcast a doua opinie<\/cite><\/blockquote>\n\n\n\n<p><strong>Nicu\u0219or Dan:<\/strong> <em>\u201eAm o rela\u021bie bun\u0103 cu mul\u021bi dintre ei. Nu o s\u0103 fac ierarhii \u00eentre ei, sunt oameni cu care trebuie s\u0103 lucrez.<\/em><\/p>\n\n\n\n<p><em>(&#8230;)<\/em><\/p>\n\n\n\n<p><em>Administra\u021bia e complicat\u0103, depindem to\u021bi unii de al\u021bii. \u00cen rela\u021bia cu primarii de sector, cu to\u021bi &#8211; \u00een fine, mai pu\u021bin cu domnul Negoi\u021b\u0103, pe care l-am criticat c\u00e2nd a \u00eenc\u0103lcat legea &#8211; nu am atacat niciun primar de sector, de\u0219i a\u0219 fi avut destule s\u0103 le repro\u0219ez. Bine\u00een\u021beles, avem dialog, le spun lucrurile astea \u00een fa\u021b\u0103\u201d<\/em><\/p>\n\n\n\n<p>\u00cen leg\u0103tur\u0103 cu pl\u00e2ngerile primarilor de sector cum c\u0103 le-ar ignora cererile pentru avize \u0219i aprob\u0103ri \u00een leg\u0103tur\u0103 cu diferite proiecte, acesta a spus c\u0103 \u201eniciodat\u0103 nu a fost din rea-voin\u021b\u0103\u201d, \u0219i a explicat \u00eent\u00e2rzierile prin faptul c\u0103 birocra\u021bia administrativ\u0103 este foarte complex\u0103, \u0219i sunt multe persoane implicate \u00een proces.<\/p>\n\n\n\n<h2 class=\"wp-block-heading\">Rela\u021bia cu primarii de sector<\/h2>\n\n\n\n<p><strong>Robert Negoi\u021b\u0103:<\/strong><\/p>\n\n\n\n<p>Cel mai recent incident este cel de la finalul lunii octombrie, c\u00e2nd Nicu\u0219or Dan a sus\u021binut o conferin\u021b\u0103 de pres\u0103 \u00een zona retrocedat\u0103 a Parcului IOR, despre o <a href=\"https:\/\/buletin.de\/bucuresti\/amenda-record-pentru-diminuarea-spatiului-verde-din-ior-35-de-milioane-de-euro-pentru-proprietarul-zonei-unde-sunt-mereu-incendii-taieri-si-arbori-otraviti\/\">amend\u0103-record pentru diminuarea spa\u0163iului verde din IOR<\/a>. La conferin\u021b\u0103 \u0219i-a f\u0103cut apari\u021bia \u0219i primarul Sectorului 3, Robert Negoi\u021b\u0103, care a venit s\u0103 vorbeasc\u0103 cu primarul general, deoarece \u201enu-i r\u0103spunde la telefon\u201d: \u201eNe dor ochii de at\u00e2ta praf \u00een ochi. <a href=\"https:\/\/buletin.de\/bucuresti\/parcul-ior-transformat-in-jordie-politica-contre-intre-robert-negoita-si-nicusor-dan-pe-retrocedari\/\">Nu c\u0103 nu r\u0103spunde la telefon, fuge de mine c\u00e2nd m\u0103 vede<\/a>!\u201d<a href=\"https:\/\/buletin.de\/bucuresti\/parcul-ior-transformat-in-jordie-politica-contre-intre-robert-negoita-si-nicusor-dan-pe-retrocedari\/\">.<\/a> Negoi\u021b\u0103 ar fi ad\u0103ugat c\u0103 \u201eNu r\u0103spunde nici la mesaje, nici la telefon, nu reu\u0219esc s\u0103 \u00eel g\u0103sesc\u201d, \u00een leg\u0103tur\u0103 cu ni\u0219te proiecte pentru fluidizarea traficului, potrivit <a href=\"https:\/\/www.digi24.ro\/stiri\/actualitate\/social\/video-scandal-intre-primarii-din-bucuresti-robert-negoita-s-a-dus-peste-nicusor-dan-in-conferinta-de-presa-despre-parcul-ior-2561755\">Digi24.<\/a><\/p>\n\n\n\n<figure class=\"wp-block-embed is-type-video is-provider-youtube wp-block-embed-youtube wp-embed-aspect-16-9 wp-has-aspect-ratio\"><div class=\"wp-block-embed__wrapper\">\n<div class=\"jlvid_container\"><iframe title=\"Robert Negoi\u021b\u0103, evitat de Nicusor Dan dupa conferinta primarului general din zona retrocedata a IOR\" width=\"1200\" height=\"675\" src=\"https:\/\/www.youtube.com\/embed\/xdcjZojOTcI?feature=oembed\" frameborder=\"0\" allow=\"accelerometer; autoplay; clipboard-write; encrypted-media; gyroscope; picture-in-picture; web-share\" allowfullscreen><\/iframe><\/div>\n<\/div><\/figure>\n\n\n\n<p><strong>Ciprian Ciucu:<\/strong><\/p>\n\n\n\n<p>Ciprian Ciucu, primarul Sectorului 6, s-a pl\u00e2ns \u00een luna mai a anului curent c\u0103 primarul general nu i-ar mai fi r\u0103spuns la telefon de 6 luni, potrivit <a href=\"https:\/\/www.antena3.ro\/politica\/ciprian-ciucu-atac-primarul-nicusor-dan-proiect-important-sectorul-6-673655.html\">Antena 3<\/a>, iar \u00een ianuarie 2021, Ciucu spunea c\u0103 nu poate s\u0103 dea un r\u0103spuns \u00een leg\u0103tur\u0103 cu blocul de locuin\u021be sociale din Prelungirea Ghencea, deoarece \u201enici el nu \u0219tie\u201d:<\/p>\n\n\n\n<p><em>\u201eC\u00e2nd primarul general va r\u0103spunde la telefon, voi vorbi cu el. \u00cen aceast\u0103 perioad\u0103 a fost inabordabil. Crede\u021bi c\u0103 eu nu a\u0219 vrea s\u0103 \u0219tiu \u0219i eu, ca s\u0103 v\u0103 pot spune \u0219i dumneavoastr\u0103?\u201d <\/em>Ciprian Ciucu, potrivit <a href=\"https:\/\/www.libertatea.ro\/stiri\/ciprian-ciucu-primarul-sectorului-6-spune-ca-primarul-general-nicusor-dan-nu-ii-raspunde-la-telefon-a-fost-inabordabil-in-aceasta-perioada-3362530\">Libertatea.<\/a>\u00a0<\/p>\n\n\n\n<p>Primarul Sectorului 6 a ajuns chiar, potrivit unui interviu acordat <a href=\"https:\/\/www.digi24.ro\/stiri\/actualitate\/ciucu-se-plange-ca-face-defrisari-pe-ascuns-pentru-ca-nicusor-dan-nu-i-da-aviz-facem-cheta-ca-sa-le-platim-amenzile-video-2442773\">Digi24<\/a> s\u0103 fac\u0103 defri\u0219\u0103ri \u201epe ascuns\u201d, \u0219i \u201echet\u0103 pentru amend\u0103\u201d cu colegii s\u0103i, ulterior.<\/p>\n\n\n\n<p>\u00cen schimb, c\u00e2nd a fost vorba de demolarea unei cl\u0103diri situate pe strada Dionisie Lupu nr. 39, iar Octavian Berceanu i-a trimis un SMS primarului general pentru a-i cere ajutorul la oprirea demol\u0103rii, acesta ar fi avut un r\u0103spuns foarte prompt: <em>\u201eE ca \u0219i cum a\u0219 fi sunat la 112, dar un pic mai bine\u201d<\/em>, potrivit <a href=\"https:\/\/b365.ro\/nicusor-dan-nu-raspunde-la-telefon-insa-la-sms-uri-este-foarte-prompt-e-ca-si-cum-as-fi-sunat-la-112-dar-un-pic-mai-bine-402579\/\">b365<\/a>, \u00een 8 ianuarie 2021.<\/p>\n\n\n\n<p><strong>Clotilde Armand:<\/strong><\/p>\n\n\n\n<p>\u00cen cadrul scandalului Prim\u0103riei Sectorului 1, declan\u0219at de faptul c\u0103 <a href=\"https:\/\/buletin.de\/bucuresti\/clotilde-armand-cere-rezilierea-contractului-cu-romprest-in-instanta-compania-a-notificat-primaria-ca-va-scadea-frecventa-serviciilor-stradale\/\">Clotilde Armand a cerut rezilierea contractului cu operatorul de salubritate Romprest<\/a>, Nicu\u0219or Dan a spus c\u0103 Prim\u0103ria Sectorului 1 ar trebui s\u0103 onoreze contractul care era \u00een vigoare cu firma de salubritate \u0219i s\u0103 se asigure c\u0103 gunoiul este ridicat de pe str\u0103zi, potrivit <a href=\"https:\/\/www.digi24.ro\/stiri\/actualitate\/social\/nicusor-dan-o-critica-pe-clotilde-armand-in-scandalul-gunoiului-sectorul-1-contract-1414757\">Digi 24.<\/a> Clotilde Armand i-a r\u0103spuns, la vremea respectiv\u0103, c\u0103 probabil \u201enu cunoa\u0219te la fel de bine contractul\u201d ca d\u00e2nsa:<\/p>\n\n\n\n<p><em>\u201eAm ascultat declara\u021biile Primarului General privind situa\u021bia gunoaielor din Sectorului 1. Acum, nu \u0219tiu dac\u0103 actualul primar cunoa\u0219te la fel de bine contractul firmei de salubrizare cu Prim\u0103ria Sectorului 1\u2026 \u00eens\u0103 apreciez c\u0103 ne-a oferit o solu\u021bie: s\u0103 pl\u0103tim facturile emise nelegal de aceast\u0103 companie\u201d<\/em>, Clotilde Armand, 10 decembrie 2022, potrivit ProTv.<\/p>\n\n\n\n<h2 class=\"wp-block-heading\">Despre rela\u021bia cu familia \u0219i timpul liber<\/h2>\n\n\n\n<p>\u00cen acela\u015fi podcast, primarul general Nicu\u0219or Dan a vorbit despre rela\u0163ia cu familia sa. Copiii \u00eel v\u0103d ca pe <em>\u201eun fel de pre\u0219edinte al Bucure\u0219tiului\u201d.\u00a0<\/em>Recunoa\u015fte c\u0103 \u00eel mai trag la r\u0103spundere, dar g\u0103se\u015fte un mod hilar de a sc\u0103pa:<\/p>\n\n\n\n<blockquote class=\"wp-block-quote is-layout-flow wp-block-quote-is-layout-flow\">\n<p class=\"has-medium-font-size\">Interlocutor: C\u00e2nd vede pe drumul spre \u0219coal\u0103 lucruri care nu-i plac, nu spune: \u00abTati, de ce nu faci asta? De ce nu dregi ailalt\u0103?\u00bb ?<\/p>\n\n\n\n<p class=\"has-medium-font-size\">Nicu\u0219or Dan: (R\u00e2z\u00e2nd) Dau vina pe primarii de sector.<\/p>\n\n\n\n<p class=\"has-medium-font-size\">Interlocutor: Ce v\u0103 spune \u00een drumul c\u0103tre \u0219coal\u0103? Despre ora\u0219?<\/p>\n\n\n\n<p class=\"has-medium-font-size\">Nicu\u0219or Dan: Nu discut\u0103m despre ora\u0219, de foarte pu\u021bine ori discut\u0103m despre ora\u0219\u2026discut\u0103m despre \u00eent\u00e2mpl\u0103ri, cuvinte, fel de fel de lucruri (&#8230;) Despre Parcul Carol, ni\u0219te trepte care ar trebui ref\u0103cute \u0219i de care \u0219tie c\u0103 sunt \u00een responsabilitatea noastr\u0103\u201d<\/p>\n<\/blockquote>\n\n\n\n<p>Primarul spune c\u0103 este plecat aproape toat\u0103 ziua de acas\u0103, \u0219i, dac\u0103 \u00eei mai prinde treji pe copiii lui, le mai cite\u0219te c\u00e2te o poezie:<\/p>\n\n\n\n<p><em>\u201ePlec la 8 (diminea\u021ba), m\u0103 \u00eentorc pe la 7:30-8 (seara). Copiii ar trebui s\u0103 se culce pe la 8:30, \u00eens\u0103 \u00eei activeaz\u0103 prezen\u021ba mea. (&#8230;) Le mai citesc c\u00e2te o poezie, diminea\u021ba, seara\u201d<\/em><\/p>\n\n\n\n<p>\u00cen restul timpului liber, Dan spune c\u0103, de\u0219i apreciaz\u0103 filmele consacrate, a ajuns s\u0103 prefere ceva \u201eu\u0219or, simplu, \u00eenainte de culcare\u201d, pentru a-l ajuta s\u0103 se relaxeze: \u00een general ceva poli\u021bist. C\u00e2nd vine vorba de muzic\u0103, spune c\u0103 nu mai are timp s\u0103 asculte.<\/p>\n\n\n\n<figure class=\"wp-block-embed is-type-wp-embed is-provider-buletin-de-bucure\u0219ti wp-block-embed-buletin-de-bucure\u0219ti\"><div class=\"wp-block-embed__wrapper\">\n<blockquote class=\"wp-embedded-content\" data-secret=\"s5p93DWHCh\"><a href=\"https:\/\/buletin.de\/bucuresti\/cel-mai-mare-regret-al-lui-nicusor-dan-din-actualul-mandat-faptul-ca-nu-a-pus-la-punct-sistemul-de-semaforizare\/\">Cel mai mare regret al lui Nicu\u015for Dan, din actualul mandat: faptul c\u0103 nu a pus la punct sistemul de semaforizare<\/a><\/blockquote><iframe class=\"wp-embedded-content\" sandbox=\"allow-scripts\" security=\"restricted\" style=\"position: absolute; clip: rect(1px, 1px, 1px, 1px);\" title=\"&#8220;Cel mai mare regret al lui Nicu\u015for Dan, din actualul mandat: faptul c\u0103 nu a pus la punct sistemul de semaforizare&#8221; &#8212; Buletin de Bucure\u0219ti\" src=\"https:\/\/buletin.de\/bucuresti\/cel-mai-mare-regret-al-lui-nicusor-dan-din-actualul-mandat-faptul-ca-nu-a-pus-la-punct-sistemul-de-semaforizare\/embed\/#?secret=TUnUChmB1c#?secret=s5p93DWHCh\" data-secret=\"s5p93DWHCh\" width=\"600\" height=\"338\" frameborder=\"0\" marginwidth=\"0\" marginheight=\"0\" scrolling=\"no\"><\/iframe>\n<\/div><\/figure>\n\n\n\n<figure class=\"wp-block-embed is-type-wp-embed is-provider-buletin-de-bucure\u0219ti wp-block-embed-buletin-de-bucure\u0219ti\"><div class=\"wp-block-embed__wrapper\">\n<blockquote class=\"wp-embedded-content\" data-secret=\"GGqwgAI9z0\"><a href=\"https:\/\/buletin.de\/bucuresti\/sectorul-1-vs-romprest-anatomia-unui-razboi-cu-gunoaie-de-18-miliarde-de-lei\/\">Sectorul 1 VS.  Romprest.    Anatomia unui r\u0103zboi cu gunoaie de 1,8 miliarde de lei<\/a><\/blockquote><iframe class=\"wp-embedded-content\" sandbox=\"allow-scripts\" security=\"restricted\" style=\"position: absolute; clip: rect(1px, 1px, 1px, 1px);\" title=\"&#8220;Sectorul 1 VS.  Romprest.    Anatomia unui r\u0103zboi cu gunoaie de 1,8 miliarde de lei&#8221; &#8212; Buletin de Bucure\u0219ti\" src=\"https:\/\/buletin.de\/bucuresti\/sectorul-1-vs-romprest-anatomia-unui-razboi-cu-gunoaie-de-18-miliarde-de-lei\/embed\/#?secret=skK0KIBaY6#?secret=GGqwgAI9z0\" data-secret=\"GGqwgAI9z0\" width=\"600\" height=\"338\" frameborder=\"0\" marginwidth=\"0\" marginheight=\"0\" scrolling=\"no\"><\/iframe>\n<\/div><\/figure>\n\n\n\n<figure class=\"wp-block-embed is-type-wp-embed is-provider-buletin-de-bucure\u0219ti wp-block-embed-buletin-de-bucure\u0219ti\"><div class=\"wp-block-embed__wrapper\">\n<blockquote class=\"wp-embedded-content\" data-secret=\"Y8xWwh9TSa\"><a href=\"https:\/\/buletin.de\/bucuresti\/captura-ro-culisele-salubrizarii-din-sectorul-1-romprest-o-schema-de-100-de-dolari-canadieni-pentru-4269-din-companie\/\">Captura.ro | Culisele salubriz\u0103rii din Sectorul 1: Romprest, o schem\u0103 de 100 de dolari canadieni pentru 42,69% din companie<\/a><\/blockquote><iframe class=\"wp-embedded-content\" sandbox=\"allow-scripts\" security=\"restricted\" style=\"position: absolute; clip: rect(1px, 1px, 1px, 1px);\" title=\"&#8220;Captura.ro | Culisele salubriz\u0103rii din Sectorul 1: Romprest, o schem\u0103 de 100 de dolari canadieni pentru 42,69% din companie&#8221; &#8212; Buletin de Bucure\u0219ti\" src=\"https:\/\/buletin.de\/bucuresti\/captura-ro-culisele-salubrizarii-din-sectorul-1-romprest-o-schema-de-100-de-dolari-canadieni-pentru-4269-din-companie\/embed\/#?secret=hAeiOFlTbx#?secret=Y8xWwh9TSa\" data-secret=\"Y8xWwh9TSa\" width=\"600\" height=\"338\" frameborder=\"0\" marginwidth=\"0\" marginheight=\"0\" scrolling=\"no\"><\/iframe>\n<\/div><\/figure>\n\n\n\n<figure class=\"wp-block-embed is-type-wp-embed is-provider-buletin-de-bucure\u0219ti wp-block-embed-buletin-de-bucure\u0219ti\"><div class=\"wp-block-embed__wrapper\">\n<blockquote class=\"wp-embedded-content\" data-secret=\"gIAqcW7EJq\"><a href=\"https:\/\/buletin.de\/bucuresti\/parcul-ior-transformat-in-jordie-politica-contre-intre-robert-negoita-si-nicusor-dan-pe-retrocedari\/\">Parcul IOR, transformat \u00een \u201ejordie\u201c politic\u0103:  contre \u00eentre Robert Negoi\u0163\u0103 \u015fi Nicu\u015for Dan pe retrocedare<\/a><\/blockquote><iframe class=\"wp-embedded-content\" sandbox=\"allow-scripts\" security=\"restricted\" style=\"position: absolute; clip: rect(1px, 1px, 1px, 1px);\" title=\"&#8220;Parcul IOR, transformat \u00een \u201ejordie\u201c politic\u0103:  contre \u00eentre Robert Negoi\u0163\u0103 \u015fi Nicu\u015for Dan pe retrocedare&#8221; &#8212; Buletin de Bucure\u0219ti\" src=\"https:\/\/buletin.de\/bucuresti\/parcul-ior-transformat-in-jordie-politica-contre-intre-robert-negoita-si-nicusor-dan-pe-retrocedari\/embed\/#?secret=wEjHBBiWRW#?secret=gIAqcW7EJq\" data-secret=\"gIAqcW7EJq\" width=\"600\" height=\"338\" frameborder=\"0\" marginwidth=\"0\" marginheight=\"0\" scrolling=\"no\"><\/iframe>\n<\/div><\/figure>\n","protected":false},"excerpt":{"rendered":"<p>Primarul Nicu\u015for Dan, acuzat \u00een dese r\u00e2nduri c\u0103 nu are o comunicare institu\u0163ional\u0103 cu ceilal\u0163i primari, a spus c\u0103 le r\u0103spunde la telefon, c\u00e2t de repede posibil \u015fi c\u0103 are o rela\u0163ie bun\u0103 cu \u201ecei mai mul\u0163i dintre ei\u201d. A spus c\u0103 nu poate s\u0103 fac\u0103 un clasament al primarilor de sector, pentru c\u0103 trebuie [&hellip;]<\/p>\n","protected":false},"author":47,"featured_media":71147,"comment_status":"closed","ping_status":"open","sticky":false,"template":"","format":"standard","meta":{"_acf_changed":false,"inline_featured_image":false,"ngg_post_thumbnail":0,"footnotes":""},"categories":[6994,5762,24],"tags":[2089,1487,223,8230,220],"ppma_author":[22580],"class_list":["post-71139","post","type-post","status-publish","format-standard","has-post-thumbnail","hentry","category-stiri-2","category-main","category-primarie","tag-ciprian-ciucu","tag-clotilde-armand","tag-nicusor-dan","tag-nicusor-dan-telefon-primari","tag-robert-negoita"],"acf":[],"yoast_head":"<!-- This site is optimized with the Yoast SEO Premium plugin v25.3 (Yoast SEO v27.4) - https:\/\/yoast.com\/product\/yoast-seo-premium-wordpress\/ -->\n<title>N. Dan, despre rela\u0163ia cu primarii de sector: Le r\u0103spund la telefon, dar, dac\u0103 am ceva urgent, \u00eei sun eu peste 1-2 zile - Buletin de Bucure\u0219ti<\/title>\n<meta name=\"robots\" content=\"index, follow, max-snippet:-1, max-image-preview:large, max-video-preview:-1\" \/>\n<link rel=\"canonical\" href=\"https:\/\/buletin.de\/bucuresti\/n-dan-despre-relatia-cu-primarii-de-sector-le-raspund-la-telefon-dar-daca-am-ceva-urgent-ii-sun-eu-peste-1-2-zile\/\" \/>\n<meta property=\"og:locale\" content=\"en_GB\" \/>\n<meta property=\"og:type\" content=\"article\" \/>\n<meta property=\"og:title\" content=\"N. Dan, despre rela\u0163ia cu primarii de sector: Le r\u0103spund la telefon, dar, dac\u0103 am ceva urgent, \u00eei sun eu peste 1-2 zile\" \/>\n<meta property=\"og:description\" content=\"Primarul Nicu\u015for Dan, acuzat \u00een dese r\u00e2nduri c\u0103 nu are o comunicare institu\u0163ional\u0103 cu ceilal\u0163i primari, a spus c\u0103 le r\u0103spunde la telefon, c\u00e2t de repede posibil \u015fi c\u0103 are o rela\u0163ie bun\u0103 cu \u201ecei mai mul\u0163i dintre ei\u201d. A spus c\u0103 nu poate s\u0103 fac\u0103 un clasament al primarilor de sector, pentru c\u0103 trebuie [&hellip;]\" \/>\n<meta property=\"og:url\" content=\"https:\/\/buletin.de\/bucuresti\/n-dan-despre-relatia-cu-primarii-de-sector-le-raspund-la-telefon-dar-daca-am-ceva-urgent-ii-sun-eu-peste-1-2-zile\/\" \/>\n<meta property=\"og:site_name\" content=\"Buletin de Bucure\u0219ti\" \/>\n<meta property=\"article:publisher\" content=\"https:\/\/www.facebook.com\/buletin.de.buc\" \/>\n<meta property=\"article:published_time\" content=\"2023-12-04T13:00:00+00:00\" \/>\n<meta property=\"og:image\" content=\"https:\/\/buletin.de\/bucuresti\/wp-content\/uploads\/Fara-titlu-4.png\" \/>\n\t<meta property=\"og:image:width\" content=\"1918\" \/>\n\t<meta property=\"og:image:height\" content=\"767\" \/>\n\t<meta property=\"og:image:type\" content=\"image\/png\" \/>\n<meta name=\"author\" content=\"Adina C\u0103p\u00eelnean\" \/>\n<meta name=\"twitter:card\" content=\"summary_large_image\" \/>\n<meta name=\"twitter:label1\" content=\"Written by\" \/>\n\t<meta name=\"twitter:data1\" content=\"Adina C\u0103p\u00eelnean\" \/>\n\t<meta name=\"twitter:label2\" content=\"Estimated reading time\" \/>\n\t<meta name=\"twitter:data2\" content=\"5 minutes\" \/>\n<script type=\"application\/ld+json\" class=\"yoast-schema-graph\">{\"@context\":\"https:\\\/\\\/schema.org\",\"@graph\":[{\"@type\":\"Article\",\"@id\":\"https:\\\/\\\/buletin.de\\\/bucuresti\\\/n-dan-despre-relatia-cu-primarii-de-sector-le-raspund-la-telefon-dar-daca-am-ceva-urgent-ii-sun-eu-peste-1-2-zile\\\/#article\",\"isPartOf\":{\"@id\":\"https:\\\/\\\/buletin.de\\\/bucuresti\\\/n-dan-despre-relatia-cu-primarii-de-sector-le-raspund-la-telefon-dar-daca-am-ceva-urgent-ii-sun-eu-peste-1-2-zile\\\/\"},\"author\":{\"name\":\"Adina C\u0103p\u00eelnean\",\"@id\":\"https:\\\/\\\/buletin.de\\\/bucuresti\\\/#\\\/schema\\\/person\\\/ab174cf6711728e4ee83d672acf9a912\"},\"headline\":\"N. Dan, despre rela\u0163ia cu primarii de sector: Le r\u0103spund la telefon, dar, dac\u0103 am ceva urgent, \u00eei sun eu peste 1-2 zile\",\"datePublished\":\"2023-12-04T13:00:00+00:00\",\"mainEntityOfPage\":{\"@id\":\"https:\\\/\\\/buletin.de\\\/bucuresti\\\/n-dan-despre-relatia-cu-primarii-de-sector-le-raspund-la-telefon-dar-daca-am-ceva-urgent-ii-sun-eu-peste-1-2-zile\\\/\"},\"wordCount\":1081,\"publisher\":{\"@id\":\"https:\\\/\\\/buletin.de\\\/bucuresti\\\/#organization\"},\"image\":{\"@id\":\"https:\\\/\\\/buletin.de\\\/bucuresti\\\/n-dan-despre-relatia-cu-primarii-de-sector-le-raspund-la-telefon-dar-daca-am-ceva-urgent-ii-sun-eu-peste-1-2-zile\\\/#primaryimage\"},\"thumbnailUrl\":\"https:\\\/\\\/buletin.de\\\/bucuresti\\\/wp-content\\\/uploads\\\/Fara-titlu-4.png\",\"keywords\":[\"ciprian ciucu\",\"clotilde armand\",\"nicusor dan\",\"nicusor dan telefon primari\",\"robert negoita\"],\"articleSection\":[\"Articole\",\"Main\",\"Prim\u0103rie\"],\"inLanguage\":\"en-GB\",\"copyrightYear\":\"2023\",\"copyrightHolder\":{\"@id\":\"https:\\\/\\\/buletin.de\\\/bucuresti\\\/#organization\"}},{\"@type\":\"WebPage\",\"@id\":\"https:\\\/\\\/buletin.de\\\/bucuresti\\\/n-dan-despre-relatia-cu-primarii-de-sector-le-raspund-la-telefon-dar-daca-am-ceva-urgent-ii-sun-eu-peste-1-2-zile\\\/\",\"url\":\"https:\\\/\\\/buletin.de\\\/bucuresti\\\/n-dan-despre-relatia-cu-primarii-de-sector-le-raspund-la-telefon-dar-daca-am-ceva-urgent-ii-sun-eu-peste-1-2-zile\\\/\",\"name\":\"N. Dan, despre rela\u0163ia cu primarii de sector: Le r\u0103spund la telefon, dar, dac\u0103 am ceva urgent, \u00eei sun eu peste 1-2 zile - Buletin de Bucure\u0219ti\",\"isPartOf\":{\"@id\":\"https:\\\/\\\/buletin.de\\\/bucuresti\\\/#website\"},\"primaryImageOfPage\":{\"@id\":\"https:\\\/\\\/buletin.de\\\/bucuresti\\\/n-dan-despre-relatia-cu-primarii-de-sector-le-raspund-la-telefon-dar-daca-am-ceva-urgent-ii-sun-eu-peste-1-2-zile\\\/#primaryimage\"},\"image\":{\"@id\":\"https:\\\/\\\/buletin.de\\\/bucuresti\\\/n-dan-despre-relatia-cu-primarii-de-sector-le-raspund-la-telefon-dar-daca-am-ceva-urgent-ii-sun-eu-peste-1-2-zile\\\/#primaryimage\"},\"thumbnailUrl\":\"https:\\\/\\\/buletin.de\\\/bucuresti\\\/wp-content\\\/uploads\\\/Fara-titlu-4.png\",\"datePublished\":\"2023-12-04T13:00:00+00:00\",\"breadcrumb\":{\"@id\":\"https:\\\/\\\/buletin.de\\\/bucuresti\\\/n-dan-despre-relatia-cu-primarii-de-sector-le-raspund-la-telefon-dar-daca-am-ceva-urgent-ii-sun-eu-peste-1-2-zile\\\/#breadcrumb\"},\"inLanguage\":\"en-GB\",\"potentialAction\":[{\"@type\":\"ReadAction\",\"target\":[\"https:\\\/\\\/buletin.de\\\/bucuresti\\\/n-dan-despre-relatia-cu-primarii-de-sector-le-raspund-la-telefon-dar-daca-am-ceva-urgent-ii-sun-eu-peste-1-2-zile\\\/\"]}]},{\"@type\":\"ImageObject\",\"inLanguage\":\"en-GB\",\"@id\":\"https:\\\/\\\/buletin.de\\\/bucuresti\\\/n-dan-despre-relatia-cu-primarii-de-sector-le-raspund-la-telefon-dar-daca-am-ceva-urgent-ii-sun-eu-peste-1-2-zile\\\/#primaryimage\",\"url\":\"https:\\\/\\\/buletin.de\\\/bucuresti\\\/wp-content\\\/uploads\\\/Fara-titlu-4.png\",\"contentUrl\":\"https:\\\/\\\/buletin.de\\\/bucuresti\\\/wp-content\\\/uploads\\\/Fara-titlu-4.png\",\"width\":1918,\"height\":767,\"caption\":\"Surs\u0103: captur\u0103 de ecran podcast \u201eA doua oopinie\u201d\"},{\"@type\":\"BreadcrumbList\",\"@id\":\"https:\\\/\\\/buletin.de\\\/bucuresti\\\/n-dan-despre-relatia-cu-primarii-de-sector-le-raspund-la-telefon-dar-daca-am-ceva-urgent-ii-sun-eu-peste-1-2-zile\\\/#breadcrumb\",\"itemListElement\":[{\"@type\":\"ListItem\",\"position\":1,\"name\":\"Acas\u0103\",\"item\":\"https:\\\/\\\/buletin.de\\\/bucuresti\\\/\"},{\"@type\":\"ListItem\",\"position\":2,\"name\":\"N. Dan, despre rela\u0163ia cu primarii de sector: Le r\u0103spund la telefon, dar, dac\u0103 am ceva urgent, \u00eei sun eu peste 1-2 zile\"}]},{\"@type\":\"WebSite\",\"@id\":\"https:\\\/\\\/buletin.de\\\/bucuresti\\\/#website\",\"url\":\"https:\\\/\\\/buletin.de\\\/bucuresti\\\/\",\"name\":\"Buletin de Bucure\u0219ti\",\"description\":\"\u0218tiri \u0219i investiga\u021bii esen\u021biale din capital\u0103\",\"publisher\":{\"@id\":\"https:\\\/\\\/buletin.de\\\/bucuresti\\\/#organization\"},\"potentialAction\":[{\"@type\":\"SearchAction\",\"target\":{\"@type\":\"EntryPoint\",\"urlTemplate\":\"https:\\\/\\\/buletin.de\\\/bucuresti\\\/?s={search_term_string}\"},\"query-input\":{\"@type\":\"PropertyValueSpecification\",\"valueRequired\":true,\"valueName\":\"search_term_string\"}}],\"inLanguage\":\"en-GB\"},{\"@type\":\"Organization\",\"@id\":\"https:\\\/\\\/buletin.de\\\/bucuresti\\\/#organization\",\"name\":\"Buletin de Bucure\u0219ti\",\"url\":\"https:\\\/\\\/buletin.de\\\/bucuresti\\\/\",\"logo\":{\"@type\":\"ImageObject\",\"inLanguage\":\"en-GB\",\"@id\":\"https:\\\/\\\/buletin.de\\\/bucuresti\\\/#\\\/schema\\\/logo\\\/image\\\/\",\"url\":\"https:\\\/\\\/buletin.de\\\/bucuresti\\\/wp-content\\\/uploads\\\/logo-bdb-full-wide-vernil-transparent.png\",\"contentUrl\":\"https:\\\/\\\/buletin.de\\\/bucuresti\\\/wp-content\\\/uploads\\\/logo-bdb-full-wide-vernil-transparent.png\",\"width\":1782,\"height\":626,\"caption\":\"Buletin de Bucure\u0219ti\"},\"image\":{\"@id\":\"https:\\\/\\\/buletin.de\\\/bucuresti\\\/#\\\/schema\\\/logo\\\/image\\\/\"},\"sameAs\":[\"https:\\\/\\\/www.facebook.com\\\/buletin.de.buc\",\"https:\\\/\\\/www.instagram.com\\\/buletinde.bucuresti\\\/\"]},{\"@type\":\"Person\",\"@id\":\"https:\\\/\\\/buletin.de\\\/bucuresti\\\/#\\\/schema\\\/person\\\/ab174cf6711728e4ee83d672acf9a912\",\"name\":\"Adina C\u0103p\u00eelnean\",\"image\":{\"@type\":\"ImageObject\",\"inLanguage\":\"en-GB\",\"@id\":\"https:\\\/\\\/secure.gravatar.com\\\/avatar\\\/4fe9675d6282fd7c1aa4e486a037d532d5728fc16a30360f293eb6126b2e73ad?s=96&d=monsterid&r=ge2b23868508aec3460d3c6a11d3b599a\",\"url\":\"https:\\\/\\\/secure.gravatar.com\\\/avatar\\\/4fe9675d6282fd7c1aa4e486a037d532d5728fc16a30360f293eb6126b2e73ad?s=96&d=monsterid&r=g\",\"contentUrl\":\"https:\\\/\\\/secure.gravatar.com\\\/avatar\\\/4fe9675d6282fd7c1aa4e486a037d532d5728fc16a30360f293eb6126b2e73ad?s=96&d=monsterid&r=g\",\"caption\":\"Adina C\u0103p\u00eelnean\"},\"url\":\"https:\\\/\\\/buletin.de\\\/bucuresti\\\/author\\\/adinacapilnean\\\/\"}]}<\/script>\n<!-- \/ Yoast SEO Premium plugin. -->","yoast_head_json":{"title":"N. Dan, despre rela\u0163ia cu primarii de sector: Le r\u0103spund la telefon, dar, dac\u0103 am ceva urgent, \u00eei sun eu peste 1-2 zile - Buletin de Bucure\u0219ti","robots":{"index":"index","follow":"follow","max-snippet":"max-snippet:-1","max-image-preview":"max-image-preview:large","max-video-preview":"max-video-preview:-1"},"canonical":"https:\/\/buletin.de\/bucuresti\/n-dan-despre-relatia-cu-primarii-de-sector-le-raspund-la-telefon-dar-daca-am-ceva-urgent-ii-sun-eu-peste-1-2-zile\/","og_locale":"en_GB","og_type":"article","og_title":"N. Dan, despre rela\u0163ia cu primarii de sector: Le r\u0103spund la telefon, dar, dac\u0103 am ceva urgent, \u00eei sun eu peste 1-2 zile","og_description":"Primarul Nicu\u015for Dan, acuzat \u00een dese r\u00e2nduri c\u0103 nu are o comunicare institu\u0163ional\u0103 cu ceilal\u0163i primari, a spus c\u0103 le r\u0103spunde la telefon, c\u00e2t de repede posibil \u015fi c\u0103 are o rela\u0163ie bun\u0103 cu \u201ecei mai mul\u0163i dintre ei\u201d. A spus c\u0103 nu poate s\u0103 fac\u0103 un clasament al primarilor de sector, pentru c\u0103 trebuie [&hellip;]","og_url":"https:\/\/buletin.de\/bucuresti\/n-dan-despre-relatia-cu-primarii-de-sector-le-raspund-la-telefon-dar-daca-am-ceva-urgent-ii-sun-eu-peste-1-2-zile\/","og_site_name":"Buletin de Bucure\u0219ti","article_publisher":"https:\/\/www.facebook.com\/buletin.de.buc","article_published_time":"2023-12-04T13:00:00+00:00","og_image":[{"width":1918,"height":767,"url":"https:\/\/buletin.de\/bucuresti\/wp-content\/uploads\/Fara-titlu-4.png","type":"image\/png"}],"author":"Adina C\u0103p\u00eelnean","twitter_card":"summary_large_image","twitter_misc":{"Written by":"Adina C\u0103p\u00eelnean","Estimated reading time":"5 minutes"},"schema":{"@context":"https:\/\/schema.org","@graph":[{"@type":"Article","@id":"https:\/\/buletin.de\/bucuresti\/n-dan-despre-relatia-cu-primarii-de-sector-le-raspund-la-telefon-dar-daca-am-ceva-urgent-ii-sun-eu-peste-1-2-zile\/#article","isPartOf":{"@id":"https:\/\/buletin.de\/bucuresti\/n-dan-despre-relatia-cu-primarii-de-sector-le-raspund-la-telefon-dar-daca-am-ceva-urgent-ii-sun-eu-peste-1-2-zile\/"},"author":{"name":"Adina C\u0103p\u00eelnean","@id":"https:\/\/buletin.de\/bucuresti\/#\/schema\/person\/ab174cf6711728e4ee83d672acf9a912"},"headline":"N. Dan, despre rela\u0163ia cu primarii de sector: Le r\u0103spund la telefon, dar, dac\u0103 am ceva urgent, \u00eei sun eu peste 1-2 zile","datePublished":"2023-12-04T13:00:00+00:00","mainEntityOfPage":{"@id":"https:\/\/buletin.de\/bucuresti\/n-dan-despre-relatia-cu-primarii-de-sector-le-raspund-la-telefon-dar-daca-am-ceva-urgent-ii-sun-eu-peste-1-2-zile\/"},"wordCount":1081,"publisher":{"@id":"https:\/\/buletin.de\/bucuresti\/#organization"},"image":{"@id":"https:\/\/buletin.de\/bucuresti\/n-dan-despre-relatia-cu-primarii-de-sector-le-raspund-la-telefon-dar-daca-am-ceva-urgent-ii-sun-eu-peste-1-2-zile\/#primaryimage"},"thumbnailUrl":"https:\/\/buletin.de\/bucuresti\/wp-content\/uploads\/Fara-titlu-4.png","keywords":["ciprian ciucu","clotilde armand","nicusor dan","nicusor dan telefon primari","robert negoita"],"articleSection":["Articole","Main","Prim\u0103rie"],"inLanguage":"en-GB","copyrightYear":"2023","copyrightHolder":{"@id":"https:\/\/buletin.de\/bucuresti\/#organization"}},{"@type":"WebPage","@id":"https:\/\/buletin.de\/bucuresti\/n-dan-despre-relatia-cu-primarii-de-sector-le-raspund-la-telefon-dar-daca-am-ceva-urgent-ii-sun-eu-peste-1-2-zile\/","url":"https:\/\/buletin.de\/bucuresti\/n-dan-despre-relatia-cu-primarii-de-sector-le-raspund-la-telefon-dar-daca-am-ceva-urgent-ii-sun-eu-peste-1-2-zile\/","name":"N. Dan, despre rela\u0163ia cu primarii de sector: Le r\u0103spund la telefon, dar, dac\u0103 am ceva urgent, \u00eei sun eu peste 1-2 zile - Buletin de Bucure\u0219ti","isPartOf":{"@id":"https:\/\/buletin.de\/bucuresti\/#website"},"primaryImageOfPage":{"@id":"https:\/\/buletin.de\/bucuresti\/n-dan-despre-relatia-cu-primarii-de-sector-le-raspund-la-telefon-dar-daca-am-ceva-urgent-ii-sun-eu-peste-1-2-zile\/#primaryimage"},"image":{"@id":"https:\/\/buletin.de\/bucuresti\/n-dan-despre-relatia-cu-primarii-de-sector-le-raspund-la-telefon-dar-daca-am-ceva-urgent-ii-sun-eu-peste-1-2-zile\/#primaryimage"},"thumbnailUrl":"https:\/\/buletin.de\/bucuresti\/wp-content\/uploads\/Fara-titlu-4.png","datePublished":"2023-12-04T13:00:00+00:00","breadcrumb":{"@id":"https:\/\/buletin.de\/bucuresti\/n-dan-despre-relatia-cu-primarii-de-sector-le-raspund-la-telefon-dar-daca-am-ceva-urgent-ii-sun-eu-peste-1-2-zile\/#breadcrumb"},"inLanguage":"en-GB","potentialAction":[{"@type":"ReadAction","target":["https:\/\/buletin.de\/bucuresti\/n-dan-despre-relatia-cu-primarii-de-sector-le-raspund-la-telefon-dar-daca-am-ceva-urgent-ii-sun-eu-peste-1-2-zile\/"]}]},{"@type":"ImageObject","inLanguage":"en-GB","@id":"https:\/\/buletin.de\/bucuresti\/n-dan-despre-relatia-cu-primarii-de-sector-le-raspund-la-telefon-dar-daca-am-ceva-urgent-ii-sun-eu-peste-1-2-zile\/#primaryimage","url":"https:\/\/buletin.de\/bucuresti\/wp-content\/uploads\/Fara-titlu-4.png","contentUrl":"https:\/\/buletin.de\/bucuresti\/wp-content\/uploads\/Fara-titlu-4.png","width":1918,"height":767,"caption":"Surs\u0103: captur\u0103 de ecran podcast \u201eA doua oopinie\u201d"},{"@type":"BreadcrumbList","@id":"https:\/\/buletin.de\/bucuresti\/n-dan-despre-relatia-cu-primarii-de-sector-le-raspund-la-telefon-dar-daca-am-ceva-urgent-ii-sun-eu-peste-1-2-zile\/#breadcrumb","itemListElement":[{"@type":"ListItem","position":1,"name":"Acas\u0103","item":"https:\/\/buletin.de\/bucuresti\/"},{"@type":"ListItem","position":2,"name":"N. Dan, despre rela\u0163ia cu primarii de sector: Le r\u0103spund la telefon, dar, dac\u0103 am ceva urgent, \u00eei sun eu peste 1-2 zile"}]},{"@type":"WebSite","@id":"https:\/\/buletin.de\/bucuresti\/#website","url":"https:\/\/buletin.de\/bucuresti\/","name":"Buletin de Bucure\u0219ti","description":"\u0218tiri \u0219i investiga\u021bii esen\u021biale din capital\u0103","publisher":{"@id":"https:\/\/buletin.de\/bucuresti\/#organization"},"potentialAction":[{"@type":"SearchAction","target":{"@type":"EntryPoint","urlTemplate":"https:\/\/buletin.de\/bucuresti\/?s={search_term_string}"},"query-input":{"@type":"PropertyValueSpecification","valueRequired":true,"valueName":"search_term_string"}}],"inLanguage":"en-GB"},{"@type":"Organization","@id":"https:\/\/buletin.de\/bucuresti\/#organization","name":"Buletin de Bucure\u0219ti","url":"https:\/\/buletin.de\/bucuresti\/","logo":{"@type":"ImageObject","inLanguage":"en-GB","@id":"https:\/\/buletin.de\/bucuresti\/#\/schema\/logo\/image\/","url":"https:\/\/buletin.de\/bucuresti\/wp-content\/uploads\/logo-bdb-full-wide-vernil-transparent.png","contentUrl":"https:\/\/buletin.de\/bucuresti\/wp-content\/uploads\/logo-bdb-full-wide-vernil-transparent.png","width":1782,"height":626,"caption":"Buletin de Bucure\u0219ti"},"image":{"@id":"https:\/\/buletin.de\/bucuresti\/#\/schema\/logo\/image\/"},"sameAs":["https:\/\/www.facebook.com\/buletin.de.buc","https:\/\/www.instagram.com\/buletinde.bucuresti\/"]},{"@type":"Person","@id":"https:\/\/buletin.de\/bucuresti\/#\/schema\/person\/ab174cf6711728e4ee83d672acf9a912","name":"Adina C\u0103p\u00eelnean","image":{"@type":"ImageObject","inLanguage":"en-GB","@id":"https:\/\/secure.gravatar.com\/avatar\/4fe9675d6282fd7c1aa4e486a037d532d5728fc16a30360f293eb6126b2e73ad?s=96&d=monsterid&r=ge2b23868508aec3460d3c6a11d3b599a","url":"https:\/\/secure.gravatar.com\/avatar\/4fe9675d6282fd7c1aa4e486a037d532d5728fc16a30360f293eb6126b2e73ad?s=96&d=monsterid&r=g","contentUrl":"https:\/\/secure.gravatar.com\/avatar\/4fe9675d6282fd7c1aa4e486a037d532d5728fc16a30360f293eb6126b2e73ad?s=96&d=monsterid&r=g","caption":"Adina C\u0103p\u00eelnean"},"url":"https:\/\/buletin.de\/bucuresti\/author\/adinacapilnean\/"}]}},"authors":[{"term_id":22580,"user_id":47,"is_guest":0,"slug":"adinacapilnean","display_name":"Adina C\u0103p\u00eelnean","avatar_url":"https:\/\/secure.gravatar.com\/avatar\/4fe9675d6282fd7c1aa4e486a037d532d5728fc16a30360f293eb6126b2e73ad?s=96&d=monsterid&r=g","0":null,"1":"","2":"","3":"","4":"","5":"","6":"","7":"","8":""}],"_links":{"self":[{"href":"https:\/\/buletin.de\/bucuresti\/wp-json\/wp\/v2\/posts\/71139","targetHints":{"allow":["GET"]}}],"collection":[{"href":"https:\/\/buletin.de\/bucuresti\/wp-json\/wp\/v2\/posts"}],"about":[{"href":"https:\/\/buletin.de\/bucuresti\/wp-json\/wp\/v2\/types\/post"}],"author":[{"embeddable":true,"href":"https:\/\/buletin.de\/bucuresti\/wp-json\/wp\/v2\/users\/47"}],"replies":[{"embeddable":true,"href":"https:\/\/buletin.de\/bucuresti\/wp-json\/wp\/v2\/comments?post=71139"}],"version-history":[{"count":4,"href":"https:\/\/buletin.de\/bucuresti\/wp-json\/wp\/v2\/posts\/71139\/revisions"}],"predecessor-version":[{"id":71153,"href":"https:\/\/buletin.de\/bucuresti\/wp-json\/wp\/v2\/posts\/71139\/revisions\/71153"}],"wp:featuredmedia":[{"embeddable":true,"href":"https:\/\/buletin.de\/bucuresti\/wp-json\/wp\/v2\/media\/71147"}],"wp:attachment":[{"href":"https:\/\/buletin.de\/bucuresti\/wp-json\/wp\/v2\/media?parent=71139"}],"wp:term":[{"taxonomy":"category","embeddable":true,"href":"https:\/\/buletin.de\/bucuresti\/wp-json\/wp\/v2\/categories?post=71139"},{"taxonomy":"post_tag","embeddable":true,"href":"https:\/\/buletin.de\/bucuresti\/wp-json\/wp\/v2\/tags?post=71139"},{"taxonomy":"author","embeddable":true,"href":"https:\/\/buletin.de\/bucuresti\/wp-json\/wp\/v2\/ppma_author?post=71139"}],"curies":[{"name":"wp","href":"https:\/\/api.w.org\/{rel}","templated":true}]}}