{"id":71069,"date":"2023-12-03T14:50:55","date_gmt":"2023-12-03T12:50:55","guid":{"rendered":"https:\/\/buletin.de\/bucuresti\/?p=71069"},"modified":"2023-12-03T14:50:55","modified_gmt":"2023-12-03T12:50:55","slug":"700-de-studenti-ai-academiei-de-politie-cer-masuri-dupa-toxiinfectiile-alimentare-europol-acuza-o-musamalizare-de-proportii","status":"publish","type":"post","link":"https:\/\/buletin.de\/bucuresti\/700-de-studenti-ai-academiei-de-politie-cer-masuri-dupa-toxiinfectiile-alimentare-europol-acuza-o-musamalizare-de-proportii\/","title":{"rendered":"700 de studen\u021bi ai Academiei de Poli\u021bie cer m\u0103suri dup\u0103 toxiinfec\u021biile alimentare. Europol acuz\u0103 \u201eo mu\u015famalizare de propor\u0163ii\u201d"},"content":{"rendered":"\n<p><strong>687 de studen\u021bi ai Academiei de Poli\u021bie Alexandru Ioan Cuza au semnat o peti\u021bie adresat\u0103 conducerii Academiei. Cer, printre altele, m\u00e2ncare mai bun\u0103 \u015fi igien\u0103 \u00een blocul alimentar. Vin cu propuneri de organizare ca \u00een \u0163\u0103ri precum Estonia, Ungaria \u015fi Cehia. Peti\u021bia vine dup\u0103 ce<a href=\"https:\/\/buletin.de\/bucuresti\/toxiinfectii-alimentare-dupa-un-meniu-cu-viermi-si-larve-primit-la-masa-de-la-cantina-academiei-de-politie-alexandru-ioan-cuza\/\"> 150 de studen\u021bi ai Academiei au ajuns la spital \u00een urma unor toxiinfec\u021bii alimentare<\/a>, din cauza m\u00e2nc\u0103rii de la cantin\u0103.<\/strong> <strong>Peti\u0163ia \u015fi comentariile Europol au fost publicate pe site-ul sindicatului. <\/strong><\/p>\n\n\n\n<p>Pe l\u00e2ng\u0103 calitatea m\u00e2nc\u0103rii, studen\u0163ii semnatari vorbesc de calitatea actului educa\u0163ional, subdimensionarea corpului profesoral, lipsa unei s\u0103li de sport \u015fi servicii medicale precare. <\/p>\n\n\n\n<h2 class=\"wp-block-heading\">Acuzele Europol<\/h2>\n\n\n\n<p>Cauzele toxiinfec\u021biilor alimentare din cauza c\u0103rora \u201epeste 150 de studen\u021bi au avut nevoie de \u00eengrijiri medicale\u201d ar fi\u00a0 prezen\u021ba rotavirusului sau a bacteriei e-coli, potrivit reprezentan\u021bilor sindicatului Europol; acestea ar\u00a0 fi fost poten\u021bialele cauze identificate de speciali\u0219tii din cadrul Spitalului de Boli Infec\u021bioase \u201eMatei Bal\u0219\u201d. <em>\u201eEste evident c\u0103 vorbim despre o mu\u0219amalizare de propor\u021bii ale cauzelor focarului de infec\u021bie\u201d<\/em>, se arat\u0103 \u00een articolul publicat de sindicali\u015ftii din Poli\u0163ie.<\/p>\n\n\n\n<p>Tot Europol spune c\u0103 nu a fost declan\u0219at\u0103 cercetarea disciplinar\u0103 \u00een cazul toxiinfec\u0163iilor, etap\u0103 obligatorie \u00een astfel de situa\u021bii, responsabilitate ce i-ar fi revenit lui C\u0103t\u0103lin Predoiu, Ministrul Afacerilor Interne:<\/p>\n\n\n\n<blockquote class=\"wp-block-quote is-layout-flow wp-block-quote-is-layout-flow\">\n<p class=\"has-medium-font-size\"><em>Tot despre mu\u0219amalizare vorbim \u0219i c\u00e2nd este vorba de r\u0103spundere. P\u00e2n\u0103 \u00een acest moment, nu numai c\u0103 nu a fost g\u0103sit niciun reprezentant al conducerii vinovat de aceste grave deficien\u021be, dar ministrul Predoiu nici m\u0103car nu a declan\u0219at cercetarea disciplinar\u0103, etap\u0103 obligatorie \u00een astfel de situa\u021bii. Scopul suspend\u0103rii cursurilor fizice a fost reprezentat de diminuarea presiunii mediatice, dar \u0219i pentru a le oferi spa\u021biu de manevr\u0103 firmelor care au \u00eencasat milioane de euro pentru lucr\u0103rile de renovare ale corpurilor de cl\u0103dire din Academia de Poli\u021bie A. I. Cuza<\/em>.<\/p>\n<cite>europol<\/cite><\/blockquote>\n\n\n\n<p>Trei nop\u021bi consecutive, studen\u021bii Academiei de Poli\u021bie au trebuit s\u0103 apeleze la serviciile medicale de urgen\u021b\u0103, din cauza unor toxiinfec\u021bii alimentare, potrivit reprezentan\u021bilor Sindicatului Europol.<\/p>\n\n\n\n<p>Joi, 14 noiembrie, Sindicatul Europol reclama faptul c\u0103 m\u00e2ncarea pe care studen\u021bii o primesc are larve \u0219i viermi, \u00een contextul \u00een care ace\u0219tia tr\u0103iesc, oricum, \u201eprintre \u0219obolani\u201d.<\/p>\n\n\n\n<p>Conducerea Academiei de Poli\u021bie \u201eA.I. Cuza\u201c a luat decizia \u00eenchiderii temporare \u00eens\u0103 <a href=\"https:\/\/buletin.de\/bucuresti\/europol-academia-de-politie-a-i-cuza-inchisa-pana-la-finalul-anului-recent-100-de-studenti-au-facut-toxiinfectie-alimentara\/\">motiveaz\u0103 sistarea cursurilor p\u00e2n\u0103 pe 22 decembrie \u00een baza lucr\u0103rilor de modernizare prin care trece unitatea.<\/a><\/p>\n\n\n\n<h2 class=\"wp-block-heading\">Reclama\u0163iile studen\u0163ilor<\/h2>\n\n\n\n<p>Pe l\u00e2ng\u0103 calitatea m\u00e2nc\u0103rii primite, semnatarii peti\u021biei reclam\u0103 atitudinea cadrelor fa\u021b\u0103 de studen\u021bi, \u0219i c\u0103, \u00een loc s\u0103 rezolve o situa\u0163ie, se caut\u0103 \u201edeconspirarea\u201d celui care a semnalat problema:<\/p>\n\n\n\n<figure class=\"wp-block-image size-full\"><img fetchpriority=\"high\" decoding=\"async\" width=\"669\" height=\"473\" src=\"data:image\/gif;base64,R0lGODlhAQABAAAAACH5BAEKAAEALAAAAAABAAEAAAICTAEAOw==\" data-src=\"https:\/\/buletin.de\/bucuresti\/wp-content\/uploads\/Capture-2.png\" alt=\"\" class=\"wp-image-71070 lazyload\" data-sizes=\"auto\" data-srcset=\"https:\/\/buletin.de\/bucuresti\/wp-content\/uploads\/Capture-2.png 669w, https:\/\/buletin.de\/bucuresti\/wp-content\/uploads\/Capture-2-300x212.png 300w, https:\/\/buletin.de\/bucuresti\/wp-content\/uploads\/Capture-2-600x424.png 600w, https:\/\/buletin.de\/bucuresti\/wp-content\/uploads\/Capture-2-20x14.png 20w\" sizes=\"(max-width: 669px) 100vw, 669px\" \/><\/figure>\n\n\n\n<p>Printre altele, este atras\u0103 aten\u021bia \u0219i asupra faptului c\u0103, din cauza personalului didactic deficitar raportat la num\u0103rul de studen\u021bi, calitatea actului educa\u021bional este sc\u0103zut\u0103. De asemenea, semnatarii reclam\u0103 c\u0103, de\u0219i, pe h\u00e2rtie, Academia beneficiaz\u0103 de spa\u021bii pentru desf\u0103\u0219urarea activit\u0103\u021bilor sportive, studen\u021bii nu au voie s\u0103 le foloseasc\u0103 \u00een afara cursurilor \u0219i propun amenajarea unui loc special \u00een acest sens:<\/p>\n\n\n\n<figure class=\"wp-block-image size-full\"><img decoding=\"async\" width=\"654\" height=\"590\" src=\"data:image\/gif;base64,R0lGODlhAQABAAAAACH5BAEKAAEALAAAAAABAAEAAAICTAEAOw==\" data-src=\"https:\/\/buletin.de\/bucuresti\/wp-content\/uploads\/Capture2.png\" alt=\"\" class=\"wp-image-71071 lazyload\" data-sizes=\"auto\" data-srcset=\"https:\/\/buletin.de\/bucuresti\/wp-content\/uploads\/Capture2.png 654w, https:\/\/buletin.de\/bucuresti\/wp-content\/uploads\/Capture2-300x271.png 300w, https:\/\/buletin.de\/bucuresti\/wp-content\/uploads\/Capture2-600x541.png 600w, https:\/\/buletin.de\/bucuresti\/wp-content\/uploads\/Capture2-20x18.png 20w\" sizes=\"(max-width: 654px) 100vw, 654px\" \/><\/figure>\n\n\n\n<p>Con\u021binutul \u00eentreg al peti\u021bi\u021biei:<\/p>\n\n\n\n<figure class=\"wp-block-gallery has-nested-images columns-8 is-cropped wp-block-gallery-1 is-layout-flex wp-block-gallery-is-layout-flex\">\n<figure class=\"wp-block-image size-full\"><a href=\"https:\/\/buletin.de\/bucuresti\/wp-content\/uploads\/IMG_3888.jpeg\" target=\"_blank\" rel=\"noopener\"><img decoding=\"async\" width=\"1284\" height=\"1480\" data-id=\"71075\" src=\"data:image\/gif;base64,R0lGODlhAQABAAAAACH5BAEKAAEALAAAAAABAAEAAAICTAEAOw==\" data-src=\"https:\/\/buletin.de\/bucuresti\/wp-content\/uploads\/IMG_3888.jpeg\" alt=\"\" class=\"wp-image-71075 lazyload\" data-sizes=\"auto\" data-srcset=\"https:\/\/buletin.de\/bucuresti\/wp-content\/uploads\/IMG_3888.jpeg 1284w, https:\/\/buletin.de\/bucuresti\/wp-content\/uploads\/IMG_3888-260x300.jpeg 260w, https:\/\/buletin.de\/bucuresti\/wp-content\/uploads\/IMG_3888-781x900.jpeg 781w, https:\/\/buletin.de\/bucuresti\/wp-content\/uploads\/IMG_3888-768x885.jpeg 768w, https:\/\/buletin.de\/bucuresti\/wp-content\/uploads\/IMG_3888-1100x1268.jpeg 1100w, https:\/\/buletin.de\/bucuresti\/wp-content\/uploads\/IMG_3888-600x692.jpeg 600w, https:\/\/buletin.de\/bucuresti\/wp-content\/uploads\/IMG_3888-20x23.jpeg 20w\" sizes=\"(max-width: 1284px) 100vw, 1284px\" \/><\/a><\/figure>\n\n\n\n<figure class=\"wp-block-image size-full\"><a href=\"https:\/\/buletin.de\/bucuresti\/wp-content\/uploads\/IMG_3889.jpeg\" target=\"_blank\" rel=\"noopener\"><img loading=\"lazy\" decoding=\"async\" width=\"1284\" height=\"1569\" data-id=\"71078\" src=\"data:image\/gif;base64,R0lGODlhAQABAAAAACH5BAEKAAEALAAAAAABAAEAAAICTAEAOw==\" data-src=\"https:\/\/buletin.de\/bucuresti\/wp-content\/uploads\/IMG_3889.jpeg\" alt=\"\" class=\"wp-image-71078 lazyload\" data-sizes=\"auto\" data-srcset=\"https:\/\/buletin.de\/bucuresti\/wp-content\/uploads\/IMG_3889.jpeg 1284w, https:\/\/buletin.de\/bucuresti\/wp-content\/uploads\/IMG_3889-246x300.jpeg 246w, https:\/\/buletin.de\/bucuresti\/wp-content\/uploads\/IMG_3889-737x900.jpeg 737w, https:\/\/buletin.de\/bucuresti\/wp-content\/uploads\/IMG_3889-768x938.jpeg 768w, https:\/\/buletin.de\/bucuresti\/wp-content\/uploads\/IMG_3889-1257x1536.jpeg 1257w, https:\/\/buletin.de\/bucuresti\/wp-content\/uploads\/IMG_3889-1100x1344.jpeg 1100w, https:\/\/buletin.de\/bucuresti\/wp-content\/uploads\/IMG_3889-600x733.jpeg 600w, https:\/\/buletin.de\/bucuresti\/wp-content\/uploads\/IMG_3889-20x24.jpeg 20w\" sizes=\"(max-width: 1284px) 100vw, 1284px\" \/><\/a><\/figure>\n\n\n\n<figure class=\"wp-block-image size-full\"><a href=\"https:\/\/buletin.de\/bucuresti\/wp-content\/uploads\/IMG_3890.jpeg\" target=\"_blank\" rel=\"noopener\"><img loading=\"lazy\" decoding=\"async\" width=\"1284\" height=\"1540\" data-id=\"71079\" src=\"data:image\/gif;base64,R0lGODlhAQABAAAAACH5BAEKAAEALAAAAAABAAEAAAICTAEAOw==\" data-src=\"https:\/\/buletin.de\/bucuresti\/wp-content\/uploads\/IMG_3890.jpeg\" alt=\"\" class=\"wp-image-71079 lazyload\" data-sizes=\"auto\" data-srcset=\"https:\/\/buletin.de\/bucuresti\/wp-content\/uploads\/IMG_3890.jpeg 1284w, https:\/\/buletin.de\/bucuresti\/wp-content\/uploads\/IMG_3890-250x300.jpeg 250w, https:\/\/buletin.de\/bucuresti\/wp-content\/uploads\/IMG_3890-750x900.jpeg 750w, https:\/\/buletin.de\/bucuresti\/wp-content\/uploads\/IMG_3890-768x921.jpeg 768w, https:\/\/buletin.de\/bucuresti\/wp-content\/uploads\/IMG_3890-1281x1536.jpeg 1281w, https:\/\/buletin.de\/bucuresti\/wp-content\/uploads\/IMG_3890-1100x1319.jpeg 1100w, https:\/\/buletin.de\/bucuresti\/wp-content\/uploads\/IMG_3890-600x720.jpeg 600w, https:\/\/buletin.de\/bucuresti\/wp-content\/uploads\/IMG_3890-20x24.jpeg 20w\" sizes=\"(max-width: 1284px) 100vw, 1284px\" \/><\/a><\/figure>\n\n\n\n<figure class=\"wp-block-image size-full\"><a href=\"https:\/\/buletin.de\/bucuresti\/wp-content\/uploads\/IMG_3891.jpeg\" target=\"_blank\" rel=\"noopener\"><img loading=\"lazy\" decoding=\"async\" width=\"1284\" height=\"1450\" data-id=\"71074\" src=\"data:image\/gif;base64,R0lGODlhAQABAAAAACH5BAEKAAEALAAAAAABAAEAAAICTAEAOw==\" data-src=\"https:\/\/buletin.de\/bucuresti\/wp-content\/uploads\/IMG_3891.jpeg\" alt=\"\" class=\"wp-image-71074 lazyload\" data-sizes=\"auto\" data-srcset=\"https:\/\/buletin.de\/bucuresti\/wp-content\/uploads\/IMG_3891.jpeg 1284w, https:\/\/buletin.de\/bucuresti\/wp-content\/uploads\/IMG_3891-266x300.jpeg 266w, https:\/\/buletin.de\/bucuresti\/wp-content\/uploads\/IMG_3891-797x900.jpeg 797w, https:\/\/buletin.de\/bucuresti\/wp-content\/uploads\/IMG_3891-768x867.jpeg 768w, https:\/\/buletin.de\/bucuresti\/wp-content\/uploads\/IMG_3891-1100x1242.jpeg 1100w, https:\/\/buletin.de\/bucuresti\/wp-content\/uploads\/IMG_3891-600x678.jpeg 600w, https:\/\/buletin.de\/bucuresti\/wp-content\/uploads\/IMG_3891-20x23.jpeg 20w\" sizes=\"(max-width: 1284px) 100vw, 1284px\" \/><\/a><\/figure>\n\n\n\n<figure class=\"wp-block-image size-full\"><a href=\"https:\/\/buletin.de\/bucuresti\/wp-content\/uploads\/IMG_3892.jpeg\" target=\"_blank\" rel=\"noopener\"><img loading=\"lazy\" decoding=\"async\" width=\"1284\" height=\"1330\" data-id=\"71073\" src=\"data:image\/gif;base64,R0lGODlhAQABAAAAACH5BAEKAAEALAAAAAABAAEAAAICTAEAOw==\" data-src=\"https:\/\/buletin.de\/bucuresti\/wp-content\/uploads\/IMG_3892.jpeg\" alt=\"\" class=\"wp-image-71073 lazyload\" data-sizes=\"auto\" data-srcset=\"https:\/\/buletin.de\/bucuresti\/wp-content\/uploads\/IMG_3892.jpeg 1284w, https:\/\/buletin.de\/bucuresti\/wp-content\/uploads\/IMG_3892-290x300.jpeg 290w, https:\/\/buletin.de\/bucuresti\/wp-content\/uploads\/IMG_3892-869x900.jpeg 869w, https:\/\/buletin.de\/bucuresti\/wp-content\/uploads\/IMG_3892-768x796.jpeg 768w, https:\/\/buletin.de\/bucuresti\/wp-content\/uploads\/IMG_3892-1100x1139.jpeg 1100w, https:\/\/buletin.de\/bucuresti\/wp-content\/uploads\/IMG_3892-600x621.jpeg 600w, https:\/\/buletin.de\/bucuresti\/wp-content\/uploads\/IMG_3892-20x21.jpeg 20w\" sizes=\"(max-width: 1284px) 100vw, 1284px\" \/><\/a><\/figure>\n\n\n\n<figure class=\"wp-block-image size-full\"><a href=\"https:\/\/buletin.de\/bucuresti\/wp-content\/uploads\/IMG_3893.jpeg\" target=\"_blank\" rel=\"noopener\"><img loading=\"lazy\" decoding=\"async\" width=\"1284\" height=\"1594\" data-id=\"71077\" src=\"data:image\/gif;base64,R0lGODlhAQABAAAAACH5BAEKAAEALAAAAAABAAEAAAICTAEAOw==\" data-src=\"https:\/\/buletin.de\/bucuresti\/wp-content\/uploads\/IMG_3893.jpeg\" alt=\"\" class=\"wp-image-71077 lazyload\" data-sizes=\"auto\" data-srcset=\"https:\/\/buletin.de\/bucuresti\/wp-content\/uploads\/IMG_3893.jpeg 1284w, https:\/\/buletin.de\/bucuresti\/wp-content\/uploads\/IMG_3893-242x300.jpeg 242w, https:\/\/buletin.de\/bucuresti\/wp-content\/uploads\/IMG_3893-725x900.jpeg 725w, https:\/\/buletin.de\/bucuresti\/wp-content\/uploads\/IMG_3893-768x953.jpeg 768w, https:\/\/buletin.de\/bucuresti\/wp-content\/uploads\/IMG_3893-1237x1536.jpeg 1237w, https:\/\/buletin.de\/bucuresti\/wp-content\/uploads\/IMG_3893-1100x1366.jpeg 1100w, https:\/\/buletin.de\/bucuresti\/wp-content\/uploads\/IMG_3893-600x745.jpeg 600w, https:\/\/buletin.de\/bucuresti\/wp-content\/uploads\/IMG_3893-20x25.jpeg 20w\" sizes=\"(max-width: 1284px) 100vw, 1284px\" \/><\/a><\/figure>\n\n\n\n<figure class=\"wp-block-image size-full\"><a href=\"https:\/\/buletin.de\/bucuresti\/wp-content\/uploads\/IMG_3894.jpeg\" target=\"_blank\" rel=\"noopener\"><img loading=\"lazy\" decoding=\"async\" width=\"1284\" height=\"1470\" data-id=\"71076\" src=\"data:image\/gif;base64,R0lGODlhAQABAAAAACH5BAEKAAEALAAAAAABAAEAAAICTAEAOw==\" data-src=\"https:\/\/buletin.de\/bucuresti\/wp-content\/uploads\/IMG_3894.jpeg\" alt=\"\" class=\"wp-image-71076 lazyload\" data-sizes=\"auto\" data-srcset=\"https:\/\/buletin.de\/bucuresti\/wp-content\/uploads\/IMG_3894.jpeg 1284w, https:\/\/buletin.de\/bucuresti\/wp-content\/uploads\/IMG_3894-262x300.jpeg 262w, https:\/\/buletin.de\/bucuresti\/wp-content\/uploads\/IMG_3894-786x900.jpeg 786w, https:\/\/buletin.de\/bucuresti\/wp-content\/uploads\/IMG_3894-768x879.jpeg 768w, https:\/\/buletin.de\/bucuresti\/wp-content\/uploads\/IMG_3894-1100x1259.jpeg 1100w, https:\/\/buletin.de\/bucuresti\/wp-content\/uploads\/IMG_3894-600x687.jpeg 600w, https:\/\/buletin.de\/bucuresti\/wp-content\/uploads\/IMG_3894-20x23.jpeg 20w\" sizes=\"(max-width: 1284px) 100vw, 1284px\" \/><\/a><\/figure>\n\n\n\n<figure class=\"wp-block-image size-full\"><a href=\"https:\/\/buletin.de\/bucuresti\/wp-content\/uploads\/IMG_3916.jpeg\" target=\"_blank\" rel=\"noopener\"><img loading=\"lazy\" decoding=\"async\" width=\"1080\" height=\"1624\" data-id=\"71072\" src=\"data:image\/gif;base64,R0lGODlhAQABAAAAACH5BAEKAAEALAAAAAABAAEAAAICTAEAOw==\" data-src=\"https:\/\/buletin.de\/bucuresti\/wp-content\/uploads\/IMG_3916.jpeg\" alt=\"\" class=\"wp-image-71072 lazyload\" data-sizes=\"auto\" data-srcset=\"https:\/\/buletin.de\/bucuresti\/wp-content\/uploads\/IMG_3916.jpeg 1080w, https:\/\/buletin.de\/bucuresti\/wp-content\/uploads\/IMG_3916-200x300.jpeg 200w, https:\/\/buletin.de\/bucuresti\/wp-content\/uploads\/IMG_3916-599x900.jpeg 599w, https:\/\/buletin.de\/bucuresti\/wp-content\/uploads\/IMG_3916-768x1155.jpeg 768w, https:\/\/buletin.de\/bucuresti\/wp-content\/uploads\/IMG_3916-1021x1536.jpeg 1021w, https:\/\/buletin.de\/bucuresti\/wp-content\/uploads\/IMG_3916-600x902.jpeg 600w, https:\/\/buletin.de\/bucuresti\/wp-content\/uploads\/IMG_3916-20x30.jpeg 20w\" sizes=\"(max-width: 1080px) 100vw, 1080px\" \/><\/a><\/figure>\n<figcaption class=\"blocks-gallery-caption wp-element-caption\">Sursa: <a href=\"https:\/\/sindicateuropol.ro\/exclusiv-687-studenti-reactioneaza-la-mizeria-din-academia-de-politie\/\">Sindicatul Europol<\/a><\/figcaption><\/figure>\n","protected":false},"excerpt":{"rendered":"<p>687 de studen\u021bi ai Academiei de Poli\u021bie Alexandru Ioan Cuza au semnat o peti\u021bie adresat\u0103 conducerii Academiei. Cer, printre altele, m\u00e2ncare mai bun\u0103 \u015fi igien\u0103 \u00een blocul alimentar. Vin cu propuneri de organizare ca \u00een \u0163\u0103ri precum Estonia, Ungaria \u015fi Cehia. Peti\u021bia vine dup\u0103 ce 150 de studen\u021bi ai Academiei au ajuns la spital \u00een [&hellip;]<\/p>\n","protected":false},"author":47,"featured_media":70281,"comment_status":"closed","ping_status":"open","sticky":false,"template":"","format":"standard","meta":{"_acf_changed":false,"inline_featured_image":false,"ngg_post_thumbnail":0,"footnotes":""},"categories":[6994,3421,3419,4],"tags":[7843,7238,8205,3048,250,882,3874,764,1092,8204],"ppma_author":[22580],"class_list":["post-71069","post","type-post","status-publish","format-standard","has-post-thumbnail","hentry","category-stiri-2","category-educatie","category-featured","category-sanatate","tag-academia-de-politie","tag-alexandru-ioan-cuza","tag-alimentare","tag-europol","tag-petitie","tag-politie","tag-revendicari","tag-sindicat","tag-studenti","tag-toxiinfectii"],"acf":[],"yoast_head":"<!-- This site is optimized with the Yoast SEO Premium plugin v25.3 (Yoast SEO v27.4) - https:\/\/yoast.com\/product\/yoast-seo-premium-wordpress\/ -->\n<title>700 de studen\u021bi ai Academiei de Poli\u021bie cer m\u0103suri dup\u0103 toxiinfec\u021biile alimentare. Europol acuz\u0103 \u201eo mu\u015famalizare de propor\u0163ii\u201d - Buletin de Bucure\u0219ti<\/title>\n<meta name=\"robots\" content=\"index, follow, max-snippet:-1, max-image-preview:large, max-video-preview:-1\" \/>\n<link rel=\"canonical\" href=\"https:\/\/buletin.de\/bucuresti\/700-de-studenti-ai-academiei-de-politie-cer-masuri-dupa-toxiinfectiile-alimentare-europol-acuza-o-musamalizare-de-proportii\/\" \/>\n<meta property=\"og:locale\" content=\"en_GB\" \/>\n<meta property=\"og:type\" content=\"article\" \/>\n<meta property=\"og:title\" content=\"700 de studen\u021bi ai Academiei de Poli\u021bie cer m\u0103suri dup\u0103 toxiinfec\u021biile alimentare. Europol acuz\u0103 \u201eo mu\u015famalizare de propor\u0163ii\u201d\" \/>\n<meta property=\"og:description\" content=\"687 de studen\u021bi ai Academiei de Poli\u021bie Alexandru Ioan Cuza au semnat o peti\u021bie adresat\u0103 conducerii Academiei. Cer, printre altele, m\u00e2ncare mai bun\u0103 \u015fi igien\u0103 \u00een blocul alimentar. Vin cu propuneri de organizare ca \u00een \u0163\u0103ri precum Estonia, Ungaria \u015fi Cehia. Peti\u021bia vine dup\u0103 ce 150 de studen\u021bi ai Academiei au ajuns la spital \u00een [&hellip;]\" \/>\n<meta property=\"og:url\" content=\"https:\/\/buletin.de\/bucuresti\/700-de-studenti-ai-academiei-de-politie-cer-masuri-dupa-toxiinfectiile-alimentare-europol-acuza-o-musamalizare-de-proportii\/\" \/>\n<meta property=\"og:site_name\" content=\"Buletin de Bucure\u0219ti\" \/>\n<meta property=\"article:publisher\" content=\"https:\/\/www.facebook.com\/buletin.de.buc\" \/>\n<meta property=\"article:published_time\" content=\"2023-12-03T12:50:55+00:00\" \/>\n<meta property=\"og:image\" content=\"https:\/\/buletin.de\/bucuresti\/wp-content\/uploads\/326275904_574318748043701_8516528966849591331_n.jpeg\" \/>\n\t<meta property=\"og:image:width\" content=\"2048\" \/>\n\t<meta property=\"og:image:height\" content=\"1536\" \/>\n\t<meta property=\"og:image:type\" content=\"image\/jpeg\" \/>\n<meta name=\"author\" content=\"Adina C\u0103p\u00eelnean\" \/>\n<meta name=\"twitter:card\" content=\"summary_large_image\" \/>\n<meta name=\"twitter:label1\" content=\"Written by\" \/>\n\t<meta name=\"twitter:data1\" content=\"Adina C\u0103p\u00eelnean\" \/>\n\t<meta name=\"twitter:label2\" content=\"Estimated reading time\" \/>\n\t<meta name=\"twitter:data2\" content=\"3 minutes\" \/>\n<script type=\"application\/ld+json\" class=\"yoast-schema-graph\">{\"@context\":\"https:\\\/\\\/schema.org\",\"@graph\":[{\"@type\":\"Article\",\"@id\":\"https:\\\/\\\/buletin.de\\\/bucuresti\\\/700-de-studenti-ai-academiei-de-politie-cer-masuri-dupa-toxiinfectiile-alimentare-europol-acuza-o-musamalizare-de-proportii\\\/#article\",\"isPartOf\":{\"@id\":\"https:\\\/\\\/buletin.de\\\/bucuresti\\\/700-de-studenti-ai-academiei-de-politie-cer-masuri-dupa-toxiinfectiile-alimentare-europol-acuza-o-musamalizare-de-proportii\\\/\"},\"author\":{\"name\":\"Adina C\u0103p\u00eelnean\",\"@id\":\"https:\\\/\\\/buletin.de\\\/bucuresti\\\/#\\\/schema\\\/person\\\/ab174cf6711728e4ee83d672acf9a912\"},\"headline\":\"700 de studen\u021bi ai Academiei de Poli\u021bie cer m\u0103suri dup\u0103 toxiinfec\u021biile alimentare. Europol acuz\u0103 \u201eo mu\u015famalizare de propor\u0163ii\u201d\",\"datePublished\":\"2023-12-03T12:50:55+00:00\",\"mainEntityOfPage\":{\"@id\":\"https:\\\/\\\/buletin.de\\\/bucuresti\\\/700-de-studenti-ai-academiei-de-politie-cer-masuri-dupa-toxiinfectiile-alimentare-europol-acuza-o-musamalizare-de-proportii\\\/\"},\"wordCount\":565,\"publisher\":{\"@id\":\"https:\\\/\\\/buletin.de\\\/bucuresti\\\/#organization\"},\"image\":{\"@id\":\"https:\\\/\\\/buletin.de\\\/bucuresti\\\/700-de-studenti-ai-academiei-de-politie-cer-masuri-dupa-toxiinfectiile-alimentare-europol-acuza-o-musamalizare-de-proportii\\\/#primaryimage\"},\"thumbnailUrl\":\"https:\\\/\\\/buletin.de\\\/bucuresti\\\/wp-content\\\/uploads\\\/326275904_574318748043701_8516528966849591331_n.jpeg\",\"keywords\":[\"academia de politie\",\"alexandru ioan cuza\",\"alimentare\",\"europol\",\"petitie\",\"politie\",\"revendicari\",\"sindicat\",\"studenti\",\"toxiinfectii\"],\"articleSection\":[\"Articole\",\"Educa\u021bie\",\"Featured\",\"S\u0103n\u0103tate\"],\"inLanguage\":\"en-GB\",\"copyrightYear\":\"2023\",\"copyrightHolder\":{\"@id\":\"https:\\\/\\\/buletin.de\\\/bucuresti\\\/#organization\"}},{\"@type\":\"WebPage\",\"@id\":\"https:\\\/\\\/buletin.de\\\/bucuresti\\\/700-de-studenti-ai-academiei-de-politie-cer-masuri-dupa-toxiinfectiile-alimentare-europol-acuza-o-musamalizare-de-proportii\\\/\",\"url\":\"https:\\\/\\\/buletin.de\\\/bucuresti\\\/700-de-studenti-ai-academiei-de-politie-cer-masuri-dupa-toxiinfectiile-alimentare-europol-acuza-o-musamalizare-de-proportii\\\/\",\"name\":\"700 de studen\u021bi ai Academiei de Poli\u021bie cer m\u0103suri dup\u0103 toxiinfec\u021biile alimentare. Europol acuz\u0103 \u201eo mu\u015famalizare de propor\u0163ii\u201d - Buletin de Bucure\u0219ti\",\"isPartOf\":{\"@id\":\"https:\\\/\\\/buletin.de\\\/bucuresti\\\/#website\"},\"primaryImageOfPage\":{\"@id\":\"https:\\\/\\\/buletin.de\\\/bucuresti\\\/700-de-studenti-ai-academiei-de-politie-cer-masuri-dupa-toxiinfectiile-alimentare-europol-acuza-o-musamalizare-de-proportii\\\/#primaryimage\"},\"image\":{\"@id\":\"https:\\\/\\\/buletin.de\\\/bucuresti\\\/700-de-studenti-ai-academiei-de-politie-cer-masuri-dupa-toxiinfectiile-alimentare-europol-acuza-o-musamalizare-de-proportii\\\/#primaryimage\"},\"thumbnailUrl\":\"https:\\\/\\\/buletin.de\\\/bucuresti\\\/wp-content\\\/uploads\\\/326275904_574318748043701_8516528966849591331_n.jpeg\",\"datePublished\":\"2023-12-03T12:50:55+00:00\",\"breadcrumb\":{\"@id\":\"https:\\\/\\\/buletin.de\\\/bucuresti\\\/700-de-studenti-ai-academiei-de-politie-cer-masuri-dupa-toxiinfectiile-alimentare-europol-acuza-o-musamalizare-de-proportii\\\/#breadcrumb\"},\"inLanguage\":\"en-GB\",\"potentialAction\":[{\"@type\":\"ReadAction\",\"target\":[\"https:\\\/\\\/buletin.de\\\/bucuresti\\\/700-de-studenti-ai-academiei-de-politie-cer-masuri-dupa-toxiinfectiile-alimentare-europol-acuza-o-musamalizare-de-proportii\\\/\"]}]},{\"@type\":\"ImageObject\",\"inLanguage\":\"en-GB\",\"@id\":\"https:\\\/\\\/buletin.de\\\/bucuresti\\\/700-de-studenti-ai-academiei-de-politie-cer-masuri-dupa-toxiinfectiile-alimentare-europol-acuza-o-musamalizare-de-proportii\\\/#primaryimage\",\"url\":\"https:\\\/\\\/buletin.de\\\/bucuresti\\\/wp-content\\\/uploads\\\/326275904_574318748043701_8516528966849591331_n.jpeg\",\"contentUrl\":\"https:\\\/\\\/buletin.de\\\/bucuresti\\\/wp-content\\\/uploads\\\/326275904_574318748043701_8516528966849591331_n.jpeg\",\"width\":2048,\"height\":1536,\"caption\":\"Foto: Facebook \\\/ Acadmia de Poli\u021bie A.I. Cuza\"},{\"@type\":\"BreadcrumbList\",\"@id\":\"https:\\\/\\\/buletin.de\\\/bucuresti\\\/700-de-studenti-ai-academiei-de-politie-cer-masuri-dupa-toxiinfectiile-alimentare-europol-acuza-o-musamalizare-de-proportii\\\/#breadcrumb\",\"itemListElement\":[{\"@type\":\"ListItem\",\"position\":1,\"name\":\"Acas\u0103\",\"item\":\"https:\\\/\\\/buletin.de\\\/bucuresti\\\/\"},{\"@type\":\"ListItem\",\"position\":2,\"name\":\"700 de studen\u021bi ai Academiei de Poli\u021bie cer m\u0103suri dup\u0103 toxiinfec\u021biile alimentare. Europol acuz\u0103 \u201eo mu\u015famalizare de propor\u0163ii\u201d\"}]},{\"@type\":\"WebSite\",\"@id\":\"https:\\\/\\\/buletin.de\\\/bucuresti\\\/#website\",\"url\":\"https:\\\/\\\/buletin.de\\\/bucuresti\\\/\",\"name\":\"Buletin de Bucure\u0219ti\",\"description\":\"\u0218tiri \u0219i investiga\u021bii esen\u021biale din capital\u0103\",\"publisher\":{\"@id\":\"https:\\\/\\\/buletin.de\\\/bucuresti\\\/#organization\"},\"potentialAction\":[{\"@type\":\"SearchAction\",\"target\":{\"@type\":\"EntryPoint\",\"urlTemplate\":\"https:\\\/\\\/buletin.de\\\/bucuresti\\\/?s={search_term_string}\"},\"query-input\":{\"@type\":\"PropertyValueSpecification\",\"valueRequired\":true,\"valueName\":\"search_term_string\"}}],\"inLanguage\":\"en-GB\"},{\"@type\":\"Organization\",\"@id\":\"https:\\\/\\\/buletin.de\\\/bucuresti\\\/#organization\",\"name\":\"Buletin de Bucure\u0219ti\",\"url\":\"https:\\\/\\\/buletin.de\\\/bucuresti\\\/\",\"logo\":{\"@type\":\"ImageObject\",\"inLanguage\":\"en-GB\",\"@id\":\"https:\\\/\\\/buletin.de\\\/bucuresti\\\/#\\\/schema\\\/logo\\\/image\\\/\",\"url\":\"https:\\\/\\\/buletin.de\\\/bucuresti\\\/wp-content\\\/uploads\\\/logo-bdb-full-wide-vernil-transparent.png\",\"contentUrl\":\"https:\\\/\\\/buletin.de\\\/bucuresti\\\/wp-content\\\/uploads\\\/logo-bdb-full-wide-vernil-transparent.png\",\"width\":1782,\"height\":626,\"caption\":\"Buletin de Bucure\u0219ti\"},\"image\":{\"@id\":\"https:\\\/\\\/buletin.de\\\/bucuresti\\\/#\\\/schema\\\/logo\\\/image\\\/\"},\"sameAs\":[\"https:\\\/\\\/www.facebook.com\\\/buletin.de.buc\",\"https:\\\/\\\/www.instagram.com\\\/buletinde.bucuresti\\\/\"]},{\"@type\":\"Person\",\"@id\":\"https:\\\/\\\/buletin.de\\\/bucuresti\\\/#\\\/schema\\\/person\\\/ab174cf6711728e4ee83d672acf9a912\",\"name\":\"Adina C\u0103p\u00eelnean\",\"image\":{\"@type\":\"ImageObject\",\"inLanguage\":\"en-GB\",\"@id\":\"https:\\\/\\\/secure.gravatar.com\\\/avatar\\\/4fe9675d6282fd7c1aa4e486a037d532d5728fc16a30360f293eb6126b2e73ad?s=96&d=monsterid&r=ge2b23868508aec3460d3c6a11d3b599a\",\"url\":\"https:\\\/\\\/secure.gravatar.com\\\/avatar\\\/4fe9675d6282fd7c1aa4e486a037d532d5728fc16a30360f293eb6126b2e73ad?s=96&d=monsterid&r=g\",\"contentUrl\":\"https:\\\/\\\/secure.gravatar.com\\\/avatar\\\/4fe9675d6282fd7c1aa4e486a037d532d5728fc16a30360f293eb6126b2e73ad?s=96&d=monsterid&r=g\",\"caption\":\"Adina C\u0103p\u00eelnean\"},\"url\":\"https:\\\/\\\/buletin.de\\\/bucuresti\\\/author\\\/adinacapilnean\\\/\"}]}<\/script>\n<!-- \/ Yoast SEO Premium plugin. -->","yoast_head_json":{"title":"700 de studen\u021bi ai Academiei de Poli\u021bie cer m\u0103suri dup\u0103 toxiinfec\u021biile alimentare. Europol acuz\u0103 \u201eo mu\u015famalizare de propor\u0163ii\u201d - Buletin de Bucure\u0219ti","robots":{"index":"index","follow":"follow","max-snippet":"max-snippet:-1","max-image-preview":"max-image-preview:large","max-video-preview":"max-video-preview:-1"},"canonical":"https:\/\/buletin.de\/bucuresti\/700-de-studenti-ai-academiei-de-politie-cer-masuri-dupa-toxiinfectiile-alimentare-europol-acuza-o-musamalizare-de-proportii\/","og_locale":"en_GB","og_type":"article","og_title":"700 de studen\u021bi ai Academiei de Poli\u021bie cer m\u0103suri dup\u0103 toxiinfec\u021biile alimentare. Europol acuz\u0103 \u201eo mu\u015famalizare de propor\u0163ii\u201d","og_description":"687 de studen\u021bi ai Academiei de Poli\u021bie Alexandru Ioan Cuza au semnat o peti\u021bie adresat\u0103 conducerii Academiei. Cer, printre altele, m\u00e2ncare mai bun\u0103 \u015fi igien\u0103 \u00een blocul alimentar. Vin cu propuneri de organizare ca \u00een \u0163\u0103ri precum Estonia, Ungaria \u015fi Cehia. Peti\u021bia vine dup\u0103 ce 150 de studen\u021bi ai Academiei au ajuns la spital \u00een [&hellip;]","og_url":"https:\/\/buletin.de\/bucuresti\/700-de-studenti-ai-academiei-de-politie-cer-masuri-dupa-toxiinfectiile-alimentare-europol-acuza-o-musamalizare-de-proportii\/","og_site_name":"Buletin de Bucure\u0219ti","article_publisher":"https:\/\/www.facebook.com\/buletin.de.buc","article_published_time":"2023-12-03T12:50:55+00:00","og_image":[{"width":2048,"height":1536,"url":"https:\/\/buletin.de\/bucuresti\/wp-content\/uploads\/326275904_574318748043701_8516528966849591331_n.jpeg","type":"image\/jpeg"}],"author":"Adina C\u0103p\u00eelnean","twitter_card":"summary_large_image","twitter_misc":{"Written by":"Adina C\u0103p\u00eelnean","Estimated reading time":"3 minutes"},"schema":{"@context":"https:\/\/schema.org","@graph":[{"@type":"Article","@id":"https:\/\/buletin.de\/bucuresti\/700-de-studenti-ai-academiei-de-politie-cer-masuri-dupa-toxiinfectiile-alimentare-europol-acuza-o-musamalizare-de-proportii\/#article","isPartOf":{"@id":"https:\/\/buletin.de\/bucuresti\/700-de-studenti-ai-academiei-de-politie-cer-masuri-dupa-toxiinfectiile-alimentare-europol-acuza-o-musamalizare-de-proportii\/"},"author":{"name":"Adina C\u0103p\u00eelnean","@id":"https:\/\/buletin.de\/bucuresti\/#\/schema\/person\/ab174cf6711728e4ee83d672acf9a912"},"headline":"700 de studen\u021bi ai Academiei de Poli\u021bie cer m\u0103suri dup\u0103 toxiinfec\u021biile alimentare. Europol acuz\u0103 \u201eo mu\u015famalizare de propor\u0163ii\u201d","datePublished":"2023-12-03T12:50:55+00:00","mainEntityOfPage":{"@id":"https:\/\/buletin.de\/bucuresti\/700-de-studenti-ai-academiei-de-politie-cer-masuri-dupa-toxiinfectiile-alimentare-europol-acuza-o-musamalizare-de-proportii\/"},"wordCount":565,"publisher":{"@id":"https:\/\/buletin.de\/bucuresti\/#organization"},"image":{"@id":"https:\/\/buletin.de\/bucuresti\/700-de-studenti-ai-academiei-de-politie-cer-masuri-dupa-toxiinfectiile-alimentare-europol-acuza-o-musamalizare-de-proportii\/#primaryimage"},"thumbnailUrl":"https:\/\/buletin.de\/bucuresti\/wp-content\/uploads\/326275904_574318748043701_8516528966849591331_n.jpeg","keywords":["academia de politie","alexandru ioan cuza","alimentare","europol","petitie","politie","revendicari","sindicat","studenti","toxiinfectii"],"articleSection":["Articole","Educa\u021bie","Featured","S\u0103n\u0103tate"],"inLanguage":"en-GB","copyrightYear":"2023","copyrightHolder":{"@id":"https:\/\/buletin.de\/bucuresti\/#organization"}},{"@type":"WebPage","@id":"https:\/\/buletin.de\/bucuresti\/700-de-studenti-ai-academiei-de-politie-cer-masuri-dupa-toxiinfectiile-alimentare-europol-acuza-o-musamalizare-de-proportii\/","url":"https:\/\/buletin.de\/bucuresti\/700-de-studenti-ai-academiei-de-politie-cer-masuri-dupa-toxiinfectiile-alimentare-europol-acuza-o-musamalizare-de-proportii\/","name":"700 de studen\u021bi ai Academiei de Poli\u021bie cer m\u0103suri dup\u0103 toxiinfec\u021biile alimentare. Europol acuz\u0103 \u201eo mu\u015famalizare de propor\u0163ii\u201d - Buletin de Bucure\u0219ti","isPartOf":{"@id":"https:\/\/buletin.de\/bucuresti\/#website"},"primaryImageOfPage":{"@id":"https:\/\/buletin.de\/bucuresti\/700-de-studenti-ai-academiei-de-politie-cer-masuri-dupa-toxiinfectiile-alimentare-europol-acuza-o-musamalizare-de-proportii\/#primaryimage"},"image":{"@id":"https:\/\/buletin.de\/bucuresti\/700-de-studenti-ai-academiei-de-politie-cer-masuri-dupa-toxiinfectiile-alimentare-europol-acuza-o-musamalizare-de-proportii\/#primaryimage"},"thumbnailUrl":"https:\/\/buletin.de\/bucuresti\/wp-content\/uploads\/326275904_574318748043701_8516528966849591331_n.jpeg","datePublished":"2023-12-03T12:50:55+00:00","breadcrumb":{"@id":"https:\/\/buletin.de\/bucuresti\/700-de-studenti-ai-academiei-de-politie-cer-masuri-dupa-toxiinfectiile-alimentare-europol-acuza-o-musamalizare-de-proportii\/#breadcrumb"},"inLanguage":"en-GB","potentialAction":[{"@type":"ReadAction","target":["https:\/\/buletin.de\/bucuresti\/700-de-studenti-ai-academiei-de-politie-cer-masuri-dupa-toxiinfectiile-alimentare-europol-acuza-o-musamalizare-de-proportii\/"]}]},{"@type":"ImageObject","inLanguage":"en-GB","@id":"https:\/\/buletin.de\/bucuresti\/700-de-studenti-ai-academiei-de-politie-cer-masuri-dupa-toxiinfectiile-alimentare-europol-acuza-o-musamalizare-de-proportii\/#primaryimage","url":"https:\/\/buletin.de\/bucuresti\/wp-content\/uploads\/326275904_574318748043701_8516528966849591331_n.jpeg","contentUrl":"https:\/\/buletin.de\/bucuresti\/wp-content\/uploads\/326275904_574318748043701_8516528966849591331_n.jpeg","width":2048,"height":1536,"caption":"Foto: Facebook \/ Acadmia de Poli\u021bie A.I. Cuza"},{"@type":"BreadcrumbList","@id":"https:\/\/buletin.de\/bucuresti\/700-de-studenti-ai-academiei-de-politie-cer-masuri-dupa-toxiinfectiile-alimentare-europol-acuza-o-musamalizare-de-proportii\/#breadcrumb","itemListElement":[{"@type":"ListItem","position":1,"name":"Acas\u0103","item":"https:\/\/buletin.de\/bucuresti\/"},{"@type":"ListItem","position":2,"name":"700 de studen\u021bi ai Academiei de Poli\u021bie cer m\u0103suri dup\u0103 toxiinfec\u021biile alimentare. Europol acuz\u0103 \u201eo mu\u015famalizare de propor\u0163ii\u201d"}]},{"@type":"WebSite","@id":"https:\/\/buletin.de\/bucuresti\/#website","url":"https:\/\/buletin.de\/bucuresti\/","name":"Buletin de Bucure\u0219ti","description":"\u0218tiri \u0219i investiga\u021bii esen\u021biale din capital\u0103","publisher":{"@id":"https:\/\/buletin.de\/bucuresti\/#organization"},"potentialAction":[{"@type":"SearchAction","target":{"@type":"EntryPoint","urlTemplate":"https:\/\/buletin.de\/bucuresti\/?s={search_term_string}"},"query-input":{"@type":"PropertyValueSpecification","valueRequired":true,"valueName":"search_term_string"}}],"inLanguage":"en-GB"},{"@type":"Organization","@id":"https:\/\/buletin.de\/bucuresti\/#organization","name":"Buletin de Bucure\u0219ti","url":"https:\/\/buletin.de\/bucuresti\/","logo":{"@type":"ImageObject","inLanguage":"en-GB","@id":"https:\/\/buletin.de\/bucuresti\/#\/schema\/logo\/image\/","url":"https:\/\/buletin.de\/bucuresti\/wp-content\/uploads\/logo-bdb-full-wide-vernil-transparent.png","contentUrl":"https:\/\/buletin.de\/bucuresti\/wp-content\/uploads\/logo-bdb-full-wide-vernil-transparent.png","width":1782,"height":626,"caption":"Buletin de Bucure\u0219ti"},"image":{"@id":"https:\/\/buletin.de\/bucuresti\/#\/schema\/logo\/image\/"},"sameAs":["https:\/\/www.facebook.com\/buletin.de.buc","https:\/\/www.instagram.com\/buletinde.bucuresti\/"]},{"@type":"Person","@id":"https:\/\/buletin.de\/bucuresti\/#\/schema\/person\/ab174cf6711728e4ee83d672acf9a912","name":"Adina C\u0103p\u00eelnean","image":{"@type":"ImageObject","inLanguage":"en-GB","@id":"https:\/\/secure.gravatar.com\/avatar\/4fe9675d6282fd7c1aa4e486a037d532d5728fc16a30360f293eb6126b2e73ad?s=96&d=monsterid&r=ge2b23868508aec3460d3c6a11d3b599a","url":"https:\/\/secure.gravatar.com\/avatar\/4fe9675d6282fd7c1aa4e486a037d532d5728fc16a30360f293eb6126b2e73ad?s=96&d=monsterid&r=g","contentUrl":"https:\/\/secure.gravatar.com\/avatar\/4fe9675d6282fd7c1aa4e486a037d532d5728fc16a30360f293eb6126b2e73ad?s=96&d=monsterid&r=g","caption":"Adina C\u0103p\u00eelnean"},"url":"https:\/\/buletin.de\/bucuresti\/author\/adinacapilnean\/"}]}},"authors":[{"term_id":22580,"user_id":47,"is_guest":0,"slug":"adinacapilnean","display_name":"Adina C\u0103p\u00eelnean","avatar_url":"https:\/\/secure.gravatar.com\/avatar\/4fe9675d6282fd7c1aa4e486a037d532d5728fc16a30360f293eb6126b2e73ad?s=96&d=monsterid&r=g","0":null,"1":"","2":"","3":"","4":"","5":"","6":"","7":"","8":""}],"_links":{"self":[{"href":"https:\/\/buletin.de\/bucuresti\/wp-json\/wp\/v2\/posts\/71069","targetHints":{"allow":["GET"]}}],"collection":[{"href":"https:\/\/buletin.de\/bucuresti\/wp-json\/wp\/v2\/posts"}],"about":[{"href":"https:\/\/buletin.de\/bucuresti\/wp-json\/wp\/v2\/types\/post"}],"author":[{"embeddable":true,"href":"https:\/\/buletin.de\/bucuresti\/wp-json\/wp\/v2\/users\/47"}],"replies":[{"embeddable":true,"href":"https:\/\/buletin.de\/bucuresti\/wp-json\/wp\/v2\/comments?post=71069"}],"version-history":[{"count":3,"href":"https:\/\/buletin.de\/bucuresti\/wp-json\/wp\/v2\/posts\/71069\/revisions"}],"predecessor-version":[{"id":71084,"href":"https:\/\/buletin.de\/bucuresti\/wp-json\/wp\/v2\/posts\/71069\/revisions\/71084"}],"wp:featuredmedia":[{"embeddable":true,"href":"https:\/\/buletin.de\/bucuresti\/wp-json\/wp\/v2\/media\/70281"}],"wp:attachment":[{"href":"https:\/\/buletin.de\/bucuresti\/wp-json\/wp\/v2\/media?parent=71069"}],"wp:term":[{"taxonomy":"category","embeddable":true,"href":"https:\/\/buletin.de\/bucuresti\/wp-json\/wp\/v2\/categories?post=71069"},{"taxonomy":"post_tag","embeddable":true,"href":"https:\/\/buletin.de\/bucuresti\/wp-json\/wp\/v2\/tags?post=71069"},{"taxonomy":"author","embeddable":true,"href":"https:\/\/buletin.de\/bucuresti\/wp-json\/wp\/v2\/ppma_author?post=71069"}],"curies":[{"name":"wp","href":"https:\/\/api.w.org\/{rel}","templated":true}]}}