{"id":7097,"date":"2020-05-14T20:26:56","date_gmt":"2020-05-14T17:26:56","guid":{"rendered":"https:\/\/buletin.de\/bucuresti\/?p=7097"},"modified":"2020-05-14T20:41:33","modified_gmt":"2020-05-14T17:41:33","slug":"primaria-da-mai-mult-decat-i-se-cere-centrul-bucurestiului-transformat-in-spatiu-pietonal-in-weekend-de-pe-22-mai","status":"publish","type":"post","link":"https:\/\/buletin.de\/bucuresti\/primaria-da-mai-mult-decat-i-se-cere-centrul-bucurestiului-transformat-in-spatiu-pietonal-in-weekend-de-pe-22-mai\/","title":{"rendered":"Prim\u0103ria d\u0103 mai mult dec\u00e2t i se cere. Centrul Bucure\u0219tiului, transformat \u00een spa\u021biu pietonal \u00een weekend de pe 22 mai"},"content":{"rendered":"\n<p><strong>O zon\u0103 larg\u0103 din centrul Bucure\u0219tiului se va transforma \u00een spa\u021biu pietonal pe timp de weekend \u00eencep\u00e2nd cu 22 mai, dup\u0103 ce Prim\u0103ria Muncipiului Bucure\u0219ti a aprobat joi un proiect bazat pe propunerile \u00eenaintate de ARCEN, un ONG dedicat conserv\u0103rii patrimoniului capitalei.<\/strong><\/p>\n\n\n\n<p><a href=\"https:\/\/buletin.de\/bucuresti\/un-proiect-pilot-cere-triplarea-spatiilor-de-recreere-din-zona-gradina-icoanei-parcul-ioanid-in-contextul-pandemiei\/\">Proiectul \u201eStr\u0103zi deschise\u201d <\/a>, dezvoltat de ARCEN, dorea ini\u021bial extinderea Gr\u0103dinii Icoanei \u0219i a Parcului Ioanid prin pietonalizarea str\u0103zilor adiacente la final de s\u0103pt\u0103m\u00e2n\u0103, pe durata m\u0103surilor de distan\u021bare social\u0103. Acesta era un proiect-pilot, care ar fi reprezentat un punct de pornire pentru pietonalizarea unor zone mai largi din centrul Bucure\u0219tiului.<\/p>\n\n\n\n<p>Reprezentan\u021bii ONG-ului au \u00eenaintat proiectul-pilot c\u0103tre Prim\u0103rie mar\u021bi, spun\u00e2nd c\u0103 este \u00eens\u0103 necesar\u0103 crearea mai multor spa\u021bii de recreere pentru pietoni \u00een viitor.<\/p>\n\n\n\n<p>La spa\u021biul propus spre pietonalizare de ARCEN (Zona 1), Prim\u0103ria a ad\u0103ugat alte \u0219ase zone \u00een varianta final\u0103 votat\u0103 joi. \u00cen total, proiectul final \u00eensumeaz\u0103 620.250 mp de spa\u021biu pietonal.<\/p>\n\n\n\n<p><strong>\u0218apte zone pietonale \u00een centrul Bucure\u0219tiului <\/strong><\/p>\n\n\n\n<style>\n\n.full-width {\n  width: 100vw;\n  position: relative;\n  left: 50%;\n  right: 50%;\n  margin-left: -50vw;\n  margin-right: -50vw;\n}\n\n<\/style>\n\n\n\n<p><\/p>\n\n\n\n<div class=\"full-width\">\n<iframe src=\"https:\/\/www.google.com\/maps\/d\/u\/0\/embed?mid=1LjL9iDa5K5QokhIjBq3Pvx8SATiFMrqt\" style=\"width: 100%; height: 60vh; margin: 5vh 0;\"><\/iframe>\n<\/div>\n\n\n\n<p>De pe 22 mai 7 zone vor fi convertite \u00een spa\u021bii pietonale:<\/p>\n\n\n\n<p>\u2022 <strong>Zona 1<\/strong>: strada Polona (de la bd. Dacia) \u2013 strada A.D. Xenopol \u2013 strada Dionise Lupu \u2013 strada C.A. Rosetti \u2013 strada J.L. Calderon (de la strada C.A. Rosetti) \u2013 strada I.L. Caragiale \u2013 strada Icoanei \u2013 strada A. Vlaicu<br>\u2022 <strong>Zona 2<\/strong>: Calea Victoriei (de la bd Regina Elisabeta) \u2013 strada Eforie \u2013 strada Domnita Anastasia \u2013 strada ing. A Saligny \u2013 Splaiul Independentei<br>\u2022 <strong>Zona 3<\/strong>: bd Eroilor \u2013 Eroii Sanitari \u2013 Pia\u021ba Operei \u2013 strada Dr. J. Lister \u2013 strada Dr. Gr. Romniceanu<br>\u2022 <strong>Zona 4<\/strong>: strada E. Quinet (de la strada Academiei) \u2013 strada Biserica Enei<br>\u2022 <strong>Zona 5<\/strong>: bulevardul Dacia \u2013 bulevardul N. Balcescu \u2013 strada G. Enescu \u2013 Calea Victoriei<br>\u2022 <strong>Zona 6<\/strong>: strada G. Enescu \u2013 N. Golescu \u2013 Calea Victoriei \u2013 strada C.A. Rosetti \u2013 bulevardul N. Balcescu<br>\u2022 <strong>Zona 7<\/strong>: bulevardul Unirii (\u00eentre Pia\u021ba Constitu\u021biei \u0219i locala de vest a pie\u021bei Unirii)<\/p>\n\n\n\n<blockquote class=\"wp-block-quote is-layout-flow wp-block-quote-is-layout-flow\"><p>\u201cPentru a \u00eencuraja at\u00e2t mi\u0219carea \u00een aer liber, c\u00e2t \u0219i mijloacele de transport alternativ, am decis s\u0103 instituim, \u00een weekenduri, pe anumite artere din centrul ora\u0219ului, zone pietonale, de promenad\u0103\u201d<\/p><cite>a declarat Primarul Capitalei Gabriela Firea \u00eentr-un comunicat de pres\u0103.<\/cite><\/blockquote>\n\n\n\n<p><strong>Un \u00eenceput<\/strong><\/p>\n\n\n\n<p>Proiectul vine \u00een contextul relax\u0103rii m\u0103surilor de izolare de pe 18 mai, c\u00e2nd Rom\u00e2nia intr\u0103 oficial \u00een<a href=\"https:\/\/buletin.de\/bucuresti\/infografic-legea-starii-de-alerta-a-fost-adoptata-ce-putem-si-ce-nu-putem-face-de-pe-18-mai\/\"> starea de alert\u0103<\/a>. <\/p>\n\n\n\n<blockquote class=\"wp-block-quote is-layout-flow wp-block-quote-is-layout-flow\"><p>\u201eE un pas important \u00een contextul epidemiei, \u00een condi\u021biile \u00een care Bucure\u0219tiul are 3 mp pe cap de locuitor de gr\u0103dini \u0219i parcuri, ceea ce e foarte pu\u021bin \u00een condi\u021biile de distan\u021bare fizic\u0103\u201d<\/p><cite> spune pre\u0219edintele ARCEN Edmond Niculu\u0219c\u0103.<\/cite><\/blockquote>\n\n\n\n<p>\u201eSuntem departe \u00eens\u0103 de alte ora\u0219e din lume \u0219i din Europa, care s-au adaptat mult mai bine \u0219i mult mai mult la ce \u00eenseamn\u0103 contextul COVID-19: re\u021bele pietonale, zeci de km de benzi de biciclet\u0103 \u0219i a\u0219a mai departe\u201d, adaug\u0103 Edmond Niculu\u0219c\u0103. \u201e\u00cens\u0103 e un bun \u00eenceput.\u201d<\/p>\n\n\n\n<p><em>Grafic\u0103: Ion Mate\u0219<br>Editor: Oana Despa<\/em><\/p>\n","protected":false},"excerpt":{"rendered":"<p>O zon\u0103 larg\u0103 din centrul Bucure\u0219tiului se va transforma \u00een spa\u021biu pietonal pe timp de weekend \u00eencep\u00e2nd cu 22 mai, dup\u0103 ce Prim\u0103ria Muncipiului Bucure\u0219ti a aprobat joi un proiect bazat pe propunerile \u00eenaintate de ARCEN, un ONG dedicat conserv\u0103rii patrimoniului capitalei. Proiectul \u201eStr\u0103zi deschise\u201d , dezvoltat de ARCEN, dorea ini\u021bial extinderea Gr\u0103dinii Icoanei \u0219i [&hellip;]<\/p>\n","protected":false},"author":15,"featured_media":7122,"comment_status":"closed","ping_status":"open","sticky":false,"template":"","format":"standard","meta":{"_acf_changed":false,"inline_featured_image":false,"ngg_post_thumbnail":0,"footnotes":""},"categories":[996,109,24],"tags":[1027,1034,1026,35],"ppma_author":[22592],"class_list":["post-7097","post","type-post","status-publish","format-standard","has-post-thumbnail","hentry","category-covid-19","category-mediu","category-primarie","tag-arcen","tag-pietonal","tag-pietoni","tag-primarie"],"acf":[],"yoast_head":"<!-- This site is optimized with the Yoast SEO Premium plugin v25.3 (Yoast SEO v27.5) - https:\/\/yoast.com\/product\/yoast-seo-premium-wordpress\/ -->\n<title>Prim\u0103ria d\u0103 mai mult dec\u00e2t i se cere. Centrul Bucure\u0219tiului, transformat \u00een spa\u021biu pietonal \u00een weekend de pe 22 mai - Buletin de Bucure\u0219ti<\/title>\n<meta name=\"robots\" content=\"index, follow, max-snippet:-1, max-image-preview:large, max-video-preview:-1\" \/>\n<link rel=\"canonical\" href=\"https:\/\/buletin.de\/bucuresti\/primaria-da-mai-mult-decat-i-se-cere-centrul-bucurestiului-transformat-in-spatiu-pietonal-in-weekend-de-pe-22-mai\/\" \/>\n<meta property=\"og:locale\" content=\"en_GB\" \/>\n<meta property=\"og:type\" content=\"article\" \/>\n<meta property=\"og:title\" content=\"Prim\u0103ria d\u0103 mai mult dec\u00e2t i se cere. Centrul Bucure\u0219tiului, transformat \u00een spa\u021biu pietonal \u00een weekend de pe 22 mai\" \/>\n<meta property=\"og:description\" content=\"O zon\u0103 larg\u0103 din centrul Bucure\u0219tiului se va transforma \u00een spa\u021biu pietonal pe timp de weekend \u00eencep\u00e2nd cu 22 mai, dup\u0103 ce Prim\u0103ria Muncipiului Bucure\u0219ti a aprobat joi un proiect bazat pe propunerile \u00eenaintate de ARCEN, un ONG dedicat conserv\u0103rii patrimoniului capitalei. Proiectul \u201eStr\u0103zi deschise\u201d , dezvoltat de ARCEN, dorea ini\u021bial extinderea Gr\u0103dinii Icoanei \u0219i [&hellip;]\" \/>\n<meta property=\"og:url\" content=\"https:\/\/buletin.de\/bucuresti\/primaria-da-mai-mult-decat-i-se-cere-centrul-bucurestiului-transformat-in-spatiu-pietonal-in-weekend-de-pe-22-mai\/\" \/>\n<meta property=\"og:site_name\" content=\"Buletin de Bucure\u0219ti\" \/>\n<meta property=\"article:publisher\" content=\"https:\/\/www.facebook.com\/buletin.de.buc\" \/>\n<meta property=\"article:published_time\" content=\"2020-05-14T17:26:56+00:00\" \/>\n<meta property=\"article:modified_time\" content=\"2020-05-14T17:41:33+00:00\" \/>\n<meta property=\"og:image\" content=\"https:\/\/buletin.de\/bucuresti\/wp-content\/uploads\/Screenshot-2020-05-14-at-20.41.09.png\" \/>\n\t<meta property=\"og:image:width\" content=\"1000\" \/>\n\t<meta property=\"og:image:height\" content=\"762\" \/>\n\t<meta property=\"og:image:type\" content=\"image\/png\" \/>\n<meta name=\"author\" content=\"Irina Anghel\" \/>\n<meta name=\"twitter:card\" content=\"summary_large_image\" \/>\n<meta name=\"twitter:label1\" content=\"Written by\" \/>\n\t<meta name=\"twitter:data1\" content=\"Irina Anghel\" \/>\n\t<meta name=\"twitter:label2\" content=\"Estimated reading time\" \/>\n\t<meta name=\"twitter:data2\" content=\"2 minutes\" \/>\n<script type=\"application\/ld+json\" class=\"yoast-schema-graph\">{\"@context\":\"https:\\\/\\\/schema.org\",\"@graph\":[{\"@type\":\"Article\",\"@id\":\"https:\\\/\\\/buletin.de\\\/bucuresti\\\/primaria-da-mai-mult-decat-i-se-cere-centrul-bucurestiului-transformat-in-spatiu-pietonal-in-weekend-de-pe-22-mai\\\/#article\",\"isPartOf\":{\"@id\":\"https:\\\/\\\/buletin.de\\\/bucuresti\\\/primaria-da-mai-mult-decat-i-se-cere-centrul-bucurestiului-transformat-in-spatiu-pietonal-in-weekend-de-pe-22-mai\\\/\"},\"author\":{\"name\":\"Irina Anghel\",\"@id\":\"https:\\\/\\\/buletin.de\\\/bucuresti\\\/#\\\/schema\\\/person\\\/7a01591ad05c4d2c7261fe7f0383d2af\"},\"headline\":\"Prim\u0103ria d\u0103 mai mult dec\u00e2t i se cere. Centrul Bucure\u0219tiului, transformat \u00een spa\u021biu pietonal \u00een weekend de pe 22 mai\",\"datePublished\":\"2020-05-14T17:26:56+00:00\",\"dateModified\":\"2020-05-14T17:41:33+00:00\",\"mainEntityOfPage\":{\"@id\":\"https:\\\/\\\/buletin.de\\\/bucuresti\\\/primaria-da-mai-mult-decat-i-se-cere-centrul-bucurestiului-transformat-in-spatiu-pietonal-in-weekend-de-pe-22-mai\\\/\"},\"wordCount\":505,\"publisher\":{\"@id\":\"https:\\\/\\\/buletin.de\\\/bucuresti\\\/#organization\"},\"image\":{\"@id\":\"https:\\\/\\\/buletin.de\\\/bucuresti\\\/primaria-da-mai-mult-decat-i-se-cere-centrul-bucurestiului-transformat-in-spatiu-pietonal-in-weekend-de-pe-22-mai\\\/#primaryimage\"},\"thumbnailUrl\":\"https:\\\/\\\/buletin.de\\\/bucuresti\\\/wp-content\\\/uploads\\\/Screenshot-2020-05-14-at-20.41.09.png\",\"keywords\":[\"arcen\",\"pietonal\",\"pietoni\",\"primarie\"],\"articleSection\":[\"Covid-19\",\"Mediu\",\"Prim\u0103rie\"],\"inLanguage\":\"en-GB\",\"copyrightYear\":\"2020\",\"copyrightHolder\":{\"@id\":\"https:\\\/\\\/buletin.de\\\/bucuresti\\\/#organization\"}},{\"@type\":\"WebPage\",\"@id\":\"https:\\\/\\\/buletin.de\\\/bucuresti\\\/primaria-da-mai-mult-decat-i-se-cere-centrul-bucurestiului-transformat-in-spatiu-pietonal-in-weekend-de-pe-22-mai\\\/\",\"url\":\"https:\\\/\\\/buletin.de\\\/bucuresti\\\/primaria-da-mai-mult-decat-i-se-cere-centrul-bucurestiului-transformat-in-spatiu-pietonal-in-weekend-de-pe-22-mai\\\/\",\"name\":\"Prim\u0103ria d\u0103 mai mult dec\u00e2t i se cere. Centrul Bucure\u0219tiului, transformat \u00een spa\u021biu pietonal \u00een weekend de pe 22 mai - Buletin de Bucure\u0219ti\",\"isPartOf\":{\"@id\":\"https:\\\/\\\/buletin.de\\\/bucuresti\\\/#website\"},\"primaryImageOfPage\":{\"@id\":\"https:\\\/\\\/buletin.de\\\/bucuresti\\\/primaria-da-mai-mult-decat-i-se-cere-centrul-bucurestiului-transformat-in-spatiu-pietonal-in-weekend-de-pe-22-mai\\\/#primaryimage\"},\"image\":{\"@id\":\"https:\\\/\\\/buletin.de\\\/bucuresti\\\/primaria-da-mai-mult-decat-i-se-cere-centrul-bucurestiului-transformat-in-spatiu-pietonal-in-weekend-de-pe-22-mai\\\/#primaryimage\"},\"thumbnailUrl\":\"https:\\\/\\\/buletin.de\\\/bucuresti\\\/wp-content\\\/uploads\\\/Screenshot-2020-05-14-at-20.41.09.png\",\"datePublished\":\"2020-05-14T17:26:56+00:00\",\"dateModified\":\"2020-05-14T17:41:33+00:00\",\"breadcrumb\":{\"@id\":\"https:\\\/\\\/buletin.de\\\/bucuresti\\\/primaria-da-mai-mult-decat-i-se-cere-centrul-bucurestiului-transformat-in-spatiu-pietonal-in-weekend-de-pe-22-mai\\\/#breadcrumb\"},\"inLanguage\":\"en-GB\",\"potentialAction\":[{\"@type\":\"ReadAction\",\"target\":[\"https:\\\/\\\/buletin.de\\\/bucuresti\\\/primaria-da-mai-mult-decat-i-se-cere-centrul-bucurestiului-transformat-in-spatiu-pietonal-in-weekend-de-pe-22-mai\\\/\"]}]},{\"@type\":\"ImageObject\",\"inLanguage\":\"en-GB\",\"@id\":\"https:\\\/\\\/buletin.de\\\/bucuresti\\\/primaria-da-mai-mult-decat-i-se-cere-centrul-bucurestiului-transformat-in-spatiu-pietonal-in-weekend-de-pe-22-mai\\\/#primaryimage\",\"url\":\"https:\\\/\\\/buletin.de\\\/bucuresti\\\/wp-content\\\/uploads\\\/Screenshot-2020-05-14-at-20.41.09.png\",\"contentUrl\":\"https:\\\/\\\/buletin.de\\\/bucuresti\\\/wp-content\\\/uploads\\\/Screenshot-2020-05-14-at-20.41.09.png\",\"width\":1000,\"height\":762},{\"@type\":\"BreadcrumbList\",\"@id\":\"https:\\\/\\\/buletin.de\\\/bucuresti\\\/primaria-da-mai-mult-decat-i-se-cere-centrul-bucurestiului-transformat-in-spatiu-pietonal-in-weekend-de-pe-22-mai\\\/#breadcrumb\",\"itemListElement\":[{\"@type\":\"ListItem\",\"position\":1,\"name\":\"Acas\u0103\",\"item\":\"https:\\\/\\\/buletin.de\\\/bucuresti\\\/\"},{\"@type\":\"ListItem\",\"position\":2,\"name\":\"Prim\u0103ria d\u0103 mai mult dec\u00e2t i se cere. Centrul Bucure\u0219tiului, transformat \u00een spa\u021biu pietonal \u00een weekend de pe 22 mai\"}]},{\"@type\":\"WebSite\",\"@id\":\"https:\\\/\\\/buletin.de\\\/bucuresti\\\/#website\",\"url\":\"https:\\\/\\\/buletin.de\\\/bucuresti\\\/\",\"name\":\"Buletin de Bucure\u0219ti\",\"description\":\"\u0218tiri \u0219i investiga\u021bii esen\u021biale din capital\u0103\",\"publisher\":{\"@id\":\"https:\\\/\\\/buletin.de\\\/bucuresti\\\/#organization\"},\"potentialAction\":[{\"@type\":\"SearchAction\",\"target\":{\"@type\":\"EntryPoint\",\"urlTemplate\":\"https:\\\/\\\/buletin.de\\\/bucuresti\\\/?s={search_term_string}\"},\"query-input\":{\"@type\":\"PropertyValueSpecification\",\"valueRequired\":true,\"valueName\":\"search_term_string\"}}],\"inLanguage\":\"en-GB\"},{\"@type\":\"Organization\",\"@id\":\"https:\\\/\\\/buletin.de\\\/bucuresti\\\/#organization\",\"name\":\"Buletin de Bucure\u0219ti\",\"url\":\"https:\\\/\\\/buletin.de\\\/bucuresti\\\/\",\"logo\":{\"@type\":\"ImageObject\",\"inLanguage\":\"en-GB\",\"@id\":\"https:\\\/\\\/buletin.de\\\/bucuresti\\\/#\\\/schema\\\/logo\\\/image\\\/\",\"url\":\"https:\\\/\\\/buletin.de\\\/bucuresti\\\/wp-content\\\/uploads\\\/logo-bdb-full-wide-vernil-transparent.png\",\"contentUrl\":\"https:\\\/\\\/buletin.de\\\/bucuresti\\\/wp-content\\\/uploads\\\/logo-bdb-full-wide-vernil-transparent.png\",\"width\":1782,\"height\":626,\"caption\":\"Buletin de Bucure\u0219ti\"},\"image\":{\"@id\":\"https:\\\/\\\/buletin.de\\\/bucuresti\\\/#\\\/schema\\\/logo\\\/image\\\/\"},\"sameAs\":[\"https:\\\/\\\/www.facebook.com\\\/buletin.de.buc\",\"https:\\\/\\\/www.instagram.com\\\/buletinde.bucuresti\\\/\"]},{\"@type\":\"Person\",\"@id\":\"https:\\\/\\\/buletin.de\\\/bucuresti\\\/#\\\/schema\\\/person\\\/7a01591ad05c4d2c7261fe7f0383d2af\",\"name\":\"Irina Anghel\",\"image\":{\"@type\":\"ImageObject\",\"inLanguage\":\"en-GB\",\"@id\":\"https:\\\/\\\/secure.gravatar.com\\\/avatar\\\/e7d429cbd0c7fe915f817961c0ffb96b407bc87e15aa35cee85f77146f8cce7e?s=96&d=monsterid&r=g693374df2a66e3f4935d210ea15b95ff\",\"url\":\"https:\\\/\\\/secure.gravatar.com\\\/avatar\\\/e7d429cbd0c7fe915f817961c0ffb96b407bc87e15aa35cee85f77146f8cce7e?s=96&d=monsterid&r=g\",\"contentUrl\":\"https:\\\/\\\/secure.gravatar.com\\\/avatar\\\/e7d429cbd0c7fe915f817961c0ffb96b407bc87e15aa35cee85f77146f8cce7e?s=96&d=monsterid&r=g\",\"caption\":\"Irina Anghel\"},\"url\":\"https:\\\/\\\/buletin.de\\\/bucuresti\\\/author\\\/irina\\\/\"}]}<\/script>\n<!-- \/ Yoast SEO Premium plugin. -->","yoast_head_json":{"title":"Prim\u0103ria d\u0103 mai mult dec\u00e2t i se cere. Centrul Bucure\u0219tiului, transformat \u00een spa\u021biu pietonal \u00een weekend de pe 22 mai - Buletin de Bucure\u0219ti","robots":{"index":"index","follow":"follow","max-snippet":"max-snippet:-1","max-image-preview":"max-image-preview:large","max-video-preview":"max-video-preview:-1"},"canonical":"https:\/\/buletin.de\/bucuresti\/primaria-da-mai-mult-decat-i-se-cere-centrul-bucurestiului-transformat-in-spatiu-pietonal-in-weekend-de-pe-22-mai\/","og_locale":"en_GB","og_type":"article","og_title":"Prim\u0103ria d\u0103 mai mult dec\u00e2t i se cere. Centrul Bucure\u0219tiului, transformat \u00een spa\u021biu pietonal \u00een weekend de pe 22 mai","og_description":"O zon\u0103 larg\u0103 din centrul Bucure\u0219tiului se va transforma \u00een spa\u021biu pietonal pe timp de weekend \u00eencep\u00e2nd cu 22 mai, dup\u0103 ce Prim\u0103ria Muncipiului Bucure\u0219ti a aprobat joi un proiect bazat pe propunerile \u00eenaintate de ARCEN, un ONG dedicat conserv\u0103rii patrimoniului capitalei. Proiectul \u201eStr\u0103zi deschise\u201d , dezvoltat de ARCEN, dorea ini\u021bial extinderea Gr\u0103dinii Icoanei \u0219i [&hellip;]","og_url":"https:\/\/buletin.de\/bucuresti\/primaria-da-mai-mult-decat-i-se-cere-centrul-bucurestiului-transformat-in-spatiu-pietonal-in-weekend-de-pe-22-mai\/","og_site_name":"Buletin de Bucure\u0219ti","article_publisher":"https:\/\/www.facebook.com\/buletin.de.buc","article_published_time":"2020-05-14T17:26:56+00:00","article_modified_time":"2020-05-14T17:41:33+00:00","og_image":[{"width":1000,"height":762,"url":"https:\/\/buletin.de\/bucuresti\/wp-content\/uploads\/Screenshot-2020-05-14-at-20.41.09.png","type":"image\/png"}],"author":"Irina Anghel","twitter_card":"summary_large_image","twitter_misc":{"Written by":"Irina Anghel","Estimated reading time":"2 minutes"},"schema":{"@context":"https:\/\/schema.org","@graph":[{"@type":"Article","@id":"https:\/\/buletin.de\/bucuresti\/primaria-da-mai-mult-decat-i-se-cere-centrul-bucurestiului-transformat-in-spatiu-pietonal-in-weekend-de-pe-22-mai\/#article","isPartOf":{"@id":"https:\/\/buletin.de\/bucuresti\/primaria-da-mai-mult-decat-i-se-cere-centrul-bucurestiului-transformat-in-spatiu-pietonal-in-weekend-de-pe-22-mai\/"},"author":{"name":"Irina Anghel","@id":"https:\/\/buletin.de\/bucuresti\/#\/schema\/person\/7a01591ad05c4d2c7261fe7f0383d2af"},"headline":"Prim\u0103ria d\u0103 mai mult dec\u00e2t i se cere. Centrul Bucure\u0219tiului, transformat \u00een spa\u021biu pietonal \u00een weekend de pe 22 mai","datePublished":"2020-05-14T17:26:56+00:00","dateModified":"2020-05-14T17:41:33+00:00","mainEntityOfPage":{"@id":"https:\/\/buletin.de\/bucuresti\/primaria-da-mai-mult-decat-i-se-cere-centrul-bucurestiului-transformat-in-spatiu-pietonal-in-weekend-de-pe-22-mai\/"},"wordCount":505,"publisher":{"@id":"https:\/\/buletin.de\/bucuresti\/#organization"},"image":{"@id":"https:\/\/buletin.de\/bucuresti\/primaria-da-mai-mult-decat-i-se-cere-centrul-bucurestiului-transformat-in-spatiu-pietonal-in-weekend-de-pe-22-mai\/#primaryimage"},"thumbnailUrl":"https:\/\/buletin.de\/bucuresti\/wp-content\/uploads\/Screenshot-2020-05-14-at-20.41.09.png","keywords":["arcen","pietonal","pietoni","primarie"],"articleSection":["Covid-19","Mediu","Prim\u0103rie"],"inLanguage":"en-GB","copyrightYear":"2020","copyrightHolder":{"@id":"https:\/\/buletin.de\/bucuresti\/#organization"}},{"@type":"WebPage","@id":"https:\/\/buletin.de\/bucuresti\/primaria-da-mai-mult-decat-i-se-cere-centrul-bucurestiului-transformat-in-spatiu-pietonal-in-weekend-de-pe-22-mai\/","url":"https:\/\/buletin.de\/bucuresti\/primaria-da-mai-mult-decat-i-se-cere-centrul-bucurestiului-transformat-in-spatiu-pietonal-in-weekend-de-pe-22-mai\/","name":"Prim\u0103ria d\u0103 mai mult dec\u00e2t i se cere. Centrul Bucure\u0219tiului, transformat \u00een spa\u021biu pietonal \u00een weekend de pe 22 mai - Buletin de Bucure\u0219ti","isPartOf":{"@id":"https:\/\/buletin.de\/bucuresti\/#website"},"primaryImageOfPage":{"@id":"https:\/\/buletin.de\/bucuresti\/primaria-da-mai-mult-decat-i-se-cere-centrul-bucurestiului-transformat-in-spatiu-pietonal-in-weekend-de-pe-22-mai\/#primaryimage"},"image":{"@id":"https:\/\/buletin.de\/bucuresti\/primaria-da-mai-mult-decat-i-se-cere-centrul-bucurestiului-transformat-in-spatiu-pietonal-in-weekend-de-pe-22-mai\/#primaryimage"},"thumbnailUrl":"https:\/\/buletin.de\/bucuresti\/wp-content\/uploads\/Screenshot-2020-05-14-at-20.41.09.png","datePublished":"2020-05-14T17:26:56+00:00","dateModified":"2020-05-14T17:41:33+00:00","breadcrumb":{"@id":"https:\/\/buletin.de\/bucuresti\/primaria-da-mai-mult-decat-i-se-cere-centrul-bucurestiului-transformat-in-spatiu-pietonal-in-weekend-de-pe-22-mai\/#breadcrumb"},"inLanguage":"en-GB","potentialAction":[{"@type":"ReadAction","target":["https:\/\/buletin.de\/bucuresti\/primaria-da-mai-mult-decat-i-se-cere-centrul-bucurestiului-transformat-in-spatiu-pietonal-in-weekend-de-pe-22-mai\/"]}]},{"@type":"ImageObject","inLanguage":"en-GB","@id":"https:\/\/buletin.de\/bucuresti\/primaria-da-mai-mult-decat-i-se-cere-centrul-bucurestiului-transformat-in-spatiu-pietonal-in-weekend-de-pe-22-mai\/#primaryimage","url":"https:\/\/buletin.de\/bucuresti\/wp-content\/uploads\/Screenshot-2020-05-14-at-20.41.09.png","contentUrl":"https:\/\/buletin.de\/bucuresti\/wp-content\/uploads\/Screenshot-2020-05-14-at-20.41.09.png","width":1000,"height":762},{"@type":"BreadcrumbList","@id":"https:\/\/buletin.de\/bucuresti\/primaria-da-mai-mult-decat-i-se-cere-centrul-bucurestiului-transformat-in-spatiu-pietonal-in-weekend-de-pe-22-mai\/#breadcrumb","itemListElement":[{"@type":"ListItem","position":1,"name":"Acas\u0103","item":"https:\/\/buletin.de\/bucuresti\/"},{"@type":"ListItem","position":2,"name":"Prim\u0103ria d\u0103 mai mult dec\u00e2t i se cere. Centrul Bucure\u0219tiului, transformat \u00een spa\u021biu pietonal \u00een weekend de pe 22 mai"}]},{"@type":"WebSite","@id":"https:\/\/buletin.de\/bucuresti\/#website","url":"https:\/\/buletin.de\/bucuresti\/","name":"Buletin de Bucure\u0219ti","description":"\u0218tiri \u0219i investiga\u021bii esen\u021biale din capital\u0103","publisher":{"@id":"https:\/\/buletin.de\/bucuresti\/#organization"},"potentialAction":[{"@type":"SearchAction","target":{"@type":"EntryPoint","urlTemplate":"https:\/\/buletin.de\/bucuresti\/?s={search_term_string}"},"query-input":{"@type":"PropertyValueSpecification","valueRequired":true,"valueName":"search_term_string"}}],"inLanguage":"en-GB"},{"@type":"Organization","@id":"https:\/\/buletin.de\/bucuresti\/#organization","name":"Buletin de Bucure\u0219ti","url":"https:\/\/buletin.de\/bucuresti\/","logo":{"@type":"ImageObject","inLanguage":"en-GB","@id":"https:\/\/buletin.de\/bucuresti\/#\/schema\/logo\/image\/","url":"https:\/\/buletin.de\/bucuresti\/wp-content\/uploads\/logo-bdb-full-wide-vernil-transparent.png","contentUrl":"https:\/\/buletin.de\/bucuresti\/wp-content\/uploads\/logo-bdb-full-wide-vernil-transparent.png","width":1782,"height":626,"caption":"Buletin de Bucure\u0219ti"},"image":{"@id":"https:\/\/buletin.de\/bucuresti\/#\/schema\/logo\/image\/"},"sameAs":["https:\/\/www.facebook.com\/buletin.de.buc","https:\/\/www.instagram.com\/buletinde.bucuresti\/"]},{"@type":"Person","@id":"https:\/\/buletin.de\/bucuresti\/#\/schema\/person\/7a01591ad05c4d2c7261fe7f0383d2af","name":"Irina Anghel","image":{"@type":"ImageObject","inLanguage":"en-GB","@id":"https:\/\/secure.gravatar.com\/avatar\/e7d429cbd0c7fe915f817961c0ffb96b407bc87e15aa35cee85f77146f8cce7e?s=96&d=monsterid&r=g693374df2a66e3f4935d210ea15b95ff","url":"https:\/\/secure.gravatar.com\/avatar\/e7d429cbd0c7fe915f817961c0ffb96b407bc87e15aa35cee85f77146f8cce7e?s=96&d=monsterid&r=g","contentUrl":"https:\/\/secure.gravatar.com\/avatar\/e7d429cbd0c7fe915f817961c0ffb96b407bc87e15aa35cee85f77146f8cce7e?s=96&d=monsterid&r=g","caption":"Irina Anghel"},"url":"https:\/\/buletin.de\/bucuresti\/author\/irina\/"}]}},"authors":[{"term_id":22592,"user_id":15,"is_guest":0,"slug":"irina","display_name":"Irina Anghel","avatar_url":"https:\/\/secure.gravatar.com\/avatar\/e7d429cbd0c7fe915f817961c0ffb96b407bc87e15aa35cee85f77146f8cce7e?s=96&d=monsterid&r=g","0":null,"1":"","2":"","3":"","4":"","5":"","6":"","7":"","8":""}],"_links":{"self":[{"href":"https:\/\/buletin.de\/bucuresti\/wp-json\/wp\/v2\/posts\/7097","targetHints":{"allow":["GET"]}}],"collection":[{"href":"https:\/\/buletin.de\/bucuresti\/wp-json\/wp\/v2\/posts"}],"about":[{"href":"https:\/\/buletin.de\/bucuresti\/wp-json\/wp\/v2\/types\/post"}],"author":[{"embeddable":true,"href":"https:\/\/buletin.de\/bucuresti\/wp-json\/wp\/v2\/users\/15"}],"replies":[{"embeddable":true,"href":"https:\/\/buletin.de\/bucuresti\/wp-json\/wp\/v2\/comments?post=7097"}],"version-history":[{"count":15,"href":"https:\/\/buletin.de\/bucuresti\/wp-json\/wp\/v2\/posts\/7097\/revisions"}],"predecessor-version":[{"id":7121,"href":"https:\/\/buletin.de\/bucuresti\/wp-json\/wp\/v2\/posts\/7097\/revisions\/7121"}],"wp:featuredmedia":[{"embeddable":true,"href":"https:\/\/buletin.de\/bucuresti\/wp-json\/wp\/v2\/media\/7122"}],"wp:attachment":[{"href":"https:\/\/buletin.de\/bucuresti\/wp-json\/wp\/v2\/media?parent=7097"}],"wp:term":[{"taxonomy":"category","embeddable":true,"href":"https:\/\/buletin.de\/bucuresti\/wp-json\/wp\/v2\/categories?post=7097"},{"taxonomy":"post_tag","embeddable":true,"href":"https:\/\/buletin.de\/bucuresti\/wp-json\/wp\/v2\/tags?post=7097"},{"taxonomy":"author","embeddable":true,"href":"https:\/\/buletin.de\/bucuresti\/wp-json\/wp\/v2\/ppma_author?post=7097"}],"curies":[{"name":"wp","href":"https:\/\/api.w.org\/{rel}","templated":true}]}}