{"id":7089,"date":"2020-05-14T11:46:07","date_gmt":"2020-05-14T08:46:07","guid":{"rendered":"https:\/\/buletin.de\/bucuresti\/?p=7089"},"modified":"2020-05-14T12:54:27","modified_gmt":"2020-05-14T09:54:27","slug":"live-text-coronavirus-bucuresti-14-mai-2020-ziua-79","status":"publish","type":"post","link":"https:\/\/buletin.de\/bucuresti\/live-text-coronavirus-bucuresti-14-mai-2020-ziua-79\/","title":{"rendered":"LIVE TEXT. Coronavirus &#8211; Bucure\u0219ti, 14 mai 2020, ziua 79"},"content":{"rendered":"\n<p> <em>Num\u0103rul de pacien\u021bi confirma\u021bi cu Covid-19 pe teritoriul Rom\u00e2niei a trecut de 16.000 \u0219i cre\u0219te de la o zi la alta, \u00eentr-un ritm din ce \u00een ce mai accelerat. Totodat\u0103 am dep\u0103\u0219it 1.000 de decese. Rom\u00e2nia se afl\u0103 acum \u00een <a href=\"https:\/\/buletin.de\/bucuresti\/s-a-declarat-stare-de-urgenta-ce-inseamna\/\">stare de urgen\u021b\u0103<\/a>. Dup\u0103 2000 de cazuri, autorit\u0103\u021bile au declarat trecerea la scenariul 4 al pandemiei, ultimul.<br><br>Vezi mai jos cele mai recente informa\u021bii oficiale de ast\u0103zi. Toate nout\u0103\u021bile din zilele trecute le g\u0103se\u0219ti <a href=\"https:\/\/buletin.de\/bucuresti\/cv\/\">aici.<\/a><\/em>          <\/p>\n\n\n\n<h3 class=\"has-vivid-cyan-blue-color has-text-color has-text-align-center wp-block-heading\"><strong>Iat\u0103 cifrele din spatele epidemiei de Coronavirus \u0219i actualiz\u0103ri zilnice \u2b07\ufe0f<\/strong>            <\/h3>\n\n\n\n<style>\n\n.full-width {\n  width: 100vw;\n  position: relative;\n  left: 50%;\n  right: 50%;\n  margin-left: -50vw;\n  margin-right: -50vw;\n}\n\n<\/style>\n\n\n\n<p><\/p>\n\n\n\n<div class=\"full-width\">\n<div class=\"infogram-embed\" data-id=\"27f09ce8-c508-413b-ac49-b60b01815be0\" data-type=\"interactive\" data-title=\"Livetext coronavirus\"><\/div><script>!function(e,i,n,s){var t=\"InfogramEmbeds\",d=e.getElementsByTagName(\"script\")[0];if(window[t]&&window[t].initialized)window[t].process&&window[t].process();else if(!e.getElementById(n)){var o=e.createElement(\"script\");o.async=1,o.id=n,o.src=\"https:\/\/e.infogram.com\/js\/dist\/embed-loader-min.js\",d.parentNode.insertBefore(o,d)}}(document,0,\"infogram-async\");<\/script>\n<\/div>\n<style>\nh2 {\nmargin-top: 150px;\nfont-size: 3em;\ntext-align: center;\n}\n<\/style>\n\n\n\n<h3 class=\"wp-block-heading\">Ora 13:00<\/h3>\n\n\n\n<p>\n\nAlte 245 de noi cazuri de \u00eemboln\u0103vire. Au fost confirmate 16.247 de cazuri de persoane infectate cu noul coronavirus. Dintre persoanele confirmate pozitiv, 9.053 au fost declarate vindecate \u0219i externate. Num\u0103rul de persoane vindecate se datoreaz\u0103 ultimelor actualiz\u0103ri \u00eenregistrate la nivelul jude\u021bului Suceava. \u00cen Bucure\u0219ti sunt 1547 de cazuri.<br>Totodat\u0103, p\u00e2n\u0103 acum, 1046 persoane diagnosticate cu infec\u021bie cu COVID-19 au decedat. La ATI, \u00een acest moment, sunt interna\u021bi 225 de pacien\u021bi. <\/p>\n\n\n\n<p>Poli\u021bi\u0219tii \u0219i jandarmii au depistat, \u00een ultimele de 24 de ore, 112 de persoane care nu au respectat m\u0103sura privind restric\u0163ionarea circula\u0163iei. Acestor persoane le-au fost aplicate sanc\u0163iuni contraven\u0163ionale, \u00een valoare de 46.000 de lei. \n\n<\/p>\n\n\n\n<h3 class=\"wp-block-heading\">Ora 12:15<\/h3>\n\n\n\n<p>Deces 1037<\/p>\n\n\n\n<p>Femeie, 72  ani, jude\u021b Neam\u021b. <\/p>\n\n\n\n<p>Dat\u0103 confirmare: 22.04.2020. <br>\nDat\u0103 deces: 13.05.2020. <br>\nComorbidit\u0103\u021bi: Insuficien\u021b\u0103 respiratorie acut\u0103, HTA, hepatit\u0103 cronic\u0103, cardiopatie ischemic\u0103, obezitate. <\/p>\n\n\n\n<p>Deces 1038<\/p>\n\n\n\n<p>Femeie, 56  ani, municipiul Bucure\u0219ti. <\/p>\n\n\n\n<p>Dat\u0103 confirmare:12.05.2020. <br>\nDat\u0103 deces: 13.05.2020. <br>\nComorbidit\u0103\u021bi:  cardiopatie ischemica cronic\u0103, HTA, bron\u0219it\u0103 cronica, insuficien\u021b\u0103 renal\u0103 cronic\u0103, etilism cronic.<\/p>\n\n\n\n<p>Deces 1039<\/p>\n\n\n\n<p>B\u0103rbat, 80  ani, jude\u021b Bac\u0103u.<\/p>\n\n\n\n<p>Data confirmare:29.04.2020. <br>\nData deces: 13.05.2020.<br>\nComorbidit\u0103\u021bi:  DZ tip I, insuficienta hepato-renala, dementa mixta.<\/p>\n\n\n\n<p>Deces 1040<\/p>\n\n\n\n<p>B\u0103rbat, 87  ani, jude\u021b Vaslui. <\/p>\n\n\n\n<p>Data confirmare:05.05.2020. <br>\nData deces: 13.05.2020.<br>\nComorbiditati:  tulburare afectiva organica de aspect bipolar, dementa senile, insuficien\u021ba venoasa cronica, reumatism cronic degenerativ.<br>\nLink: focar c\u0103min persoane v\u00e2rstnica Tutova.<\/p>\n\n\n\n<p>Deces 1041<\/p>\n\n\n\n<p>B\u0103rbat, 84  ani, jude\u021b Vaslui. <\/p>\n\n\n\n<p>Data confirmare:05.05.2020. <br>\nData deces: 14.05.2020. <br>\nComorbidit\u0103\u021bi:  HTA stadiul II, DZ stadiul II, dementa mixta, tulburare deliranta-organica, meningioma la nivelul coasei creierului.<br>\nLink: focar c\u0103min persoane v\u00e2rstnic\u0103 Tutova.<\/p>\n\n\n\n<p>Deces 1042<\/p>\n\n\n\n<p>B\u0103rbat, 39  ani, jude\u021b S\u0103laj. <\/p>\n\n\n\n<p>Data confirmare:04.05.2020. <br>\nData deces: 14.05.2020. <br>\nComorbidit\u0103\u021bi:  f\u0103r\u0103.<br>\nLink: contact caz confirmat.<\/p>\n\n\n\n<p>Deces 1043<\/p>\n\n\n\n<p>Femeie, 77 ani, jude\u021b Gorj. <\/p>\n\n\n\n<p>Data confirmare:06.05.2020. <br>\nData deces: 13.05.2020. <br>\nComorbidit\u0103\u021bi:  DZ tip II, HTA, insuficienta cardiaca, fibrila\u021bie atrial\u0103.<\/p>\n\n\n\n<p>Deces 1044<\/p>\n\n\n\n<p>B\u0103rbat, 63 ani, jude\u021b Gorj. <\/p>\n\n\n\n<p>Data confirmare:13.05.2020. <br>\nData deces: 11.05.2020. <br>\nComorbidit\u0103\u021bi:  DZ tip I, HTA, infarct miocardic, boala renala cronica.<\/p>\n\n\n\n<p>Deces 1045<\/p>\n\n\n\n<p>B\u0103rbat, 70 ani, jude\u021b Suceava. <\/p>\n\n\n\n<p>Data confirmare:04.04.2020.<br>\nData deces: 13.05.2020. <br>\nComorbidit\u0103\u021bi: tumori maligne, bronho-pneumonie, casexie.<\/p>\n\n\n\n<p>Deces 1046<\/p>\n\n\n\n<p>B\u0103rbat, 59 ani, jude\u021b Bra\u0219ov.<\/p>\n\n\n\n<p>Data confirmare:09.04.2020, cu probe pozitive \u00een 09.05.2020 \u0219i 13.05.2020.<br>\nData deces: 13.05.2020. <br>\nComorbidit\u0103\u021bi: tumora maligna colon cu metastaze \u00een ficat, anus iliac st\u00e2ng, anemie posthemoragica, infec\u021bie clostridium difficile.<\/p>\n","protected":false},"excerpt":{"rendered":"<p>Num\u0103rul de pacien\u021bi confirma\u021bi cu Covid-19 pe teritoriul Rom\u00e2niei a trecut de 16.000 \u0219i cre\u0219te de la o zi la alta, \u00eentr-un ritm din ce \u00een ce mai accelerat. Totodat\u0103 am dep\u0103\u0219it 1.000 de decese. Rom\u00e2nia se afl\u0103 acum \u00een stare de urgen\u021b\u0103. Dup\u0103 2000 de cazuri, autorit\u0103\u021bile au declarat trecerea la scenariul 4 al [&hellip;]<\/p>\n","protected":false},"author":6,"featured_media":6947,"comment_status":"closed","ping_status":"open","sticky":false,"template":"","format":"standard","meta":{"_acf_changed":false,"inline_featured_image":false,"ngg_post_thumbnail":0,"footnotes":""},"categories":[996,4,62],"tags":[529,657,677],"ppma_author":[22588],"class_list":["post-7089","post","type-post","status-publish","format-standard","has-post-thumbnail","hentry","category-covid-19","category-sanatate","category-stiri","tag-coronavirus","tag-coronavirus-bucuresti","tag-livetext"],"acf":[],"yoast_head":"<!-- This site is optimized with the Yoast SEO Premium plugin v25.3 (Yoast SEO v27.4) - https:\/\/yoast.com\/product\/yoast-seo-premium-wordpress\/ -->\n<title>LIVE TEXT. Coronavirus - Bucure\u0219ti, 14 mai 2020, ziua 79 - Buletin de Bucure\u0219ti<\/title>\n<meta name=\"robots\" content=\"index, follow, max-snippet:-1, max-image-preview:large, max-video-preview:-1\" \/>\n<link rel=\"canonical\" href=\"https:\/\/buletin.de\/bucuresti\/live-text-coronavirus-bucuresti-14-mai-2020-ziua-79\/\" \/>\n<meta property=\"og:locale\" content=\"en_GB\" \/>\n<meta property=\"og:type\" content=\"article\" \/>\n<meta property=\"og:title\" content=\"LIVE TEXT. Coronavirus - Bucure\u0219ti, 14 mai 2020, ziua 79\" \/>\n<meta property=\"og:description\" content=\"Num\u0103rul de pacien\u021bi confirma\u021bi cu Covid-19 pe teritoriul Rom\u00e2niei a trecut de 16.000 \u0219i cre\u0219te de la o zi la alta, \u00eentr-un ritm din ce \u00een ce mai accelerat. Totodat\u0103 am dep\u0103\u0219it 1.000 de decese. Rom\u00e2nia se afl\u0103 acum \u00een stare de urgen\u021b\u0103. Dup\u0103 2000 de cazuri, autorit\u0103\u021bile au declarat trecerea la scenariul 4 al [&hellip;]\" \/>\n<meta property=\"og:url\" content=\"https:\/\/buletin.de\/bucuresti\/live-text-coronavirus-bucuresti-14-mai-2020-ziua-79\/\" \/>\n<meta property=\"og:site_name\" content=\"Buletin de Bucure\u0219ti\" \/>\n<meta property=\"article:publisher\" content=\"https:\/\/www.facebook.com\/buletin.de.buc\" \/>\n<meta property=\"article:published_time\" content=\"2020-05-14T08:46:07+00:00\" \/>\n<meta property=\"article:modified_time\" content=\"2020-05-14T09:54:27+00:00\" \/>\n<meta property=\"og:image\" content=\"https:\/\/buletin.de\/bucuresti\/wp-content\/uploads\/Screenshot_666.png\" \/>\n\t<meta property=\"og:image:width\" content=\"1919\" \/>\n\t<meta property=\"og:image:height\" content=\"987\" \/>\n\t<meta property=\"og:image:type\" content=\"image\/png\" \/>\n<meta name=\"author\" content=\"Bianca Albu\" \/>\n<meta name=\"twitter:card\" content=\"summary_large_image\" \/>\n<meta name=\"twitter:label1\" content=\"Written by\" \/>\n\t<meta name=\"twitter:data1\" content=\"Bianca Albu\" \/>\n\t<meta name=\"twitter:label2\" content=\"Estimated reading time\" \/>\n\t<meta name=\"twitter:data2\" content=\"2 minutes\" \/>\n<script type=\"application\/ld+json\" class=\"yoast-schema-graph\">{\"@context\":\"https:\\\/\\\/schema.org\",\"@graph\":[{\"@type\":\"Article\",\"@id\":\"https:\\\/\\\/buletin.de\\\/bucuresti\\\/live-text-coronavirus-bucuresti-14-mai-2020-ziua-79\\\/#article\",\"isPartOf\":{\"@id\":\"https:\\\/\\\/buletin.de\\\/bucuresti\\\/live-text-coronavirus-bucuresti-14-mai-2020-ziua-79\\\/\"},\"author\":{\"name\":\"Bianca Albu\",\"@id\":\"https:\\\/\\\/buletin.de\\\/bucuresti\\\/#\\\/schema\\\/person\\\/295dc2228d2dc79294d636619468dc7f\"},\"headline\":\"LIVE TEXT. Coronavirus &#8211; Bucure\u0219ti, 14 mai 2020, ziua 79\",\"datePublished\":\"2020-05-14T08:46:07+00:00\",\"dateModified\":\"2020-05-14T09:54:27+00:00\",\"mainEntityOfPage\":{\"@id\":\"https:\\\/\\\/buletin.de\\\/bucuresti\\\/live-text-coronavirus-bucuresti-14-mai-2020-ziua-79\\\/\"},\"wordCount\":462,\"publisher\":{\"@id\":\"https:\\\/\\\/buletin.de\\\/bucuresti\\\/#organization\"},\"image\":{\"@id\":\"https:\\\/\\\/buletin.de\\\/bucuresti\\\/live-text-coronavirus-bucuresti-14-mai-2020-ziua-79\\\/#primaryimage\"},\"thumbnailUrl\":\"https:\\\/\\\/buletin.de\\\/bucuresti\\\/wp-content\\\/uploads\\\/Screenshot_666.png\",\"keywords\":[\"coronavirus\",\"coronavirus bucuresti\",\"livetext\"],\"articleSection\":[\"Covid-19\",\"S\u0103n\u0103tate\",\"\u0218tiri\"],\"inLanguage\":\"en-GB\",\"copyrightYear\":\"2020\",\"copyrightHolder\":{\"@id\":\"https:\\\/\\\/buletin.de\\\/bucuresti\\\/#organization\"}},{\"@type\":\"WebPage\",\"@id\":\"https:\\\/\\\/buletin.de\\\/bucuresti\\\/live-text-coronavirus-bucuresti-14-mai-2020-ziua-79\\\/\",\"url\":\"https:\\\/\\\/buletin.de\\\/bucuresti\\\/live-text-coronavirus-bucuresti-14-mai-2020-ziua-79\\\/\",\"name\":\"LIVE TEXT. Coronavirus - Bucure\u0219ti, 14 mai 2020, ziua 79 - Buletin de Bucure\u0219ti\",\"isPartOf\":{\"@id\":\"https:\\\/\\\/buletin.de\\\/bucuresti\\\/#website\"},\"primaryImageOfPage\":{\"@id\":\"https:\\\/\\\/buletin.de\\\/bucuresti\\\/live-text-coronavirus-bucuresti-14-mai-2020-ziua-79\\\/#primaryimage\"},\"image\":{\"@id\":\"https:\\\/\\\/buletin.de\\\/bucuresti\\\/live-text-coronavirus-bucuresti-14-mai-2020-ziua-79\\\/#primaryimage\"},\"thumbnailUrl\":\"https:\\\/\\\/buletin.de\\\/bucuresti\\\/wp-content\\\/uploads\\\/Screenshot_666.png\",\"datePublished\":\"2020-05-14T08:46:07+00:00\",\"dateModified\":\"2020-05-14T09:54:27+00:00\",\"breadcrumb\":{\"@id\":\"https:\\\/\\\/buletin.de\\\/bucuresti\\\/live-text-coronavirus-bucuresti-14-mai-2020-ziua-79\\\/#breadcrumb\"},\"inLanguage\":\"en-GB\",\"potentialAction\":[{\"@type\":\"ReadAction\",\"target\":[\"https:\\\/\\\/buletin.de\\\/bucuresti\\\/live-text-coronavirus-bucuresti-14-mai-2020-ziua-79\\\/\"]}]},{\"@type\":\"ImageObject\",\"inLanguage\":\"en-GB\",\"@id\":\"https:\\\/\\\/buletin.de\\\/bucuresti\\\/live-text-coronavirus-bucuresti-14-mai-2020-ziua-79\\\/#primaryimage\",\"url\":\"https:\\\/\\\/buletin.de\\\/bucuresti\\\/wp-content\\\/uploads\\\/Screenshot_666.png\",\"contentUrl\":\"https:\\\/\\\/buletin.de\\\/bucuresti\\\/wp-content\\\/uploads\\\/Screenshot_666.png\",\"width\":1919,\"height\":987},{\"@type\":\"BreadcrumbList\",\"@id\":\"https:\\\/\\\/buletin.de\\\/bucuresti\\\/live-text-coronavirus-bucuresti-14-mai-2020-ziua-79\\\/#breadcrumb\",\"itemListElement\":[{\"@type\":\"ListItem\",\"position\":1,\"name\":\"Acas\u0103\",\"item\":\"https:\\\/\\\/buletin.de\\\/bucuresti\\\/\"},{\"@type\":\"ListItem\",\"position\":2,\"name\":\"LIVE TEXT. Coronavirus &#8211; Bucure\u0219ti, 14 mai 2020, ziua 79\"}]},{\"@type\":\"WebSite\",\"@id\":\"https:\\\/\\\/buletin.de\\\/bucuresti\\\/#website\",\"url\":\"https:\\\/\\\/buletin.de\\\/bucuresti\\\/\",\"name\":\"Buletin de Bucure\u0219ti\",\"description\":\"\u0218tiri \u0219i investiga\u021bii esen\u021biale din capital\u0103\",\"publisher\":{\"@id\":\"https:\\\/\\\/buletin.de\\\/bucuresti\\\/#organization\"},\"potentialAction\":[{\"@type\":\"SearchAction\",\"target\":{\"@type\":\"EntryPoint\",\"urlTemplate\":\"https:\\\/\\\/buletin.de\\\/bucuresti\\\/?s={search_term_string}\"},\"query-input\":{\"@type\":\"PropertyValueSpecification\",\"valueRequired\":true,\"valueName\":\"search_term_string\"}}],\"inLanguage\":\"en-GB\"},{\"@type\":\"Organization\",\"@id\":\"https:\\\/\\\/buletin.de\\\/bucuresti\\\/#organization\",\"name\":\"Buletin de Bucure\u0219ti\",\"url\":\"https:\\\/\\\/buletin.de\\\/bucuresti\\\/\",\"logo\":{\"@type\":\"ImageObject\",\"inLanguage\":\"en-GB\",\"@id\":\"https:\\\/\\\/buletin.de\\\/bucuresti\\\/#\\\/schema\\\/logo\\\/image\\\/\",\"url\":\"https:\\\/\\\/buletin.de\\\/bucuresti\\\/wp-content\\\/uploads\\\/logo-bdb-full-wide-vernil-transparent.png\",\"contentUrl\":\"https:\\\/\\\/buletin.de\\\/bucuresti\\\/wp-content\\\/uploads\\\/logo-bdb-full-wide-vernil-transparent.png\",\"width\":1782,\"height\":626,\"caption\":\"Buletin de Bucure\u0219ti\"},\"image\":{\"@id\":\"https:\\\/\\\/buletin.de\\\/bucuresti\\\/#\\\/schema\\\/logo\\\/image\\\/\"},\"sameAs\":[\"https:\\\/\\\/www.facebook.com\\\/buletin.de.buc\",\"https:\\\/\\\/www.instagram.com\\\/buletinde.bucuresti\\\/\"]},{\"@type\":\"Person\",\"@id\":\"https:\\\/\\\/buletin.de\\\/bucuresti\\\/#\\\/schema\\\/person\\\/295dc2228d2dc79294d636619468dc7f\",\"name\":\"Bianca Albu\",\"image\":{\"@type\":\"ImageObject\",\"inLanguage\":\"en-GB\",\"@id\":\"https:\\\/\\\/secure.gravatar.com\\\/avatar\\\/3df2e34e20f529e6fd7be4311ee1f7c4ec4aa886971590baf6fa214b15743516?s=96&d=monsterid&r=gf541c715eeec409ce8101252a3c0d8a7\",\"url\":\"https:\\\/\\\/secure.gravatar.com\\\/avatar\\\/3df2e34e20f529e6fd7be4311ee1f7c4ec4aa886971590baf6fa214b15743516?s=96&d=monsterid&r=g\",\"contentUrl\":\"https:\\\/\\\/secure.gravatar.com\\\/avatar\\\/3df2e34e20f529e6fd7be4311ee1f7c4ec4aa886971590baf6fa214b15743516?s=96&d=monsterid&r=g\",\"caption\":\"Bianca Albu\"},\"description\":\"Reporter\",\"url\":\"https:\\\/\\\/buletin.de\\\/bucuresti\\\/author\\\/biancaalbu\\\/\"}]}<\/script>\n<!-- \/ Yoast SEO Premium plugin. -->","yoast_head_json":{"title":"LIVE TEXT. Coronavirus - Bucure\u0219ti, 14 mai 2020, ziua 79 - Buletin de Bucure\u0219ti","robots":{"index":"index","follow":"follow","max-snippet":"max-snippet:-1","max-image-preview":"max-image-preview:large","max-video-preview":"max-video-preview:-1"},"canonical":"https:\/\/buletin.de\/bucuresti\/live-text-coronavirus-bucuresti-14-mai-2020-ziua-79\/","og_locale":"en_GB","og_type":"article","og_title":"LIVE TEXT. Coronavirus - Bucure\u0219ti, 14 mai 2020, ziua 79","og_description":"Num\u0103rul de pacien\u021bi confirma\u021bi cu Covid-19 pe teritoriul Rom\u00e2niei a trecut de 16.000 \u0219i cre\u0219te de la o zi la alta, \u00eentr-un ritm din ce \u00een ce mai accelerat. Totodat\u0103 am dep\u0103\u0219it 1.000 de decese. Rom\u00e2nia se afl\u0103 acum \u00een stare de urgen\u021b\u0103. Dup\u0103 2000 de cazuri, autorit\u0103\u021bile au declarat trecerea la scenariul 4 al [&hellip;]","og_url":"https:\/\/buletin.de\/bucuresti\/live-text-coronavirus-bucuresti-14-mai-2020-ziua-79\/","og_site_name":"Buletin de Bucure\u0219ti","article_publisher":"https:\/\/www.facebook.com\/buletin.de.buc","article_published_time":"2020-05-14T08:46:07+00:00","article_modified_time":"2020-05-14T09:54:27+00:00","og_image":[{"width":1919,"height":987,"url":"https:\/\/buletin.de\/bucuresti\/wp-content\/uploads\/Screenshot_666.png","type":"image\/png"}],"author":"Bianca Albu","twitter_card":"summary_large_image","twitter_misc":{"Written by":"Bianca Albu","Estimated reading time":"2 minutes"},"schema":{"@context":"https:\/\/schema.org","@graph":[{"@type":"Article","@id":"https:\/\/buletin.de\/bucuresti\/live-text-coronavirus-bucuresti-14-mai-2020-ziua-79\/#article","isPartOf":{"@id":"https:\/\/buletin.de\/bucuresti\/live-text-coronavirus-bucuresti-14-mai-2020-ziua-79\/"},"author":{"name":"Bianca Albu","@id":"https:\/\/buletin.de\/bucuresti\/#\/schema\/person\/295dc2228d2dc79294d636619468dc7f"},"headline":"LIVE TEXT. Coronavirus &#8211; Bucure\u0219ti, 14 mai 2020, ziua 79","datePublished":"2020-05-14T08:46:07+00:00","dateModified":"2020-05-14T09:54:27+00:00","mainEntityOfPage":{"@id":"https:\/\/buletin.de\/bucuresti\/live-text-coronavirus-bucuresti-14-mai-2020-ziua-79\/"},"wordCount":462,"publisher":{"@id":"https:\/\/buletin.de\/bucuresti\/#organization"},"image":{"@id":"https:\/\/buletin.de\/bucuresti\/live-text-coronavirus-bucuresti-14-mai-2020-ziua-79\/#primaryimage"},"thumbnailUrl":"https:\/\/buletin.de\/bucuresti\/wp-content\/uploads\/Screenshot_666.png","keywords":["coronavirus","coronavirus bucuresti","livetext"],"articleSection":["Covid-19","S\u0103n\u0103tate","\u0218tiri"],"inLanguage":"en-GB","copyrightYear":"2020","copyrightHolder":{"@id":"https:\/\/buletin.de\/bucuresti\/#organization"}},{"@type":"WebPage","@id":"https:\/\/buletin.de\/bucuresti\/live-text-coronavirus-bucuresti-14-mai-2020-ziua-79\/","url":"https:\/\/buletin.de\/bucuresti\/live-text-coronavirus-bucuresti-14-mai-2020-ziua-79\/","name":"LIVE TEXT. Coronavirus - Bucure\u0219ti, 14 mai 2020, ziua 79 - Buletin de Bucure\u0219ti","isPartOf":{"@id":"https:\/\/buletin.de\/bucuresti\/#website"},"primaryImageOfPage":{"@id":"https:\/\/buletin.de\/bucuresti\/live-text-coronavirus-bucuresti-14-mai-2020-ziua-79\/#primaryimage"},"image":{"@id":"https:\/\/buletin.de\/bucuresti\/live-text-coronavirus-bucuresti-14-mai-2020-ziua-79\/#primaryimage"},"thumbnailUrl":"https:\/\/buletin.de\/bucuresti\/wp-content\/uploads\/Screenshot_666.png","datePublished":"2020-05-14T08:46:07+00:00","dateModified":"2020-05-14T09:54:27+00:00","breadcrumb":{"@id":"https:\/\/buletin.de\/bucuresti\/live-text-coronavirus-bucuresti-14-mai-2020-ziua-79\/#breadcrumb"},"inLanguage":"en-GB","potentialAction":[{"@type":"ReadAction","target":["https:\/\/buletin.de\/bucuresti\/live-text-coronavirus-bucuresti-14-mai-2020-ziua-79\/"]}]},{"@type":"ImageObject","inLanguage":"en-GB","@id":"https:\/\/buletin.de\/bucuresti\/live-text-coronavirus-bucuresti-14-mai-2020-ziua-79\/#primaryimage","url":"https:\/\/buletin.de\/bucuresti\/wp-content\/uploads\/Screenshot_666.png","contentUrl":"https:\/\/buletin.de\/bucuresti\/wp-content\/uploads\/Screenshot_666.png","width":1919,"height":987},{"@type":"BreadcrumbList","@id":"https:\/\/buletin.de\/bucuresti\/live-text-coronavirus-bucuresti-14-mai-2020-ziua-79\/#breadcrumb","itemListElement":[{"@type":"ListItem","position":1,"name":"Acas\u0103","item":"https:\/\/buletin.de\/bucuresti\/"},{"@type":"ListItem","position":2,"name":"LIVE TEXT. Coronavirus &#8211; Bucure\u0219ti, 14 mai 2020, ziua 79"}]},{"@type":"WebSite","@id":"https:\/\/buletin.de\/bucuresti\/#website","url":"https:\/\/buletin.de\/bucuresti\/","name":"Buletin de Bucure\u0219ti","description":"\u0218tiri \u0219i investiga\u021bii esen\u021biale din capital\u0103","publisher":{"@id":"https:\/\/buletin.de\/bucuresti\/#organization"},"potentialAction":[{"@type":"SearchAction","target":{"@type":"EntryPoint","urlTemplate":"https:\/\/buletin.de\/bucuresti\/?s={search_term_string}"},"query-input":{"@type":"PropertyValueSpecification","valueRequired":true,"valueName":"search_term_string"}}],"inLanguage":"en-GB"},{"@type":"Organization","@id":"https:\/\/buletin.de\/bucuresti\/#organization","name":"Buletin de Bucure\u0219ti","url":"https:\/\/buletin.de\/bucuresti\/","logo":{"@type":"ImageObject","inLanguage":"en-GB","@id":"https:\/\/buletin.de\/bucuresti\/#\/schema\/logo\/image\/","url":"https:\/\/buletin.de\/bucuresti\/wp-content\/uploads\/logo-bdb-full-wide-vernil-transparent.png","contentUrl":"https:\/\/buletin.de\/bucuresti\/wp-content\/uploads\/logo-bdb-full-wide-vernil-transparent.png","width":1782,"height":626,"caption":"Buletin de Bucure\u0219ti"},"image":{"@id":"https:\/\/buletin.de\/bucuresti\/#\/schema\/logo\/image\/"},"sameAs":["https:\/\/www.facebook.com\/buletin.de.buc","https:\/\/www.instagram.com\/buletinde.bucuresti\/"]},{"@type":"Person","@id":"https:\/\/buletin.de\/bucuresti\/#\/schema\/person\/295dc2228d2dc79294d636619468dc7f","name":"Bianca Albu","image":{"@type":"ImageObject","inLanguage":"en-GB","@id":"https:\/\/secure.gravatar.com\/avatar\/3df2e34e20f529e6fd7be4311ee1f7c4ec4aa886971590baf6fa214b15743516?s=96&d=monsterid&r=gf541c715eeec409ce8101252a3c0d8a7","url":"https:\/\/secure.gravatar.com\/avatar\/3df2e34e20f529e6fd7be4311ee1f7c4ec4aa886971590baf6fa214b15743516?s=96&d=monsterid&r=g","contentUrl":"https:\/\/secure.gravatar.com\/avatar\/3df2e34e20f529e6fd7be4311ee1f7c4ec4aa886971590baf6fa214b15743516?s=96&d=monsterid&r=g","caption":"Bianca Albu"},"description":"Reporter","url":"https:\/\/buletin.de\/bucuresti\/author\/biancaalbu\/"}]}},"authors":[{"term_id":22588,"user_id":6,"is_guest":0,"slug":"biancaalbu","display_name":"Bianca Albu","avatar_url":"https:\/\/secure.gravatar.com\/avatar\/3df2e34e20f529e6fd7be4311ee1f7c4ec4aa886971590baf6fa214b15743516?s=96&d=monsterid&r=g","0":null,"1":"","2":"","3":"","4":"","5":"","6":"","7":"","8":""}],"_links":{"self":[{"href":"https:\/\/buletin.de\/bucuresti\/wp-json\/wp\/v2\/posts\/7089","targetHints":{"allow":["GET"]}}],"collection":[{"href":"https:\/\/buletin.de\/bucuresti\/wp-json\/wp\/v2\/posts"}],"about":[{"href":"https:\/\/buletin.de\/bucuresti\/wp-json\/wp\/v2\/types\/post"}],"author":[{"embeddable":true,"href":"https:\/\/buletin.de\/bucuresti\/wp-json\/wp\/v2\/users\/6"}],"replies":[{"embeddable":true,"href":"https:\/\/buletin.de\/bucuresti\/wp-json\/wp\/v2\/comments?post=7089"}],"version-history":[{"count":4,"href":"https:\/\/buletin.de\/bucuresti\/wp-json\/wp\/v2\/posts\/7089\/revisions"}],"predecessor-version":[{"id":7094,"href":"https:\/\/buletin.de\/bucuresti\/wp-json\/wp\/v2\/posts\/7089\/revisions\/7094"}],"wp:featuredmedia":[{"embeddable":true,"href":"https:\/\/buletin.de\/bucuresti\/wp-json\/wp\/v2\/media\/6947"}],"wp:attachment":[{"href":"https:\/\/buletin.de\/bucuresti\/wp-json\/wp\/v2\/media?parent=7089"}],"wp:term":[{"taxonomy":"category","embeddable":true,"href":"https:\/\/buletin.de\/bucuresti\/wp-json\/wp\/v2\/categories?post=7089"},{"taxonomy":"post_tag","embeddable":true,"href":"https:\/\/buletin.de\/bucuresti\/wp-json\/wp\/v2\/tags?post=7089"},{"taxonomy":"author","embeddable":true,"href":"https:\/\/buletin.de\/bucuresti\/wp-json\/wp\/v2\/ppma_author?post=7089"}],"curies":[{"name":"wp","href":"https:\/\/api.w.org\/{rel}","templated":true}]}}