{"id":70849,"date":"2023-12-03T10:00:00","date_gmt":"2023-12-03T08:00:00","guid":{"rendered":"https:\/\/buletin.de\/bucuresti\/?p=70849"},"modified":"2023-12-02T18:26:18","modified_gmt":"2023-12-02T16:26:18","slug":"meteo-i-temperaturile-scad-in-prima-saptamana-plina-din-decembrie","status":"publish","type":"post","link":"https:\/\/buletin.de\/bucuresti\/meteo-i-temperaturile-scad-in-prima-saptamana-plina-din-decembrie\/","title":{"rendered":"METEO I Temperaturile scad \u00een prima s\u0103pt\u0103m\u00e2n\u0103 plin\u0103 din decembrie"},"content":{"rendered":"\n<p><strong>Administra\u021bia Na\u021bional\u0103 de Meteorologie anun\u021b\u0103 temperaturi mai sc\u0103zute la \u00eenceput de decembrie. Meteorologii prognozeaz\u0103 valori de cel mult 5 grade.<\/strong><\/p>\n\n\n\n<p><strong>Luni, 4 decembrie<\/strong>, ANM anun\u021b\u0103 \u0219i nori, \u0219i soare. Temperatura minim\u0103 va fi de -1 grad, iar cea maxim\u0103 nu trece de 4 grade. V\u00e2ntul bate cu 9 km\/h. <\/p>\n\n\n\n<p><strong>Mar\u021bi, 5 decembrie<\/strong>, cerul va fi predominant noros, dar nu sunt precipita\u021bii. Doar 4 grade vor fi \u00een termometre, iar temperatura minim\u0103 mai cre\u0219te \u0219i urc\u0103 la un grad. Viteza v\u00e2ntului atinge 13 km\/h. <\/p>\n\n\n\n<p>Pentru <strong>miercuri, 6 decembrie<\/strong>, meteorologii prognozeaz\u0103 o maxim\u0103 termic\u0103 de 0 grade. Cerul va fi noros, iar temperatura minim\u0103 nu trece de 0 grade. V\u00e2ntul bate cu 4 km\/h. <\/p>\n\n\n\n<p>Mijlocul s\u0103pt\u0103m\u00e2nii aduce perioade cu ploi scurte. <strong>Joi, 7 decembrie, <\/strong>v\u00e2ntul este domol \u0219i bate cu 2 km\/h. Temperatura minim\u0103 va fi de 0 grade, iar cea maxim\u0103 mai urc\u0103 \u0219i ajunge la 5 grade.<\/p>\n\n\n\n<p><\/p>\n","protected":false},"excerpt":{"rendered":"<p>Administra\u021bia Na\u021bional\u0103 de Meteorologie anun\u021b\u0103 temperaturi mai sc\u0103zute la \u00eenceput de decembrie. Meteorologii prognozeaz\u0103 valori de cel mult 5 grade. Luni, 4 decembrie, ANM anun\u021b\u0103 \u0219i nori, \u0219i soare. Temperatura minim\u0103 va fi de -1 grad, iar cea maxim\u0103 nu trece de 4 grade. V\u00e2ntul bate cu 9 km\/h. Mar\u021bi, 5 decembrie, cerul va fi [&hellip;]<\/p>\n","protected":false},"author":49,"featured_media":70854,"comment_status":"closed","ping_status":"open","sticky":false,"template":"","format":"standard","meta":{"_acf_changed":false,"inline_featured_image":false,"ngg_post_thumbnail":0,"footnotes":""},"categories":[6994,5762],"tags":[4314,5928,8169],"ppma_author":[22574],"class_list":["post-70849","post","type-post","status-publish","format-standard","has-post-thumbnail","hentry","category-stiri-2","category-main","tag-anm","tag-anm-prognoza-meteo","tag-temperaturi-decembrie"],"acf":[],"yoast_head":"<!-- This site is optimized with the Yoast SEO Premium plugin v25.3 (Yoast SEO v27.4) - https:\/\/yoast.com\/product\/yoast-seo-premium-wordpress\/ -->\n<title>METEO I Temperaturile scad \u00een prima s\u0103pt\u0103m\u00e2n\u0103 plin\u0103 din decembrie - Buletin de Bucure\u0219ti<\/title>\n<meta name=\"robots\" content=\"index, follow, max-snippet:-1, max-image-preview:large, max-video-preview:-1\" \/>\n<link rel=\"canonical\" href=\"https:\/\/buletin.de\/bucuresti\/meteo-i-temperaturile-scad-in-prima-saptamana-plina-din-decembrie\/\" \/>\n<meta property=\"og:locale\" content=\"en_GB\" \/>\n<meta property=\"og:type\" content=\"article\" \/>\n<meta property=\"og:title\" content=\"METEO I Temperaturile scad \u00een prima s\u0103pt\u0103m\u00e2n\u0103 plin\u0103 din decembrie\" \/>\n<meta property=\"og:description\" content=\"Administra\u021bia Na\u021bional\u0103 de Meteorologie anun\u021b\u0103 temperaturi mai sc\u0103zute la \u00eenceput de decembrie. Meteorologii prognozeaz\u0103 valori de cel mult 5 grade. Luni, 4 decembrie, ANM anun\u021b\u0103 \u0219i nori, \u0219i soare. Temperatura minim\u0103 va fi de -1 grad, iar cea maxim\u0103 nu trece de 4 grade. V\u00e2ntul bate cu 9 km\/h. Mar\u021bi, 5 decembrie, cerul va fi [&hellip;]\" \/>\n<meta property=\"og:url\" content=\"https:\/\/buletin.de\/bucuresti\/meteo-i-temperaturile-scad-in-prima-saptamana-plina-din-decembrie\/\" \/>\n<meta property=\"og:site_name\" content=\"Buletin de Bucure\u0219ti\" \/>\n<meta property=\"article:publisher\" content=\"https:\/\/www.facebook.com\/buletin.de.buc\" \/>\n<meta property=\"article:published_time\" content=\"2023-12-03T08:00:00+00:00\" \/>\n<meta property=\"og:image\" content=\"https:\/\/buletin.de\/bucuresti\/wp-content\/uploads\/e_zxkz3_2nc.jpg\" \/>\n\t<meta property=\"og:image:width\" content=\"900\" \/>\n\t<meta property=\"og:image:height\" content=\"1200\" \/>\n\t<meta property=\"og:image:type\" content=\"image\/jpeg\" \/>\n<meta name=\"author\" content=\"Diana Matei\" \/>\n<meta name=\"twitter:card\" content=\"summary_large_image\" \/>\n<meta name=\"twitter:label1\" content=\"Written by\" \/>\n\t<meta name=\"twitter:data1\" content=\"Diana Matei\" \/>\n\t<meta name=\"twitter:label2\" content=\"Estimated reading time\" \/>\n\t<meta name=\"twitter:data2\" content=\"1 minute\" \/>\n<script type=\"application\/ld+json\" class=\"yoast-schema-graph\">{\"@context\":\"https:\\\/\\\/schema.org\",\"@graph\":[{\"@type\":\"Article\",\"@id\":\"https:\\\/\\\/buletin.de\\\/bucuresti\\\/meteo-i-temperaturile-scad-in-prima-saptamana-plina-din-decembrie\\\/#article\",\"isPartOf\":{\"@id\":\"https:\\\/\\\/buletin.de\\\/bucuresti\\\/meteo-i-temperaturile-scad-in-prima-saptamana-plina-din-decembrie\\\/\"},\"author\":{\"name\":\"Diana Matei\",\"@id\":\"https:\\\/\\\/buletin.de\\\/bucuresti\\\/#\\\/schema\\\/person\\\/7e46040573290777280a0835d81ea4ea\"},\"headline\":\"METEO I Temperaturile scad \u00een prima s\u0103pt\u0103m\u00e2n\u0103 plin\u0103 din decembrie\",\"datePublished\":\"2023-12-03T08:00:00+00:00\",\"mainEntityOfPage\":{\"@id\":\"https:\\\/\\\/buletin.de\\\/bucuresti\\\/meteo-i-temperaturile-scad-in-prima-saptamana-plina-din-decembrie\\\/\"},\"wordCount\":162,\"publisher\":{\"@id\":\"https:\\\/\\\/buletin.de\\\/bucuresti\\\/#organization\"},\"image\":{\"@id\":\"https:\\\/\\\/buletin.de\\\/bucuresti\\\/meteo-i-temperaturile-scad-in-prima-saptamana-plina-din-decembrie\\\/#primaryimage\"},\"thumbnailUrl\":\"https:\\\/\\\/buletin.de\\\/bucuresti\\\/wp-content\\\/uploads\\\/e_zxkz3_2nc.jpg\",\"keywords\":[\"anm\",\"anm prognoza meteo\",\"Temperaturi Decembrie\"],\"articleSection\":[\"Articole\",\"Main\"],\"inLanguage\":\"en-GB\",\"copyrightYear\":\"2023\",\"copyrightHolder\":{\"@id\":\"https:\\\/\\\/buletin.de\\\/bucuresti\\\/#organization\"}},{\"@type\":\"WebPage\",\"@id\":\"https:\\\/\\\/buletin.de\\\/bucuresti\\\/meteo-i-temperaturile-scad-in-prima-saptamana-plina-din-decembrie\\\/\",\"url\":\"https:\\\/\\\/buletin.de\\\/bucuresti\\\/meteo-i-temperaturile-scad-in-prima-saptamana-plina-din-decembrie\\\/\",\"name\":\"METEO I Temperaturile scad \u00een prima s\u0103pt\u0103m\u00e2n\u0103 plin\u0103 din decembrie - Buletin de Bucure\u0219ti\",\"isPartOf\":{\"@id\":\"https:\\\/\\\/buletin.de\\\/bucuresti\\\/#website\"},\"primaryImageOfPage\":{\"@id\":\"https:\\\/\\\/buletin.de\\\/bucuresti\\\/meteo-i-temperaturile-scad-in-prima-saptamana-plina-din-decembrie\\\/#primaryimage\"},\"image\":{\"@id\":\"https:\\\/\\\/buletin.de\\\/bucuresti\\\/meteo-i-temperaturile-scad-in-prima-saptamana-plina-din-decembrie\\\/#primaryimage\"},\"thumbnailUrl\":\"https:\\\/\\\/buletin.de\\\/bucuresti\\\/wp-content\\\/uploads\\\/e_zxkz3_2nc.jpg\",\"datePublished\":\"2023-12-03T08:00:00+00:00\",\"breadcrumb\":{\"@id\":\"https:\\\/\\\/buletin.de\\\/bucuresti\\\/meteo-i-temperaturile-scad-in-prima-saptamana-plina-din-decembrie\\\/#breadcrumb\"},\"inLanguage\":\"en-GB\",\"potentialAction\":[{\"@type\":\"ReadAction\",\"target\":[\"https:\\\/\\\/buletin.de\\\/bucuresti\\\/meteo-i-temperaturile-scad-in-prima-saptamana-plina-din-decembrie\\\/\"]}]},{\"@type\":\"ImageObject\",\"inLanguage\":\"en-GB\",\"@id\":\"https:\\\/\\\/buletin.de\\\/bucuresti\\\/meteo-i-temperaturile-scad-in-prima-saptamana-plina-din-decembrie\\\/#primaryimage\",\"url\":\"https:\\\/\\\/buletin.de\\\/bucuresti\\\/wp-content\\\/uploads\\\/e_zxkz3_2nc.jpg\",\"contentUrl\":\"https:\\\/\\\/buletin.de\\\/bucuresti\\\/wp-content\\\/uploads\\\/e_zxkz3_2nc.jpg\",\"width\":900,\"height\":1200,\"caption\":\"Sf\u00e2r\u0219it de s\u0103pt\u0103m\u00e2n\u0103 cu soare \u0219i ploi. FOTO: Arhiva\"},{\"@type\":\"BreadcrumbList\",\"@id\":\"https:\\\/\\\/buletin.de\\\/bucuresti\\\/meteo-i-temperaturile-scad-in-prima-saptamana-plina-din-decembrie\\\/#breadcrumb\",\"itemListElement\":[{\"@type\":\"ListItem\",\"position\":1,\"name\":\"Acas\u0103\",\"item\":\"https:\\\/\\\/buletin.de\\\/bucuresti\\\/\"},{\"@type\":\"ListItem\",\"position\":2,\"name\":\"METEO I Temperaturile scad \u00een prima s\u0103pt\u0103m\u00e2n\u0103 plin\u0103 din decembrie\"}]},{\"@type\":\"WebSite\",\"@id\":\"https:\\\/\\\/buletin.de\\\/bucuresti\\\/#website\",\"url\":\"https:\\\/\\\/buletin.de\\\/bucuresti\\\/\",\"name\":\"Buletin de Bucure\u0219ti\",\"description\":\"\u0218tiri \u0219i investiga\u021bii esen\u021biale din capital\u0103\",\"publisher\":{\"@id\":\"https:\\\/\\\/buletin.de\\\/bucuresti\\\/#organization\"},\"potentialAction\":[{\"@type\":\"SearchAction\",\"target\":{\"@type\":\"EntryPoint\",\"urlTemplate\":\"https:\\\/\\\/buletin.de\\\/bucuresti\\\/?s={search_term_string}\"},\"query-input\":{\"@type\":\"PropertyValueSpecification\",\"valueRequired\":true,\"valueName\":\"search_term_string\"}}],\"inLanguage\":\"en-GB\"},{\"@type\":\"Organization\",\"@id\":\"https:\\\/\\\/buletin.de\\\/bucuresti\\\/#organization\",\"name\":\"Buletin de Bucure\u0219ti\",\"url\":\"https:\\\/\\\/buletin.de\\\/bucuresti\\\/\",\"logo\":{\"@type\":\"ImageObject\",\"inLanguage\":\"en-GB\",\"@id\":\"https:\\\/\\\/buletin.de\\\/bucuresti\\\/#\\\/schema\\\/logo\\\/image\\\/\",\"url\":\"https:\\\/\\\/buletin.de\\\/bucuresti\\\/wp-content\\\/uploads\\\/logo-bdb-full-wide-vernil-transparent.png\",\"contentUrl\":\"https:\\\/\\\/buletin.de\\\/bucuresti\\\/wp-content\\\/uploads\\\/logo-bdb-full-wide-vernil-transparent.png\",\"width\":1782,\"height\":626,\"caption\":\"Buletin de Bucure\u0219ti\"},\"image\":{\"@id\":\"https:\\\/\\\/buletin.de\\\/bucuresti\\\/#\\\/schema\\\/logo\\\/image\\\/\"},\"sameAs\":[\"https:\\\/\\\/www.facebook.com\\\/buletin.de.buc\",\"https:\\\/\\\/www.instagram.com\\\/buletinde.bucuresti\\\/\"]},{\"@type\":\"Person\",\"@id\":\"https:\\\/\\\/buletin.de\\\/bucuresti\\\/#\\\/schema\\\/person\\\/7e46040573290777280a0835d81ea4ea\",\"name\":\"Diana Matei\",\"image\":{\"@type\":\"ImageObject\",\"inLanguage\":\"en-GB\",\"@id\":\"https:\\\/\\\/buletin.de\\\/bucuresti\\\/wp-content\\\/uploads\\\/9-2-96x96.jpg1e8590b30871d70e62ebcdaf2eff570c\",\"url\":\"https:\\\/\\\/buletin.de\\\/bucuresti\\\/wp-content\\\/uploads\\\/9-2-96x96.jpg\",\"contentUrl\":\"https:\\\/\\\/buletin.de\\\/bucuresti\\\/wp-content\\\/uploads\\\/9-2-96x96.jpg\",\"caption\":\"Diana Matei\"},\"url\":\"https:\\\/\\\/buletin.de\\\/bucuresti\\\/author\\\/dianamatei\\\/\"}]}<\/script>\n<!-- \/ Yoast SEO Premium plugin. -->","yoast_head_json":{"title":"METEO I Temperaturile scad \u00een prima s\u0103pt\u0103m\u00e2n\u0103 plin\u0103 din decembrie - Buletin de Bucure\u0219ti","robots":{"index":"index","follow":"follow","max-snippet":"max-snippet:-1","max-image-preview":"max-image-preview:large","max-video-preview":"max-video-preview:-1"},"canonical":"https:\/\/buletin.de\/bucuresti\/meteo-i-temperaturile-scad-in-prima-saptamana-plina-din-decembrie\/","og_locale":"en_GB","og_type":"article","og_title":"METEO I Temperaturile scad \u00een prima s\u0103pt\u0103m\u00e2n\u0103 plin\u0103 din decembrie","og_description":"Administra\u021bia Na\u021bional\u0103 de Meteorologie anun\u021b\u0103 temperaturi mai sc\u0103zute la \u00eenceput de decembrie. Meteorologii prognozeaz\u0103 valori de cel mult 5 grade. Luni, 4 decembrie, ANM anun\u021b\u0103 \u0219i nori, \u0219i soare. Temperatura minim\u0103 va fi de -1 grad, iar cea maxim\u0103 nu trece de 4 grade. V\u00e2ntul bate cu 9 km\/h. Mar\u021bi, 5 decembrie, cerul va fi [&hellip;]","og_url":"https:\/\/buletin.de\/bucuresti\/meteo-i-temperaturile-scad-in-prima-saptamana-plina-din-decembrie\/","og_site_name":"Buletin de Bucure\u0219ti","article_publisher":"https:\/\/www.facebook.com\/buletin.de.buc","article_published_time":"2023-12-03T08:00:00+00:00","og_image":[{"width":900,"height":1200,"url":"https:\/\/buletin.de\/bucuresti\/wp-content\/uploads\/e_zxkz3_2nc.jpg","type":"image\/jpeg"}],"author":"Diana Matei","twitter_card":"summary_large_image","twitter_misc":{"Written by":"Diana Matei","Estimated reading time":"1 minute"},"schema":{"@context":"https:\/\/schema.org","@graph":[{"@type":"Article","@id":"https:\/\/buletin.de\/bucuresti\/meteo-i-temperaturile-scad-in-prima-saptamana-plina-din-decembrie\/#article","isPartOf":{"@id":"https:\/\/buletin.de\/bucuresti\/meteo-i-temperaturile-scad-in-prima-saptamana-plina-din-decembrie\/"},"author":{"name":"Diana Matei","@id":"https:\/\/buletin.de\/bucuresti\/#\/schema\/person\/7e46040573290777280a0835d81ea4ea"},"headline":"METEO I Temperaturile scad \u00een prima s\u0103pt\u0103m\u00e2n\u0103 plin\u0103 din decembrie","datePublished":"2023-12-03T08:00:00+00:00","mainEntityOfPage":{"@id":"https:\/\/buletin.de\/bucuresti\/meteo-i-temperaturile-scad-in-prima-saptamana-plina-din-decembrie\/"},"wordCount":162,"publisher":{"@id":"https:\/\/buletin.de\/bucuresti\/#organization"},"image":{"@id":"https:\/\/buletin.de\/bucuresti\/meteo-i-temperaturile-scad-in-prima-saptamana-plina-din-decembrie\/#primaryimage"},"thumbnailUrl":"https:\/\/buletin.de\/bucuresti\/wp-content\/uploads\/e_zxkz3_2nc.jpg","keywords":["anm","anm prognoza meteo","Temperaturi Decembrie"],"articleSection":["Articole","Main"],"inLanguage":"en-GB","copyrightYear":"2023","copyrightHolder":{"@id":"https:\/\/buletin.de\/bucuresti\/#organization"}},{"@type":"WebPage","@id":"https:\/\/buletin.de\/bucuresti\/meteo-i-temperaturile-scad-in-prima-saptamana-plina-din-decembrie\/","url":"https:\/\/buletin.de\/bucuresti\/meteo-i-temperaturile-scad-in-prima-saptamana-plina-din-decembrie\/","name":"METEO I Temperaturile scad \u00een prima s\u0103pt\u0103m\u00e2n\u0103 plin\u0103 din decembrie - Buletin de Bucure\u0219ti","isPartOf":{"@id":"https:\/\/buletin.de\/bucuresti\/#website"},"primaryImageOfPage":{"@id":"https:\/\/buletin.de\/bucuresti\/meteo-i-temperaturile-scad-in-prima-saptamana-plina-din-decembrie\/#primaryimage"},"image":{"@id":"https:\/\/buletin.de\/bucuresti\/meteo-i-temperaturile-scad-in-prima-saptamana-plina-din-decembrie\/#primaryimage"},"thumbnailUrl":"https:\/\/buletin.de\/bucuresti\/wp-content\/uploads\/e_zxkz3_2nc.jpg","datePublished":"2023-12-03T08:00:00+00:00","breadcrumb":{"@id":"https:\/\/buletin.de\/bucuresti\/meteo-i-temperaturile-scad-in-prima-saptamana-plina-din-decembrie\/#breadcrumb"},"inLanguage":"en-GB","potentialAction":[{"@type":"ReadAction","target":["https:\/\/buletin.de\/bucuresti\/meteo-i-temperaturile-scad-in-prima-saptamana-plina-din-decembrie\/"]}]},{"@type":"ImageObject","inLanguage":"en-GB","@id":"https:\/\/buletin.de\/bucuresti\/meteo-i-temperaturile-scad-in-prima-saptamana-plina-din-decembrie\/#primaryimage","url":"https:\/\/buletin.de\/bucuresti\/wp-content\/uploads\/e_zxkz3_2nc.jpg","contentUrl":"https:\/\/buletin.de\/bucuresti\/wp-content\/uploads\/e_zxkz3_2nc.jpg","width":900,"height":1200,"caption":"Sf\u00e2r\u0219it de s\u0103pt\u0103m\u00e2n\u0103 cu soare \u0219i ploi. FOTO: Arhiva"},{"@type":"BreadcrumbList","@id":"https:\/\/buletin.de\/bucuresti\/meteo-i-temperaturile-scad-in-prima-saptamana-plina-din-decembrie\/#breadcrumb","itemListElement":[{"@type":"ListItem","position":1,"name":"Acas\u0103","item":"https:\/\/buletin.de\/bucuresti\/"},{"@type":"ListItem","position":2,"name":"METEO I Temperaturile scad \u00een prima s\u0103pt\u0103m\u00e2n\u0103 plin\u0103 din decembrie"}]},{"@type":"WebSite","@id":"https:\/\/buletin.de\/bucuresti\/#website","url":"https:\/\/buletin.de\/bucuresti\/","name":"Buletin de Bucure\u0219ti","description":"\u0218tiri \u0219i investiga\u021bii esen\u021biale din capital\u0103","publisher":{"@id":"https:\/\/buletin.de\/bucuresti\/#organization"},"potentialAction":[{"@type":"SearchAction","target":{"@type":"EntryPoint","urlTemplate":"https:\/\/buletin.de\/bucuresti\/?s={search_term_string}"},"query-input":{"@type":"PropertyValueSpecification","valueRequired":true,"valueName":"search_term_string"}}],"inLanguage":"en-GB"},{"@type":"Organization","@id":"https:\/\/buletin.de\/bucuresti\/#organization","name":"Buletin de Bucure\u0219ti","url":"https:\/\/buletin.de\/bucuresti\/","logo":{"@type":"ImageObject","inLanguage":"en-GB","@id":"https:\/\/buletin.de\/bucuresti\/#\/schema\/logo\/image\/","url":"https:\/\/buletin.de\/bucuresti\/wp-content\/uploads\/logo-bdb-full-wide-vernil-transparent.png","contentUrl":"https:\/\/buletin.de\/bucuresti\/wp-content\/uploads\/logo-bdb-full-wide-vernil-transparent.png","width":1782,"height":626,"caption":"Buletin de Bucure\u0219ti"},"image":{"@id":"https:\/\/buletin.de\/bucuresti\/#\/schema\/logo\/image\/"},"sameAs":["https:\/\/www.facebook.com\/buletin.de.buc","https:\/\/www.instagram.com\/buletinde.bucuresti\/"]},{"@type":"Person","@id":"https:\/\/buletin.de\/bucuresti\/#\/schema\/person\/7e46040573290777280a0835d81ea4ea","name":"Diana Matei","image":{"@type":"ImageObject","inLanguage":"en-GB","@id":"https:\/\/buletin.de\/bucuresti\/wp-content\/uploads\/9-2-96x96.jpg1e8590b30871d70e62ebcdaf2eff570c","url":"https:\/\/buletin.de\/bucuresti\/wp-content\/uploads\/9-2-96x96.jpg","contentUrl":"https:\/\/buletin.de\/bucuresti\/wp-content\/uploads\/9-2-96x96.jpg","caption":"Diana Matei"},"url":"https:\/\/buletin.de\/bucuresti\/author\/dianamatei\/"}]}},"authors":[{"term_id":22574,"user_id":49,"is_guest":0,"slug":"dianamatei","display_name":"Diana Matei","avatar_url":"https:\/\/buletin.de\/bucuresti\/wp-content\/uploads\/9-2-96x96.jpg","0":null,"1":"","2":"","3":"","4":"","5":"","6":"","7":"","8":""}],"_links":{"self":[{"href":"https:\/\/buletin.de\/bucuresti\/wp-json\/wp\/v2\/posts\/70849","targetHints":{"allow":["GET"]}}],"collection":[{"href":"https:\/\/buletin.de\/bucuresti\/wp-json\/wp\/v2\/posts"}],"about":[{"href":"https:\/\/buletin.de\/bucuresti\/wp-json\/wp\/v2\/types\/post"}],"author":[{"embeddable":true,"href":"https:\/\/buletin.de\/bucuresti\/wp-json\/wp\/v2\/users\/49"}],"replies":[{"embeddable":true,"href":"https:\/\/buletin.de\/bucuresti\/wp-json\/wp\/v2\/comments?post=70849"}],"version-history":[{"count":3,"href":"https:\/\/buletin.de\/bucuresti\/wp-json\/wp\/v2\/posts\/70849\/revisions"}],"predecessor-version":[{"id":71058,"href":"https:\/\/buletin.de\/bucuresti\/wp-json\/wp\/v2\/posts\/70849\/revisions\/71058"}],"wp:featuredmedia":[{"embeddable":true,"href":"https:\/\/buletin.de\/bucuresti\/wp-json\/wp\/v2\/media\/70854"}],"wp:attachment":[{"href":"https:\/\/buletin.de\/bucuresti\/wp-json\/wp\/v2\/media?parent=70849"}],"wp:term":[{"taxonomy":"category","embeddable":true,"href":"https:\/\/buletin.de\/bucuresti\/wp-json\/wp\/v2\/categories?post=70849"},{"taxonomy":"post_tag","embeddable":true,"href":"https:\/\/buletin.de\/bucuresti\/wp-json\/wp\/v2\/tags?post=70849"},{"taxonomy":"author","embeddable":true,"href":"https:\/\/buletin.de\/bucuresti\/wp-json\/wp\/v2\/ppma_author?post=70849"}],"curies":[{"name":"wp","href":"https:\/\/api.w.org\/{rel}","templated":true}]}}