{"id":7078,"date":"2020-05-14T11:36:17","date_gmt":"2020-05-14T08:36:17","guid":{"rendered":"https:\/\/buletin.de\/bucuresti\/?p=7078"},"modified":"2020-05-14T18:36:47","modified_gmt":"2020-05-14T15:36:47","slug":"reteaua-nationala-a-muzeelor-cele-mai-multe-muzee-din-romania-ar-putea-ramane-inchise-dupa-15-mai-deoarce-statul-nu-da-bani-pentru-aplicare-masurilor-necesare","status":"publish","type":"post","link":"https:\/\/buletin.de\/bucuresti\/reteaua-nationala-a-muzeelor-cele-mai-multe-muzee-din-romania-ar-putea-ramane-inchise-dupa-15-mai-deoarce-statul-nu-da-bani-pentru-aplicare-masurilor-necesare\/","title":{"rendered":"Re\u021beaua Na\u021bional\u0103 a Muzeelor: Cele mai multe muzee din Rom\u00e2nia r\u0103m\u00e2n \u00eenchise dup\u0103 15 mai, deoarce statul nu d\u0103 bani pentru aplicare m\u0103surilor necesare. Care sunt muzeele care se redeschid"},"content":{"rendered":"\n<p><strong>UPDATE: Care sunt muzeele din Bucure\u0219ti care au anun\u021bat data de redeschidere \u00een starea de alert\u0103<\/strong><\/p>\n\n\n\n<ul class=\"wp-block-list\"><li><strong>Muzeul Na\u021bional de Art\u0103 al Rom\u00e2niei, Muzeul Colec\u021biilor de Art\u0103, Muzeul K.H Zambaccian \u0219i Muzeul Theodor Pallady se vor redeschide de pe 20 mai. Programul temporar de vizitare va fi de miercuri p\u00e2n\u0103 duminic\u0103, \u00eentre orele 11:00-17:00.<\/strong><\/li><\/ul>\n\n\n\n<ul class=\"wp-block-list\"><li><strong>Muzeul Muncipiului Bucure\u0219ti (MMB) \u0219i cele 12 muzee \u0219i case memoriale din subordinea sa nu se vor redeschide pe 15 mai. MMB\u00a0<a href=\"http:\/\/muzeulbucurestiului.ro\/precizari-referitoare-la-redeschiderea-muzeului-municipiului-bucuresti\/?fbclid=IwAR19RDj98-TwXN-cVmW44gn3sTc8HacvgLm5N7NpkQBk5JINh_M_j-mdLQg\">a declarat<\/a>\u00a0c\u0103 va anun\u021ba o dat\u0103 de redeschidere, dup\u0103 publicarea m\u0103surilor finale pentru protejarea vizitatorilor.<\/strong><\/li><\/ul>\n\n\n\n<ul class=\"wp-block-list\"><li><strong>Muzeul Na\u021bional al \u021a\u0103ranului,\u00a0<a href=\"https:\/\/buletin.de\/bucuresti\/in-lipsa-de-reglementari-clare-muzeul-antipa-nu-se-redeschide-din-15-mai\/\">Muzeul Antipa<\/a>\u00a0\u0219i Muzeul Na\u021bional al H\u0103r\u021bilor nu se vor deschide pe 15 mai.<\/strong><\/li><\/ul>\n\n\n\n<p><strong>Cele mai multe muzee din Rom\u00e2nia ar putea alege s\u0103 nu se redeschid\u0103 de pe 15 mai, din lipsa sus\u021binerii financiare a statului pentru a pune \u00een aplicare m\u0103surile de siguran\u021b\u0103 necesare, spune Re\u021beaua Na\u021bional\u0103 a Muzeelor din Rom\u00e2nia (RNMR).<\/strong><\/p>\n\n\n\n<p>Redeschiderea muzeelor este permis\u0103 de pe 15 mai, c\u00e2nd Rom\u00e2nia iese din starea de urgen\u021b\u0103. Conform <a href=\"https:\/\/buletin.de\/bucuresti\/infografic-legea-starii-de-alerta-a-fost-adoptata-ce-putem-si-ce-nu-putem-face-de-pe-18-mai\/\">legii st\u0103rii de alert\u0103<\/a>, care intra \u00een aplicare luni, 18 mai, purtarea m\u0103\u0219tilor va fi obligatorie \u00een interiorul muzeelor, iar suprafe\u021bele cu care vizitatorii pot intra \u00een contact \u0219i c\u0103ile de acces vor trebui dezinfectate de 2 ori pe zi. De asemenea, muzeele vor trebui s\u0103 asigure echipament de protec\u021bie pentru personal, \u0219i dezinfectant pentru m\u00e2ini pentru vizitatori. <\/p>\n\n\n\n<p>Cu toate acestea, nu toate muzeele se vor deschide pe 15 mai, spune Drago\u0219 Neamu, responsabil de proiecte culturale \u0219i rela\u021bii interna\u021bionale \u00een cadrul RNMR.<\/p>\n\n\n\n<blockquote class=\"wp-block-quote is-style-large is-layout-flow wp-block-quote-is-layout-flow\"><p>\u201eA\u0219 putea anticipa c\u0103 mult mai pu\u021bine vor fi cele [n.r. muzee] care se redeschid publicului\u201d<br><\/p><cite><em>Drago\u0219 Neamu, responsabil de proiecte culturale \u0219i rela\u021bii interna\u021bionale \u00een cadrul RNMR.<\/em><\/cite><\/blockquote>\n\n\n\n<p>\u201eDe ce? Simplu \u0219i mereu din acela\u0219i motiv. Statul nu d\u0103 bani pentru aplicarea m\u0103surilor necesare care s\u0103 garanteze siguran\u021ba vizitatorilor \u0219i a angaja\u021bilor din muzee\u201d, adaug\u0103 acesta, men\u021bion\u00e2nd c\u0103 muzee na\u021bionale precum Muzeul Na\u021bional al \u021a\u0103ranului, <a href=\"https:\/\/buletin.de\/bucuresti\/in-lipsa-de-reglementari-clare-muzeul-antipa-nu-se-redeschide-din-15-mai\/\">Muzeul Antipa<\/a> sau Muzeul Na\u021bional al H\u0103r\u021bilor nu se vor deschide pe 15 mai.<\/p>\n\n\n\n<p>Muzeele func\u021bioneaz\u0103 cu bugete f\u0103r\u0103 investi\u021bii \u0219i achizi\u021bii, ceea ce le-a \u00eempiedicat s\u0103 fac\u0103 economii pe perioada st\u0103rii de urgen\u021b\u0103, c\u00e2nd au fost \u00eenchise \u0219i nu au avut venituri din v\u00e2nzarea de bilete, explic\u0103 Drago\u0219 Neamu,. De accea, multe nu \u00ee\u0219i pot auto-finan\u021ba acum implementarea m\u0103surilor de protec\u021bie \u0219i plata salariilor, \u0219i au nevoie de ajutor de la stat pentru asta.<\/p>\n\n\n\n<p>Ajutor pe care, spune RNMR, muzeele nu \u00eel primesc. <\/p>\n\n\n\n<blockquote class=\"wp-block-quote is-style-large is-layout-flow wp-block-quote-is-layout-flow\"><p>\u00cen contextul redeschiderii muzeelor, Ministrul Culturii a spus c\u0103 \u201e[n.r. muzeele] care au bani pentru achizi\u0163ia de materiale necesare repornirii activit\u0103\u0163ii \u00een siguran\u0163\u0103 o vor face, celelalte nu\u201d<\/p><cite>Ministrul Culturii Bogdan Gheorghiu \u00eentr-un interviu pentru News.ro<\/cite><\/blockquote>\n\n\n\n<p>S\u0103pt\u0103m\u00e2na trecut\u0103, RNMR a \u00eenaintat <a href=\"https:\/\/buletin.de\/bucuresti\/reteaua-nationala-a-muzeelor-cerem-orare-prelungite-dezinfectant-si-masti-de-protectiedupa-15-mai\/\">16 m\u0103suri necesare redeschiderii muzeelor pentru public<\/a>, conforme cu reglement\u0103riile europeene. Printre acestea se num\u0103r\u0103 limitarea num\u0103rului de vizitatori, posibilitatea prelungirii orarelor de deschidere (\u00een cazul \u00een care fluxul de vizitatori dep\u0103\u0219e\u0219te capacitatea) \u0219i recomandarea comercializ\u0103rii exclusiv electronice a biletelor. <\/p>\n\n\n\n<p>De asemenea, RNMR cere ca institu\u021biile care au \u00een subrodine muzee s\u0103 fie responsabile cu sus\u021binerea managementul muzeelor \u00een achizi\u021bionarea substan\u021belor dezinfectante \u0219i echipamentelor de protec\u021bie.<\/p>\n\n\n\n<p>Un exemplu pozitiv \u00een acest sens vine de la Sibiu, spune Drago\u0219 Neamu. Acolo Muzeul ASTRA se va deschide pe 15 mai \u201edeoarece acolo exist\u0103 un Consiliu Jude\u021bean care investe\u0219te \u00een cultur\u0103\u201d, spune acesta.<\/p>\n\n\n\n<p>Surs\u0103 foto: Re\u021beaua Na\u021bional\u0103 a Muzeelor din Rom\u00e2nia<\/p>\n","protected":false},"excerpt":{"rendered":"<p>UPDATE: Care sunt muzeele din Bucure\u0219ti care au anun\u021bat data de redeschidere \u00een starea de alert\u0103 Muzeul Na\u021bional de Art\u0103 al Rom\u00e2niei, Muzeul Colec\u021biilor de Art\u0103, Muzeul K.H Zambaccian \u0219i Muzeul Theodor Pallady se vor redeschide de pe 20 mai. Programul temporar de vizitare va fi de miercuri p\u00e2n\u0103 duminic\u0103, \u00eentre orele 11:00-17:00. Muzeul Muncipiului [&hellip;]<\/p>\n","protected":false},"author":15,"featured_media":7083,"comment_status":"closed","ping_status":"open","sticky":false,"template":"","format":"standard","meta":{"_acf_changed":false,"inline_featured_image":false,"ngg_post_thumbnail":0,"footnotes":""},"categories":[996,81],"tags":[529,1033],"ppma_author":[22592],"class_list":["post-7078","post","type-post","status-publish","format-standard","has-post-thumbnail","hentry","category-covid-19","category-cultura","tag-coronavirus","tag-muzee"],"acf":[],"yoast_head":"<!-- This site is optimized with the Yoast SEO Premium plugin v25.3 (Yoast SEO v27.4) - https:\/\/yoast.com\/product\/yoast-seo-premium-wordpress\/ -->\n<title>Re\u021beaua Na\u021bional\u0103 a Muzeelor: Cele mai multe muzee din Rom\u00e2nia r\u0103m\u00e2n \u00eenchise dup\u0103 15 mai, deoarce statul nu d\u0103 bani pentru aplicare m\u0103surilor necesare. Care sunt muzeele care se redeschid - Buletin de Bucure\u0219ti<\/title>\n<meta name=\"robots\" content=\"index, follow, max-snippet:-1, max-image-preview:large, max-video-preview:-1\" \/>\n<link rel=\"canonical\" href=\"https:\/\/buletin.de\/bucuresti\/reteaua-nationala-a-muzeelor-cele-mai-multe-muzee-din-romania-ar-putea-ramane-inchise-dupa-15-mai-deoarce-statul-nu-da-bani-pentru-aplicare-masurilor-necesare\/\" \/>\n<meta property=\"og:locale\" content=\"en_GB\" \/>\n<meta property=\"og:type\" content=\"article\" \/>\n<meta property=\"og:title\" content=\"Re\u021beaua Na\u021bional\u0103 a Muzeelor: Cele mai multe muzee din Rom\u00e2nia r\u0103m\u00e2n \u00eenchise dup\u0103 15 mai, deoarce statul nu d\u0103 bani pentru aplicare m\u0103surilor necesare. Care sunt muzeele care se redeschid\" \/>\n<meta property=\"og:description\" content=\"UPDATE: Care sunt muzeele din Bucure\u0219ti care au anun\u021bat data de redeschidere \u00een starea de alert\u0103 Muzeul Na\u021bional de Art\u0103 al Rom\u00e2niei, Muzeul Colec\u021biilor de Art\u0103, Muzeul K.H Zambaccian \u0219i Muzeul Theodor Pallady se vor redeschide de pe 20 mai. Programul temporar de vizitare va fi de miercuri p\u00e2n\u0103 duminic\u0103, \u00eentre orele 11:00-17:00. Muzeul Muncipiului [&hellip;]\" \/>\n<meta property=\"og:url\" content=\"https:\/\/buletin.de\/bucuresti\/reteaua-nationala-a-muzeelor-cele-mai-multe-muzee-din-romania-ar-putea-ramane-inchise-dupa-15-mai-deoarce-statul-nu-da-bani-pentru-aplicare-masurilor-necesare\/\" \/>\n<meta property=\"og:site_name\" content=\"Buletin de Bucure\u0219ti\" \/>\n<meta property=\"article:publisher\" content=\"https:\/\/www.facebook.com\/buletin.de.buc\" \/>\n<meta property=\"article:published_time\" content=\"2020-05-14T08:36:17+00:00\" \/>\n<meta property=\"article:modified_time\" content=\"2020-05-14T15:36:47+00:00\" \/>\n<meta property=\"og:image\" content=\"https:\/\/buletin.de\/bucuresti\/wp-content\/uploads\/vizual-noaptea-muzeelor.jpg\" \/>\n\t<meta property=\"og:image:width\" content=\"2048\" \/>\n\t<meta property=\"og:image:height\" content=\"1365\" \/>\n\t<meta property=\"og:image:type\" content=\"image\/jpeg\" \/>\n<meta name=\"author\" content=\"Irina Anghel\" \/>\n<meta name=\"twitter:card\" content=\"summary_large_image\" \/>\n<meta name=\"twitter:label1\" content=\"Written by\" \/>\n\t<meta name=\"twitter:data1\" content=\"Irina Anghel\" \/>\n\t<meta name=\"twitter:label2\" content=\"Estimated reading time\" \/>\n\t<meta name=\"twitter:data2\" content=\"3 minutes\" \/>\n<script type=\"application\/ld+json\" class=\"yoast-schema-graph\">{\"@context\":\"https:\\\/\\\/schema.org\",\"@graph\":[{\"@type\":\"Article\",\"@id\":\"https:\\\/\\\/buletin.de\\\/bucuresti\\\/reteaua-nationala-a-muzeelor-cele-mai-multe-muzee-din-romania-ar-putea-ramane-inchise-dupa-15-mai-deoarce-statul-nu-da-bani-pentru-aplicare-masurilor-necesare\\\/#article\",\"isPartOf\":{\"@id\":\"https:\\\/\\\/buletin.de\\\/bucuresti\\\/reteaua-nationala-a-muzeelor-cele-mai-multe-muzee-din-romania-ar-putea-ramane-inchise-dupa-15-mai-deoarce-statul-nu-da-bani-pentru-aplicare-masurilor-necesare\\\/\"},\"author\":{\"name\":\"Irina Anghel\",\"@id\":\"https:\\\/\\\/buletin.de\\\/bucuresti\\\/#\\\/schema\\\/person\\\/7a01591ad05c4d2c7261fe7f0383d2af\"},\"headline\":\"Re\u021beaua Na\u021bional\u0103 a Muzeelor: Cele mai multe muzee din Rom\u00e2nia r\u0103m\u00e2n \u00eenchise dup\u0103 15 mai, deoarce statul nu d\u0103 bani pentru aplicare m\u0103surilor necesare. Care sunt muzeele care se redeschid\",\"datePublished\":\"2020-05-14T08:36:17+00:00\",\"dateModified\":\"2020-05-14T15:36:47+00:00\",\"mainEntityOfPage\":{\"@id\":\"https:\\\/\\\/buletin.de\\\/bucuresti\\\/reteaua-nationala-a-muzeelor-cele-mai-multe-muzee-din-romania-ar-putea-ramane-inchise-dupa-15-mai-deoarce-statul-nu-da-bani-pentru-aplicare-masurilor-necesare\\\/\"},\"wordCount\":648,\"publisher\":{\"@id\":\"https:\\\/\\\/buletin.de\\\/bucuresti\\\/#organization\"},\"image\":{\"@id\":\"https:\\\/\\\/buletin.de\\\/bucuresti\\\/reteaua-nationala-a-muzeelor-cele-mai-multe-muzee-din-romania-ar-putea-ramane-inchise-dupa-15-mai-deoarce-statul-nu-da-bani-pentru-aplicare-masurilor-necesare\\\/#primaryimage\"},\"thumbnailUrl\":\"https:\\\/\\\/buletin.de\\\/bucuresti\\\/wp-content\\\/uploads\\\/vizual-noaptea-muzeelor.jpg\",\"keywords\":[\"coronavirus\",\"muzee\"],\"articleSection\":[\"Covid-19\",\"Cultur\u0103\"],\"inLanguage\":\"en-GB\",\"copyrightYear\":\"2020\",\"copyrightHolder\":{\"@id\":\"https:\\\/\\\/buletin.de\\\/bucuresti\\\/#organization\"}},{\"@type\":\"WebPage\",\"@id\":\"https:\\\/\\\/buletin.de\\\/bucuresti\\\/reteaua-nationala-a-muzeelor-cele-mai-multe-muzee-din-romania-ar-putea-ramane-inchise-dupa-15-mai-deoarce-statul-nu-da-bani-pentru-aplicare-masurilor-necesare\\\/\",\"url\":\"https:\\\/\\\/buletin.de\\\/bucuresti\\\/reteaua-nationala-a-muzeelor-cele-mai-multe-muzee-din-romania-ar-putea-ramane-inchise-dupa-15-mai-deoarce-statul-nu-da-bani-pentru-aplicare-masurilor-necesare\\\/\",\"name\":\"Re\u021beaua Na\u021bional\u0103 a Muzeelor: Cele mai multe muzee din Rom\u00e2nia r\u0103m\u00e2n \u00eenchise dup\u0103 15 mai, deoarce statul nu d\u0103 bani pentru aplicare m\u0103surilor necesare. Care sunt muzeele care se redeschid - Buletin de Bucure\u0219ti\",\"isPartOf\":{\"@id\":\"https:\\\/\\\/buletin.de\\\/bucuresti\\\/#website\"},\"primaryImageOfPage\":{\"@id\":\"https:\\\/\\\/buletin.de\\\/bucuresti\\\/reteaua-nationala-a-muzeelor-cele-mai-multe-muzee-din-romania-ar-putea-ramane-inchise-dupa-15-mai-deoarce-statul-nu-da-bani-pentru-aplicare-masurilor-necesare\\\/#primaryimage\"},\"image\":{\"@id\":\"https:\\\/\\\/buletin.de\\\/bucuresti\\\/reteaua-nationala-a-muzeelor-cele-mai-multe-muzee-din-romania-ar-putea-ramane-inchise-dupa-15-mai-deoarce-statul-nu-da-bani-pentru-aplicare-masurilor-necesare\\\/#primaryimage\"},\"thumbnailUrl\":\"https:\\\/\\\/buletin.de\\\/bucuresti\\\/wp-content\\\/uploads\\\/vizual-noaptea-muzeelor.jpg\",\"datePublished\":\"2020-05-14T08:36:17+00:00\",\"dateModified\":\"2020-05-14T15:36:47+00:00\",\"breadcrumb\":{\"@id\":\"https:\\\/\\\/buletin.de\\\/bucuresti\\\/reteaua-nationala-a-muzeelor-cele-mai-multe-muzee-din-romania-ar-putea-ramane-inchise-dupa-15-mai-deoarce-statul-nu-da-bani-pentru-aplicare-masurilor-necesare\\\/#breadcrumb\"},\"inLanguage\":\"en-GB\",\"potentialAction\":[{\"@type\":\"ReadAction\",\"target\":[\"https:\\\/\\\/buletin.de\\\/bucuresti\\\/reteaua-nationala-a-muzeelor-cele-mai-multe-muzee-din-romania-ar-putea-ramane-inchise-dupa-15-mai-deoarce-statul-nu-da-bani-pentru-aplicare-masurilor-necesare\\\/\"]}]},{\"@type\":\"ImageObject\",\"inLanguage\":\"en-GB\",\"@id\":\"https:\\\/\\\/buletin.de\\\/bucuresti\\\/reteaua-nationala-a-muzeelor-cele-mai-multe-muzee-din-romania-ar-putea-ramane-inchise-dupa-15-mai-deoarce-statul-nu-da-bani-pentru-aplicare-masurilor-necesare\\\/#primaryimage\",\"url\":\"https:\\\/\\\/buletin.de\\\/bucuresti\\\/wp-content\\\/uploads\\\/vizual-noaptea-muzeelor.jpg\",\"contentUrl\":\"https:\\\/\\\/buletin.de\\\/bucuresti\\\/wp-content\\\/uploads\\\/vizual-noaptea-muzeelor.jpg\",\"width\":2048,\"height\":1365},{\"@type\":\"BreadcrumbList\",\"@id\":\"https:\\\/\\\/buletin.de\\\/bucuresti\\\/reteaua-nationala-a-muzeelor-cele-mai-multe-muzee-din-romania-ar-putea-ramane-inchise-dupa-15-mai-deoarce-statul-nu-da-bani-pentru-aplicare-masurilor-necesare\\\/#breadcrumb\",\"itemListElement\":[{\"@type\":\"ListItem\",\"position\":1,\"name\":\"Acas\u0103\",\"item\":\"https:\\\/\\\/buletin.de\\\/bucuresti\\\/\"},{\"@type\":\"ListItem\",\"position\":2,\"name\":\"Re\u021beaua Na\u021bional\u0103 a Muzeelor: Cele mai multe muzee din Rom\u00e2nia r\u0103m\u00e2n \u00eenchise dup\u0103 15 mai, deoarce statul nu d\u0103 bani pentru aplicare m\u0103surilor necesare. Care sunt muzeele care se redeschid\"}]},{\"@type\":\"WebSite\",\"@id\":\"https:\\\/\\\/buletin.de\\\/bucuresti\\\/#website\",\"url\":\"https:\\\/\\\/buletin.de\\\/bucuresti\\\/\",\"name\":\"Buletin de Bucure\u0219ti\",\"description\":\"\u0218tiri \u0219i investiga\u021bii esen\u021biale din capital\u0103\",\"publisher\":{\"@id\":\"https:\\\/\\\/buletin.de\\\/bucuresti\\\/#organization\"},\"potentialAction\":[{\"@type\":\"SearchAction\",\"target\":{\"@type\":\"EntryPoint\",\"urlTemplate\":\"https:\\\/\\\/buletin.de\\\/bucuresti\\\/?s={search_term_string}\"},\"query-input\":{\"@type\":\"PropertyValueSpecification\",\"valueRequired\":true,\"valueName\":\"search_term_string\"}}],\"inLanguage\":\"en-GB\"},{\"@type\":\"Organization\",\"@id\":\"https:\\\/\\\/buletin.de\\\/bucuresti\\\/#organization\",\"name\":\"Buletin de Bucure\u0219ti\",\"url\":\"https:\\\/\\\/buletin.de\\\/bucuresti\\\/\",\"logo\":{\"@type\":\"ImageObject\",\"inLanguage\":\"en-GB\",\"@id\":\"https:\\\/\\\/buletin.de\\\/bucuresti\\\/#\\\/schema\\\/logo\\\/image\\\/\",\"url\":\"https:\\\/\\\/buletin.de\\\/bucuresti\\\/wp-content\\\/uploads\\\/logo-bdb-full-wide-vernil-transparent.png\",\"contentUrl\":\"https:\\\/\\\/buletin.de\\\/bucuresti\\\/wp-content\\\/uploads\\\/logo-bdb-full-wide-vernil-transparent.png\",\"width\":1782,\"height\":626,\"caption\":\"Buletin de Bucure\u0219ti\"},\"image\":{\"@id\":\"https:\\\/\\\/buletin.de\\\/bucuresti\\\/#\\\/schema\\\/logo\\\/image\\\/\"},\"sameAs\":[\"https:\\\/\\\/www.facebook.com\\\/buletin.de.buc\",\"https:\\\/\\\/www.instagram.com\\\/buletinde.bucuresti\\\/\"]},{\"@type\":\"Person\",\"@id\":\"https:\\\/\\\/buletin.de\\\/bucuresti\\\/#\\\/schema\\\/person\\\/7a01591ad05c4d2c7261fe7f0383d2af\",\"name\":\"Irina Anghel\",\"image\":{\"@type\":\"ImageObject\",\"inLanguage\":\"en-GB\",\"@id\":\"https:\\\/\\\/secure.gravatar.com\\\/avatar\\\/e7d429cbd0c7fe915f817961c0ffb96b407bc87e15aa35cee85f77146f8cce7e?s=96&d=monsterid&r=g693374df2a66e3f4935d210ea15b95ff\",\"url\":\"https:\\\/\\\/secure.gravatar.com\\\/avatar\\\/e7d429cbd0c7fe915f817961c0ffb96b407bc87e15aa35cee85f77146f8cce7e?s=96&d=monsterid&r=g\",\"contentUrl\":\"https:\\\/\\\/secure.gravatar.com\\\/avatar\\\/e7d429cbd0c7fe915f817961c0ffb96b407bc87e15aa35cee85f77146f8cce7e?s=96&d=monsterid&r=g\",\"caption\":\"Irina Anghel\"},\"url\":\"https:\\\/\\\/buletin.de\\\/bucuresti\\\/author\\\/irina\\\/\"}]}<\/script>\n<!-- \/ Yoast SEO Premium plugin. -->","yoast_head_json":{"title":"Re\u021beaua Na\u021bional\u0103 a Muzeelor: Cele mai multe muzee din Rom\u00e2nia r\u0103m\u00e2n \u00eenchise dup\u0103 15 mai, deoarce statul nu d\u0103 bani pentru aplicare m\u0103surilor necesare. Care sunt muzeele care se redeschid - Buletin de Bucure\u0219ti","robots":{"index":"index","follow":"follow","max-snippet":"max-snippet:-1","max-image-preview":"max-image-preview:large","max-video-preview":"max-video-preview:-1"},"canonical":"https:\/\/buletin.de\/bucuresti\/reteaua-nationala-a-muzeelor-cele-mai-multe-muzee-din-romania-ar-putea-ramane-inchise-dupa-15-mai-deoarce-statul-nu-da-bani-pentru-aplicare-masurilor-necesare\/","og_locale":"en_GB","og_type":"article","og_title":"Re\u021beaua Na\u021bional\u0103 a Muzeelor: Cele mai multe muzee din Rom\u00e2nia r\u0103m\u00e2n \u00eenchise dup\u0103 15 mai, deoarce statul nu d\u0103 bani pentru aplicare m\u0103surilor necesare. Care sunt muzeele care se redeschid","og_description":"UPDATE: Care sunt muzeele din Bucure\u0219ti care au anun\u021bat data de redeschidere \u00een starea de alert\u0103 Muzeul Na\u021bional de Art\u0103 al Rom\u00e2niei, Muzeul Colec\u021biilor de Art\u0103, Muzeul K.H Zambaccian \u0219i Muzeul Theodor Pallady se vor redeschide de pe 20 mai. Programul temporar de vizitare va fi de miercuri p\u00e2n\u0103 duminic\u0103, \u00eentre orele 11:00-17:00. Muzeul Muncipiului [&hellip;]","og_url":"https:\/\/buletin.de\/bucuresti\/reteaua-nationala-a-muzeelor-cele-mai-multe-muzee-din-romania-ar-putea-ramane-inchise-dupa-15-mai-deoarce-statul-nu-da-bani-pentru-aplicare-masurilor-necesare\/","og_site_name":"Buletin de Bucure\u0219ti","article_publisher":"https:\/\/www.facebook.com\/buletin.de.buc","article_published_time":"2020-05-14T08:36:17+00:00","article_modified_time":"2020-05-14T15:36:47+00:00","og_image":[{"width":2048,"height":1365,"url":"https:\/\/buletin.de\/bucuresti\/wp-content\/uploads\/vizual-noaptea-muzeelor.jpg","type":"image\/jpeg"}],"author":"Irina Anghel","twitter_card":"summary_large_image","twitter_misc":{"Written by":"Irina Anghel","Estimated reading time":"3 minutes"},"schema":{"@context":"https:\/\/schema.org","@graph":[{"@type":"Article","@id":"https:\/\/buletin.de\/bucuresti\/reteaua-nationala-a-muzeelor-cele-mai-multe-muzee-din-romania-ar-putea-ramane-inchise-dupa-15-mai-deoarce-statul-nu-da-bani-pentru-aplicare-masurilor-necesare\/#article","isPartOf":{"@id":"https:\/\/buletin.de\/bucuresti\/reteaua-nationala-a-muzeelor-cele-mai-multe-muzee-din-romania-ar-putea-ramane-inchise-dupa-15-mai-deoarce-statul-nu-da-bani-pentru-aplicare-masurilor-necesare\/"},"author":{"name":"Irina Anghel","@id":"https:\/\/buletin.de\/bucuresti\/#\/schema\/person\/7a01591ad05c4d2c7261fe7f0383d2af"},"headline":"Re\u021beaua Na\u021bional\u0103 a Muzeelor: Cele mai multe muzee din Rom\u00e2nia r\u0103m\u00e2n \u00eenchise dup\u0103 15 mai, deoarce statul nu d\u0103 bani pentru aplicare m\u0103surilor necesare. Care sunt muzeele care se redeschid","datePublished":"2020-05-14T08:36:17+00:00","dateModified":"2020-05-14T15:36:47+00:00","mainEntityOfPage":{"@id":"https:\/\/buletin.de\/bucuresti\/reteaua-nationala-a-muzeelor-cele-mai-multe-muzee-din-romania-ar-putea-ramane-inchise-dupa-15-mai-deoarce-statul-nu-da-bani-pentru-aplicare-masurilor-necesare\/"},"wordCount":648,"publisher":{"@id":"https:\/\/buletin.de\/bucuresti\/#organization"},"image":{"@id":"https:\/\/buletin.de\/bucuresti\/reteaua-nationala-a-muzeelor-cele-mai-multe-muzee-din-romania-ar-putea-ramane-inchise-dupa-15-mai-deoarce-statul-nu-da-bani-pentru-aplicare-masurilor-necesare\/#primaryimage"},"thumbnailUrl":"https:\/\/buletin.de\/bucuresti\/wp-content\/uploads\/vizual-noaptea-muzeelor.jpg","keywords":["coronavirus","muzee"],"articleSection":["Covid-19","Cultur\u0103"],"inLanguage":"en-GB","copyrightYear":"2020","copyrightHolder":{"@id":"https:\/\/buletin.de\/bucuresti\/#organization"}},{"@type":"WebPage","@id":"https:\/\/buletin.de\/bucuresti\/reteaua-nationala-a-muzeelor-cele-mai-multe-muzee-din-romania-ar-putea-ramane-inchise-dupa-15-mai-deoarce-statul-nu-da-bani-pentru-aplicare-masurilor-necesare\/","url":"https:\/\/buletin.de\/bucuresti\/reteaua-nationala-a-muzeelor-cele-mai-multe-muzee-din-romania-ar-putea-ramane-inchise-dupa-15-mai-deoarce-statul-nu-da-bani-pentru-aplicare-masurilor-necesare\/","name":"Re\u021beaua Na\u021bional\u0103 a Muzeelor: Cele mai multe muzee din Rom\u00e2nia r\u0103m\u00e2n \u00eenchise dup\u0103 15 mai, deoarce statul nu d\u0103 bani pentru aplicare m\u0103surilor necesare. Care sunt muzeele care se redeschid - Buletin de Bucure\u0219ti","isPartOf":{"@id":"https:\/\/buletin.de\/bucuresti\/#website"},"primaryImageOfPage":{"@id":"https:\/\/buletin.de\/bucuresti\/reteaua-nationala-a-muzeelor-cele-mai-multe-muzee-din-romania-ar-putea-ramane-inchise-dupa-15-mai-deoarce-statul-nu-da-bani-pentru-aplicare-masurilor-necesare\/#primaryimage"},"image":{"@id":"https:\/\/buletin.de\/bucuresti\/reteaua-nationala-a-muzeelor-cele-mai-multe-muzee-din-romania-ar-putea-ramane-inchise-dupa-15-mai-deoarce-statul-nu-da-bani-pentru-aplicare-masurilor-necesare\/#primaryimage"},"thumbnailUrl":"https:\/\/buletin.de\/bucuresti\/wp-content\/uploads\/vizual-noaptea-muzeelor.jpg","datePublished":"2020-05-14T08:36:17+00:00","dateModified":"2020-05-14T15:36:47+00:00","breadcrumb":{"@id":"https:\/\/buletin.de\/bucuresti\/reteaua-nationala-a-muzeelor-cele-mai-multe-muzee-din-romania-ar-putea-ramane-inchise-dupa-15-mai-deoarce-statul-nu-da-bani-pentru-aplicare-masurilor-necesare\/#breadcrumb"},"inLanguage":"en-GB","potentialAction":[{"@type":"ReadAction","target":["https:\/\/buletin.de\/bucuresti\/reteaua-nationala-a-muzeelor-cele-mai-multe-muzee-din-romania-ar-putea-ramane-inchise-dupa-15-mai-deoarce-statul-nu-da-bani-pentru-aplicare-masurilor-necesare\/"]}]},{"@type":"ImageObject","inLanguage":"en-GB","@id":"https:\/\/buletin.de\/bucuresti\/reteaua-nationala-a-muzeelor-cele-mai-multe-muzee-din-romania-ar-putea-ramane-inchise-dupa-15-mai-deoarce-statul-nu-da-bani-pentru-aplicare-masurilor-necesare\/#primaryimage","url":"https:\/\/buletin.de\/bucuresti\/wp-content\/uploads\/vizual-noaptea-muzeelor.jpg","contentUrl":"https:\/\/buletin.de\/bucuresti\/wp-content\/uploads\/vizual-noaptea-muzeelor.jpg","width":2048,"height":1365},{"@type":"BreadcrumbList","@id":"https:\/\/buletin.de\/bucuresti\/reteaua-nationala-a-muzeelor-cele-mai-multe-muzee-din-romania-ar-putea-ramane-inchise-dupa-15-mai-deoarce-statul-nu-da-bani-pentru-aplicare-masurilor-necesare\/#breadcrumb","itemListElement":[{"@type":"ListItem","position":1,"name":"Acas\u0103","item":"https:\/\/buletin.de\/bucuresti\/"},{"@type":"ListItem","position":2,"name":"Re\u021beaua Na\u021bional\u0103 a Muzeelor: Cele mai multe muzee din Rom\u00e2nia r\u0103m\u00e2n \u00eenchise dup\u0103 15 mai, deoarce statul nu d\u0103 bani pentru aplicare m\u0103surilor necesare. Care sunt muzeele care se redeschid"}]},{"@type":"WebSite","@id":"https:\/\/buletin.de\/bucuresti\/#website","url":"https:\/\/buletin.de\/bucuresti\/","name":"Buletin de Bucure\u0219ti","description":"\u0218tiri \u0219i investiga\u021bii esen\u021biale din capital\u0103","publisher":{"@id":"https:\/\/buletin.de\/bucuresti\/#organization"},"potentialAction":[{"@type":"SearchAction","target":{"@type":"EntryPoint","urlTemplate":"https:\/\/buletin.de\/bucuresti\/?s={search_term_string}"},"query-input":{"@type":"PropertyValueSpecification","valueRequired":true,"valueName":"search_term_string"}}],"inLanguage":"en-GB"},{"@type":"Organization","@id":"https:\/\/buletin.de\/bucuresti\/#organization","name":"Buletin de Bucure\u0219ti","url":"https:\/\/buletin.de\/bucuresti\/","logo":{"@type":"ImageObject","inLanguage":"en-GB","@id":"https:\/\/buletin.de\/bucuresti\/#\/schema\/logo\/image\/","url":"https:\/\/buletin.de\/bucuresti\/wp-content\/uploads\/logo-bdb-full-wide-vernil-transparent.png","contentUrl":"https:\/\/buletin.de\/bucuresti\/wp-content\/uploads\/logo-bdb-full-wide-vernil-transparent.png","width":1782,"height":626,"caption":"Buletin de Bucure\u0219ti"},"image":{"@id":"https:\/\/buletin.de\/bucuresti\/#\/schema\/logo\/image\/"},"sameAs":["https:\/\/www.facebook.com\/buletin.de.buc","https:\/\/www.instagram.com\/buletinde.bucuresti\/"]},{"@type":"Person","@id":"https:\/\/buletin.de\/bucuresti\/#\/schema\/person\/7a01591ad05c4d2c7261fe7f0383d2af","name":"Irina Anghel","image":{"@type":"ImageObject","inLanguage":"en-GB","@id":"https:\/\/secure.gravatar.com\/avatar\/e7d429cbd0c7fe915f817961c0ffb96b407bc87e15aa35cee85f77146f8cce7e?s=96&d=monsterid&r=g693374df2a66e3f4935d210ea15b95ff","url":"https:\/\/secure.gravatar.com\/avatar\/e7d429cbd0c7fe915f817961c0ffb96b407bc87e15aa35cee85f77146f8cce7e?s=96&d=monsterid&r=g","contentUrl":"https:\/\/secure.gravatar.com\/avatar\/e7d429cbd0c7fe915f817961c0ffb96b407bc87e15aa35cee85f77146f8cce7e?s=96&d=monsterid&r=g","caption":"Irina Anghel"},"url":"https:\/\/buletin.de\/bucuresti\/author\/irina\/"}]}},"authors":[{"term_id":22592,"user_id":15,"is_guest":0,"slug":"irina","display_name":"Irina Anghel","avatar_url":"https:\/\/secure.gravatar.com\/avatar\/e7d429cbd0c7fe915f817961c0ffb96b407bc87e15aa35cee85f77146f8cce7e?s=96&d=monsterid&r=g","0":null,"1":"","2":"","3":"","4":"","5":"","6":"","7":"","8":""}],"_links":{"self":[{"href":"https:\/\/buletin.de\/bucuresti\/wp-json\/wp\/v2\/posts\/7078","targetHints":{"allow":["GET"]}}],"collection":[{"href":"https:\/\/buletin.de\/bucuresti\/wp-json\/wp\/v2\/posts"}],"about":[{"href":"https:\/\/buletin.de\/bucuresti\/wp-json\/wp\/v2\/types\/post"}],"author":[{"embeddable":true,"href":"https:\/\/buletin.de\/bucuresti\/wp-json\/wp\/v2\/users\/15"}],"replies":[{"embeddable":true,"href":"https:\/\/buletin.de\/bucuresti\/wp-json\/wp\/v2\/comments?post=7078"}],"version-history":[{"count":7,"href":"https:\/\/buletin.de\/bucuresti\/wp-json\/wp\/v2\/posts\/7078\/revisions"}],"predecessor-version":[{"id":7100,"href":"https:\/\/buletin.de\/bucuresti\/wp-json\/wp\/v2\/posts\/7078\/revisions\/7100"}],"wp:featuredmedia":[{"embeddable":true,"href":"https:\/\/buletin.de\/bucuresti\/wp-json\/wp\/v2\/media\/7083"}],"wp:attachment":[{"href":"https:\/\/buletin.de\/bucuresti\/wp-json\/wp\/v2\/media?parent=7078"}],"wp:term":[{"taxonomy":"category","embeddable":true,"href":"https:\/\/buletin.de\/bucuresti\/wp-json\/wp\/v2\/categories?post=7078"},{"taxonomy":"post_tag","embeddable":true,"href":"https:\/\/buletin.de\/bucuresti\/wp-json\/wp\/v2\/tags?post=7078"},{"taxonomy":"author","embeddable":true,"href":"https:\/\/buletin.de\/bucuresti\/wp-json\/wp\/v2\/ppma_author?post=7078"}],"curies":[{"name":"wp","href":"https:\/\/api.w.org\/{rel}","templated":true}]}}