{"id":70736,"date":"2023-11-30T20:30:00","date_gmt":"2023-11-30T18:30:00","guid":{"rendered":"https:\/\/buletin.de\/bucuresti\/?p=70736"},"modified":"2023-12-01T09:05:13","modified_gmt":"2023-12-01T07:05:13","slug":"povestea-marii-uniri-la-muzeul-national-de-istorie-de-ziua-nationala","status":"publish","type":"post","link":"https:\/\/buletin.de\/bucuresti\/povestea-marii-uniri-la-muzeul-national-de-istorie-de-ziua-nationala\/","title":{"rendered":"Povestea Marii Uniri, la Muzeul Na\u0163ional de Istorie, de Ziua Na\u0163ional\u0103"},"content":{"rendered":"\n<p><strong>Pe 1 Decembrie, la Muzeul Na\u0163ional de Istorie a Rom\u00e2niei se va deschide Expozi\u0163ia \u201eMarea Unire. Povestea ei \u00een medalii \u015fi plachete\u201d.<\/strong> <strong>Evenimentul are loc cu ocazia \u00eemplinirii a 105 ani de la \u00eenf\u0103ptuirea Marii Uniri.<\/strong><\/p>\n\n\n\n<p>Expozi\u0163ia va putea fi vizitat\u0103 p\u00e2n\u0103 pe 31 decembrie, de miercuri p\u00e2n\u0103 duminic\u0103, \u00eentre orele 9:00 \u2013 17:00. <\/p>\n\n\n\n<p><strong><em>\u201eMedaliile \u015fi plachetele prezentate \u00een cadrul expozi\u0163iei reprezint\u0103 nu doar opere artistice remarcabile, ci \u015fi documente istorice prin care mesajele politice \u015fi evenimentele importante ale vremii au fost transmise \u015fi celebrate,o modalitate elegant\u0103 de a aminti \u015fi comemora actele de curaj ale personalit\u0103\u0163ilor marcante care au avut un rol instrumental \u00een realizarea Marii Uniri, \u00een 1918\u201d<\/em><\/strong>, potrivit unui comunicat al institu\u021biei. <\/p>\n\n\n\n<p>Printre personalit\u0103\u0163ile care vor fi amintite, \u00een cadrul expozi\u0163iei, sunt suveranii Rom\u00e2niei, regele Ferdinand I \u015fi regina Maria \u015fi politicienii Ion I. C. Br\u0103tianu \u015fi Iuliu Maniu.<\/p>\n\n\n\n<p>De asemenea vor fi amintiti Alexandru Emanoil Lahovary, precum \u015fi militarii Henri Mathias Berthelot \u015fi Alexandru Averescu.  <\/p>\n","protected":false},"excerpt":{"rendered":"<p>Pe 1 Decembrie, la Muzeul Na\u0163ional de Istorie a Rom\u00e2niei se va deschide Expozi\u0163ia \u201eMarea Unire. Povestea ei \u00een medalii \u015fi plachete\u201d. Evenimentul are loc cu ocazia \u00eemplinirii a 105 ani de la \u00eenf\u0103ptuirea Marii Uniri. Expozi\u0163ia va putea fi vizitat\u0103 p\u00e2n\u0103 pe 31 decembrie, de miercuri p\u00e2n\u0103 duminic\u0103, \u00eentre orele 9:00 \u2013 17:00. \u201eMedaliile [&hellip;]<\/p>\n","protected":false},"author":49,"featured_media":70737,"comment_status":"closed","ping_status":"open","sticky":false,"template":"","format":"standard","meta":{"_acf_changed":false,"inline_featured_image":false,"ngg_post_thumbnail":0,"footnotes":""},"categories":[6994,81,62],"tags":[6146,8127,3582],"ppma_author":[22574],"class_list":["post-70736","post","type-post","status-publish","format-standard","has-post-thumbnail","hentry","category-stiri-2","category-cultura","category-stiri","tag-muzeul-cotroceni","tag-muzeul-national-de-istorie-a-romaniei","tag-ziua-nationala"],"acf":[],"yoast_head":"<!-- This site is optimized with the Yoast SEO Premium plugin v25.3 (Yoast SEO v27.4) - https:\/\/yoast.com\/product\/yoast-seo-premium-wordpress\/ -->\n<title>Povestea Marii Uniri, la Muzeul Na\u0163ional de Istorie, de Ziua Na\u0163ional\u0103 - Buletin de Bucure\u0219ti<\/title>\n<meta name=\"robots\" content=\"index, follow, max-snippet:-1, max-image-preview:large, max-video-preview:-1\" \/>\n<link rel=\"canonical\" href=\"https:\/\/buletin.de\/bucuresti\/povestea-marii-uniri-la-muzeul-national-de-istorie-de-ziua-nationala\/\" \/>\n<meta property=\"og:locale\" content=\"en_GB\" \/>\n<meta property=\"og:type\" content=\"article\" \/>\n<meta property=\"og:title\" content=\"Povestea Marii Uniri, la Muzeul Na\u0163ional de Istorie, de Ziua Na\u0163ional\u0103\" \/>\n<meta property=\"og:description\" content=\"Pe 1 Decembrie, la Muzeul Na\u0163ional de Istorie a Rom\u00e2niei se va deschide Expozi\u0163ia \u201eMarea Unire. Povestea ei \u00een medalii \u015fi plachete\u201d. Evenimentul are loc cu ocazia \u00eemplinirii a 105 ani de la \u00eenf\u0103ptuirea Marii Uniri. Expozi\u0163ia va putea fi vizitat\u0103 p\u00e2n\u0103 pe 31 decembrie, de miercuri p\u00e2n\u0103 duminic\u0103, \u00eentre orele 9:00 \u2013 17:00. \u201eMedaliile [&hellip;]\" \/>\n<meta property=\"og:url\" content=\"https:\/\/buletin.de\/bucuresti\/povestea-marii-uniri-la-muzeul-national-de-istorie-de-ziua-nationala\/\" \/>\n<meta property=\"og:site_name\" content=\"Buletin de Bucure\u0219ti\" \/>\n<meta property=\"article:publisher\" content=\"https:\/\/www.facebook.com\/buletin.de.buc\" \/>\n<meta property=\"article:published_time\" content=\"2023-11-30T18:30:00+00:00\" \/>\n<meta property=\"article:modified_time\" content=\"2023-12-01T07:05:13+00:00\" \/>\n<meta property=\"og:image\" content=\"https:\/\/buletin.de\/bucuresti\/wp-content\/uploads\/Expozitie-Cotroceni.jpeg\" \/>\n\t<meta property=\"og:image:width\" content=\"1920\" \/>\n\t<meta property=\"og:image:height\" content=\"908\" \/>\n\t<meta property=\"og:image:type\" content=\"image\/jpeg\" \/>\n<meta name=\"author\" content=\"Diana Matei\" \/>\n<meta name=\"twitter:card\" content=\"summary_large_image\" \/>\n<meta name=\"twitter:label1\" content=\"Written by\" \/>\n\t<meta name=\"twitter:data1\" content=\"Diana Matei\" \/>\n\t<meta name=\"twitter:label2\" content=\"Estimated reading time\" \/>\n\t<meta name=\"twitter:data2\" content=\"1 minute\" \/>\n<script type=\"application\/ld+json\" class=\"yoast-schema-graph\">{\"@context\":\"https:\\\/\\\/schema.org\",\"@graph\":[{\"@type\":\"Article\",\"@id\":\"https:\\\/\\\/buletin.de\\\/bucuresti\\\/povestea-marii-uniri-la-muzeul-national-de-istorie-de-ziua-nationala\\\/#article\",\"isPartOf\":{\"@id\":\"https:\\\/\\\/buletin.de\\\/bucuresti\\\/povestea-marii-uniri-la-muzeul-national-de-istorie-de-ziua-nationala\\\/\"},\"author\":{\"name\":\"Diana Matei\",\"@id\":\"https:\\\/\\\/buletin.de\\\/bucuresti\\\/#\\\/schema\\\/person\\\/7e46040573290777280a0835d81ea4ea\"},\"headline\":\"Povestea Marii Uniri, la Muzeul Na\u0163ional de Istorie, de Ziua Na\u0163ional\u0103\",\"datePublished\":\"2023-11-30T18:30:00+00:00\",\"dateModified\":\"2023-12-01T07:05:13+00:00\",\"mainEntityOfPage\":{\"@id\":\"https:\\\/\\\/buletin.de\\\/bucuresti\\\/povestea-marii-uniri-la-muzeul-national-de-istorie-de-ziua-nationala\\\/\"},\"wordCount\":180,\"publisher\":{\"@id\":\"https:\\\/\\\/buletin.de\\\/bucuresti\\\/#organization\"},\"image\":{\"@id\":\"https:\\\/\\\/buletin.de\\\/bucuresti\\\/povestea-marii-uniri-la-muzeul-national-de-istorie-de-ziua-nationala\\\/#primaryimage\"},\"thumbnailUrl\":\"https:\\\/\\\/buletin.de\\\/bucuresti\\\/wp-content\\\/uploads\\\/Expozitie-Cotroceni.jpeg\",\"keywords\":[\"muzeul cotroceni\",\"Muzeul Na\u0163ional de Istorie a Rom\u00e2niei.\",\"ziua nationala\"],\"articleSection\":[\"Articole\",\"Cultur\u0103\",\"\u0218tiri\"],\"inLanguage\":\"en-GB\",\"copyrightYear\":\"2023\",\"copyrightHolder\":{\"@id\":\"https:\\\/\\\/buletin.de\\\/bucuresti\\\/#organization\"}},{\"@type\":\"WebPage\",\"@id\":\"https:\\\/\\\/buletin.de\\\/bucuresti\\\/povestea-marii-uniri-la-muzeul-national-de-istorie-de-ziua-nationala\\\/\",\"url\":\"https:\\\/\\\/buletin.de\\\/bucuresti\\\/povestea-marii-uniri-la-muzeul-national-de-istorie-de-ziua-nationala\\\/\",\"name\":\"Povestea Marii Uniri, la Muzeul Na\u0163ional de Istorie, de Ziua Na\u0163ional\u0103 - Buletin de Bucure\u0219ti\",\"isPartOf\":{\"@id\":\"https:\\\/\\\/buletin.de\\\/bucuresti\\\/#website\"},\"primaryImageOfPage\":{\"@id\":\"https:\\\/\\\/buletin.de\\\/bucuresti\\\/povestea-marii-uniri-la-muzeul-national-de-istorie-de-ziua-nationala\\\/#primaryimage\"},\"image\":{\"@id\":\"https:\\\/\\\/buletin.de\\\/bucuresti\\\/povestea-marii-uniri-la-muzeul-national-de-istorie-de-ziua-nationala\\\/#primaryimage\"},\"thumbnailUrl\":\"https:\\\/\\\/buletin.de\\\/bucuresti\\\/wp-content\\\/uploads\\\/Expozitie-Cotroceni.jpeg\",\"datePublished\":\"2023-11-30T18:30:00+00:00\",\"dateModified\":\"2023-12-01T07:05:13+00:00\",\"breadcrumb\":{\"@id\":\"https:\\\/\\\/buletin.de\\\/bucuresti\\\/povestea-marii-uniri-la-muzeul-national-de-istorie-de-ziua-nationala\\\/#breadcrumb\"},\"inLanguage\":\"en-GB\",\"potentialAction\":[{\"@type\":\"ReadAction\",\"target\":[\"https:\\\/\\\/buletin.de\\\/bucuresti\\\/povestea-marii-uniri-la-muzeul-national-de-istorie-de-ziua-nationala\\\/\"]}]},{\"@type\":\"ImageObject\",\"inLanguage\":\"en-GB\",\"@id\":\"https:\\\/\\\/buletin.de\\\/bucuresti\\\/povestea-marii-uniri-la-muzeul-national-de-istorie-de-ziua-nationala\\\/#primaryimage\",\"url\":\"https:\\\/\\\/buletin.de\\\/bucuresti\\\/wp-content\\\/uploads\\\/Expozitie-Cotroceni.jpeg\",\"contentUrl\":\"https:\\\/\\\/buletin.de\\\/bucuresti\\\/wp-content\\\/uploads\\\/Expozitie-Cotroceni.jpeg\",\"width\":1920,\"height\":908,\"caption\":\"Foto: Muzeul Cotroceni\"},{\"@type\":\"BreadcrumbList\",\"@id\":\"https:\\\/\\\/buletin.de\\\/bucuresti\\\/povestea-marii-uniri-la-muzeul-national-de-istorie-de-ziua-nationala\\\/#breadcrumb\",\"itemListElement\":[{\"@type\":\"ListItem\",\"position\":1,\"name\":\"Acas\u0103\",\"item\":\"https:\\\/\\\/buletin.de\\\/bucuresti\\\/\"},{\"@type\":\"ListItem\",\"position\":2,\"name\":\"Povestea Marii Uniri, la Muzeul Na\u0163ional de Istorie, de Ziua Na\u0163ional\u0103\"}]},{\"@type\":\"WebSite\",\"@id\":\"https:\\\/\\\/buletin.de\\\/bucuresti\\\/#website\",\"url\":\"https:\\\/\\\/buletin.de\\\/bucuresti\\\/\",\"name\":\"Buletin de Bucure\u0219ti\",\"description\":\"\u0218tiri \u0219i investiga\u021bii esen\u021biale din capital\u0103\",\"publisher\":{\"@id\":\"https:\\\/\\\/buletin.de\\\/bucuresti\\\/#organization\"},\"potentialAction\":[{\"@type\":\"SearchAction\",\"target\":{\"@type\":\"EntryPoint\",\"urlTemplate\":\"https:\\\/\\\/buletin.de\\\/bucuresti\\\/?s={search_term_string}\"},\"query-input\":{\"@type\":\"PropertyValueSpecification\",\"valueRequired\":true,\"valueName\":\"search_term_string\"}}],\"inLanguage\":\"en-GB\"},{\"@type\":\"Organization\",\"@id\":\"https:\\\/\\\/buletin.de\\\/bucuresti\\\/#organization\",\"name\":\"Buletin de Bucure\u0219ti\",\"url\":\"https:\\\/\\\/buletin.de\\\/bucuresti\\\/\",\"logo\":{\"@type\":\"ImageObject\",\"inLanguage\":\"en-GB\",\"@id\":\"https:\\\/\\\/buletin.de\\\/bucuresti\\\/#\\\/schema\\\/logo\\\/image\\\/\",\"url\":\"https:\\\/\\\/buletin.de\\\/bucuresti\\\/wp-content\\\/uploads\\\/logo-bdb-full-wide-vernil-transparent.png\",\"contentUrl\":\"https:\\\/\\\/buletin.de\\\/bucuresti\\\/wp-content\\\/uploads\\\/logo-bdb-full-wide-vernil-transparent.png\",\"width\":1782,\"height\":626,\"caption\":\"Buletin de Bucure\u0219ti\"},\"image\":{\"@id\":\"https:\\\/\\\/buletin.de\\\/bucuresti\\\/#\\\/schema\\\/logo\\\/image\\\/\"},\"sameAs\":[\"https:\\\/\\\/www.facebook.com\\\/buletin.de.buc\",\"https:\\\/\\\/www.instagram.com\\\/buletinde.bucuresti\\\/\"]},{\"@type\":\"Person\",\"@id\":\"https:\\\/\\\/buletin.de\\\/bucuresti\\\/#\\\/schema\\\/person\\\/7e46040573290777280a0835d81ea4ea\",\"name\":\"Diana Matei\",\"image\":{\"@type\":\"ImageObject\",\"inLanguage\":\"en-GB\",\"@id\":\"https:\\\/\\\/buletin.de\\\/bucuresti\\\/wp-content\\\/uploads\\\/9-2-96x96.jpg1e8590b30871d70e62ebcdaf2eff570c\",\"url\":\"https:\\\/\\\/buletin.de\\\/bucuresti\\\/wp-content\\\/uploads\\\/9-2-96x96.jpg\",\"contentUrl\":\"https:\\\/\\\/buletin.de\\\/bucuresti\\\/wp-content\\\/uploads\\\/9-2-96x96.jpg\",\"caption\":\"Diana Matei\"},\"url\":\"https:\\\/\\\/buletin.de\\\/bucuresti\\\/author\\\/dianamatei\\\/\"}]}<\/script>\n<!-- \/ Yoast SEO Premium plugin. -->","yoast_head_json":{"title":"Povestea Marii Uniri, la Muzeul Na\u0163ional de Istorie, de Ziua Na\u0163ional\u0103 - Buletin de Bucure\u0219ti","robots":{"index":"index","follow":"follow","max-snippet":"max-snippet:-1","max-image-preview":"max-image-preview:large","max-video-preview":"max-video-preview:-1"},"canonical":"https:\/\/buletin.de\/bucuresti\/povestea-marii-uniri-la-muzeul-national-de-istorie-de-ziua-nationala\/","og_locale":"en_GB","og_type":"article","og_title":"Povestea Marii Uniri, la Muzeul Na\u0163ional de Istorie, de Ziua Na\u0163ional\u0103","og_description":"Pe 1 Decembrie, la Muzeul Na\u0163ional de Istorie a Rom\u00e2niei se va deschide Expozi\u0163ia \u201eMarea Unire. Povestea ei \u00een medalii \u015fi plachete\u201d. Evenimentul are loc cu ocazia \u00eemplinirii a 105 ani de la \u00eenf\u0103ptuirea Marii Uniri. Expozi\u0163ia va putea fi vizitat\u0103 p\u00e2n\u0103 pe 31 decembrie, de miercuri p\u00e2n\u0103 duminic\u0103, \u00eentre orele 9:00 \u2013 17:00. \u201eMedaliile [&hellip;]","og_url":"https:\/\/buletin.de\/bucuresti\/povestea-marii-uniri-la-muzeul-national-de-istorie-de-ziua-nationala\/","og_site_name":"Buletin de Bucure\u0219ti","article_publisher":"https:\/\/www.facebook.com\/buletin.de.buc","article_published_time":"2023-11-30T18:30:00+00:00","article_modified_time":"2023-12-01T07:05:13+00:00","og_image":[{"width":1920,"height":908,"url":"https:\/\/buletin.de\/bucuresti\/wp-content\/uploads\/Expozitie-Cotroceni.jpeg","type":"image\/jpeg"}],"author":"Diana Matei","twitter_card":"summary_large_image","twitter_misc":{"Written by":"Diana Matei","Estimated reading time":"1 minute"},"schema":{"@context":"https:\/\/schema.org","@graph":[{"@type":"Article","@id":"https:\/\/buletin.de\/bucuresti\/povestea-marii-uniri-la-muzeul-national-de-istorie-de-ziua-nationala\/#article","isPartOf":{"@id":"https:\/\/buletin.de\/bucuresti\/povestea-marii-uniri-la-muzeul-national-de-istorie-de-ziua-nationala\/"},"author":{"name":"Diana Matei","@id":"https:\/\/buletin.de\/bucuresti\/#\/schema\/person\/7e46040573290777280a0835d81ea4ea"},"headline":"Povestea Marii Uniri, la Muzeul Na\u0163ional de Istorie, de Ziua Na\u0163ional\u0103","datePublished":"2023-11-30T18:30:00+00:00","dateModified":"2023-12-01T07:05:13+00:00","mainEntityOfPage":{"@id":"https:\/\/buletin.de\/bucuresti\/povestea-marii-uniri-la-muzeul-national-de-istorie-de-ziua-nationala\/"},"wordCount":180,"publisher":{"@id":"https:\/\/buletin.de\/bucuresti\/#organization"},"image":{"@id":"https:\/\/buletin.de\/bucuresti\/povestea-marii-uniri-la-muzeul-national-de-istorie-de-ziua-nationala\/#primaryimage"},"thumbnailUrl":"https:\/\/buletin.de\/bucuresti\/wp-content\/uploads\/Expozitie-Cotroceni.jpeg","keywords":["muzeul cotroceni","Muzeul Na\u0163ional de Istorie a Rom\u00e2niei.","ziua nationala"],"articleSection":["Articole","Cultur\u0103","\u0218tiri"],"inLanguage":"en-GB","copyrightYear":"2023","copyrightHolder":{"@id":"https:\/\/buletin.de\/bucuresti\/#organization"}},{"@type":"WebPage","@id":"https:\/\/buletin.de\/bucuresti\/povestea-marii-uniri-la-muzeul-national-de-istorie-de-ziua-nationala\/","url":"https:\/\/buletin.de\/bucuresti\/povestea-marii-uniri-la-muzeul-national-de-istorie-de-ziua-nationala\/","name":"Povestea Marii Uniri, la Muzeul Na\u0163ional de Istorie, de Ziua Na\u0163ional\u0103 - Buletin de Bucure\u0219ti","isPartOf":{"@id":"https:\/\/buletin.de\/bucuresti\/#website"},"primaryImageOfPage":{"@id":"https:\/\/buletin.de\/bucuresti\/povestea-marii-uniri-la-muzeul-national-de-istorie-de-ziua-nationala\/#primaryimage"},"image":{"@id":"https:\/\/buletin.de\/bucuresti\/povestea-marii-uniri-la-muzeul-national-de-istorie-de-ziua-nationala\/#primaryimage"},"thumbnailUrl":"https:\/\/buletin.de\/bucuresti\/wp-content\/uploads\/Expozitie-Cotroceni.jpeg","datePublished":"2023-11-30T18:30:00+00:00","dateModified":"2023-12-01T07:05:13+00:00","breadcrumb":{"@id":"https:\/\/buletin.de\/bucuresti\/povestea-marii-uniri-la-muzeul-national-de-istorie-de-ziua-nationala\/#breadcrumb"},"inLanguage":"en-GB","potentialAction":[{"@type":"ReadAction","target":["https:\/\/buletin.de\/bucuresti\/povestea-marii-uniri-la-muzeul-national-de-istorie-de-ziua-nationala\/"]}]},{"@type":"ImageObject","inLanguage":"en-GB","@id":"https:\/\/buletin.de\/bucuresti\/povestea-marii-uniri-la-muzeul-national-de-istorie-de-ziua-nationala\/#primaryimage","url":"https:\/\/buletin.de\/bucuresti\/wp-content\/uploads\/Expozitie-Cotroceni.jpeg","contentUrl":"https:\/\/buletin.de\/bucuresti\/wp-content\/uploads\/Expozitie-Cotroceni.jpeg","width":1920,"height":908,"caption":"Foto: Muzeul Cotroceni"},{"@type":"BreadcrumbList","@id":"https:\/\/buletin.de\/bucuresti\/povestea-marii-uniri-la-muzeul-national-de-istorie-de-ziua-nationala\/#breadcrumb","itemListElement":[{"@type":"ListItem","position":1,"name":"Acas\u0103","item":"https:\/\/buletin.de\/bucuresti\/"},{"@type":"ListItem","position":2,"name":"Povestea Marii Uniri, la Muzeul Na\u0163ional de Istorie, de Ziua Na\u0163ional\u0103"}]},{"@type":"WebSite","@id":"https:\/\/buletin.de\/bucuresti\/#website","url":"https:\/\/buletin.de\/bucuresti\/","name":"Buletin de Bucure\u0219ti","description":"\u0218tiri \u0219i investiga\u021bii esen\u021biale din capital\u0103","publisher":{"@id":"https:\/\/buletin.de\/bucuresti\/#organization"},"potentialAction":[{"@type":"SearchAction","target":{"@type":"EntryPoint","urlTemplate":"https:\/\/buletin.de\/bucuresti\/?s={search_term_string}"},"query-input":{"@type":"PropertyValueSpecification","valueRequired":true,"valueName":"search_term_string"}}],"inLanguage":"en-GB"},{"@type":"Organization","@id":"https:\/\/buletin.de\/bucuresti\/#organization","name":"Buletin de Bucure\u0219ti","url":"https:\/\/buletin.de\/bucuresti\/","logo":{"@type":"ImageObject","inLanguage":"en-GB","@id":"https:\/\/buletin.de\/bucuresti\/#\/schema\/logo\/image\/","url":"https:\/\/buletin.de\/bucuresti\/wp-content\/uploads\/logo-bdb-full-wide-vernil-transparent.png","contentUrl":"https:\/\/buletin.de\/bucuresti\/wp-content\/uploads\/logo-bdb-full-wide-vernil-transparent.png","width":1782,"height":626,"caption":"Buletin de Bucure\u0219ti"},"image":{"@id":"https:\/\/buletin.de\/bucuresti\/#\/schema\/logo\/image\/"},"sameAs":["https:\/\/www.facebook.com\/buletin.de.buc","https:\/\/www.instagram.com\/buletinde.bucuresti\/"]},{"@type":"Person","@id":"https:\/\/buletin.de\/bucuresti\/#\/schema\/person\/7e46040573290777280a0835d81ea4ea","name":"Diana Matei","image":{"@type":"ImageObject","inLanguage":"en-GB","@id":"https:\/\/buletin.de\/bucuresti\/wp-content\/uploads\/9-2-96x96.jpg1e8590b30871d70e62ebcdaf2eff570c","url":"https:\/\/buletin.de\/bucuresti\/wp-content\/uploads\/9-2-96x96.jpg","contentUrl":"https:\/\/buletin.de\/bucuresti\/wp-content\/uploads\/9-2-96x96.jpg","caption":"Diana Matei"},"url":"https:\/\/buletin.de\/bucuresti\/author\/dianamatei\/"}]}},"authors":[{"term_id":22574,"user_id":49,"is_guest":0,"slug":"dianamatei","display_name":"Diana Matei","avatar_url":"https:\/\/buletin.de\/bucuresti\/wp-content\/uploads\/9-2-96x96.jpg","0":null,"1":"","2":"","3":"","4":"","5":"","6":"","7":"","8":""}],"_links":{"self":[{"href":"https:\/\/buletin.de\/bucuresti\/wp-json\/wp\/v2\/posts\/70736","targetHints":{"allow":["GET"]}}],"collection":[{"href":"https:\/\/buletin.de\/bucuresti\/wp-json\/wp\/v2\/posts"}],"about":[{"href":"https:\/\/buletin.de\/bucuresti\/wp-json\/wp\/v2\/types\/post"}],"author":[{"embeddable":true,"href":"https:\/\/buletin.de\/bucuresti\/wp-json\/wp\/v2\/users\/49"}],"replies":[{"embeddable":true,"href":"https:\/\/buletin.de\/bucuresti\/wp-json\/wp\/v2\/comments?post=70736"}],"version-history":[{"count":5,"href":"https:\/\/buletin.de\/bucuresti\/wp-json\/wp\/v2\/posts\/70736\/revisions"}],"predecessor-version":[{"id":70940,"href":"https:\/\/buletin.de\/bucuresti\/wp-json\/wp\/v2\/posts\/70736\/revisions\/70940"}],"wp:featuredmedia":[{"embeddable":true,"href":"https:\/\/buletin.de\/bucuresti\/wp-json\/wp\/v2\/media\/70737"}],"wp:attachment":[{"href":"https:\/\/buletin.de\/bucuresti\/wp-json\/wp\/v2\/media?parent=70736"}],"wp:term":[{"taxonomy":"category","embeddable":true,"href":"https:\/\/buletin.de\/bucuresti\/wp-json\/wp\/v2\/categories?post=70736"},{"taxonomy":"post_tag","embeddable":true,"href":"https:\/\/buletin.de\/bucuresti\/wp-json\/wp\/v2\/tags?post=70736"},{"taxonomy":"author","embeddable":true,"href":"https:\/\/buletin.de\/bucuresti\/wp-json\/wp\/v2\/ppma_author?post=70736"}],"curies":[{"name":"wp","href":"https:\/\/api.w.org\/{rel}","templated":true}]}}