{"id":70608,"date":"2023-12-01T06:30:00","date_gmt":"2023-12-01T04:30:00","guid":{"rendered":"https:\/\/buletin.de\/bucuresti\/?p=70608"},"modified":"2023-11-30T22:41:30","modified_gmt":"2023-11-30T20:41:30","slug":"spargatorul-de-nuci-la-opera-comica-pentru-copii-de-ziua-nationala","status":"publish","type":"post","link":"https:\/\/buletin.de\/bucuresti\/spargatorul-de-nuci-la-opera-comica-pentru-copii-de-ziua-nationala\/","title":{"rendered":"Sp\u0103rg\u0103torul de Nuci, la Opera Comic\u0103 pentru Copii, de Ziua Na\u0163ional\u0103"},"content":{"rendered":"\n<p><strong>Opera Comic\u0103 pentru Copii \u00eei a\u0219teapt\u0103 pe cei mici, de 1 Decembrie, la spectacolul \u201eSp\u0103rg\u0103torul de Nuci\u201d. Reprezenta\u021bia \u00eencepe la ora 18:30.<\/strong><\/p>\n\n\n\n<p>Spectacolul este recomandat copiilor de peste 3 ani.<\/p>\n\n\n\n<p>Povestea se petrece \u00een Ajunul Cr\u0103ciunului, c\u00e2nd juc\u0103riile de sub brad prind via\u021b\u0103. \u00centreaga partitur\u0103 dureaz\u0103 o or\u0103 \u0219i zece minute.<\/p>\n\n\n\n<p><strong>Institu\u021bia precizeaz\u0103 c\u0103:<\/strong><\/p>\n\n\n\n<ul class=\"wp-block-list\">\n<li>Accesul \u00een sala de spectacol este permis numai p\u00e2n\u0103 la ora de \u00eencepere a reprezenta\u0163iei; dup\u0103 aceast\u0103 or\u0103, biletele \u00ee\u0219i pierd valabilitatea.<\/li>\n\n\n\n<li>Ratarea vizion\u0103rii unui spectacol din cauza neprezent\u0103rii la ora indicat\u0103 pe tichet nu  presupune returnarea costului biletului sau utilizarea sa la o reprezenta\u0163ie ulterioar\u0103.<\/li>\n\n\n\n<li>Biletele pot fi schimbate sau poate fi ob\u021binut\u0103 contravaloarea acestora doar \u00een cazul \u00eenlocuirii \/ anul\u0103rii spectacolului de c\u0103tre organizator.<\/li>\n\n\n\n<li>Pe durata desf\u0103\u0219ur\u0103rii spectacolelor, este interzis\u0103 folosirea aparatelor de \u00eenregistrat, audio sau video.<\/li>\n<\/ul>\n\n\n\n<p><\/p>\n","protected":false},"excerpt":{"rendered":"<p>Opera Comic\u0103 pentru Copii \u00eei a\u0219teapt\u0103 pe cei mici, de 1 Decembrie, la spectacolul \u201eSp\u0103rg\u0103torul de Nuci\u201d. Reprezenta\u021bia \u00eencepe la ora 18:30. Spectacolul este recomandat copiilor de peste 3 ani. Povestea se petrece \u00een Ajunul Cr\u0103ciunului, c\u00e2nd juc\u0103riile de sub brad prind via\u021b\u0103. \u00centreaga partitur\u0103 dureaz\u0103 o or\u0103 \u0219i zece minute. Institu\u021bia precizeaz\u0103 c\u0103:<\/p>\n","protected":false},"author":49,"featured_media":70623,"comment_status":"closed","ping_status":"open","sticky":false,"template":"","format":"standard","meta":{"_acf_changed":false,"inline_featured_image":false,"ngg_post_thumbnail":0,"footnotes":""},"categories":[6994,81,62],"tags":[1911,7780,8100],"ppma_author":[22574],"class_list":["post-70608","post","type-post","status-publish","format-standard","has-post-thumbnail","hentry","category-stiri-2","category-cultura","category-stiri","tag-1-decembrie","tag-opera-comica-penbtru-copii","tag-sapargatorul-de-nuci"],"acf":[],"yoast_head":"<!-- This site is optimized with the Yoast SEO Premium plugin v25.3 (Yoast SEO v27.4) - https:\/\/yoast.com\/product\/yoast-seo-premium-wordpress\/ -->\n<title>Sp\u0103rg\u0103torul de Nuci, la Opera Comic\u0103 pentru Copii, de Ziua Na\u0163ional\u0103 - Buletin de Bucure\u0219ti<\/title>\n<meta name=\"robots\" content=\"index, follow, max-snippet:-1, max-image-preview:large, max-video-preview:-1\" \/>\n<link rel=\"canonical\" href=\"https:\/\/buletin.de\/bucuresti\/spargatorul-de-nuci-la-opera-comica-pentru-copii-de-ziua-nationala\/\" \/>\n<meta property=\"og:locale\" content=\"en_GB\" \/>\n<meta property=\"og:type\" content=\"article\" \/>\n<meta property=\"og:title\" content=\"Sp\u0103rg\u0103torul de Nuci, la Opera Comic\u0103 pentru Copii, de Ziua Na\u0163ional\u0103\" \/>\n<meta property=\"og:description\" content=\"Opera Comic\u0103 pentru Copii \u00eei a\u0219teapt\u0103 pe cei mici, de 1 Decembrie, la spectacolul \u201eSp\u0103rg\u0103torul de Nuci\u201d. Reprezenta\u021bia \u00eencepe la ora 18:30. Spectacolul este recomandat copiilor de peste 3 ani. Povestea se petrece \u00een Ajunul Cr\u0103ciunului, c\u00e2nd juc\u0103riile de sub brad prind via\u021b\u0103. \u00centreaga partitur\u0103 dureaz\u0103 o or\u0103 \u0219i zece minute. Institu\u021bia precizeaz\u0103 c\u0103:\" \/>\n<meta property=\"og:url\" content=\"https:\/\/buletin.de\/bucuresti\/spargatorul-de-nuci-la-opera-comica-pentru-copii-de-ziua-nationala\/\" \/>\n<meta property=\"og:site_name\" content=\"Buletin de Bucure\u0219ti\" \/>\n<meta property=\"article:publisher\" content=\"https:\/\/www.facebook.com\/buletin.de.buc\" \/>\n<meta property=\"article:published_time\" content=\"2023-12-01T04:30:00+00:00\" \/>\n<meta property=\"og:image\" content=\"https:\/\/buletin.de\/bucuresti\/wp-content\/uploads\/Screenshot-2023-11-28-at-19.30.11.png\" \/>\n\t<meta property=\"og:image:width\" content=\"1429\" \/>\n\t<meta property=\"og:image:height\" content=\"652\" \/>\n\t<meta property=\"og:image:type\" content=\"image\/png\" \/>\n<meta name=\"author\" content=\"Diana Matei\" \/>\n<meta name=\"twitter:card\" content=\"summary_large_image\" \/>\n<meta name=\"twitter:label1\" content=\"Written by\" \/>\n\t<meta name=\"twitter:data1\" content=\"Diana Matei\" \/>\n\t<meta name=\"twitter:label2\" content=\"Estimated reading time\" \/>\n\t<meta name=\"twitter:data2\" content=\"1 minute\" \/>\n<script type=\"application\/ld+json\" class=\"yoast-schema-graph\">{\"@context\":\"https:\\\/\\\/schema.org\",\"@graph\":[{\"@type\":\"Article\",\"@id\":\"https:\\\/\\\/buletin.de\\\/bucuresti\\\/spargatorul-de-nuci-la-opera-comica-pentru-copii-de-ziua-nationala\\\/#article\",\"isPartOf\":{\"@id\":\"https:\\\/\\\/buletin.de\\\/bucuresti\\\/spargatorul-de-nuci-la-opera-comica-pentru-copii-de-ziua-nationala\\\/\"},\"author\":{\"name\":\"Diana Matei\",\"@id\":\"https:\\\/\\\/buletin.de\\\/bucuresti\\\/#\\\/schema\\\/person\\\/7e46040573290777280a0835d81ea4ea\"},\"headline\":\"Sp\u0103rg\u0103torul de Nuci, la Opera Comic\u0103 pentru Copii, de Ziua Na\u0163ional\u0103\",\"datePublished\":\"2023-12-01T04:30:00+00:00\",\"mainEntityOfPage\":{\"@id\":\"https:\\\/\\\/buletin.de\\\/bucuresti\\\/spargatorul-de-nuci-la-opera-comica-pentru-copii-de-ziua-nationala\\\/\"},\"wordCount\":161,\"publisher\":{\"@id\":\"https:\\\/\\\/buletin.de\\\/bucuresti\\\/#organization\"},\"image\":{\"@id\":\"https:\\\/\\\/buletin.de\\\/bucuresti\\\/spargatorul-de-nuci-la-opera-comica-pentru-copii-de-ziua-nationala\\\/#primaryimage\"},\"thumbnailUrl\":\"https:\\\/\\\/buletin.de\\\/bucuresti\\\/wp-content\\\/uploads\\\/Screenshot-2023-11-28-at-19.30.11.png\",\"keywords\":[\"1 decembrie\",\"Opera Comica penbtru Copii\",\"Sapargatorul de Nuci\"],\"articleSection\":[\"Articole\",\"Cultur\u0103\",\"\u0218tiri\"],\"inLanguage\":\"en-GB\",\"copyrightYear\":\"2023\",\"copyrightHolder\":{\"@id\":\"https:\\\/\\\/buletin.de\\\/bucuresti\\\/#organization\"}},{\"@type\":\"WebPage\",\"@id\":\"https:\\\/\\\/buletin.de\\\/bucuresti\\\/spargatorul-de-nuci-la-opera-comica-pentru-copii-de-ziua-nationala\\\/\",\"url\":\"https:\\\/\\\/buletin.de\\\/bucuresti\\\/spargatorul-de-nuci-la-opera-comica-pentru-copii-de-ziua-nationala\\\/\",\"name\":\"Sp\u0103rg\u0103torul de Nuci, la Opera Comic\u0103 pentru Copii, de Ziua Na\u0163ional\u0103 - Buletin de Bucure\u0219ti\",\"isPartOf\":{\"@id\":\"https:\\\/\\\/buletin.de\\\/bucuresti\\\/#website\"},\"primaryImageOfPage\":{\"@id\":\"https:\\\/\\\/buletin.de\\\/bucuresti\\\/spargatorul-de-nuci-la-opera-comica-pentru-copii-de-ziua-nationala\\\/#primaryimage\"},\"image\":{\"@id\":\"https:\\\/\\\/buletin.de\\\/bucuresti\\\/spargatorul-de-nuci-la-opera-comica-pentru-copii-de-ziua-nationala\\\/#primaryimage\"},\"thumbnailUrl\":\"https:\\\/\\\/buletin.de\\\/bucuresti\\\/wp-content\\\/uploads\\\/Screenshot-2023-11-28-at-19.30.11.png\",\"datePublished\":\"2023-12-01T04:30:00+00:00\",\"breadcrumb\":{\"@id\":\"https:\\\/\\\/buletin.de\\\/bucuresti\\\/spargatorul-de-nuci-la-opera-comica-pentru-copii-de-ziua-nationala\\\/#breadcrumb\"},\"inLanguage\":\"en-GB\",\"potentialAction\":[{\"@type\":\"ReadAction\",\"target\":[\"https:\\\/\\\/buletin.de\\\/bucuresti\\\/spargatorul-de-nuci-la-opera-comica-pentru-copii-de-ziua-nationala\\\/\"]}]},{\"@type\":\"ImageObject\",\"inLanguage\":\"en-GB\",\"@id\":\"https:\\\/\\\/buletin.de\\\/bucuresti\\\/spargatorul-de-nuci-la-opera-comica-pentru-copii-de-ziua-nationala\\\/#primaryimage\",\"url\":\"https:\\\/\\\/buletin.de\\\/bucuresti\\\/wp-content\\\/uploads\\\/Screenshot-2023-11-28-at-19.30.11.png\",\"contentUrl\":\"https:\\\/\\\/buletin.de\\\/bucuresti\\\/wp-content\\\/uploads\\\/Screenshot-2023-11-28-at-19.30.11.png\",\"width\":1429,\"height\":652,\"caption\":\"Sp\u0103rg\u0103torul de nuci\"},{\"@type\":\"BreadcrumbList\",\"@id\":\"https:\\\/\\\/buletin.de\\\/bucuresti\\\/spargatorul-de-nuci-la-opera-comica-pentru-copii-de-ziua-nationala\\\/#breadcrumb\",\"itemListElement\":[{\"@type\":\"ListItem\",\"position\":1,\"name\":\"Acas\u0103\",\"item\":\"https:\\\/\\\/buletin.de\\\/bucuresti\\\/\"},{\"@type\":\"ListItem\",\"position\":2,\"name\":\"Sp\u0103rg\u0103torul de Nuci, la Opera Comic\u0103 pentru Copii, de Ziua Na\u0163ional\u0103\"}]},{\"@type\":\"WebSite\",\"@id\":\"https:\\\/\\\/buletin.de\\\/bucuresti\\\/#website\",\"url\":\"https:\\\/\\\/buletin.de\\\/bucuresti\\\/\",\"name\":\"Buletin de Bucure\u0219ti\",\"description\":\"\u0218tiri \u0219i investiga\u021bii esen\u021biale din capital\u0103\",\"publisher\":{\"@id\":\"https:\\\/\\\/buletin.de\\\/bucuresti\\\/#organization\"},\"potentialAction\":[{\"@type\":\"SearchAction\",\"target\":{\"@type\":\"EntryPoint\",\"urlTemplate\":\"https:\\\/\\\/buletin.de\\\/bucuresti\\\/?s={search_term_string}\"},\"query-input\":{\"@type\":\"PropertyValueSpecification\",\"valueRequired\":true,\"valueName\":\"search_term_string\"}}],\"inLanguage\":\"en-GB\"},{\"@type\":\"Organization\",\"@id\":\"https:\\\/\\\/buletin.de\\\/bucuresti\\\/#organization\",\"name\":\"Buletin de Bucure\u0219ti\",\"url\":\"https:\\\/\\\/buletin.de\\\/bucuresti\\\/\",\"logo\":{\"@type\":\"ImageObject\",\"inLanguage\":\"en-GB\",\"@id\":\"https:\\\/\\\/buletin.de\\\/bucuresti\\\/#\\\/schema\\\/logo\\\/image\\\/\",\"url\":\"https:\\\/\\\/buletin.de\\\/bucuresti\\\/wp-content\\\/uploads\\\/logo-bdb-full-wide-vernil-transparent.png\",\"contentUrl\":\"https:\\\/\\\/buletin.de\\\/bucuresti\\\/wp-content\\\/uploads\\\/logo-bdb-full-wide-vernil-transparent.png\",\"width\":1782,\"height\":626,\"caption\":\"Buletin de Bucure\u0219ti\"},\"image\":{\"@id\":\"https:\\\/\\\/buletin.de\\\/bucuresti\\\/#\\\/schema\\\/logo\\\/image\\\/\"},\"sameAs\":[\"https:\\\/\\\/www.facebook.com\\\/buletin.de.buc\",\"https:\\\/\\\/www.instagram.com\\\/buletinde.bucuresti\\\/\"]},{\"@type\":\"Person\",\"@id\":\"https:\\\/\\\/buletin.de\\\/bucuresti\\\/#\\\/schema\\\/person\\\/7e46040573290777280a0835d81ea4ea\",\"name\":\"Diana Matei\",\"image\":{\"@type\":\"ImageObject\",\"inLanguage\":\"en-GB\",\"@id\":\"https:\\\/\\\/buletin.de\\\/bucuresti\\\/wp-content\\\/uploads\\\/9-2-96x96.jpg1e8590b30871d70e62ebcdaf2eff570c\",\"url\":\"https:\\\/\\\/buletin.de\\\/bucuresti\\\/wp-content\\\/uploads\\\/9-2-96x96.jpg\",\"contentUrl\":\"https:\\\/\\\/buletin.de\\\/bucuresti\\\/wp-content\\\/uploads\\\/9-2-96x96.jpg\",\"caption\":\"Diana Matei\"},\"url\":\"https:\\\/\\\/buletin.de\\\/bucuresti\\\/author\\\/dianamatei\\\/\"}]}<\/script>\n<!-- \/ Yoast SEO Premium plugin. -->","yoast_head_json":{"title":"Sp\u0103rg\u0103torul de Nuci, la Opera Comic\u0103 pentru Copii, de Ziua Na\u0163ional\u0103 - Buletin de Bucure\u0219ti","robots":{"index":"index","follow":"follow","max-snippet":"max-snippet:-1","max-image-preview":"max-image-preview:large","max-video-preview":"max-video-preview:-1"},"canonical":"https:\/\/buletin.de\/bucuresti\/spargatorul-de-nuci-la-opera-comica-pentru-copii-de-ziua-nationala\/","og_locale":"en_GB","og_type":"article","og_title":"Sp\u0103rg\u0103torul de Nuci, la Opera Comic\u0103 pentru Copii, de Ziua Na\u0163ional\u0103","og_description":"Opera Comic\u0103 pentru Copii \u00eei a\u0219teapt\u0103 pe cei mici, de 1 Decembrie, la spectacolul \u201eSp\u0103rg\u0103torul de Nuci\u201d. Reprezenta\u021bia \u00eencepe la ora 18:30. Spectacolul este recomandat copiilor de peste 3 ani. Povestea se petrece \u00een Ajunul Cr\u0103ciunului, c\u00e2nd juc\u0103riile de sub brad prind via\u021b\u0103. \u00centreaga partitur\u0103 dureaz\u0103 o or\u0103 \u0219i zece minute. Institu\u021bia precizeaz\u0103 c\u0103:","og_url":"https:\/\/buletin.de\/bucuresti\/spargatorul-de-nuci-la-opera-comica-pentru-copii-de-ziua-nationala\/","og_site_name":"Buletin de Bucure\u0219ti","article_publisher":"https:\/\/www.facebook.com\/buletin.de.buc","article_published_time":"2023-12-01T04:30:00+00:00","og_image":[{"width":1429,"height":652,"url":"https:\/\/buletin.de\/bucuresti\/wp-content\/uploads\/Screenshot-2023-11-28-at-19.30.11.png","type":"image\/png"}],"author":"Diana Matei","twitter_card":"summary_large_image","twitter_misc":{"Written by":"Diana Matei","Estimated reading time":"1 minute"},"schema":{"@context":"https:\/\/schema.org","@graph":[{"@type":"Article","@id":"https:\/\/buletin.de\/bucuresti\/spargatorul-de-nuci-la-opera-comica-pentru-copii-de-ziua-nationala\/#article","isPartOf":{"@id":"https:\/\/buletin.de\/bucuresti\/spargatorul-de-nuci-la-opera-comica-pentru-copii-de-ziua-nationala\/"},"author":{"name":"Diana Matei","@id":"https:\/\/buletin.de\/bucuresti\/#\/schema\/person\/7e46040573290777280a0835d81ea4ea"},"headline":"Sp\u0103rg\u0103torul de Nuci, la Opera Comic\u0103 pentru Copii, de Ziua Na\u0163ional\u0103","datePublished":"2023-12-01T04:30:00+00:00","mainEntityOfPage":{"@id":"https:\/\/buletin.de\/bucuresti\/spargatorul-de-nuci-la-opera-comica-pentru-copii-de-ziua-nationala\/"},"wordCount":161,"publisher":{"@id":"https:\/\/buletin.de\/bucuresti\/#organization"},"image":{"@id":"https:\/\/buletin.de\/bucuresti\/spargatorul-de-nuci-la-opera-comica-pentru-copii-de-ziua-nationala\/#primaryimage"},"thumbnailUrl":"https:\/\/buletin.de\/bucuresti\/wp-content\/uploads\/Screenshot-2023-11-28-at-19.30.11.png","keywords":["1 decembrie","Opera Comica penbtru Copii","Sapargatorul de Nuci"],"articleSection":["Articole","Cultur\u0103","\u0218tiri"],"inLanguage":"en-GB","copyrightYear":"2023","copyrightHolder":{"@id":"https:\/\/buletin.de\/bucuresti\/#organization"}},{"@type":"WebPage","@id":"https:\/\/buletin.de\/bucuresti\/spargatorul-de-nuci-la-opera-comica-pentru-copii-de-ziua-nationala\/","url":"https:\/\/buletin.de\/bucuresti\/spargatorul-de-nuci-la-opera-comica-pentru-copii-de-ziua-nationala\/","name":"Sp\u0103rg\u0103torul de Nuci, la Opera Comic\u0103 pentru Copii, de Ziua Na\u0163ional\u0103 - Buletin de Bucure\u0219ti","isPartOf":{"@id":"https:\/\/buletin.de\/bucuresti\/#website"},"primaryImageOfPage":{"@id":"https:\/\/buletin.de\/bucuresti\/spargatorul-de-nuci-la-opera-comica-pentru-copii-de-ziua-nationala\/#primaryimage"},"image":{"@id":"https:\/\/buletin.de\/bucuresti\/spargatorul-de-nuci-la-opera-comica-pentru-copii-de-ziua-nationala\/#primaryimage"},"thumbnailUrl":"https:\/\/buletin.de\/bucuresti\/wp-content\/uploads\/Screenshot-2023-11-28-at-19.30.11.png","datePublished":"2023-12-01T04:30:00+00:00","breadcrumb":{"@id":"https:\/\/buletin.de\/bucuresti\/spargatorul-de-nuci-la-opera-comica-pentru-copii-de-ziua-nationala\/#breadcrumb"},"inLanguage":"en-GB","potentialAction":[{"@type":"ReadAction","target":["https:\/\/buletin.de\/bucuresti\/spargatorul-de-nuci-la-opera-comica-pentru-copii-de-ziua-nationala\/"]}]},{"@type":"ImageObject","inLanguage":"en-GB","@id":"https:\/\/buletin.de\/bucuresti\/spargatorul-de-nuci-la-opera-comica-pentru-copii-de-ziua-nationala\/#primaryimage","url":"https:\/\/buletin.de\/bucuresti\/wp-content\/uploads\/Screenshot-2023-11-28-at-19.30.11.png","contentUrl":"https:\/\/buletin.de\/bucuresti\/wp-content\/uploads\/Screenshot-2023-11-28-at-19.30.11.png","width":1429,"height":652,"caption":"Sp\u0103rg\u0103torul de nuci"},{"@type":"BreadcrumbList","@id":"https:\/\/buletin.de\/bucuresti\/spargatorul-de-nuci-la-opera-comica-pentru-copii-de-ziua-nationala\/#breadcrumb","itemListElement":[{"@type":"ListItem","position":1,"name":"Acas\u0103","item":"https:\/\/buletin.de\/bucuresti\/"},{"@type":"ListItem","position":2,"name":"Sp\u0103rg\u0103torul de Nuci, la Opera Comic\u0103 pentru Copii, de Ziua Na\u0163ional\u0103"}]},{"@type":"WebSite","@id":"https:\/\/buletin.de\/bucuresti\/#website","url":"https:\/\/buletin.de\/bucuresti\/","name":"Buletin de Bucure\u0219ti","description":"\u0218tiri \u0219i investiga\u021bii esen\u021biale din capital\u0103","publisher":{"@id":"https:\/\/buletin.de\/bucuresti\/#organization"},"potentialAction":[{"@type":"SearchAction","target":{"@type":"EntryPoint","urlTemplate":"https:\/\/buletin.de\/bucuresti\/?s={search_term_string}"},"query-input":{"@type":"PropertyValueSpecification","valueRequired":true,"valueName":"search_term_string"}}],"inLanguage":"en-GB"},{"@type":"Organization","@id":"https:\/\/buletin.de\/bucuresti\/#organization","name":"Buletin de Bucure\u0219ti","url":"https:\/\/buletin.de\/bucuresti\/","logo":{"@type":"ImageObject","inLanguage":"en-GB","@id":"https:\/\/buletin.de\/bucuresti\/#\/schema\/logo\/image\/","url":"https:\/\/buletin.de\/bucuresti\/wp-content\/uploads\/logo-bdb-full-wide-vernil-transparent.png","contentUrl":"https:\/\/buletin.de\/bucuresti\/wp-content\/uploads\/logo-bdb-full-wide-vernil-transparent.png","width":1782,"height":626,"caption":"Buletin de Bucure\u0219ti"},"image":{"@id":"https:\/\/buletin.de\/bucuresti\/#\/schema\/logo\/image\/"},"sameAs":["https:\/\/www.facebook.com\/buletin.de.buc","https:\/\/www.instagram.com\/buletinde.bucuresti\/"]},{"@type":"Person","@id":"https:\/\/buletin.de\/bucuresti\/#\/schema\/person\/7e46040573290777280a0835d81ea4ea","name":"Diana Matei","image":{"@type":"ImageObject","inLanguage":"en-GB","@id":"https:\/\/buletin.de\/bucuresti\/wp-content\/uploads\/9-2-96x96.jpg1e8590b30871d70e62ebcdaf2eff570c","url":"https:\/\/buletin.de\/bucuresti\/wp-content\/uploads\/9-2-96x96.jpg","contentUrl":"https:\/\/buletin.de\/bucuresti\/wp-content\/uploads\/9-2-96x96.jpg","caption":"Diana Matei"},"url":"https:\/\/buletin.de\/bucuresti\/author\/dianamatei\/"}]}},"authors":[{"term_id":22574,"user_id":49,"is_guest":0,"slug":"dianamatei","display_name":"Diana Matei","avatar_url":"https:\/\/buletin.de\/bucuresti\/wp-content\/uploads\/9-2-96x96.jpg","0":null,"1":"","2":"","3":"","4":"","5":"","6":"","7":"","8":""}],"_links":{"self":[{"href":"https:\/\/buletin.de\/bucuresti\/wp-json\/wp\/v2\/posts\/70608","targetHints":{"allow":["GET"]}}],"collection":[{"href":"https:\/\/buletin.de\/bucuresti\/wp-json\/wp\/v2\/posts"}],"about":[{"href":"https:\/\/buletin.de\/bucuresti\/wp-json\/wp\/v2\/types\/post"}],"author":[{"embeddable":true,"href":"https:\/\/buletin.de\/bucuresti\/wp-json\/wp\/v2\/users\/49"}],"replies":[{"embeddable":true,"href":"https:\/\/buletin.de\/bucuresti\/wp-json\/wp\/v2\/comments?post=70608"}],"version-history":[{"count":4,"href":"https:\/\/buletin.de\/bucuresti\/wp-json\/wp\/v2\/posts\/70608\/revisions"}],"predecessor-version":[{"id":70917,"href":"https:\/\/buletin.de\/bucuresti\/wp-json\/wp\/v2\/posts\/70608\/revisions\/70917"}],"wp:featuredmedia":[{"embeddable":true,"href":"https:\/\/buletin.de\/bucuresti\/wp-json\/wp\/v2\/media\/70623"}],"wp:attachment":[{"href":"https:\/\/buletin.de\/bucuresti\/wp-json\/wp\/v2\/media?parent=70608"}],"wp:term":[{"taxonomy":"category","embeddable":true,"href":"https:\/\/buletin.de\/bucuresti\/wp-json\/wp\/v2\/categories?post=70608"},{"taxonomy":"post_tag","embeddable":true,"href":"https:\/\/buletin.de\/bucuresti\/wp-json\/wp\/v2\/tags?post=70608"},{"taxonomy":"author","embeddable":true,"href":"https:\/\/buletin.de\/bucuresti\/wp-json\/wp\/v2\/ppma_author?post=70608"}],"curies":[{"name":"wp","href":"https:\/\/api.w.org\/{rel}","templated":true}]}}