{"id":70556,"date":"2023-11-28T10:49:04","date_gmt":"2023-11-28T08:49:04","guid":{"rendered":"https:\/\/buletin.de\/bucuresti\/?p=70556"},"modified":"2023-11-29T05:22:29","modified_gmt":"2023-11-29T03:22:29","slug":"video-tramvaiul-41-blocat-de-repetitiile-pentru-parada-de-1-decembrie-calatorii-nervosi-au-inceput-sa-urle-la-politisti","status":"publish","type":"post","link":"https:\/\/buletin.de\/bucuresti\/video-tramvaiul-41-blocat-de-repetitiile-pentru-parada-de-1-decembrie-calatorii-nervosi-au-inceput-sa-urle-la-politisti\/","title":{"rendered":"VIDEO | Tramvaiul 41, blocat de repeti\u0163iile pentru parada de 1 Decembrie. C\u0103l\u0103torii nervo\u015fi au \u00eenceput s\u0103 urle la poli\u0163i\u015fti"},"content":{"rendered":"\n<p><strong>Traficul la intersec\u0163ia str\u0103zii Turda cu bulevardul Ion Mihalache a fost blocat de poli\u0163i\u015fti \u00een aceast\u0103 diminea\u0163\u0103 pentru ca vehiculele de parad\u0103 s\u0103 poat\u0103 trece. Inclusiv pietonii au fost opri\u0163i din traversare \u015fi au fost nevoi\u0163i s\u0103 r\u0103m\u00e2n\u0103 pe trotuar p\u00e2n\u0103 c\u00e2nd a trecut convoiul. <\/strong><\/p>\n\n\n\n<figure class=\"wp-block-video\"><video height=\"720\" style=\"aspect-ratio: 400 \/ 720;\" width=\"400\" controls src=\"https:\/\/buletin.de\/bucuresti\/wp-content\/uploads\/WhatsApp-Video-2023-11-28-at-10.35.12.mp4\"><\/video><\/figure>\n\n\n\n<figure class=\"wp-block-video\"><video height=\"720\" style=\"aspect-ratio: 400 \/ 720;\" width=\"400\" controls src=\"https:\/\/buletin.de\/bucuresti\/wp-content\/uploads\/WhatsApp-Video-2023-11-28-at-10.33.59.mp4\"><\/video><\/figure>\n\n\n\n<figure class=\"wp-block-video\"><video height=\"720\" style=\"aspect-ratio: 400 \/ 720;\" width=\"400\" controls src=\"https:\/\/buletin.de\/bucuresti\/wp-content\/uploads\/WhatsApp-Video-2023-11-28-at-10.30.24.mp4\"><\/video><\/figure>\n\n\n\n<p>Conform cititorului care ne-a transmis aceste clipuri, c\u0103l\u0103torii din tramvaie \u015fi \u015foferii au \u00eenceput s\u0103 urle \u015fi s\u0103 \u00eenjure, nervo\u015fi din cauza situa\u0163iei create.<\/p>\n\n\n\n<p>V\u0103 reamintim, zona de Nord a Capitalei este paralizat\u0103 din cauza repeti\u0163iilor pentru parada de Ziua Na\u0163ional\u0103. Grupurile de \u015foferi de pe Facebook sunt pline de mesaje de la oameni care spun c\u0103 au f\u0103cut zeci de minute pe tronsoane pe care, \u00een mod normal, le-ar fi str\u0103b\u0103tut \u00een doar c\u00e2teva minute. \u00centreaga situa\u0163ie de ast\u0103zi, cu datele oferite de autorit\u0103\u0163i, AICI:<\/p>\n\n\n\n<figure class=\"wp-block-embed is-type-wp-embed is-provider-buletin-de-bucure\u0219ti wp-block-embed-buletin-de-bucure\u0219ti\"><div class=\"wp-block-embed__wrapper\">\n<blockquote class=\"wp-embedded-content\" data-secret=\"dDJJRKJmhG\"><a href=\"https:\/\/buletin.de\/bucuresti\/trafic-paralizat-in-nordul-capitalei-din-cauza-repetitiilor-pentru-parada-de-1-decembrie\/\">Trafic paralizat \u00een Nordul Capitalei din cauza repeti\u021biilor pentru parada de 1 Decembrie<\/a><\/blockquote><iframe class=\"wp-embedded-content\" sandbox=\"allow-scripts\" security=\"restricted\" style=\"position: absolute; clip: rect(1px, 1px, 1px, 1px);\" title=\"&#8220;Trafic paralizat \u00een Nordul Capitalei din cauza repeti\u021biilor pentru parada de 1 Decembrie&#8221; &#8212; Buletin de Bucure\u0219ti\" src=\"https:\/\/buletin.de\/bucuresti\/trafic-paralizat-in-nordul-capitalei-din-cauza-repetitiilor-pentru-parada-de-1-decembrie\/embed\/#?secret=Bq11z5Tbu4#?secret=dDJJRKJmhG\" data-secret=\"dDJJRKJmhG\" width=\"600\" height=\"338\" frameborder=\"0\" marginwidth=\"0\" marginheight=\"0\" scrolling=\"no\"><\/iframe>\n<\/div><\/figure>\n","protected":false},"excerpt":{"rendered":"<p>Traficul la intersec\u0163ia str\u0103zii Turda cu bulevardul Ion Mihalache a fost blocat de poli\u0163i\u015fti \u00een aceast\u0103 diminea\u0163\u0103 pentru ca vehiculele de parad\u0103 s\u0103 poat\u0103 trece. Inclusiv pietonii au fost opri\u0163i din traversare \u015fi au fost nevoi\u0163i s\u0103 r\u0103m\u00e2n\u0103 pe trotuar p\u00e2n\u0103 c\u00e2nd a trecut convoiul. Conform cititorului care ne-a transmis aceste clipuri, c\u0103l\u0103torii din tramvaie [&hellip;]<\/p>\n","protected":false},"author":8,"featured_media":70560,"comment_status":"closed","ping_status":"open","sticky":false,"template":"","format":"standard","meta":{"_acf_changed":false,"inline_featured_image":false,"ngg_post_thumbnail":0,"footnotes":""},"categories":[6994,650],"tags":[8085,8086,3581,8084],"ppma_author":[22586],"class_list":["post-70556","post","type-post","status-publish","format-standard","has-post-thumbnail","hentry","category-stiri-2","category-transport","tag-parada-1-decembrie","tag-repetitii-parada-trafic","tag-trafic-blocat","tag-tramvai-41-blocat"],"acf":[],"yoast_head":"<!-- This site is optimized with the Yoast SEO Premium plugin v25.3 (Yoast SEO v27.5) - https:\/\/yoast.com\/product\/yoast-seo-premium-wordpress\/ -->\n<title>VIDEO | Tramvaiul 41, blocat de repeti\u0163iile pentru parada de 1 Decembrie. C\u0103l\u0103torii nervo\u015fi au \u00eenceput s\u0103 urle la poli\u0163i\u015fti - Buletin de Bucure\u0219ti<\/title>\n<meta name=\"robots\" content=\"index, follow, max-snippet:-1, max-image-preview:large, max-video-preview:-1\" \/>\n<link rel=\"canonical\" href=\"https:\/\/buletin.de\/bucuresti\/video-tramvaiul-41-blocat-de-repetitiile-pentru-parada-de-1-decembrie-calatorii-nervosi-au-inceput-sa-urle-la-politisti\/\" \/>\n<meta property=\"og:locale\" content=\"en_GB\" \/>\n<meta property=\"og:type\" content=\"article\" \/>\n<meta property=\"og:title\" content=\"VIDEO | Tramvaiul 41, blocat de repeti\u0163iile pentru parada de 1 Decembrie. C\u0103l\u0103torii nervo\u015fi au \u00eenceput s\u0103 urle la poli\u0163i\u015fti\" \/>\n<meta property=\"og:description\" content=\"Traficul la intersec\u0163ia str\u0103zii Turda cu bulevardul Ion Mihalache a fost blocat de poli\u0163i\u015fti \u00een aceast\u0103 diminea\u0163\u0103 pentru ca vehiculele de parad\u0103 s\u0103 poat\u0103 trece. Inclusiv pietonii au fost opri\u0163i din traversare \u015fi au fost nevoi\u0163i s\u0103 r\u0103m\u00e2n\u0103 pe trotuar p\u00e2n\u0103 c\u00e2nd a trecut convoiul. Conform cititorului care ne-a transmis aceste clipuri, c\u0103l\u0103torii din tramvaie [&hellip;]\" \/>\n<meta property=\"og:url\" content=\"https:\/\/buletin.de\/bucuresti\/video-tramvaiul-41-blocat-de-repetitiile-pentru-parada-de-1-decembrie-calatorii-nervosi-au-inceput-sa-urle-la-politisti\/\" \/>\n<meta property=\"og:site_name\" content=\"Buletin de Bucure\u0219ti\" \/>\n<meta property=\"article:publisher\" content=\"https:\/\/www.facebook.com\/buletin.de.buc\" \/>\n<meta property=\"article:published_time\" content=\"2023-11-28T08:49:04+00:00\" \/>\n<meta property=\"article:modified_time\" content=\"2023-11-29T03:22:29+00:00\" \/>\n<meta property=\"og:image\" content=\"https:\/\/buletin.de\/bucuresti\/wp-content\/uploads\/turda-cu-ion-mihalache.png\" \/>\n\t<meta property=\"og:image:width\" content=\"1228\" \/>\n\t<meta property=\"og:image:height\" content=\"645\" \/>\n\t<meta property=\"og:image:type\" content=\"image\/png\" \/>\n<meta name=\"author\" content=\"Ionu\u021b Lepa\" \/>\n<meta name=\"twitter:card\" content=\"summary_large_image\" \/>\n<meta name=\"twitter:label1\" content=\"Written by\" \/>\n\t<meta name=\"twitter:data1\" content=\"Ionu\u021b Lepa\" \/>\n\t<meta name=\"twitter:label2\" content=\"Estimated reading time\" \/>\n\t<meta name=\"twitter:data2\" content=\"1 minute\" \/>\n<script type=\"application\/ld+json\" class=\"yoast-schema-graph\">{\"@context\":\"https:\\\/\\\/schema.org\",\"@graph\":[{\"@type\":\"Article\",\"@id\":\"https:\\\/\\\/buletin.de\\\/bucuresti\\\/video-tramvaiul-41-blocat-de-repetitiile-pentru-parada-de-1-decembrie-calatorii-nervosi-au-inceput-sa-urle-la-politisti\\\/#article\",\"isPartOf\":{\"@id\":\"https:\\\/\\\/buletin.de\\\/bucuresti\\\/video-tramvaiul-41-blocat-de-repetitiile-pentru-parada-de-1-decembrie-calatorii-nervosi-au-inceput-sa-urle-la-politisti\\\/\"},\"author\":{\"name\":\"Ionu\u021b Lepa\",\"@id\":\"https:\\\/\\\/buletin.de\\\/bucuresti\\\/#\\\/schema\\\/person\\\/5272b8a057b33890940b57b837fc4ce6\"},\"headline\":\"VIDEO | Tramvaiul 41, blocat de repeti\u0163iile pentru parada de 1 Decembrie. C\u0103l\u0103torii nervo\u015fi au \u00eenceput s\u0103 urle la poli\u0163i\u015fti\",\"datePublished\":\"2023-11-28T08:49:04+00:00\",\"dateModified\":\"2023-11-29T03:22:29+00:00\",\"mainEntityOfPage\":{\"@id\":\"https:\\\/\\\/buletin.de\\\/bucuresti\\\/video-tramvaiul-41-blocat-de-repetitiile-pentru-parada-de-1-decembrie-calatorii-nervosi-au-inceput-sa-urle-la-politisti\\\/\"},\"wordCount\":183,\"publisher\":{\"@id\":\"https:\\\/\\\/buletin.de\\\/bucuresti\\\/#organization\"},\"image\":{\"@id\":\"https:\\\/\\\/buletin.de\\\/bucuresti\\\/video-tramvaiul-41-blocat-de-repetitiile-pentru-parada-de-1-decembrie-calatorii-nervosi-au-inceput-sa-urle-la-politisti\\\/#primaryimage\"},\"thumbnailUrl\":\"https:\\\/\\\/buletin.de\\\/bucuresti\\\/wp-content\\\/uploads\\\/turda-cu-ion-mihalache.png\",\"keywords\":[\"parada 1 decembrie\",\"repetitii parada trafic\",\"trafic blocat\",\"tramvai 41 blocat\"],\"articleSection\":[\"Articole\",\"Transport\"],\"inLanguage\":\"en-GB\",\"copyrightYear\":\"2023\",\"copyrightHolder\":{\"@id\":\"https:\\\/\\\/buletin.de\\\/bucuresti\\\/#organization\"}},{\"@type\":\"WebPage\",\"@id\":\"https:\\\/\\\/buletin.de\\\/bucuresti\\\/video-tramvaiul-41-blocat-de-repetitiile-pentru-parada-de-1-decembrie-calatorii-nervosi-au-inceput-sa-urle-la-politisti\\\/\",\"url\":\"https:\\\/\\\/buletin.de\\\/bucuresti\\\/video-tramvaiul-41-blocat-de-repetitiile-pentru-parada-de-1-decembrie-calatorii-nervosi-au-inceput-sa-urle-la-politisti\\\/\",\"name\":\"VIDEO | Tramvaiul 41, blocat de repeti\u0163iile pentru parada de 1 Decembrie. C\u0103l\u0103torii nervo\u015fi au \u00eenceput s\u0103 urle la poli\u0163i\u015fti - Buletin de Bucure\u0219ti\",\"isPartOf\":{\"@id\":\"https:\\\/\\\/buletin.de\\\/bucuresti\\\/#website\"},\"primaryImageOfPage\":{\"@id\":\"https:\\\/\\\/buletin.de\\\/bucuresti\\\/video-tramvaiul-41-blocat-de-repetitiile-pentru-parada-de-1-decembrie-calatorii-nervosi-au-inceput-sa-urle-la-politisti\\\/#primaryimage\"},\"image\":{\"@id\":\"https:\\\/\\\/buletin.de\\\/bucuresti\\\/video-tramvaiul-41-blocat-de-repetitiile-pentru-parada-de-1-decembrie-calatorii-nervosi-au-inceput-sa-urle-la-politisti\\\/#primaryimage\"},\"thumbnailUrl\":\"https:\\\/\\\/buletin.de\\\/bucuresti\\\/wp-content\\\/uploads\\\/turda-cu-ion-mihalache.png\",\"datePublished\":\"2023-11-28T08:49:04+00:00\",\"dateModified\":\"2023-11-29T03:22:29+00:00\",\"breadcrumb\":{\"@id\":\"https:\\\/\\\/buletin.de\\\/bucuresti\\\/video-tramvaiul-41-blocat-de-repetitiile-pentru-parada-de-1-decembrie-calatorii-nervosi-au-inceput-sa-urle-la-politisti\\\/#breadcrumb\"},\"inLanguage\":\"en-GB\",\"potentialAction\":[{\"@type\":\"ReadAction\",\"target\":[\"https:\\\/\\\/buletin.de\\\/bucuresti\\\/video-tramvaiul-41-blocat-de-repetitiile-pentru-parada-de-1-decembrie-calatorii-nervosi-au-inceput-sa-urle-la-politisti\\\/\"]}]},{\"@type\":\"ImageObject\",\"inLanguage\":\"en-GB\",\"@id\":\"https:\\\/\\\/buletin.de\\\/bucuresti\\\/video-tramvaiul-41-blocat-de-repetitiile-pentru-parada-de-1-decembrie-calatorii-nervosi-au-inceput-sa-urle-la-politisti\\\/#primaryimage\",\"url\":\"https:\\\/\\\/buletin.de\\\/bucuresti\\\/wp-content\\\/uploads\\\/turda-cu-ion-mihalache.png\",\"contentUrl\":\"https:\\\/\\\/buletin.de\\\/bucuresti\\\/wp-content\\\/uploads\\\/turda-cu-ion-mihalache.png\",\"width\":1228,\"height\":645,\"caption\":\"FOTO: Captur\u0103 de pe Waze\"},{\"@type\":\"BreadcrumbList\",\"@id\":\"https:\\\/\\\/buletin.de\\\/bucuresti\\\/video-tramvaiul-41-blocat-de-repetitiile-pentru-parada-de-1-decembrie-calatorii-nervosi-au-inceput-sa-urle-la-politisti\\\/#breadcrumb\",\"itemListElement\":[{\"@type\":\"ListItem\",\"position\":1,\"name\":\"Acas\u0103\",\"item\":\"https:\\\/\\\/buletin.de\\\/bucuresti\\\/\"},{\"@type\":\"ListItem\",\"position\":2,\"name\":\"VIDEO | Tramvaiul 41, blocat de repeti\u0163iile pentru parada de 1 Decembrie. C\u0103l\u0103torii nervo\u015fi au \u00eenceput s\u0103 urle la poli\u0163i\u015fti\"}]},{\"@type\":\"WebSite\",\"@id\":\"https:\\\/\\\/buletin.de\\\/bucuresti\\\/#website\",\"url\":\"https:\\\/\\\/buletin.de\\\/bucuresti\\\/\",\"name\":\"Buletin de Bucure\u0219ti\",\"description\":\"\u0218tiri \u0219i investiga\u021bii esen\u021biale din capital\u0103\",\"publisher\":{\"@id\":\"https:\\\/\\\/buletin.de\\\/bucuresti\\\/#organization\"},\"potentialAction\":[{\"@type\":\"SearchAction\",\"target\":{\"@type\":\"EntryPoint\",\"urlTemplate\":\"https:\\\/\\\/buletin.de\\\/bucuresti\\\/?s={search_term_string}\"},\"query-input\":{\"@type\":\"PropertyValueSpecification\",\"valueRequired\":true,\"valueName\":\"search_term_string\"}}],\"inLanguage\":\"en-GB\"},{\"@type\":\"Organization\",\"@id\":\"https:\\\/\\\/buletin.de\\\/bucuresti\\\/#organization\",\"name\":\"Buletin de Bucure\u0219ti\",\"url\":\"https:\\\/\\\/buletin.de\\\/bucuresti\\\/\",\"logo\":{\"@type\":\"ImageObject\",\"inLanguage\":\"en-GB\",\"@id\":\"https:\\\/\\\/buletin.de\\\/bucuresti\\\/#\\\/schema\\\/logo\\\/image\\\/\",\"url\":\"https:\\\/\\\/buletin.de\\\/bucuresti\\\/wp-content\\\/uploads\\\/logo-bdb-full-wide-vernil-transparent.png\",\"contentUrl\":\"https:\\\/\\\/buletin.de\\\/bucuresti\\\/wp-content\\\/uploads\\\/logo-bdb-full-wide-vernil-transparent.png\",\"width\":1782,\"height\":626,\"caption\":\"Buletin de Bucure\u0219ti\"},\"image\":{\"@id\":\"https:\\\/\\\/buletin.de\\\/bucuresti\\\/#\\\/schema\\\/logo\\\/image\\\/\"},\"sameAs\":[\"https:\\\/\\\/www.facebook.com\\\/buletin.de.buc\",\"https:\\\/\\\/www.instagram.com\\\/buletinde.bucuresti\\\/\"]},{\"@type\":\"Person\",\"@id\":\"https:\\\/\\\/buletin.de\\\/bucuresti\\\/#\\\/schema\\\/person\\\/5272b8a057b33890940b57b837fc4ce6\",\"name\":\"Ionu\u021b Lepa\",\"image\":{\"@type\":\"ImageObject\",\"inLanguage\":\"en-GB\",\"@id\":\"https:\\\/\\\/buletin.de\\\/bucuresti\\\/wp-content\\\/uploads\\\/Ionut-Lepa-96x96.jpg5c4e4d9e049808799a8821652d2410a4\",\"url\":\"https:\\\/\\\/buletin.de\\\/bucuresti\\\/wp-content\\\/uploads\\\/Ionut-Lepa-96x96.jpg\",\"contentUrl\":\"https:\\\/\\\/buletin.de\\\/bucuresti\\\/wp-content\\\/uploads\\\/Ionut-Lepa-96x96.jpg\",\"caption\":\"Ionu\u021b Lepa\"},\"url\":\"https:\\\/\\\/buletin.de\\\/bucuresti\\\/author\\\/ionutlepa\\\/\"}]}<\/script>\n<!-- \/ Yoast SEO Premium plugin. -->","yoast_head_json":{"title":"VIDEO | Tramvaiul 41, blocat de repeti\u0163iile pentru parada de 1 Decembrie. C\u0103l\u0103torii nervo\u015fi au \u00eenceput s\u0103 urle la poli\u0163i\u015fti - Buletin de Bucure\u0219ti","robots":{"index":"index","follow":"follow","max-snippet":"max-snippet:-1","max-image-preview":"max-image-preview:large","max-video-preview":"max-video-preview:-1"},"canonical":"https:\/\/buletin.de\/bucuresti\/video-tramvaiul-41-blocat-de-repetitiile-pentru-parada-de-1-decembrie-calatorii-nervosi-au-inceput-sa-urle-la-politisti\/","og_locale":"en_GB","og_type":"article","og_title":"VIDEO | Tramvaiul 41, blocat de repeti\u0163iile pentru parada de 1 Decembrie. C\u0103l\u0103torii nervo\u015fi au \u00eenceput s\u0103 urle la poli\u0163i\u015fti","og_description":"Traficul la intersec\u0163ia str\u0103zii Turda cu bulevardul Ion Mihalache a fost blocat de poli\u0163i\u015fti \u00een aceast\u0103 diminea\u0163\u0103 pentru ca vehiculele de parad\u0103 s\u0103 poat\u0103 trece. Inclusiv pietonii au fost opri\u0163i din traversare \u015fi au fost nevoi\u0163i s\u0103 r\u0103m\u00e2n\u0103 pe trotuar p\u00e2n\u0103 c\u00e2nd a trecut convoiul. Conform cititorului care ne-a transmis aceste clipuri, c\u0103l\u0103torii din tramvaie [&hellip;]","og_url":"https:\/\/buletin.de\/bucuresti\/video-tramvaiul-41-blocat-de-repetitiile-pentru-parada-de-1-decembrie-calatorii-nervosi-au-inceput-sa-urle-la-politisti\/","og_site_name":"Buletin de Bucure\u0219ti","article_publisher":"https:\/\/www.facebook.com\/buletin.de.buc","article_published_time":"2023-11-28T08:49:04+00:00","article_modified_time":"2023-11-29T03:22:29+00:00","og_image":[{"width":1228,"height":645,"url":"https:\/\/buletin.de\/bucuresti\/wp-content\/uploads\/turda-cu-ion-mihalache.png","type":"image\/png"}],"author":"Ionu\u021b Lepa","twitter_card":"summary_large_image","twitter_misc":{"Written by":"Ionu\u021b Lepa","Estimated reading time":"1 minute"},"schema":{"@context":"https:\/\/schema.org","@graph":[{"@type":"Article","@id":"https:\/\/buletin.de\/bucuresti\/video-tramvaiul-41-blocat-de-repetitiile-pentru-parada-de-1-decembrie-calatorii-nervosi-au-inceput-sa-urle-la-politisti\/#article","isPartOf":{"@id":"https:\/\/buletin.de\/bucuresti\/video-tramvaiul-41-blocat-de-repetitiile-pentru-parada-de-1-decembrie-calatorii-nervosi-au-inceput-sa-urle-la-politisti\/"},"author":{"name":"Ionu\u021b Lepa","@id":"https:\/\/buletin.de\/bucuresti\/#\/schema\/person\/5272b8a057b33890940b57b837fc4ce6"},"headline":"VIDEO | Tramvaiul 41, blocat de repeti\u0163iile pentru parada de 1 Decembrie. C\u0103l\u0103torii nervo\u015fi au \u00eenceput s\u0103 urle la poli\u0163i\u015fti","datePublished":"2023-11-28T08:49:04+00:00","dateModified":"2023-11-29T03:22:29+00:00","mainEntityOfPage":{"@id":"https:\/\/buletin.de\/bucuresti\/video-tramvaiul-41-blocat-de-repetitiile-pentru-parada-de-1-decembrie-calatorii-nervosi-au-inceput-sa-urle-la-politisti\/"},"wordCount":183,"publisher":{"@id":"https:\/\/buletin.de\/bucuresti\/#organization"},"image":{"@id":"https:\/\/buletin.de\/bucuresti\/video-tramvaiul-41-blocat-de-repetitiile-pentru-parada-de-1-decembrie-calatorii-nervosi-au-inceput-sa-urle-la-politisti\/#primaryimage"},"thumbnailUrl":"https:\/\/buletin.de\/bucuresti\/wp-content\/uploads\/turda-cu-ion-mihalache.png","keywords":["parada 1 decembrie","repetitii parada trafic","trafic blocat","tramvai 41 blocat"],"articleSection":["Articole","Transport"],"inLanguage":"en-GB","copyrightYear":"2023","copyrightHolder":{"@id":"https:\/\/buletin.de\/bucuresti\/#organization"}},{"@type":"WebPage","@id":"https:\/\/buletin.de\/bucuresti\/video-tramvaiul-41-blocat-de-repetitiile-pentru-parada-de-1-decembrie-calatorii-nervosi-au-inceput-sa-urle-la-politisti\/","url":"https:\/\/buletin.de\/bucuresti\/video-tramvaiul-41-blocat-de-repetitiile-pentru-parada-de-1-decembrie-calatorii-nervosi-au-inceput-sa-urle-la-politisti\/","name":"VIDEO | Tramvaiul 41, blocat de repeti\u0163iile pentru parada de 1 Decembrie. C\u0103l\u0103torii nervo\u015fi au \u00eenceput s\u0103 urle la poli\u0163i\u015fti - Buletin de Bucure\u0219ti","isPartOf":{"@id":"https:\/\/buletin.de\/bucuresti\/#website"},"primaryImageOfPage":{"@id":"https:\/\/buletin.de\/bucuresti\/video-tramvaiul-41-blocat-de-repetitiile-pentru-parada-de-1-decembrie-calatorii-nervosi-au-inceput-sa-urle-la-politisti\/#primaryimage"},"image":{"@id":"https:\/\/buletin.de\/bucuresti\/video-tramvaiul-41-blocat-de-repetitiile-pentru-parada-de-1-decembrie-calatorii-nervosi-au-inceput-sa-urle-la-politisti\/#primaryimage"},"thumbnailUrl":"https:\/\/buletin.de\/bucuresti\/wp-content\/uploads\/turda-cu-ion-mihalache.png","datePublished":"2023-11-28T08:49:04+00:00","dateModified":"2023-11-29T03:22:29+00:00","breadcrumb":{"@id":"https:\/\/buletin.de\/bucuresti\/video-tramvaiul-41-blocat-de-repetitiile-pentru-parada-de-1-decembrie-calatorii-nervosi-au-inceput-sa-urle-la-politisti\/#breadcrumb"},"inLanguage":"en-GB","potentialAction":[{"@type":"ReadAction","target":["https:\/\/buletin.de\/bucuresti\/video-tramvaiul-41-blocat-de-repetitiile-pentru-parada-de-1-decembrie-calatorii-nervosi-au-inceput-sa-urle-la-politisti\/"]}]},{"@type":"ImageObject","inLanguage":"en-GB","@id":"https:\/\/buletin.de\/bucuresti\/video-tramvaiul-41-blocat-de-repetitiile-pentru-parada-de-1-decembrie-calatorii-nervosi-au-inceput-sa-urle-la-politisti\/#primaryimage","url":"https:\/\/buletin.de\/bucuresti\/wp-content\/uploads\/turda-cu-ion-mihalache.png","contentUrl":"https:\/\/buletin.de\/bucuresti\/wp-content\/uploads\/turda-cu-ion-mihalache.png","width":1228,"height":645,"caption":"FOTO: Captur\u0103 de pe Waze"},{"@type":"BreadcrumbList","@id":"https:\/\/buletin.de\/bucuresti\/video-tramvaiul-41-blocat-de-repetitiile-pentru-parada-de-1-decembrie-calatorii-nervosi-au-inceput-sa-urle-la-politisti\/#breadcrumb","itemListElement":[{"@type":"ListItem","position":1,"name":"Acas\u0103","item":"https:\/\/buletin.de\/bucuresti\/"},{"@type":"ListItem","position":2,"name":"VIDEO | Tramvaiul 41, blocat de repeti\u0163iile pentru parada de 1 Decembrie. C\u0103l\u0103torii nervo\u015fi au \u00eenceput s\u0103 urle la poli\u0163i\u015fti"}]},{"@type":"WebSite","@id":"https:\/\/buletin.de\/bucuresti\/#website","url":"https:\/\/buletin.de\/bucuresti\/","name":"Buletin de Bucure\u0219ti","description":"\u0218tiri \u0219i investiga\u021bii esen\u021biale din capital\u0103","publisher":{"@id":"https:\/\/buletin.de\/bucuresti\/#organization"},"potentialAction":[{"@type":"SearchAction","target":{"@type":"EntryPoint","urlTemplate":"https:\/\/buletin.de\/bucuresti\/?s={search_term_string}"},"query-input":{"@type":"PropertyValueSpecification","valueRequired":true,"valueName":"search_term_string"}}],"inLanguage":"en-GB"},{"@type":"Organization","@id":"https:\/\/buletin.de\/bucuresti\/#organization","name":"Buletin de Bucure\u0219ti","url":"https:\/\/buletin.de\/bucuresti\/","logo":{"@type":"ImageObject","inLanguage":"en-GB","@id":"https:\/\/buletin.de\/bucuresti\/#\/schema\/logo\/image\/","url":"https:\/\/buletin.de\/bucuresti\/wp-content\/uploads\/logo-bdb-full-wide-vernil-transparent.png","contentUrl":"https:\/\/buletin.de\/bucuresti\/wp-content\/uploads\/logo-bdb-full-wide-vernil-transparent.png","width":1782,"height":626,"caption":"Buletin de Bucure\u0219ti"},"image":{"@id":"https:\/\/buletin.de\/bucuresti\/#\/schema\/logo\/image\/"},"sameAs":["https:\/\/www.facebook.com\/buletin.de.buc","https:\/\/www.instagram.com\/buletinde.bucuresti\/"]},{"@type":"Person","@id":"https:\/\/buletin.de\/bucuresti\/#\/schema\/person\/5272b8a057b33890940b57b837fc4ce6","name":"Ionu\u021b Lepa","image":{"@type":"ImageObject","inLanguage":"en-GB","@id":"https:\/\/buletin.de\/bucuresti\/wp-content\/uploads\/Ionut-Lepa-96x96.jpg5c4e4d9e049808799a8821652d2410a4","url":"https:\/\/buletin.de\/bucuresti\/wp-content\/uploads\/Ionut-Lepa-96x96.jpg","contentUrl":"https:\/\/buletin.de\/bucuresti\/wp-content\/uploads\/Ionut-Lepa-96x96.jpg","caption":"Ionu\u021b Lepa"},"url":"https:\/\/buletin.de\/bucuresti\/author\/ionutlepa\/"}]}},"authors":[{"term_id":22586,"user_id":8,"is_guest":0,"slug":"ionutlepa","display_name":"Ionu\u021b Lepa","avatar_url":"https:\/\/buletin.de\/bucuresti\/wp-content\/uploads\/Ionut-Lepa-96x96.jpg","0":null,"1":"","2":"","3":"","4":"","5":"","6":"","7":"","8":""}],"_links":{"self":[{"href":"https:\/\/buletin.de\/bucuresti\/wp-json\/wp\/v2\/posts\/70556","targetHints":{"allow":["GET"]}}],"collection":[{"href":"https:\/\/buletin.de\/bucuresti\/wp-json\/wp\/v2\/posts"}],"about":[{"href":"https:\/\/buletin.de\/bucuresti\/wp-json\/wp\/v2\/types\/post"}],"author":[{"embeddable":true,"href":"https:\/\/buletin.de\/bucuresti\/wp-json\/wp\/v2\/users\/8"}],"replies":[{"embeddable":true,"href":"https:\/\/buletin.de\/bucuresti\/wp-json\/wp\/v2\/comments?post=70556"}],"version-history":[{"count":3,"href":"https:\/\/buletin.de\/bucuresti\/wp-json\/wp\/v2\/posts\/70556\/revisions"}],"predecessor-version":[{"id":70564,"href":"https:\/\/buletin.de\/bucuresti\/wp-json\/wp\/v2\/posts\/70556\/revisions\/70564"}],"wp:featuredmedia":[{"embeddable":true,"href":"https:\/\/buletin.de\/bucuresti\/wp-json\/wp\/v2\/media\/70560"}],"wp:attachment":[{"href":"https:\/\/buletin.de\/bucuresti\/wp-json\/wp\/v2\/media?parent=70556"}],"wp:term":[{"taxonomy":"category","embeddable":true,"href":"https:\/\/buletin.de\/bucuresti\/wp-json\/wp\/v2\/categories?post=70556"},{"taxonomy":"post_tag","embeddable":true,"href":"https:\/\/buletin.de\/bucuresti\/wp-json\/wp\/v2\/tags?post=70556"},{"taxonomy":"author","embeddable":true,"href":"https:\/\/buletin.de\/bucuresti\/wp-json\/wp\/v2\/ppma_author?post=70556"}],"curies":[{"name":"wp","href":"https:\/\/api.w.org\/{rel}","templated":true}]}}