{"id":70539,"date":"2023-11-28T08:00:54","date_gmt":"2023-11-28T06:00:54","guid":{"rendered":"https:\/\/buletin.de\/bucuresti\/?p=70539"},"modified":"2023-11-29T05:32:39","modified_gmt":"2023-11-29T03:32:39","slug":"trafic-paralizat-in-nordul-capitalei-din-cauza-repetitiilor-pentru-parada-de-1-decembrie","status":"publish","type":"post","link":"https:\/\/buletin.de\/bucuresti\/trafic-paralizat-in-nordul-capitalei-din-cauza-repetitiilor-pentru-parada-de-1-decembrie\/","title":{"rendered":"Trafic paralizat \u00een Nordul Capitalei din cauza repeti\u021biilor pentru parada de 1 Decembrie"},"content":{"rendered":"\n<p><strong>Restric\u021biile vizeaz\u0103 zona Arcului de Triumf \u0219i vor fi implementate \u0219i zilele urm\u0103toare, transmite Brigada de Poli\u021bie Rutier\u0103 a Capitalei. Pentru mar\u021bi, 28 noiembrie, acestea sunt valabile p\u00e2n\u0103 la ora 13:00.<\/strong><\/p>\n\n\n\n<p>Restric\u021biile anun\u021bate de Brigada de Poli\u021bie Rutier\u0103 a Capitalei vin pe fondul problemelor de trafic cauzate de lucr\u0103rile la Podul Grant. Potrivit unui comunicat remis redac\u021biei, \u00een ziua de 28.11.2023, \u00een intervalul orar 03.00-13.00, traficul va fi afectat astfel:<\/p>\n\n\n\n<p>&#8211; restric\u021bionarea traficului rutier pe \u0218os. Pavel D. Kiseleff \u0219i a str\u0103zilor adiacente \u00eentre Pia\u021ba Victoriei, Pia\u021ba Arcului de Triumf \u0219i Pia\u021ba Presei Libere, cu specifica\u021bia c\u0103 \u00een pasajul de la Pia\u021ba Presei Libere se va putea permite circula\u021bia doar c\u0103tre Pia\u021ba Montreal;<br>&#8211; restric\u021bionarea traficului pe Bd. Mare\u0219al Constantin Prezan, \u00eentre Pia\u021ba Charles de Gaulle \u0219i Pia\u021ba Arcul de Triumf, precum \u0219i pe str\u0103zile adiacente;<\/p>\n\n\n\n<p>&#8211; restric\u021bionarea traficului pe str. Alexandru Constantinescu, \u00eentre Bd. M\u0103r\u0103\u0219ti \u0219i Pia\u021ba Arcul de Triumf;<br>&#8211; restric\u021bionarea traficului pe Bd. Mare\u0219al Alexandru Averescu, \u00eentre Bd. M\u0103r\u0103\u0219ti \u0219i Pia\u021ba Arcul de Triumf, precum \u0219i pe str\u0103zile adiacente;<br>&#8211; restric\u021bionarea traficului pe Str. Arh. Ion Mincu, Str. Barbu Delavrancea, Str. Nicolae Ionescu, Str. Ady Endre, Str. Sg. Vasile Doroban\u021bu, Str. Docen\u021bilor, Str. Mahatma Gandhi \u0219i pe Str. Petofi Sandor;<br>&#8211; restric\u021bionarea traficului pe Str. Clucerului, \u00eentre Str. Arh. Ion Mincu \u0219i Bd. Mare\u0219al Alexandru Averescu, precum \u0219i pe str\u0103zile adiacente spre Bd. Ion Mihalache;<br>&#8211; restric\u021bionarea traficului pe Str. Gheorghe Br\u0103tianu, \u00eentre str. Arh. Ion Mincu \u0219i Str. Docen\u021bilor, precum \u0219i pe str\u0103zile adiacente c\u0103tre Bd. Aviatorilor;<br>&#8211; restric\u021bionarea traficului pe Str. Uruguay, \u00eentre Bd. Aviatorilor \u0219i \u0218os. Kiseleff, precum \u0219i pe str\u0103zile adiacente spre cele dou\u0103 bulevarde;<br>&#8211; restric\u021bionarea traficului pe Str. Monet\u0103riei \u0219i pe Aleea Primo Nebiolo;<br>&#8211; eliberarea parc\u0103rii dispuse \u00een rond Kiseleff<\/p>\n\n\n\n<figure class=\"wp-block-image size-large\"><img fetchpriority=\"high\" decoding=\"async\" width=\"900\" height=\"552\" src=\"data:image\/gif;base64,R0lGODlhAQABAAAAACH5BAEKAAEALAAAAAABAAEAAAICTAEAOw==\" data-src=\"https:\/\/buletin.de\/bucuresti\/wp-content\/uploads\/waze-2-900x552.jpg\" alt=\"\" class=\"wp-image-70544 lazyload\" data-sizes=\"auto\" data-srcset=\"https:\/\/buletin.de\/bucuresti\/wp-content\/uploads\/waze-2-900x552.jpg 900w, https:\/\/buletin.de\/bucuresti\/wp-content\/uploads\/waze-2-300x184.jpg 300w, https:\/\/buletin.de\/bucuresti\/wp-content\/uploads\/waze-2-768x471.jpg 768w, https:\/\/buletin.de\/bucuresti\/wp-content\/uploads\/waze-2-1536x943.jpg 1536w, https:\/\/buletin.de\/bucuresti\/wp-content\/uploads\/waze-2-1600x982.jpg 1600w, https:\/\/buletin.de\/bucuresti\/wp-content\/uploads\/waze-2-1100x675.jpg 1100w, https:\/\/buletin.de\/bucuresti\/wp-content\/uploads\/waze-2-600x368.jpg 600w, https:\/\/buletin.de\/bucuresti\/wp-content\/uploads\/waze-2-20x12.jpg 20w, https:\/\/buletin.de\/bucuresti\/wp-content\/uploads\/waze-2.jpg 1745w\" sizes=\"(max-width: 900px) 100vw, 900px\" \/><\/figure>\n\n\n\n<p>Restric\u021bii vor fi impuse \u0219i joi, 30 noiembrie, \u00eencep\u00e2nd cu ora 09.00 \u0219i p\u00e2n\u0103 pe 01.12.2023, ora 14.30, dup\u0103 cum urmeaz\u0103:<\/p>\n\n\n\n<p>&#8211; restric\u021bionarea traficului rutier pe benzile I, II \u0219i III \u00een Pia\u021ba Arcul de Triumf, pe sensul dinspre Pia\u021ba Presei Libere c\u0103tre Pia\u021ba Victoriei, de la Aleea Primo Nebiolo p\u00e2n\u0103 la Arcul de Triumf \u0219i pe Str. Alexandru Constantinescu, de la<br>Arcul de Triumf p\u00e2n\u0103 la Bd. M\u0103r\u0103\u0219ti, pe ambele sensuri de mers, pentru amplasarea\/demontarea tribunei oficiale;<br>&#8211; restric\u021bionarea bretelei de circula\u021bie care face leg\u0103tura \u00eentre Bd. Mare\u0219al Alexandru Averescu \u0219i \u0218os. Kiseleff;<br>&#8211; restric\u021bionarea spa\u021biului interzis circula\u021biei, dispus \u00een spatele Arcului de Triumf, \u00eentre Bd. Mare\u0219al Alexandru Averescu \u0219i Bd. Mare\u0219al Constantin Prezan.<\/p>\n\n\n\n<figure class=\"wp-block-embed is-type-wp-embed is-provider-buletin-de-bucure\u0219ti wp-block-embed-buletin-de-bucure\u0219ti\"><div class=\"wp-block-embed__wrapper\">\n<blockquote class=\"wp-embedded-content\" data-secret=\"Pvknzk7cR5\"><a href=\"https:\/\/buletin.de\/bucuresti\/restrictii-de-circulatie-pentru-ziua-nationala-strazi-inchise-si-pentru-repetitii\/\">Restric\u021bii de circula\u021bie pentru Ziua Na\u021bional\u0103. Str\u0103zi \u00eenchise \u015fi pentru repeti\u0163ii<\/a><\/blockquote><iframe class=\"wp-embedded-content\" sandbox=\"allow-scripts\" security=\"restricted\" style=\"position: absolute; clip: rect(1px, 1px, 1px, 1px);\" title=\"&#8220;Restric\u021bii de circula\u021bie pentru Ziua Na\u021bional\u0103. Str\u0103zi \u00eenchise \u015fi pentru repeti\u0163ii&#8221; &#8212; Buletin de Bucure\u0219ti\" src=\"https:\/\/buletin.de\/bucuresti\/restrictii-de-circulatie-pentru-ziua-nationala-strazi-inchise-si-pentru-repetitii\/embed\/#?secret=kU0pvI1SAt#?secret=Pvknzk7cR5\" data-secret=\"Pvknzk7cR5\" width=\"600\" height=\"338\" frameborder=\"0\" marginwidth=\"0\" marginheight=\"0\" scrolling=\"no\"><\/iframe>\n<\/div><\/figure>\n","protected":false},"excerpt":{"rendered":"<p>Restric\u021biile vizeaz\u0103 zona Arcului de Triumf \u0219i vor fi implementate \u0219i zilele urm\u0103toare, transmite Brigada de Poli\u021bie Rutier\u0103 a Capitalei. Pentru mar\u021bi, 28 noiembrie, acestea sunt valabile p\u00e2n\u0103 la ora 13:00. Restric\u021biile anun\u021bate de Brigada de Poli\u021bie Rutier\u0103 a Capitalei vin pe fondul problemelor de trafic cauzate de lucr\u0103rile la Podul Grant. Potrivit unui comunicat [&hellip;]<\/p>\n","protected":false},"author":10,"featured_media":70541,"comment_status":"closed","ping_status":"open","sticky":false,"template":"","format":"standard","meta":{"_acf_changed":false,"inline_featured_image":false,"ngg_post_thumbnail":0,"footnotes":""},"categories":[6994,650],"tags":[1911,502,8083,58],"ppma_author":[22575],"class_list":["post-70539","post","type-post","status-publish","format-standard","has-post-thumbnail","hentry","category-stiri-2","category-transport","tag-1-decembrie","tag-program","tag-repetitii","tag-trafic"],"acf":[],"yoast_head":"<!-- This site is optimized with the Yoast SEO Premium plugin v25.3 (Yoast SEO v27.5) - https:\/\/yoast.com\/product\/yoast-seo-premium-wordpress\/ -->\n<title>Trafic paralizat \u00een Nordul Capitalei din cauza repeti\u021biilor pentru parada de 1 Decembrie - Buletin de Bucure\u0219ti<\/title>\n<meta name=\"robots\" content=\"index, follow, max-snippet:-1, max-image-preview:large, max-video-preview:-1\" \/>\n<link rel=\"canonical\" href=\"https:\/\/buletin.de\/bucuresti\/trafic-paralizat-in-nordul-capitalei-din-cauza-repetitiilor-pentru-parada-de-1-decembrie\/\" \/>\n<meta property=\"og:locale\" content=\"en_GB\" \/>\n<meta property=\"og:type\" content=\"article\" \/>\n<meta property=\"og:title\" content=\"Trafic paralizat \u00een Nordul Capitalei din cauza repeti\u021biilor pentru parada de 1 Decembrie\" \/>\n<meta property=\"og:description\" content=\"Restric\u021biile vizeaz\u0103 zona Arcului de Triumf \u0219i vor fi implementate \u0219i zilele urm\u0103toare, transmite Brigada de Poli\u021bie Rutier\u0103 a Capitalei. Pentru mar\u021bi, 28 noiembrie, acestea sunt valabile p\u00e2n\u0103 la ora 13:00. Restric\u021biile anun\u021bate de Brigada de Poli\u021bie Rutier\u0103 a Capitalei vin pe fondul problemelor de trafic cauzate de lucr\u0103rile la Podul Grant. Potrivit unui comunicat [&hellip;]\" \/>\n<meta property=\"og:url\" content=\"https:\/\/buletin.de\/bucuresti\/trafic-paralizat-in-nordul-capitalei-din-cauza-repetitiilor-pentru-parada-de-1-decembrie\/\" \/>\n<meta property=\"og:site_name\" content=\"Buletin de Bucure\u0219ti\" \/>\n<meta property=\"article:publisher\" content=\"https:\/\/www.facebook.com\/buletin.de.buc\" \/>\n<meta property=\"article:published_time\" content=\"2023-11-28T06:00:54+00:00\" \/>\n<meta property=\"article:modified_time\" content=\"2023-11-29T03:32:39+00:00\" \/>\n<meta property=\"og:image\" content=\"https:\/\/buletin.de\/bucuresti\/wp-content\/uploads\/trafic-paralizat.png\" \/>\n\t<meta property=\"og:image:width\" content=\"1942\" \/>\n\t<meta property=\"og:image:height\" content=\"1055\" \/>\n\t<meta property=\"og:image:type\" content=\"image\/png\" \/>\n<meta name=\"author\" content=\"C\u0103t\u0103lin Dosca\u0219\" \/>\n<meta name=\"twitter:card\" content=\"summary_large_image\" \/>\n<meta name=\"twitter:label1\" content=\"Written by\" \/>\n\t<meta name=\"twitter:data1\" content=\"C\u0103t\u0103lin Dosca\u0219\" \/>\n\t<meta name=\"twitter:label2\" content=\"Estimated reading time\" \/>\n\t<meta name=\"twitter:data2\" content=\"2 minutes\" \/>\n<script type=\"application\/ld+json\" class=\"yoast-schema-graph\">{\"@context\":\"https:\\\/\\\/schema.org\",\"@graph\":[{\"@type\":\"Article\",\"@id\":\"https:\\\/\\\/buletin.de\\\/bucuresti\\\/trafic-paralizat-in-nordul-capitalei-din-cauza-repetitiilor-pentru-parada-de-1-decembrie\\\/#article\",\"isPartOf\":{\"@id\":\"https:\\\/\\\/buletin.de\\\/bucuresti\\\/trafic-paralizat-in-nordul-capitalei-din-cauza-repetitiilor-pentru-parada-de-1-decembrie\\\/\"},\"author\":{\"name\":\"C\u0103t\u0103lin Dosca\u0219\",\"@id\":\"https:\\\/\\\/buletin.de\\\/bucuresti\\\/#\\\/schema\\\/person\\\/31117187ed4d0bdb0a4c7d6acc79d0f8\"},\"headline\":\"Trafic paralizat \u00een Nordul Capitalei din cauza repeti\u021biilor pentru parada de 1 Decembrie\",\"datePublished\":\"2023-11-28T06:00:54+00:00\",\"dateModified\":\"2023-11-29T03:32:39+00:00\",\"mainEntityOfPage\":{\"@id\":\"https:\\\/\\\/buletin.de\\\/bucuresti\\\/trafic-paralizat-in-nordul-capitalei-din-cauza-repetitiilor-pentru-parada-de-1-decembrie\\\/\"},\"wordCount\":488,\"publisher\":{\"@id\":\"https:\\\/\\\/buletin.de\\\/bucuresti\\\/#organization\"},\"image\":{\"@id\":\"https:\\\/\\\/buletin.de\\\/bucuresti\\\/trafic-paralizat-in-nordul-capitalei-din-cauza-repetitiilor-pentru-parada-de-1-decembrie\\\/#primaryimage\"},\"thumbnailUrl\":\"https:\\\/\\\/buletin.de\\\/bucuresti\\\/wp-content\\\/uploads\\\/trafic-paralizat.png\",\"keywords\":[\"1 decembrie\",\"program\",\"repetitii\",\"trafic\"],\"articleSection\":[\"Articole\",\"Transport\"],\"inLanguage\":\"en-GB\",\"copyrightYear\":\"2023\",\"copyrightHolder\":{\"@id\":\"https:\\\/\\\/buletin.de\\\/bucuresti\\\/#organization\"}},{\"@type\":\"WebPage\",\"@id\":\"https:\\\/\\\/buletin.de\\\/bucuresti\\\/trafic-paralizat-in-nordul-capitalei-din-cauza-repetitiilor-pentru-parada-de-1-decembrie\\\/\",\"url\":\"https:\\\/\\\/buletin.de\\\/bucuresti\\\/trafic-paralizat-in-nordul-capitalei-din-cauza-repetitiilor-pentru-parada-de-1-decembrie\\\/\",\"name\":\"Trafic paralizat \u00een Nordul Capitalei din cauza repeti\u021biilor pentru parada de 1 Decembrie - Buletin de Bucure\u0219ti\",\"isPartOf\":{\"@id\":\"https:\\\/\\\/buletin.de\\\/bucuresti\\\/#website\"},\"primaryImageOfPage\":{\"@id\":\"https:\\\/\\\/buletin.de\\\/bucuresti\\\/trafic-paralizat-in-nordul-capitalei-din-cauza-repetitiilor-pentru-parada-de-1-decembrie\\\/#primaryimage\"},\"image\":{\"@id\":\"https:\\\/\\\/buletin.de\\\/bucuresti\\\/trafic-paralizat-in-nordul-capitalei-din-cauza-repetitiilor-pentru-parada-de-1-decembrie\\\/#primaryimage\"},\"thumbnailUrl\":\"https:\\\/\\\/buletin.de\\\/bucuresti\\\/wp-content\\\/uploads\\\/trafic-paralizat.png\",\"datePublished\":\"2023-11-28T06:00:54+00:00\",\"dateModified\":\"2023-11-29T03:32:39+00:00\",\"breadcrumb\":{\"@id\":\"https:\\\/\\\/buletin.de\\\/bucuresti\\\/trafic-paralizat-in-nordul-capitalei-din-cauza-repetitiilor-pentru-parada-de-1-decembrie\\\/#breadcrumb\"},\"inLanguage\":\"en-GB\",\"potentialAction\":[{\"@type\":\"ReadAction\",\"target\":[\"https:\\\/\\\/buletin.de\\\/bucuresti\\\/trafic-paralizat-in-nordul-capitalei-din-cauza-repetitiilor-pentru-parada-de-1-decembrie\\\/\"]}]},{\"@type\":\"ImageObject\",\"inLanguage\":\"en-GB\",\"@id\":\"https:\\\/\\\/buletin.de\\\/bucuresti\\\/trafic-paralizat-in-nordul-capitalei-din-cauza-repetitiilor-pentru-parada-de-1-decembrie\\\/#primaryimage\",\"url\":\"https:\\\/\\\/buletin.de\\\/bucuresti\\\/wp-content\\\/uploads\\\/trafic-paralizat.png\",\"contentUrl\":\"https:\\\/\\\/buletin.de\\\/bucuresti\\\/wp-content\\\/uploads\\\/trafic-paralizat.png\",\"width\":1942,\"height\":1055},{\"@type\":\"BreadcrumbList\",\"@id\":\"https:\\\/\\\/buletin.de\\\/bucuresti\\\/trafic-paralizat-in-nordul-capitalei-din-cauza-repetitiilor-pentru-parada-de-1-decembrie\\\/#breadcrumb\",\"itemListElement\":[{\"@type\":\"ListItem\",\"position\":1,\"name\":\"Acas\u0103\",\"item\":\"https:\\\/\\\/buletin.de\\\/bucuresti\\\/\"},{\"@type\":\"ListItem\",\"position\":2,\"name\":\"Trafic paralizat \u00een Nordul Capitalei din cauza repeti\u021biilor pentru parada de 1 Decembrie\"}]},{\"@type\":\"WebSite\",\"@id\":\"https:\\\/\\\/buletin.de\\\/bucuresti\\\/#website\",\"url\":\"https:\\\/\\\/buletin.de\\\/bucuresti\\\/\",\"name\":\"Buletin de Bucure\u0219ti\",\"description\":\"\u0218tiri \u0219i investiga\u021bii esen\u021biale din capital\u0103\",\"publisher\":{\"@id\":\"https:\\\/\\\/buletin.de\\\/bucuresti\\\/#organization\"},\"potentialAction\":[{\"@type\":\"SearchAction\",\"target\":{\"@type\":\"EntryPoint\",\"urlTemplate\":\"https:\\\/\\\/buletin.de\\\/bucuresti\\\/?s={search_term_string}\"},\"query-input\":{\"@type\":\"PropertyValueSpecification\",\"valueRequired\":true,\"valueName\":\"search_term_string\"}}],\"inLanguage\":\"en-GB\"},{\"@type\":\"Organization\",\"@id\":\"https:\\\/\\\/buletin.de\\\/bucuresti\\\/#organization\",\"name\":\"Buletin de Bucure\u0219ti\",\"url\":\"https:\\\/\\\/buletin.de\\\/bucuresti\\\/\",\"logo\":{\"@type\":\"ImageObject\",\"inLanguage\":\"en-GB\",\"@id\":\"https:\\\/\\\/buletin.de\\\/bucuresti\\\/#\\\/schema\\\/logo\\\/image\\\/\",\"url\":\"https:\\\/\\\/buletin.de\\\/bucuresti\\\/wp-content\\\/uploads\\\/logo-bdb-full-wide-vernil-transparent.png\",\"contentUrl\":\"https:\\\/\\\/buletin.de\\\/bucuresti\\\/wp-content\\\/uploads\\\/logo-bdb-full-wide-vernil-transparent.png\",\"width\":1782,\"height\":626,\"caption\":\"Buletin de Bucure\u0219ti\"},\"image\":{\"@id\":\"https:\\\/\\\/buletin.de\\\/bucuresti\\\/#\\\/schema\\\/logo\\\/image\\\/\"},\"sameAs\":[\"https:\\\/\\\/www.facebook.com\\\/buletin.de.buc\",\"https:\\\/\\\/www.instagram.com\\\/buletinde.bucuresti\\\/\"]},{\"@type\":\"Person\",\"@id\":\"https:\\\/\\\/buletin.de\\\/bucuresti\\\/#\\\/schema\\\/person\\\/31117187ed4d0bdb0a4c7d6acc79d0f8\",\"name\":\"C\u0103t\u0103lin Dosca\u0219\",\"image\":{\"@type\":\"ImageObject\",\"inLanguage\":\"en-GB\",\"@id\":\"https:\\\/\\\/buletin.de\\\/bucuresti\\\/wp-content\\\/uploads\\\/Catalin-Doscas-e1732731064764-96x96.jpga93e2943bb3b1c1f9ead823df6e6317a\",\"url\":\"https:\\\/\\\/buletin.de\\\/bucuresti\\\/wp-content\\\/uploads\\\/Catalin-Doscas-e1732731064764-96x96.jpg\",\"contentUrl\":\"https:\\\/\\\/buletin.de\\\/bucuresti\\\/wp-content\\\/uploads\\\/Catalin-Doscas-e1732731064764-96x96.jpg\",\"caption\":\"C\u0103t\u0103lin Dosca\u0219\"},\"description\":\"Reporter \u0219i redactor-\u0219ef Buletin de Bucure\u0219ti. Lucreaz\u0103 \u00een mass-media de la v\u00e2rsta de 15 ani, c\u00e2nd a publicat primele articole \u00een presa local\u0103 din Tecuci. \u00cen Bucure\u0219ti a lucrat \u00een redac\u021bii radio ca reporter, redactor \u0219i prezentator (StudentFM, Na\u021bionalFM, Radio Total, Smart FM), unde a acoperit domeniile politic, economic, social \u0219i externe. Ulterior, a fost editor-coordonator al postului Realitatea FM. Experien\u021ba \u00een jurnalismul online a dob\u00e2ndit-o la portalul B365.ro, unde a fost editor. \u00cen 2012 s-a angajat \u00een televiziune. La Realitatea TV a fost, pe r\u00e2nd, reporter la sec\u021bia Social, reporter special la emisiunea de reportaje \u0219i anchete \u201eReporterii Realit\u0103\u021bii\u201d, dar \u0219i editor al jurnalelor de \u0219tiri. Ulterior, a f\u0103cut parte din sec\u021bia de Investiga\u021bii de la Digi24 \u0219i a lucrat la campania \u201eRom\u00e2nia furat\u0103\u201d. A revenit \u00een presa scris\u0103 \u00een 2017, ca reporter special, \u00een cadrul unui proiect de repozi\u021bionare a tabloidului Libertatea \u00een cotidian generalist. Este jurnalist Buletin de Bucure\u0219ti din 2019.\",\"url\":\"https:\\\/\\\/buletin.de\\\/bucuresti\\\/author\\\/catalin\\\/\"}]}<\/script>\n<!-- \/ Yoast SEO Premium plugin. -->","yoast_head_json":{"title":"Trafic paralizat \u00een Nordul Capitalei din cauza repeti\u021biilor pentru parada de 1 Decembrie - Buletin de Bucure\u0219ti","robots":{"index":"index","follow":"follow","max-snippet":"max-snippet:-1","max-image-preview":"max-image-preview:large","max-video-preview":"max-video-preview:-1"},"canonical":"https:\/\/buletin.de\/bucuresti\/trafic-paralizat-in-nordul-capitalei-din-cauza-repetitiilor-pentru-parada-de-1-decembrie\/","og_locale":"en_GB","og_type":"article","og_title":"Trafic paralizat \u00een Nordul Capitalei din cauza repeti\u021biilor pentru parada de 1 Decembrie","og_description":"Restric\u021biile vizeaz\u0103 zona Arcului de Triumf \u0219i vor fi implementate \u0219i zilele urm\u0103toare, transmite Brigada de Poli\u021bie Rutier\u0103 a Capitalei. Pentru mar\u021bi, 28 noiembrie, acestea sunt valabile p\u00e2n\u0103 la ora 13:00. Restric\u021biile anun\u021bate de Brigada de Poli\u021bie Rutier\u0103 a Capitalei vin pe fondul problemelor de trafic cauzate de lucr\u0103rile la Podul Grant. Potrivit unui comunicat [&hellip;]","og_url":"https:\/\/buletin.de\/bucuresti\/trafic-paralizat-in-nordul-capitalei-din-cauza-repetitiilor-pentru-parada-de-1-decembrie\/","og_site_name":"Buletin de Bucure\u0219ti","article_publisher":"https:\/\/www.facebook.com\/buletin.de.buc","article_published_time":"2023-11-28T06:00:54+00:00","article_modified_time":"2023-11-29T03:32:39+00:00","og_image":[{"width":1942,"height":1055,"url":"https:\/\/buletin.de\/bucuresti\/wp-content\/uploads\/trafic-paralizat.png","type":"image\/png"}],"author":"C\u0103t\u0103lin Dosca\u0219","twitter_card":"summary_large_image","twitter_misc":{"Written by":"C\u0103t\u0103lin Dosca\u0219","Estimated reading time":"2 minutes"},"schema":{"@context":"https:\/\/schema.org","@graph":[{"@type":"Article","@id":"https:\/\/buletin.de\/bucuresti\/trafic-paralizat-in-nordul-capitalei-din-cauza-repetitiilor-pentru-parada-de-1-decembrie\/#article","isPartOf":{"@id":"https:\/\/buletin.de\/bucuresti\/trafic-paralizat-in-nordul-capitalei-din-cauza-repetitiilor-pentru-parada-de-1-decembrie\/"},"author":{"name":"C\u0103t\u0103lin Dosca\u0219","@id":"https:\/\/buletin.de\/bucuresti\/#\/schema\/person\/31117187ed4d0bdb0a4c7d6acc79d0f8"},"headline":"Trafic paralizat \u00een Nordul Capitalei din cauza repeti\u021biilor pentru parada de 1 Decembrie","datePublished":"2023-11-28T06:00:54+00:00","dateModified":"2023-11-29T03:32:39+00:00","mainEntityOfPage":{"@id":"https:\/\/buletin.de\/bucuresti\/trafic-paralizat-in-nordul-capitalei-din-cauza-repetitiilor-pentru-parada-de-1-decembrie\/"},"wordCount":488,"publisher":{"@id":"https:\/\/buletin.de\/bucuresti\/#organization"},"image":{"@id":"https:\/\/buletin.de\/bucuresti\/trafic-paralizat-in-nordul-capitalei-din-cauza-repetitiilor-pentru-parada-de-1-decembrie\/#primaryimage"},"thumbnailUrl":"https:\/\/buletin.de\/bucuresti\/wp-content\/uploads\/trafic-paralizat.png","keywords":["1 decembrie","program","repetitii","trafic"],"articleSection":["Articole","Transport"],"inLanguage":"en-GB","copyrightYear":"2023","copyrightHolder":{"@id":"https:\/\/buletin.de\/bucuresti\/#organization"}},{"@type":"WebPage","@id":"https:\/\/buletin.de\/bucuresti\/trafic-paralizat-in-nordul-capitalei-din-cauza-repetitiilor-pentru-parada-de-1-decembrie\/","url":"https:\/\/buletin.de\/bucuresti\/trafic-paralizat-in-nordul-capitalei-din-cauza-repetitiilor-pentru-parada-de-1-decembrie\/","name":"Trafic paralizat \u00een Nordul Capitalei din cauza repeti\u021biilor pentru parada de 1 Decembrie - Buletin de Bucure\u0219ti","isPartOf":{"@id":"https:\/\/buletin.de\/bucuresti\/#website"},"primaryImageOfPage":{"@id":"https:\/\/buletin.de\/bucuresti\/trafic-paralizat-in-nordul-capitalei-din-cauza-repetitiilor-pentru-parada-de-1-decembrie\/#primaryimage"},"image":{"@id":"https:\/\/buletin.de\/bucuresti\/trafic-paralizat-in-nordul-capitalei-din-cauza-repetitiilor-pentru-parada-de-1-decembrie\/#primaryimage"},"thumbnailUrl":"https:\/\/buletin.de\/bucuresti\/wp-content\/uploads\/trafic-paralizat.png","datePublished":"2023-11-28T06:00:54+00:00","dateModified":"2023-11-29T03:32:39+00:00","breadcrumb":{"@id":"https:\/\/buletin.de\/bucuresti\/trafic-paralizat-in-nordul-capitalei-din-cauza-repetitiilor-pentru-parada-de-1-decembrie\/#breadcrumb"},"inLanguage":"en-GB","potentialAction":[{"@type":"ReadAction","target":["https:\/\/buletin.de\/bucuresti\/trafic-paralizat-in-nordul-capitalei-din-cauza-repetitiilor-pentru-parada-de-1-decembrie\/"]}]},{"@type":"ImageObject","inLanguage":"en-GB","@id":"https:\/\/buletin.de\/bucuresti\/trafic-paralizat-in-nordul-capitalei-din-cauza-repetitiilor-pentru-parada-de-1-decembrie\/#primaryimage","url":"https:\/\/buletin.de\/bucuresti\/wp-content\/uploads\/trafic-paralizat.png","contentUrl":"https:\/\/buletin.de\/bucuresti\/wp-content\/uploads\/trafic-paralizat.png","width":1942,"height":1055},{"@type":"BreadcrumbList","@id":"https:\/\/buletin.de\/bucuresti\/trafic-paralizat-in-nordul-capitalei-din-cauza-repetitiilor-pentru-parada-de-1-decembrie\/#breadcrumb","itemListElement":[{"@type":"ListItem","position":1,"name":"Acas\u0103","item":"https:\/\/buletin.de\/bucuresti\/"},{"@type":"ListItem","position":2,"name":"Trafic paralizat \u00een Nordul Capitalei din cauza repeti\u021biilor pentru parada de 1 Decembrie"}]},{"@type":"WebSite","@id":"https:\/\/buletin.de\/bucuresti\/#website","url":"https:\/\/buletin.de\/bucuresti\/","name":"Buletin de Bucure\u0219ti","description":"\u0218tiri \u0219i investiga\u021bii esen\u021biale din capital\u0103","publisher":{"@id":"https:\/\/buletin.de\/bucuresti\/#organization"},"potentialAction":[{"@type":"SearchAction","target":{"@type":"EntryPoint","urlTemplate":"https:\/\/buletin.de\/bucuresti\/?s={search_term_string}"},"query-input":{"@type":"PropertyValueSpecification","valueRequired":true,"valueName":"search_term_string"}}],"inLanguage":"en-GB"},{"@type":"Organization","@id":"https:\/\/buletin.de\/bucuresti\/#organization","name":"Buletin de Bucure\u0219ti","url":"https:\/\/buletin.de\/bucuresti\/","logo":{"@type":"ImageObject","inLanguage":"en-GB","@id":"https:\/\/buletin.de\/bucuresti\/#\/schema\/logo\/image\/","url":"https:\/\/buletin.de\/bucuresti\/wp-content\/uploads\/logo-bdb-full-wide-vernil-transparent.png","contentUrl":"https:\/\/buletin.de\/bucuresti\/wp-content\/uploads\/logo-bdb-full-wide-vernil-transparent.png","width":1782,"height":626,"caption":"Buletin de Bucure\u0219ti"},"image":{"@id":"https:\/\/buletin.de\/bucuresti\/#\/schema\/logo\/image\/"},"sameAs":["https:\/\/www.facebook.com\/buletin.de.buc","https:\/\/www.instagram.com\/buletinde.bucuresti\/"]},{"@type":"Person","@id":"https:\/\/buletin.de\/bucuresti\/#\/schema\/person\/31117187ed4d0bdb0a4c7d6acc79d0f8","name":"C\u0103t\u0103lin Dosca\u0219","image":{"@type":"ImageObject","inLanguage":"en-GB","@id":"https:\/\/buletin.de\/bucuresti\/wp-content\/uploads\/Catalin-Doscas-e1732731064764-96x96.jpga93e2943bb3b1c1f9ead823df6e6317a","url":"https:\/\/buletin.de\/bucuresti\/wp-content\/uploads\/Catalin-Doscas-e1732731064764-96x96.jpg","contentUrl":"https:\/\/buletin.de\/bucuresti\/wp-content\/uploads\/Catalin-Doscas-e1732731064764-96x96.jpg","caption":"C\u0103t\u0103lin Dosca\u0219"},"description":"Reporter \u0219i redactor-\u0219ef Buletin de Bucure\u0219ti. Lucreaz\u0103 \u00een mass-media de la v\u00e2rsta de 15 ani, c\u00e2nd a publicat primele articole \u00een presa local\u0103 din Tecuci. \u00cen Bucure\u0219ti a lucrat \u00een redac\u021bii radio ca reporter, redactor \u0219i prezentator (StudentFM, Na\u021bionalFM, Radio Total, Smart FM), unde a acoperit domeniile politic, economic, social \u0219i externe. Ulterior, a fost editor-coordonator al postului Realitatea FM. Experien\u021ba \u00een jurnalismul online a dob\u00e2ndit-o la portalul B365.ro, unde a fost editor. \u00cen 2012 s-a angajat \u00een televiziune. La Realitatea TV a fost, pe r\u00e2nd, reporter la sec\u021bia Social, reporter special la emisiunea de reportaje \u0219i anchete \u201eReporterii Realit\u0103\u021bii\u201d, dar \u0219i editor al jurnalelor de \u0219tiri. Ulterior, a f\u0103cut parte din sec\u021bia de Investiga\u021bii de la Digi24 \u0219i a lucrat la campania \u201eRom\u00e2nia furat\u0103\u201d. A revenit \u00een presa scris\u0103 \u00een 2017, ca reporter special, \u00een cadrul unui proiect de repozi\u021bionare a tabloidului Libertatea \u00een cotidian generalist. Este jurnalist Buletin de Bucure\u0219ti din 2019.","url":"https:\/\/buletin.de\/bucuresti\/author\/catalin\/"}]}},"authors":[{"term_id":22575,"user_id":10,"is_guest":0,"slug":"catalin","display_name":"C\u0103t\u0103lin Dosca\u0219","avatar_url":"https:\/\/buletin.de\/bucuresti\/wp-content\/uploads\/Catalin-Doscas-e1732731064764-96x96.jpg","0":null,"1":"","2":"","3":"","4":"","5":"","6":"","7":"","8":""}],"_links":{"self":[{"href":"https:\/\/buletin.de\/bucuresti\/wp-json\/wp\/v2\/posts\/70539","targetHints":{"allow":["GET"]}}],"collection":[{"href":"https:\/\/buletin.de\/bucuresti\/wp-json\/wp\/v2\/posts"}],"about":[{"href":"https:\/\/buletin.de\/bucuresti\/wp-json\/wp\/v2\/types\/post"}],"author":[{"embeddable":true,"href":"https:\/\/buletin.de\/bucuresti\/wp-json\/wp\/v2\/users\/10"}],"replies":[{"embeddable":true,"href":"https:\/\/buletin.de\/bucuresti\/wp-json\/wp\/v2\/comments?post=70539"}],"version-history":[{"count":6,"href":"https:\/\/buletin.de\/bucuresti\/wp-json\/wp\/v2\/posts\/70539\/revisions"}],"predecessor-version":[{"id":70550,"href":"https:\/\/buletin.de\/bucuresti\/wp-json\/wp\/v2\/posts\/70539\/revisions\/70550"}],"wp:featuredmedia":[{"embeddable":true,"href":"https:\/\/buletin.de\/bucuresti\/wp-json\/wp\/v2\/media\/70541"}],"wp:attachment":[{"href":"https:\/\/buletin.de\/bucuresti\/wp-json\/wp\/v2\/media?parent=70539"}],"wp:term":[{"taxonomy":"category","embeddable":true,"href":"https:\/\/buletin.de\/bucuresti\/wp-json\/wp\/v2\/categories?post=70539"},{"taxonomy":"post_tag","embeddable":true,"href":"https:\/\/buletin.de\/bucuresti\/wp-json\/wp\/v2\/tags?post=70539"},{"taxonomy":"author","embeddable":true,"href":"https:\/\/buletin.de\/bucuresti\/wp-json\/wp\/v2\/ppma_author?post=70539"}],"curies":[{"name":"wp","href":"https:\/\/api.w.org\/{rel}","templated":true}]}}