{"id":70501,"date":"2023-11-28T06:15:00","date_gmt":"2023-11-28T04:15:00","guid":{"rendered":"https:\/\/buletin.de\/bucuresti\/?p=70501"},"modified":"2023-11-28T07:35:00","modified_gmt":"2023-11-28T05:35:00","slug":"termoficare-i-conductele-pe-bani-europeni-cu-care-se-lauda-primaria-capitalei-acoperite-deasfalt-valurit","status":"publish","type":"post","link":"https:\/\/buletin.de\/bucuresti\/termoficare-i-conductele-pe-bani-europeni-cu-care-se-lauda-primaria-capitalei-acoperite-deasfalt-valurit\/","title":{"rendered":"TERMOFICARE I Conductele pe bani europeni cu care se laud\u0103 Prim\u0103ria Capitalei, acoperite de \u201easfalt v\u0103lurit\u201d"},"content":{"rendered":"\n<p><strong>Primarul General al Capitalei, Nicu\u0219or Dan, anun\u021b\u0103 finalizarea \u00eenlocuirii primului tronson de conduct\u0103 cu finan\u021bare din fonduri europene, \u00eens\u0103 cet\u0103\u021benii sectorului 6 se pl\u00e2ng de str\u0103zile denivelate l\u0103sate \u00een urma lucr\u0103rilor de refacere a re\u021belei de termoficare.<\/strong><\/p>\n\n\n\n<p><em>Instala\u021bia este deja \u00een func\u021biune \u0219i alimenteaz\u0103 174 blocuri, respectiv 9.807 apartamente din sectorul 6 (Bd. Iuliu Maniu \u2013 intrarea Jarului \u2013 str Corbilor \u2013 str Apusului \u2013 str Ghirlandei)<\/em>, anun\u021b\u0103 Primarul Capitalei pe pagina sa de <a href=\"https:\/\/www.facebook.com\/NicusorDan.ro\/posts\/pfbid02Vn6o1WQoD6BAaea71rY6NyC51scjdBDNF4F7P2wBqdiu5GL559Ebz4Ee384GNioel\">Facebook<\/a>.<\/p>\n\n\n\n<p>Totu\u0219i, cet\u0103\u021benii reclam\u0103 calitatea lucr\u0103rilor executate de companiile de construc\u021bii. Firmele, de\u0219i sunt obligate s\u0103 readuc\u0103 asfaltul la starea ini\u021bial\u0103, ar fi l\u0103sat str\u0103zi denivelate \u00een mai multe zone din sectorul 6, potrivit unor comentarii de pe re\u021beaua de socializare.<\/p>\n\n\n\n<p>Lucr\u0103rile de pe Strada Apusului, nr. 71, ar trebui s\u0103 fie ref\u0103cute \u00een decursul acestei s\u0103pt\u0103m\u00e2ni, conform <a href=\"https:\/\/www.facebook.com\/100064438400065\/posts\/pfbid02V7z8yYNMNLq34gzJj6j3QX3dzZvYu5qRTGxFuJXdo87wUxkxGAvssdpBTJzms1Zil\/?d=n&amp;mibextid=WC7FNe\">post\u0103rii publicate <\/a>de Prim\u0103ria Sectorului 6. Institu\u021bia a trimis reprezentan\u021bi ai serviciului Disciplina \u00een construc\u021bii pentru a verifica situa\u021bia, \u00een urma reac\u021biilor din mediul online.<\/p>\n\n\n\n<figure class=\"wp-block-image size-full\"><img fetchpriority=\"high\" decoding=\"async\" width=\"803\" height=\"179\" src=\"data:image\/gif;base64,R0lGODlhAQABAAAAACH5BAEKAAEALAAAAAABAAEAAAICTAEAOw==\" data-src=\"https:\/\/buletin.de\/bucuresti\/wp-content\/uploads\/SS3.jpg\" alt=\"\" class=\"wp-image-70505 lazyload\" data-sizes=\"auto\" data-srcset=\"https:\/\/buletin.de\/bucuresti\/wp-content\/uploads\/SS3.jpg 803w, https:\/\/buletin.de\/bucuresti\/wp-content\/uploads\/SS3-300x67.jpg 300w, https:\/\/buletin.de\/bucuresti\/wp-content\/uploads\/SS3-768x171.jpg 768w, https:\/\/buletin.de\/bucuresti\/wp-content\/uploads\/SS3-600x134.jpg 600w, https:\/\/buletin.de\/bucuresti\/wp-content\/uploads\/SS3-20x4.jpg 20w\" sizes=\"(max-width: 803px) 100vw, 803px\" \/><\/figure>\n\n\n\n<figure class=\"wp-block-image size-full\"><img decoding=\"async\" width=\"736\" height=\"158\" src=\"data:image\/gif;base64,R0lGODlhAQABAAAAACH5BAEKAAEALAAAAAABAAEAAAICTAEAOw==\" data-src=\"https:\/\/buletin.de\/bucuresti\/wp-content\/uploads\/SS2.jpg\" alt=\"\" class=\"wp-image-70509 lazyload\" data-sizes=\"auto\" data-srcset=\"https:\/\/buletin.de\/bucuresti\/wp-content\/uploads\/SS2.jpg 736w, https:\/\/buletin.de\/bucuresti\/wp-content\/uploads\/SS2-300x64.jpg 300w, https:\/\/buletin.de\/bucuresti\/wp-content\/uploads\/SS2-600x129.jpg 600w, https:\/\/buletin.de\/bucuresti\/wp-content\/uploads\/SS2-20x4.jpg 20w\" sizes=\"(max-width: 736px) 100vw, 736px\" \/><\/figure>\n\n\n\n<figure class=\"wp-block-image size-large\"><img decoding=\"async\" width=\"900\" height=\"181\" src=\"data:image\/gif;base64,R0lGODlhAQABAAAAACH5BAEKAAEALAAAAAABAAEAAAICTAEAOw==\" data-src=\"https:\/\/buletin.de\/bucuresti\/wp-content\/uploads\/SS1-900x181.jpg\" alt=\"\" class=\"wp-image-70508 lazyload\" data-sizes=\"auto\" data-srcset=\"https:\/\/buletin.de\/bucuresti\/wp-content\/uploads\/SS1-900x181.jpg 900w, https:\/\/buletin.de\/bucuresti\/wp-content\/uploads\/SS1-300x60.jpg 300w, https:\/\/buletin.de\/bucuresti\/wp-content\/uploads\/SS1-768x155.jpg 768w, https:\/\/buletin.de\/bucuresti\/wp-content\/uploads\/SS1-600x121.jpg 600w, https:\/\/buletin.de\/bucuresti\/wp-content\/uploads\/SS1-20x4.jpg 20w, https:\/\/buletin.de\/bucuresti\/wp-content\/uploads\/SS1.jpg 1063w\" sizes=\"(max-width: 900px) 100vw, 900px\" \/><\/figure>\n\n\n\n<p>Prim\u0103ria Capitalei a semnat anul trecut contractele pentru lucr\u0103ri de termoficare pe o distan\u021b\u0103 de peste 200 de kilometri de conducte, de pe<a href=\"https:\/\/buletin.de\/bucuresti\/primul-santier-pentru-reabilitarea-a-210-km-de-retea-de-termoficare-cu-finantare-europeana-pe-bd-1-decembrie\/\"> cinci magistrale principale<\/a>. Valoarea contractelor este de aproximativ 260 de milioane de euro, din care 200 de milioane euro fonduri nerambursabile prin Programul Opera\u0163ional Infrastructur\u0103 Mare (POIM).<\/p>\n\n\n\n<p>Tronsonul de conduct\u0103 cu o lungime de 1,64 km, situat pe strada Apusului din sectorul 6 (Obiectivul 25) este singurul care a fost finalizat. Lucr\u0103rile au fost executate de Asocierea S.C. Energomontaj S.A. (Lider) \u2013 S.C. Elsaco Electronic S.R.L (Asociat) \u2013 Sicor S.R.L (Asociat) &#8211; IPCT Instala\u021bii S.R.L.(Asociat), valoarea de execu\u021bie fiind de<a href=\"https:\/\/buletin.de\/bucuresti\/nicusor-dan-a-inceput-reabilitarea-unui-nou-tronson-de-conducta-de-termoficare\/\"> peste 6 milioane de lei<\/a>. <\/p>\n\n\n\n<p><\/p>\n","protected":false},"excerpt":{"rendered":"<p>Primarul General al Capitalei, Nicu\u0219or Dan, anun\u021b\u0103 finalizarea \u00eenlocuirii primului tronson de conduct\u0103 cu finan\u021bare din fonduri europene, \u00eens\u0103 cet\u0103\u021benii sectorului 6 se pl\u00e2ng de str\u0103zile denivelate l\u0103sate \u00een urma lucr\u0103rilor de refacere a re\u021belei de termoficare. Instala\u021bia este deja \u00een func\u021biune \u0219i alimenteaz\u0103 174 blocuri, respectiv 9.807 apartamente din sectorul 6 (Bd. Iuliu Maniu [&hellip;]<\/p>\n","protected":false},"author":55,"featured_media":70511,"comment_status":"closed","ping_status":"open","sticky":false,"template":"","format":"standard","meta":{"_acf_changed":false,"inline_featured_image":false,"ngg_post_thumbnail":0,"footnotes":""},"categories":[6994,5762,24,6214],"tags":[809,4287,1107,8081,1977,436,6859],"ppma_author":[22573],"class_list":["post-70501","post","type-post","status-publish","format-standard","has-post-thumbnail","hentry","category-stiri-2","category-main","category-primarie","category-termo","tag-fonduri-europene","tag-poim","tag-primaria-sector-6","tag-reabilitare-conducte","tag-reteaua-de-termoficare","tag-santier","tag-strada-apusului"],"acf":[],"yoast_head":"<!-- This site is optimized with the Yoast SEO Premium plugin v25.3 (Yoast SEO v27.4) - https:\/\/yoast.com\/product\/yoast-seo-premium-wordpress\/ -->\n<title>TERMOFICARE I Conductele pe bani europeni cu care se laud\u0103 Prim\u0103ria Capitalei, acoperite de \u201easfalt v\u0103lurit\u201d - Buletin de Bucure\u0219ti<\/title>\n<meta name=\"robots\" content=\"index, follow, max-snippet:-1, max-image-preview:large, max-video-preview:-1\" \/>\n<link rel=\"canonical\" href=\"https:\/\/buletin.de\/bucuresti\/termoficare-i-conductele-pe-bani-europeni-cu-care-se-lauda-primaria-capitalei-acoperite-deasfalt-valurit\/\" \/>\n<meta property=\"og:locale\" content=\"en_GB\" \/>\n<meta property=\"og:type\" content=\"article\" \/>\n<meta property=\"og:title\" content=\"TERMOFICARE I Conductele pe bani europeni cu care se laud\u0103 Prim\u0103ria Capitalei, acoperite de \u201easfalt v\u0103lurit\u201d\" \/>\n<meta property=\"og:description\" content=\"Primarul General al Capitalei, Nicu\u0219or Dan, anun\u021b\u0103 finalizarea \u00eenlocuirii primului tronson de conduct\u0103 cu finan\u021bare din fonduri europene, \u00eens\u0103 cet\u0103\u021benii sectorului 6 se pl\u00e2ng de str\u0103zile denivelate l\u0103sate \u00een urma lucr\u0103rilor de refacere a re\u021belei de termoficare. Instala\u021bia este deja \u00een func\u021biune \u0219i alimenteaz\u0103 174 blocuri, respectiv 9.807 apartamente din sectorul 6 (Bd. Iuliu Maniu [&hellip;]\" \/>\n<meta property=\"og:url\" content=\"https:\/\/buletin.de\/bucuresti\/termoficare-i-conductele-pe-bani-europeni-cu-care-se-lauda-primaria-capitalei-acoperite-deasfalt-valurit\/\" \/>\n<meta property=\"og:site_name\" content=\"Buletin de Bucure\u0219ti\" \/>\n<meta property=\"article:publisher\" content=\"https:\/\/www.facebook.com\/buletin.de.buc\" \/>\n<meta property=\"article:published_time\" content=\"2023-11-28T04:15:00+00:00\" \/>\n<meta property=\"article:modified_time\" content=\"2023-11-28T05:35:00+00:00\" \/>\n<meta property=\"og:image\" content=\"https:\/\/buletin.de\/bucuresti\/wp-content\/uploads\/Apusului-71.jpg\" \/>\n\t<meta property=\"og:image:width\" content=\"1024\" \/>\n\t<meta property=\"og:image:height\" content=\"768\" \/>\n\t<meta property=\"og:image:type\" content=\"image\/jpeg\" \/>\n<meta name=\"author\" content=\"Andreea Tudor\" \/>\n<meta name=\"twitter:card\" content=\"summary_large_image\" \/>\n<meta name=\"twitter:label1\" content=\"Written by\" \/>\n\t<meta name=\"twitter:data1\" content=\"Andreea Tudor\" \/>\n\t<meta name=\"twitter:label2\" content=\"Estimated reading time\" \/>\n\t<meta name=\"twitter:data2\" content=\"1 minute\" \/>\n<script type=\"application\/ld+json\" class=\"yoast-schema-graph\">{\"@context\":\"https:\\\/\\\/schema.org\",\"@graph\":[{\"@type\":\"Article\",\"@id\":\"https:\\\/\\\/buletin.de\\\/bucuresti\\\/termoficare-i-conductele-pe-bani-europeni-cu-care-se-lauda-primaria-capitalei-acoperite-deasfalt-valurit\\\/#article\",\"isPartOf\":{\"@id\":\"https:\\\/\\\/buletin.de\\\/bucuresti\\\/termoficare-i-conductele-pe-bani-europeni-cu-care-se-lauda-primaria-capitalei-acoperite-deasfalt-valurit\\\/\"},\"author\":{\"name\":\"Andreea Tudor\",\"@id\":\"https:\\\/\\\/buletin.de\\\/bucuresti\\\/#\\\/schema\\\/person\\\/150590659efde715459d159da012f501\"},\"headline\":\"TERMOFICARE I Conductele pe bani europeni cu care se laud\u0103 Prim\u0103ria Capitalei, acoperite de \u201easfalt v\u0103lurit\u201d\",\"datePublished\":\"2023-11-28T04:15:00+00:00\",\"dateModified\":\"2023-11-28T05:35:00+00:00\",\"mainEntityOfPage\":{\"@id\":\"https:\\\/\\\/buletin.de\\\/bucuresti\\\/termoficare-i-conductele-pe-bani-europeni-cu-care-se-lauda-primaria-capitalei-acoperite-deasfalt-valurit\\\/\"},\"wordCount\":310,\"publisher\":{\"@id\":\"https:\\\/\\\/buletin.de\\\/bucuresti\\\/#organization\"},\"image\":{\"@id\":\"https:\\\/\\\/buletin.de\\\/bucuresti\\\/termoficare-i-conductele-pe-bani-europeni-cu-care-se-lauda-primaria-capitalei-acoperite-deasfalt-valurit\\\/#primaryimage\"},\"thumbnailUrl\":\"https:\\\/\\\/buletin.de\\\/bucuresti\\\/wp-content\\\/uploads\\\/Apusului-71.jpg\",\"keywords\":[\"fonduri europene\",\"POIM\",\"primaria sector 6\",\"Reabilitare conducte\",\"Reteaua de termoficare\",\"santier\",\"strada apusului\"],\"articleSection\":[\"Articole\",\"Main\",\"Prim\u0103rie\",\"Termoficare\"],\"inLanguage\":\"en-GB\",\"copyrightYear\":\"2023\",\"copyrightHolder\":{\"@id\":\"https:\\\/\\\/buletin.de\\\/bucuresti\\\/#organization\"}},{\"@type\":\"WebPage\",\"@id\":\"https:\\\/\\\/buletin.de\\\/bucuresti\\\/termoficare-i-conductele-pe-bani-europeni-cu-care-se-lauda-primaria-capitalei-acoperite-deasfalt-valurit\\\/\",\"url\":\"https:\\\/\\\/buletin.de\\\/bucuresti\\\/termoficare-i-conductele-pe-bani-europeni-cu-care-se-lauda-primaria-capitalei-acoperite-deasfalt-valurit\\\/\",\"name\":\"TERMOFICARE I Conductele pe bani europeni cu care se laud\u0103 Prim\u0103ria Capitalei, acoperite de \u201easfalt v\u0103lurit\u201d - Buletin de Bucure\u0219ti\",\"isPartOf\":{\"@id\":\"https:\\\/\\\/buletin.de\\\/bucuresti\\\/#website\"},\"primaryImageOfPage\":{\"@id\":\"https:\\\/\\\/buletin.de\\\/bucuresti\\\/termoficare-i-conductele-pe-bani-europeni-cu-care-se-lauda-primaria-capitalei-acoperite-deasfalt-valurit\\\/#primaryimage\"},\"image\":{\"@id\":\"https:\\\/\\\/buletin.de\\\/bucuresti\\\/termoficare-i-conductele-pe-bani-europeni-cu-care-se-lauda-primaria-capitalei-acoperite-deasfalt-valurit\\\/#primaryimage\"},\"thumbnailUrl\":\"https:\\\/\\\/buletin.de\\\/bucuresti\\\/wp-content\\\/uploads\\\/Apusului-71.jpg\",\"datePublished\":\"2023-11-28T04:15:00+00:00\",\"dateModified\":\"2023-11-28T05:35:00+00:00\",\"breadcrumb\":{\"@id\":\"https:\\\/\\\/buletin.de\\\/bucuresti\\\/termoficare-i-conductele-pe-bani-europeni-cu-care-se-lauda-primaria-capitalei-acoperite-deasfalt-valurit\\\/#breadcrumb\"},\"inLanguage\":\"en-GB\",\"potentialAction\":[{\"@type\":\"ReadAction\",\"target\":[\"https:\\\/\\\/buletin.de\\\/bucuresti\\\/termoficare-i-conductele-pe-bani-europeni-cu-care-se-lauda-primaria-capitalei-acoperite-deasfalt-valurit\\\/\"]}]},{\"@type\":\"ImageObject\",\"inLanguage\":\"en-GB\",\"@id\":\"https:\\\/\\\/buletin.de\\\/bucuresti\\\/termoficare-i-conductele-pe-bani-europeni-cu-care-se-lauda-primaria-capitalei-acoperite-deasfalt-valurit\\\/#primaryimage\",\"url\":\"https:\\\/\\\/buletin.de\\\/bucuresti\\\/wp-content\\\/uploads\\\/Apusului-71.jpg\",\"contentUrl\":\"https:\\\/\\\/buletin.de\\\/bucuresti\\\/wp-content\\\/uploads\\\/Apusului-71.jpg\",\"width\":1024,\"height\":768,\"caption\":\"FOTO: FB \\\/ Nicu\u0219or Dan\"},{\"@type\":\"BreadcrumbList\",\"@id\":\"https:\\\/\\\/buletin.de\\\/bucuresti\\\/termoficare-i-conductele-pe-bani-europeni-cu-care-se-lauda-primaria-capitalei-acoperite-deasfalt-valurit\\\/#breadcrumb\",\"itemListElement\":[{\"@type\":\"ListItem\",\"position\":1,\"name\":\"Acas\u0103\",\"item\":\"https:\\\/\\\/buletin.de\\\/bucuresti\\\/\"},{\"@type\":\"ListItem\",\"position\":2,\"name\":\"TERMOFICARE I Conductele pe bani europeni cu care se laud\u0103 Prim\u0103ria Capitalei, acoperite de \u201easfalt v\u0103lurit\u201d\"}]},{\"@type\":\"WebSite\",\"@id\":\"https:\\\/\\\/buletin.de\\\/bucuresti\\\/#website\",\"url\":\"https:\\\/\\\/buletin.de\\\/bucuresti\\\/\",\"name\":\"Buletin de Bucure\u0219ti\",\"description\":\"\u0218tiri \u0219i investiga\u021bii esen\u021biale din capital\u0103\",\"publisher\":{\"@id\":\"https:\\\/\\\/buletin.de\\\/bucuresti\\\/#organization\"},\"potentialAction\":[{\"@type\":\"SearchAction\",\"target\":{\"@type\":\"EntryPoint\",\"urlTemplate\":\"https:\\\/\\\/buletin.de\\\/bucuresti\\\/?s={search_term_string}\"},\"query-input\":{\"@type\":\"PropertyValueSpecification\",\"valueRequired\":true,\"valueName\":\"search_term_string\"}}],\"inLanguage\":\"en-GB\"},{\"@type\":\"Organization\",\"@id\":\"https:\\\/\\\/buletin.de\\\/bucuresti\\\/#organization\",\"name\":\"Buletin de Bucure\u0219ti\",\"url\":\"https:\\\/\\\/buletin.de\\\/bucuresti\\\/\",\"logo\":{\"@type\":\"ImageObject\",\"inLanguage\":\"en-GB\",\"@id\":\"https:\\\/\\\/buletin.de\\\/bucuresti\\\/#\\\/schema\\\/logo\\\/image\\\/\",\"url\":\"https:\\\/\\\/buletin.de\\\/bucuresti\\\/wp-content\\\/uploads\\\/logo-bdb-full-wide-vernil-transparent.png\",\"contentUrl\":\"https:\\\/\\\/buletin.de\\\/bucuresti\\\/wp-content\\\/uploads\\\/logo-bdb-full-wide-vernil-transparent.png\",\"width\":1782,\"height\":626,\"caption\":\"Buletin de Bucure\u0219ti\"},\"image\":{\"@id\":\"https:\\\/\\\/buletin.de\\\/bucuresti\\\/#\\\/schema\\\/logo\\\/image\\\/\"},\"sameAs\":[\"https:\\\/\\\/www.facebook.com\\\/buletin.de.buc\",\"https:\\\/\\\/www.instagram.com\\\/buletinde.bucuresti\\\/\"]},{\"@type\":\"Person\",\"@id\":\"https:\\\/\\\/buletin.de\\\/bucuresti\\\/#\\\/schema\\\/person\\\/150590659efde715459d159da012f501\",\"name\":\"Andreea Tudor\",\"image\":{\"@type\":\"ImageObject\",\"inLanguage\":\"en-GB\",\"@id\":\"https:\\\/\\\/secure.gravatar.com\\\/avatar\\\/a88705a186ab0b67f3349bcbced506c09e37256fbaad0e7f3bd1a79b4599f589?s=96&d=monsterid&r=g79290610aa1a65c2b86eebc2ca5aee8f\",\"url\":\"https:\\\/\\\/secure.gravatar.com\\\/avatar\\\/a88705a186ab0b67f3349bcbced506c09e37256fbaad0e7f3bd1a79b4599f589?s=96&d=monsterid&r=g\",\"contentUrl\":\"https:\\\/\\\/secure.gravatar.com\\\/avatar\\\/a88705a186ab0b67f3349bcbced506c09e37256fbaad0e7f3bd1a79b4599f589?s=96&d=monsterid&r=g\",\"caption\":\"Andreea Tudor\"},\"description\":\"N\u0103scut\u0103 \u0219i crescut\u0103 \u00een Bucure\u0219ti, sus\u021bin\u0103toare a presei independente. A\u0219a am ajuns redactor la Buletin de Bucure\u0219ti. Fiind eu, \u00eens\u0103mi, parte a sistemului de \u00eenv\u0103\u021b\u0103m\u00e2nt rom\u00e2nesc \u0219i pasionat\u0103 de domeniul social, pun sub lup\u0103 tot ceea ce se \u00eent\u00e2mpl\u0103 \u00een sfera educa\u021biei. Cred cu t\u0103rie c\u0103 presa \u201epentru cet\u0103\u021beni\u201d este presa independent\u0103. Oamenii au nevoie de o informare corect\u0103 pentru a \u00een\u021belege pe deplin ce se \u00eent\u00e2mpl\u0103 \u00een jurul lor \u0219i pentru a lua ac\u021biune \u00eempotriva nedrept\u0103\u021bilor.\",\"url\":\"https:\\\/\\\/buletin.de\\\/bucuresti\\\/author\\\/andreeatudor\\\/\"}]}<\/script>\n<!-- \/ Yoast SEO Premium plugin. -->","yoast_head_json":{"title":"TERMOFICARE I Conductele pe bani europeni cu care se laud\u0103 Prim\u0103ria Capitalei, acoperite de \u201easfalt v\u0103lurit\u201d - Buletin de Bucure\u0219ti","robots":{"index":"index","follow":"follow","max-snippet":"max-snippet:-1","max-image-preview":"max-image-preview:large","max-video-preview":"max-video-preview:-1"},"canonical":"https:\/\/buletin.de\/bucuresti\/termoficare-i-conductele-pe-bani-europeni-cu-care-se-lauda-primaria-capitalei-acoperite-deasfalt-valurit\/","og_locale":"en_GB","og_type":"article","og_title":"TERMOFICARE I Conductele pe bani europeni cu care se laud\u0103 Prim\u0103ria Capitalei, acoperite de \u201easfalt v\u0103lurit\u201d","og_description":"Primarul General al Capitalei, Nicu\u0219or Dan, anun\u021b\u0103 finalizarea \u00eenlocuirii primului tronson de conduct\u0103 cu finan\u021bare din fonduri europene, \u00eens\u0103 cet\u0103\u021benii sectorului 6 se pl\u00e2ng de str\u0103zile denivelate l\u0103sate \u00een urma lucr\u0103rilor de refacere a re\u021belei de termoficare. Instala\u021bia este deja \u00een func\u021biune \u0219i alimenteaz\u0103 174 blocuri, respectiv 9.807 apartamente din sectorul 6 (Bd. Iuliu Maniu [&hellip;]","og_url":"https:\/\/buletin.de\/bucuresti\/termoficare-i-conductele-pe-bani-europeni-cu-care-se-lauda-primaria-capitalei-acoperite-deasfalt-valurit\/","og_site_name":"Buletin de Bucure\u0219ti","article_publisher":"https:\/\/www.facebook.com\/buletin.de.buc","article_published_time":"2023-11-28T04:15:00+00:00","article_modified_time":"2023-11-28T05:35:00+00:00","og_image":[{"width":1024,"height":768,"url":"https:\/\/buletin.de\/bucuresti\/wp-content\/uploads\/Apusului-71.jpg","type":"image\/jpeg"}],"author":"Andreea Tudor","twitter_card":"summary_large_image","twitter_misc":{"Written by":"Andreea Tudor","Estimated reading time":"1 minute"},"schema":{"@context":"https:\/\/schema.org","@graph":[{"@type":"Article","@id":"https:\/\/buletin.de\/bucuresti\/termoficare-i-conductele-pe-bani-europeni-cu-care-se-lauda-primaria-capitalei-acoperite-deasfalt-valurit\/#article","isPartOf":{"@id":"https:\/\/buletin.de\/bucuresti\/termoficare-i-conductele-pe-bani-europeni-cu-care-se-lauda-primaria-capitalei-acoperite-deasfalt-valurit\/"},"author":{"name":"Andreea Tudor","@id":"https:\/\/buletin.de\/bucuresti\/#\/schema\/person\/150590659efde715459d159da012f501"},"headline":"TERMOFICARE I Conductele pe bani europeni cu care se laud\u0103 Prim\u0103ria Capitalei, acoperite de \u201easfalt v\u0103lurit\u201d","datePublished":"2023-11-28T04:15:00+00:00","dateModified":"2023-11-28T05:35:00+00:00","mainEntityOfPage":{"@id":"https:\/\/buletin.de\/bucuresti\/termoficare-i-conductele-pe-bani-europeni-cu-care-se-lauda-primaria-capitalei-acoperite-deasfalt-valurit\/"},"wordCount":310,"publisher":{"@id":"https:\/\/buletin.de\/bucuresti\/#organization"},"image":{"@id":"https:\/\/buletin.de\/bucuresti\/termoficare-i-conductele-pe-bani-europeni-cu-care-se-lauda-primaria-capitalei-acoperite-deasfalt-valurit\/#primaryimage"},"thumbnailUrl":"https:\/\/buletin.de\/bucuresti\/wp-content\/uploads\/Apusului-71.jpg","keywords":["fonduri europene","POIM","primaria sector 6","Reabilitare conducte","Reteaua de termoficare","santier","strada apusului"],"articleSection":["Articole","Main","Prim\u0103rie","Termoficare"],"inLanguage":"en-GB","copyrightYear":"2023","copyrightHolder":{"@id":"https:\/\/buletin.de\/bucuresti\/#organization"}},{"@type":"WebPage","@id":"https:\/\/buletin.de\/bucuresti\/termoficare-i-conductele-pe-bani-europeni-cu-care-se-lauda-primaria-capitalei-acoperite-deasfalt-valurit\/","url":"https:\/\/buletin.de\/bucuresti\/termoficare-i-conductele-pe-bani-europeni-cu-care-se-lauda-primaria-capitalei-acoperite-deasfalt-valurit\/","name":"TERMOFICARE I Conductele pe bani europeni cu care se laud\u0103 Prim\u0103ria Capitalei, acoperite de \u201easfalt v\u0103lurit\u201d - Buletin de Bucure\u0219ti","isPartOf":{"@id":"https:\/\/buletin.de\/bucuresti\/#website"},"primaryImageOfPage":{"@id":"https:\/\/buletin.de\/bucuresti\/termoficare-i-conductele-pe-bani-europeni-cu-care-se-lauda-primaria-capitalei-acoperite-deasfalt-valurit\/#primaryimage"},"image":{"@id":"https:\/\/buletin.de\/bucuresti\/termoficare-i-conductele-pe-bani-europeni-cu-care-se-lauda-primaria-capitalei-acoperite-deasfalt-valurit\/#primaryimage"},"thumbnailUrl":"https:\/\/buletin.de\/bucuresti\/wp-content\/uploads\/Apusului-71.jpg","datePublished":"2023-11-28T04:15:00+00:00","dateModified":"2023-11-28T05:35:00+00:00","breadcrumb":{"@id":"https:\/\/buletin.de\/bucuresti\/termoficare-i-conductele-pe-bani-europeni-cu-care-se-lauda-primaria-capitalei-acoperite-deasfalt-valurit\/#breadcrumb"},"inLanguage":"en-GB","potentialAction":[{"@type":"ReadAction","target":["https:\/\/buletin.de\/bucuresti\/termoficare-i-conductele-pe-bani-europeni-cu-care-se-lauda-primaria-capitalei-acoperite-deasfalt-valurit\/"]}]},{"@type":"ImageObject","inLanguage":"en-GB","@id":"https:\/\/buletin.de\/bucuresti\/termoficare-i-conductele-pe-bani-europeni-cu-care-se-lauda-primaria-capitalei-acoperite-deasfalt-valurit\/#primaryimage","url":"https:\/\/buletin.de\/bucuresti\/wp-content\/uploads\/Apusului-71.jpg","contentUrl":"https:\/\/buletin.de\/bucuresti\/wp-content\/uploads\/Apusului-71.jpg","width":1024,"height":768,"caption":"FOTO: FB \/ Nicu\u0219or Dan"},{"@type":"BreadcrumbList","@id":"https:\/\/buletin.de\/bucuresti\/termoficare-i-conductele-pe-bani-europeni-cu-care-se-lauda-primaria-capitalei-acoperite-deasfalt-valurit\/#breadcrumb","itemListElement":[{"@type":"ListItem","position":1,"name":"Acas\u0103","item":"https:\/\/buletin.de\/bucuresti\/"},{"@type":"ListItem","position":2,"name":"TERMOFICARE I Conductele pe bani europeni cu care se laud\u0103 Prim\u0103ria Capitalei, acoperite de \u201easfalt v\u0103lurit\u201d"}]},{"@type":"WebSite","@id":"https:\/\/buletin.de\/bucuresti\/#website","url":"https:\/\/buletin.de\/bucuresti\/","name":"Buletin de Bucure\u0219ti","description":"\u0218tiri \u0219i investiga\u021bii esen\u021biale din capital\u0103","publisher":{"@id":"https:\/\/buletin.de\/bucuresti\/#organization"},"potentialAction":[{"@type":"SearchAction","target":{"@type":"EntryPoint","urlTemplate":"https:\/\/buletin.de\/bucuresti\/?s={search_term_string}"},"query-input":{"@type":"PropertyValueSpecification","valueRequired":true,"valueName":"search_term_string"}}],"inLanguage":"en-GB"},{"@type":"Organization","@id":"https:\/\/buletin.de\/bucuresti\/#organization","name":"Buletin de Bucure\u0219ti","url":"https:\/\/buletin.de\/bucuresti\/","logo":{"@type":"ImageObject","inLanguage":"en-GB","@id":"https:\/\/buletin.de\/bucuresti\/#\/schema\/logo\/image\/","url":"https:\/\/buletin.de\/bucuresti\/wp-content\/uploads\/logo-bdb-full-wide-vernil-transparent.png","contentUrl":"https:\/\/buletin.de\/bucuresti\/wp-content\/uploads\/logo-bdb-full-wide-vernil-transparent.png","width":1782,"height":626,"caption":"Buletin de Bucure\u0219ti"},"image":{"@id":"https:\/\/buletin.de\/bucuresti\/#\/schema\/logo\/image\/"},"sameAs":["https:\/\/www.facebook.com\/buletin.de.buc","https:\/\/www.instagram.com\/buletinde.bucuresti\/"]},{"@type":"Person","@id":"https:\/\/buletin.de\/bucuresti\/#\/schema\/person\/150590659efde715459d159da012f501","name":"Andreea Tudor","image":{"@type":"ImageObject","inLanguage":"en-GB","@id":"https:\/\/secure.gravatar.com\/avatar\/a88705a186ab0b67f3349bcbced506c09e37256fbaad0e7f3bd1a79b4599f589?s=96&d=monsterid&r=g79290610aa1a65c2b86eebc2ca5aee8f","url":"https:\/\/secure.gravatar.com\/avatar\/a88705a186ab0b67f3349bcbced506c09e37256fbaad0e7f3bd1a79b4599f589?s=96&d=monsterid&r=g","contentUrl":"https:\/\/secure.gravatar.com\/avatar\/a88705a186ab0b67f3349bcbced506c09e37256fbaad0e7f3bd1a79b4599f589?s=96&d=monsterid&r=g","caption":"Andreea Tudor"},"description":"N\u0103scut\u0103 \u0219i crescut\u0103 \u00een Bucure\u0219ti, sus\u021bin\u0103toare a presei independente. A\u0219a am ajuns redactor la Buletin de Bucure\u0219ti. Fiind eu, \u00eens\u0103mi, parte a sistemului de \u00eenv\u0103\u021b\u0103m\u00e2nt rom\u00e2nesc \u0219i pasionat\u0103 de domeniul social, pun sub lup\u0103 tot ceea ce se \u00eent\u00e2mpl\u0103 \u00een sfera educa\u021biei. Cred cu t\u0103rie c\u0103 presa \u201epentru cet\u0103\u021beni\u201d este presa independent\u0103. Oamenii au nevoie de o informare corect\u0103 pentru a \u00een\u021belege pe deplin ce se \u00eent\u00e2mpl\u0103 \u00een jurul lor \u0219i pentru a lua ac\u021biune \u00eempotriva nedrept\u0103\u021bilor.","url":"https:\/\/buletin.de\/bucuresti\/author\/andreeatudor\/"}]}},"authors":[{"term_id":22573,"user_id":55,"is_guest":0,"slug":"andreeatudor","display_name":"Andreea Tudor","avatar_url":"https:\/\/secure.gravatar.com\/avatar\/a88705a186ab0b67f3349bcbced506c09e37256fbaad0e7f3bd1a79b4599f589?s=96&d=monsterid&r=g","0":null,"1":"","2":"","3":"","4":"","5":"","6":"","7":"","8":""}],"_links":{"self":[{"href":"https:\/\/buletin.de\/bucuresti\/wp-json\/wp\/v2\/posts\/70501","targetHints":{"allow":["GET"]}}],"collection":[{"href":"https:\/\/buletin.de\/bucuresti\/wp-json\/wp\/v2\/posts"}],"about":[{"href":"https:\/\/buletin.de\/bucuresti\/wp-json\/wp\/v2\/types\/post"}],"author":[{"embeddable":true,"href":"https:\/\/buletin.de\/bucuresti\/wp-json\/wp\/v2\/users\/55"}],"replies":[{"embeddable":true,"href":"https:\/\/buletin.de\/bucuresti\/wp-json\/wp\/v2\/comments?post=70501"}],"version-history":[{"count":4,"href":"https:\/\/buletin.de\/bucuresti\/wp-json\/wp\/v2\/posts\/70501\/revisions"}],"predecessor-version":[{"id":70538,"href":"https:\/\/buletin.de\/bucuresti\/wp-json\/wp\/v2\/posts\/70501\/revisions\/70538"}],"wp:featuredmedia":[{"embeddable":true,"href":"https:\/\/buletin.de\/bucuresti\/wp-json\/wp\/v2\/media\/70511"}],"wp:attachment":[{"href":"https:\/\/buletin.de\/bucuresti\/wp-json\/wp\/v2\/media?parent=70501"}],"wp:term":[{"taxonomy":"category","embeddable":true,"href":"https:\/\/buletin.de\/bucuresti\/wp-json\/wp\/v2\/categories?post=70501"},{"taxonomy":"post_tag","embeddable":true,"href":"https:\/\/buletin.de\/bucuresti\/wp-json\/wp\/v2\/tags?post=70501"},{"taxonomy":"author","embeddable":true,"href":"https:\/\/buletin.de\/bucuresti\/wp-json\/wp\/v2\/ppma_author?post=70501"}],"curies":[{"name":"wp","href":"https:\/\/api.w.org\/{rel}","templated":true}]}}