{"id":70500,"date":"2023-11-28T06:30:00","date_gmt":"2023-11-28T04:30:00","guid":{"rendered":"https:\/\/buletin.de\/bucuresti\/?p=70500"},"modified":"2023-11-27T20:56:50","modified_gmt":"2023-11-27T18:56:50","slug":"fara-materiale-pirotehnice-in-perioada-sarbatorilor-prefectura-someaza-primarii-de-sectoare","status":"publish","type":"post","link":"https:\/\/buletin.de\/bucuresti\/fara-materiale-pirotehnice-in-perioada-sarbatorilor-prefectura-someaza-primarii-de-sectoare\/","title":{"rendered":"F\u0103r\u0103 petarde, \u00een perioada s\u0103rb\u0103torilor. Prefectura someaz\u0103 primarii de sectoare"},"content":{"rendered":"\n<p><strong>Prefectura Capitalei solicit\u0103 prim\u0103riilor de sector \u0219i Prim\u0103riei Generale s\u0103 nu emit\u0103 avize pentru comercializarea de materiale pirotehnice. \u00cen \u0219edin\u021ba Colegiului Prefectural al Municipiului Bucure\u0219ti, s-a cerut institu\u021biilor responsabile s\u0103 controleze \u0219i s\u0103 descurajeze comer\u021bul cu materiale pirotehnice.<\/strong><\/p>\n\n\n\n<p>Potrivit unei hot\u0103r\u00e2ri, prim\u0103riile de sector, Prim\u0103ria Municipiului Bucure\u0219ti \u0219i Administra\u021bia Str\u0103zilor nu trebuie s\u0103 emit\u0103 avize de amplasament, pe domeniul public sau privat al municipiului Bucure\u0219ti, \u00een vederea comercializ\u0103rii articolelor pirotehnice.<\/p>\n\n\n\n<p>\u201e(&#8230;)<em> nu putem ignora faptul c\u0103 petardele \u0219i artificiile aduc o doz\u0103 considerabil\u0103 de pericol \u0219i disconfort. Acestea provoac\u0103, \u00een fiecare an, accidente grave, incendii \u0219i au efecte nocive asupra mediului \u00eenconjur\u0103tor. Am primit foarte multe peti\u021bii \u0219i solicit\u0103ri, iar toate au un numitor comun: zgomotul petardelor este d\u0103un\u0103tor pentru copiii mici, pentru b\u0103tr\u00e2ni \u0219i, nu \u00een ultimul r\u00e2nd pentru animalele de companie\u201d<\/em>, a precizat prefectul Rare\u0219 Hopinc\u0103.<\/p>\n\n\n\n<p>De asemenea, marile centre comerciale nu vor putea permite v\u00e2nzarea materialelor pirotehnice \u00een parc\u0103ri \u0219i spa\u021bii conexe, chiar dac\u0103 sunt propriet\u0103\u021bi private.<\/p>\n\n\n\n<p>Potrivit Hot\u0103r\u00e2rii, Direc\u021bia General\u0103 de Poli\u021bie a Municipiului Bucure\u0219ti, Inspectoratul Teritorial de Munc\u0103 al Municipiului Bucure\u0219ti, Comisariatul Regional pentru Protec\u021bia Consumatorilor Bucure\u0219ti-Ilfov, Direc\u021bia Regional\u0103 Vamal\u0103 \u00een colaborare cu ANAF-Antifraud\u0103 \u0219i Inspectoratul Pentru Situa\u021bii de Urgen\u021b\u0103 Bucure\u0219ti-Ilfov vor face verific\u0103ri \u0219i controale.<\/p>\n\n\n\n<p>Acolo unde vor fi constatate nereguli se vor aplica sanc\u021biuni conform prevederilor legale \u00een vigoare.  <\/p>\n","protected":false},"excerpt":{"rendered":"<p>Prefectura Capitalei solicit\u0103 prim\u0103riilor de sector \u0219i Prim\u0103riei Generale s\u0103 nu emit\u0103 avize pentru comercializarea de materiale pirotehnice. \u00cen \u0219edin\u021ba Colegiului Prefectural al Municipiului Bucure\u0219ti, s-a cerut institu\u021biilor responsabile s\u0103 controleze \u0219i s\u0103 descurajeze comer\u021bul cu materiale pirotehnice. Potrivit unei hot\u0103r\u00e2ri, prim\u0103riile de sector, Prim\u0103ria Municipiului Bucure\u0219ti \u0219i Administra\u021bia Str\u0103zilor nu trebuie s\u0103 emit\u0103 avize [&hellip;]<\/p>\n","protected":false},"author":49,"featured_media":70502,"comment_status":"closed","ping_status":"open","sticky":false,"template":"","format":"standard","meta":{"_acf_changed":false,"inline_featured_image":false,"ngg_post_thumbnail":0,"footnotes":""},"categories":[6994,5762],"tags":[3739,2166,7088],"ppma_author":[22574],"class_list":["post-70500","post","type-post","status-publish","format-standard","has-post-thumbnail","hentry","category-stiri-2","category-main","tag-materiale-pirotehnice","tag-prefectura-bucuresti","tag-rares-hopinca-2"],"acf":[],"yoast_head":"<!-- This site is optimized with the Yoast SEO Premium plugin v25.3 (Yoast SEO v27.4) - https:\/\/yoast.com\/product\/yoast-seo-premium-wordpress\/ -->\n<title>F\u0103r\u0103 petarde, \u00een perioada s\u0103rb\u0103torilor. Prefectura someaz\u0103 primarii de sectoare - Buletin de Bucure\u0219ti<\/title>\n<meta name=\"robots\" content=\"index, follow, max-snippet:-1, max-image-preview:large, max-video-preview:-1\" \/>\n<link rel=\"canonical\" href=\"https:\/\/buletin.de\/bucuresti\/fara-materiale-pirotehnice-in-perioada-sarbatorilor-prefectura-someaza-primarii-de-sectoare\/\" \/>\n<meta property=\"og:locale\" content=\"en_GB\" \/>\n<meta property=\"og:type\" content=\"article\" \/>\n<meta property=\"og:title\" content=\"F\u0103r\u0103 petarde, \u00een perioada s\u0103rb\u0103torilor. Prefectura someaz\u0103 primarii de sectoare\" \/>\n<meta property=\"og:description\" content=\"Prefectura Capitalei solicit\u0103 prim\u0103riilor de sector \u0219i Prim\u0103riei Generale s\u0103 nu emit\u0103 avize pentru comercializarea de materiale pirotehnice. \u00cen \u0219edin\u021ba Colegiului Prefectural al Municipiului Bucure\u0219ti, s-a cerut institu\u021biilor responsabile s\u0103 controleze \u0219i s\u0103 descurajeze comer\u021bul cu materiale pirotehnice. Potrivit unei hot\u0103r\u00e2ri, prim\u0103riile de sector, Prim\u0103ria Municipiului Bucure\u0219ti \u0219i Administra\u021bia Str\u0103zilor nu trebuie s\u0103 emit\u0103 avize [&hellip;]\" \/>\n<meta property=\"og:url\" content=\"https:\/\/buletin.de\/bucuresti\/fara-materiale-pirotehnice-in-perioada-sarbatorilor-prefectura-someaza-primarii-de-sectoare\/\" \/>\n<meta property=\"og:site_name\" content=\"Buletin de Bucure\u0219ti\" \/>\n<meta property=\"article:publisher\" content=\"https:\/\/www.facebook.com\/buletin.de.buc\" \/>\n<meta property=\"article:published_time\" content=\"2023-11-28T04:30:00+00:00\" \/>\n<meta property=\"og:image\" content=\"https:\/\/buletin.de\/bucuresti\/wp-content\/uploads\/materiale-pirotehnice.jpeg\" \/>\n\t<meta property=\"og:image:width\" content=\"1444\" \/>\n\t<meta property=\"og:image:height\" content=\"960\" \/>\n\t<meta property=\"og:image:type\" content=\"image\/jpeg\" \/>\n<meta name=\"author\" content=\"Diana Matei\" \/>\n<meta name=\"twitter:card\" content=\"summary_large_image\" \/>\n<meta name=\"twitter:label1\" content=\"Written by\" \/>\n\t<meta name=\"twitter:data1\" content=\"Diana Matei\" \/>\n\t<meta name=\"twitter:label2\" content=\"Estimated reading time\" \/>\n\t<meta name=\"twitter:data2\" content=\"1 minute\" \/>\n<script type=\"application\/ld+json\" class=\"yoast-schema-graph\">{\"@context\":\"https:\\\/\\\/schema.org\",\"@graph\":[{\"@type\":\"Article\",\"@id\":\"https:\\\/\\\/buletin.de\\\/bucuresti\\\/fara-materiale-pirotehnice-in-perioada-sarbatorilor-prefectura-someaza-primarii-de-sectoare\\\/#article\",\"isPartOf\":{\"@id\":\"https:\\\/\\\/buletin.de\\\/bucuresti\\\/fara-materiale-pirotehnice-in-perioada-sarbatorilor-prefectura-someaza-primarii-de-sectoare\\\/\"},\"author\":{\"name\":\"Diana Matei\",\"@id\":\"https:\\\/\\\/buletin.de\\\/bucuresti\\\/#\\\/schema\\\/person\\\/7e46040573290777280a0835d81ea4ea\"},\"headline\":\"F\u0103r\u0103 petarde, \u00een perioada s\u0103rb\u0103torilor. Prefectura someaz\u0103 primarii de sectoare\",\"datePublished\":\"2023-11-28T04:30:00+00:00\",\"mainEntityOfPage\":{\"@id\":\"https:\\\/\\\/buletin.de\\\/bucuresti\\\/fara-materiale-pirotehnice-in-perioada-sarbatorilor-prefectura-someaza-primarii-de-sectoare\\\/\"},\"wordCount\":268,\"publisher\":{\"@id\":\"https:\\\/\\\/buletin.de\\\/bucuresti\\\/#organization\"},\"image\":{\"@id\":\"https:\\\/\\\/buletin.de\\\/bucuresti\\\/fara-materiale-pirotehnice-in-perioada-sarbatorilor-prefectura-someaza-primarii-de-sectoare\\\/#primaryimage\"},\"thumbnailUrl\":\"https:\\\/\\\/buletin.de\\\/bucuresti\\\/wp-content\\\/uploads\\\/materiale-pirotehnice.jpeg\",\"keywords\":[\"materiale pirotehnice\",\"prefectura bucuresti\",\"rares hopinca\"],\"articleSection\":[\"Articole\",\"Main\"],\"inLanguage\":\"en-GB\",\"copyrightYear\":\"2023\",\"copyrightHolder\":{\"@id\":\"https:\\\/\\\/buletin.de\\\/bucuresti\\\/#organization\"}},{\"@type\":\"WebPage\",\"@id\":\"https:\\\/\\\/buletin.de\\\/bucuresti\\\/fara-materiale-pirotehnice-in-perioada-sarbatorilor-prefectura-someaza-primarii-de-sectoare\\\/\",\"url\":\"https:\\\/\\\/buletin.de\\\/bucuresti\\\/fara-materiale-pirotehnice-in-perioada-sarbatorilor-prefectura-someaza-primarii-de-sectoare\\\/\",\"name\":\"F\u0103r\u0103 petarde, \u00een perioada s\u0103rb\u0103torilor. Prefectura someaz\u0103 primarii de sectoare - Buletin de Bucure\u0219ti\",\"isPartOf\":{\"@id\":\"https:\\\/\\\/buletin.de\\\/bucuresti\\\/#website\"},\"primaryImageOfPage\":{\"@id\":\"https:\\\/\\\/buletin.de\\\/bucuresti\\\/fara-materiale-pirotehnice-in-perioada-sarbatorilor-prefectura-someaza-primarii-de-sectoare\\\/#primaryimage\"},\"image\":{\"@id\":\"https:\\\/\\\/buletin.de\\\/bucuresti\\\/fara-materiale-pirotehnice-in-perioada-sarbatorilor-prefectura-someaza-primarii-de-sectoare\\\/#primaryimage\"},\"thumbnailUrl\":\"https:\\\/\\\/buletin.de\\\/bucuresti\\\/wp-content\\\/uploads\\\/materiale-pirotehnice.jpeg\",\"datePublished\":\"2023-11-28T04:30:00+00:00\",\"breadcrumb\":{\"@id\":\"https:\\\/\\\/buletin.de\\\/bucuresti\\\/fara-materiale-pirotehnice-in-perioada-sarbatorilor-prefectura-someaza-primarii-de-sectoare\\\/#breadcrumb\"},\"inLanguage\":\"en-GB\",\"potentialAction\":[{\"@type\":\"ReadAction\",\"target\":[\"https:\\\/\\\/buletin.de\\\/bucuresti\\\/fara-materiale-pirotehnice-in-perioada-sarbatorilor-prefectura-someaza-primarii-de-sectoare\\\/\"]}]},{\"@type\":\"ImageObject\",\"inLanguage\":\"en-GB\",\"@id\":\"https:\\\/\\\/buletin.de\\\/bucuresti\\\/fara-materiale-pirotehnice-in-perioada-sarbatorilor-prefectura-someaza-primarii-de-sectoare\\\/#primaryimage\",\"url\":\"https:\\\/\\\/buletin.de\\\/bucuresti\\\/wp-content\\\/uploads\\\/materiale-pirotehnice.jpeg\",\"contentUrl\":\"https:\\\/\\\/buletin.de\\\/bucuresti\\\/wp-content\\\/uploads\\\/materiale-pirotehnice.jpeg\",\"width\":1444,\"height\":960,\"caption\":\"Foto: Arhiva\"},{\"@type\":\"BreadcrumbList\",\"@id\":\"https:\\\/\\\/buletin.de\\\/bucuresti\\\/fara-materiale-pirotehnice-in-perioada-sarbatorilor-prefectura-someaza-primarii-de-sectoare\\\/#breadcrumb\",\"itemListElement\":[{\"@type\":\"ListItem\",\"position\":1,\"name\":\"Acas\u0103\",\"item\":\"https:\\\/\\\/buletin.de\\\/bucuresti\\\/\"},{\"@type\":\"ListItem\",\"position\":2,\"name\":\"F\u0103r\u0103 petarde, \u00een perioada s\u0103rb\u0103torilor. Prefectura someaz\u0103 primarii de sectoare\"}]},{\"@type\":\"WebSite\",\"@id\":\"https:\\\/\\\/buletin.de\\\/bucuresti\\\/#website\",\"url\":\"https:\\\/\\\/buletin.de\\\/bucuresti\\\/\",\"name\":\"Buletin de Bucure\u0219ti\",\"description\":\"\u0218tiri \u0219i investiga\u021bii esen\u021biale din capital\u0103\",\"publisher\":{\"@id\":\"https:\\\/\\\/buletin.de\\\/bucuresti\\\/#organization\"},\"potentialAction\":[{\"@type\":\"SearchAction\",\"target\":{\"@type\":\"EntryPoint\",\"urlTemplate\":\"https:\\\/\\\/buletin.de\\\/bucuresti\\\/?s={search_term_string}\"},\"query-input\":{\"@type\":\"PropertyValueSpecification\",\"valueRequired\":true,\"valueName\":\"search_term_string\"}}],\"inLanguage\":\"en-GB\"},{\"@type\":\"Organization\",\"@id\":\"https:\\\/\\\/buletin.de\\\/bucuresti\\\/#organization\",\"name\":\"Buletin de Bucure\u0219ti\",\"url\":\"https:\\\/\\\/buletin.de\\\/bucuresti\\\/\",\"logo\":{\"@type\":\"ImageObject\",\"inLanguage\":\"en-GB\",\"@id\":\"https:\\\/\\\/buletin.de\\\/bucuresti\\\/#\\\/schema\\\/logo\\\/image\\\/\",\"url\":\"https:\\\/\\\/buletin.de\\\/bucuresti\\\/wp-content\\\/uploads\\\/logo-bdb-full-wide-vernil-transparent.png\",\"contentUrl\":\"https:\\\/\\\/buletin.de\\\/bucuresti\\\/wp-content\\\/uploads\\\/logo-bdb-full-wide-vernil-transparent.png\",\"width\":1782,\"height\":626,\"caption\":\"Buletin de Bucure\u0219ti\"},\"image\":{\"@id\":\"https:\\\/\\\/buletin.de\\\/bucuresti\\\/#\\\/schema\\\/logo\\\/image\\\/\"},\"sameAs\":[\"https:\\\/\\\/www.facebook.com\\\/buletin.de.buc\",\"https:\\\/\\\/www.instagram.com\\\/buletinde.bucuresti\\\/\"]},{\"@type\":\"Person\",\"@id\":\"https:\\\/\\\/buletin.de\\\/bucuresti\\\/#\\\/schema\\\/person\\\/7e46040573290777280a0835d81ea4ea\",\"name\":\"Diana Matei\",\"image\":{\"@type\":\"ImageObject\",\"inLanguage\":\"en-GB\",\"@id\":\"https:\\\/\\\/buletin.de\\\/bucuresti\\\/wp-content\\\/uploads\\\/9-2-96x96.jpg1e8590b30871d70e62ebcdaf2eff570c\",\"url\":\"https:\\\/\\\/buletin.de\\\/bucuresti\\\/wp-content\\\/uploads\\\/9-2-96x96.jpg\",\"contentUrl\":\"https:\\\/\\\/buletin.de\\\/bucuresti\\\/wp-content\\\/uploads\\\/9-2-96x96.jpg\",\"caption\":\"Diana Matei\"},\"url\":\"https:\\\/\\\/buletin.de\\\/bucuresti\\\/author\\\/dianamatei\\\/\"}]}<\/script>\n<!-- \/ Yoast SEO Premium plugin. -->","yoast_head_json":{"title":"F\u0103r\u0103 petarde, \u00een perioada s\u0103rb\u0103torilor. Prefectura someaz\u0103 primarii de sectoare - Buletin de Bucure\u0219ti","robots":{"index":"index","follow":"follow","max-snippet":"max-snippet:-1","max-image-preview":"max-image-preview:large","max-video-preview":"max-video-preview:-1"},"canonical":"https:\/\/buletin.de\/bucuresti\/fara-materiale-pirotehnice-in-perioada-sarbatorilor-prefectura-someaza-primarii-de-sectoare\/","og_locale":"en_GB","og_type":"article","og_title":"F\u0103r\u0103 petarde, \u00een perioada s\u0103rb\u0103torilor. Prefectura someaz\u0103 primarii de sectoare","og_description":"Prefectura Capitalei solicit\u0103 prim\u0103riilor de sector \u0219i Prim\u0103riei Generale s\u0103 nu emit\u0103 avize pentru comercializarea de materiale pirotehnice. \u00cen \u0219edin\u021ba Colegiului Prefectural al Municipiului Bucure\u0219ti, s-a cerut institu\u021biilor responsabile s\u0103 controleze \u0219i s\u0103 descurajeze comer\u021bul cu materiale pirotehnice. Potrivit unei hot\u0103r\u00e2ri, prim\u0103riile de sector, Prim\u0103ria Municipiului Bucure\u0219ti \u0219i Administra\u021bia Str\u0103zilor nu trebuie s\u0103 emit\u0103 avize [&hellip;]","og_url":"https:\/\/buletin.de\/bucuresti\/fara-materiale-pirotehnice-in-perioada-sarbatorilor-prefectura-someaza-primarii-de-sectoare\/","og_site_name":"Buletin de Bucure\u0219ti","article_publisher":"https:\/\/www.facebook.com\/buletin.de.buc","article_published_time":"2023-11-28T04:30:00+00:00","og_image":[{"width":1444,"height":960,"url":"https:\/\/buletin.de\/bucuresti\/wp-content\/uploads\/materiale-pirotehnice.jpeg","type":"image\/jpeg"}],"author":"Diana Matei","twitter_card":"summary_large_image","twitter_misc":{"Written by":"Diana Matei","Estimated reading time":"1 minute"},"schema":{"@context":"https:\/\/schema.org","@graph":[{"@type":"Article","@id":"https:\/\/buletin.de\/bucuresti\/fara-materiale-pirotehnice-in-perioada-sarbatorilor-prefectura-someaza-primarii-de-sectoare\/#article","isPartOf":{"@id":"https:\/\/buletin.de\/bucuresti\/fara-materiale-pirotehnice-in-perioada-sarbatorilor-prefectura-someaza-primarii-de-sectoare\/"},"author":{"name":"Diana Matei","@id":"https:\/\/buletin.de\/bucuresti\/#\/schema\/person\/7e46040573290777280a0835d81ea4ea"},"headline":"F\u0103r\u0103 petarde, \u00een perioada s\u0103rb\u0103torilor. Prefectura someaz\u0103 primarii de sectoare","datePublished":"2023-11-28T04:30:00+00:00","mainEntityOfPage":{"@id":"https:\/\/buletin.de\/bucuresti\/fara-materiale-pirotehnice-in-perioada-sarbatorilor-prefectura-someaza-primarii-de-sectoare\/"},"wordCount":268,"publisher":{"@id":"https:\/\/buletin.de\/bucuresti\/#organization"},"image":{"@id":"https:\/\/buletin.de\/bucuresti\/fara-materiale-pirotehnice-in-perioada-sarbatorilor-prefectura-someaza-primarii-de-sectoare\/#primaryimage"},"thumbnailUrl":"https:\/\/buletin.de\/bucuresti\/wp-content\/uploads\/materiale-pirotehnice.jpeg","keywords":["materiale pirotehnice","prefectura bucuresti","rares hopinca"],"articleSection":["Articole","Main"],"inLanguage":"en-GB","copyrightYear":"2023","copyrightHolder":{"@id":"https:\/\/buletin.de\/bucuresti\/#organization"}},{"@type":"WebPage","@id":"https:\/\/buletin.de\/bucuresti\/fara-materiale-pirotehnice-in-perioada-sarbatorilor-prefectura-someaza-primarii-de-sectoare\/","url":"https:\/\/buletin.de\/bucuresti\/fara-materiale-pirotehnice-in-perioada-sarbatorilor-prefectura-someaza-primarii-de-sectoare\/","name":"F\u0103r\u0103 petarde, \u00een perioada s\u0103rb\u0103torilor. Prefectura someaz\u0103 primarii de sectoare - Buletin de Bucure\u0219ti","isPartOf":{"@id":"https:\/\/buletin.de\/bucuresti\/#website"},"primaryImageOfPage":{"@id":"https:\/\/buletin.de\/bucuresti\/fara-materiale-pirotehnice-in-perioada-sarbatorilor-prefectura-someaza-primarii-de-sectoare\/#primaryimage"},"image":{"@id":"https:\/\/buletin.de\/bucuresti\/fara-materiale-pirotehnice-in-perioada-sarbatorilor-prefectura-someaza-primarii-de-sectoare\/#primaryimage"},"thumbnailUrl":"https:\/\/buletin.de\/bucuresti\/wp-content\/uploads\/materiale-pirotehnice.jpeg","datePublished":"2023-11-28T04:30:00+00:00","breadcrumb":{"@id":"https:\/\/buletin.de\/bucuresti\/fara-materiale-pirotehnice-in-perioada-sarbatorilor-prefectura-someaza-primarii-de-sectoare\/#breadcrumb"},"inLanguage":"en-GB","potentialAction":[{"@type":"ReadAction","target":["https:\/\/buletin.de\/bucuresti\/fara-materiale-pirotehnice-in-perioada-sarbatorilor-prefectura-someaza-primarii-de-sectoare\/"]}]},{"@type":"ImageObject","inLanguage":"en-GB","@id":"https:\/\/buletin.de\/bucuresti\/fara-materiale-pirotehnice-in-perioada-sarbatorilor-prefectura-someaza-primarii-de-sectoare\/#primaryimage","url":"https:\/\/buletin.de\/bucuresti\/wp-content\/uploads\/materiale-pirotehnice.jpeg","contentUrl":"https:\/\/buletin.de\/bucuresti\/wp-content\/uploads\/materiale-pirotehnice.jpeg","width":1444,"height":960,"caption":"Foto: Arhiva"},{"@type":"BreadcrumbList","@id":"https:\/\/buletin.de\/bucuresti\/fara-materiale-pirotehnice-in-perioada-sarbatorilor-prefectura-someaza-primarii-de-sectoare\/#breadcrumb","itemListElement":[{"@type":"ListItem","position":1,"name":"Acas\u0103","item":"https:\/\/buletin.de\/bucuresti\/"},{"@type":"ListItem","position":2,"name":"F\u0103r\u0103 petarde, \u00een perioada s\u0103rb\u0103torilor. Prefectura someaz\u0103 primarii de sectoare"}]},{"@type":"WebSite","@id":"https:\/\/buletin.de\/bucuresti\/#website","url":"https:\/\/buletin.de\/bucuresti\/","name":"Buletin de Bucure\u0219ti","description":"\u0218tiri \u0219i investiga\u021bii esen\u021biale din capital\u0103","publisher":{"@id":"https:\/\/buletin.de\/bucuresti\/#organization"},"potentialAction":[{"@type":"SearchAction","target":{"@type":"EntryPoint","urlTemplate":"https:\/\/buletin.de\/bucuresti\/?s={search_term_string}"},"query-input":{"@type":"PropertyValueSpecification","valueRequired":true,"valueName":"search_term_string"}}],"inLanguage":"en-GB"},{"@type":"Organization","@id":"https:\/\/buletin.de\/bucuresti\/#organization","name":"Buletin de Bucure\u0219ti","url":"https:\/\/buletin.de\/bucuresti\/","logo":{"@type":"ImageObject","inLanguage":"en-GB","@id":"https:\/\/buletin.de\/bucuresti\/#\/schema\/logo\/image\/","url":"https:\/\/buletin.de\/bucuresti\/wp-content\/uploads\/logo-bdb-full-wide-vernil-transparent.png","contentUrl":"https:\/\/buletin.de\/bucuresti\/wp-content\/uploads\/logo-bdb-full-wide-vernil-transparent.png","width":1782,"height":626,"caption":"Buletin de Bucure\u0219ti"},"image":{"@id":"https:\/\/buletin.de\/bucuresti\/#\/schema\/logo\/image\/"},"sameAs":["https:\/\/www.facebook.com\/buletin.de.buc","https:\/\/www.instagram.com\/buletinde.bucuresti\/"]},{"@type":"Person","@id":"https:\/\/buletin.de\/bucuresti\/#\/schema\/person\/7e46040573290777280a0835d81ea4ea","name":"Diana Matei","image":{"@type":"ImageObject","inLanguage":"en-GB","@id":"https:\/\/buletin.de\/bucuresti\/wp-content\/uploads\/9-2-96x96.jpg1e8590b30871d70e62ebcdaf2eff570c","url":"https:\/\/buletin.de\/bucuresti\/wp-content\/uploads\/9-2-96x96.jpg","contentUrl":"https:\/\/buletin.de\/bucuresti\/wp-content\/uploads\/9-2-96x96.jpg","caption":"Diana Matei"},"url":"https:\/\/buletin.de\/bucuresti\/author\/dianamatei\/"}]}},"authors":[{"term_id":22574,"user_id":49,"is_guest":0,"slug":"dianamatei","display_name":"Diana Matei","avatar_url":"https:\/\/buletin.de\/bucuresti\/wp-content\/uploads\/9-2-96x96.jpg","0":null,"1":"","2":"","3":"","4":"","5":"","6":"","7":"","8":""}],"_links":{"self":[{"href":"https:\/\/buletin.de\/bucuresti\/wp-json\/wp\/v2\/posts\/70500","targetHints":{"allow":["GET"]}}],"collection":[{"href":"https:\/\/buletin.de\/bucuresti\/wp-json\/wp\/v2\/posts"}],"about":[{"href":"https:\/\/buletin.de\/bucuresti\/wp-json\/wp\/v2\/types\/post"}],"author":[{"embeddable":true,"href":"https:\/\/buletin.de\/bucuresti\/wp-json\/wp\/v2\/users\/49"}],"replies":[{"embeddable":true,"href":"https:\/\/buletin.de\/bucuresti\/wp-json\/wp\/v2\/comments?post=70500"}],"version-history":[{"count":4,"href":"https:\/\/buletin.de\/bucuresti\/wp-json\/wp\/v2\/posts\/70500\/revisions"}],"predecessor-version":[{"id":70519,"href":"https:\/\/buletin.de\/bucuresti\/wp-json\/wp\/v2\/posts\/70500\/revisions\/70519"}],"wp:featuredmedia":[{"embeddable":true,"href":"https:\/\/buletin.de\/bucuresti\/wp-json\/wp\/v2\/media\/70502"}],"wp:attachment":[{"href":"https:\/\/buletin.de\/bucuresti\/wp-json\/wp\/v2\/media?parent=70500"}],"wp:term":[{"taxonomy":"category","embeddable":true,"href":"https:\/\/buletin.de\/bucuresti\/wp-json\/wp\/v2\/categories?post=70500"},{"taxonomy":"post_tag","embeddable":true,"href":"https:\/\/buletin.de\/bucuresti\/wp-json\/wp\/v2\/tags?post=70500"},{"taxonomy":"author","embeddable":true,"href":"https:\/\/buletin.de\/bucuresti\/wp-json\/wp\/v2\/ppma_author?post=70500"}],"curies":[{"name":"wp","href":"https:\/\/api.w.org\/{rel}","templated":true}]}}