{"id":70495,"date":"2023-11-28T06:00:00","date_gmt":"2023-11-28T04:00:00","guid":{"rendered":"https:\/\/buletin.de\/bucuresti\/?p=70495"},"modified":"2023-11-28T06:14:33","modified_gmt":"2023-11-28T04:14:33","slug":"termoficare-i-inca-o-avarie-pe-magistrala-cet-sud-700-de-imobile-din-sectorul-3-sunt-afectate","status":"publish","type":"post","link":"https:\/\/buletin.de\/bucuresti\/termoficare-i-inca-o-avarie-pe-magistrala-cet-sud-700-de-imobile-din-sectorul-3-sunt-afectate\/","title":{"rendered":"TERMOFICARE I \u00cenc\u0103 o avarie pe Magistrala CET-Sud. 700 de imobile din sectorul 3 sunt afectate"},"content":{"rendered":"\n<p><strong>Termoenergetica anun\u021b\u0103 c\u0103 o avarie ap\u0103rut\u0103 pe magistrala CET-Sud afecteaz\u0103 peste 700 de imobile din Sectorul 3. Alimentarea cu ap\u0103 cald\u0103 \u0219i agent termic este complet oprit\u0103 \u00een aceste zile. Conform\u00a0Termoenergetica, avaria urmeaz\u0103 s\u0103 fie remediat\u0103 p\u00e2n\u0103 pe data de 29 noiembrie 2023, la ora 11:00.<\/strong><\/p>\n\n\n\n<p>Avariile se \u021bin lan\u021b la Magistrala CET-Sud. \u00cen septembrie, ap\u0103 cald\u0103 a fost livrat\u0103 la o temperatur\u0103 cu aproape 30 de grade mai mic\u0103 dec\u00e2t \u00een mod normal. \u00cen martie 2021,<a href=\"https:\/\/buletin.de\/bucuresti\/dezastru-la-cet-sud-termocentrala-oprita-complet-dupa-ce-mai-multe-echipamente-au-fost-inundate\/\">&nbsp;un incident similar a dus la o inunda\u021bie \u00een interiorul centralei&nbsp;<\/a>care a oprit complet produc\u021bia de agent termic \u0219i energie electric\u0103.&nbsp; <\/p>\n\n\n\n<p>Un alt incident major a avut loc \u0219i \u00een&nbsp;<a href=\"https:\/\/buletin.de\/bucuresti\/dezastru-cu-repetitie-la-cet-sud-productia-de-agent-termic-este-in-sistem-de-avarie-iar-cea-de-electricitate-este-pe-zero\/\">noiembrie 2021 c\u00e2nd temperatura livrat\u0103 \u00een re\u021bea a fost cu mult sub cea contractat\u0103 de c\u0103tre Termoenergetica.<\/a><\/p>\n\n\n\n<p>Cele trei magistrale care depind de CET Sud sunt \u00een principal \u00een sectoarele 2 \u0219i 3, dup\u0103 cum urmeaz\u0103:<\/p>\n\n\n\n<ul class=\"wp-block-list\">\n<li><strong>Magistrala I<\/strong>: \u0218ulea-Placare, zona industrial\u0103 Anticorozivul, Bd. Nicolae Grigorescu, Bd. Liviu Rebreanu, Tomis, Iancului, Baicului F\u00e2nt\u00e2nica, Socului, Colentina, Delfinului, Policlinica Titan, Muncii, Vatra Luminoas\u0103, Pantelimon, D-na Ghica, Fundeni, Lacul Tei, Institutul de Construc\u0163ii, 17-18 Petricani, Cosmos, Vergului, Pantelimon, Balta Alb\u0103, Granitul, zona Faur;<\/li>\n\n\n\n<li><strong>Magistrala II<\/strong>: Fizicienilor, Dristor, Tomis, Mihai Bravu, Matei Voievod, \u015fulea Nord, C\u0103\u0163elu, C. Br\u00e2ncu\u015fi, Vaselor, Avrig, Aversa, Mecanic\u0103 Fin\u0103, Bucur Obor, Teiul Doamnei, Ramuri Tei, \u015etefan cel Mare, Policlinica Dr. Grozovici;<\/li>\n\n\n\n<li><strong>Magistrala III<\/strong>: Berceni Olteni\u0163a, Olteni\u0163a Nord, M\u0103r\u0103\u015fe\u015fti, Unirea, Theodor Speran\u0163ia, C\u0103l\u0103ra\u015fi, Labirint, Foi\u015for, serele Leoser.<\/li>\n<\/ul>\n\n\n\n<p><\/p>\n","protected":false},"excerpt":{"rendered":"<p>Termoenergetica anun\u021b\u0103 c\u0103 o avarie ap\u0103rut\u0103 pe magistrala CET-Sud afecteaz\u0103 peste 700 de imobile din Sectorul 3. Alimentarea cu ap\u0103 cald\u0103 \u0219i agent termic este complet oprit\u0103 \u00een aceste zile. Conform\u00a0Termoenergetica, avaria urmeaz\u0103 s\u0103 fie remediat\u0103 p\u00e2n\u0103 pe data de 29 noiembrie 2023, la ora 11:00. Avariile se \u021bin lan\u021b la Magistrala CET-Sud. \u00cen septembrie, [&hellip;]<\/p>\n","protected":false},"author":49,"featured_media":67152,"comment_status":"closed","ping_status":"open","sticky":false,"template":"","format":"standard","meta":{"_acf_changed":false,"inline_featured_image":false,"ngg_post_thumbnail":0,"footnotes":""},"categories":[6994,62,6214],"tags":[1390,440,533],"ppma_author":[22574],"class_list":["post-70495","post","type-post","status-publish","format-standard","has-post-thumbnail","hentry","category-stiri-2","category-stiri","category-termo","tag-cet-bucuresti-sud","tag-sector-3","tag-termoenergetica"],"acf":[],"yoast_head":"<!-- This site is optimized with the Yoast SEO Premium plugin v25.3 (Yoast SEO v27.4) - https:\/\/yoast.com\/product\/yoast-seo-premium-wordpress\/ -->\n<title>TERMOFICARE I \u00cenc\u0103 o avarie pe Magistrala CET-Sud. 700 de imobile din sectorul 3 sunt afectate - Buletin de Bucure\u0219ti<\/title>\n<meta name=\"robots\" content=\"index, follow, max-snippet:-1, max-image-preview:large, max-video-preview:-1\" \/>\n<link rel=\"canonical\" href=\"https:\/\/buletin.de\/bucuresti\/termoficare-i-inca-o-avarie-pe-magistrala-cet-sud-700-de-imobile-din-sectorul-3-sunt-afectate\/\" \/>\n<meta property=\"og:locale\" content=\"en_GB\" \/>\n<meta property=\"og:type\" content=\"article\" \/>\n<meta property=\"og:title\" content=\"TERMOFICARE I \u00cenc\u0103 o avarie pe Magistrala CET-Sud. 700 de imobile din sectorul 3 sunt afectate\" \/>\n<meta property=\"og:description\" content=\"Termoenergetica anun\u021b\u0103 c\u0103 o avarie ap\u0103rut\u0103 pe magistrala CET-Sud afecteaz\u0103 peste 700 de imobile din Sectorul 3. Alimentarea cu ap\u0103 cald\u0103 \u0219i agent termic este complet oprit\u0103 \u00een aceste zile. Conform\u00a0Termoenergetica, avaria urmeaz\u0103 s\u0103 fie remediat\u0103 p\u00e2n\u0103 pe data de 29 noiembrie 2023, la ora 11:00. Avariile se \u021bin lan\u021b la Magistrala CET-Sud. \u00cen septembrie, [&hellip;]\" \/>\n<meta property=\"og:url\" content=\"https:\/\/buletin.de\/bucuresti\/termoficare-i-inca-o-avarie-pe-magistrala-cet-sud-700-de-imobile-din-sectorul-3-sunt-afectate\/\" \/>\n<meta property=\"og:site_name\" content=\"Buletin de Bucure\u0219ti\" \/>\n<meta property=\"article:publisher\" content=\"https:\/\/www.facebook.com\/buletin.de.buc\" \/>\n<meta property=\"article:published_time\" content=\"2023-11-28T04:00:00+00:00\" \/>\n<meta property=\"article:modified_time\" content=\"2023-11-28T04:14:33+00:00\" \/>\n<meta property=\"og:image\" content=\"https:\/\/buletin.de\/bucuresti\/wp-content\/uploads\/tevi-e1701144869563.jpeg\" \/>\n\t<meta property=\"og:image:width\" content=\"576\" \/>\n\t<meta property=\"og:image:height\" content=\"544\" \/>\n\t<meta property=\"og:image:type\" content=\"image\/jpeg\" \/>\n<meta name=\"author\" content=\"Diana Matei\" \/>\n<meta name=\"twitter:card\" content=\"summary_large_image\" \/>\n<meta name=\"twitter:label1\" content=\"Written by\" \/>\n\t<meta name=\"twitter:data1\" content=\"Diana Matei\" \/>\n\t<meta name=\"twitter:label2\" content=\"Estimated reading time\" \/>\n\t<meta name=\"twitter:data2\" content=\"1 minute\" \/>\n<script type=\"application\/ld+json\" class=\"yoast-schema-graph\">{\"@context\":\"https:\\\/\\\/schema.org\",\"@graph\":[{\"@type\":\"Article\",\"@id\":\"https:\\\/\\\/buletin.de\\\/bucuresti\\\/termoficare-i-inca-o-avarie-pe-magistrala-cet-sud-700-de-imobile-din-sectorul-3-sunt-afectate\\\/#article\",\"isPartOf\":{\"@id\":\"https:\\\/\\\/buletin.de\\\/bucuresti\\\/termoficare-i-inca-o-avarie-pe-magistrala-cet-sud-700-de-imobile-din-sectorul-3-sunt-afectate\\\/\"},\"author\":{\"name\":\"Diana Matei\",\"@id\":\"https:\\\/\\\/buletin.de\\\/bucuresti\\\/#\\\/schema\\\/person\\\/7e46040573290777280a0835d81ea4ea\"},\"headline\":\"TERMOFICARE I \u00cenc\u0103 o avarie pe Magistrala CET-Sud. 700 de imobile din sectorul 3 sunt afectate\",\"datePublished\":\"2023-11-28T04:00:00+00:00\",\"dateModified\":\"2023-11-28T04:14:33+00:00\",\"mainEntityOfPage\":{\"@id\":\"https:\\\/\\\/buletin.de\\\/bucuresti\\\/termoficare-i-inca-o-avarie-pe-magistrala-cet-sud-700-de-imobile-din-sectorul-3-sunt-afectate\\\/\"},\"wordCount\":266,\"publisher\":{\"@id\":\"https:\\\/\\\/buletin.de\\\/bucuresti\\\/#organization\"},\"image\":{\"@id\":\"https:\\\/\\\/buletin.de\\\/bucuresti\\\/termoficare-i-inca-o-avarie-pe-magistrala-cet-sud-700-de-imobile-din-sectorul-3-sunt-afectate\\\/#primaryimage\"},\"thumbnailUrl\":\"https:\\\/\\\/buletin.de\\\/bucuresti\\\/wp-content\\\/uploads\\\/tevi-e1701144869563.jpeg\",\"keywords\":[\"cet bucuresti sud\",\"Sector 3\",\"termoenergetica\"],\"articleSection\":[\"Articole\",\"\u0218tiri\",\"Termoficare\"],\"inLanguage\":\"en-GB\",\"copyrightYear\":\"2023\",\"copyrightHolder\":{\"@id\":\"https:\\\/\\\/buletin.de\\\/bucuresti\\\/#organization\"}},{\"@type\":\"WebPage\",\"@id\":\"https:\\\/\\\/buletin.de\\\/bucuresti\\\/termoficare-i-inca-o-avarie-pe-magistrala-cet-sud-700-de-imobile-din-sectorul-3-sunt-afectate\\\/\",\"url\":\"https:\\\/\\\/buletin.de\\\/bucuresti\\\/termoficare-i-inca-o-avarie-pe-magistrala-cet-sud-700-de-imobile-din-sectorul-3-sunt-afectate\\\/\",\"name\":\"TERMOFICARE I \u00cenc\u0103 o avarie pe Magistrala CET-Sud. 700 de imobile din sectorul 3 sunt afectate - Buletin de Bucure\u0219ti\",\"isPartOf\":{\"@id\":\"https:\\\/\\\/buletin.de\\\/bucuresti\\\/#website\"},\"primaryImageOfPage\":{\"@id\":\"https:\\\/\\\/buletin.de\\\/bucuresti\\\/termoficare-i-inca-o-avarie-pe-magistrala-cet-sud-700-de-imobile-din-sectorul-3-sunt-afectate\\\/#primaryimage\"},\"image\":{\"@id\":\"https:\\\/\\\/buletin.de\\\/bucuresti\\\/termoficare-i-inca-o-avarie-pe-magistrala-cet-sud-700-de-imobile-din-sectorul-3-sunt-afectate\\\/#primaryimage\"},\"thumbnailUrl\":\"https:\\\/\\\/buletin.de\\\/bucuresti\\\/wp-content\\\/uploads\\\/tevi-e1701144869563.jpeg\",\"datePublished\":\"2023-11-28T04:00:00+00:00\",\"dateModified\":\"2023-11-28T04:14:33+00:00\",\"breadcrumb\":{\"@id\":\"https:\\\/\\\/buletin.de\\\/bucuresti\\\/termoficare-i-inca-o-avarie-pe-magistrala-cet-sud-700-de-imobile-din-sectorul-3-sunt-afectate\\\/#breadcrumb\"},\"inLanguage\":\"en-GB\",\"potentialAction\":[{\"@type\":\"ReadAction\",\"target\":[\"https:\\\/\\\/buletin.de\\\/bucuresti\\\/termoficare-i-inca-o-avarie-pe-magistrala-cet-sud-700-de-imobile-din-sectorul-3-sunt-afectate\\\/\"]}]},{\"@type\":\"ImageObject\",\"inLanguage\":\"en-GB\",\"@id\":\"https:\\\/\\\/buletin.de\\\/bucuresti\\\/termoficare-i-inca-o-avarie-pe-magistrala-cet-sud-700-de-imobile-din-sectorul-3-sunt-afectate\\\/#primaryimage\",\"url\":\"https:\\\/\\\/buletin.de\\\/bucuresti\\\/wp-content\\\/uploads\\\/tevi-e1701144869563.jpeg\",\"contentUrl\":\"https:\\\/\\\/buletin.de\\\/bucuresti\\\/wp-content\\\/uploads\\\/tevi-e1701144869563.jpeg\",\"width\":576,\"height\":544,\"caption\":\"Foto: Facebook-Termoenergetica\"},{\"@type\":\"BreadcrumbList\",\"@id\":\"https:\\\/\\\/buletin.de\\\/bucuresti\\\/termoficare-i-inca-o-avarie-pe-magistrala-cet-sud-700-de-imobile-din-sectorul-3-sunt-afectate\\\/#breadcrumb\",\"itemListElement\":[{\"@type\":\"ListItem\",\"position\":1,\"name\":\"Acas\u0103\",\"item\":\"https:\\\/\\\/buletin.de\\\/bucuresti\\\/\"},{\"@type\":\"ListItem\",\"position\":2,\"name\":\"TERMOFICARE I \u00cenc\u0103 o avarie pe Magistrala CET-Sud. 700 de imobile din sectorul 3 sunt afectate\"}]},{\"@type\":\"WebSite\",\"@id\":\"https:\\\/\\\/buletin.de\\\/bucuresti\\\/#website\",\"url\":\"https:\\\/\\\/buletin.de\\\/bucuresti\\\/\",\"name\":\"Buletin de Bucure\u0219ti\",\"description\":\"\u0218tiri \u0219i investiga\u021bii esen\u021biale din capital\u0103\",\"publisher\":{\"@id\":\"https:\\\/\\\/buletin.de\\\/bucuresti\\\/#organization\"},\"potentialAction\":[{\"@type\":\"SearchAction\",\"target\":{\"@type\":\"EntryPoint\",\"urlTemplate\":\"https:\\\/\\\/buletin.de\\\/bucuresti\\\/?s={search_term_string}\"},\"query-input\":{\"@type\":\"PropertyValueSpecification\",\"valueRequired\":true,\"valueName\":\"search_term_string\"}}],\"inLanguage\":\"en-GB\"},{\"@type\":\"Organization\",\"@id\":\"https:\\\/\\\/buletin.de\\\/bucuresti\\\/#organization\",\"name\":\"Buletin de Bucure\u0219ti\",\"url\":\"https:\\\/\\\/buletin.de\\\/bucuresti\\\/\",\"logo\":{\"@type\":\"ImageObject\",\"inLanguage\":\"en-GB\",\"@id\":\"https:\\\/\\\/buletin.de\\\/bucuresti\\\/#\\\/schema\\\/logo\\\/image\\\/\",\"url\":\"https:\\\/\\\/buletin.de\\\/bucuresti\\\/wp-content\\\/uploads\\\/logo-bdb-full-wide-vernil-transparent.png\",\"contentUrl\":\"https:\\\/\\\/buletin.de\\\/bucuresti\\\/wp-content\\\/uploads\\\/logo-bdb-full-wide-vernil-transparent.png\",\"width\":1782,\"height\":626,\"caption\":\"Buletin de Bucure\u0219ti\"},\"image\":{\"@id\":\"https:\\\/\\\/buletin.de\\\/bucuresti\\\/#\\\/schema\\\/logo\\\/image\\\/\"},\"sameAs\":[\"https:\\\/\\\/www.facebook.com\\\/buletin.de.buc\",\"https:\\\/\\\/www.instagram.com\\\/buletinde.bucuresti\\\/\"]},{\"@type\":\"Person\",\"@id\":\"https:\\\/\\\/buletin.de\\\/bucuresti\\\/#\\\/schema\\\/person\\\/7e46040573290777280a0835d81ea4ea\",\"name\":\"Diana Matei\",\"image\":{\"@type\":\"ImageObject\",\"inLanguage\":\"en-GB\",\"@id\":\"https:\\\/\\\/buletin.de\\\/bucuresti\\\/wp-content\\\/uploads\\\/9-2-96x96.jpg1e8590b30871d70e62ebcdaf2eff570c\",\"url\":\"https:\\\/\\\/buletin.de\\\/bucuresti\\\/wp-content\\\/uploads\\\/9-2-96x96.jpg\",\"contentUrl\":\"https:\\\/\\\/buletin.de\\\/bucuresti\\\/wp-content\\\/uploads\\\/9-2-96x96.jpg\",\"caption\":\"Diana Matei\"},\"url\":\"https:\\\/\\\/buletin.de\\\/bucuresti\\\/author\\\/dianamatei\\\/\"}]}<\/script>\n<!-- \/ Yoast SEO Premium plugin. -->","yoast_head_json":{"title":"TERMOFICARE I \u00cenc\u0103 o avarie pe Magistrala CET-Sud. 700 de imobile din sectorul 3 sunt afectate - Buletin de Bucure\u0219ti","robots":{"index":"index","follow":"follow","max-snippet":"max-snippet:-1","max-image-preview":"max-image-preview:large","max-video-preview":"max-video-preview:-1"},"canonical":"https:\/\/buletin.de\/bucuresti\/termoficare-i-inca-o-avarie-pe-magistrala-cet-sud-700-de-imobile-din-sectorul-3-sunt-afectate\/","og_locale":"en_GB","og_type":"article","og_title":"TERMOFICARE I \u00cenc\u0103 o avarie pe Magistrala CET-Sud. 700 de imobile din sectorul 3 sunt afectate","og_description":"Termoenergetica anun\u021b\u0103 c\u0103 o avarie ap\u0103rut\u0103 pe magistrala CET-Sud afecteaz\u0103 peste 700 de imobile din Sectorul 3. Alimentarea cu ap\u0103 cald\u0103 \u0219i agent termic este complet oprit\u0103 \u00een aceste zile. Conform\u00a0Termoenergetica, avaria urmeaz\u0103 s\u0103 fie remediat\u0103 p\u00e2n\u0103 pe data de 29 noiembrie 2023, la ora 11:00. Avariile se \u021bin lan\u021b la Magistrala CET-Sud. \u00cen septembrie, [&hellip;]","og_url":"https:\/\/buletin.de\/bucuresti\/termoficare-i-inca-o-avarie-pe-magistrala-cet-sud-700-de-imobile-din-sectorul-3-sunt-afectate\/","og_site_name":"Buletin de Bucure\u0219ti","article_publisher":"https:\/\/www.facebook.com\/buletin.de.buc","article_published_time":"2023-11-28T04:00:00+00:00","article_modified_time":"2023-11-28T04:14:33+00:00","og_image":[{"width":576,"height":544,"url":"https:\/\/buletin.de\/bucuresti\/wp-content\/uploads\/tevi-e1701144869563.jpeg","type":"image\/jpeg"}],"author":"Diana Matei","twitter_card":"summary_large_image","twitter_misc":{"Written by":"Diana Matei","Estimated reading time":"1 minute"},"schema":{"@context":"https:\/\/schema.org","@graph":[{"@type":"Article","@id":"https:\/\/buletin.de\/bucuresti\/termoficare-i-inca-o-avarie-pe-magistrala-cet-sud-700-de-imobile-din-sectorul-3-sunt-afectate\/#article","isPartOf":{"@id":"https:\/\/buletin.de\/bucuresti\/termoficare-i-inca-o-avarie-pe-magistrala-cet-sud-700-de-imobile-din-sectorul-3-sunt-afectate\/"},"author":{"name":"Diana Matei","@id":"https:\/\/buletin.de\/bucuresti\/#\/schema\/person\/7e46040573290777280a0835d81ea4ea"},"headline":"TERMOFICARE I \u00cenc\u0103 o avarie pe Magistrala CET-Sud. 700 de imobile din sectorul 3 sunt afectate","datePublished":"2023-11-28T04:00:00+00:00","dateModified":"2023-11-28T04:14:33+00:00","mainEntityOfPage":{"@id":"https:\/\/buletin.de\/bucuresti\/termoficare-i-inca-o-avarie-pe-magistrala-cet-sud-700-de-imobile-din-sectorul-3-sunt-afectate\/"},"wordCount":266,"publisher":{"@id":"https:\/\/buletin.de\/bucuresti\/#organization"},"image":{"@id":"https:\/\/buletin.de\/bucuresti\/termoficare-i-inca-o-avarie-pe-magistrala-cet-sud-700-de-imobile-din-sectorul-3-sunt-afectate\/#primaryimage"},"thumbnailUrl":"https:\/\/buletin.de\/bucuresti\/wp-content\/uploads\/tevi-e1701144869563.jpeg","keywords":["cet bucuresti sud","Sector 3","termoenergetica"],"articleSection":["Articole","\u0218tiri","Termoficare"],"inLanguage":"en-GB","copyrightYear":"2023","copyrightHolder":{"@id":"https:\/\/buletin.de\/bucuresti\/#organization"}},{"@type":"WebPage","@id":"https:\/\/buletin.de\/bucuresti\/termoficare-i-inca-o-avarie-pe-magistrala-cet-sud-700-de-imobile-din-sectorul-3-sunt-afectate\/","url":"https:\/\/buletin.de\/bucuresti\/termoficare-i-inca-o-avarie-pe-magistrala-cet-sud-700-de-imobile-din-sectorul-3-sunt-afectate\/","name":"TERMOFICARE I \u00cenc\u0103 o avarie pe Magistrala CET-Sud. 700 de imobile din sectorul 3 sunt afectate - Buletin de Bucure\u0219ti","isPartOf":{"@id":"https:\/\/buletin.de\/bucuresti\/#website"},"primaryImageOfPage":{"@id":"https:\/\/buletin.de\/bucuresti\/termoficare-i-inca-o-avarie-pe-magistrala-cet-sud-700-de-imobile-din-sectorul-3-sunt-afectate\/#primaryimage"},"image":{"@id":"https:\/\/buletin.de\/bucuresti\/termoficare-i-inca-o-avarie-pe-magistrala-cet-sud-700-de-imobile-din-sectorul-3-sunt-afectate\/#primaryimage"},"thumbnailUrl":"https:\/\/buletin.de\/bucuresti\/wp-content\/uploads\/tevi-e1701144869563.jpeg","datePublished":"2023-11-28T04:00:00+00:00","dateModified":"2023-11-28T04:14:33+00:00","breadcrumb":{"@id":"https:\/\/buletin.de\/bucuresti\/termoficare-i-inca-o-avarie-pe-magistrala-cet-sud-700-de-imobile-din-sectorul-3-sunt-afectate\/#breadcrumb"},"inLanguage":"en-GB","potentialAction":[{"@type":"ReadAction","target":["https:\/\/buletin.de\/bucuresti\/termoficare-i-inca-o-avarie-pe-magistrala-cet-sud-700-de-imobile-din-sectorul-3-sunt-afectate\/"]}]},{"@type":"ImageObject","inLanguage":"en-GB","@id":"https:\/\/buletin.de\/bucuresti\/termoficare-i-inca-o-avarie-pe-magistrala-cet-sud-700-de-imobile-din-sectorul-3-sunt-afectate\/#primaryimage","url":"https:\/\/buletin.de\/bucuresti\/wp-content\/uploads\/tevi-e1701144869563.jpeg","contentUrl":"https:\/\/buletin.de\/bucuresti\/wp-content\/uploads\/tevi-e1701144869563.jpeg","width":576,"height":544,"caption":"Foto: Facebook-Termoenergetica"},{"@type":"BreadcrumbList","@id":"https:\/\/buletin.de\/bucuresti\/termoficare-i-inca-o-avarie-pe-magistrala-cet-sud-700-de-imobile-din-sectorul-3-sunt-afectate\/#breadcrumb","itemListElement":[{"@type":"ListItem","position":1,"name":"Acas\u0103","item":"https:\/\/buletin.de\/bucuresti\/"},{"@type":"ListItem","position":2,"name":"TERMOFICARE I \u00cenc\u0103 o avarie pe Magistrala CET-Sud. 700 de imobile din sectorul 3 sunt afectate"}]},{"@type":"WebSite","@id":"https:\/\/buletin.de\/bucuresti\/#website","url":"https:\/\/buletin.de\/bucuresti\/","name":"Buletin de Bucure\u0219ti","description":"\u0218tiri \u0219i investiga\u021bii esen\u021biale din capital\u0103","publisher":{"@id":"https:\/\/buletin.de\/bucuresti\/#organization"},"potentialAction":[{"@type":"SearchAction","target":{"@type":"EntryPoint","urlTemplate":"https:\/\/buletin.de\/bucuresti\/?s={search_term_string}"},"query-input":{"@type":"PropertyValueSpecification","valueRequired":true,"valueName":"search_term_string"}}],"inLanguage":"en-GB"},{"@type":"Organization","@id":"https:\/\/buletin.de\/bucuresti\/#organization","name":"Buletin de Bucure\u0219ti","url":"https:\/\/buletin.de\/bucuresti\/","logo":{"@type":"ImageObject","inLanguage":"en-GB","@id":"https:\/\/buletin.de\/bucuresti\/#\/schema\/logo\/image\/","url":"https:\/\/buletin.de\/bucuresti\/wp-content\/uploads\/logo-bdb-full-wide-vernil-transparent.png","contentUrl":"https:\/\/buletin.de\/bucuresti\/wp-content\/uploads\/logo-bdb-full-wide-vernil-transparent.png","width":1782,"height":626,"caption":"Buletin de Bucure\u0219ti"},"image":{"@id":"https:\/\/buletin.de\/bucuresti\/#\/schema\/logo\/image\/"},"sameAs":["https:\/\/www.facebook.com\/buletin.de.buc","https:\/\/www.instagram.com\/buletinde.bucuresti\/"]},{"@type":"Person","@id":"https:\/\/buletin.de\/bucuresti\/#\/schema\/person\/7e46040573290777280a0835d81ea4ea","name":"Diana Matei","image":{"@type":"ImageObject","inLanguage":"en-GB","@id":"https:\/\/buletin.de\/bucuresti\/wp-content\/uploads\/9-2-96x96.jpg1e8590b30871d70e62ebcdaf2eff570c","url":"https:\/\/buletin.de\/bucuresti\/wp-content\/uploads\/9-2-96x96.jpg","contentUrl":"https:\/\/buletin.de\/bucuresti\/wp-content\/uploads\/9-2-96x96.jpg","caption":"Diana Matei"},"url":"https:\/\/buletin.de\/bucuresti\/author\/dianamatei\/"}]}},"authors":[{"term_id":22574,"user_id":49,"is_guest":0,"slug":"dianamatei","display_name":"Diana Matei","avatar_url":"https:\/\/buletin.de\/bucuresti\/wp-content\/uploads\/9-2-96x96.jpg","0":null,"1":"","2":"","3":"","4":"","5":"","6":"","7":"","8":""}],"_links":{"self":[{"href":"https:\/\/buletin.de\/bucuresti\/wp-json\/wp\/v2\/posts\/70495","targetHints":{"allow":["GET"]}}],"collection":[{"href":"https:\/\/buletin.de\/bucuresti\/wp-json\/wp\/v2\/posts"}],"about":[{"href":"https:\/\/buletin.de\/bucuresti\/wp-json\/wp\/v2\/types\/post"}],"author":[{"embeddable":true,"href":"https:\/\/buletin.de\/bucuresti\/wp-json\/wp\/v2\/users\/49"}],"replies":[{"embeddable":true,"href":"https:\/\/buletin.de\/bucuresti\/wp-json\/wp\/v2\/comments?post=70495"}],"version-history":[{"count":3,"href":"https:\/\/buletin.de\/bucuresti\/wp-json\/wp\/v2\/posts\/70495\/revisions"}],"predecessor-version":[{"id":70530,"href":"https:\/\/buletin.de\/bucuresti\/wp-json\/wp\/v2\/posts\/70495\/revisions\/70530"}],"wp:featuredmedia":[{"embeddable":true,"href":"https:\/\/buletin.de\/bucuresti\/wp-json\/wp\/v2\/media\/67152"}],"wp:attachment":[{"href":"https:\/\/buletin.de\/bucuresti\/wp-json\/wp\/v2\/media?parent=70495"}],"wp:term":[{"taxonomy":"category","embeddable":true,"href":"https:\/\/buletin.de\/bucuresti\/wp-json\/wp\/v2\/categories?post=70495"},{"taxonomy":"post_tag","embeddable":true,"href":"https:\/\/buletin.de\/bucuresti\/wp-json\/wp\/v2\/tags?post=70495"},{"taxonomy":"author","embeddable":true,"href":"https:\/\/buletin.de\/bucuresti\/wp-json\/wp\/v2\/ppma_author?post=70495"}],"curies":[{"name":"wp","href":"https:\/\/api.w.org\/{rel}","templated":true}]}}