{"id":70298,"date":"2023-11-26T09:31:49","date_gmt":"2023-11-26T07:31:49","guid":{"rendered":"https:\/\/buletin.de\/bucuresti\/?p=70298"},"modified":"2023-11-26T09:32:13","modified_gmt":"2023-11-26T07:32:13","slug":"trenuri-anulate-si-intarzieri-de-ore-intregi-din-cauza-viscolului","status":"publish","type":"post","link":"https:\/\/buletin.de\/bucuresti\/trenuri-anulate-si-intarzieri-de-ore-intregi-din-cauza-viscolului\/","title":{"rendered":"Gara de Nord | Trenuri anulate \u015fi \u00eent\u00e2rzieri de ore \u00eentregi din cauza viscolului"},"content":{"rendered":"\n<p><strong>Mai multe trenuri pe rela\u0163ia Bucure\u015fti Nord &#8211; Constan\u0163a \u015fi retur, dar \u015fi pe Fete\u015fti &#8211; Bucure\u015fti Obor \u015fi retur au fost anulate ast\u0103zi, din cauza condi\u0163iilor meteo extreme. De asemenea, sunt trenuri care vin dinspre Constan\u0163a \u015fi Gala\u0163i, dar \u015fi un tren care pleac\u0103 spre Bra\u015fov (1680) cu \u00eent\u00e2rzieri cumulate de c\u00e2teva ore. <\/strong><\/p>\n\n\n\n<p>Lista trenurilor anulate ast\u0103zi, 26.11.2023, conform <a href=\"https:\/\/clubferoviar.ro\/trenuri-anulate-de-cfr-calatori-pe-relatia-bucuresti-constanta\/\">clubferoviar.ro<\/a>: <\/p>\n\n\n\n<ul class=\"wp-block-list\">\n<li>-IR 1580, IR 1882, IR1586, IR1682 \u00een rela\u021bia Constan\u021ba-Bucure\u0219ti Nord<\/li>\n\n\n\n<li>-IR 1583, IR 1881, IR 1885, IC 581 \u00een rela\u021bia Bucure\u0219ti Nord -Constan\u021ba<\/li>\n\n\n\n<li>-R 8004\/8007 \u00een rela\u021bia Fete\u0219ti-Bucure\u0219ti Obor \u0219i retur<\/li>\n\n\n\n<li>-R 8122 Slobozia Veche \u2013 Bucuresti Nord se anuleaz\u0103 pe distan\u021ba Slobozia Veche \u2013 Urziceni<\/li>\n\n\n\n<li>-R 8153 Urziceni \u2013 Slobozia Veche<\/li>\n\n\n\n<li>-R 8154 Slobozia Veche \u2013 Urziceni<\/li>\n\n\n\n<li>-R 8201 \/ 8205 Buz\u0103u \u2013 Fete\u0219ti \u2013 Constan\u021ba<\/li>\n\n\n\n<li>-R 8208 \/ 8204 Constan\u021ba \u2013 Fete\u0219ti \u2013 Buz\u0103u<\/li>\n\n\n\n<li>-R 8206 \/ 8202 Constan\u021ba \u2013 Fetesti \u2013 Buz\u0103u<\/li>\n\n\n\n<li>-R 8203 \/ 8207 Buz\u0103u \u2013 Fete\u0219ti \u2013 Constan\u021ba<\/li>\n<\/ul>\n\n\n\n<p>Iat\u0103 situa\u0163ia pe calea ferat\u0103 la aceast\u0103 or\u0103, vom <strong>UPDATA <\/strong>acest articol pe m\u0103sura ce vin informa\u0163ii noi de la CFR: <\/p>\n\n\n\n<p>Compania Na\u021bional\u0103 de C\u0103i Ferate CFR SA v\u0103 informeaz\u0103 c\u0103 circula\u021bia trenurilor se desf\u0103\u0219oar\u0103 \u00een condi\u021bii dificile, ninsoare \u0219i v\u00e2nt puternic cu rafale de 95 km\/h &#8211; 100 km\/h, pe raza jude\u021belor din sud &#8211; estul \u021b\u0103rii.<\/p>\n\n\n\n<p>Astfel, pe raza SRCF Constan\u021ba, din cauza ninsorii viscolite \u0219i a rafalelor puternice de v\u00e2nt, nu func\u021bioneaz\u0103 re\u021beaua na\u021bional\u0103 de alimentarea cu energie, iar pentru asigurarea energiei electrice 10 sta\u021bii CF func\u021bioneaz\u0103 pe grup electrogen.<\/p>\n\n\n\n<p>De asemenea, pentru repunerea sub tensiune a liniei de contact se intervine la aceast\u0103 ora cu Drezine Pantograf pe 3 intervale CF, astfel: Ovidiu &#8211; Dun\u0103rea (pe firul II), Fete\u0219ti &#8211; Ramifica\u021bie Borcea (pe firul I) \u0219i Jeg\u0103lia- B\u0103r\u0103ganu. Un singur tren de c\u0103latori, R 8340, sta\u021bioneaz\u0103 temporar la aceast\u0103 or\u0103, pentru remedierea deranjamentului \u00eentre Jegalia \u0219i B\u0103r\u0103ganu.<\/p>\n\n\n\n<p>Tot pe raza SRCF Constan\u021ba, din cauza v\u00e2ntului puternic, nu func\u021bioneaz\u0103 sistemul de semnalizare &#8211; acustic, vizual \u0219i barierele automate -, de la 7 treceri la nivel cu calea ferat\u0103, situate pe intervalele Ciulni\u021ba &#8211; Peri\u0219oru, Valu lui Traian, B\u0103r\u0103ganu &#8211; Jeg\u0103lia, B\u0103r\u0103ganu &#8211; Fete\u0219ti, Jegalia &#8211; Peri\u0219oru. P\u00e2n\u0103 la remedierea deranjamentelor, to\u021bi participan\u021bi la traficul rutier vor respecta, conform prevederilor legale, semnalizarea indicatorului rutier &#8221; Crucea Sf\u00e2ntului Andrei&#8221;, iar mecanicii de locomotiv\u0103 vor circula \u00een apropierea trecerilor la nivel cu vitez\u0103 redus\u0103, de 20 km\/h.<\/p>\n\n\n\n<p>Pe raza SRCF Gala\u021bi, echipele de interven\u021bie ac\u021bioneaz\u0103 cu drezine pantograf pentru repunerea sub tensiune a liniei de contact \u00eentre sta\u021biile F\u0103urei &#8211; Dedule\u0219ti, pe firul II, \u00een sta\u021bia Plopu \u0219i \u00eentre Lacu S\u0103rat &#8211; Traian Sat, unde 3 trenuri de c\u0103l\u0103tori &#8211; R 7360, IR 1570 \u0219i IR 1732 &#8211; au r\u0103mas defecte, cu pantografele rupte \u0219i sta\u021bioneaz\u0103 pentru remediere.<\/p>\n\n\n\n<p>Men\u021bion\u0103m faptul c\u0103, echipele de interven\u021bie ale SRCF Constan\u021ba \u0219i Gala\u021bi ac\u021bioneaz\u0103 \u00een continuare pe re\u021bea feroviar\u0103 din sud-estul \u021b\u0103rii, astfel \u00eenc\u00e2t s\u0103 fie remediate opera\u021bional toate deranjamentele cauzate de fenomenele meteo nefavorabile, iar traficul feroviar s\u0103 se desf\u0103\u015foare \u00een condi\u021bii optime \u00een aceast\u0103 perioad\u0103, \u00een care sunt valabile aten\u021bion\u0103rile meteo de cod galben \u0219i portocaliu pe raza jude\u021belor din sud &#8211; estul \u021b\u0103rii, unde rafalele de v\u00e2nt viscolit ating viteze de p\u00e2n\u0103 la 100 km\/h.<\/p>\n\n\n\n<p>Pe raza SRCF Gala\u021bi, din cauza intensific\u0103ri rafalelor de v\u00e2nt, \u00eencep\u00e2nd cu ora 8.25, toate trenurile vor circula pe intervalul CF Gala\u021bi &#8211; F\u0103urei &#8211; \u021a\u0103nd\u0103rei doar cu locomotive Diesel, cu excep\u021bia trenurilor tractate cu locomotive electrice, care acum sunt \u00een circula\u021bie, pe sec\u021bia respectiv\u0103.<\/p>\n","protected":false},"excerpt":{"rendered":"<p>Mai multe trenuri pe rela\u0163ia Bucure\u015fti Nord &#8211; Constan\u0163a \u015fi retur, dar \u015fi pe Fete\u015fti &#8211; Bucure\u015fti Obor \u015fi retur au fost anulate ast\u0103zi, din cauza condi\u0163iilor meteo extreme. De asemenea, sunt trenuri care vin dinspre Constan\u0163a \u015fi Gala\u0163i, dar \u015fi un tren care pleac\u0103 spre Bra\u015fov (1680) cu \u00eent\u00e2rzieri cumulate de c\u00e2teva ore. Lista [&hellip;]<\/p>\n","protected":false},"author":8,"featured_media":70300,"comment_status":"closed","ping_status":"open","sticky":false,"template":"","format":"standard","meta":{"_acf_changed":false,"inline_featured_image":false,"ngg_post_thumbnail":0,"footnotes":""},"categories":[6994,5762,650],"tags":[599,1941,8023,8022,558],"ppma_author":[22586],"class_list":["post-70298","post","type-post","status-publish","format-standard","has-post-thumbnail","hentry","category-stiri-2","category-main","category-transport","tag-cfr","tag-gara-de-nord","tag-intarzieri-trenuri","tag-trenuri-anulate","tag-viscol"],"acf":[],"yoast_head":"<!-- This site is optimized with the Yoast SEO Premium plugin v25.3 (Yoast SEO v27.4) - https:\/\/yoast.com\/product\/yoast-seo-premium-wordpress\/ -->\n<title>Gara de Nord | Trenuri anulate \u015fi \u00eent\u00e2rzieri de ore \u00eentregi din cauza viscolului - Buletin de Bucure\u0219ti<\/title>\n<meta name=\"robots\" content=\"index, follow, max-snippet:-1, max-image-preview:large, max-video-preview:-1\" \/>\n<link rel=\"canonical\" href=\"https:\/\/buletin.de\/bucuresti\/trenuri-anulate-si-intarzieri-de-ore-intregi-din-cauza-viscolului\/\" \/>\n<meta property=\"og:locale\" content=\"en_GB\" \/>\n<meta property=\"og:type\" content=\"article\" \/>\n<meta property=\"og:title\" content=\"Gara de Nord | Trenuri anulate \u015fi \u00eent\u00e2rzieri de ore \u00eentregi din cauza viscolului\" \/>\n<meta property=\"og:description\" content=\"Mai multe trenuri pe rela\u0163ia Bucure\u015fti Nord &#8211; Constan\u0163a \u015fi retur, dar \u015fi pe Fete\u015fti &#8211; Bucure\u015fti Obor \u015fi retur au fost anulate ast\u0103zi, din cauza condi\u0163iilor meteo extreme. De asemenea, sunt trenuri care vin dinspre Constan\u0163a \u015fi Gala\u0163i, dar \u015fi un tren care pleac\u0103 spre Bra\u015fov (1680) cu \u00eent\u00e2rzieri cumulate de c\u00e2teva ore. Lista [&hellip;]\" \/>\n<meta property=\"og:url\" content=\"https:\/\/buletin.de\/bucuresti\/trenuri-anulate-si-intarzieri-de-ore-intregi-din-cauza-viscolului\/\" \/>\n<meta property=\"og:site_name\" content=\"Buletin de Bucure\u0219ti\" \/>\n<meta property=\"article:publisher\" content=\"https:\/\/www.facebook.com\/buletin.de.buc\" \/>\n<meta property=\"article:published_time\" content=\"2023-11-26T07:31:49+00:00\" \/>\n<meta property=\"article:modified_time\" content=\"2023-11-26T07:32:13+00:00\" \/>\n<meta property=\"og:image\" content=\"https:\/\/buletin.de\/bucuresti\/wp-content\/uploads\/tabela-gara-de-nord.png\" \/>\n\t<meta property=\"og:image:width\" content=\"1104\" \/>\n\t<meta property=\"og:image:height\" content=\"352\" \/>\n\t<meta property=\"og:image:type\" content=\"image\/png\" \/>\n<meta name=\"author\" content=\"Ionu\u021b Lepa\" \/>\n<meta name=\"twitter:card\" content=\"summary_large_image\" \/>\n<meta name=\"twitter:label1\" content=\"Written by\" \/>\n\t<meta name=\"twitter:data1\" content=\"Ionu\u021b Lepa\" \/>\n\t<meta name=\"twitter:label2\" content=\"Estimated reading time\" \/>\n\t<meta name=\"twitter:data2\" content=\"3 minutes\" \/>\n<script type=\"application\/ld+json\" class=\"yoast-schema-graph\">{\"@context\":\"https:\\\/\\\/schema.org\",\"@graph\":[{\"@type\":\"Article\",\"@id\":\"https:\\\/\\\/buletin.de\\\/bucuresti\\\/trenuri-anulate-si-intarzieri-de-ore-intregi-din-cauza-viscolului\\\/#article\",\"isPartOf\":{\"@id\":\"https:\\\/\\\/buletin.de\\\/bucuresti\\\/trenuri-anulate-si-intarzieri-de-ore-intregi-din-cauza-viscolului\\\/\"},\"author\":{\"name\":\"Ionu\u021b Lepa\",\"@id\":\"https:\\\/\\\/buletin.de\\\/bucuresti\\\/#\\\/schema\\\/person\\\/5272b8a057b33890940b57b837fc4ce6\"},\"headline\":\"Gara de Nord | Trenuri anulate \u015fi \u00eent\u00e2rzieri de ore \u00eentregi din cauza viscolului\",\"datePublished\":\"2023-11-26T07:31:49+00:00\",\"dateModified\":\"2023-11-26T07:32:13+00:00\",\"mainEntityOfPage\":{\"@id\":\"https:\\\/\\\/buletin.de\\\/bucuresti\\\/trenuri-anulate-si-intarzieri-de-ore-intregi-din-cauza-viscolului\\\/\"},\"wordCount\":658,\"publisher\":{\"@id\":\"https:\\\/\\\/buletin.de\\\/bucuresti\\\/#organization\"},\"image\":{\"@id\":\"https:\\\/\\\/buletin.de\\\/bucuresti\\\/trenuri-anulate-si-intarzieri-de-ore-intregi-din-cauza-viscolului\\\/#primaryimage\"},\"thumbnailUrl\":\"https:\\\/\\\/buletin.de\\\/bucuresti\\\/wp-content\\\/uploads\\\/tabela-gara-de-nord.png\",\"keywords\":[\"cfr\",\"gara de nord\",\"intarzieri trenuri\",\"trenuri anulate\",\"viscol\"],\"articleSection\":[\"Articole\",\"Main\",\"Transport\"],\"inLanguage\":\"en-GB\",\"copyrightYear\":\"2023\",\"copyrightHolder\":{\"@id\":\"https:\\\/\\\/buletin.de\\\/bucuresti\\\/#organization\"}},{\"@type\":\"WebPage\",\"@id\":\"https:\\\/\\\/buletin.de\\\/bucuresti\\\/trenuri-anulate-si-intarzieri-de-ore-intregi-din-cauza-viscolului\\\/\",\"url\":\"https:\\\/\\\/buletin.de\\\/bucuresti\\\/trenuri-anulate-si-intarzieri-de-ore-intregi-din-cauza-viscolului\\\/\",\"name\":\"Gara de Nord | Trenuri anulate \u015fi \u00eent\u00e2rzieri de ore \u00eentregi din cauza viscolului - Buletin de Bucure\u0219ti\",\"isPartOf\":{\"@id\":\"https:\\\/\\\/buletin.de\\\/bucuresti\\\/#website\"},\"primaryImageOfPage\":{\"@id\":\"https:\\\/\\\/buletin.de\\\/bucuresti\\\/trenuri-anulate-si-intarzieri-de-ore-intregi-din-cauza-viscolului\\\/#primaryimage\"},\"image\":{\"@id\":\"https:\\\/\\\/buletin.de\\\/bucuresti\\\/trenuri-anulate-si-intarzieri-de-ore-intregi-din-cauza-viscolului\\\/#primaryimage\"},\"thumbnailUrl\":\"https:\\\/\\\/buletin.de\\\/bucuresti\\\/wp-content\\\/uploads\\\/tabela-gara-de-nord.png\",\"datePublished\":\"2023-11-26T07:31:49+00:00\",\"dateModified\":\"2023-11-26T07:32:13+00:00\",\"breadcrumb\":{\"@id\":\"https:\\\/\\\/buletin.de\\\/bucuresti\\\/trenuri-anulate-si-intarzieri-de-ore-intregi-din-cauza-viscolului\\\/#breadcrumb\"},\"inLanguage\":\"en-GB\",\"potentialAction\":[{\"@type\":\"ReadAction\",\"target\":[\"https:\\\/\\\/buletin.de\\\/bucuresti\\\/trenuri-anulate-si-intarzieri-de-ore-intregi-din-cauza-viscolului\\\/\"]}]},{\"@type\":\"ImageObject\",\"inLanguage\":\"en-GB\",\"@id\":\"https:\\\/\\\/buletin.de\\\/bucuresti\\\/trenuri-anulate-si-intarzieri-de-ore-intregi-din-cauza-viscolului\\\/#primaryimage\",\"url\":\"https:\\\/\\\/buletin.de\\\/bucuresti\\\/wp-content\\\/uploads\\\/tabela-gara-de-nord.png\",\"contentUrl\":\"https:\\\/\\\/buletin.de\\\/bucuresti\\\/wp-content\\\/uploads\\\/tabela-gara-de-nord.png\",\"width\":1104,\"height\":352,\"caption\":\"Gara de Nord, 26.11, ora 09:20\"},{\"@type\":\"BreadcrumbList\",\"@id\":\"https:\\\/\\\/buletin.de\\\/bucuresti\\\/trenuri-anulate-si-intarzieri-de-ore-intregi-din-cauza-viscolului\\\/#breadcrumb\",\"itemListElement\":[{\"@type\":\"ListItem\",\"position\":1,\"name\":\"Acas\u0103\",\"item\":\"https:\\\/\\\/buletin.de\\\/bucuresti\\\/\"},{\"@type\":\"ListItem\",\"position\":2,\"name\":\"Gara de Nord | Trenuri anulate \u015fi \u00eent\u00e2rzieri de ore \u00eentregi din cauza viscolului\"}]},{\"@type\":\"WebSite\",\"@id\":\"https:\\\/\\\/buletin.de\\\/bucuresti\\\/#website\",\"url\":\"https:\\\/\\\/buletin.de\\\/bucuresti\\\/\",\"name\":\"Buletin de Bucure\u0219ti\",\"description\":\"\u0218tiri \u0219i investiga\u021bii esen\u021biale din capital\u0103\",\"publisher\":{\"@id\":\"https:\\\/\\\/buletin.de\\\/bucuresti\\\/#organization\"},\"potentialAction\":[{\"@type\":\"SearchAction\",\"target\":{\"@type\":\"EntryPoint\",\"urlTemplate\":\"https:\\\/\\\/buletin.de\\\/bucuresti\\\/?s={search_term_string}\"},\"query-input\":{\"@type\":\"PropertyValueSpecification\",\"valueRequired\":true,\"valueName\":\"search_term_string\"}}],\"inLanguage\":\"en-GB\"},{\"@type\":\"Organization\",\"@id\":\"https:\\\/\\\/buletin.de\\\/bucuresti\\\/#organization\",\"name\":\"Buletin de Bucure\u0219ti\",\"url\":\"https:\\\/\\\/buletin.de\\\/bucuresti\\\/\",\"logo\":{\"@type\":\"ImageObject\",\"inLanguage\":\"en-GB\",\"@id\":\"https:\\\/\\\/buletin.de\\\/bucuresti\\\/#\\\/schema\\\/logo\\\/image\\\/\",\"url\":\"https:\\\/\\\/buletin.de\\\/bucuresti\\\/wp-content\\\/uploads\\\/logo-bdb-full-wide-vernil-transparent.png\",\"contentUrl\":\"https:\\\/\\\/buletin.de\\\/bucuresti\\\/wp-content\\\/uploads\\\/logo-bdb-full-wide-vernil-transparent.png\",\"width\":1782,\"height\":626,\"caption\":\"Buletin de Bucure\u0219ti\"},\"image\":{\"@id\":\"https:\\\/\\\/buletin.de\\\/bucuresti\\\/#\\\/schema\\\/logo\\\/image\\\/\"},\"sameAs\":[\"https:\\\/\\\/www.facebook.com\\\/buletin.de.buc\",\"https:\\\/\\\/www.instagram.com\\\/buletinde.bucuresti\\\/\"]},{\"@type\":\"Person\",\"@id\":\"https:\\\/\\\/buletin.de\\\/bucuresti\\\/#\\\/schema\\\/person\\\/5272b8a057b33890940b57b837fc4ce6\",\"name\":\"Ionu\u021b Lepa\",\"image\":{\"@type\":\"ImageObject\",\"inLanguage\":\"en-GB\",\"@id\":\"https:\\\/\\\/buletin.de\\\/bucuresti\\\/wp-content\\\/uploads\\\/Ionut-Lepa-96x96.jpg5c4e4d9e049808799a8821652d2410a4\",\"url\":\"https:\\\/\\\/buletin.de\\\/bucuresti\\\/wp-content\\\/uploads\\\/Ionut-Lepa-96x96.jpg\",\"contentUrl\":\"https:\\\/\\\/buletin.de\\\/bucuresti\\\/wp-content\\\/uploads\\\/Ionut-Lepa-96x96.jpg\",\"caption\":\"Ionu\u021b Lepa\"},\"url\":\"https:\\\/\\\/buletin.de\\\/bucuresti\\\/author\\\/ionutlepa\\\/\"}]}<\/script>\n<!-- \/ Yoast SEO Premium plugin. -->","yoast_head_json":{"title":"Gara de Nord | Trenuri anulate \u015fi \u00eent\u00e2rzieri de ore \u00eentregi din cauza viscolului - Buletin de Bucure\u0219ti","robots":{"index":"index","follow":"follow","max-snippet":"max-snippet:-1","max-image-preview":"max-image-preview:large","max-video-preview":"max-video-preview:-1"},"canonical":"https:\/\/buletin.de\/bucuresti\/trenuri-anulate-si-intarzieri-de-ore-intregi-din-cauza-viscolului\/","og_locale":"en_GB","og_type":"article","og_title":"Gara de Nord | Trenuri anulate \u015fi \u00eent\u00e2rzieri de ore \u00eentregi din cauza viscolului","og_description":"Mai multe trenuri pe rela\u0163ia Bucure\u015fti Nord &#8211; Constan\u0163a \u015fi retur, dar \u015fi pe Fete\u015fti &#8211; Bucure\u015fti Obor \u015fi retur au fost anulate ast\u0103zi, din cauza condi\u0163iilor meteo extreme. De asemenea, sunt trenuri care vin dinspre Constan\u0163a \u015fi Gala\u0163i, dar \u015fi un tren care pleac\u0103 spre Bra\u015fov (1680) cu \u00eent\u00e2rzieri cumulate de c\u00e2teva ore. Lista [&hellip;]","og_url":"https:\/\/buletin.de\/bucuresti\/trenuri-anulate-si-intarzieri-de-ore-intregi-din-cauza-viscolului\/","og_site_name":"Buletin de Bucure\u0219ti","article_publisher":"https:\/\/www.facebook.com\/buletin.de.buc","article_published_time":"2023-11-26T07:31:49+00:00","article_modified_time":"2023-11-26T07:32:13+00:00","og_image":[{"width":1104,"height":352,"url":"https:\/\/buletin.de\/bucuresti\/wp-content\/uploads\/tabela-gara-de-nord.png","type":"image\/png"}],"author":"Ionu\u021b Lepa","twitter_card":"summary_large_image","twitter_misc":{"Written by":"Ionu\u021b Lepa","Estimated reading time":"3 minutes"},"schema":{"@context":"https:\/\/schema.org","@graph":[{"@type":"Article","@id":"https:\/\/buletin.de\/bucuresti\/trenuri-anulate-si-intarzieri-de-ore-intregi-din-cauza-viscolului\/#article","isPartOf":{"@id":"https:\/\/buletin.de\/bucuresti\/trenuri-anulate-si-intarzieri-de-ore-intregi-din-cauza-viscolului\/"},"author":{"name":"Ionu\u021b Lepa","@id":"https:\/\/buletin.de\/bucuresti\/#\/schema\/person\/5272b8a057b33890940b57b837fc4ce6"},"headline":"Gara de Nord | Trenuri anulate \u015fi \u00eent\u00e2rzieri de ore \u00eentregi din cauza viscolului","datePublished":"2023-11-26T07:31:49+00:00","dateModified":"2023-11-26T07:32:13+00:00","mainEntityOfPage":{"@id":"https:\/\/buletin.de\/bucuresti\/trenuri-anulate-si-intarzieri-de-ore-intregi-din-cauza-viscolului\/"},"wordCount":658,"publisher":{"@id":"https:\/\/buletin.de\/bucuresti\/#organization"},"image":{"@id":"https:\/\/buletin.de\/bucuresti\/trenuri-anulate-si-intarzieri-de-ore-intregi-din-cauza-viscolului\/#primaryimage"},"thumbnailUrl":"https:\/\/buletin.de\/bucuresti\/wp-content\/uploads\/tabela-gara-de-nord.png","keywords":["cfr","gara de nord","intarzieri trenuri","trenuri anulate","viscol"],"articleSection":["Articole","Main","Transport"],"inLanguage":"en-GB","copyrightYear":"2023","copyrightHolder":{"@id":"https:\/\/buletin.de\/bucuresti\/#organization"}},{"@type":"WebPage","@id":"https:\/\/buletin.de\/bucuresti\/trenuri-anulate-si-intarzieri-de-ore-intregi-din-cauza-viscolului\/","url":"https:\/\/buletin.de\/bucuresti\/trenuri-anulate-si-intarzieri-de-ore-intregi-din-cauza-viscolului\/","name":"Gara de Nord | Trenuri anulate \u015fi \u00eent\u00e2rzieri de ore \u00eentregi din cauza viscolului - Buletin de Bucure\u0219ti","isPartOf":{"@id":"https:\/\/buletin.de\/bucuresti\/#website"},"primaryImageOfPage":{"@id":"https:\/\/buletin.de\/bucuresti\/trenuri-anulate-si-intarzieri-de-ore-intregi-din-cauza-viscolului\/#primaryimage"},"image":{"@id":"https:\/\/buletin.de\/bucuresti\/trenuri-anulate-si-intarzieri-de-ore-intregi-din-cauza-viscolului\/#primaryimage"},"thumbnailUrl":"https:\/\/buletin.de\/bucuresti\/wp-content\/uploads\/tabela-gara-de-nord.png","datePublished":"2023-11-26T07:31:49+00:00","dateModified":"2023-11-26T07:32:13+00:00","breadcrumb":{"@id":"https:\/\/buletin.de\/bucuresti\/trenuri-anulate-si-intarzieri-de-ore-intregi-din-cauza-viscolului\/#breadcrumb"},"inLanguage":"en-GB","potentialAction":[{"@type":"ReadAction","target":["https:\/\/buletin.de\/bucuresti\/trenuri-anulate-si-intarzieri-de-ore-intregi-din-cauza-viscolului\/"]}]},{"@type":"ImageObject","inLanguage":"en-GB","@id":"https:\/\/buletin.de\/bucuresti\/trenuri-anulate-si-intarzieri-de-ore-intregi-din-cauza-viscolului\/#primaryimage","url":"https:\/\/buletin.de\/bucuresti\/wp-content\/uploads\/tabela-gara-de-nord.png","contentUrl":"https:\/\/buletin.de\/bucuresti\/wp-content\/uploads\/tabela-gara-de-nord.png","width":1104,"height":352,"caption":"Gara de Nord, 26.11, ora 09:20"},{"@type":"BreadcrumbList","@id":"https:\/\/buletin.de\/bucuresti\/trenuri-anulate-si-intarzieri-de-ore-intregi-din-cauza-viscolului\/#breadcrumb","itemListElement":[{"@type":"ListItem","position":1,"name":"Acas\u0103","item":"https:\/\/buletin.de\/bucuresti\/"},{"@type":"ListItem","position":2,"name":"Gara de Nord | Trenuri anulate \u015fi \u00eent\u00e2rzieri de ore \u00eentregi din cauza viscolului"}]},{"@type":"WebSite","@id":"https:\/\/buletin.de\/bucuresti\/#website","url":"https:\/\/buletin.de\/bucuresti\/","name":"Buletin de Bucure\u0219ti","description":"\u0218tiri \u0219i investiga\u021bii esen\u021biale din capital\u0103","publisher":{"@id":"https:\/\/buletin.de\/bucuresti\/#organization"},"potentialAction":[{"@type":"SearchAction","target":{"@type":"EntryPoint","urlTemplate":"https:\/\/buletin.de\/bucuresti\/?s={search_term_string}"},"query-input":{"@type":"PropertyValueSpecification","valueRequired":true,"valueName":"search_term_string"}}],"inLanguage":"en-GB"},{"@type":"Organization","@id":"https:\/\/buletin.de\/bucuresti\/#organization","name":"Buletin de Bucure\u0219ti","url":"https:\/\/buletin.de\/bucuresti\/","logo":{"@type":"ImageObject","inLanguage":"en-GB","@id":"https:\/\/buletin.de\/bucuresti\/#\/schema\/logo\/image\/","url":"https:\/\/buletin.de\/bucuresti\/wp-content\/uploads\/logo-bdb-full-wide-vernil-transparent.png","contentUrl":"https:\/\/buletin.de\/bucuresti\/wp-content\/uploads\/logo-bdb-full-wide-vernil-transparent.png","width":1782,"height":626,"caption":"Buletin de Bucure\u0219ti"},"image":{"@id":"https:\/\/buletin.de\/bucuresti\/#\/schema\/logo\/image\/"},"sameAs":["https:\/\/www.facebook.com\/buletin.de.buc","https:\/\/www.instagram.com\/buletinde.bucuresti\/"]},{"@type":"Person","@id":"https:\/\/buletin.de\/bucuresti\/#\/schema\/person\/5272b8a057b33890940b57b837fc4ce6","name":"Ionu\u021b Lepa","image":{"@type":"ImageObject","inLanguage":"en-GB","@id":"https:\/\/buletin.de\/bucuresti\/wp-content\/uploads\/Ionut-Lepa-96x96.jpg5c4e4d9e049808799a8821652d2410a4","url":"https:\/\/buletin.de\/bucuresti\/wp-content\/uploads\/Ionut-Lepa-96x96.jpg","contentUrl":"https:\/\/buletin.de\/bucuresti\/wp-content\/uploads\/Ionut-Lepa-96x96.jpg","caption":"Ionu\u021b Lepa"},"url":"https:\/\/buletin.de\/bucuresti\/author\/ionutlepa\/"}]}},"authors":[{"term_id":22586,"user_id":8,"is_guest":0,"slug":"ionutlepa","display_name":"Ionu\u021b Lepa","avatar_url":"https:\/\/buletin.de\/bucuresti\/wp-content\/uploads\/Ionut-Lepa-96x96.jpg","0":null,"1":"","2":"","3":"","4":"","5":"","6":"","7":"","8":""}],"_links":{"self":[{"href":"https:\/\/buletin.de\/bucuresti\/wp-json\/wp\/v2\/posts\/70298","targetHints":{"allow":["GET"]}}],"collection":[{"href":"https:\/\/buletin.de\/bucuresti\/wp-json\/wp\/v2\/posts"}],"about":[{"href":"https:\/\/buletin.de\/bucuresti\/wp-json\/wp\/v2\/types\/post"}],"author":[{"embeddable":true,"href":"https:\/\/buletin.de\/bucuresti\/wp-json\/wp\/v2\/users\/8"}],"replies":[{"embeddable":true,"href":"https:\/\/buletin.de\/bucuresti\/wp-json\/wp\/v2\/comments?post=70298"}],"version-history":[{"count":2,"href":"https:\/\/buletin.de\/bucuresti\/wp-json\/wp\/v2\/posts\/70298\/revisions"}],"predecessor-version":[{"id":70303,"href":"https:\/\/buletin.de\/bucuresti\/wp-json\/wp\/v2\/posts\/70298\/revisions\/70303"}],"wp:featuredmedia":[{"embeddable":true,"href":"https:\/\/buletin.de\/bucuresti\/wp-json\/wp\/v2\/media\/70300"}],"wp:attachment":[{"href":"https:\/\/buletin.de\/bucuresti\/wp-json\/wp\/v2\/media?parent=70298"}],"wp:term":[{"taxonomy":"category","embeddable":true,"href":"https:\/\/buletin.de\/bucuresti\/wp-json\/wp\/v2\/categories?post=70298"},{"taxonomy":"post_tag","embeddable":true,"href":"https:\/\/buletin.de\/bucuresti\/wp-json\/wp\/v2\/tags?post=70298"},{"taxonomy":"author","embeddable":true,"href":"https:\/\/buletin.de\/bucuresti\/wp-json\/wp\/v2\/ppma_author?post=70298"}],"curies":[{"name":"wp","href":"https:\/\/api.w.org\/{rel}","templated":true}]}}