{"id":70291,"date":"2023-11-26T09:04:00","date_gmt":"2023-11-26T07:04:00","guid":{"rendered":"https:\/\/buletin.de\/bucuresti\/?p=70291"},"modified":"2023-11-27T05:46:29","modified_gmt":"2023-11-27T03:46:29","slug":"a2-bucuresti-constanta-a-fost-inchisa-cod-rosu-in","status":"publish","type":"post","link":"https:\/\/buletin.de\/bucuresti\/a2-bucuresti-constanta-a-fost-inchisa-cod-rosu-in\/","title":{"rendered":"A2 Bucure\u0219ti &#8211; Constan\u021ba a fost \u00eenchis\u0103. Cod Ro\u0219u \u00een Ialomi\u0163a, C\u0103l\u0103ra\u015fi, Constan\u0163a, Tulcea, Br\u0103ila \u0219i Buz\u0103u"},"content":{"rendered":"\n<p><strong>Centrul INFOTRAFIC din Inspectoratul General al Poli\u0163iei Rom\u00e2ne informeaz\u0103 c\u0103 circula\u021bia rutier\u0103 este \u00eenchis\u0103 pe A2 Bucure\u0219ti &#8211; Constan\u021ba, tronson kilometric 35 -144, \u00eentre localit\u0103\u021bile Fundulea \u0219i Fete\u0219ti<\/strong>, <strong><a href=\"https:\/\/www.ziuaconstanta.ro\/stiri\/eveniment\/atentie-soferi-circulatia-rutiera-este-inchisa-pe-a2-bucuresti-constanta-836875.html\">citat de Ziua de Constan\u021ba.<\/a><\/strong><\/p>\n\n\n\n<p>Anterior, Centrul INFOTRAFIC din Inspectoratul General al Poli\u0163iei Rom\u00e2ne informa c\u0103 pe \u00eentreg tronsonul kilometric al autostr\u0103zilor A2 Bucure\u0219ti-Constan\u021ba \u0219i A4 Ovidiu-Agigea, traficul rutier se desf\u0103\u015foar\u0103 \u00een condi\u0163ii de ninsoare viscolit\u0103, fiind depus\u0103 z\u0103pad\u0103 pe carosabil, mai arat\u0103 sursa citata.<\/p>\n\n\n\n<p>\u201e<em>Pentru reducerea riscului rutier, recomand\u0103m conduc\u0103torilor auto s\u0103 adapteze viteza la condi\u021biile de trafic \u0219i de drum, s\u0103 ia \u00een considerare c\u0103 distan\u021ba de fr\u00e2nare cre\u0219te pe un carosabil umed sau alunecos, s\u0103-\u0219i asigure o bun\u0103 vizibilitate prin parbriz, lunet\u0103 \u0219i geamuri laterale \u0219i s\u0103 foloseasc\u0103 luminile de cea\u021b\u0103 dac\u0103 se deplaseaz\u0103 pe drumuri unde este prezent acest fenomen<\/em>&#8220;, transmite Centrul INFOTRAFIC.<\/p>\n\n\n\n<p>De altfel, \u0219i Compania Na\u021bional\u0103 de Drumuri transmite c\u0103 &#8220;<strong>\u00een zonele aflate sub cod ro\u0219u pentru siguran\u021ba traficului se \u00eenchide total circula\u021bia rutier\u0103 pentru toate categoriile de autovehicule<\/strong>&#8220;.<\/p>\n\n\n\n<p>&#8220;<em>Recomand\u0103m conduc\u0103torilor auto care se deplaseaz\u0103 la aceast\u0103 or\u0103 pe re\u021beaua rutier\u0103, s\u0103 circule prudent, s\u0103 adapteze viteza la condi\u021biile din trafic, s\u0103 aib\u0103 autovehiculele echipate corespunz\u0103tor pentru condi\u021bii de iarn\u0103 \u0219i s\u0103 se informeze \u00een prealabil cu privire la condi\u021biile de trafic din zonele tranzitate<\/em>&#8220;, se arat\u0103 \u00een cumunicarea CNAIR.<\/p>\n\n\n\n<p>Meteorologii au emis duminic\u0103 diminea\u0163\u0103 avertizare cod ro\u015fu de viscol puternic \u015fi ninsoare abundent\u0103 pentru jude\u0163ele Br\u0103ila, Ialomi\u0163a, Buz\u0103u, C\u0103l\u0103ra\u015fi, Constan\u0163a \u015fi Tulcea. Toate drumurile na\u0163ionale au fost \u00eenchise \u00een jude\u0163ul Br\u0103ila, iar \u00een Constan\u0163a au fost \u00eenchise toate drumurile jude\u0163ene \u015fi mai multe drumuri na\u0163ionale.<\/p>\n","protected":false},"excerpt":{"rendered":"<p>Centrul INFOTRAFIC din Inspectoratul General al Poli\u0163iei Rom\u00e2ne informeaz\u0103 c\u0103 circula\u021bia rutier\u0103 este \u00eenchis\u0103 pe A2 Bucure\u0219ti &#8211; Constan\u021ba, tronson kilometric 35 -144, \u00eentre localit\u0103\u021bile Fundulea \u0219i Fete\u0219ti, citat de Ziua de Constan\u021ba. Anterior, Centrul INFOTRAFIC din Inspectoratul General al Poli\u0163iei Rom\u00e2ne informa c\u0103 pe \u00eentreg tronsonul kilometric al autostr\u0103zilor A2 Bucure\u0219ti-Constan\u021ba \u0219i A4 Ovidiu-Agigea, [&hellip;]<\/p>\n","protected":false},"author":10,"featured_media":70301,"comment_status":"closed","ping_status":"open","sticky":false,"template":"","format":"standard","meta":{"_acf_changed":false,"inline_featured_image":false,"ngg_post_thumbnail":0,"footnotes":""},"categories":[6994,650],"tags":[984,5835,8020,6457,8021,8019,558],"ppma_author":[22575],"class_list":["post-70291","post","type-post","status-publish","format-standard","has-post-thumbnail","hentry","category-stiri-2","category-transport","tag-a2","tag-bucuresti-constanta","tag-cirlatie","tag-cod-rosu","tag-drumuri-inchise","tag-inchisa","tag-viscol"],"acf":[],"yoast_head":"<!-- This site is optimized with the Yoast SEO Premium plugin v25.3 (Yoast SEO v27.4) - https:\/\/yoast.com\/product\/yoast-seo-premium-wordpress\/ -->\n<title>A2 Bucure\u0219ti - Constan\u021ba a fost \u00eenchis\u0103. Cod Ro\u0219u \u00een Ialomi\u0163a, C\u0103l\u0103ra\u015fi, Constan\u0163a, Tulcea, Br\u0103ila \u0219i Buz\u0103u - Buletin de Bucure\u0219ti<\/title>\n<meta name=\"robots\" content=\"index, follow, max-snippet:-1, max-image-preview:large, max-video-preview:-1\" \/>\n<link rel=\"canonical\" href=\"https:\/\/buletin.de\/bucuresti\/a2-bucuresti-constanta-a-fost-inchisa-cod-rosu-in\/\" \/>\n<meta property=\"og:locale\" content=\"en_GB\" \/>\n<meta property=\"og:type\" content=\"article\" \/>\n<meta property=\"og:title\" content=\"A2 Bucure\u0219ti - Constan\u021ba a fost \u00eenchis\u0103. Cod Ro\u0219u \u00een Ialomi\u0163a, C\u0103l\u0103ra\u015fi, Constan\u0163a, Tulcea, Br\u0103ila \u0219i Buz\u0103u\" \/>\n<meta property=\"og:description\" content=\"Centrul INFOTRAFIC din Inspectoratul General al Poli\u0163iei Rom\u00e2ne informeaz\u0103 c\u0103 circula\u021bia rutier\u0103 este \u00eenchis\u0103 pe A2 Bucure\u0219ti &#8211; Constan\u021ba, tronson kilometric 35 -144, \u00eentre localit\u0103\u021bile Fundulea \u0219i Fete\u0219ti, citat de Ziua de Constan\u021ba. Anterior, Centrul INFOTRAFIC din Inspectoratul General al Poli\u0163iei Rom\u00e2ne informa c\u0103 pe \u00eentreg tronsonul kilometric al autostr\u0103zilor A2 Bucure\u0219ti-Constan\u021ba \u0219i A4 Ovidiu-Agigea, [&hellip;]\" \/>\n<meta property=\"og:url\" content=\"https:\/\/buletin.de\/bucuresti\/a2-bucuresti-constanta-a-fost-inchisa-cod-rosu-in\/\" \/>\n<meta property=\"og:site_name\" content=\"Buletin de Bucure\u0219ti\" \/>\n<meta property=\"article:publisher\" content=\"https:\/\/www.facebook.com\/buletin.de.buc\" \/>\n<meta property=\"article:published_time\" content=\"2023-11-26T07:04:00+00:00\" \/>\n<meta property=\"article:modified_time\" content=\"2023-11-27T03:46:29+00:00\" \/>\n<meta property=\"og:image\" content=\"https:\/\/buletin.de\/bucuresti\/wp-content\/uploads\/ID58919_INQUAM_Photos_Raul_Giuglea.jpg\" \/>\n\t<meta property=\"og:image:width\" content=\"2000\" \/>\n\t<meta property=\"og:image:height\" content=\"1333\" \/>\n\t<meta property=\"og:image:type\" content=\"image\/jpeg\" \/>\n<meta name=\"author\" content=\"C\u0103t\u0103lin Dosca\u0219\" \/>\n<meta name=\"twitter:card\" content=\"summary_large_image\" \/>\n<meta name=\"twitter:label1\" content=\"Written by\" \/>\n\t<meta name=\"twitter:data1\" content=\"C\u0103t\u0103lin Dosca\u0219\" \/>\n\t<meta name=\"twitter:label2\" content=\"Estimated reading time\" \/>\n\t<meta name=\"twitter:data2\" content=\"2 minutes\" \/>\n<script type=\"application\/ld+json\" class=\"yoast-schema-graph\">{\"@context\":\"https:\\\/\\\/schema.org\",\"@graph\":[{\"@type\":\"Article\",\"@id\":\"https:\\\/\\\/buletin.de\\\/bucuresti\\\/a2-bucuresti-constanta-a-fost-inchisa-cod-rosu-in\\\/#article\",\"isPartOf\":{\"@id\":\"https:\\\/\\\/buletin.de\\\/bucuresti\\\/a2-bucuresti-constanta-a-fost-inchisa-cod-rosu-in\\\/\"},\"author\":{\"name\":\"C\u0103t\u0103lin Dosca\u0219\",\"@id\":\"https:\\\/\\\/buletin.de\\\/bucuresti\\\/#\\\/schema\\\/person\\\/31117187ed4d0bdb0a4c7d6acc79d0f8\"},\"headline\":\"A2 Bucure\u0219ti &#8211; Constan\u021ba a fost \u00eenchis\u0103. Cod Ro\u0219u \u00een Ialomi\u0163a, C\u0103l\u0103ra\u015fi, Constan\u0163a, Tulcea, Br\u0103ila \u0219i Buz\u0103u\",\"datePublished\":\"2023-11-26T07:04:00+00:00\",\"dateModified\":\"2023-11-27T03:46:29+00:00\",\"mainEntityOfPage\":{\"@id\":\"https:\\\/\\\/buletin.de\\\/bucuresti\\\/a2-bucuresti-constanta-a-fost-inchisa-cod-rosu-in\\\/\"},\"wordCount\":336,\"publisher\":{\"@id\":\"https:\\\/\\\/buletin.de\\\/bucuresti\\\/#organization\"},\"image\":{\"@id\":\"https:\\\/\\\/buletin.de\\\/bucuresti\\\/a2-bucuresti-constanta-a-fost-inchisa-cod-rosu-in\\\/#primaryimage\"},\"thumbnailUrl\":\"https:\\\/\\\/buletin.de\\\/bucuresti\\\/wp-content\\\/uploads\\\/ID58919_INQUAM_Photos_Raul_Giuglea.jpg\",\"keywords\":[\"a2\",\"bucuresti constanta\",\"cirlatie\",\"cod rosu\",\"drumuri inchise\",\"inchisa\",\"viscol\"],\"articleSection\":[\"Articole\",\"Transport\"],\"inLanguage\":\"en-GB\",\"copyrightYear\":\"2023\",\"copyrightHolder\":{\"@id\":\"https:\\\/\\\/buletin.de\\\/bucuresti\\\/#organization\"}},{\"@type\":\"WebPage\",\"@id\":\"https:\\\/\\\/buletin.de\\\/bucuresti\\\/a2-bucuresti-constanta-a-fost-inchisa-cod-rosu-in\\\/\",\"url\":\"https:\\\/\\\/buletin.de\\\/bucuresti\\\/a2-bucuresti-constanta-a-fost-inchisa-cod-rosu-in\\\/\",\"name\":\"A2 Bucure\u0219ti - Constan\u021ba a fost \u00eenchis\u0103. Cod Ro\u0219u \u00een Ialomi\u0163a, C\u0103l\u0103ra\u015fi, Constan\u0163a, Tulcea, Br\u0103ila \u0219i Buz\u0103u - Buletin de Bucure\u0219ti\",\"isPartOf\":{\"@id\":\"https:\\\/\\\/buletin.de\\\/bucuresti\\\/#website\"},\"primaryImageOfPage\":{\"@id\":\"https:\\\/\\\/buletin.de\\\/bucuresti\\\/a2-bucuresti-constanta-a-fost-inchisa-cod-rosu-in\\\/#primaryimage\"},\"image\":{\"@id\":\"https:\\\/\\\/buletin.de\\\/bucuresti\\\/a2-bucuresti-constanta-a-fost-inchisa-cod-rosu-in\\\/#primaryimage\"},\"thumbnailUrl\":\"https:\\\/\\\/buletin.de\\\/bucuresti\\\/wp-content\\\/uploads\\\/ID58919_INQUAM_Photos_Raul_Giuglea.jpg\",\"datePublished\":\"2023-11-26T07:04:00+00:00\",\"dateModified\":\"2023-11-27T03:46:29+00:00\",\"breadcrumb\":{\"@id\":\"https:\\\/\\\/buletin.de\\\/bucuresti\\\/a2-bucuresti-constanta-a-fost-inchisa-cod-rosu-in\\\/#breadcrumb\"},\"inLanguage\":\"en-GB\",\"potentialAction\":[{\"@type\":\"ReadAction\",\"target\":[\"https:\\\/\\\/buletin.de\\\/bucuresti\\\/a2-bucuresti-constanta-a-fost-inchisa-cod-rosu-in\\\/\"]}]},{\"@type\":\"ImageObject\",\"inLanguage\":\"en-GB\",\"@id\":\"https:\\\/\\\/buletin.de\\\/bucuresti\\\/a2-bucuresti-constanta-a-fost-inchisa-cod-rosu-in\\\/#primaryimage\",\"url\":\"https:\\\/\\\/buletin.de\\\/bucuresti\\\/wp-content\\\/uploads\\\/ID58919_INQUAM_Photos_Raul_Giuglea.jpg\",\"contentUrl\":\"https:\\\/\\\/buletin.de\\\/bucuresti\\\/wp-content\\\/uploads\\\/ID58919_INQUAM_Photos_Raul_Giuglea.jpg\",\"width\":2000,\"height\":1333,\"caption\":\"Inquam Photos\\\/Raul Giuglea\"},{\"@type\":\"BreadcrumbList\",\"@id\":\"https:\\\/\\\/buletin.de\\\/bucuresti\\\/a2-bucuresti-constanta-a-fost-inchisa-cod-rosu-in\\\/#breadcrumb\",\"itemListElement\":[{\"@type\":\"ListItem\",\"position\":1,\"name\":\"Acas\u0103\",\"item\":\"https:\\\/\\\/buletin.de\\\/bucuresti\\\/\"},{\"@type\":\"ListItem\",\"position\":2,\"name\":\"A2 Bucure\u0219ti &#8211; Constan\u021ba a fost \u00eenchis\u0103. Cod Ro\u0219u \u00een Ialomi\u0163a, C\u0103l\u0103ra\u015fi, Constan\u0163a, Tulcea, Br\u0103ila \u0219i Buz\u0103u\"}]},{\"@type\":\"WebSite\",\"@id\":\"https:\\\/\\\/buletin.de\\\/bucuresti\\\/#website\",\"url\":\"https:\\\/\\\/buletin.de\\\/bucuresti\\\/\",\"name\":\"Buletin de Bucure\u0219ti\",\"description\":\"\u0218tiri \u0219i investiga\u021bii esen\u021biale din capital\u0103\",\"publisher\":{\"@id\":\"https:\\\/\\\/buletin.de\\\/bucuresti\\\/#organization\"},\"potentialAction\":[{\"@type\":\"SearchAction\",\"target\":{\"@type\":\"EntryPoint\",\"urlTemplate\":\"https:\\\/\\\/buletin.de\\\/bucuresti\\\/?s={search_term_string}\"},\"query-input\":{\"@type\":\"PropertyValueSpecification\",\"valueRequired\":true,\"valueName\":\"search_term_string\"}}],\"inLanguage\":\"en-GB\"},{\"@type\":\"Organization\",\"@id\":\"https:\\\/\\\/buletin.de\\\/bucuresti\\\/#organization\",\"name\":\"Buletin de Bucure\u0219ti\",\"url\":\"https:\\\/\\\/buletin.de\\\/bucuresti\\\/\",\"logo\":{\"@type\":\"ImageObject\",\"inLanguage\":\"en-GB\",\"@id\":\"https:\\\/\\\/buletin.de\\\/bucuresti\\\/#\\\/schema\\\/logo\\\/image\\\/\",\"url\":\"https:\\\/\\\/buletin.de\\\/bucuresti\\\/wp-content\\\/uploads\\\/logo-bdb-full-wide-vernil-transparent.png\",\"contentUrl\":\"https:\\\/\\\/buletin.de\\\/bucuresti\\\/wp-content\\\/uploads\\\/logo-bdb-full-wide-vernil-transparent.png\",\"width\":1782,\"height\":626,\"caption\":\"Buletin de Bucure\u0219ti\"},\"image\":{\"@id\":\"https:\\\/\\\/buletin.de\\\/bucuresti\\\/#\\\/schema\\\/logo\\\/image\\\/\"},\"sameAs\":[\"https:\\\/\\\/www.facebook.com\\\/buletin.de.buc\",\"https:\\\/\\\/www.instagram.com\\\/buletinde.bucuresti\\\/\"]},{\"@type\":\"Person\",\"@id\":\"https:\\\/\\\/buletin.de\\\/bucuresti\\\/#\\\/schema\\\/person\\\/31117187ed4d0bdb0a4c7d6acc79d0f8\",\"name\":\"C\u0103t\u0103lin Dosca\u0219\",\"image\":{\"@type\":\"ImageObject\",\"inLanguage\":\"en-GB\",\"@id\":\"https:\\\/\\\/buletin.de\\\/bucuresti\\\/wp-content\\\/uploads\\\/Catalin-Doscas-e1732731064764-96x96.jpga93e2943bb3b1c1f9ead823df6e6317a\",\"url\":\"https:\\\/\\\/buletin.de\\\/bucuresti\\\/wp-content\\\/uploads\\\/Catalin-Doscas-e1732731064764-96x96.jpg\",\"contentUrl\":\"https:\\\/\\\/buletin.de\\\/bucuresti\\\/wp-content\\\/uploads\\\/Catalin-Doscas-e1732731064764-96x96.jpg\",\"caption\":\"C\u0103t\u0103lin Dosca\u0219\"},\"description\":\"Reporter \u0219i redactor-\u0219ef Buletin de Bucure\u0219ti. Lucreaz\u0103 \u00een mass-media de la v\u00e2rsta de 15 ani, c\u00e2nd a publicat primele articole \u00een presa local\u0103 din Tecuci. \u00cen Bucure\u0219ti a lucrat \u00een redac\u021bii radio ca reporter, redactor \u0219i prezentator (StudentFM, Na\u021bionalFM, Radio Total, Smart FM), unde a acoperit domeniile politic, economic, social \u0219i externe. Ulterior, a fost editor-coordonator al postului Realitatea FM. Experien\u021ba \u00een jurnalismul online a dob\u00e2ndit-o la portalul B365.ro, unde a fost editor. \u00cen 2012 s-a angajat \u00een televiziune. La Realitatea TV a fost, pe r\u00e2nd, reporter la sec\u021bia Social, reporter special la emisiunea de reportaje \u0219i anchete \u201eReporterii Realit\u0103\u021bii\u201d, dar \u0219i editor al jurnalelor de \u0219tiri. Ulterior, a f\u0103cut parte din sec\u021bia de Investiga\u021bii de la Digi24 \u0219i a lucrat la campania \u201eRom\u00e2nia furat\u0103\u201d. A revenit \u00een presa scris\u0103 \u00een 2017, ca reporter special, \u00een cadrul unui proiect de repozi\u021bionare a tabloidului Libertatea \u00een cotidian generalist. Este jurnalist Buletin de Bucure\u0219ti din 2019.\",\"url\":\"https:\\\/\\\/buletin.de\\\/bucuresti\\\/author\\\/catalin\\\/\"}]}<\/script>\n<!-- \/ Yoast SEO Premium plugin. -->","yoast_head_json":{"title":"A2 Bucure\u0219ti - Constan\u021ba a fost \u00eenchis\u0103. Cod Ro\u0219u \u00een Ialomi\u0163a, C\u0103l\u0103ra\u015fi, Constan\u0163a, Tulcea, Br\u0103ila \u0219i Buz\u0103u - Buletin de Bucure\u0219ti","robots":{"index":"index","follow":"follow","max-snippet":"max-snippet:-1","max-image-preview":"max-image-preview:large","max-video-preview":"max-video-preview:-1"},"canonical":"https:\/\/buletin.de\/bucuresti\/a2-bucuresti-constanta-a-fost-inchisa-cod-rosu-in\/","og_locale":"en_GB","og_type":"article","og_title":"A2 Bucure\u0219ti - Constan\u021ba a fost \u00eenchis\u0103. Cod Ro\u0219u \u00een Ialomi\u0163a, C\u0103l\u0103ra\u015fi, Constan\u0163a, Tulcea, Br\u0103ila \u0219i Buz\u0103u","og_description":"Centrul INFOTRAFIC din Inspectoratul General al Poli\u0163iei Rom\u00e2ne informeaz\u0103 c\u0103 circula\u021bia rutier\u0103 este \u00eenchis\u0103 pe A2 Bucure\u0219ti &#8211; Constan\u021ba, tronson kilometric 35 -144, \u00eentre localit\u0103\u021bile Fundulea \u0219i Fete\u0219ti, citat de Ziua de Constan\u021ba. Anterior, Centrul INFOTRAFIC din Inspectoratul General al Poli\u0163iei Rom\u00e2ne informa c\u0103 pe \u00eentreg tronsonul kilometric al autostr\u0103zilor A2 Bucure\u0219ti-Constan\u021ba \u0219i A4 Ovidiu-Agigea, [&hellip;]","og_url":"https:\/\/buletin.de\/bucuresti\/a2-bucuresti-constanta-a-fost-inchisa-cod-rosu-in\/","og_site_name":"Buletin de Bucure\u0219ti","article_publisher":"https:\/\/www.facebook.com\/buletin.de.buc","article_published_time":"2023-11-26T07:04:00+00:00","article_modified_time":"2023-11-27T03:46:29+00:00","og_image":[{"width":2000,"height":1333,"url":"https:\/\/buletin.de\/bucuresti\/wp-content\/uploads\/ID58919_INQUAM_Photos_Raul_Giuglea.jpg","type":"image\/jpeg"}],"author":"C\u0103t\u0103lin Dosca\u0219","twitter_card":"summary_large_image","twitter_misc":{"Written by":"C\u0103t\u0103lin Dosca\u0219","Estimated reading time":"2 minutes"},"schema":{"@context":"https:\/\/schema.org","@graph":[{"@type":"Article","@id":"https:\/\/buletin.de\/bucuresti\/a2-bucuresti-constanta-a-fost-inchisa-cod-rosu-in\/#article","isPartOf":{"@id":"https:\/\/buletin.de\/bucuresti\/a2-bucuresti-constanta-a-fost-inchisa-cod-rosu-in\/"},"author":{"name":"C\u0103t\u0103lin Dosca\u0219","@id":"https:\/\/buletin.de\/bucuresti\/#\/schema\/person\/31117187ed4d0bdb0a4c7d6acc79d0f8"},"headline":"A2 Bucure\u0219ti &#8211; Constan\u021ba a fost \u00eenchis\u0103. Cod Ro\u0219u \u00een Ialomi\u0163a, C\u0103l\u0103ra\u015fi, Constan\u0163a, Tulcea, Br\u0103ila \u0219i Buz\u0103u","datePublished":"2023-11-26T07:04:00+00:00","dateModified":"2023-11-27T03:46:29+00:00","mainEntityOfPage":{"@id":"https:\/\/buletin.de\/bucuresti\/a2-bucuresti-constanta-a-fost-inchisa-cod-rosu-in\/"},"wordCount":336,"publisher":{"@id":"https:\/\/buletin.de\/bucuresti\/#organization"},"image":{"@id":"https:\/\/buletin.de\/bucuresti\/a2-bucuresti-constanta-a-fost-inchisa-cod-rosu-in\/#primaryimage"},"thumbnailUrl":"https:\/\/buletin.de\/bucuresti\/wp-content\/uploads\/ID58919_INQUAM_Photos_Raul_Giuglea.jpg","keywords":["a2","bucuresti constanta","cirlatie","cod rosu","drumuri inchise","inchisa","viscol"],"articleSection":["Articole","Transport"],"inLanguage":"en-GB","copyrightYear":"2023","copyrightHolder":{"@id":"https:\/\/buletin.de\/bucuresti\/#organization"}},{"@type":"WebPage","@id":"https:\/\/buletin.de\/bucuresti\/a2-bucuresti-constanta-a-fost-inchisa-cod-rosu-in\/","url":"https:\/\/buletin.de\/bucuresti\/a2-bucuresti-constanta-a-fost-inchisa-cod-rosu-in\/","name":"A2 Bucure\u0219ti - Constan\u021ba a fost \u00eenchis\u0103. Cod Ro\u0219u \u00een Ialomi\u0163a, C\u0103l\u0103ra\u015fi, Constan\u0163a, Tulcea, Br\u0103ila \u0219i Buz\u0103u - Buletin de Bucure\u0219ti","isPartOf":{"@id":"https:\/\/buletin.de\/bucuresti\/#website"},"primaryImageOfPage":{"@id":"https:\/\/buletin.de\/bucuresti\/a2-bucuresti-constanta-a-fost-inchisa-cod-rosu-in\/#primaryimage"},"image":{"@id":"https:\/\/buletin.de\/bucuresti\/a2-bucuresti-constanta-a-fost-inchisa-cod-rosu-in\/#primaryimage"},"thumbnailUrl":"https:\/\/buletin.de\/bucuresti\/wp-content\/uploads\/ID58919_INQUAM_Photos_Raul_Giuglea.jpg","datePublished":"2023-11-26T07:04:00+00:00","dateModified":"2023-11-27T03:46:29+00:00","breadcrumb":{"@id":"https:\/\/buletin.de\/bucuresti\/a2-bucuresti-constanta-a-fost-inchisa-cod-rosu-in\/#breadcrumb"},"inLanguage":"en-GB","potentialAction":[{"@type":"ReadAction","target":["https:\/\/buletin.de\/bucuresti\/a2-bucuresti-constanta-a-fost-inchisa-cod-rosu-in\/"]}]},{"@type":"ImageObject","inLanguage":"en-GB","@id":"https:\/\/buletin.de\/bucuresti\/a2-bucuresti-constanta-a-fost-inchisa-cod-rosu-in\/#primaryimage","url":"https:\/\/buletin.de\/bucuresti\/wp-content\/uploads\/ID58919_INQUAM_Photos_Raul_Giuglea.jpg","contentUrl":"https:\/\/buletin.de\/bucuresti\/wp-content\/uploads\/ID58919_INQUAM_Photos_Raul_Giuglea.jpg","width":2000,"height":1333,"caption":"Inquam Photos\/Raul Giuglea"},{"@type":"BreadcrumbList","@id":"https:\/\/buletin.de\/bucuresti\/a2-bucuresti-constanta-a-fost-inchisa-cod-rosu-in\/#breadcrumb","itemListElement":[{"@type":"ListItem","position":1,"name":"Acas\u0103","item":"https:\/\/buletin.de\/bucuresti\/"},{"@type":"ListItem","position":2,"name":"A2 Bucure\u0219ti &#8211; Constan\u021ba a fost \u00eenchis\u0103. Cod Ro\u0219u \u00een Ialomi\u0163a, C\u0103l\u0103ra\u015fi, Constan\u0163a, Tulcea, Br\u0103ila \u0219i Buz\u0103u"}]},{"@type":"WebSite","@id":"https:\/\/buletin.de\/bucuresti\/#website","url":"https:\/\/buletin.de\/bucuresti\/","name":"Buletin de Bucure\u0219ti","description":"\u0218tiri \u0219i investiga\u021bii esen\u021biale din capital\u0103","publisher":{"@id":"https:\/\/buletin.de\/bucuresti\/#organization"},"potentialAction":[{"@type":"SearchAction","target":{"@type":"EntryPoint","urlTemplate":"https:\/\/buletin.de\/bucuresti\/?s={search_term_string}"},"query-input":{"@type":"PropertyValueSpecification","valueRequired":true,"valueName":"search_term_string"}}],"inLanguage":"en-GB"},{"@type":"Organization","@id":"https:\/\/buletin.de\/bucuresti\/#organization","name":"Buletin de Bucure\u0219ti","url":"https:\/\/buletin.de\/bucuresti\/","logo":{"@type":"ImageObject","inLanguage":"en-GB","@id":"https:\/\/buletin.de\/bucuresti\/#\/schema\/logo\/image\/","url":"https:\/\/buletin.de\/bucuresti\/wp-content\/uploads\/logo-bdb-full-wide-vernil-transparent.png","contentUrl":"https:\/\/buletin.de\/bucuresti\/wp-content\/uploads\/logo-bdb-full-wide-vernil-transparent.png","width":1782,"height":626,"caption":"Buletin de Bucure\u0219ti"},"image":{"@id":"https:\/\/buletin.de\/bucuresti\/#\/schema\/logo\/image\/"},"sameAs":["https:\/\/www.facebook.com\/buletin.de.buc","https:\/\/www.instagram.com\/buletinde.bucuresti\/"]},{"@type":"Person","@id":"https:\/\/buletin.de\/bucuresti\/#\/schema\/person\/31117187ed4d0bdb0a4c7d6acc79d0f8","name":"C\u0103t\u0103lin Dosca\u0219","image":{"@type":"ImageObject","inLanguage":"en-GB","@id":"https:\/\/buletin.de\/bucuresti\/wp-content\/uploads\/Catalin-Doscas-e1732731064764-96x96.jpga93e2943bb3b1c1f9ead823df6e6317a","url":"https:\/\/buletin.de\/bucuresti\/wp-content\/uploads\/Catalin-Doscas-e1732731064764-96x96.jpg","contentUrl":"https:\/\/buletin.de\/bucuresti\/wp-content\/uploads\/Catalin-Doscas-e1732731064764-96x96.jpg","caption":"C\u0103t\u0103lin Dosca\u0219"},"description":"Reporter \u0219i redactor-\u0219ef Buletin de Bucure\u0219ti. Lucreaz\u0103 \u00een mass-media de la v\u00e2rsta de 15 ani, c\u00e2nd a publicat primele articole \u00een presa local\u0103 din Tecuci. \u00cen Bucure\u0219ti a lucrat \u00een redac\u021bii radio ca reporter, redactor \u0219i prezentator (StudentFM, Na\u021bionalFM, Radio Total, Smart FM), unde a acoperit domeniile politic, economic, social \u0219i externe. Ulterior, a fost editor-coordonator al postului Realitatea FM. Experien\u021ba \u00een jurnalismul online a dob\u00e2ndit-o la portalul B365.ro, unde a fost editor. \u00cen 2012 s-a angajat \u00een televiziune. La Realitatea TV a fost, pe r\u00e2nd, reporter la sec\u021bia Social, reporter special la emisiunea de reportaje \u0219i anchete \u201eReporterii Realit\u0103\u021bii\u201d, dar \u0219i editor al jurnalelor de \u0219tiri. Ulterior, a f\u0103cut parte din sec\u021bia de Investiga\u021bii de la Digi24 \u0219i a lucrat la campania \u201eRom\u00e2nia furat\u0103\u201d. A revenit \u00een presa scris\u0103 \u00een 2017, ca reporter special, \u00een cadrul unui proiect de repozi\u021bionare a tabloidului Libertatea \u00een cotidian generalist. Este jurnalist Buletin de Bucure\u0219ti din 2019.","url":"https:\/\/buletin.de\/bucuresti\/author\/catalin\/"}]}},"authors":[{"term_id":22575,"user_id":10,"is_guest":0,"slug":"catalin","display_name":"C\u0103t\u0103lin Dosca\u0219","avatar_url":"https:\/\/buletin.de\/bucuresti\/wp-content\/uploads\/Catalin-Doscas-e1732731064764-96x96.jpg","0":null,"1":"","2":"","3":"","4":"","5":"","6":"","7":"","8":""}],"_links":{"self":[{"href":"https:\/\/buletin.de\/bucuresti\/wp-json\/wp\/v2\/posts\/70291","targetHints":{"allow":["GET"]}}],"collection":[{"href":"https:\/\/buletin.de\/bucuresti\/wp-json\/wp\/v2\/posts"}],"about":[{"href":"https:\/\/buletin.de\/bucuresti\/wp-json\/wp\/v2\/types\/post"}],"author":[{"embeddable":true,"href":"https:\/\/buletin.de\/bucuresti\/wp-json\/wp\/v2\/users\/10"}],"replies":[{"embeddable":true,"href":"https:\/\/buletin.de\/bucuresti\/wp-json\/wp\/v2\/comments?post=70291"}],"version-history":[{"count":3,"href":"https:\/\/buletin.de\/bucuresti\/wp-json\/wp\/v2\/posts\/70291\/revisions"}],"predecessor-version":[{"id":70299,"href":"https:\/\/buletin.de\/bucuresti\/wp-json\/wp\/v2\/posts\/70291\/revisions\/70299"}],"wp:featuredmedia":[{"embeddable":true,"href":"https:\/\/buletin.de\/bucuresti\/wp-json\/wp\/v2\/media\/70301"}],"wp:attachment":[{"href":"https:\/\/buletin.de\/bucuresti\/wp-json\/wp\/v2\/media?parent=70291"}],"wp:term":[{"taxonomy":"category","embeddable":true,"href":"https:\/\/buletin.de\/bucuresti\/wp-json\/wp\/v2\/categories?post=70291"},{"taxonomy":"post_tag","embeddable":true,"href":"https:\/\/buletin.de\/bucuresti\/wp-json\/wp\/v2\/tags?post=70291"},{"taxonomy":"author","embeddable":true,"href":"https:\/\/buletin.de\/bucuresti\/wp-json\/wp\/v2\/ppma_author?post=70291"}],"curies":[{"name":"wp","href":"https:\/\/api.w.org\/{rel}","templated":true}]}}