{"id":69883,"date":"2023-11-23T16:27:38","date_gmt":"2023-11-23T14:27:38","guid":{"rendered":"https:\/\/buletin.de\/bucuresti\/?p=69883"},"modified":"2023-11-23T16:36:04","modified_gmt":"2023-11-23T14:36:04","slug":"nicusor-dan-90-000-de-locuri-de-parcare-in-centrul-capitalei-30-000-au-fost-deja-amenajate","status":"publish","type":"post","link":"https:\/\/buletin.de\/bucuresti\/nicusor-dan-90-000-de-locuri-de-parcare-in-centrul-capitalei-30-000-au-fost-deja-amenajate\/","title":{"rendered":"Nicu\u0219or Dan: 90.000 de locuri de parcare, \u00een centrul Capitalei. 30.000 au fost deja amenajate"},"content":{"rendered":"\n<p><strong>30.000 de locuri de parcare au fost amenajate, \u00een centrul Capitalei, a declarat ast\u0103zi primarul general Nicu\u0219or Dan, la RFI. Edilul a precizat c\u0103 \u021bint\u0103 este de 90.000.<\/strong><\/p>\n\n\n\n<p>Nicu\u0219or Dan a explicat c\u0103 se a\u0219tepta la o opozi\u021bie din partea bucure\u0219tenilor.<\/p>\n\n\n\n<p>\u201e<em>Bucure\u0219tenii au \u00een\u021beles c\u0103 este normal s\u0103 ai taxe la parcare. Am dep\u0103\u0219it 30 de mii de locuri de parcare pl\u0103tite, vrem s\u0103 ajungem la 90 de mii, \u00een zona central\u0103. \u00cen zonele \u00een care am implementat-o se simte: lumea e civilizat\u0103, g\u0103se\u0219ti loc de parcare<\/em>\u201d.<\/p>\n\n\n\n<p>Primarul general a mai precizat c\u0103 administra\u021bia local\u0103 vrea s\u0103 \u00eencurajeze mersul cu transportul public. \u00cen acest sens, a reamintit c\u0103 au fost aduse 70 din cele 100 de tramvaie noi, achizi\u021bionate de Prim\u0103rie.<\/p>\n\n\n\n<p><em>&#8220;Principal\u0103 miza este s\u0103 ducem oamenii c\u0103tre transportul public. Ne-am preocupat de flot\u0103. Am adus 70 din cele 100 de tramvaie \u0219i o s\u0103 schimb\u0103m flota, cu totul. O s\u0103 vin\u0103 \u0219i autobuzele \u0219i troleibuzele electrice, am externalizat cur\u0103\u021benia. Avem contracte acum pentru modenizare pe Calea C\u0103l\u0103ra\u0219ilor, din zona Aren\u0103 Na\u021bional\u0103 sau de pe Bulevardul Mihalache\u201d.<\/em><\/p>\n\n\n\n<p>Nicu\u0219or Dan Nicu\u0219or Dan a precizat c\u0103 studiului de fezabilitate privind sistemul de semaforizare inteligent\u0103 \u00eent\u00e2rzie, din cauza contesta\u021biilor. Acesta ar fi trebuit s\u0103 \u00eenceap\u0103 \u00een ianuarie 2023. Proiectul de modernizare a semafoarelor are patru etape \u0219i este finan\u021bat prin PNRR.<\/p>\n\n\n\n<p><\/p>\n\n\n\n<p><\/p>\n","protected":false},"excerpt":{"rendered":"<p>30.000 de locuri de parcare au fost amenajate, \u00een centrul Capitalei, a declarat ast\u0103zi primarul general Nicu\u0219or Dan, la RFI. Edilul a precizat c\u0103 \u021bint\u0103 este de 90.000. Nicu\u0219or Dan a explicat c\u0103 se a\u0219tepta la o opozi\u021bie din partea bucure\u0219tenilor. \u201eBucure\u0219tenii au \u00een\u021beles c\u0103 este normal s\u0103 ai taxe la parcare. Am dep\u0103\u0219it 30 [&hellip;]<\/p>\n","protected":false},"author":49,"featured_media":67461,"comment_status":"closed","ping_status":"open","sticky":false,"template":"","format":"standard","meta":{"_acf_changed":false,"inline_featured_image":false,"ngg_post_thumbnail":0,"footnotes":""},"categories":[6994,24,62,650],"tags":[7970,223,7969],"ppma_author":[22574],"class_list":["post-69883","post","type-post","status-publish","format-standard","has-post-thumbnail","hentry","category-stiri-2","category-primarie","category-stiri","category-transport","tag-calea-calarasilor","tag-nicusor-dan","tag-parcare-cu-plata"],"acf":[],"yoast_head":"<!-- This site is optimized with the Yoast SEO Premium plugin v25.3 (Yoast SEO v27.4) - https:\/\/yoast.com\/product\/yoast-seo-premium-wordpress\/ -->\n<title>Nicu\u0219or Dan: 90.000 de locuri de parcare, \u00een centrul Capitalei. 30.000 au fost deja amenajate - Buletin de Bucure\u0219ti<\/title>\n<meta name=\"robots\" content=\"index, follow, max-snippet:-1, max-image-preview:large, max-video-preview:-1\" \/>\n<link rel=\"canonical\" href=\"https:\/\/buletin.de\/bucuresti\/nicusor-dan-90-000-de-locuri-de-parcare-in-centrul-capitalei-30-000-au-fost-deja-amenajate\/\" \/>\n<meta property=\"og:locale\" content=\"en_GB\" \/>\n<meta property=\"og:type\" content=\"article\" \/>\n<meta property=\"og:title\" content=\"Nicu\u0219or Dan: 90.000 de locuri de parcare, \u00een centrul Capitalei. 30.000 au fost deja amenajate\" \/>\n<meta property=\"og:description\" content=\"30.000 de locuri de parcare au fost amenajate, \u00een centrul Capitalei, a declarat ast\u0103zi primarul general Nicu\u0219or Dan, la RFI. Edilul a precizat c\u0103 \u021bint\u0103 este de 90.000. Nicu\u0219or Dan a explicat c\u0103 se a\u0219tepta la o opozi\u021bie din partea bucure\u0219tenilor. \u201eBucure\u0219tenii au \u00een\u021beles c\u0103 este normal s\u0103 ai taxe la parcare. Am dep\u0103\u0219it 30 [&hellip;]\" \/>\n<meta property=\"og:url\" content=\"https:\/\/buletin.de\/bucuresti\/nicusor-dan-90-000-de-locuri-de-parcare-in-centrul-capitalei-30-000-au-fost-deja-amenajate\/\" \/>\n<meta property=\"og:site_name\" content=\"Buletin de Bucure\u0219ti\" \/>\n<meta property=\"article:publisher\" content=\"https:\/\/www.facebook.com\/buletin.de.buc\" \/>\n<meta property=\"article:published_time\" content=\"2023-11-23T14:27:38+00:00\" \/>\n<meta property=\"article:modified_time\" content=\"2023-11-23T14:36:04+00:00\" \/>\n<meta property=\"og:image\" content=\"https:\/\/buletin.de\/bucuresti\/wp-content\/uploads\/parcare.jpg\" \/>\n\t<meta property=\"og:image:width\" content=\"2000\" \/>\n\t<meta property=\"og:image:height\" content=\"1333\" \/>\n\t<meta property=\"og:image:type\" content=\"image\/jpeg\" \/>\n<meta name=\"author\" content=\"Diana Matei\" \/>\n<meta name=\"twitter:card\" content=\"summary_large_image\" \/>\n<meta name=\"twitter:label1\" content=\"Written by\" \/>\n\t<meta name=\"twitter:data1\" content=\"Diana Matei\" \/>\n\t<meta name=\"twitter:label2\" content=\"Estimated reading time\" \/>\n\t<meta name=\"twitter:data2\" content=\"1 minute\" \/>\n<script type=\"application\/ld+json\" class=\"yoast-schema-graph\">{\"@context\":\"https:\\\/\\\/schema.org\",\"@graph\":[{\"@type\":\"Article\",\"@id\":\"https:\\\/\\\/buletin.de\\\/bucuresti\\\/nicusor-dan-90-000-de-locuri-de-parcare-in-centrul-capitalei-30-000-au-fost-deja-amenajate\\\/#article\",\"isPartOf\":{\"@id\":\"https:\\\/\\\/buletin.de\\\/bucuresti\\\/nicusor-dan-90-000-de-locuri-de-parcare-in-centrul-capitalei-30-000-au-fost-deja-amenajate\\\/\"},\"author\":{\"name\":\"Diana Matei\",\"@id\":\"https:\\\/\\\/buletin.de\\\/bucuresti\\\/#\\\/schema\\\/person\\\/7e46040573290777280a0835d81ea4ea\"},\"headline\":\"Nicu\u0219or Dan: 90.000 de locuri de parcare, \u00een centrul Capitalei. 30.000 au fost deja amenajate\",\"datePublished\":\"2023-11-23T14:27:38+00:00\",\"dateModified\":\"2023-11-23T14:36:04+00:00\",\"mainEntityOfPage\":{\"@id\":\"https:\\\/\\\/buletin.de\\\/bucuresti\\\/nicusor-dan-90-000-de-locuri-de-parcare-in-centrul-capitalei-30-000-au-fost-deja-amenajate\\\/\"},\"wordCount\":250,\"publisher\":{\"@id\":\"https:\\\/\\\/buletin.de\\\/bucuresti\\\/#organization\"},\"image\":{\"@id\":\"https:\\\/\\\/buletin.de\\\/bucuresti\\\/nicusor-dan-90-000-de-locuri-de-parcare-in-centrul-capitalei-30-000-au-fost-deja-amenajate\\\/#primaryimage\"},\"thumbnailUrl\":\"https:\\\/\\\/buletin.de\\\/bucuresti\\\/wp-content\\\/uploads\\\/parcare.jpg\",\"keywords\":[\"Calea Calarasilor\",\"nicusor dan\",\"parcare cu plata\"],\"articleSection\":[\"Articole\",\"Prim\u0103rie\",\"\u0218tiri\",\"Transport\"],\"inLanguage\":\"en-GB\",\"copyrightYear\":\"2023\",\"copyrightHolder\":{\"@id\":\"https:\\\/\\\/buletin.de\\\/bucuresti\\\/#organization\"}},{\"@type\":\"WebPage\",\"@id\":\"https:\\\/\\\/buletin.de\\\/bucuresti\\\/nicusor-dan-90-000-de-locuri-de-parcare-in-centrul-capitalei-30-000-au-fost-deja-amenajate\\\/\",\"url\":\"https:\\\/\\\/buletin.de\\\/bucuresti\\\/nicusor-dan-90-000-de-locuri-de-parcare-in-centrul-capitalei-30-000-au-fost-deja-amenajate\\\/\",\"name\":\"Nicu\u0219or Dan: 90.000 de locuri de parcare, \u00een centrul Capitalei. 30.000 au fost deja amenajate - Buletin de Bucure\u0219ti\",\"isPartOf\":{\"@id\":\"https:\\\/\\\/buletin.de\\\/bucuresti\\\/#website\"},\"primaryImageOfPage\":{\"@id\":\"https:\\\/\\\/buletin.de\\\/bucuresti\\\/nicusor-dan-90-000-de-locuri-de-parcare-in-centrul-capitalei-30-000-au-fost-deja-amenajate\\\/#primaryimage\"},\"image\":{\"@id\":\"https:\\\/\\\/buletin.de\\\/bucuresti\\\/nicusor-dan-90-000-de-locuri-de-parcare-in-centrul-capitalei-30-000-au-fost-deja-amenajate\\\/#primaryimage\"},\"thumbnailUrl\":\"https:\\\/\\\/buletin.de\\\/bucuresti\\\/wp-content\\\/uploads\\\/parcare.jpg\",\"datePublished\":\"2023-11-23T14:27:38+00:00\",\"dateModified\":\"2023-11-23T14:36:04+00:00\",\"breadcrumb\":{\"@id\":\"https:\\\/\\\/buletin.de\\\/bucuresti\\\/nicusor-dan-90-000-de-locuri-de-parcare-in-centrul-capitalei-30-000-au-fost-deja-amenajate\\\/#breadcrumb\"},\"inLanguage\":\"en-GB\",\"potentialAction\":[{\"@type\":\"ReadAction\",\"target\":[\"https:\\\/\\\/buletin.de\\\/bucuresti\\\/nicusor-dan-90-000-de-locuri-de-parcare-in-centrul-capitalei-30-000-au-fost-deja-amenajate\\\/\"]}]},{\"@type\":\"ImageObject\",\"inLanguage\":\"en-GB\",\"@id\":\"https:\\\/\\\/buletin.de\\\/bucuresti\\\/nicusor-dan-90-000-de-locuri-de-parcare-in-centrul-capitalei-30-000-au-fost-deja-amenajate\\\/#primaryimage\",\"url\":\"https:\\\/\\\/buletin.de\\\/bucuresti\\\/wp-content\\\/uploads\\\/parcare.jpg\",\"contentUrl\":\"https:\\\/\\\/buletin.de\\\/bucuresti\\\/wp-content\\\/uploads\\\/parcare.jpg\",\"width\":2000,\"height\":1333,\"caption\":\"Foto: Arhiva\"},{\"@type\":\"BreadcrumbList\",\"@id\":\"https:\\\/\\\/buletin.de\\\/bucuresti\\\/nicusor-dan-90-000-de-locuri-de-parcare-in-centrul-capitalei-30-000-au-fost-deja-amenajate\\\/#breadcrumb\",\"itemListElement\":[{\"@type\":\"ListItem\",\"position\":1,\"name\":\"Acas\u0103\",\"item\":\"https:\\\/\\\/buletin.de\\\/bucuresti\\\/\"},{\"@type\":\"ListItem\",\"position\":2,\"name\":\"Nicu\u0219or Dan: 90.000 de locuri de parcare, \u00een centrul Capitalei. 30.000 au fost deja amenajate\"}]},{\"@type\":\"WebSite\",\"@id\":\"https:\\\/\\\/buletin.de\\\/bucuresti\\\/#website\",\"url\":\"https:\\\/\\\/buletin.de\\\/bucuresti\\\/\",\"name\":\"Buletin de Bucure\u0219ti\",\"description\":\"\u0218tiri \u0219i investiga\u021bii esen\u021biale din capital\u0103\",\"publisher\":{\"@id\":\"https:\\\/\\\/buletin.de\\\/bucuresti\\\/#organization\"},\"potentialAction\":[{\"@type\":\"SearchAction\",\"target\":{\"@type\":\"EntryPoint\",\"urlTemplate\":\"https:\\\/\\\/buletin.de\\\/bucuresti\\\/?s={search_term_string}\"},\"query-input\":{\"@type\":\"PropertyValueSpecification\",\"valueRequired\":true,\"valueName\":\"search_term_string\"}}],\"inLanguage\":\"en-GB\"},{\"@type\":\"Organization\",\"@id\":\"https:\\\/\\\/buletin.de\\\/bucuresti\\\/#organization\",\"name\":\"Buletin de Bucure\u0219ti\",\"url\":\"https:\\\/\\\/buletin.de\\\/bucuresti\\\/\",\"logo\":{\"@type\":\"ImageObject\",\"inLanguage\":\"en-GB\",\"@id\":\"https:\\\/\\\/buletin.de\\\/bucuresti\\\/#\\\/schema\\\/logo\\\/image\\\/\",\"url\":\"https:\\\/\\\/buletin.de\\\/bucuresti\\\/wp-content\\\/uploads\\\/logo-bdb-full-wide-vernil-transparent.png\",\"contentUrl\":\"https:\\\/\\\/buletin.de\\\/bucuresti\\\/wp-content\\\/uploads\\\/logo-bdb-full-wide-vernil-transparent.png\",\"width\":1782,\"height\":626,\"caption\":\"Buletin de Bucure\u0219ti\"},\"image\":{\"@id\":\"https:\\\/\\\/buletin.de\\\/bucuresti\\\/#\\\/schema\\\/logo\\\/image\\\/\"},\"sameAs\":[\"https:\\\/\\\/www.facebook.com\\\/buletin.de.buc\",\"https:\\\/\\\/www.instagram.com\\\/buletinde.bucuresti\\\/\"]},{\"@type\":\"Person\",\"@id\":\"https:\\\/\\\/buletin.de\\\/bucuresti\\\/#\\\/schema\\\/person\\\/7e46040573290777280a0835d81ea4ea\",\"name\":\"Diana Matei\",\"image\":{\"@type\":\"ImageObject\",\"inLanguage\":\"en-GB\",\"@id\":\"https:\\\/\\\/buletin.de\\\/bucuresti\\\/wp-content\\\/uploads\\\/9-2-96x96.jpg1e8590b30871d70e62ebcdaf2eff570c\",\"url\":\"https:\\\/\\\/buletin.de\\\/bucuresti\\\/wp-content\\\/uploads\\\/9-2-96x96.jpg\",\"contentUrl\":\"https:\\\/\\\/buletin.de\\\/bucuresti\\\/wp-content\\\/uploads\\\/9-2-96x96.jpg\",\"caption\":\"Diana Matei\"},\"url\":\"https:\\\/\\\/buletin.de\\\/bucuresti\\\/author\\\/dianamatei\\\/\"}]}<\/script>\n<!-- \/ Yoast SEO Premium plugin. -->","yoast_head_json":{"title":"Nicu\u0219or Dan: 90.000 de locuri de parcare, \u00een centrul Capitalei. 30.000 au fost deja amenajate - Buletin de Bucure\u0219ti","robots":{"index":"index","follow":"follow","max-snippet":"max-snippet:-1","max-image-preview":"max-image-preview:large","max-video-preview":"max-video-preview:-1"},"canonical":"https:\/\/buletin.de\/bucuresti\/nicusor-dan-90-000-de-locuri-de-parcare-in-centrul-capitalei-30-000-au-fost-deja-amenajate\/","og_locale":"en_GB","og_type":"article","og_title":"Nicu\u0219or Dan: 90.000 de locuri de parcare, \u00een centrul Capitalei. 30.000 au fost deja amenajate","og_description":"30.000 de locuri de parcare au fost amenajate, \u00een centrul Capitalei, a declarat ast\u0103zi primarul general Nicu\u0219or Dan, la RFI. Edilul a precizat c\u0103 \u021bint\u0103 este de 90.000. Nicu\u0219or Dan a explicat c\u0103 se a\u0219tepta la o opozi\u021bie din partea bucure\u0219tenilor. \u201eBucure\u0219tenii au \u00een\u021beles c\u0103 este normal s\u0103 ai taxe la parcare. Am dep\u0103\u0219it 30 [&hellip;]","og_url":"https:\/\/buletin.de\/bucuresti\/nicusor-dan-90-000-de-locuri-de-parcare-in-centrul-capitalei-30-000-au-fost-deja-amenajate\/","og_site_name":"Buletin de Bucure\u0219ti","article_publisher":"https:\/\/www.facebook.com\/buletin.de.buc","article_published_time":"2023-11-23T14:27:38+00:00","article_modified_time":"2023-11-23T14:36:04+00:00","og_image":[{"width":2000,"height":1333,"url":"https:\/\/buletin.de\/bucuresti\/wp-content\/uploads\/parcare.jpg","type":"image\/jpeg"}],"author":"Diana Matei","twitter_card":"summary_large_image","twitter_misc":{"Written by":"Diana Matei","Estimated reading time":"1 minute"},"schema":{"@context":"https:\/\/schema.org","@graph":[{"@type":"Article","@id":"https:\/\/buletin.de\/bucuresti\/nicusor-dan-90-000-de-locuri-de-parcare-in-centrul-capitalei-30-000-au-fost-deja-amenajate\/#article","isPartOf":{"@id":"https:\/\/buletin.de\/bucuresti\/nicusor-dan-90-000-de-locuri-de-parcare-in-centrul-capitalei-30-000-au-fost-deja-amenajate\/"},"author":{"name":"Diana Matei","@id":"https:\/\/buletin.de\/bucuresti\/#\/schema\/person\/7e46040573290777280a0835d81ea4ea"},"headline":"Nicu\u0219or Dan: 90.000 de locuri de parcare, \u00een centrul Capitalei. 30.000 au fost deja amenajate","datePublished":"2023-11-23T14:27:38+00:00","dateModified":"2023-11-23T14:36:04+00:00","mainEntityOfPage":{"@id":"https:\/\/buletin.de\/bucuresti\/nicusor-dan-90-000-de-locuri-de-parcare-in-centrul-capitalei-30-000-au-fost-deja-amenajate\/"},"wordCount":250,"publisher":{"@id":"https:\/\/buletin.de\/bucuresti\/#organization"},"image":{"@id":"https:\/\/buletin.de\/bucuresti\/nicusor-dan-90-000-de-locuri-de-parcare-in-centrul-capitalei-30-000-au-fost-deja-amenajate\/#primaryimage"},"thumbnailUrl":"https:\/\/buletin.de\/bucuresti\/wp-content\/uploads\/parcare.jpg","keywords":["Calea Calarasilor","nicusor dan","parcare cu plata"],"articleSection":["Articole","Prim\u0103rie","\u0218tiri","Transport"],"inLanguage":"en-GB","copyrightYear":"2023","copyrightHolder":{"@id":"https:\/\/buletin.de\/bucuresti\/#organization"}},{"@type":"WebPage","@id":"https:\/\/buletin.de\/bucuresti\/nicusor-dan-90-000-de-locuri-de-parcare-in-centrul-capitalei-30-000-au-fost-deja-amenajate\/","url":"https:\/\/buletin.de\/bucuresti\/nicusor-dan-90-000-de-locuri-de-parcare-in-centrul-capitalei-30-000-au-fost-deja-amenajate\/","name":"Nicu\u0219or Dan: 90.000 de locuri de parcare, \u00een centrul Capitalei. 30.000 au fost deja amenajate - Buletin de Bucure\u0219ti","isPartOf":{"@id":"https:\/\/buletin.de\/bucuresti\/#website"},"primaryImageOfPage":{"@id":"https:\/\/buletin.de\/bucuresti\/nicusor-dan-90-000-de-locuri-de-parcare-in-centrul-capitalei-30-000-au-fost-deja-amenajate\/#primaryimage"},"image":{"@id":"https:\/\/buletin.de\/bucuresti\/nicusor-dan-90-000-de-locuri-de-parcare-in-centrul-capitalei-30-000-au-fost-deja-amenajate\/#primaryimage"},"thumbnailUrl":"https:\/\/buletin.de\/bucuresti\/wp-content\/uploads\/parcare.jpg","datePublished":"2023-11-23T14:27:38+00:00","dateModified":"2023-11-23T14:36:04+00:00","breadcrumb":{"@id":"https:\/\/buletin.de\/bucuresti\/nicusor-dan-90-000-de-locuri-de-parcare-in-centrul-capitalei-30-000-au-fost-deja-amenajate\/#breadcrumb"},"inLanguage":"en-GB","potentialAction":[{"@type":"ReadAction","target":["https:\/\/buletin.de\/bucuresti\/nicusor-dan-90-000-de-locuri-de-parcare-in-centrul-capitalei-30-000-au-fost-deja-amenajate\/"]}]},{"@type":"ImageObject","inLanguage":"en-GB","@id":"https:\/\/buletin.de\/bucuresti\/nicusor-dan-90-000-de-locuri-de-parcare-in-centrul-capitalei-30-000-au-fost-deja-amenajate\/#primaryimage","url":"https:\/\/buletin.de\/bucuresti\/wp-content\/uploads\/parcare.jpg","contentUrl":"https:\/\/buletin.de\/bucuresti\/wp-content\/uploads\/parcare.jpg","width":2000,"height":1333,"caption":"Foto: Arhiva"},{"@type":"BreadcrumbList","@id":"https:\/\/buletin.de\/bucuresti\/nicusor-dan-90-000-de-locuri-de-parcare-in-centrul-capitalei-30-000-au-fost-deja-amenajate\/#breadcrumb","itemListElement":[{"@type":"ListItem","position":1,"name":"Acas\u0103","item":"https:\/\/buletin.de\/bucuresti\/"},{"@type":"ListItem","position":2,"name":"Nicu\u0219or Dan: 90.000 de locuri de parcare, \u00een centrul Capitalei. 30.000 au fost deja amenajate"}]},{"@type":"WebSite","@id":"https:\/\/buletin.de\/bucuresti\/#website","url":"https:\/\/buletin.de\/bucuresti\/","name":"Buletin de Bucure\u0219ti","description":"\u0218tiri \u0219i investiga\u021bii esen\u021biale din capital\u0103","publisher":{"@id":"https:\/\/buletin.de\/bucuresti\/#organization"},"potentialAction":[{"@type":"SearchAction","target":{"@type":"EntryPoint","urlTemplate":"https:\/\/buletin.de\/bucuresti\/?s={search_term_string}"},"query-input":{"@type":"PropertyValueSpecification","valueRequired":true,"valueName":"search_term_string"}}],"inLanguage":"en-GB"},{"@type":"Organization","@id":"https:\/\/buletin.de\/bucuresti\/#organization","name":"Buletin de Bucure\u0219ti","url":"https:\/\/buletin.de\/bucuresti\/","logo":{"@type":"ImageObject","inLanguage":"en-GB","@id":"https:\/\/buletin.de\/bucuresti\/#\/schema\/logo\/image\/","url":"https:\/\/buletin.de\/bucuresti\/wp-content\/uploads\/logo-bdb-full-wide-vernil-transparent.png","contentUrl":"https:\/\/buletin.de\/bucuresti\/wp-content\/uploads\/logo-bdb-full-wide-vernil-transparent.png","width":1782,"height":626,"caption":"Buletin de Bucure\u0219ti"},"image":{"@id":"https:\/\/buletin.de\/bucuresti\/#\/schema\/logo\/image\/"},"sameAs":["https:\/\/www.facebook.com\/buletin.de.buc","https:\/\/www.instagram.com\/buletinde.bucuresti\/"]},{"@type":"Person","@id":"https:\/\/buletin.de\/bucuresti\/#\/schema\/person\/7e46040573290777280a0835d81ea4ea","name":"Diana Matei","image":{"@type":"ImageObject","inLanguage":"en-GB","@id":"https:\/\/buletin.de\/bucuresti\/wp-content\/uploads\/9-2-96x96.jpg1e8590b30871d70e62ebcdaf2eff570c","url":"https:\/\/buletin.de\/bucuresti\/wp-content\/uploads\/9-2-96x96.jpg","contentUrl":"https:\/\/buletin.de\/bucuresti\/wp-content\/uploads\/9-2-96x96.jpg","caption":"Diana Matei"},"url":"https:\/\/buletin.de\/bucuresti\/author\/dianamatei\/"}]}},"authors":[{"term_id":22574,"user_id":49,"is_guest":0,"slug":"dianamatei","display_name":"Diana Matei","avatar_url":"https:\/\/buletin.de\/bucuresti\/wp-content\/uploads\/9-2-96x96.jpg","0":null,"1":"","2":"","3":"","4":"","5":"","6":"","7":"","8":""}],"_links":{"self":[{"href":"https:\/\/buletin.de\/bucuresti\/wp-json\/wp\/v2\/posts\/69883","targetHints":{"allow":["GET"]}}],"collection":[{"href":"https:\/\/buletin.de\/bucuresti\/wp-json\/wp\/v2\/posts"}],"about":[{"href":"https:\/\/buletin.de\/bucuresti\/wp-json\/wp\/v2\/types\/post"}],"author":[{"embeddable":true,"href":"https:\/\/buletin.de\/bucuresti\/wp-json\/wp\/v2\/users\/49"}],"replies":[{"embeddable":true,"href":"https:\/\/buletin.de\/bucuresti\/wp-json\/wp\/v2\/comments?post=69883"}],"version-history":[{"count":3,"href":"https:\/\/buletin.de\/bucuresti\/wp-json\/wp\/v2\/posts\/69883\/revisions"}],"predecessor-version":[{"id":69939,"href":"https:\/\/buletin.de\/bucuresti\/wp-json\/wp\/v2\/posts\/69883\/revisions\/69939"}],"wp:featuredmedia":[{"embeddable":true,"href":"https:\/\/buletin.de\/bucuresti\/wp-json\/wp\/v2\/media\/67461"}],"wp:attachment":[{"href":"https:\/\/buletin.de\/bucuresti\/wp-json\/wp\/v2\/media?parent=69883"}],"wp:term":[{"taxonomy":"category","embeddable":true,"href":"https:\/\/buletin.de\/bucuresti\/wp-json\/wp\/v2\/categories?post=69883"},{"taxonomy":"post_tag","embeddable":true,"href":"https:\/\/buletin.de\/bucuresti\/wp-json\/wp\/v2\/tags?post=69883"},{"taxonomy":"author","embeddable":true,"href":"https:\/\/buletin.de\/bucuresti\/wp-json\/wp\/v2\/ppma_author?post=69883"}],"curies":[{"name":"wp","href":"https:\/\/api.w.org\/{rel}","templated":true}]}}