{"id":69792,"date":"2023-11-26T06:00:00","date_gmt":"2023-11-26T04:00:00","guid":{"rendered":"https:\/\/buletin.de\/bucuresti\/?p=69792"},"modified":"2023-11-24T21:39:49","modified_gmt":"2023-11-24T19:39:49","slug":"ziua-unirii-si-mos-nicolae-sarbatorite-la-muzeul-national-al-satului","status":"publish","type":"post","link":"https:\/\/buletin.de\/bucuresti\/ziua-unirii-si-mos-nicolae-sarbatorite-la-muzeul-national-al-satului\/","title":{"rendered":"Ziua Unirii \u015fi Mo\u015f Nicolae, s\u0103rb\u0103torite la Muzeul Na\u0163ional al Satului"},"content":{"rendered":"\n<p><strong>Muzeul Na\u0163ional al Satului \u201eDimitrie Gusti\u201d organizeaz\u0103, \u00een perioada 4 \u2013 10 decembrie, T\u00e2rgul de Mo\u015f Nicolae.<\/strong><\/p>\n\n\n\n<p>T\u00e2rgul va fi deschis \u00eentre orele 9:00 \u015fi 17:00, iar accesul se face pe baza biletului cump\u0103rat pentru intrarea in muzeu.<\/p>\n\n\n\n<p>Muzeul Satului organizeaz\u0103 evenimente \u015fi de Ziua Na\u021bional\u0103. Cei din Asocia\u021bia Tradi\u021bia Militar\u0103 vor prezenta <em>Onor, la Marea S\u0103rb\u0103toare<\/em> \u0219i vor defila pe aleile muzeului \u00een costume militare caracteristice anului 1918 \u0219i vor sus\u021bine o serie de ateliere tematice pentru copii. <\/p>\n\n\n\n<p>Pe scena din sala Victor Ioan Popa vor c\u00e2nta Corul de copii Prietenii Sf\u00e2ntului Nectarie, muzicianul Daniel Vasilescu, Grupul Psaltic Tronos al Patriarhiei Rom\u00e2ne, rapsodul Marian Vasile Ghica \u0219i ansamblul Tezaur Uman Viu.<\/p>\n\n\n\n<p><strong>Programul evenimentului:<\/strong><\/p>\n\n\n\n<ul class=\"wp-block-list\">\n<li>13:00- Onor, la Marea S\u0103rb\u0103toare&#8230; &#8211; Asocia\u021bia Tradi\u021bia Militar\u0103, Bucure\u0219ti- defilare \u00een costume militare caracteristice anului 1918 \u0219i ateliere tematice pentru copii; <\/li>\n\n\n\n<li>13:45- Colindul Sf\u00e2ntului Andrei; <\/li>\n\n\n\n<li>14:00- Bucuria S\u0103rb\u0103torii &#8211; Corul de copii &#8220;Prietenii Sf\u00e2ntului Nectarie&#8221; (Sala VIP); 14:30- Pe-al nostru steag e scris Unire- Grupul Psaltic Tronos al Patriarhiei Rom\u00e2ne; <\/li>\n\n\n\n<li>14:00- Ateliere de crea\u021bie pentru copii cu tematic\u0103 &#8220;Tricolorul \u0219i Unirea&#8221;: desen-pictur\u0103 \u0219i \u021besut.<\/li>\n\n\n\n<li>15:00- Lin mai lin- recital rapsodul Marian Vasile Ghica, Tezaur Uman Viu \u0219i grupul folcloric Piano.<\/li>\n<\/ul>\n\n\n\n<p><\/p>\n","protected":false},"excerpt":{"rendered":"<p>Muzeul Na\u0163ional al Satului \u201eDimitrie Gusti\u201d organizeaz\u0103, \u00een perioada 4 \u2013 10 decembrie, T\u00e2rgul de Mo\u015f Nicolae. T\u00e2rgul va fi deschis \u00eentre orele 9:00 \u015fi 17:00, iar accesul se face pe baza biletului cump\u0103rat pentru intrarea in muzeu. Muzeul Satului organizeaz\u0103 evenimente \u015fi de Ziua Na\u021bional\u0103. Cei din Asocia\u021bia Tradi\u021bia Militar\u0103 vor prezenta Onor, la [&hellip;]<\/p>\n","protected":false},"author":49,"featured_media":69799,"comment_status":"closed","ping_status":"open","sticky":false,"template":"","format":"standard","meta":{"_acf_changed":false,"inline_featured_image":false,"ngg_post_thumbnail":0,"footnotes":""},"categories":[6994,81,62],"tags":[7968,4842,3582],"ppma_author":[22574],"class_list":["post-69792","post","type-post","status-publish","format-standard","has-post-thumbnail","hentry","category-stiri-2","category-cultura","category-stiri","tag-dimitrie-gusti","tag-muzeul-satului","tag-ziua-nationala"],"acf":[],"yoast_head":"<!-- This site is optimized with the Yoast SEO Premium plugin v25.3 (Yoast SEO v27.4) - https:\/\/yoast.com\/product\/yoast-seo-premium-wordpress\/ -->\n<title>Ziua Unirii \u015fi Mo\u015f Nicolae, s\u0103rb\u0103torite la Muzeul Na\u0163ional al Satului - Buletin de Bucure\u0219ti<\/title>\n<meta name=\"robots\" content=\"index, follow, max-snippet:-1, max-image-preview:large, max-video-preview:-1\" \/>\n<link rel=\"canonical\" href=\"https:\/\/buletin.de\/bucuresti\/ziua-unirii-si-mos-nicolae-sarbatorite-la-muzeul-national-al-satului\/\" \/>\n<meta property=\"og:locale\" content=\"en_GB\" \/>\n<meta property=\"og:type\" content=\"article\" \/>\n<meta property=\"og:title\" content=\"Ziua Unirii \u015fi Mo\u015f Nicolae, s\u0103rb\u0103torite la Muzeul Na\u0163ional al Satului\" \/>\n<meta property=\"og:description\" content=\"Muzeul Na\u0163ional al Satului \u201eDimitrie Gusti\u201d organizeaz\u0103, \u00een perioada 4 \u2013 10 decembrie, T\u00e2rgul de Mo\u015f Nicolae. T\u00e2rgul va fi deschis \u00eentre orele 9:00 \u015fi 17:00, iar accesul se face pe baza biletului cump\u0103rat pentru intrarea in muzeu. Muzeul Satului organizeaz\u0103 evenimente \u015fi de Ziua Na\u021bional\u0103. Cei din Asocia\u021bia Tradi\u021bia Militar\u0103 vor prezenta Onor, la [&hellip;]\" \/>\n<meta property=\"og:url\" content=\"https:\/\/buletin.de\/bucuresti\/ziua-unirii-si-mos-nicolae-sarbatorite-la-muzeul-national-al-satului\/\" \/>\n<meta property=\"og:site_name\" content=\"Buletin de Bucure\u0219ti\" \/>\n<meta property=\"article:publisher\" content=\"https:\/\/www.facebook.com\/buletin.de.buc\" \/>\n<meta property=\"article:published_time\" content=\"2023-11-26T04:00:00+00:00\" \/>\n<meta property=\"og:image\" content=\"https:\/\/buletin.de\/bucuresti\/wp-content\/uploads\/MUZEUL-SATULUI-ZIUA-NATIONALA.jpeg\" \/>\n\t<meta property=\"og:image:width\" content=\"2000\" \/>\n\t<meta property=\"og:image:height\" content=\"1429\" \/>\n\t<meta property=\"og:image:type\" content=\"image\/jpeg\" \/>\n<meta name=\"author\" content=\"Diana Matei\" \/>\n<meta name=\"twitter:card\" content=\"summary_large_image\" \/>\n<meta name=\"twitter:label1\" content=\"Written by\" \/>\n\t<meta name=\"twitter:data1\" content=\"Diana Matei\" \/>\n\t<meta name=\"twitter:label2\" content=\"Estimated reading time\" \/>\n\t<meta name=\"twitter:data2\" content=\"1 minute\" \/>\n<script type=\"application\/ld+json\" class=\"yoast-schema-graph\">{\"@context\":\"https:\\\/\\\/schema.org\",\"@graph\":[{\"@type\":\"Article\",\"@id\":\"https:\\\/\\\/buletin.de\\\/bucuresti\\\/ziua-unirii-si-mos-nicolae-sarbatorite-la-muzeul-national-al-satului\\\/#article\",\"isPartOf\":{\"@id\":\"https:\\\/\\\/buletin.de\\\/bucuresti\\\/ziua-unirii-si-mos-nicolae-sarbatorite-la-muzeul-national-al-satului\\\/\"},\"author\":{\"name\":\"Diana Matei\",\"@id\":\"https:\\\/\\\/buletin.de\\\/bucuresti\\\/#\\\/schema\\\/person\\\/7e46040573290777280a0835d81ea4ea\"},\"headline\":\"Ziua Unirii \u015fi Mo\u015f Nicolae, s\u0103rb\u0103torite la Muzeul Na\u0163ional al Satului\",\"datePublished\":\"2023-11-26T04:00:00+00:00\",\"mainEntityOfPage\":{\"@id\":\"https:\\\/\\\/buletin.de\\\/bucuresti\\\/ziua-unirii-si-mos-nicolae-sarbatorite-la-muzeul-national-al-satului\\\/\"},\"wordCount\":226,\"publisher\":{\"@id\":\"https:\\\/\\\/buletin.de\\\/bucuresti\\\/#organization\"},\"image\":{\"@id\":\"https:\\\/\\\/buletin.de\\\/bucuresti\\\/ziua-unirii-si-mos-nicolae-sarbatorite-la-muzeul-national-al-satului\\\/#primaryimage\"},\"thumbnailUrl\":\"https:\\\/\\\/buletin.de\\\/bucuresti\\\/wp-content\\\/uploads\\\/MUZEUL-SATULUI-ZIUA-NATIONALA.jpeg\",\"keywords\":[\"Dimitrie Gusti\",\"muzeul satului\",\"ziua nationala\"],\"articleSection\":[\"Articole\",\"Cultur\u0103\",\"\u0218tiri\"],\"inLanguage\":\"en-GB\",\"copyrightYear\":\"2023\",\"copyrightHolder\":{\"@id\":\"https:\\\/\\\/buletin.de\\\/bucuresti\\\/#organization\"}},{\"@type\":\"WebPage\",\"@id\":\"https:\\\/\\\/buletin.de\\\/bucuresti\\\/ziua-unirii-si-mos-nicolae-sarbatorite-la-muzeul-national-al-satului\\\/\",\"url\":\"https:\\\/\\\/buletin.de\\\/bucuresti\\\/ziua-unirii-si-mos-nicolae-sarbatorite-la-muzeul-national-al-satului\\\/\",\"name\":\"Ziua Unirii \u015fi Mo\u015f Nicolae, s\u0103rb\u0103torite la Muzeul Na\u0163ional al Satului - Buletin de Bucure\u0219ti\",\"isPartOf\":{\"@id\":\"https:\\\/\\\/buletin.de\\\/bucuresti\\\/#website\"},\"primaryImageOfPage\":{\"@id\":\"https:\\\/\\\/buletin.de\\\/bucuresti\\\/ziua-unirii-si-mos-nicolae-sarbatorite-la-muzeul-national-al-satului\\\/#primaryimage\"},\"image\":{\"@id\":\"https:\\\/\\\/buletin.de\\\/bucuresti\\\/ziua-unirii-si-mos-nicolae-sarbatorite-la-muzeul-national-al-satului\\\/#primaryimage\"},\"thumbnailUrl\":\"https:\\\/\\\/buletin.de\\\/bucuresti\\\/wp-content\\\/uploads\\\/MUZEUL-SATULUI-ZIUA-NATIONALA.jpeg\",\"datePublished\":\"2023-11-26T04:00:00+00:00\",\"breadcrumb\":{\"@id\":\"https:\\\/\\\/buletin.de\\\/bucuresti\\\/ziua-unirii-si-mos-nicolae-sarbatorite-la-muzeul-national-al-satului\\\/#breadcrumb\"},\"inLanguage\":\"en-GB\",\"potentialAction\":[{\"@type\":\"ReadAction\",\"target\":[\"https:\\\/\\\/buletin.de\\\/bucuresti\\\/ziua-unirii-si-mos-nicolae-sarbatorite-la-muzeul-national-al-satului\\\/\"]}]},{\"@type\":\"ImageObject\",\"inLanguage\":\"en-GB\",\"@id\":\"https:\\\/\\\/buletin.de\\\/bucuresti\\\/ziua-unirii-si-mos-nicolae-sarbatorite-la-muzeul-national-al-satului\\\/#primaryimage\",\"url\":\"https:\\\/\\\/buletin.de\\\/bucuresti\\\/wp-content\\\/uploads\\\/MUZEUL-SATULUI-ZIUA-NATIONALA.jpeg\",\"contentUrl\":\"https:\\\/\\\/buletin.de\\\/bucuresti\\\/wp-content\\\/uploads\\\/MUZEUL-SATULUI-ZIUA-NATIONALA.jpeg\",\"width\":2000,\"height\":1429,\"caption\":\"FOTO: Muzeul Satului Dimitrie Gusti\"},{\"@type\":\"BreadcrumbList\",\"@id\":\"https:\\\/\\\/buletin.de\\\/bucuresti\\\/ziua-unirii-si-mos-nicolae-sarbatorite-la-muzeul-national-al-satului\\\/#breadcrumb\",\"itemListElement\":[{\"@type\":\"ListItem\",\"position\":1,\"name\":\"Acas\u0103\",\"item\":\"https:\\\/\\\/buletin.de\\\/bucuresti\\\/\"},{\"@type\":\"ListItem\",\"position\":2,\"name\":\"Ziua Unirii \u015fi Mo\u015f Nicolae, s\u0103rb\u0103torite la Muzeul Na\u0163ional al Satului\"}]},{\"@type\":\"WebSite\",\"@id\":\"https:\\\/\\\/buletin.de\\\/bucuresti\\\/#website\",\"url\":\"https:\\\/\\\/buletin.de\\\/bucuresti\\\/\",\"name\":\"Buletin de Bucure\u0219ti\",\"description\":\"\u0218tiri \u0219i investiga\u021bii esen\u021biale din capital\u0103\",\"publisher\":{\"@id\":\"https:\\\/\\\/buletin.de\\\/bucuresti\\\/#organization\"},\"potentialAction\":[{\"@type\":\"SearchAction\",\"target\":{\"@type\":\"EntryPoint\",\"urlTemplate\":\"https:\\\/\\\/buletin.de\\\/bucuresti\\\/?s={search_term_string}\"},\"query-input\":{\"@type\":\"PropertyValueSpecification\",\"valueRequired\":true,\"valueName\":\"search_term_string\"}}],\"inLanguage\":\"en-GB\"},{\"@type\":\"Organization\",\"@id\":\"https:\\\/\\\/buletin.de\\\/bucuresti\\\/#organization\",\"name\":\"Buletin de Bucure\u0219ti\",\"url\":\"https:\\\/\\\/buletin.de\\\/bucuresti\\\/\",\"logo\":{\"@type\":\"ImageObject\",\"inLanguage\":\"en-GB\",\"@id\":\"https:\\\/\\\/buletin.de\\\/bucuresti\\\/#\\\/schema\\\/logo\\\/image\\\/\",\"url\":\"https:\\\/\\\/buletin.de\\\/bucuresti\\\/wp-content\\\/uploads\\\/logo-bdb-full-wide-vernil-transparent.png\",\"contentUrl\":\"https:\\\/\\\/buletin.de\\\/bucuresti\\\/wp-content\\\/uploads\\\/logo-bdb-full-wide-vernil-transparent.png\",\"width\":1782,\"height\":626,\"caption\":\"Buletin de Bucure\u0219ti\"},\"image\":{\"@id\":\"https:\\\/\\\/buletin.de\\\/bucuresti\\\/#\\\/schema\\\/logo\\\/image\\\/\"},\"sameAs\":[\"https:\\\/\\\/www.facebook.com\\\/buletin.de.buc\",\"https:\\\/\\\/www.instagram.com\\\/buletinde.bucuresti\\\/\"]},{\"@type\":\"Person\",\"@id\":\"https:\\\/\\\/buletin.de\\\/bucuresti\\\/#\\\/schema\\\/person\\\/7e46040573290777280a0835d81ea4ea\",\"name\":\"Diana Matei\",\"image\":{\"@type\":\"ImageObject\",\"inLanguage\":\"en-GB\",\"@id\":\"https:\\\/\\\/buletin.de\\\/bucuresti\\\/wp-content\\\/uploads\\\/9-2-96x96.jpg1e8590b30871d70e62ebcdaf2eff570c\",\"url\":\"https:\\\/\\\/buletin.de\\\/bucuresti\\\/wp-content\\\/uploads\\\/9-2-96x96.jpg\",\"contentUrl\":\"https:\\\/\\\/buletin.de\\\/bucuresti\\\/wp-content\\\/uploads\\\/9-2-96x96.jpg\",\"caption\":\"Diana Matei\"},\"url\":\"https:\\\/\\\/buletin.de\\\/bucuresti\\\/author\\\/dianamatei\\\/\"}]}<\/script>\n<!-- \/ Yoast SEO Premium plugin. -->","yoast_head_json":{"title":"Ziua Unirii \u015fi Mo\u015f Nicolae, s\u0103rb\u0103torite la Muzeul Na\u0163ional al Satului - Buletin de Bucure\u0219ti","robots":{"index":"index","follow":"follow","max-snippet":"max-snippet:-1","max-image-preview":"max-image-preview:large","max-video-preview":"max-video-preview:-1"},"canonical":"https:\/\/buletin.de\/bucuresti\/ziua-unirii-si-mos-nicolae-sarbatorite-la-muzeul-national-al-satului\/","og_locale":"en_GB","og_type":"article","og_title":"Ziua Unirii \u015fi Mo\u015f Nicolae, s\u0103rb\u0103torite la Muzeul Na\u0163ional al Satului","og_description":"Muzeul Na\u0163ional al Satului \u201eDimitrie Gusti\u201d organizeaz\u0103, \u00een perioada 4 \u2013 10 decembrie, T\u00e2rgul de Mo\u015f Nicolae. T\u00e2rgul va fi deschis \u00eentre orele 9:00 \u015fi 17:00, iar accesul se face pe baza biletului cump\u0103rat pentru intrarea in muzeu. Muzeul Satului organizeaz\u0103 evenimente \u015fi de Ziua Na\u021bional\u0103. Cei din Asocia\u021bia Tradi\u021bia Militar\u0103 vor prezenta Onor, la [&hellip;]","og_url":"https:\/\/buletin.de\/bucuresti\/ziua-unirii-si-mos-nicolae-sarbatorite-la-muzeul-national-al-satului\/","og_site_name":"Buletin de Bucure\u0219ti","article_publisher":"https:\/\/www.facebook.com\/buletin.de.buc","article_published_time":"2023-11-26T04:00:00+00:00","og_image":[{"width":2000,"height":1429,"url":"https:\/\/buletin.de\/bucuresti\/wp-content\/uploads\/MUZEUL-SATULUI-ZIUA-NATIONALA.jpeg","type":"image\/jpeg"}],"author":"Diana Matei","twitter_card":"summary_large_image","twitter_misc":{"Written by":"Diana Matei","Estimated reading time":"1 minute"},"schema":{"@context":"https:\/\/schema.org","@graph":[{"@type":"Article","@id":"https:\/\/buletin.de\/bucuresti\/ziua-unirii-si-mos-nicolae-sarbatorite-la-muzeul-national-al-satului\/#article","isPartOf":{"@id":"https:\/\/buletin.de\/bucuresti\/ziua-unirii-si-mos-nicolae-sarbatorite-la-muzeul-national-al-satului\/"},"author":{"name":"Diana Matei","@id":"https:\/\/buletin.de\/bucuresti\/#\/schema\/person\/7e46040573290777280a0835d81ea4ea"},"headline":"Ziua Unirii \u015fi Mo\u015f Nicolae, s\u0103rb\u0103torite la Muzeul Na\u0163ional al Satului","datePublished":"2023-11-26T04:00:00+00:00","mainEntityOfPage":{"@id":"https:\/\/buletin.de\/bucuresti\/ziua-unirii-si-mos-nicolae-sarbatorite-la-muzeul-national-al-satului\/"},"wordCount":226,"publisher":{"@id":"https:\/\/buletin.de\/bucuresti\/#organization"},"image":{"@id":"https:\/\/buletin.de\/bucuresti\/ziua-unirii-si-mos-nicolae-sarbatorite-la-muzeul-national-al-satului\/#primaryimage"},"thumbnailUrl":"https:\/\/buletin.de\/bucuresti\/wp-content\/uploads\/MUZEUL-SATULUI-ZIUA-NATIONALA.jpeg","keywords":["Dimitrie Gusti","muzeul satului","ziua nationala"],"articleSection":["Articole","Cultur\u0103","\u0218tiri"],"inLanguage":"en-GB","copyrightYear":"2023","copyrightHolder":{"@id":"https:\/\/buletin.de\/bucuresti\/#organization"}},{"@type":"WebPage","@id":"https:\/\/buletin.de\/bucuresti\/ziua-unirii-si-mos-nicolae-sarbatorite-la-muzeul-national-al-satului\/","url":"https:\/\/buletin.de\/bucuresti\/ziua-unirii-si-mos-nicolae-sarbatorite-la-muzeul-national-al-satului\/","name":"Ziua Unirii \u015fi Mo\u015f Nicolae, s\u0103rb\u0103torite la Muzeul Na\u0163ional al Satului - Buletin de Bucure\u0219ti","isPartOf":{"@id":"https:\/\/buletin.de\/bucuresti\/#website"},"primaryImageOfPage":{"@id":"https:\/\/buletin.de\/bucuresti\/ziua-unirii-si-mos-nicolae-sarbatorite-la-muzeul-national-al-satului\/#primaryimage"},"image":{"@id":"https:\/\/buletin.de\/bucuresti\/ziua-unirii-si-mos-nicolae-sarbatorite-la-muzeul-national-al-satului\/#primaryimage"},"thumbnailUrl":"https:\/\/buletin.de\/bucuresti\/wp-content\/uploads\/MUZEUL-SATULUI-ZIUA-NATIONALA.jpeg","datePublished":"2023-11-26T04:00:00+00:00","breadcrumb":{"@id":"https:\/\/buletin.de\/bucuresti\/ziua-unirii-si-mos-nicolae-sarbatorite-la-muzeul-national-al-satului\/#breadcrumb"},"inLanguage":"en-GB","potentialAction":[{"@type":"ReadAction","target":["https:\/\/buletin.de\/bucuresti\/ziua-unirii-si-mos-nicolae-sarbatorite-la-muzeul-national-al-satului\/"]}]},{"@type":"ImageObject","inLanguage":"en-GB","@id":"https:\/\/buletin.de\/bucuresti\/ziua-unirii-si-mos-nicolae-sarbatorite-la-muzeul-national-al-satului\/#primaryimage","url":"https:\/\/buletin.de\/bucuresti\/wp-content\/uploads\/MUZEUL-SATULUI-ZIUA-NATIONALA.jpeg","contentUrl":"https:\/\/buletin.de\/bucuresti\/wp-content\/uploads\/MUZEUL-SATULUI-ZIUA-NATIONALA.jpeg","width":2000,"height":1429,"caption":"FOTO: Muzeul Satului Dimitrie Gusti"},{"@type":"BreadcrumbList","@id":"https:\/\/buletin.de\/bucuresti\/ziua-unirii-si-mos-nicolae-sarbatorite-la-muzeul-national-al-satului\/#breadcrumb","itemListElement":[{"@type":"ListItem","position":1,"name":"Acas\u0103","item":"https:\/\/buletin.de\/bucuresti\/"},{"@type":"ListItem","position":2,"name":"Ziua Unirii \u015fi Mo\u015f Nicolae, s\u0103rb\u0103torite la Muzeul Na\u0163ional al Satului"}]},{"@type":"WebSite","@id":"https:\/\/buletin.de\/bucuresti\/#website","url":"https:\/\/buletin.de\/bucuresti\/","name":"Buletin de Bucure\u0219ti","description":"\u0218tiri \u0219i investiga\u021bii esen\u021biale din capital\u0103","publisher":{"@id":"https:\/\/buletin.de\/bucuresti\/#organization"},"potentialAction":[{"@type":"SearchAction","target":{"@type":"EntryPoint","urlTemplate":"https:\/\/buletin.de\/bucuresti\/?s={search_term_string}"},"query-input":{"@type":"PropertyValueSpecification","valueRequired":true,"valueName":"search_term_string"}}],"inLanguage":"en-GB"},{"@type":"Organization","@id":"https:\/\/buletin.de\/bucuresti\/#organization","name":"Buletin de Bucure\u0219ti","url":"https:\/\/buletin.de\/bucuresti\/","logo":{"@type":"ImageObject","inLanguage":"en-GB","@id":"https:\/\/buletin.de\/bucuresti\/#\/schema\/logo\/image\/","url":"https:\/\/buletin.de\/bucuresti\/wp-content\/uploads\/logo-bdb-full-wide-vernil-transparent.png","contentUrl":"https:\/\/buletin.de\/bucuresti\/wp-content\/uploads\/logo-bdb-full-wide-vernil-transparent.png","width":1782,"height":626,"caption":"Buletin de Bucure\u0219ti"},"image":{"@id":"https:\/\/buletin.de\/bucuresti\/#\/schema\/logo\/image\/"},"sameAs":["https:\/\/www.facebook.com\/buletin.de.buc","https:\/\/www.instagram.com\/buletinde.bucuresti\/"]},{"@type":"Person","@id":"https:\/\/buletin.de\/bucuresti\/#\/schema\/person\/7e46040573290777280a0835d81ea4ea","name":"Diana Matei","image":{"@type":"ImageObject","inLanguage":"en-GB","@id":"https:\/\/buletin.de\/bucuresti\/wp-content\/uploads\/9-2-96x96.jpg1e8590b30871d70e62ebcdaf2eff570c","url":"https:\/\/buletin.de\/bucuresti\/wp-content\/uploads\/9-2-96x96.jpg","contentUrl":"https:\/\/buletin.de\/bucuresti\/wp-content\/uploads\/9-2-96x96.jpg","caption":"Diana Matei"},"url":"https:\/\/buletin.de\/bucuresti\/author\/dianamatei\/"}]}},"authors":[{"term_id":22574,"user_id":49,"is_guest":0,"slug":"dianamatei","display_name":"Diana Matei","avatar_url":"https:\/\/buletin.de\/bucuresti\/wp-content\/uploads\/9-2-96x96.jpg","0":null,"1":"","2":"","3":"","4":"","5":"","6":"","7":"","8":""}],"_links":{"self":[{"href":"https:\/\/buletin.de\/bucuresti\/wp-json\/wp\/v2\/posts\/69792","targetHints":{"allow":["GET"]}}],"collection":[{"href":"https:\/\/buletin.de\/bucuresti\/wp-json\/wp\/v2\/posts"}],"about":[{"href":"https:\/\/buletin.de\/bucuresti\/wp-json\/wp\/v2\/types\/post"}],"author":[{"embeddable":true,"href":"https:\/\/buletin.de\/bucuresti\/wp-json\/wp\/v2\/users\/49"}],"replies":[{"embeddable":true,"href":"https:\/\/buletin.de\/bucuresti\/wp-json\/wp\/v2\/comments?post=69792"}],"version-history":[{"count":4,"href":"https:\/\/buletin.de\/bucuresti\/wp-json\/wp\/v2\/posts\/69792\/revisions"}],"predecessor-version":[{"id":70234,"href":"https:\/\/buletin.de\/bucuresti\/wp-json\/wp\/v2\/posts\/69792\/revisions\/70234"}],"wp:featuredmedia":[{"embeddable":true,"href":"https:\/\/buletin.de\/bucuresti\/wp-json\/wp\/v2\/media\/69799"}],"wp:attachment":[{"href":"https:\/\/buletin.de\/bucuresti\/wp-json\/wp\/v2\/media?parent=69792"}],"wp:term":[{"taxonomy":"category","embeddable":true,"href":"https:\/\/buletin.de\/bucuresti\/wp-json\/wp\/v2\/categories?post=69792"},{"taxonomy":"post_tag","embeddable":true,"href":"https:\/\/buletin.de\/bucuresti\/wp-json\/wp\/v2\/tags?post=69792"},{"taxonomy":"author","embeddable":true,"href":"https:\/\/buletin.de\/bucuresti\/wp-json\/wp\/v2\/ppma_author?post=69792"}],"curies":[{"name":"wp","href":"https:\/\/api.w.org\/{rel}","templated":true}]}}