{"id":69790,"date":"2023-11-23T14:10:01","date_gmt":"2023-11-23T12:10:01","guid":{"rendered":"https:\/\/buletin.de\/bucuresti\/?p=69790"},"modified":"2023-11-23T14:10:02","modified_gmt":"2023-11-23T12:10:02","slug":"a-murit-actrita-rona-hartner-bucuresteanca-de-50-de-ani-avea-cancer-la-creier-si-plamani","status":"publish","type":"post","link":"https:\/\/buletin.de\/bucuresti\/a-murit-actrita-rona-hartner-bucuresteanca-de-50-de-ani-avea-cancer-la-creier-si-plamani\/","title":{"rendered":"A murit actri\u021ba Rona Hartner. Bucure\u0219teanca de 50 de ani avea cancer la creier \u0219i pl\u0103m\u00e2ni"},"content":{"rendered":"\n<p><strong>Actri\u021ba, c\u00e2nt\u0103rea\u021ba \u0219i compozitoarea Rona Hartner a murit ast\u0103zi, 23 noiembrie, din cauza cancerului \u00een stadiu avansat. Sora sa a postat un mesaj pe Facebook \u00eenc\u0103 de ieri \u00een care spunea c\u0103 actri\u021ba \u201e\u00ee\u0219i tr\u0103ie\u0219te ultimele clipe\u201d.<\/strong><\/p>\n\n\n\n<blockquote class=\"wp-block-quote is-layout-flow wp-block-quote-is-layout-flow\">\n<p>V\u0103 scriu s\u0103 v\u0103 cer g\u00e2nduri bune \u0219i rug\u0103ciuni pentru sora mea care \u00ee\u0219i tr\u0103ie\u0219te ultimele clipe. Ne scuza\u021bi dac\u0103 nu r\u0103spundem la mesaje, \u00een aceste clipe dificile vrem s\u0103 fim cu ea \u0219i cu feti\u021ba ei. Dumnezeu s\u0103 \u00eei aline suferin\u021ba \u0219i s\u0103 o primeasc\u0103 la el!<\/p>\n<cite>rinda<\/cite><\/blockquote>\n\n\n\n<p>Actri\u021ba cu origini germane, stabilit\u0103 la Paris, s-a n\u0103scut pe 9 martie 1973 la Bucure\u0219ti. \u00cen anii de dup\u0103 Revolu\u021bie a f\u0103cut \u0219coala de muzic\u0103 Titu Maiorescu \u0219i Academia de Teatru \u0219i Film din Capital\u0103. Rona Hartner este cunoscut\u0103 pentru rolurile sale din Asfalt Tango \u0219i Sexy Harem Ada Kaleh, dar \u0219i pentru activitatea \u00een lumea muzical\u0103. <\/p>\n\n\n\n<p>Hartner a fost implicat\u0103 \u00eentr-un scandal \u00een anul 1999, <a href=\"https:\/\/ro.wikipedia.org\/wiki\/Rona_Hartner\">scandal provocat de pre\u0219edintele partidului Rom\u00e2nia Mare<\/a>, Corneliu Vadim Tudor. Acesta spunea c\u0103 actri\u021ba fusese amanta lui Emil Constantinescu, pre\u0219edintele \u00een exerci\u021biu. <\/p>\n\n\n\n<p>Scandalul a determinat-o s\u0103 se mute din \u021bar\u0103 \u0219i s\u0103 se stabileasc\u0103 \u00een capitala Fran\u021bei. \u00cen anii ce au urmat, a sus\u021binut cu fermitate de fiecare dat\u0103 c\u0103 scandalul a fost \u00een \u00eentregime fabricat. Vadim Tudor clama \u00een spa\u021biul public c\u0103 are un jurnal intim al actri\u021bei, \u00een care \u00ee\u0219i povestea escapadele, jurnal care nu a ap\u0103rut niciodat\u0103. Acest sexgate fabricat a fost alimentat \u0219i de o serie de imagini cu Rona Hartner \u0219i Emil Constantinescu dans\u00e2nd la o petrecere. <\/p>\n\n\n\n<p>Actri\u021ba are o discografie \u00eentins\u0103 pe aproape dou\u0103 decenii \u0219i a jucat \u00een filme din 1995 \u0219i p\u00e2n\u0103 \u00een 2011. <\/p>\n\n\n\n<p><\/p>\n","protected":false},"excerpt":{"rendered":"<p>Actri\u021ba, c\u00e2nt\u0103rea\u021ba \u0219i compozitoarea Rona Hartner a murit ast\u0103zi, 23 noiembrie, din cauza cancerului \u00een stadiu avansat. Sora sa a postat un mesaj pe Facebook \u00eenc\u0103 de ieri \u00een care spunea c\u0103 actri\u021ba \u201e\u00ee\u0219i tr\u0103ie\u0219te ultimele clipe\u201d. V\u0103 scriu s\u0103 v\u0103 cer g\u00e2nduri bune \u0219i rug\u0103ciuni pentru sora mea care \u00ee\u0219i tr\u0103ie\u0219te ultimele clipe. Ne [&hellip;]<\/p>\n","protected":false},"author":8,"featured_media":69796,"comment_status":"closed","ping_status":"open","sticky":false,"template":"","format":"standard","meta":{"_acf_changed":false,"inline_featured_image":false,"ngg_post_thumbnail":0,"footnotes":""},"categories":[6994,62],"tags":[7966,7965,7964],"ppma_author":[22586],"class_list":["post-69790","post","type-post","status-publish","format-standard","has-post-thumbnail","hentry","category-stiri-2","category-stiri","tag-a-murit-rona-hartner","tag-actrita-decedata","tag-rona-hartner"],"acf":[],"yoast_head":"<!-- This site is optimized with the Yoast SEO Premium plugin v25.3 (Yoast SEO v27.4) - https:\/\/yoast.com\/product\/yoast-seo-premium-wordpress\/ -->\n<title>A murit actri\u021ba Rona Hartner. Bucure\u0219teanca de 50 de ani avea cancer la creier \u0219i pl\u0103m\u00e2ni - Buletin de Bucure\u0219ti<\/title>\n<meta name=\"robots\" content=\"index, follow, max-snippet:-1, max-image-preview:large, max-video-preview:-1\" \/>\n<link rel=\"canonical\" href=\"https:\/\/buletin.de\/bucuresti\/a-murit-actrita-rona-hartner-bucuresteanca-de-50-de-ani-avea-cancer-la-creier-si-plamani\/\" \/>\n<meta property=\"og:locale\" content=\"en_GB\" \/>\n<meta property=\"og:type\" content=\"article\" \/>\n<meta property=\"og:title\" content=\"A murit actri\u021ba Rona Hartner. Bucure\u0219teanca de 50 de ani avea cancer la creier \u0219i pl\u0103m\u00e2ni\" \/>\n<meta property=\"og:description\" content=\"Actri\u021ba, c\u00e2nt\u0103rea\u021ba \u0219i compozitoarea Rona Hartner a murit ast\u0103zi, 23 noiembrie, din cauza cancerului \u00een stadiu avansat. Sora sa a postat un mesaj pe Facebook \u00eenc\u0103 de ieri \u00een care spunea c\u0103 actri\u021ba \u201e\u00ee\u0219i tr\u0103ie\u0219te ultimele clipe\u201d. V\u0103 scriu s\u0103 v\u0103 cer g\u00e2nduri bune \u0219i rug\u0103ciuni pentru sora mea care \u00ee\u0219i tr\u0103ie\u0219te ultimele clipe. Ne [&hellip;]\" \/>\n<meta property=\"og:url\" content=\"https:\/\/buletin.de\/bucuresti\/a-murit-actrita-rona-hartner-bucuresteanca-de-50-de-ani-avea-cancer-la-creier-si-plamani\/\" \/>\n<meta property=\"og:site_name\" content=\"Buletin de Bucure\u0219ti\" \/>\n<meta property=\"article:publisher\" content=\"https:\/\/www.facebook.com\/buletin.de.buc\" \/>\n<meta property=\"article:published_time\" content=\"2023-11-23T12:10:01+00:00\" \/>\n<meta property=\"article:modified_time\" content=\"2023-11-23T12:10:02+00:00\" \/>\n<meta property=\"og:image\" content=\"https:\/\/buletin.de\/bucuresti\/wp-content\/uploads\/rona-hartner.jpg\" \/>\n\t<meta property=\"og:image:width\" content=\"1333\" \/>\n\t<meta property=\"og:image:height\" content=\"1333\" \/>\n\t<meta property=\"og:image:type\" content=\"image\/jpeg\" \/>\n<meta name=\"author\" content=\"Ionu\u021b Lepa\" \/>\n<meta name=\"twitter:card\" content=\"summary_large_image\" \/>\n<meta name=\"twitter:label1\" content=\"Written by\" \/>\n\t<meta name=\"twitter:data1\" content=\"Ionu\u021b Lepa\" \/>\n\t<meta name=\"twitter:label2\" content=\"Estimated reading time\" \/>\n\t<meta name=\"twitter:data2\" content=\"2 minutes\" \/>\n<script type=\"application\/ld+json\" class=\"yoast-schema-graph\">{\"@context\":\"https:\\\/\\\/schema.org\",\"@graph\":[{\"@type\":\"Article\",\"@id\":\"https:\\\/\\\/buletin.de\\\/bucuresti\\\/a-murit-actrita-rona-hartner-bucuresteanca-de-50-de-ani-avea-cancer-la-creier-si-plamani\\\/#article\",\"isPartOf\":{\"@id\":\"https:\\\/\\\/buletin.de\\\/bucuresti\\\/a-murit-actrita-rona-hartner-bucuresteanca-de-50-de-ani-avea-cancer-la-creier-si-plamani\\\/\"},\"author\":{\"name\":\"Ionu\u021b Lepa\",\"@id\":\"https:\\\/\\\/buletin.de\\\/bucuresti\\\/#\\\/schema\\\/person\\\/5272b8a057b33890940b57b837fc4ce6\"},\"headline\":\"A murit actri\u021ba Rona Hartner. Bucure\u0219teanca de 50 de ani avea cancer la creier \u0219i pl\u0103m\u00e2ni\",\"datePublished\":\"2023-11-23T12:10:01+00:00\",\"dateModified\":\"2023-11-23T12:10:02+00:00\",\"mainEntityOfPage\":{\"@id\":\"https:\\\/\\\/buletin.de\\\/bucuresti\\\/a-murit-actrita-rona-hartner-bucuresteanca-de-50-de-ani-avea-cancer-la-creier-si-plamani\\\/\"},\"wordCount\":321,\"publisher\":{\"@id\":\"https:\\\/\\\/buletin.de\\\/bucuresti\\\/#organization\"},\"image\":{\"@id\":\"https:\\\/\\\/buletin.de\\\/bucuresti\\\/a-murit-actrita-rona-hartner-bucuresteanca-de-50-de-ani-avea-cancer-la-creier-si-plamani\\\/#primaryimage\"},\"thumbnailUrl\":\"https:\\\/\\\/buletin.de\\\/bucuresti\\\/wp-content\\\/uploads\\\/rona-hartner.jpg\",\"keywords\":[\"a murit rona hartner\",\"actrita decedata\",\"rona hartner\"],\"articleSection\":[\"Articole\",\"\u0218tiri\"],\"inLanguage\":\"en-GB\",\"copyrightYear\":\"2023\",\"copyrightHolder\":{\"@id\":\"https:\\\/\\\/buletin.de\\\/bucuresti\\\/#organization\"}},{\"@type\":\"WebPage\",\"@id\":\"https:\\\/\\\/buletin.de\\\/bucuresti\\\/a-murit-actrita-rona-hartner-bucuresteanca-de-50-de-ani-avea-cancer-la-creier-si-plamani\\\/\",\"url\":\"https:\\\/\\\/buletin.de\\\/bucuresti\\\/a-murit-actrita-rona-hartner-bucuresteanca-de-50-de-ani-avea-cancer-la-creier-si-plamani\\\/\",\"name\":\"A murit actri\u021ba Rona Hartner. Bucure\u0219teanca de 50 de ani avea cancer la creier \u0219i pl\u0103m\u00e2ni - Buletin de Bucure\u0219ti\",\"isPartOf\":{\"@id\":\"https:\\\/\\\/buletin.de\\\/bucuresti\\\/#website\"},\"primaryImageOfPage\":{\"@id\":\"https:\\\/\\\/buletin.de\\\/bucuresti\\\/a-murit-actrita-rona-hartner-bucuresteanca-de-50-de-ani-avea-cancer-la-creier-si-plamani\\\/#primaryimage\"},\"image\":{\"@id\":\"https:\\\/\\\/buletin.de\\\/bucuresti\\\/a-murit-actrita-rona-hartner-bucuresteanca-de-50-de-ani-avea-cancer-la-creier-si-plamani\\\/#primaryimage\"},\"thumbnailUrl\":\"https:\\\/\\\/buletin.de\\\/bucuresti\\\/wp-content\\\/uploads\\\/rona-hartner.jpg\",\"datePublished\":\"2023-11-23T12:10:01+00:00\",\"dateModified\":\"2023-11-23T12:10:02+00:00\",\"breadcrumb\":{\"@id\":\"https:\\\/\\\/buletin.de\\\/bucuresti\\\/a-murit-actrita-rona-hartner-bucuresteanca-de-50-de-ani-avea-cancer-la-creier-si-plamani\\\/#breadcrumb\"},\"inLanguage\":\"en-GB\",\"potentialAction\":[{\"@type\":\"ReadAction\",\"target\":[\"https:\\\/\\\/buletin.de\\\/bucuresti\\\/a-murit-actrita-rona-hartner-bucuresteanca-de-50-de-ani-avea-cancer-la-creier-si-plamani\\\/\"]}]},{\"@type\":\"ImageObject\",\"inLanguage\":\"en-GB\",\"@id\":\"https:\\\/\\\/buletin.de\\\/bucuresti\\\/a-murit-actrita-rona-hartner-bucuresteanca-de-50-de-ani-avea-cancer-la-creier-si-plamani\\\/#primaryimage\",\"url\":\"https:\\\/\\\/buletin.de\\\/bucuresti\\\/wp-content\\\/uploads\\\/rona-hartner.jpg\",\"contentUrl\":\"https:\\\/\\\/buletin.de\\\/bucuresti\\\/wp-content\\\/uploads\\\/rona-hartner.jpg\",\"width\":1333,\"height\":1333,\"caption\":\"FOTO: FB \\\/ Rona Hartner\"},{\"@type\":\"BreadcrumbList\",\"@id\":\"https:\\\/\\\/buletin.de\\\/bucuresti\\\/a-murit-actrita-rona-hartner-bucuresteanca-de-50-de-ani-avea-cancer-la-creier-si-plamani\\\/#breadcrumb\",\"itemListElement\":[{\"@type\":\"ListItem\",\"position\":1,\"name\":\"Acas\u0103\",\"item\":\"https:\\\/\\\/buletin.de\\\/bucuresti\\\/\"},{\"@type\":\"ListItem\",\"position\":2,\"name\":\"A murit actri\u021ba Rona Hartner. Bucure\u0219teanca de 50 de ani avea cancer la creier \u0219i pl\u0103m\u00e2ni\"}]},{\"@type\":\"WebSite\",\"@id\":\"https:\\\/\\\/buletin.de\\\/bucuresti\\\/#website\",\"url\":\"https:\\\/\\\/buletin.de\\\/bucuresti\\\/\",\"name\":\"Buletin de Bucure\u0219ti\",\"description\":\"\u0218tiri \u0219i investiga\u021bii esen\u021biale din capital\u0103\",\"publisher\":{\"@id\":\"https:\\\/\\\/buletin.de\\\/bucuresti\\\/#organization\"},\"potentialAction\":[{\"@type\":\"SearchAction\",\"target\":{\"@type\":\"EntryPoint\",\"urlTemplate\":\"https:\\\/\\\/buletin.de\\\/bucuresti\\\/?s={search_term_string}\"},\"query-input\":{\"@type\":\"PropertyValueSpecification\",\"valueRequired\":true,\"valueName\":\"search_term_string\"}}],\"inLanguage\":\"en-GB\"},{\"@type\":\"Organization\",\"@id\":\"https:\\\/\\\/buletin.de\\\/bucuresti\\\/#organization\",\"name\":\"Buletin de Bucure\u0219ti\",\"url\":\"https:\\\/\\\/buletin.de\\\/bucuresti\\\/\",\"logo\":{\"@type\":\"ImageObject\",\"inLanguage\":\"en-GB\",\"@id\":\"https:\\\/\\\/buletin.de\\\/bucuresti\\\/#\\\/schema\\\/logo\\\/image\\\/\",\"url\":\"https:\\\/\\\/buletin.de\\\/bucuresti\\\/wp-content\\\/uploads\\\/logo-bdb-full-wide-vernil-transparent.png\",\"contentUrl\":\"https:\\\/\\\/buletin.de\\\/bucuresti\\\/wp-content\\\/uploads\\\/logo-bdb-full-wide-vernil-transparent.png\",\"width\":1782,\"height\":626,\"caption\":\"Buletin de Bucure\u0219ti\"},\"image\":{\"@id\":\"https:\\\/\\\/buletin.de\\\/bucuresti\\\/#\\\/schema\\\/logo\\\/image\\\/\"},\"sameAs\":[\"https:\\\/\\\/www.facebook.com\\\/buletin.de.buc\",\"https:\\\/\\\/www.instagram.com\\\/buletinde.bucuresti\\\/\"]},{\"@type\":\"Person\",\"@id\":\"https:\\\/\\\/buletin.de\\\/bucuresti\\\/#\\\/schema\\\/person\\\/5272b8a057b33890940b57b837fc4ce6\",\"name\":\"Ionu\u021b Lepa\",\"image\":{\"@type\":\"ImageObject\",\"inLanguage\":\"en-GB\",\"@id\":\"https:\\\/\\\/buletin.de\\\/bucuresti\\\/wp-content\\\/uploads\\\/Ionut-Lepa-96x96.jpg5c4e4d9e049808799a8821652d2410a4\",\"url\":\"https:\\\/\\\/buletin.de\\\/bucuresti\\\/wp-content\\\/uploads\\\/Ionut-Lepa-96x96.jpg\",\"contentUrl\":\"https:\\\/\\\/buletin.de\\\/bucuresti\\\/wp-content\\\/uploads\\\/Ionut-Lepa-96x96.jpg\",\"caption\":\"Ionu\u021b Lepa\"},\"url\":\"https:\\\/\\\/buletin.de\\\/bucuresti\\\/author\\\/ionutlepa\\\/\"}]}<\/script>\n<!-- \/ Yoast SEO Premium plugin. -->","yoast_head_json":{"title":"A murit actri\u021ba Rona Hartner. Bucure\u0219teanca de 50 de ani avea cancer la creier \u0219i pl\u0103m\u00e2ni - Buletin de Bucure\u0219ti","robots":{"index":"index","follow":"follow","max-snippet":"max-snippet:-1","max-image-preview":"max-image-preview:large","max-video-preview":"max-video-preview:-1"},"canonical":"https:\/\/buletin.de\/bucuresti\/a-murit-actrita-rona-hartner-bucuresteanca-de-50-de-ani-avea-cancer-la-creier-si-plamani\/","og_locale":"en_GB","og_type":"article","og_title":"A murit actri\u021ba Rona Hartner. Bucure\u0219teanca de 50 de ani avea cancer la creier \u0219i pl\u0103m\u00e2ni","og_description":"Actri\u021ba, c\u00e2nt\u0103rea\u021ba \u0219i compozitoarea Rona Hartner a murit ast\u0103zi, 23 noiembrie, din cauza cancerului \u00een stadiu avansat. Sora sa a postat un mesaj pe Facebook \u00eenc\u0103 de ieri \u00een care spunea c\u0103 actri\u021ba \u201e\u00ee\u0219i tr\u0103ie\u0219te ultimele clipe\u201d. V\u0103 scriu s\u0103 v\u0103 cer g\u00e2nduri bune \u0219i rug\u0103ciuni pentru sora mea care \u00ee\u0219i tr\u0103ie\u0219te ultimele clipe. Ne [&hellip;]","og_url":"https:\/\/buletin.de\/bucuresti\/a-murit-actrita-rona-hartner-bucuresteanca-de-50-de-ani-avea-cancer-la-creier-si-plamani\/","og_site_name":"Buletin de Bucure\u0219ti","article_publisher":"https:\/\/www.facebook.com\/buletin.de.buc","article_published_time":"2023-11-23T12:10:01+00:00","article_modified_time":"2023-11-23T12:10:02+00:00","og_image":[{"width":1333,"height":1333,"url":"https:\/\/buletin.de\/bucuresti\/wp-content\/uploads\/rona-hartner.jpg","type":"image\/jpeg"}],"author":"Ionu\u021b Lepa","twitter_card":"summary_large_image","twitter_misc":{"Written by":"Ionu\u021b Lepa","Estimated reading time":"2 minutes"},"schema":{"@context":"https:\/\/schema.org","@graph":[{"@type":"Article","@id":"https:\/\/buletin.de\/bucuresti\/a-murit-actrita-rona-hartner-bucuresteanca-de-50-de-ani-avea-cancer-la-creier-si-plamani\/#article","isPartOf":{"@id":"https:\/\/buletin.de\/bucuresti\/a-murit-actrita-rona-hartner-bucuresteanca-de-50-de-ani-avea-cancer-la-creier-si-plamani\/"},"author":{"name":"Ionu\u021b Lepa","@id":"https:\/\/buletin.de\/bucuresti\/#\/schema\/person\/5272b8a057b33890940b57b837fc4ce6"},"headline":"A murit actri\u021ba Rona Hartner. Bucure\u0219teanca de 50 de ani avea cancer la creier \u0219i pl\u0103m\u00e2ni","datePublished":"2023-11-23T12:10:01+00:00","dateModified":"2023-11-23T12:10:02+00:00","mainEntityOfPage":{"@id":"https:\/\/buletin.de\/bucuresti\/a-murit-actrita-rona-hartner-bucuresteanca-de-50-de-ani-avea-cancer-la-creier-si-plamani\/"},"wordCount":321,"publisher":{"@id":"https:\/\/buletin.de\/bucuresti\/#organization"},"image":{"@id":"https:\/\/buletin.de\/bucuresti\/a-murit-actrita-rona-hartner-bucuresteanca-de-50-de-ani-avea-cancer-la-creier-si-plamani\/#primaryimage"},"thumbnailUrl":"https:\/\/buletin.de\/bucuresti\/wp-content\/uploads\/rona-hartner.jpg","keywords":["a murit rona hartner","actrita decedata","rona hartner"],"articleSection":["Articole","\u0218tiri"],"inLanguage":"en-GB","copyrightYear":"2023","copyrightHolder":{"@id":"https:\/\/buletin.de\/bucuresti\/#organization"}},{"@type":"WebPage","@id":"https:\/\/buletin.de\/bucuresti\/a-murit-actrita-rona-hartner-bucuresteanca-de-50-de-ani-avea-cancer-la-creier-si-plamani\/","url":"https:\/\/buletin.de\/bucuresti\/a-murit-actrita-rona-hartner-bucuresteanca-de-50-de-ani-avea-cancer-la-creier-si-plamani\/","name":"A murit actri\u021ba Rona Hartner. Bucure\u0219teanca de 50 de ani avea cancer la creier \u0219i pl\u0103m\u00e2ni - Buletin de Bucure\u0219ti","isPartOf":{"@id":"https:\/\/buletin.de\/bucuresti\/#website"},"primaryImageOfPage":{"@id":"https:\/\/buletin.de\/bucuresti\/a-murit-actrita-rona-hartner-bucuresteanca-de-50-de-ani-avea-cancer-la-creier-si-plamani\/#primaryimage"},"image":{"@id":"https:\/\/buletin.de\/bucuresti\/a-murit-actrita-rona-hartner-bucuresteanca-de-50-de-ani-avea-cancer-la-creier-si-plamani\/#primaryimage"},"thumbnailUrl":"https:\/\/buletin.de\/bucuresti\/wp-content\/uploads\/rona-hartner.jpg","datePublished":"2023-11-23T12:10:01+00:00","dateModified":"2023-11-23T12:10:02+00:00","breadcrumb":{"@id":"https:\/\/buletin.de\/bucuresti\/a-murit-actrita-rona-hartner-bucuresteanca-de-50-de-ani-avea-cancer-la-creier-si-plamani\/#breadcrumb"},"inLanguage":"en-GB","potentialAction":[{"@type":"ReadAction","target":["https:\/\/buletin.de\/bucuresti\/a-murit-actrita-rona-hartner-bucuresteanca-de-50-de-ani-avea-cancer-la-creier-si-plamani\/"]}]},{"@type":"ImageObject","inLanguage":"en-GB","@id":"https:\/\/buletin.de\/bucuresti\/a-murit-actrita-rona-hartner-bucuresteanca-de-50-de-ani-avea-cancer-la-creier-si-plamani\/#primaryimage","url":"https:\/\/buletin.de\/bucuresti\/wp-content\/uploads\/rona-hartner.jpg","contentUrl":"https:\/\/buletin.de\/bucuresti\/wp-content\/uploads\/rona-hartner.jpg","width":1333,"height":1333,"caption":"FOTO: FB \/ Rona Hartner"},{"@type":"BreadcrumbList","@id":"https:\/\/buletin.de\/bucuresti\/a-murit-actrita-rona-hartner-bucuresteanca-de-50-de-ani-avea-cancer-la-creier-si-plamani\/#breadcrumb","itemListElement":[{"@type":"ListItem","position":1,"name":"Acas\u0103","item":"https:\/\/buletin.de\/bucuresti\/"},{"@type":"ListItem","position":2,"name":"A murit actri\u021ba Rona Hartner. Bucure\u0219teanca de 50 de ani avea cancer la creier \u0219i pl\u0103m\u00e2ni"}]},{"@type":"WebSite","@id":"https:\/\/buletin.de\/bucuresti\/#website","url":"https:\/\/buletin.de\/bucuresti\/","name":"Buletin de Bucure\u0219ti","description":"\u0218tiri \u0219i investiga\u021bii esen\u021biale din capital\u0103","publisher":{"@id":"https:\/\/buletin.de\/bucuresti\/#organization"},"potentialAction":[{"@type":"SearchAction","target":{"@type":"EntryPoint","urlTemplate":"https:\/\/buletin.de\/bucuresti\/?s={search_term_string}"},"query-input":{"@type":"PropertyValueSpecification","valueRequired":true,"valueName":"search_term_string"}}],"inLanguage":"en-GB"},{"@type":"Organization","@id":"https:\/\/buletin.de\/bucuresti\/#organization","name":"Buletin de Bucure\u0219ti","url":"https:\/\/buletin.de\/bucuresti\/","logo":{"@type":"ImageObject","inLanguage":"en-GB","@id":"https:\/\/buletin.de\/bucuresti\/#\/schema\/logo\/image\/","url":"https:\/\/buletin.de\/bucuresti\/wp-content\/uploads\/logo-bdb-full-wide-vernil-transparent.png","contentUrl":"https:\/\/buletin.de\/bucuresti\/wp-content\/uploads\/logo-bdb-full-wide-vernil-transparent.png","width":1782,"height":626,"caption":"Buletin de Bucure\u0219ti"},"image":{"@id":"https:\/\/buletin.de\/bucuresti\/#\/schema\/logo\/image\/"},"sameAs":["https:\/\/www.facebook.com\/buletin.de.buc","https:\/\/www.instagram.com\/buletinde.bucuresti\/"]},{"@type":"Person","@id":"https:\/\/buletin.de\/bucuresti\/#\/schema\/person\/5272b8a057b33890940b57b837fc4ce6","name":"Ionu\u021b Lepa","image":{"@type":"ImageObject","inLanguage":"en-GB","@id":"https:\/\/buletin.de\/bucuresti\/wp-content\/uploads\/Ionut-Lepa-96x96.jpg5c4e4d9e049808799a8821652d2410a4","url":"https:\/\/buletin.de\/bucuresti\/wp-content\/uploads\/Ionut-Lepa-96x96.jpg","contentUrl":"https:\/\/buletin.de\/bucuresti\/wp-content\/uploads\/Ionut-Lepa-96x96.jpg","caption":"Ionu\u021b Lepa"},"url":"https:\/\/buletin.de\/bucuresti\/author\/ionutlepa\/"}]}},"authors":[{"term_id":22586,"user_id":8,"is_guest":0,"slug":"ionutlepa","display_name":"Ionu\u021b Lepa","avatar_url":"https:\/\/buletin.de\/bucuresti\/wp-content\/uploads\/Ionut-Lepa-96x96.jpg","0":null,"1":"","2":"","3":"","4":"","5":"","6":"","7":"","8":""}],"_links":{"self":[{"href":"https:\/\/buletin.de\/bucuresti\/wp-json\/wp\/v2\/posts\/69790","targetHints":{"allow":["GET"]}}],"collection":[{"href":"https:\/\/buletin.de\/bucuresti\/wp-json\/wp\/v2\/posts"}],"about":[{"href":"https:\/\/buletin.de\/bucuresti\/wp-json\/wp\/v2\/types\/post"}],"author":[{"embeddable":true,"href":"https:\/\/buletin.de\/bucuresti\/wp-json\/wp\/v2\/users\/8"}],"replies":[{"embeddable":true,"href":"https:\/\/buletin.de\/bucuresti\/wp-json\/wp\/v2\/comments?post=69790"}],"version-history":[{"count":2,"href":"https:\/\/buletin.de\/bucuresti\/wp-json\/wp\/v2\/posts\/69790\/revisions"}],"predecessor-version":[{"id":69798,"href":"https:\/\/buletin.de\/bucuresti\/wp-json\/wp\/v2\/posts\/69790\/revisions\/69798"}],"wp:featuredmedia":[{"embeddable":true,"href":"https:\/\/buletin.de\/bucuresti\/wp-json\/wp\/v2\/media\/69796"}],"wp:attachment":[{"href":"https:\/\/buletin.de\/bucuresti\/wp-json\/wp\/v2\/media?parent=69790"}],"wp:term":[{"taxonomy":"category","embeddable":true,"href":"https:\/\/buletin.de\/bucuresti\/wp-json\/wp\/v2\/categories?post=69790"},{"taxonomy":"post_tag","embeddable":true,"href":"https:\/\/buletin.de\/bucuresti\/wp-json\/wp\/v2\/tags?post=69790"},{"taxonomy":"author","embeddable":true,"href":"https:\/\/buletin.de\/bucuresti\/wp-json\/wp\/v2\/ppma_author?post=69790"}],"curies":[{"name":"wp","href":"https:\/\/api.w.org\/{rel}","templated":true}]}}