{"id":69751,"date":"2023-11-23T10:59:14","date_gmt":"2023-11-23T08:59:14","guid":{"rendered":"https:\/\/buletin.de\/bucuresti\/?p=69751"},"modified":"2023-11-23T10:59:14","modified_gmt":"2023-11-23T08:59:14","slug":"fabrica-din-drumul-taberei-inchisa-pentru-un-cartier-rezidential","status":"publish","type":"post","link":"https:\/\/buletin.de\/bucuresti\/fabrica-din-drumul-taberei-inchisa-pentru-un-cartier-rezidential\/","title":{"rendered":"Fabric\u0103 din Drumul Taberei, \u00eenchis\u0103 pentru un cartier reziden\u021bial"},"content":{"rendered":"\n<p><strong>Fabrica de suplimente alimentare Fabiol din Drumul Taberei \u00ee\u0219i \u00eenchide produc\u021bia, iar, \u00een loc, se va construi un complex reziden\u021bial cu mai bine de 700 de apartamente, spune <a href=\"https:\/\/www.profit.ro\/povesti-cu-profit\/real-estate-constructii\/exclusiv-foto-fabrica-fabiol-drumul-taberei-inchisa-face-loc-unui-proiect-rezidential-amplu-utilaje-preluate-hyllan-pharma-cel-mare-client-fabricii-deschide-unitate-otopeni-21395225?utm_source=Rss&amp;utm_medium=Referral&amp;utm_campaign=Cross\">profit.ro<\/a>.<\/strong> <strong>Este un teren de 19.100 de metri p\u0103tra\u021bi, pe bulevardul Timi\u0219oara, la num\u0103rul 50<\/strong>.<\/p>\n\n\n\n<p>Proprietarul va d\u0103r\u00e2ma construc\u021biile existente, iar aici va fi construit un ansamblu format din 3 blocuri: unul mai mare, sub form\u0103 de L, cu dou\u0103 subsoluri, parter \u0219i 14 etaje, \u0219i \u00eenc\u0103 dou\u0103 mai mici cu dou\u0103 subsoluri, parter \u0219i 3, p\u00e2n\u0103 la 5 etaje retrase, plus spa\u021bii comerciale. Fabiol inten\u021bioneaz\u0103 s\u0103 v\u00e2nd\u0103 proiectul imobiliar unui dezvoltator specializat \u0219i, \u00een acest sens, au purtat deja discu\u021bii, potrivit informa\u021biilor ob\u021binute de Profit.ro.<\/p>\n\n\n\n<p>Principalul client al Fabiol, Hyllan Pharma, va prelua o parte din utilajele fabricii \u0219i le va muta \u00eentr-o nou\u0103 unitate de produc\u021bie, pe care a construit-o \u00een Otopeni. <\/p>\n\n\n\n<p>Prima fabric\u0103 a Hyllan Pharma va \u00eencepe produc\u021bia p\u00e2n\u0103 \u00een ianuarie 2024, pe un amplasament \u00een care vor fi depozite \u0219i o sec\u021bie de produc\u021bie cu o suprafa\u021b\u0103 de 500 de metri p\u0103tra\u021bi. Fabrica din Otopeni va fi dedicat\u0103, \u00een principal, condi\u021bion\u0103rii de produse probiotice \u0219i reprezint\u0103 o investi\u021bie estimat\u0103 la 1,1 milioane de euro, dup\u0103 cum a scris profit.ro <a href=\"https:\/\/www.profit.ro\/povesti-cu-profit\/real-estate-constructii\/exclusiv-foto-fabrica-fabiol-drumul-taberei-inchisa-face-loc-unui-proiect-rezidential-amplu-utilaje-preluate-hyllan-pharma-cel-mare-client-fabricii-deschide-unitate-otopeni-21395225?utm_source=Rss&amp;utm_medium=Referral&amp;utm_campaign=Cross\">AICI<\/a>.<\/p>\n\n\n\n<p><\/p>\n\n\n\n<p><\/p>\n\n\n\n<p><\/p>\n","protected":false},"excerpt":{"rendered":"<p>Fabrica de suplimente alimentare Fabiol din Drumul Taberei \u00ee\u0219i \u00eenchide produc\u021bia, iar, \u00een loc, se va construi un complex reziden\u021bial cu mai bine de 700 de apartamente, spune profit.ro. Este un teren de 19.100 de metri p\u0103tra\u021bi, pe bulevardul Timi\u0219oara, la num\u0103rul 50. Proprietarul va d\u0103r\u00e2ma construc\u021biile existente, iar aici va fi construit un ansamblu [&hellip;]<\/p>\n","protected":false},"author":8,"featured_media":69755,"comment_status":"closed","ping_status":"open","sticky":false,"template":"","format":"standard","meta":{"_acf_changed":false,"inline_featured_image":false,"ngg_post_thumbnail":0,"footnotes":""},"categories":[6994,5762],"tags":[7953,7955,7952,7956],"ppma_author":[22586],"class_list":["post-69751","post","type-post","status-publish","format-standard","has-post-thumbnail","hentry","category-stiri-2","category-main","tag-complex-rezidential-bd-timisoara","tag-fabiol","tag-fabrica-drumul-taberei","tag-hyllan-pharma"],"acf":[],"yoast_head":"<!-- This site is optimized with the Yoast SEO Premium plugin v25.3 (Yoast SEO v27.5) - https:\/\/yoast.com\/product\/yoast-seo-premium-wordpress\/ -->\n<title>Fabric\u0103 din Drumul Taberei, \u00eenchis\u0103 pentru un cartier reziden\u021bial - Buletin de Bucure\u0219ti<\/title>\n<meta name=\"robots\" content=\"index, follow, max-snippet:-1, max-image-preview:large, max-video-preview:-1\" \/>\n<link rel=\"canonical\" href=\"https:\/\/buletin.de\/bucuresti\/fabrica-din-drumul-taberei-inchisa-pentru-un-cartier-rezidential\/\" \/>\n<meta property=\"og:locale\" content=\"en_GB\" \/>\n<meta property=\"og:type\" content=\"article\" \/>\n<meta property=\"og:title\" content=\"Fabric\u0103 din Drumul Taberei, \u00eenchis\u0103 pentru un cartier reziden\u021bial\" \/>\n<meta property=\"og:description\" content=\"Fabrica de suplimente alimentare Fabiol din Drumul Taberei \u00ee\u0219i \u00eenchide produc\u021bia, iar, \u00een loc, se va construi un complex reziden\u021bial cu mai bine de 700 de apartamente, spune profit.ro. Este un teren de 19.100 de metri p\u0103tra\u021bi, pe bulevardul Timi\u0219oara, la num\u0103rul 50. Proprietarul va d\u0103r\u00e2ma construc\u021biile existente, iar aici va fi construit un ansamblu [&hellip;]\" \/>\n<meta property=\"og:url\" content=\"https:\/\/buletin.de\/bucuresti\/fabrica-din-drumul-taberei-inchisa-pentru-un-cartier-rezidential\/\" \/>\n<meta property=\"og:site_name\" content=\"Buletin de Bucure\u0219ti\" \/>\n<meta property=\"article:publisher\" content=\"https:\/\/www.facebook.com\/buletin.de.buc\" \/>\n<meta property=\"article:published_time\" content=\"2023-11-23T08:59:14+00:00\" \/>\n<meta property=\"og:image\" content=\"https:\/\/buletin.de\/bucuresti\/wp-content\/uploads\/fitomel-1.jpg\" \/>\n\t<meta property=\"og:image:width\" content=\"1325\" \/>\n\t<meta property=\"og:image:height\" content=\"959\" \/>\n\t<meta property=\"og:image:type\" content=\"image\/jpeg\" \/>\n<meta name=\"author\" content=\"Ionu\u021b Lepa\" \/>\n<meta name=\"twitter:card\" content=\"summary_large_image\" \/>\n<meta name=\"twitter:label1\" content=\"Written by\" \/>\n\t<meta name=\"twitter:data1\" content=\"Ionu\u021b Lepa\" \/>\n\t<meta name=\"twitter:label2\" content=\"Estimated reading time\" \/>\n\t<meta name=\"twitter:data2\" content=\"1 minute\" \/>\n<script type=\"application\/ld+json\" class=\"yoast-schema-graph\">{\"@context\":\"https:\\\/\\\/schema.org\",\"@graph\":[{\"@type\":\"Article\",\"@id\":\"https:\\\/\\\/buletin.de\\\/bucuresti\\\/fabrica-din-drumul-taberei-inchisa-pentru-un-cartier-rezidential\\\/#article\",\"isPartOf\":{\"@id\":\"https:\\\/\\\/buletin.de\\\/bucuresti\\\/fabrica-din-drumul-taberei-inchisa-pentru-un-cartier-rezidential\\\/\"},\"author\":{\"name\":\"Ionu\u021b Lepa\",\"@id\":\"https:\\\/\\\/buletin.de\\\/bucuresti\\\/#\\\/schema\\\/person\\\/5272b8a057b33890940b57b837fc4ce6\"},\"headline\":\"Fabric\u0103 din Drumul Taberei, \u00eenchis\u0103 pentru un cartier reziden\u021bial\",\"datePublished\":\"2023-11-23T08:59:14+00:00\",\"mainEntityOfPage\":{\"@id\":\"https:\\\/\\\/buletin.de\\\/bucuresti\\\/fabrica-din-drumul-taberei-inchisa-pentru-un-cartier-rezidential\\\/\"},\"wordCount\":232,\"publisher\":{\"@id\":\"https:\\\/\\\/buletin.de\\\/bucuresti\\\/#organization\"},\"image\":{\"@id\":\"https:\\\/\\\/buletin.de\\\/bucuresti\\\/fabrica-din-drumul-taberei-inchisa-pentru-un-cartier-rezidential\\\/#primaryimage\"},\"thumbnailUrl\":\"https:\\\/\\\/buletin.de\\\/bucuresti\\\/wp-content\\\/uploads\\\/fitomel-1.jpg\",\"keywords\":[\"complex rezidential bd timisoara\",\"fabiol\",\"fabrica drumul taberei\",\"hyllan pharma\"],\"articleSection\":[\"Articole\",\"Main\"],\"inLanguage\":\"en-GB\",\"copyrightYear\":\"2023\",\"copyrightHolder\":{\"@id\":\"https:\\\/\\\/buletin.de\\\/bucuresti\\\/#organization\"}},{\"@type\":\"WebPage\",\"@id\":\"https:\\\/\\\/buletin.de\\\/bucuresti\\\/fabrica-din-drumul-taberei-inchisa-pentru-un-cartier-rezidential\\\/\",\"url\":\"https:\\\/\\\/buletin.de\\\/bucuresti\\\/fabrica-din-drumul-taberei-inchisa-pentru-un-cartier-rezidential\\\/\",\"name\":\"Fabric\u0103 din Drumul Taberei, \u00eenchis\u0103 pentru un cartier reziden\u021bial - Buletin de Bucure\u0219ti\",\"isPartOf\":{\"@id\":\"https:\\\/\\\/buletin.de\\\/bucuresti\\\/#website\"},\"primaryImageOfPage\":{\"@id\":\"https:\\\/\\\/buletin.de\\\/bucuresti\\\/fabrica-din-drumul-taberei-inchisa-pentru-un-cartier-rezidential\\\/#primaryimage\"},\"image\":{\"@id\":\"https:\\\/\\\/buletin.de\\\/bucuresti\\\/fabrica-din-drumul-taberei-inchisa-pentru-un-cartier-rezidential\\\/#primaryimage\"},\"thumbnailUrl\":\"https:\\\/\\\/buletin.de\\\/bucuresti\\\/wp-content\\\/uploads\\\/fitomel-1.jpg\",\"datePublished\":\"2023-11-23T08:59:14+00:00\",\"breadcrumb\":{\"@id\":\"https:\\\/\\\/buletin.de\\\/bucuresti\\\/fabrica-din-drumul-taberei-inchisa-pentru-un-cartier-rezidential\\\/#breadcrumb\"},\"inLanguage\":\"en-GB\",\"potentialAction\":[{\"@type\":\"ReadAction\",\"target\":[\"https:\\\/\\\/buletin.de\\\/bucuresti\\\/fabrica-din-drumul-taberei-inchisa-pentru-un-cartier-rezidential\\\/\"]}]},{\"@type\":\"ImageObject\",\"inLanguage\":\"en-GB\",\"@id\":\"https:\\\/\\\/buletin.de\\\/bucuresti\\\/fabrica-din-drumul-taberei-inchisa-pentru-un-cartier-rezidential\\\/#primaryimage\",\"url\":\"https:\\\/\\\/buletin.de\\\/bucuresti\\\/wp-content\\\/uploads\\\/fitomel-1.jpg\",\"contentUrl\":\"https:\\\/\\\/buletin.de\\\/bucuresti\\\/wp-content\\\/uploads\\\/fitomel-1.jpg\",\"width\":1325,\"height\":959,\"caption\":\"FOTO: Randare din Planul Urbanistic de Dezvoltare, sursa: profit.ro\"},{\"@type\":\"BreadcrumbList\",\"@id\":\"https:\\\/\\\/buletin.de\\\/bucuresti\\\/fabrica-din-drumul-taberei-inchisa-pentru-un-cartier-rezidential\\\/#breadcrumb\",\"itemListElement\":[{\"@type\":\"ListItem\",\"position\":1,\"name\":\"Acas\u0103\",\"item\":\"https:\\\/\\\/buletin.de\\\/bucuresti\\\/\"},{\"@type\":\"ListItem\",\"position\":2,\"name\":\"Fabric\u0103 din Drumul Taberei, \u00eenchis\u0103 pentru un cartier reziden\u021bial\"}]},{\"@type\":\"WebSite\",\"@id\":\"https:\\\/\\\/buletin.de\\\/bucuresti\\\/#website\",\"url\":\"https:\\\/\\\/buletin.de\\\/bucuresti\\\/\",\"name\":\"Buletin de Bucure\u0219ti\",\"description\":\"\u0218tiri \u0219i investiga\u021bii esen\u021biale din capital\u0103\",\"publisher\":{\"@id\":\"https:\\\/\\\/buletin.de\\\/bucuresti\\\/#organization\"},\"potentialAction\":[{\"@type\":\"SearchAction\",\"target\":{\"@type\":\"EntryPoint\",\"urlTemplate\":\"https:\\\/\\\/buletin.de\\\/bucuresti\\\/?s={search_term_string}\"},\"query-input\":{\"@type\":\"PropertyValueSpecification\",\"valueRequired\":true,\"valueName\":\"search_term_string\"}}],\"inLanguage\":\"en-GB\"},{\"@type\":\"Organization\",\"@id\":\"https:\\\/\\\/buletin.de\\\/bucuresti\\\/#organization\",\"name\":\"Buletin de Bucure\u0219ti\",\"url\":\"https:\\\/\\\/buletin.de\\\/bucuresti\\\/\",\"logo\":{\"@type\":\"ImageObject\",\"inLanguage\":\"en-GB\",\"@id\":\"https:\\\/\\\/buletin.de\\\/bucuresti\\\/#\\\/schema\\\/logo\\\/image\\\/\",\"url\":\"https:\\\/\\\/buletin.de\\\/bucuresti\\\/wp-content\\\/uploads\\\/logo-bdb-full-wide-vernil-transparent.png\",\"contentUrl\":\"https:\\\/\\\/buletin.de\\\/bucuresti\\\/wp-content\\\/uploads\\\/logo-bdb-full-wide-vernil-transparent.png\",\"width\":1782,\"height\":626,\"caption\":\"Buletin de Bucure\u0219ti\"},\"image\":{\"@id\":\"https:\\\/\\\/buletin.de\\\/bucuresti\\\/#\\\/schema\\\/logo\\\/image\\\/\"},\"sameAs\":[\"https:\\\/\\\/www.facebook.com\\\/buletin.de.buc\",\"https:\\\/\\\/www.instagram.com\\\/buletinde.bucuresti\\\/\"]},{\"@type\":\"Person\",\"@id\":\"https:\\\/\\\/buletin.de\\\/bucuresti\\\/#\\\/schema\\\/person\\\/5272b8a057b33890940b57b837fc4ce6\",\"name\":\"Ionu\u021b Lepa\",\"image\":{\"@type\":\"ImageObject\",\"inLanguage\":\"en-GB\",\"@id\":\"https:\\\/\\\/buletin.de\\\/bucuresti\\\/wp-content\\\/uploads\\\/Ionut-Lepa-96x96.jpg5c4e4d9e049808799a8821652d2410a4\",\"url\":\"https:\\\/\\\/buletin.de\\\/bucuresti\\\/wp-content\\\/uploads\\\/Ionut-Lepa-96x96.jpg\",\"contentUrl\":\"https:\\\/\\\/buletin.de\\\/bucuresti\\\/wp-content\\\/uploads\\\/Ionut-Lepa-96x96.jpg\",\"caption\":\"Ionu\u021b Lepa\"},\"url\":\"https:\\\/\\\/buletin.de\\\/bucuresti\\\/author\\\/ionutlepa\\\/\"}]}<\/script>\n<!-- \/ Yoast SEO Premium plugin. -->","yoast_head_json":{"title":"Fabric\u0103 din Drumul Taberei, \u00eenchis\u0103 pentru un cartier reziden\u021bial - Buletin de Bucure\u0219ti","robots":{"index":"index","follow":"follow","max-snippet":"max-snippet:-1","max-image-preview":"max-image-preview:large","max-video-preview":"max-video-preview:-1"},"canonical":"https:\/\/buletin.de\/bucuresti\/fabrica-din-drumul-taberei-inchisa-pentru-un-cartier-rezidential\/","og_locale":"en_GB","og_type":"article","og_title":"Fabric\u0103 din Drumul Taberei, \u00eenchis\u0103 pentru un cartier reziden\u021bial","og_description":"Fabrica de suplimente alimentare Fabiol din Drumul Taberei \u00ee\u0219i \u00eenchide produc\u021bia, iar, \u00een loc, se va construi un complex reziden\u021bial cu mai bine de 700 de apartamente, spune profit.ro. Este un teren de 19.100 de metri p\u0103tra\u021bi, pe bulevardul Timi\u0219oara, la num\u0103rul 50. Proprietarul va d\u0103r\u00e2ma construc\u021biile existente, iar aici va fi construit un ansamblu [&hellip;]","og_url":"https:\/\/buletin.de\/bucuresti\/fabrica-din-drumul-taberei-inchisa-pentru-un-cartier-rezidential\/","og_site_name":"Buletin de Bucure\u0219ti","article_publisher":"https:\/\/www.facebook.com\/buletin.de.buc","article_published_time":"2023-11-23T08:59:14+00:00","og_image":[{"width":1325,"height":959,"url":"https:\/\/buletin.de\/bucuresti\/wp-content\/uploads\/fitomel-1.jpg","type":"image\/jpeg"}],"author":"Ionu\u021b Lepa","twitter_card":"summary_large_image","twitter_misc":{"Written by":"Ionu\u021b Lepa","Estimated reading time":"1 minute"},"schema":{"@context":"https:\/\/schema.org","@graph":[{"@type":"Article","@id":"https:\/\/buletin.de\/bucuresti\/fabrica-din-drumul-taberei-inchisa-pentru-un-cartier-rezidential\/#article","isPartOf":{"@id":"https:\/\/buletin.de\/bucuresti\/fabrica-din-drumul-taberei-inchisa-pentru-un-cartier-rezidential\/"},"author":{"name":"Ionu\u021b Lepa","@id":"https:\/\/buletin.de\/bucuresti\/#\/schema\/person\/5272b8a057b33890940b57b837fc4ce6"},"headline":"Fabric\u0103 din Drumul Taberei, \u00eenchis\u0103 pentru un cartier reziden\u021bial","datePublished":"2023-11-23T08:59:14+00:00","mainEntityOfPage":{"@id":"https:\/\/buletin.de\/bucuresti\/fabrica-din-drumul-taberei-inchisa-pentru-un-cartier-rezidential\/"},"wordCount":232,"publisher":{"@id":"https:\/\/buletin.de\/bucuresti\/#organization"},"image":{"@id":"https:\/\/buletin.de\/bucuresti\/fabrica-din-drumul-taberei-inchisa-pentru-un-cartier-rezidential\/#primaryimage"},"thumbnailUrl":"https:\/\/buletin.de\/bucuresti\/wp-content\/uploads\/fitomel-1.jpg","keywords":["complex rezidential bd timisoara","fabiol","fabrica drumul taberei","hyllan pharma"],"articleSection":["Articole","Main"],"inLanguage":"en-GB","copyrightYear":"2023","copyrightHolder":{"@id":"https:\/\/buletin.de\/bucuresti\/#organization"}},{"@type":"WebPage","@id":"https:\/\/buletin.de\/bucuresti\/fabrica-din-drumul-taberei-inchisa-pentru-un-cartier-rezidential\/","url":"https:\/\/buletin.de\/bucuresti\/fabrica-din-drumul-taberei-inchisa-pentru-un-cartier-rezidential\/","name":"Fabric\u0103 din Drumul Taberei, \u00eenchis\u0103 pentru un cartier reziden\u021bial - Buletin de Bucure\u0219ti","isPartOf":{"@id":"https:\/\/buletin.de\/bucuresti\/#website"},"primaryImageOfPage":{"@id":"https:\/\/buletin.de\/bucuresti\/fabrica-din-drumul-taberei-inchisa-pentru-un-cartier-rezidential\/#primaryimage"},"image":{"@id":"https:\/\/buletin.de\/bucuresti\/fabrica-din-drumul-taberei-inchisa-pentru-un-cartier-rezidential\/#primaryimage"},"thumbnailUrl":"https:\/\/buletin.de\/bucuresti\/wp-content\/uploads\/fitomel-1.jpg","datePublished":"2023-11-23T08:59:14+00:00","breadcrumb":{"@id":"https:\/\/buletin.de\/bucuresti\/fabrica-din-drumul-taberei-inchisa-pentru-un-cartier-rezidential\/#breadcrumb"},"inLanguage":"en-GB","potentialAction":[{"@type":"ReadAction","target":["https:\/\/buletin.de\/bucuresti\/fabrica-din-drumul-taberei-inchisa-pentru-un-cartier-rezidential\/"]}]},{"@type":"ImageObject","inLanguage":"en-GB","@id":"https:\/\/buletin.de\/bucuresti\/fabrica-din-drumul-taberei-inchisa-pentru-un-cartier-rezidential\/#primaryimage","url":"https:\/\/buletin.de\/bucuresti\/wp-content\/uploads\/fitomel-1.jpg","contentUrl":"https:\/\/buletin.de\/bucuresti\/wp-content\/uploads\/fitomel-1.jpg","width":1325,"height":959,"caption":"FOTO: Randare din Planul Urbanistic de Dezvoltare, sursa: profit.ro"},{"@type":"BreadcrumbList","@id":"https:\/\/buletin.de\/bucuresti\/fabrica-din-drumul-taberei-inchisa-pentru-un-cartier-rezidential\/#breadcrumb","itemListElement":[{"@type":"ListItem","position":1,"name":"Acas\u0103","item":"https:\/\/buletin.de\/bucuresti\/"},{"@type":"ListItem","position":2,"name":"Fabric\u0103 din Drumul Taberei, \u00eenchis\u0103 pentru un cartier reziden\u021bial"}]},{"@type":"WebSite","@id":"https:\/\/buletin.de\/bucuresti\/#website","url":"https:\/\/buletin.de\/bucuresti\/","name":"Buletin de Bucure\u0219ti","description":"\u0218tiri \u0219i investiga\u021bii esen\u021biale din capital\u0103","publisher":{"@id":"https:\/\/buletin.de\/bucuresti\/#organization"},"potentialAction":[{"@type":"SearchAction","target":{"@type":"EntryPoint","urlTemplate":"https:\/\/buletin.de\/bucuresti\/?s={search_term_string}"},"query-input":{"@type":"PropertyValueSpecification","valueRequired":true,"valueName":"search_term_string"}}],"inLanguage":"en-GB"},{"@type":"Organization","@id":"https:\/\/buletin.de\/bucuresti\/#organization","name":"Buletin de Bucure\u0219ti","url":"https:\/\/buletin.de\/bucuresti\/","logo":{"@type":"ImageObject","inLanguage":"en-GB","@id":"https:\/\/buletin.de\/bucuresti\/#\/schema\/logo\/image\/","url":"https:\/\/buletin.de\/bucuresti\/wp-content\/uploads\/logo-bdb-full-wide-vernil-transparent.png","contentUrl":"https:\/\/buletin.de\/bucuresti\/wp-content\/uploads\/logo-bdb-full-wide-vernil-transparent.png","width":1782,"height":626,"caption":"Buletin de Bucure\u0219ti"},"image":{"@id":"https:\/\/buletin.de\/bucuresti\/#\/schema\/logo\/image\/"},"sameAs":["https:\/\/www.facebook.com\/buletin.de.buc","https:\/\/www.instagram.com\/buletinde.bucuresti\/"]},{"@type":"Person","@id":"https:\/\/buletin.de\/bucuresti\/#\/schema\/person\/5272b8a057b33890940b57b837fc4ce6","name":"Ionu\u021b Lepa","image":{"@type":"ImageObject","inLanguage":"en-GB","@id":"https:\/\/buletin.de\/bucuresti\/wp-content\/uploads\/Ionut-Lepa-96x96.jpg5c4e4d9e049808799a8821652d2410a4","url":"https:\/\/buletin.de\/bucuresti\/wp-content\/uploads\/Ionut-Lepa-96x96.jpg","contentUrl":"https:\/\/buletin.de\/bucuresti\/wp-content\/uploads\/Ionut-Lepa-96x96.jpg","caption":"Ionu\u021b Lepa"},"url":"https:\/\/buletin.de\/bucuresti\/author\/ionutlepa\/"}]}},"authors":[{"term_id":22586,"user_id":8,"is_guest":0,"slug":"ionutlepa","display_name":"Ionu\u021b Lepa","avatar_url":"https:\/\/buletin.de\/bucuresti\/wp-content\/uploads\/Ionut-Lepa-96x96.jpg","0":null,"1":"","2":"","3":"","4":"","5":"","6":"","7":"","8":""}],"_links":{"self":[{"href":"https:\/\/buletin.de\/bucuresti\/wp-json\/wp\/v2\/posts\/69751","targetHints":{"allow":["GET"]}}],"collection":[{"href":"https:\/\/buletin.de\/bucuresti\/wp-json\/wp\/v2\/posts"}],"about":[{"href":"https:\/\/buletin.de\/bucuresti\/wp-json\/wp\/v2\/types\/post"}],"author":[{"embeddable":true,"href":"https:\/\/buletin.de\/bucuresti\/wp-json\/wp\/v2\/users\/8"}],"replies":[{"embeddable":true,"href":"https:\/\/buletin.de\/bucuresti\/wp-json\/wp\/v2\/comments?post=69751"}],"version-history":[{"count":1,"href":"https:\/\/buletin.de\/bucuresti\/wp-json\/wp\/v2\/posts\/69751\/revisions"}],"predecessor-version":[{"id":69762,"href":"https:\/\/buletin.de\/bucuresti\/wp-json\/wp\/v2\/posts\/69751\/revisions\/69762"}],"wp:featuredmedia":[{"embeddable":true,"href":"https:\/\/buletin.de\/bucuresti\/wp-json\/wp\/v2\/media\/69755"}],"wp:attachment":[{"href":"https:\/\/buletin.de\/bucuresti\/wp-json\/wp\/v2\/media?parent=69751"}],"wp:term":[{"taxonomy":"category","embeddable":true,"href":"https:\/\/buletin.de\/bucuresti\/wp-json\/wp\/v2\/categories?post=69751"},{"taxonomy":"post_tag","embeddable":true,"href":"https:\/\/buletin.de\/bucuresti\/wp-json\/wp\/v2\/tags?post=69751"},{"taxonomy":"author","embeddable":true,"href":"https:\/\/buletin.de\/bucuresti\/wp-json\/wp\/v2\/ppma_author?post=69751"}],"curies":[{"name":"wp","href":"https:\/\/api.w.org\/{rel}","templated":true}]}}