{"id":69702,"date":"2023-11-22T16:33:27","date_gmt":"2023-11-22T14:33:27","guid":{"rendered":"https:\/\/buletin.de\/bucuresti\/?p=69702"},"modified":"2023-11-23T07:17:28","modified_gmt":"2023-11-23T05:17:28","slug":"editorial-final-elevetian-pentru-arena-nationala-cati-suporteri-au-petrecut-nationala-in-drumul-spre-germania","status":"publish","type":"post","link":"https:\/\/buletin.de\/bucuresti\/editorial-final-elevetian-pentru-arena-nationala-cati-suporteri-au-petrecut-nationala-in-drumul-spre-germania\/","title":{"rendered":"EDITORIAL | Final \u201eelve\u021bian\u201c pentru Arena Na\u021bional\u0103: c\u00e2\u021bi suporteri au \u201epetrecut\u201c na\u021bionala \u00een drumul\u00a0spre\u00a0Germania?"},"content":{"rendered":"\n<p><strong>Bucure\u0219tiul s-a blocat un pic mar\u021bi sear\u0103: nu doar ma\u0219inile au stat \u00een traficul de pe fostul bulevard al \u201eMarelui Stadion\u201d, ci \u0219i mintea microbi\u0219tilor a stat un pic \u00een loc pentru c\u0103 am ob\u021binut o performan\u021b\u0103 sportiv\u0103 nea\u0219teptat\u0103 acum c\u00e2teva luni.&nbsp;50.224 de rom\u00e2ni au venit, cu mic, cu mare, s\u0103 vad\u0103 minunea de pe Arena Na\u021bional\u0103 din Bucure\u0219ti: mergem \u00een Germania vara viitoare, s\u0103 aplaud\u0103m na\u021bionala de fotbal, calificat\u0103 dup\u0103 8 ani de absen\u021b\u0103, la un turneu final de campionat european.&nbsp;<\/strong><\/p>\n\n\n\n<p>Am fost \u0219i eu unul dintre cei cincizeci de mii, poate \u0219i din dorin\u021ba de a m\u0103 reconecta identitar cu ideea de Rom\u00e2nia, \u00een contextul \u00een care sunt deja cu un picior \u00een afara acestei \u021b\u0103ri care la anul va avea patru runde de alegeri \u00een care pare c\u0103 populismul va triumfa. A\u0219a c\u0103-mi zic c\u0103 e un moment optim s\u0103 fac o baie de mul\u021bime &#8211; meciul se anun\u021b\u0103 sold-out.&nbsp;<\/p>\n\n\n\n<p>Ajung \u00een cartier \u0219i constat c\u0103 deja r\u0103sun\u0103 muzica de pe stadion p\u00e2n\u0103 pe str\u0103du\u021bele frumoasei <a href=\"https:\/\/asz.ro\/proiecte\/proiecte-finalizate\/carte-casa-constructiilor\/\" data-type=\"link\" data-id=\"https:\/\/asz.ro\/proiecte\/proiecte-finalizate\/carte-casa-constructiilor\/\">parcel\u0103ri Vatra Luminoas\u0103<\/a>, unde rom\u00e2nii veni\u021bi din toat\u0103 \u021bara au \u201einventat\u201d metode creative de a-\u0219i parca ma\u0219inile. Un tat\u0103 coboar\u0103 dintr-o ma\u0219in\u0103 cu num\u0103r de Ia\u0219i \u0219i e imediat chestionat de fiul s\u0103u: \u201etati, nu lu\u0103m amend\u0103 c\u0103 am parcat pe trotuar?\u201d. Da, trotuarele sunt ticsite, dar de ma\u0219ini, nu de pietoni. Cet\u0103\u021beni de rangul al doilea, pietonii merg pe strad\u0103 \u0219i se opresc din c\u00e2nd \u00een c\u00e2nd ca s\u0103 fac\u0103 loc ma\u0219inilor care vor s\u0103 circule. Intersec\u021bii de 90 de grade, \u00een cruce, au ma\u0219ini parcate dublu. Las&#8217; c\u0103 mergem noi \u00een Germania s\u0103 le ar\u0103t\u0103m cum se parcheaz\u0103 (creativ) BMW-ul. Poli\u021bia Local\u0103 devine \u0219i un soi de <em>valet parking<\/em>, adic\u0103 st\u0103 \u0219i p\u0103ze\u0219te locurile de parcare ale riveranilor, foarte frumos, bravo. <\/p>\n\n\n\n<p>Dincolo de stresul cu traficul rutier, atmosfera e molipsitoare, deloc ap\u0103s\u0103toare, mai degrab\u0103 de s\u0103rb\u0103toare. De c\u00e2teva zile, cei care stau pe Maior Coravu, Bd. Basarabia sau oriunde \u00een vecin\u0103tatea stadionului au putut exersa strofele imnului na\u021bional, gra\u021bie repetatelor probe de sunet. C\u00e2nt\u0103rea\u021ba Andra, n\u0103scut\u0103 pe 23 august, de o fost\u0103 zi a Rom\u00e2niei, invit\u0103 rom\u00e2nii s\u0103 se de\u0219tepte. Indiferent de c\u00e2te grame de <em>hatereal\u0103 <\/em>ai \u00een tine, intonarea imnului \u00eentr-un astfel de eveniment de mas\u0103 n-are cum s\u0103 te lase rece.&nbsp;<\/p>\n\n\n\n<p>Pe teren intr\u0103, \u00een uralele publicului, aceia\u0219i juc\u0103tori de care mai f\u0103ceam b\u0103\u0219c\u0103lie la final de var\u0103, aduna\u021bi de la echipe deloc renumite ale Europei, deci cu pu\u021bine vedete. Pesemne de aceea antrenorul Iord\u0103nescu Jr. l\u0103uda mereu <a href=\"https:\/\/www.google.com\/search?q=for%C8%9Ba+grupului+iordanescu&amp;oq=for%C8%9Ba+grupului+iordanescu&amp;gs_lcrp=EgZjaHJvbWUyBggAEEUYOTIGCAEQLhhA0gEIMTcxN2owajGoAgCwAgA&amp;sourceid=chrome&amp;ie=UTF-8\">for\u021ba grupului<\/a>.&nbsp;<\/p>\n\n\n\n<p>Grup care ne-a surprins pe to\u021bi, termin\u00e2nd pe locul 1 \u00een grup\u0103, \u00een detrimentul favoritei, Elve\u021bia, care \u00eencepuse tare de tot campania de calificare \u00een prim\u0103var\u0103, b\u0103t\u00e2nd cu 5-0 pe Belarus \u0219i apoi cu 3-0 pe Israel. Atunci, \u00een martie, ne imaginam c\u0103 vom fi \u0219i noi zdrobi\u021bi de precisul Swiss Army Knife, echip\u0103 aflat\u0103 pe locul 14 mondial \u00een clasamentul FIFA, \u0219i c\u0103 duelul nostru decisiv e de fapt cel cu Israelul, \u021bintind o calificare de pe locul al doilea. Cum s\u0103 vis\u0103m noi la locul 1, rezervat parc\u0103 celor ce au inventat ciocolata cu lapte, cu ale lor vedete care joac\u0103 \u00een campionate puternice precum Anglia, Italia sau Germania?\u00a0<\/p>\n\n\n\n<p>Sigur, avem \u0219i noi ni\u0219te juc\u0103tori r\u0103t\u0103ci\u021bi prin Italia, mai mul\u021bi prin a doua divizie, dar \u00eel avem \u0219i pe t\u00e2n\u0103rul Radu Dr\u0103gu\u0219in, care probabil c\u0103 va deveni, \u00een var\u0103, <a href=\"https:\/\/www.digisport.ro\/fotbal\/serie-a\/radu-dragusin-aproape-de-transferul-carierei-dupa-calificarea-la-euro-ar-deveni-cel-mai-scump-roman-din-istorie-2683081\">cel mai scump<\/a> fotbalist rom\u00e2n din istorie.<\/p>\n\n\n\n<figure class=\"wp-block-image size-large\"><img fetchpriority=\"high\" decoding=\"async\" width=\"900\" height=\"600\" src=\"data:image\/gif;base64,R0lGODlhAQABAAAAACH5BAEKAAEALAAAAAABAAEAAAICTAEAOw==\" data-src=\"https:\/\/buletin.de\/bucuresti\/wp-content\/uploads\/romania-elvetia_Stefan_Constantin-900x600.png\" alt=\"\" class=\"wp-image-69705 lazyload\" data-sizes=\"auto\" data-srcset=\"https:\/\/buletin.de\/bucuresti\/wp-content\/uploads\/romania-elvetia_Stefan_Constantin-900x600.png 900w, https:\/\/buletin.de\/bucuresti\/wp-content\/uploads\/romania-elvetia_Stefan_Constantin-300x200.png 300w, https:\/\/buletin.de\/bucuresti\/wp-content\/uploads\/romania-elvetia_Stefan_Constantin-768x512.png 768w, https:\/\/buletin.de\/bucuresti\/wp-content\/uploads\/romania-elvetia_Stefan_Constantin-1536x1024.png 1536w, https:\/\/buletin.de\/bucuresti\/wp-content\/uploads\/romania-elvetia_Stefan_Constantin-1600x1067.png 1600w, https:\/\/buletin.de\/bucuresti\/wp-content\/uploads\/romania-elvetia_Stefan_Constantin-1100x733.png 1100w, https:\/\/buletin.de\/bucuresti\/wp-content\/uploads\/romania-elvetia_Stefan_Constantin-600x400.png 600w, https:\/\/buletin.de\/bucuresti\/wp-content\/uploads\/romania-elvetia_Stefan_Constantin-20x13.png 20w, https:\/\/buletin.de\/bucuresti\/wp-content\/uploads\/romania-elvetia_Stefan_Constantin.png 1920w\" sizes=\"(max-width: 900px) 100vw, 900px\" \/><figcaption class=\"wp-element-caption\">Foto: \u0218tefan Constantin \/ INQUAM<\/figcaption><\/figure>\n\n\n\n<p>Suporterii ultra na\u021bionali\u0219ti din deja infama brigad\u0103 \u201eUni\u021bi sub Tricolor\u201d, v-am mai zis despre ei, \u201e<a href=\"https:\/\/buletin.de\/bucuresti\/editorial-tembelii-cu-decibelii-de-pe-arena-nationala-de-cati-suporteri-e-nevoie-sa-strici-un-meci-si-sa-creezi-un-conflict-politic\/\">tembelii cu decibelii<\/a>\u201d, care s-au dat \u00een stamb\u0103 pe oriunde au fost anul acesta, au avut tupeul s\u0103 bat\u0103 obrazul celorlal\u021bi spectatori de bun-sim\u021b cum c\u0103, vezi Doamne, trebuie s\u0103 vin\u0103 la meciuri indiferent de adversar. M\u0103 \u00eentreb ce i-a m\u00e2nat s\u0103 afi\u0219eze banner-ul pe care scria \u201edragi spectatori, stadionul trebuie umplut indiferent de adversare, nu doar la meciuri de gal\u0103 \u0219i c\u00e2nd e de s\u0103rb\u0103torit vreo calificare\u201d.&nbsp;<\/p>\n\n\n\n<p>Hai s\u0103 num\u0103r\u0103m cifrele, s\u0103 vedem realitatea.&nbsp;<\/p>\n\n\n\n<figure class=\"wp-block-image size-large is-resized\"><img decoding=\"async\" width=\"900\" height=\"900\" src=\"data:image\/gif;base64,R0lGODlhAQABAAAAACH5BAEKAAEALAAAAAABAAEAAAICTAEAOw==\" data-src=\"https:\/\/buletin.de\/bucuresti\/wp-content\/uploads\/romania-attendance-meciuri-bucuresti-900x900.png\" alt=\"\" class=\"wp-image-69706 lazyload\" style=\"aspect-ratio:1;width:840px;height:auto\" data-sizes=\"auto\" data-srcset=\"https:\/\/buletin.de\/bucuresti\/wp-content\/uploads\/romania-attendance-meciuri-bucuresti-900x900.png 900w, https:\/\/buletin.de\/bucuresti\/wp-content\/uploads\/romania-attendance-meciuri-bucuresti-300x300.png 300w, https:\/\/buletin.de\/bucuresti\/wp-content\/uploads\/romania-attendance-meciuri-bucuresti-150x150.png 150w, https:\/\/buletin.de\/bucuresti\/wp-content\/uploads\/romania-attendance-meciuri-bucuresti-768x768.png 768w, https:\/\/buletin.de\/bucuresti\/wp-content\/uploads\/romania-attendance-meciuri-bucuresti-600x600.png 600w, https:\/\/buletin.de\/bucuresti\/wp-content\/uploads\/romania-attendance-meciuri-bucuresti-20x20.png 20w, https:\/\/buletin.de\/bucuresti\/wp-content\/uploads\/romania-attendance-meciuri-bucuresti.png 1080w\" sizes=\"(max-width: 900px) 100vw, 900px\" \/><\/figure>\n\n\n\n<p>27.837 cu Belarus (<a href=\"https:\/\/www.gsp.ro\/international\/euro-2024\/romania-belarus-xenofobie-conflict-galerii-692600.html\">martie 2023<\/a>), 49.193 vs Israel (<a href=\"https:\/\/www.digisport.ro\/fotbal\/echipa-nationala\/cati-spectatori-au-fost-prezeti-la-romania-israel-pe-arena-nationala-2575325\">septembrie 2023<\/a>), 25.000 vs Kosovo (<a href=\"https:\/\/www.gsp.ro\/fotbal\/nationala\/live-romania-kosovo-preliminarii-710951.html\">septembrie 2023<\/a>) \u0219i 21.723 spectatori cu Andorra (<a href=\"https:\/\/www.digisport.ro\/fotbal\/echipa-nationala\/cati-spectatori-au-fost-prezenti-la-romania-andorra-pe-arena-nationala-2627881\">octombrie 2023<\/a>), c\u00e2nd au avut voie doar cei sub 14 ani pe stadion, din cauza acelora\u0219i suporteri na\u021bionali\u0219ti: UEFA pedepsise Rom\u00e2nia pentru c\u0103 ace\u0219ti suporteri au scandat \u201eKosovo e Serbia\u201d.&nbsp;<\/p>\n\n\n\n<p>A fost o grup\u0103 geopolitic\u0103, cu Belarusul juc\u00e2ndu-\u0219i meciurile de acas\u0103 \u00een exil, pentru c\u0103 a fost sanc\u021bionat\u0103 de UEFA din pricina alian\u021bei pe care o are cu Rusia, \u00een contextul invaziei din Ucraina. A fost \u0219i Kosovo pe-acolo, stat nerecunoscut oficial de autorit\u0103\u021bile rom\u00e2ne. \u0218i, desigur, Israelul, care a jucat 4 meciuri \u00een sub 10 zile, chipurile acas\u0103, de fapt \u00een deplasare, pentru c\u0103 a izbucnit r\u0103zboiul cu Palestina. Nu v\u0103 \u00eengrijora\u021bi, Elve\u021bia a r\u0103mas neutr\u0103 ca de obicei.&nbsp;<\/p>\n\n\n\n<p>Meciul cu Elve\u021bia e impresionant prin faptul c\u0103 nu lu\u0103m gol (ap\u0103r\u0103 Moldovan c\u00e2teva goluri ca \u0219i f\u0103cute &#8211; \u201ece portar avem la Rapid!\u201d, dup\u0103 cum bine exclama un spectator \u00een spatele meu) \u0219i nici nu lu\u0103m b\u0103taie. Termin\u0103m grupa pe primul loc, f\u0103r\u0103 vreo \u00eenfr\u00e2ngere, cu doar 5 goluri primite.\u00a0<\/p>\n\n\n\n<p>Vezi mai jos toate golurile marcate de echipa Rom\u00e2niei \u00een aceast\u0103 campanie de calificare:<\/p>\n\n\n\n<iframe width=\"560\" height=\"315\" src=\"https:\/\/www.youtube.com\/embed\/qLN8uRH7rOE?si=wuarf0lwabi1vSsM\" title=\"YouTube video player\" frameborder=\"0\" allow=\"accelerometer; autoplay; clipboard-write; encrypted-media; gyroscope; picture-in-picture; web-share\" allowfullscreen><\/iframe>\n\n\n\n<p>S\u0103 nu confund\u0103m aceast\u0103 calificare cu progresul, mai e mult p\u00e2n\u0103 departe, dar merit\u0103 s\u0103 z\u00e2mbim, avem motive de optimism &#8211; juc\u0103torii f\u0103ceau pressing \u0219i spre final, c\u00e2nd conduceam. Aceia\u0219i juc\u0103torii ai na\u021bionalei care ne-au reamintit, dup\u0103 victoria decisiv\u0103 \u00eempotriva Israelului, c\u0103 parc\u0103 noi, rom\u00e2nii, am uitat s\u0103 ne bucur\u0103m.&nbsp;<\/p>\n\n\n\n<iframe width=\"560\" height=\"315\" src=\"https:\/\/www.youtube.com\/embed\/B9w-MuPowqA?si=0LqEI90ab1zoJVYK\" title=\"YouTube video player\" frameborder=\"0\" allow=\"accelerometer; autoplay; clipboard-write; encrypted-media; gyroscope; picture-in-picture; web-share\" allowfullscreen><\/iframe>\n\n\n\n<p>Publicul face valuri la fiecare \u00eenceput de repriz\u0103, iar eu \u0219i prietenii cu care am venit la meci ne \u00eentreb\u0103m cum naiba \u00eencep aceste valuri, cine d\u0103 startul? Tot spontan ne trezim cu zeci de mii de licurici pe stadion &#8211; publicul \u0219i-a aprins lanterna de pe telefoane \u0219i creeaz\u0103 o super atmosfer\u0103.<\/p>\n\n\n\n<p><\/p>\n\n\n\n<figure class=\"wp-block-image size-large\"><img decoding=\"async\" width=\"900\" height=\"506\" src=\"data:image\/gif;base64,R0lGODlhAQABAAAAACH5BAEKAAEALAAAAAABAAEAAAICTAEAOw==\" data-src=\"https:\/\/buletin.de\/bucuresti\/wp-content\/uploads\/photo_2023-11-22_10-18-20-900x506.jpg\" alt=\"\" class=\"wp-image-69707 lazyload\" data-sizes=\"auto\" data-srcset=\"https:\/\/buletin.de\/bucuresti\/wp-content\/uploads\/photo_2023-11-22_10-18-20-900x506.jpg 900w, https:\/\/buletin.de\/bucuresti\/wp-content\/uploads\/photo_2023-11-22_10-18-20-300x169.jpg 300w, https:\/\/buletin.de\/bucuresti\/wp-content\/uploads\/photo_2023-11-22_10-18-20-768x432.jpg 768w, https:\/\/buletin.de\/bucuresti\/wp-content\/uploads\/photo_2023-11-22_10-18-20-1100x619.jpg 1100w, https:\/\/buletin.de\/bucuresti\/wp-content\/uploads\/photo_2023-11-22_10-18-20-600x338.jpg 600w, https:\/\/buletin.de\/bucuresti\/wp-content\/uploads\/photo_2023-11-22_10-18-20-20x11.jpg 20w, https:\/\/buletin.de\/bucuresti\/wp-content\/uploads\/photo_2023-11-22_10-18-20.jpg 1280w\" sizes=\"(max-width: 900px) 100vw, 900px\" \/><figcaption class=\"wp-element-caption\">Foto: Alexandru Hoffman<\/figcaption><\/figure>\n\n\n\n<p>Vine 1 decembrie imediat, iar ne g\u00e2ndim la ce \u00eenseamn\u0103 Rom\u00e2nia pentru fiecare. Mai putem g\u0103si motive de bucurie \u00eentr-o \u021bar\u0103 \u00een care peste un milion de concet\u0103\u021beni stau pe salariul minim pe economie? Putem s\u0103 fim patrio\u021bi f\u0103r\u0103 ca patriotismul s\u0103 fie unul gre\u021bos, genul acela cu dacii no. 1? Putem s\u0103 ne iubim \u021bara necondi\u021bionat, fie c\u0103 ea se calific\u0103 sau pierde la vreun sport sau altul?&nbsp;<\/p>\n\n\n\n<p>Se face 1 noaptea \u00een cartier \u0219i se circul\u0103 bar\u0103 la bar\u0103 pe Str. Vatra Luminoas\u0103, unde troleibuze \u0219i autocare avanseaz\u0103 ca melcul. Lumea \u00ee\u0219i face deja socoteala, cu siguran\u021b\u0103 unii vor vrea s\u0103-\u0219i cumpere bilete la Europene. Avem nevoie de un eveniment major pozitiv la care s\u0103 lu\u0103m parte c\u00e2t mai mul\u021bi, a\u0219a c\u0103 nu pot dec\u00e2t s\u0103 mul\u021bumesc acestei na\u021bionale c\u0103 ne face s\u0103 ne sim\u021bim, iat\u0103, un pic mai bine cu noi \u00een\u0219ine pentru c\u0103 suntem rom\u00e2ni.&nbsp;<\/p>\n\n\n\n<p>Dar poate c\u0103 e ceva s\u00e2mbure de adev\u0103r \u0219i-n mesajul ultra\u0219ilor de la \u201eUni\u021bi sub Tricolor\u201d, p\u00e2n\u0103 la urm\u0103. Poate c-ar trebui s\u0103 fim acolo cu Rom\u00e2nia \u0219i la bine, \u0219i la r\u0103u. Poate c\u0103 nu trebuie s\u0103 fim a\u0219a la extreme &#8211; adic\u0103 s\u0103 tun\u0103m \u0219i s\u0103 fulger\u0103m c\u00e2nd suntem de r\u00e2sul lumii (p\u0103\u021b\u0103\u0219ti), \u0219i s\u0103 exalt\u0103m c\u00e2nd se mai \u00eent\u00e2mpl\u0103 s\u0103 ne \u0219i ias\u0103 pa\u0219ii. Poate c\u0103 ar trebui s\u0103 avem \u00eencredere \u00een noi \u0219i s\u0103 l\u0103s\u0103m deoparte complexele de inferioritate: suntem parte din familia european\u0103, iat\u0103, \u0219i fotbalistic acum, suntem capabili de performan\u021be pe toate planurile. Numai s\u0103 \u0219i vrem \u0219i s\u0103 avem \u0219i cu cine.&nbsp;<\/p>\n\n\n\n<figure class=\"wp-block-image size-large\"><img loading=\"lazy\" decoding=\"async\" width=\"900\" height=\"600\" src=\"data:image\/gif;base64,R0lGODlhAQABAAAAACH5BAEKAAEALAAAAAABAAEAAAICTAEAOw==\" data-src=\"https:\/\/buletin.de\/bucuresti\/wp-content\/uploads\/romania-elvetia-Stefan_Constantin-900x600.png\" alt=\"\" class=\"wp-image-69708 lazyload\" data-sizes=\"auto\" data-srcset=\"https:\/\/buletin.de\/bucuresti\/wp-content\/uploads\/romania-elvetia-Stefan_Constantin-900x600.png 900w, https:\/\/buletin.de\/bucuresti\/wp-content\/uploads\/romania-elvetia-Stefan_Constantin-300x200.png 300w, https:\/\/buletin.de\/bucuresti\/wp-content\/uploads\/romania-elvetia-Stefan_Constantin-768x512.png 768w, https:\/\/buletin.de\/bucuresti\/wp-content\/uploads\/romania-elvetia-Stefan_Constantin-1536x1024.png 1536w, https:\/\/buletin.de\/bucuresti\/wp-content\/uploads\/romania-elvetia-Stefan_Constantin-1600x1067.png 1600w, https:\/\/buletin.de\/bucuresti\/wp-content\/uploads\/romania-elvetia-Stefan_Constantin-1100x733.png 1100w, https:\/\/buletin.de\/bucuresti\/wp-content\/uploads\/romania-elvetia-Stefan_Constantin-600x400.png 600w, https:\/\/buletin.de\/bucuresti\/wp-content\/uploads\/romania-elvetia-Stefan_Constantin-20x13.png 20w, https:\/\/buletin.de\/bucuresti\/wp-content\/uploads\/romania-elvetia-Stefan_Constantin.png 1920w\" sizes=\"(max-width: 900px) 100vw, 900px\" \/><figcaption class=\"wp-element-caption\">Foto: \u0218tefan Constantin \/ INQUAM<\/figcaption><\/figure>\n","protected":false},"excerpt":{"rendered":"<p>Bucure\u0219tiul s-a blocat un pic mar\u021bi sear\u0103: nu doar ma\u0219inile au stat \u00een traficul de pe fostul bulevard al \u201eMarelui Stadion\u201d, ci \u0219i mintea microbi\u0219tilor a stat un pic \u00een loc pentru c\u0103 am ob\u021binut o performan\u021b\u0103 sportiv\u0103 nea\u0219teptat\u0103 acum c\u00e2teva luni.&nbsp;50.224 de rom\u00e2ni au venit, cu mic, cu mare, s\u0103 vad\u0103 minunea de pe [&hellip;]<\/p>\n","protected":false},"author":20,"featured_media":69709,"comment_status":"closed","ping_status":"open","sticky":false,"template":"","format":"standard","meta":{"_acf_changed":false,"inline_featured_image":false,"ngg_post_thumbnail":0,"footnotes":""},"categories":[41,5762],"tags":[261,7936,7905,2920,7937,1325],"ppma_author":[22608],"class_list":["post-69702","post","type-post","status-publish","format-standard","has-post-thumbnail","hentry","category-editorial","category-main","tag-arena-nationala","tag-elvetia","tag-euro-2024","tag-fotbal","tag-frf","tag-romania"],"acf":[],"yoast_head":"<!-- This site is optimized with the Yoast SEO Premium plugin v25.3 (Yoast SEO v27.5) - https:\/\/yoast.com\/product\/yoast-seo-premium-wordpress\/ -->\n<title>EDITORIAL | Final \u201eelve\u021bian\u201c pentru Arena Na\u021bional\u0103: c\u00e2\u021bi suporteri au \u201epetrecut\u201c na\u021bionala \u00een drumul\u00a0spre\u00a0Germania? - Buletin de Bucure\u0219ti<\/title>\n<meta name=\"robots\" content=\"index, follow, max-snippet:-1, max-image-preview:large, max-video-preview:-1\" \/>\n<link rel=\"canonical\" href=\"https:\/\/buletin.de\/bucuresti\/editorial-final-elevetian-pentru-arena-nationala-cati-suporteri-au-petrecut-nationala-in-drumul-spre-germania\/\" \/>\n<meta property=\"og:locale\" content=\"en_GB\" \/>\n<meta property=\"og:type\" content=\"article\" \/>\n<meta property=\"og:title\" content=\"EDITORIAL | Final \u201eelve\u021bian\u201c pentru Arena Na\u021bional\u0103: c\u00e2\u021bi suporteri au \u201epetrecut\u201c na\u021bionala \u00een drumul\u00a0spre\u00a0Germania?\" \/>\n<meta property=\"og:description\" content=\"Bucure\u0219tiul s-a blocat un pic mar\u021bi sear\u0103: nu doar ma\u0219inile au stat \u00een traficul de pe fostul bulevard al \u201eMarelui Stadion\u201d, ci \u0219i mintea microbi\u0219tilor a stat un pic \u00een loc pentru c\u0103 am ob\u021binut o performan\u021b\u0103 sportiv\u0103 nea\u0219teptat\u0103 acum c\u00e2teva luni.&nbsp;50.224 de rom\u00e2ni au venit, cu mic, cu mare, s\u0103 vad\u0103 minunea de pe [&hellip;]\" \/>\n<meta property=\"og:url\" content=\"https:\/\/buletin.de\/bucuresti\/editorial-final-elevetian-pentru-arena-nationala-cati-suporteri-au-petrecut-nationala-in-drumul-spre-germania\/\" \/>\n<meta property=\"og:site_name\" content=\"Buletin de Bucure\u0219ti\" \/>\n<meta property=\"article:publisher\" content=\"https:\/\/www.facebook.com\/buletin.de.buc\" \/>\n<meta property=\"article:published_time\" content=\"2023-11-22T14:33:27+00:00\" \/>\n<meta property=\"article:modified_time\" content=\"2023-11-23T05:17:28+00:00\" \/>\n<meta property=\"og:image\" content=\"https:\/\/buletin.de\/bucuresti\/wp-content\/uploads\/photo_2023-11-22_12-20-47.jpg\" \/>\n\t<meta property=\"og:image:width\" content=\"1280\" \/>\n\t<meta property=\"og:image:height\" content=\"721\" \/>\n\t<meta property=\"og:image:type\" content=\"image\/jpeg\" \/>\n<meta name=\"author\" content=\"Cosmin Pojoranu\" \/>\n<meta name=\"twitter:card\" content=\"summary_large_image\" \/>\n<meta name=\"twitter:label1\" content=\"Written by\" \/>\n\t<meta name=\"twitter:data1\" content=\"Cosmin Pojoranu\" \/>\n\t<meta name=\"twitter:label2\" content=\"Estimated reading time\" \/>\n\t<meta name=\"twitter:data2\" content=\"7 minutes\" \/>\n<script type=\"application\/ld+json\" class=\"yoast-schema-graph\">{\"@context\":\"https:\\\/\\\/schema.org\",\"@graph\":[{\"@type\":\"Article\",\"@id\":\"https:\\\/\\\/buletin.de\\\/bucuresti\\\/editorial-final-elevetian-pentru-arena-nationala-cati-suporteri-au-petrecut-nationala-in-drumul-spre-germania\\\/#article\",\"isPartOf\":{\"@id\":\"https:\\\/\\\/buletin.de\\\/bucuresti\\\/editorial-final-elevetian-pentru-arena-nationala-cati-suporteri-au-petrecut-nationala-in-drumul-spre-germania\\\/\"},\"author\":{\"name\":\"Cosmin Pojoranu\",\"@id\":\"https:\\\/\\\/buletin.de\\\/bucuresti\\\/#\\\/schema\\\/person\\\/c3764529f4c88241f87b488f20cccc13\"},\"headline\":\"EDITORIAL | Final \u201eelve\u021bian\u201c pentru Arena Na\u021bional\u0103: c\u00e2\u021bi suporteri au \u201epetrecut\u201c na\u021bionala \u00een drumul\u00a0spre\u00a0Germania?\",\"datePublished\":\"2023-11-22T14:33:27+00:00\",\"dateModified\":\"2023-11-23T05:17:28+00:00\",\"mainEntityOfPage\":{\"@id\":\"https:\\\/\\\/buletin.de\\\/bucuresti\\\/editorial-final-elevetian-pentru-arena-nationala-cati-suporteri-au-petrecut-nationala-in-drumul-spre-germania\\\/\"},\"wordCount\":1407,\"publisher\":{\"@id\":\"https:\\\/\\\/buletin.de\\\/bucuresti\\\/#organization\"},\"image\":{\"@id\":\"https:\\\/\\\/buletin.de\\\/bucuresti\\\/editorial-final-elevetian-pentru-arena-nationala-cati-suporteri-au-petrecut-nationala-in-drumul-spre-germania\\\/#primaryimage\"},\"thumbnailUrl\":\"https:\\\/\\\/buletin.de\\\/bucuresti\\\/wp-content\\\/uploads\\\/photo_2023-11-22_12-20-47.jpg\",\"keywords\":[\"arena nationala\",\"elvetia\",\"Euro 2024\",\"Fotbal\",\"frf\",\"romania\"],\"articleSection\":[\"Editorial\",\"Main\"],\"inLanguage\":\"en-GB\",\"copyrightYear\":\"2023\",\"copyrightHolder\":{\"@id\":\"https:\\\/\\\/buletin.de\\\/bucuresti\\\/#organization\"}},{\"@type\":\"WebPage\",\"@id\":\"https:\\\/\\\/buletin.de\\\/bucuresti\\\/editorial-final-elevetian-pentru-arena-nationala-cati-suporteri-au-petrecut-nationala-in-drumul-spre-germania\\\/\",\"url\":\"https:\\\/\\\/buletin.de\\\/bucuresti\\\/editorial-final-elevetian-pentru-arena-nationala-cati-suporteri-au-petrecut-nationala-in-drumul-spre-germania\\\/\",\"name\":\"EDITORIAL | Final \u201eelve\u021bian\u201c pentru Arena Na\u021bional\u0103: c\u00e2\u021bi suporteri au \u201epetrecut\u201c na\u021bionala \u00een drumul\u00a0spre\u00a0Germania? - Buletin de Bucure\u0219ti\",\"isPartOf\":{\"@id\":\"https:\\\/\\\/buletin.de\\\/bucuresti\\\/#website\"},\"primaryImageOfPage\":{\"@id\":\"https:\\\/\\\/buletin.de\\\/bucuresti\\\/editorial-final-elevetian-pentru-arena-nationala-cati-suporteri-au-petrecut-nationala-in-drumul-spre-germania\\\/#primaryimage\"},\"image\":{\"@id\":\"https:\\\/\\\/buletin.de\\\/bucuresti\\\/editorial-final-elevetian-pentru-arena-nationala-cati-suporteri-au-petrecut-nationala-in-drumul-spre-germania\\\/#primaryimage\"},\"thumbnailUrl\":\"https:\\\/\\\/buletin.de\\\/bucuresti\\\/wp-content\\\/uploads\\\/photo_2023-11-22_12-20-47.jpg\",\"datePublished\":\"2023-11-22T14:33:27+00:00\",\"dateModified\":\"2023-11-23T05:17:28+00:00\",\"breadcrumb\":{\"@id\":\"https:\\\/\\\/buletin.de\\\/bucuresti\\\/editorial-final-elevetian-pentru-arena-nationala-cati-suporteri-au-petrecut-nationala-in-drumul-spre-germania\\\/#breadcrumb\"},\"inLanguage\":\"en-GB\",\"potentialAction\":[{\"@type\":\"ReadAction\",\"target\":[\"https:\\\/\\\/buletin.de\\\/bucuresti\\\/editorial-final-elevetian-pentru-arena-nationala-cati-suporteri-au-petrecut-nationala-in-drumul-spre-germania\\\/\"]}]},{\"@type\":\"ImageObject\",\"inLanguage\":\"en-GB\",\"@id\":\"https:\\\/\\\/buletin.de\\\/bucuresti\\\/editorial-final-elevetian-pentru-arena-nationala-cati-suporteri-au-petrecut-nationala-in-drumul-spre-germania\\\/#primaryimage\",\"url\":\"https:\\\/\\\/buletin.de\\\/bucuresti\\\/wp-content\\\/uploads\\\/photo_2023-11-22_12-20-47.jpg\",\"contentUrl\":\"https:\\\/\\\/buletin.de\\\/bucuresti\\\/wp-content\\\/uploads\\\/photo_2023-11-22_12-20-47.jpg\",\"width\":1280,\"height\":721},{\"@type\":\"BreadcrumbList\",\"@id\":\"https:\\\/\\\/buletin.de\\\/bucuresti\\\/editorial-final-elevetian-pentru-arena-nationala-cati-suporteri-au-petrecut-nationala-in-drumul-spre-germania\\\/#breadcrumb\",\"itemListElement\":[{\"@type\":\"ListItem\",\"position\":1,\"name\":\"Acas\u0103\",\"item\":\"https:\\\/\\\/buletin.de\\\/bucuresti\\\/\"},{\"@type\":\"ListItem\",\"position\":2,\"name\":\"EDITORIAL | Final \u201eelve\u021bian\u201c pentru Arena Na\u021bional\u0103: c\u00e2\u021bi suporteri au \u201epetrecut\u201c na\u021bionala \u00een drumul\u00a0spre\u00a0Germania?\"}]},{\"@type\":\"WebSite\",\"@id\":\"https:\\\/\\\/buletin.de\\\/bucuresti\\\/#website\",\"url\":\"https:\\\/\\\/buletin.de\\\/bucuresti\\\/\",\"name\":\"Buletin de Bucure\u0219ti\",\"description\":\"\u0218tiri \u0219i investiga\u021bii esen\u021biale din capital\u0103\",\"publisher\":{\"@id\":\"https:\\\/\\\/buletin.de\\\/bucuresti\\\/#organization\"},\"potentialAction\":[{\"@type\":\"SearchAction\",\"target\":{\"@type\":\"EntryPoint\",\"urlTemplate\":\"https:\\\/\\\/buletin.de\\\/bucuresti\\\/?s={search_term_string}\"},\"query-input\":{\"@type\":\"PropertyValueSpecification\",\"valueRequired\":true,\"valueName\":\"search_term_string\"}}],\"inLanguage\":\"en-GB\"},{\"@type\":\"Organization\",\"@id\":\"https:\\\/\\\/buletin.de\\\/bucuresti\\\/#organization\",\"name\":\"Buletin de Bucure\u0219ti\",\"url\":\"https:\\\/\\\/buletin.de\\\/bucuresti\\\/\",\"logo\":{\"@type\":\"ImageObject\",\"inLanguage\":\"en-GB\",\"@id\":\"https:\\\/\\\/buletin.de\\\/bucuresti\\\/#\\\/schema\\\/logo\\\/image\\\/\",\"url\":\"https:\\\/\\\/buletin.de\\\/bucuresti\\\/wp-content\\\/uploads\\\/logo-bdb-full-wide-vernil-transparent.png\",\"contentUrl\":\"https:\\\/\\\/buletin.de\\\/bucuresti\\\/wp-content\\\/uploads\\\/logo-bdb-full-wide-vernil-transparent.png\",\"width\":1782,\"height\":626,\"caption\":\"Buletin de Bucure\u0219ti\"},\"image\":{\"@id\":\"https:\\\/\\\/buletin.de\\\/bucuresti\\\/#\\\/schema\\\/logo\\\/image\\\/\"},\"sameAs\":[\"https:\\\/\\\/www.facebook.com\\\/buletin.de.buc\",\"https:\\\/\\\/www.instagram.com\\\/buletinde.bucuresti\\\/\"]},{\"@type\":\"Person\",\"@id\":\"https:\\\/\\\/buletin.de\\\/bucuresti\\\/#\\\/schema\\\/person\\\/c3764529f4c88241f87b488f20cccc13\",\"name\":\"Cosmin Pojoranu\",\"image\":{\"@type\":\"ImageObject\",\"inLanguage\":\"en-GB\",\"@id\":\"https:\\\/\\\/buletin.de\\\/bucuresti\\\/wp-content\\\/uploads\\\/Cosmin-Pojoranu-1-96x96.jpg9d268accb1c5032c83ab190d62c8c050\",\"url\":\"https:\\\/\\\/buletin.de\\\/bucuresti\\\/wp-content\\\/uploads\\\/Cosmin-Pojoranu-1-96x96.jpg\",\"contentUrl\":\"https:\\\/\\\/buletin.de\\\/bucuresti\\\/wp-content\\\/uploads\\\/Cosmin-Pojoranu-1-96x96.jpg\",\"caption\":\"Cosmin Pojoranu\"},\"description\":\"N\u0103scut \u0219i crescut \u00een Bucure\u0219ti - sud Berceni.\",\"sameAs\":[\"https:\\\/\\\/www.instagram.com\\\/yozness\\\/?hl=en\"],\"url\":\"https:\\\/\\\/buletin.de\\\/bucuresti\\\/author\\\/cosmin-pojoranu\\\/\"}]}<\/script>\n<!-- \/ Yoast SEO Premium plugin. -->","yoast_head_json":{"title":"EDITORIAL | Final \u201eelve\u021bian\u201c pentru Arena Na\u021bional\u0103: c\u00e2\u021bi suporteri au \u201epetrecut\u201c na\u021bionala \u00een drumul\u00a0spre\u00a0Germania? - Buletin de Bucure\u0219ti","robots":{"index":"index","follow":"follow","max-snippet":"max-snippet:-1","max-image-preview":"max-image-preview:large","max-video-preview":"max-video-preview:-1"},"canonical":"https:\/\/buletin.de\/bucuresti\/editorial-final-elevetian-pentru-arena-nationala-cati-suporteri-au-petrecut-nationala-in-drumul-spre-germania\/","og_locale":"en_GB","og_type":"article","og_title":"EDITORIAL | Final \u201eelve\u021bian\u201c pentru Arena Na\u021bional\u0103: c\u00e2\u021bi suporteri au \u201epetrecut\u201c na\u021bionala \u00een drumul\u00a0spre\u00a0Germania?","og_description":"Bucure\u0219tiul s-a blocat un pic mar\u021bi sear\u0103: nu doar ma\u0219inile au stat \u00een traficul de pe fostul bulevard al \u201eMarelui Stadion\u201d, ci \u0219i mintea microbi\u0219tilor a stat un pic \u00een loc pentru c\u0103 am ob\u021binut o performan\u021b\u0103 sportiv\u0103 nea\u0219teptat\u0103 acum c\u00e2teva luni.&nbsp;50.224 de rom\u00e2ni au venit, cu mic, cu mare, s\u0103 vad\u0103 minunea de pe [&hellip;]","og_url":"https:\/\/buletin.de\/bucuresti\/editorial-final-elevetian-pentru-arena-nationala-cati-suporteri-au-petrecut-nationala-in-drumul-spre-germania\/","og_site_name":"Buletin de Bucure\u0219ti","article_publisher":"https:\/\/www.facebook.com\/buletin.de.buc","article_published_time":"2023-11-22T14:33:27+00:00","article_modified_time":"2023-11-23T05:17:28+00:00","og_image":[{"width":1280,"height":721,"url":"https:\/\/buletin.de\/bucuresti\/wp-content\/uploads\/photo_2023-11-22_12-20-47.jpg","type":"image\/jpeg"}],"author":"Cosmin Pojoranu","twitter_card":"summary_large_image","twitter_misc":{"Written by":"Cosmin Pojoranu","Estimated reading time":"7 minutes"},"schema":{"@context":"https:\/\/schema.org","@graph":[{"@type":"Article","@id":"https:\/\/buletin.de\/bucuresti\/editorial-final-elevetian-pentru-arena-nationala-cati-suporteri-au-petrecut-nationala-in-drumul-spre-germania\/#article","isPartOf":{"@id":"https:\/\/buletin.de\/bucuresti\/editorial-final-elevetian-pentru-arena-nationala-cati-suporteri-au-petrecut-nationala-in-drumul-spre-germania\/"},"author":{"name":"Cosmin Pojoranu","@id":"https:\/\/buletin.de\/bucuresti\/#\/schema\/person\/c3764529f4c88241f87b488f20cccc13"},"headline":"EDITORIAL | Final \u201eelve\u021bian\u201c pentru Arena Na\u021bional\u0103: c\u00e2\u021bi suporteri au \u201epetrecut\u201c na\u021bionala \u00een drumul\u00a0spre\u00a0Germania?","datePublished":"2023-11-22T14:33:27+00:00","dateModified":"2023-11-23T05:17:28+00:00","mainEntityOfPage":{"@id":"https:\/\/buletin.de\/bucuresti\/editorial-final-elevetian-pentru-arena-nationala-cati-suporteri-au-petrecut-nationala-in-drumul-spre-germania\/"},"wordCount":1407,"publisher":{"@id":"https:\/\/buletin.de\/bucuresti\/#organization"},"image":{"@id":"https:\/\/buletin.de\/bucuresti\/editorial-final-elevetian-pentru-arena-nationala-cati-suporteri-au-petrecut-nationala-in-drumul-spre-germania\/#primaryimage"},"thumbnailUrl":"https:\/\/buletin.de\/bucuresti\/wp-content\/uploads\/photo_2023-11-22_12-20-47.jpg","keywords":["arena nationala","elvetia","Euro 2024","Fotbal","frf","romania"],"articleSection":["Editorial","Main"],"inLanguage":"en-GB","copyrightYear":"2023","copyrightHolder":{"@id":"https:\/\/buletin.de\/bucuresti\/#organization"}},{"@type":"WebPage","@id":"https:\/\/buletin.de\/bucuresti\/editorial-final-elevetian-pentru-arena-nationala-cati-suporteri-au-petrecut-nationala-in-drumul-spre-germania\/","url":"https:\/\/buletin.de\/bucuresti\/editorial-final-elevetian-pentru-arena-nationala-cati-suporteri-au-petrecut-nationala-in-drumul-spre-germania\/","name":"EDITORIAL | Final \u201eelve\u021bian\u201c pentru Arena Na\u021bional\u0103: c\u00e2\u021bi suporteri au \u201epetrecut\u201c na\u021bionala \u00een drumul\u00a0spre\u00a0Germania? - Buletin de Bucure\u0219ti","isPartOf":{"@id":"https:\/\/buletin.de\/bucuresti\/#website"},"primaryImageOfPage":{"@id":"https:\/\/buletin.de\/bucuresti\/editorial-final-elevetian-pentru-arena-nationala-cati-suporteri-au-petrecut-nationala-in-drumul-spre-germania\/#primaryimage"},"image":{"@id":"https:\/\/buletin.de\/bucuresti\/editorial-final-elevetian-pentru-arena-nationala-cati-suporteri-au-petrecut-nationala-in-drumul-spre-germania\/#primaryimage"},"thumbnailUrl":"https:\/\/buletin.de\/bucuresti\/wp-content\/uploads\/photo_2023-11-22_12-20-47.jpg","datePublished":"2023-11-22T14:33:27+00:00","dateModified":"2023-11-23T05:17:28+00:00","breadcrumb":{"@id":"https:\/\/buletin.de\/bucuresti\/editorial-final-elevetian-pentru-arena-nationala-cati-suporteri-au-petrecut-nationala-in-drumul-spre-germania\/#breadcrumb"},"inLanguage":"en-GB","potentialAction":[{"@type":"ReadAction","target":["https:\/\/buletin.de\/bucuresti\/editorial-final-elevetian-pentru-arena-nationala-cati-suporteri-au-petrecut-nationala-in-drumul-spre-germania\/"]}]},{"@type":"ImageObject","inLanguage":"en-GB","@id":"https:\/\/buletin.de\/bucuresti\/editorial-final-elevetian-pentru-arena-nationala-cati-suporteri-au-petrecut-nationala-in-drumul-spre-germania\/#primaryimage","url":"https:\/\/buletin.de\/bucuresti\/wp-content\/uploads\/photo_2023-11-22_12-20-47.jpg","contentUrl":"https:\/\/buletin.de\/bucuresti\/wp-content\/uploads\/photo_2023-11-22_12-20-47.jpg","width":1280,"height":721},{"@type":"BreadcrumbList","@id":"https:\/\/buletin.de\/bucuresti\/editorial-final-elevetian-pentru-arena-nationala-cati-suporteri-au-petrecut-nationala-in-drumul-spre-germania\/#breadcrumb","itemListElement":[{"@type":"ListItem","position":1,"name":"Acas\u0103","item":"https:\/\/buletin.de\/bucuresti\/"},{"@type":"ListItem","position":2,"name":"EDITORIAL | Final \u201eelve\u021bian\u201c pentru Arena Na\u021bional\u0103: c\u00e2\u021bi suporteri au \u201epetrecut\u201c na\u021bionala \u00een drumul\u00a0spre\u00a0Germania?"}]},{"@type":"WebSite","@id":"https:\/\/buletin.de\/bucuresti\/#website","url":"https:\/\/buletin.de\/bucuresti\/","name":"Buletin de Bucure\u0219ti","description":"\u0218tiri \u0219i investiga\u021bii esen\u021biale din capital\u0103","publisher":{"@id":"https:\/\/buletin.de\/bucuresti\/#organization"},"potentialAction":[{"@type":"SearchAction","target":{"@type":"EntryPoint","urlTemplate":"https:\/\/buletin.de\/bucuresti\/?s={search_term_string}"},"query-input":{"@type":"PropertyValueSpecification","valueRequired":true,"valueName":"search_term_string"}}],"inLanguage":"en-GB"},{"@type":"Organization","@id":"https:\/\/buletin.de\/bucuresti\/#organization","name":"Buletin de Bucure\u0219ti","url":"https:\/\/buletin.de\/bucuresti\/","logo":{"@type":"ImageObject","inLanguage":"en-GB","@id":"https:\/\/buletin.de\/bucuresti\/#\/schema\/logo\/image\/","url":"https:\/\/buletin.de\/bucuresti\/wp-content\/uploads\/logo-bdb-full-wide-vernil-transparent.png","contentUrl":"https:\/\/buletin.de\/bucuresti\/wp-content\/uploads\/logo-bdb-full-wide-vernil-transparent.png","width":1782,"height":626,"caption":"Buletin de Bucure\u0219ti"},"image":{"@id":"https:\/\/buletin.de\/bucuresti\/#\/schema\/logo\/image\/"},"sameAs":["https:\/\/www.facebook.com\/buletin.de.buc","https:\/\/www.instagram.com\/buletinde.bucuresti\/"]},{"@type":"Person","@id":"https:\/\/buletin.de\/bucuresti\/#\/schema\/person\/c3764529f4c88241f87b488f20cccc13","name":"Cosmin Pojoranu","image":{"@type":"ImageObject","inLanguage":"en-GB","@id":"https:\/\/buletin.de\/bucuresti\/wp-content\/uploads\/Cosmin-Pojoranu-1-96x96.jpg9d268accb1c5032c83ab190d62c8c050","url":"https:\/\/buletin.de\/bucuresti\/wp-content\/uploads\/Cosmin-Pojoranu-1-96x96.jpg","contentUrl":"https:\/\/buletin.de\/bucuresti\/wp-content\/uploads\/Cosmin-Pojoranu-1-96x96.jpg","caption":"Cosmin Pojoranu"},"description":"N\u0103scut \u0219i crescut \u00een Bucure\u0219ti - sud Berceni.","sameAs":["https:\/\/www.instagram.com\/yozness\/?hl=en"],"url":"https:\/\/buletin.de\/bucuresti\/author\/cosmin-pojoranu\/"}]}},"authors":[{"term_id":22608,"user_id":20,"is_guest":0,"slug":"cosmin-pojoranu","display_name":"Cosmin Pojoranu","avatar_url":"https:\/\/buletin.de\/bucuresti\/wp-content\/uploads\/Cosmin-Pojoranu-1-96x96.jpg","0":null,"1":"","2":"","3":"","4":"","5":"","6":"","7":"","8":""}],"_links":{"self":[{"href":"https:\/\/buletin.de\/bucuresti\/wp-json\/wp\/v2\/posts\/69702","targetHints":{"allow":["GET"]}}],"collection":[{"href":"https:\/\/buletin.de\/bucuresti\/wp-json\/wp\/v2\/posts"}],"about":[{"href":"https:\/\/buletin.de\/bucuresti\/wp-json\/wp\/v2\/types\/post"}],"author":[{"embeddable":true,"href":"https:\/\/buletin.de\/bucuresti\/wp-json\/wp\/v2\/users\/20"}],"replies":[{"embeddable":true,"href":"https:\/\/buletin.de\/bucuresti\/wp-json\/wp\/v2\/comments?post=69702"}],"version-history":[{"count":3,"href":"https:\/\/buletin.de\/bucuresti\/wp-json\/wp\/v2\/posts\/69702\/revisions"}],"predecessor-version":[{"id":69716,"href":"https:\/\/buletin.de\/bucuresti\/wp-json\/wp\/v2\/posts\/69702\/revisions\/69716"}],"wp:featuredmedia":[{"embeddable":true,"href":"https:\/\/buletin.de\/bucuresti\/wp-json\/wp\/v2\/media\/69709"}],"wp:attachment":[{"href":"https:\/\/buletin.de\/bucuresti\/wp-json\/wp\/v2\/media?parent=69702"}],"wp:term":[{"taxonomy":"category","embeddable":true,"href":"https:\/\/buletin.de\/bucuresti\/wp-json\/wp\/v2\/categories?post=69702"},{"taxonomy":"post_tag","embeddable":true,"href":"https:\/\/buletin.de\/bucuresti\/wp-json\/wp\/v2\/tags?post=69702"},{"taxonomy":"author","embeddable":true,"href":"https:\/\/buletin.de\/bucuresti\/wp-json\/wp\/v2\/ppma_author?post=69702"}],"curies":[{"name":"wp","href":"https:\/\/api.w.org\/{rel}","templated":true}]}}