{"id":69671,"date":"2023-11-22T11:06:10","date_gmt":"2023-11-22T09:06:10","guid":{"rendered":"https:\/\/buletin.de\/bucuresti\/?p=69671"},"modified":"2023-11-22T16:37:14","modified_gmt":"2023-11-22T14:37:14","slug":"sector-3-incendiu-la-scoala-54-se-tin-ore-in-santier-iar-senzorii-de-fum-erau-opriti-directoare-am-dat-informatiile-cui-trebuie","status":"publish","type":"post","link":"https:\/\/buletin.de\/bucuresti\/sector-3-incendiu-la-scoala-54-se-tin-ore-in-santier-iar-senzorii-de-fum-erau-opriti-directoare-am-dat-informatiile-cui-trebuie\/","title":{"rendered":"Sector 3 | Incendiu la \u015fcoala 54. Se \u0163in ore \u00een \u015fantier, iar senzorii de fum erau opri\u0163i. Directoare: \u201eAm dat informa\u0163iile cui trebuie!\u201d"},"content":{"rendered":"\n<p><strong>Un incendiu a izbucnit, seara trecut\u0103, \u00eentr-un grup sanitar de la \u015fcoala 54, din sectorul 3. Au ars c\u00e2teva h\u00e2rtii, iar incendiul nu a putut fi descoperit mai rapid, din cauza faptului c\u0103 senzorii de fum sunt opri\u0163i, pe timpul lucr\u0103rilor de reabilitare care se fac \u00een \u015fcoal\u0103, \u00een aceast\u0103 perioad\u0103. <\/strong><\/p>\n\n\n\n<p>Fl\u0103c\u0103rile \u015fi fumul nu s-au extins, iar niciun elev ori cadru didactic dintre cei care erau \u00een \u015fcoal\u0103 la ora incendiului (17:30) nu a fost afectat. <a href=\"https:\/\/stirileprotv.ro\/stiri\/actualitate\/incendiu-la-o-scoala-generala-din-bucuresti-mobilizare-de-forta-impresionanta-a-pompierilor.html\">Conform ProTV<\/a>, peste 200 de elevi \u015fi 13 profesori au fost evacua\u0163i, dar f\u0103r\u0103 probleme. P\u00e2n\u0103 s\u0103 afle, \u00eens\u0103, amploarea acestui incendiu, pompierii militari au trimis opt autospeciale la fa\u0163a locului, dat fiind locul \u015fi gradul de pericol, au transmis cei de la ISU B-IF pentru Buletin de Bucure\u015fti. \u00centre timp, lucrurile s-au l\u0103murit, iar majoritatea ma\u015finilor de pompieri au fost \u00eentoarse din drum.<\/p>\n\n\n<p><iframe src=\"https:\/\/www.facebook.com\/plugins\/video.php?height=316&#038;href=https%3A%2F%2Fwww.facebook.com%2FLucian.Judele.USRPLUS%2Fvideos%2F346312818085390%2F&#038;show_text=false&#038;width=560&#038;t=0\" width=\"560\" height=\"316\" style=\"border:none;overflow:hidden\" scrolling=\"no\" frameborder=\"0\" allowfullscreen=\"true\" allow=\"autoplay; clipboard-write; encrypted-media; picture-in-picture; web-share\" allowFullScreen=\"true\"><\/iframe><\/p>\n\n\n\n<p>Dincolo de incendiu \u00een sine, discu\u0163ia este despre securitatea elevilor \u00een \u015fcoal\u0103. Faptul c\u0103 senzorii de fum erau opri\u0163i a \u00eengreunat depistarea focului. <\/p>\n\n\n\n<p>Contactat\u0103 de Buletin de Bucure\u015fti, directoarea \u015fcolii nu a vrut s\u0103 r\u0103spund\u0103 la \u00eentreb\u0103rile legate de incendiu \u015fi de securitatea elevilor \u015fi ne-a \u00eendemnat s\u0103 adres\u0103m \u00eentreb\u0103rile Inspectoratului Municipiului Bucure\u015fti. <strong>\u201eNu v\u0103 dau informa\u0163ii, nu! Am dat cui trebuie, domnilor de la Poli\u0163ie, pompieri, cine a venit asear\u0103 \u015fi cui trebuie!\u201d<\/strong><\/p>\n\n\n\n<p>\u015ecoala 54 este una dintre cele dou\u0103sprezece din sector care sunt \u00een situa\u0163ia de \u015fcoal\u0103-\u015fantier, spune viceprimarul Lucian Judele. \u201e<em>Unele au luat m\u0103suri \u00een urma discu\u0163iilor pe care le-am avut cu ele<\/em>\u201d, a mai spus acesta, pentru Buletin de Bucure\u015fti.  <\/p>\n\n\n\n<figure class=\"wp-block-image size-large\"><img fetchpriority=\"high\" decoding=\"async\" width=\"675\" height=\"900\" src=\"data:image\/gif;base64,R0lGODlhAQABAAAAACH5BAEKAAEALAAAAAABAAEAAAICTAEAOw==\" data-src=\"https:\/\/buletin.de\/bucuresti\/wp-content\/uploads\/WhatsApp-Image-2023-11-22-at-09.45.25-675x900.jpeg\" alt=\"\" class=\"wp-image-69675 lazyload\" data-sizes=\"auto\" data-srcset=\"https:\/\/buletin.de\/bucuresti\/wp-content\/uploads\/WhatsApp-Image-2023-11-22-at-09.45.25-675x900.jpeg 675w, https:\/\/buletin.de\/bucuresti\/wp-content\/uploads\/WhatsApp-Image-2023-11-22-at-09.45.25-225x300.jpeg 225w, https:\/\/buletin.de\/bucuresti\/wp-content\/uploads\/WhatsApp-Image-2023-11-22-at-09.45.25-768x1024.jpeg 768w, https:\/\/buletin.de\/bucuresti\/wp-content\/uploads\/WhatsApp-Image-2023-11-22-at-09.45.25-1152x1536.jpeg 1152w, https:\/\/buletin.de\/bucuresti\/wp-content\/uploads\/WhatsApp-Image-2023-11-22-at-09.45.25-1100x1467.jpeg 1100w, https:\/\/buletin.de\/bucuresti\/wp-content\/uploads\/WhatsApp-Image-2023-11-22-at-09.45.25-600x800.jpeg 600w, https:\/\/buletin.de\/bucuresti\/wp-content\/uploads\/WhatsApp-Image-2023-11-22-at-09.45.25-20x27.jpeg 20w, https:\/\/buletin.de\/bucuresti\/wp-content\/uploads\/WhatsApp-Image-2023-11-22-at-09.45.25.jpeg 1200w\" sizes=\"(max-width: 675px) 100vw, 675px\" \/><\/figure>\n\n\n\n<p>Panoul de mai sus este obligatoriu la orice \u015fantier, \u00eens\u0103 elevii, chiar dac\u0103 trec prin zone de lucru, este evident c\u0103 nu sunt astfel echipa\u0163i. \u015ei atunci care este solu\u0163ia? Am adresat \u00eentrebarea primarului sectorului 3, Robert Negoi\u0163\u0103, \u00eens\u0103, p\u00e2n\u0103 la publicarea articolului, nu am primit un r\u0103spuns. \u00cen schimb, viceprimarul are p\u0103rerea sa: <\/p>\n\n\n\n<blockquote class=\"wp-block-quote is-layout-flow wp-block-quote-is-layout-flow\">\n<p>\u0218antierele nu trebuiau \u00eencepute toate \u00een acela\u0219i timp, lucr\u0103rile se puteau face pe r\u00e2nd. Indiferent de urgen\u021ba lucr\u0103rilor nu putem pune copiii \u00een pericol<\/p>\n<cite>Lucian Judele, viceprimar sector 3<\/cite><\/blockquote>\n\n\n\n<p>Lucian Judele este, de altfel, protagonistul <a href=\"https:\/\/buletin.de\/bucuresti\/viceprimarul-usr-de-la-sectorul-3-escortat-de-politisti-in-timpul-unui-live-la-scoala-mexic-am-primit-multe-sesizari-scoala-este-un-santier\/\">scandalului de la \u015fcoala Mexic<\/a>. Acesta a vrut s\u0103 arate, la acea vreme, neregulile similare celor de la \u015fcoala 54, g\u0103site acolo. Ulterior, viceprimarul \u015fi senatorul USR \u015etefan P\u0103l\u0103rie au \u00eenaintat o peti\u0163ie c\u0103tre DSP Bucure\u015fti, \u00een care au cerut s\u0103 se verifice condi\u0163iile de \u00eenv\u0103\u0163\u0103m\u00e2nt \u00een acea \u015fcoal\u0103. Neregulile g\u0103site de Direc\u0163ia de S\u0103n\u0103tate Public\u0103 sunt numeroase \u015fi, unele dintre ele, grave:<\/p>\n\n\n\n<ul class=\"wp-block-list\">\n<li>procesul de \u00eenv\u0103\u021b\u0103m\u00e2nt se desf\u0103\u0219oar\u0103 in sala de sport si la etajul 2 al cl\u0103dirii aflate \u00een reabilitare; \u00een sala de sport sunt amenajate 3 s\u0103li de clas\u0103, delimitate par\u0163ial, cu fond sonor ambiental comun<\/li>\n\n\n\n<li>\u00een cl\u0103direa aflat\u0103 \u00een reabilitare, activitatea este comasat\u0103 la etajul 2, at\u00e2t pentru clasele l-Vlll, c\u00e2t \u015fi pentru grupele de pre\u0219colari; accesul \u00een cl\u0103dire se face pe l\u00e2ng\u0103 schelele montate la exterior, p\u00e2n\u0103 la etajul 2 fiind traversate spa\u0163ii nefinisate (holuri, sc\u0103ri), cu pavimente pr\u0103fuite \u015fi cabluri neprotejate pe pere\u0163i \u015fi plafoane<\/li>\n\n\n\n<li> grupurile sanitare sunt comune pentru \u0219colari \u015fi pre\u015fcolari (neadaptate ca dimensiuni v\u00e2rstei); \u00een grupurile<br>sanitare exist\u0103 zone cu finisaje incomplete, precum \u015fi o scar\u0103 de acces c\u0103tre acoperi\u0219ul cl\u0103dirii nesecurizate <\/li>\n\n\n\n<li>\u00een s\u0103lile de clasa pavimentele sunt nefinisate, pr\u0103fuite, iar pe plafoane \u015fi pere\u021bi sunt cabluri neprotejate <\/li>\n\n\n\n<li>\u00een s\u0103lile de grup\u0103 pentru pre\u015fcolari, pavimentul este mochetat, \u00eens\u0103 mocheta este foarte murdar\u0103 este amenajat\u0103 sal\u0103 de mese, \u00eens\u0103 nu exist\u0103 racord la ap\u0103 curent\u0103 \u015fi canalizare, iar tac\u00e2murile utilizate sunt sp\u0103late la grupul sanitar<\/li>\n\n\n\n<li>\u00een toate s\u0103lile de grup\u0103 \u015fi clas\u0103 se percep zgomote specifice utilajelor \u015fi ustensilelor electrice utilizate pe \u015fantier<\/li>\n\n\n\n<li>cabinetul medical nu este racordat la ap\u0103 curent\u0103 \u015fi canalizare; nu se asigur\u0103 asisten\u0163\u0103 medical\u0103 pentru pre\u015fcolari \u015fi \u0219colari<\/li>\n<\/ul>\n\n\n\n<p>Inspectorii DSP au spus c\u0103 au cerut Inspectoratului \u015ecolar al Sectorului 3  \u015fi Prim\u0103riei ca aceste nereguli s\u0103 fie rezolvate rapid, pentru a se evita accidentarea ori \u00eemboln\u0103virea elevilor.<\/p>\n\n\n\n<p><\/p>\n","protected":false},"excerpt":{"rendered":"<p>Un incendiu a izbucnit, seara trecut\u0103, \u00eentr-un grup sanitar de la \u015fcoala 54, din sectorul 3. Au ars c\u00e2teva h\u00e2rtii, iar incendiul nu a putut fi descoperit mai rapid, din cauza faptului c\u0103 senzorii de fum sunt opri\u0163i, pe timpul lucr\u0103rilor de reabilitare care se fac \u00een \u015fcoal\u0103, \u00een aceast\u0103 perioad\u0103. Fl\u0103c\u0103rile \u015fi fumul nu [&hellip;]<\/p>\n","protected":false},"author":8,"featured_media":69677,"comment_status":"closed","ping_status":"open","sticky":false,"template":"","format":"standard","meta":{"_acf_changed":false,"inline_featured_image":false,"ngg_post_thumbnail":0,"footnotes":""},"categories":[6994,3421,5762],"tags":[7926,7244,220,7927,440],"ppma_author":[22586],"class_list":["post-69671","post","type-post","status-publish","format-standard","has-post-thumbnail","hentry","category-stiri-2","category-educatie","category-main","tag-incendiu-scoala","tag-lucian-judele","tag-robert-negoita","tag-scoala-santier","tag-sector-3"],"acf":[],"yoast_head":"<!-- This site is optimized with the Yoast SEO Premium plugin v25.3 (Yoast SEO v27.4) - https:\/\/yoast.com\/product\/yoast-seo-premium-wordpress\/ -->\n<title>Sector 3 | Incendiu la \u015fcoala 54. Se \u0163in ore \u00een \u015fantier, iar senzorii de fum erau opri\u0163i. Directoare: \u201eAm dat informa\u0163iile cui trebuie!\u201d - Buletin de Bucure\u0219ti<\/title>\n<meta name=\"robots\" content=\"index, follow, max-snippet:-1, max-image-preview:large, max-video-preview:-1\" \/>\n<link rel=\"canonical\" href=\"https:\/\/buletin.de\/bucuresti\/sector-3-incendiu-la-scoala-54-se-tin-ore-in-santier-iar-senzorii-de-fum-erau-opriti-directoare-am-dat-informatiile-cui-trebuie\/\" \/>\n<meta property=\"og:locale\" content=\"en_GB\" \/>\n<meta property=\"og:type\" content=\"article\" \/>\n<meta property=\"og:title\" content=\"Sector 3 | Incendiu la \u015fcoala 54. Se \u0163in ore \u00een \u015fantier, iar senzorii de fum erau opri\u0163i. Directoare: \u201eAm dat informa\u0163iile cui trebuie!\u201d\" \/>\n<meta property=\"og:description\" content=\"Un incendiu a izbucnit, seara trecut\u0103, \u00eentr-un grup sanitar de la \u015fcoala 54, din sectorul 3. Au ars c\u00e2teva h\u00e2rtii, iar incendiul nu a putut fi descoperit mai rapid, din cauza faptului c\u0103 senzorii de fum sunt opri\u0163i, pe timpul lucr\u0103rilor de reabilitare care se fac \u00een \u015fcoal\u0103, \u00een aceast\u0103 perioad\u0103. Fl\u0103c\u0103rile \u015fi fumul nu [&hellip;]\" \/>\n<meta property=\"og:url\" content=\"https:\/\/buletin.de\/bucuresti\/sector-3-incendiu-la-scoala-54-se-tin-ore-in-santier-iar-senzorii-de-fum-erau-opriti-directoare-am-dat-informatiile-cui-trebuie\/\" \/>\n<meta property=\"og:site_name\" content=\"Buletin de Bucure\u0219ti\" \/>\n<meta property=\"article:publisher\" content=\"https:\/\/www.facebook.com\/buletin.de.buc\" \/>\n<meta property=\"article:published_time\" content=\"2023-11-22T09:06:10+00:00\" \/>\n<meta property=\"article:modified_time\" content=\"2023-11-22T14:37:14+00:00\" \/>\n<meta property=\"og:image\" content=\"https:\/\/buletin.de\/bucuresti\/wp-content\/uploads\/incendiu-scoala-54.png\" \/>\n\t<meta property=\"og:image:width\" content=\"1511\" \/>\n\t<meta property=\"og:image:height\" content=\"834\" \/>\n\t<meta property=\"og:image:type\" content=\"image\/png\" \/>\n<meta name=\"author\" content=\"Ionu\u021b Lepa\" \/>\n<meta name=\"twitter:card\" content=\"summary_large_image\" \/>\n<meta name=\"twitter:label1\" content=\"Written by\" \/>\n\t<meta name=\"twitter:data1\" content=\"Ionu\u021b Lepa\" \/>\n\t<meta name=\"twitter:label2\" content=\"Estimated reading time\" \/>\n\t<meta name=\"twitter:data2\" content=\"4 minutes\" \/>\n<script type=\"application\/ld+json\" class=\"yoast-schema-graph\">{\"@context\":\"https:\\\/\\\/schema.org\",\"@graph\":[{\"@type\":\"Article\",\"@id\":\"https:\\\/\\\/buletin.de\\\/bucuresti\\\/sector-3-incendiu-la-scoala-54-se-tin-ore-in-santier-iar-senzorii-de-fum-erau-opriti-directoare-am-dat-informatiile-cui-trebuie\\\/#article\",\"isPartOf\":{\"@id\":\"https:\\\/\\\/buletin.de\\\/bucuresti\\\/sector-3-incendiu-la-scoala-54-se-tin-ore-in-santier-iar-senzorii-de-fum-erau-opriti-directoare-am-dat-informatiile-cui-trebuie\\\/\"},\"author\":{\"name\":\"Ionu\u021b Lepa\",\"@id\":\"https:\\\/\\\/buletin.de\\\/bucuresti\\\/#\\\/schema\\\/person\\\/5272b8a057b33890940b57b837fc4ce6\"},\"headline\":\"Sector 3 | Incendiu la \u015fcoala 54. Se \u0163in ore \u00een \u015fantier, iar senzorii de fum erau opri\u0163i. Directoare: \u201eAm dat informa\u0163iile cui trebuie!\u201d\",\"datePublished\":\"2023-11-22T09:06:10+00:00\",\"dateModified\":\"2023-11-22T14:37:14+00:00\",\"mainEntityOfPage\":{\"@id\":\"https:\\\/\\\/buletin.de\\\/bucuresti\\\/sector-3-incendiu-la-scoala-54-se-tin-ore-in-santier-iar-senzorii-de-fum-erau-opriti-directoare-am-dat-informatiile-cui-trebuie\\\/\"},\"wordCount\":736,\"publisher\":{\"@id\":\"https:\\\/\\\/buletin.de\\\/bucuresti\\\/#organization\"},\"image\":{\"@id\":\"https:\\\/\\\/buletin.de\\\/bucuresti\\\/sector-3-incendiu-la-scoala-54-se-tin-ore-in-santier-iar-senzorii-de-fum-erau-opriti-directoare-am-dat-informatiile-cui-trebuie\\\/#primaryimage\"},\"thumbnailUrl\":\"https:\\\/\\\/buletin.de\\\/bucuresti\\\/wp-content\\\/uploads\\\/incendiu-scoala-54.png\",\"keywords\":[\"incendiu scoala\",\"Lucian Judele\",\"robert negoita\",\"scoala santier\",\"Sector 3\"],\"articleSection\":[\"Articole\",\"Educa\u021bie\",\"Main\"],\"inLanguage\":\"en-GB\",\"copyrightYear\":\"2023\",\"copyrightHolder\":{\"@id\":\"https:\\\/\\\/buletin.de\\\/bucuresti\\\/#organization\"}},{\"@type\":\"WebPage\",\"@id\":\"https:\\\/\\\/buletin.de\\\/bucuresti\\\/sector-3-incendiu-la-scoala-54-se-tin-ore-in-santier-iar-senzorii-de-fum-erau-opriti-directoare-am-dat-informatiile-cui-trebuie\\\/\",\"url\":\"https:\\\/\\\/buletin.de\\\/bucuresti\\\/sector-3-incendiu-la-scoala-54-se-tin-ore-in-santier-iar-senzorii-de-fum-erau-opriti-directoare-am-dat-informatiile-cui-trebuie\\\/\",\"name\":\"Sector 3 | Incendiu la \u015fcoala 54. Se \u0163in ore \u00een \u015fantier, iar senzorii de fum erau opri\u0163i. Directoare: \u201eAm dat informa\u0163iile cui trebuie!\u201d - Buletin de Bucure\u0219ti\",\"isPartOf\":{\"@id\":\"https:\\\/\\\/buletin.de\\\/bucuresti\\\/#website\"},\"primaryImageOfPage\":{\"@id\":\"https:\\\/\\\/buletin.de\\\/bucuresti\\\/sector-3-incendiu-la-scoala-54-se-tin-ore-in-santier-iar-senzorii-de-fum-erau-opriti-directoare-am-dat-informatiile-cui-trebuie\\\/#primaryimage\"},\"image\":{\"@id\":\"https:\\\/\\\/buletin.de\\\/bucuresti\\\/sector-3-incendiu-la-scoala-54-se-tin-ore-in-santier-iar-senzorii-de-fum-erau-opriti-directoare-am-dat-informatiile-cui-trebuie\\\/#primaryimage\"},\"thumbnailUrl\":\"https:\\\/\\\/buletin.de\\\/bucuresti\\\/wp-content\\\/uploads\\\/incendiu-scoala-54.png\",\"datePublished\":\"2023-11-22T09:06:10+00:00\",\"dateModified\":\"2023-11-22T14:37:14+00:00\",\"breadcrumb\":{\"@id\":\"https:\\\/\\\/buletin.de\\\/bucuresti\\\/sector-3-incendiu-la-scoala-54-se-tin-ore-in-santier-iar-senzorii-de-fum-erau-opriti-directoare-am-dat-informatiile-cui-trebuie\\\/#breadcrumb\"},\"inLanguage\":\"en-GB\",\"potentialAction\":[{\"@type\":\"ReadAction\",\"target\":[\"https:\\\/\\\/buletin.de\\\/bucuresti\\\/sector-3-incendiu-la-scoala-54-se-tin-ore-in-santier-iar-senzorii-de-fum-erau-opriti-directoare-am-dat-informatiile-cui-trebuie\\\/\"]}]},{\"@type\":\"ImageObject\",\"inLanguage\":\"en-GB\",\"@id\":\"https:\\\/\\\/buletin.de\\\/bucuresti\\\/sector-3-incendiu-la-scoala-54-se-tin-ore-in-santier-iar-senzorii-de-fum-erau-opriti-directoare-am-dat-informatiile-cui-trebuie\\\/#primaryimage\",\"url\":\"https:\\\/\\\/buletin.de\\\/bucuresti\\\/wp-content\\\/uploads\\\/incendiu-scoala-54.png\",\"contentUrl\":\"https:\\\/\\\/buletin.de\\\/bucuresti\\\/wp-content\\\/uploads\\\/incendiu-scoala-54.png\",\"width\":1511,\"height\":834,\"caption\":\"FOTO: Captur\u0103 FB \\\/ Lucian Judele\"},{\"@type\":\"BreadcrumbList\",\"@id\":\"https:\\\/\\\/buletin.de\\\/bucuresti\\\/sector-3-incendiu-la-scoala-54-se-tin-ore-in-santier-iar-senzorii-de-fum-erau-opriti-directoare-am-dat-informatiile-cui-trebuie\\\/#breadcrumb\",\"itemListElement\":[{\"@type\":\"ListItem\",\"position\":1,\"name\":\"Acas\u0103\",\"item\":\"https:\\\/\\\/buletin.de\\\/bucuresti\\\/\"},{\"@type\":\"ListItem\",\"position\":2,\"name\":\"Sector 3 | Incendiu la \u015fcoala 54. Se \u0163in ore \u00een \u015fantier, iar senzorii de fum erau opri\u0163i. Directoare: \u201eAm dat informa\u0163iile cui trebuie!\u201d\"}]},{\"@type\":\"WebSite\",\"@id\":\"https:\\\/\\\/buletin.de\\\/bucuresti\\\/#website\",\"url\":\"https:\\\/\\\/buletin.de\\\/bucuresti\\\/\",\"name\":\"Buletin de Bucure\u0219ti\",\"description\":\"\u0218tiri \u0219i investiga\u021bii esen\u021biale din capital\u0103\",\"publisher\":{\"@id\":\"https:\\\/\\\/buletin.de\\\/bucuresti\\\/#organization\"},\"potentialAction\":[{\"@type\":\"SearchAction\",\"target\":{\"@type\":\"EntryPoint\",\"urlTemplate\":\"https:\\\/\\\/buletin.de\\\/bucuresti\\\/?s={search_term_string}\"},\"query-input\":{\"@type\":\"PropertyValueSpecification\",\"valueRequired\":true,\"valueName\":\"search_term_string\"}}],\"inLanguage\":\"en-GB\"},{\"@type\":\"Organization\",\"@id\":\"https:\\\/\\\/buletin.de\\\/bucuresti\\\/#organization\",\"name\":\"Buletin de Bucure\u0219ti\",\"url\":\"https:\\\/\\\/buletin.de\\\/bucuresti\\\/\",\"logo\":{\"@type\":\"ImageObject\",\"inLanguage\":\"en-GB\",\"@id\":\"https:\\\/\\\/buletin.de\\\/bucuresti\\\/#\\\/schema\\\/logo\\\/image\\\/\",\"url\":\"https:\\\/\\\/buletin.de\\\/bucuresti\\\/wp-content\\\/uploads\\\/logo-bdb-full-wide-vernil-transparent.png\",\"contentUrl\":\"https:\\\/\\\/buletin.de\\\/bucuresti\\\/wp-content\\\/uploads\\\/logo-bdb-full-wide-vernil-transparent.png\",\"width\":1782,\"height\":626,\"caption\":\"Buletin de Bucure\u0219ti\"},\"image\":{\"@id\":\"https:\\\/\\\/buletin.de\\\/bucuresti\\\/#\\\/schema\\\/logo\\\/image\\\/\"},\"sameAs\":[\"https:\\\/\\\/www.facebook.com\\\/buletin.de.buc\",\"https:\\\/\\\/www.instagram.com\\\/buletinde.bucuresti\\\/\"]},{\"@type\":\"Person\",\"@id\":\"https:\\\/\\\/buletin.de\\\/bucuresti\\\/#\\\/schema\\\/person\\\/5272b8a057b33890940b57b837fc4ce6\",\"name\":\"Ionu\u021b Lepa\",\"image\":{\"@type\":\"ImageObject\",\"inLanguage\":\"en-GB\",\"@id\":\"https:\\\/\\\/buletin.de\\\/bucuresti\\\/wp-content\\\/uploads\\\/Ionut-Lepa-96x96.jpg5c4e4d9e049808799a8821652d2410a4\",\"url\":\"https:\\\/\\\/buletin.de\\\/bucuresti\\\/wp-content\\\/uploads\\\/Ionut-Lepa-96x96.jpg\",\"contentUrl\":\"https:\\\/\\\/buletin.de\\\/bucuresti\\\/wp-content\\\/uploads\\\/Ionut-Lepa-96x96.jpg\",\"caption\":\"Ionu\u021b Lepa\"},\"url\":\"https:\\\/\\\/buletin.de\\\/bucuresti\\\/author\\\/ionutlepa\\\/\"}]}<\/script>\n<!-- \/ Yoast SEO Premium plugin. -->","yoast_head_json":{"title":"Sector 3 | Incendiu la \u015fcoala 54. Se \u0163in ore \u00een \u015fantier, iar senzorii de fum erau opri\u0163i. Directoare: \u201eAm dat informa\u0163iile cui trebuie!\u201d - Buletin de Bucure\u0219ti","robots":{"index":"index","follow":"follow","max-snippet":"max-snippet:-1","max-image-preview":"max-image-preview:large","max-video-preview":"max-video-preview:-1"},"canonical":"https:\/\/buletin.de\/bucuresti\/sector-3-incendiu-la-scoala-54-se-tin-ore-in-santier-iar-senzorii-de-fum-erau-opriti-directoare-am-dat-informatiile-cui-trebuie\/","og_locale":"en_GB","og_type":"article","og_title":"Sector 3 | Incendiu la \u015fcoala 54. Se \u0163in ore \u00een \u015fantier, iar senzorii de fum erau opri\u0163i. Directoare: \u201eAm dat informa\u0163iile cui trebuie!\u201d","og_description":"Un incendiu a izbucnit, seara trecut\u0103, \u00eentr-un grup sanitar de la \u015fcoala 54, din sectorul 3. Au ars c\u00e2teva h\u00e2rtii, iar incendiul nu a putut fi descoperit mai rapid, din cauza faptului c\u0103 senzorii de fum sunt opri\u0163i, pe timpul lucr\u0103rilor de reabilitare care se fac \u00een \u015fcoal\u0103, \u00een aceast\u0103 perioad\u0103. Fl\u0103c\u0103rile \u015fi fumul nu [&hellip;]","og_url":"https:\/\/buletin.de\/bucuresti\/sector-3-incendiu-la-scoala-54-se-tin-ore-in-santier-iar-senzorii-de-fum-erau-opriti-directoare-am-dat-informatiile-cui-trebuie\/","og_site_name":"Buletin de Bucure\u0219ti","article_publisher":"https:\/\/www.facebook.com\/buletin.de.buc","article_published_time":"2023-11-22T09:06:10+00:00","article_modified_time":"2023-11-22T14:37:14+00:00","og_image":[{"width":1511,"height":834,"url":"https:\/\/buletin.de\/bucuresti\/wp-content\/uploads\/incendiu-scoala-54.png","type":"image\/png"}],"author":"Ionu\u021b Lepa","twitter_card":"summary_large_image","twitter_misc":{"Written by":"Ionu\u021b Lepa","Estimated reading time":"4 minutes"},"schema":{"@context":"https:\/\/schema.org","@graph":[{"@type":"Article","@id":"https:\/\/buletin.de\/bucuresti\/sector-3-incendiu-la-scoala-54-se-tin-ore-in-santier-iar-senzorii-de-fum-erau-opriti-directoare-am-dat-informatiile-cui-trebuie\/#article","isPartOf":{"@id":"https:\/\/buletin.de\/bucuresti\/sector-3-incendiu-la-scoala-54-se-tin-ore-in-santier-iar-senzorii-de-fum-erau-opriti-directoare-am-dat-informatiile-cui-trebuie\/"},"author":{"name":"Ionu\u021b Lepa","@id":"https:\/\/buletin.de\/bucuresti\/#\/schema\/person\/5272b8a057b33890940b57b837fc4ce6"},"headline":"Sector 3 | Incendiu la \u015fcoala 54. Se \u0163in ore \u00een \u015fantier, iar senzorii de fum erau opri\u0163i. Directoare: \u201eAm dat informa\u0163iile cui trebuie!\u201d","datePublished":"2023-11-22T09:06:10+00:00","dateModified":"2023-11-22T14:37:14+00:00","mainEntityOfPage":{"@id":"https:\/\/buletin.de\/bucuresti\/sector-3-incendiu-la-scoala-54-se-tin-ore-in-santier-iar-senzorii-de-fum-erau-opriti-directoare-am-dat-informatiile-cui-trebuie\/"},"wordCount":736,"publisher":{"@id":"https:\/\/buletin.de\/bucuresti\/#organization"},"image":{"@id":"https:\/\/buletin.de\/bucuresti\/sector-3-incendiu-la-scoala-54-se-tin-ore-in-santier-iar-senzorii-de-fum-erau-opriti-directoare-am-dat-informatiile-cui-trebuie\/#primaryimage"},"thumbnailUrl":"https:\/\/buletin.de\/bucuresti\/wp-content\/uploads\/incendiu-scoala-54.png","keywords":["incendiu scoala","Lucian Judele","robert negoita","scoala santier","Sector 3"],"articleSection":["Articole","Educa\u021bie","Main"],"inLanguage":"en-GB","copyrightYear":"2023","copyrightHolder":{"@id":"https:\/\/buletin.de\/bucuresti\/#organization"}},{"@type":"WebPage","@id":"https:\/\/buletin.de\/bucuresti\/sector-3-incendiu-la-scoala-54-se-tin-ore-in-santier-iar-senzorii-de-fum-erau-opriti-directoare-am-dat-informatiile-cui-trebuie\/","url":"https:\/\/buletin.de\/bucuresti\/sector-3-incendiu-la-scoala-54-se-tin-ore-in-santier-iar-senzorii-de-fum-erau-opriti-directoare-am-dat-informatiile-cui-trebuie\/","name":"Sector 3 | Incendiu la \u015fcoala 54. Se \u0163in ore \u00een \u015fantier, iar senzorii de fum erau opri\u0163i. Directoare: \u201eAm dat informa\u0163iile cui trebuie!\u201d - Buletin de Bucure\u0219ti","isPartOf":{"@id":"https:\/\/buletin.de\/bucuresti\/#website"},"primaryImageOfPage":{"@id":"https:\/\/buletin.de\/bucuresti\/sector-3-incendiu-la-scoala-54-se-tin-ore-in-santier-iar-senzorii-de-fum-erau-opriti-directoare-am-dat-informatiile-cui-trebuie\/#primaryimage"},"image":{"@id":"https:\/\/buletin.de\/bucuresti\/sector-3-incendiu-la-scoala-54-se-tin-ore-in-santier-iar-senzorii-de-fum-erau-opriti-directoare-am-dat-informatiile-cui-trebuie\/#primaryimage"},"thumbnailUrl":"https:\/\/buletin.de\/bucuresti\/wp-content\/uploads\/incendiu-scoala-54.png","datePublished":"2023-11-22T09:06:10+00:00","dateModified":"2023-11-22T14:37:14+00:00","breadcrumb":{"@id":"https:\/\/buletin.de\/bucuresti\/sector-3-incendiu-la-scoala-54-se-tin-ore-in-santier-iar-senzorii-de-fum-erau-opriti-directoare-am-dat-informatiile-cui-trebuie\/#breadcrumb"},"inLanguage":"en-GB","potentialAction":[{"@type":"ReadAction","target":["https:\/\/buletin.de\/bucuresti\/sector-3-incendiu-la-scoala-54-se-tin-ore-in-santier-iar-senzorii-de-fum-erau-opriti-directoare-am-dat-informatiile-cui-trebuie\/"]}]},{"@type":"ImageObject","inLanguage":"en-GB","@id":"https:\/\/buletin.de\/bucuresti\/sector-3-incendiu-la-scoala-54-se-tin-ore-in-santier-iar-senzorii-de-fum-erau-opriti-directoare-am-dat-informatiile-cui-trebuie\/#primaryimage","url":"https:\/\/buletin.de\/bucuresti\/wp-content\/uploads\/incendiu-scoala-54.png","contentUrl":"https:\/\/buletin.de\/bucuresti\/wp-content\/uploads\/incendiu-scoala-54.png","width":1511,"height":834,"caption":"FOTO: Captur\u0103 FB \/ Lucian Judele"},{"@type":"BreadcrumbList","@id":"https:\/\/buletin.de\/bucuresti\/sector-3-incendiu-la-scoala-54-se-tin-ore-in-santier-iar-senzorii-de-fum-erau-opriti-directoare-am-dat-informatiile-cui-trebuie\/#breadcrumb","itemListElement":[{"@type":"ListItem","position":1,"name":"Acas\u0103","item":"https:\/\/buletin.de\/bucuresti\/"},{"@type":"ListItem","position":2,"name":"Sector 3 | Incendiu la \u015fcoala 54. Se \u0163in ore \u00een \u015fantier, iar senzorii de fum erau opri\u0163i. Directoare: \u201eAm dat informa\u0163iile cui trebuie!\u201d"}]},{"@type":"WebSite","@id":"https:\/\/buletin.de\/bucuresti\/#website","url":"https:\/\/buletin.de\/bucuresti\/","name":"Buletin de Bucure\u0219ti","description":"\u0218tiri \u0219i investiga\u021bii esen\u021biale din capital\u0103","publisher":{"@id":"https:\/\/buletin.de\/bucuresti\/#organization"},"potentialAction":[{"@type":"SearchAction","target":{"@type":"EntryPoint","urlTemplate":"https:\/\/buletin.de\/bucuresti\/?s={search_term_string}"},"query-input":{"@type":"PropertyValueSpecification","valueRequired":true,"valueName":"search_term_string"}}],"inLanguage":"en-GB"},{"@type":"Organization","@id":"https:\/\/buletin.de\/bucuresti\/#organization","name":"Buletin de Bucure\u0219ti","url":"https:\/\/buletin.de\/bucuresti\/","logo":{"@type":"ImageObject","inLanguage":"en-GB","@id":"https:\/\/buletin.de\/bucuresti\/#\/schema\/logo\/image\/","url":"https:\/\/buletin.de\/bucuresti\/wp-content\/uploads\/logo-bdb-full-wide-vernil-transparent.png","contentUrl":"https:\/\/buletin.de\/bucuresti\/wp-content\/uploads\/logo-bdb-full-wide-vernil-transparent.png","width":1782,"height":626,"caption":"Buletin de Bucure\u0219ti"},"image":{"@id":"https:\/\/buletin.de\/bucuresti\/#\/schema\/logo\/image\/"},"sameAs":["https:\/\/www.facebook.com\/buletin.de.buc","https:\/\/www.instagram.com\/buletinde.bucuresti\/"]},{"@type":"Person","@id":"https:\/\/buletin.de\/bucuresti\/#\/schema\/person\/5272b8a057b33890940b57b837fc4ce6","name":"Ionu\u021b Lepa","image":{"@type":"ImageObject","inLanguage":"en-GB","@id":"https:\/\/buletin.de\/bucuresti\/wp-content\/uploads\/Ionut-Lepa-96x96.jpg5c4e4d9e049808799a8821652d2410a4","url":"https:\/\/buletin.de\/bucuresti\/wp-content\/uploads\/Ionut-Lepa-96x96.jpg","contentUrl":"https:\/\/buletin.de\/bucuresti\/wp-content\/uploads\/Ionut-Lepa-96x96.jpg","caption":"Ionu\u021b Lepa"},"url":"https:\/\/buletin.de\/bucuresti\/author\/ionutlepa\/"}]}},"authors":[{"term_id":22586,"user_id":8,"is_guest":0,"slug":"ionutlepa","display_name":"Ionu\u021b Lepa","avatar_url":"https:\/\/buletin.de\/bucuresti\/wp-content\/uploads\/Ionut-Lepa-96x96.jpg","0":null,"1":"","2":"","3":"","4":"","5":"","6":"","7":"","8":""}],"_links":{"self":[{"href":"https:\/\/buletin.de\/bucuresti\/wp-json\/wp\/v2\/posts\/69671","targetHints":{"allow":["GET"]}}],"collection":[{"href":"https:\/\/buletin.de\/bucuresti\/wp-json\/wp\/v2\/posts"}],"about":[{"href":"https:\/\/buletin.de\/bucuresti\/wp-json\/wp\/v2\/types\/post"}],"author":[{"embeddable":true,"href":"https:\/\/buletin.de\/bucuresti\/wp-json\/wp\/v2\/users\/8"}],"replies":[{"embeddable":true,"href":"https:\/\/buletin.de\/bucuresti\/wp-json\/wp\/v2\/comments?post=69671"}],"version-history":[{"count":1,"href":"https:\/\/buletin.de\/bucuresti\/wp-json\/wp\/v2\/posts\/69671\/revisions"}],"predecessor-version":[{"id":69676,"href":"https:\/\/buletin.de\/bucuresti\/wp-json\/wp\/v2\/posts\/69671\/revisions\/69676"}],"wp:featuredmedia":[{"embeddable":true,"href":"https:\/\/buletin.de\/bucuresti\/wp-json\/wp\/v2\/media\/69677"}],"wp:attachment":[{"href":"https:\/\/buletin.de\/bucuresti\/wp-json\/wp\/v2\/media?parent=69671"}],"wp:term":[{"taxonomy":"category","embeddable":true,"href":"https:\/\/buletin.de\/bucuresti\/wp-json\/wp\/v2\/categories?post=69671"},{"taxonomy":"post_tag","embeddable":true,"href":"https:\/\/buletin.de\/bucuresti\/wp-json\/wp\/v2\/tags?post=69671"},{"taxonomy":"author","embeddable":true,"href":"https:\/\/buletin.de\/bucuresti\/wp-json\/wp\/v2\/ppma_author?post=69671"}],"curies":[{"name":"wp","href":"https:\/\/api.w.org\/{rel}","templated":true}]}}