{"id":69224,"date":"2023-11-17T14:10:44","date_gmt":"2023-11-17T12:10:44","guid":{"rendered":"https:\/\/buletin.de\/bucuresti\/?p=69224"},"modified":"2023-11-18T05:17:36","modified_gmt":"2023-11-18T03:17:36","slug":"gabriela-firea-relanseaza-o-carte-publicata-in-2007-despre-femei-implinite-profesional-dar-nefericite-in-viata-personala-la-eveniment-a-participat-presedintele-interimar-pnl-bucure","status":"publish","type":"post","link":"https:\/\/buletin.de\/bucuresti\/gabriela-firea-relanseaza-o-carte-publicata-in-2007-despre-femei-implinite-profesional-dar-nefericite-in-viata-personala-la-eveniment-a-participat-presedintele-interimar-pnl-bucure\/","title":{"rendered":"Gabriela Firea relanseaz\u0103 o carte publicat\u0103 \u00een 2007 despre femei \u201e\u00eemplinite profesional, dar nefericite \u00een via\u021ba personal\u0103\u201d. La eveniment a participat pre\u0219edintele interimar PNL Bucure\u0219ti"},"content":{"rendered":"\n<p><strong>Fostul primar general al Capitalei, Gabriela Firea, a relansat o carte publicat\u0103 acum 16 ani. La eveniment a participat pe l\u00e2ng\u0103 primarului ora\u0219ului Voluntari, Florentin Pandele, \u0219i pre\u0219edintele Consiliului Jude\u021bean Ilfov. Hubert Thuma de\u021bine \u0219i func\u021bia de pre\u0219edinte interimar al PNL Bucure\u0219ti \u0219i vicepre\u0219edinte regional PNL pe Regiunea Bucure\u0219ti-Ilfov.<\/strong><\/p>\n\n\n\n<p>\u201c<em>Este un roman bun pentru a fi citit \u00een zile relaxate sau vacan\u021be, cu o cea\u0219c\u0103 de cafea \u00een m\u00e2n\u0103. \u00cens\u0103, pe l\u00e2ng\u0103 fic\u021biune, este o poveste despre femei, pentru femei. <strong>C\u00e2te femei nu sunt asemenea celor trei personaje din aceast\u0103 carte:&nbsp; \u00eemplinite profesional, dar nefericite \u00een via\u021ba personal\u0103? <\/strong>Din p\u0103cate, de multe ori, femeile sunt nevoite s\u0103 aleag\u0103 \u00eentre carier\u0103 \u0219i via\u021ba personal\u0103, \u00eentre \u00eemplinirea profesional\u0103 \u0219i familie sau cas\u0103.&nbsp; O astfel de alegere aduce doar dezam\u0103gire. Dincolo de povestea romanului, cred c\u0103 femeile nu ar trebui s\u0103 fac\u0103 astfel de compromisuri \u0219i c\u0103 pot fi fericite av\u00e2nd c\u00e2te pu\u021bin din toate<\/em>\u201d, a transmis Gabriela Firea despre cartea publicat\u0103 \u00een 2007 \u0219i relansat\u0103 acum la editura Litera<a href=\"https:\/\/www.librarie.net\/p\/81311\/trei-motive\">. <\/a><\/p>\n\n\n\n<iframe src=\"https:\/\/www.facebook.com\/plugins\/post.php?href=https%3A%2F%2Fwww.facebook.com%2Fgabifirea%2Fposts%2Fpfbid075TZJ5GeTvfHSgXFsz5F5gWCssS3K9wtiW6H29QYTQtv1z4pQ4taByMGcJHSkuADl&#038;show_text=true&#038;width=500\" width=\"500\" height=\"792\" style=\"border:none;overflow:hidden\" scrolling=\"no\" frameborder=\"0\" allowfullscreen=\"true\" allow=\"autoplay; clipboard-write; encrypted-media; picture-in-picture; web-share\"><\/iframe>\n\n\n\n<p><a href=\"https:\/\/www.librarie.net\/p\/81311\/trei-motive\">Potrivit portalului libr\u0103rie.net<\/a>, cartea adun\u0103 112 pagini, este inclus\u0103 \u00een categoria \u201eBestseller interna\u021bional\u201d \u0219i poate fi achizi\u021bionat\u0103, la reducere, cu pre\u021bul de 10 lei.\u00a0\u00a0<\/p>\n\n\n\n<h2 class=\"wp-block-heading\"><strong>O istorie recent\u0103<\/strong><\/h2>\n\n\n\n<p>La evenimentul de relansare a luat parte, pe l\u00e2ng\u0103 so\u021bul Gabrielei Firea, primarul ora\u0219ului Voluntari, Florentin Pandele, \u0219i pre\u0219edintele Consiliului Jude\u021bean Ilfov, Hubert Thuma. Acesta din urm\u0103 de\u021bine \u0219i func\u021bia de pre\u0219edinte interimar al PNL Bucure\u0219ti, cea mai mare filial\u0103 a partidului. Func\u021bia politic\u0103 a fost vacantat\u0103 de Ciprian Ciucu, \u00een martie 2023. Atunci, fostul pre\u0219edinte PNL, Ludovic Orban a sus\u021binut c\u0103 demisia primarului de la Sectorul 6 are substrat politic.<\/p>\n\n\n\n<figure class=\"wp-block-image size-large\"><img fetchpriority=\"high\" decoding=\"async\" width=\"900\" height=\"599\" src=\"data:image\/gif;base64,R0lGODlhAQABAAAAACH5BAEKAAEALAAAAAABAAEAAAICTAEAOw==\" data-src=\"https:\/\/buletin.de\/bucuresti\/wp-content\/uploads\/402255987_938574084305056_5088539217988017952_n-900x599.jpg\" alt=\"\" class=\"wp-image-69226 lazyload\" data-sizes=\"auto\" data-srcset=\"https:\/\/buletin.de\/bucuresti\/wp-content\/uploads\/402255987_938574084305056_5088539217988017952_n-900x599.jpg 900w, https:\/\/buletin.de\/bucuresti\/wp-content\/uploads\/402255987_938574084305056_5088539217988017952_n-300x200.jpg 300w, https:\/\/buletin.de\/bucuresti\/wp-content\/uploads\/402255987_938574084305056_5088539217988017952_n-768x511.jpg 768w, https:\/\/buletin.de\/bucuresti\/wp-content\/uploads\/402255987_938574084305056_5088539217988017952_n-1100x732.jpg 1100w, https:\/\/buletin.de\/bucuresti\/wp-content\/uploads\/402255987_938574084305056_5088539217988017952_n-600x399.jpg 600w, https:\/\/buletin.de\/bucuresti\/wp-content\/uploads\/402255987_938574084305056_5088539217988017952_n-20x13.jpg 20w, https:\/\/buletin.de\/bucuresti\/wp-content\/uploads\/402255987_938574084305056_5088539217988017952_n.jpg 1440w\" sizes=\"(max-width: 900px) 100vw, 900px\" \/><figcaption class=\"wp-element-caption\">Gabriela Firea al\u0103turi de Hubert Thuma(foto dreapta), pre\u0219edinte interimar al PNL Bucure\u0219ti \u0219i vicepre\u0219edinte regional PNL pe Regiunea Bucure\u0219ti-Ilfov. (FOTO: fb\/Gabriela Firea)<\/figcaption><\/figure>\n\n\n\n<p>\u201c<em>V\u0103 traduc demisia lui Ciucu. PNL s-a predat \u0219i la Bucure\u0219ti. O va sprijini pe Firea la capital\u0103. Sunt convins c\u0103 nu acela\u0219i lucru vor face \u0219i votan\u021bii liberali din Bucure\u0219ti. \u00cen ce m\u0103 prive\u0219te, merg pe m\u00e2na lui Nicu\u0219or Dan. \u0218i am convingerea c\u0103 o alian\u021b\u0103 de centru-dreapta poate s\u0103 apere Bucure\u0219tiul de capturarea de c\u0103tre caracati\u021ba pesedist\u0103<\/em>\u201d,<a href=\"https:\/\/www.facebook.com\/ludovicorban.ro\/posts\/615342180416589?ref=embed_post\"> a scris atunci Orban<\/a>.<\/p>\n\n\n\n<p>Reamintim, presiunea public\u0103 iscat\u0103 de presupusa implicare a sa \u0219i a apropia\u021bilor s\u0103i \u00een afacerea azilelor din Ilfov a for\u021bat-o pe Gabriela Firea s\u0103 demisioneze din Guvern \u0219i s\u0103 se autosuspende, pentru patru luni, din func\u021biile de conducere din PSD.<\/p>\n\n\n\n<p>\u00cen 6 noiembrie, Firea a considerat c\u0103 autosuspendarea din partid s-a \u00eencheiat, a\u0219a c\u0103 a revenit \u00een func\u021biile de prim-vicepre\u0219edinte PSD \u0219i pre\u0219edinte PSD Bucure\u0219ti.<\/p>\n\n\n\n<p>Recent, pre\u0219edintele PSD, Marcel Ciolacu, a declarat c\u0103 Gabriela Firea ar putea s\u0103 candideze la Prim\u0103ria Capitalei, ad\u0103ug\u00e2nd c\u0103, \u00een acest moment, nu exist\u0103 o decizie a partidului privind un alt candidat. \u201e<em>Este posibil ca doamna Firea (n.r. \u2013 s\u0103 fie candidatul PSD la Prim\u0103ria Capitalei). \u00cen acest moment nu exist\u0103 alt\u0103 decizie \u00een interiorul partidului ca s\u0103 fie un alt candidat. Se fac sondaje, se fac m\u0103sur\u0103tori<\/em>\u201d, a spus Ciolacu, citat de Agerpres.<\/p>\n\n\n\n<figure class=\"wp-block-image size-large\"><img decoding=\"async\" width=\"900\" height=\"537\" src=\"data:image\/gif;base64,R0lGODlhAQABAAAAACH5BAEKAAEALAAAAAABAAEAAAICTAEAOw==\" data-src=\"https:\/\/buletin.de\/bucuresti\/wp-content\/uploads\/395984054_725475719626614_3013320241367531400_n-900x537.jpg\" alt=\"\" class=\"wp-image-69227 lazyload\" data-sizes=\"auto\" data-srcset=\"https:\/\/buletin.de\/bucuresti\/wp-content\/uploads\/395984054_725475719626614_3013320241367531400_n-900x537.jpg 900w, https:\/\/buletin.de\/bucuresti\/wp-content\/uploads\/395984054_725475719626614_3013320241367531400_n-300x179.jpg 300w, https:\/\/buletin.de\/bucuresti\/wp-content\/uploads\/395984054_725475719626614_3013320241367531400_n-768x458.jpg 768w, https:\/\/buletin.de\/bucuresti\/wp-content\/uploads\/395984054_725475719626614_3013320241367531400_n-1536x917.jpg 1536w, https:\/\/buletin.de\/bucuresti\/wp-content\/uploads\/395984054_725475719626614_3013320241367531400_n-1600x955.jpg 1600w, https:\/\/buletin.de\/bucuresti\/wp-content\/uploads\/395984054_725475719626614_3013320241367531400_n-1100x656.jpg 1100w, https:\/\/buletin.de\/bucuresti\/wp-content\/uploads\/395984054_725475719626614_3013320241367531400_n-600x358.jpg 600w, https:\/\/buletin.de\/bucuresti\/wp-content\/uploads\/395984054_725475719626614_3013320241367531400_n-20x12.jpg 20w, https:\/\/buletin.de\/bucuresti\/wp-content\/uploads\/395984054_725475719626614_3013320241367531400_n.jpg 2048w\" sizes=\"(max-width: 900px) 100vw, 900px\" \/><\/figure>\n\n\n\n<p>De altfel, \u00een luna octombrie filiala PSD Bucure\u0219ti o organizat un eveniment privind pericolele consumului de droguri. Gabriela Firea a fost prezentat\u0103 public \u00eenc\u0103 de atunci drept pre\u0219edinte al organiza\u021biei.<\/p>\n\n\n\n<figure class=\"wp-block-embed is-type-wp-embed is-provider-buletin-de-bucure\u0219ti wp-block-embed-buletin-de-bucure\u0219ti\"><div class=\"wp-block-embed__wrapper\">\n<blockquote class=\"wp-embedded-content\" data-secret=\"AoVfi5ctHh\"><a href=\"https:\/\/buletin.de\/bucuresti\/soferul-godei-ales-de-primarita-firea-sa-o-insoteasca-intr-o-delegatie-oficiala-de-sase-zile-la-madrid\/\">\u0218oferul Godei, ales de prim\u0103ri\u021ba Firea s\u0103 o \u00eenso\u021beasc\u0103 \u00eentr-o delega\u021bie oficial\u0103 de \u0219ase zile la Madrid<\/a><\/blockquote><iframe class=\"wp-embedded-content\" sandbox=\"allow-scripts\" security=\"restricted\" style=\"position: absolute; clip: rect(1px, 1px, 1px, 1px);\" title=\"&#8220;\u0218oferul Godei, ales de prim\u0103ri\u021ba Firea s\u0103 o \u00eenso\u021beasc\u0103 \u00eentr-o delega\u021bie oficial\u0103 de \u0219ase zile la Madrid&#8221; &#8212; Buletin de Bucure\u0219ti\" src=\"https:\/\/buletin.de\/bucuresti\/soferul-godei-ales-de-primarita-firea-sa-o-insoteasca-intr-o-delegatie-oficiala-de-sase-zile-la-madrid\/embed\/#?secret=CSqyOz02qj#?secret=AoVfi5ctHh\" data-secret=\"AoVfi5ctHh\" width=\"600\" height=\"338\" frameborder=\"0\" marginwidth=\"0\" marginheight=\"0\" scrolling=\"no\"><\/iframe>\n<\/div><\/figure>\n","protected":false},"excerpt":{"rendered":"<p>Fostul primar general al Capitalei, Gabriela Firea, a relansat o carte publicat\u0103 acum 16 ani. La eveniment a participat pe l\u00e2ng\u0103 primarului ora\u0219ului Voluntari, Florentin Pandele, \u0219i pre\u0219edintele Consiliului Jude\u021bean Ilfov. Hubert Thuma de\u021bine \u0219i func\u021bia de pre\u0219edinte interimar al PNL Bucure\u0219ti \u0219i vicepre\u0219edinte regional PNL pe Regiunea Bucure\u0219ti-Ilfov. \u201cEste un roman bun pentru a [&hellip;]<\/p>\n","protected":false},"author":10,"featured_media":69228,"comment_status":"closed","ping_status":"open","sticky":false,"template":"","format":"standard","meta":{"_acf_changed":false,"inline_featured_image":false,"ngg_post_thumbnail":0,"footnotes":""},"categories":[6994,1432,5762],"tags":[1309,9,7840,28,762,65,1989],"ppma_author":[22575],"class_list":["post-69224","post","type-post","status-publish","format-standard","has-post-thumbnail","hentry","category-stiri-2","category-buletin-de-ilfov","category-main","tag-alianta","tag-bucuresti","tag-carte","tag-firea","tag-pnl","tag-psd","tag-thuma"],"acf":[],"yoast_head":"<!-- This site is optimized with the Yoast SEO Premium plugin v25.3 (Yoast SEO v27.4) - https:\/\/yoast.com\/product\/yoast-seo-premium-wordpress\/ -->\n<title>Gabriela Firea relanseaz\u0103 o carte publicat\u0103 \u00een 2007 despre femei \u201e\u00eemplinite profesional, dar nefericite \u00een via\u021ba personal\u0103\u201d. La eveniment a participat pre\u0219edintele interimar PNL Bucure\u0219ti - Buletin de Bucure\u0219ti<\/title>\n<meta name=\"robots\" content=\"index, follow, max-snippet:-1, max-image-preview:large, max-video-preview:-1\" \/>\n<link rel=\"canonical\" href=\"https:\/\/buletin.de\/bucuresti\/gabriela-firea-relanseaza-o-carte-publicata-in-2007-despre-femei-implinite-profesional-dar-nefericite-in-viata-personala-la-eveniment-a-participat-presedintele-interimar-pnl-bucure\/\" \/>\n<meta property=\"og:locale\" content=\"en_GB\" \/>\n<meta property=\"og:type\" content=\"article\" \/>\n<meta property=\"og:title\" content=\"Gabriela Firea relanseaz\u0103 o carte publicat\u0103 \u00een 2007 despre femei \u201e\u00eemplinite profesional, dar nefericite \u00een via\u021ba personal\u0103\u201d. La eveniment a participat pre\u0219edintele interimar PNL Bucure\u0219ti\" \/>\n<meta property=\"og:description\" content=\"Fostul primar general al Capitalei, Gabriela Firea, a relansat o carte publicat\u0103 acum 16 ani. La eveniment a participat pe l\u00e2ng\u0103 primarului ora\u0219ului Voluntari, Florentin Pandele, \u0219i pre\u0219edintele Consiliului Jude\u021bean Ilfov. Hubert Thuma de\u021bine \u0219i func\u021bia de pre\u0219edinte interimar al PNL Bucure\u0219ti \u0219i vicepre\u0219edinte regional PNL pe Regiunea Bucure\u0219ti-Ilfov. \u201cEste un roman bun pentru a [&hellip;]\" \/>\n<meta property=\"og:url\" content=\"https:\/\/buletin.de\/bucuresti\/gabriela-firea-relanseaza-o-carte-publicata-in-2007-despre-femei-implinite-profesional-dar-nefericite-in-viata-personala-la-eveniment-a-participat-presedintele-interimar-pnl-bucure\/\" \/>\n<meta property=\"og:site_name\" content=\"Buletin de Bucure\u0219ti\" \/>\n<meta property=\"article:publisher\" content=\"https:\/\/www.facebook.com\/buletin.de.buc\" \/>\n<meta property=\"article:published_time\" content=\"2023-11-17T12:10:44+00:00\" \/>\n<meta property=\"article:modified_time\" content=\"2023-11-18T03:17:36+00:00\" \/>\n<meta property=\"og:image\" content=\"https:\/\/buletin.de\/bucuresti\/wp-content\/uploads\/firea-thuma-pandele.jpg\" \/>\n\t<meta property=\"og:image:width\" content=\"1920\" \/>\n\t<meta property=\"og:image:height\" content=\"1080\" \/>\n\t<meta property=\"og:image:type\" content=\"image\/jpeg\" \/>\n<meta name=\"author\" content=\"C\u0103t\u0103lin Dosca\u0219\" \/>\n<meta name=\"twitter:card\" content=\"summary_large_image\" \/>\n<meta name=\"twitter:label1\" content=\"Written by\" \/>\n\t<meta name=\"twitter:data1\" content=\"C\u0103t\u0103lin Dosca\u0219\" \/>\n\t<meta name=\"twitter:label2\" content=\"Estimated reading time\" \/>\n\t<meta name=\"twitter:data2\" content=\"3 minutes\" \/>\n<script type=\"application\/ld+json\" class=\"yoast-schema-graph\">{\"@context\":\"https:\\\/\\\/schema.org\",\"@graph\":[{\"@type\":\"Article\",\"@id\":\"https:\\\/\\\/buletin.de\\\/bucuresti\\\/gabriela-firea-relanseaza-o-carte-publicata-in-2007-despre-femei-implinite-profesional-dar-nefericite-in-viata-personala-la-eveniment-a-participat-presedintele-interimar-pnl-bucure\\\/#article\",\"isPartOf\":{\"@id\":\"https:\\\/\\\/buletin.de\\\/bucuresti\\\/gabriela-firea-relanseaza-o-carte-publicata-in-2007-despre-femei-implinite-profesional-dar-nefericite-in-viata-personala-la-eveniment-a-participat-presedintele-interimar-pnl-bucure\\\/\"},\"author\":{\"name\":\"C\u0103t\u0103lin Dosca\u0219\",\"@id\":\"https:\\\/\\\/buletin.de\\\/bucuresti\\\/#\\\/schema\\\/person\\\/31117187ed4d0bdb0a4c7d6acc79d0f8\"},\"headline\":\"Gabriela Firea relanseaz\u0103 o carte publicat\u0103 \u00een 2007 despre femei \u201e\u00eemplinite profesional, dar nefericite \u00een via\u021ba personal\u0103\u201d. La eveniment a participat pre\u0219edintele interimar PNL Bucure\u0219ti\",\"datePublished\":\"2023-11-17T12:10:44+00:00\",\"dateModified\":\"2023-11-18T03:17:36+00:00\",\"mainEntityOfPage\":{\"@id\":\"https:\\\/\\\/buletin.de\\\/bucuresti\\\/gabriela-firea-relanseaza-o-carte-publicata-in-2007-despre-femei-implinite-profesional-dar-nefericite-in-viata-personala-la-eveniment-a-participat-presedintele-interimar-pnl-bucure\\\/\"},\"wordCount\":622,\"publisher\":{\"@id\":\"https:\\\/\\\/buletin.de\\\/bucuresti\\\/#organization\"},\"image\":{\"@id\":\"https:\\\/\\\/buletin.de\\\/bucuresti\\\/gabriela-firea-relanseaza-o-carte-publicata-in-2007-despre-femei-implinite-profesional-dar-nefericite-in-viata-personala-la-eveniment-a-participat-presedintele-interimar-pnl-bucure\\\/#primaryimage\"},\"thumbnailUrl\":\"https:\\\/\\\/buletin.de\\\/bucuresti\\\/wp-content\\\/uploads\\\/firea-thuma-pandele.jpg\",\"keywords\":[\"alianta\",\"bucuresti\",\"carte\",\"firea\",\"PNL\",\"psd\",\"thuma\"],\"articleSection\":[\"Articole\",\"Buletin de Ilfov\",\"Main\"],\"inLanguage\":\"en-GB\",\"copyrightYear\":\"2023\",\"copyrightHolder\":{\"@id\":\"https:\\\/\\\/buletin.de\\\/bucuresti\\\/#organization\"}},{\"@type\":\"WebPage\",\"@id\":\"https:\\\/\\\/buletin.de\\\/bucuresti\\\/gabriela-firea-relanseaza-o-carte-publicata-in-2007-despre-femei-implinite-profesional-dar-nefericite-in-viata-personala-la-eveniment-a-participat-presedintele-interimar-pnl-bucure\\\/\",\"url\":\"https:\\\/\\\/buletin.de\\\/bucuresti\\\/gabriela-firea-relanseaza-o-carte-publicata-in-2007-despre-femei-implinite-profesional-dar-nefericite-in-viata-personala-la-eveniment-a-participat-presedintele-interimar-pnl-bucure\\\/\",\"name\":\"Gabriela Firea relanseaz\u0103 o carte publicat\u0103 \u00een 2007 despre femei \u201e\u00eemplinite profesional, dar nefericite \u00een via\u021ba personal\u0103\u201d. La eveniment a participat pre\u0219edintele interimar PNL Bucure\u0219ti - Buletin de Bucure\u0219ti\",\"isPartOf\":{\"@id\":\"https:\\\/\\\/buletin.de\\\/bucuresti\\\/#website\"},\"primaryImageOfPage\":{\"@id\":\"https:\\\/\\\/buletin.de\\\/bucuresti\\\/gabriela-firea-relanseaza-o-carte-publicata-in-2007-despre-femei-implinite-profesional-dar-nefericite-in-viata-personala-la-eveniment-a-participat-presedintele-interimar-pnl-bucure\\\/#primaryimage\"},\"image\":{\"@id\":\"https:\\\/\\\/buletin.de\\\/bucuresti\\\/gabriela-firea-relanseaza-o-carte-publicata-in-2007-despre-femei-implinite-profesional-dar-nefericite-in-viata-personala-la-eveniment-a-participat-presedintele-interimar-pnl-bucure\\\/#primaryimage\"},\"thumbnailUrl\":\"https:\\\/\\\/buletin.de\\\/bucuresti\\\/wp-content\\\/uploads\\\/firea-thuma-pandele.jpg\",\"datePublished\":\"2023-11-17T12:10:44+00:00\",\"dateModified\":\"2023-11-18T03:17:36+00:00\",\"breadcrumb\":{\"@id\":\"https:\\\/\\\/buletin.de\\\/bucuresti\\\/gabriela-firea-relanseaza-o-carte-publicata-in-2007-despre-femei-implinite-profesional-dar-nefericite-in-viata-personala-la-eveniment-a-participat-presedintele-interimar-pnl-bucure\\\/#breadcrumb\"},\"inLanguage\":\"en-GB\",\"potentialAction\":[{\"@type\":\"ReadAction\",\"target\":[\"https:\\\/\\\/buletin.de\\\/bucuresti\\\/gabriela-firea-relanseaza-o-carte-publicata-in-2007-despre-femei-implinite-profesional-dar-nefericite-in-viata-personala-la-eveniment-a-participat-presedintele-interimar-pnl-bucure\\\/\"]}]},{\"@type\":\"ImageObject\",\"inLanguage\":\"en-GB\",\"@id\":\"https:\\\/\\\/buletin.de\\\/bucuresti\\\/gabriela-firea-relanseaza-o-carte-publicata-in-2007-despre-femei-implinite-profesional-dar-nefericite-in-viata-personala-la-eveniment-a-participat-presedintele-interimar-pnl-bucure\\\/#primaryimage\",\"url\":\"https:\\\/\\\/buletin.de\\\/bucuresti\\\/wp-content\\\/uploads\\\/firea-thuma-pandele.jpg\",\"contentUrl\":\"https:\\\/\\\/buletin.de\\\/bucuresti\\\/wp-content\\\/uploads\\\/firea-thuma-pandele.jpg\",\"width\":1920,\"height\":1080,\"caption\":\"FOTO: fb\\\/Gabriela Firea\"},{\"@type\":\"BreadcrumbList\",\"@id\":\"https:\\\/\\\/buletin.de\\\/bucuresti\\\/gabriela-firea-relanseaza-o-carte-publicata-in-2007-despre-femei-implinite-profesional-dar-nefericite-in-viata-personala-la-eveniment-a-participat-presedintele-interimar-pnl-bucure\\\/#breadcrumb\",\"itemListElement\":[{\"@type\":\"ListItem\",\"position\":1,\"name\":\"Acas\u0103\",\"item\":\"https:\\\/\\\/buletin.de\\\/bucuresti\\\/\"},{\"@type\":\"ListItem\",\"position\":2,\"name\":\"Gabriela Firea relanseaz\u0103 o carte publicat\u0103 \u00een 2007 despre femei \u201e\u00eemplinite profesional, dar nefericite \u00een via\u021ba personal\u0103\u201d. La eveniment a participat pre\u0219edintele interimar PNL Bucure\u0219ti\"}]},{\"@type\":\"WebSite\",\"@id\":\"https:\\\/\\\/buletin.de\\\/bucuresti\\\/#website\",\"url\":\"https:\\\/\\\/buletin.de\\\/bucuresti\\\/\",\"name\":\"Buletin de Bucure\u0219ti\",\"description\":\"\u0218tiri \u0219i investiga\u021bii esen\u021biale din capital\u0103\",\"publisher\":{\"@id\":\"https:\\\/\\\/buletin.de\\\/bucuresti\\\/#organization\"},\"potentialAction\":[{\"@type\":\"SearchAction\",\"target\":{\"@type\":\"EntryPoint\",\"urlTemplate\":\"https:\\\/\\\/buletin.de\\\/bucuresti\\\/?s={search_term_string}\"},\"query-input\":{\"@type\":\"PropertyValueSpecification\",\"valueRequired\":true,\"valueName\":\"search_term_string\"}}],\"inLanguage\":\"en-GB\"},{\"@type\":\"Organization\",\"@id\":\"https:\\\/\\\/buletin.de\\\/bucuresti\\\/#organization\",\"name\":\"Buletin de Bucure\u0219ti\",\"url\":\"https:\\\/\\\/buletin.de\\\/bucuresti\\\/\",\"logo\":{\"@type\":\"ImageObject\",\"inLanguage\":\"en-GB\",\"@id\":\"https:\\\/\\\/buletin.de\\\/bucuresti\\\/#\\\/schema\\\/logo\\\/image\\\/\",\"url\":\"https:\\\/\\\/buletin.de\\\/bucuresti\\\/wp-content\\\/uploads\\\/logo-bdb-full-wide-vernil-transparent.png\",\"contentUrl\":\"https:\\\/\\\/buletin.de\\\/bucuresti\\\/wp-content\\\/uploads\\\/logo-bdb-full-wide-vernil-transparent.png\",\"width\":1782,\"height\":626,\"caption\":\"Buletin de Bucure\u0219ti\"},\"image\":{\"@id\":\"https:\\\/\\\/buletin.de\\\/bucuresti\\\/#\\\/schema\\\/logo\\\/image\\\/\"},\"sameAs\":[\"https:\\\/\\\/www.facebook.com\\\/buletin.de.buc\",\"https:\\\/\\\/www.instagram.com\\\/buletinde.bucuresti\\\/\"]},{\"@type\":\"Person\",\"@id\":\"https:\\\/\\\/buletin.de\\\/bucuresti\\\/#\\\/schema\\\/person\\\/31117187ed4d0bdb0a4c7d6acc79d0f8\",\"name\":\"C\u0103t\u0103lin Dosca\u0219\",\"image\":{\"@type\":\"ImageObject\",\"inLanguage\":\"en-GB\",\"@id\":\"https:\\\/\\\/buletin.de\\\/bucuresti\\\/wp-content\\\/uploads\\\/Catalin-Doscas-e1732731064764-96x96.jpga93e2943bb3b1c1f9ead823df6e6317a\",\"url\":\"https:\\\/\\\/buletin.de\\\/bucuresti\\\/wp-content\\\/uploads\\\/Catalin-Doscas-e1732731064764-96x96.jpg\",\"contentUrl\":\"https:\\\/\\\/buletin.de\\\/bucuresti\\\/wp-content\\\/uploads\\\/Catalin-Doscas-e1732731064764-96x96.jpg\",\"caption\":\"C\u0103t\u0103lin Dosca\u0219\"},\"description\":\"Reporter \u0219i redactor-\u0219ef Buletin de Bucure\u0219ti. Lucreaz\u0103 \u00een mass-media de la v\u00e2rsta de 15 ani, c\u00e2nd a publicat primele articole \u00een presa local\u0103 din Tecuci. \u00cen Bucure\u0219ti a lucrat \u00een redac\u021bii radio ca reporter, redactor \u0219i prezentator (StudentFM, Na\u021bionalFM, Radio Total, Smart FM), unde a acoperit domeniile politic, economic, social \u0219i externe. Ulterior, a fost editor-coordonator al postului Realitatea FM. Experien\u021ba \u00een jurnalismul online a dob\u00e2ndit-o la portalul B365.ro, unde a fost editor. \u00cen 2012 s-a angajat \u00een televiziune. La Realitatea TV a fost, pe r\u00e2nd, reporter la sec\u021bia Social, reporter special la emisiunea de reportaje \u0219i anchete \u201eReporterii Realit\u0103\u021bii\u201d, dar \u0219i editor al jurnalelor de \u0219tiri. Ulterior, a f\u0103cut parte din sec\u021bia de Investiga\u021bii de la Digi24 \u0219i a lucrat la campania \u201eRom\u00e2nia furat\u0103\u201d. A revenit \u00een presa scris\u0103 \u00een 2017, ca reporter special, \u00een cadrul unui proiect de repozi\u021bionare a tabloidului Libertatea \u00een cotidian generalist. Este jurnalist Buletin de Bucure\u0219ti din 2019.\",\"url\":\"https:\\\/\\\/buletin.de\\\/bucuresti\\\/author\\\/catalin\\\/\"}]}<\/script>\n<!-- \/ Yoast SEO Premium plugin. -->","yoast_head_json":{"title":"Gabriela Firea relanseaz\u0103 o carte publicat\u0103 \u00een 2007 despre femei \u201e\u00eemplinite profesional, dar nefericite \u00een via\u021ba personal\u0103\u201d. La eveniment a participat pre\u0219edintele interimar PNL Bucure\u0219ti - Buletin de Bucure\u0219ti","robots":{"index":"index","follow":"follow","max-snippet":"max-snippet:-1","max-image-preview":"max-image-preview:large","max-video-preview":"max-video-preview:-1"},"canonical":"https:\/\/buletin.de\/bucuresti\/gabriela-firea-relanseaza-o-carte-publicata-in-2007-despre-femei-implinite-profesional-dar-nefericite-in-viata-personala-la-eveniment-a-participat-presedintele-interimar-pnl-bucure\/","og_locale":"en_GB","og_type":"article","og_title":"Gabriela Firea relanseaz\u0103 o carte publicat\u0103 \u00een 2007 despre femei \u201e\u00eemplinite profesional, dar nefericite \u00een via\u021ba personal\u0103\u201d. La eveniment a participat pre\u0219edintele interimar PNL Bucure\u0219ti","og_description":"Fostul primar general al Capitalei, Gabriela Firea, a relansat o carte publicat\u0103 acum 16 ani. La eveniment a participat pe l\u00e2ng\u0103 primarului ora\u0219ului Voluntari, Florentin Pandele, \u0219i pre\u0219edintele Consiliului Jude\u021bean Ilfov. Hubert Thuma de\u021bine \u0219i func\u021bia de pre\u0219edinte interimar al PNL Bucure\u0219ti \u0219i vicepre\u0219edinte regional PNL pe Regiunea Bucure\u0219ti-Ilfov. \u201cEste un roman bun pentru a [&hellip;]","og_url":"https:\/\/buletin.de\/bucuresti\/gabriela-firea-relanseaza-o-carte-publicata-in-2007-despre-femei-implinite-profesional-dar-nefericite-in-viata-personala-la-eveniment-a-participat-presedintele-interimar-pnl-bucure\/","og_site_name":"Buletin de Bucure\u0219ti","article_publisher":"https:\/\/www.facebook.com\/buletin.de.buc","article_published_time":"2023-11-17T12:10:44+00:00","article_modified_time":"2023-11-18T03:17:36+00:00","og_image":[{"width":1920,"height":1080,"url":"https:\/\/buletin.de\/bucuresti\/wp-content\/uploads\/firea-thuma-pandele.jpg","type":"image\/jpeg"}],"author":"C\u0103t\u0103lin Dosca\u0219","twitter_card":"summary_large_image","twitter_misc":{"Written by":"C\u0103t\u0103lin Dosca\u0219","Estimated reading time":"3 minutes"},"schema":{"@context":"https:\/\/schema.org","@graph":[{"@type":"Article","@id":"https:\/\/buletin.de\/bucuresti\/gabriela-firea-relanseaza-o-carte-publicata-in-2007-despre-femei-implinite-profesional-dar-nefericite-in-viata-personala-la-eveniment-a-participat-presedintele-interimar-pnl-bucure\/#article","isPartOf":{"@id":"https:\/\/buletin.de\/bucuresti\/gabriela-firea-relanseaza-o-carte-publicata-in-2007-despre-femei-implinite-profesional-dar-nefericite-in-viata-personala-la-eveniment-a-participat-presedintele-interimar-pnl-bucure\/"},"author":{"name":"C\u0103t\u0103lin Dosca\u0219","@id":"https:\/\/buletin.de\/bucuresti\/#\/schema\/person\/31117187ed4d0bdb0a4c7d6acc79d0f8"},"headline":"Gabriela Firea relanseaz\u0103 o carte publicat\u0103 \u00een 2007 despre femei \u201e\u00eemplinite profesional, dar nefericite \u00een via\u021ba personal\u0103\u201d. La eveniment a participat pre\u0219edintele interimar PNL Bucure\u0219ti","datePublished":"2023-11-17T12:10:44+00:00","dateModified":"2023-11-18T03:17:36+00:00","mainEntityOfPage":{"@id":"https:\/\/buletin.de\/bucuresti\/gabriela-firea-relanseaza-o-carte-publicata-in-2007-despre-femei-implinite-profesional-dar-nefericite-in-viata-personala-la-eveniment-a-participat-presedintele-interimar-pnl-bucure\/"},"wordCount":622,"publisher":{"@id":"https:\/\/buletin.de\/bucuresti\/#organization"},"image":{"@id":"https:\/\/buletin.de\/bucuresti\/gabriela-firea-relanseaza-o-carte-publicata-in-2007-despre-femei-implinite-profesional-dar-nefericite-in-viata-personala-la-eveniment-a-participat-presedintele-interimar-pnl-bucure\/#primaryimage"},"thumbnailUrl":"https:\/\/buletin.de\/bucuresti\/wp-content\/uploads\/firea-thuma-pandele.jpg","keywords":["alianta","bucuresti","carte","firea","PNL","psd","thuma"],"articleSection":["Articole","Buletin de Ilfov","Main"],"inLanguage":"en-GB","copyrightYear":"2023","copyrightHolder":{"@id":"https:\/\/buletin.de\/bucuresti\/#organization"}},{"@type":"WebPage","@id":"https:\/\/buletin.de\/bucuresti\/gabriela-firea-relanseaza-o-carte-publicata-in-2007-despre-femei-implinite-profesional-dar-nefericite-in-viata-personala-la-eveniment-a-participat-presedintele-interimar-pnl-bucure\/","url":"https:\/\/buletin.de\/bucuresti\/gabriela-firea-relanseaza-o-carte-publicata-in-2007-despre-femei-implinite-profesional-dar-nefericite-in-viata-personala-la-eveniment-a-participat-presedintele-interimar-pnl-bucure\/","name":"Gabriela Firea relanseaz\u0103 o carte publicat\u0103 \u00een 2007 despre femei \u201e\u00eemplinite profesional, dar nefericite \u00een via\u021ba personal\u0103\u201d. La eveniment a participat pre\u0219edintele interimar PNL Bucure\u0219ti - Buletin de Bucure\u0219ti","isPartOf":{"@id":"https:\/\/buletin.de\/bucuresti\/#website"},"primaryImageOfPage":{"@id":"https:\/\/buletin.de\/bucuresti\/gabriela-firea-relanseaza-o-carte-publicata-in-2007-despre-femei-implinite-profesional-dar-nefericite-in-viata-personala-la-eveniment-a-participat-presedintele-interimar-pnl-bucure\/#primaryimage"},"image":{"@id":"https:\/\/buletin.de\/bucuresti\/gabriela-firea-relanseaza-o-carte-publicata-in-2007-despre-femei-implinite-profesional-dar-nefericite-in-viata-personala-la-eveniment-a-participat-presedintele-interimar-pnl-bucure\/#primaryimage"},"thumbnailUrl":"https:\/\/buletin.de\/bucuresti\/wp-content\/uploads\/firea-thuma-pandele.jpg","datePublished":"2023-11-17T12:10:44+00:00","dateModified":"2023-11-18T03:17:36+00:00","breadcrumb":{"@id":"https:\/\/buletin.de\/bucuresti\/gabriela-firea-relanseaza-o-carte-publicata-in-2007-despre-femei-implinite-profesional-dar-nefericite-in-viata-personala-la-eveniment-a-participat-presedintele-interimar-pnl-bucure\/#breadcrumb"},"inLanguage":"en-GB","potentialAction":[{"@type":"ReadAction","target":["https:\/\/buletin.de\/bucuresti\/gabriela-firea-relanseaza-o-carte-publicata-in-2007-despre-femei-implinite-profesional-dar-nefericite-in-viata-personala-la-eveniment-a-participat-presedintele-interimar-pnl-bucure\/"]}]},{"@type":"ImageObject","inLanguage":"en-GB","@id":"https:\/\/buletin.de\/bucuresti\/gabriela-firea-relanseaza-o-carte-publicata-in-2007-despre-femei-implinite-profesional-dar-nefericite-in-viata-personala-la-eveniment-a-participat-presedintele-interimar-pnl-bucure\/#primaryimage","url":"https:\/\/buletin.de\/bucuresti\/wp-content\/uploads\/firea-thuma-pandele.jpg","contentUrl":"https:\/\/buletin.de\/bucuresti\/wp-content\/uploads\/firea-thuma-pandele.jpg","width":1920,"height":1080,"caption":"FOTO: fb\/Gabriela Firea"},{"@type":"BreadcrumbList","@id":"https:\/\/buletin.de\/bucuresti\/gabriela-firea-relanseaza-o-carte-publicata-in-2007-despre-femei-implinite-profesional-dar-nefericite-in-viata-personala-la-eveniment-a-participat-presedintele-interimar-pnl-bucure\/#breadcrumb","itemListElement":[{"@type":"ListItem","position":1,"name":"Acas\u0103","item":"https:\/\/buletin.de\/bucuresti\/"},{"@type":"ListItem","position":2,"name":"Gabriela Firea relanseaz\u0103 o carte publicat\u0103 \u00een 2007 despre femei \u201e\u00eemplinite profesional, dar nefericite \u00een via\u021ba personal\u0103\u201d. La eveniment a participat pre\u0219edintele interimar PNL Bucure\u0219ti"}]},{"@type":"WebSite","@id":"https:\/\/buletin.de\/bucuresti\/#website","url":"https:\/\/buletin.de\/bucuresti\/","name":"Buletin de Bucure\u0219ti","description":"\u0218tiri \u0219i investiga\u021bii esen\u021biale din capital\u0103","publisher":{"@id":"https:\/\/buletin.de\/bucuresti\/#organization"},"potentialAction":[{"@type":"SearchAction","target":{"@type":"EntryPoint","urlTemplate":"https:\/\/buletin.de\/bucuresti\/?s={search_term_string}"},"query-input":{"@type":"PropertyValueSpecification","valueRequired":true,"valueName":"search_term_string"}}],"inLanguage":"en-GB"},{"@type":"Organization","@id":"https:\/\/buletin.de\/bucuresti\/#organization","name":"Buletin de Bucure\u0219ti","url":"https:\/\/buletin.de\/bucuresti\/","logo":{"@type":"ImageObject","inLanguage":"en-GB","@id":"https:\/\/buletin.de\/bucuresti\/#\/schema\/logo\/image\/","url":"https:\/\/buletin.de\/bucuresti\/wp-content\/uploads\/logo-bdb-full-wide-vernil-transparent.png","contentUrl":"https:\/\/buletin.de\/bucuresti\/wp-content\/uploads\/logo-bdb-full-wide-vernil-transparent.png","width":1782,"height":626,"caption":"Buletin de Bucure\u0219ti"},"image":{"@id":"https:\/\/buletin.de\/bucuresti\/#\/schema\/logo\/image\/"},"sameAs":["https:\/\/www.facebook.com\/buletin.de.buc","https:\/\/www.instagram.com\/buletinde.bucuresti\/"]},{"@type":"Person","@id":"https:\/\/buletin.de\/bucuresti\/#\/schema\/person\/31117187ed4d0bdb0a4c7d6acc79d0f8","name":"C\u0103t\u0103lin Dosca\u0219","image":{"@type":"ImageObject","inLanguage":"en-GB","@id":"https:\/\/buletin.de\/bucuresti\/wp-content\/uploads\/Catalin-Doscas-e1732731064764-96x96.jpga93e2943bb3b1c1f9ead823df6e6317a","url":"https:\/\/buletin.de\/bucuresti\/wp-content\/uploads\/Catalin-Doscas-e1732731064764-96x96.jpg","contentUrl":"https:\/\/buletin.de\/bucuresti\/wp-content\/uploads\/Catalin-Doscas-e1732731064764-96x96.jpg","caption":"C\u0103t\u0103lin Dosca\u0219"},"description":"Reporter \u0219i redactor-\u0219ef Buletin de Bucure\u0219ti. Lucreaz\u0103 \u00een mass-media de la v\u00e2rsta de 15 ani, c\u00e2nd a publicat primele articole \u00een presa local\u0103 din Tecuci. \u00cen Bucure\u0219ti a lucrat \u00een redac\u021bii radio ca reporter, redactor \u0219i prezentator (StudentFM, Na\u021bionalFM, Radio Total, Smart FM), unde a acoperit domeniile politic, economic, social \u0219i externe. Ulterior, a fost editor-coordonator al postului Realitatea FM. Experien\u021ba \u00een jurnalismul online a dob\u00e2ndit-o la portalul B365.ro, unde a fost editor. \u00cen 2012 s-a angajat \u00een televiziune. La Realitatea TV a fost, pe r\u00e2nd, reporter la sec\u021bia Social, reporter special la emisiunea de reportaje \u0219i anchete \u201eReporterii Realit\u0103\u021bii\u201d, dar \u0219i editor al jurnalelor de \u0219tiri. Ulterior, a f\u0103cut parte din sec\u021bia de Investiga\u021bii de la Digi24 \u0219i a lucrat la campania \u201eRom\u00e2nia furat\u0103\u201d. A revenit \u00een presa scris\u0103 \u00een 2017, ca reporter special, \u00een cadrul unui proiect de repozi\u021bionare a tabloidului Libertatea \u00een cotidian generalist. Este jurnalist Buletin de Bucure\u0219ti din 2019.","url":"https:\/\/buletin.de\/bucuresti\/author\/catalin\/"}]}},"authors":[{"term_id":22575,"user_id":10,"is_guest":0,"slug":"catalin","display_name":"C\u0103t\u0103lin Dosca\u0219","avatar_url":"https:\/\/buletin.de\/bucuresti\/wp-content\/uploads\/Catalin-Doscas-e1732731064764-96x96.jpg","0":null,"1":"","2":"","3":"","4":"","5":"","6":"","7":"","8":""}],"_links":{"self":[{"href":"https:\/\/buletin.de\/bucuresti\/wp-json\/wp\/v2\/posts\/69224","targetHints":{"allow":["GET"]}}],"collection":[{"href":"https:\/\/buletin.de\/bucuresti\/wp-json\/wp\/v2\/posts"}],"about":[{"href":"https:\/\/buletin.de\/bucuresti\/wp-json\/wp\/v2\/types\/post"}],"author":[{"embeddable":true,"href":"https:\/\/buletin.de\/bucuresti\/wp-json\/wp\/v2\/users\/10"}],"replies":[{"embeddable":true,"href":"https:\/\/buletin.de\/bucuresti\/wp-json\/wp\/v2\/comments?post=69224"}],"version-history":[{"count":7,"href":"https:\/\/buletin.de\/bucuresti\/wp-json\/wp\/v2\/posts\/69224\/revisions"}],"predecessor-version":[{"id":69281,"href":"https:\/\/buletin.de\/bucuresti\/wp-json\/wp\/v2\/posts\/69224\/revisions\/69281"}],"wp:featuredmedia":[{"embeddable":true,"href":"https:\/\/buletin.de\/bucuresti\/wp-json\/wp\/v2\/media\/69228"}],"wp:attachment":[{"href":"https:\/\/buletin.de\/bucuresti\/wp-json\/wp\/v2\/media?parent=69224"}],"wp:term":[{"taxonomy":"category","embeddable":true,"href":"https:\/\/buletin.de\/bucuresti\/wp-json\/wp\/v2\/categories?post=69224"},{"taxonomy":"post_tag","embeddable":true,"href":"https:\/\/buletin.de\/bucuresti\/wp-json\/wp\/v2\/tags?post=69224"},{"taxonomy":"author","embeddable":true,"href":"https:\/\/buletin.de\/bucuresti\/wp-json\/wp\/v2\/ppma_author?post=69224"}],"curies":[{"name":"wp","href":"https:\/\/api.w.org\/{rel}","templated":true}]}}