{"id":69171,"date":"2023-11-18T05:17:11","date_gmt":"2023-11-18T03:17:11","guid":{"rendered":"https:\/\/buletin.de\/bucuresti\/?p=69171"},"modified":"2023-11-20T09:31:55","modified_gmt":"2023-11-20T07:31:55","slug":"editorial-bucurestiul-are-o-ruda-ciudata","status":"publish","type":"post","link":"https:\/\/buletin.de\/bucuresti\/editorial-bucurestiul-are-o-ruda-ciudata\/","title":{"rendered":"EDITORIAL | Bucure\u0219tiul are o rud\u0103 ciudat\u0103"},"content":{"rendered":"\n<p><strong>\u00cen ultima s\u0103pt\u0103m\u00e2n\u0103 am f\u0103cut cuno\u0219tin\u021b\u0103 cu Tirana, capitala Albaniei, o rud\u0103 mult mai balcanic\u0103 a Bucure\u0219tiul nostru. Ora\u0219ul este \u00eenconjurat de mun\u021bi \u0219i traversat de un r\u00e2u care, de\u0219i este mai mic, dep\u0103\u0219e\u0219te D\u00e2mbovi\u021ba la capitolele aspect, miros \u0219i cur\u0103\u021benie. N-am apucat s\u0103 iau la pas tot ora\u0219ul, dar am umblat suficient \u00eenc\u00e2t s\u0103 plec de acolo cu certitudinea c\u0103 are mult mai mult spa\u021biu verde dec\u00e2t Capitala noastr\u0103. Tirana \u00eencepe abia acum s\u0103 fie sufocat\u0103 de pia\u021ba imobiliar\u0103. \u00centre blocurile vechi \u0219i gri apar cl\u0103diri \u00eenalte de sticl\u0103, construite parc\u0103 peste noapte \u0219i f\u0103r\u0103 s\u0103 respecte vreo norm\u0103 legal\u0103, mi-au povestit localnicii. Sun\u0103 cunoscut, nu? Pe str\u0103zi, la putere sunt micile chio\u0219curi, ca pe vremea \u00een care Traian B\u0103sescu era primar al Bucure\u0219tiului, semn c\u0103 Albania este \u0219i la aceast\u0103 or\u0103 capturat\u0103 complet de capitalismul s\u0103lbatic. \u021aara este condus\u0103 chiar de un fost primar al Tiranei, care din 2013 \u0219i p\u00e2n\u0103 acum i-a f\u0103cut pe cet\u0103\u021beni s\u0103 cread\u0103 c\u0103 f\u0103r\u0103 el, \u201et\u0103tucul na\u021biei<strong>\u201c<\/strong>, nu sunt \u00een siguran\u021b\u0103. \u00centre timp, turi\u0219tii \u0219i albanezii sunt \u00eenv\u0103\u021ba\u021bi de mesaje luminoase s\u0103 fie ferici\u021bi doar pentru c\u0103 se afl\u0103 \u00een Tirana.\u00a0<\/strong><\/p>\n\n\n\n<figure class=\"wp-block-image size-large\"><a href=\"https:\/\/buletin.de\/bucuresti\/wp-content\/uploads\/PXL_20231114_204058535.jpg\"><img fetchpriority=\"high\" decoding=\"async\" width=\"900\" height=\"678\" src=\"data:image\/gif;base64,R0lGODlhAQABAAAAACH5BAEKAAEALAAAAAABAAEAAAICTAEAOw==\" data-src=\"https:\/\/buletin.de\/bucuresti\/wp-content\/uploads\/PXL_20231114_204058535-900x678.jpg\" alt=\"\" class=\"wp-image-69181 lazyload\" data-sizes=\"auto\" data-srcset=\"https:\/\/buletin.de\/bucuresti\/wp-content\/uploads\/PXL_20231114_204058535-900x678.jpg 900w, https:\/\/buletin.de\/bucuresti\/wp-content\/uploads\/PXL_20231114_204058535-300x226.jpg 300w, https:\/\/buletin.de\/bucuresti\/wp-content\/uploads\/PXL_20231114_204058535-768x578.jpg 768w, https:\/\/buletin.de\/bucuresti\/wp-content\/uploads\/PXL_20231114_204058535-1536x1157.jpg 1536w, https:\/\/buletin.de\/bucuresti\/wp-content\/uploads\/PXL_20231114_204058535-1600x1205.jpg 1600w, https:\/\/buletin.de\/bucuresti\/wp-content\/uploads\/PXL_20231114_204058535-1100x828.jpg 1100w, https:\/\/buletin.de\/bucuresti\/wp-content\/uploads\/PXL_20231114_204058535-600x452.jpg 600w, https:\/\/buletin.de\/bucuresti\/wp-content\/uploads\/PXL_20231114_204058535-20x15.jpg 20w, https:\/\/buletin.de\/bucuresti\/wp-content\/uploads\/PXL_20231114_204058535.jpg 2000w\" sizes=\"(max-width: 900px) 100vw, 900px\" \/><\/a><\/figure>\n\n\n\n<p>Bucure\u0219tiul este desp\u0103r\u021bit de Tirana de 900 de km sau de o or\u0103 petrecut\u0103 \u00een zbor, \u00eentr-un avion de linie. Bine\u00een\u021beles, dac\u0103 lua\u021bi exemplul pre\u0219edintelui Klaus Iohannis \u0219i \u00eenchiria\u021bi un avion privat de lux ajunge\u021bi chiar mai repede. Acest tip de opulen\u021b\u0103 s-ar potrivi \u00een Tirana, unde pe str\u0103zi circul\u0103 ori ma\u0219ini de zeci sau sute de mii de euro, ori vechituri care se afl\u0103 la c\u00e2teva drumuri distan\u021b\u0103 de centrul de fier vechi, semn c\u0103 discrepan\u021ba dintre clasele sociale este mult mai ad\u00e2nc\u0103 dec\u00e2t la noi. <\/p>\n\n\n\n<p>Dac\u0103 totu\u0219i nu sunte\u021bi la nivelul pre\u0219edintelui \u0219i nu ave\u021bi bani de avioane private, trebuie s\u0103 \u0219ti\u021bi c\u0103 de la aeroport mai ave\u021bi aproape o or\u0103 de mers p\u00e2n\u0103 \u00een centrul Tiranei. Eu am luat autobuzul, care cost\u0103 patru euro, de trei ori mai scump dec\u00e2t un drum Otopeni-Bucure\u0219ti cu trenul, iar condi\u021biile nu se ridic\u0103 la nivelul banilor pl\u0103ti\u021bi. <\/p>\n\n\n\n<p>Am ajuns \u00een Capitala Albanei c\u00e2nd soarele deja a apus \u00een spatele mun\u021bilor care o \u00eenconjoar\u0103. \u00cens\u0103, pia\u021ba din Centru str\u0103lucea datorit\u0103 lumini\u021belor unui mic t\u00e2rg amenajat cu ocazia zilelor Capitalei, care au loc chiar \u00een acest week-end. Diminea\u021ba, mi-am dat seama c\u0103 acea pia\u021b\u0103 seam\u0103n\u0103 cu Pia\u021ba Constitu\u021biei, dar blocurile \u00eenalte de sticl\u0103 care inund\u0103 peisajul, o transform\u0103 \u00eencet dar sigur \u00een <em>\u201ePia\u021ba Construc\u021biei\u201c<\/em>.\u00a0<\/p>\n\n\n\n<figure class=\"wp-block-gallery has-nested-images columns-default is-cropped wp-block-gallery-1 is-layout-flex wp-block-gallery-is-layout-flex\">\n<figure class=\"wp-block-image size-large\"><a href=\"https:\/\/buletin.de\/bucuresti\/wp-content\/uploads\/PXL_20231114_203715014.jpg\"><img decoding=\"async\" width=\"900\" height=\"678\" data-id=\"69182\" src=\"data:image\/gif;base64,R0lGODlhAQABAAAAACH5BAEKAAEALAAAAAABAAEAAAICTAEAOw==\" data-src=\"https:\/\/buletin.de\/bucuresti\/wp-content\/uploads\/PXL_20231114_203715014-900x678.jpg\" alt=\"\" class=\"wp-image-69182 lazyload\" data-sizes=\"auto\" data-srcset=\"https:\/\/buletin.de\/bucuresti\/wp-content\/uploads\/PXL_20231114_203715014-900x678.jpg 900w, https:\/\/buletin.de\/bucuresti\/wp-content\/uploads\/PXL_20231114_203715014-300x226.jpg 300w, https:\/\/buletin.de\/bucuresti\/wp-content\/uploads\/PXL_20231114_203715014-768x578.jpg 768w, https:\/\/buletin.de\/bucuresti\/wp-content\/uploads\/PXL_20231114_203715014-1536x1157.jpg 1536w, https:\/\/buletin.de\/bucuresti\/wp-content\/uploads\/PXL_20231114_203715014-1600x1205.jpg 1600w, https:\/\/buletin.de\/bucuresti\/wp-content\/uploads\/PXL_20231114_203715014-1100x828.jpg 1100w, https:\/\/buletin.de\/bucuresti\/wp-content\/uploads\/PXL_20231114_203715014-600x452.jpg 600w, https:\/\/buletin.de\/bucuresti\/wp-content\/uploads\/PXL_20231114_203715014-20x15.jpg 20w, https:\/\/buletin.de\/bucuresti\/wp-content\/uploads\/PXL_20231114_203715014.jpg 2000w\" sizes=\"(max-width: 900px) 100vw, 900px\" \/><\/a><\/figure>\n\n\n\n<figure class=\"wp-block-image size-large\"><a href=\"https:\/\/buletin.de\/bucuresti\/wp-content\/uploads\/PXL_20231115_080218164.jpg\"><img decoding=\"async\" width=\"900\" height=\"678\" data-id=\"69183\" src=\"data:image\/gif;base64,R0lGODlhAQABAAAAACH5BAEKAAEALAAAAAABAAEAAAICTAEAOw==\" data-src=\"https:\/\/buletin.de\/bucuresti\/wp-content\/uploads\/PXL_20231115_080218164-900x678.jpg\" alt=\"\" class=\"wp-image-69183 lazyload\" data-sizes=\"auto\" data-srcset=\"https:\/\/buletin.de\/bucuresti\/wp-content\/uploads\/PXL_20231115_080218164-900x678.jpg 900w, https:\/\/buletin.de\/bucuresti\/wp-content\/uploads\/PXL_20231115_080218164-300x226.jpg 300w, https:\/\/buletin.de\/bucuresti\/wp-content\/uploads\/PXL_20231115_080218164-768x578.jpg 768w, https:\/\/buletin.de\/bucuresti\/wp-content\/uploads\/PXL_20231115_080218164-1536x1157.jpg 1536w, https:\/\/buletin.de\/bucuresti\/wp-content\/uploads\/PXL_20231115_080218164-1600x1205.jpg 1600w, https:\/\/buletin.de\/bucuresti\/wp-content\/uploads\/PXL_20231115_080218164-1100x828.jpg 1100w, https:\/\/buletin.de\/bucuresti\/wp-content\/uploads\/PXL_20231115_080218164-600x452.jpg 600w, https:\/\/buletin.de\/bucuresti\/wp-content\/uploads\/PXL_20231115_080218164-20x15.jpg 20w, https:\/\/buletin.de\/bucuresti\/wp-content\/uploads\/PXL_20231115_080218164.jpg 2000w\" sizes=\"(max-width: 900px) 100vw, 900px\" \/><\/a><\/figure>\n<\/figure>\n\n\n\n<p>Am apreciat c\u0103 multe str\u0103zi din Tirana au piste pentru biciclete pe care \u00eencap chiar dou\u0103 persoane \u00een paralel, iar spre deosebire de Bucure\u0219ti, pietonii nu ajung s\u0103 \u00eencurce bicicli\u0219tii, ci merg civilizat pe trotuar. De asemenea, traficul nu pare o problem\u0103 care s\u0103-i fac\u0103 pe albanezi s\u0103 regrete c\u0103 au ales s\u0103 ias\u0103 cu ma\u0219ina din cas\u0103, cum se \u00eent\u00e2mpl\u0103 \u00een fiecare diminea\u021b\u0103 cu \u0219oferii bucure\u0219teni care au treab\u0103 pe la Podul Grant.&nbsp;<\/p>\n\n\n\n<figure class=\"wp-block-image size-large\"><img loading=\"lazy\" decoding=\"async\" width=\"900\" height=\"678\" src=\"data:image\/gif;base64,R0lGODlhAQABAAAAACH5BAEKAAEALAAAAAABAAEAAAICTAEAOw==\" data-src=\"https:\/\/buletin.de\/bucuresti\/wp-content\/uploads\/PXL_20231116_091737321-900x678.jpg\" alt=\"\" class=\"wp-image-69205 lazyload\" data-sizes=\"auto\" data-srcset=\"https:\/\/buletin.de\/bucuresti\/wp-content\/uploads\/PXL_20231116_091737321-900x678.jpg 900w, https:\/\/buletin.de\/bucuresti\/wp-content\/uploads\/PXL_20231116_091737321-300x226.jpg 300w, https:\/\/buletin.de\/bucuresti\/wp-content\/uploads\/PXL_20231116_091737321-768x578.jpg 768w, https:\/\/buletin.de\/bucuresti\/wp-content\/uploads\/PXL_20231116_091737321-1536x1157.jpg 1536w, https:\/\/buletin.de\/bucuresti\/wp-content\/uploads\/PXL_20231116_091737321-1600x1205.jpg 1600w, https:\/\/buletin.de\/bucuresti\/wp-content\/uploads\/PXL_20231116_091737321-1100x828.jpg 1100w, https:\/\/buletin.de\/bucuresti\/wp-content\/uploads\/PXL_20231116_091737321-600x452.jpg 600w, https:\/\/buletin.de\/bucuresti\/wp-content\/uploads\/PXL_20231116_091737321-20x15.jpg 20w, https:\/\/buletin.de\/bucuresti\/wp-content\/uploads\/PXL_20231116_091737321.jpg 2000w\" sizes=\"(max-width: 900px) 100vw, 900px\" \/><\/figure>\n\n\n\n<p>Tirana este traversat\u0103 de R\u00e2ul Ishm, amenajat cu bun gust \u0219i bine \u00eengrijit. Pe o parte \u0219i pe alta a acestuia sunt planta\u021bi zeci de copaci \u0219i un gazon tuns la milimetru de ADP-ul local. Mirosul, aspectul \u0219i modul \u00een care sunt \u00eengrijite \u0219i consolidate malurile ar putea fi oric\u00e2nd un exemplu pentru administra\u021bia bucure\u0219tean\u0103.\u00a0\u00a0<\/p>\n\n\n\n<figure class=\"wp-block-image size-large\"><img loading=\"lazy\" decoding=\"async\" width=\"900\" height=\"678\" src=\"data:image\/gif;base64,R0lGODlhAQABAAAAACH5BAEKAAEALAAAAAABAAEAAAICTAEAOw==\" data-src=\"https:\/\/buletin.de\/bucuresti\/wp-content\/uploads\/PXL_20231116_092043708-900x678.jpg\" alt=\"\" class=\"wp-image-69193 lazyload\" data-sizes=\"auto\" data-srcset=\"https:\/\/buletin.de\/bucuresti\/wp-content\/uploads\/PXL_20231116_092043708-900x678.jpg 900w, https:\/\/buletin.de\/bucuresti\/wp-content\/uploads\/PXL_20231116_092043708-300x226.jpg 300w, https:\/\/buletin.de\/bucuresti\/wp-content\/uploads\/PXL_20231116_092043708-768x578.jpg 768w, https:\/\/buletin.de\/bucuresti\/wp-content\/uploads\/PXL_20231116_092043708-1536x1157.jpg 1536w, https:\/\/buletin.de\/bucuresti\/wp-content\/uploads\/PXL_20231116_092043708-1600x1205.jpg 1600w, https:\/\/buletin.de\/bucuresti\/wp-content\/uploads\/PXL_20231116_092043708-1100x828.jpg 1100w, https:\/\/buletin.de\/bucuresti\/wp-content\/uploads\/PXL_20231116_092043708-600x452.jpg 600w, https:\/\/buletin.de\/bucuresti\/wp-content\/uploads\/PXL_20231116_092043708-20x15.jpg 20w, https:\/\/buletin.de\/bucuresti\/wp-content\/uploads\/PXL_20231116_092043708.jpg 2000w\" sizes=\"(max-width: 900px) 100vw, 900px\" \/><\/figure>\n\n\n\n<p>Anumite p\u0103r\u021bi ale ora\u0219ului mi-au adus aminte de vechiul Bucure\u0219ti, c\u00e2nd Capitala era \u00eemp\u00e2nzit\u0103 de chio\u0219curi mici \u0219i chicioase, care erau principala surs\u0103 din care bucure\u0219tenii se aprovizionau. Adic\u0103 pe vremea c\u00e2nd edil-\u0219ef peste Bucure\u0219ti era nimeni altul dec\u00e2t fostul pre\u0219edinte Traian B\u0103sescu. P\u00e2n\u0103 s\u0103 ajung\u0103 \u0219eful statului, B\u0103sescu s-a luptat s\u0103 distrug\u0103 micile afaceri ale rom\u00e2nilor care au profitat de o perioad\u0103 \u00een care normele de construc\u021bie erau doar o glum\u0103 bun\u0103 spus\u0103 la \u0219pri\u021b. \u00cen Tirana chio\u0219curile sunt peste tot pe str\u0103zi, iar magazinele serioase sunt aruncate la marginea ora\u0219ului.\u00a0\u00a0\u00a0<\/p>\n\n\n\n<figure class=\"wp-block-image size-large\"><img loading=\"lazy\" decoding=\"async\" width=\"900\" height=\"678\" src=\"data:image\/gif;base64,R0lGODlhAQABAAAAACH5BAEKAAEALAAAAAABAAEAAAICTAEAOw==\" data-src=\"https:\/\/buletin.de\/bucuresti\/wp-content\/uploads\/PXL_20231116_103226630-900x678.jpg\" alt=\"\" class=\"wp-image-69195 lazyload\" data-sizes=\"auto\" data-srcset=\"https:\/\/buletin.de\/bucuresti\/wp-content\/uploads\/PXL_20231116_103226630-900x678.jpg 900w, https:\/\/buletin.de\/bucuresti\/wp-content\/uploads\/PXL_20231116_103226630-300x226.jpg 300w, https:\/\/buletin.de\/bucuresti\/wp-content\/uploads\/PXL_20231116_103226630-768x578.jpg 768w, https:\/\/buletin.de\/bucuresti\/wp-content\/uploads\/PXL_20231116_103226630-1536x1157.jpg 1536w, https:\/\/buletin.de\/bucuresti\/wp-content\/uploads\/PXL_20231116_103226630-1600x1205.jpg 1600w, https:\/\/buletin.de\/bucuresti\/wp-content\/uploads\/PXL_20231116_103226630-1100x828.jpg 1100w, https:\/\/buletin.de\/bucuresti\/wp-content\/uploads\/PXL_20231116_103226630-600x452.jpg 600w, https:\/\/buletin.de\/bucuresti\/wp-content\/uploads\/PXL_20231116_103226630-20x15.jpg 20w, https:\/\/buletin.de\/bucuresti\/wp-content\/uploads\/PXL_20231116_103226630.jpg 2000w\" sizes=\"(max-width: 900px) 100vw, 900px\" \/><\/figure>\n\n\n\n<p>Am asistat \u0219i la o conferin\u021b\u0103 de pres\u0103 sus\u021binut\u0103 de actualul premier al Albaniei, Edi Rama, care a fost \u00een 2000 primarul Tiranei. El a fost acuzat de o parte dintre locuitorii Capitalei c\u0103 \u00een mandatul lui s-a ocupat doar de lucrurile de suprafa\u021b\u0103, pe modelul din administra\u021bia Firea: d\u0103m cu var fa\u021bada, dar cade tencuiala.\u00a0\u00a0<\/p>\n\n\n\n<p>Premierul albanezilor mi-a adus aminte de Liviu Dragnea, doar c\u0103 o variant\u0103 mai \u201e\u00eembun\u0103t\u0103\u021bit\u0103\u201c. Vorbea bine englez\u0103, era ironic \u0219i avea o aur\u0103 de <em>\u201et\u0103tuc\u201c<\/em>  venit s\u0103 salveze poporul din m\u00e2inile str\u0103inilor. \u00centr-o sear\u0103, am ie\u0219it la un pahar de vorb\u0103 cu c\u00e2\u021biva colegi jurnali\u0219ti. Am schimbat p\u0103reri despre Tirana \u0219i despre m\u00e2na de fier a premierului \u0219i am vrut s\u0103 afl\u0103m \u0219i cum \u00eel v\u0103d locuitorii pe fostul primar.\u00a0\u00a0\u00a0<\/p>\n\n\n\n<p>Un coleg a \u00eentrebat-o pe chelneri\u021ba care ne servea ce p\u0103rere are despre el. Ea, cu emo\u021bie, ne-a \u00een\u0219iruit doar cuvinte de laud\u0103 despre Edi Rama. Am \u00eentrebat-o ce p\u0103rere are despre atitudinea lui. A stat pu\u021bin \u0219i pe urm\u0103 ne-a spus: <em>\u201eF\u0103r\u0103 el nu am fi \u00een siguran\u021b\u0103\u201c.<\/em> Chelneri\u021ba este student\u0103 la \u0219tiin\u021be politice.&nbsp;&nbsp;&nbsp;<\/p>\n\n\n\n<figure class=\"wp-block-image size-large\"><a href=\"https:\/\/buletin.de\/bucuresti\/wp-content\/uploads\/PXL_20231114_173837928.jpg\"><img loading=\"lazy\" decoding=\"async\" width=\"900\" height=\"678\" src=\"data:image\/gif;base64,R0lGODlhAQABAAAAACH5BAEKAAEALAAAAAABAAEAAAICTAEAOw==\" data-src=\"https:\/\/buletin.de\/bucuresti\/wp-content\/uploads\/PXL_20231114_173837928-900x678.jpg\" alt=\"\" class=\"wp-image-69197 lazyload\" data-sizes=\"auto\" data-srcset=\"https:\/\/buletin.de\/bucuresti\/wp-content\/uploads\/PXL_20231114_173837928-900x678.jpg 900w, https:\/\/buletin.de\/bucuresti\/wp-content\/uploads\/PXL_20231114_173837928-300x226.jpg 300w, https:\/\/buletin.de\/bucuresti\/wp-content\/uploads\/PXL_20231114_173837928-768x578.jpg 768w, https:\/\/buletin.de\/bucuresti\/wp-content\/uploads\/PXL_20231114_173837928-1536x1157.jpg 1536w, https:\/\/buletin.de\/bucuresti\/wp-content\/uploads\/PXL_20231114_173837928-1600x1205.jpg 1600w, https:\/\/buletin.de\/bucuresti\/wp-content\/uploads\/PXL_20231114_173837928-1100x828.jpg 1100w, https:\/\/buletin.de\/bucuresti\/wp-content\/uploads\/PXL_20231114_173837928-600x452.jpg 600w, https:\/\/buletin.de\/bucuresti\/wp-content\/uploads\/PXL_20231114_173837928-20x15.jpg 20w, https:\/\/buletin.de\/bucuresti\/wp-content\/uploads\/PXL_20231114_173837928.jpg 2000w\" sizes=\"(max-width: 900px) 100vw, 900px\" \/><\/a><\/figure>\n\n\n\n<p>La final, vreau doar s\u0103 v\u0103 mai ar\u0103t o poz\u0103 care o s\u0103-i fac\u0103 invidio\u0219i pe primarii B\u0103lu\u021b\u0103 \u0219i Negoi\u021b\u0103. A\u0219a am aflat c\u0103 nu neap\u0103rat pe malul D\u00e2mbovi\u021bei s-a inventat kitsch-ul urban. Ah, era s\u0103 uit. Nici urm\u0103 de vreun palmier!<\/p>\n\n\n\n<figure class=\"wp-block-image size-large\"><img loading=\"lazy\" decoding=\"async\" width=\"900\" height=\"678\" src=\"data:image\/gif;base64,R0lGODlhAQABAAAAACH5BAEKAAEALAAAAAABAAEAAAICTAEAOw==\" data-src=\"https:\/\/buletin.de\/bucuresti\/wp-content\/uploads\/PXL_20231114_204459701-900x678.jpg\" alt=\"\" class=\"wp-image-69184 lazyload\" data-sizes=\"auto\" data-srcset=\"https:\/\/buletin.de\/bucuresti\/wp-content\/uploads\/PXL_20231114_204459701-900x678.jpg 900w, https:\/\/buletin.de\/bucuresti\/wp-content\/uploads\/PXL_20231114_204459701-300x226.jpg 300w, https:\/\/buletin.de\/bucuresti\/wp-content\/uploads\/PXL_20231114_204459701-768x578.jpg 768w, https:\/\/buletin.de\/bucuresti\/wp-content\/uploads\/PXL_20231114_204459701-1536x1157.jpg 1536w, https:\/\/buletin.de\/bucuresti\/wp-content\/uploads\/PXL_20231114_204459701-1600x1205.jpg 1600w, https:\/\/buletin.de\/bucuresti\/wp-content\/uploads\/PXL_20231114_204459701-1100x828.jpg 1100w, https:\/\/buletin.de\/bucuresti\/wp-content\/uploads\/PXL_20231114_204459701-600x452.jpg 600w, https:\/\/buletin.de\/bucuresti\/wp-content\/uploads\/PXL_20231114_204459701-20x15.jpg 20w, https:\/\/buletin.de\/bucuresti\/wp-content\/uploads\/PXL_20231114_204459701.jpg 2000w\" sizes=\"(max-width: 900px) 100vw, 900px\" \/><\/figure>\n","protected":false},"excerpt":{"rendered":"<p>\u00cen ultima s\u0103pt\u0103m\u00e2n\u0103 am f\u0103cut cuno\u0219tin\u021b\u0103 cu Tirana, capitala Albaniei, o rud\u0103 mult mai balcanic\u0103 a Bucure\u0219tiul nostru. Ora\u0219ul este \u00eenconjurat de mun\u021bi \u0219i traversat de un r\u00e2u care, de\u0219i este mai mic, dep\u0103\u0219e\u0219te D\u00e2mbovi\u021ba la capitolele aspect, miros \u0219i cur\u0103\u021benie. N-am apucat s\u0103 iau la pas tot ora\u0219ul, dar am umblat suficient \u00eenc\u00e2t s\u0103 [&hellip;]<\/p>\n","protected":false},"author":17,"featured_media":69206,"comment_status":"closed","ping_status":"open","sticky":false,"template":"","format":"standard","meta":{"_acf_changed":false,"inline_featured_image":false,"ngg_post_thumbnail":0,"footnotes":""},"categories":[6994,41,5762],"tags":[7833,9,7835,42,7836,1325,7834],"ppma_author":[22576],"class_list":["post-69171","post","type-post","status-publish","format-standard","has-post-thumbnail","hentry","category-stiri-2","category-editorial","category-main","tag-albania","tag-bucuresti","tag-edi-rama","tag-editorial","tag-politica","tag-romania","tag-tirana"],"acf":[],"yoast_head":"<!-- This site is optimized with the Yoast SEO Premium plugin v25.3 (Yoast SEO v27.4) - https:\/\/yoast.com\/product\/yoast-seo-premium-wordpress\/ -->\n<title>EDITORIAL | Bucure\u0219tiul are o rud\u0103 ciudat\u0103 - Buletin de Bucure\u0219ti<\/title>\n<meta name=\"robots\" content=\"index, follow, max-snippet:-1, max-image-preview:large, max-video-preview:-1\" \/>\n<link rel=\"canonical\" href=\"https:\/\/buletin.de\/bucuresti\/editorial-bucurestiul-are-o-ruda-ciudata\/\" \/>\n<meta property=\"og:locale\" content=\"en_GB\" \/>\n<meta property=\"og:type\" content=\"article\" \/>\n<meta property=\"og:title\" content=\"EDITORIAL | Bucure\u0219tiul are o rud\u0103 ciudat\u0103\" \/>\n<meta property=\"og:description\" content=\"\u00cen ultima s\u0103pt\u0103m\u00e2n\u0103 am f\u0103cut cuno\u0219tin\u021b\u0103 cu Tirana, capitala Albaniei, o rud\u0103 mult mai balcanic\u0103 a Bucure\u0219tiul nostru. Ora\u0219ul este \u00eenconjurat de mun\u021bi \u0219i traversat de un r\u00e2u care, de\u0219i este mai mic, dep\u0103\u0219e\u0219te D\u00e2mbovi\u021ba la capitolele aspect, miros \u0219i cur\u0103\u021benie. N-am apucat s\u0103 iau la pas tot ora\u0219ul, dar am umblat suficient \u00eenc\u00e2t s\u0103 [&hellip;]\" \/>\n<meta property=\"og:url\" content=\"https:\/\/buletin.de\/bucuresti\/editorial-bucurestiul-are-o-ruda-ciudata\/\" \/>\n<meta property=\"og:site_name\" content=\"Buletin de Bucure\u0219ti\" \/>\n<meta property=\"article:publisher\" content=\"https:\/\/www.facebook.com\/buletin.de.buc\" \/>\n<meta property=\"article:published_time\" content=\"2023-11-18T03:17:11+00:00\" \/>\n<meta property=\"article:modified_time\" content=\"2023-11-20T07:31:55+00:00\" \/>\n<meta property=\"og:image\" content=\"https:\/\/buletin.de\/bucuresti\/wp-content\/uploads\/PXL_20231116_092218357.jpg\" \/>\n\t<meta property=\"og:image:width\" content=\"2000\" \/>\n\t<meta property=\"og:image:height\" content=\"1506\" \/>\n\t<meta property=\"og:image:type\" content=\"image\/jpeg\" \/>\n<meta name=\"author\" content=\"Florin R\u00e2\u0219teiu\" \/>\n<meta name=\"twitter:card\" content=\"summary_large_image\" \/>\n<meta name=\"twitter:label1\" content=\"Written by\" \/>\n\t<meta name=\"twitter:data1\" content=\"Florin R\u00e2\u0219teiu\" \/>\n\t<meta name=\"twitter:label2\" content=\"Estimated reading time\" \/>\n\t<meta name=\"twitter:data2\" content=\"5 minutes\" \/>\n<script type=\"application\/ld+json\" class=\"yoast-schema-graph\">{\"@context\":\"https:\\\/\\\/schema.org\",\"@graph\":[{\"@type\":\"Article\",\"@id\":\"https:\\\/\\\/buletin.de\\\/bucuresti\\\/editorial-bucurestiul-are-o-ruda-ciudata\\\/#article\",\"isPartOf\":{\"@id\":\"https:\\\/\\\/buletin.de\\\/bucuresti\\\/editorial-bucurestiul-are-o-ruda-ciudata\\\/\"},\"author\":{\"name\":\"Florin R\u00e2\u0219teiu\",\"@id\":\"https:\\\/\\\/buletin.de\\\/bucuresti\\\/#\\\/schema\\\/person\\\/b0686d7a8b666c6afc78239777fd8a89\"},\"headline\":\"EDITORIAL | Bucure\u0219tiul are o rud\u0103 ciudat\u0103\",\"datePublished\":\"2023-11-18T03:17:11+00:00\",\"dateModified\":\"2023-11-20T07:31:55+00:00\",\"mainEntityOfPage\":{\"@id\":\"https:\\\/\\\/buletin.de\\\/bucuresti\\\/editorial-bucurestiul-are-o-ruda-ciudata\\\/\"},\"wordCount\":995,\"publisher\":{\"@id\":\"https:\\\/\\\/buletin.de\\\/bucuresti\\\/#organization\"},\"image\":{\"@id\":\"https:\\\/\\\/buletin.de\\\/bucuresti\\\/editorial-bucurestiul-are-o-ruda-ciudata\\\/#primaryimage\"},\"thumbnailUrl\":\"https:\\\/\\\/buletin.de\\\/bucuresti\\\/wp-content\\\/uploads\\\/PXL_20231116_092218357.jpg\",\"keywords\":[\"Albania\",\"bucuresti\",\"Edi Rama\",\"editorial\",\"Politic\u0103\",\"romania\",\"Tirana\"],\"articleSection\":[\"Articole\",\"Editorial\",\"Main\"],\"inLanguage\":\"en-GB\",\"copyrightYear\":\"2023\",\"copyrightHolder\":{\"@id\":\"https:\\\/\\\/buletin.de\\\/bucuresti\\\/#organization\"}},{\"@type\":\"WebPage\",\"@id\":\"https:\\\/\\\/buletin.de\\\/bucuresti\\\/editorial-bucurestiul-are-o-ruda-ciudata\\\/\",\"url\":\"https:\\\/\\\/buletin.de\\\/bucuresti\\\/editorial-bucurestiul-are-o-ruda-ciudata\\\/\",\"name\":\"EDITORIAL | Bucure\u0219tiul are o rud\u0103 ciudat\u0103 - Buletin de Bucure\u0219ti\",\"isPartOf\":{\"@id\":\"https:\\\/\\\/buletin.de\\\/bucuresti\\\/#website\"},\"primaryImageOfPage\":{\"@id\":\"https:\\\/\\\/buletin.de\\\/bucuresti\\\/editorial-bucurestiul-are-o-ruda-ciudata\\\/#primaryimage\"},\"image\":{\"@id\":\"https:\\\/\\\/buletin.de\\\/bucuresti\\\/editorial-bucurestiul-are-o-ruda-ciudata\\\/#primaryimage\"},\"thumbnailUrl\":\"https:\\\/\\\/buletin.de\\\/bucuresti\\\/wp-content\\\/uploads\\\/PXL_20231116_092218357.jpg\",\"datePublished\":\"2023-11-18T03:17:11+00:00\",\"dateModified\":\"2023-11-20T07:31:55+00:00\",\"breadcrumb\":{\"@id\":\"https:\\\/\\\/buletin.de\\\/bucuresti\\\/editorial-bucurestiul-are-o-ruda-ciudata\\\/#breadcrumb\"},\"inLanguage\":\"en-GB\",\"potentialAction\":[{\"@type\":\"ReadAction\",\"target\":[\"https:\\\/\\\/buletin.de\\\/bucuresti\\\/editorial-bucurestiul-are-o-ruda-ciudata\\\/\"]}]},{\"@type\":\"ImageObject\",\"inLanguage\":\"en-GB\",\"@id\":\"https:\\\/\\\/buletin.de\\\/bucuresti\\\/editorial-bucurestiul-are-o-ruda-ciudata\\\/#primaryimage\",\"url\":\"https:\\\/\\\/buletin.de\\\/bucuresti\\\/wp-content\\\/uploads\\\/PXL_20231116_092218357.jpg\",\"contentUrl\":\"https:\\\/\\\/buletin.de\\\/bucuresti\\\/wp-content\\\/uploads\\\/PXL_20231116_092218357.jpg\",\"width\":2000,\"height\":1506},{\"@type\":\"BreadcrumbList\",\"@id\":\"https:\\\/\\\/buletin.de\\\/bucuresti\\\/editorial-bucurestiul-are-o-ruda-ciudata\\\/#breadcrumb\",\"itemListElement\":[{\"@type\":\"ListItem\",\"position\":1,\"name\":\"Acas\u0103\",\"item\":\"https:\\\/\\\/buletin.de\\\/bucuresti\\\/\"},{\"@type\":\"ListItem\",\"position\":2,\"name\":\"EDITORIAL | Bucure\u0219tiul are o rud\u0103 ciudat\u0103\"}]},{\"@type\":\"WebSite\",\"@id\":\"https:\\\/\\\/buletin.de\\\/bucuresti\\\/#website\",\"url\":\"https:\\\/\\\/buletin.de\\\/bucuresti\\\/\",\"name\":\"Buletin de Bucure\u0219ti\",\"description\":\"\u0218tiri \u0219i investiga\u021bii esen\u021biale din capital\u0103\",\"publisher\":{\"@id\":\"https:\\\/\\\/buletin.de\\\/bucuresti\\\/#organization\"},\"potentialAction\":[{\"@type\":\"SearchAction\",\"target\":{\"@type\":\"EntryPoint\",\"urlTemplate\":\"https:\\\/\\\/buletin.de\\\/bucuresti\\\/?s={search_term_string}\"},\"query-input\":{\"@type\":\"PropertyValueSpecification\",\"valueRequired\":true,\"valueName\":\"search_term_string\"}}],\"inLanguage\":\"en-GB\"},{\"@type\":\"Organization\",\"@id\":\"https:\\\/\\\/buletin.de\\\/bucuresti\\\/#organization\",\"name\":\"Buletin de Bucure\u0219ti\",\"url\":\"https:\\\/\\\/buletin.de\\\/bucuresti\\\/\",\"logo\":{\"@type\":\"ImageObject\",\"inLanguage\":\"en-GB\",\"@id\":\"https:\\\/\\\/buletin.de\\\/bucuresti\\\/#\\\/schema\\\/logo\\\/image\\\/\",\"url\":\"https:\\\/\\\/buletin.de\\\/bucuresti\\\/wp-content\\\/uploads\\\/logo-bdb-full-wide-vernil-transparent.png\",\"contentUrl\":\"https:\\\/\\\/buletin.de\\\/bucuresti\\\/wp-content\\\/uploads\\\/logo-bdb-full-wide-vernil-transparent.png\",\"width\":1782,\"height\":626,\"caption\":\"Buletin de Bucure\u0219ti\"},\"image\":{\"@id\":\"https:\\\/\\\/buletin.de\\\/bucuresti\\\/#\\\/schema\\\/logo\\\/image\\\/\"},\"sameAs\":[\"https:\\\/\\\/www.facebook.com\\\/buletin.de.buc\",\"https:\\\/\\\/www.instagram.com\\\/buletinde.bucuresti\\\/\"]},{\"@type\":\"Person\",\"@id\":\"https:\\\/\\\/buletin.de\\\/bucuresti\\\/#\\\/schema\\\/person\\\/b0686d7a8b666c6afc78239777fd8a89\",\"name\":\"Florin R\u00e2\u0219teiu\",\"image\":{\"@type\":\"ImageObject\",\"inLanguage\":\"en-GB\",\"@id\":\"https:\\\/\\\/buletin.de\\\/bucuresti\\\/wp-content\\\/uploads\\\/Florin-Rasteiu-96x96.jpgf0a6fe28453aa12f0a60e4d0a2e3a78c\",\"url\":\"https:\\\/\\\/buletin.de\\\/bucuresti\\\/wp-content\\\/uploads\\\/Florin-Rasteiu-96x96.jpg\",\"contentUrl\":\"https:\\\/\\\/buletin.de\\\/bucuresti\\\/wp-content\\\/uploads\\\/Florin-Rasteiu-96x96.jpg\",\"caption\":\"Florin R\u00e2\u0219teiu\"},\"description\":\"Jurnalist de investiga\u021bie. Lucreaz\u0103 de aproape 6 ani la Buletin de Bucure\u0219ti, unde a publicat articole care scot la suprafa\u021b\u0103 corup\u021bia din Capital\u0103. Analizeaz\u0103 baze de date zilnic \u0219i scoate pove\u0219ti din exceluri pline de cifre. Pune reflectorul pe adev\u0103r cu fiecare ocazie. A c\u00e2\u0219tigat premiul I la categoria Pres\u0103 Local\u0103 \u00een 2025 \u0219i locul al II-lea la aceea\u0219i categorie \u00een 2024 \u00een cadrul Premiilor Superscrieri pentru jurnalism independent.\",\"url\":\"https:\\\/\\\/buletin.de\\\/bucuresti\\\/author\\\/florinrasteiu\\\/\"}]}<\/script>\n<!-- \/ Yoast SEO Premium plugin. -->","yoast_head_json":{"title":"EDITORIAL | Bucure\u0219tiul are o rud\u0103 ciudat\u0103 - Buletin de Bucure\u0219ti","robots":{"index":"index","follow":"follow","max-snippet":"max-snippet:-1","max-image-preview":"max-image-preview:large","max-video-preview":"max-video-preview:-1"},"canonical":"https:\/\/buletin.de\/bucuresti\/editorial-bucurestiul-are-o-ruda-ciudata\/","og_locale":"en_GB","og_type":"article","og_title":"EDITORIAL | Bucure\u0219tiul are o rud\u0103 ciudat\u0103","og_description":"\u00cen ultima s\u0103pt\u0103m\u00e2n\u0103 am f\u0103cut cuno\u0219tin\u021b\u0103 cu Tirana, capitala Albaniei, o rud\u0103 mult mai balcanic\u0103 a Bucure\u0219tiul nostru. Ora\u0219ul este \u00eenconjurat de mun\u021bi \u0219i traversat de un r\u00e2u care, de\u0219i este mai mic, dep\u0103\u0219e\u0219te D\u00e2mbovi\u021ba la capitolele aspect, miros \u0219i cur\u0103\u021benie. N-am apucat s\u0103 iau la pas tot ora\u0219ul, dar am umblat suficient \u00eenc\u00e2t s\u0103 [&hellip;]","og_url":"https:\/\/buletin.de\/bucuresti\/editorial-bucurestiul-are-o-ruda-ciudata\/","og_site_name":"Buletin de Bucure\u0219ti","article_publisher":"https:\/\/www.facebook.com\/buletin.de.buc","article_published_time":"2023-11-18T03:17:11+00:00","article_modified_time":"2023-11-20T07:31:55+00:00","og_image":[{"width":2000,"height":1506,"url":"https:\/\/buletin.de\/bucuresti\/wp-content\/uploads\/PXL_20231116_092218357.jpg","type":"image\/jpeg"}],"author":"Florin R\u00e2\u0219teiu","twitter_card":"summary_large_image","twitter_misc":{"Written by":"Florin R\u00e2\u0219teiu","Estimated reading time":"5 minutes"},"schema":{"@context":"https:\/\/schema.org","@graph":[{"@type":"Article","@id":"https:\/\/buletin.de\/bucuresti\/editorial-bucurestiul-are-o-ruda-ciudata\/#article","isPartOf":{"@id":"https:\/\/buletin.de\/bucuresti\/editorial-bucurestiul-are-o-ruda-ciudata\/"},"author":{"name":"Florin R\u00e2\u0219teiu","@id":"https:\/\/buletin.de\/bucuresti\/#\/schema\/person\/b0686d7a8b666c6afc78239777fd8a89"},"headline":"EDITORIAL | Bucure\u0219tiul are o rud\u0103 ciudat\u0103","datePublished":"2023-11-18T03:17:11+00:00","dateModified":"2023-11-20T07:31:55+00:00","mainEntityOfPage":{"@id":"https:\/\/buletin.de\/bucuresti\/editorial-bucurestiul-are-o-ruda-ciudata\/"},"wordCount":995,"publisher":{"@id":"https:\/\/buletin.de\/bucuresti\/#organization"},"image":{"@id":"https:\/\/buletin.de\/bucuresti\/editorial-bucurestiul-are-o-ruda-ciudata\/#primaryimage"},"thumbnailUrl":"https:\/\/buletin.de\/bucuresti\/wp-content\/uploads\/PXL_20231116_092218357.jpg","keywords":["Albania","bucuresti","Edi Rama","editorial","Politic\u0103","romania","Tirana"],"articleSection":["Articole","Editorial","Main"],"inLanguage":"en-GB","copyrightYear":"2023","copyrightHolder":{"@id":"https:\/\/buletin.de\/bucuresti\/#organization"}},{"@type":"WebPage","@id":"https:\/\/buletin.de\/bucuresti\/editorial-bucurestiul-are-o-ruda-ciudata\/","url":"https:\/\/buletin.de\/bucuresti\/editorial-bucurestiul-are-o-ruda-ciudata\/","name":"EDITORIAL | Bucure\u0219tiul are o rud\u0103 ciudat\u0103 - Buletin de Bucure\u0219ti","isPartOf":{"@id":"https:\/\/buletin.de\/bucuresti\/#website"},"primaryImageOfPage":{"@id":"https:\/\/buletin.de\/bucuresti\/editorial-bucurestiul-are-o-ruda-ciudata\/#primaryimage"},"image":{"@id":"https:\/\/buletin.de\/bucuresti\/editorial-bucurestiul-are-o-ruda-ciudata\/#primaryimage"},"thumbnailUrl":"https:\/\/buletin.de\/bucuresti\/wp-content\/uploads\/PXL_20231116_092218357.jpg","datePublished":"2023-11-18T03:17:11+00:00","dateModified":"2023-11-20T07:31:55+00:00","breadcrumb":{"@id":"https:\/\/buletin.de\/bucuresti\/editorial-bucurestiul-are-o-ruda-ciudata\/#breadcrumb"},"inLanguage":"en-GB","potentialAction":[{"@type":"ReadAction","target":["https:\/\/buletin.de\/bucuresti\/editorial-bucurestiul-are-o-ruda-ciudata\/"]}]},{"@type":"ImageObject","inLanguage":"en-GB","@id":"https:\/\/buletin.de\/bucuresti\/editorial-bucurestiul-are-o-ruda-ciudata\/#primaryimage","url":"https:\/\/buletin.de\/bucuresti\/wp-content\/uploads\/PXL_20231116_092218357.jpg","contentUrl":"https:\/\/buletin.de\/bucuresti\/wp-content\/uploads\/PXL_20231116_092218357.jpg","width":2000,"height":1506},{"@type":"BreadcrumbList","@id":"https:\/\/buletin.de\/bucuresti\/editorial-bucurestiul-are-o-ruda-ciudata\/#breadcrumb","itemListElement":[{"@type":"ListItem","position":1,"name":"Acas\u0103","item":"https:\/\/buletin.de\/bucuresti\/"},{"@type":"ListItem","position":2,"name":"EDITORIAL | Bucure\u0219tiul are o rud\u0103 ciudat\u0103"}]},{"@type":"WebSite","@id":"https:\/\/buletin.de\/bucuresti\/#website","url":"https:\/\/buletin.de\/bucuresti\/","name":"Buletin de Bucure\u0219ti","description":"\u0218tiri \u0219i investiga\u021bii esen\u021biale din capital\u0103","publisher":{"@id":"https:\/\/buletin.de\/bucuresti\/#organization"},"potentialAction":[{"@type":"SearchAction","target":{"@type":"EntryPoint","urlTemplate":"https:\/\/buletin.de\/bucuresti\/?s={search_term_string}"},"query-input":{"@type":"PropertyValueSpecification","valueRequired":true,"valueName":"search_term_string"}}],"inLanguage":"en-GB"},{"@type":"Organization","@id":"https:\/\/buletin.de\/bucuresti\/#organization","name":"Buletin de Bucure\u0219ti","url":"https:\/\/buletin.de\/bucuresti\/","logo":{"@type":"ImageObject","inLanguage":"en-GB","@id":"https:\/\/buletin.de\/bucuresti\/#\/schema\/logo\/image\/","url":"https:\/\/buletin.de\/bucuresti\/wp-content\/uploads\/logo-bdb-full-wide-vernil-transparent.png","contentUrl":"https:\/\/buletin.de\/bucuresti\/wp-content\/uploads\/logo-bdb-full-wide-vernil-transparent.png","width":1782,"height":626,"caption":"Buletin de Bucure\u0219ti"},"image":{"@id":"https:\/\/buletin.de\/bucuresti\/#\/schema\/logo\/image\/"},"sameAs":["https:\/\/www.facebook.com\/buletin.de.buc","https:\/\/www.instagram.com\/buletinde.bucuresti\/"]},{"@type":"Person","@id":"https:\/\/buletin.de\/bucuresti\/#\/schema\/person\/b0686d7a8b666c6afc78239777fd8a89","name":"Florin R\u00e2\u0219teiu","image":{"@type":"ImageObject","inLanguage":"en-GB","@id":"https:\/\/buletin.de\/bucuresti\/wp-content\/uploads\/Florin-Rasteiu-96x96.jpgf0a6fe28453aa12f0a60e4d0a2e3a78c","url":"https:\/\/buletin.de\/bucuresti\/wp-content\/uploads\/Florin-Rasteiu-96x96.jpg","contentUrl":"https:\/\/buletin.de\/bucuresti\/wp-content\/uploads\/Florin-Rasteiu-96x96.jpg","caption":"Florin R\u00e2\u0219teiu"},"description":"Jurnalist de investiga\u021bie. Lucreaz\u0103 de aproape 6 ani la Buletin de Bucure\u0219ti, unde a publicat articole care scot la suprafa\u021b\u0103 corup\u021bia din Capital\u0103. Analizeaz\u0103 baze de date zilnic \u0219i scoate pove\u0219ti din exceluri pline de cifre. Pune reflectorul pe adev\u0103r cu fiecare ocazie. A c\u00e2\u0219tigat premiul I la categoria Pres\u0103 Local\u0103 \u00een 2025 \u0219i locul al II-lea la aceea\u0219i categorie \u00een 2024 \u00een cadrul Premiilor Superscrieri pentru jurnalism independent.","url":"https:\/\/buletin.de\/bucuresti\/author\/florinrasteiu\/"}]}},"authors":[{"term_id":22576,"user_id":17,"is_guest":0,"slug":"florinrasteiu","display_name":"Florin R\u00e2\u0219teiu","avatar_url":"https:\/\/buletin.de\/bucuresti\/wp-content\/uploads\/Florin-Rasteiu-96x96.jpg","0":null,"1":"","2":"","3":"","4":"","5":"","6":"","7":"","8":""}],"_links":{"self":[{"href":"https:\/\/buletin.de\/bucuresti\/wp-json\/wp\/v2\/posts\/69171","targetHints":{"allow":["GET"]}}],"collection":[{"href":"https:\/\/buletin.de\/bucuresti\/wp-json\/wp\/v2\/posts"}],"about":[{"href":"https:\/\/buletin.de\/bucuresti\/wp-json\/wp\/v2\/types\/post"}],"author":[{"embeddable":true,"href":"https:\/\/buletin.de\/bucuresti\/wp-json\/wp\/v2\/users\/17"}],"replies":[{"embeddable":true,"href":"https:\/\/buletin.de\/bucuresti\/wp-json\/wp\/v2\/comments?post=69171"}],"version-history":[{"count":8,"href":"https:\/\/buletin.de\/bucuresti\/wp-json\/wp\/v2\/posts\/69171\/revisions"}],"predecessor-version":[{"id":69399,"href":"https:\/\/buletin.de\/bucuresti\/wp-json\/wp\/v2\/posts\/69171\/revisions\/69399"}],"wp:featuredmedia":[{"embeddable":true,"href":"https:\/\/buletin.de\/bucuresti\/wp-json\/wp\/v2\/media\/69206"}],"wp:attachment":[{"href":"https:\/\/buletin.de\/bucuresti\/wp-json\/wp\/v2\/media?parent=69171"}],"wp:term":[{"taxonomy":"category","embeddable":true,"href":"https:\/\/buletin.de\/bucuresti\/wp-json\/wp\/v2\/categories?post=69171"},{"taxonomy":"post_tag","embeddable":true,"href":"https:\/\/buletin.de\/bucuresti\/wp-json\/wp\/v2\/tags?post=69171"},{"taxonomy":"author","embeddable":true,"href":"https:\/\/buletin.de\/bucuresti\/wp-json\/wp\/v2\/ppma_author?post=69171"}],"curies":[{"name":"wp","href":"https:\/\/api.w.org\/{rel}","templated":true}]}}