{"id":69123,"date":"2023-11-17T05:40:23","date_gmt":"2023-11-17T03:40:23","guid":{"rendered":"https:\/\/buletin.de\/bucuresti\/?p=69123"},"modified":"2023-11-17T11:24:22","modified_gmt":"2023-11-17T09:24:22","slug":"modernizarea-centurii-capitalei-intre-e85-si-autostrada-soarelui-reluata-dupa-11-ani-si-doua-rezilieri-santierul-a-ajuns-abia-la-20","status":"publish","type":"post","link":"https:\/\/buletin.de\/bucuresti\/modernizarea-centurii-capitalei-intre-e85-si-autostrada-soarelui-reluata-dupa-11-ani-si-doua-rezilieri-santierul-a-ajuns-abia-la-20\/","title":{"rendered":"Modernizarea Centurii Capitalei, \u00eentre E85 \u0219i Autostrada Soarelui, reluat\u0103. Dup\u0103 11 ani \u015fi dou\u0103 rezilieri, \u0219antierul a ajuns abia la 20%"},"content":{"rendered":"\n<p><strong>Autoritatea Na\u021bional\u0103 pentru Achizi\u021bii Publice (ANAP) a primit joi, 16 noiembrie, documenta\u021bia de la CNAIR pentru reluarea licita\u0163iei privind lucr\u0103rile de modernizare a sectorului Centurii Capitalei dintre DN2 \u0219i A2. Este a treia \u00eencercare a companiei de drumuri de a moderniza cei 11 kilometri de drum, din 2012 \u015fi p\u00e2n\u0103 \u00een prezent, dup\u0103 ce contractul a fost reziliat de dou\u0103 ori. &nbsp;<\/strong><\/p>\n\n\n\n<p>Proiectul, \u00een lungime de aproximativ 11 km, prevede l\u0103rgirea la 4 benzi de circula\u021bie \u0219i construc\u021bia a trei pasaje: peste calea ferat\u0103 Bucure\u0219ti-Constan\u021ba (124 m), peste DJ301 (Bucure\u0219ti-Cernica, 400 m), \u0219i peste calea ferat\u0103 Bucure\u0219ti-Olteni\u021ba (105 m). <\/p>\n\n\n\n<p>\u00cen prezent, finan\u021barea ar urma s\u0103 fie asigurat\u0103 prin Programul Transport, iar contractul prevede 6 luni pentru proiectare \u0219i 18 luni pentru execu\u021bie. Documenta\u021bia de atribuire urmeaz\u0103 s\u0103 fie validat\u0103, dup\u0103 care se va publica Anun\u021bul de Participare pentru stabilirea datei de depunere a ofertelor. <\/p>\n\n\n\n<p>Contractul ini\u021bial cu firma italian\u0103 Tirrena Scavi a fost reziliat \u00een decembrie 2022, din cauza lipsei de mobilizare a constructorului, care avea un progres fizic \u00een \u0219antier de doar 20,76%.<\/p>\n\n\n\n<p>Acesta a fost cel de-al doilea contract reziliat de compania de drumuri pentru acest segment din Centura Capitalei. Pentru por\u0163iunea care ar fi trebuit s\u0103 completeze Centura de Nord \u015fi care ar fi trebuit s\u0103 faciliteze traficul rutier \u00eentre autostr\u0103zile Ploie\u015fti-Bucure\u015fti \u015fi Bucure\u015fti-Constan\u0163a, lucr\u0103rile au fost atribuite \u00een august 2012 asocierii SC Tehnologica Radion SRL, Consitrans SRL \u015fi Pro Cons XXI SRL. \u00cen februarie 2015, contractul de peste 40 de milioane de euro (40,2 mil. euro) a fost reziliat.<\/p>\n\n\n\n<figure class=\"wp-block-image size-large\"><img fetchpriority=\"high\" decoding=\"async\" width=\"900\" height=\"468\" src=\"data:image\/gif;base64,R0lGODlhAQABAAAAACH5BAEKAAEALAAAAAABAAEAAAICTAEAOw==\" data-src=\"https:\/\/buletin.de\/bucuresti\/wp-content\/uploads\/dncb-2-900x468.png\" alt=\"\" class=\"wp-image-69163 lazyload\" data-sizes=\"auto\" data-srcset=\"https:\/\/buletin.de\/bucuresti\/wp-content\/uploads\/dncb-2-900x468.png 900w, https:\/\/buletin.de\/bucuresti\/wp-content\/uploads\/dncb-2-300x156.png 300w, https:\/\/buletin.de\/bucuresti\/wp-content\/uploads\/dncb-2-768x399.png 768w, https:\/\/buletin.de\/bucuresti\/wp-content\/uploads\/dncb-2-1536x799.png 1536w, https:\/\/buletin.de\/bucuresti\/wp-content\/uploads\/dncb-2-1600x832.png 1600w, https:\/\/buletin.de\/bucuresti\/wp-content\/uploads\/dncb-2-1100x572.png 1100w, https:\/\/buletin.de\/bucuresti\/wp-content\/uploads\/dncb-2-600x312.png 600w, https:\/\/buletin.de\/bucuresti\/wp-content\/uploads\/dncb-2-20x10.png 20w, https:\/\/buletin.de\/bucuresti\/wp-content\/uploads\/dncb-2.png 1938w\" sizes=\"(max-width: 900px) 100vw, 900px\" \/><\/figure>\n\n\n\n<p>Pentru cele \u015fapte procente din lucrare, c\u00e2t au reu\u015fit constructorii s\u0103 fac\u0103 \u00een patru ani, statul a pl\u0103tit aproape cinci milioane de euro.<\/p>\n\n\n\n<p>Dup\u0103 mai bine de doi ani, \u00een august 2017, Compania Na\u021bional\u0103 de Drumuri a anun\u021bat \u00eencheierea unei noi proceduri de achizi\u0163ie public\u0103 dup\u0103 ce 12 oferte au fost depuse pentru un contract anun\u021bat de aproape 74 de milioane de euro, adic\u0103 aproape dublu fa\u0163\u0103 de cel semnat \u00een 2012.<\/p>\n\n\n\n<p>Contractul reziliat \u00een decembrie &nbsp;2022 cu Tirrena Scavi fusese semnat pentru aproximativ 48 de milioane de euro iar lucr\u0103rile ar trebuit s\u0103 fie gata \u00een 15 luni.<\/p>\n\n\n\n<h2 class=\"wp-block-heading\"><strong>O \u021beap\u0103 de milioane?<\/strong><\/h2>\n\n\n\n<p>\u201e<em>Au fost executate toate garan\u021biile aflate la dispozi\u021bia CNAIR, iar prejudiciul, penalit\u0103\u021bile \u0219i dob\u00e2nzile calculate se ridic\u0103 la 752 milioane lei, aplicate acestui antreprenor, pe care am reu\u0219it s\u0103 \u00eel scoatem de pe pia\u021ba rom\u00e2neasc\u0103, odat\u0103 cu rezilierea<\/em>&#8220;, a anun\u021bat joi, 16 noiembrie, secretarul de stat \u00een Ministerul Transporturilor, Irinel Scrio\u0219teanu.<\/p>\n\n\n\n<p>Tot joi, 16 noiembrie, lichidatorul judiciar al companiei italiene care ar fi trebuit s\u0103 termine tronsonul \u00een martie 2024 a publicat un anun\u021b de v\u00e2nzare a bunurilor mobile aflate \u00een proprietatea constructorului. <a href=\"https:\/\/www.licitatii-insolventa.ro\/altele\/altele_1\/anunt-de-vanzare-bunuri-mobile-aflate-in-proprietatea-tirrena-scavi-spa_i154159\">Licita\u021bia porne\u0219te de la 15,6 milioane de lei<\/a>, adic\u0103 aproximativ 2 la sut\u0103 din suma imputat\u0103 de statul rom\u00e2n.<\/p>\n\n\n\n<p>Potrivit datelor din 2017 ale Companiei Na\u0163ionale de Administrare a Infrastructurii Rutiere, pe Centura Capitalei, \u00eentre DN2 \u015fi Autostrada Soarelui, circul\u0103 zilnic peste 17 mii de autovehicule. <\/p>\n","protected":false},"excerpt":{"rendered":"<p>Autoritatea Na\u021bional\u0103 pentru Achizi\u021bii Publice (ANAP) a primit joi, 16 noiembrie, documenta\u021bia de la CNAIR pentru reluarea licita\u0163iei privind lucr\u0103rile de modernizare a sectorului Centurii Capitalei dintre DN2 \u0219i A2. Este a treia \u00eencercare a companiei de drumuri de a moderniza cei 11 kilometri de drum, din 2012 \u015fi p\u00e2n\u0103 \u00een prezent, dup\u0103 ce contractul [&hellip;]<\/p>\n","protected":false},"author":10,"featured_media":69162,"comment_status":"closed","ping_status":"open","sticky":false,"template":"","format":"standard","meta":{"_acf_changed":false,"inline_featured_image":false,"ngg_post_thumbnail":0,"footnotes":""},"categories":[6994,5762,650],"tags":[984,595,981,982,7827],"ppma_author":[22575],"class_list":["post-69123","post","type-post","status-publish","format-standard","has-post-thumbnail","hentry","category-stiri-2","category-main","category-transport","tag-a2","tag-centura","tag-dncb","tag-e85","tag-reziliere"],"acf":[],"yoast_head":"<!-- This site is optimized with the Yoast SEO Premium plugin v25.3 (Yoast SEO v27.5) - https:\/\/yoast.com\/product\/yoast-seo-premium-wordpress\/ -->\n<title>Modernizarea Centurii Capitalei, \u00eentre E85 \u0219i Autostrada Soarelui, reluat\u0103. Dup\u0103 11 ani \u015fi dou\u0103 rezilieri, \u0219antierul a ajuns abia la 20% - Buletin de Bucure\u0219ti<\/title>\n<meta name=\"robots\" content=\"index, follow, max-snippet:-1, max-image-preview:large, max-video-preview:-1\" \/>\n<link rel=\"canonical\" href=\"https:\/\/buletin.de\/bucuresti\/modernizarea-centurii-capitalei-intre-e85-si-autostrada-soarelui-reluata-dupa-11-ani-si-doua-rezilieri-santierul-a-ajuns-abia-la-20\/\" \/>\n<meta property=\"og:locale\" content=\"en_GB\" \/>\n<meta property=\"og:type\" content=\"article\" \/>\n<meta property=\"og:title\" content=\"Modernizarea Centurii Capitalei, \u00eentre E85 \u0219i Autostrada Soarelui, reluat\u0103. Dup\u0103 11 ani \u015fi dou\u0103 rezilieri, \u0219antierul a ajuns abia la 20%\" \/>\n<meta property=\"og:description\" content=\"Autoritatea Na\u021bional\u0103 pentru Achizi\u021bii Publice (ANAP) a primit joi, 16 noiembrie, documenta\u021bia de la CNAIR pentru reluarea licita\u0163iei privind lucr\u0103rile de modernizare a sectorului Centurii Capitalei dintre DN2 \u0219i A2. Este a treia \u00eencercare a companiei de drumuri de a moderniza cei 11 kilometri de drum, din 2012 \u015fi p\u00e2n\u0103 \u00een prezent, dup\u0103 ce contractul [&hellip;]\" \/>\n<meta property=\"og:url\" content=\"https:\/\/buletin.de\/bucuresti\/modernizarea-centurii-capitalei-intre-e85-si-autostrada-soarelui-reluata-dupa-11-ani-si-doua-rezilieri-santierul-a-ajuns-abia-la-20\/\" \/>\n<meta property=\"og:site_name\" content=\"Buletin de Bucure\u0219ti\" \/>\n<meta property=\"article:publisher\" content=\"https:\/\/www.facebook.com\/buletin.de.buc\" \/>\n<meta property=\"article:published_time\" content=\"2023-11-17T03:40:23+00:00\" \/>\n<meta property=\"article:modified_time\" content=\"2023-11-17T09:24:22+00:00\" \/>\n<meta property=\"og:image\" content=\"https:\/\/buletin.de\/bucuresti\/wp-content\/uploads\/centura-capitalei-900x436.png\" \/>\n\t<meta property=\"og:image:width\" content=\"900\" \/>\n\t<meta property=\"og:image:height\" content=\"436\" \/>\n\t<meta property=\"og:image:type\" content=\"image\/png\" \/>\n<meta name=\"author\" content=\"C\u0103t\u0103lin Dosca\u0219\" \/>\n<meta name=\"twitter:card\" content=\"summary_large_image\" \/>\n<meta name=\"twitter:label1\" content=\"Written by\" \/>\n\t<meta name=\"twitter:data1\" content=\"C\u0103t\u0103lin Dosca\u0219\" \/>\n\t<meta name=\"twitter:label2\" content=\"Estimated reading time\" \/>\n\t<meta name=\"twitter:data2\" content=\"3 minutes\" \/>\n<script type=\"application\/ld+json\" class=\"yoast-schema-graph\">{\"@context\":\"https:\\\/\\\/schema.org\",\"@graph\":[{\"@type\":\"Article\",\"@id\":\"https:\\\/\\\/buletin.de\\\/bucuresti\\\/modernizarea-centurii-capitalei-intre-e85-si-autostrada-soarelui-reluata-dupa-11-ani-si-doua-rezilieri-santierul-a-ajuns-abia-la-20\\\/#article\",\"isPartOf\":{\"@id\":\"https:\\\/\\\/buletin.de\\\/bucuresti\\\/modernizarea-centurii-capitalei-intre-e85-si-autostrada-soarelui-reluata-dupa-11-ani-si-doua-rezilieri-santierul-a-ajuns-abia-la-20\\\/\"},\"author\":{\"name\":\"C\u0103t\u0103lin Dosca\u0219\",\"@id\":\"https:\\\/\\\/buletin.de\\\/bucuresti\\\/#\\\/schema\\\/person\\\/31117187ed4d0bdb0a4c7d6acc79d0f8\"},\"headline\":\"Modernizarea Centurii Capitalei, \u00eentre E85 \u0219i Autostrada Soarelui, reluat\u0103. Dup\u0103 11 ani \u015fi dou\u0103 rezilieri, \u0219antierul a ajuns abia la 20%\",\"datePublished\":\"2023-11-17T03:40:23+00:00\",\"dateModified\":\"2023-11-17T09:24:22+00:00\",\"mainEntityOfPage\":{\"@id\":\"https:\\\/\\\/buletin.de\\\/bucuresti\\\/modernizarea-centurii-capitalei-intre-e85-si-autostrada-soarelui-reluata-dupa-11-ani-si-doua-rezilieri-santierul-a-ajuns-abia-la-20\\\/\"},\"wordCount\":522,\"publisher\":{\"@id\":\"https:\\\/\\\/buletin.de\\\/bucuresti\\\/#organization\"},\"image\":{\"@id\":\"https:\\\/\\\/buletin.de\\\/bucuresti\\\/modernizarea-centurii-capitalei-intre-e85-si-autostrada-soarelui-reluata-dupa-11-ani-si-doua-rezilieri-santierul-a-ajuns-abia-la-20\\\/#primaryimage\"},\"thumbnailUrl\":\"https:\\\/\\\/buletin.de\\\/bucuresti\\\/wp-content\\\/uploads\\\/centura-capitalei.png\",\"keywords\":[\"a2\",\"centura\",\"dncb\",\"e85\",\"reziliere\"],\"articleSection\":[\"Articole\",\"Main\",\"Transport\"],\"inLanguage\":\"en-GB\",\"copyrightYear\":\"2023\",\"copyrightHolder\":{\"@id\":\"https:\\\/\\\/buletin.de\\\/bucuresti\\\/#organization\"}},{\"@type\":\"WebPage\",\"@id\":\"https:\\\/\\\/buletin.de\\\/bucuresti\\\/modernizarea-centurii-capitalei-intre-e85-si-autostrada-soarelui-reluata-dupa-11-ani-si-doua-rezilieri-santierul-a-ajuns-abia-la-20\\\/\",\"url\":\"https:\\\/\\\/buletin.de\\\/bucuresti\\\/modernizarea-centurii-capitalei-intre-e85-si-autostrada-soarelui-reluata-dupa-11-ani-si-doua-rezilieri-santierul-a-ajuns-abia-la-20\\\/\",\"name\":\"Modernizarea Centurii Capitalei, \u00eentre E85 \u0219i Autostrada Soarelui, reluat\u0103. Dup\u0103 11 ani \u015fi dou\u0103 rezilieri, \u0219antierul a ajuns abia la 20% - Buletin de Bucure\u0219ti\",\"isPartOf\":{\"@id\":\"https:\\\/\\\/buletin.de\\\/bucuresti\\\/#website\"},\"primaryImageOfPage\":{\"@id\":\"https:\\\/\\\/buletin.de\\\/bucuresti\\\/modernizarea-centurii-capitalei-intre-e85-si-autostrada-soarelui-reluata-dupa-11-ani-si-doua-rezilieri-santierul-a-ajuns-abia-la-20\\\/#primaryimage\"},\"image\":{\"@id\":\"https:\\\/\\\/buletin.de\\\/bucuresti\\\/modernizarea-centurii-capitalei-intre-e85-si-autostrada-soarelui-reluata-dupa-11-ani-si-doua-rezilieri-santierul-a-ajuns-abia-la-20\\\/#primaryimage\"},\"thumbnailUrl\":\"https:\\\/\\\/buletin.de\\\/bucuresti\\\/wp-content\\\/uploads\\\/centura-capitalei.png\",\"datePublished\":\"2023-11-17T03:40:23+00:00\",\"dateModified\":\"2023-11-17T09:24:22+00:00\",\"breadcrumb\":{\"@id\":\"https:\\\/\\\/buletin.de\\\/bucuresti\\\/modernizarea-centurii-capitalei-intre-e85-si-autostrada-soarelui-reluata-dupa-11-ani-si-doua-rezilieri-santierul-a-ajuns-abia-la-20\\\/#breadcrumb\"},\"inLanguage\":\"en-GB\",\"potentialAction\":[{\"@type\":\"ReadAction\",\"target\":[\"https:\\\/\\\/buletin.de\\\/bucuresti\\\/modernizarea-centurii-capitalei-intre-e85-si-autostrada-soarelui-reluata-dupa-11-ani-si-doua-rezilieri-santierul-a-ajuns-abia-la-20\\\/\"]}]},{\"@type\":\"ImageObject\",\"inLanguage\":\"en-GB\",\"@id\":\"https:\\\/\\\/buletin.de\\\/bucuresti\\\/modernizarea-centurii-capitalei-intre-e85-si-autostrada-soarelui-reluata-dupa-11-ani-si-doua-rezilieri-santierul-a-ajuns-abia-la-20\\\/#primaryimage\",\"url\":\"https:\\\/\\\/buletin.de\\\/bucuresti\\\/wp-content\\\/uploads\\\/centura-capitalei.png\",\"contentUrl\":\"https:\\\/\\\/buletin.de\\\/bucuresti\\\/wp-content\\\/uploads\\\/centura-capitalei.png\",\"width\":1912,\"height\":927},{\"@type\":\"BreadcrumbList\",\"@id\":\"https:\\\/\\\/buletin.de\\\/bucuresti\\\/modernizarea-centurii-capitalei-intre-e85-si-autostrada-soarelui-reluata-dupa-11-ani-si-doua-rezilieri-santierul-a-ajuns-abia-la-20\\\/#breadcrumb\",\"itemListElement\":[{\"@type\":\"ListItem\",\"position\":1,\"name\":\"Acas\u0103\",\"item\":\"https:\\\/\\\/buletin.de\\\/bucuresti\\\/\"},{\"@type\":\"ListItem\",\"position\":2,\"name\":\"Modernizarea Centurii Capitalei, \u00eentre E85 \u0219i Autostrada Soarelui, reluat\u0103. Dup\u0103 11 ani \u015fi dou\u0103 rezilieri, \u0219antierul a ajuns abia la 20%\"}]},{\"@type\":\"WebSite\",\"@id\":\"https:\\\/\\\/buletin.de\\\/bucuresti\\\/#website\",\"url\":\"https:\\\/\\\/buletin.de\\\/bucuresti\\\/\",\"name\":\"Buletin de Bucure\u0219ti\",\"description\":\"\u0218tiri \u0219i investiga\u021bii esen\u021biale din capital\u0103\",\"publisher\":{\"@id\":\"https:\\\/\\\/buletin.de\\\/bucuresti\\\/#organization\"},\"potentialAction\":[{\"@type\":\"SearchAction\",\"target\":{\"@type\":\"EntryPoint\",\"urlTemplate\":\"https:\\\/\\\/buletin.de\\\/bucuresti\\\/?s={search_term_string}\"},\"query-input\":{\"@type\":\"PropertyValueSpecification\",\"valueRequired\":true,\"valueName\":\"search_term_string\"}}],\"inLanguage\":\"en-GB\"},{\"@type\":\"Organization\",\"@id\":\"https:\\\/\\\/buletin.de\\\/bucuresti\\\/#organization\",\"name\":\"Buletin de Bucure\u0219ti\",\"url\":\"https:\\\/\\\/buletin.de\\\/bucuresti\\\/\",\"logo\":{\"@type\":\"ImageObject\",\"inLanguage\":\"en-GB\",\"@id\":\"https:\\\/\\\/buletin.de\\\/bucuresti\\\/#\\\/schema\\\/logo\\\/image\\\/\",\"url\":\"https:\\\/\\\/buletin.de\\\/bucuresti\\\/wp-content\\\/uploads\\\/logo-bdb-full-wide-vernil-transparent.png\",\"contentUrl\":\"https:\\\/\\\/buletin.de\\\/bucuresti\\\/wp-content\\\/uploads\\\/logo-bdb-full-wide-vernil-transparent.png\",\"width\":1782,\"height\":626,\"caption\":\"Buletin de Bucure\u0219ti\"},\"image\":{\"@id\":\"https:\\\/\\\/buletin.de\\\/bucuresti\\\/#\\\/schema\\\/logo\\\/image\\\/\"},\"sameAs\":[\"https:\\\/\\\/www.facebook.com\\\/buletin.de.buc\",\"https:\\\/\\\/www.instagram.com\\\/buletinde.bucuresti\\\/\"]},{\"@type\":\"Person\",\"@id\":\"https:\\\/\\\/buletin.de\\\/bucuresti\\\/#\\\/schema\\\/person\\\/31117187ed4d0bdb0a4c7d6acc79d0f8\",\"name\":\"C\u0103t\u0103lin Dosca\u0219\",\"image\":{\"@type\":\"ImageObject\",\"inLanguage\":\"en-GB\",\"@id\":\"https:\\\/\\\/buletin.de\\\/bucuresti\\\/wp-content\\\/uploads\\\/Catalin-Doscas-e1732731064764-96x96.jpga93e2943bb3b1c1f9ead823df6e6317a\",\"url\":\"https:\\\/\\\/buletin.de\\\/bucuresti\\\/wp-content\\\/uploads\\\/Catalin-Doscas-e1732731064764-96x96.jpg\",\"contentUrl\":\"https:\\\/\\\/buletin.de\\\/bucuresti\\\/wp-content\\\/uploads\\\/Catalin-Doscas-e1732731064764-96x96.jpg\",\"caption\":\"C\u0103t\u0103lin Dosca\u0219\"},\"description\":\"Reporter \u0219i redactor-\u0219ef Buletin de Bucure\u0219ti. Lucreaz\u0103 \u00een mass-media de la v\u00e2rsta de 15 ani, c\u00e2nd a publicat primele articole \u00een presa local\u0103 din Tecuci. \u00cen Bucure\u0219ti a lucrat \u00een redac\u021bii radio ca reporter, redactor \u0219i prezentator (StudentFM, Na\u021bionalFM, Radio Total, Smart FM), unde a acoperit domeniile politic, economic, social \u0219i externe. Ulterior, a fost editor-coordonator al postului Realitatea FM. Experien\u021ba \u00een jurnalismul online a dob\u00e2ndit-o la portalul B365.ro, unde a fost editor. \u00cen 2012 s-a angajat \u00een televiziune. La Realitatea TV a fost, pe r\u00e2nd, reporter la sec\u021bia Social, reporter special la emisiunea de reportaje \u0219i anchete \u201eReporterii Realit\u0103\u021bii\u201d, dar \u0219i editor al jurnalelor de \u0219tiri. Ulterior, a f\u0103cut parte din sec\u021bia de Investiga\u021bii de la Digi24 \u0219i a lucrat la campania \u201eRom\u00e2nia furat\u0103\u201d. A revenit \u00een presa scris\u0103 \u00een 2017, ca reporter special, \u00een cadrul unui proiect de repozi\u021bionare a tabloidului Libertatea \u00een cotidian generalist. Este jurnalist Buletin de Bucure\u0219ti din 2019.\",\"url\":\"https:\\\/\\\/buletin.de\\\/bucuresti\\\/author\\\/catalin\\\/\"}]}<\/script>\n<!-- \/ Yoast SEO Premium plugin. -->","yoast_head_json":{"title":"Modernizarea Centurii Capitalei, \u00eentre E85 \u0219i Autostrada Soarelui, reluat\u0103. Dup\u0103 11 ani \u015fi dou\u0103 rezilieri, \u0219antierul a ajuns abia la 20% - Buletin de Bucure\u0219ti","robots":{"index":"index","follow":"follow","max-snippet":"max-snippet:-1","max-image-preview":"max-image-preview:large","max-video-preview":"max-video-preview:-1"},"canonical":"https:\/\/buletin.de\/bucuresti\/modernizarea-centurii-capitalei-intre-e85-si-autostrada-soarelui-reluata-dupa-11-ani-si-doua-rezilieri-santierul-a-ajuns-abia-la-20\/","og_locale":"en_GB","og_type":"article","og_title":"Modernizarea Centurii Capitalei, \u00eentre E85 \u0219i Autostrada Soarelui, reluat\u0103. Dup\u0103 11 ani \u015fi dou\u0103 rezilieri, \u0219antierul a ajuns abia la 20%","og_description":"Autoritatea Na\u021bional\u0103 pentru Achizi\u021bii Publice (ANAP) a primit joi, 16 noiembrie, documenta\u021bia de la CNAIR pentru reluarea licita\u0163iei privind lucr\u0103rile de modernizare a sectorului Centurii Capitalei dintre DN2 \u0219i A2. Este a treia \u00eencercare a companiei de drumuri de a moderniza cei 11 kilometri de drum, din 2012 \u015fi p\u00e2n\u0103 \u00een prezent, dup\u0103 ce contractul [&hellip;]","og_url":"https:\/\/buletin.de\/bucuresti\/modernizarea-centurii-capitalei-intre-e85-si-autostrada-soarelui-reluata-dupa-11-ani-si-doua-rezilieri-santierul-a-ajuns-abia-la-20\/","og_site_name":"Buletin de Bucure\u0219ti","article_publisher":"https:\/\/www.facebook.com\/buletin.de.buc","article_published_time":"2023-11-17T03:40:23+00:00","article_modified_time":"2023-11-17T09:24:22+00:00","og_image":[{"width":900,"height":436,"url":"https:\/\/buletin.de\/bucuresti\/wp-content\/uploads\/centura-capitalei-900x436.png","type":"image\/png"}],"author":"C\u0103t\u0103lin Dosca\u0219","twitter_card":"summary_large_image","twitter_misc":{"Written by":"C\u0103t\u0103lin Dosca\u0219","Estimated reading time":"3 minutes"},"schema":{"@context":"https:\/\/schema.org","@graph":[{"@type":"Article","@id":"https:\/\/buletin.de\/bucuresti\/modernizarea-centurii-capitalei-intre-e85-si-autostrada-soarelui-reluata-dupa-11-ani-si-doua-rezilieri-santierul-a-ajuns-abia-la-20\/#article","isPartOf":{"@id":"https:\/\/buletin.de\/bucuresti\/modernizarea-centurii-capitalei-intre-e85-si-autostrada-soarelui-reluata-dupa-11-ani-si-doua-rezilieri-santierul-a-ajuns-abia-la-20\/"},"author":{"name":"C\u0103t\u0103lin Dosca\u0219","@id":"https:\/\/buletin.de\/bucuresti\/#\/schema\/person\/31117187ed4d0bdb0a4c7d6acc79d0f8"},"headline":"Modernizarea Centurii Capitalei, \u00eentre E85 \u0219i Autostrada Soarelui, reluat\u0103. Dup\u0103 11 ani \u015fi dou\u0103 rezilieri, \u0219antierul a ajuns abia la 20%","datePublished":"2023-11-17T03:40:23+00:00","dateModified":"2023-11-17T09:24:22+00:00","mainEntityOfPage":{"@id":"https:\/\/buletin.de\/bucuresti\/modernizarea-centurii-capitalei-intre-e85-si-autostrada-soarelui-reluata-dupa-11-ani-si-doua-rezilieri-santierul-a-ajuns-abia-la-20\/"},"wordCount":522,"publisher":{"@id":"https:\/\/buletin.de\/bucuresti\/#organization"},"image":{"@id":"https:\/\/buletin.de\/bucuresti\/modernizarea-centurii-capitalei-intre-e85-si-autostrada-soarelui-reluata-dupa-11-ani-si-doua-rezilieri-santierul-a-ajuns-abia-la-20\/#primaryimage"},"thumbnailUrl":"https:\/\/buletin.de\/bucuresti\/wp-content\/uploads\/centura-capitalei.png","keywords":["a2","centura","dncb","e85","reziliere"],"articleSection":["Articole","Main","Transport"],"inLanguage":"en-GB","copyrightYear":"2023","copyrightHolder":{"@id":"https:\/\/buletin.de\/bucuresti\/#organization"}},{"@type":"WebPage","@id":"https:\/\/buletin.de\/bucuresti\/modernizarea-centurii-capitalei-intre-e85-si-autostrada-soarelui-reluata-dupa-11-ani-si-doua-rezilieri-santierul-a-ajuns-abia-la-20\/","url":"https:\/\/buletin.de\/bucuresti\/modernizarea-centurii-capitalei-intre-e85-si-autostrada-soarelui-reluata-dupa-11-ani-si-doua-rezilieri-santierul-a-ajuns-abia-la-20\/","name":"Modernizarea Centurii Capitalei, \u00eentre E85 \u0219i Autostrada Soarelui, reluat\u0103. Dup\u0103 11 ani \u015fi dou\u0103 rezilieri, \u0219antierul a ajuns abia la 20% - Buletin de Bucure\u0219ti","isPartOf":{"@id":"https:\/\/buletin.de\/bucuresti\/#website"},"primaryImageOfPage":{"@id":"https:\/\/buletin.de\/bucuresti\/modernizarea-centurii-capitalei-intre-e85-si-autostrada-soarelui-reluata-dupa-11-ani-si-doua-rezilieri-santierul-a-ajuns-abia-la-20\/#primaryimage"},"image":{"@id":"https:\/\/buletin.de\/bucuresti\/modernizarea-centurii-capitalei-intre-e85-si-autostrada-soarelui-reluata-dupa-11-ani-si-doua-rezilieri-santierul-a-ajuns-abia-la-20\/#primaryimage"},"thumbnailUrl":"https:\/\/buletin.de\/bucuresti\/wp-content\/uploads\/centura-capitalei.png","datePublished":"2023-11-17T03:40:23+00:00","dateModified":"2023-11-17T09:24:22+00:00","breadcrumb":{"@id":"https:\/\/buletin.de\/bucuresti\/modernizarea-centurii-capitalei-intre-e85-si-autostrada-soarelui-reluata-dupa-11-ani-si-doua-rezilieri-santierul-a-ajuns-abia-la-20\/#breadcrumb"},"inLanguage":"en-GB","potentialAction":[{"@type":"ReadAction","target":["https:\/\/buletin.de\/bucuresti\/modernizarea-centurii-capitalei-intre-e85-si-autostrada-soarelui-reluata-dupa-11-ani-si-doua-rezilieri-santierul-a-ajuns-abia-la-20\/"]}]},{"@type":"ImageObject","inLanguage":"en-GB","@id":"https:\/\/buletin.de\/bucuresti\/modernizarea-centurii-capitalei-intre-e85-si-autostrada-soarelui-reluata-dupa-11-ani-si-doua-rezilieri-santierul-a-ajuns-abia-la-20\/#primaryimage","url":"https:\/\/buletin.de\/bucuresti\/wp-content\/uploads\/centura-capitalei.png","contentUrl":"https:\/\/buletin.de\/bucuresti\/wp-content\/uploads\/centura-capitalei.png","width":1912,"height":927},{"@type":"BreadcrumbList","@id":"https:\/\/buletin.de\/bucuresti\/modernizarea-centurii-capitalei-intre-e85-si-autostrada-soarelui-reluata-dupa-11-ani-si-doua-rezilieri-santierul-a-ajuns-abia-la-20\/#breadcrumb","itemListElement":[{"@type":"ListItem","position":1,"name":"Acas\u0103","item":"https:\/\/buletin.de\/bucuresti\/"},{"@type":"ListItem","position":2,"name":"Modernizarea Centurii Capitalei, \u00eentre E85 \u0219i Autostrada Soarelui, reluat\u0103. Dup\u0103 11 ani \u015fi dou\u0103 rezilieri, \u0219antierul a ajuns abia la 20%"}]},{"@type":"WebSite","@id":"https:\/\/buletin.de\/bucuresti\/#website","url":"https:\/\/buletin.de\/bucuresti\/","name":"Buletin de Bucure\u0219ti","description":"\u0218tiri \u0219i investiga\u021bii esen\u021biale din capital\u0103","publisher":{"@id":"https:\/\/buletin.de\/bucuresti\/#organization"},"potentialAction":[{"@type":"SearchAction","target":{"@type":"EntryPoint","urlTemplate":"https:\/\/buletin.de\/bucuresti\/?s={search_term_string}"},"query-input":{"@type":"PropertyValueSpecification","valueRequired":true,"valueName":"search_term_string"}}],"inLanguage":"en-GB"},{"@type":"Organization","@id":"https:\/\/buletin.de\/bucuresti\/#organization","name":"Buletin de Bucure\u0219ti","url":"https:\/\/buletin.de\/bucuresti\/","logo":{"@type":"ImageObject","inLanguage":"en-GB","@id":"https:\/\/buletin.de\/bucuresti\/#\/schema\/logo\/image\/","url":"https:\/\/buletin.de\/bucuresti\/wp-content\/uploads\/logo-bdb-full-wide-vernil-transparent.png","contentUrl":"https:\/\/buletin.de\/bucuresti\/wp-content\/uploads\/logo-bdb-full-wide-vernil-transparent.png","width":1782,"height":626,"caption":"Buletin de Bucure\u0219ti"},"image":{"@id":"https:\/\/buletin.de\/bucuresti\/#\/schema\/logo\/image\/"},"sameAs":["https:\/\/www.facebook.com\/buletin.de.buc","https:\/\/www.instagram.com\/buletinde.bucuresti\/"]},{"@type":"Person","@id":"https:\/\/buletin.de\/bucuresti\/#\/schema\/person\/31117187ed4d0bdb0a4c7d6acc79d0f8","name":"C\u0103t\u0103lin Dosca\u0219","image":{"@type":"ImageObject","inLanguage":"en-GB","@id":"https:\/\/buletin.de\/bucuresti\/wp-content\/uploads\/Catalin-Doscas-e1732731064764-96x96.jpga93e2943bb3b1c1f9ead823df6e6317a","url":"https:\/\/buletin.de\/bucuresti\/wp-content\/uploads\/Catalin-Doscas-e1732731064764-96x96.jpg","contentUrl":"https:\/\/buletin.de\/bucuresti\/wp-content\/uploads\/Catalin-Doscas-e1732731064764-96x96.jpg","caption":"C\u0103t\u0103lin Dosca\u0219"},"description":"Reporter \u0219i redactor-\u0219ef Buletin de Bucure\u0219ti. Lucreaz\u0103 \u00een mass-media de la v\u00e2rsta de 15 ani, c\u00e2nd a publicat primele articole \u00een presa local\u0103 din Tecuci. \u00cen Bucure\u0219ti a lucrat \u00een redac\u021bii radio ca reporter, redactor \u0219i prezentator (StudentFM, Na\u021bionalFM, Radio Total, Smart FM), unde a acoperit domeniile politic, economic, social \u0219i externe. Ulterior, a fost editor-coordonator al postului Realitatea FM. Experien\u021ba \u00een jurnalismul online a dob\u00e2ndit-o la portalul B365.ro, unde a fost editor. \u00cen 2012 s-a angajat \u00een televiziune. La Realitatea TV a fost, pe r\u00e2nd, reporter la sec\u021bia Social, reporter special la emisiunea de reportaje \u0219i anchete \u201eReporterii Realit\u0103\u021bii\u201d, dar \u0219i editor al jurnalelor de \u0219tiri. Ulterior, a f\u0103cut parte din sec\u021bia de Investiga\u021bii de la Digi24 \u0219i a lucrat la campania \u201eRom\u00e2nia furat\u0103\u201d. A revenit \u00een presa scris\u0103 \u00een 2017, ca reporter special, \u00een cadrul unui proiect de repozi\u021bionare a tabloidului Libertatea \u00een cotidian generalist. Este jurnalist Buletin de Bucure\u0219ti din 2019.","url":"https:\/\/buletin.de\/bucuresti\/author\/catalin\/"}]}},"authors":[{"term_id":22575,"user_id":10,"is_guest":0,"slug":"catalin","display_name":"C\u0103t\u0103lin Dosca\u0219","avatar_url":"https:\/\/buletin.de\/bucuresti\/wp-content\/uploads\/Catalin-Doscas-e1732731064764-96x96.jpg","0":null,"1":"","2":"","3":"","4":"","5":"","6":"","7":"","8":""}],"_links":{"self":[{"href":"https:\/\/buletin.de\/bucuresti\/wp-json\/wp\/v2\/posts\/69123","targetHints":{"allow":["GET"]}}],"collection":[{"href":"https:\/\/buletin.de\/bucuresti\/wp-json\/wp\/v2\/posts"}],"about":[{"href":"https:\/\/buletin.de\/bucuresti\/wp-json\/wp\/v2\/types\/post"}],"author":[{"embeddable":true,"href":"https:\/\/buletin.de\/bucuresti\/wp-json\/wp\/v2\/users\/10"}],"replies":[{"embeddable":true,"href":"https:\/\/buletin.de\/bucuresti\/wp-json\/wp\/v2\/comments?post=69123"}],"version-history":[{"count":6,"href":"https:\/\/buletin.de\/bucuresti\/wp-json\/wp\/v2\/posts\/69123\/revisions"}],"predecessor-version":[{"id":69168,"href":"https:\/\/buletin.de\/bucuresti\/wp-json\/wp\/v2\/posts\/69123\/revisions\/69168"}],"wp:featuredmedia":[{"embeddable":true,"href":"https:\/\/buletin.de\/bucuresti\/wp-json\/wp\/v2\/media\/69162"}],"wp:attachment":[{"href":"https:\/\/buletin.de\/bucuresti\/wp-json\/wp\/v2\/media?parent=69123"}],"wp:term":[{"taxonomy":"category","embeddable":true,"href":"https:\/\/buletin.de\/bucuresti\/wp-json\/wp\/v2\/categories?post=69123"},{"taxonomy":"post_tag","embeddable":true,"href":"https:\/\/buletin.de\/bucuresti\/wp-json\/wp\/v2\/tags?post=69123"},{"taxonomy":"author","embeddable":true,"href":"https:\/\/buletin.de\/bucuresti\/wp-json\/wp\/v2\/ppma_author?post=69123"}],"curies":[{"name":"wp","href":"https:\/\/api.w.org\/{rel}","templated":true}]}}