{"id":69101,"date":"2023-11-17T05:33:53","date_gmt":"2023-11-17T03:33:53","guid":{"rendered":"https:\/\/buletin.de\/bucuresti\/?p=69101"},"modified":"2023-11-17T05:36:51","modified_gmt":"2023-11-17T03:36:51","slug":"editorial-sanatatea-bucuresteana-birocratie-de-comedie-a-la-caragiale-realitate-de-tragedie","status":"publish","type":"post","link":"https:\/\/buletin.de\/bucuresti\/editorial-sanatatea-bucuresteana-birocratie-de-comedie-a-la-caragiale-realitate-de-tragedie\/","title":{"rendered":"EDITORIAL | S\u0103n\u0103tatea bucure\u0219tean\u0103: birocra\u0163ie de comedie \u00e0\u00a0la Caragiale, realitate de tragedie"},"content":{"rendered":"\n<p><strong>\u00centocmai ca scrisoarea pierdut\u0103 a lui Tip\u0103tescu, un memorandum este cel care face valuri \u00eentre institu\u021bii \u00een aceste zile \u00een care este pus la \u00eendoial\u0103 accesul rom\u00e2nilor la servicii de s\u0103n\u0103tate. Dar memorandumul este doar v\u00e2rful aisbergului format din teancuri de h\u00e2r\u0163oage de prin birouri. \u00cen aceast\u0103 poveste mai sunt un OUG \u015fi un memoriu. Astfel \u00eenc\u00e2t, p\u00e2n\u0103 s\u0103 ajung\u0103 cu stetoscopul la pacient, medicii trebuie s\u0103 \u00eenoate printr-o mla\u015ftin\u0103 de h\u00e2rtii, de nu mai apuc\u0103 s\u0103 vad\u0103 malul. <\/strong><\/p>\n\n\n\n<p>De fapt, h\u00e2rtiile nu ajung \u00een cabinetele lor, e doar o metafor\u0103. De <a href=\"https:\/\/en.wikipedia.org\/wiki\/Red_tape\">\u201e<em>red tape-ul<\/em>\u201d<\/a> at\u00e2t de ur\u00e2t de anglo-saxoni se ocup\u0103 managerii \u015fi \u015fefii politici. H\u00e2rtiile nu ajung, dar consecin\u0163ele da. Din cauza mult-hulitei ordonan\u0163e 90, supranumit\u0103 ordonan\u0163a austerit\u0103\u0163ii, spitalele au de suferit. Managerii nu mai pot face investi\u0163ii, nu mai pot repara aparatur\u0103, nu mai pot cump\u0103ra un v\u00e2rf de ac f\u0103r\u0103 s\u0103 ri\u015fte amenzi serioase. \u015ei-aici intervine <strong>memorandumul<\/strong>. Ciolacu a spus c\u0103 o astfel de misiv\u0103 trimis\u0103 la Guvern ar debloca bani din fondul de rezerv\u0103 pentru spitalele \u00een nevoie. De parc\u0103 fondul de rezerv\u0103 e sac f\u0103r\u0103 fund. Fondul de rezerv\u0103 ar trebui s\u0103 fie folosit \u00een situa\u0163ii de urgen\u0163\u0103, nu \u00een aloc\u0103ri disperate pe ultima sut\u0103 de metri, generate de gre\u015feli administrative. <\/p>\n\n\n\n<p>Dar&#8230; aici suntem. \u00cen cazul spitalelor bucure\u015ftene, acest memorandum care ar trebui s\u0103 fie dalta care ciople\u015fte statuia str\u00e2mb\u0103 a OUG 90 a fost trimis de ASSMB nu la Guvern, cum v-a\u0163i fi a\u015fteptat, ci &#8211; vivat birocra\u0163ia! &#8211; la Prim\u0103ria Capitalei. Asta pentru c\u0103 PMB este institu\u021bia ordonatoare de credite \u015fi abia ea poate s\u0103 trimit\u0103 mai departe c\u0103tre Palatul Victoria. \u00cen r\u0103stimp, medicii trag de sfoara clopotelor de cart, dar nu \u00eei aude nimeni. Poate, cel mult, pacien\u0163ii care \u00ee\u015fi a\u015fteapt\u0103 re\u0163etele la cozi, pe coridoarele \u00eenguste ale spitalelor&#8230;<\/p>\n\n\n\n<h2 class=\"wp-block-heading\">Ce a fost \u00eenainte de memorandum<\/h2>\n\n\n\n<p>Un memoriu, ce s\u0103 fie! Da, \u00eenainte de memorandum, managerii de spitale din Bucure\u015fti \u00een frunte cu \u015fefa lor institu\u0163ional\u0103, au trimis un memoriu c\u0103tre Guvern. Un memoriu prin care cereau modificarea ordonan\u0163ei. <\/p>\n\n\n\n<p>Unde e vina c\u0103 lucrurile se \u00eenv\u00e2rt \u00een spirala asta curat-murdar\u0103 a birocra\u0163iei? Nimeni nu \u015ftie, dar poate afl\u0103m dac\u0103 trimitem, \u00een plus, un e-mail, o adres\u0103, o scrisoric\u0103, dac\u0103 facem o peti\u0163ie ori mergem cu jalba-n pro\u0163ap. Noi, cei care nu suntem acum \u00een spital. Pentru c\u0103 ceilal\u0163i se c\u0103znesc s\u0103-\u015fi vad\u0103 de tratamente \u015fi pastile, \u00een v\u00e2ltoarea asta administrativ\u0103 st\u00e2rnit\u0103 de o ordonan\u0163\u0103 f\u0103cut\u0103 pe genunchi. <\/p>\n\n\n\n<p>\u015ei-ar mai fi cei care ar putea s\u0103 \u00eentrerup\u0103 acest dans al steagurilor lui Pristanda. Dar cine are destul de mult\u0103 putere executiv\u0103? Managerii se pl\u00e2ng la ASSMB, ASSMB-ul la Prim\u0103rie, Prim\u0103ria la Guvern, iar guvernan\u0163ii a\u015fa-zis responsabili cotesc totul despre Casa Na\u0163ional\u0103 de Asigur\u0103ri de S\u0103n\u0103tate&#8230; Pacien\u0163ii r\u0103m\u00e2n cu buza umflat\u0103 iar noi, to\u0163i, ceilal\u0163i cu \u00eentrebarea&#8230; Eu cu cine m\u0103 tratez? Pardon&#8230; votez?!<\/p>\n\n\n\n<figure class=\"wp-block-embed is-type-wp-embed is-provider-buletin-de-bucure\u0219ti wp-block-embed-buletin-de-bucure\u0219ti\"><div class=\"wp-block-embed__wrapper\">\n<blockquote class=\"wp-embedded-content\" data-secret=\"2C6oo32flR\"><a href=\"https:\/\/buletin.de\/bucuresti\/spitalele-capitalei-taieri-fara-anestezie-prin-ordonanta-austeritatii-alexandru-rafila-pentru-bdb-finantarea-spitalelor-nu-e-facuta-de-minist\/\">Spitalele Capitalei, t\u0103ieri \u201ef\u0103r\u0103 anestezie\u201d prin \u201eordonan\u0163a austerit\u0103\u0163ii\u201d. Alexandru Rafila, pentru BDB: \u201eFinan\u0163area spitalelor nu e f\u0103cut\u0103\u00a0de\u00a0minister!\u201d<\/a><\/blockquote><iframe class=\"wp-embedded-content\" sandbox=\"allow-scripts\" security=\"restricted\" style=\"position: absolute; clip: rect(1px, 1px, 1px, 1px);\" title=\"&#8220;Spitalele Capitalei, t\u0103ieri \u201ef\u0103r\u0103 anestezie\u201d prin \u201eordonan\u0163a austerit\u0103\u0163ii\u201d. Alexandru Rafila, pentru BDB: \u201eFinan\u0163area spitalelor nu e f\u0103cut\u0103\u00a0de\u00a0minister!\u201d&#8221; &#8212; Buletin de Bucure\u0219ti\" src=\"https:\/\/buletin.de\/bucuresti\/spitalele-capitalei-taieri-fara-anestezie-prin-ordonanta-austeritatii-alexandru-rafila-pentru-bdb-finantarea-spitalelor-nu-e-facuta-de-minist\/embed\/#?secret=IMvqliqcpJ#?secret=2C6oo32flR\" data-secret=\"2C6oo32flR\" width=\"600\" height=\"338\" frameborder=\"0\" marginwidth=\"0\" marginheight=\"0\" scrolling=\"no\"><\/iframe>\n<\/div><\/figure>\n","protected":false},"excerpt":{"rendered":"<p>\u00centocmai ca scrisoarea pierdut\u0103 a lui Tip\u0103tescu, un memorandum este cel care face valuri \u00eentre institu\u021bii \u00een aceste zile \u00een care este pus la \u00eendoial\u0103 accesul rom\u00e2nilor la servicii de s\u0103n\u0103tate. Dar memorandumul este doar v\u00e2rful aisbergului format din teancuri de h\u00e2r\u0163oage de prin birouri. \u00cen aceast\u0103 poveste mai sunt un OUG \u015fi un memoriu. [&hellip;]<\/p>\n","protected":false},"author":8,"featured_media":69155,"comment_status":"closed","ping_status":"open","sticky":false,"template":"","format":"standard","meta":{"_acf_changed":false,"inline_featured_image":false,"ngg_post_thumbnail":0,"footnotes":""},"categories":[6994,41,5762],"tags":[474,7823,5,1866],"ppma_author":[22586],"class_list":["post-69101","post","type-post","status-publish","format-standard","has-post-thumbnail","hentry","category-stiri-2","category-editorial","category-main","tag-assmb","tag-caragiale","tag-sanatate","tag-spitale-bucuresti"],"acf":[],"yoast_head":"<!-- This site is optimized with the Yoast SEO Premium plugin v25.3 (Yoast SEO v27.5) - https:\/\/yoast.com\/product\/yoast-seo-premium-wordpress\/ -->\n<title>EDITORIAL | S\u0103n\u0103tatea bucure\u0219tean\u0103: birocra\u0163ie de comedie \u00e0\u00a0la Caragiale, realitate de tragedie - Buletin de Bucure\u0219ti<\/title>\n<meta name=\"robots\" content=\"index, follow, max-snippet:-1, max-image-preview:large, max-video-preview:-1\" \/>\n<link rel=\"canonical\" href=\"https:\/\/buletin.de\/bucuresti\/editorial-sanatatea-bucuresteana-birocratie-de-comedie-a-la-caragiale-realitate-de-tragedie\/\" \/>\n<meta property=\"og:locale\" content=\"en_GB\" \/>\n<meta property=\"og:type\" content=\"article\" \/>\n<meta property=\"og:title\" content=\"EDITORIAL | S\u0103n\u0103tatea bucure\u0219tean\u0103: birocra\u0163ie de comedie \u00e0\u00a0la Caragiale, realitate de tragedie\" \/>\n<meta property=\"og:description\" content=\"\u00centocmai ca scrisoarea pierdut\u0103 a lui Tip\u0103tescu, un memorandum este cel care face valuri \u00eentre institu\u021bii \u00een aceste zile \u00een care este pus la \u00eendoial\u0103 accesul rom\u00e2nilor la servicii de s\u0103n\u0103tate. Dar memorandumul este doar v\u00e2rful aisbergului format din teancuri de h\u00e2r\u0163oage de prin birouri. \u00cen aceast\u0103 poveste mai sunt un OUG \u015fi un memoriu. [&hellip;]\" \/>\n<meta property=\"og:url\" content=\"https:\/\/buletin.de\/bucuresti\/editorial-sanatatea-bucuresteana-birocratie-de-comedie-a-la-caragiale-realitate-de-tragedie\/\" \/>\n<meta property=\"og:site_name\" content=\"Buletin de Bucure\u0219ti\" \/>\n<meta property=\"article:publisher\" content=\"https:\/\/www.facebook.com\/buletin.de.buc\" \/>\n<meta property=\"article:published_time\" content=\"2023-11-17T03:33:53+00:00\" \/>\n<meta property=\"article:modified_time\" content=\"2023-11-17T03:36:51+00:00\" \/>\n<meta property=\"og:image\" content=\"https:\/\/buletin.de\/bucuresti\/wp-content\/uploads\/DALL\u00b7E-2023-11-16-16.23.42-Artistic-representation-of-an-X-ray-image-of-a-human-arm-showing-a-thumbs-down-gesture-with-a-prominent-and-detailed-depiction-of-the-Palace-of-Parli.png\" \/>\n\t<meta property=\"og:image:width\" content=\"1792\" \/>\n\t<meta property=\"og:image:height\" content=\"1024\" \/>\n\t<meta property=\"og:image:type\" content=\"image\/png\" \/>\n<meta name=\"author\" content=\"Ionu\u021b Lepa\" \/>\n<meta name=\"twitter:card\" content=\"summary_large_image\" \/>\n<meta name=\"twitter:label1\" content=\"Written by\" \/>\n\t<meta name=\"twitter:data1\" content=\"Ionu\u021b Lepa\" \/>\n\t<meta name=\"twitter:label2\" content=\"Estimated reading time\" \/>\n\t<meta name=\"twitter:data2\" content=\"3 minutes\" \/>\n<script type=\"application\/ld+json\" class=\"yoast-schema-graph\">{\"@context\":\"https:\\\/\\\/schema.org\",\"@graph\":[{\"@type\":\"Article\",\"@id\":\"https:\\\/\\\/buletin.de\\\/bucuresti\\\/editorial-sanatatea-bucuresteana-birocratie-de-comedie-a-la-caragiale-realitate-de-tragedie\\\/#article\",\"isPartOf\":{\"@id\":\"https:\\\/\\\/buletin.de\\\/bucuresti\\\/editorial-sanatatea-bucuresteana-birocratie-de-comedie-a-la-caragiale-realitate-de-tragedie\\\/\"},\"author\":{\"name\":\"Ionu\u021b Lepa\",\"@id\":\"https:\\\/\\\/buletin.de\\\/bucuresti\\\/#\\\/schema\\\/person\\\/5272b8a057b33890940b57b837fc4ce6\"},\"headline\":\"EDITORIAL | S\u0103n\u0103tatea bucure\u0219tean\u0103: birocra\u0163ie de comedie \u00e0\u00a0la Caragiale, realitate de tragedie\",\"datePublished\":\"2023-11-17T03:33:53+00:00\",\"dateModified\":\"2023-11-17T03:36:51+00:00\",\"mainEntityOfPage\":{\"@id\":\"https:\\\/\\\/buletin.de\\\/bucuresti\\\/editorial-sanatatea-bucuresteana-birocratie-de-comedie-a-la-caragiale-realitate-de-tragedie\\\/\"},\"wordCount\":559,\"publisher\":{\"@id\":\"https:\\\/\\\/buletin.de\\\/bucuresti\\\/#organization\"},\"image\":{\"@id\":\"https:\\\/\\\/buletin.de\\\/bucuresti\\\/editorial-sanatatea-bucuresteana-birocratie-de-comedie-a-la-caragiale-realitate-de-tragedie\\\/#primaryimage\"},\"thumbnailUrl\":\"https:\\\/\\\/buletin.de\\\/bucuresti\\\/wp-content\\\/uploads\\\/DALL\u00b7E-2023-11-16-16.23.42-Artistic-representation-of-an-X-ray-image-of-a-human-arm-showing-a-thumbs-down-gesture-with-a-prominent-and-detailed-depiction-of-the-Palace-of-Parli.png\",\"keywords\":[\"assmb\",\"caragiale\",\"sanatate\",\"spitale bucuresti\"],\"articleSection\":[\"Articole\",\"Editorial\",\"Main\"],\"inLanguage\":\"en-GB\",\"copyrightYear\":\"2023\",\"copyrightHolder\":{\"@id\":\"https:\\\/\\\/buletin.de\\\/bucuresti\\\/#organization\"}},{\"@type\":\"WebPage\",\"@id\":\"https:\\\/\\\/buletin.de\\\/bucuresti\\\/editorial-sanatatea-bucuresteana-birocratie-de-comedie-a-la-caragiale-realitate-de-tragedie\\\/\",\"url\":\"https:\\\/\\\/buletin.de\\\/bucuresti\\\/editorial-sanatatea-bucuresteana-birocratie-de-comedie-a-la-caragiale-realitate-de-tragedie\\\/\",\"name\":\"EDITORIAL | S\u0103n\u0103tatea bucure\u0219tean\u0103: birocra\u0163ie de comedie \u00e0\u00a0la Caragiale, realitate de tragedie - Buletin de Bucure\u0219ti\",\"isPartOf\":{\"@id\":\"https:\\\/\\\/buletin.de\\\/bucuresti\\\/#website\"},\"primaryImageOfPage\":{\"@id\":\"https:\\\/\\\/buletin.de\\\/bucuresti\\\/editorial-sanatatea-bucuresteana-birocratie-de-comedie-a-la-caragiale-realitate-de-tragedie\\\/#primaryimage\"},\"image\":{\"@id\":\"https:\\\/\\\/buletin.de\\\/bucuresti\\\/editorial-sanatatea-bucuresteana-birocratie-de-comedie-a-la-caragiale-realitate-de-tragedie\\\/#primaryimage\"},\"thumbnailUrl\":\"https:\\\/\\\/buletin.de\\\/bucuresti\\\/wp-content\\\/uploads\\\/DALL\u00b7E-2023-11-16-16.23.42-Artistic-representation-of-an-X-ray-image-of-a-human-arm-showing-a-thumbs-down-gesture-with-a-prominent-and-detailed-depiction-of-the-Palace-of-Parli.png\",\"datePublished\":\"2023-11-17T03:33:53+00:00\",\"dateModified\":\"2023-11-17T03:36:51+00:00\",\"breadcrumb\":{\"@id\":\"https:\\\/\\\/buletin.de\\\/bucuresti\\\/editorial-sanatatea-bucuresteana-birocratie-de-comedie-a-la-caragiale-realitate-de-tragedie\\\/#breadcrumb\"},\"inLanguage\":\"en-GB\",\"potentialAction\":[{\"@type\":\"ReadAction\",\"target\":[\"https:\\\/\\\/buletin.de\\\/bucuresti\\\/editorial-sanatatea-bucuresteana-birocratie-de-comedie-a-la-caragiale-realitate-de-tragedie\\\/\"]}]},{\"@type\":\"ImageObject\",\"inLanguage\":\"en-GB\",\"@id\":\"https:\\\/\\\/buletin.de\\\/bucuresti\\\/editorial-sanatatea-bucuresteana-birocratie-de-comedie-a-la-caragiale-realitate-de-tragedie\\\/#primaryimage\",\"url\":\"https:\\\/\\\/buletin.de\\\/bucuresti\\\/wp-content\\\/uploads\\\/DALL\u00b7E-2023-11-16-16.23.42-Artistic-representation-of-an-X-ray-image-of-a-human-arm-showing-a-thumbs-down-gesture-with-a-prominent-and-detailed-depiction-of-the-Palace-of-Parli.png\",\"contentUrl\":\"https:\\\/\\\/buletin.de\\\/bucuresti\\\/wp-content\\\/uploads\\\/DALL\u00b7E-2023-11-16-16.23.42-Artistic-representation-of-an-X-ray-image-of-a-human-arm-showing-a-thumbs-down-gesture-with-a-prominent-and-detailed-depiction-of-the-Palace-of-Parli.png\",\"width\":1792,\"height\":1024,\"caption\":\"FOTO: DALL-E\"},{\"@type\":\"BreadcrumbList\",\"@id\":\"https:\\\/\\\/buletin.de\\\/bucuresti\\\/editorial-sanatatea-bucuresteana-birocratie-de-comedie-a-la-caragiale-realitate-de-tragedie\\\/#breadcrumb\",\"itemListElement\":[{\"@type\":\"ListItem\",\"position\":1,\"name\":\"Acas\u0103\",\"item\":\"https:\\\/\\\/buletin.de\\\/bucuresti\\\/\"},{\"@type\":\"ListItem\",\"position\":2,\"name\":\"EDITORIAL | S\u0103n\u0103tatea bucure\u0219tean\u0103: birocra\u0163ie de comedie \u00e0\u00a0la Caragiale, realitate de tragedie\"}]},{\"@type\":\"WebSite\",\"@id\":\"https:\\\/\\\/buletin.de\\\/bucuresti\\\/#website\",\"url\":\"https:\\\/\\\/buletin.de\\\/bucuresti\\\/\",\"name\":\"Buletin de Bucure\u0219ti\",\"description\":\"\u0218tiri \u0219i investiga\u021bii esen\u021biale din capital\u0103\",\"publisher\":{\"@id\":\"https:\\\/\\\/buletin.de\\\/bucuresti\\\/#organization\"},\"potentialAction\":[{\"@type\":\"SearchAction\",\"target\":{\"@type\":\"EntryPoint\",\"urlTemplate\":\"https:\\\/\\\/buletin.de\\\/bucuresti\\\/?s={search_term_string}\"},\"query-input\":{\"@type\":\"PropertyValueSpecification\",\"valueRequired\":true,\"valueName\":\"search_term_string\"}}],\"inLanguage\":\"en-GB\"},{\"@type\":\"Organization\",\"@id\":\"https:\\\/\\\/buletin.de\\\/bucuresti\\\/#organization\",\"name\":\"Buletin de Bucure\u0219ti\",\"url\":\"https:\\\/\\\/buletin.de\\\/bucuresti\\\/\",\"logo\":{\"@type\":\"ImageObject\",\"inLanguage\":\"en-GB\",\"@id\":\"https:\\\/\\\/buletin.de\\\/bucuresti\\\/#\\\/schema\\\/logo\\\/image\\\/\",\"url\":\"https:\\\/\\\/buletin.de\\\/bucuresti\\\/wp-content\\\/uploads\\\/logo-bdb-full-wide-vernil-transparent.png\",\"contentUrl\":\"https:\\\/\\\/buletin.de\\\/bucuresti\\\/wp-content\\\/uploads\\\/logo-bdb-full-wide-vernil-transparent.png\",\"width\":1782,\"height\":626,\"caption\":\"Buletin de Bucure\u0219ti\"},\"image\":{\"@id\":\"https:\\\/\\\/buletin.de\\\/bucuresti\\\/#\\\/schema\\\/logo\\\/image\\\/\"},\"sameAs\":[\"https:\\\/\\\/www.facebook.com\\\/buletin.de.buc\",\"https:\\\/\\\/www.instagram.com\\\/buletinde.bucuresti\\\/\"]},{\"@type\":\"Person\",\"@id\":\"https:\\\/\\\/buletin.de\\\/bucuresti\\\/#\\\/schema\\\/person\\\/5272b8a057b33890940b57b837fc4ce6\",\"name\":\"Ionu\u021b Lepa\",\"image\":{\"@type\":\"ImageObject\",\"inLanguage\":\"en-GB\",\"@id\":\"https:\\\/\\\/buletin.de\\\/bucuresti\\\/wp-content\\\/uploads\\\/Ionut-Lepa-96x96.jpg5c4e4d9e049808799a8821652d2410a4\",\"url\":\"https:\\\/\\\/buletin.de\\\/bucuresti\\\/wp-content\\\/uploads\\\/Ionut-Lepa-96x96.jpg\",\"contentUrl\":\"https:\\\/\\\/buletin.de\\\/bucuresti\\\/wp-content\\\/uploads\\\/Ionut-Lepa-96x96.jpg\",\"caption\":\"Ionu\u021b Lepa\"},\"url\":\"https:\\\/\\\/buletin.de\\\/bucuresti\\\/author\\\/ionutlepa\\\/\"}]}<\/script>\n<!-- \/ Yoast SEO Premium plugin. -->","yoast_head_json":{"title":"EDITORIAL | S\u0103n\u0103tatea bucure\u0219tean\u0103: birocra\u0163ie de comedie \u00e0\u00a0la Caragiale, realitate de tragedie - Buletin de Bucure\u0219ti","robots":{"index":"index","follow":"follow","max-snippet":"max-snippet:-1","max-image-preview":"max-image-preview:large","max-video-preview":"max-video-preview:-1"},"canonical":"https:\/\/buletin.de\/bucuresti\/editorial-sanatatea-bucuresteana-birocratie-de-comedie-a-la-caragiale-realitate-de-tragedie\/","og_locale":"en_GB","og_type":"article","og_title":"EDITORIAL | S\u0103n\u0103tatea bucure\u0219tean\u0103: birocra\u0163ie de comedie \u00e0\u00a0la Caragiale, realitate de tragedie","og_description":"\u00centocmai ca scrisoarea pierdut\u0103 a lui Tip\u0103tescu, un memorandum este cel care face valuri \u00eentre institu\u021bii \u00een aceste zile \u00een care este pus la \u00eendoial\u0103 accesul rom\u00e2nilor la servicii de s\u0103n\u0103tate. Dar memorandumul este doar v\u00e2rful aisbergului format din teancuri de h\u00e2r\u0163oage de prin birouri. \u00cen aceast\u0103 poveste mai sunt un OUG \u015fi un memoriu. [&hellip;]","og_url":"https:\/\/buletin.de\/bucuresti\/editorial-sanatatea-bucuresteana-birocratie-de-comedie-a-la-caragiale-realitate-de-tragedie\/","og_site_name":"Buletin de Bucure\u0219ti","article_publisher":"https:\/\/www.facebook.com\/buletin.de.buc","article_published_time":"2023-11-17T03:33:53+00:00","article_modified_time":"2023-11-17T03:36:51+00:00","og_image":[{"width":1792,"height":1024,"url":"https:\/\/buletin.de\/bucuresti\/wp-content\/uploads\/DALL\u00b7E-2023-11-16-16.23.42-Artistic-representation-of-an-X-ray-image-of-a-human-arm-showing-a-thumbs-down-gesture-with-a-prominent-and-detailed-depiction-of-the-Palace-of-Parli.png","type":"image\/png"}],"author":"Ionu\u021b Lepa","twitter_card":"summary_large_image","twitter_misc":{"Written by":"Ionu\u021b Lepa","Estimated reading time":"3 minutes"},"schema":{"@context":"https:\/\/schema.org","@graph":[{"@type":"Article","@id":"https:\/\/buletin.de\/bucuresti\/editorial-sanatatea-bucuresteana-birocratie-de-comedie-a-la-caragiale-realitate-de-tragedie\/#article","isPartOf":{"@id":"https:\/\/buletin.de\/bucuresti\/editorial-sanatatea-bucuresteana-birocratie-de-comedie-a-la-caragiale-realitate-de-tragedie\/"},"author":{"name":"Ionu\u021b Lepa","@id":"https:\/\/buletin.de\/bucuresti\/#\/schema\/person\/5272b8a057b33890940b57b837fc4ce6"},"headline":"EDITORIAL | S\u0103n\u0103tatea bucure\u0219tean\u0103: birocra\u0163ie de comedie \u00e0\u00a0la Caragiale, realitate de tragedie","datePublished":"2023-11-17T03:33:53+00:00","dateModified":"2023-11-17T03:36:51+00:00","mainEntityOfPage":{"@id":"https:\/\/buletin.de\/bucuresti\/editorial-sanatatea-bucuresteana-birocratie-de-comedie-a-la-caragiale-realitate-de-tragedie\/"},"wordCount":559,"publisher":{"@id":"https:\/\/buletin.de\/bucuresti\/#organization"},"image":{"@id":"https:\/\/buletin.de\/bucuresti\/editorial-sanatatea-bucuresteana-birocratie-de-comedie-a-la-caragiale-realitate-de-tragedie\/#primaryimage"},"thumbnailUrl":"https:\/\/buletin.de\/bucuresti\/wp-content\/uploads\/DALL\u00b7E-2023-11-16-16.23.42-Artistic-representation-of-an-X-ray-image-of-a-human-arm-showing-a-thumbs-down-gesture-with-a-prominent-and-detailed-depiction-of-the-Palace-of-Parli.png","keywords":["assmb","caragiale","sanatate","spitale bucuresti"],"articleSection":["Articole","Editorial","Main"],"inLanguage":"en-GB","copyrightYear":"2023","copyrightHolder":{"@id":"https:\/\/buletin.de\/bucuresti\/#organization"}},{"@type":"WebPage","@id":"https:\/\/buletin.de\/bucuresti\/editorial-sanatatea-bucuresteana-birocratie-de-comedie-a-la-caragiale-realitate-de-tragedie\/","url":"https:\/\/buletin.de\/bucuresti\/editorial-sanatatea-bucuresteana-birocratie-de-comedie-a-la-caragiale-realitate-de-tragedie\/","name":"EDITORIAL | S\u0103n\u0103tatea bucure\u0219tean\u0103: birocra\u0163ie de comedie \u00e0\u00a0la Caragiale, realitate de tragedie - Buletin de Bucure\u0219ti","isPartOf":{"@id":"https:\/\/buletin.de\/bucuresti\/#website"},"primaryImageOfPage":{"@id":"https:\/\/buletin.de\/bucuresti\/editorial-sanatatea-bucuresteana-birocratie-de-comedie-a-la-caragiale-realitate-de-tragedie\/#primaryimage"},"image":{"@id":"https:\/\/buletin.de\/bucuresti\/editorial-sanatatea-bucuresteana-birocratie-de-comedie-a-la-caragiale-realitate-de-tragedie\/#primaryimage"},"thumbnailUrl":"https:\/\/buletin.de\/bucuresti\/wp-content\/uploads\/DALL\u00b7E-2023-11-16-16.23.42-Artistic-representation-of-an-X-ray-image-of-a-human-arm-showing-a-thumbs-down-gesture-with-a-prominent-and-detailed-depiction-of-the-Palace-of-Parli.png","datePublished":"2023-11-17T03:33:53+00:00","dateModified":"2023-11-17T03:36:51+00:00","breadcrumb":{"@id":"https:\/\/buletin.de\/bucuresti\/editorial-sanatatea-bucuresteana-birocratie-de-comedie-a-la-caragiale-realitate-de-tragedie\/#breadcrumb"},"inLanguage":"en-GB","potentialAction":[{"@type":"ReadAction","target":["https:\/\/buletin.de\/bucuresti\/editorial-sanatatea-bucuresteana-birocratie-de-comedie-a-la-caragiale-realitate-de-tragedie\/"]}]},{"@type":"ImageObject","inLanguage":"en-GB","@id":"https:\/\/buletin.de\/bucuresti\/editorial-sanatatea-bucuresteana-birocratie-de-comedie-a-la-caragiale-realitate-de-tragedie\/#primaryimage","url":"https:\/\/buletin.de\/bucuresti\/wp-content\/uploads\/DALL\u00b7E-2023-11-16-16.23.42-Artistic-representation-of-an-X-ray-image-of-a-human-arm-showing-a-thumbs-down-gesture-with-a-prominent-and-detailed-depiction-of-the-Palace-of-Parli.png","contentUrl":"https:\/\/buletin.de\/bucuresti\/wp-content\/uploads\/DALL\u00b7E-2023-11-16-16.23.42-Artistic-representation-of-an-X-ray-image-of-a-human-arm-showing-a-thumbs-down-gesture-with-a-prominent-and-detailed-depiction-of-the-Palace-of-Parli.png","width":1792,"height":1024,"caption":"FOTO: DALL-E"},{"@type":"BreadcrumbList","@id":"https:\/\/buletin.de\/bucuresti\/editorial-sanatatea-bucuresteana-birocratie-de-comedie-a-la-caragiale-realitate-de-tragedie\/#breadcrumb","itemListElement":[{"@type":"ListItem","position":1,"name":"Acas\u0103","item":"https:\/\/buletin.de\/bucuresti\/"},{"@type":"ListItem","position":2,"name":"EDITORIAL | S\u0103n\u0103tatea bucure\u0219tean\u0103: birocra\u0163ie de comedie \u00e0\u00a0la Caragiale, realitate de tragedie"}]},{"@type":"WebSite","@id":"https:\/\/buletin.de\/bucuresti\/#website","url":"https:\/\/buletin.de\/bucuresti\/","name":"Buletin de Bucure\u0219ti","description":"\u0218tiri \u0219i investiga\u021bii esen\u021biale din capital\u0103","publisher":{"@id":"https:\/\/buletin.de\/bucuresti\/#organization"},"potentialAction":[{"@type":"SearchAction","target":{"@type":"EntryPoint","urlTemplate":"https:\/\/buletin.de\/bucuresti\/?s={search_term_string}"},"query-input":{"@type":"PropertyValueSpecification","valueRequired":true,"valueName":"search_term_string"}}],"inLanguage":"en-GB"},{"@type":"Organization","@id":"https:\/\/buletin.de\/bucuresti\/#organization","name":"Buletin de Bucure\u0219ti","url":"https:\/\/buletin.de\/bucuresti\/","logo":{"@type":"ImageObject","inLanguage":"en-GB","@id":"https:\/\/buletin.de\/bucuresti\/#\/schema\/logo\/image\/","url":"https:\/\/buletin.de\/bucuresti\/wp-content\/uploads\/logo-bdb-full-wide-vernil-transparent.png","contentUrl":"https:\/\/buletin.de\/bucuresti\/wp-content\/uploads\/logo-bdb-full-wide-vernil-transparent.png","width":1782,"height":626,"caption":"Buletin de Bucure\u0219ti"},"image":{"@id":"https:\/\/buletin.de\/bucuresti\/#\/schema\/logo\/image\/"},"sameAs":["https:\/\/www.facebook.com\/buletin.de.buc","https:\/\/www.instagram.com\/buletinde.bucuresti\/"]},{"@type":"Person","@id":"https:\/\/buletin.de\/bucuresti\/#\/schema\/person\/5272b8a057b33890940b57b837fc4ce6","name":"Ionu\u021b Lepa","image":{"@type":"ImageObject","inLanguage":"en-GB","@id":"https:\/\/buletin.de\/bucuresti\/wp-content\/uploads\/Ionut-Lepa-96x96.jpg5c4e4d9e049808799a8821652d2410a4","url":"https:\/\/buletin.de\/bucuresti\/wp-content\/uploads\/Ionut-Lepa-96x96.jpg","contentUrl":"https:\/\/buletin.de\/bucuresti\/wp-content\/uploads\/Ionut-Lepa-96x96.jpg","caption":"Ionu\u021b Lepa"},"url":"https:\/\/buletin.de\/bucuresti\/author\/ionutlepa\/"}]}},"authors":[{"term_id":22586,"user_id":8,"is_guest":0,"slug":"ionutlepa","display_name":"Ionu\u021b Lepa","avatar_url":"https:\/\/buletin.de\/bucuresti\/wp-content\/uploads\/Ionut-Lepa-96x96.jpg","0":null,"1":"","2":"","3":"","4":"","5":"","6":"","7":"","8":""}],"_links":{"self":[{"href":"https:\/\/buletin.de\/bucuresti\/wp-json\/wp\/v2\/posts\/69101","targetHints":{"allow":["GET"]}}],"collection":[{"href":"https:\/\/buletin.de\/bucuresti\/wp-json\/wp\/v2\/posts"}],"about":[{"href":"https:\/\/buletin.de\/bucuresti\/wp-json\/wp\/v2\/types\/post"}],"author":[{"embeddable":true,"href":"https:\/\/buletin.de\/bucuresti\/wp-json\/wp\/v2\/users\/8"}],"replies":[{"embeddable":true,"href":"https:\/\/buletin.de\/bucuresti\/wp-json\/wp\/v2\/comments?post=69101"}],"version-history":[{"count":3,"href":"https:\/\/buletin.de\/bucuresti\/wp-json\/wp\/v2\/posts\/69101\/revisions"}],"predecessor-version":[{"id":69158,"href":"https:\/\/buletin.de\/bucuresti\/wp-json\/wp\/v2\/posts\/69101\/revisions\/69158"}],"wp:featuredmedia":[{"embeddable":true,"href":"https:\/\/buletin.de\/bucuresti\/wp-json\/wp\/v2\/media\/69155"}],"wp:attachment":[{"href":"https:\/\/buletin.de\/bucuresti\/wp-json\/wp\/v2\/media?parent=69101"}],"wp:term":[{"taxonomy":"category","embeddable":true,"href":"https:\/\/buletin.de\/bucuresti\/wp-json\/wp\/v2\/categories?post=69101"},{"taxonomy":"post_tag","embeddable":true,"href":"https:\/\/buletin.de\/bucuresti\/wp-json\/wp\/v2\/tags?post=69101"},{"taxonomy":"author","embeddable":true,"href":"https:\/\/buletin.de\/bucuresti\/wp-json\/wp\/v2\/ppma_author?post=69101"}],"curies":[{"name":"wp","href":"https:\/\/api.w.org\/{rel}","templated":true}]}}