{"id":69014,"date":"2023-11-16T04:46:00","date_gmt":"2023-11-16T02:46:00","guid":{"rendered":"https:\/\/buletin.de\/bucuresti\/?p=69014"},"modified":"2023-11-16T15:36:52","modified_gmt":"2023-11-16T13:36:52","slug":"seful-cnair-anunta-finalizarea-autostrazii-bucuresti-in-2026-pe-30-de-km-din-cei-aproape-100-nici-macar-nu-au-inceput-lucrarile-iar-pe-restul-santierelor-stadiul-fizic-este-de-47","status":"publish","type":"post","link":"https:\/\/buletin.de\/bucuresti\/seful-cnair-anunta-finalizarea-autostrazii-bucuresti-in-2026-pe-30-de-km-din-cei-aproape-100-nici-macar-nu-au-inceput-lucrarile-iar-pe-restul-santierelor-stadiul-fizic-este-de-47\/","title":{"rendered":"Noi promisiuni pentru Autostrada Bucure\u015ftiului: Gata \u00een 2026, de\u0219i pe o treime din cei 100 de kilometri nu a fost pus\u0103 nici prima lopat\u0103"},"content":{"rendered":"\n<p><strong>Autostrada Bucure\u015fti va fi dat\u0103 \u00een folosin\u0163\u0103 \u00een 2026, a spus directorul CNAIR, Cristian Pistol.<\/strong> <strong>Prezent la o vizit\u0103 de lucru pe segmentul A0 Sud, el l-a completat pe ministrul Transporturilor, Sorin Grindeanu, care a anun\u021bat c\u0103, de la 1 iunie 2024, se va circula de la Constan\u021ba la Pite\u0219ti, direct, \u00een regim de autostrad\u0103. \u00cen realitate, sunt slabe \u015fanse ca lucr\u0103rile s\u0103 fie gata la timp.<\/strong><\/p>\n\n\n\n<p>\u201c<em>P\u00e2n\u0103 undeva la jum\u0103tatea anului viitor, adic\u0103 undeva la sf\u00e2r\u0219it de iunie, iulie, cele trei loturi(n.r. \u2013 de pe A0 Sud) s\u0103 fie finalizate toate. Leg\u0103tura dintre A1 si A2, pe A0 varianta sudic\u0103, s\u0103 fie dat\u0103 \u00een circula\u021bie undeva la jum\u0103tatea anului viitor. &nbsp;Am avut discu\u021bii si cu cei de pe lotul trei, de la compania greceasc\u0103, eu sper ca mobilitatea s\u0103 fie mult mai bun\u0103<\/em>\u201d, a spus Grindeanu. &nbsp;&nbsp;<\/p>\n\n\n\n<iframe src=\"https:\/\/www.facebook.com\/plugins\/video.php?height=314&#038;href=https%3A%2F%2Fwww.facebook.com%2Fgrindeanusorin%2Fvideos%2F702203368524817%2F&#038;show_text=false&#038;width=560&#038;t=0\" width=\"560\" height=\"314\" style=\"border:none;overflow:hidden\" scrolling=\"no\" frameborder=\"0\" allowfullscreen=\"true\" allow=\"autoplay; clipboard-write; encrypted-media; picture-in-picture; web-share\" allowFullScreen=\"true\"><\/iframe>\n\n\n\n<p>Cu excep\u021bia lotului 2 A0 Sud(16,3 km), dintre Vidra \u0219i Bragadiru, unde lucr\u0103rile sunt potrivit datelor CNAIR la 94%, celelalte dou\u0103 loturi \u00eenregistreaz\u0103 progrese lente. Lotul 1 A0 Sud Glina-Vidra(16,9 km) este la 78% iar lotul 3 A0 Sud(17,9 km) Bragadiru-Joi\u021ba este la 56%.<\/p>\n\n\n\n<p>\u201c<em>Pe semi-inelul nordic undeva \u00een 2026 ar trebui \u0219i acesta(n.r. \u2013 s\u0103 fie gata). Avem dou\u0103 loturi A0 Nord la care am semnat contractele anul acesta \u0219i care se afl\u0103 acum \u00een faza de proiectare. Lotul 4 este un viaduct, frumos, ca lucrare de art\u0103. G\u00e2ndi\u021bi-v\u0103 ca acolo vorbim de o zon\u0103 protejat\u0103<\/em>\u201d, a spus la r\u00e2ndul s\u0103u directorul CNAIR, Cristian Pistol.<\/p>\n\n\n\n<p>Potrivit datelor CNAIR, stadiul lucr\u0103rilor la Lotul 1 A0 Nord(17,5 km) Joi\u021ba-Corbeanca este de 0%, lotul 2 A0 Nord(19 km) Corbeanca-Afuma\u021bi este la 90%, lotul 3 A0 Nord(8.5 km) Afuma\u021bi-Pantelimon este 0% iar lotul 4 A0 Nord(4,5 km) este de 14%.<\/p>\n\n\n\n<p>Un calcul simplu arat\u0103 c\u0103, pe cei aproximativ 100 de kilometri din Autostrada Bucure\u0219tiului, media stadiului lucr\u0103rilor din teren este de 47% la sut\u0103. Dac\u0103 scoatem din calcul cele dou\u0103 loturi ale A0 Nord unde nici m\u0103car nu au intrat utilajele, procentul creste la 66%.<\/p>\n\n\n\n<h2 class=\"wp-block-heading\">Ru\u0219inea Nordului<\/h2>\n\n\n\n<p>Recent, Buletin de Bucure\u0219ti a ar\u0103tat c\u0103 o po\u021biune dintre Corbeanca \u0219i Afuma\u021bi din Autostrada de Nord a Capitalei va fi inaugurat\u0103 la stadiul de muzeu. Aproape jum\u0103tate din primii 19 kilometri, finaliza\u021bi cu \u0219apte luni mai devreme, nu vor putea fi folosi\u021bi. <a href=\"https:\/\/buletin.de\/bucuresti\/autostrada-de-nord-a-capitalei-inaugurata-la-stadiul-de-muzeu-aproape-jumatate-din-primii-19-kilometri-finalizati-cu-sapte-luni-mai-devreme-nu-vor-putea-fi-folositi\/\">Din cauza contract\u0103rii defectuoase, conexiunea cu DN2\/E85 va trebui s\u0103 mai a\u0219tepte p\u00e2n\u0103 c\u00e2nd lotul c\u0103tre Afuma\u021bi-Pantelimon, atribuit recent unei companii din China, va fi gata.<\/a><\/p>\n","protected":false},"excerpt":{"rendered":"<p>Autostrada Bucure\u015fti va fi dat\u0103 \u00een folosin\u0163\u0103 \u00een 2026, a spus directorul CNAIR, Cristian Pistol. Prezent la o vizit\u0103 de lucru pe segmentul A0 Sud, el l-a completat pe ministrul Transporturilor, Sorin Grindeanu, care a anun\u021bat c\u0103, de la 1 iunie 2024, se va circula de la Constan\u021ba la Pite\u0219ti, direct, \u00een regim de autostrad\u0103. [&hellip;]<\/p>\n","protected":false},"author":10,"featured_media":65948,"comment_status":"closed","ping_status":"open","sticky":false,"template":"","format":"standard","meta":{"_acf_changed":false,"inline_featured_image":false,"ngg_post_thumbnail":0,"footnotes":""},"categories":[6994,5762,650],"tags":[],"ppma_author":[22575],"class_list":["post-69014","post","type-post","status-publish","format-standard","has-post-thumbnail","hentry","category-stiri-2","category-main","category-transport"],"acf":[],"yoast_head":"<!-- This site is optimized with the Yoast SEO Premium plugin v25.3 (Yoast SEO v27.4) - https:\/\/yoast.com\/product\/yoast-seo-premium-wordpress\/ -->\n<title>Noi promisiuni pentru Autostrada Bucure\u015ftiului: Gata \u00een 2026, de\u0219i pe o treime din cei 100 de kilometri nu a fost pus\u0103 nici prima lopat\u0103 - Buletin de Bucure\u0219ti<\/title>\n<meta name=\"robots\" content=\"index, follow, max-snippet:-1, max-image-preview:large, max-video-preview:-1\" \/>\n<link rel=\"canonical\" href=\"https:\/\/buletin.de\/bucuresti\/seful-cnair-anunta-finalizarea-autostrazii-bucuresti-in-2026-pe-30-de-km-din-cei-aproape-100-nici-macar-nu-au-inceput-lucrarile-iar-pe-restul-santierelor-stadiul-fizic-este-de-47\/\" \/>\n<meta property=\"og:locale\" content=\"en_GB\" \/>\n<meta property=\"og:type\" content=\"article\" \/>\n<meta property=\"og:title\" content=\"Noi promisiuni pentru Autostrada Bucure\u015ftiului: Gata \u00een 2026, de\u0219i pe o treime din cei 100 de kilometri nu a fost pus\u0103 nici prima lopat\u0103\" \/>\n<meta property=\"og:description\" content=\"Autostrada Bucure\u015fti va fi dat\u0103 \u00een folosin\u0163\u0103 \u00een 2026, a spus directorul CNAIR, Cristian Pistol. Prezent la o vizit\u0103 de lucru pe segmentul A0 Sud, el l-a completat pe ministrul Transporturilor, Sorin Grindeanu, care a anun\u021bat c\u0103, de la 1 iunie 2024, se va circula de la Constan\u021ba la Pite\u0219ti, direct, \u00een regim de autostrad\u0103. [&hellip;]\" \/>\n<meta property=\"og:url\" content=\"https:\/\/buletin.de\/bucuresti\/seful-cnair-anunta-finalizarea-autostrazii-bucuresti-in-2026-pe-30-de-km-din-cei-aproape-100-nici-macar-nu-au-inceput-lucrarile-iar-pe-restul-santierelor-stadiul-fizic-este-de-47\/\" \/>\n<meta property=\"og:site_name\" content=\"Buletin de Bucure\u0219ti\" \/>\n<meta property=\"article:publisher\" content=\"https:\/\/www.facebook.com\/buletin.de.buc\" \/>\n<meta property=\"article:published_time\" content=\"2023-11-16T02:46:00+00:00\" \/>\n<meta property=\"article:modified_time\" content=\"2023-11-16T13:36:52+00:00\" \/>\n<meta property=\"og:image\" content=\"https:\/\/buletin.de\/bucuresti\/wp-content\/uploads\/cover-a0-1.jpg\" \/>\n\t<meta property=\"og:image:width\" content=\"1563\" \/>\n\t<meta property=\"og:image:height\" content=\"807\" \/>\n\t<meta property=\"og:image:type\" content=\"image\/jpeg\" \/>\n<meta name=\"author\" content=\"C\u0103t\u0103lin Dosca\u0219\" \/>\n<meta name=\"twitter:card\" content=\"summary_large_image\" \/>\n<meta name=\"twitter:label1\" content=\"Written by\" \/>\n\t<meta name=\"twitter:data1\" content=\"C\u0103t\u0103lin Dosca\u0219\" \/>\n\t<meta name=\"twitter:label2\" content=\"Estimated reading time\" \/>\n\t<meta name=\"twitter:data2\" content=\"2 minutes\" \/>\n<script type=\"application\/ld+json\" class=\"yoast-schema-graph\">{\"@context\":\"https:\\\/\\\/schema.org\",\"@graph\":[{\"@type\":\"Article\",\"@id\":\"https:\\\/\\\/buletin.de\\\/bucuresti\\\/seful-cnair-anunta-finalizarea-autostrazii-bucuresti-in-2026-pe-30-de-km-din-cei-aproape-100-nici-macar-nu-au-inceput-lucrarile-iar-pe-restul-santierelor-stadiul-fizic-este-de-47\\\/#article\",\"isPartOf\":{\"@id\":\"https:\\\/\\\/buletin.de\\\/bucuresti\\\/seful-cnair-anunta-finalizarea-autostrazii-bucuresti-in-2026-pe-30-de-km-din-cei-aproape-100-nici-macar-nu-au-inceput-lucrarile-iar-pe-restul-santierelor-stadiul-fizic-este-de-47\\\/\"},\"author\":{\"name\":\"C\u0103t\u0103lin Dosca\u0219\",\"@id\":\"https:\\\/\\\/buletin.de\\\/bucuresti\\\/#\\\/schema\\\/person\\\/31117187ed4d0bdb0a4c7d6acc79d0f8\"},\"headline\":\"Noi promisiuni pentru Autostrada Bucure\u015ftiului: Gata \u00een 2026, de\u0219i pe o treime din cei 100 de kilometri nu a fost pus\u0103 nici prima lopat\u0103\",\"datePublished\":\"2023-11-16T02:46:00+00:00\",\"dateModified\":\"2023-11-16T13:36:52+00:00\",\"mainEntityOfPage\":{\"@id\":\"https:\\\/\\\/buletin.de\\\/bucuresti\\\/seful-cnair-anunta-finalizarea-autostrazii-bucuresti-in-2026-pe-30-de-km-din-cei-aproape-100-nici-macar-nu-au-inceput-lucrarile-iar-pe-restul-santierelor-stadiul-fizic-este-de-47\\\/\"},\"wordCount\":448,\"publisher\":{\"@id\":\"https:\\\/\\\/buletin.de\\\/bucuresti\\\/#organization\"},\"image\":{\"@id\":\"https:\\\/\\\/buletin.de\\\/bucuresti\\\/seful-cnair-anunta-finalizarea-autostrazii-bucuresti-in-2026-pe-30-de-km-din-cei-aproape-100-nici-macar-nu-au-inceput-lucrarile-iar-pe-restul-santierelor-stadiul-fizic-este-de-47\\\/#primaryimage\"},\"thumbnailUrl\":\"https:\\\/\\\/buletin.de\\\/bucuresti\\\/wp-content\\\/uploads\\\/cover-a0-1.jpg\",\"articleSection\":[\"Articole\",\"Main\",\"Transport\"],\"inLanguage\":\"en-GB\",\"copyrightYear\":\"2023\",\"copyrightHolder\":{\"@id\":\"https:\\\/\\\/buletin.de\\\/bucuresti\\\/#organization\"}},{\"@type\":\"WebPage\",\"@id\":\"https:\\\/\\\/buletin.de\\\/bucuresti\\\/seful-cnair-anunta-finalizarea-autostrazii-bucuresti-in-2026-pe-30-de-km-din-cei-aproape-100-nici-macar-nu-au-inceput-lucrarile-iar-pe-restul-santierelor-stadiul-fizic-este-de-47\\\/\",\"url\":\"https:\\\/\\\/buletin.de\\\/bucuresti\\\/seful-cnair-anunta-finalizarea-autostrazii-bucuresti-in-2026-pe-30-de-km-din-cei-aproape-100-nici-macar-nu-au-inceput-lucrarile-iar-pe-restul-santierelor-stadiul-fizic-este-de-47\\\/\",\"name\":\"Noi promisiuni pentru Autostrada Bucure\u015ftiului: Gata \u00een 2026, de\u0219i pe o treime din cei 100 de kilometri nu a fost pus\u0103 nici prima lopat\u0103 - Buletin de Bucure\u0219ti\",\"isPartOf\":{\"@id\":\"https:\\\/\\\/buletin.de\\\/bucuresti\\\/#website\"},\"primaryImageOfPage\":{\"@id\":\"https:\\\/\\\/buletin.de\\\/bucuresti\\\/seful-cnair-anunta-finalizarea-autostrazii-bucuresti-in-2026-pe-30-de-km-din-cei-aproape-100-nici-macar-nu-au-inceput-lucrarile-iar-pe-restul-santierelor-stadiul-fizic-este-de-47\\\/#primaryimage\"},\"image\":{\"@id\":\"https:\\\/\\\/buletin.de\\\/bucuresti\\\/seful-cnair-anunta-finalizarea-autostrazii-bucuresti-in-2026-pe-30-de-km-din-cei-aproape-100-nici-macar-nu-au-inceput-lucrarile-iar-pe-restul-santierelor-stadiul-fizic-este-de-47\\\/#primaryimage\"},\"thumbnailUrl\":\"https:\\\/\\\/buletin.de\\\/bucuresti\\\/wp-content\\\/uploads\\\/cover-a0-1.jpg\",\"datePublished\":\"2023-11-16T02:46:00+00:00\",\"dateModified\":\"2023-11-16T13:36:52+00:00\",\"breadcrumb\":{\"@id\":\"https:\\\/\\\/buletin.de\\\/bucuresti\\\/seful-cnair-anunta-finalizarea-autostrazii-bucuresti-in-2026-pe-30-de-km-din-cei-aproape-100-nici-macar-nu-au-inceput-lucrarile-iar-pe-restul-santierelor-stadiul-fizic-este-de-47\\\/#breadcrumb\"},\"inLanguage\":\"en-GB\",\"potentialAction\":[{\"@type\":\"ReadAction\",\"target\":[\"https:\\\/\\\/buletin.de\\\/bucuresti\\\/seful-cnair-anunta-finalizarea-autostrazii-bucuresti-in-2026-pe-30-de-km-din-cei-aproape-100-nici-macar-nu-au-inceput-lucrarile-iar-pe-restul-santierelor-stadiul-fizic-este-de-47\\\/\"]}]},{\"@type\":\"ImageObject\",\"inLanguage\":\"en-GB\",\"@id\":\"https:\\\/\\\/buletin.de\\\/bucuresti\\\/seful-cnair-anunta-finalizarea-autostrazii-bucuresti-in-2026-pe-30-de-km-din-cei-aproape-100-nici-macar-nu-au-inceput-lucrarile-iar-pe-restul-santierelor-stadiul-fizic-este-de-47\\\/#primaryimage\",\"url\":\"https:\\\/\\\/buletin.de\\\/bucuresti\\\/wp-content\\\/uploads\\\/cover-a0-1.jpg\",\"contentUrl\":\"https:\\\/\\\/buletin.de\\\/bucuresti\\\/wp-content\\\/uploads\\\/cover-a0-1.jpg\",\"width\":1563,\"height\":807},{\"@type\":\"BreadcrumbList\",\"@id\":\"https:\\\/\\\/buletin.de\\\/bucuresti\\\/seful-cnair-anunta-finalizarea-autostrazii-bucuresti-in-2026-pe-30-de-km-din-cei-aproape-100-nici-macar-nu-au-inceput-lucrarile-iar-pe-restul-santierelor-stadiul-fizic-este-de-47\\\/#breadcrumb\",\"itemListElement\":[{\"@type\":\"ListItem\",\"position\":1,\"name\":\"Acas\u0103\",\"item\":\"https:\\\/\\\/buletin.de\\\/bucuresti\\\/\"},{\"@type\":\"ListItem\",\"position\":2,\"name\":\"Noi promisiuni pentru Autostrada Bucure\u015ftiului: Gata \u00een 2026, de\u0219i pe o treime din cei 100 de kilometri nu a fost pus\u0103 nici prima lopat\u0103\"}]},{\"@type\":\"WebSite\",\"@id\":\"https:\\\/\\\/buletin.de\\\/bucuresti\\\/#website\",\"url\":\"https:\\\/\\\/buletin.de\\\/bucuresti\\\/\",\"name\":\"Buletin de Bucure\u0219ti\",\"description\":\"\u0218tiri \u0219i investiga\u021bii esen\u021biale din capital\u0103\",\"publisher\":{\"@id\":\"https:\\\/\\\/buletin.de\\\/bucuresti\\\/#organization\"},\"potentialAction\":[{\"@type\":\"SearchAction\",\"target\":{\"@type\":\"EntryPoint\",\"urlTemplate\":\"https:\\\/\\\/buletin.de\\\/bucuresti\\\/?s={search_term_string}\"},\"query-input\":{\"@type\":\"PropertyValueSpecification\",\"valueRequired\":true,\"valueName\":\"search_term_string\"}}],\"inLanguage\":\"en-GB\"},{\"@type\":\"Organization\",\"@id\":\"https:\\\/\\\/buletin.de\\\/bucuresti\\\/#organization\",\"name\":\"Buletin de Bucure\u0219ti\",\"url\":\"https:\\\/\\\/buletin.de\\\/bucuresti\\\/\",\"logo\":{\"@type\":\"ImageObject\",\"inLanguage\":\"en-GB\",\"@id\":\"https:\\\/\\\/buletin.de\\\/bucuresti\\\/#\\\/schema\\\/logo\\\/image\\\/\",\"url\":\"https:\\\/\\\/buletin.de\\\/bucuresti\\\/wp-content\\\/uploads\\\/logo-bdb-full-wide-vernil-transparent.png\",\"contentUrl\":\"https:\\\/\\\/buletin.de\\\/bucuresti\\\/wp-content\\\/uploads\\\/logo-bdb-full-wide-vernil-transparent.png\",\"width\":1782,\"height\":626,\"caption\":\"Buletin de Bucure\u0219ti\"},\"image\":{\"@id\":\"https:\\\/\\\/buletin.de\\\/bucuresti\\\/#\\\/schema\\\/logo\\\/image\\\/\"},\"sameAs\":[\"https:\\\/\\\/www.facebook.com\\\/buletin.de.buc\",\"https:\\\/\\\/www.instagram.com\\\/buletinde.bucuresti\\\/\"]},{\"@type\":\"Person\",\"@id\":\"https:\\\/\\\/buletin.de\\\/bucuresti\\\/#\\\/schema\\\/person\\\/31117187ed4d0bdb0a4c7d6acc79d0f8\",\"name\":\"C\u0103t\u0103lin Dosca\u0219\",\"image\":{\"@type\":\"ImageObject\",\"inLanguage\":\"en-GB\",\"@id\":\"https:\\\/\\\/buletin.de\\\/bucuresti\\\/wp-content\\\/uploads\\\/Catalin-Doscas-e1732731064764-96x96.jpga93e2943bb3b1c1f9ead823df6e6317a\",\"url\":\"https:\\\/\\\/buletin.de\\\/bucuresti\\\/wp-content\\\/uploads\\\/Catalin-Doscas-e1732731064764-96x96.jpg\",\"contentUrl\":\"https:\\\/\\\/buletin.de\\\/bucuresti\\\/wp-content\\\/uploads\\\/Catalin-Doscas-e1732731064764-96x96.jpg\",\"caption\":\"C\u0103t\u0103lin Dosca\u0219\"},\"description\":\"Reporter \u0219i redactor-\u0219ef Buletin de Bucure\u0219ti. Lucreaz\u0103 \u00een mass-media de la v\u00e2rsta de 15 ani, c\u00e2nd a publicat primele articole \u00een presa local\u0103 din Tecuci. \u00cen Bucure\u0219ti a lucrat \u00een redac\u021bii radio ca reporter, redactor \u0219i prezentator (StudentFM, Na\u021bionalFM, Radio Total, Smart FM), unde a acoperit domeniile politic, economic, social \u0219i externe. Ulterior, a fost editor-coordonator al postului Realitatea FM. Experien\u021ba \u00een jurnalismul online a dob\u00e2ndit-o la portalul B365.ro, unde a fost editor. \u00cen 2012 s-a angajat \u00een televiziune. La Realitatea TV a fost, pe r\u00e2nd, reporter la sec\u021bia Social, reporter special la emisiunea de reportaje \u0219i anchete \u201eReporterii Realit\u0103\u021bii\u201d, dar \u0219i editor al jurnalelor de \u0219tiri. Ulterior, a f\u0103cut parte din sec\u021bia de Investiga\u021bii de la Digi24 \u0219i a lucrat la campania \u201eRom\u00e2nia furat\u0103\u201d. A revenit \u00een presa scris\u0103 \u00een 2017, ca reporter special, \u00een cadrul unui proiect de repozi\u021bionare a tabloidului Libertatea \u00een cotidian generalist. Este jurnalist Buletin de Bucure\u0219ti din 2019.\",\"url\":\"https:\\\/\\\/buletin.de\\\/bucuresti\\\/author\\\/catalin\\\/\"}]}<\/script>\n<!-- \/ Yoast SEO Premium plugin. -->","yoast_head_json":{"title":"Noi promisiuni pentru Autostrada Bucure\u015ftiului: Gata \u00een 2026, de\u0219i pe o treime din cei 100 de kilometri nu a fost pus\u0103 nici prima lopat\u0103 - Buletin de Bucure\u0219ti","robots":{"index":"index","follow":"follow","max-snippet":"max-snippet:-1","max-image-preview":"max-image-preview:large","max-video-preview":"max-video-preview:-1"},"canonical":"https:\/\/buletin.de\/bucuresti\/seful-cnair-anunta-finalizarea-autostrazii-bucuresti-in-2026-pe-30-de-km-din-cei-aproape-100-nici-macar-nu-au-inceput-lucrarile-iar-pe-restul-santierelor-stadiul-fizic-este-de-47\/","og_locale":"en_GB","og_type":"article","og_title":"Noi promisiuni pentru Autostrada Bucure\u015ftiului: Gata \u00een 2026, de\u0219i pe o treime din cei 100 de kilometri nu a fost pus\u0103 nici prima lopat\u0103","og_description":"Autostrada Bucure\u015fti va fi dat\u0103 \u00een folosin\u0163\u0103 \u00een 2026, a spus directorul CNAIR, Cristian Pistol. Prezent la o vizit\u0103 de lucru pe segmentul A0 Sud, el l-a completat pe ministrul Transporturilor, Sorin Grindeanu, care a anun\u021bat c\u0103, de la 1 iunie 2024, se va circula de la Constan\u021ba la Pite\u0219ti, direct, \u00een regim de autostrad\u0103. [&hellip;]","og_url":"https:\/\/buletin.de\/bucuresti\/seful-cnair-anunta-finalizarea-autostrazii-bucuresti-in-2026-pe-30-de-km-din-cei-aproape-100-nici-macar-nu-au-inceput-lucrarile-iar-pe-restul-santierelor-stadiul-fizic-este-de-47\/","og_site_name":"Buletin de Bucure\u0219ti","article_publisher":"https:\/\/www.facebook.com\/buletin.de.buc","article_published_time":"2023-11-16T02:46:00+00:00","article_modified_time":"2023-11-16T13:36:52+00:00","og_image":[{"width":1563,"height":807,"url":"https:\/\/buletin.de\/bucuresti\/wp-content\/uploads\/cover-a0-1.jpg","type":"image\/jpeg"}],"author":"C\u0103t\u0103lin Dosca\u0219","twitter_card":"summary_large_image","twitter_misc":{"Written by":"C\u0103t\u0103lin Dosca\u0219","Estimated reading time":"2 minutes"},"schema":{"@context":"https:\/\/schema.org","@graph":[{"@type":"Article","@id":"https:\/\/buletin.de\/bucuresti\/seful-cnair-anunta-finalizarea-autostrazii-bucuresti-in-2026-pe-30-de-km-din-cei-aproape-100-nici-macar-nu-au-inceput-lucrarile-iar-pe-restul-santierelor-stadiul-fizic-este-de-47\/#article","isPartOf":{"@id":"https:\/\/buletin.de\/bucuresti\/seful-cnair-anunta-finalizarea-autostrazii-bucuresti-in-2026-pe-30-de-km-din-cei-aproape-100-nici-macar-nu-au-inceput-lucrarile-iar-pe-restul-santierelor-stadiul-fizic-este-de-47\/"},"author":{"name":"C\u0103t\u0103lin Dosca\u0219","@id":"https:\/\/buletin.de\/bucuresti\/#\/schema\/person\/31117187ed4d0bdb0a4c7d6acc79d0f8"},"headline":"Noi promisiuni pentru Autostrada Bucure\u015ftiului: Gata \u00een 2026, de\u0219i pe o treime din cei 100 de kilometri nu a fost pus\u0103 nici prima lopat\u0103","datePublished":"2023-11-16T02:46:00+00:00","dateModified":"2023-11-16T13:36:52+00:00","mainEntityOfPage":{"@id":"https:\/\/buletin.de\/bucuresti\/seful-cnair-anunta-finalizarea-autostrazii-bucuresti-in-2026-pe-30-de-km-din-cei-aproape-100-nici-macar-nu-au-inceput-lucrarile-iar-pe-restul-santierelor-stadiul-fizic-este-de-47\/"},"wordCount":448,"publisher":{"@id":"https:\/\/buletin.de\/bucuresti\/#organization"},"image":{"@id":"https:\/\/buletin.de\/bucuresti\/seful-cnair-anunta-finalizarea-autostrazii-bucuresti-in-2026-pe-30-de-km-din-cei-aproape-100-nici-macar-nu-au-inceput-lucrarile-iar-pe-restul-santierelor-stadiul-fizic-este-de-47\/#primaryimage"},"thumbnailUrl":"https:\/\/buletin.de\/bucuresti\/wp-content\/uploads\/cover-a0-1.jpg","articleSection":["Articole","Main","Transport"],"inLanguage":"en-GB","copyrightYear":"2023","copyrightHolder":{"@id":"https:\/\/buletin.de\/bucuresti\/#organization"}},{"@type":"WebPage","@id":"https:\/\/buletin.de\/bucuresti\/seful-cnair-anunta-finalizarea-autostrazii-bucuresti-in-2026-pe-30-de-km-din-cei-aproape-100-nici-macar-nu-au-inceput-lucrarile-iar-pe-restul-santierelor-stadiul-fizic-este-de-47\/","url":"https:\/\/buletin.de\/bucuresti\/seful-cnair-anunta-finalizarea-autostrazii-bucuresti-in-2026-pe-30-de-km-din-cei-aproape-100-nici-macar-nu-au-inceput-lucrarile-iar-pe-restul-santierelor-stadiul-fizic-este-de-47\/","name":"Noi promisiuni pentru Autostrada Bucure\u015ftiului: Gata \u00een 2026, de\u0219i pe o treime din cei 100 de kilometri nu a fost pus\u0103 nici prima lopat\u0103 - Buletin de Bucure\u0219ti","isPartOf":{"@id":"https:\/\/buletin.de\/bucuresti\/#website"},"primaryImageOfPage":{"@id":"https:\/\/buletin.de\/bucuresti\/seful-cnair-anunta-finalizarea-autostrazii-bucuresti-in-2026-pe-30-de-km-din-cei-aproape-100-nici-macar-nu-au-inceput-lucrarile-iar-pe-restul-santierelor-stadiul-fizic-este-de-47\/#primaryimage"},"image":{"@id":"https:\/\/buletin.de\/bucuresti\/seful-cnair-anunta-finalizarea-autostrazii-bucuresti-in-2026-pe-30-de-km-din-cei-aproape-100-nici-macar-nu-au-inceput-lucrarile-iar-pe-restul-santierelor-stadiul-fizic-este-de-47\/#primaryimage"},"thumbnailUrl":"https:\/\/buletin.de\/bucuresti\/wp-content\/uploads\/cover-a0-1.jpg","datePublished":"2023-11-16T02:46:00+00:00","dateModified":"2023-11-16T13:36:52+00:00","breadcrumb":{"@id":"https:\/\/buletin.de\/bucuresti\/seful-cnair-anunta-finalizarea-autostrazii-bucuresti-in-2026-pe-30-de-km-din-cei-aproape-100-nici-macar-nu-au-inceput-lucrarile-iar-pe-restul-santierelor-stadiul-fizic-este-de-47\/#breadcrumb"},"inLanguage":"en-GB","potentialAction":[{"@type":"ReadAction","target":["https:\/\/buletin.de\/bucuresti\/seful-cnair-anunta-finalizarea-autostrazii-bucuresti-in-2026-pe-30-de-km-din-cei-aproape-100-nici-macar-nu-au-inceput-lucrarile-iar-pe-restul-santierelor-stadiul-fizic-este-de-47\/"]}]},{"@type":"ImageObject","inLanguage":"en-GB","@id":"https:\/\/buletin.de\/bucuresti\/seful-cnair-anunta-finalizarea-autostrazii-bucuresti-in-2026-pe-30-de-km-din-cei-aproape-100-nici-macar-nu-au-inceput-lucrarile-iar-pe-restul-santierelor-stadiul-fizic-este-de-47\/#primaryimage","url":"https:\/\/buletin.de\/bucuresti\/wp-content\/uploads\/cover-a0-1.jpg","contentUrl":"https:\/\/buletin.de\/bucuresti\/wp-content\/uploads\/cover-a0-1.jpg","width":1563,"height":807},{"@type":"BreadcrumbList","@id":"https:\/\/buletin.de\/bucuresti\/seful-cnair-anunta-finalizarea-autostrazii-bucuresti-in-2026-pe-30-de-km-din-cei-aproape-100-nici-macar-nu-au-inceput-lucrarile-iar-pe-restul-santierelor-stadiul-fizic-este-de-47\/#breadcrumb","itemListElement":[{"@type":"ListItem","position":1,"name":"Acas\u0103","item":"https:\/\/buletin.de\/bucuresti\/"},{"@type":"ListItem","position":2,"name":"Noi promisiuni pentru Autostrada Bucure\u015ftiului: Gata \u00een 2026, de\u0219i pe o treime din cei 100 de kilometri nu a fost pus\u0103 nici prima lopat\u0103"}]},{"@type":"WebSite","@id":"https:\/\/buletin.de\/bucuresti\/#website","url":"https:\/\/buletin.de\/bucuresti\/","name":"Buletin de Bucure\u0219ti","description":"\u0218tiri \u0219i investiga\u021bii esen\u021biale din capital\u0103","publisher":{"@id":"https:\/\/buletin.de\/bucuresti\/#organization"},"potentialAction":[{"@type":"SearchAction","target":{"@type":"EntryPoint","urlTemplate":"https:\/\/buletin.de\/bucuresti\/?s={search_term_string}"},"query-input":{"@type":"PropertyValueSpecification","valueRequired":true,"valueName":"search_term_string"}}],"inLanguage":"en-GB"},{"@type":"Organization","@id":"https:\/\/buletin.de\/bucuresti\/#organization","name":"Buletin de Bucure\u0219ti","url":"https:\/\/buletin.de\/bucuresti\/","logo":{"@type":"ImageObject","inLanguage":"en-GB","@id":"https:\/\/buletin.de\/bucuresti\/#\/schema\/logo\/image\/","url":"https:\/\/buletin.de\/bucuresti\/wp-content\/uploads\/logo-bdb-full-wide-vernil-transparent.png","contentUrl":"https:\/\/buletin.de\/bucuresti\/wp-content\/uploads\/logo-bdb-full-wide-vernil-transparent.png","width":1782,"height":626,"caption":"Buletin de Bucure\u0219ti"},"image":{"@id":"https:\/\/buletin.de\/bucuresti\/#\/schema\/logo\/image\/"},"sameAs":["https:\/\/www.facebook.com\/buletin.de.buc","https:\/\/www.instagram.com\/buletinde.bucuresti\/"]},{"@type":"Person","@id":"https:\/\/buletin.de\/bucuresti\/#\/schema\/person\/31117187ed4d0bdb0a4c7d6acc79d0f8","name":"C\u0103t\u0103lin Dosca\u0219","image":{"@type":"ImageObject","inLanguage":"en-GB","@id":"https:\/\/buletin.de\/bucuresti\/wp-content\/uploads\/Catalin-Doscas-e1732731064764-96x96.jpga93e2943bb3b1c1f9ead823df6e6317a","url":"https:\/\/buletin.de\/bucuresti\/wp-content\/uploads\/Catalin-Doscas-e1732731064764-96x96.jpg","contentUrl":"https:\/\/buletin.de\/bucuresti\/wp-content\/uploads\/Catalin-Doscas-e1732731064764-96x96.jpg","caption":"C\u0103t\u0103lin Dosca\u0219"},"description":"Reporter \u0219i redactor-\u0219ef Buletin de Bucure\u0219ti. Lucreaz\u0103 \u00een mass-media de la v\u00e2rsta de 15 ani, c\u00e2nd a publicat primele articole \u00een presa local\u0103 din Tecuci. \u00cen Bucure\u0219ti a lucrat \u00een redac\u021bii radio ca reporter, redactor \u0219i prezentator (StudentFM, Na\u021bionalFM, Radio Total, Smart FM), unde a acoperit domeniile politic, economic, social \u0219i externe. Ulterior, a fost editor-coordonator al postului Realitatea FM. Experien\u021ba \u00een jurnalismul online a dob\u00e2ndit-o la portalul B365.ro, unde a fost editor. \u00cen 2012 s-a angajat \u00een televiziune. La Realitatea TV a fost, pe r\u00e2nd, reporter la sec\u021bia Social, reporter special la emisiunea de reportaje \u0219i anchete \u201eReporterii Realit\u0103\u021bii\u201d, dar \u0219i editor al jurnalelor de \u0219tiri. Ulterior, a f\u0103cut parte din sec\u021bia de Investiga\u021bii de la Digi24 \u0219i a lucrat la campania \u201eRom\u00e2nia furat\u0103\u201d. A revenit \u00een presa scris\u0103 \u00een 2017, ca reporter special, \u00een cadrul unui proiect de repozi\u021bionare a tabloidului Libertatea \u00een cotidian generalist. Este jurnalist Buletin de Bucure\u0219ti din 2019.","url":"https:\/\/buletin.de\/bucuresti\/author\/catalin\/"}]}},"authors":[{"term_id":22575,"user_id":10,"is_guest":0,"slug":"catalin","display_name":"C\u0103t\u0103lin Dosca\u0219","avatar_url":"https:\/\/buletin.de\/bucuresti\/wp-content\/uploads\/Catalin-Doscas-e1732731064764-96x96.jpg","0":null,"1":"","2":"","3":"","4":"","5":"","6":"","7":"","8":""}],"_links":{"self":[{"href":"https:\/\/buletin.de\/bucuresti\/wp-json\/wp\/v2\/posts\/69014","targetHints":{"allow":["GET"]}}],"collection":[{"href":"https:\/\/buletin.de\/bucuresti\/wp-json\/wp\/v2\/posts"}],"about":[{"href":"https:\/\/buletin.de\/bucuresti\/wp-json\/wp\/v2\/types\/post"}],"author":[{"embeddable":true,"href":"https:\/\/buletin.de\/bucuresti\/wp-json\/wp\/v2\/users\/10"}],"replies":[{"embeddable":true,"href":"https:\/\/buletin.de\/bucuresti\/wp-json\/wp\/v2\/comments?post=69014"}],"version-history":[{"count":3,"href":"https:\/\/buletin.de\/bucuresti\/wp-json\/wp\/v2\/posts\/69014\/revisions"}],"predecessor-version":[{"id":69022,"href":"https:\/\/buletin.de\/bucuresti\/wp-json\/wp\/v2\/posts\/69014\/revisions\/69022"}],"wp:featuredmedia":[{"embeddable":true,"href":"https:\/\/buletin.de\/bucuresti\/wp-json\/wp\/v2\/media\/65948"}],"wp:attachment":[{"href":"https:\/\/buletin.de\/bucuresti\/wp-json\/wp\/v2\/media?parent=69014"}],"wp:term":[{"taxonomy":"category","embeddable":true,"href":"https:\/\/buletin.de\/bucuresti\/wp-json\/wp\/v2\/categories?post=69014"},{"taxonomy":"post_tag","embeddable":true,"href":"https:\/\/buletin.de\/bucuresti\/wp-json\/wp\/v2\/tags?post=69014"},{"taxonomy":"author","embeddable":true,"href":"https:\/\/buletin.de\/bucuresti\/wp-json\/wp\/v2\/ppma_author?post=69014"}],"curies":[{"name":"wp","href":"https:\/\/api.w.org\/{rel}","templated":true}]}}