{"id":68945,"date":"2023-11-15T13:08:30","date_gmt":"2023-11-15T11:08:30","guid":{"rendered":"https:\/\/buletin.de\/bucuresti\/?p=68945"},"modified":"2023-11-15T15:30:56","modified_gmt":"2023-11-15T13:30:56","slug":"perchezitii-intr-un-dosar-cu-prejudiciu-de-1-3-milioane-de-euro-suspectii-vindeau-pe-internet-produse-de-lux-furate-din-italia","status":"publish","type":"post","link":"https:\/\/buletin.de\/bucuresti\/perchezitii-intr-un-dosar-cu-prejudiciu-de-1-3-milioane-de-euro-suspectii-vindeau-pe-internet-produse-de-lux-furate-din-italia\/","title":{"rendered":"T\u0103inuire de 1.3 milioane de euro. Produse de lux furate din Italia, pl\u00e2ngere f\u0103cut\u0103 de casa de mod\u0103 Gucci"},"content":{"rendered":"\n<p><strong>Doi so\u0163i (b\u0103rbat 45 de ani, femeie 36) au fost re\u0163inu\u0163i \u00eentr-un dosar de t\u0103inuire. Sunt acuza\u0163i c\u0103 ascundeau haine scumpe, \u00eenc\u0103l\u0163\u0103minte \u015fi bijuterii, furate din Italia. \u00cencercau s\u0103 le v\u00e2nd\u0103 pe Internet.<\/strong> <strong>Conform surselor Buletin de Bucure\u015fti, pl\u00e2ngerea \u00een acest dosar a fost f\u0103cut\u0103 de un reprezentant legal al Gucci.<\/strong><\/p>\n\n\n\n<p>Poli\u0163i\u015ftii au f\u0103cut perchezi\u0163ii la dou\u0103 adrese din Bucure\u015fti \u00een acest dosar, unde au g\u0103sit 2000 de produse ale unor brand-uri de lux presupus furate (cu o valoare estimat\u0103 de 400.000 euro), dar \u015fi un autoturism de lux, telefoane mobile \u015fi medii de stocare cu informa\u0163ii utile pentru anchet\u0103. Totodat\u0103, anchetatorii au ridicat, pentru anchet\u0103, \u015fi suma de 9000 de euro de la adresele celor doi.<\/p>\n\n\n\n<p>Furturile ar fi fost comise \u00eentre octombrie 2021 \u015fi martie 2023, iar o parte din produsele de lux ar fi ajuns pe teritoriul \u0163\u0103rii noastre. Produsele ar fi trebuit s\u0103 fie v\u00e2ndute pe site-uri de profil, de cei doi so\u0163i care erau cunoscu\u0163i de poli\u0163i\u015fti ca av\u00e2nd un trecut infrac\u0163ional.<\/p>\n\n\n\n<p><em>Probatoriul administrat a relevat faptul c\u0103, \u00eencep\u00e2nd cu anul 2021, cei doi \u0219i-ar fi creat mai multe profiluri cu date de identificare fictive, prin intermediul acestora av\u00e2nd expuse, spre v\u00e2nzare, \u0219i totodat\u0103, \u00eenregistrate \u00een istoric, tranzac\u021bii cu produse despre care exist\u0103 b\u0103nuiala rezonabil\u0103 c\u0103 fac parte dintre cele reclamate ca fiind sustrase, de pe teritoriul Italiei<\/em>, arat\u0103 comunicatul Poli\u0163iei. <br>Cercet\u0103rile sunt continuate de c\u0103tre poli\u021bi\u0219ti din cadrul Serviciului de Investiga\u021bii Criminale, sub supravegherea Parchetului de pe l\u00e2ng\u0103 Tribunalul Bucure\u0219ti.<br><\/p>\n","protected":false},"excerpt":{"rendered":"<p>Doi so\u0163i (b\u0103rbat 45 de ani, femeie 36) au fost re\u0163inu\u0163i \u00eentr-un dosar de t\u0103inuire. Sunt acuza\u0163i c\u0103 ascundeau haine scumpe, \u00eenc\u0103l\u0163\u0103minte \u015fi bijuterii, furate din Italia. \u00cencercau s\u0103 le v\u00e2nd\u0103 pe Internet. Conform surselor Buletin de Bucure\u015fti, pl\u00e2ngerea \u00een acest dosar a fost f\u0103cut\u0103 de un reprezentant legal al Gucci. Poli\u0163i\u015ftii au f\u0103cut perchezi\u0163ii [&hellip;]<\/p>\n","protected":false},"author":8,"featured_media":68946,"comment_status":"closed","ping_status":"open","sticky":false,"template":"","format":"standard","meta":{"_acf_changed":false,"inline_featured_image":false,"ngg_post_thumbnail":0,"footnotes":""},"categories":[6994,62],"tags":[1571,7794,7795,7797,7796],"ppma_author":[22586],"class_list":["post-68945","post","type-post","status-publish","format-standard","has-post-thumbnail","hentry","category-stiri-2","category-stiri","tag-furt","tag-gucci","tag-haine-lux","tag-haine-lux-internet","tag-perchezitii-hoti"],"acf":[],"yoast_head":"<!-- This site is optimized with the Yoast SEO Premium plugin v25.3 (Yoast SEO v27.4) - https:\/\/yoast.com\/product\/yoast-seo-premium-wordpress\/ -->\n<title>T\u0103inuire de 1.3 milioane de euro. Produse de lux furate din Italia, pl\u00e2ngere f\u0103cut\u0103 de casa de mod\u0103 Gucci - Buletin de Bucure\u0219ti<\/title>\n<meta name=\"robots\" content=\"index, follow, max-snippet:-1, max-image-preview:large, max-video-preview:-1\" \/>\n<link rel=\"canonical\" href=\"https:\/\/buletin.de\/bucuresti\/perchezitii-intr-un-dosar-cu-prejudiciu-de-1-3-milioane-de-euro-suspectii-vindeau-pe-internet-produse-de-lux-furate-din-italia\/\" \/>\n<meta property=\"og:locale\" content=\"en_GB\" \/>\n<meta property=\"og:type\" content=\"article\" \/>\n<meta property=\"og:title\" content=\"T\u0103inuire de 1.3 milioane de euro. Produse de lux furate din Italia, pl\u00e2ngere f\u0103cut\u0103 de casa de mod\u0103 Gucci\" \/>\n<meta property=\"og:description\" content=\"Doi so\u0163i (b\u0103rbat 45 de ani, femeie 36) au fost re\u0163inu\u0163i \u00eentr-un dosar de t\u0103inuire. Sunt acuza\u0163i c\u0103 ascundeau haine scumpe, \u00eenc\u0103l\u0163\u0103minte \u015fi bijuterii, furate din Italia. \u00cencercau s\u0103 le v\u00e2nd\u0103 pe Internet. Conform surselor Buletin de Bucure\u015fti, pl\u00e2ngerea \u00een acest dosar a fost f\u0103cut\u0103 de un reprezentant legal al Gucci. Poli\u0163i\u015ftii au f\u0103cut perchezi\u0163ii [&hellip;]\" \/>\n<meta property=\"og:url\" content=\"https:\/\/buletin.de\/bucuresti\/perchezitii-intr-un-dosar-cu-prejudiciu-de-1-3-milioane-de-euro-suspectii-vindeau-pe-internet-produse-de-lux-furate-din-italia\/\" \/>\n<meta property=\"og:site_name\" content=\"Buletin de Bucure\u0219ti\" \/>\n<meta property=\"article:publisher\" content=\"https:\/\/www.facebook.com\/buletin.de.buc\" \/>\n<meta property=\"article:published_time\" content=\"2023-11-15T11:08:30+00:00\" \/>\n<meta property=\"article:modified_time\" content=\"2023-11-15T13:30:56+00:00\" \/>\n<meta property=\"og:image\" content=\"https:\/\/buletin.de\/bucuresti\/wp-content\/uploads\/qoor1wzj62a.jpg\" \/>\n\t<meta property=\"og:image:width\" content=\"960\" \/>\n\t<meta property=\"og:image:height\" content=\"1200\" \/>\n\t<meta property=\"og:image:type\" content=\"image\/jpeg\" \/>\n<meta name=\"author\" content=\"Ionu\u021b Lepa\" \/>\n<meta name=\"twitter:card\" content=\"summary_large_image\" \/>\n<meta name=\"twitter:label1\" content=\"Written by\" \/>\n\t<meta name=\"twitter:data1\" content=\"Ionu\u021b Lepa\" \/>\n\t<meta name=\"twitter:label2\" content=\"Estimated reading time\" \/>\n\t<meta name=\"twitter:data2\" content=\"1 minute\" \/>\n<script type=\"application\/ld+json\" class=\"yoast-schema-graph\">{\"@context\":\"https:\\\/\\\/schema.org\",\"@graph\":[{\"@type\":\"Article\",\"@id\":\"https:\\\/\\\/buletin.de\\\/bucuresti\\\/perchezitii-intr-un-dosar-cu-prejudiciu-de-1-3-milioane-de-euro-suspectii-vindeau-pe-internet-produse-de-lux-furate-din-italia\\\/#article\",\"isPartOf\":{\"@id\":\"https:\\\/\\\/buletin.de\\\/bucuresti\\\/perchezitii-intr-un-dosar-cu-prejudiciu-de-1-3-milioane-de-euro-suspectii-vindeau-pe-internet-produse-de-lux-furate-din-italia\\\/\"},\"author\":{\"name\":\"Ionu\u021b Lepa\",\"@id\":\"https:\\\/\\\/buletin.de\\\/bucuresti\\\/#\\\/schema\\\/person\\\/5272b8a057b33890940b57b837fc4ce6\"},\"headline\":\"T\u0103inuire de 1.3 milioane de euro. Produse de lux furate din Italia, pl\u00e2ngere f\u0103cut\u0103 de casa de mod\u0103 Gucci\",\"datePublished\":\"2023-11-15T11:08:30+00:00\",\"dateModified\":\"2023-11-15T13:30:56+00:00\",\"mainEntityOfPage\":{\"@id\":\"https:\\\/\\\/buletin.de\\\/bucuresti\\\/perchezitii-intr-un-dosar-cu-prejudiciu-de-1-3-milioane-de-euro-suspectii-vindeau-pe-internet-produse-de-lux-furate-din-italia\\\/\"},\"wordCount\":298,\"publisher\":{\"@id\":\"https:\\\/\\\/buletin.de\\\/bucuresti\\\/#organization\"},\"image\":{\"@id\":\"https:\\\/\\\/buletin.de\\\/bucuresti\\\/perchezitii-intr-un-dosar-cu-prejudiciu-de-1-3-milioane-de-euro-suspectii-vindeau-pe-internet-produse-de-lux-furate-din-italia\\\/#primaryimage\"},\"thumbnailUrl\":\"https:\\\/\\\/buletin.de\\\/bucuresti\\\/wp-content\\\/uploads\\\/qoor1wzj62a.jpg\",\"keywords\":[\"furt\",\"gucci\",\"haine lux\",\"haine lux internet\",\"perchezitii hoti\"],\"articleSection\":[\"Articole\",\"\u0218tiri\"],\"inLanguage\":\"en-GB\",\"copyrightYear\":\"2023\",\"copyrightHolder\":{\"@id\":\"https:\\\/\\\/buletin.de\\\/bucuresti\\\/#organization\"}},{\"@type\":\"WebPage\",\"@id\":\"https:\\\/\\\/buletin.de\\\/bucuresti\\\/perchezitii-intr-un-dosar-cu-prejudiciu-de-1-3-milioane-de-euro-suspectii-vindeau-pe-internet-produse-de-lux-furate-din-italia\\\/\",\"url\":\"https:\\\/\\\/buletin.de\\\/bucuresti\\\/perchezitii-intr-un-dosar-cu-prejudiciu-de-1-3-milioane-de-euro-suspectii-vindeau-pe-internet-produse-de-lux-furate-din-italia\\\/\",\"name\":\"T\u0103inuire de 1.3 milioane de euro. Produse de lux furate din Italia, pl\u00e2ngere f\u0103cut\u0103 de casa de mod\u0103 Gucci - Buletin de Bucure\u0219ti\",\"isPartOf\":{\"@id\":\"https:\\\/\\\/buletin.de\\\/bucuresti\\\/#website\"},\"primaryImageOfPage\":{\"@id\":\"https:\\\/\\\/buletin.de\\\/bucuresti\\\/perchezitii-intr-un-dosar-cu-prejudiciu-de-1-3-milioane-de-euro-suspectii-vindeau-pe-internet-produse-de-lux-furate-din-italia\\\/#primaryimage\"},\"image\":{\"@id\":\"https:\\\/\\\/buletin.de\\\/bucuresti\\\/perchezitii-intr-un-dosar-cu-prejudiciu-de-1-3-milioane-de-euro-suspectii-vindeau-pe-internet-produse-de-lux-furate-din-italia\\\/#primaryimage\"},\"thumbnailUrl\":\"https:\\\/\\\/buletin.de\\\/bucuresti\\\/wp-content\\\/uploads\\\/qoor1wzj62a.jpg\",\"datePublished\":\"2023-11-15T11:08:30+00:00\",\"dateModified\":\"2023-11-15T13:30:56+00:00\",\"breadcrumb\":{\"@id\":\"https:\\\/\\\/buletin.de\\\/bucuresti\\\/perchezitii-intr-un-dosar-cu-prejudiciu-de-1-3-milioane-de-euro-suspectii-vindeau-pe-internet-produse-de-lux-furate-din-italia\\\/#breadcrumb\"},\"inLanguage\":\"en-GB\",\"potentialAction\":[{\"@type\":\"ReadAction\",\"target\":[\"https:\\\/\\\/buletin.de\\\/bucuresti\\\/perchezitii-intr-un-dosar-cu-prejudiciu-de-1-3-milioane-de-euro-suspectii-vindeau-pe-internet-produse-de-lux-furate-din-italia\\\/\"]}]},{\"@type\":\"ImageObject\",\"inLanguage\":\"en-GB\",\"@id\":\"https:\\\/\\\/buletin.de\\\/bucuresti\\\/perchezitii-intr-un-dosar-cu-prejudiciu-de-1-3-milioane-de-euro-suspectii-vindeau-pe-internet-produse-de-lux-furate-din-italia\\\/#primaryimage\",\"url\":\"https:\\\/\\\/buletin.de\\\/bucuresti\\\/wp-content\\\/uploads\\\/qoor1wzj62a.jpg\",\"contentUrl\":\"https:\\\/\\\/buletin.de\\\/bucuresti\\\/wp-content\\\/uploads\\\/qoor1wzj62a.jpg\",\"width\":960,\"height\":1200,\"caption\":\"sursa: unsplash.com\"},{\"@type\":\"BreadcrumbList\",\"@id\":\"https:\\\/\\\/buletin.de\\\/bucuresti\\\/perchezitii-intr-un-dosar-cu-prejudiciu-de-1-3-milioane-de-euro-suspectii-vindeau-pe-internet-produse-de-lux-furate-din-italia\\\/#breadcrumb\",\"itemListElement\":[{\"@type\":\"ListItem\",\"position\":1,\"name\":\"Acas\u0103\",\"item\":\"https:\\\/\\\/buletin.de\\\/bucuresti\\\/\"},{\"@type\":\"ListItem\",\"position\":2,\"name\":\"T\u0103inuire de 1.3 milioane de euro. Produse de lux furate din Italia, pl\u00e2ngere f\u0103cut\u0103 de casa de mod\u0103 Gucci\"}]},{\"@type\":\"WebSite\",\"@id\":\"https:\\\/\\\/buletin.de\\\/bucuresti\\\/#website\",\"url\":\"https:\\\/\\\/buletin.de\\\/bucuresti\\\/\",\"name\":\"Buletin de Bucure\u0219ti\",\"description\":\"\u0218tiri \u0219i investiga\u021bii esen\u021biale din capital\u0103\",\"publisher\":{\"@id\":\"https:\\\/\\\/buletin.de\\\/bucuresti\\\/#organization\"},\"potentialAction\":[{\"@type\":\"SearchAction\",\"target\":{\"@type\":\"EntryPoint\",\"urlTemplate\":\"https:\\\/\\\/buletin.de\\\/bucuresti\\\/?s={search_term_string}\"},\"query-input\":{\"@type\":\"PropertyValueSpecification\",\"valueRequired\":true,\"valueName\":\"search_term_string\"}}],\"inLanguage\":\"en-GB\"},{\"@type\":\"Organization\",\"@id\":\"https:\\\/\\\/buletin.de\\\/bucuresti\\\/#organization\",\"name\":\"Buletin de Bucure\u0219ti\",\"url\":\"https:\\\/\\\/buletin.de\\\/bucuresti\\\/\",\"logo\":{\"@type\":\"ImageObject\",\"inLanguage\":\"en-GB\",\"@id\":\"https:\\\/\\\/buletin.de\\\/bucuresti\\\/#\\\/schema\\\/logo\\\/image\\\/\",\"url\":\"https:\\\/\\\/buletin.de\\\/bucuresti\\\/wp-content\\\/uploads\\\/logo-bdb-full-wide-vernil-transparent.png\",\"contentUrl\":\"https:\\\/\\\/buletin.de\\\/bucuresti\\\/wp-content\\\/uploads\\\/logo-bdb-full-wide-vernil-transparent.png\",\"width\":1782,\"height\":626,\"caption\":\"Buletin de Bucure\u0219ti\"},\"image\":{\"@id\":\"https:\\\/\\\/buletin.de\\\/bucuresti\\\/#\\\/schema\\\/logo\\\/image\\\/\"},\"sameAs\":[\"https:\\\/\\\/www.facebook.com\\\/buletin.de.buc\",\"https:\\\/\\\/www.instagram.com\\\/buletinde.bucuresti\\\/\"]},{\"@type\":\"Person\",\"@id\":\"https:\\\/\\\/buletin.de\\\/bucuresti\\\/#\\\/schema\\\/person\\\/5272b8a057b33890940b57b837fc4ce6\",\"name\":\"Ionu\u021b Lepa\",\"image\":{\"@type\":\"ImageObject\",\"inLanguage\":\"en-GB\",\"@id\":\"https:\\\/\\\/buletin.de\\\/bucuresti\\\/wp-content\\\/uploads\\\/Ionut-Lepa-96x96.jpg5c4e4d9e049808799a8821652d2410a4\",\"url\":\"https:\\\/\\\/buletin.de\\\/bucuresti\\\/wp-content\\\/uploads\\\/Ionut-Lepa-96x96.jpg\",\"contentUrl\":\"https:\\\/\\\/buletin.de\\\/bucuresti\\\/wp-content\\\/uploads\\\/Ionut-Lepa-96x96.jpg\",\"caption\":\"Ionu\u021b Lepa\"},\"url\":\"https:\\\/\\\/buletin.de\\\/bucuresti\\\/author\\\/ionutlepa\\\/\"}]}<\/script>\n<!-- \/ Yoast SEO Premium plugin. -->","yoast_head_json":{"title":"T\u0103inuire de 1.3 milioane de euro. Produse de lux furate din Italia, pl\u00e2ngere f\u0103cut\u0103 de casa de mod\u0103 Gucci - Buletin de Bucure\u0219ti","robots":{"index":"index","follow":"follow","max-snippet":"max-snippet:-1","max-image-preview":"max-image-preview:large","max-video-preview":"max-video-preview:-1"},"canonical":"https:\/\/buletin.de\/bucuresti\/perchezitii-intr-un-dosar-cu-prejudiciu-de-1-3-milioane-de-euro-suspectii-vindeau-pe-internet-produse-de-lux-furate-din-italia\/","og_locale":"en_GB","og_type":"article","og_title":"T\u0103inuire de 1.3 milioane de euro. Produse de lux furate din Italia, pl\u00e2ngere f\u0103cut\u0103 de casa de mod\u0103 Gucci","og_description":"Doi so\u0163i (b\u0103rbat 45 de ani, femeie 36) au fost re\u0163inu\u0163i \u00eentr-un dosar de t\u0103inuire. Sunt acuza\u0163i c\u0103 ascundeau haine scumpe, \u00eenc\u0103l\u0163\u0103minte \u015fi bijuterii, furate din Italia. \u00cencercau s\u0103 le v\u00e2nd\u0103 pe Internet. Conform surselor Buletin de Bucure\u015fti, pl\u00e2ngerea \u00een acest dosar a fost f\u0103cut\u0103 de un reprezentant legal al Gucci. Poli\u0163i\u015ftii au f\u0103cut perchezi\u0163ii [&hellip;]","og_url":"https:\/\/buletin.de\/bucuresti\/perchezitii-intr-un-dosar-cu-prejudiciu-de-1-3-milioane-de-euro-suspectii-vindeau-pe-internet-produse-de-lux-furate-din-italia\/","og_site_name":"Buletin de Bucure\u0219ti","article_publisher":"https:\/\/www.facebook.com\/buletin.de.buc","article_published_time":"2023-11-15T11:08:30+00:00","article_modified_time":"2023-11-15T13:30:56+00:00","og_image":[{"width":960,"height":1200,"url":"https:\/\/buletin.de\/bucuresti\/wp-content\/uploads\/qoor1wzj62a.jpg","type":"image\/jpeg"}],"author":"Ionu\u021b Lepa","twitter_card":"summary_large_image","twitter_misc":{"Written by":"Ionu\u021b Lepa","Estimated reading time":"1 minute"},"schema":{"@context":"https:\/\/schema.org","@graph":[{"@type":"Article","@id":"https:\/\/buletin.de\/bucuresti\/perchezitii-intr-un-dosar-cu-prejudiciu-de-1-3-milioane-de-euro-suspectii-vindeau-pe-internet-produse-de-lux-furate-din-italia\/#article","isPartOf":{"@id":"https:\/\/buletin.de\/bucuresti\/perchezitii-intr-un-dosar-cu-prejudiciu-de-1-3-milioane-de-euro-suspectii-vindeau-pe-internet-produse-de-lux-furate-din-italia\/"},"author":{"name":"Ionu\u021b Lepa","@id":"https:\/\/buletin.de\/bucuresti\/#\/schema\/person\/5272b8a057b33890940b57b837fc4ce6"},"headline":"T\u0103inuire de 1.3 milioane de euro. Produse de lux furate din Italia, pl\u00e2ngere f\u0103cut\u0103 de casa de mod\u0103 Gucci","datePublished":"2023-11-15T11:08:30+00:00","dateModified":"2023-11-15T13:30:56+00:00","mainEntityOfPage":{"@id":"https:\/\/buletin.de\/bucuresti\/perchezitii-intr-un-dosar-cu-prejudiciu-de-1-3-milioane-de-euro-suspectii-vindeau-pe-internet-produse-de-lux-furate-din-italia\/"},"wordCount":298,"publisher":{"@id":"https:\/\/buletin.de\/bucuresti\/#organization"},"image":{"@id":"https:\/\/buletin.de\/bucuresti\/perchezitii-intr-un-dosar-cu-prejudiciu-de-1-3-milioane-de-euro-suspectii-vindeau-pe-internet-produse-de-lux-furate-din-italia\/#primaryimage"},"thumbnailUrl":"https:\/\/buletin.de\/bucuresti\/wp-content\/uploads\/qoor1wzj62a.jpg","keywords":["furt","gucci","haine lux","haine lux internet","perchezitii hoti"],"articleSection":["Articole","\u0218tiri"],"inLanguage":"en-GB","copyrightYear":"2023","copyrightHolder":{"@id":"https:\/\/buletin.de\/bucuresti\/#organization"}},{"@type":"WebPage","@id":"https:\/\/buletin.de\/bucuresti\/perchezitii-intr-un-dosar-cu-prejudiciu-de-1-3-milioane-de-euro-suspectii-vindeau-pe-internet-produse-de-lux-furate-din-italia\/","url":"https:\/\/buletin.de\/bucuresti\/perchezitii-intr-un-dosar-cu-prejudiciu-de-1-3-milioane-de-euro-suspectii-vindeau-pe-internet-produse-de-lux-furate-din-italia\/","name":"T\u0103inuire de 1.3 milioane de euro. Produse de lux furate din Italia, pl\u00e2ngere f\u0103cut\u0103 de casa de mod\u0103 Gucci - Buletin de Bucure\u0219ti","isPartOf":{"@id":"https:\/\/buletin.de\/bucuresti\/#website"},"primaryImageOfPage":{"@id":"https:\/\/buletin.de\/bucuresti\/perchezitii-intr-un-dosar-cu-prejudiciu-de-1-3-milioane-de-euro-suspectii-vindeau-pe-internet-produse-de-lux-furate-din-italia\/#primaryimage"},"image":{"@id":"https:\/\/buletin.de\/bucuresti\/perchezitii-intr-un-dosar-cu-prejudiciu-de-1-3-milioane-de-euro-suspectii-vindeau-pe-internet-produse-de-lux-furate-din-italia\/#primaryimage"},"thumbnailUrl":"https:\/\/buletin.de\/bucuresti\/wp-content\/uploads\/qoor1wzj62a.jpg","datePublished":"2023-11-15T11:08:30+00:00","dateModified":"2023-11-15T13:30:56+00:00","breadcrumb":{"@id":"https:\/\/buletin.de\/bucuresti\/perchezitii-intr-un-dosar-cu-prejudiciu-de-1-3-milioane-de-euro-suspectii-vindeau-pe-internet-produse-de-lux-furate-din-italia\/#breadcrumb"},"inLanguage":"en-GB","potentialAction":[{"@type":"ReadAction","target":["https:\/\/buletin.de\/bucuresti\/perchezitii-intr-un-dosar-cu-prejudiciu-de-1-3-milioane-de-euro-suspectii-vindeau-pe-internet-produse-de-lux-furate-din-italia\/"]}]},{"@type":"ImageObject","inLanguage":"en-GB","@id":"https:\/\/buletin.de\/bucuresti\/perchezitii-intr-un-dosar-cu-prejudiciu-de-1-3-milioane-de-euro-suspectii-vindeau-pe-internet-produse-de-lux-furate-din-italia\/#primaryimage","url":"https:\/\/buletin.de\/bucuresti\/wp-content\/uploads\/qoor1wzj62a.jpg","contentUrl":"https:\/\/buletin.de\/bucuresti\/wp-content\/uploads\/qoor1wzj62a.jpg","width":960,"height":1200,"caption":"sursa: unsplash.com"},{"@type":"BreadcrumbList","@id":"https:\/\/buletin.de\/bucuresti\/perchezitii-intr-un-dosar-cu-prejudiciu-de-1-3-milioane-de-euro-suspectii-vindeau-pe-internet-produse-de-lux-furate-din-italia\/#breadcrumb","itemListElement":[{"@type":"ListItem","position":1,"name":"Acas\u0103","item":"https:\/\/buletin.de\/bucuresti\/"},{"@type":"ListItem","position":2,"name":"T\u0103inuire de 1.3 milioane de euro. Produse de lux furate din Italia, pl\u00e2ngere f\u0103cut\u0103 de casa de mod\u0103 Gucci"}]},{"@type":"WebSite","@id":"https:\/\/buletin.de\/bucuresti\/#website","url":"https:\/\/buletin.de\/bucuresti\/","name":"Buletin de Bucure\u0219ti","description":"\u0218tiri \u0219i investiga\u021bii esen\u021biale din capital\u0103","publisher":{"@id":"https:\/\/buletin.de\/bucuresti\/#organization"},"potentialAction":[{"@type":"SearchAction","target":{"@type":"EntryPoint","urlTemplate":"https:\/\/buletin.de\/bucuresti\/?s={search_term_string}"},"query-input":{"@type":"PropertyValueSpecification","valueRequired":true,"valueName":"search_term_string"}}],"inLanguage":"en-GB"},{"@type":"Organization","@id":"https:\/\/buletin.de\/bucuresti\/#organization","name":"Buletin de Bucure\u0219ti","url":"https:\/\/buletin.de\/bucuresti\/","logo":{"@type":"ImageObject","inLanguage":"en-GB","@id":"https:\/\/buletin.de\/bucuresti\/#\/schema\/logo\/image\/","url":"https:\/\/buletin.de\/bucuresti\/wp-content\/uploads\/logo-bdb-full-wide-vernil-transparent.png","contentUrl":"https:\/\/buletin.de\/bucuresti\/wp-content\/uploads\/logo-bdb-full-wide-vernil-transparent.png","width":1782,"height":626,"caption":"Buletin de Bucure\u0219ti"},"image":{"@id":"https:\/\/buletin.de\/bucuresti\/#\/schema\/logo\/image\/"},"sameAs":["https:\/\/www.facebook.com\/buletin.de.buc","https:\/\/www.instagram.com\/buletinde.bucuresti\/"]},{"@type":"Person","@id":"https:\/\/buletin.de\/bucuresti\/#\/schema\/person\/5272b8a057b33890940b57b837fc4ce6","name":"Ionu\u021b Lepa","image":{"@type":"ImageObject","inLanguage":"en-GB","@id":"https:\/\/buletin.de\/bucuresti\/wp-content\/uploads\/Ionut-Lepa-96x96.jpg5c4e4d9e049808799a8821652d2410a4","url":"https:\/\/buletin.de\/bucuresti\/wp-content\/uploads\/Ionut-Lepa-96x96.jpg","contentUrl":"https:\/\/buletin.de\/bucuresti\/wp-content\/uploads\/Ionut-Lepa-96x96.jpg","caption":"Ionu\u021b Lepa"},"url":"https:\/\/buletin.de\/bucuresti\/author\/ionutlepa\/"}]}},"authors":[{"term_id":22586,"user_id":8,"is_guest":0,"slug":"ionutlepa","display_name":"Ionu\u021b Lepa","avatar_url":"https:\/\/buletin.de\/bucuresti\/wp-content\/uploads\/Ionut-Lepa-96x96.jpg","0":null,"1":"","2":"","3":"","4":"","5":"","6":"","7":"","8":""}],"_links":{"self":[{"href":"https:\/\/buletin.de\/bucuresti\/wp-json\/wp\/v2\/posts\/68945","targetHints":{"allow":["GET"]}}],"collection":[{"href":"https:\/\/buletin.de\/bucuresti\/wp-json\/wp\/v2\/posts"}],"about":[{"href":"https:\/\/buletin.de\/bucuresti\/wp-json\/wp\/v2\/types\/post"}],"author":[{"embeddable":true,"href":"https:\/\/buletin.de\/bucuresti\/wp-json\/wp\/v2\/users\/8"}],"replies":[{"embeddable":true,"href":"https:\/\/buletin.de\/bucuresti\/wp-json\/wp\/v2\/comments?post=68945"}],"version-history":[{"count":4,"href":"https:\/\/buletin.de\/bucuresti\/wp-json\/wp\/v2\/posts\/68945\/revisions"}],"predecessor-version":[{"id":68966,"href":"https:\/\/buletin.de\/bucuresti\/wp-json\/wp\/v2\/posts\/68945\/revisions\/68966"}],"wp:featuredmedia":[{"embeddable":true,"href":"https:\/\/buletin.de\/bucuresti\/wp-json\/wp\/v2\/media\/68946"}],"wp:attachment":[{"href":"https:\/\/buletin.de\/bucuresti\/wp-json\/wp\/v2\/media?parent=68945"}],"wp:term":[{"taxonomy":"category","embeddable":true,"href":"https:\/\/buletin.de\/bucuresti\/wp-json\/wp\/v2\/categories?post=68945"},{"taxonomy":"post_tag","embeddable":true,"href":"https:\/\/buletin.de\/bucuresti\/wp-json\/wp\/v2\/tags?post=68945"},{"taxonomy":"author","embeddable":true,"href":"https:\/\/buletin.de\/bucuresti\/wp-json\/wp\/v2\/ppma_author?post=68945"}],"curies":[{"name":"wp","href":"https:\/\/api.w.org\/{rel}","templated":true}]}}